{"id":23926,"date":"2024-05-30T17:00:51","date_gmt":"2024-05-30T15:00:51","guid":{"rendered":"https:\/\/about.fb.com\/fr\/?p=23926"},"modified":"2024-05-30T17:00:51","modified_gmt":"2024-05-30T15:00:51","slug":"meta-poursuit-ses-ateliers-dinitiation-a-lintelligence-artificielle-generative-dans-la-region-lyonnaise","status":"publish","type":"post","link":"https:\/\/about.fb.com\/fr\/news\/2024\/05\/meta-poursuit-ses-ateliers-dinitiation-a-lintelligence-artificielle-generative-dans-la-region-lyonnaise\/","title":{"rendered":"Meta poursuit ses ateliers d\u2019initiation \u00e0 l\u2019Intelligence artificielle g\u00e9n\u00e9rative dans la r\u00e9gion lyonnaise"},"content":{"rendered":"<p><span style=\"font-weight: 400\">Meta et Simplon.co, entreprise sociale et solidaire de formation au num\u00e9rique, lancent aujourd\u2019hui dans la r\u00e9gion lyonnaise leurs Ateliers d\u2019initiation \u00e0 l\u2019Intelligence artificielle g\u00e9n\u00e9rative, en partenariat avec la R\u00e9gion Auvergne-Rh\u00f4ne-Alpes. Cette initiative in\u00e9dite, gratuite et ouverte \u00e0 tous, sans pr\u00e9requis, a pour but de sensibiliser les Fran\u00e7ais aux premi\u00e8res notions et \u00e0 la prise en main de l\u2019intelligence artificielle g\u00e9n\u00e9rative. Pour cette nouvelle \u00e9dition, pr\u00e8s de deux cents\u00a0 participants ont assist\u00e9 \u00e0 la formation.\u00a0<\/span><\/p>\n<p><span style=\"font-weight: 400\">Situ\u00e9 au Campus R\u00e9gion du num\u00e9rique, \u00e0 Charbonni\u00e8res-les-Bains, cet atelier d\u2019initiation fait partie des 8 ateliers pr\u00e9vus \u00e0 travers toute la France. Les habitants de la r\u00e9gion lyonnaise ont pu s\u2019initier ainsi \u00e0 l\u2019Intelligence artificielle g\u00e9n\u00e9rative durant une demi-journ\u00e9e, autour de trois th\u00e9matiques :\u00a0<\/span><\/p>\n<ul>\n<li style=\"font-weight: 400\"><b>Panorama de l\u2019IA g\u00e9n\u00e9rative : <\/b><span style=\"font-weight: 400\">pr\u00e9sentation des diff\u00e9rents outils existants, de la polyvalence de leurs capacit\u00e9s (texte, images, son, vid\u00e9o) et de la diversit\u00e9 des cas d\u2019usages<\/span><\/li>\n<li style=\"font-weight: 400\"><b>Mise en pratique de l\u2019IA g\u00e9n\u00e9rative<\/b><span style=\"font-weight: 400\"> avec une prise en main des diff\u00e9rents outils via des mises en situation concr\u00e8tes<\/span><\/li>\n<li style=\"font-weight: 400\"><b>Sensibilisation aux enjeux et au bon usage de l\u2019IA g\u00e9n\u00e9rative<\/b><span style=\"font-weight: 400\"> : pr\u00e9sentation des limites et des marges de progr\u00e8s afin de maximiser les opportunit\u00e9s et le bon usage de ces technologies.\u00a0<\/span><\/li>\n<\/ul>\n<p><span style=\"font-weight: 400\">Le contenu p\u00e9dagogique est d\u00e9livr\u00e9 par Simplon, mettant au service de ce projet toute son expertise p\u00e9dagogique. Ce programme s\u2019appuie \u00e9galement sur l\u2019expertise du collectif de r\u00e9flexion et d\u2019action Impact AI qui r\u00e9unit entreprises et organisations pour favoriser l\u2019adoption d\u2019une IA responsable. Pour faire rayonner cette initiative au sein des territoires, Simplon s\u2019appuie sur les \u00e9cosyst\u00e8mes r\u00e9gionaux d\u2019emploi et de technologie tels que la French Tech, France Travail, les CCI, \u2026<\/span><\/p>\n<p><span style=\"font-weight: 400\">Dans une volont\u00e9 de rendre ce programme accessible au plus grand nombre, les ateliers sont \u00e9galement disponibles en ligne d\u00e8s aujourd\u2019hui via un MOOC, mettant l\u2019accent sur de nombreux exercices pratiques.\u00a0<\/span><\/p>\n<p><span style=\"font-weight: 400\">A la fin du programme, les participants ont re\u00e7u un certificat de suivi de la formation, d\u00e9livr\u00e9 par Simplon, venant attester de leur initiation et leur capacit\u00e9 \u00e0 utiliser des outils d\u2019IA g\u00e9n\u00e9ratives pour des t\u00e2ches li\u00e9es au traitement de texte, d\u2019image et de son.\u00a0<\/span><\/p>\n<p><span style=\"font-weight: 400\">Avant Lyon, d\u2019autres ateliers se sont tenus ces derni\u00e8res semaines \u00e0 Marseille, Montpellier, Lille et se d\u00e9rouleront prochainement \u00e0 Paris, Nantes, Rennes et Bordeaux. Au total, Meta souhaite former plus de 30 000 Fran\u00e7ais \u00e0 l\u2019Intelligence artificielle g\u00e9n\u00e9rative d\u2019ici la fin de l\u2019ann\u00e9e 2024.\u00a0<\/span><\/p>\n<p><span style=\"font-weight: 400\">Pour<\/span><b> Laurent Solly, Vice-Pr\u00e9sident Europe du Sud de Meta<\/b><i><span style=\"font-weight: 400\"> : \u00ab Nous sommes fiers de nous associer \u00e0 Simplon pour sensibiliser les Fran\u00e7ais \u00e0 l\u2019Intelligence artificielle g\u00e9n\u00e9rative et poursuivre ce projet innovant dans la r\u00e9gion Auvergne-Rh\u00f4ne-Alpes, qui jouit d\u2019un \u00e9cosyst\u00e8me num\u00e9rique florissant. Le lancement de ces ateliers s\u2019inscrit dans la continuit\u00e9 de notre participation \u00e0 l\u2019\u00e9cosyst\u00e8me local en France et a pour objectif de donner les cl\u00e9s au grand public pour qu\u2019il puisse en saisir toutes les opportunit\u00e9s. \u00bb<\/span><\/i><\/p>\n<p><span style=\"font-weight: 400\">Pour <\/span><b>Fr\u00e9d\u00e9ric Bardeau, Pr\u00e9sident et co-fondateur de Simplon.co :<\/b><i><span style=\"font-weight: 400\"> \u00ab Ce partenariat entre Meta et Simplon.co pour d\u00e9mocratiser l&rsquo;intelligence artificielle g\u00e9n\u00e9rative illustre notre engagement \u00e0 rendre ces technologies accessibles \u00e0 tous, en favorisant la compr\u00e9hension et l&rsquo;exploration de ses applications. Nous sommes convaincus que cette initiative contribuera \u00e0 renforcer les comp\u00e9tences num\u00e9riques de chacune et chacun. \u00bb<\/span><\/i><\/p>\n<p><span style=\"font-weight: 400\">Pour<\/span><b> Laurent Wauquiez, Pr\u00e9sident de la R\u00e9gion Auvergne-Rh\u00f4ne-Alpes<\/b><span style=\"font-weight: 400\">: <\/span><i><span style=\"font-weight: 400\">\u00ab Je tiens \u00e0 remercier Laurent SOLLY et Fr\u00e9d\u00e9ric BARDEAU de leur pr\u00e9sence et pour les ateliers passionnants organis\u00e9s ce jour au Campus R\u00e9gion du num\u00e9rique. Ce campus, nous l\u2019avons voulu comme le porte-\u00e9tendard de la digitalisation de notre \u00e9conomie r\u00e9gionale. Les bouleversements que l\u2019IA va apporter dans les ann\u00e9es \u00e0 venir, sont difficilement quantifiables, mais il nous faut d\u00e8s \u00e0 pr\u00e9sent nous y pr\u00e9parer, r\u00e9fl\u00e9chir \u00e0 la soci\u00e9t\u00e9 de demain mais aussi \u00e0 la place que notre pays pourra prendre. Nous savons depuis longtemps que la mondialisation n\u2019est pas heureuse. D\u00e9j\u00e0, des pays comme les Etats-Unis ou la Chine se sont empar\u00e9 de cette question pour cr\u00e9er des leaders incontest\u00e9s. Si nous voulons pr\u00e9server notre souverainet\u00e9, pr\u00e9server nos emplois, notre vision de la soci\u00e9t\u00e9, nous devons nous emparer de ces sujets-l\u00e0 dans leur globalit\u00e9. Ne craignons pas d\u2019avoir de l\u2019ambition, de renforcer nos champions et d\u2019en faire \u00e9merger de nouveaux. Les opportunit\u00e9s, que cela soit dans l\u2019industrie, la sant\u00e9 ou l\u2019\u00e9nergie sont infinies et nous ouvrent de nouveaux chemins \u00e0 emprunter pour faire rayonner notre pays. De nouvelles formations voient le jour pour les m\u00e9tiers de demain, ici m\u00eame au Campus. Les besoins en formation dans le domaine de l\u2019IA sont estim\u00e9s \u00e0 plusieurs centaines de milliers de personnes d\u2019ici \u00e0 2030 et il faut saisir ces opportunit\u00e9s. La R\u00e9gion a donc d\u00e9cid\u00e9 d\u2019affecter 1M\u20ac suppl\u00e9mentaire, \u00e0 partir de juin 2024, afin de renforcer le volet IA et cybers\u00e9curit\u00e9 de son dispositif Industrie du futur \u00bb<\/span><\/i><\/p>\n<p><b>Lien vers la formation : <\/b><a href=\"https:\/\/bit.ly\/atelieriagen\"><span style=\"font-weight: 400\">https:\/\/bit.ly\/atelieriagen<\/span><\/a><\/p>\n","protected":false},"excerpt":{"rendered":"Meta et Simplon.co, entreprise sociale et solidaire de formation au num\u00e9rique, lancent aujourd\u2019hui dans la r\u00e9gion lyonnaise leurs Ateliers d\u2019initiation \u00e0 l\u2019Intelligence artificielle g\u00e9n\u00e9rative, en partenariat avec la R\u00e9gion Auvergne-Rh\u00f4ne-Alpes. Cette initiative in\u00e9dite, gratuite et ouverte \u00e0 tous, sans pr\u00e9requis, a pour but de sensibiliser les Fran\u00e7ais aux premi\u00e8res notions et \u00e0 la prise en main de l\u2019intelligence artificielle g\u00e9n\u00e9rative. Pour cette nouvelle \u00e9dition, pr\u00e8s de deux cents\u00a0 participants ont assist\u00e9 \u00e0 la formation.\u00a0 Situ\u00e9 au Campus R\u00e9gion du num\u00e9rique, \u00e0 Charbonni\u00e8res-les-Bains, cet atelier d\u2019initiation fait partie des 8 ateliers pr\u00e9vus \u00e0 travers toute la France. Les habitants de la r\u00e9gion lyonnaise ont pu s\u2019initier ainsi \u00e0 l\u2019Intelligence artificielle g\u00e9n\u00e9rative durant une demi-journ\u00e9e, autour de trois th\u00e9matiques :\u00a0 Panorama de l\u2019IA g\u00e9n\u00e9rative : pr\u00e9sentation des diff\u00e9rents outils existants, de la polyvalence de leurs capacit\u00e9s (texte, images, son, vid\u00e9o) et de la diversit\u00e9 des cas d\u2019usages Mise en pratique de l\u2019IA g\u00e9n\u00e9rative avec une prise en main des diff\u00e9rents outils via des mises en situation concr\u00e8tes Sensibilisation aux enjeux et au bon usage de l\u2019IA g\u00e9n\u00e9rative : pr\u00e9sentation des limites et des marges de progr\u00e8s afin de maximiser les opportunit\u00e9s et le bon usage de ces technologies.\u00a0 Le contenu p\u00e9dagogique est d\u00e9livr\u00e9 par Simplon, mettant au service de ce projet toute son expertise p\u00e9dagogique. Ce programme s\u2019appuie \u00e9galement sur l\u2019expertise du collectif de r\u00e9flexion et d\u2019action Impact AI qui r\u00e9unit entreprises et organisations pour favoriser l\u2019adoption d\u2019une IA responsable. Pour faire rayonner cette initiative au sein des territoires, Simplon s\u2019appuie sur les \u00e9cosyst\u00e8mes r\u00e9gionaux d\u2019emploi et de technologie tels que la French Tech, France Travail, les CCI, \u2026 Dans une volont\u00e9 de rendre ce programme accessible au plus grand nombre, les ateliers sont \u00e9galement disponibles en ligne d\u00e8s aujourd\u2019hui via un MOOC, mettant l\u2019accent sur de nombreux exercices pratiques.\u00a0 A la fin du programme, les participants ont re\u00e7u un certificat de suivi de la formation, d\u00e9livr\u00e9 par Simplon, venant attester de leur initiation et leur capacit\u00e9 \u00e0 utiliser des outils d\u2019IA g\u00e9n\u00e9ratives pour des t\u00e2ches li\u00e9es au traitement de texte, d\u2019image et de son.\u00a0 Avant Lyon, d\u2019autres ateliers se sont tenus ces derni\u00e8res semaines \u00e0 Marseille, Montpellier, Lille et se d\u00e9rouleront prochainement \u00e0 Paris, Nantes, Rennes et Bordeaux. Au total, Meta souhaite former plus de 30 000 Fran\u00e7ais \u00e0 l\u2019Intelligence artificielle g\u00e9n\u00e9rative d\u2019ici la fin de l\u2019ann\u00e9e 2024.\u00a0 Pour Laurent Solly, Vice-Pr\u00e9sident Europe du Sud de Meta : \u00ab Nous sommes fiers de nous associer \u00e0 Simplon pour sensibiliser les Fran\u00e7ais \u00e0 l\u2019Intelligence artificielle g\u00e9n\u00e9rative et poursuivre ce projet innovant dans la r\u00e9gion Auvergne-Rh\u00f4ne-Alpes, qui jouit d\u2019un \u00e9cosyst\u00e8me num\u00e9rique florissant. Le lancement de ces ateliers s\u2019inscrit dans la continuit\u00e9 de notre participation \u00e0 l\u2019\u00e9cosyst\u00e8me local en France et a pour objectif de donner les cl\u00e9s au grand public pour qu\u2019il puisse en saisir toutes les opportunit\u00e9s. \u00bb Pour Fr\u00e9d\u00e9ric Bardeau, Pr\u00e9sident et co-fondateur de Simplon.co : \u00ab Ce partenariat entre Meta et Simplon.co pour d\u00e9mocratiser l&rsquo;intelligence artificielle g\u00e9n\u00e9rative illustre notre engagement \u00e0 rendre ces technologies accessibles \u00e0 tous, en favorisant la compr\u00e9hension et l&rsquo;exploration de ses applications. Nous sommes convaincus que cette initiative contribuera \u00e0 renforcer les comp\u00e9tences num\u00e9riques de chacune et chacun. \u00bb Pour Laurent Wauquiez, Pr\u00e9sident de la R\u00e9gion Auvergne-Rh\u00f4ne-Alpes: \u00ab Je tiens \u00e0 remercier Laurent SOLLY et Fr\u00e9d\u00e9ric BARDEAU de leur pr\u00e9sence et pour les ateliers passionnants organis\u00e9s ce jour au Campus R\u00e9gion du num\u00e9rique. Ce campus, nous l\u2019avons voulu comme le porte-\u00e9tendard de la digitalisation de notre \u00e9conomie r\u00e9gionale. Les bouleversements que l\u2019IA va apporter dans les ann\u00e9es \u00e0 venir, sont difficilement quantifiables, mais il nous faut d\u00e8s \u00e0 pr\u00e9sent nous y pr\u00e9parer, r\u00e9fl\u00e9chir \u00e0 la soci\u00e9t\u00e9 de demain mais aussi \u00e0 la place que notre pays pourra prendre. Nous savons depuis longtemps que la mondialisation n\u2019est pas heureuse. D\u00e9j\u00e0, des pays comme les Etats-Unis ou la Chine se sont empar\u00e9 de cette question pour cr\u00e9er des leaders incontest\u00e9s. Si nous voulons pr\u00e9server notre souverainet\u00e9, pr\u00e9server nos emplois, notre vision de la soci\u00e9t\u00e9, nous devons nous emparer de ces sujets-l\u00e0 dans leur globalit\u00e9. Ne craignons pas d\u2019avoir de l\u2019ambition, de renforcer nos champions et d\u2019en faire \u00e9merger de nouveaux. Les opportunit\u00e9s, que cela soit dans l\u2019industrie, la sant\u00e9 ou l\u2019\u00e9nergie sont infinies et nous ouvrent de nouveaux chemins \u00e0 emprunter pour faire rayonner notre pays. De nouvelles formations voient le jour pour les m\u00e9tiers de demain, ici m\u00eame au Campus. Les besoins en formation dans le domaine de l\u2019IA sont estim\u00e9s \u00e0 plusieurs centaines de milliers de personnes d\u2019ici \u00e0 2030 et il faut saisir ces opportunit\u00e9s. La R\u00e9gion a donc d\u00e9cid\u00e9 d\u2019affecter 1M\u20ac suppl\u00e9mentaire, \u00e0 partir de juin 2024, afin de renforcer le volet IA et cybers\u00e9curit\u00e9 de son dispositif Industrie du futur \u00bb Lien vers la formation : <a href=\"https:\/\/bit.ly\/atelieriagen\" rel=\"nofollow\">https:\/\/bit.ly\/atelieriagen<\/a>","protected":false},"author":164097090,"featured_media":0,"comment_status":"closed","ping_status":"closed","sticky":false,"template":"","format":"standard","meta":{"_jetpack_memberships_contains_paid_content":false,"footnotes":""},"categories":[243897990,243897944],"tags":[243898431,243898036,243898427,243898251],"class_list":["post-23926","post","type-post","status-publish","format-standard","hentry","category-actualites","category-intelligence-artificielle","tag-ateliers","tag-formation","tag-intelligence-artificielle-generative","tag-simplon"],"yoast_head":"<!-- This site is optimized with the Yoast SEO plugin v27.2 - https:\/\/yoast.com\/product\/yoast-seo-wordpress\/ -->\n<title>Meta poursuit ses ateliers d\u2019initiation \u00e0 l\u2019Intelligence artificielle g\u00e9n\u00e9rative dans la r\u00e9gion lyonnaise | \u00c0 propos de Meta<\/title>\n<meta name=\"robots\" content=\"index, follow, max-snippet:-1, max-image-preview:large, max-video-preview:-1\" \/>\n<link rel=\"canonical\" href=\"https:\/\/about.fb.com\/fr\/news\/2024\/05\/meta-poursuit-ses-ateliers-dinitiation-a-lintelligence-artificielle-generative-dans-la-region-lyonnaise\/\" \/>\n<meta property=\"og:locale\" content=\"fr_FR\" \/>\n<meta property=\"og:type\" content=\"article\" \/>\n<meta property=\"og:title\" content=\"Meta poursuit ses ateliers d\u2019initiation \u00e0 l\u2019Intelligence artificielle g\u00e9n\u00e9rative dans la r\u00e9gion lyonnaise | \u00c0 propos de Meta\" \/>\n<meta property=\"og:description\" content=\"Meta et Simplon.co, entreprise sociale et solidaire de formation au num\u00e9rique, lancent aujourd\u2019hui dans la r\u00e9gion lyonnaise leurs Ateliers d\u2019initiation \u00e0 l\u2019Intelligence artificielle g\u00e9n\u00e9rative, en partenariat avec la R\u00e9gion Auvergne-Rh\u00f4ne-Alpes. Cette initiative in\u00e9dite, gratuite et ouverte \u00e0 tous, sans pr\u00e9requis, a pour but de sensibiliser les Fran\u00e7ais aux premi\u00e8res notions et \u00e0 la prise en main de l\u2019intelligence artificielle g\u00e9n\u00e9rative. Pour cette nouvelle \u00e9dition, pr\u00e8s de deux cents\u00a0 participants ont assist\u00e9 \u00e0 la formation.\u00a0 Situ\u00e9 au Campus R\u00e9gion du num\u00e9rique, \u00e0 Charbonni\u00e8res-les-Bains, cet atelier d\u2019initiation fait partie des 8 ateliers pr\u00e9vus \u00e0 travers toute la France. Les habitants de la r\u00e9gion lyonnaise ont pu s\u2019initier ainsi \u00e0 l\u2019Intelligence artificielle g\u00e9n\u00e9rative durant une demi-journ\u00e9e, autour de trois th\u00e9matiques :\u00a0 Panorama de l\u2019IA g\u00e9n\u00e9rative : pr\u00e9sentation des diff\u00e9rents outils existants, de la polyvalence de leurs capacit\u00e9s (texte, images, son, vid\u00e9o) et de la diversit\u00e9 des cas d\u2019usages Mise en pratique de l\u2019IA g\u00e9n\u00e9rative avec une prise en main des diff\u00e9rents outils via des mises en situation concr\u00e8tes Sensibilisation aux enjeux et au bon usage de l\u2019IA g\u00e9n\u00e9rative : pr\u00e9sentation des limites et des marges de progr\u00e8s afin de maximiser les opportunit\u00e9s et le bon usage de ces technologies.\u00a0 Le contenu p\u00e9dagogique est d\u00e9livr\u00e9 par Simplon, mettant au service de ce projet toute son expertise p\u00e9dagogique. Ce programme s\u2019appuie \u00e9galement sur l\u2019expertise du collectif de r\u00e9flexion et d\u2019action Impact AI qui r\u00e9unit entreprises et organisations pour favoriser l\u2019adoption d\u2019une IA responsable. Pour faire rayonner cette initiative au sein des territoires, Simplon s\u2019appuie sur les \u00e9cosyst\u00e8mes r\u00e9gionaux d\u2019emploi et de technologie tels que la French Tech, France Travail, les CCI, \u2026 Dans une volont\u00e9 de rendre ce programme accessible au plus grand nombre, les ateliers sont \u00e9galement disponibles en ligne d\u00e8s aujourd\u2019hui via un MOOC, mettant l\u2019accent sur de nombreux exercices pratiques.\u00a0 A la fin du programme, les participants ont re\u00e7u un certificat de suivi de la formation, d\u00e9livr\u00e9 par Simplon, venant attester de leur initiation et leur capacit\u00e9 \u00e0 utiliser des outils d\u2019IA g\u00e9n\u00e9ratives pour des t\u00e2ches li\u00e9es au traitement de texte, d\u2019image et de son.\u00a0 Avant Lyon, d\u2019autres ateliers se sont tenus ces derni\u00e8res semaines \u00e0 Marseille, Montpellier, Lille et se d\u00e9rouleront prochainement \u00e0 Paris, Nantes, Rennes et Bordeaux. Au total, Meta souhaite former plus de 30 000 Fran\u00e7ais \u00e0 l\u2019Intelligence artificielle g\u00e9n\u00e9rative d\u2019ici la fin de l\u2019ann\u00e9e 2024.\u00a0 Pour Laurent Solly, Vice-Pr\u00e9sident Europe du Sud de Meta : \u00ab Nous sommes fiers de nous associer \u00e0 Simplon pour sensibiliser les Fran\u00e7ais \u00e0 l\u2019Intelligence artificielle g\u00e9n\u00e9rative et poursuivre ce projet innovant dans la r\u00e9gion Auvergne-Rh\u00f4ne-Alpes, qui jouit d\u2019un \u00e9cosyst\u00e8me num\u00e9rique florissant. Le lancement de ces ateliers s\u2019inscrit dans la continuit\u00e9 de notre participation \u00e0 l\u2019\u00e9cosyst\u00e8me local en France et a pour objectif de donner les cl\u00e9s au grand public pour qu\u2019il puisse en saisir toutes les opportunit\u00e9s. \u00bb Pour Fr\u00e9d\u00e9ric Bardeau, Pr\u00e9sident et co-fondateur de Simplon.co : \u00ab Ce partenariat entre Meta et Simplon.co pour d\u00e9mocratiser l&rsquo;intelligence artificielle g\u00e9n\u00e9rative illustre notre engagement \u00e0 rendre ces technologies accessibles \u00e0 tous, en favorisant la compr\u00e9hension et l&rsquo;exploration de ses applications. Nous sommes convaincus que cette initiative contribuera \u00e0 renforcer les comp\u00e9tences num\u00e9riques de chacune et chacun. \u00bb Pour Laurent Wauquiez, Pr\u00e9sident de la R\u00e9gion Auvergne-Rh\u00f4ne-Alpes: \u00ab Je tiens \u00e0 remercier Laurent SOLLY et Fr\u00e9d\u00e9ric BARDEAU de leur pr\u00e9sence et pour les ateliers passionnants organis\u00e9s ce jour au Campus R\u00e9gion du num\u00e9rique. Ce campus, nous l\u2019avons voulu comme le porte-\u00e9tendard de la digitalisation de notre \u00e9conomie r\u00e9gionale. Les bouleversements que l\u2019IA va apporter dans les ann\u00e9es \u00e0 venir, sont difficilement quantifiables, mais il nous faut d\u00e8s \u00e0 pr\u00e9sent nous y pr\u00e9parer, r\u00e9fl\u00e9chir \u00e0 la soci\u00e9t\u00e9 de demain mais aussi \u00e0 la place que notre pays pourra prendre. Nous savons depuis longtemps que la mondialisation n\u2019est pas heureuse. D\u00e9j\u00e0, des pays comme les Etats-Unis ou la Chine se sont empar\u00e9 de cette question pour cr\u00e9er des leaders incontest\u00e9s. Si nous voulons pr\u00e9server notre souverainet\u00e9, pr\u00e9server nos emplois, notre vision de la soci\u00e9t\u00e9, nous devons nous emparer de ces sujets-l\u00e0 dans leur globalit\u00e9. Ne craignons pas d\u2019avoir de l\u2019ambition, de renforcer nos champions et d\u2019en faire \u00e9merger de nouveaux. Les opportunit\u00e9s, que cela soit dans l\u2019industrie, la sant\u00e9 ou l\u2019\u00e9nergie sont infinies et nous ouvrent de nouveaux chemins \u00e0 emprunter pour faire rayonner notre pays. De nouvelles formations voient le jour pour les m\u00e9tiers de demain, ici m\u00eame au Campus. Les besoins en formation dans le domaine de l\u2019IA sont estim\u00e9s \u00e0 plusieurs centaines de milliers de personnes d\u2019ici \u00e0 2030 et il faut saisir ces opportunit\u00e9s. La R\u00e9gion a donc d\u00e9cid\u00e9 d\u2019affecter 1M\u20ac suppl\u00e9mentaire, \u00e0 partir de juin 2024, afin de renforcer le volet IA et cybers\u00e9curit\u00e9 de son dispositif Industrie du futur \u00bb Lien vers la formation : https:\/\/bit.ly\/atelieriagen\" \/>\n<meta property=\"og:url\" content=\"https:\/\/about.fb.com\/fr\/news\/2024\/05\/meta-poursuit-ses-ateliers-dinitiation-a-lintelligence-artificielle-generative-dans-la-region-lyonnaise\/\" \/>\n<meta property=\"og:site_name\" content=\"\u00c0 propos de Meta\" \/>\n<meta property=\"article:published_time\" content=\"2024-05-30T15:00:51+00:00\" \/>\n<meta property=\"og:image\" content=\"https:\/\/about.fb.com\/fr\/wp-content\/uploads\/sites\/12\/2021\/10\/meta-social-16x9-1.jpg?resize=1024,576\" \/>\n\t<meta property=\"og:image:width\" content=\"1024\" \/>\n\t<meta property=\"og:image:height\" content=\"576\" \/>\n\t<meta property=\"og:image:type\" content=\"image\/jpeg\" \/>\n<meta name=\"author\" content=\"hopscotch\" \/>\n<meta name=\"twitter:card\" content=\"summary_large_image\" \/>\n<meta name=\"twitter:creator\" content=\"@METAfrance\" \/>\n<meta name=\"twitter:label1\" content=\"Written by\" \/>\n\t<meta name=\"twitter:data1\" content=\"Meta\" \/>\n\t<meta name=\"twitter:label2\" content=\"Est. reading time\" \/>\n\t<meta name=\"twitter:data2\" content=\"4 minutes\" \/>\n<script type=\"application\/ld+json\" class=\"yoast-schema-graph\">{\"@context\":\"https:\/\/schema.org\",\"@graph\":[{\"@type\":\"Article\",\"@id\":\"https:\/\/about.fb.com\/fr\/news\/2024\/05\/meta-poursuit-ses-ateliers-dinitiation-a-lintelligence-artificielle-generative-dans-la-region-lyonnaise\/#article\",\"isPartOf\":{\"@id\":\"https:\/\/about.fb.com\/fr\/news\/2024\/05\/meta-poursuit-ses-ateliers-dinitiation-a-lintelligence-artificielle-generative-dans-la-region-lyonnaise\/\"},\"author\":\"Facebook company\",\"headline\":\"Meta poursuit ses ateliers d\u2019initiation \u00e0 l\u2019Intelligence artificielle g\u00e9n\u00e9rative dans la r\u00e9gion lyonnaise\",\"datePublished\":\"2024-05-30T15:00:51+00:00\",\"mainEntityOfPage\":{\"@id\":\"https:\/\/about.fb.com\/fr\/news\/2024\/05\/meta-poursuit-ses-ateliers-dinitiation-a-lintelligence-artificielle-generative-dans-la-region-lyonnaise\/\"},\"wordCount\":916,\"publisher\":{\"@id\":\"https:\/\/about.fb.com\/fr\/#organization\"},\"keywords\":[\"ateliers\",\"formation\",\"intelligence artificielle g\u00e9n\u00e9rative\",\"Simplon\"],\"articleSection\":[\"Actualit\u00e9s\",\"Intelligence Artificielle\"],\"inLanguage\":\"fr-FR\"},{\"@type\":\"WebPage\",\"@id\":\"https:\/\/about.fb.com\/fr\/news\/2024\/05\/meta-poursuit-ses-ateliers-dinitiation-a-lintelligence-artificielle-generative-dans-la-region-lyonnaise\/\",\"url\":\"https:\/\/about.fb.com\/fr\/news\/2024\/05\/meta-poursuit-ses-ateliers-dinitiation-a-lintelligence-artificielle-generative-dans-la-region-lyonnaise\/\",\"name\":\"Meta poursuit ses ateliers d\u2019initiation \u00e0 l\u2019Intelligence artificielle g\u00e9n\u00e9rative dans la r\u00e9gion lyonnaise | \u00c0 propos de Meta\",\"isPartOf\":{\"@id\":\"https:\/\/about.fb.com\/fr\/#website\"},\"datePublished\":\"2024-05-30T15:00:51+00:00\",\"breadcrumb\":{\"@id\":\"https:\/\/about.fb.com\/fr\/news\/2024\/05\/meta-poursuit-ses-ateliers-dinitiation-a-lintelligence-artificielle-generative-dans-la-region-lyonnaise\/#breadcrumb\"},\"inLanguage\":\"fr-FR\",\"potentialAction\":[{\"@type\":\"ReadAction\",\"target\":[\"https:\/\/about.fb.com\/fr\/news\/2024\/05\/meta-poursuit-ses-ateliers-dinitiation-a-lintelligence-artificielle-generative-dans-la-region-lyonnaise\/\"]}],\"author\":\"\u00c0 propos de Meta\"},{\"@type\":\"BreadcrumbList\",\"@id\":\"https:\/\/about.fb.com\/fr\/news\/2024\/05\/meta-poursuit-ses-ateliers-dinitiation-a-lintelligence-artificielle-generative-dans-la-region-lyonnaise\/#breadcrumb\",\"itemListElement\":[{\"@type\":\"ListItem\",\"position\":1,\"name\":\"Home\",\"item\":\"https:\/\/about.fb.com\/fr\/\"},{\"@type\":\"ListItem\",\"position\":2,\"name\":\"Meta poursuit ses ateliers d\u2019initiation \u00e0 l\u2019Intelligence artificielle g\u00e9n\u00e9rative dans la r\u00e9gion lyonnaise\"}]},{\"@type\":\"WebSite\",\"@id\":\"https:\/\/about.fb.com\/fr\/#website\",\"url\":\"https:\/\/about.fb.com\/news\/\",\"name\":\"\u00c0 propos de Meta\",\"description\":\"\",\"publisher\":{\"@id\":\"https:\/\/about.fb.com\/fr\/#organization\"},\"potentialAction\":[{\"@type\":\"SearchAction\",\"target\":{\"@type\":\"EntryPoint\",\"urlTemplate\":\"https:\/\/about.fb.com\/fr\/?s={search_term_string}\"},\"query-input\":{\"@type\":\"PropertyValueSpecification\",\"valueRequired\":true,\"valueName\":\"search_term_string\"}}],\"inLanguage\":\"fr-FR\",\"alternateName\":[\"Meta Newsroom\",\"Meta\"]},{\"@type\":\"Organization\",\"@id\":\"https:\/\/about.fb.com\/fr\/#organization\",\"name\":\"Meta\",\"url\":\"https:\/\/about.fb.com\/fr\/\",\"logo\":{\"@type\":\"ImageObject\",\"inLanguage\":\"fr-FR\",\"@id\":\"https:\/\/about.fb.com\/fr\/#\/schema\/logo\/image\/\",\"url\":\"https:\/\/about.fb.com\/fr\/wp-content\/uploads\/sites\/12\/2021\/10\/meta-social-16x9-1.jpg?fit=8000%2C4500\",\"contentUrl\":\"https:\/\/about.fb.com\/fr\/wp-content\/uploads\/sites\/12\/2021\/10\/meta-social-16x9-1.jpg?fit=8000%2C4500\",\"width\":8000,\"height\":4500,\"caption\":\"Meta\"},\"image\":{\"@id\":\"https:\/\/about.fb.com\/fr\/#\/schema\/logo\/image\/\"}}]}<\/script>\n<!-- \/ Yoast SEO plugin. -->","yoast_head_json":{"title":"Meta poursuit ses ateliers d\u2019initiation \u00e0 l\u2019Intelligence artificielle g\u00e9n\u00e9rative dans la r\u00e9gion lyonnaise | \u00c0 propos de Meta","robots":{"index":"index","follow":"follow","max-snippet":"max-snippet:-1","max-image-preview":"max-image-preview:large","max-video-preview":"max-video-preview:-1"},"canonical":"https:\/\/about.fb.com\/fr\/news\/2024\/05\/meta-poursuit-ses-ateliers-dinitiation-a-lintelligence-artificielle-generative-dans-la-region-lyonnaise\/","og_locale":"fr_FR","og_type":"article","og_title":"Meta poursuit ses ateliers d\u2019initiation \u00e0 l\u2019Intelligence artificielle g\u00e9n\u00e9rative dans la r\u00e9gion lyonnaise | \u00c0 propos de Meta","og_description":"Meta et Simplon.co, entreprise sociale et solidaire de formation au num\u00e9rique, lancent aujourd\u2019hui dans la r\u00e9gion lyonnaise leurs Ateliers d\u2019initiation \u00e0 l\u2019Intelligence artificielle g\u00e9n\u00e9rative, en partenariat avec la R\u00e9gion Auvergne-Rh\u00f4ne-Alpes. Cette initiative in\u00e9dite, gratuite et ouverte \u00e0 tous, sans pr\u00e9requis, a pour but de sensibiliser les Fran\u00e7ais aux premi\u00e8res notions et \u00e0 la prise en main de l\u2019intelligence artificielle g\u00e9n\u00e9rative. Pour cette nouvelle \u00e9dition, pr\u00e8s de deux cents\u00a0 participants ont assist\u00e9 \u00e0 la formation.\u00a0 Situ\u00e9 au Campus R\u00e9gion du num\u00e9rique, \u00e0 Charbonni\u00e8res-les-Bains, cet atelier d\u2019initiation fait partie des 8 ateliers pr\u00e9vus \u00e0 travers toute la France. Les habitants de la r\u00e9gion lyonnaise ont pu s\u2019initier ainsi \u00e0 l\u2019Intelligence artificielle g\u00e9n\u00e9rative durant une demi-journ\u00e9e, autour de trois th\u00e9matiques :\u00a0 Panorama de l\u2019IA g\u00e9n\u00e9rative : pr\u00e9sentation des diff\u00e9rents outils existants, de la polyvalence de leurs capacit\u00e9s (texte, images, son, vid\u00e9o) et de la diversit\u00e9 des cas d\u2019usages Mise en pratique de l\u2019IA g\u00e9n\u00e9rative avec une prise en main des diff\u00e9rents outils via des mises en situation concr\u00e8tes Sensibilisation aux enjeux et au bon usage de l\u2019IA g\u00e9n\u00e9rative : pr\u00e9sentation des limites et des marges de progr\u00e8s afin de maximiser les opportunit\u00e9s et le bon usage de ces technologies.\u00a0 Le contenu p\u00e9dagogique est d\u00e9livr\u00e9 par Simplon, mettant au service de ce projet toute son expertise p\u00e9dagogique. Ce programme s\u2019appuie \u00e9galement sur l\u2019expertise du collectif de r\u00e9flexion et d\u2019action Impact AI qui r\u00e9unit entreprises et organisations pour favoriser l\u2019adoption d\u2019une IA responsable. Pour faire rayonner cette initiative au sein des territoires, Simplon s\u2019appuie sur les \u00e9cosyst\u00e8mes r\u00e9gionaux d\u2019emploi et de technologie tels que la French Tech, France Travail, les CCI, \u2026 Dans une volont\u00e9 de rendre ce programme accessible au plus grand nombre, les ateliers sont \u00e9galement disponibles en ligne d\u00e8s aujourd\u2019hui via un MOOC, mettant l\u2019accent sur de nombreux exercices pratiques.\u00a0 A la fin du programme, les participants ont re\u00e7u un certificat de suivi de la formation, d\u00e9livr\u00e9 par Simplon, venant attester de leur initiation et leur capacit\u00e9 \u00e0 utiliser des outils d\u2019IA g\u00e9n\u00e9ratives pour des t\u00e2ches li\u00e9es au traitement de texte, d\u2019image et de son.\u00a0 Avant Lyon, d\u2019autres ateliers se sont tenus ces derni\u00e8res semaines \u00e0 Marseille, Montpellier, Lille et se d\u00e9rouleront prochainement \u00e0 Paris, Nantes, Rennes et Bordeaux. Au total, Meta souhaite former plus de 30 000 Fran\u00e7ais \u00e0 l\u2019Intelligence artificielle g\u00e9n\u00e9rative d\u2019ici la fin de l\u2019ann\u00e9e 2024.\u00a0 Pour Laurent Solly, Vice-Pr\u00e9sident Europe du Sud de Meta : \u00ab Nous sommes fiers de nous associer \u00e0 Simplon pour sensibiliser les Fran\u00e7ais \u00e0 l\u2019Intelligence artificielle g\u00e9n\u00e9rative et poursuivre ce projet innovant dans la r\u00e9gion Auvergne-Rh\u00f4ne-Alpes, qui jouit d\u2019un \u00e9cosyst\u00e8me num\u00e9rique florissant. Le lancement de ces ateliers s\u2019inscrit dans la continuit\u00e9 de notre participation \u00e0 l\u2019\u00e9cosyst\u00e8me local en France et a pour objectif de donner les cl\u00e9s au grand public pour qu\u2019il puisse en saisir toutes les opportunit\u00e9s. \u00bb Pour Fr\u00e9d\u00e9ric Bardeau, Pr\u00e9sident et co-fondateur de Simplon.co : \u00ab Ce partenariat entre Meta et Simplon.co pour d\u00e9mocratiser l&rsquo;intelligence artificielle g\u00e9n\u00e9rative illustre notre engagement \u00e0 rendre ces technologies accessibles \u00e0 tous, en favorisant la compr\u00e9hension et l&rsquo;exploration de ses applications. Nous sommes convaincus que cette initiative contribuera \u00e0 renforcer les comp\u00e9tences num\u00e9riques de chacune et chacun. \u00bb Pour Laurent Wauquiez, Pr\u00e9sident de la R\u00e9gion Auvergne-Rh\u00f4ne-Alpes: \u00ab Je tiens \u00e0 remercier Laurent SOLLY et Fr\u00e9d\u00e9ric BARDEAU de leur pr\u00e9sence et pour les ateliers passionnants organis\u00e9s ce jour au Campus R\u00e9gion du num\u00e9rique. Ce campus, nous l\u2019avons voulu comme le porte-\u00e9tendard de la digitalisation de notre \u00e9conomie r\u00e9gionale. Les bouleversements que l\u2019IA va apporter dans les ann\u00e9es \u00e0 venir, sont difficilement quantifiables, mais il nous faut d\u00e8s \u00e0 pr\u00e9sent nous y pr\u00e9parer, r\u00e9fl\u00e9chir \u00e0 la soci\u00e9t\u00e9 de demain mais aussi \u00e0 la place que notre pays pourra prendre. Nous savons depuis longtemps que la mondialisation n\u2019est pas heureuse. D\u00e9j\u00e0, des pays comme les Etats-Unis ou la Chine se sont empar\u00e9 de cette question pour cr\u00e9er des leaders incontest\u00e9s. Si nous voulons pr\u00e9server notre souverainet\u00e9, pr\u00e9server nos emplois, notre vision de la soci\u00e9t\u00e9, nous devons nous emparer de ces sujets-l\u00e0 dans leur globalit\u00e9. Ne craignons pas d\u2019avoir de l\u2019ambition, de renforcer nos champions et d\u2019en faire \u00e9merger de nouveaux. Les opportunit\u00e9s, que cela soit dans l\u2019industrie, la sant\u00e9 ou l\u2019\u00e9nergie sont infinies et nous ouvrent de nouveaux chemins \u00e0 emprunter pour faire rayonner notre pays. De nouvelles formations voient le jour pour les m\u00e9tiers de demain, ici m\u00eame au Campus. Les besoins en formation dans le domaine de l\u2019IA sont estim\u00e9s \u00e0 plusieurs centaines de milliers de personnes d\u2019ici \u00e0 2030 et il faut saisir ces opportunit\u00e9s. La R\u00e9gion a donc d\u00e9cid\u00e9 d\u2019affecter 1M\u20ac suppl\u00e9mentaire, \u00e0 partir de juin 2024, afin de renforcer le volet IA et cybers\u00e9curit\u00e9 de son dispositif Industrie du futur \u00bb Lien vers la formation : https:\/\/bit.ly\/atelieriagen","og_url":"https:\/\/about.fb.com\/fr\/news\/2024\/05\/meta-poursuit-ses-ateliers-dinitiation-a-lintelligence-artificielle-generative-dans-la-region-lyonnaise\/","og_site_name":"\u00c0 propos de Meta","article_published_time":"2024-05-30T15:00:51+00:00","og_image":[{"width":1024,"height":576,"url":"https:\/\/about.fb.com\/fr\/wp-content\/uploads\/sites\/12\/2021\/10\/meta-social-16x9-1.jpg?resize=1024,576","type":"image\/jpeg"}],"author":"hopscotch","twitter_card":"summary_large_image","twitter_creator":"@METAfrance","twitter_misc":{"Written by":"Meta","Est. reading time":"4 minutes"},"schema":{"@context":"https:\/\/schema.org","@graph":[{"@type":"Article","@id":"https:\/\/about.fb.com\/fr\/news\/2024\/05\/meta-poursuit-ses-ateliers-dinitiation-a-lintelligence-artificielle-generative-dans-la-region-lyonnaise\/#article","isPartOf":{"@id":"https:\/\/about.fb.com\/fr\/news\/2024\/05\/meta-poursuit-ses-ateliers-dinitiation-a-lintelligence-artificielle-generative-dans-la-region-lyonnaise\/"},"author":"Facebook company","headline":"Meta poursuit ses ateliers d\u2019initiation \u00e0 l\u2019Intelligence artificielle g\u00e9n\u00e9rative dans la r\u00e9gion lyonnaise","datePublished":"2024-05-30T15:00:51+00:00","mainEntityOfPage":{"@id":"https:\/\/about.fb.com\/fr\/news\/2024\/05\/meta-poursuit-ses-ateliers-dinitiation-a-lintelligence-artificielle-generative-dans-la-region-lyonnaise\/"},"wordCount":916,"publisher":{"@id":"https:\/\/about.fb.com\/fr\/#organization"},"keywords":["ateliers","formation","intelligence artificielle g\u00e9n\u00e9rative","Simplon"],"articleSection":["Actualit\u00e9s","Intelligence Artificielle"],"inLanguage":"fr-FR"},{"@type":"WebPage","@id":"https:\/\/about.fb.com\/fr\/news\/2024\/05\/meta-poursuit-ses-ateliers-dinitiation-a-lintelligence-artificielle-generative-dans-la-region-lyonnaise\/","url":"https:\/\/about.fb.com\/fr\/news\/2024\/05\/meta-poursuit-ses-ateliers-dinitiation-a-lintelligence-artificielle-generative-dans-la-region-lyonnaise\/","name":"Meta poursuit ses ateliers d\u2019initiation \u00e0 l\u2019Intelligence artificielle g\u00e9n\u00e9rative dans la r\u00e9gion lyonnaise | \u00c0 propos de Meta","isPartOf":{"@id":"https:\/\/about.fb.com\/fr\/#website"},"datePublished":"2024-05-30T15:00:51+00:00","breadcrumb":{"@id":"https:\/\/about.fb.com\/fr\/news\/2024\/05\/meta-poursuit-ses-ateliers-dinitiation-a-lintelligence-artificielle-generative-dans-la-region-lyonnaise\/#breadcrumb"},"inLanguage":"fr-FR","potentialAction":[{"@type":"ReadAction","target":["https:\/\/about.fb.com\/fr\/news\/2024\/05\/meta-poursuit-ses-ateliers-dinitiation-a-lintelligence-artificielle-generative-dans-la-region-lyonnaise\/"]}],"author":"\u00c0 propos de Meta"},{"@type":"BreadcrumbList","@id":"https:\/\/about.fb.com\/fr\/news\/2024\/05\/meta-poursuit-ses-ateliers-dinitiation-a-lintelligence-artificielle-generative-dans-la-region-lyonnaise\/#breadcrumb","itemListElement":[{"@type":"ListItem","position":1,"name":"Home","item":"https:\/\/about.fb.com\/fr\/"},{"@type":"ListItem","position":2,"name":"Meta poursuit ses ateliers d\u2019initiation \u00e0 l\u2019Intelligence artificielle g\u00e9n\u00e9rative dans la r\u00e9gion lyonnaise"}]},{"@type":"WebSite","@id":"https:\/\/about.fb.com\/fr\/#website","url":"https:\/\/about.fb.com\/news\/","name":"\u00c0 propos de Meta","description":"","publisher":{"@id":"https:\/\/about.fb.com\/fr\/#organization"},"potentialAction":[{"@type":"SearchAction","target":{"@type":"EntryPoint","urlTemplate":"https:\/\/about.fb.com\/fr\/?s={search_term_string}"},"query-input":{"@type":"PropertyValueSpecification","valueRequired":true,"valueName":"search_term_string"}}],"inLanguage":"fr-FR","alternateName":["Meta Newsroom","Meta"]},{"@type":"Organization","@id":"https:\/\/about.fb.com\/fr\/#organization","name":"Meta","url":"https:\/\/about.fb.com\/fr\/","logo":{"@type":"ImageObject","inLanguage":"fr-FR","@id":"https:\/\/about.fb.com\/fr\/#\/schema\/logo\/image\/","url":"https:\/\/about.fb.com\/fr\/wp-content\/uploads\/sites\/12\/2021\/10\/meta-social-16x9-1.jpg?fit=8000%2C4500","contentUrl":"https:\/\/about.fb.com\/fr\/wp-content\/uploads\/sites\/12\/2021\/10\/meta-social-16x9-1.jpg?fit=8000%2C4500","width":8000,"height":4500,"caption":"Meta"},"image":{"@id":"https:\/\/about.fb.com\/fr\/#\/schema\/logo\/image\/"}}]}},"jetpack_featured_media_url":"","jetpack-related-posts":[],"jetpack_sharing_enabled":true,"amp_enabled":true,"_links":{"self":[{"href":"https:\/\/about.fb.com\/fr\/wp-json\/wp\/v2\/posts\/23926","targetHints":{"allow":["GET"]}}],"collection":[{"href":"https:\/\/about.fb.com\/fr\/wp-json\/wp\/v2\/posts"}],"about":[{"href":"https:\/\/about.fb.com\/fr\/wp-json\/wp\/v2\/types\/post"}],"author":[{"embeddable":true,"href":"https:\/\/about.fb.com\/fr\/wp-json\/wp\/v2\/users\/164097090"}],"replies":[{"embeddable":true,"href":"https:\/\/about.fb.com\/fr\/wp-json\/wp\/v2\/comments?post=23926"}],"version-history":[{"count":1,"href":"https:\/\/about.fb.com\/fr\/wp-json\/wp\/v2\/posts\/23926\/revisions"}],"predecessor-version":[{"id":23928,"href":"https:\/\/about.fb.com\/fr\/wp-json\/wp\/v2\/posts\/23926\/revisions\/23928"}],"wp:attachment":[{"href":"https:\/\/about.fb.com\/fr\/wp-json\/wp\/v2\/media?parent=23926"}],"wp:term":[{"taxonomy":"category","embeddable":true,"href":"https:\/\/about.fb.com\/fr\/wp-json\/wp\/v2\/categories?post=23926"},{"taxonomy":"post_tag","embeddable":true,"href":"https:\/\/about.fb.com\/fr\/wp-json\/wp\/v2\/tags?post=23926"}],"curies":[{"name":"wp","href":"https:\/\/api.w.org\/{rel}","templated":true}]}}