{"id":23410,"date":"2022-10-24T09:04:38","date_gmt":"2022-10-24T07:04:38","guid":{"rendered":"https:\/\/about.fb.com\/fr\/?p=23410"},"modified":"2022-10-24T09:05:00","modified_gmt":"2022-10-24T07:05:00","slug":"meta-lance-un-programme-dacceleration-de-start-up-dedie-a-la-creativite-dans-le-metavers-en-partenariat-avec-le-groupe-loreal-en-france","status":"publish","type":"post","link":"https:\/\/about.fb.com\/fr\/news\/2022\/10\/meta-lance-un-programme-dacceleration-de-start-up-dedie-a-la-creativite-dans-le-metavers-en-partenariat-avec-le-groupe-loreal-en-france\/","title":{"rendered":"Meta lance un programme d&rsquo;acc\u00e9l\u00e9ration de start-up d\u00e9di\u00e9 \u00e0 la cr\u00e9ativit\u00e9 dans le m\u00e9tavers en partenariat avec le groupe L&rsquo;Or\u00e9al en France"},"content":{"rendered":"\r\n<p><em>Avec ce programme bas\u00e9 \u00e0 STATION F, Meta, en partenariat avec le Groupe L\u2019Or\u00e9al, veut encourager le d\u00e9veloppement d\u2019un m\u00e9tavers cr\u00e9atif et inclusif, en soutenant l\u2019entrepreneuriat fran\u00e7ais. Les candidatures sont ouvertes jusqu\u2019au 20 novembre 2022.<\/em><\/p>\r\n<p dir=\"ltr\">Meta s&rsquo;associe au Groupe L\u2019Or\u00e9al en France pour lancer le premier programme d&rsquo;acc\u00e9l\u00e9ration de start-up d\u00e9di\u00e9 \u00e0 la cr\u00e9ativit\u00e9 dans le m\u00e9tavers. Situ\u00e9e \u00e0 STATION F, \u00e0 Paris, et avec le soutien d\u2019Incubateur HEC Paris, cette initiative a pour but de soutenir et encourager les start-up qui construiront un m\u00e9tavers et un \u00e9cosyst\u00e8me Web3 inclusifs et cr\u00e9atifs.<\/p>\r\n<p dir=\"ltr\">Ce programme accompagnera 5 start-up, en phase d\u2019acc\u00e9l\u00e9ration, de janvier \u00e0 juin 2023. Un jury d&rsquo;experts de Meta et L&rsquo;Or\u00e9al s\u00e9lectionnera des participants avec une forte dimension d&rsquo;inclusivit\u00e9 et de diversit\u00e9 dans leurs projets. Les candidatures sont ouvertes jusqu&rsquo;au 20 novembre 2022.<br \/>Les projets des start-up s\u00e9lectionn\u00e9es couvriront un large \u00e9ventail de th\u00e9matiques, allant de la production 3D aux technologies de r\u00e9alit\u00e9 augment\u00e9e, virtuelle ou mixte, en passant par la cr\u00e9ation d&rsquo;avatars et de leur portabilit\u00e9, l&rsquo;exp\u00e9rience utilisateur et d&rsquo;autres sujets li\u00e9s au Web3.<\/p>\r\n<p dir=\"ltr\">Ce programme d&rsquo;acc\u00e9l\u00e9ration comprendra des interactions et des conf\u00e9rences \u00e0 STATION F, o\u00f9 les start-up disposeront de toutes les ressources du plus grand campus de start-up au monde (communaut\u00e9 d\u2019investisseurs, ateliers&#8230;.) et d&rsquo;un espace de travail d\u00e9di\u00e9. Les chercheurs de Meta AI et les experts de L&rsquo;Or\u00e9al offriront \u00e9galement un mentorat.<\/p>\r\n<p dir=\"ltr\"><strong>Pour Laurent Solly, Vice-Pr\u00e9sident Europe du sud de Meta<\/strong>\u00a0: \u201c<em>Nous sommes fiers de nous associer \u00e0 L\u2019Or\u00e9al Groupe \u00e0 travers ce projet ambitieux qui a pour objectif de soutenir notre \u00e9cosyst\u00e8me de start-up fran\u00e7aises, qui a un r\u00f4le d\u00e9terminant dans la construction d\u2019un m\u00e9tavers collectif, cr\u00e9atif et inclusif<\/em>. \u201c<br \/>\u00a0<br \/><strong>Asmita Dubey, Chief Digital &amp; Marketing Officer du Groupe L\u2019Or\u00e9al<\/strong>\u00a0: \u201c<em>Les cr\u00e9ateurs sont au c\u0153ur du m\u00e9tavers. Ce programme vise \u00e0 soutenir et \u00e0 renforcer l&rsquo;\u00e9cosyst\u00e8me qui le construira, et qui peut ouvrir la voie pour aller au-del\u00e0 du storytelling &#8211; vers du storyliving de marque, en ad\u00e9quation avec nos valeurs que sont l\u2019inclusivit\u00e9, la diversit\u00e9 et la durabilit\u00e9.<\/em>\u201d<\/p>\r\n<p dir=\"ltr\">Les start-up peuvent candidater\u00a0<a href=\"https:\/\/anws.co\/csof3\/%7Be8003430-a9f4-48b2-a037-844f24ec04ee%7D\" target=\"_blank\" rel=\"noopener\" data-saferedirecturl=\"https:\/\/www.google.com\/url?q=https:\/\/anws.co\/csof3\/%257Be8003430-a9f4-48b2-a037-844f24ec04ee%257D&amp;source=gmail&amp;ust=1666680822611000&amp;usg=AOvVaw3k5L3s07LO_BWml25dRAie\">ici.<\/a><\/p>\r\n","protected":false},"excerpt":{"rendered":"Avec ce programme bas\u00e9 \u00e0 STATION F, Meta, en partenariat avec le Groupe L\u2019Or\u00e9al, veut encourager le d\u00e9veloppement d\u2019un m\u00e9tavers cr\u00e9atif et inclusif, en soutenant l\u2019entrepreneuriat fran\u00e7ais. Les candidatures sont ouvertes jusqu\u2019au 20 novembre 2022. Meta s&rsquo;associe au Groupe L\u2019Or\u00e9al en France pour lancer le premier programme d&rsquo;acc\u00e9l\u00e9ration de start-up d\u00e9di\u00e9 \u00e0 la cr\u00e9ativit\u00e9 dans le m\u00e9tavers. Situ\u00e9e \u00e0 STATION F, \u00e0 Paris, et avec le soutien d\u2019Incubateur HEC Paris, cette initiative a pour but de soutenir et encourager les start-up qui construiront un m\u00e9tavers et un \u00e9cosyst\u00e8me Web3 inclusifs et cr\u00e9atifs. Ce programme accompagnera 5 start-up, en phase d\u2019acc\u00e9l\u00e9ration, de janvier \u00e0 juin 2023. Un jury d&rsquo;experts de Meta et L&rsquo;Or\u00e9al s\u00e9lectionnera des participants avec une forte dimension d&rsquo;inclusivit\u00e9 et de diversit\u00e9 dans leurs projets. Les candidatures sont ouvertes jusqu&rsquo;au 20 novembre 2022.Les projets des start-up s\u00e9lectionn\u00e9es couvriront un large \u00e9ventail de th\u00e9matiques, allant de la production 3D aux technologies de r\u00e9alit\u00e9 augment\u00e9e, virtuelle ou mixte, en passant par la cr\u00e9ation d&rsquo;avatars et de leur portabilit\u00e9, l&rsquo;exp\u00e9rience utilisateur et d&rsquo;autres sujets li\u00e9s au Web3. Ce programme d&rsquo;acc\u00e9l\u00e9ration comprendra des interactions et des conf\u00e9rences \u00e0 STATION F, o\u00f9 les start-up disposeront de toutes les ressources du plus grand campus de start-up au monde (communaut\u00e9 d\u2019investisseurs, ateliers&#8230;.) et d&rsquo;un espace de travail d\u00e9di\u00e9. Les chercheurs de Meta AI et les experts de L&rsquo;Or\u00e9al offriront \u00e9galement un mentorat. Pour Laurent Solly, Vice-Pr\u00e9sident Europe du sud de Meta\u00a0: \u201cNous sommes fiers de nous associer \u00e0 L\u2019Or\u00e9al Groupe \u00e0 travers ce projet ambitieux qui a pour objectif de soutenir notre \u00e9cosyst\u00e8me de start-up fran\u00e7aises, qui a un r\u00f4le d\u00e9terminant dans la construction d\u2019un m\u00e9tavers collectif, cr\u00e9atif et inclusif. \u201c\u00a0Asmita Dubey, Chief Digital &amp; Marketing Officer du Groupe L\u2019Or\u00e9al\u00a0: \u201cLes cr\u00e9ateurs sont au c\u0153ur du m\u00e9tavers. Ce programme vise \u00e0 soutenir et \u00e0 renforcer l&rsquo;\u00e9cosyst\u00e8me qui le construira, et qui peut ouvrir la voie pour aller au-del\u00e0 du storytelling &#8211; vers du storyliving de marque, en ad\u00e9quation avec nos valeurs que sont l\u2019inclusivit\u00e9, la diversit\u00e9 et la durabilit\u00e9.\u201d Les start-up peuvent candidater\u00a0ici.","protected":false},"author":164097143,"featured_media":0,"comment_status":"closed","ping_status":"closed","sticky":false,"template":"","format":"standard","meta":{"_jetpack_memberships_contains_paid_content":false,"footnotes":""},"categories":[243897990,243897985,243898060],"tags":[],"class_list":["post-23410","post","type-post","status-publish","format-standard","hentry","category-actualites","category-meta","category-smbs"],"yoast_head":"<!-- This site is optimized with the Yoast SEO plugin v27.2 - https:\/\/yoast.com\/product\/yoast-seo-wordpress\/ -->\n<title>Meta lance un programme d&#039;acc\u00e9l\u00e9ration de start-up d\u00e9di\u00e9 \u00e0 la cr\u00e9ativit\u00e9 dans le m\u00e9tavers en partenariat avec le groupe L&#039;Or\u00e9al en France | \u00c0 propos de Meta<\/title>\n<meta name=\"robots\" content=\"index, follow, max-snippet:-1, max-image-preview:large, max-video-preview:-1\" \/>\n<link rel=\"canonical\" href=\"https:\/\/about.fb.com\/fr\/news\/2022\/10\/meta-lance-un-programme-dacceleration-de-start-up-dedie-a-la-creativite-dans-le-metavers-en-partenariat-avec-le-groupe-loreal-en-france\/\" \/>\n<meta property=\"og:locale\" content=\"fr_FR\" \/>\n<meta property=\"og:type\" content=\"article\" \/>\n<meta property=\"og:title\" content=\"Meta lance un programme d&#039;acc\u00e9l\u00e9ration de start-up d\u00e9di\u00e9 \u00e0 la cr\u00e9ativit\u00e9 dans le m\u00e9tavers en partenariat avec le groupe L&#039;Or\u00e9al en France | \u00c0 propos de Meta\" \/>\n<meta property=\"og:description\" content=\"Avec ce programme bas\u00e9 \u00e0 STATION F, Meta, en partenariat avec le Groupe L\u2019Or\u00e9al, veut encourager le d\u00e9veloppement d\u2019un m\u00e9tavers cr\u00e9atif et inclusif, en soutenant l\u2019entrepreneuriat fran\u00e7ais. Les candidatures sont ouvertes jusqu\u2019au 20 novembre 2022. Meta s&rsquo;associe au Groupe L\u2019Or\u00e9al en France pour lancer le premier programme d&rsquo;acc\u00e9l\u00e9ration de start-up d\u00e9di\u00e9 \u00e0 la cr\u00e9ativit\u00e9 dans le m\u00e9tavers. Situ\u00e9e \u00e0 STATION F, \u00e0 Paris, et avec le soutien d\u2019Incubateur HEC Paris, cette initiative a pour but de soutenir et encourager les start-up qui construiront un m\u00e9tavers et un \u00e9cosyst\u00e8me Web3 inclusifs et cr\u00e9atifs. Ce programme accompagnera 5 start-up, en phase d\u2019acc\u00e9l\u00e9ration, de janvier \u00e0 juin 2023. Un jury d&rsquo;experts de Meta et L&rsquo;Or\u00e9al s\u00e9lectionnera des participants avec une forte dimension d&rsquo;inclusivit\u00e9 et de diversit\u00e9 dans leurs projets. Les candidatures sont ouvertes jusqu&rsquo;au 20 novembre 2022.Les projets des start-up s\u00e9lectionn\u00e9es couvriront un large \u00e9ventail de th\u00e9matiques, allant de la production 3D aux technologies de r\u00e9alit\u00e9 augment\u00e9e, virtuelle ou mixte, en passant par la cr\u00e9ation d&rsquo;avatars et de leur portabilit\u00e9, l&rsquo;exp\u00e9rience utilisateur et d&rsquo;autres sujets li\u00e9s au Web3. Ce programme d&rsquo;acc\u00e9l\u00e9ration comprendra des interactions et des conf\u00e9rences \u00e0 STATION F, o\u00f9 les start-up disposeront de toutes les ressources du plus grand campus de start-up au monde (communaut\u00e9 d\u2019investisseurs, ateliers&#8230;.) et d&rsquo;un espace de travail d\u00e9di\u00e9. Les chercheurs de Meta AI et les experts de L&rsquo;Or\u00e9al offriront \u00e9galement un mentorat. Pour Laurent Solly, Vice-Pr\u00e9sident Europe du sud de Meta\u00a0: \u201cNous sommes fiers de nous associer \u00e0 L\u2019Or\u00e9al Groupe \u00e0 travers ce projet ambitieux qui a pour objectif de soutenir notre \u00e9cosyst\u00e8me de start-up fran\u00e7aises, qui a un r\u00f4le d\u00e9terminant dans la construction d\u2019un m\u00e9tavers collectif, cr\u00e9atif et inclusif. \u201c\u00a0Asmita Dubey, Chief Digital &amp; Marketing Officer du Groupe L\u2019Or\u00e9al\u00a0: \u201cLes cr\u00e9ateurs sont au c\u0153ur du m\u00e9tavers. Ce programme vise \u00e0 soutenir et \u00e0 renforcer l&rsquo;\u00e9cosyst\u00e8me qui le construira, et qui peut ouvrir la voie pour aller au-del\u00e0 du storytelling &#8211; vers du storyliving de marque, en ad\u00e9quation avec nos valeurs que sont l\u2019inclusivit\u00e9, la diversit\u00e9 et la durabilit\u00e9.\u201d Les start-up peuvent candidater\u00a0ici.\" \/>\n<meta property=\"og:url\" content=\"https:\/\/about.fb.com\/fr\/news\/2022\/10\/meta-lance-un-programme-dacceleration-de-start-up-dedie-a-la-creativite-dans-le-metavers-en-partenariat-avec-le-groupe-loreal-en-france\/\" \/>\n<meta property=\"og:site_name\" content=\"\u00c0 propos de Meta\" \/>\n<meta property=\"article:published_time\" content=\"2022-10-24T07:04:38+00:00\" \/>\n<meta property=\"article:modified_time\" content=\"2022-10-24T07:05:00+00:00\" \/>\n<meta property=\"og:image\" content=\"https:\/\/about.fb.com\/fr\/wp-content\/uploads\/sites\/12\/2021\/10\/meta-social-16x9-1.jpg?resize=1024,576\" \/>\n\t<meta property=\"og:image:width\" content=\"1024\" \/>\n\t<meta property=\"og:image:height\" content=\"576\" \/>\n\t<meta property=\"og:image:type\" content=\"image\/jpeg\" \/>\n<meta name=\"author\" content=\"mathilderatinaud\" \/>\n<meta name=\"twitter:card\" content=\"summary_large_image\" \/>\n<meta name=\"twitter:label1\" content=\"Written by\" \/>\n\t<meta name=\"twitter:data1\" content=\"Meta\" \/>\n\t<meta name=\"twitter:label2\" content=\"Est. reading time\" \/>\n\t<meta name=\"twitter:data2\" content=\"2 minutes\" \/>\n<script type=\"application\/ld+json\" class=\"yoast-schema-graph\">{\"@context\":\"https:\/\/schema.org\",\"@graph\":[{\"@type\":\"Article\",\"@id\":\"https:\/\/about.fb.com\/fr\/news\/2022\/10\/meta-lance-un-programme-dacceleration-de-start-up-dedie-a-la-creativite-dans-le-metavers-en-partenariat-avec-le-groupe-loreal-en-france\/#article\",\"isPartOf\":{\"@id\":\"https:\/\/about.fb.com\/fr\/news\/2022\/10\/meta-lance-un-programme-dacceleration-de-start-up-dedie-a-la-creativite-dans-le-metavers-en-partenariat-avec-le-groupe-loreal-en-france\/\"},\"author\":\"Facebook company\",\"headline\":\"Meta lance un programme d&rsquo;acc\u00e9l\u00e9ration de start-up d\u00e9di\u00e9 \u00e0 la cr\u00e9ativit\u00e9 dans le m\u00e9tavers en partenariat avec le groupe L&rsquo;Or\u00e9al en France\",\"datePublished\":\"2022-10-24T07:04:38+00:00\",\"dateModified\":\"2022-10-24T07:05:00+00:00\",\"mainEntityOfPage\":{\"@id\":\"https:\/\/about.fb.com\/fr\/news\/2022\/10\/meta-lance-un-programme-dacceleration-de-start-up-dedie-a-la-creativite-dans-le-metavers-en-partenariat-avec-le-groupe-loreal-en-france\/\"},\"wordCount\":423,\"publisher\":{\"@id\":\"https:\/\/about.fb.com\/fr\/#organization\"},\"articleSection\":[\"Actualit\u00e9s\",\"Meta\",\"SMBs\"],\"inLanguage\":\"fr-FR\"},{\"@type\":\"WebPage\",\"@id\":\"https:\/\/about.fb.com\/fr\/news\/2022\/10\/meta-lance-un-programme-dacceleration-de-start-up-dedie-a-la-creativite-dans-le-metavers-en-partenariat-avec-le-groupe-loreal-en-france\/\",\"url\":\"https:\/\/about.fb.com\/fr\/news\/2022\/10\/meta-lance-un-programme-dacceleration-de-start-up-dedie-a-la-creativite-dans-le-metavers-en-partenariat-avec-le-groupe-loreal-en-france\/\",\"name\":\"Meta lance un programme d'acc\u00e9l\u00e9ration de start-up d\u00e9di\u00e9 \u00e0 la cr\u00e9ativit\u00e9 dans le m\u00e9tavers en partenariat avec le groupe L'Or\u00e9al en France | \u00c0 propos de Meta\",\"isPartOf\":{\"@id\":\"https:\/\/about.fb.com\/fr\/#website\"},\"datePublished\":\"2022-10-24T07:04:38+00:00\",\"dateModified\":\"2022-10-24T07:05:00+00:00\",\"breadcrumb\":{\"@id\":\"https:\/\/about.fb.com\/fr\/news\/2022\/10\/meta-lance-un-programme-dacceleration-de-start-up-dedie-a-la-creativite-dans-le-metavers-en-partenariat-avec-le-groupe-loreal-en-france\/#breadcrumb\"},\"inLanguage\":\"fr-FR\",\"potentialAction\":[{\"@type\":\"ReadAction\",\"target\":[\"https:\/\/about.fb.com\/fr\/news\/2022\/10\/meta-lance-un-programme-dacceleration-de-start-up-dedie-a-la-creativite-dans-le-metavers-en-partenariat-avec-le-groupe-loreal-en-france\/\"]}],\"author\":\"\u00c0 propos de Meta\"},{\"@type\":\"BreadcrumbList\",\"@id\":\"https:\/\/about.fb.com\/fr\/news\/2022\/10\/meta-lance-un-programme-dacceleration-de-start-up-dedie-a-la-creativite-dans-le-metavers-en-partenariat-avec-le-groupe-loreal-en-france\/#breadcrumb\",\"itemListElement\":[{\"@type\":\"ListItem\",\"position\":1,\"name\":\"Home\",\"item\":\"https:\/\/about.fb.com\/fr\/\"},{\"@type\":\"ListItem\",\"position\":2,\"name\":\"Meta lance un programme d&rsquo;acc\u00e9l\u00e9ration de start-up d\u00e9di\u00e9 \u00e0 la cr\u00e9ativit\u00e9 dans le m\u00e9tavers en partenariat avec le groupe L&rsquo;Or\u00e9al en France\"}]},{\"@type\":\"WebSite\",\"@id\":\"https:\/\/about.fb.com\/fr\/#website\",\"url\":\"https:\/\/about.fb.com\/news\/\",\"name\":\"\u00c0 propos de Meta\",\"description\":\"\",\"publisher\":{\"@id\":\"https:\/\/about.fb.com\/fr\/#organization\"},\"potentialAction\":[{\"@type\":\"SearchAction\",\"target\":{\"@type\":\"EntryPoint\",\"urlTemplate\":\"https:\/\/about.fb.com\/fr\/?s={search_term_string}\"},\"query-input\":{\"@type\":\"PropertyValueSpecification\",\"valueRequired\":true,\"valueName\":\"search_term_string\"}}],\"inLanguage\":\"fr-FR\",\"alternateName\":[\"Meta Newsroom\",\"Meta\"]},{\"@type\":\"Organization\",\"@id\":\"https:\/\/about.fb.com\/fr\/#organization\",\"name\":\"Meta\",\"url\":\"https:\/\/about.fb.com\/fr\/\",\"logo\":{\"@type\":\"ImageObject\",\"inLanguage\":\"fr-FR\",\"@id\":\"https:\/\/about.fb.com\/fr\/#\/schema\/logo\/image\/\",\"url\":\"https:\/\/about.fb.com\/fr\/wp-content\/uploads\/sites\/12\/2021\/10\/meta-social-16x9-1.jpg?fit=8000%2C4500\",\"contentUrl\":\"https:\/\/about.fb.com\/fr\/wp-content\/uploads\/sites\/12\/2021\/10\/meta-social-16x9-1.jpg?fit=8000%2C4500\",\"width\":8000,\"height\":4500,\"caption\":\"Meta\"},\"image\":{\"@id\":\"https:\/\/about.fb.com\/fr\/#\/schema\/logo\/image\/\"}}]}<\/script>\n<!-- \/ Yoast SEO plugin. -->","yoast_head_json":{"title":"Meta lance un programme d'acc\u00e9l\u00e9ration de start-up d\u00e9di\u00e9 \u00e0 la cr\u00e9ativit\u00e9 dans le m\u00e9tavers en partenariat avec le groupe L'Or\u00e9al en France | \u00c0 propos de Meta","robots":{"index":"index","follow":"follow","max-snippet":"max-snippet:-1","max-image-preview":"max-image-preview:large","max-video-preview":"max-video-preview:-1"},"canonical":"https:\/\/about.fb.com\/fr\/news\/2022\/10\/meta-lance-un-programme-dacceleration-de-start-up-dedie-a-la-creativite-dans-le-metavers-en-partenariat-avec-le-groupe-loreal-en-france\/","og_locale":"fr_FR","og_type":"article","og_title":"Meta lance un programme d'acc\u00e9l\u00e9ration de start-up d\u00e9di\u00e9 \u00e0 la cr\u00e9ativit\u00e9 dans le m\u00e9tavers en partenariat avec le groupe L'Or\u00e9al en France | \u00c0 propos de Meta","og_description":"Avec ce programme bas\u00e9 \u00e0 STATION F, Meta, en partenariat avec le Groupe L\u2019Or\u00e9al, veut encourager le d\u00e9veloppement d\u2019un m\u00e9tavers cr\u00e9atif et inclusif, en soutenant l\u2019entrepreneuriat fran\u00e7ais. Les candidatures sont ouvertes jusqu\u2019au 20 novembre 2022. Meta s&rsquo;associe au Groupe L\u2019Or\u00e9al en France pour lancer le premier programme d&rsquo;acc\u00e9l\u00e9ration de start-up d\u00e9di\u00e9 \u00e0 la cr\u00e9ativit\u00e9 dans le m\u00e9tavers. Situ\u00e9e \u00e0 STATION F, \u00e0 Paris, et avec le soutien d\u2019Incubateur HEC Paris, cette initiative a pour but de soutenir et encourager les start-up qui construiront un m\u00e9tavers et un \u00e9cosyst\u00e8me Web3 inclusifs et cr\u00e9atifs. Ce programme accompagnera 5 start-up, en phase d\u2019acc\u00e9l\u00e9ration, de janvier \u00e0 juin 2023. Un jury d&rsquo;experts de Meta et L&rsquo;Or\u00e9al s\u00e9lectionnera des participants avec une forte dimension d&rsquo;inclusivit\u00e9 et de diversit\u00e9 dans leurs projets. Les candidatures sont ouvertes jusqu&rsquo;au 20 novembre 2022.Les projets des start-up s\u00e9lectionn\u00e9es couvriront un large \u00e9ventail de th\u00e9matiques, allant de la production 3D aux technologies de r\u00e9alit\u00e9 augment\u00e9e, virtuelle ou mixte, en passant par la cr\u00e9ation d&rsquo;avatars et de leur portabilit\u00e9, l&rsquo;exp\u00e9rience utilisateur et d&rsquo;autres sujets li\u00e9s au Web3. Ce programme d&rsquo;acc\u00e9l\u00e9ration comprendra des interactions et des conf\u00e9rences \u00e0 STATION F, o\u00f9 les start-up disposeront de toutes les ressources du plus grand campus de start-up au monde (communaut\u00e9 d\u2019investisseurs, ateliers&#8230;.) et d&rsquo;un espace de travail d\u00e9di\u00e9. Les chercheurs de Meta AI et les experts de L&rsquo;Or\u00e9al offriront \u00e9galement un mentorat. Pour Laurent Solly, Vice-Pr\u00e9sident Europe du sud de Meta\u00a0: \u201cNous sommes fiers de nous associer \u00e0 L\u2019Or\u00e9al Groupe \u00e0 travers ce projet ambitieux qui a pour objectif de soutenir notre \u00e9cosyst\u00e8me de start-up fran\u00e7aises, qui a un r\u00f4le d\u00e9terminant dans la construction d\u2019un m\u00e9tavers collectif, cr\u00e9atif et inclusif. \u201c\u00a0Asmita Dubey, Chief Digital &amp; Marketing Officer du Groupe L\u2019Or\u00e9al\u00a0: \u201cLes cr\u00e9ateurs sont au c\u0153ur du m\u00e9tavers. Ce programme vise \u00e0 soutenir et \u00e0 renforcer l&rsquo;\u00e9cosyst\u00e8me qui le construira, et qui peut ouvrir la voie pour aller au-del\u00e0 du storytelling &#8211; vers du storyliving de marque, en ad\u00e9quation avec nos valeurs que sont l\u2019inclusivit\u00e9, la diversit\u00e9 et la durabilit\u00e9.\u201d Les start-up peuvent candidater\u00a0ici.","og_url":"https:\/\/about.fb.com\/fr\/news\/2022\/10\/meta-lance-un-programme-dacceleration-de-start-up-dedie-a-la-creativite-dans-le-metavers-en-partenariat-avec-le-groupe-loreal-en-france\/","og_site_name":"\u00c0 propos de Meta","article_published_time":"2022-10-24T07:04:38+00:00","article_modified_time":"2022-10-24T07:05:00+00:00","og_image":[{"width":1024,"height":576,"url":"https:\/\/about.fb.com\/fr\/wp-content\/uploads\/sites\/12\/2021\/10\/meta-social-16x9-1.jpg?resize=1024,576","type":"image\/jpeg"}],"author":"mathilderatinaud","twitter_card":"summary_large_image","twitter_misc":{"Written by":"Meta","Est. reading time":"2 minutes"},"schema":{"@context":"https:\/\/schema.org","@graph":[{"@type":"Article","@id":"https:\/\/about.fb.com\/fr\/news\/2022\/10\/meta-lance-un-programme-dacceleration-de-start-up-dedie-a-la-creativite-dans-le-metavers-en-partenariat-avec-le-groupe-loreal-en-france\/#article","isPartOf":{"@id":"https:\/\/about.fb.com\/fr\/news\/2022\/10\/meta-lance-un-programme-dacceleration-de-start-up-dedie-a-la-creativite-dans-le-metavers-en-partenariat-avec-le-groupe-loreal-en-france\/"},"author":"Facebook company","headline":"Meta lance un programme d&rsquo;acc\u00e9l\u00e9ration de start-up d\u00e9di\u00e9 \u00e0 la cr\u00e9ativit\u00e9 dans le m\u00e9tavers en partenariat avec le groupe L&rsquo;Or\u00e9al en France","datePublished":"2022-10-24T07:04:38+00:00","dateModified":"2022-10-24T07:05:00+00:00","mainEntityOfPage":{"@id":"https:\/\/about.fb.com\/fr\/news\/2022\/10\/meta-lance-un-programme-dacceleration-de-start-up-dedie-a-la-creativite-dans-le-metavers-en-partenariat-avec-le-groupe-loreal-en-france\/"},"wordCount":423,"publisher":{"@id":"https:\/\/about.fb.com\/fr\/#organization"},"articleSection":["Actualit\u00e9s","Meta","SMBs"],"inLanguage":"fr-FR"},{"@type":"WebPage","@id":"https:\/\/about.fb.com\/fr\/news\/2022\/10\/meta-lance-un-programme-dacceleration-de-start-up-dedie-a-la-creativite-dans-le-metavers-en-partenariat-avec-le-groupe-loreal-en-france\/","url":"https:\/\/about.fb.com\/fr\/news\/2022\/10\/meta-lance-un-programme-dacceleration-de-start-up-dedie-a-la-creativite-dans-le-metavers-en-partenariat-avec-le-groupe-loreal-en-france\/","name":"Meta lance un programme d'acc\u00e9l\u00e9ration de start-up d\u00e9di\u00e9 \u00e0 la cr\u00e9ativit\u00e9 dans le m\u00e9tavers en partenariat avec le groupe L'Or\u00e9al en France | \u00c0 propos de Meta","isPartOf":{"@id":"https:\/\/about.fb.com\/fr\/#website"},"datePublished":"2022-10-24T07:04:38+00:00","dateModified":"2022-10-24T07:05:00+00:00","breadcrumb":{"@id":"https:\/\/about.fb.com\/fr\/news\/2022\/10\/meta-lance-un-programme-dacceleration-de-start-up-dedie-a-la-creativite-dans-le-metavers-en-partenariat-avec-le-groupe-loreal-en-france\/#breadcrumb"},"inLanguage":"fr-FR","potentialAction":[{"@type":"ReadAction","target":["https:\/\/about.fb.com\/fr\/news\/2022\/10\/meta-lance-un-programme-dacceleration-de-start-up-dedie-a-la-creativite-dans-le-metavers-en-partenariat-avec-le-groupe-loreal-en-france\/"]}],"author":"\u00c0 propos de Meta"},{"@type":"BreadcrumbList","@id":"https:\/\/about.fb.com\/fr\/news\/2022\/10\/meta-lance-un-programme-dacceleration-de-start-up-dedie-a-la-creativite-dans-le-metavers-en-partenariat-avec-le-groupe-loreal-en-france\/#breadcrumb","itemListElement":[{"@type":"ListItem","position":1,"name":"Home","item":"https:\/\/about.fb.com\/fr\/"},{"@type":"ListItem","position":2,"name":"Meta lance un programme d&rsquo;acc\u00e9l\u00e9ration de start-up d\u00e9di\u00e9 \u00e0 la cr\u00e9ativit\u00e9 dans le m\u00e9tavers en partenariat avec le groupe L&rsquo;Or\u00e9al en France"}]},{"@type":"WebSite","@id":"https:\/\/about.fb.com\/fr\/#website","url":"https:\/\/about.fb.com\/news\/","name":"\u00c0 propos de Meta","description":"","publisher":{"@id":"https:\/\/about.fb.com\/fr\/#organization"},"potentialAction":[{"@type":"SearchAction","target":{"@type":"EntryPoint","urlTemplate":"https:\/\/about.fb.com\/fr\/?s={search_term_string}"},"query-input":{"@type":"PropertyValueSpecification","valueRequired":true,"valueName":"search_term_string"}}],"inLanguage":"fr-FR","alternateName":["Meta Newsroom","Meta"]},{"@type":"Organization","@id":"https:\/\/about.fb.com\/fr\/#organization","name":"Meta","url":"https:\/\/about.fb.com\/fr\/","logo":{"@type":"ImageObject","inLanguage":"fr-FR","@id":"https:\/\/about.fb.com\/fr\/#\/schema\/logo\/image\/","url":"https:\/\/about.fb.com\/fr\/wp-content\/uploads\/sites\/12\/2021\/10\/meta-social-16x9-1.jpg?fit=8000%2C4500","contentUrl":"https:\/\/about.fb.com\/fr\/wp-content\/uploads\/sites\/12\/2021\/10\/meta-social-16x9-1.jpg?fit=8000%2C4500","width":8000,"height":4500,"caption":"Meta"},"image":{"@id":"https:\/\/about.fb.com\/fr\/#\/schema\/logo\/image\/"}}]}},"jetpack_featured_media_url":"","jetpack-related-posts":[],"jetpack_sharing_enabled":true,"amp_enabled":true,"_links":{"self":[{"href":"https:\/\/about.fb.com\/fr\/wp-json\/wp\/v2\/posts\/23410","targetHints":{"allow":["GET"]}}],"collection":[{"href":"https:\/\/about.fb.com\/fr\/wp-json\/wp\/v2\/posts"}],"about":[{"href":"https:\/\/about.fb.com\/fr\/wp-json\/wp\/v2\/types\/post"}],"author":[{"embeddable":true,"href":"https:\/\/about.fb.com\/fr\/wp-json\/wp\/v2\/users\/164097143"}],"replies":[{"embeddable":true,"href":"https:\/\/about.fb.com\/fr\/wp-json\/wp\/v2\/comments?post=23410"}],"version-history":[{"count":4,"href":"https:\/\/about.fb.com\/fr\/wp-json\/wp\/v2\/posts\/23410\/revisions"}],"predecessor-version":[{"id":23415,"href":"https:\/\/about.fb.com\/fr\/wp-json\/wp\/v2\/posts\/23410\/revisions\/23415"}],"wp:attachment":[{"href":"https:\/\/about.fb.com\/fr\/wp-json\/wp\/v2\/media?parent=23410"}],"wp:term":[{"taxonomy":"category","embeddable":true,"href":"https:\/\/about.fb.com\/fr\/wp-json\/wp\/v2\/categories?post=23410"},{"taxonomy":"post_tag","embeddable":true,"href":"https:\/\/about.fb.com\/fr\/wp-json\/wp\/v2\/tags?post=23410"}],"curies":[{"name":"wp","href":"https:\/\/api.w.org\/{rel}","templated":true}]}}