{"id":23065,"date":"2022-06-02T07:00:26","date_gmt":"2022-06-02T05:00:26","guid":{"rendered":"https:\/\/about.fb.com\/fr\/?p=23065"},"modified":"2023-12-20T16:27:43","modified_gmt":"2023-12-20T15:27:43","slug":"elections-legislatives-des-12-et-19-juin-2022-le-gouvernement-long-a-vote-et-meta-france-unissent-leurs-forces-pour-mobiliser-les-electeurs","status":"publish","type":"post","link":"https:\/\/about.fb.com\/fr\/news\/2022\/06\/elections-legislatives-des-12-et-19-juin-2022-le-gouvernement-long-a-vote-et-meta-france-unissent-leurs-forces-pour-mobiliser-les-electeurs\/","title":{"rendered":"\u00c9lections l\u00e9gislatives des 12 et 19 juin 2022 : le Gouvernement, l\u2019ONG \u00ab A Vot\u00e9 \u00bb et Meta France unissent leurs forces pour mobiliser les \u00e9lecteurs"},"content":{"rendered":"<p><i><span style=\"font-weight: 400\">A l\u2019approche des \u00e9lections l\u00e9gislatives fran\u00e7aises, l\u2019ONG \u00ab A Vot\u00e9 \u00bb, Meta France et le Gouvernement s\u2019associent dans<\/span><\/i> <i><span style=\"font-weight: 400\">un partenariat in\u00e9dit pour<\/span><\/i> <i><span style=\"font-weight: 400\">informer et encourager les citoyens \u00e0 participer \u00e0 ces scrutins.<\/span><\/i><\/p>\n<p><b>#WeLoveVote : Aller \u00e0 la rencontre des jeunes\u00a0<\/b><\/p>\n<p><span style=\"font-weight: 400\">Alors que les citoyens de moins de 35 ans se sont fortement abstenus lors de la derni\u00e8re \u00e9lection pr\u00e9sidentielle, les b\u00e9n\u00e9voles d\u2019 \u00ab <\/span><i><span style=\"font-weight: 400\">A Vot\u00e9<\/span><\/i><span style=\"font-weight: 400\"> \u00bb, avec le soutien du Gouvernement, iront \u00e0 leur rencontre lors du Festival \u00ab <\/span><i><span style=\"font-weight: 400\">We Love Green<\/span><\/i><span style=\"font-weight: 400\"> \u00bb \u00e0 Paris du 2 au 6 juin, pour les mobiliser sur<\/span> <span style=\"font-weight: 400\">l\u2019\u00e9ch\u00e9ance d\u00e9mocratique \u00e0 venir, r\u00e9pondre \u00e0 leurs questions et les aider \u00e0 se pr\u00e9parer \u00e0 voter. Les \u00e9quipes d\u2019Instagram mobiliseront des cr\u00e9ateurs pr\u00e9sents \u00e0 We Love Green pour relayer cette initiative et mobiliser leurs communaut\u00e9s.<\/span><\/p>\n<p><b>Des contenus didactiques \u00e0 vocation p\u00e9dagogique sur les \u00e9lections l\u00e9gislatives<\/b><\/p>\n<p><span style=\"font-weight: 400\">Pour sensibiliser le plus grand nombre au r\u00f4le des d\u00e9put\u00e9s et de l\u2019Assembl\u00e9e nationale, le Service d\u2019information du Gouvernement et l\u2019ONG \u00ab <\/span><i><span style=\"font-weight: 400\">A Vot\u00e9<\/span><\/i><span style=\"font-weight: 400\"> \u00bb ont produit une s\u00e9rie de contenus didactiques \u00e0 vocation p\u00e9dagogique qui seront d\u00e9ploy\u00e9s au cours des prochains jours sur Facebook et Instagram. Ces contenus anim\u00e9s au format court seront \u00e9galement relay\u00e9s par Meta France qui soutiendra l&rsquo;amplification de leur diffusion gr\u00e2ce \u00e0 l\u2019attribution de coupons publicitaires d\u00e9di\u00e9s.<\/span><\/p>\n<p><img data-recalc-dims=\"1\" loading=\"lazy\" decoding=\"async\" class=\"aligncenter size-large wp-image-23075\" src=\"https:\/\/about.fb.com\/fr\/wp-content\/uploads\/sites\/12\/2022\/06\/Diapositive1.jpg?w=890&#038;resize=890%2C501\" alt=\"\" width=\"890\" height=\"501\" srcset=\"https:\/\/about.fb.com\/fr\/wp-content\/uploads\/sites\/12\/2022\/06\/Diapositive1.jpg?w=1280 1280w, https:\/\/about.fb.com\/fr\/wp-content\/uploads\/sites\/12\/2022\/06\/Diapositive1.jpg?w=600 600w, https:\/\/about.fb.com\/fr\/wp-content\/uploads\/sites\/12\/2022\/06\/Diapositive1.jpg?w=300 300w, https:\/\/about.fb.com\/fr\/wp-content\/uploads\/sites\/12\/2022\/06\/Diapositive1.jpg?w=768 768w, https:\/\/about.fb.com\/fr\/wp-content\/uploads\/sites\/12\/2022\/06\/Diapositive1.jpg?w=1024 1024w, https:\/\/about.fb.com\/fr\/wp-content\/uploads\/sites\/12\/2022\/06\/Diapositive1.jpg?w=800 800w\" sizes=\"auto, (max-width: 890px) 100vw, 890px\" \/><\/p>\n<p style=\"text-align: center\"><i><span style=\"font-weight: 400\">Copies des contenus p\u00e9dagogiques diffus\u00e9s sur Instagram et Facebook <\/span><\/i><i><span style=\"font-weight: 400\">avec le soutien de Meta France<\/span><\/i><\/p>\n<p><b>La redirection des utilisateurs vers les informations officielles sur les scrutins<\/b><\/p>\n<p><span style=\"font-weight: 400\">Meta d\u00e9butera dans les prochains jours l\u2019affichage sur Facebook &#8211; en haut du fil d\u2019actualit\u00e9 des utilisateurs de plus de 18 ans en France &#8211; de messages les redirigeant vers le site <\/span><a href=\"https:\/\/urldefense.com\/v3\/__https:\/\/www.elections.interieur.gouv.fr\/__;!!Bt8RZUm9aw!9tVKIh6ImGrQtK36Km7Bq0lcqxUJeiWm1s5YtxFygb6foic_37kOyR4gZ_QAndJRZ8PpHA70pxkxWhjKKTqJOVkwaA$\"><span style=\"font-weight: 400\">https:\/\/www.elections.interieur.gouv.fr<\/span><\/a><span style=\"font-weight: 400\"> regroupant l\u2019ensemble des informations permettant de mieux comprendre le fonctionnement du scrutin, d\u2019effectuer une procuration, de v\u00e9rifier sa situation \u00e9lectorale, ou de trouver son bureau de vote. Des notifications similaires rappelant la tenue des \u00e9lections seront \u00e9galement diffus\u00e9es lors des deux tours des scrutins.<\/span><\/p>\n<p><b>Des \u00ab Stickers \u00bb d\u00e9di\u00e9s sur Instagram pour mobiliser sa communaut\u00e9<\/b><span style=\"font-weight: 400\">\u00a0<\/span><\/p>\n<p><span style=\"font-weight: 400\">Pour permettre \u00e0 chacun de c\u00e9l\u00e9brer la participation citoyenne et d\u2019encourager sa communaut\u00e9 \u00e0 se mobiliser et voter les 12 et 19 juin, Meta d\u00e9ploie sur Instagram une s\u00e9rie de Stickers in\u00e9dits r\u00e9alis\u00e9s par l\u2019artiste fran\u00e7aise <\/span><a href=\"https:\/\/www.instagram.com\/launorma\/?hl=fr\"><span style=\"font-weight: 400\">Laura Normand<\/span><\/a><span style=\"font-weight: 400\"> \u00e0 utiliser dans les <\/span><i><span style=\"font-weight: 400\">Stories<\/span><\/i><span style=\"font-weight: 400\">. Un clic sur ces Stickers redirigera les utilisateurs vers le site officiel <\/span><a href=\"https:\/\/urldefense.com\/v3\/__https:\/\/www.elections.interieur.gouv.fr\/__;!!Bt8RZUm9aw!9tVKIh6ImGrQtK36Km7Bq0lcqxUJeiWm1s5YtxFygb6foic_37kOyR4gZ_QAndJRZ8PpHA70pxkxWhjKKTqJOVkwaA$\"><span style=\"font-weight: 400\">https:\/\/www.elections.interieur.gouv.fr<\/span><\/a><span style=\"font-weight: 400\">.<\/span> <span style=\"font-weight: 400\">Des Stickers d\u00e9di\u00e9s seront \u00e9galement \u00e0 retrouver sur Facebook \u00e0 l\u2019occasion de ces scrutins.<\/span><\/p>\n<p><img data-recalc-dims=\"1\" loading=\"lazy\" decoding=\"async\" class=\"aligncenter size-large wp-image-23073\" src=\"https:\/\/about.fb.com\/fr\/wp-content\/uploads\/sites\/12\/2022\/06\/Capture-decran-2.png?w=886&#038;resize=886%2C292\" alt=\"\" width=\"886\" height=\"292\" srcset=\"https:\/\/about.fb.com\/fr\/wp-content\/uploads\/sites\/12\/2022\/06\/Capture-decran-2.png?w=886 886w, https:\/\/about.fb.com\/fr\/wp-content\/uploads\/sites\/12\/2022\/06\/Capture-decran-2.png?w=600 600w, https:\/\/about.fb.com\/fr\/wp-content\/uploads\/sites\/12\/2022\/06\/Capture-decran-2.png?w=300 300w, https:\/\/about.fb.com\/fr\/wp-content\/uploads\/sites\/12\/2022\/06\/Capture-decran-2.png?w=768 768w, https:\/\/about.fb.com\/fr\/wp-content\/uploads\/sites\/12\/2022\/06\/Capture-decran-2.png?w=800 800w\" sizes=\"auto, (max-width: 886px) 100vw, 886px\" \/><\/p>\n<p style=\"text-align: center\"><i><span style=\"font-weight: 400\">Stickers cr\u00e9\u00e9s par Laura Normand pour Meta <\/span><\/i><i><span style=\"font-weight: 400\">\u00e0 retrouver dans les Stories sur Instagram<\/span><\/i><\/p>\n<p><b>Testez vos connaissances sur les \u00e9lections l\u00e9gislatives dans Facebook News<\/b><\/p>\n<p><span style=\"font-weight: 400\">En amont des \u00e9lections, Meta lancera pour la premi\u00e8re fois en France sur Facebook News, l\u2019espace d\u00e9di\u00e9 \u00e0 l\u2019actualit\u00e9 sur Facebook, un quiz sur les \u00e9lections l\u00e9gislatives. Au travers d\u2019une s\u00e9rie de questions, les utilisateurs pourront ainsi tester leurs connaissances de mani\u00e8re informative et ludique et en apprendre plus sur ces scrutins et le fonctionnement de l\u2019Assembl\u00e9e nationale.<\/span><\/p>\n<p><span style=\"font-weight: 400\">Pour <\/span><b>Michael Nathan<\/b><span style=\"font-weight: 400\">, Directeur du Service d\u2019information du Gouvernement, \u00ab <\/span><i><span style=\"font-weight: 400\">Ce partenariat mat\u00e9rialise les efforts entrepris pour mobiliser les citoyens et singuli\u00e8rement les primo-votants, autour de l\u2019enjeu de l\u2019engagement civique en g\u00e9n\u00e9ral et du vote en particulier. Les multiples initiatives d\u00e9ploy\u00e9es, qu\u2019elles soient num\u00e9riques, \u00e9v\u00e8nementielles ou \u00e9ditoriales s\u2019inscrivent dans une volont\u00e9 assum\u00e9e de se rapprocher au plus pr\u00e8s des audiences cibl\u00e9es en s\u2019affranchissant des codes traditionnels de communication institutionnelle. Nous sommes ravis que Meta s\u2019engage \u00e0 nos c\u00f4t\u00e9s et ceux d\u2019A Vot\u00e9 pour maximiser l\u2019impact de nos actions<\/span><\/i><i><span style=\"font-weight: 400\">.<\/span><\/i><i><span style=\"font-weight: 400\"> \u00bb<\/span><\/i><\/p>\n<p><span style=\"font-weight: 400\">Ces initiatives viennent compl\u00e9ter l\u2019ensemble des dispositifs d\u2019ores et d\u00e9j\u00e0 mis en \u0153uvre par Meta sur ses diff\u00e9rentes plateformes \u00e0 l\u2019occasion de l\u2019\u00e9lection pr\u00e9sidentielle. Pour <\/span><b>Elisa Borry-Estrade<\/b><span style=\"font-weight: 400\">, Responsable des Affaires publiques de Meta France, \u00ab <\/span><i><span style=\"font-weight: 400\">Dans la continuit\u00e9 de la mobilisation sans rel\u00e2che de ses \u00e9quipes \u00e0 l\u2019occasion de l\u2019\u00e9lection pr\u00e9sidentielle, ce partenariat in\u00e9dit t\u00e9moigne \u00e0 nouveau de la volont\u00e9 de Meta France de s\u2019engager pleinement au service de la d\u00e9mocratie fran\u00e7aise en donnant une voix \u00e0 chacun et en soutenant la participation du plus grand nombre \u00e0 ces scrutins. \u00bb<\/span><\/i><\/p>\n<p><span style=\"font-weight: 400\">L\u2019ONG apartisane et ind\u00e9pendante A Vot\u00e9 continue de s\u2019engager pour d\u00e9fendre la d\u00e9mocratie \u00e0 travers des partenariats in\u00e9dits qui permettent de toucher le plus grand nombre. Pour <\/span><b>Flore Blondel-Goupil <\/b><span style=\"font-weight: 400\">et <\/span><b>Dorian Dreuil<\/b><span style=\"font-weight: 400\">, Co-pr\u00e9sidents d\u2019A Vot\u00e9, \u00ab<\/span><i><span style=\"font-weight: 400\"> Il y a cinq ans, les \u00e9lections l\u00e9gislatives ont \u00e9t\u00e9 marqu\u00e9es par un record d\u2019abstention sous la V\u00e8me R\u00e9publique. Avec cette coalition in\u00e9dite, nous esp\u00e9rons mobiliser les \u00e9lecteurs, particuli\u00e8rement les jeunes, les 12 et 19 juin prochain en sensibilisant sur l\u2019importance de l\u2019Assembl\u00e9e nationale dans la vie d\u00e9mocratique fran\u00e7aise. \u00bb<\/span><\/i><\/p>\n","protected":false},"excerpt":{"rendered":"A l\u2019approche des \u00e9lections l\u00e9gislatives fran\u00e7aises, l\u2019ONG \u00ab A Vot\u00e9 \u00bb, Meta France et le Gouvernement s\u2019associent dans un partenariat in\u00e9dit pour informer et encourager les citoyens \u00e0 participer \u00e0 ces scrutins. #WeLoveVote : Aller \u00e0 la rencontre des jeunes\u00a0 Alors que les citoyens de moins de 35 ans se sont fortement abstenus lors de la derni\u00e8re \u00e9lection pr\u00e9sidentielle, les b\u00e9n\u00e9voles d\u2019 \u00ab A Vot\u00e9 \u00bb, avec le soutien du Gouvernement, iront \u00e0 leur rencontre lors du Festival \u00ab We Love Green \u00bb \u00e0 Paris du 2 au 6 juin, pour les mobiliser sur l\u2019\u00e9ch\u00e9ance d\u00e9mocratique \u00e0 venir, r\u00e9pondre \u00e0 leurs questions et les aider \u00e0 se pr\u00e9parer \u00e0 voter. Les \u00e9quipes d\u2019Instagram mobiliseront des cr\u00e9ateurs pr\u00e9sents \u00e0 We Love Green pour relayer cette initiative et mobiliser leurs communaut\u00e9s. Des contenus didactiques \u00e0 vocation p\u00e9dagogique sur les \u00e9lections l\u00e9gislatives Pour sensibiliser le plus grand nombre au r\u00f4le des d\u00e9put\u00e9s et de l\u2019Assembl\u00e9e nationale, le Service d\u2019information du Gouvernement et l\u2019ONG \u00ab A Vot\u00e9 \u00bb ont produit une s\u00e9rie de contenus didactiques \u00e0 vocation p\u00e9dagogique qui seront d\u00e9ploy\u00e9s au cours des prochains jours sur Facebook et Instagram. Ces contenus anim\u00e9s au format court seront \u00e9galement relay\u00e9s par Meta France qui soutiendra l&rsquo;amplification de leur diffusion gr\u00e2ce \u00e0 l\u2019attribution de coupons publicitaires d\u00e9di\u00e9s. Copies des contenus p\u00e9dagogiques diffus\u00e9s sur Instagram et Facebook avec le soutien de Meta France La redirection des utilisateurs vers les informations officielles sur les scrutins Meta d\u00e9butera dans les prochains jours l\u2019affichage sur Facebook &#8211; en haut du fil d\u2019actualit\u00e9 des utilisateurs de plus de 18 ans en France &#8211; de messages les redirigeant vers le site <a href=\"https:\/\/www.elections.interieur.gouv.fr\" rel=\"nofollow\">https:\/\/www.elections.interieur.gouv.fr<\/a> regroupant l\u2019ensemble des informations permettant de mieux comprendre le fonctionnement du scrutin, d\u2019effectuer une procuration, de v\u00e9rifier sa situation \u00e9lectorale, ou de trouver son bureau de vote. Des notifications similaires rappelant la tenue des \u00e9lections seront \u00e9galement diffus\u00e9es lors des deux tours des scrutins. Des \u00ab Stickers \u00bb d\u00e9di\u00e9s sur Instagram pour mobiliser sa communaut\u00e9\u00a0 Pour permettre \u00e0 chacun de c\u00e9l\u00e9brer la participation citoyenne et d\u2019encourager sa communaut\u00e9 \u00e0 se mobiliser et voter les 12 et 19 juin, Meta d\u00e9ploie sur Instagram une s\u00e9rie de Stickers in\u00e9dits r\u00e9alis\u00e9s par l\u2019artiste fran\u00e7aise Laura Normand \u00e0 utiliser dans les Stories. Un clic sur ces Stickers redirigera les utilisateurs vers le site officiel <a href=\"https:\/\/www.elections.interieur.gouv.fr\" rel=\"nofollow\">https:\/\/www.elections.interieur.gouv.fr<\/a>. Des Stickers d\u00e9di\u00e9s seront \u00e9galement \u00e0 retrouver sur Facebook \u00e0 l\u2019occasion de ces scrutins. Stickers cr\u00e9\u00e9s par Laura Normand pour Meta \u00e0 retrouver dans les Stories sur Instagram Testez vos connaissances sur les \u00e9lections l\u00e9gislatives dans Facebook News En amont des \u00e9lections, Meta lancera pour la premi\u00e8re fois en France sur Facebook News, l\u2019espace d\u00e9di\u00e9 \u00e0 l\u2019actualit\u00e9 sur Facebook, un quiz sur les \u00e9lections l\u00e9gislatives. Au travers d\u2019une s\u00e9rie de questions, les utilisateurs pourront ainsi tester leurs connaissances de mani\u00e8re informative et ludique et en apprendre plus sur ces scrutins et le fonctionnement de l\u2019Assembl\u00e9e nationale. Pour Michael Nathan, Directeur du Service d\u2019information du Gouvernement, \u00ab Ce partenariat mat\u00e9rialise les efforts entrepris pour mobiliser les citoyens et singuli\u00e8rement les primo-votants, autour de l\u2019enjeu de l\u2019engagement civique en g\u00e9n\u00e9ral et du vote en particulier. Les multiples initiatives d\u00e9ploy\u00e9es, qu\u2019elles soient num\u00e9riques, \u00e9v\u00e8nementielles ou \u00e9ditoriales s\u2019inscrivent dans une volont\u00e9 assum\u00e9e de se rapprocher au plus pr\u00e8s des audiences cibl\u00e9es en s\u2019affranchissant des codes traditionnels de communication institutionnelle. Nous sommes ravis que Meta s\u2019engage \u00e0 nos c\u00f4t\u00e9s et ceux d\u2019A Vot\u00e9 pour maximiser l\u2019impact de nos actions. \u00bb Ces initiatives viennent compl\u00e9ter l\u2019ensemble des dispositifs d\u2019ores et d\u00e9j\u00e0 mis en \u0153uvre par Meta sur ses diff\u00e9rentes plateformes \u00e0 l\u2019occasion de l\u2019\u00e9lection pr\u00e9sidentielle. Pour Elisa Borry-Estrade, Responsable des Affaires publiques de Meta France, \u00ab Dans la continuit\u00e9 de la mobilisation sans rel\u00e2che de ses \u00e9quipes \u00e0 l\u2019occasion de l\u2019\u00e9lection pr\u00e9sidentielle, ce partenariat in\u00e9dit t\u00e9moigne \u00e0 nouveau de la volont\u00e9 de Meta France de s\u2019engager pleinement au service de la d\u00e9mocratie fran\u00e7aise en donnant une voix \u00e0 chacun et en soutenant la participation du plus grand nombre \u00e0 ces scrutins. \u00bb L\u2019ONG apartisane et ind\u00e9pendante A Vot\u00e9 continue de s\u2019engager pour d\u00e9fendre la d\u00e9mocratie \u00e0 travers des partenariats in\u00e9dits qui permettent de toucher le plus grand nombre. Pour Flore Blondel-Goupil et Dorian Dreuil, Co-pr\u00e9sidents d\u2019A Vot\u00e9, \u00ab Il y a cinq ans, les \u00e9lections l\u00e9gislatives ont \u00e9t\u00e9 marqu\u00e9es par un record d\u2019abstention sous la V\u00e8me R\u00e9publique. Avec cette coalition in\u00e9dite, nous esp\u00e9rons mobiliser les \u00e9lecteurs, particuli\u00e8rement les jeunes, les 12 et 19 juin prochain en sensibilisant sur l\u2019importance de l\u2019Assembl\u00e9e nationale dans la vie d\u00e9mocratique fran\u00e7aise. \u00bb","protected":false},"author":164097090,"featured_media":23066,"comment_status":"closed","ping_status":"closed","sticky":false,"template":"","format":"standard","meta":{"_jetpack_memberships_contains_paid_content":false,"footnotes":""},"categories":[243897990,243898170,243897989,243897988],"tags":[243898249,243898173,243898113,243898193,636740,243898248],"class_list":["post-23065","post","type-post","status-publish","format-standard","has-post-thumbnail","hentry","category-actualites","category-elections","category-facebook-app","category-instagram","tag-a-vote","tag-elections","tag-gouvernement","tag-meta","tag-partenariat","tag-we-love-green"],"yoast_head":"<!-- This site is optimized with the Yoast SEO plugin v27.2 - https:\/\/yoast.com\/product\/yoast-seo-wordpress\/ -->\n<title>\u00c9lections l\u00e9gislatives des 12 et 19 juin 2022 : le Gouvernement, l\u2019ONG \u00ab A Vot\u00e9 \u00bb et Meta France unissent leurs forces pour mobiliser les \u00e9lecteurs | \u00c0 propos de Meta<\/title>\n<meta name=\"robots\" content=\"index, follow, max-snippet:-1, max-image-preview:large, max-video-preview:-1\" \/>\n<link rel=\"canonical\" href=\"https:\/\/about.fb.com\/fr\/news\/2022\/06\/elections-legislatives-des-12-et-19-juin-2022-le-gouvernement-long-a-vote-et-meta-france-unissent-leurs-forces-pour-mobiliser-les-electeurs\/\" \/>\n<meta property=\"og:locale\" content=\"fr_FR\" \/>\n<meta property=\"og:type\" content=\"article\" \/>\n<meta property=\"og:title\" content=\"\u00c9lections l\u00e9gislatives des 12 et 19 juin 2022 : le Gouvernement, l\u2019ONG \u00ab A Vot\u00e9 \u00bb et Meta France unissent leurs forces pour mobiliser les \u00e9lecteurs | \u00c0 propos de Meta\" \/>\n<meta property=\"og:description\" content=\"A l\u2019approche des \u00e9lections l\u00e9gislatives fran\u00e7aises, l\u2019ONG \u00ab A Vot\u00e9 \u00bb, Meta France et le Gouvernement s\u2019associent dans un partenariat in\u00e9dit pour informer et encourager les citoyens \u00e0 participer \u00e0 ces scrutins. #WeLoveVote : Aller \u00e0 la rencontre des jeunes\u00a0 Alors que les citoyens de moins de 35 ans se sont fortement abstenus lors de la derni\u00e8re \u00e9lection pr\u00e9sidentielle, les b\u00e9n\u00e9voles d\u2019 \u00ab A Vot\u00e9 \u00bb, avec le soutien du Gouvernement, iront \u00e0 leur rencontre lors du Festival \u00ab We Love Green \u00bb \u00e0 Paris du 2 au 6 juin, pour les mobiliser sur l\u2019\u00e9ch\u00e9ance d\u00e9mocratique \u00e0 venir, r\u00e9pondre \u00e0 leurs questions et les aider \u00e0 se pr\u00e9parer \u00e0 voter. Les \u00e9quipes d\u2019Instagram mobiliseront des cr\u00e9ateurs pr\u00e9sents \u00e0 We Love Green pour relayer cette initiative et mobiliser leurs communaut\u00e9s. Des contenus didactiques \u00e0 vocation p\u00e9dagogique sur les \u00e9lections l\u00e9gislatives Pour sensibiliser le plus grand nombre au r\u00f4le des d\u00e9put\u00e9s et de l\u2019Assembl\u00e9e nationale, le Service d\u2019information du Gouvernement et l\u2019ONG \u00ab A Vot\u00e9 \u00bb ont produit une s\u00e9rie de contenus didactiques \u00e0 vocation p\u00e9dagogique qui seront d\u00e9ploy\u00e9s au cours des prochains jours sur Facebook et Instagram. Ces contenus anim\u00e9s au format court seront \u00e9galement relay\u00e9s par Meta France qui soutiendra l&rsquo;amplification de leur diffusion gr\u00e2ce \u00e0 l\u2019attribution de coupons publicitaires d\u00e9di\u00e9s. Copies des contenus p\u00e9dagogiques diffus\u00e9s sur Instagram et Facebook avec le soutien de Meta France La redirection des utilisateurs vers les informations officielles sur les scrutins Meta d\u00e9butera dans les prochains jours l\u2019affichage sur Facebook &#8211; en haut du fil d\u2019actualit\u00e9 des utilisateurs de plus de 18 ans en France &#8211; de messages les redirigeant vers le site https:\/\/www.elections.interieur.gouv.fr regroupant l\u2019ensemble des informations permettant de mieux comprendre le fonctionnement du scrutin, d\u2019effectuer une procuration, de v\u00e9rifier sa situation \u00e9lectorale, ou de trouver son bureau de vote. Des notifications similaires rappelant la tenue des \u00e9lections seront \u00e9galement diffus\u00e9es lors des deux tours des scrutins. Des \u00ab Stickers \u00bb d\u00e9di\u00e9s sur Instagram pour mobiliser sa communaut\u00e9\u00a0 Pour permettre \u00e0 chacun de c\u00e9l\u00e9brer la participation citoyenne et d\u2019encourager sa communaut\u00e9 \u00e0 se mobiliser et voter les 12 et 19 juin, Meta d\u00e9ploie sur Instagram une s\u00e9rie de Stickers in\u00e9dits r\u00e9alis\u00e9s par l\u2019artiste fran\u00e7aise Laura Normand \u00e0 utiliser dans les Stories. Un clic sur ces Stickers redirigera les utilisateurs vers le site officiel https:\/\/www.elections.interieur.gouv.fr. Des Stickers d\u00e9di\u00e9s seront \u00e9galement \u00e0 retrouver sur Facebook \u00e0 l\u2019occasion de ces scrutins. Stickers cr\u00e9\u00e9s par Laura Normand pour Meta \u00e0 retrouver dans les Stories sur Instagram Testez vos connaissances sur les \u00e9lections l\u00e9gislatives dans Facebook News En amont des \u00e9lections, Meta lancera pour la premi\u00e8re fois en France sur Facebook News, l\u2019espace d\u00e9di\u00e9 \u00e0 l\u2019actualit\u00e9 sur Facebook, un quiz sur les \u00e9lections l\u00e9gislatives. Au travers d\u2019une s\u00e9rie de questions, les utilisateurs pourront ainsi tester leurs connaissances de mani\u00e8re informative et ludique et en apprendre plus sur ces scrutins et le fonctionnement de l\u2019Assembl\u00e9e nationale. Pour Michael Nathan, Directeur du Service d\u2019information du Gouvernement, \u00ab Ce partenariat mat\u00e9rialise les efforts entrepris pour mobiliser les citoyens et singuli\u00e8rement les primo-votants, autour de l\u2019enjeu de l\u2019engagement civique en g\u00e9n\u00e9ral et du vote en particulier. Les multiples initiatives d\u00e9ploy\u00e9es, qu\u2019elles soient num\u00e9riques, \u00e9v\u00e8nementielles ou \u00e9ditoriales s\u2019inscrivent dans une volont\u00e9 assum\u00e9e de se rapprocher au plus pr\u00e8s des audiences cibl\u00e9es en s\u2019affranchissant des codes traditionnels de communication institutionnelle. Nous sommes ravis que Meta s\u2019engage \u00e0 nos c\u00f4t\u00e9s et ceux d\u2019A Vot\u00e9 pour maximiser l\u2019impact de nos actions. \u00bb Ces initiatives viennent compl\u00e9ter l\u2019ensemble des dispositifs d\u2019ores et d\u00e9j\u00e0 mis en \u0153uvre par Meta sur ses diff\u00e9rentes plateformes \u00e0 l\u2019occasion de l\u2019\u00e9lection pr\u00e9sidentielle. Pour Elisa Borry-Estrade, Responsable des Affaires publiques de Meta France, \u00ab Dans la continuit\u00e9 de la mobilisation sans rel\u00e2che de ses \u00e9quipes \u00e0 l\u2019occasion de l\u2019\u00e9lection pr\u00e9sidentielle, ce partenariat in\u00e9dit t\u00e9moigne \u00e0 nouveau de la volont\u00e9 de Meta France de s\u2019engager pleinement au service de la d\u00e9mocratie fran\u00e7aise en donnant une voix \u00e0 chacun et en soutenant la participation du plus grand nombre \u00e0 ces scrutins. \u00bb L\u2019ONG apartisane et ind\u00e9pendante A Vot\u00e9 continue de s\u2019engager pour d\u00e9fendre la d\u00e9mocratie \u00e0 travers des partenariats in\u00e9dits qui permettent de toucher le plus grand nombre. Pour Flore Blondel-Goupil et Dorian Dreuil, Co-pr\u00e9sidents d\u2019A Vot\u00e9, \u00ab Il y a cinq ans, les \u00e9lections l\u00e9gislatives ont \u00e9t\u00e9 marqu\u00e9es par un record d\u2019abstention sous la V\u00e8me R\u00e9publique. Avec cette coalition in\u00e9dite, nous esp\u00e9rons mobiliser les \u00e9lecteurs, particuli\u00e8rement les jeunes, les 12 et 19 juin prochain en sensibilisant sur l\u2019importance de l\u2019Assembl\u00e9e nationale dans la vie d\u00e9mocratique fran\u00e7aise. \u00bb\" \/>\n<meta property=\"og:url\" content=\"https:\/\/about.fb.com\/fr\/news\/2022\/06\/elections-legislatives-des-12-et-19-juin-2022-le-gouvernement-long-a-vote-et-meta-france-unissent-leurs-forces-pour-mobiliser-les-electeurs\/\" \/>\n<meta property=\"og:site_name\" content=\"\u00c0 propos de Meta\" \/>\n<meta property=\"article:published_time\" content=\"2022-06-02T05:00:26+00:00\" \/>\n<meta property=\"article:modified_time\" content=\"2023-12-20T15:27:43+00:00\" \/>\n<meta property=\"og:image\" content=\"https:\/\/about.fb.com\/fr\/wp-content\/uploads\/sites\/12\/2022\/06\/Logos-A-Vote-Gouv-Meta.jpg?resize=1024,576\" \/>\n\t<meta property=\"og:image:width\" content=\"1024\" \/>\n\t<meta property=\"og:image:height\" content=\"576\" \/>\n\t<meta property=\"og:image:type\" content=\"image\/jpeg\" \/>\n<meta name=\"author\" content=\"hopscotch\" \/>\n<meta name=\"twitter:card\" content=\"summary_large_image\" \/>\n<meta name=\"twitter:creator\" content=\"@METAfrance\" \/>\n<meta name=\"twitter:label1\" content=\"Written by\" \/>\n\t<meta name=\"twitter:data1\" content=\"Meta\" \/>\n\t<meta name=\"twitter:label2\" content=\"Est. reading time\" \/>\n\t<meta name=\"twitter:data2\" content=\"4 minutes\" \/>\n<script type=\"application\/ld+json\" class=\"yoast-schema-graph\">{\"@context\":\"https:\/\/schema.org\",\"@graph\":[{\"@type\":\"Article\",\"@id\":\"https:\/\/about.fb.com\/fr\/news\/2022\/06\/elections-legislatives-des-12-et-19-juin-2022-le-gouvernement-long-a-vote-et-meta-france-unissent-leurs-forces-pour-mobiliser-les-electeurs\/#article\",\"isPartOf\":{\"@id\":\"https:\/\/about.fb.com\/fr\/news\/2022\/06\/elections-legislatives-des-12-et-19-juin-2022-le-gouvernement-long-a-vote-et-meta-france-unissent-leurs-forces-pour-mobiliser-les-electeurs\/\"},\"author\":\"Facebook company\",\"headline\":\"\u00c9lections l\u00e9gislatives des 12 et 19 juin 2022 : le Gouvernement, l\u2019ONG \u00ab A Vot\u00e9 \u00bb et Meta France unissent leurs forces pour mobiliser les \u00e9lecteurs\",\"datePublished\":\"2022-06-02T05:00:26+00:00\",\"dateModified\":\"2023-12-20T15:27:43+00:00\",\"mainEntityOfPage\":{\"@id\":\"https:\/\/about.fb.com\/fr\/news\/2022\/06\/elections-legislatives-des-12-et-19-juin-2022-le-gouvernement-long-a-vote-et-meta-france-unissent-leurs-forces-pour-mobiliser-les-electeurs\/\"},\"wordCount\":858,\"publisher\":{\"@id\":\"https:\/\/about.fb.com\/fr\/#organization\"},\"image\":{\"@id\":\"https:\/\/about.fb.com\/fr\/news\/2022\/06\/elections-legislatives-des-12-et-19-juin-2022-le-gouvernement-long-a-vote-et-meta-france-unissent-leurs-forces-pour-mobiliser-les-electeurs\/#primaryimage\"},\"thumbnailUrl\":\"https:\/\/about.fb.com\/fr\/wp-content\/uploads\/sites\/12\/2022\/06\/Logos-A-Vote-Gouv-Meta.jpg?fit=1280%2C720\",\"keywords\":[\"A Vot\u00e9\",\"\u00e9lections\",\"Gouvernement\",\"Meta\",\"partenariat\",\"we love green\"],\"articleSection\":[\"Actualit\u00e9s\",\"Elections\",\"Facebook\",\"Instagram\"],\"inLanguage\":\"fr-FR\"},{\"@type\":\"WebPage\",\"@id\":\"https:\/\/about.fb.com\/fr\/news\/2022\/06\/elections-legislatives-des-12-et-19-juin-2022-le-gouvernement-long-a-vote-et-meta-france-unissent-leurs-forces-pour-mobiliser-les-electeurs\/\",\"url\":\"https:\/\/about.fb.com\/fr\/news\/2022\/06\/elections-legislatives-des-12-et-19-juin-2022-le-gouvernement-long-a-vote-et-meta-france-unissent-leurs-forces-pour-mobiliser-les-electeurs\/\",\"name\":\"\u00c9lections l\u00e9gislatives des 12 et 19 juin 2022 : le Gouvernement, l\u2019ONG \u00ab A Vot\u00e9 \u00bb et Meta France unissent leurs forces pour mobiliser les \u00e9lecteurs | \u00c0 propos de Meta\",\"isPartOf\":{\"@id\":\"https:\/\/about.fb.com\/fr\/#website\"},\"primaryImageOfPage\":{\"@id\":\"https:\/\/about.fb.com\/fr\/news\/2022\/06\/elections-legislatives-des-12-et-19-juin-2022-le-gouvernement-long-a-vote-et-meta-france-unissent-leurs-forces-pour-mobiliser-les-electeurs\/#primaryimage\"},\"image\":{\"@id\":\"https:\/\/about.fb.com\/fr\/news\/2022\/06\/elections-legislatives-des-12-et-19-juin-2022-le-gouvernement-long-a-vote-et-meta-france-unissent-leurs-forces-pour-mobiliser-les-electeurs\/#primaryimage\"},\"thumbnailUrl\":\"https:\/\/about.fb.com\/fr\/wp-content\/uploads\/sites\/12\/2022\/06\/Logos-A-Vote-Gouv-Meta.jpg?fit=1280%2C720\",\"datePublished\":\"2022-06-02T05:00:26+00:00\",\"dateModified\":\"2023-12-20T15:27:43+00:00\",\"breadcrumb\":{\"@id\":\"https:\/\/about.fb.com\/fr\/news\/2022\/06\/elections-legislatives-des-12-et-19-juin-2022-le-gouvernement-long-a-vote-et-meta-france-unissent-leurs-forces-pour-mobiliser-les-electeurs\/#breadcrumb\"},\"inLanguage\":\"fr-FR\",\"potentialAction\":[{\"@type\":\"ReadAction\",\"target\":[\"https:\/\/about.fb.com\/fr\/news\/2022\/06\/elections-legislatives-des-12-et-19-juin-2022-le-gouvernement-long-a-vote-et-meta-france-unissent-leurs-forces-pour-mobiliser-les-electeurs\/\"]}],\"author\":\"\u00c0 propos de Meta\"},{\"@type\":\"ImageObject\",\"inLanguage\":\"fr-FR\",\"@id\":\"https:\/\/about.fb.com\/fr\/news\/2022\/06\/elections-legislatives-des-12-et-19-juin-2022-le-gouvernement-long-a-vote-et-meta-france-unissent-leurs-forces-pour-mobiliser-les-electeurs\/#primaryimage\",\"url\":\"https:\/\/about.fb.com\/fr\/wp-content\/uploads\/sites\/12\/2022\/06\/Logos-A-Vote-Gouv-Meta.jpg?fit=1280%2C720\",\"contentUrl\":\"https:\/\/about.fb.com\/fr\/wp-content\/uploads\/sites\/12\/2022\/06\/Logos-A-Vote-Gouv-Meta.jpg?fit=1280%2C720\",\"width\":1280,\"height\":720},{\"@type\":\"BreadcrumbList\",\"@id\":\"https:\/\/about.fb.com\/fr\/news\/2022\/06\/elections-legislatives-des-12-et-19-juin-2022-le-gouvernement-long-a-vote-et-meta-france-unissent-leurs-forces-pour-mobiliser-les-electeurs\/#breadcrumb\",\"itemListElement\":[{\"@type\":\"ListItem\",\"position\":1,\"name\":\"Home\",\"item\":\"https:\/\/about.fb.com\/fr\/\"},{\"@type\":\"ListItem\",\"position\":2,\"name\":\"\u00c9lections l\u00e9gislatives des 12 et 19 juin 2022 : le Gouvernement, l\u2019ONG \u00ab A Vot\u00e9 \u00bb et Meta France unissent leurs forces pour mobiliser les \u00e9lecteurs\"}]},{\"@type\":\"WebSite\",\"@id\":\"https:\/\/about.fb.com\/fr\/#website\",\"url\":\"https:\/\/about.fb.com\/news\/\",\"name\":\"\u00c0 propos de Meta\",\"description\":\"\",\"publisher\":{\"@id\":\"https:\/\/about.fb.com\/fr\/#organization\"},\"potentialAction\":[{\"@type\":\"SearchAction\",\"target\":{\"@type\":\"EntryPoint\",\"urlTemplate\":\"https:\/\/about.fb.com\/fr\/?s={search_term_string}\"},\"query-input\":{\"@type\":\"PropertyValueSpecification\",\"valueRequired\":true,\"valueName\":\"search_term_string\"}}],\"inLanguage\":\"fr-FR\",\"alternateName\":[\"Meta Newsroom\",\"Meta\"]},{\"@type\":\"Organization\",\"@id\":\"https:\/\/about.fb.com\/fr\/#organization\",\"name\":\"Meta\",\"url\":\"https:\/\/about.fb.com\/fr\/\",\"logo\":{\"@type\":\"ImageObject\",\"inLanguage\":\"fr-FR\",\"@id\":\"https:\/\/about.fb.com\/fr\/#\/schema\/logo\/image\/\",\"url\":\"https:\/\/about.fb.com\/fr\/wp-content\/uploads\/sites\/12\/2021\/10\/meta-social-16x9-1.jpg?fit=8000%2C4500\",\"contentUrl\":\"https:\/\/about.fb.com\/fr\/wp-content\/uploads\/sites\/12\/2021\/10\/meta-social-16x9-1.jpg?fit=8000%2C4500\",\"width\":8000,\"height\":4500,\"caption\":\"Meta\"},\"image\":{\"@id\":\"https:\/\/about.fb.com\/fr\/#\/schema\/logo\/image\/\"}}]}<\/script>\n<!-- \/ Yoast SEO plugin. -->","yoast_head_json":{"title":"\u00c9lections l\u00e9gislatives des 12 et 19 juin 2022 : le Gouvernement, l\u2019ONG \u00ab A Vot\u00e9 \u00bb et Meta France unissent leurs forces pour mobiliser les \u00e9lecteurs | \u00c0 propos de Meta","robots":{"index":"index","follow":"follow","max-snippet":"max-snippet:-1","max-image-preview":"max-image-preview:large","max-video-preview":"max-video-preview:-1"},"canonical":"https:\/\/about.fb.com\/fr\/news\/2022\/06\/elections-legislatives-des-12-et-19-juin-2022-le-gouvernement-long-a-vote-et-meta-france-unissent-leurs-forces-pour-mobiliser-les-electeurs\/","og_locale":"fr_FR","og_type":"article","og_title":"\u00c9lections l\u00e9gislatives des 12 et 19 juin 2022 : le Gouvernement, l\u2019ONG \u00ab A Vot\u00e9 \u00bb et Meta France unissent leurs forces pour mobiliser les \u00e9lecteurs | \u00c0 propos de Meta","og_description":"A l\u2019approche des \u00e9lections l\u00e9gislatives fran\u00e7aises, l\u2019ONG \u00ab A Vot\u00e9 \u00bb, Meta France et le Gouvernement s\u2019associent dans un partenariat in\u00e9dit pour informer et encourager les citoyens \u00e0 participer \u00e0 ces scrutins. #WeLoveVote : Aller \u00e0 la rencontre des jeunes\u00a0 Alors que les citoyens de moins de 35 ans se sont fortement abstenus lors de la derni\u00e8re \u00e9lection pr\u00e9sidentielle, les b\u00e9n\u00e9voles d\u2019 \u00ab A Vot\u00e9 \u00bb, avec le soutien du Gouvernement, iront \u00e0 leur rencontre lors du Festival \u00ab We Love Green \u00bb \u00e0 Paris du 2 au 6 juin, pour les mobiliser sur l\u2019\u00e9ch\u00e9ance d\u00e9mocratique \u00e0 venir, r\u00e9pondre \u00e0 leurs questions et les aider \u00e0 se pr\u00e9parer \u00e0 voter. Les \u00e9quipes d\u2019Instagram mobiliseront des cr\u00e9ateurs pr\u00e9sents \u00e0 We Love Green pour relayer cette initiative et mobiliser leurs communaut\u00e9s. Des contenus didactiques \u00e0 vocation p\u00e9dagogique sur les \u00e9lections l\u00e9gislatives Pour sensibiliser le plus grand nombre au r\u00f4le des d\u00e9put\u00e9s et de l\u2019Assembl\u00e9e nationale, le Service d\u2019information du Gouvernement et l\u2019ONG \u00ab A Vot\u00e9 \u00bb ont produit une s\u00e9rie de contenus didactiques \u00e0 vocation p\u00e9dagogique qui seront d\u00e9ploy\u00e9s au cours des prochains jours sur Facebook et Instagram. Ces contenus anim\u00e9s au format court seront \u00e9galement relay\u00e9s par Meta France qui soutiendra l&rsquo;amplification de leur diffusion gr\u00e2ce \u00e0 l\u2019attribution de coupons publicitaires d\u00e9di\u00e9s. Copies des contenus p\u00e9dagogiques diffus\u00e9s sur Instagram et Facebook avec le soutien de Meta France La redirection des utilisateurs vers les informations officielles sur les scrutins Meta d\u00e9butera dans les prochains jours l\u2019affichage sur Facebook &#8211; en haut du fil d\u2019actualit\u00e9 des utilisateurs de plus de 18 ans en France &#8211; de messages les redirigeant vers le site https:\/\/www.elections.interieur.gouv.fr regroupant l\u2019ensemble des informations permettant de mieux comprendre le fonctionnement du scrutin, d\u2019effectuer une procuration, de v\u00e9rifier sa situation \u00e9lectorale, ou de trouver son bureau de vote. Des notifications similaires rappelant la tenue des \u00e9lections seront \u00e9galement diffus\u00e9es lors des deux tours des scrutins. Des \u00ab Stickers \u00bb d\u00e9di\u00e9s sur Instagram pour mobiliser sa communaut\u00e9\u00a0 Pour permettre \u00e0 chacun de c\u00e9l\u00e9brer la participation citoyenne et d\u2019encourager sa communaut\u00e9 \u00e0 se mobiliser et voter les 12 et 19 juin, Meta d\u00e9ploie sur Instagram une s\u00e9rie de Stickers in\u00e9dits r\u00e9alis\u00e9s par l\u2019artiste fran\u00e7aise Laura Normand \u00e0 utiliser dans les Stories. Un clic sur ces Stickers redirigera les utilisateurs vers le site officiel https:\/\/www.elections.interieur.gouv.fr. Des Stickers d\u00e9di\u00e9s seront \u00e9galement \u00e0 retrouver sur Facebook \u00e0 l\u2019occasion de ces scrutins. Stickers cr\u00e9\u00e9s par Laura Normand pour Meta \u00e0 retrouver dans les Stories sur Instagram Testez vos connaissances sur les \u00e9lections l\u00e9gislatives dans Facebook News En amont des \u00e9lections, Meta lancera pour la premi\u00e8re fois en France sur Facebook News, l\u2019espace d\u00e9di\u00e9 \u00e0 l\u2019actualit\u00e9 sur Facebook, un quiz sur les \u00e9lections l\u00e9gislatives. Au travers d\u2019une s\u00e9rie de questions, les utilisateurs pourront ainsi tester leurs connaissances de mani\u00e8re informative et ludique et en apprendre plus sur ces scrutins et le fonctionnement de l\u2019Assembl\u00e9e nationale. Pour Michael Nathan, Directeur du Service d\u2019information du Gouvernement, \u00ab Ce partenariat mat\u00e9rialise les efforts entrepris pour mobiliser les citoyens et singuli\u00e8rement les primo-votants, autour de l\u2019enjeu de l\u2019engagement civique en g\u00e9n\u00e9ral et du vote en particulier. Les multiples initiatives d\u00e9ploy\u00e9es, qu\u2019elles soient num\u00e9riques, \u00e9v\u00e8nementielles ou \u00e9ditoriales s\u2019inscrivent dans une volont\u00e9 assum\u00e9e de se rapprocher au plus pr\u00e8s des audiences cibl\u00e9es en s\u2019affranchissant des codes traditionnels de communication institutionnelle. Nous sommes ravis que Meta s\u2019engage \u00e0 nos c\u00f4t\u00e9s et ceux d\u2019A Vot\u00e9 pour maximiser l\u2019impact de nos actions. \u00bb Ces initiatives viennent compl\u00e9ter l\u2019ensemble des dispositifs d\u2019ores et d\u00e9j\u00e0 mis en \u0153uvre par Meta sur ses diff\u00e9rentes plateformes \u00e0 l\u2019occasion de l\u2019\u00e9lection pr\u00e9sidentielle. Pour Elisa Borry-Estrade, Responsable des Affaires publiques de Meta France, \u00ab Dans la continuit\u00e9 de la mobilisation sans rel\u00e2che de ses \u00e9quipes \u00e0 l\u2019occasion de l\u2019\u00e9lection pr\u00e9sidentielle, ce partenariat in\u00e9dit t\u00e9moigne \u00e0 nouveau de la volont\u00e9 de Meta France de s\u2019engager pleinement au service de la d\u00e9mocratie fran\u00e7aise en donnant une voix \u00e0 chacun et en soutenant la participation du plus grand nombre \u00e0 ces scrutins. \u00bb L\u2019ONG apartisane et ind\u00e9pendante A Vot\u00e9 continue de s\u2019engager pour d\u00e9fendre la d\u00e9mocratie \u00e0 travers des partenariats in\u00e9dits qui permettent de toucher le plus grand nombre. Pour Flore Blondel-Goupil et Dorian Dreuil, Co-pr\u00e9sidents d\u2019A Vot\u00e9, \u00ab Il y a cinq ans, les \u00e9lections l\u00e9gislatives ont \u00e9t\u00e9 marqu\u00e9es par un record d\u2019abstention sous la V\u00e8me R\u00e9publique. Avec cette coalition in\u00e9dite, nous esp\u00e9rons mobiliser les \u00e9lecteurs, particuli\u00e8rement les jeunes, les 12 et 19 juin prochain en sensibilisant sur l\u2019importance de l\u2019Assembl\u00e9e nationale dans la vie d\u00e9mocratique fran\u00e7aise. \u00bb","og_url":"https:\/\/about.fb.com\/fr\/news\/2022\/06\/elections-legislatives-des-12-et-19-juin-2022-le-gouvernement-long-a-vote-et-meta-france-unissent-leurs-forces-pour-mobiliser-les-electeurs\/","og_site_name":"\u00c0 propos de Meta","article_published_time":"2022-06-02T05:00:26+00:00","article_modified_time":"2023-12-20T15:27:43+00:00","og_image":[{"width":1024,"height":576,"url":"https:\/\/about.fb.com\/fr\/wp-content\/uploads\/sites\/12\/2022\/06\/Logos-A-Vote-Gouv-Meta.jpg?resize=1024,576","type":"image\/jpeg"}],"author":"hopscotch","twitter_card":"summary_large_image","twitter_creator":"@METAfrance","twitter_misc":{"Written by":"Meta","Est. reading time":"4 minutes"},"schema":{"@context":"https:\/\/schema.org","@graph":[{"@type":"Article","@id":"https:\/\/about.fb.com\/fr\/news\/2022\/06\/elections-legislatives-des-12-et-19-juin-2022-le-gouvernement-long-a-vote-et-meta-france-unissent-leurs-forces-pour-mobiliser-les-electeurs\/#article","isPartOf":{"@id":"https:\/\/about.fb.com\/fr\/news\/2022\/06\/elections-legislatives-des-12-et-19-juin-2022-le-gouvernement-long-a-vote-et-meta-france-unissent-leurs-forces-pour-mobiliser-les-electeurs\/"},"author":"Facebook company","headline":"\u00c9lections l\u00e9gislatives des 12 et 19 juin 2022 : le Gouvernement, l\u2019ONG \u00ab A Vot\u00e9 \u00bb et Meta France unissent leurs forces pour mobiliser les \u00e9lecteurs","datePublished":"2022-06-02T05:00:26+00:00","dateModified":"2023-12-20T15:27:43+00:00","mainEntityOfPage":{"@id":"https:\/\/about.fb.com\/fr\/news\/2022\/06\/elections-legislatives-des-12-et-19-juin-2022-le-gouvernement-long-a-vote-et-meta-france-unissent-leurs-forces-pour-mobiliser-les-electeurs\/"},"wordCount":858,"publisher":{"@id":"https:\/\/about.fb.com\/fr\/#organization"},"image":{"@id":"https:\/\/about.fb.com\/fr\/news\/2022\/06\/elections-legislatives-des-12-et-19-juin-2022-le-gouvernement-long-a-vote-et-meta-france-unissent-leurs-forces-pour-mobiliser-les-electeurs\/#primaryimage"},"thumbnailUrl":"https:\/\/about.fb.com\/fr\/wp-content\/uploads\/sites\/12\/2022\/06\/Logos-A-Vote-Gouv-Meta.jpg?fit=1280%2C720","keywords":["A Vot\u00e9","\u00e9lections","Gouvernement","Meta","partenariat","we love green"],"articleSection":["Actualit\u00e9s","Elections","Facebook","Instagram"],"inLanguage":"fr-FR"},{"@type":"WebPage","@id":"https:\/\/about.fb.com\/fr\/news\/2022\/06\/elections-legislatives-des-12-et-19-juin-2022-le-gouvernement-long-a-vote-et-meta-france-unissent-leurs-forces-pour-mobiliser-les-electeurs\/","url":"https:\/\/about.fb.com\/fr\/news\/2022\/06\/elections-legislatives-des-12-et-19-juin-2022-le-gouvernement-long-a-vote-et-meta-france-unissent-leurs-forces-pour-mobiliser-les-electeurs\/","name":"\u00c9lections l\u00e9gislatives des 12 et 19 juin 2022 : le Gouvernement, l\u2019ONG \u00ab A Vot\u00e9 \u00bb et Meta France unissent leurs forces pour mobiliser les \u00e9lecteurs | \u00c0 propos de Meta","isPartOf":{"@id":"https:\/\/about.fb.com\/fr\/#website"},"primaryImageOfPage":{"@id":"https:\/\/about.fb.com\/fr\/news\/2022\/06\/elections-legislatives-des-12-et-19-juin-2022-le-gouvernement-long-a-vote-et-meta-france-unissent-leurs-forces-pour-mobiliser-les-electeurs\/#primaryimage"},"image":{"@id":"https:\/\/about.fb.com\/fr\/news\/2022\/06\/elections-legislatives-des-12-et-19-juin-2022-le-gouvernement-long-a-vote-et-meta-france-unissent-leurs-forces-pour-mobiliser-les-electeurs\/#primaryimage"},"thumbnailUrl":"https:\/\/about.fb.com\/fr\/wp-content\/uploads\/sites\/12\/2022\/06\/Logos-A-Vote-Gouv-Meta.jpg?fit=1280%2C720","datePublished":"2022-06-02T05:00:26+00:00","dateModified":"2023-12-20T15:27:43+00:00","breadcrumb":{"@id":"https:\/\/about.fb.com\/fr\/news\/2022\/06\/elections-legislatives-des-12-et-19-juin-2022-le-gouvernement-long-a-vote-et-meta-france-unissent-leurs-forces-pour-mobiliser-les-electeurs\/#breadcrumb"},"inLanguage":"fr-FR","potentialAction":[{"@type":"ReadAction","target":["https:\/\/about.fb.com\/fr\/news\/2022\/06\/elections-legislatives-des-12-et-19-juin-2022-le-gouvernement-long-a-vote-et-meta-france-unissent-leurs-forces-pour-mobiliser-les-electeurs\/"]}],"author":"\u00c0 propos de Meta"},{"@type":"ImageObject","inLanguage":"fr-FR","@id":"https:\/\/about.fb.com\/fr\/news\/2022\/06\/elections-legislatives-des-12-et-19-juin-2022-le-gouvernement-long-a-vote-et-meta-france-unissent-leurs-forces-pour-mobiliser-les-electeurs\/#primaryimage","url":"https:\/\/about.fb.com\/fr\/wp-content\/uploads\/sites\/12\/2022\/06\/Logos-A-Vote-Gouv-Meta.jpg?fit=1280%2C720","contentUrl":"https:\/\/about.fb.com\/fr\/wp-content\/uploads\/sites\/12\/2022\/06\/Logos-A-Vote-Gouv-Meta.jpg?fit=1280%2C720","width":1280,"height":720},{"@type":"BreadcrumbList","@id":"https:\/\/about.fb.com\/fr\/news\/2022\/06\/elections-legislatives-des-12-et-19-juin-2022-le-gouvernement-long-a-vote-et-meta-france-unissent-leurs-forces-pour-mobiliser-les-electeurs\/#breadcrumb","itemListElement":[{"@type":"ListItem","position":1,"name":"Home","item":"https:\/\/about.fb.com\/fr\/"},{"@type":"ListItem","position":2,"name":"\u00c9lections l\u00e9gislatives des 12 et 19 juin 2022 : le Gouvernement, l\u2019ONG \u00ab A Vot\u00e9 \u00bb et Meta France unissent leurs forces pour mobiliser les \u00e9lecteurs"}]},{"@type":"WebSite","@id":"https:\/\/about.fb.com\/fr\/#website","url":"https:\/\/about.fb.com\/news\/","name":"\u00c0 propos de Meta","description":"","publisher":{"@id":"https:\/\/about.fb.com\/fr\/#organization"},"potentialAction":[{"@type":"SearchAction","target":{"@type":"EntryPoint","urlTemplate":"https:\/\/about.fb.com\/fr\/?s={search_term_string}"},"query-input":{"@type":"PropertyValueSpecification","valueRequired":true,"valueName":"search_term_string"}}],"inLanguage":"fr-FR","alternateName":["Meta Newsroom","Meta"]},{"@type":"Organization","@id":"https:\/\/about.fb.com\/fr\/#organization","name":"Meta","url":"https:\/\/about.fb.com\/fr\/","logo":{"@type":"ImageObject","inLanguage":"fr-FR","@id":"https:\/\/about.fb.com\/fr\/#\/schema\/logo\/image\/","url":"https:\/\/about.fb.com\/fr\/wp-content\/uploads\/sites\/12\/2021\/10\/meta-social-16x9-1.jpg?fit=8000%2C4500","contentUrl":"https:\/\/about.fb.com\/fr\/wp-content\/uploads\/sites\/12\/2021\/10\/meta-social-16x9-1.jpg?fit=8000%2C4500","width":8000,"height":4500,"caption":"Meta"},"image":{"@id":"https:\/\/about.fb.com\/fr\/#\/schema\/logo\/image\/"}}]}},"jetpack_featured_media_url":"https:\/\/about.fb.com\/fr\/wp-content\/uploads\/sites\/12\/2022\/06\/Logos-A-Vote-Gouv-Meta.jpg?fit=1280%2C720","jetpack-related-posts":[],"jetpack_sharing_enabled":true,"amp_enabled":true,"_links":{"self":[{"href":"https:\/\/about.fb.com\/fr\/wp-json\/wp\/v2\/posts\/23065","targetHints":{"allow":["GET"]}}],"collection":[{"href":"https:\/\/about.fb.com\/fr\/wp-json\/wp\/v2\/posts"}],"about":[{"href":"https:\/\/about.fb.com\/fr\/wp-json\/wp\/v2\/types\/post"}],"author":[{"embeddable":true,"href":"https:\/\/about.fb.com\/fr\/wp-json\/wp\/v2\/users\/164097090"}],"replies":[{"embeddable":true,"href":"https:\/\/about.fb.com\/fr\/wp-json\/wp\/v2\/comments?post=23065"}],"version-history":[{"count":7,"href":"https:\/\/about.fb.com\/fr\/wp-json\/wp\/v2\/posts\/23065\/revisions"}],"predecessor-version":[{"id":23082,"href":"https:\/\/about.fb.com\/fr\/wp-json\/wp\/v2\/posts\/23065\/revisions\/23082"}],"wp:featuredmedia":[{"embeddable":true,"href":"https:\/\/about.fb.com\/fr\/wp-json\/wp\/v2\/media\/23066"}],"wp:attachment":[{"href":"https:\/\/about.fb.com\/fr\/wp-json\/wp\/v2\/media?parent=23065"}],"wp:term":[{"taxonomy":"category","embeddable":true,"href":"https:\/\/about.fb.com\/fr\/wp-json\/wp\/v2\/categories?post=23065"},{"taxonomy":"post_tag","embeddable":true,"href":"https:\/\/about.fb.com\/fr\/wp-json\/wp\/v2\/tags?post=23065"}],"curies":[{"name":"wp","href":"https:\/\/api.w.org\/{rel}","templated":true}]}}