{"id":22373,"date":"2021-09-09T18:08:06","date_gmt":"2021-09-09T16:08:06","guid":{"rendered":"https:\/\/about.fb.com\/fr\/?p=22373"},"modified":"2021-09-09T18:13:16","modified_gmt":"2021-09-09T16:13:16","slug":"ray-ban-et-facebook-presentent-ray-ban-stories-la-premiere-generation-de-lunettes-intelligentes","status":"publish","type":"post","link":"https:\/\/about.fb.com\/fr\/news\/2021\/09\/ray-ban-et-facebook-presentent-ray-ban-stories-la-premiere-generation-de-lunettes-intelligentes\/","title":{"rendered":"Ray-Ban et Facebook pr\u00e9sentent Ray-Ban Stories, la premi\u00e8re g\u00e9n\u00e9ration de lunettes intelligentes"},"content":{"rendered":"<p>&nbsp;<\/p>\n<p>Aujourd\u2019hui, nous sommes heureux de d\u00e9voiler Ray-Ban Stories, des lunettes intelligentes qui permettent de prendre des photos et des vid\u00e9os de mani\u00e8re authentique, de partager vos aventures, d\u2019\u00e9couter de la musique ou de passer des appels, pour que vous puissiez rester pr\u00e9sent avec vos amis, votre famille et le monde qui vous entoure. D\u00e9velopp\u00e9es en partenariat entre Facebook et Essilor Luxottica, les Ray-Ban Stories commencent \u00e0 299$ et sont disponibles \u00e0 l\u2019achat en 20 styles diff\u00e9rents, <a href=\"https:\/\/www.ray-ban.com\/webapp\/wcs\/stores\/error404.jsp\">en ligne<\/a> et dans une s\u00e9lection de commerces aux Etats-Unis, en Australie, au Canada, en Irlande, en Italie et au Royaume-Uni.<\/p>\n<div class=\"fb-video\" data-allowfullscreen=\"true\" data-href=\"https:\/\/www.facebook.com\/facebook\/videos\/157869109826400\/?t=0\" style=\"background-color: #fff; display: inline-block;\"><\/div>\n<p>La double cam\u00e9ra int\u00e9gr\u00e9e 5MP de Ray-Ban Stories vous permet de capturer les moments de vie tels qu&rsquo;ils se produisent d&rsquo;un point de vue unique et subjectif, \u00e0 la premi\u00e8re personne. Vous pouvez facilement capturer le monde tel que vous le voyez, en prenant des photos et des vid\u00e9os allant jusqu&rsquo;\u00e0 30 secondes \u00e0 l&rsquo;aide du bouton d\u2019enregistrement ou en mains libres gr\u00e2ce aux commandes vocales de l&rsquo;assistant Facebook. Une lumi\u00e8re LED int\u00e9gr\u00e9e indique aux personnes \u00e0 proximit\u00e9 que vous \u00eates en train de prendre une photo ou une vid\u00e9o. Des haut-parleurs ouverts et discrets sont int\u00e9gr\u00e9s et accompagn\u00e9s d\u2019un r\u00e9seau audio \u00e0 trois microphones pour assurer une transmission de qualit\u00e9 de la voix et du son des appels vocaux et vid\u00e9os. Une technologie de focalisation des faisceaux et un algorithme de suppression du bruit de fond offrent \u00e9galement une qualit\u00e9 sonore comparable \u00e0 celle d\u2019\u00e9couteurs classiques.<\/p>\n<p><img data-recalc-dims=\"1\" loading=\"lazy\" decoding=\"async\" class=\"aligncenter wp-image-22375\" src=\"https:\/\/about.fb.com\/fr\/wp-content\/uploads\/sites\/12\/2021\/09\/1.png?resize=512%2C294\" alt=\"\" width=\"512\" height=\"294\" srcset=\"https:\/\/about.fb.com\/fr\/wp-content\/uploads\/sites\/12\/2021\/09\/1.png?w=2048 2048w, https:\/\/about.fb.com\/fr\/wp-content\/uploads\/sites\/12\/2021\/09\/1.png?w=600 600w, https:\/\/about.fb.com\/fr\/wp-content\/uploads\/sites\/12\/2021\/09\/1.png?w=300 300w, https:\/\/about.fb.com\/fr\/wp-content\/uploads\/sites\/12\/2021\/09\/1.png?w=768 768w, https:\/\/about.fb.com\/fr\/wp-content\/uploads\/sites\/12\/2021\/09\/1.png?w=1024 1024w, https:\/\/about.fb.com\/fr\/wp-content\/uploads\/sites\/12\/2021\/09\/1.png?w=1536 1536w, https:\/\/about.fb.com\/fr\/wp-content\/uploads\/sites\/12\/2021\/09\/1.png?w=1878 1878w, https:\/\/about.fb.com\/fr\/wp-content\/uploads\/sites\/12\/2021\/09\/1.png?w=800 800w\" sizes=\"auto, (max-width: 512px) 100vw, 512px\" \/> <img data-recalc-dims=\"1\" loading=\"lazy\" decoding=\"async\" class=\"aligncenter wp-image-22376\" src=\"https:\/\/about.fb.com\/fr\/wp-content\/uploads\/sites\/12\/2021\/09\/2.png?resize=511%2C281\" alt=\"\" width=\"511\" height=\"281\" srcset=\"https:\/\/about.fb.com\/fr\/wp-content\/uploads\/sites\/12\/2021\/09\/2.png?w=2048 2048w, https:\/\/about.fb.com\/fr\/wp-content\/uploads\/sites\/12\/2021\/09\/2.png?w=600 600w, https:\/\/about.fb.com\/fr\/wp-content\/uploads\/sites\/12\/2021\/09\/2.png?w=300 300w, https:\/\/about.fb.com\/fr\/wp-content\/uploads\/sites\/12\/2021\/09\/2.png?w=768 768w, https:\/\/about.fb.com\/fr\/wp-content\/uploads\/sites\/12\/2021\/09\/2.png?w=1024 1024w, https:\/\/about.fb.com\/fr\/wp-content\/uploads\/sites\/12\/2021\/09\/2.png?w=1536 1536w, https:\/\/about.fb.com\/fr\/wp-content\/uploads\/sites\/12\/2021\/09\/2.png?w=1920 1920w, https:\/\/about.fb.com\/fr\/wp-content\/uploads\/sites\/12\/2021\/09\/2.png?w=800 800w\" sizes=\"auto, (max-width: 511px) 100vw, 511px\" \/><\/p>\n<p>Ray-Ban Stories est associ\u00e9 \u00e0 la nouvelle application Facebook View, pour partager simplement vos histoires et vos souvenirs avec vos amis et contacts sur les r\u00e9seaux sociaux. L&rsquo;application Facebook View, disponible sur<a href=\"https:\/\/apps.apple.com\/us\/app\/facebook-view\/id1558240027\"> iOS<\/a> et <a href=\"https:\/\/play.google.com\/store\/apps\/details?id=com.facebook.stella\">Android<\/a>, permet d\u2019importer, modifier et partager facilement les contenus capt\u00e9s avec vos lunettes intelligentes via les applications install\u00e9es sur votre t\u00e9l\u00e9phone : Facebook, Instagram, WhatsApp, Messenger, Twitter, TikTok, Snapchat, etc. Elle permet aussi d\u2019enregistrer le contenu dans la biblioth\u00e8que photos de votre t\u00e9l\u00e9phone et de l\u2019\u00e9diter ou de le partager depuis celui-ci. Vous pouvez enfin ajouter une touche cr\u00e9ative unique \u00e0 vos contenus gr\u00e2ce \u00e0 la toute nouvelle et exclusive fonctionnalit\u00e9 de retouche int\u00e9gr\u00e9e \u00e0 Facebook View.<\/p>\n<p><img data-recalc-dims=\"1\" loading=\"lazy\" decoding=\"async\" class=\"aligncenter size-full wp-image-22381\" src=\"https:\/\/about.fb.com\/fr\/wp-content\/uploads\/sites\/12\/2021\/09\/Facebook-View.png?resize=890%2C972\" alt=\"\" width=\"890\" height=\"972\" srcset=\"https:\/\/about.fb.com\/fr\/wp-content\/uploads\/sites\/12\/2021\/09\/Facebook-View.png?w=1416 1416w, https:\/\/about.fb.com\/fr\/wp-content\/uploads\/sites\/12\/2021\/09\/Facebook-View.png?w=366 366w, https:\/\/about.fb.com\/fr\/wp-content\/uploads\/sites\/12\/2021\/09\/Facebook-View.png?w=275 275w, https:\/\/about.fb.com\/fr\/wp-content\/uploads\/sites\/12\/2021\/09\/Facebook-View.png?w=768 768w, https:\/\/about.fb.com\/fr\/wp-content\/uploads\/sites\/12\/2021\/09\/Facebook-View.png?w=938 938w, https:\/\/about.fb.com\/fr\/wp-content\/uploads\/sites\/12\/2021\/09\/Facebook-View.png?w=1407 1407w, https:\/\/about.fb.com\/fr\/wp-content\/uploads\/sites\/12\/2021\/09\/Facebook-View.png?w=989 989w, https:\/\/about.fb.com\/fr\/wp-content\/uploads\/sites\/12\/2021\/09\/Facebook-View.png?w=550 550w\" sizes=\"auto, (max-width: 890px) 100vw, 890px\" \/><\/p>\n<p>&nbsp;<\/p>\n<div style=\"width: 960px;\" class=\"wp-video\"><video class=\"wp-video-shortcode\" id=\"video-22373-1\" width=\"960\" height=\"960\" preload=\"metadata\" controls=\"controls\"><source type=\"video\/mp4\" src=\"https:\/\/about.fb.com\/fr\/wp-content\/uploads\/sites\/12\/2021\/09\/Friday-Latte-Art-Montage.mp4?_=1\" \/><a href=\"https:\/\/about.fb.com\/fr\/wp-content\/uploads\/sites\/12\/2021\/09\/Friday-Latte-Art-Montage.mp4\">https:\/\/about.fb.com\/fr\/wp-content\/uploads\/sites\/12\/2021\/09\/Friday-Latte-Art-Montage.mp4<\/a><\/video><\/div>\n<p>D\u00e8s le d\u00e9part, nous avons con\u00e7u les Ray-Ban Stories avec un souci de la protection de la vie priv\u00e9e. Nous avons int\u00e9gr\u00e9 de nombreuses fonctionnalit\u00e9s afin d\u2019offrir un contr\u00f4le et une tranquillit\u00e9 d&rsquo;esprit \u00e0 la fois aux propri\u00e9taires de l&rsquo;appareil et aux gens autour d\u2019eux. Des informations plus d\u00e9taill\u00e9es sur ces fonctionnalit\u00e9s ainsi que nos nouvelles directives pour une utilisation responsable sont disponibles<a href=\"https:\/\/about.facebook.com\/reality-labs\/ray-ban-stories\/privacy\"> sur le site d\u00e9di\u00e9<\/a> \u00e0 la protection de la vie priv\u00e9e.<\/p>\n<p>Les Ray-Ban Stories sont disponibles en 20 variantes, reprenant les styles les plus embl\u00e9matiques de Ray-Ban \u2014 Wayfarer, Wayfarer Large, Round, et Meteor \u2014 et cinq coloris, et sont \u00e9quip\u00e9es de verres solaires, de prescription, polarisants, d\u00e9grad\u00e9s ou Transitions\u00ae, pour que vous puissiez choisir le style qui vous convient.<\/p>\n<div style=\"width: 960px;\" class=\"wp-video\"><video class=\"wp-video-shortcode\" id=\"video-22373-2\" width=\"960\" height=\"960\" preload=\"metadata\" controls=\"controls\"><source type=\"video\/mp4\" src=\"https:\/\/about.fb.com\/fr\/wp-content\/uploads\/sites\/12\/2021\/09\/RBSTELLA_20210827_CUTDOWN_WAYF_SHINYBLACK_G15_1080X1080_30_EN_ONLINE_FBAMS1011.mp4?_=2\" \/><a href=\"https:\/\/about.fb.com\/fr\/wp-content\/uploads\/sites\/12\/2021\/09\/RBSTELLA_20210827_CUTDOWN_WAYF_SHINYBLACK_G15_1080X1080_30_EN_ONLINE_FBAMS1011.mp4\">https:\/\/about.fb.com\/fr\/wp-content\/uploads\/sites\/12\/2021\/09\/RBSTELLA_20210827_CUTDOWN_WAYF_SHINYBLACK_G15_1080X1080_30_EN_ONLINE_FBAMS1011.mp4<\/a><\/video><\/div>\n<p>Les lunettes intelligentes Ray-Ban Stories sont les premiers produits issus de notre<a href=\"https:\/\/www.essilorluxottica.com\/sites\/default\/files\/documents\/2020-09\/PR-EN-FB-EL-SmartGlasses.pdf\"> partenariat pluriannuel <\/a>avec EssilorLuxottica. Ensemble, nous avons pour objectif de proposer une technologie innovante et un style avant-gardiste, tout en aidant les gens \u00e0 mieux se connecter avec leurs amis et leur famille. connectant chacun avec ses amis, sa famille et ses proches. Rendez-vous sur <a href=\"https:\/\/tech.fb.com\/ray-ban-and-facebook-introduce-ray-ban-stories-first-generation-smart-glasses\/\">notre blog<\/a> pour plus d\u2019informations.<\/p>\n<p><img data-recalc-dims=\"1\" loading=\"lazy\" decoding=\"async\" class=\"aligncenter size-full wp-image-22374\" src=\"https:\/\/about.fb.com\/fr\/wp-content\/uploads\/sites\/12\/2021\/09\/RayBan-Logo.png?resize=890%2C219\" alt=\"\" width=\"890\" height=\"219\" srcset=\"https:\/\/about.fb.com\/fr\/wp-content\/uploads\/sites\/12\/2021\/09\/RayBan-Logo.png?w=1420 1420w, https:\/\/about.fb.com\/fr\/wp-content\/uploads\/sites\/12\/2021\/09\/RayBan-Logo.png?w=600 600w, https:\/\/about.fb.com\/fr\/wp-content\/uploads\/sites\/12\/2021\/09\/RayBan-Logo.png?w=300 300w, https:\/\/about.fb.com\/fr\/wp-content\/uploads\/sites\/12\/2021\/09\/RayBan-Logo.png?w=768 768w, https:\/\/about.fb.com\/fr\/wp-content\/uploads\/sites\/12\/2021\/09\/RayBan-Logo.png?w=1024 1024w, https:\/\/about.fb.com\/fr\/wp-content\/uploads\/sites\/12\/2021\/09\/RayBan-Logo.png?w=800 800w\" sizes=\"auto, (max-width: 890px) 100vw, 890px\" \/><\/p>\n<p><a href=\"https:\/\/fb.sharepoint.com\/sites\/Press\/Shared%20Documents\/Forms\/AllItems.aspx?id=%2Fsites%2FPress%2FShared%20Documents%2FRay%20Ban%20Stories%20Launch%20Press%20Kit%209%2E9%2E21&amp;p=true&amp;originalPath=aHR0cHM6Ly9mYi5zaGFyZXBvaW50LmNvbS86Zjovcy9QcmVzcy9FbzluZl9BRjRVZEpvcVRyYkhYZVR4QUJGdlBWdzBYSmtsMVItOGNtNm04MXBBP3J0aW1lPU05QTdTNkp6MlVn\"><strong>T\u00e9l\u00e9charger le kit de press<\/strong><\/a>.<\/p>\n","protected":false},"excerpt":{"rendered":"Aujourd\u2019hui, nous sommes heureux de d\u00e9voiler Ray-Ban Stories, des lunettes intelligentes qui permettent de prendre des photos et des vid\u00e9os de mani\u00e8re authentique, de partager vos aventures, d\u2019\u00e9couter de la musique ou de passer des appels, pour que vous puissiez rester pr\u00e9sent avec vos amis, votre famille et le monde qui vous entoure.","protected":false},"author":164097090,"featured_media":0,"comment_status":"closed","ping_status":"closed","sticky":false,"template":"","format":"standard","meta":{"_jetpack_memberships_contains_paid_content":false,"footnotes":""},"categories":[243897984],"tags":[243898143,243898144],"class_list":["post-22373","post","type-post","status-publish","format-standard","hentry","category-technologies","tag-ray-ban","tag-ray-ban-stories"],"yoast_head":"<!-- This site is optimized with the Yoast SEO plugin v27.2 - https:\/\/yoast.com\/product\/yoast-seo-wordpress\/ -->\n<title>Ray-Ban et Facebook pr\u00e9sentent Ray-Ban Stories, la premi\u00e8re g\u00e9n\u00e9ration de lunettes intelligentes | \u00c0 propos de Meta<\/title>\n<meta name=\"robots\" content=\"index, follow, max-snippet:-1, max-image-preview:large, max-video-preview:-1\" \/>\n<link rel=\"canonical\" href=\"https:\/\/about.fb.com\/fr\/news\/2021\/09\/ray-ban-et-facebook-presentent-ray-ban-stories-la-premiere-generation-de-lunettes-intelligentes\/\" \/>\n<meta property=\"og:locale\" content=\"fr_FR\" \/>\n<meta property=\"og:type\" content=\"article\" \/>\n<meta property=\"og:title\" content=\"Ray-Ban et Facebook pr\u00e9sentent Ray-Ban Stories, la premi\u00e8re g\u00e9n\u00e9ration de lunettes intelligentes | \u00c0 propos de Meta\" \/>\n<meta property=\"og:description\" content=\"Aujourd\u2019hui, nous sommes heureux de d\u00e9voiler Ray-Ban Stories, des lunettes intelligentes qui permettent de prendre des photos et des vid\u00e9os de mani\u00e8re authentique, de partager vos aventures, d\u2019\u00e9couter de la musique ou de passer des appels, pour que vous puissiez rester pr\u00e9sent avec vos amis, votre famille et le monde qui vous entoure.\" \/>\n<meta property=\"og:url\" content=\"https:\/\/about.fb.com\/fr\/news\/2021\/09\/ray-ban-et-facebook-presentent-ray-ban-stories-la-premiere-generation-de-lunettes-intelligentes\/\" \/>\n<meta property=\"og:site_name\" content=\"\u00c0 propos de Meta\" \/>\n<meta property=\"article:published_time\" content=\"2021-09-09T16:08:06+00:00\" \/>\n<meta property=\"article:modified_time\" content=\"2021-09-09T16:13:16+00:00\" \/>\n<meta property=\"og:image\" content=\"https:\/\/about.fb.com\/fr\/wp-content\/uploads\/sites\/12\/2021\/09\/1.png\" \/>\n<meta name=\"author\" content=\"hopscotch\" \/>\n<meta name=\"twitter:card\" content=\"summary_large_image\" \/>\n<meta name=\"twitter:creator\" content=\"@METAfrance\" \/>\n<meta name=\"twitter:label1\" content=\"Written by\" \/>\n\t<meta name=\"twitter:data1\" content=\"Meta\" \/>\n\t<meta name=\"twitter:label2\" content=\"Est. reading time\" \/>\n\t<meta name=\"twitter:data2\" content=\"4 minutes\" \/>\n<script type=\"application\/ld+json\" class=\"yoast-schema-graph\">{\"@context\":\"https:\/\/schema.org\",\"@graph\":[{\"@type\":\"Article\",\"@id\":\"https:\/\/about.fb.com\/fr\/news\/2021\/09\/ray-ban-et-facebook-presentent-ray-ban-stories-la-premiere-generation-de-lunettes-intelligentes\/#article\",\"isPartOf\":{\"@id\":\"https:\/\/about.fb.com\/fr\/news\/2021\/09\/ray-ban-et-facebook-presentent-ray-ban-stories-la-premiere-generation-de-lunettes-intelligentes\/\"},\"author\":\"Facebook company\",\"headline\":\"Ray-Ban et Facebook pr\u00e9sentent Ray-Ban Stories, la premi\u00e8re g\u00e9n\u00e9ration de lunettes intelligentes\",\"datePublished\":\"2021-09-09T16:08:06+00:00\",\"dateModified\":\"2021-09-09T16:13:16+00:00\",\"mainEntityOfPage\":{\"@id\":\"https:\/\/about.fb.com\/fr\/news\/2021\/09\/ray-ban-et-facebook-presentent-ray-ban-stories-la-premiere-generation-de-lunettes-intelligentes\/\"},\"wordCount\":660,\"publisher\":{\"@id\":\"https:\/\/about.fb.com\/fr\/#organization\"},\"image\":{\"@id\":\"https:\/\/about.fb.com\/fr\/news\/2021\/09\/ray-ban-et-facebook-presentent-ray-ban-stories-la-premiere-generation-de-lunettes-intelligentes\/#primaryimage\"},\"thumbnailUrl\":\"https:\/\/about.fb.com\/fr\/wp-content\/uploads\/sites\/12\/2021\/09\/1.png\",\"keywords\":[\"Ray-Ban\",\"Ray-Ban Stories\"],\"articleSection\":[\"Technologies\"],\"inLanguage\":\"fr-FR\"},{\"@type\":\"WebPage\",\"@id\":\"https:\/\/about.fb.com\/fr\/news\/2021\/09\/ray-ban-et-facebook-presentent-ray-ban-stories-la-premiere-generation-de-lunettes-intelligentes\/\",\"url\":\"https:\/\/about.fb.com\/fr\/news\/2021\/09\/ray-ban-et-facebook-presentent-ray-ban-stories-la-premiere-generation-de-lunettes-intelligentes\/\",\"name\":\"Ray-Ban et Facebook pr\u00e9sentent Ray-Ban Stories, la premi\u00e8re g\u00e9n\u00e9ration de lunettes intelligentes | \u00c0 propos de Meta\",\"isPartOf\":{\"@id\":\"https:\/\/about.fb.com\/fr\/#website\"},\"primaryImageOfPage\":{\"@id\":\"https:\/\/about.fb.com\/fr\/news\/2021\/09\/ray-ban-et-facebook-presentent-ray-ban-stories-la-premiere-generation-de-lunettes-intelligentes\/#primaryimage\"},\"image\":{\"@id\":\"https:\/\/about.fb.com\/fr\/news\/2021\/09\/ray-ban-et-facebook-presentent-ray-ban-stories-la-premiere-generation-de-lunettes-intelligentes\/#primaryimage\"},\"thumbnailUrl\":\"https:\/\/about.fb.com\/fr\/wp-content\/uploads\/sites\/12\/2021\/09\/1.png\",\"datePublished\":\"2021-09-09T16:08:06+00:00\",\"dateModified\":\"2021-09-09T16:13:16+00:00\",\"breadcrumb\":{\"@id\":\"https:\/\/about.fb.com\/fr\/news\/2021\/09\/ray-ban-et-facebook-presentent-ray-ban-stories-la-premiere-generation-de-lunettes-intelligentes\/#breadcrumb\"},\"inLanguage\":\"fr-FR\",\"potentialAction\":[{\"@type\":\"ReadAction\",\"target\":[\"https:\/\/about.fb.com\/fr\/news\/2021\/09\/ray-ban-et-facebook-presentent-ray-ban-stories-la-premiere-generation-de-lunettes-intelligentes\/\"]}],\"author\":\"\u00c0 propos de Meta\"},{\"@type\":\"ImageObject\",\"inLanguage\":\"fr-FR\",\"@id\":\"https:\/\/about.fb.com\/fr\/news\/2021\/09\/ray-ban-et-facebook-presentent-ray-ban-stories-la-premiere-generation-de-lunettes-intelligentes\/#primaryimage\",\"url\":\"https:\/\/about.fb.com\/fr\/wp-content\/uploads\/sites\/12\/2021\/09\/1.png?fit=2048%2C1178\",\"contentUrl\":\"https:\/\/about.fb.com\/fr\/wp-content\/uploads\/sites\/12\/2021\/09\/1.png?fit=2048%2C1178\",\"width\":2048,\"height\":1178},{\"@type\":\"BreadcrumbList\",\"@id\":\"https:\/\/about.fb.com\/fr\/news\/2021\/09\/ray-ban-et-facebook-presentent-ray-ban-stories-la-premiere-generation-de-lunettes-intelligentes\/#breadcrumb\",\"itemListElement\":[{\"@type\":\"ListItem\",\"position\":1,\"name\":\"Home\",\"item\":\"https:\/\/about.fb.com\/fr\/\"},{\"@type\":\"ListItem\",\"position\":2,\"name\":\"Ray-Ban et Facebook pr\u00e9sentent Ray-Ban Stories, la premi\u00e8re g\u00e9n\u00e9ration de lunettes intelligentes\"}]},{\"@type\":\"WebSite\",\"@id\":\"https:\/\/about.fb.com\/fr\/#website\",\"url\":\"https:\/\/about.fb.com\/news\/\",\"name\":\"\u00c0 propos de Meta\",\"description\":\"\",\"publisher\":{\"@id\":\"https:\/\/about.fb.com\/fr\/#organization\"},\"potentialAction\":[{\"@type\":\"SearchAction\",\"target\":{\"@type\":\"EntryPoint\",\"urlTemplate\":\"https:\/\/about.fb.com\/fr\/?s={search_term_string}\"},\"query-input\":{\"@type\":\"PropertyValueSpecification\",\"valueRequired\":true,\"valueName\":\"search_term_string\"}}],\"inLanguage\":\"fr-FR\",\"alternateName\":[\"Meta Newsroom\",\"Meta\"]},{\"@type\":\"Organization\",\"@id\":\"https:\/\/about.fb.com\/fr\/#organization\",\"name\":\"Meta\",\"url\":\"https:\/\/about.fb.com\/fr\/\",\"logo\":{\"@type\":\"ImageObject\",\"inLanguage\":\"fr-FR\",\"@id\":\"https:\/\/about.fb.com\/fr\/#\/schema\/logo\/image\/\",\"url\":\"https:\/\/about.fb.com\/fr\/wp-content\/uploads\/sites\/12\/2021\/10\/meta-social-16x9-1.jpg?fit=8000%2C4500\",\"contentUrl\":\"https:\/\/about.fb.com\/fr\/wp-content\/uploads\/sites\/12\/2021\/10\/meta-social-16x9-1.jpg?fit=8000%2C4500\",\"width\":8000,\"height\":4500,\"caption\":\"Meta\"},\"image\":{\"@id\":\"https:\/\/about.fb.com\/fr\/#\/schema\/logo\/image\/\"}}]}<\/script>\n<!-- \/ Yoast SEO plugin. -->","yoast_head_json":{"title":"Ray-Ban et Facebook pr\u00e9sentent Ray-Ban Stories, la premi\u00e8re g\u00e9n\u00e9ration de lunettes intelligentes | \u00c0 propos de Meta","robots":{"index":"index","follow":"follow","max-snippet":"max-snippet:-1","max-image-preview":"max-image-preview:large","max-video-preview":"max-video-preview:-1"},"canonical":"https:\/\/about.fb.com\/fr\/news\/2021\/09\/ray-ban-et-facebook-presentent-ray-ban-stories-la-premiere-generation-de-lunettes-intelligentes\/","og_locale":"fr_FR","og_type":"article","og_title":"Ray-Ban et Facebook pr\u00e9sentent Ray-Ban Stories, la premi\u00e8re g\u00e9n\u00e9ration de lunettes intelligentes | \u00c0 propos de Meta","og_description":"Aujourd\u2019hui, nous sommes heureux de d\u00e9voiler Ray-Ban Stories, des lunettes intelligentes qui permettent de prendre des photos et des vid\u00e9os de mani\u00e8re authentique, de partager vos aventures, d\u2019\u00e9couter de la musique ou de passer des appels, pour que vous puissiez rester pr\u00e9sent avec vos amis, votre famille et le monde qui vous entoure.","og_url":"https:\/\/about.fb.com\/fr\/news\/2021\/09\/ray-ban-et-facebook-presentent-ray-ban-stories-la-premiere-generation-de-lunettes-intelligentes\/","og_site_name":"\u00c0 propos de Meta","article_published_time":"2021-09-09T16:08:06+00:00","article_modified_time":"2021-09-09T16:13:16+00:00","og_image":[{"url":"https:\/\/about.fb.com\/fr\/wp-content\/uploads\/sites\/12\/2021\/09\/1.png","type":"","width":"","height":""}],"author":"hopscotch","twitter_card":"summary_large_image","twitter_creator":"@METAfrance","twitter_misc":{"Written by":"Meta","Est. reading time":"4 minutes"},"schema":{"@context":"https:\/\/schema.org","@graph":[{"@type":"Article","@id":"https:\/\/about.fb.com\/fr\/news\/2021\/09\/ray-ban-et-facebook-presentent-ray-ban-stories-la-premiere-generation-de-lunettes-intelligentes\/#article","isPartOf":{"@id":"https:\/\/about.fb.com\/fr\/news\/2021\/09\/ray-ban-et-facebook-presentent-ray-ban-stories-la-premiere-generation-de-lunettes-intelligentes\/"},"author":"Facebook company","headline":"Ray-Ban et Facebook pr\u00e9sentent Ray-Ban Stories, la premi\u00e8re g\u00e9n\u00e9ration de lunettes intelligentes","datePublished":"2021-09-09T16:08:06+00:00","dateModified":"2021-09-09T16:13:16+00:00","mainEntityOfPage":{"@id":"https:\/\/about.fb.com\/fr\/news\/2021\/09\/ray-ban-et-facebook-presentent-ray-ban-stories-la-premiere-generation-de-lunettes-intelligentes\/"},"wordCount":660,"publisher":{"@id":"https:\/\/about.fb.com\/fr\/#organization"},"image":{"@id":"https:\/\/about.fb.com\/fr\/news\/2021\/09\/ray-ban-et-facebook-presentent-ray-ban-stories-la-premiere-generation-de-lunettes-intelligentes\/#primaryimage"},"thumbnailUrl":"https:\/\/about.fb.com\/fr\/wp-content\/uploads\/sites\/12\/2021\/09\/1.png","keywords":["Ray-Ban","Ray-Ban Stories"],"articleSection":["Technologies"],"inLanguage":"fr-FR"},{"@type":"WebPage","@id":"https:\/\/about.fb.com\/fr\/news\/2021\/09\/ray-ban-et-facebook-presentent-ray-ban-stories-la-premiere-generation-de-lunettes-intelligentes\/","url":"https:\/\/about.fb.com\/fr\/news\/2021\/09\/ray-ban-et-facebook-presentent-ray-ban-stories-la-premiere-generation-de-lunettes-intelligentes\/","name":"Ray-Ban et Facebook pr\u00e9sentent Ray-Ban Stories, la premi\u00e8re g\u00e9n\u00e9ration de lunettes intelligentes | \u00c0 propos de Meta","isPartOf":{"@id":"https:\/\/about.fb.com\/fr\/#website"},"primaryImageOfPage":{"@id":"https:\/\/about.fb.com\/fr\/news\/2021\/09\/ray-ban-et-facebook-presentent-ray-ban-stories-la-premiere-generation-de-lunettes-intelligentes\/#primaryimage"},"image":{"@id":"https:\/\/about.fb.com\/fr\/news\/2021\/09\/ray-ban-et-facebook-presentent-ray-ban-stories-la-premiere-generation-de-lunettes-intelligentes\/#primaryimage"},"thumbnailUrl":"https:\/\/about.fb.com\/fr\/wp-content\/uploads\/sites\/12\/2021\/09\/1.png","datePublished":"2021-09-09T16:08:06+00:00","dateModified":"2021-09-09T16:13:16+00:00","breadcrumb":{"@id":"https:\/\/about.fb.com\/fr\/news\/2021\/09\/ray-ban-et-facebook-presentent-ray-ban-stories-la-premiere-generation-de-lunettes-intelligentes\/#breadcrumb"},"inLanguage":"fr-FR","potentialAction":[{"@type":"ReadAction","target":["https:\/\/about.fb.com\/fr\/news\/2021\/09\/ray-ban-et-facebook-presentent-ray-ban-stories-la-premiere-generation-de-lunettes-intelligentes\/"]}],"author":"\u00c0 propos de Meta"},{"@type":"ImageObject","inLanguage":"fr-FR","@id":"https:\/\/about.fb.com\/fr\/news\/2021\/09\/ray-ban-et-facebook-presentent-ray-ban-stories-la-premiere-generation-de-lunettes-intelligentes\/#primaryimage","url":"https:\/\/about.fb.com\/fr\/wp-content\/uploads\/sites\/12\/2021\/09\/1.png?fit=2048%2C1178","contentUrl":"https:\/\/about.fb.com\/fr\/wp-content\/uploads\/sites\/12\/2021\/09\/1.png?fit=2048%2C1178","width":2048,"height":1178},{"@type":"BreadcrumbList","@id":"https:\/\/about.fb.com\/fr\/news\/2021\/09\/ray-ban-et-facebook-presentent-ray-ban-stories-la-premiere-generation-de-lunettes-intelligentes\/#breadcrumb","itemListElement":[{"@type":"ListItem","position":1,"name":"Home","item":"https:\/\/about.fb.com\/fr\/"},{"@type":"ListItem","position":2,"name":"Ray-Ban et Facebook pr\u00e9sentent Ray-Ban Stories, la premi\u00e8re g\u00e9n\u00e9ration de lunettes intelligentes"}]},{"@type":"WebSite","@id":"https:\/\/about.fb.com\/fr\/#website","url":"https:\/\/about.fb.com\/news\/","name":"\u00c0 propos de Meta","description":"","publisher":{"@id":"https:\/\/about.fb.com\/fr\/#organization"},"potentialAction":[{"@type":"SearchAction","target":{"@type":"EntryPoint","urlTemplate":"https:\/\/about.fb.com\/fr\/?s={search_term_string}"},"query-input":{"@type":"PropertyValueSpecification","valueRequired":true,"valueName":"search_term_string"}}],"inLanguage":"fr-FR","alternateName":["Meta Newsroom","Meta"]},{"@type":"Organization","@id":"https:\/\/about.fb.com\/fr\/#organization","name":"Meta","url":"https:\/\/about.fb.com\/fr\/","logo":{"@type":"ImageObject","inLanguage":"fr-FR","@id":"https:\/\/about.fb.com\/fr\/#\/schema\/logo\/image\/","url":"https:\/\/about.fb.com\/fr\/wp-content\/uploads\/sites\/12\/2021\/10\/meta-social-16x9-1.jpg?fit=8000%2C4500","contentUrl":"https:\/\/about.fb.com\/fr\/wp-content\/uploads\/sites\/12\/2021\/10\/meta-social-16x9-1.jpg?fit=8000%2C4500","width":8000,"height":4500,"caption":"Meta"},"image":{"@id":"https:\/\/about.fb.com\/fr\/#\/schema\/logo\/image\/"}}]}},"jetpack_featured_media_url":"","jetpack-related-posts":[],"jetpack_sharing_enabled":true,"amp_enabled":true,"_links":{"self":[{"href":"https:\/\/about.fb.com\/fr\/wp-json\/wp\/v2\/posts\/22373","targetHints":{"allow":["GET"]}}],"collection":[{"href":"https:\/\/about.fb.com\/fr\/wp-json\/wp\/v2\/posts"}],"about":[{"href":"https:\/\/about.fb.com\/fr\/wp-json\/wp\/v2\/types\/post"}],"author":[{"embeddable":true,"href":"https:\/\/about.fb.com\/fr\/wp-json\/wp\/v2\/users\/164097090"}],"replies":[{"embeddable":true,"href":"https:\/\/about.fb.com\/fr\/wp-json\/wp\/v2\/comments?post=22373"}],"version-history":[{"count":8,"href":"https:\/\/about.fb.com\/fr\/wp-json\/wp\/v2\/posts\/22373\/revisions"}],"predecessor-version":[{"id":22392,"href":"https:\/\/about.fb.com\/fr\/wp-json\/wp\/v2\/posts\/22373\/revisions\/22392"}],"wp:attachment":[{"href":"https:\/\/about.fb.com\/fr\/wp-json\/wp\/v2\/media?parent=22373"}],"wp:term":[{"taxonomy":"category","embeddable":true,"href":"https:\/\/about.fb.com\/fr\/wp-json\/wp\/v2\/categories?post=22373"},{"taxonomy":"post_tag","embeddable":true,"href":"https:\/\/about.fb.com\/fr\/wp-json\/wp\/v2\/tags?post=22373"}],"curies":[{"name":"wp","href":"https:\/\/api.w.org\/{rel}","templated":true}]}}