{"id":21561,"date":"2020-06-10T08:00:54","date_gmt":"2020-06-10T06:00:54","guid":{"rendered":"https:\/\/about.fb.com\/fr\/?p=21561"},"modified":"2020-06-30T12:10:38","modified_gmt":"2020-06-30T10:10:38","slug":"facebook-mapstr-et-des-personnalites-francaises-unissent-leurs-efforts-pour-creer-la-premiere-carte-interactive-sociale-et-solidaire-du-tourisme-en-france","status":"publish","type":"post","link":"https:\/\/about.fb.com\/fr\/news\/2020\/06\/facebook-mapstr-et-des-personnalites-francaises-unissent-leurs-efforts-pour-creer-la-premiere-carte-interactive-sociale-et-solidaire-du-tourisme-en-france\/","title":{"rendered":"Facebook, Mapstr et des personnalit\u00e9s fran\u00e7aises unissent leurs efforts pour cr\u00e9er la premi\u00e8re carte interactive, sociale et solidaire du tourisme en France"},"content":{"rendered":"<p><i>Apr\u00e8s les campagnes<\/i><a href=\"https:\/\/about.fb.com\/fr\/news\/2020\/03\/ensemblealamaison-une-initiative-de-facebook-et-instagram-pour-se-divertir-se-cultiver-et-apprendre-ensemble-en-live-depuis-chez-soi\/\"> <i>#Ensemblealamaison<\/i><\/a>,<a href=\"https:\/\/about.fb.com\/fr\/news\/2020\/03\/ensemblesolidaires-linitiative-de-facebook-et-instagram-pour-faciliter-lentraide-et-la-solidarite-autour-du-coronavirus\/\"> <i>#EnsembleSolidaires<\/i><\/a><i>, Facebook France pr\u00e9sente #EnsembleEnFrance, <\/i><b><i>une initiative pour soutenir le tourisme et les commerces de proximit\u00e9 pendant les vacances d\u2019\u00e9t\u00e9 et qui vient compl\u00e9ter le programme<\/i><\/b><a href=\"https:\/\/www.facebook.com\/business\/boost\/soutenonsnostpepme\"> <b>#Soutenons nos TPE PME<\/b><\/a><b><i>.\u00a0<\/i><\/b><\/p>\n<p><b>Le 10 juin 2020<\/b> &#8211; Facebook d\u00e9voile aujourd\u2019hui le programme #EnsembleEnFrance avec pour objectif d\u2019aider tous les commerces de proximit\u00e9 forc\u00e9s de mettre en pause leur activit\u00e9 pendant la crise sanitaire. Pour les soutenir au moment de leur r\u00e9ouverture et encourager la relance de la saison touristique en France,<a href=\"https:\/\/www.facebook.com\/facebookappFrance\/\"> Facebook<\/a>,<a href=\"https:\/\/mapstr.com\/\">Mapstr<\/a> et plusieurs\u00a0 personnalit\u00e9s fran\u00e7aises partent en campagne pour cr\u00e9er la premi\u00e8re carte du tourisme solidaire et aider \u00e0 la relance \u00e9conomique cet \u00e9t\u00e9.<\/p>\n<p><a href=\"https:\/\/www.instagram.com\/clemencebotinooff\/?hl=fr\">Cl\u00e9mence Botino<\/a>, Miss France 2020 ouvrira le bal de cette initiative afin de mettre en lumi\u00e8re les tr\u00e9sors de sa Guadeloupe natale, aux c\u00f4t\u00e9s de la cr\u00e9atrice et d\u00e9coratrice d\u2019int\u00e9rieur <a href=\"https:\/\/www.instagram.com\/maisonsarahlavoine\/?hl=fr\">Sarah Lavoine<\/a>, le champion du monde de football <a href=\"https:\/\/www.instagram.com\/olivergiroudofficial\/?hl=fr\">Olivier Giroud<\/a>, l\u2019humoriste <a href=\"https:\/\/www.instagram.com\/tristanlopin\/?hl=fr\">Tristan Lopin<\/a>, la chanteuse <a href=\"https:\/\/www.instagram.com\/larusso\/?hl=fr\">Larusso<\/a>, le cavalier <a href=\"https:\/\/www.instagram.com\/astiernicolasofficiel\/\">Astier Nicolas<\/a>, la tenniswoman <a href=\"https:\/\/www.instagram.com\/carogarcia\">Caroline Garcia<\/a>, la cheffe <a href=\"https:\/\/www.instagram.com\/fanny_rey_chef\/?hl=fr\">Fanny Rey<\/a>, le p\u00e2tissier <a href=\"https:\/\/www.instagram.com\/christophe_michalak\/?hl=fr\">Christophe Michalak<\/a>, la pr\u00e9sentatrice <a href=\"https:\/\/www.instagram.com\/agathelecaron\/?hl=fr\">Agathe Le Caron<\/a> et l&rsquo;influenceuse <a href=\"https:\/\/www.instagram.com\/kenzasmg\/?hl=fr\">Kenza<\/a>.<\/p>\n<h3><b>#EnsembleEnFrance : une initiative pour mettre en lumi\u00e8re les coups de coeur de nos terroirs<\/b><\/h3>\n<p>Chaque semaine sur<a href=\"https:\/\/www.facebook.com\/facebookappFrance\/\"> la page de Facebook France<\/a>, Facebook partagera une carte des bonnes adresses et des commerces de proximit\u00e9 affectionn\u00e9s par des personnalit\u00e9s fran\u00e7aises et pour leur donner un coup de pouce afin de red\u00e9marrer leur activit\u00e9. Restaurant, chambre d\u2019h\u00f4te, artisan ou joyau du patrimoine local\u2026 chaque personnalit\u00e9 partagera les coups de c\u0153ur de sa r\u00e9gion.<\/p>\n<p>&nbsp;<\/p>\n<p><img data-recalc-dims=\"1\" loading=\"lazy\" decoding=\"async\" class=\"aligncenter size-large wp-image-21563\" src=\"https:\/\/about.fb.com\/fr\/wp-content\/uploads\/sites\/12\/2020\/06\/Visuel-ENSEMBLE-EN-FRANCE.png?w=890&#038;resize=890%2C509\" alt=\"\" width=\"890\" height=\"509\" srcset=\"https:\/\/about.fb.com\/fr\/wp-content\/uploads\/sites\/12\/2020\/06\/Visuel-ENSEMBLE-EN-FRANCE.png?w=1670 1670w, https:\/\/about.fb.com\/fr\/wp-content\/uploads\/sites\/12\/2020\/06\/Visuel-ENSEMBLE-EN-FRANCE.png?w=600 600w, https:\/\/about.fb.com\/fr\/wp-content\/uploads\/sites\/12\/2020\/06\/Visuel-ENSEMBLE-EN-FRANCE.png?w=300 300w, https:\/\/about.fb.com\/fr\/wp-content\/uploads\/sites\/12\/2020\/06\/Visuel-ENSEMBLE-EN-FRANCE.png?w=768 768w, https:\/\/about.fb.com\/fr\/wp-content\/uploads\/sites\/12\/2020\/06\/Visuel-ENSEMBLE-EN-FRANCE.png?w=1024 1024w, https:\/\/about.fb.com\/fr\/wp-content\/uploads\/sites\/12\/2020\/06\/Visuel-ENSEMBLE-EN-FRANCE.png?w=1536 1536w, https:\/\/about.fb.com\/fr\/wp-content\/uploads\/sites\/12\/2020\/06\/Visuel-ENSEMBLE-EN-FRANCE.png?w=800 800w\" sizes=\"auto, (max-width: 890px) 100vw, 890px\" \/><\/p>\n<p>Cr\u00e9\u00e9e en partenariat avec<a href=\"https:\/\/mapstr.com\/\"> Mapstr<\/a> (<a href=\"https:\/\/about.fb.com\/fr\/news\/2017\/06\/facebook-annonce-le-premier-groupe-de-startups-a-rejoindre-le-programme-startup-garage-a-station-f\/\">une des premi\u00e8res p\u00e9pites du \u201cStartup Garage\u201d \u00e0 Station F<\/a>), cette carte mettra en avant les adresses de personnalit\u00e9s et, pour la toute premi\u00e8re fois, sera aussi collaborative ; une fonctionnalit\u00e9 unique au monde, d\u00e9velopp\u00e9e sp\u00e9cifiquement pour le programme #EnsembleEnFrance. Elle permettra \u00e0 chaque fran\u00e7ais d\u2019ajouter les p\u00e9pites locales qu\u2019il souhaite soutenir et partager avec les autres utilisateurs.<\/p>\n<p>En compl\u00e9ment de la cr\u00e9ation de la premi\u00e8re carte du tourisme solidaire, l\u2019objectif de cette campagne est \u00e9galement de pouvoir offrir aux commerces de proximit\u00e9 davantage de visibilit\u00e9<a href=\"https:\/\/www.facebook.com\/facebookappFrance\/\"> via la page de Facebook France<\/a>.<\/p>\n<p><i>\u00ab A l&rsquo;heure de la r\u00e9ouverture de nos lieux pr\u00e9f\u00e9r\u00e9s et des retrouvailles avec nos proches, il faut aider ces commerces qui nous ont tant manqu\u00e9s. La mission de Mapstr a toujours \u00e9t\u00e9 d\u2019encourager nos utilisateurs \u00e0 explorer le monde, proche ou lointain, et nous sommes particuli\u00e8rement fiers de lancer avec Facebook cette campagne pour continuer de donner plus de visibilit\u00e9 et soutenir tous ces lieux et commerces fran\u00e7ais qui apportent tant de richesse ! <\/i>\u00bb, ajoute S\u00e9bastien Caron, Directeur et Fondateur de Mapstr.<\/p>\n<p>Pendant le confinement, Mapstr a lanc\u00e9 de nombreuses initiatives pour soutenir les petits commerces. Cette campagne vient donc prolonger la volont\u00e9 de l\u2019entreprise d\u2019apporter son coup de pouce ; par exemple via la mise \u00e0 disposition d\u2019une<a href=\"https:\/\/go.mapstr.com\/mapstr\/isupportyou_support_the_local_shops_and_restaurants\"> carte regroupant toutes les plateformes de bons d&rsquo;achat<\/a> ou encore une<a href=\"https:\/\/go.mapstr.com\/mapstr\/la_france_a_emporter_ou_livraison\"> carte des restaurants ouverts \u00e0 la livraison et \u00e0 la vente \u00e0 emporter<\/a>.<\/p>\n<h3><b>Vous souhaitez aussi donner un coup de pouce \u00e0 un commerce que vous adorez ?\u00a0<\/b><\/h3>\n<p>Pour participer, t\u00e9l\u00e9chargez l\u2019application Mapstr et ajoutez vos commerces favoris directement sur la carte #EnsembleEnFrance.<\/p>\n<h4 style=\"text-align: center\"><a href=\"https:\/\/go.mapstr.com\/facebook\/ensemble_en_france_avec_facebook\">Pour t\u00e9l\u00e9charger Mapstr et acc\u00e9der \u00e0 la carte<\/a><\/h4>\n<p>Nous vous donnons \u00e9galement rendez-vous quotidiennement sur la page de Facebook France pour retrouver toutes les informations sur notre campagne, des belles histoires de r\u00e9gions et de bonnes adresses, mais aussi d\u00e9couvrir comment vous aussi vous pouvez apporter votre contribution :<a href=\"https:\/\/www.facebook.com\/facebookappFrance\/\"> https:\/\/www.facebook.com\/facebookappFrance\/<\/a><\/p>\n<p><b>Quelques informations utiles :\u00a0<\/b><\/p>\n<ul>\n<li>Pour rappel, Facebook a aussi lanc\u00e9 le site<a href=\"https:\/\/www.facebook.com\/business\/boost\/soutenonsnostpepme\"> #Soutenons nos TPE PME<\/a> ainsi qu\u2019un plan pour stimuler la relance \u00e9conomique des TPE-PME fran\u00e7aises. Pour en savoir plus, consultez le<a href=\"https:\/\/about.fb.com\/fr\/news\/2020\/06\/facebook-lance-soutenonsnostpepme-un-plan-pour-stimuler-la-relance-economique-des-tpe-pme-francaises\/\"> blogpost<\/a> sur la Newsroom de Facebook France.<\/li>\n<li>38 Millions de fran\u00e7ais utilisent Facebook en France chaque mois.<\/li>\n<li>Plus de 22 millions de personnes se r\u00e9unissent dans des groupes pour s\u2019entraider, \u00e9changer des bons plans ou encore se rencontrer autour de passions communes.<\/li>\n<li>Plus de 200 000 personnes vivant en France font partie de groupes sur Facebook li\u00e9s au tourisme local dans le pays (groupes actifs au cours du dernier mois)<\/li>\n<li>Depuis la fin du confinement, plus de 500 000 messages et commentaires ont \u00e9t\u00e9 partag\u00e9s par des personnes en France en relation avec le tourisme en France sur Facebook<\/li>\n<li>Les villes les plus identifi\u00e9es dans les publications sur Instagram en relation avec le tourisme cet \u00e9t\u00e9 en France sont Paris, la Bretagne et Bordeaux.<\/li>\n<\/ul>\n<p><b>A propos de Mapstr<\/b><\/p>\n<p><a href=\"https:\/\/mapstr.com\/\">MAPSTR<\/a> est le r\u00e9seau social Fran\u00e7ais de partage de bonnes adresses entre amis. Il permet gratuitement d&rsquo;enregistrer toutes ses adresses pr\u00e9f\u00e9r\u00e9es et d&rsquo;acc\u00e9der \u00e0 celles de ses amis, magazines, guides de voyages ou influenceurs favoris. Restaurants, h\u00f4tels, boutiques, paysages, randonn\u00e9es&#8230; qu&rsquo;elles soient personnelles ou professionnelles, plus de 50 millions d&rsquo;adresses ont \u00e9t\u00e9 enregistr\u00e9es par ses utilisateurs.<\/p>\n<p>&nbsp;<\/p>\n<p>&nbsp;<\/p>\n","protected":false},"excerpt":{"rendered":"Apr\u00e8s les campagnes #Ensemblealamaison, #EnsembleSolidaires, Facebook France pr\u00e9sente #EnsembleEnFrance, une initiative pour soutenir le tourisme et les commerces de proximit\u00e9 pendant les vacances d\u2019\u00e9t\u00e9.","protected":false},"author":164097090,"featured_media":21567,"comment_status":"closed","ping_status":"closed","sticky":false,"template":"","format":"standard","meta":{"_jetpack_memberships_contains_paid_content":false,"footnotes":""},"categories":[243897945,243897989,243897985,93490927],"tags":[243898002,243898010,243898011,243898012],"class_list":["post-21561","post","type-post","status-publish","format-standard","has-post-thumbnail","hentry","category-communautes","category-facebook-app","category-meta","category-featured","tag-ensemblealamaison","tag-ensembleenfrance","tag-ensemblessolidaires","tag-solidarite"],"yoast_head":"<!-- This site is optimized with the Yoast SEO plugin v27.2 - https:\/\/yoast.com\/product\/yoast-seo-wordpress\/ -->\n<title>Facebook, Mapstr et des personnalit\u00e9s fran\u00e7aises unissent leurs efforts pour cr\u00e9er la premi\u00e8re carte interactive, sociale et solidaire du tourisme en France | \u00c0 propos de Meta<\/title>\n<meta name=\"robots\" content=\"index, follow, max-snippet:-1, max-image-preview:large, max-video-preview:-1\" \/>\n<link rel=\"canonical\" href=\"https:\/\/about.fb.com\/fr\/news\/2020\/06\/facebook-mapstr-et-des-personnalites-francaises-unissent-leurs-efforts-pour-creer-la-premiere-carte-interactive-sociale-et-solidaire-du-tourisme-en-france\/\" \/>\n<meta property=\"og:locale\" content=\"fr_FR\" \/>\n<meta property=\"og:type\" content=\"article\" \/>\n<meta property=\"og:title\" content=\"Facebook, Mapstr et des personnalit\u00e9s fran\u00e7aises unissent leurs efforts pour cr\u00e9er la premi\u00e8re carte interactive, sociale et solidaire du tourisme en France | \u00c0 propos de Meta\" \/>\n<meta property=\"og:description\" content=\"Apr\u00e8s les campagnes #Ensemblealamaison, #EnsembleSolidaires, Facebook France pr\u00e9sente #EnsembleEnFrance, une initiative pour soutenir le tourisme et les commerces de proximit\u00e9 pendant les vacances d\u2019\u00e9t\u00e9.\" \/>\n<meta property=\"og:url\" content=\"https:\/\/about.fb.com\/fr\/news\/2020\/06\/facebook-mapstr-et-des-personnalites-francaises-unissent-leurs-efforts-pour-creer-la-premiere-carte-interactive-sociale-et-solidaire-du-tourisme-en-france\/\" \/>\n<meta property=\"og:site_name\" content=\"\u00c0 propos de Meta\" \/>\n<meta property=\"article:published_time\" content=\"2020-06-10T06:00:54+00:00\" \/>\n<meta property=\"article:modified_time\" content=\"2020-06-30T10:10:38+00:00\" \/>\n<meta property=\"og:image\" content=\"https:\/\/about.fb.com\/fr\/wp-content\/uploads\/sites\/12\/2020\/06\/LOGO_ENSEMBLE-EN-FRANCE_PARFACEBOOK_1920x1080.png?resize=1024,577\" \/>\n\t<meta property=\"og:image:width\" content=\"1024\" \/>\n\t<meta property=\"og:image:height\" content=\"577\" \/>\n\t<meta property=\"og:image:type\" content=\"image\/png\" \/>\n<meta name=\"author\" content=\"hopscotch\" \/>\n<meta name=\"twitter:card\" content=\"summary_large_image\" \/>\n<meta name=\"twitter:creator\" content=\"@METAfrance\" \/>\n<meta name=\"twitter:label1\" content=\"Written by\" \/>\n\t<meta name=\"twitter:data1\" content=\"Meta\" \/>\n\t<meta name=\"twitter:label2\" content=\"Est. reading time\" \/>\n\t<meta name=\"twitter:data2\" content=\"4 minutes\" \/>\n<script type=\"application\/ld+json\" class=\"yoast-schema-graph\">{\"@context\":\"https:\/\/schema.org\",\"@graph\":[{\"@type\":\"Article\",\"@id\":\"https:\/\/about.fb.com\/fr\/news\/2020\/06\/facebook-mapstr-et-des-personnalites-francaises-unissent-leurs-efforts-pour-creer-la-premiere-carte-interactive-sociale-et-solidaire-du-tourisme-en-france\/#article\",\"isPartOf\":{\"@id\":\"https:\/\/about.fb.com\/fr\/news\/2020\/06\/facebook-mapstr-et-des-personnalites-francaises-unissent-leurs-efforts-pour-creer-la-premiere-carte-interactive-sociale-et-solidaire-du-tourisme-en-france\/\"},\"author\":\"Facebook company\",\"headline\":\"Facebook, Mapstr et des personnalit\u00e9s fran\u00e7aises unissent leurs efforts pour cr\u00e9er la premi\u00e8re carte interactive, sociale et solidaire du tourisme en France\",\"datePublished\":\"2020-06-10T06:00:54+00:00\",\"dateModified\":\"2020-06-30T10:10:38+00:00\",\"mainEntityOfPage\":{\"@id\":\"https:\/\/about.fb.com\/fr\/news\/2020\/06\/facebook-mapstr-et-des-personnalites-francaises-unissent-leurs-efforts-pour-creer-la-premiere-carte-interactive-sociale-et-solidaire-du-tourisme-en-france\/\"},\"wordCount\":886,\"publisher\":{\"@id\":\"https:\/\/about.fb.com\/fr\/#organization\"},\"image\":{\"@id\":\"https:\/\/about.fb.com\/fr\/news\/2020\/06\/facebook-mapstr-et-des-personnalites-francaises-unissent-leurs-efforts-pour-creer-la-premiere-carte-interactive-sociale-et-solidaire-du-tourisme-en-france\/#primaryimage\"},\"thumbnailUrl\":\"https:\/\/about.fb.com\/fr\/wp-content\/uploads\/sites\/12\/2020\/06\/LOGO_ENSEMBLE-EN-FRANCE_PARFACEBOOK_1920x1080.png?fit=1916%2C1080\",\"keywords\":[\"#Ensemble\u00e0lamaison\",\"#EnsembleEnFrance\",\"#EnsemblesSolidaires\",\"Solidarit\u00e9\"],\"articleSection\":[\"Communaut\u00e9s\",\"Facebook\",\"Meta\",\"Sidebar - Featured\"],\"inLanguage\":\"fr-FR\"},{\"@type\":\"WebPage\",\"@id\":\"https:\/\/about.fb.com\/fr\/news\/2020\/06\/facebook-mapstr-et-des-personnalites-francaises-unissent-leurs-efforts-pour-creer-la-premiere-carte-interactive-sociale-et-solidaire-du-tourisme-en-france\/\",\"url\":\"https:\/\/about.fb.com\/fr\/news\/2020\/06\/facebook-mapstr-et-des-personnalites-francaises-unissent-leurs-efforts-pour-creer-la-premiere-carte-interactive-sociale-et-solidaire-du-tourisme-en-france\/\",\"name\":\"Facebook, Mapstr et des personnalit\u00e9s fran\u00e7aises unissent leurs efforts pour cr\u00e9er la premi\u00e8re carte interactive, sociale et solidaire du tourisme en France | \u00c0 propos de Meta\",\"isPartOf\":{\"@id\":\"https:\/\/about.fb.com\/fr\/#website\"},\"primaryImageOfPage\":{\"@id\":\"https:\/\/about.fb.com\/fr\/news\/2020\/06\/facebook-mapstr-et-des-personnalites-francaises-unissent-leurs-efforts-pour-creer-la-premiere-carte-interactive-sociale-et-solidaire-du-tourisme-en-france\/#primaryimage\"},\"image\":{\"@id\":\"https:\/\/about.fb.com\/fr\/news\/2020\/06\/facebook-mapstr-et-des-personnalites-francaises-unissent-leurs-efforts-pour-creer-la-premiere-carte-interactive-sociale-et-solidaire-du-tourisme-en-france\/#primaryimage\"},\"thumbnailUrl\":\"https:\/\/about.fb.com\/fr\/wp-content\/uploads\/sites\/12\/2020\/06\/LOGO_ENSEMBLE-EN-FRANCE_PARFACEBOOK_1920x1080.png?fit=1916%2C1080\",\"datePublished\":\"2020-06-10T06:00:54+00:00\",\"dateModified\":\"2020-06-30T10:10:38+00:00\",\"breadcrumb\":{\"@id\":\"https:\/\/about.fb.com\/fr\/news\/2020\/06\/facebook-mapstr-et-des-personnalites-francaises-unissent-leurs-efforts-pour-creer-la-premiere-carte-interactive-sociale-et-solidaire-du-tourisme-en-france\/#breadcrumb\"},\"inLanguage\":\"fr-FR\",\"potentialAction\":[{\"@type\":\"ReadAction\",\"target\":[\"https:\/\/about.fb.com\/fr\/news\/2020\/06\/facebook-mapstr-et-des-personnalites-francaises-unissent-leurs-efforts-pour-creer-la-premiere-carte-interactive-sociale-et-solidaire-du-tourisme-en-france\/\"]}],\"author\":\"\u00c0 propos de Meta\"},{\"@type\":\"ImageObject\",\"inLanguage\":\"fr-FR\",\"@id\":\"https:\/\/about.fb.com\/fr\/news\/2020\/06\/facebook-mapstr-et-des-personnalites-francaises-unissent-leurs-efforts-pour-creer-la-premiere-carte-interactive-sociale-et-solidaire-du-tourisme-en-france\/#primaryimage\",\"url\":\"https:\/\/about.fb.com\/fr\/wp-content\/uploads\/sites\/12\/2020\/06\/LOGO_ENSEMBLE-EN-FRANCE_PARFACEBOOK_1920x1080.png?fit=1916%2C1080\",\"contentUrl\":\"https:\/\/about.fb.com\/fr\/wp-content\/uploads\/sites\/12\/2020\/06\/LOGO_ENSEMBLE-EN-FRANCE_PARFACEBOOK_1920x1080.png?fit=1916%2C1080\",\"width\":1916,\"height\":1080},{\"@type\":\"BreadcrumbList\",\"@id\":\"https:\/\/about.fb.com\/fr\/news\/2020\/06\/facebook-mapstr-et-des-personnalites-francaises-unissent-leurs-efforts-pour-creer-la-premiere-carte-interactive-sociale-et-solidaire-du-tourisme-en-france\/#breadcrumb\",\"itemListElement\":[{\"@type\":\"ListItem\",\"position\":1,\"name\":\"Home\",\"item\":\"https:\/\/about.fb.com\/fr\/\"},{\"@type\":\"ListItem\",\"position\":2,\"name\":\"Facebook, Mapstr et des personnalit\u00e9s fran\u00e7aises unissent leurs efforts pour cr\u00e9er la premi\u00e8re carte interactive, sociale et solidaire du tourisme en France\"}]},{\"@type\":\"WebSite\",\"@id\":\"https:\/\/about.fb.com\/fr\/#website\",\"url\":\"https:\/\/about.fb.com\/news\/\",\"name\":\"\u00c0 propos de Meta\",\"description\":\"\",\"publisher\":{\"@id\":\"https:\/\/about.fb.com\/fr\/#organization\"},\"potentialAction\":[{\"@type\":\"SearchAction\",\"target\":{\"@type\":\"EntryPoint\",\"urlTemplate\":\"https:\/\/about.fb.com\/fr\/?s={search_term_string}\"},\"query-input\":{\"@type\":\"PropertyValueSpecification\",\"valueRequired\":true,\"valueName\":\"search_term_string\"}}],\"inLanguage\":\"fr-FR\",\"alternateName\":[\"Meta Newsroom\",\"Meta\"]},{\"@type\":\"Organization\",\"@id\":\"https:\/\/about.fb.com\/fr\/#organization\",\"name\":\"Meta\",\"url\":\"https:\/\/about.fb.com\/fr\/\",\"logo\":{\"@type\":\"ImageObject\",\"inLanguage\":\"fr-FR\",\"@id\":\"https:\/\/about.fb.com\/fr\/#\/schema\/logo\/image\/\",\"url\":\"https:\/\/about.fb.com\/fr\/wp-content\/uploads\/sites\/12\/2021\/10\/meta-social-16x9-1.jpg?fit=8000%2C4500\",\"contentUrl\":\"https:\/\/about.fb.com\/fr\/wp-content\/uploads\/sites\/12\/2021\/10\/meta-social-16x9-1.jpg?fit=8000%2C4500\",\"width\":8000,\"height\":4500,\"caption\":\"Meta\"},\"image\":{\"@id\":\"https:\/\/about.fb.com\/fr\/#\/schema\/logo\/image\/\"}}]}<\/script>\n<!-- \/ Yoast SEO plugin. -->","yoast_head_json":{"title":"Facebook, Mapstr et des personnalit\u00e9s fran\u00e7aises unissent leurs efforts pour cr\u00e9er la premi\u00e8re carte interactive, sociale et solidaire du tourisme en France | \u00c0 propos de Meta","robots":{"index":"index","follow":"follow","max-snippet":"max-snippet:-1","max-image-preview":"max-image-preview:large","max-video-preview":"max-video-preview:-1"},"canonical":"https:\/\/about.fb.com\/fr\/news\/2020\/06\/facebook-mapstr-et-des-personnalites-francaises-unissent-leurs-efforts-pour-creer-la-premiere-carte-interactive-sociale-et-solidaire-du-tourisme-en-france\/","og_locale":"fr_FR","og_type":"article","og_title":"Facebook, Mapstr et des personnalit\u00e9s fran\u00e7aises unissent leurs efforts pour cr\u00e9er la premi\u00e8re carte interactive, sociale et solidaire du tourisme en France | \u00c0 propos de Meta","og_description":"Apr\u00e8s les campagnes #Ensemblealamaison, #EnsembleSolidaires, Facebook France pr\u00e9sente #EnsembleEnFrance, une initiative pour soutenir le tourisme et les commerces de proximit\u00e9 pendant les vacances d\u2019\u00e9t\u00e9.","og_url":"https:\/\/about.fb.com\/fr\/news\/2020\/06\/facebook-mapstr-et-des-personnalites-francaises-unissent-leurs-efforts-pour-creer-la-premiere-carte-interactive-sociale-et-solidaire-du-tourisme-en-france\/","og_site_name":"\u00c0 propos de Meta","article_published_time":"2020-06-10T06:00:54+00:00","article_modified_time":"2020-06-30T10:10:38+00:00","og_image":[{"width":1024,"height":577,"url":"https:\/\/about.fb.com\/fr\/wp-content\/uploads\/sites\/12\/2020\/06\/LOGO_ENSEMBLE-EN-FRANCE_PARFACEBOOK_1920x1080.png?resize=1024,577","type":"image\/png"}],"author":"hopscotch","twitter_card":"summary_large_image","twitter_creator":"@METAfrance","twitter_misc":{"Written by":"Meta","Est. reading time":"4 minutes"},"schema":{"@context":"https:\/\/schema.org","@graph":[{"@type":"Article","@id":"https:\/\/about.fb.com\/fr\/news\/2020\/06\/facebook-mapstr-et-des-personnalites-francaises-unissent-leurs-efforts-pour-creer-la-premiere-carte-interactive-sociale-et-solidaire-du-tourisme-en-france\/#article","isPartOf":{"@id":"https:\/\/about.fb.com\/fr\/news\/2020\/06\/facebook-mapstr-et-des-personnalites-francaises-unissent-leurs-efforts-pour-creer-la-premiere-carte-interactive-sociale-et-solidaire-du-tourisme-en-france\/"},"author":"Facebook company","headline":"Facebook, Mapstr et des personnalit\u00e9s fran\u00e7aises unissent leurs efforts pour cr\u00e9er la premi\u00e8re carte interactive, sociale et solidaire du tourisme en France","datePublished":"2020-06-10T06:00:54+00:00","dateModified":"2020-06-30T10:10:38+00:00","mainEntityOfPage":{"@id":"https:\/\/about.fb.com\/fr\/news\/2020\/06\/facebook-mapstr-et-des-personnalites-francaises-unissent-leurs-efforts-pour-creer-la-premiere-carte-interactive-sociale-et-solidaire-du-tourisme-en-france\/"},"wordCount":886,"publisher":{"@id":"https:\/\/about.fb.com\/fr\/#organization"},"image":{"@id":"https:\/\/about.fb.com\/fr\/news\/2020\/06\/facebook-mapstr-et-des-personnalites-francaises-unissent-leurs-efforts-pour-creer-la-premiere-carte-interactive-sociale-et-solidaire-du-tourisme-en-france\/#primaryimage"},"thumbnailUrl":"https:\/\/about.fb.com\/fr\/wp-content\/uploads\/sites\/12\/2020\/06\/LOGO_ENSEMBLE-EN-FRANCE_PARFACEBOOK_1920x1080.png?fit=1916%2C1080","keywords":["#Ensemble\u00e0lamaison","#EnsembleEnFrance","#EnsemblesSolidaires","Solidarit\u00e9"],"articleSection":["Communaut\u00e9s","Facebook","Meta","Sidebar - Featured"],"inLanguage":"fr-FR"},{"@type":"WebPage","@id":"https:\/\/about.fb.com\/fr\/news\/2020\/06\/facebook-mapstr-et-des-personnalites-francaises-unissent-leurs-efforts-pour-creer-la-premiere-carte-interactive-sociale-et-solidaire-du-tourisme-en-france\/","url":"https:\/\/about.fb.com\/fr\/news\/2020\/06\/facebook-mapstr-et-des-personnalites-francaises-unissent-leurs-efforts-pour-creer-la-premiere-carte-interactive-sociale-et-solidaire-du-tourisme-en-france\/","name":"Facebook, Mapstr et des personnalit\u00e9s fran\u00e7aises unissent leurs efforts pour cr\u00e9er la premi\u00e8re carte interactive, sociale et solidaire du tourisme en France | \u00c0 propos de Meta","isPartOf":{"@id":"https:\/\/about.fb.com\/fr\/#website"},"primaryImageOfPage":{"@id":"https:\/\/about.fb.com\/fr\/news\/2020\/06\/facebook-mapstr-et-des-personnalites-francaises-unissent-leurs-efforts-pour-creer-la-premiere-carte-interactive-sociale-et-solidaire-du-tourisme-en-france\/#primaryimage"},"image":{"@id":"https:\/\/about.fb.com\/fr\/news\/2020\/06\/facebook-mapstr-et-des-personnalites-francaises-unissent-leurs-efforts-pour-creer-la-premiere-carte-interactive-sociale-et-solidaire-du-tourisme-en-france\/#primaryimage"},"thumbnailUrl":"https:\/\/about.fb.com\/fr\/wp-content\/uploads\/sites\/12\/2020\/06\/LOGO_ENSEMBLE-EN-FRANCE_PARFACEBOOK_1920x1080.png?fit=1916%2C1080","datePublished":"2020-06-10T06:00:54+00:00","dateModified":"2020-06-30T10:10:38+00:00","breadcrumb":{"@id":"https:\/\/about.fb.com\/fr\/news\/2020\/06\/facebook-mapstr-et-des-personnalites-francaises-unissent-leurs-efforts-pour-creer-la-premiere-carte-interactive-sociale-et-solidaire-du-tourisme-en-france\/#breadcrumb"},"inLanguage":"fr-FR","potentialAction":[{"@type":"ReadAction","target":["https:\/\/about.fb.com\/fr\/news\/2020\/06\/facebook-mapstr-et-des-personnalites-francaises-unissent-leurs-efforts-pour-creer-la-premiere-carte-interactive-sociale-et-solidaire-du-tourisme-en-france\/"]}],"author":"\u00c0 propos de Meta"},{"@type":"ImageObject","inLanguage":"fr-FR","@id":"https:\/\/about.fb.com\/fr\/news\/2020\/06\/facebook-mapstr-et-des-personnalites-francaises-unissent-leurs-efforts-pour-creer-la-premiere-carte-interactive-sociale-et-solidaire-du-tourisme-en-france\/#primaryimage","url":"https:\/\/about.fb.com\/fr\/wp-content\/uploads\/sites\/12\/2020\/06\/LOGO_ENSEMBLE-EN-FRANCE_PARFACEBOOK_1920x1080.png?fit=1916%2C1080","contentUrl":"https:\/\/about.fb.com\/fr\/wp-content\/uploads\/sites\/12\/2020\/06\/LOGO_ENSEMBLE-EN-FRANCE_PARFACEBOOK_1920x1080.png?fit=1916%2C1080","width":1916,"height":1080},{"@type":"BreadcrumbList","@id":"https:\/\/about.fb.com\/fr\/news\/2020\/06\/facebook-mapstr-et-des-personnalites-francaises-unissent-leurs-efforts-pour-creer-la-premiere-carte-interactive-sociale-et-solidaire-du-tourisme-en-france\/#breadcrumb","itemListElement":[{"@type":"ListItem","position":1,"name":"Home","item":"https:\/\/about.fb.com\/fr\/"},{"@type":"ListItem","position":2,"name":"Facebook, Mapstr et des personnalit\u00e9s fran\u00e7aises unissent leurs efforts pour cr\u00e9er la premi\u00e8re carte interactive, sociale et solidaire du tourisme en France"}]},{"@type":"WebSite","@id":"https:\/\/about.fb.com\/fr\/#website","url":"https:\/\/about.fb.com\/news\/","name":"\u00c0 propos de Meta","description":"","publisher":{"@id":"https:\/\/about.fb.com\/fr\/#organization"},"potentialAction":[{"@type":"SearchAction","target":{"@type":"EntryPoint","urlTemplate":"https:\/\/about.fb.com\/fr\/?s={search_term_string}"},"query-input":{"@type":"PropertyValueSpecification","valueRequired":true,"valueName":"search_term_string"}}],"inLanguage":"fr-FR","alternateName":["Meta Newsroom","Meta"]},{"@type":"Organization","@id":"https:\/\/about.fb.com\/fr\/#organization","name":"Meta","url":"https:\/\/about.fb.com\/fr\/","logo":{"@type":"ImageObject","inLanguage":"fr-FR","@id":"https:\/\/about.fb.com\/fr\/#\/schema\/logo\/image\/","url":"https:\/\/about.fb.com\/fr\/wp-content\/uploads\/sites\/12\/2021\/10\/meta-social-16x9-1.jpg?fit=8000%2C4500","contentUrl":"https:\/\/about.fb.com\/fr\/wp-content\/uploads\/sites\/12\/2021\/10\/meta-social-16x9-1.jpg?fit=8000%2C4500","width":8000,"height":4500,"caption":"Meta"},"image":{"@id":"https:\/\/about.fb.com\/fr\/#\/schema\/logo\/image\/"}}]}},"jetpack_featured_media_url":"https:\/\/about.fb.com\/fr\/wp-content\/uploads\/sites\/12\/2020\/06\/LOGO_ENSEMBLE-EN-FRANCE_PARFACEBOOK_1920x1080.png?fit=1916%2C1080","jetpack-related-posts":[],"jetpack_sharing_enabled":true,"amp_enabled":true,"_links":{"self":[{"href":"https:\/\/about.fb.com\/fr\/wp-json\/wp\/v2\/posts\/21561","targetHints":{"allow":["GET"]}}],"collection":[{"href":"https:\/\/about.fb.com\/fr\/wp-json\/wp\/v2\/posts"}],"about":[{"href":"https:\/\/about.fb.com\/fr\/wp-json\/wp\/v2\/types\/post"}],"author":[{"embeddable":true,"href":"https:\/\/about.fb.com\/fr\/wp-json\/wp\/v2\/users\/164097090"}],"replies":[{"embeddable":true,"href":"https:\/\/about.fb.com\/fr\/wp-json\/wp\/v2\/comments?post=21561"}],"version-history":[{"count":10,"href":"https:\/\/about.fb.com\/fr\/wp-json\/wp\/v2\/posts\/21561\/revisions"}],"predecessor-version":[{"id":21590,"href":"https:\/\/about.fb.com\/fr\/wp-json\/wp\/v2\/posts\/21561\/revisions\/21590"}],"wp:featuredmedia":[{"embeddable":true,"href":"https:\/\/about.fb.com\/fr\/wp-json\/wp\/v2\/media\/21567"}],"wp:attachment":[{"href":"https:\/\/about.fb.com\/fr\/wp-json\/wp\/v2\/media?parent=21561"}],"wp:term":[{"taxonomy":"category","embeddable":true,"href":"https:\/\/about.fb.com\/fr\/wp-json\/wp\/v2\/categories?post=21561"},{"taxonomy":"post_tag","embeddable":true,"href":"https:\/\/about.fb.com\/fr\/wp-json\/wp\/v2\/tags?post=21561"}],"curies":[{"name":"wp","href":"https:\/\/api.w.org\/{rel}","templated":true}]}}