{"id":21301,"date":"2020-03-17T14:02:28","date_gmt":"2020-03-17T13:02:28","guid":{"rendered":"https:\/\/about.fb.com\/fr\/?p=21301"},"modified":"2020-05-11T10:28:03","modified_gmt":"2020-05-11T08:28:03","slug":"ensemblealamaison-une-initiative-de-facebook-et-instagram-pour-se-divertir-se-cultiver-et-apprendre-ensemble-en-live-depuis-chez-soi","status":"publish","type":"post","link":"https:\/\/about.fb.com\/fr\/news\/2020\/03\/ensemblealamaison-une-initiative-de-facebook-et-instagram-pour-se-divertir-se-cultiver-et-apprendre-ensemble-en-live-depuis-chez-soi\/","title":{"rendered":"#ensemble\u00e0lamaison, une initiative de Facebook et Instagram pour se divertir, se cultiver et apprendre ensemble en Live depuis chez soi"},"content":{"rendered":"<p><span style=\"font-size: 10.0pt;font-family: 'Verdana',sans-serif;color: #201f1e\">Alors que nous devons tous rester chez nous, il est important de continuer nos activit\u00e9s favorites, de maintenir notre vie culturelle et sociale et surtout de partager des bons moments ensemble. Pour soutenir les initiatives des communaut\u00e9s, des artistes, des mus\u00e9es et institutions culturelles, Facebook et Instagram ont lanc\u00e9 ce weekend l\u2019initiative <b>#ensemble\u00e0lamaison <\/b>pour soutenir et f\u00e9d\u00e9rer des contenus vid\u00e9o in\u00e9dits en Live.<\/span><\/p>\n<p><span style=\"font-size: 10.0pt;font-family: 'Verdana',sans-serif;color: #201f1e\">Ainsi, chacun pourra d\u00e9couvrir et participer \u00e0 des activit\u00e9s culturelles, ludiques, \u00e9ducatives et sportives organis\u00e9es en direct et relay\u00e9es sur Facebook. <\/span><\/p>\n<p style=\"text-align: center\"><span style=\"font-size: 10.0pt;font-family: 'Verdana',sans-serif;color: #201f1e\">Nous vous invitons dans les prochaines semaines \u00e0 consulter<\/span><span style=\"font-size: 12.0pt;color: black\"> <a href=\"https:\/\/www.facebook.com\/facebookappFrance\/\"><span style=\"font-size: 10.0pt;font-family: 'Verdana',sans-serif;color: #1155cc\">la page de Facebook France<\/span><\/a><\/span><span style=\"font-size: 10.0pt;font-family: 'Verdana',sans-serif;color: #201f1e\"> pour conna\u00eetre l&rsquo;agenda des Lives et contenus in\u00e9dits.<br \/>\n<\/span><\/p>\n<p><span style=\"font-size: 10.0pt;font-family: 'Verdana',sans-serif;color: #201f1e\">Avec les annulations de concerts et de spectacles, il est devenu difficile pour les artistes de maintenir un lien avec leur public mais gr\u00e2ce au Live, ils peuvent garder le contact depuis chez eux. L\u2019artiste<\/span><span style=\"font-size: 12.0pt;color: black\">\u00a0<a href=\"https:\/\/www.facebook.com\/jeanlouisaubertofficiel\/\"><span style=\"font-size: 10.0pt;font-family: 'Verdana',sans-serif;color: #1155cc\">Jean-Louis Aubert<\/span><\/a><\/span><span style=\"font-size: 10.0pt;font-family: 'Verdana',sans-serif;color: #201f1e\"> a ainsi ouvert le bal en organisant le dimanche 15 mars un <\/span><span style=\"font-size: 12.0pt;color: black\"><a href=\"https:\/\/www.facebook.com\/jeanlouisaubertofficiel\/videos\/569636917094941\/\"><span style=\"font-size: 10.0pt;font-family: 'Verdana',sans-serif;color: #1155cc\">concert en Live<\/span><\/a><\/span><span style=\"font-size: 10.0pt;font-family: 'Verdana',sans-serif;color: #201f1e\"> sur sa page Facebook o\u00f9 il a r\u00e9uni plus d\u2019un million de spectateurs lors d\u2019un moment \u00e9mouvant, g\u00e9n\u00e9reux et sinc\u00e8re. Il n\u2019a pas h\u00e9sit\u00e9 \u00e0 dialoguer avec ses fans qui lui ont laiss\u00e9 plus de 65 000 commentaires d\u2019encouragement et de remerciements.<\/span><\/p>\n<p><span style=\"font-size: 10.0pt;font-family: 'Verdana',sans-serif;color: #201f1e\">Lundi 16 mars, c\u2019\u00e9tait au tour de l\u2019artiste<\/span><span style=\"font-size: 12.0pt;color: black\">\u00a0<a href=\"https:\/\/www.facebook.com\/MatthieuChedid\/\"><span style=\"font-size: 10.0pt;font-family: 'Verdana',sans-serif;color: #1155cc\">Matthieu Chedid<\/span><\/a><\/span><span style=\"font-size: 10.0pt;font-family: 'Verdana',sans-serif;color: #201f1e\"> de partager sur sa page Facebook<\/span><span style=\"font-size: 12.0pt;color: black\">\u00a0<a href=\"https:\/\/www.facebook.com\/MatthieuChedid\/videos\/216058199505337\/\"><span style=\"font-size: 10.0pt;font-family: 'Verdana',sans-serif;color: #1155cc\">une r\u00e9cr\u00e9ation po\u00e9tique<\/span><\/a><\/span><span style=\"font-size: 10.0pt;font-family: 'Verdana',sans-serif;color: #201f1e\"> en Live en compagnie de<\/span><span style=\"font-size: 12.0pt;color: black\"><a href=\"https:\/\/www.facebook.com\/PierreRichardDefays\/\"> <span style=\"font-size: 10.0pt;font-family: 'Verdana',sans-serif;color: #1155cc\">Pierre Richard<\/span><\/a><\/span><span style=\"font-size: 10.0pt;font-family: 'Verdana',sans-serif;color: #201f1e\">. L&rsquo;artiste a expliqu\u00e9 sur Facebook qu&rsquo;il avait choisi d&rsquo;organiser ce moment pour aider les personnes \u00e0 se changer les id\u00e9es, mais aussi pour rendre hommage \u00e0 sa grand-m\u00e8re disparue, Andr\u00e9e Chedid <\/span><span style=\"font-size: 10.5pt;font-family: 'Arial',sans-serif;color: #3c4043;background: white\">dont nous aurions f\u00eat\u00e9 le 100e anniversaire dans quelques jours<\/span><span style=\"font-size: 10.0pt;font-family: 'Verdana',sans-serif;color: #201f1e\">. Plus de 500 000 personnes ont d\u2019ores et d\u00e9j\u00e0 assist\u00e9 depuis chez elles en Facebook Live \u00e0 ce spectacle qui aurait d\u00fb \u00eatre jou\u00e9 \u00e0 La Scala \u00e0 Paris le vendredi 20 mars.<\/span><\/p>\n<p><span style=\"font-size: 10.0pt;font-family: 'Verdana',sans-serif;color: #201f1e\">L\u2019auteure-compositrice-interpr\u00e8te <\/span><span style=\"font-size: 12.0pt;color: black\"><a href=\"https:\/\/www.instagram.com\/christineandthequeens\/\"><span style=\"font-size: 10.0pt;font-family: 'Verdana',sans-serif;color: #1155cc\">Christine and the queens<\/span><\/a><\/span> <span style=\"font-size: 10.0pt;font-family: 'Verdana',sans-serif;color: #201f1e\">a \u00e9galement annonc\u00e9 le 16 mars\u00a0 sur <\/span><span style=\"font-size: 12.0pt;color: black\"><a href=\"https:\/\/www.instagram.com\/tv\/B9zgHVfqShG\/?igshid=yp2672iaghma\"><span style=\"font-size: 10.0pt;font-family: 'Verdana',sans-serif;color: #1155cc\">Instagram<\/span><\/a><\/span><span style=\"font-size: 10.0pt;font-family: 'Verdana',sans-serif;color: #201f1e\"> qu\u2019elle sera quotidiennement en Live pour partager une composition tout aussi impromptue qu\u2019intime avec sa communaut\u00e9.<\/span><\/p>\n<p><span style=\"font-size: 10.0pt;font-family: 'Verdana',sans-serif;color: #201f1e\">D\u2019autres artistes sont en train de rejoindre l\u2019initiative tels que <\/span><span style=\"font-size: 12.0pt;color: black\"><a href=\"https:\/\/www.facebook.com\/VitaaOfficiel\/\"><span style=\"font-size: 10.0pt;font-family: 'Verdana',sans-serif;color: #1155cc\">Vitaa<\/span><\/a><\/span><span style=\"font-size: 10.0pt;font-family: 'Verdana',sans-serif;color: #201f1e\"> et <\/span><span style=\"font-size: 12.0pt;color: black\"><a href=\"https:\/\/www.facebook.com\/slimaneoff\/\"><span style=\"font-size: 10.0pt;font-family: 'Verdana',sans-serif;color: #1155cc\">Slimane<\/span><\/a><\/span><span style=\"font-size: 10.0pt;font-family: 'Verdana',sans-serif;color: #201f1e\">, <\/span><span style=\"font-size: 12.0pt;color: black\"><a href=\"https:\/\/www.facebook.com\/maitregimsoff\/\"><span style=\"font-size: 10.0pt;font-family: 'Verdana',sans-serif;color: #1155cc\">Gims<\/span><\/a><\/span><span style=\"font-size: 10.0pt;font-family: 'Verdana',sans-serif;color: #201f1e\"> ou <\/span><span style=\"font-size: 12.0pt;color: black\"><a href=\"https:\/\/www.facebook.com\/DADJU\/\"><span style=\"font-size: 10.0pt;font-family: 'Verdana',sans-serif;color: #1155cc\">Dadju<\/span><\/a><\/span><span style=\"font-size: 10.0pt;font-family: 'Verdana',sans-serif;color: #201f1e\">. Des animateurs tels de <\/span><span style=\"font-size: 12.0pt;color: black\"><a href=\"https:\/\/www.facebook.com\/camillecombal\/\"><span style=\"font-size: 10.0pt;font-family: 'Verdana',sans-serif;color: #1155cc\">Camille Combal<\/span><\/a><\/span><span style=\"font-size: 10.0pt;font-family: 'Verdana',sans-serif;color: #201f1e\"> ou <\/span><span style=\"font-size: 12.0pt;color: black\"><a href=\"https:\/\/www.facebook.com\/Arthur.Officiel\/\"><span style=\"font-size: 10.0pt;font-family: 'Verdana',sans-serif;color: #1155cc\">Arthur<\/span><\/a><\/span><span style=\"font-size: 10.0pt;font-family: 'Verdana',sans-serif;color: #201f1e\"> \u00e9galement en organisant des \u00e9missions sp\u00e9ciales en Facebook Live.\u00a0<\/span><\/p>\n<p><span style=\"font-size: 10.0pt;font-family: 'Verdana',sans-serif;color: #201f1e\">Du c\u00f4t\u00e9 des institutions culturelles, le <\/span><span style=\"font-size: 12.0pt;color: black\"><a href=\"https:\/\/www.facebook.com\/chateauversailles\"><span style=\"font-size: 10.0pt;font-family: 'Verdana',sans-serif;color: #1155cc\">Ch\u00e2teau de Versailles<\/span><\/a><\/span><span style=\"font-size: 10.0pt;font-family: 'Verdana',sans-serif;color: #201f1e\"> vient \u00e9galement de rejoindre l\u2019initiative et a commenc\u00e9 \u00e0 partager des contenus in\u00e9dits sur<\/span><span style=\"font-size: 12.0pt;color: black\">\u00a0<a href=\"https:\/\/www.facebook.com\/chateauversailles\/photos\/a.90344918673\/10158004545038674\/?type=3&amp;theater\"><span style=\"font-size: 10.0pt;font-family: 'Verdana',sans-serif;color: #1155cc\">Facebook<\/span><\/a><\/span><span style=\"font-size: 10.0pt;font-family: 'Verdana',sans-serif;color: #201f1e\"> et\u00a0<\/span><span style=\"font-size: 12.0pt;color: black\"><a href=\"https:\/\/www.instagram.com\/p\/B9yleEOn3wa\/\"><span style=\"font-size: 10.0pt;font-family: 'Verdana',sans-serif;color: #1155cc\">Instagram<\/span><\/a><\/span><span style=\"font-size: 10.0pt;font-family: 'Verdana',sans-serif;color: #201f1e\">. Les amateurs d&rsquo;histoire pourront d\u00e9couvrir durant les prochains jours de nombreux contenus notamment en Live pour d\u00e9couvrir les coulisses et les secrets du ch\u00e2teau alors que celui-ci est ferm\u00e9 au public.<\/span><\/p>\n<p><span style=\"font-size: 10.0pt;font-family: 'Verdana',sans-serif;color: #201f1e\">Nous vous invitons \u00e0 consulter<\/span><span style=\"font-size: 12.0pt;color: black\">\u00a0<a href=\"https:\/\/www.facebook.com\/facebookappFrance\/\"><span style=\"font-size: 10.0pt;font-family: 'Verdana',sans-serif;color: #1155cc\">la page de Facebook France<\/span><\/a><\/span><span style=\"font-size: 10.0pt;font-family: 'Verdana',sans-serif;color: #201f1e\">, pour conna\u00eetre l\u2019agenda des prochains Live et contenus in\u00e9dits. Convivialit\u00e9 et solidarit\u00e9 seront au rendez-vous, car tout est mieux ensemble. Et nous faisons \u00e9galement appel \u00e0 tous pour contribuer \u00e0 cette initiative en partageant leurs contenus avec <b>#ensemble\u00e0lamaison<\/b>.<\/span><\/p>\n<p><span style=\"font-size: 12.0pt;color: black\">\u00a0<\/span><\/p>\n<p style=\"text-align: center\"><span style=\"font-size: 10.0pt;font-family: 'Verdana',sans-serif;color: #201f1e\"><strong>Contact Presse :<\/strong><br \/>\n<\/span><span style=\"font-size: 10.0pt;font-family: 'Verdana',sans-serif;color: #201f1e\">Facebook France<br \/>\n<\/span><span style=\"font-size: 10.0pt;font-family: 'Verdana',sans-serif;color: #201f1e\">Ben Puygrenier<br \/>\n<\/span><span style=\"font-size: 10.0pt;font-family: 'Verdana',sans-serif;color: #1155cc\"><a href=\"mailto:benpuygrenier@fb.com\">benpuygrenier@fb.com<\/a><br \/>\n<\/span><span style=\"font-size: 10.0pt;font-family: 'Verdana',sans-serif;color: #201f1e\">06 07 35 26 03<\/span><\/p>\n<p><span style=\"font-size: 10.0pt;font-family: 'Verdana',sans-serif;color: #201f1e\">\u00a0<\/span><\/p>\n<p><i><span style=\"font-size: 10.0pt;font-family: 'Verdana',sans-serif;color: #201f1e\">Sur Facebook, 37 millions de personnes se r\u00e9unissent chaque mois pour partager des moments avec les personnes et autour des sujets qui leur tiennent \u00e0 c\u0153ur et plus de 22 millions de personnes se r\u00e9unissent dans des groupes pour s\u2019entraider, \u00e9changer des bons plans ou encore se rencontrer autour de passions communes.<\/span><\/i><\/p>\n","protected":false},"excerpt":{"rendered":"Facebook et Instagram ont lanc\u00e9 ce weekend l\u2019initiative #ensemble\u00e0lamaison pour soutenir et f\u00e9d\u00e9rer des contenus vid\u00e9o in\u00e9dits en Live.","protected":false},"author":164097090,"featured_media":21304,"comment_status":"closed","ping_status":"closed","sticky":false,"template":"","format":"standard","meta":{"_jetpack_memberships_contains_paid_content":false,"footnotes":""},"categories":[243897990,243897945,19698,243897989,243897995,243897985],"tags":[243898002],"class_list":["post-21301","post","type-post","status-publish","format-standard","has-post-thumbnail","hentry","category-actualites","category-communautes","category-evenements","category-facebook-app","category-facebook-live","category-meta","tag-ensemblealamaison"],"yoast_head":"<!-- This site is optimized with the Yoast SEO plugin v27.2 - https:\/\/yoast.com\/product\/yoast-seo-wordpress\/ -->\n<title>#ensemble\u00e0lamaison, une initiative de Facebook et Instagram pour se divertir, se cultiver et apprendre ensemble en Live depuis chez soi | \u00c0 propos de Meta<\/title>\n<meta name=\"robots\" content=\"index, follow, max-snippet:-1, max-image-preview:large, max-video-preview:-1\" \/>\n<link rel=\"canonical\" href=\"https:\/\/about.fb.com\/fr\/news\/2020\/03\/ensemblealamaison-une-initiative-de-facebook-et-instagram-pour-se-divertir-se-cultiver-et-apprendre-ensemble-en-live-depuis-chez-soi\/\" \/>\n<meta property=\"og:locale\" content=\"fr_FR\" \/>\n<meta property=\"og:type\" content=\"article\" \/>\n<meta property=\"og:title\" content=\"#ensemble\u00e0lamaison, une initiative de Facebook et Instagram pour se divertir, se cultiver et apprendre ensemble en Live depuis chez soi | \u00c0 propos de Meta\" \/>\n<meta property=\"og:description\" content=\"Facebook et Instagram ont lanc\u00e9 ce weekend l\u2019initiative #ensemble\u00e0lamaison pour soutenir et f\u00e9d\u00e9rer des contenus vid\u00e9o in\u00e9dits en Live.\" \/>\n<meta property=\"og:url\" content=\"https:\/\/about.fb.com\/fr\/news\/2020\/03\/ensemblealamaison-une-initiative-de-facebook-et-instagram-pour-se-divertir-se-cultiver-et-apprendre-ensemble-en-live-depuis-chez-soi\/\" \/>\n<meta property=\"og:site_name\" content=\"\u00c0 propos de Meta\" \/>\n<meta property=\"article:published_time\" content=\"2020-03-17T13:02:28+00:00\" \/>\n<meta property=\"article:modified_time\" content=\"2020-05-11T08:28:03+00:00\" \/>\n<meta property=\"og:image\" content=\"https:\/\/about.fb.com\/fr\/wp-content\/uploads\/sites\/12\/2020\/03\/200317_FACEBOOK_ENSEMBLE_PROFILPIC_HASHBLEU_PLUS-CLAIR-RECOMMANDE.png?resize=1024,1024\" \/>\n\t<meta property=\"og:image:width\" content=\"1024\" \/>\n\t<meta property=\"og:image:height\" content=\"1024\" \/>\n\t<meta property=\"og:image:type\" content=\"image\/png\" \/>\n<meta name=\"author\" content=\"hopscotch\" \/>\n<meta name=\"twitter:card\" content=\"summary_large_image\" \/>\n<meta name=\"twitter:creator\" content=\"@METAfrance\" \/>\n<meta name=\"twitter:label1\" content=\"Written by\" \/>\n\t<meta name=\"twitter:data1\" content=\"Meta\" \/>\n\t<meta name=\"twitter:label2\" content=\"Est. reading time\" \/>\n\t<meta name=\"twitter:data2\" content=\"3 minutes\" \/>\n<script type=\"application\/ld+json\" class=\"yoast-schema-graph\">{\"@context\":\"https:\/\/schema.org\",\"@graph\":[{\"@type\":\"Article\",\"@id\":\"https:\/\/about.fb.com\/fr\/news\/2020\/03\/ensemblealamaison-une-initiative-de-facebook-et-instagram-pour-se-divertir-se-cultiver-et-apprendre-ensemble-en-live-depuis-chez-soi\/#article\",\"isPartOf\":{\"@id\":\"https:\/\/about.fb.com\/fr\/news\/2020\/03\/ensemblealamaison-une-initiative-de-facebook-et-instagram-pour-se-divertir-se-cultiver-et-apprendre-ensemble-en-live-depuis-chez-soi\/\"},\"author\":\"Facebook company\",\"headline\":\"#ensemble\u00e0lamaison, une initiative de Facebook et Instagram pour se divertir, se cultiver et apprendre ensemble en Live depuis chez soi\",\"datePublished\":\"2020-03-17T13:02:28+00:00\",\"dateModified\":\"2020-05-11T08:28:03+00:00\",\"mainEntityOfPage\":{\"@id\":\"https:\/\/about.fb.com\/fr\/news\/2020\/03\/ensemblealamaison-une-initiative-de-facebook-et-instagram-pour-se-divertir-se-cultiver-et-apprendre-ensemble-en-live-depuis-chez-soi\/\"},\"wordCount\":590,\"publisher\":{\"@id\":\"https:\/\/about.fb.com\/fr\/#organization\"},\"image\":{\"@id\":\"https:\/\/about.fb.com\/fr\/news\/2020\/03\/ensemblealamaison-une-initiative-de-facebook-et-instagram-pour-se-divertir-se-cultiver-et-apprendre-ensemble-en-live-depuis-chez-soi\/#primaryimage\"},\"thumbnailUrl\":\"https:\/\/about.fb.com\/fr\/wp-content\/uploads\/sites\/12\/2020\/03\/200317_FACEBOOK_ENSEMBLE_PROFILPIC_HASHBLEU_PLUS-CLAIR-RECOMMANDE.png?fit=1081%2C1081\",\"keywords\":[\"#Ensemble\u00e0lamaison\"],\"articleSection\":[\"Actualit\u00e9s\",\"Communaut\u00e9s\",\"\u00c9v\u00e8nements\",\"Facebook\",\"Facebook Live\",\"Meta\"],\"inLanguage\":\"fr-FR\"},{\"@type\":\"WebPage\",\"@id\":\"https:\/\/about.fb.com\/fr\/news\/2020\/03\/ensemblealamaison-une-initiative-de-facebook-et-instagram-pour-se-divertir-se-cultiver-et-apprendre-ensemble-en-live-depuis-chez-soi\/\",\"url\":\"https:\/\/about.fb.com\/fr\/news\/2020\/03\/ensemblealamaison-une-initiative-de-facebook-et-instagram-pour-se-divertir-se-cultiver-et-apprendre-ensemble-en-live-depuis-chez-soi\/\",\"name\":\"#ensemble\u00e0lamaison, une initiative de Facebook et Instagram pour se divertir, se cultiver et apprendre ensemble en Live depuis chez soi | \u00c0 propos de Meta\",\"isPartOf\":{\"@id\":\"https:\/\/about.fb.com\/fr\/#website\"},\"primaryImageOfPage\":{\"@id\":\"https:\/\/about.fb.com\/fr\/news\/2020\/03\/ensemblealamaison-une-initiative-de-facebook-et-instagram-pour-se-divertir-se-cultiver-et-apprendre-ensemble-en-live-depuis-chez-soi\/#primaryimage\"},\"image\":{\"@id\":\"https:\/\/about.fb.com\/fr\/news\/2020\/03\/ensemblealamaison-une-initiative-de-facebook-et-instagram-pour-se-divertir-se-cultiver-et-apprendre-ensemble-en-live-depuis-chez-soi\/#primaryimage\"},\"thumbnailUrl\":\"https:\/\/about.fb.com\/fr\/wp-content\/uploads\/sites\/12\/2020\/03\/200317_FACEBOOK_ENSEMBLE_PROFILPIC_HASHBLEU_PLUS-CLAIR-RECOMMANDE.png?fit=1081%2C1081\",\"datePublished\":\"2020-03-17T13:02:28+00:00\",\"dateModified\":\"2020-05-11T08:28:03+00:00\",\"breadcrumb\":{\"@id\":\"https:\/\/about.fb.com\/fr\/news\/2020\/03\/ensemblealamaison-une-initiative-de-facebook-et-instagram-pour-se-divertir-se-cultiver-et-apprendre-ensemble-en-live-depuis-chez-soi\/#breadcrumb\"},\"inLanguage\":\"fr-FR\",\"potentialAction\":[{\"@type\":\"ReadAction\",\"target\":[\"https:\/\/about.fb.com\/fr\/news\/2020\/03\/ensemblealamaison-une-initiative-de-facebook-et-instagram-pour-se-divertir-se-cultiver-et-apprendre-ensemble-en-live-depuis-chez-soi\/\"]}],\"author\":\"\u00c0 propos de Meta\"},{\"@type\":\"ImageObject\",\"inLanguage\":\"fr-FR\",\"@id\":\"https:\/\/about.fb.com\/fr\/news\/2020\/03\/ensemblealamaison-une-initiative-de-facebook-et-instagram-pour-se-divertir-se-cultiver-et-apprendre-ensemble-en-live-depuis-chez-soi\/#primaryimage\",\"url\":\"https:\/\/about.fb.com\/fr\/wp-content\/uploads\/sites\/12\/2020\/03\/200317_FACEBOOK_ENSEMBLE_PROFILPIC_HASHBLEU_PLUS-CLAIR-RECOMMANDE.png?fit=1081%2C1081\",\"contentUrl\":\"https:\/\/about.fb.com\/fr\/wp-content\/uploads\/sites\/12\/2020\/03\/200317_FACEBOOK_ENSEMBLE_PROFILPIC_HASHBLEU_PLUS-CLAIR-RECOMMANDE.png?fit=1081%2C1081\",\"width\":1081,\"height\":1081},{\"@type\":\"BreadcrumbList\",\"@id\":\"https:\/\/about.fb.com\/fr\/news\/2020\/03\/ensemblealamaison-une-initiative-de-facebook-et-instagram-pour-se-divertir-se-cultiver-et-apprendre-ensemble-en-live-depuis-chez-soi\/#breadcrumb\",\"itemListElement\":[{\"@type\":\"ListItem\",\"position\":1,\"name\":\"Home\",\"item\":\"https:\/\/about.fb.com\/fr\/\"},{\"@type\":\"ListItem\",\"position\":2,\"name\":\"#ensemble\u00e0lamaison, une initiative de Facebook et Instagram pour se divertir, se cultiver et apprendre ensemble en Live depuis chez soi\"}]},{\"@type\":\"WebSite\",\"@id\":\"https:\/\/about.fb.com\/fr\/#website\",\"url\":\"https:\/\/about.fb.com\/news\/\",\"name\":\"\u00c0 propos de Meta\",\"description\":\"\",\"publisher\":{\"@id\":\"https:\/\/about.fb.com\/fr\/#organization\"},\"potentialAction\":[{\"@type\":\"SearchAction\",\"target\":{\"@type\":\"EntryPoint\",\"urlTemplate\":\"https:\/\/about.fb.com\/fr\/?s={search_term_string}\"},\"query-input\":{\"@type\":\"PropertyValueSpecification\",\"valueRequired\":true,\"valueName\":\"search_term_string\"}}],\"inLanguage\":\"fr-FR\",\"alternateName\":[\"Meta Newsroom\",\"Meta\"]},{\"@type\":\"Organization\",\"@id\":\"https:\/\/about.fb.com\/fr\/#organization\",\"name\":\"Meta\",\"url\":\"https:\/\/about.fb.com\/fr\/\",\"logo\":{\"@type\":\"ImageObject\",\"inLanguage\":\"fr-FR\",\"@id\":\"https:\/\/about.fb.com\/fr\/#\/schema\/logo\/image\/\",\"url\":\"https:\/\/about.fb.com\/fr\/wp-content\/uploads\/sites\/12\/2021\/10\/meta-social-16x9-1.jpg?fit=8000%2C4500\",\"contentUrl\":\"https:\/\/about.fb.com\/fr\/wp-content\/uploads\/sites\/12\/2021\/10\/meta-social-16x9-1.jpg?fit=8000%2C4500\",\"width\":8000,\"height\":4500,\"caption\":\"Meta\"},\"image\":{\"@id\":\"https:\/\/about.fb.com\/fr\/#\/schema\/logo\/image\/\"}}]}<\/script>\n<!-- \/ Yoast SEO plugin. -->","yoast_head_json":{"title":"#ensemble\u00e0lamaison, une initiative de Facebook et Instagram pour se divertir, se cultiver et apprendre ensemble en Live depuis chez soi | \u00c0 propos de Meta","robots":{"index":"index","follow":"follow","max-snippet":"max-snippet:-1","max-image-preview":"max-image-preview:large","max-video-preview":"max-video-preview:-1"},"canonical":"https:\/\/about.fb.com\/fr\/news\/2020\/03\/ensemblealamaison-une-initiative-de-facebook-et-instagram-pour-se-divertir-se-cultiver-et-apprendre-ensemble-en-live-depuis-chez-soi\/","og_locale":"fr_FR","og_type":"article","og_title":"#ensemble\u00e0lamaison, une initiative de Facebook et Instagram pour se divertir, se cultiver et apprendre ensemble en Live depuis chez soi | \u00c0 propos de Meta","og_description":"Facebook et Instagram ont lanc\u00e9 ce weekend l\u2019initiative #ensemble\u00e0lamaison pour soutenir et f\u00e9d\u00e9rer des contenus vid\u00e9o in\u00e9dits en Live.","og_url":"https:\/\/about.fb.com\/fr\/news\/2020\/03\/ensemblealamaison-une-initiative-de-facebook-et-instagram-pour-se-divertir-se-cultiver-et-apprendre-ensemble-en-live-depuis-chez-soi\/","og_site_name":"\u00c0 propos de Meta","article_published_time":"2020-03-17T13:02:28+00:00","article_modified_time":"2020-05-11T08:28:03+00:00","og_image":[{"width":1024,"height":1024,"url":"https:\/\/about.fb.com\/fr\/wp-content\/uploads\/sites\/12\/2020\/03\/200317_FACEBOOK_ENSEMBLE_PROFILPIC_HASHBLEU_PLUS-CLAIR-RECOMMANDE.png?resize=1024,1024","type":"image\/png"}],"author":"hopscotch","twitter_card":"summary_large_image","twitter_creator":"@METAfrance","twitter_misc":{"Written by":"Meta","Est. reading time":"3 minutes"},"schema":{"@context":"https:\/\/schema.org","@graph":[{"@type":"Article","@id":"https:\/\/about.fb.com\/fr\/news\/2020\/03\/ensemblealamaison-une-initiative-de-facebook-et-instagram-pour-se-divertir-se-cultiver-et-apprendre-ensemble-en-live-depuis-chez-soi\/#article","isPartOf":{"@id":"https:\/\/about.fb.com\/fr\/news\/2020\/03\/ensemblealamaison-une-initiative-de-facebook-et-instagram-pour-se-divertir-se-cultiver-et-apprendre-ensemble-en-live-depuis-chez-soi\/"},"author":"Facebook company","headline":"#ensemble\u00e0lamaison, une initiative de Facebook et Instagram pour se divertir, se cultiver et apprendre ensemble en Live depuis chez soi","datePublished":"2020-03-17T13:02:28+00:00","dateModified":"2020-05-11T08:28:03+00:00","mainEntityOfPage":{"@id":"https:\/\/about.fb.com\/fr\/news\/2020\/03\/ensemblealamaison-une-initiative-de-facebook-et-instagram-pour-se-divertir-se-cultiver-et-apprendre-ensemble-en-live-depuis-chez-soi\/"},"wordCount":590,"publisher":{"@id":"https:\/\/about.fb.com\/fr\/#organization"},"image":{"@id":"https:\/\/about.fb.com\/fr\/news\/2020\/03\/ensemblealamaison-une-initiative-de-facebook-et-instagram-pour-se-divertir-se-cultiver-et-apprendre-ensemble-en-live-depuis-chez-soi\/#primaryimage"},"thumbnailUrl":"https:\/\/about.fb.com\/fr\/wp-content\/uploads\/sites\/12\/2020\/03\/200317_FACEBOOK_ENSEMBLE_PROFILPIC_HASHBLEU_PLUS-CLAIR-RECOMMANDE.png?fit=1081%2C1081","keywords":["#Ensemble\u00e0lamaison"],"articleSection":["Actualit\u00e9s","Communaut\u00e9s","\u00c9v\u00e8nements","Facebook","Facebook Live","Meta"],"inLanguage":"fr-FR"},{"@type":"WebPage","@id":"https:\/\/about.fb.com\/fr\/news\/2020\/03\/ensemblealamaison-une-initiative-de-facebook-et-instagram-pour-se-divertir-se-cultiver-et-apprendre-ensemble-en-live-depuis-chez-soi\/","url":"https:\/\/about.fb.com\/fr\/news\/2020\/03\/ensemblealamaison-une-initiative-de-facebook-et-instagram-pour-se-divertir-se-cultiver-et-apprendre-ensemble-en-live-depuis-chez-soi\/","name":"#ensemble\u00e0lamaison, une initiative de Facebook et Instagram pour se divertir, se cultiver et apprendre ensemble en Live depuis chez soi | \u00c0 propos de Meta","isPartOf":{"@id":"https:\/\/about.fb.com\/fr\/#website"},"primaryImageOfPage":{"@id":"https:\/\/about.fb.com\/fr\/news\/2020\/03\/ensemblealamaison-une-initiative-de-facebook-et-instagram-pour-se-divertir-se-cultiver-et-apprendre-ensemble-en-live-depuis-chez-soi\/#primaryimage"},"image":{"@id":"https:\/\/about.fb.com\/fr\/news\/2020\/03\/ensemblealamaison-une-initiative-de-facebook-et-instagram-pour-se-divertir-se-cultiver-et-apprendre-ensemble-en-live-depuis-chez-soi\/#primaryimage"},"thumbnailUrl":"https:\/\/about.fb.com\/fr\/wp-content\/uploads\/sites\/12\/2020\/03\/200317_FACEBOOK_ENSEMBLE_PROFILPIC_HASHBLEU_PLUS-CLAIR-RECOMMANDE.png?fit=1081%2C1081","datePublished":"2020-03-17T13:02:28+00:00","dateModified":"2020-05-11T08:28:03+00:00","breadcrumb":{"@id":"https:\/\/about.fb.com\/fr\/news\/2020\/03\/ensemblealamaison-une-initiative-de-facebook-et-instagram-pour-se-divertir-se-cultiver-et-apprendre-ensemble-en-live-depuis-chez-soi\/#breadcrumb"},"inLanguage":"fr-FR","potentialAction":[{"@type":"ReadAction","target":["https:\/\/about.fb.com\/fr\/news\/2020\/03\/ensemblealamaison-une-initiative-de-facebook-et-instagram-pour-se-divertir-se-cultiver-et-apprendre-ensemble-en-live-depuis-chez-soi\/"]}],"author":"\u00c0 propos de Meta"},{"@type":"ImageObject","inLanguage":"fr-FR","@id":"https:\/\/about.fb.com\/fr\/news\/2020\/03\/ensemblealamaison-une-initiative-de-facebook-et-instagram-pour-se-divertir-se-cultiver-et-apprendre-ensemble-en-live-depuis-chez-soi\/#primaryimage","url":"https:\/\/about.fb.com\/fr\/wp-content\/uploads\/sites\/12\/2020\/03\/200317_FACEBOOK_ENSEMBLE_PROFILPIC_HASHBLEU_PLUS-CLAIR-RECOMMANDE.png?fit=1081%2C1081","contentUrl":"https:\/\/about.fb.com\/fr\/wp-content\/uploads\/sites\/12\/2020\/03\/200317_FACEBOOK_ENSEMBLE_PROFILPIC_HASHBLEU_PLUS-CLAIR-RECOMMANDE.png?fit=1081%2C1081","width":1081,"height":1081},{"@type":"BreadcrumbList","@id":"https:\/\/about.fb.com\/fr\/news\/2020\/03\/ensemblealamaison-une-initiative-de-facebook-et-instagram-pour-se-divertir-se-cultiver-et-apprendre-ensemble-en-live-depuis-chez-soi\/#breadcrumb","itemListElement":[{"@type":"ListItem","position":1,"name":"Home","item":"https:\/\/about.fb.com\/fr\/"},{"@type":"ListItem","position":2,"name":"#ensemble\u00e0lamaison, une initiative de Facebook et Instagram pour se divertir, se cultiver et apprendre ensemble en Live depuis chez soi"}]},{"@type":"WebSite","@id":"https:\/\/about.fb.com\/fr\/#website","url":"https:\/\/about.fb.com\/news\/","name":"\u00c0 propos de Meta","description":"","publisher":{"@id":"https:\/\/about.fb.com\/fr\/#organization"},"potentialAction":[{"@type":"SearchAction","target":{"@type":"EntryPoint","urlTemplate":"https:\/\/about.fb.com\/fr\/?s={search_term_string}"},"query-input":{"@type":"PropertyValueSpecification","valueRequired":true,"valueName":"search_term_string"}}],"inLanguage":"fr-FR","alternateName":["Meta Newsroom","Meta"]},{"@type":"Organization","@id":"https:\/\/about.fb.com\/fr\/#organization","name":"Meta","url":"https:\/\/about.fb.com\/fr\/","logo":{"@type":"ImageObject","inLanguage":"fr-FR","@id":"https:\/\/about.fb.com\/fr\/#\/schema\/logo\/image\/","url":"https:\/\/about.fb.com\/fr\/wp-content\/uploads\/sites\/12\/2021\/10\/meta-social-16x9-1.jpg?fit=8000%2C4500","contentUrl":"https:\/\/about.fb.com\/fr\/wp-content\/uploads\/sites\/12\/2021\/10\/meta-social-16x9-1.jpg?fit=8000%2C4500","width":8000,"height":4500,"caption":"Meta"},"image":{"@id":"https:\/\/about.fb.com\/fr\/#\/schema\/logo\/image\/"}}]}},"jetpack_featured_media_url":"https:\/\/about.fb.com\/fr\/wp-content\/uploads\/sites\/12\/2020\/03\/200317_FACEBOOK_ENSEMBLE_PROFILPIC_HASHBLEU_PLUS-CLAIR-RECOMMANDE.png?fit=1081%2C1081","jetpack-related-posts":[],"jetpack_sharing_enabled":true,"amp_enabled":true,"_links":{"self":[{"href":"https:\/\/about.fb.com\/fr\/wp-json\/wp\/v2\/posts\/21301","targetHints":{"allow":["GET"]}}],"collection":[{"href":"https:\/\/about.fb.com\/fr\/wp-json\/wp\/v2\/posts"}],"about":[{"href":"https:\/\/about.fb.com\/fr\/wp-json\/wp\/v2\/types\/post"}],"author":[{"embeddable":true,"href":"https:\/\/about.fb.com\/fr\/wp-json\/wp\/v2\/users\/164097090"}],"replies":[{"embeddable":true,"href":"https:\/\/about.fb.com\/fr\/wp-json\/wp\/v2\/comments?post=21301"}],"version-history":[{"count":9,"href":"https:\/\/about.fb.com\/fr\/wp-json\/wp\/v2\/posts\/21301\/revisions"}],"predecessor-version":[{"id":21325,"href":"https:\/\/about.fb.com\/fr\/wp-json\/wp\/v2\/posts\/21301\/revisions\/21325"}],"wp:featuredmedia":[{"embeddable":true,"href":"https:\/\/about.fb.com\/fr\/wp-json\/wp\/v2\/media\/21304"}],"wp:attachment":[{"href":"https:\/\/about.fb.com\/fr\/wp-json\/wp\/v2\/media?parent=21301"}],"wp:term":[{"taxonomy":"category","embeddable":true,"href":"https:\/\/about.fb.com\/fr\/wp-json\/wp\/v2\/categories?post=21301"},{"taxonomy":"post_tag","embeddable":true,"href":"https:\/\/about.fb.com\/fr\/wp-json\/wp\/v2\/tags?post=21301"}],"curies":[{"name":"wp","href":"https:\/\/api.w.org\/{rel}","templated":true}]}}