{"id":6555,"date":"2019-09-24T08:38:14","date_gmt":"2019-09-24T08:38:14","guid":{"rendered":"http:\/\/es.newsroom.fb.com\/?p=6555"},"modified":"2020-03-11T15:40:13","modified_gmt":"2020-03-11T15:40:13","slug":"facebook-y-el-museo-nacional-del-prado-buscan-las-conexionesafines-entre-espanoles-y-holandeses-del-siglo-xxi","status":"publish","type":"post","link":"https:\/\/about.fb.com\/es\/news\/2019\/09\/facebook-y-el-museo-nacional-del-prado-buscan-las-conexionesafines-entre-espanoles-y-holandeses-del-siglo-xxi\/","title":{"rendered":"Facebook y el Museo Nacional del Prado buscan las #ConexionesAfines entre espa\u00f1oles y holandeses del siglo XXI"},"content":{"rendered":"<p><strong>Las comunidades de Facebook de ambos pa\u00edses muestran similitudes en gustos pict\u00f3ricos y en su estilo de vida<\/strong><\/p>\n<p><strong>M\u00e1s de la mitad de los espa\u00f1oles no tiene clara la nacionalidad de \u201cEl Bosco\u201d, mientras que el 83% de los holandeses le identifican correctamente como compatriota<\/strong><\/p>\n<p>El <a href=\"https:\/\/www.facebook.com\/museonacionaldelprado\/?__tn__=K-R&amp;eid=ARDOJUKm2eg_15CZ0zAILNFfGHrvI0LzgJBjf4f0cOuRnEHnqOmwM2OFmQYtxIcqwmU1fniZOk704VtD&amp;fref=mentions&amp;__xts__%5B0%5D=68.ARBhjoFCora7VQxX2qMEsaFXAALVGwmSjM6ZXDrkkZGDdWSp2HjdYTlwgld15hje02MkKV1XYnW6pfXk9fZvxY26MaRZgwCLO14ENARQejz82w0OOOrUcadpPWbZ0RgoF2Utuq1AQ0e1CUaVFNLX0naGlmhxELEJTOQuYPZvWSHpuOuZzEu0S_16dykfjMaPVjSY-51-59scyBTmNIyjoppdgd4_8q326OnMLex51whSk_dui1ts6oUnRPlhr1QQRbOqdtkcGVNgRB8AAFF2JqZeL1pOmSrPBiRcwj9LiZxdEg78JZGEaHszrV815F7BM4Bxi7g7mEtL2P7G3N3q\">Museo Nacional del Prado<\/a> inaugur\u00f3 hace unas semanas la exposici\u00f3n \u201cVel\u00e1zquez, Rembrandt, Vermeer. Miradas afines\u201d, que compara los numerosos rasgos que unen a las escuelas pict\u00f3ricas de estos autores espa\u00f1oles y flamencos. Cuatro siglos m\u00e1s tarde de la \u00e9poca en la que vivieron estos virtuosos de la pintura, Facebook ha querido explorar las semejanzas y diferencias entre holandeses y espa\u00f1oles en nuestro siglo, a trav\u00e9s de una serie de preguntas que se han planteado a las comunidades de Facebook de ambos pa\u00edses.<\/p>\n<p><b>Vel\u00e1zquez y Rembrandt, los favoritos <\/b><\/p>\n<p>En lo que a pintores espa\u00f1oles se refiere, Vel\u00e1zquez resulta ser el preferido por ambas nacionalidades (54% de los holandeses y 56% de espa\u00f1oles), frente a su compatriota Goya (*). Y en el caso de artistas neerlandeses, ambas comunidades coinciden en elegir a Rembrandt como el mejor artista (74 de los holandeses y 68% de los espa\u00f1oles), frente a Vermeer. Sin embargo, tanto holandeses como espa\u00f1oles, barren para casa cuando se les pregunta qui\u00e9n de los dos es mejor pintor: el 89% de los primeros elige a Rembrandt, mientras que el 73% de los espa\u00f1oles piensa que Vel\u00e1zquez es mejor.<\/p>\n<p><img data-recalc-dims=\"1\" loading=\"lazy\" decoding=\"async\" class=\"aligncenter size-large wp-image-6560\" src=\"https:\/\/about-fb-preprod.go-vip.net\/es\/wp-content\/uploads\/sites\/9\/2019\/09\/02-2.png?resize=960%2C770\" alt=\"\" width=\"960\" height=\"770\" \/><\/p>\n<p>Otra curiosidad se refiere a la nacionalidad de el autor de \u201cEl Jard\u00edn de las Delicias\u201d, que parece generar cierta confusi\u00f3n, al menos en Espa\u00f1a: solo el 49% de los espa\u00f1oles piensan que El Bosco es un pintor holand\u00e9s, mientras que un 51% creen que es espa\u00f1ol. En el verdadero pa\u00eds de nacimiento del pintor tienen las cosas m\u00e1s claras, ya que 8 de cada 10 holandeses identifican su procedencia correctamente (83%).<\/p>\n<p><b>\u00bfPlaya o monta\u00f1a?<\/b><\/p>\n<p>Todos necesitamos descansar tras unos meses intensos de trabajo, sin embargo, la idea de ambas nacionalidades de unas vacaciones perfectas difiere ligeramente, ya que para una escapada durante el verano, los espa\u00f1oles se decantan mayoritariamente por turismo de interior (53%) mientras que los holandeses eligen la playa (65%). Una vez en el destino, la forma de hacer part\u00edcipe a sus amigos y familiares del descubrimiento de alg\u00fan lugar o paisaje fascinante es la misma, enviarles una foto panor\u00e1mica (83% de los holandeses y un 71% de los espa\u00f1oles).<\/p>\n<p>El plan perfecto para una tarde de domingo lluviosa tambi\u00e9n es un punto en com\u00fan entre holandeses y espa\u00f1oles: \u201cpeli, sof\u00e1 y mantita\u201d. Solo un 22% de los neerlandeses seguir\u00eda con sus planes, aunque 3 de cada 10 espa\u00f1oles pondr\u00edan al mal tiempo buena cara y continuar\u00edan con su idea inicial.<\/p>\n<p><img data-recalc-dims=\"1\" loading=\"lazy\" decoding=\"async\" class=\"aligncenter size-full wp-image-6564\" src=\"https:\/\/about-fb-preprod.go-vip.net\/es\/wp-content\/uploads\/sites\/9\/2019\/09\/deporte-2.jpg?resize=910%2C538\" alt=\"\" width=\"910\" height=\"538\" \/><\/p>\n<p><b>El deporte, siempre en grupo<\/b><\/p>\n<p>El deporte une y conecta a las personas, y tanto holandeses como espa\u00f1oles son m\u00e1s partidarios de practicarlo en grupo, m\u00e1s en el caso de los holandeses (69%), que en el de sus vecinos del sur (58%). Tambi\u00e9n son los espa\u00f1oles m\u00e1s perezosos a la hora de ir a trabajar, ya que menos de un cuarto elige la bicicleta como modo de transporte para ir al trabajo (24%). Los compatriotas de Rembrandt est\u00e1n m\u00e1s habituados, y un 36% de ellos usa las dos ruedas para desplazarse.<\/p>\n<p>Puedes consultar una infograf\u00eda con todos los datos aqu\u00ed: <a href=\"https:\/\/about-fb-preprod.go-vip.net\/es\/wp-content\/uploads\/sites\/9\/2019\/09\/infografc3ada-conexionesafines-2.pdf\">Infograf\u00eda #ConexionesAfines<\/a><\/p>\n<p><i>(*) Datos obtenidos en agosto de 2019, mediante encuestas publicadas en las p\u00e1ginas <a href=\"https:\/\/www.facebook.com\/FacebookEspana\">Facebook Espa\u00f1a<\/a> y <a href=\"https:\/\/www.facebook.com\/FacebookNL\/\">Facebook Netherlands<\/a>. N\u00famero total de respuestas: 12.525. <\/i><\/p>\n","protected":false},"excerpt":{"rendered":"Las comunidades de Facebook de ambos pa\u00edses muestran similitudes en gustos pict\u00f3ricos y en su estilo de vida.","protected":false},"author":81919965,"featured_media":0,"comment_status":"closed","ping_status":"closed","sticky":false,"template":"","format":"standard","meta":{"_jetpack_memberships_contains_paid_content":false,"footnotes":""},"categories":[243901420],"tags":[],"class_list":["post-6555","post","type-post","status-publish","format-standard","hentry","category-meta"],"yoast_head":"<!-- This site is optimized with the Yoast SEO plugin v27.2 - https:\/\/yoast.com\/product\/yoast-seo-wordpress\/ -->\n<title>Facebook y el Museo Nacional del Prado buscan las #ConexionesAfines entre espa\u00f1oles y holandeses del siglo XXI | Informaci\u00f3n sobre Meta<\/title>\n<meta name=\"robots\" content=\"index, follow, max-snippet:-1, max-image-preview:large, max-video-preview:-1\" \/>\n<link rel=\"canonical\" href=\"https:\/\/about.fb.com\/es\/news\/2019\/09\/facebook-y-el-museo-nacional-del-prado-buscan-las-conexionesafines-entre-espanoles-y-holandeses-del-siglo-xxi\/\" \/>\n<meta property=\"og:locale\" content=\"es_ES\" \/>\n<meta property=\"og:type\" content=\"article\" \/>\n<meta property=\"og:title\" content=\"Facebook y el Museo Nacional del Prado buscan las #ConexionesAfines entre espa\u00f1oles y holandeses del siglo XXI | Informaci\u00f3n sobre Meta\" \/>\n<meta property=\"og:description\" content=\"Las comunidades de Facebook de ambos pa\u00edses muestran similitudes en gustos pict\u00f3ricos y en su estilo de vida.\" \/>\n<meta property=\"og:url\" content=\"https:\/\/about.fb.com\/es\/news\/2019\/09\/facebook-y-el-museo-nacional-del-prado-buscan-las-conexionesafines-entre-espanoles-y-holandeses-del-siglo-xxi\/\" \/>\n<meta property=\"og:site_name\" content=\"Informaci\u00f3n sobre Meta\" \/>\n<meta property=\"article:published_time\" content=\"2019-09-24T08:38:14+00:00\" \/>\n<meta property=\"article:modified_time\" content=\"2020-03-11T15:40:13+00:00\" \/>\n<meta property=\"og:image\" content=\"https:\/\/about-fb-preprod.go-vip.net\/es\/wp-content\/uploads\/sites\/9\/2019\/09\/02-2.png\" \/>\n<meta name=\"author\" content=\"text100madrid\" \/>\n<meta name=\"twitter:card\" content=\"summary_large_image\" \/>\n<meta name=\"twitter:label1\" content=\"Written by\" \/>\n\t<meta name=\"twitter:data1\" content=\"Meta\" \/>\n\t<meta name=\"twitter:label2\" content=\"Est. reading time\" \/>\n\t<meta name=\"twitter:data2\" content=\"3 minutos\" \/>\n<script type=\"application\/ld+json\" class=\"yoast-schema-graph\">{\"@context\":\"https:\/\/schema.org\",\"@graph\":[{\"@type\":\"Article\",\"@id\":\"https:\/\/about.fb.com\/es\/news\/2019\/09\/facebook-y-el-museo-nacional-del-prado-buscan-las-conexionesafines-entre-espanoles-y-holandeses-del-siglo-xxi\/#article\",\"isPartOf\":{\"@id\":\"https:\/\/about.fb.com\/es\/news\/2019\/09\/facebook-y-el-museo-nacional-del-prado-buscan-las-conexionesafines-entre-espanoles-y-holandeses-del-siglo-xxi\/\"},\"author\":\"Facebook company\",\"headline\":\"Facebook y el Museo Nacional del Prado buscan las #ConexionesAfines entre espa\u00f1oles y holandeses del siglo XXI\",\"datePublished\":\"2019-09-24T08:38:14+00:00\",\"dateModified\":\"2020-03-11T15:40:13+00:00\",\"mainEntityOfPage\":{\"@id\":\"https:\/\/about.fb.com\/es\/news\/2019\/09\/facebook-y-el-museo-nacional-del-prado-buscan-las-conexionesafines-entre-espanoles-y-holandeses-del-siglo-xxi\/\"},\"wordCount\":618,\"publisher\":{\"@id\":\"https:\/\/about.fb.com\/es\/#organization\"},\"image\":{\"@id\":\"https:\/\/about.fb.com\/es\/news\/2019\/09\/facebook-y-el-museo-nacional-del-prado-buscan-las-conexionesafines-entre-espanoles-y-holandeses-del-siglo-xxi\/#primaryimage\"},\"thumbnailUrl\":\"https:\/\/about-fb-preprod.go-vip.net\/es\/wp-content\/uploads\/sites\/9\/2019\/09\/02-2.png\",\"articleSection\":[\"Meta\"],\"inLanguage\":\"es\"},{\"@type\":\"WebPage\",\"@id\":\"https:\/\/about.fb.com\/es\/news\/2019\/09\/facebook-y-el-museo-nacional-del-prado-buscan-las-conexionesafines-entre-espanoles-y-holandeses-del-siglo-xxi\/\",\"url\":\"https:\/\/about.fb.com\/es\/news\/2019\/09\/facebook-y-el-museo-nacional-del-prado-buscan-las-conexionesafines-entre-espanoles-y-holandeses-del-siglo-xxi\/\",\"name\":\"Facebook y el Museo Nacional del Prado buscan las #ConexionesAfines entre espa\u00f1oles y holandeses del siglo XXI | Informaci\u00f3n sobre Meta\",\"isPartOf\":{\"@id\":\"https:\/\/about.fb.com\/es\/#website\"},\"primaryImageOfPage\":{\"@id\":\"https:\/\/about.fb.com\/es\/news\/2019\/09\/facebook-y-el-museo-nacional-del-prado-buscan-las-conexionesafines-entre-espanoles-y-holandeses-del-siglo-xxi\/#primaryimage\"},\"image\":{\"@id\":\"https:\/\/about.fb.com\/es\/news\/2019\/09\/facebook-y-el-museo-nacional-del-prado-buscan-las-conexionesafines-entre-espanoles-y-holandeses-del-siglo-xxi\/#primaryimage\"},\"thumbnailUrl\":\"https:\/\/about-fb-preprod.go-vip.net\/es\/wp-content\/uploads\/sites\/9\/2019\/09\/02-2.png\",\"datePublished\":\"2019-09-24T08:38:14+00:00\",\"dateModified\":\"2020-03-11T15:40:13+00:00\",\"breadcrumb\":{\"@id\":\"https:\/\/about.fb.com\/es\/news\/2019\/09\/facebook-y-el-museo-nacional-del-prado-buscan-las-conexionesafines-entre-espanoles-y-holandeses-del-siglo-xxi\/#breadcrumb\"},\"inLanguage\":\"es\",\"potentialAction\":[{\"@type\":\"ReadAction\",\"target\":[\"https:\/\/about.fb.com\/es\/news\/2019\/09\/facebook-y-el-museo-nacional-del-prado-buscan-las-conexionesafines-entre-espanoles-y-holandeses-del-siglo-xxi\/\"]}],\"author\":\"Informaci\u00f3n sobre Meta\"},{\"@type\":\"ImageObject\",\"inLanguage\":\"es\",\"@id\":\"https:\/\/about.fb.com\/es\/news\/2019\/09\/facebook-y-el-museo-nacional-del-prado-buscan-las-conexionesafines-entre-espanoles-y-holandeses-del-siglo-xxi\/#primaryimage\",\"url\":\"https:\/\/about-fb-preprod.go-vip.net\/es\/wp-content\/uploads\/sites\/9\/2019\/09\/02-2.png\",\"contentUrl\":\"https:\/\/about-fb-preprod.go-vip.net\/es\/wp-content\/uploads\/sites\/9\/2019\/09\/02-2.png\"},{\"@type\":\"BreadcrumbList\",\"@id\":\"https:\/\/about.fb.com\/es\/news\/2019\/09\/facebook-y-el-museo-nacional-del-prado-buscan-las-conexionesafines-entre-espanoles-y-holandeses-del-siglo-xxi\/#breadcrumb\",\"itemListElement\":[{\"@type\":\"ListItem\",\"position\":1,\"name\":\"Home\",\"item\":\"https:\/\/about.fb.com\/es\/\"},{\"@type\":\"ListItem\",\"position\":2,\"name\":\"Facebook y el Museo Nacional del Prado buscan las #ConexionesAfines entre espa\u00f1oles y holandeses del siglo XXI\"}]},{\"@type\":\"WebSite\",\"@id\":\"https:\/\/about.fb.com\/es\/#website\",\"url\":\"https:\/\/about.fb.com\/news\/\",\"name\":\"Informaci\u00f3n sobre Meta\",\"description\":\"\",\"publisher\":{\"@id\":\"https:\/\/about.fb.com\/es\/#organization\"},\"potentialAction\":[{\"@type\":\"SearchAction\",\"target\":{\"@type\":\"EntryPoint\",\"urlTemplate\":\"https:\/\/about.fb.com\/es\/?s={search_term_string}\"},\"query-input\":{\"@type\":\"PropertyValueSpecification\",\"valueRequired\":true,\"valueName\":\"search_term_string\"}}],\"inLanguage\":\"es\",\"alternateName\":[\"Meta Newsroom\",\"Meta\"]},{\"@type\":\"Organization\",\"@id\":\"https:\/\/about.fb.com\/es\/#organization\",\"name\":\"Meta\",\"url\":\"https:\/\/about.fb.com\/es\/\",\"logo\":{\"@type\":\"ImageObject\",\"inLanguage\":\"es\",\"@id\":\"https:\/\/about.fb.com\/es\/#\/schema\/logo\/image\/\",\"url\":\"https:\/\/about.fb.com\/es\/wp-content\/uploads\/sites\/13\/2021\/10\/meta-social-16x9-1.jpg?fit=8000%2C4500\",\"contentUrl\":\"https:\/\/about.fb.com\/es\/wp-content\/uploads\/sites\/13\/2021\/10\/meta-social-16x9-1.jpg?fit=8000%2C4500\",\"width\":8000,\"height\":4500,\"caption\":\"Meta\"},\"image\":{\"@id\":\"https:\/\/about.fb.com\/es\/#\/schema\/logo\/image\/\"}}]}<\/script>\n<!-- \/ Yoast SEO plugin. -->","yoast_head_json":{"title":"Facebook y el Museo Nacional del Prado buscan las #ConexionesAfines entre espa\u00f1oles y holandeses del siglo XXI | Informaci\u00f3n sobre Meta","robots":{"index":"index","follow":"follow","max-snippet":"max-snippet:-1","max-image-preview":"max-image-preview:large","max-video-preview":"max-video-preview:-1"},"canonical":"https:\/\/about.fb.com\/es\/news\/2019\/09\/facebook-y-el-museo-nacional-del-prado-buscan-las-conexionesafines-entre-espanoles-y-holandeses-del-siglo-xxi\/","og_locale":"es_ES","og_type":"article","og_title":"Facebook y el Museo Nacional del Prado buscan las #ConexionesAfines entre espa\u00f1oles y holandeses del siglo XXI | Informaci\u00f3n sobre Meta","og_description":"Las comunidades de Facebook de ambos pa\u00edses muestran similitudes en gustos pict\u00f3ricos y en su estilo de vida.","og_url":"https:\/\/about.fb.com\/es\/news\/2019\/09\/facebook-y-el-museo-nacional-del-prado-buscan-las-conexionesafines-entre-espanoles-y-holandeses-del-siglo-xxi\/","og_site_name":"Informaci\u00f3n sobre Meta","article_published_time":"2019-09-24T08:38:14+00:00","article_modified_time":"2020-03-11T15:40:13+00:00","og_image":[{"url":"https:\/\/about-fb-preprod.go-vip.net\/es\/wp-content\/uploads\/sites\/9\/2019\/09\/02-2.png","type":"","width":"","height":""}],"author":"text100madrid","twitter_card":"summary_large_image","twitter_misc":{"Written by":"Meta","Est. reading time":"3 minutos"},"schema":{"@context":"https:\/\/schema.org","@graph":[{"@type":"Article","@id":"https:\/\/about.fb.com\/es\/news\/2019\/09\/facebook-y-el-museo-nacional-del-prado-buscan-las-conexionesafines-entre-espanoles-y-holandeses-del-siglo-xxi\/#article","isPartOf":{"@id":"https:\/\/about.fb.com\/es\/news\/2019\/09\/facebook-y-el-museo-nacional-del-prado-buscan-las-conexionesafines-entre-espanoles-y-holandeses-del-siglo-xxi\/"},"author":"Facebook company","headline":"Facebook y el Museo Nacional del Prado buscan las #ConexionesAfines entre espa\u00f1oles y holandeses del siglo XXI","datePublished":"2019-09-24T08:38:14+00:00","dateModified":"2020-03-11T15:40:13+00:00","mainEntityOfPage":{"@id":"https:\/\/about.fb.com\/es\/news\/2019\/09\/facebook-y-el-museo-nacional-del-prado-buscan-las-conexionesafines-entre-espanoles-y-holandeses-del-siglo-xxi\/"},"wordCount":618,"publisher":{"@id":"https:\/\/about.fb.com\/es\/#organization"},"image":{"@id":"https:\/\/about.fb.com\/es\/news\/2019\/09\/facebook-y-el-museo-nacional-del-prado-buscan-las-conexionesafines-entre-espanoles-y-holandeses-del-siglo-xxi\/#primaryimage"},"thumbnailUrl":"https:\/\/about-fb-preprod.go-vip.net\/es\/wp-content\/uploads\/sites\/9\/2019\/09\/02-2.png","articleSection":["Meta"],"inLanguage":"es"},{"@type":"WebPage","@id":"https:\/\/about.fb.com\/es\/news\/2019\/09\/facebook-y-el-museo-nacional-del-prado-buscan-las-conexionesafines-entre-espanoles-y-holandeses-del-siglo-xxi\/","url":"https:\/\/about.fb.com\/es\/news\/2019\/09\/facebook-y-el-museo-nacional-del-prado-buscan-las-conexionesafines-entre-espanoles-y-holandeses-del-siglo-xxi\/","name":"Facebook y el Museo Nacional del Prado buscan las #ConexionesAfines entre espa\u00f1oles y holandeses del siglo XXI | Informaci\u00f3n sobre Meta","isPartOf":{"@id":"https:\/\/about.fb.com\/es\/#website"},"primaryImageOfPage":{"@id":"https:\/\/about.fb.com\/es\/news\/2019\/09\/facebook-y-el-museo-nacional-del-prado-buscan-las-conexionesafines-entre-espanoles-y-holandeses-del-siglo-xxi\/#primaryimage"},"image":{"@id":"https:\/\/about.fb.com\/es\/news\/2019\/09\/facebook-y-el-museo-nacional-del-prado-buscan-las-conexionesafines-entre-espanoles-y-holandeses-del-siglo-xxi\/#primaryimage"},"thumbnailUrl":"https:\/\/about-fb-preprod.go-vip.net\/es\/wp-content\/uploads\/sites\/9\/2019\/09\/02-2.png","datePublished":"2019-09-24T08:38:14+00:00","dateModified":"2020-03-11T15:40:13+00:00","breadcrumb":{"@id":"https:\/\/about.fb.com\/es\/news\/2019\/09\/facebook-y-el-museo-nacional-del-prado-buscan-las-conexionesafines-entre-espanoles-y-holandeses-del-siglo-xxi\/#breadcrumb"},"inLanguage":"es","potentialAction":[{"@type":"ReadAction","target":["https:\/\/about.fb.com\/es\/news\/2019\/09\/facebook-y-el-museo-nacional-del-prado-buscan-las-conexionesafines-entre-espanoles-y-holandeses-del-siglo-xxi\/"]}],"author":"Informaci\u00f3n sobre Meta"},{"@type":"ImageObject","inLanguage":"es","@id":"https:\/\/about.fb.com\/es\/news\/2019\/09\/facebook-y-el-museo-nacional-del-prado-buscan-las-conexionesafines-entre-espanoles-y-holandeses-del-siglo-xxi\/#primaryimage","url":"https:\/\/about-fb-preprod.go-vip.net\/es\/wp-content\/uploads\/sites\/9\/2019\/09\/02-2.png","contentUrl":"https:\/\/about-fb-preprod.go-vip.net\/es\/wp-content\/uploads\/sites\/9\/2019\/09\/02-2.png"},{"@type":"BreadcrumbList","@id":"https:\/\/about.fb.com\/es\/news\/2019\/09\/facebook-y-el-museo-nacional-del-prado-buscan-las-conexionesafines-entre-espanoles-y-holandeses-del-siglo-xxi\/#breadcrumb","itemListElement":[{"@type":"ListItem","position":1,"name":"Home","item":"https:\/\/about.fb.com\/es\/"},{"@type":"ListItem","position":2,"name":"Facebook y el Museo Nacional del Prado buscan las #ConexionesAfines entre espa\u00f1oles y holandeses del siglo XXI"}]},{"@type":"WebSite","@id":"https:\/\/about.fb.com\/es\/#website","url":"https:\/\/about.fb.com\/news\/","name":"Informaci\u00f3n sobre Meta","description":"","publisher":{"@id":"https:\/\/about.fb.com\/es\/#organization"},"potentialAction":[{"@type":"SearchAction","target":{"@type":"EntryPoint","urlTemplate":"https:\/\/about.fb.com\/es\/?s={search_term_string}"},"query-input":{"@type":"PropertyValueSpecification","valueRequired":true,"valueName":"search_term_string"}}],"inLanguage":"es","alternateName":["Meta Newsroom","Meta"]},{"@type":"Organization","@id":"https:\/\/about.fb.com\/es\/#organization","name":"Meta","url":"https:\/\/about.fb.com\/es\/","logo":{"@type":"ImageObject","inLanguage":"es","@id":"https:\/\/about.fb.com\/es\/#\/schema\/logo\/image\/","url":"https:\/\/about.fb.com\/es\/wp-content\/uploads\/sites\/13\/2021\/10\/meta-social-16x9-1.jpg?fit=8000%2C4500","contentUrl":"https:\/\/about.fb.com\/es\/wp-content\/uploads\/sites\/13\/2021\/10\/meta-social-16x9-1.jpg?fit=8000%2C4500","width":8000,"height":4500,"caption":"Meta"},"image":{"@id":"https:\/\/about.fb.com\/es\/#\/schema\/logo\/image\/"}}]}},"jetpack_featured_media_url":"","jetpack-related-posts":[],"jetpack_sharing_enabled":true,"amp_enabled":true,"_links":{"self":[{"href":"https:\/\/about.fb.com\/es\/wp-json\/wp\/v2\/posts\/6555","targetHints":{"allow":["GET"]}}],"collection":[{"href":"https:\/\/about.fb.com\/es\/wp-json\/wp\/v2\/posts"}],"about":[{"href":"https:\/\/about.fb.com\/es\/wp-json\/wp\/v2\/types\/post"}],"author":[{"embeddable":true,"href":"https:\/\/about.fb.com\/es\/wp-json\/wp\/v2\/users\/81919965"}],"replies":[{"embeddable":true,"href":"https:\/\/about.fb.com\/es\/wp-json\/wp\/v2\/comments?post=6555"}],"version-history":[{"count":3,"href":"https:\/\/about.fb.com\/es\/wp-json\/wp\/v2\/posts\/6555\/revisions"}],"predecessor-version":[{"id":21211,"href":"https:\/\/about.fb.com\/es\/wp-json\/wp\/v2\/posts\/6555\/revisions\/21211"}],"wp:attachment":[{"href":"https:\/\/about.fb.com\/es\/wp-json\/wp\/v2\/media?parent=6555"}],"wp:term":[{"taxonomy":"category","embeddable":true,"href":"https:\/\/about.fb.com\/es\/wp-json\/wp\/v2\/categories?post=6555"},{"taxonomy":"post_tag","embeddable":true,"href":"https:\/\/about.fb.com\/es\/wp-json\/wp\/v2\/tags?post=6555"}],"curies":[{"name":"wp","href":"https:\/\/api.w.org\/{rel}","templated":true}]}}