{"id":6522,"date":"2019-09-18T15:27:51","date_gmt":"2019-09-18T15:27:51","guid":{"rendered":"http:\/\/es.newsroom.fb.com\/?p=6522"},"modified":"2020-11-09T23:45:35","modified_gmt":"2020-11-09T23:45:35","slug":"administracion-y-estructura-del-consejo-asesor-de-contenido","status":"publish","type":"post","link":"https:\/\/about.fb.com\/es\/news\/2019\/09\/administracion-y-estructura-del-consejo-asesor-de-contenido\/","title":{"rendered":"Administraci\u00f3n y estructura del Consejo asesor de contenido"},"content":{"rendered":"<p><em>Por Brent Harris, director de gobernanza y asuntos globales<\/em><\/p>\n<blockquote><p><em>\u201cA las personas les importan las pol\u00edticas de contenido que escribimos y las decisiones que tomamos a diario. Por ello, siempre tenemos que esforzarnos por seguir mejorando. Con el Consejo asesor podemos mejorar la calidad del proceso de toma de decisiones y ser m\u00e1s transparentes. Estos Estatutos son un paso crucial de cara a lo que esperamos que sea un modelo para nuestro sector\u201d. &#8211; Nick Clegg<\/em><\/p><\/blockquote>\n<p>En noviembre, <a href=\"https:\/\/www.facebook.com\/notes\/mark-zuckerberg\/a-blueprint-for-content-governance-and-enforcement\/10156443129621634\/?hc_location=ufi\">Mark Zuckerberg escribi\u00f3 por primera vez<\/a> sobre su punto de vista en relaci\u00f3n con c\u00f3mo se deber\u00eda controlar el contenido en Facebook. Desde entonces, un equipo de nuestra empresa ha estado trabajando para implementar esta idea con la ayuda de las <a href=\"https:\/\/newsroom.fb.com\/news\/2019\/06\/global-feedback-on-oversight-board\/\">aportaciones y los comentarios<\/a> de personas de todas partes del mundo.<\/p>\n<p>Hoy anunciamos m\u00e1s detalles sobre la estructura del Consejo asesor y su relaci\u00f3n con Facebook mediante unos <a href=\"https:\/\/about-fb-preprod.go-vip.net\/es\/wp-content\/uploads\/sites\/9\/2019\/09\/oversight_board_charter.pdf\">Estatutos<\/a>. En este documento normativo fundamental se define la autoridad que posee el Consejo y se describe su relaci\u00f3n con Facebook. Asimismo, en \u00e9l se establecen el proceso de incorporaci\u00f3n de miembros, la administraci\u00f3n y la autoridad de toma de decisiones, y tambi\u00e9n se definen par\u00e1metros relativos a, por ejemplo, el tama\u00f1o, el \u00e1mbito y la competencia del Consejo. En los pr\u00f3ximos meses, estos Estatutos estar\u00e1n disponibles en varios idiomas en un nuevo sitio web del Consejo.<\/p>\n<p>Junto con los Estatutos se incluye una <a href=\"https:\/\/about-fb-preprod.go-vip.net\/es\/wp-content\/uploads\/sites\/9\/2019\/09\/letter-from-mark-zuckerberg-on-oversight-board-charter.pdf\">carta de Mark Zuckerberg<\/a> en la que explica la finalidad y los objetivos del Consejo.<\/p>\n<p><strong>Documentos normativos<\/strong><br \/>\nEstos Estatutos son solo uno de los diferentes documentos que regir\u00e1n el Consejo asesor. Tambi\u00e9n estamos elaborando reglamentos en los que se proporcionar\u00e1n m\u00e1s detalles sobre el funcionamiento de la independencia institucional del Consejo, adem\u00e1s de normas de procedimientos. En estos reglamentos se incluir\u00e1n mecanismos de responsabilidad, como un c\u00f3digo de conducta y aspectos que impliquen la descalificaci\u00f3n de los miembros del Consejo. En ellos tambi\u00e9n se detallar\u00e1n los procesos de formaci\u00f3n de los paneles, desarrollo de los materiales de los casos e implementaci\u00f3n de las decisiones del Consejo. Aunque estamos preparando estos reglamentos en nombre del Consejo, este tendr\u00e1 la posibilidad de modificarlos en \u00faltima instancia.<\/p>\n<p><strong>Estructura administrativa<\/strong><br \/>\nHemos recibido en muchas ocasiones un comentario clave en el que nos ped\u00edan que nos asegur\u00e1ramos de que el Consejo fuera independiente de Facebook. Para abordar esta situaci\u00f3n, vamos a establecer un fondo independiente. El Consejo asesor, el Fondo y Facebook tendr\u00e1n roles y responsabilidades independientes, y todos ellos trabajar\u00e1n para garantizar que el Consejo sea un \u00e9xito.<\/p>\n<p>Como parte de nuestras iniciativas de transparencia generales, difundiremos p\u00fablicamente los documentos fiduciarios, en los que se establecer\u00e1 la relaci\u00f3n formal entre el Consejo, el Fondo y Facebook.<\/p>\n<p><img data-recalc-dims=\"1\" loading=\"lazy\" decoding=\"async\" class=\"aligncenter size-large wp-image-6526\" src=\"https:\/\/about-fb-preprod.go-vip.net\/es\/wp-content\/uploads\/sites\/9\/2019\/09\/governance_v11-copy_online_es_es_page-0001-2.jpg?resize=960%2C967\" alt=\"\" width=\"960\" height=\"967\" \/><br \/>\n<strong>Decisiones de dise\u00f1o del Consejo<\/strong><br \/>\nJunto con los Estatutos definitivos, tambi\u00e9n vamos a <a href=\"https:\/\/about-fb-preprod.go-vip.net\/es\/wp-content\/uploads\/sites\/9\/2019\/09\/capturing-input-chart.pdf\">proporcionar un resumen<\/a> en el que se desglosar\u00e1n los elementos del <a href=\"https:\/\/about-fb-preprod.go-vip.net\/es\/wp-content\/uploads\/sites\/9\/2019\/09\/draft-charter-oversight-board-for-content-decisions-2.pdf\">Borrador de los estatutos<\/a>, los comentarios que hemos recibido y los motivos que justifican nuestras decisiones sobre el dise\u00f1o de este Consejo.<\/p>\n<p>Muchos de los temas tratados han fomentado un debate saludable y constructivo. Destacamos cuatro \u00e1mbitos en concreto:<\/p>\n<ul>\n<li><strong>Administraci\u00f3n: <\/strong>la mayor\u00eda de las personas a las que se lo hemos consultado ha apoyado nuestra decisi\u00f3n de establecer un Fondo independiente. Estas personas consideraban que esta decisi\u00f3n pod\u00eda ayudar a garantizar la independencia del Consejo, a la vez que ofrece un medio de proporcionar m\u00e1s formas de rendir cuentas. El Fondo proporcionar\u00e1 la infraestructura para apoyar y compensar al Consejo.<\/li>\n<li><strong>Miembros:<\/strong> nos comprometemos a seleccionar a un grupo variado y cualificado de 40 miembros del Consejo que ejercer\u00e1n durante per\u00edodos de tres a\u00f1os. Estamos de acuerdo con los comentarios que indican que Facebook en solitario no se deber\u00eda encargar de nombrar a todo el Consejo. Por lo tanto, Facebook seleccionar\u00e1 a un grupo peque\u00f1o de miembros iniciales que ayudar\u00e1n a elegir al resto de miembros. A partir de entonces, el Consejo asumir\u00e1 la selecci\u00f3n de todos los futuros miembros, tal y como se explica en <a href=\"https:\/\/about-fb-preprod.go-vip.net\/es\/2019\/09\/proceso-de-seleccion-de-miembros-del-consejo-asesor-de-contenido-de-facebook\/\">esta publicaci\u00f3n<\/a>. M\u00e1s adelante, el Fondo designar\u00e1 a los miembros de manera oficial.<\/li>\n<li><strong>Precedente:<\/strong> con respecto al Consejo, en los Estatutos definitivos se confirma que, en general, est\u00e1 previsto que los paneles respeten las decisiones anteriores. De esta forma, se reflejan los comentarios que recibimos durante el per\u00edodo de consulta p\u00fablica. En lo que respecta a Facebook, el Consejo tambi\u00e9n puede solicitar que se aplique su decisi\u00f3n en otras instancias o reproducciones del mismo contenido. En esos casos, Facebook lo llevar\u00e1 a cabo en la medida en que sea t\u00e9cnica y funcionalmente posible.<\/li>\n<li><strong>Implementaci\u00f3n:<\/strong> Facebook implementar\u00e1 de inmediato las decisiones sobre contenido que tome el Consejo, que son vinculantes. Adem\u00e1s, es posible que el Consejo env\u00ede recomendaciones de pol\u00edticas a Facebook como parte de sus criterios generales relativos a cada caso individual. De este modo, est\u00e1 previsto que las decisiones del Consejo tengan una influencia continua en las pol\u00edticas, los procedimientos y las pr\u00e1cticas de Facebook.<\/li>\n<\/ul>\n<p><strong>Proceso<\/strong><br \/>\nTanto Facebook como sus usuarios podr\u00e1n remitir casos al Consejo para su revisi\u00f3n. Por el momento, el Consejo empezar\u00e1 por encargarse de los casos que inicie Facebook. Durante la primera mitad de 2020, vamos a publicar un sistema para que los usuarios env\u00eden apelaciones al Consejo.<\/p>\n<p>A grandes rasgos, hemos descrito el proceso b\u00e1sico mediante el cual el Consejo seleccionar\u00e1 y revisar\u00e1 los casos, y tomar\u00e1 decisiones con respecto a ellos, adem\u00e1s de c\u00f3mo Facebook implementar\u00e1 esas decisiones y responder\u00e1 a ellas.<\/p>\n<p>Aqu\u00ed puedes consultar m\u00e1s <a href=\"https:\/\/about-fb-preprod.go-vip.net\/es\/wp-content\/uploads\/sites\/9\/2019\/09\/informacic3b3n-general-del-proceso-del-consejo-2.pdf\">informaci\u00f3n general del proceso del Consejo.<\/a><\/p>\n<p>En primer lugar, hemos identificado las normas relativas a c\u00f3mo priorizaremos los casos m\u00e1s significativos y dif\u00edciles para que Facebook los remita al Consejo. En estos momentos, nos centramos en los indicadores que muestran que los casos son tanto significativos como dif\u00edciles:<\/p>\n<ul>\n<li><strong>Relevancia:<\/strong> se considerar\u00e1n significativos aquellos casos en los que el contenido tenga repercusi\u00f3n en el mundo real. El contenido en cuesti\u00f3n deber\u00eda incluir temas graves, de amplio alcance e importantes para el discurso p\u00fablico. Algunos de los factores son los siguientes:\n<ul>\n<li><strong><em>Gravedad.<\/em><\/strong> El contenido supone una amenaza contra la opini\u00f3n, seguridad, privacidad, dignidad o igualdad de otra persona.<\/li>\n<li><strong><em>Alcance<\/em><\/strong><strong>.<\/strong> El contenido llega o afecta a un gran n\u00famero de personas, o bien representa una tendencia o un problema m\u00e1s extensos que ocurren en Facebook.<\/li>\n<li><strong><em>Discurso p\u00fablico.<\/em><\/strong> El contenido incita a que se produzca un debate p\u00fablico significativo o un discurso social y pol\u00edtico importante.<\/li>\n<\/ul>\n<\/li>\n<li><strong>Dificultad: <\/strong>la decisi\u00f3n que se ha tomado con respecto al contenido plantea preguntas relacionadas con la pol\u00edtica actual o su aplicaci\u00f3n. Hay motivos de peso tanto para eliminar el contenido como para que siga publicado. Algunos de los factores son los siguientes:\n<ul>\n<li><strong><em>Cuestionado.<\/em><\/strong> Se produce una discrepancia en relaci\u00f3n con la decisi\u00f3n de Facebook sobre el contenido o las pol\u00edticas subyacentes.<\/li>\n<li><strong><em>Incierto.<\/em><\/strong> Hay dudas sobre cu\u00e1l es la decisi\u00f3n correcta de acuerdo con la pol\u00edtica de Facebook.<\/li>\n<li><strong><em>Valores contrapuestos. <\/em><\/strong>Hay un conflicto entre valores igualmente importantes. Una persona razonable podr\u00eda visualizar ambos argumentos para eliminar el contenido o mantenerlo publicado y, para tomar una decisi\u00f3n, se debe encontrar un equilibrio entre los valores.<\/li>\n<\/ul>\n<\/li>\n<\/ul>\n<p>Aunque el d\u00eda de hoy supone un hito importante, a\u00fan nos queda mucho por hacer.<\/p>\n<p>Durante los pr\u00f3ximos meses, seguiremos probando nuestras suposiciones y asegurando que el Consejo est\u00e9 listo para empezar a funcionar. En concreto, nos centraremos en buscar, seleccionar y formar a los miembros del Consejo, terminar los reglamentos que complementar\u00e1n los Estatutos y trabajar para que el Consejo delibere sobre sus primeros casos a principios de 2020.<\/p>\n<p>Nos comprometemos a consultar con expertos externos en cada paso y esperamos proporcionar m\u00e1s actualizaciones sobre nuestro progreso.<\/p>\n","protected":false},"excerpt":{"rendered":"Hoy anunciamos m\u00e1s detalles sobre la estructura del Consejo asesor y su relaci\u00f3n con Facebook mediante unos Estatutos.","protected":false},"author":81919965,"featured_media":6523,"comment_status":"closed","ping_status":"closed","sticky":false,"template":"","format":"standard","meta":{"_jetpack_memberships_contains_paid_content":false,"footnotes":""},"categories":[243901460,243901420],"tags":[],"class_list":["post-6522","post","type-post","status-publish","format-standard","has-post-thumbnail","hentry","category-el-consejo-asesor-de-contenido","category-meta"],"yoast_head":"<!-- This site is optimized with the Yoast SEO plugin v27.2 - https:\/\/yoast.com\/product\/yoast-seo-wordpress\/ -->\n<title>Administraci\u00f3n y estructura del Consejo asesor de contenido | Informaci\u00f3n sobre Meta<\/title>\n<meta name=\"robots\" content=\"index, follow, max-snippet:-1, max-image-preview:large, max-video-preview:-1\" \/>\n<link rel=\"canonical\" href=\"https:\/\/about.fb.com\/es\/news\/2019\/09\/administracion-y-estructura-del-consejo-asesor-de-contenido\/\" \/>\n<meta property=\"og:locale\" content=\"es_ES\" \/>\n<meta property=\"og:type\" content=\"article\" \/>\n<meta property=\"og:title\" content=\"Administraci\u00f3n y estructura del Consejo asesor de contenido | Informaci\u00f3n sobre Meta\" \/>\n<meta property=\"og:description\" content=\"Hoy anunciamos m\u00e1s detalles sobre la estructura del Consejo asesor y su relaci\u00f3n con Facebook mediante unos Estatutos.\" \/>\n<meta property=\"og:url\" content=\"https:\/\/about.fb.com\/es\/news\/2019\/09\/administracion-y-estructura-del-consejo-asesor-de-contenido\/\" \/>\n<meta property=\"og:site_name\" content=\"Informaci\u00f3n sobre Meta\" \/>\n<meta property=\"article:published_time\" content=\"2019-09-18T15:27:51+00:00\" \/>\n<meta property=\"article:modified_time\" content=\"2020-11-09T23:45:35+00:00\" \/>\n<meta property=\"og:image\" content=\"https:\/\/about.fb.com\/es\/wp-content\/uploads\/sites\/13\/2019\/09\/oversight-board-report-1.jpg?fit=960%2C539\" \/>\n\t<meta property=\"og:image:width\" content=\"960\" \/>\n\t<meta property=\"og:image:height\" content=\"539\" \/>\n\t<meta property=\"og:image:type\" content=\"image\/jpeg\" \/>\n<meta name=\"author\" content=\"text100madrid\" \/>\n<meta name=\"twitter:card\" content=\"summary_large_image\" \/>\n<meta name=\"twitter:label1\" content=\"Written by\" \/>\n\t<meta name=\"twitter:data1\" content=\"Meta\" \/>\n\t<meta name=\"twitter:label2\" content=\"Est. reading time\" \/>\n\t<meta name=\"twitter:data2\" content=\"7 minutos\" \/>\n<script type=\"application\/ld+json\" class=\"yoast-schema-graph\">{\"@context\":\"https:\/\/schema.org\",\"@graph\":[{\"@type\":\"Article\",\"@id\":\"https:\/\/about.fb.com\/es\/news\/2019\/09\/administracion-y-estructura-del-consejo-asesor-de-contenido\/#article\",\"isPartOf\":{\"@id\":\"https:\/\/about.fb.com\/es\/news\/2019\/09\/administracion-y-estructura-del-consejo-asesor-de-contenido\/\"},\"author\":\"Facebook company\",\"headline\":\"Administraci\u00f3n y estructura del Consejo asesor de contenido\",\"datePublished\":\"2019-09-18T15:27:51+00:00\",\"dateModified\":\"2020-11-09T23:45:35+00:00\",\"mainEntityOfPage\":{\"@id\":\"https:\/\/about.fb.com\/es\/news\/2019\/09\/administracion-y-estructura-del-consejo-asesor-de-contenido\/\"},\"wordCount\":1357,\"publisher\":{\"@id\":\"https:\/\/about.fb.com\/es\/#organization\"},\"image\":{\"@id\":\"https:\/\/about.fb.com\/es\/news\/2019\/09\/administracion-y-estructura-del-consejo-asesor-de-contenido\/#primaryimage\"},\"thumbnailUrl\":\"https:\/\/about.fb.com\/es\/wp-content\/uploads\/sites\/13\/2019\/09\/oversight-board-report-1.jpg?fit=1024%2C575\",\"articleSection\":[\"El Consejo asesor de contenido\",\"Meta\"],\"inLanguage\":\"es\"},{\"@type\":\"WebPage\",\"@id\":\"https:\/\/about.fb.com\/es\/news\/2019\/09\/administracion-y-estructura-del-consejo-asesor-de-contenido\/\",\"url\":\"https:\/\/about.fb.com\/es\/news\/2019\/09\/administracion-y-estructura-del-consejo-asesor-de-contenido\/\",\"name\":\"Administraci\u00f3n y estructura del Consejo asesor de contenido | Informaci\u00f3n sobre Meta\",\"isPartOf\":{\"@id\":\"https:\/\/about.fb.com\/es\/#website\"},\"primaryImageOfPage\":{\"@id\":\"https:\/\/about.fb.com\/es\/news\/2019\/09\/administracion-y-estructura-del-consejo-asesor-de-contenido\/#primaryimage\"},\"image\":{\"@id\":\"https:\/\/about.fb.com\/es\/news\/2019\/09\/administracion-y-estructura-del-consejo-asesor-de-contenido\/#primaryimage\"},\"thumbnailUrl\":\"https:\/\/about.fb.com\/es\/wp-content\/uploads\/sites\/13\/2019\/09\/oversight-board-report-1.jpg?fit=1024%2C575\",\"datePublished\":\"2019-09-18T15:27:51+00:00\",\"dateModified\":\"2020-11-09T23:45:35+00:00\",\"breadcrumb\":{\"@id\":\"https:\/\/about.fb.com\/es\/news\/2019\/09\/administracion-y-estructura-del-consejo-asesor-de-contenido\/#breadcrumb\"},\"inLanguage\":\"es\",\"potentialAction\":[{\"@type\":\"ReadAction\",\"target\":[\"https:\/\/about.fb.com\/es\/news\/2019\/09\/administracion-y-estructura-del-consejo-asesor-de-contenido\/\"]}],\"author\":\"Informaci\u00f3n sobre Meta\"},{\"@type\":\"ImageObject\",\"inLanguage\":\"es\",\"@id\":\"https:\/\/about.fb.com\/es\/news\/2019\/09\/administracion-y-estructura-del-consejo-asesor-de-contenido\/#primaryimage\",\"url\":\"https:\/\/about.fb.com\/es\/wp-content\/uploads\/sites\/13\/2019\/09\/oversight-board-report-1.jpg?fit=1024%2C575\",\"contentUrl\":\"https:\/\/about.fb.com\/es\/wp-content\/uploads\/sites\/13\/2019\/09\/oversight-board-report-1.jpg?fit=1024%2C575\",\"width\":1024,\"height\":575},{\"@type\":\"BreadcrumbList\",\"@id\":\"https:\/\/about.fb.com\/es\/news\/2019\/09\/administracion-y-estructura-del-consejo-asesor-de-contenido\/#breadcrumb\",\"itemListElement\":[{\"@type\":\"ListItem\",\"position\":1,\"name\":\"Home\",\"item\":\"https:\/\/about.fb.com\/es\/\"},{\"@type\":\"ListItem\",\"position\":2,\"name\":\"Administraci\u00f3n y estructura del Consejo asesor de contenido\"}]},{\"@type\":\"WebSite\",\"@id\":\"https:\/\/about.fb.com\/es\/#website\",\"url\":\"https:\/\/about.fb.com\/news\/\",\"name\":\"Informaci\u00f3n sobre Meta\",\"description\":\"\",\"publisher\":{\"@id\":\"https:\/\/about.fb.com\/es\/#organization\"},\"potentialAction\":[{\"@type\":\"SearchAction\",\"target\":{\"@type\":\"EntryPoint\",\"urlTemplate\":\"https:\/\/about.fb.com\/es\/?s={search_term_string}\"},\"query-input\":{\"@type\":\"PropertyValueSpecification\",\"valueRequired\":true,\"valueName\":\"search_term_string\"}}],\"inLanguage\":\"es\",\"alternateName\":[\"Meta Newsroom\",\"Meta\"]},{\"@type\":\"Organization\",\"@id\":\"https:\/\/about.fb.com\/es\/#organization\",\"name\":\"Meta\",\"url\":\"https:\/\/about.fb.com\/es\/\",\"logo\":{\"@type\":\"ImageObject\",\"inLanguage\":\"es\",\"@id\":\"https:\/\/about.fb.com\/es\/#\/schema\/logo\/image\/\",\"url\":\"https:\/\/about.fb.com\/es\/wp-content\/uploads\/sites\/13\/2021\/10\/meta-social-16x9-1.jpg?fit=8000%2C4500\",\"contentUrl\":\"https:\/\/about.fb.com\/es\/wp-content\/uploads\/sites\/13\/2021\/10\/meta-social-16x9-1.jpg?fit=8000%2C4500\",\"width\":8000,\"height\":4500,\"caption\":\"Meta\"},\"image\":{\"@id\":\"https:\/\/about.fb.com\/es\/#\/schema\/logo\/image\/\"}}]}<\/script>\n<!-- \/ Yoast SEO plugin. -->","yoast_head_json":{"title":"Administraci\u00f3n y estructura del Consejo asesor de contenido | Informaci\u00f3n sobre Meta","robots":{"index":"index","follow":"follow","max-snippet":"max-snippet:-1","max-image-preview":"max-image-preview:large","max-video-preview":"max-video-preview:-1"},"canonical":"https:\/\/about.fb.com\/es\/news\/2019\/09\/administracion-y-estructura-del-consejo-asesor-de-contenido\/","og_locale":"es_ES","og_type":"article","og_title":"Administraci\u00f3n y estructura del Consejo asesor de contenido | Informaci\u00f3n sobre Meta","og_description":"Hoy anunciamos m\u00e1s detalles sobre la estructura del Consejo asesor y su relaci\u00f3n con Facebook mediante unos Estatutos.","og_url":"https:\/\/about.fb.com\/es\/news\/2019\/09\/administracion-y-estructura-del-consejo-asesor-de-contenido\/","og_site_name":"Informaci\u00f3n sobre Meta","article_published_time":"2019-09-18T15:27:51+00:00","article_modified_time":"2020-11-09T23:45:35+00:00","og_image":[{"url":"https:\/\/about.fb.com\/es\/wp-content\/uploads\/sites\/13\/2019\/09\/oversight-board-report-1.jpg?fit=960%2C539","width":960,"height":539,"type":"image\/jpeg"}],"author":"text100madrid","twitter_card":"summary_large_image","twitter_misc":{"Written by":"Meta","Est. reading time":"7 minutos"},"schema":{"@context":"https:\/\/schema.org","@graph":[{"@type":"Article","@id":"https:\/\/about.fb.com\/es\/news\/2019\/09\/administracion-y-estructura-del-consejo-asesor-de-contenido\/#article","isPartOf":{"@id":"https:\/\/about.fb.com\/es\/news\/2019\/09\/administracion-y-estructura-del-consejo-asesor-de-contenido\/"},"author":"Facebook company","headline":"Administraci\u00f3n y estructura del Consejo asesor de contenido","datePublished":"2019-09-18T15:27:51+00:00","dateModified":"2020-11-09T23:45:35+00:00","mainEntityOfPage":{"@id":"https:\/\/about.fb.com\/es\/news\/2019\/09\/administracion-y-estructura-del-consejo-asesor-de-contenido\/"},"wordCount":1357,"publisher":{"@id":"https:\/\/about.fb.com\/es\/#organization"},"image":{"@id":"https:\/\/about.fb.com\/es\/news\/2019\/09\/administracion-y-estructura-del-consejo-asesor-de-contenido\/#primaryimage"},"thumbnailUrl":"https:\/\/about.fb.com\/es\/wp-content\/uploads\/sites\/13\/2019\/09\/oversight-board-report-1.jpg?fit=1024%2C575","articleSection":["El Consejo asesor de contenido","Meta"],"inLanguage":"es"},{"@type":"WebPage","@id":"https:\/\/about.fb.com\/es\/news\/2019\/09\/administracion-y-estructura-del-consejo-asesor-de-contenido\/","url":"https:\/\/about.fb.com\/es\/news\/2019\/09\/administracion-y-estructura-del-consejo-asesor-de-contenido\/","name":"Administraci\u00f3n y estructura del Consejo asesor de contenido | Informaci\u00f3n sobre Meta","isPartOf":{"@id":"https:\/\/about.fb.com\/es\/#website"},"primaryImageOfPage":{"@id":"https:\/\/about.fb.com\/es\/news\/2019\/09\/administracion-y-estructura-del-consejo-asesor-de-contenido\/#primaryimage"},"image":{"@id":"https:\/\/about.fb.com\/es\/news\/2019\/09\/administracion-y-estructura-del-consejo-asesor-de-contenido\/#primaryimage"},"thumbnailUrl":"https:\/\/about.fb.com\/es\/wp-content\/uploads\/sites\/13\/2019\/09\/oversight-board-report-1.jpg?fit=1024%2C575","datePublished":"2019-09-18T15:27:51+00:00","dateModified":"2020-11-09T23:45:35+00:00","breadcrumb":{"@id":"https:\/\/about.fb.com\/es\/news\/2019\/09\/administracion-y-estructura-del-consejo-asesor-de-contenido\/#breadcrumb"},"inLanguage":"es","potentialAction":[{"@type":"ReadAction","target":["https:\/\/about.fb.com\/es\/news\/2019\/09\/administracion-y-estructura-del-consejo-asesor-de-contenido\/"]}],"author":"Informaci\u00f3n sobre Meta"},{"@type":"ImageObject","inLanguage":"es","@id":"https:\/\/about.fb.com\/es\/news\/2019\/09\/administracion-y-estructura-del-consejo-asesor-de-contenido\/#primaryimage","url":"https:\/\/about.fb.com\/es\/wp-content\/uploads\/sites\/13\/2019\/09\/oversight-board-report-1.jpg?fit=1024%2C575","contentUrl":"https:\/\/about.fb.com\/es\/wp-content\/uploads\/sites\/13\/2019\/09\/oversight-board-report-1.jpg?fit=1024%2C575","width":1024,"height":575},{"@type":"BreadcrumbList","@id":"https:\/\/about.fb.com\/es\/news\/2019\/09\/administracion-y-estructura-del-consejo-asesor-de-contenido\/#breadcrumb","itemListElement":[{"@type":"ListItem","position":1,"name":"Home","item":"https:\/\/about.fb.com\/es\/"},{"@type":"ListItem","position":2,"name":"Administraci\u00f3n y estructura del Consejo asesor de contenido"}]},{"@type":"WebSite","@id":"https:\/\/about.fb.com\/es\/#website","url":"https:\/\/about.fb.com\/news\/","name":"Informaci\u00f3n sobre Meta","description":"","publisher":{"@id":"https:\/\/about.fb.com\/es\/#organization"},"potentialAction":[{"@type":"SearchAction","target":{"@type":"EntryPoint","urlTemplate":"https:\/\/about.fb.com\/es\/?s={search_term_string}"},"query-input":{"@type":"PropertyValueSpecification","valueRequired":true,"valueName":"search_term_string"}}],"inLanguage":"es","alternateName":["Meta Newsroom","Meta"]},{"@type":"Organization","@id":"https:\/\/about.fb.com\/es\/#organization","name":"Meta","url":"https:\/\/about.fb.com\/es\/","logo":{"@type":"ImageObject","inLanguage":"es","@id":"https:\/\/about.fb.com\/es\/#\/schema\/logo\/image\/","url":"https:\/\/about.fb.com\/es\/wp-content\/uploads\/sites\/13\/2021\/10\/meta-social-16x9-1.jpg?fit=8000%2C4500","contentUrl":"https:\/\/about.fb.com\/es\/wp-content\/uploads\/sites\/13\/2021\/10\/meta-social-16x9-1.jpg?fit=8000%2C4500","width":8000,"height":4500,"caption":"Meta"},"image":{"@id":"https:\/\/about.fb.com\/es\/#\/schema\/logo\/image\/"}}]}},"jetpack_featured_media_url":"https:\/\/about.fb.com\/es\/wp-content\/uploads\/sites\/13\/2019\/09\/oversight-board-report-1.jpg?fit=1024%2C575","jetpack-related-posts":[],"jetpack_sharing_enabled":true,"amp_enabled":true,"_links":{"self":[{"href":"https:\/\/about.fb.com\/es\/wp-json\/wp\/v2\/posts\/6522","targetHints":{"allow":["GET"]}}],"collection":[{"href":"https:\/\/about.fb.com\/es\/wp-json\/wp\/v2\/posts"}],"about":[{"href":"https:\/\/about.fb.com\/es\/wp-json\/wp\/v2\/types\/post"}],"author":[{"embeddable":true,"href":"https:\/\/about.fb.com\/es\/wp-json\/wp\/v2\/users\/81919965"}],"replies":[{"embeddable":true,"href":"https:\/\/about.fb.com\/es\/wp-json\/wp\/v2\/comments?post=6522"}],"version-history":[{"count":2,"href":"https:\/\/about.fb.com\/es\/wp-json\/wp\/v2\/posts\/6522\/revisions"}],"predecessor-version":[{"id":21217,"href":"https:\/\/about.fb.com\/es\/wp-json\/wp\/v2\/posts\/6522\/revisions\/21217"}],"wp:featuredmedia":[{"embeddable":true,"href":"https:\/\/about.fb.com\/es\/wp-json\/wp\/v2\/media\/6523"}],"wp:attachment":[{"href":"https:\/\/about.fb.com\/es\/wp-json\/wp\/v2\/media?parent=6522"}],"wp:term":[{"taxonomy":"category","embeddable":true,"href":"https:\/\/about.fb.com\/es\/wp-json\/wp\/v2\/categories?post=6522"},{"taxonomy":"post_tag","embeddable":true,"href":"https:\/\/about.fb.com\/es\/wp-json\/wp\/v2\/tags?post=6522"}],"curies":[{"name":"wp","href":"https:\/\/api.w.org\/{rel}","templated":true}]}}