{"id":5975,"date":"2018-01-22T14:18:46","date_gmt":"2018-01-22T14:18:46","guid":{"rendered":"http:\/\/es.newsroom.fb.com\/?p=5975"},"modified":"2019-11-04T19:16:28","modified_gmt":"2019-11-04T19:16:28","slug":"facebook-formara-a-un-millon-de-negocios-y-empresarios-en-europa-para-2020","status":"publish","type":"post","link":"https:\/\/about.fb.com\/es\/news\/2018\/01\/facebook-formara-a-un-millon-de-negocios-y-empresarios-en-europa-para-2020\/","title":{"rendered":"Facebook formar\u00e1 a un mill\u00f3n de negocios y empresarios en Europa para 2020"},"content":{"rendered":"<p><img data-recalc-dims=\"1\" loading=\"lazy\" decoding=\"async\" class=\"aligncenter size-large wp-image-5976\" src=\"https:\/\/about.fb.com\/es\/wp-content\/uploads\/sites\/13\/2018\/01\/ciaran-1.jpg?resize=960%2C640\" alt=\"\" width=\"960\" height=\"640\" \/><\/p>\n<p><strong>Por: Ciaran Quilty, VP, Small Businesses Facebook EMEA<\/strong><\/p>\n<p>Hoy anunciamos Facebook Community Boost, un <a href=\"https:\/\/newsroom.fb.com\/news\/2017\/11\/facebook-community-boost\/\">programa<\/a> para ayudar a las empresas europeas a crecer y dotar a m\u00e1s personas en la UE con las habilidades digitales necesarias para competir en el mercado laboral actual.<\/p>\n<p>Nuestro compromiso pasa por abrir tres nuevos <em>community<\/em> <em>hubs<\/em> en Espa\u00f1a, Polonia e Italia, as\u00ed como formar\u00a0a un mill\u00f3n de personas y empresarios en toda la UE en 2020. Al mismo tiempo, anunciamos una inversi\u00f3n de 10 millones de euros en innovaci\u00f3n, a trav\u00e9s de nuestras instalaciones de investigaci\u00f3n en inteligencia artificial en Francia.<\/p>\n<p>Las pymes son el n\u00facleo de nuestras comunidades y crean la mayor\u00eda de los nuevos empleos en todo el mundo. A trav\u00e9s de Community Boost en Europa, Facebook trabajar\u00e1 mano a mano con pymes\u00a0\u00a0y <em>startups,<\/em> para ayudarles a crecer y a crear empleo. Estamos desarrollando\u00a0programas adicionales para que las personas adquieran las habilidades y recursos necesarios con el fin de encontrar trabajo o poner pr\u00e1ctica sus propias ideas.<\/p>\n<ul>\n<li>Nuestros tres nuevos <em>hubs<\/em> en Espa\u00f1a, Italia y Polonia ser\u00e1n gestionados en asociaci\u00f3n con organizaciones locales para ofrecer formaci\u00f3n en habilidades digitales, medios informativos, as\u00ed como seguridad online para colectivos en exclusi\u00f3n. Seguir\u00e1n el modelo del centro Digitales Lernzentrum de Facebook en Berl\u00edn, abierto el pasado a\u00f1o en colaboraci\u00f3n con la ReDI School of Digital Integration, que trabaja con refugiados, ancianos y otras comunidades en Alemania, para ofrecer cursos que van desde clases b\u00e1sicas de codificaci\u00f3n hasta clases de desarrollo profesional.<\/li>\n<li>En los pr\u00f3ximos dos a\u00f1os, Facebook trabajar\u00e1 con Freeformers para ofrecer formaci\u00f3n a 300.000 personas de toda la UE en Reino Unido, Francia, Alemania, Polonia, Italia y Espa\u00f1a. Esta formaci\u00f3n ser\u00e1 presencial para 75.000 personas y online para el resto. Cada programa de formaci\u00f3n se adaptar\u00e1 a la persona, de modo que alguien que ya cuente con ciertos conocimientos pueda aprender a codificar, mientras otros comenzar\u00e1n, por ejemplo, abriendo una cuenta bancaria online.<\/li>\n<li>Ofreceremos m\u00e1s opciones de formaci\u00f3n para empresarios, para ayudarles a expandir su presencia digital y encontrar nuevos clientes, ya sea a la vuelta de la esquina como en todo el mundo. Esto incluye formaci\u00f3n presencial para 200.000 peque\u00f1as y medianas empresas para 2020, y formaci\u00f3n online para otras 150.000 empresas.<\/li>\n<li>Como parte del programa de Facebook #SheMeansBusiness, ofreceremos formaci\u00f3n en habilidades digitales a m\u00e1s de 15.000 mujeres en Francia. El programa alienta el esp\u00edritu emprendedor a trav\u00e9s del desarrollo de redes, mentores, programas de formaci\u00f3n dirigidos por socios, as\u00ed como historias sobre modelos a seguir que pueden resultar inspiradores. Ya est\u00e1 activo en Estados Unidos e Italia y en 2018 llegar\u00e1 a Irlanda, Espa\u00f1a y Suecia.<\/li>\n<li>Vamos a invertir 10 millones de euros en Francia para acelerar la innovaci\u00f3n en inteligencia artificial. Esta inversi\u00f3n duplicar\u00e1 de 30 a 60 el n\u00famero de investigadores en el equipo de Inteligencia Artificial de Facebook en Par\u00eds y aumentar\u00e1 de 10 a 40 el n\u00famero de estudiantes que desarrollan sus tesis en nuestro centro. La inversi\u00f3n tambi\u00e9n incluye una donaci\u00f3n a la OpenData Initiative en Francia.<\/li>\n<\/ul>\n<p>Los que anunciamos hoy forma parte de nuestra continua inversi\u00f3n en formaci\u00f3n digital. Desde 2011, Facebook ha invertido m\u00e1s de mil millones de d\u00f3lares para apoyar a las peque\u00f1as empresas en todo el mundo. El programa <a href=\"https:\/\/www.facebook.com\/business\/a\/boost-events\">Boost Your Business<\/a> de Facebook ha formado a cientos de miles de peque\u00f1as empresas en todo el mundo, y m\u00e1s de un mill\u00f3n de estas empresas han utilizado nuestro centro de aprendizaje online\u00a0<a href=\"https:\/\/www.facebook.com\/blueprint\">Blueprint<\/a>. Del mismo modo, m\u00e1s de 70 millones de peque\u00f1as empresas utilizan nuestra herramienta gratuita de <a href=\"https:\/\/www.facebook.com\/business\/products\/pages\">P\u00e1ginas<\/a> para tener presencia online.<\/p>\n<p>Seg\u00fan un estudio de Morning Consult en asociaci\u00f3n con el Consejo de Lisboa y Facebook, el uso que hacen las peque\u00f1as empresas de las herramientas digitales se traduce en nuevos empleos y oportunidades para las comunidades en toda la UE.<\/p>\n<ul>\n<li><strong>El 35% <\/strong>de las peque\u00f1as y medianas empresas en Facebook que han sido encuestadas en Francia, Alemania, Italia, Polonia, Espa\u00f1a y Reino Unido afirman que construyeron su negocio en Facebook, y el <strong>49%<\/strong> dice que han contratado a m\u00e1s empleados debido al crecimiento desde que la empresa se uni\u00f3 a Facebook.<\/li>\n<li>El <strong>57%<\/strong> de estas pymes en Facebook dicen que han aumentado sus ventas gracias a la plataforma; y el <strong>60%<\/strong> asegura que Facebook les ayuda a vender productos en otras ciudades y pa\u00edses.<\/li>\n<li><strong>El 67% <\/strong>de las peque\u00f1as y medianas empresas en Facebook dicen que a la hora de contratar a un nuevo empleado, son m\u00e1s importantes las destrezas digitales que saber en qu\u00e9 centro estudi\u00f3.<\/li>\n<\/ul>\n<p>Nuestro compromiso es invertir en las peque\u00f1as empresas y en sus comunidades, y compartiremos lo que vayamos aprendiendo en el camino. Puedes estar al tanto de nuestros programas de formaci\u00f3n o compartir tu opini\u00f3n <a href=\"https:\/\/www.facebook.com\/business\/m\/community-boost\">en este enlace<\/a>.<\/p>\n<p><strong>Datos del estudio de Morning Consult relativos a Espa\u00f1a<\/strong>:<\/p>\n<ul>\n<li>M\u00e1s de 1 de cada 3 pymes en Facebook han construido su negocio en la plataforma.<\/li>\n<li>El 53% de las pymes espa\u00f1olas en Facebook afirman que han sido capaces de contratar a m\u00e1s personas gracias al incremento de la demanda tras unirse a Facebook.<\/li>\n<li>El 61% de las pymes en Espa\u00f1a afirma que han aumentado sus ventas por su presencia en la plataforma.<\/li>\n<li>El 70% de las pymes en Espa\u00f1a creen que la plataforma les permite vender sus productos en otras ciudades o pa\u00edses.<\/li>\n<li>El 84% de las pymes en Facebook en Espa\u00f1a afirma que la plataforma les ayuda a atraer a clientes.<\/li>\n<li>El 74% de las pymes en Espa\u00f1a dicen que las habilidades digitales son importantes a la hora de contratar a un nuevo empleado, m\u00e1s que la universidad o escuela en la que se han formado.<\/li>\n<li>El 35% de los consumidores busc\u00f3 o encontr\u00f3 un trabajo en Facebook.<\/li>\n<\/ul>\n<p><strong>Sheryl Sandberg, COO de Facebook:<\/strong> \u201cMe entusiasma anunciar que, para 2020, habremos formado en habilidades digitales a un mill\u00f3n de personas y empresarios en toda Europa. Este tipo de habilidades ayudan a las personas a prosperar en el mercado laboral y a las peque\u00f1as empresas a crecer y crear empleo. Tambi\u00e9n abriremos tres centros de formaci\u00f3n digital en Espa\u00f1a, Italia y Polonia, similares al Digitales Lernzentrum ya abierto en Berl\u00edn, que ofrece clases de formaci\u00f3n y desarrollo profesional, entre otros, para j\u00f3venes, ancianos y refugiados.\u201d<\/p>\n<p>\u201cLa tecnolog\u00eda puede ayudar a cambiar vidas. Por eso queremos dar a las personas el apoyo que necesitan para abrir un negocio o conseguir el trabajo de sus sue\u00f1os.\u201d<\/p>\n","protected":false},"excerpt":{"rendered":"Por: Ciaran Quilty, VP, Small Businesses Facebook EMEA Hoy anunciamos Facebook Community Boost, un programa para ayudar a las empresas europeas a crecer y dotar a m\u00e1s personas en la UE con las habilidades digitales necesarias para competir en el mercado laboral actual. Nuestro compromiso pasa por abrir tres nuevos community hubs en Espa\u00f1a, Polonia e Italia, as\u00ed como formar\u00a0a un mill\u00f3n de personas y empresarios en toda la UE en 2020. Al mismo tiempo, anunciamos una inversi\u00f3n de 10 millones de euros en innovaci\u00f3n, a trav\u00e9s de nuestras instalaciones de investigaci\u00f3n en inteligencia artificial en Francia. Las pymes son el n\u00facleo de nuestras comunidades y crean la mayor\u00eda de los nuevos empleos en todo el mundo. A trav\u00e9s de Community Boost en Europa, Facebook trabajar\u00e1 mano a mano con pymes\u00a0\u00a0y startups, para ayudarles a crecer y a crear empleo. Estamos desarrollando\u00a0programas adicionales para que las personas adquieran las habilidades y recursos necesarios con el fin de encontrar trabajo o poner pr\u00e1ctica sus propias ideas. Nuestros tres nuevos hubs en Espa\u00f1a, Italia y Polonia ser\u00e1n gestionados en asociaci\u00f3n con organizaciones locales para ofrecer formaci\u00f3n en habilidades digitales, medios informativos, as\u00ed como seguridad online para colectivos en exclusi\u00f3n. Seguir\u00e1n el modelo del centro Digitales Lernzentrum de Facebook en Berl\u00edn, abierto el pasado a\u00f1o en colaboraci\u00f3n con la ReDI School of Digital Integration, que trabaja con refugiados, ancianos y otras comunidades en Alemania, para ofrecer cursos que van desde clases b\u00e1sicas de codificaci\u00f3n hasta clases de desarrollo profesional. En los pr\u00f3ximos dos a\u00f1os, Facebook trabajar\u00e1 con Freeformers para ofrecer formaci\u00f3n a 300.000 personas de toda la UE en Reino Unido, Francia, Alemania, Polonia, Italia y Espa\u00f1a. Esta formaci\u00f3n ser\u00e1 presencial para 75.000 personas y online para el resto. Cada programa de formaci\u00f3n se adaptar\u00e1 a la persona, de modo que alguien que ya cuente con ciertos conocimientos pueda aprender a codificar, mientras otros comenzar\u00e1n, por ejemplo, abriendo una cuenta bancaria online. Ofreceremos m\u00e1s opciones de formaci\u00f3n para empresarios, para ayudarles a expandir su presencia digital y encontrar nuevos clientes, ya sea a la vuelta de la esquina como en todo el mundo. Esto incluye formaci\u00f3n presencial para 200.000 peque\u00f1as y medianas empresas para 2020, y formaci\u00f3n online para otras 150.000 empresas. Como parte del programa de Facebook #SheMeansBusiness, ofreceremos formaci\u00f3n en habilidades digitales a m\u00e1s de 15.000 mujeres en Francia. El programa alienta el esp\u00edritu emprendedor a trav\u00e9s del desarrollo de redes, mentores, programas de formaci\u00f3n dirigidos por socios, as\u00ed como historias sobre modelos a seguir que pueden resultar inspiradores. Ya est\u00e1 activo en Estados Unidos e Italia y en 2018 llegar\u00e1 a Irlanda, Espa\u00f1a y Suecia. Vamos a invertir 10 millones de euros en Francia para acelerar la innovaci\u00f3n en inteligencia artificial. Esta inversi\u00f3n duplicar\u00e1 de 30 a 60 el n\u00famero de investigadores en el equipo de Inteligencia Artificial de Facebook en Par\u00eds y aumentar\u00e1 de 10 a 40 el n\u00famero de estudiantes que desarrollan sus tesis en nuestro centro. La inversi\u00f3n tambi\u00e9n incluye una donaci\u00f3n a la OpenData Initiative en Francia. Los que anunciamos hoy forma parte de nuestra continua inversi\u00f3n en formaci\u00f3n digital. Desde 2011, Facebook ha invertido m\u00e1s de mil millones de d\u00f3lares para apoyar a las peque\u00f1as empresas en todo el mundo. El programa Boost Your Business de Facebook ha formado a cientos de miles de peque\u00f1as empresas en todo el mundo, y m\u00e1s de un mill\u00f3n de estas empresas han utilizado nuestro centro de aprendizaje online\u00a0Blueprint. Del mismo modo, m\u00e1s de 70 millones de peque\u00f1as empresas utilizan nuestra herramienta gratuita de P\u00e1ginas para tener presencia online. Seg\u00fan un estudio de Morning Consult en asociaci\u00f3n con el Consejo de Lisboa y Facebook, el uso que hacen las peque\u00f1as empresas de las herramientas digitales se traduce en nuevos empleos y oportunidades para las comunidades en toda la UE. El 35% de las peque\u00f1as y medianas empresas en Facebook que han sido encuestadas en Francia, Alemania, Italia, Polonia, Espa\u00f1a y Reino Unido afirman que construyeron su negocio en Facebook, y el 49% dice que han contratado a m\u00e1s empleados debido al crecimiento desde que la empresa se uni\u00f3 a Facebook. El 57% de estas pymes en Facebook dicen que han aumentado sus ventas gracias a la plataforma; y el 60% asegura que Facebook les ayuda a vender productos en otras ciudades y pa\u00edses. El 67% de las peque\u00f1as y medianas empresas en Facebook dicen que a la hora de contratar a un nuevo empleado, son m\u00e1s importantes las destrezas digitales que saber en qu\u00e9 centro estudi\u00f3. Nuestro compromiso es invertir en las peque\u00f1as empresas y en sus comunidades, y compartiremos lo que vayamos aprendiendo en el camino. Puedes estar al tanto de nuestros programas de formaci\u00f3n o compartir tu opini\u00f3n en este enlace. Datos del estudio de Morning Consult relativos a Espa\u00f1a: M\u00e1s de 1 de cada 3 pymes en Facebook han construido su negocio en la plataforma. El 53% de las pymes espa\u00f1olas en Facebook afirman que han sido capaces de contratar a m\u00e1s personas gracias al incremento de la demanda tras unirse a Facebook. El 61% de las pymes en Espa\u00f1a afirma que han aumentado sus ventas por su presencia en la plataforma. El 70% de las pymes en Espa\u00f1a creen que la plataforma les permite vender sus productos en otras ciudades o pa\u00edses. El 84% de las pymes en Facebook en Espa\u00f1a afirma que la plataforma les ayuda a atraer a clientes. El 74% de las pymes en Espa\u00f1a dicen que las habilidades digitales son importantes a la hora de contratar a un nuevo empleado, m\u00e1s que la universidad o escuela en la que se han formado. El 35% de los consumidores busc\u00f3 o encontr\u00f3 un trabajo en Facebook. Sheryl Sandberg, COO de Facebook: \u201cMe entusiasma anunciar que, para 2020, habremos formado en habilidades digitales a un mill\u00f3n de personas y empresarios en toda Europa. Este tipo de habilidades ayudan a las personas a prosperar en el mercado laboral y a las peque\u00f1as empresas a crecer y crear empleo. Tambi\u00e9n abriremos tres centros de formaci\u00f3n digital en Espa\u00f1a, Italia y Polonia, similares al Digitales Lernzentrum ya abierto en Berl\u00edn, que ofrece clases de formaci\u00f3n y desarrollo profesional, entre otros, para j\u00f3venes, ancianos y refugiados.\u201d \u201cLa tecnolog\u00eda puede ayudar a cambiar vidas. Por eso queremos dar a las personas el apoyo que necesitan para abrir un negocio o conseguir el trabajo de sus sue\u00f1os.\u201d","protected":false},"author":81919965,"featured_media":0,"comment_status":"closed","ping_status":"closed","sticky":false,"template":"","format":"standard","meta":{"_jetpack_memberships_contains_paid_content":false,"footnotes":""},"categories":[1],"tags":[],"class_list":["post-5975","post","type-post","status-publish","format-standard","hentry","category-uncategorized"],"yoast_head":"<!-- This site is optimized with the Yoast SEO plugin v27.2 - https:\/\/yoast.com\/product\/yoast-seo-wordpress\/ -->\n<title>Facebook formar\u00e1 a un mill\u00f3n de negocios y empresarios en Europa para 2020 | Informaci\u00f3n sobre Meta<\/title>\n<meta name=\"robots\" content=\"index, follow, max-snippet:-1, max-image-preview:large, max-video-preview:-1\" \/>\n<link rel=\"canonical\" href=\"https:\/\/about.fb.com\/es\/news\/2018\/01\/facebook-formara-a-un-millon-de-negocios-y-empresarios-en-europa-para-2020\/\" \/>\n<meta property=\"og:locale\" content=\"es_ES\" \/>\n<meta property=\"og:type\" content=\"article\" \/>\n<meta property=\"og:title\" content=\"Facebook formar\u00e1 a un mill\u00f3n de negocios y empresarios en Europa para 2020 | Informaci\u00f3n sobre Meta\" \/>\n<meta property=\"og:description\" content=\"Por: Ciaran Quilty, VP, Small Businesses Facebook EMEA Hoy anunciamos Facebook Community Boost, un programa para ayudar a las empresas europeas a crecer y dotar a m\u00e1s personas en la UE con las habilidades digitales necesarias para competir en el mercado laboral actual. Nuestro compromiso pasa por abrir tres nuevos community hubs en Espa\u00f1a, Polonia e Italia, as\u00ed como formar\u00a0a un mill\u00f3n de personas y empresarios en toda la UE en 2020. Al mismo tiempo, anunciamos una inversi\u00f3n de 10 millones de euros en innovaci\u00f3n, a trav\u00e9s de nuestras instalaciones de investigaci\u00f3n en inteligencia artificial en Francia. Las pymes son el n\u00facleo de nuestras comunidades y crean la mayor\u00eda de los nuevos empleos en todo el mundo. A trav\u00e9s de Community Boost en Europa, Facebook trabajar\u00e1 mano a mano con pymes\u00a0\u00a0y startups, para ayudarles a crecer y a crear empleo. Estamos desarrollando\u00a0programas adicionales para que las personas adquieran las habilidades y recursos necesarios con el fin de encontrar trabajo o poner pr\u00e1ctica sus propias ideas. Nuestros tres nuevos hubs en Espa\u00f1a, Italia y Polonia ser\u00e1n gestionados en asociaci\u00f3n con organizaciones locales para ofrecer formaci\u00f3n en habilidades digitales, medios informativos, as\u00ed como seguridad online para colectivos en exclusi\u00f3n. Seguir\u00e1n el modelo del centro Digitales Lernzentrum de Facebook en Berl\u00edn, abierto el pasado a\u00f1o en colaboraci\u00f3n con la ReDI School of Digital Integration, que trabaja con refugiados, ancianos y otras comunidades en Alemania, para ofrecer cursos que van desde clases b\u00e1sicas de codificaci\u00f3n hasta clases de desarrollo profesional. En los pr\u00f3ximos dos a\u00f1os, Facebook trabajar\u00e1 con Freeformers para ofrecer formaci\u00f3n a 300.000 personas de toda la UE en Reino Unido, Francia, Alemania, Polonia, Italia y Espa\u00f1a. Esta formaci\u00f3n ser\u00e1 presencial para 75.000 personas y online para el resto. Cada programa de formaci\u00f3n se adaptar\u00e1 a la persona, de modo que alguien que ya cuente con ciertos conocimientos pueda aprender a codificar, mientras otros comenzar\u00e1n, por ejemplo, abriendo una cuenta bancaria online. Ofreceremos m\u00e1s opciones de formaci\u00f3n para empresarios, para ayudarles a expandir su presencia digital y encontrar nuevos clientes, ya sea a la vuelta de la esquina como en todo el mundo. Esto incluye formaci\u00f3n presencial para 200.000 peque\u00f1as y medianas empresas para 2020, y formaci\u00f3n online para otras 150.000 empresas. Como parte del programa de Facebook #SheMeansBusiness, ofreceremos formaci\u00f3n en habilidades digitales a m\u00e1s de 15.000 mujeres en Francia. El programa alienta el esp\u00edritu emprendedor a trav\u00e9s del desarrollo de redes, mentores, programas de formaci\u00f3n dirigidos por socios, as\u00ed como historias sobre modelos a seguir que pueden resultar inspiradores. Ya est\u00e1 activo en Estados Unidos e Italia y en 2018 llegar\u00e1 a Irlanda, Espa\u00f1a y Suecia. Vamos a invertir 10 millones de euros en Francia para acelerar la innovaci\u00f3n en inteligencia artificial. Esta inversi\u00f3n duplicar\u00e1 de 30 a 60 el n\u00famero de investigadores en el equipo de Inteligencia Artificial de Facebook en Par\u00eds y aumentar\u00e1 de 10 a 40 el n\u00famero de estudiantes que desarrollan sus tesis en nuestro centro. La inversi\u00f3n tambi\u00e9n incluye una donaci\u00f3n a la OpenData Initiative en Francia. Los que anunciamos hoy forma parte de nuestra continua inversi\u00f3n en formaci\u00f3n digital. Desde 2011, Facebook ha invertido m\u00e1s de mil millones de d\u00f3lares para apoyar a las peque\u00f1as empresas en todo el mundo. El programa Boost Your Business de Facebook ha formado a cientos de miles de peque\u00f1as empresas en todo el mundo, y m\u00e1s de un mill\u00f3n de estas empresas han utilizado nuestro centro de aprendizaje online\u00a0Blueprint. Del mismo modo, m\u00e1s de 70 millones de peque\u00f1as empresas utilizan nuestra herramienta gratuita de P\u00e1ginas para tener presencia online. Seg\u00fan un estudio de Morning Consult en asociaci\u00f3n con el Consejo de Lisboa y Facebook, el uso que hacen las peque\u00f1as empresas de las herramientas digitales se traduce en nuevos empleos y oportunidades para las comunidades en toda la UE. El 35% de las peque\u00f1as y medianas empresas en Facebook que han sido encuestadas en Francia, Alemania, Italia, Polonia, Espa\u00f1a y Reino Unido afirman que construyeron su negocio en Facebook, y el 49% dice que han contratado a m\u00e1s empleados debido al crecimiento desde que la empresa se uni\u00f3 a Facebook. El 57% de estas pymes en Facebook dicen que han aumentado sus ventas gracias a la plataforma; y el 60% asegura que Facebook les ayuda a vender productos en otras ciudades y pa\u00edses. El 67% de las peque\u00f1as y medianas empresas en Facebook dicen que a la hora de contratar a un nuevo empleado, son m\u00e1s importantes las destrezas digitales que saber en qu\u00e9 centro estudi\u00f3. Nuestro compromiso es invertir en las peque\u00f1as empresas y en sus comunidades, y compartiremos lo que vayamos aprendiendo en el camino. Puedes estar al tanto de nuestros programas de formaci\u00f3n o compartir tu opini\u00f3n en este enlace. Datos del estudio de Morning Consult relativos a Espa\u00f1a: M\u00e1s de 1 de cada 3 pymes en Facebook han construido su negocio en la plataforma. El 53% de las pymes espa\u00f1olas en Facebook afirman que han sido capaces de contratar a m\u00e1s personas gracias al incremento de la demanda tras unirse a Facebook. El 61% de las pymes en Espa\u00f1a afirma que han aumentado sus ventas por su presencia en la plataforma. El 70% de las pymes en Espa\u00f1a creen que la plataforma les permite vender sus productos en otras ciudades o pa\u00edses. El 84% de las pymes en Facebook en Espa\u00f1a afirma que la plataforma les ayuda a atraer a clientes. El 74% de las pymes en Espa\u00f1a dicen que las habilidades digitales son importantes a la hora de contratar a un nuevo empleado, m\u00e1s que la universidad o escuela en la que se han formado. El 35% de los consumidores busc\u00f3 o encontr\u00f3 un trabajo en Facebook. Sheryl Sandberg, COO de Facebook: \u201cMe entusiasma anunciar que, para 2020, habremos formado en habilidades digitales a un mill\u00f3n de personas y empresarios en toda Europa. Este tipo de habilidades ayudan a las personas a prosperar en el mercado laboral y a las peque\u00f1as empresas a crecer y crear empleo. Tambi\u00e9n abriremos tres centros de formaci\u00f3n digital en Espa\u00f1a, Italia y Polonia, similares al Digitales Lernzentrum ya abierto en Berl\u00edn, que ofrece clases de formaci\u00f3n y desarrollo profesional, entre otros, para j\u00f3venes, ancianos y refugiados.\u201d \u201cLa tecnolog\u00eda puede ayudar a cambiar vidas. Por eso queremos dar a las personas el apoyo que necesitan para abrir un negocio o conseguir el trabajo de sus sue\u00f1os.\u201d\" \/>\n<meta property=\"og:url\" content=\"https:\/\/about.fb.com\/es\/news\/2018\/01\/facebook-formara-a-un-millon-de-negocios-y-empresarios-en-europa-para-2020\/\" \/>\n<meta property=\"og:site_name\" content=\"Informaci\u00f3n sobre Meta\" \/>\n<meta property=\"article:published_time\" content=\"2018-01-22T14:18:46+00:00\" \/>\n<meta property=\"article:modified_time\" content=\"2019-11-04T19:16:28+00:00\" \/>\n<meta property=\"og:image\" content=\"https:\/\/about.fb.com\/es\/wp-content\/uploads\/sites\/13\/2018\/01\/ciaran-1.jpg\" \/>\n<meta name=\"author\" content=\"text100madrid\" \/>\n<meta name=\"twitter:card\" content=\"summary_large_image\" \/>\n<meta name=\"twitter:label1\" content=\"Written by\" \/>\n\t<meta name=\"twitter:data1\" content=\"Meta\" \/>\n\t<meta name=\"twitter:label2\" content=\"Est. reading time\" \/>\n\t<meta name=\"twitter:data2\" content=\"6 minutos\" \/>\n<script type=\"application\/ld+json\" class=\"yoast-schema-graph\">{\"@context\":\"https:\/\/schema.org\",\"@graph\":[{\"@type\":\"Article\",\"@id\":\"https:\/\/about.fb.com\/es\/news\/2018\/01\/facebook-formara-a-un-millon-de-negocios-y-empresarios-en-europa-para-2020\/#article\",\"isPartOf\":{\"@id\":\"https:\/\/about.fb.com\/es\/news\/2018\/01\/facebook-formara-a-un-millon-de-negocios-y-empresarios-en-europa-para-2020\/\"},\"author\":\"Facebook company\",\"headline\":\"Facebook formar\u00e1 a un mill\u00f3n de negocios y empresarios en Europa para 2020\",\"datePublished\":\"2018-01-22T14:18:46+00:00\",\"dateModified\":\"2019-11-04T19:16:28+00:00\",\"mainEntityOfPage\":{\"@id\":\"https:\/\/about.fb.com\/es\/news\/2018\/01\/facebook-formara-a-un-millon-de-negocios-y-empresarios-en-europa-para-2020\/\"},\"wordCount\":1135,\"publisher\":{\"@id\":\"https:\/\/about.fb.com\/es\/#organization\"},\"image\":{\"@id\":\"https:\/\/about.fb.com\/es\/news\/2018\/01\/facebook-formara-a-un-millon-de-negocios-y-empresarios-en-europa-para-2020\/#primaryimage\"},\"thumbnailUrl\":\"https:\/\/about.fb.com\/es\/wp-content\/uploads\/sites\/13\/2018\/01\/ciaran-1.jpg\",\"articleSection\":[\"Uncategorized\"],\"inLanguage\":\"es\"},{\"@type\":\"WebPage\",\"@id\":\"https:\/\/about.fb.com\/es\/news\/2018\/01\/facebook-formara-a-un-millon-de-negocios-y-empresarios-en-europa-para-2020\/\",\"url\":\"https:\/\/about.fb.com\/es\/news\/2018\/01\/facebook-formara-a-un-millon-de-negocios-y-empresarios-en-europa-para-2020\/\",\"name\":\"Facebook formar\u00e1 a un mill\u00f3n de negocios y empresarios en Europa para 2020 | Informaci\u00f3n sobre Meta\",\"isPartOf\":{\"@id\":\"https:\/\/about.fb.com\/es\/#website\"},\"primaryImageOfPage\":{\"@id\":\"https:\/\/about.fb.com\/es\/news\/2018\/01\/facebook-formara-a-un-millon-de-negocios-y-empresarios-en-europa-para-2020\/#primaryimage\"},\"image\":{\"@id\":\"https:\/\/about.fb.com\/es\/news\/2018\/01\/facebook-formara-a-un-millon-de-negocios-y-empresarios-en-europa-para-2020\/#primaryimage\"},\"thumbnailUrl\":\"https:\/\/about.fb.com\/es\/wp-content\/uploads\/sites\/13\/2018\/01\/ciaran-1.jpg\",\"datePublished\":\"2018-01-22T14:18:46+00:00\",\"dateModified\":\"2019-11-04T19:16:28+00:00\",\"breadcrumb\":{\"@id\":\"https:\/\/about.fb.com\/es\/news\/2018\/01\/facebook-formara-a-un-millon-de-negocios-y-empresarios-en-europa-para-2020\/#breadcrumb\"},\"inLanguage\":\"es\",\"potentialAction\":[{\"@type\":\"ReadAction\",\"target\":[\"https:\/\/about.fb.com\/es\/news\/2018\/01\/facebook-formara-a-un-millon-de-negocios-y-empresarios-en-europa-para-2020\/\"]}],\"author\":\"Informaci\u00f3n sobre Meta\"},{\"@type\":\"ImageObject\",\"inLanguage\":\"es\",\"@id\":\"https:\/\/about.fb.com\/es\/news\/2018\/01\/facebook-formara-a-un-millon-de-negocios-y-empresarios-en-europa-para-2020\/#primaryimage\",\"url\":\"https:\/\/about.fb.com\/es\/wp-content\/uploads\/sites\/13\/2018\/01\/ciaran-1.jpg?fit=960%2C640\",\"contentUrl\":\"https:\/\/about.fb.com\/es\/wp-content\/uploads\/sites\/13\/2018\/01\/ciaran-1.jpg?fit=960%2C640\",\"width\":960,\"height\":640},{\"@type\":\"BreadcrumbList\",\"@id\":\"https:\/\/about.fb.com\/es\/news\/2018\/01\/facebook-formara-a-un-millon-de-negocios-y-empresarios-en-europa-para-2020\/#breadcrumb\",\"itemListElement\":[{\"@type\":\"ListItem\",\"position\":1,\"name\":\"Home\",\"item\":\"https:\/\/about.fb.com\/es\/\"},{\"@type\":\"ListItem\",\"position\":2,\"name\":\"Facebook formar\u00e1 a un mill\u00f3n de negocios y empresarios en Europa para 2020\"}]},{\"@type\":\"WebSite\",\"@id\":\"https:\/\/about.fb.com\/es\/#website\",\"url\":\"https:\/\/about.fb.com\/news\/\",\"name\":\"Informaci\u00f3n sobre Meta\",\"description\":\"\",\"publisher\":{\"@id\":\"https:\/\/about.fb.com\/es\/#organization\"},\"potentialAction\":[{\"@type\":\"SearchAction\",\"target\":{\"@type\":\"EntryPoint\",\"urlTemplate\":\"https:\/\/about.fb.com\/es\/?s={search_term_string}\"},\"query-input\":{\"@type\":\"PropertyValueSpecification\",\"valueRequired\":true,\"valueName\":\"search_term_string\"}}],\"inLanguage\":\"es\",\"alternateName\":[\"Meta Newsroom\",\"Meta\"]},{\"@type\":\"Organization\",\"@id\":\"https:\/\/about.fb.com\/es\/#organization\",\"name\":\"Meta\",\"url\":\"https:\/\/about.fb.com\/es\/\",\"logo\":{\"@type\":\"ImageObject\",\"inLanguage\":\"es\",\"@id\":\"https:\/\/about.fb.com\/es\/#\/schema\/logo\/image\/\",\"url\":\"https:\/\/about.fb.com\/es\/wp-content\/uploads\/sites\/13\/2021\/10\/meta-social-16x9-1.jpg?fit=8000%2C4500\",\"contentUrl\":\"https:\/\/about.fb.com\/es\/wp-content\/uploads\/sites\/13\/2021\/10\/meta-social-16x9-1.jpg?fit=8000%2C4500\",\"width\":8000,\"height\":4500,\"caption\":\"Meta\"},\"image\":{\"@id\":\"https:\/\/about.fb.com\/es\/#\/schema\/logo\/image\/\"}}]}<\/script>\n<!-- \/ Yoast SEO plugin. -->","yoast_head_json":{"title":"Facebook formar\u00e1 a un mill\u00f3n de negocios y empresarios en Europa para 2020 | Informaci\u00f3n sobre Meta","robots":{"index":"index","follow":"follow","max-snippet":"max-snippet:-1","max-image-preview":"max-image-preview:large","max-video-preview":"max-video-preview:-1"},"canonical":"https:\/\/about.fb.com\/es\/news\/2018\/01\/facebook-formara-a-un-millon-de-negocios-y-empresarios-en-europa-para-2020\/","og_locale":"es_ES","og_type":"article","og_title":"Facebook formar\u00e1 a un mill\u00f3n de negocios y empresarios en Europa para 2020 | Informaci\u00f3n sobre Meta","og_description":"Por: Ciaran Quilty, VP, Small Businesses Facebook EMEA Hoy anunciamos Facebook Community Boost, un programa para ayudar a las empresas europeas a crecer y dotar a m\u00e1s personas en la UE con las habilidades digitales necesarias para competir en el mercado laboral actual. Nuestro compromiso pasa por abrir tres nuevos community hubs en Espa\u00f1a, Polonia e Italia, as\u00ed como formar\u00a0a un mill\u00f3n de personas y empresarios en toda la UE en 2020. Al mismo tiempo, anunciamos una inversi\u00f3n de 10 millones de euros en innovaci\u00f3n, a trav\u00e9s de nuestras instalaciones de investigaci\u00f3n en inteligencia artificial en Francia. Las pymes son el n\u00facleo de nuestras comunidades y crean la mayor\u00eda de los nuevos empleos en todo el mundo. A trav\u00e9s de Community Boost en Europa, Facebook trabajar\u00e1 mano a mano con pymes\u00a0\u00a0y startups, para ayudarles a crecer y a crear empleo. Estamos desarrollando\u00a0programas adicionales para que las personas adquieran las habilidades y recursos necesarios con el fin de encontrar trabajo o poner pr\u00e1ctica sus propias ideas. Nuestros tres nuevos hubs en Espa\u00f1a, Italia y Polonia ser\u00e1n gestionados en asociaci\u00f3n con organizaciones locales para ofrecer formaci\u00f3n en habilidades digitales, medios informativos, as\u00ed como seguridad online para colectivos en exclusi\u00f3n. Seguir\u00e1n el modelo del centro Digitales Lernzentrum de Facebook en Berl\u00edn, abierto el pasado a\u00f1o en colaboraci\u00f3n con la ReDI School of Digital Integration, que trabaja con refugiados, ancianos y otras comunidades en Alemania, para ofrecer cursos que van desde clases b\u00e1sicas de codificaci\u00f3n hasta clases de desarrollo profesional. En los pr\u00f3ximos dos a\u00f1os, Facebook trabajar\u00e1 con Freeformers para ofrecer formaci\u00f3n a 300.000 personas de toda la UE en Reino Unido, Francia, Alemania, Polonia, Italia y Espa\u00f1a. Esta formaci\u00f3n ser\u00e1 presencial para 75.000 personas y online para el resto. Cada programa de formaci\u00f3n se adaptar\u00e1 a la persona, de modo que alguien que ya cuente con ciertos conocimientos pueda aprender a codificar, mientras otros comenzar\u00e1n, por ejemplo, abriendo una cuenta bancaria online. Ofreceremos m\u00e1s opciones de formaci\u00f3n para empresarios, para ayudarles a expandir su presencia digital y encontrar nuevos clientes, ya sea a la vuelta de la esquina como en todo el mundo. Esto incluye formaci\u00f3n presencial para 200.000 peque\u00f1as y medianas empresas para 2020, y formaci\u00f3n online para otras 150.000 empresas. Como parte del programa de Facebook #SheMeansBusiness, ofreceremos formaci\u00f3n en habilidades digitales a m\u00e1s de 15.000 mujeres en Francia. El programa alienta el esp\u00edritu emprendedor a trav\u00e9s del desarrollo de redes, mentores, programas de formaci\u00f3n dirigidos por socios, as\u00ed como historias sobre modelos a seguir que pueden resultar inspiradores. Ya est\u00e1 activo en Estados Unidos e Italia y en 2018 llegar\u00e1 a Irlanda, Espa\u00f1a y Suecia. Vamos a invertir 10 millones de euros en Francia para acelerar la innovaci\u00f3n en inteligencia artificial. Esta inversi\u00f3n duplicar\u00e1 de 30 a 60 el n\u00famero de investigadores en el equipo de Inteligencia Artificial de Facebook en Par\u00eds y aumentar\u00e1 de 10 a 40 el n\u00famero de estudiantes que desarrollan sus tesis en nuestro centro. La inversi\u00f3n tambi\u00e9n incluye una donaci\u00f3n a la OpenData Initiative en Francia. Los que anunciamos hoy forma parte de nuestra continua inversi\u00f3n en formaci\u00f3n digital. Desde 2011, Facebook ha invertido m\u00e1s de mil millones de d\u00f3lares para apoyar a las peque\u00f1as empresas en todo el mundo. El programa Boost Your Business de Facebook ha formado a cientos de miles de peque\u00f1as empresas en todo el mundo, y m\u00e1s de un mill\u00f3n de estas empresas han utilizado nuestro centro de aprendizaje online\u00a0Blueprint. Del mismo modo, m\u00e1s de 70 millones de peque\u00f1as empresas utilizan nuestra herramienta gratuita de P\u00e1ginas para tener presencia online. Seg\u00fan un estudio de Morning Consult en asociaci\u00f3n con el Consejo de Lisboa y Facebook, el uso que hacen las peque\u00f1as empresas de las herramientas digitales se traduce en nuevos empleos y oportunidades para las comunidades en toda la UE. El 35% de las peque\u00f1as y medianas empresas en Facebook que han sido encuestadas en Francia, Alemania, Italia, Polonia, Espa\u00f1a y Reino Unido afirman que construyeron su negocio en Facebook, y el 49% dice que han contratado a m\u00e1s empleados debido al crecimiento desde que la empresa se uni\u00f3 a Facebook. El 57% de estas pymes en Facebook dicen que han aumentado sus ventas gracias a la plataforma; y el 60% asegura que Facebook les ayuda a vender productos en otras ciudades y pa\u00edses. El 67% de las peque\u00f1as y medianas empresas en Facebook dicen que a la hora de contratar a un nuevo empleado, son m\u00e1s importantes las destrezas digitales que saber en qu\u00e9 centro estudi\u00f3. Nuestro compromiso es invertir en las peque\u00f1as empresas y en sus comunidades, y compartiremos lo que vayamos aprendiendo en el camino. Puedes estar al tanto de nuestros programas de formaci\u00f3n o compartir tu opini\u00f3n en este enlace. Datos del estudio de Morning Consult relativos a Espa\u00f1a: M\u00e1s de 1 de cada 3 pymes en Facebook han construido su negocio en la plataforma. El 53% de las pymes espa\u00f1olas en Facebook afirman que han sido capaces de contratar a m\u00e1s personas gracias al incremento de la demanda tras unirse a Facebook. El 61% de las pymes en Espa\u00f1a afirma que han aumentado sus ventas por su presencia en la plataforma. El 70% de las pymes en Espa\u00f1a creen que la plataforma les permite vender sus productos en otras ciudades o pa\u00edses. El 84% de las pymes en Facebook en Espa\u00f1a afirma que la plataforma les ayuda a atraer a clientes. El 74% de las pymes en Espa\u00f1a dicen que las habilidades digitales son importantes a la hora de contratar a un nuevo empleado, m\u00e1s que la universidad o escuela en la que se han formado. El 35% de los consumidores busc\u00f3 o encontr\u00f3 un trabajo en Facebook. Sheryl Sandberg, COO de Facebook: \u201cMe entusiasma anunciar que, para 2020, habremos formado en habilidades digitales a un mill\u00f3n de personas y empresarios en toda Europa. Este tipo de habilidades ayudan a las personas a prosperar en el mercado laboral y a las peque\u00f1as empresas a crecer y crear empleo. Tambi\u00e9n abriremos tres centros de formaci\u00f3n digital en Espa\u00f1a, Italia y Polonia, similares al Digitales Lernzentrum ya abierto en Berl\u00edn, que ofrece clases de formaci\u00f3n y desarrollo profesional, entre otros, para j\u00f3venes, ancianos y refugiados.\u201d \u201cLa tecnolog\u00eda puede ayudar a cambiar vidas. Por eso queremos dar a las personas el apoyo que necesitan para abrir un negocio o conseguir el trabajo de sus sue\u00f1os.\u201d","og_url":"https:\/\/about.fb.com\/es\/news\/2018\/01\/facebook-formara-a-un-millon-de-negocios-y-empresarios-en-europa-para-2020\/","og_site_name":"Informaci\u00f3n sobre Meta","article_published_time":"2018-01-22T14:18:46+00:00","article_modified_time":"2019-11-04T19:16:28+00:00","og_image":[{"url":"https:\/\/about.fb.com\/es\/wp-content\/uploads\/sites\/13\/2018\/01\/ciaran-1.jpg","type":"","width":"","height":""}],"author":"text100madrid","twitter_card":"summary_large_image","twitter_misc":{"Written by":"Meta","Est. reading time":"6 minutos"},"schema":{"@context":"https:\/\/schema.org","@graph":[{"@type":"Article","@id":"https:\/\/about.fb.com\/es\/news\/2018\/01\/facebook-formara-a-un-millon-de-negocios-y-empresarios-en-europa-para-2020\/#article","isPartOf":{"@id":"https:\/\/about.fb.com\/es\/news\/2018\/01\/facebook-formara-a-un-millon-de-negocios-y-empresarios-en-europa-para-2020\/"},"author":"Facebook company","headline":"Facebook formar\u00e1 a un mill\u00f3n de negocios y empresarios en Europa para 2020","datePublished":"2018-01-22T14:18:46+00:00","dateModified":"2019-11-04T19:16:28+00:00","mainEntityOfPage":{"@id":"https:\/\/about.fb.com\/es\/news\/2018\/01\/facebook-formara-a-un-millon-de-negocios-y-empresarios-en-europa-para-2020\/"},"wordCount":1135,"publisher":{"@id":"https:\/\/about.fb.com\/es\/#organization"},"image":{"@id":"https:\/\/about.fb.com\/es\/news\/2018\/01\/facebook-formara-a-un-millon-de-negocios-y-empresarios-en-europa-para-2020\/#primaryimage"},"thumbnailUrl":"https:\/\/about.fb.com\/es\/wp-content\/uploads\/sites\/13\/2018\/01\/ciaran-1.jpg","articleSection":["Uncategorized"],"inLanguage":"es"},{"@type":"WebPage","@id":"https:\/\/about.fb.com\/es\/news\/2018\/01\/facebook-formara-a-un-millon-de-negocios-y-empresarios-en-europa-para-2020\/","url":"https:\/\/about.fb.com\/es\/news\/2018\/01\/facebook-formara-a-un-millon-de-negocios-y-empresarios-en-europa-para-2020\/","name":"Facebook formar\u00e1 a un mill\u00f3n de negocios y empresarios en Europa para 2020 | Informaci\u00f3n sobre Meta","isPartOf":{"@id":"https:\/\/about.fb.com\/es\/#website"},"primaryImageOfPage":{"@id":"https:\/\/about.fb.com\/es\/news\/2018\/01\/facebook-formara-a-un-millon-de-negocios-y-empresarios-en-europa-para-2020\/#primaryimage"},"image":{"@id":"https:\/\/about.fb.com\/es\/news\/2018\/01\/facebook-formara-a-un-millon-de-negocios-y-empresarios-en-europa-para-2020\/#primaryimage"},"thumbnailUrl":"https:\/\/about.fb.com\/es\/wp-content\/uploads\/sites\/13\/2018\/01\/ciaran-1.jpg","datePublished":"2018-01-22T14:18:46+00:00","dateModified":"2019-11-04T19:16:28+00:00","breadcrumb":{"@id":"https:\/\/about.fb.com\/es\/news\/2018\/01\/facebook-formara-a-un-millon-de-negocios-y-empresarios-en-europa-para-2020\/#breadcrumb"},"inLanguage":"es","potentialAction":[{"@type":"ReadAction","target":["https:\/\/about.fb.com\/es\/news\/2018\/01\/facebook-formara-a-un-millon-de-negocios-y-empresarios-en-europa-para-2020\/"]}],"author":"Informaci\u00f3n sobre Meta"},{"@type":"ImageObject","inLanguage":"es","@id":"https:\/\/about.fb.com\/es\/news\/2018\/01\/facebook-formara-a-un-millon-de-negocios-y-empresarios-en-europa-para-2020\/#primaryimage","url":"https:\/\/about.fb.com\/es\/wp-content\/uploads\/sites\/13\/2018\/01\/ciaran-1.jpg?fit=960%2C640","contentUrl":"https:\/\/about.fb.com\/es\/wp-content\/uploads\/sites\/13\/2018\/01\/ciaran-1.jpg?fit=960%2C640","width":960,"height":640},{"@type":"BreadcrumbList","@id":"https:\/\/about.fb.com\/es\/news\/2018\/01\/facebook-formara-a-un-millon-de-negocios-y-empresarios-en-europa-para-2020\/#breadcrumb","itemListElement":[{"@type":"ListItem","position":1,"name":"Home","item":"https:\/\/about.fb.com\/es\/"},{"@type":"ListItem","position":2,"name":"Facebook formar\u00e1 a un mill\u00f3n de negocios y empresarios en Europa para 2020"}]},{"@type":"WebSite","@id":"https:\/\/about.fb.com\/es\/#website","url":"https:\/\/about.fb.com\/news\/","name":"Informaci\u00f3n sobre Meta","description":"","publisher":{"@id":"https:\/\/about.fb.com\/es\/#organization"},"potentialAction":[{"@type":"SearchAction","target":{"@type":"EntryPoint","urlTemplate":"https:\/\/about.fb.com\/es\/?s={search_term_string}"},"query-input":{"@type":"PropertyValueSpecification","valueRequired":true,"valueName":"search_term_string"}}],"inLanguage":"es","alternateName":["Meta Newsroom","Meta"]},{"@type":"Organization","@id":"https:\/\/about.fb.com\/es\/#organization","name":"Meta","url":"https:\/\/about.fb.com\/es\/","logo":{"@type":"ImageObject","inLanguage":"es","@id":"https:\/\/about.fb.com\/es\/#\/schema\/logo\/image\/","url":"https:\/\/about.fb.com\/es\/wp-content\/uploads\/sites\/13\/2021\/10\/meta-social-16x9-1.jpg?fit=8000%2C4500","contentUrl":"https:\/\/about.fb.com\/es\/wp-content\/uploads\/sites\/13\/2021\/10\/meta-social-16x9-1.jpg?fit=8000%2C4500","width":8000,"height":4500,"caption":"Meta"},"image":{"@id":"https:\/\/about.fb.com\/es\/#\/schema\/logo\/image\/"}}]}},"jetpack_featured_media_url":"","jetpack-related-posts":[],"jetpack_sharing_enabled":true,"amp_enabled":true,"_links":{"self":[{"href":"https:\/\/about.fb.com\/es\/wp-json\/wp\/v2\/posts\/5975","targetHints":{"allow":["GET"]}}],"collection":[{"href":"https:\/\/about.fb.com\/es\/wp-json\/wp\/v2\/posts"}],"about":[{"href":"https:\/\/about.fb.com\/es\/wp-json\/wp\/v2\/types\/post"}],"author":[{"embeddable":true,"href":"https:\/\/about.fb.com\/es\/wp-json\/wp\/v2\/users\/81919965"}],"replies":[{"embeddable":true,"href":"https:\/\/about.fb.com\/es\/wp-json\/wp\/v2\/comments?post=5975"}],"version-history":[{"count":2,"href":"https:\/\/about.fb.com\/es\/wp-json\/wp\/v2\/posts\/5975\/revisions"}],"predecessor-version":[{"id":17260,"href":"https:\/\/about.fb.com\/es\/wp-json\/wp\/v2\/posts\/5975\/revisions\/17260"}],"wp:attachment":[{"href":"https:\/\/about.fb.com\/es\/wp-json\/wp\/v2\/media?parent=5975"}],"wp:term":[{"taxonomy":"category","embeddable":true,"href":"https:\/\/about.fb.com\/es\/wp-json\/wp\/v2\/categories?post=5975"},{"taxonomy":"post_tag","embeddable":true,"href":"https:\/\/about.fb.com\/es\/wp-json\/wp\/v2\/tags?post=5975"}],"curies":[{"name":"wp","href":"https:\/\/api.w.org\/{rel}","templated":true}]}}