{"id":5364,"date":"2016-06-09T13:32:02","date_gmt":"2016-06-09T13:32:02","guid":{"rendered":"http:\/\/es.newsroom.fb.com\/?p=5364"},"modified":"2019-11-04T19:20:48","modified_gmt":"2019-11-04T19:20:48","slug":"la-transparencia-y-regeneracion-politica-primer-tema-de-conversacion-en-facebook-en-la-comunidad-valenciana-mariano-rajoy-y-podemos-lideran-la-conversacion-en-cuanto-a-lideres-y-partidos-politicos","status":"publish","type":"post","link":"https:\/\/about.fb.com\/es\/news\/2016\/06\/la-transparencia-y-regeneracion-politica-primer-tema-de-conversacion-en-facebook-en-la-comunidad-valenciana-mariano-rajoy-y-podemos-lideran-la-conversacion-en-cuanto-a-lideres-y-partidos-politicos\/","title":{"rendered":"La transparencia y regeneraci\u00f3n pol\u00edtica, primer tema de conversaci\u00f3n en Facebook en la Comunidad Valenciana; Mariano Rajoy y Podemos lideran la conversaci\u00f3n en cuanto a l\u00edderes y partidos pol\u00edticos"},"content":{"rendered":"<p>La transparencia y regeneraci\u00f3n pol\u00edtica ha sido el tema m\u00e1s comentado en Facebook en la Comunidad Valenciana desde enero hasta la convocatoria de nuevas elecciones para el pr\u00f3ximo 26 de junio. Con un 50% de las menciones se sit\u00faa por encima aunque muy cercano a otros temas como la educaci\u00f3n y la econom\u00eda, ambos con un 40%. Completan la lista el modelo de Estado y la pol\u00edtica exterior.<\/p>\n<p><img data-recalc-dims=\"1\" loading=\"lazy\" decoding=\"async\" class=\"aligncenter size-large wp-image-5365\" src=\"https:\/\/about.fb.com\/es\/wp-content\/uploads\/sites\/13\/2016\/06\/temas-politicos-valencia-1.png?resize=960%2C575\" alt=\"Temas-politicos-Valencia\" width=\"960\" height=\"575\" \/><\/p>\n<p>En cuanto a l\u00edderes pol\u00edticos, Mariano Rajoy lidera la conversaci\u00f3n en Arag\u00f3n con un 63% de las menciones, seguido de cerca de Pablo Iglesias, con un 59%. Por detr\u00e1s quedan Pedro S\u00e1nchez, Alberto Garz\u00f3n y Albert Rivera. Por partidos, Podemos acapara un 71% de las menciones, seguido del Partido Popular con un 56%. PSOE, Ciudadanos e Izquierda Unida, en ese orden completan la lista.<\/p>\n<p><img data-recalc-dims=\"1\" loading=\"lazy\" decoding=\"async\" class=\"aligncenter size-large wp-image-5366\" src=\"https:\/\/about.fb.com\/es\/wp-content\/uploads\/sites\/13\/2016\/06\/lideres-partidos-valencia-1.png?resize=960%2C788\" alt=\"Lideres-partidos-Valencia\" width=\"960\" height=\"788\" \/><\/p>\n<p>Estos datos se extraen de la conversaci\u00f3n pol\u00edtica que se ha generado en Facebook en la Comunidad Valenciana desde enero, tras las pasadas elecciones generales, hasta la convocatoria de nuevas elecciones. La suma de los porcentajes es superior al 100% porque una misma persona puede mencionar a diferentes l\u00edderes, partidos o tem\u00e1ticas.<\/p>\n<p>Hoy Facebook recuerda a las personas mayores de edad en la plataforma que pueden solicitar el voto por correo hasta el pr\u00f3ximo 16 de junio. Se trata de un recordatorio con el que las personas pueden interactuar, bien comparti\u00e9ndolo o indicando que ya han solicitado el voto, y a trav\u00e9s de \u00e9l pueden acceder a la p\u00e1gina de informaci\u00f3n del Ministerio del Interior. De esta manera Facebook quiere fomentar la involucraci\u00f3n de la ciudadan\u00eda en las pr\u00f3ximas elecciones generales.<\/p>\n","protected":false},"excerpt":{"rendered":"La transparencia y regeneraci\u00f3n pol\u00edtica ha sido el tema m\u00e1s comentado en Facebook en la Comunidad Valenciana desde enero hasta la convocatoria de nuevas elecciones para el pr\u00f3ximo 26 de junio. Con un 50% de las menciones se sit\u00faa por encima aunque muy cercano a otros temas como la educaci\u00f3n y la econom\u00eda, ambos con un 40%. Completan la lista el modelo de Estado y la pol\u00edtica exterior. En cuanto a l\u00edderes pol\u00edticos, Mariano Rajoy lidera la conversaci\u00f3n en Arag\u00f3n con un 63% de las menciones, seguido de cerca de Pablo Iglesias, con un 59%. Por detr\u00e1s quedan Pedro S\u00e1nchez, Alberto Garz\u00f3n y Albert Rivera. Por partidos, Podemos acapara un 71% de las menciones, seguido del Partido Popular con un 56%. PSOE, Ciudadanos e Izquierda Unida, en ese orden completan la lista. Estos datos se extraen de la conversaci\u00f3n pol\u00edtica que se ha generado en Facebook en la Comunidad Valenciana desde enero, tras las pasadas elecciones generales, hasta la convocatoria de nuevas elecciones. La suma de los porcentajes es superior al 100% porque una misma persona puede mencionar a diferentes l\u00edderes, partidos o tem\u00e1ticas. Hoy Facebook recuerda a las personas mayores de edad en la plataforma que pueden solicitar el voto por correo hasta el pr\u00f3ximo 16 de junio. Se trata de un recordatorio con el que las personas pueden interactuar, bien comparti\u00e9ndolo o indicando que ya han solicitado el voto, y a trav\u00e9s de \u00e9l pueden acceder a la p\u00e1gina de informaci\u00f3n del Ministerio del Interior. De esta manera Facebook quiere fomentar la involucraci\u00f3n de la ciudadan\u00eda en las pr\u00f3ximas elecciones generales.","protected":false},"author":81919965,"featured_media":0,"comment_status":"closed","ping_status":"closed","sticky":false,"template":"","format":"standard","meta":{"_jetpack_memberships_contains_paid_content":false,"footnotes":""},"categories":[1],"tags":[],"class_list":["post-5364","post","type-post","status-publish","format-standard","hentry","category-uncategorized"],"yoast_head":"<!-- This site is optimized with the Yoast SEO plugin v27.2 - https:\/\/yoast.com\/product\/yoast-seo-wordpress\/ -->\n<title>La transparencia y regeneraci\u00f3n pol\u00edtica, primer tema de conversaci\u00f3n en Facebook en la Comunidad Valenciana; Mariano Rajoy y Podemos lideran la conversaci\u00f3n en cuanto a l\u00edderes y partidos pol\u00edticos | Informaci\u00f3n sobre Meta<\/title>\n<meta name=\"robots\" content=\"index, follow, max-snippet:-1, max-image-preview:large, max-video-preview:-1\" \/>\n<link rel=\"canonical\" href=\"https:\/\/about.fb.com\/es\/news\/2016\/06\/la-transparencia-y-regeneracion-politica-primer-tema-de-conversacion-en-facebook-en-la-comunidad-valenciana-mariano-rajoy-y-podemos-lideran-la-conversacion-en-cuanto-a-lideres-y-partidos-politicos\/\" \/>\n<meta property=\"og:locale\" content=\"es_ES\" \/>\n<meta property=\"og:type\" content=\"article\" \/>\n<meta property=\"og:title\" content=\"La transparencia y regeneraci\u00f3n pol\u00edtica, primer tema de conversaci\u00f3n en Facebook en la Comunidad Valenciana; Mariano Rajoy y Podemos lideran la conversaci\u00f3n en cuanto a l\u00edderes y partidos pol\u00edticos | Informaci\u00f3n sobre Meta\" \/>\n<meta property=\"og:description\" content=\"La transparencia y regeneraci\u00f3n pol\u00edtica ha sido el tema m\u00e1s comentado en Facebook en la Comunidad Valenciana desde enero hasta la convocatoria de nuevas elecciones para el pr\u00f3ximo 26 de junio. Con un 50% de las menciones se sit\u00faa por encima aunque muy cercano a otros temas como la educaci\u00f3n y la econom\u00eda, ambos con un 40%. Completan la lista el modelo de Estado y la pol\u00edtica exterior. En cuanto a l\u00edderes pol\u00edticos, Mariano Rajoy lidera la conversaci\u00f3n en Arag\u00f3n con un 63% de las menciones, seguido de cerca de Pablo Iglesias, con un 59%. Por detr\u00e1s quedan Pedro S\u00e1nchez, Alberto Garz\u00f3n y Albert Rivera. Por partidos, Podemos acapara un 71% de las menciones, seguido del Partido Popular con un 56%. PSOE, Ciudadanos e Izquierda Unida, en ese orden completan la lista. Estos datos se extraen de la conversaci\u00f3n pol\u00edtica que se ha generado en Facebook en la Comunidad Valenciana desde enero, tras las pasadas elecciones generales, hasta la convocatoria de nuevas elecciones. La suma de los porcentajes es superior al 100% porque una misma persona puede mencionar a diferentes l\u00edderes, partidos o tem\u00e1ticas. Hoy Facebook recuerda a las personas mayores de edad en la plataforma que pueden solicitar el voto por correo hasta el pr\u00f3ximo 16 de junio. Se trata de un recordatorio con el que las personas pueden interactuar, bien comparti\u00e9ndolo o indicando que ya han solicitado el voto, y a trav\u00e9s de \u00e9l pueden acceder a la p\u00e1gina de informaci\u00f3n del Ministerio del Interior. De esta manera Facebook quiere fomentar la involucraci\u00f3n de la ciudadan\u00eda en las pr\u00f3ximas elecciones generales.\" \/>\n<meta property=\"og:url\" content=\"https:\/\/about.fb.com\/es\/news\/2016\/06\/la-transparencia-y-regeneracion-politica-primer-tema-de-conversacion-en-facebook-en-la-comunidad-valenciana-mariano-rajoy-y-podemos-lideran-la-conversacion-en-cuanto-a-lideres-y-partidos-politicos\/\" \/>\n<meta property=\"og:site_name\" content=\"Informaci\u00f3n sobre Meta\" \/>\n<meta property=\"article:published_time\" content=\"2016-06-09T13:32:02+00:00\" \/>\n<meta property=\"article:modified_time\" content=\"2019-11-04T19:20:48+00:00\" \/>\n<meta property=\"og:image\" content=\"https:\/\/about.fb.com\/es\/wp-content\/uploads\/sites\/13\/2016\/06\/temas-politicos-valencia-1.png\" \/>\n<meta name=\"author\" content=\"text100madrid\" \/>\n<meta name=\"twitter:card\" content=\"summary_large_image\" \/>\n<meta name=\"twitter:label1\" content=\"Written by\" \/>\n\t<meta name=\"twitter:data1\" content=\"Meta\" \/>\n\t<meta name=\"twitter:label2\" content=\"Est. reading time\" \/>\n\t<meta name=\"twitter:data2\" content=\"1 minuto\" \/>\n<script type=\"application\/ld+json\" class=\"yoast-schema-graph\">{\"@context\":\"https:\/\/schema.org\",\"@graph\":[{\"@type\":\"Article\",\"@id\":\"https:\/\/about.fb.com\/es\/news\/2016\/06\/la-transparencia-y-regeneracion-politica-primer-tema-de-conversacion-en-facebook-en-la-comunidad-valenciana-mariano-rajoy-y-podemos-lideran-la-conversacion-en-cuanto-a-lideres-y-partidos-politicos\/#article\",\"isPartOf\":{\"@id\":\"https:\/\/about.fb.com\/es\/news\/2016\/06\/la-transparencia-y-regeneracion-politica-primer-tema-de-conversacion-en-facebook-en-la-comunidad-valenciana-mariano-rajoy-y-podemos-lideran-la-conversacion-en-cuanto-a-lideres-y-partidos-politicos\/\"},\"author\":\"Facebook company\",\"headline\":\"La transparencia y regeneraci\u00f3n pol\u00edtica, primer tema de conversaci\u00f3n en Facebook en la Comunidad Valenciana; Mariano Rajoy y Podemos lideran la conversaci\u00f3n en cuanto a l\u00edderes y partidos pol\u00edticos\",\"datePublished\":\"2016-06-09T13:32:02+00:00\",\"dateModified\":\"2019-11-04T19:20:48+00:00\",\"mainEntityOfPage\":{\"@id\":\"https:\/\/about.fb.com\/es\/news\/2016\/06\/la-transparencia-y-regeneracion-politica-primer-tema-de-conversacion-en-facebook-en-la-comunidad-valenciana-mariano-rajoy-y-podemos-lideran-la-conversacion-en-cuanto-a-lideres-y-partidos-politicos\/\"},\"wordCount\":316,\"publisher\":{\"@id\":\"https:\/\/about.fb.com\/es\/#organization\"},\"image\":{\"@id\":\"https:\/\/about.fb.com\/es\/news\/2016\/06\/la-transparencia-y-regeneracion-politica-primer-tema-de-conversacion-en-facebook-en-la-comunidad-valenciana-mariano-rajoy-y-podemos-lideran-la-conversacion-en-cuanto-a-lideres-y-partidos-politicos\/#primaryimage\"},\"thumbnailUrl\":\"https:\/\/about.fb.com\/es\/wp-content\/uploads\/sites\/13\/2016\/06\/temas-politicos-valencia-1.png\",\"articleSection\":[\"Uncategorized\"],\"inLanguage\":\"es\"},{\"@type\":\"WebPage\",\"@id\":\"https:\/\/about.fb.com\/es\/news\/2016\/06\/la-transparencia-y-regeneracion-politica-primer-tema-de-conversacion-en-facebook-en-la-comunidad-valenciana-mariano-rajoy-y-podemos-lideran-la-conversacion-en-cuanto-a-lideres-y-partidos-politicos\/\",\"url\":\"https:\/\/about.fb.com\/es\/news\/2016\/06\/la-transparencia-y-regeneracion-politica-primer-tema-de-conversacion-en-facebook-en-la-comunidad-valenciana-mariano-rajoy-y-podemos-lideran-la-conversacion-en-cuanto-a-lideres-y-partidos-politicos\/\",\"name\":\"La transparencia y regeneraci\u00f3n pol\u00edtica, primer tema de conversaci\u00f3n en Facebook en la Comunidad Valenciana; Mariano Rajoy y Podemos lideran la conversaci\u00f3n en cuanto a l\u00edderes y partidos pol\u00edticos | Informaci\u00f3n sobre Meta\",\"isPartOf\":{\"@id\":\"https:\/\/about.fb.com\/es\/#website\"},\"primaryImageOfPage\":{\"@id\":\"https:\/\/about.fb.com\/es\/news\/2016\/06\/la-transparencia-y-regeneracion-politica-primer-tema-de-conversacion-en-facebook-en-la-comunidad-valenciana-mariano-rajoy-y-podemos-lideran-la-conversacion-en-cuanto-a-lideres-y-partidos-politicos\/#primaryimage\"},\"image\":{\"@id\":\"https:\/\/about.fb.com\/es\/news\/2016\/06\/la-transparencia-y-regeneracion-politica-primer-tema-de-conversacion-en-facebook-en-la-comunidad-valenciana-mariano-rajoy-y-podemos-lideran-la-conversacion-en-cuanto-a-lideres-y-partidos-politicos\/#primaryimage\"},\"thumbnailUrl\":\"https:\/\/about.fb.com\/es\/wp-content\/uploads\/sites\/13\/2016\/06\/temas-politicos-valencia-1.png\",\"datePublished\":\"2016-06-09T13:32:02+00:00\",\"dateModified\":\"2019-11-04T19:20:48+00:00\",\"breadcrumb\":{\"@id\":\"https:\/\/about.fb.com\/es\/news\/2016\/06\/la-transparencia-y-regeneracion-politica-primer-tema-de-conversacion-en-facebook-en-la-comunidad-valenciana-mariano-rajoy-y-podemos-lideran-la-conversacion-en-cuanto-a-lideres-y-partidos-politicos\/#breadcrumb\"},\"inLanguage\":\"es\",\"potentialAction\":[{\"@type\":\"ReadAction\",\"target\":[\"https:\/\/about.fb.com\/es\/news\/2016\/06\/la-transparencia-y-regeneracion-politica-primer-tema-de-conversacion-en-facebook-en-la-comunidad-valenciana-mariano-rajoy-y-podemos-lideran-la-conversacion-en-cuanto-a-lideres-y-partidos-politicos\/\"]}],\"author\":\"Informaci\u00f3n sobre Meta\"},{\"@type\":\"ImageObject\",\"inLanguage\":\"es\",\"@id\":\"https:\/\/about.fb.com\/es\/news\/2016\/06\/la-transparencia-y-regeneracion-politica-primer-tema-de-conversacion-en-facebook-en-la-comunidad-valenciana-mariano-rajoy-y-podemos-lideran-la-conversacion-en-cuanto-a-lideres-y-partidos-politicos\/#primaryimage\",\"url\":\"https:\/\/about.fb.com\/es\/wp-content\/uploads\/sites\/13\/2016\/06\/temas-politicos-valencia-1.png?fit=960%2C575\",\"contentUrl\":\"https:\/\/about.fb.com\/es\/wp-content\/uploads\/sites\/13\/2016\/06\/temas-politicos-valencia-1.png?fit=960%2C575\",\"width\":960,\"height\":575},{\"@type\":\"BreadcrumbList\",\"@id\":\"https:\/\/about.fb.com\/es\/news\/2016\/06\/la-transparencia-y-regeneracion-politica-primer-tema-de-conversacion-en-facebook-en-la-comunidad-valenciana-mariano-rajoy-y-podemos-lideran-la-conversacion-en-cuanto-a-lideres-y-partidos-politicos\/#breadcrumb\",\"itemListElement\":[{\"@type\":\"ListItem\",\"position\":1,\"name\":\"Home\",\"item\":\"https:\/\/about.fb.com\/es\/\"},{\"@type\":\"ListItem\",\"position\":2,\"name\":\"La transparencia y regeneraci\u00f3n pol\u00edtica, primer tema de conversaci\u00f3n en Facebook en la Comunidad Valenciana; Mariano Rajoy y Podemos lideran la conversaci\u00f3n en cuanto a l\u00edderes y partidos pol\u00edticos\"}]},{\"@type\":\"WebSite\",\"@id\":\"https:\/\/about.fb.com\/es\/#website\",\"url\":\"https:\/\/about.fb.com\/news\/\",\"name\":\"Informaci\u00f3n sobre Meta\",\"description\":\"\",\"publisher\":{\"@id\":\"https:\/\/about.fb.com\/es\/#organization\"},\"potentialAction\":[{\"@type\":\"SearchAction\",\"target\":{\"@type\":\"EntryPoint\",\"urlTemplate\":\"https:\/\/about.fb.com\/es\/?s={search_term_string}\"},\"query-input\":{\"@type\":\"PropertyValueSpecification\",\"valueRequired\":true,\"valueName\":\"search_term_string\"}}],\"inLanguage\":\"es\",\"alternateName\":[\"Meta Newsroom\",\"Meta\"]},{\"@type\":\"Organization\",\"@id\":\"https:\/\/about.fb.com\/es\/#organization\",\"name\":\"Meta\",\"url\":\"https:\/\/about.fb.com\/es\/\",\"logo\":{\"@type\":\"ImageObject\",\"inLanguage\":\"es\",\"@id\":\"https:\/\/about.fb.com\/es\/#\/schema\/logo\/image\/\",\"url\":\"https:\/\/about.fb.com\/es\/wp-content\/uploads\/sites\/13\/2021\/10\/meta-social-16x9-1.jpg?fit=8000%2C4500\",\"contentUrl\":\"https:\/\/about.fb.com\/es\/wp-content\/uploads\/sites\/13\/2021\/10\/meta-social-16x9-1.jpg?fit=8000%2C4500\",\"width\":8000,\"height\":4500,\"caption\":\"Meta\"},\"image\":{\"@id\":\"https:\/\/about.fb.com\/es\/#\/schema\/logo\/image\/\"}}]}<\/script>\n<!-- \/ Yoast SEO plugin. -->","yoast_head_json":{"title":"La transparencia y regeneraci\u00f3n pol\u00edtica, primer tema de conversaci\u00f3n en Facebook en la Comunidad Valenciana; Mariano Rajoy y Podemos lideran la conversaci\u00f3n en cuanto a l\u00edderes y partidos pol\u00edticos | Informaci\u00f3n sobre Meta","robots":{"index":"index","follow":"follow","max-snippet":"max-snippet:-1","max-image-preview":"max-image-preview:large","max-video-preview":"max-video-preview:-1"},"canonical":"https:\/\/about.fb.com\/es\/news\/2016\/06\/la-transparencia-y-regeneracion-politica-primer-tema-de-conversacion-en-facebook-en-la-comunidad-valenciana-mariano-rajoy-y-podemos-lideran-la-conversacion-en-cuanto-a-lideres-y-partidos-politicos\/","og_locale":"es_ES","og_type":"article","og_title":"La transparencia y regeneraci\u00f3n pol\u00edtica, primer tema de conversaci\u00f3n en Facebook en la Comunidad Valenciana; Mariano Rajoy y Podemos lideran la conversaci\u00f3n en cuanto a l\u00edderes y partidos pol\u00edticos | Informaci\u00f3n sobre Meta","og_description":"La transparencia y regeneraci\u00f3n pol\u00edtica ha sido el tema m\u00e1s comentado en Facebook en la Comunidad Valenciana desde enero hasta la convocatoria de nuevas elecciones para el pr\u00f3ximo 26 de junio. Con un 50% de las menciones se sit\u00faa por encima aunque muy cercano a otros temas como la educaci\u00f3n y la econom\u00eda, ambos con un 40%. Completan la lista el modelo de Estado y la pol\u00edtica exterior. En cuanto a l\u00edderes pol\u00edticos, Mariano Rajoy lidera la conversaci\u00f3n en Arag\u00f3n con un 63% de las menciones, seguido de cerca de Pablo Iglesias, con un 59%. Por detr\u00e1s quedan Pedro S\u00e1nchez, Alberto Garz\u00f3n y Albert Rivera. Por partidos, Podemos acapara un 71% de las menciones, seguido del Partido Popular con un 56%. PSOE, Ciudadanos e Izquierda Unida, en ese orden completan la lista. Estos datos se extraen de la conversaci\u00f3n pol\u00edtica que se ha generado en Facebook en la Comunidad Valenciana desde enero, tras las pasadas elecciones generales, hasta la convocatoria de nuevas elecciones. La suma de los porcentajes es superior al 100% porque una misma persona puede mencionar a diferentes l\u00edderes, partidos o tem\u00e1ticas. Hoy Facebook recuerda a las personas mayores de edad en la plataforma que pueden solicitar el voto por correo hasta el pr\u00f3ximo 16 de junio. Se trata de un recordatorio con el que las personas pueden interactuar, bien comparti\u00e9ndolo o indicando que ya han solicitado el voto, y a trav\u00e9s de \u00e9l pueden acceder a la p\u00e1gina de informaci\u00f3n del Ministerio del Interior. De esta manera Facebook quiere fomentar la involucraci\u00f3n de la ciudadan\u00eda en las pr\u00f3ximas elecciones generales.","og_url":"https:\/\/about.fb.com\/es\/news\/2016\/06\/la-transparencia-y-regeneracion-politica-primer-tema-de-conversacion-en-facebook-en-la-comunidad-valenciana-mariano-rajoy-y-podemos-lideran-la-conversacion-en-cuanto-a-lideres-y-partidos-politicos\/","og_site_name":"Informaci\u00f3n sobre Meta","article_published_time":"2016-06-09T13:32:02+00:00","article_modified_time":"2019-11-04T19:20:48+00:00","og_image":[{"url":"https:\/\/about.fb.com\/es\/wp-content\/uploads\/sites\/13\/2016\/06\/temas-politicos-valencia-1.png","type":"","width":"","height":""}],"author":"text100madrid","twitter_card":"summary_large_image","twitter_misc":{"Written by":"Meta","Est. reading time":"1 minuto"},"schema":{"@context":"https:\/\/schema.org","@graph":[{"@type":"Article","@id":"https:\/\/about.fb.com\/es\/news\/2016\/06\/la-transparencia-y-regeneracion-politica-primer-tema-de-conversacion-en-facebook-en-la-comunidad-valenciana-mariano-rajoy-y-podemos-lideran-la-conversacion-en-cuanto-a-lideres-y-partidos-politicos\/#article","isPartOf":{"@id":"https:\/\/about.fb.com\/es\/news\/2016\/06\/la-transparencia-y-regeneracion-politica-primer-tema-de-conversacion-en-facebook-en-la-comunidad-valenciana-mariano-rajoy-y-podemos-lideran-la-conversacion-en-cuanto-a-lideres-y-partidos-politicos\/"},"author":"Facebook company","headline":"La transparencia y regeneraci\u00f3n pol\u00edtica, primer tema de conversaci\u00f3n en Facebook en la Comunidad Valenciana; Mariano Rajoy y Podemos lideran la conversaci\u00f3n en cuanto a l\u00edderes y partidos pol\u00edticos","datePublished":"2016-06-09T13:32:02+00:00","dateModified":"2019-11-04T19:20:48+00:00","mainEntityOfPage":{"@id":"https:\/\/about.fb.com\/es\/news\/2016\/06\/la-transparencia-y-regeneracion-politica-primer-tema-de-conversacion-en-facebook-en-la-comunidad-valenciana-mariano-rajoy-y-podemos-lideran-la-conversacion-en-cuanto-a-lideres-y-partidos-politicos\/"},"wordCount":316,"publisher":{"@id":"https:\/\/about.fb.com\/es\/#organization"},"image":{"@id":"https:\/\/about.fb.com\/es\/news\/2016\/06\/la-transparencia-y-regeneracion-politica-primer-tema-de-conversacion-en-facebook-en-la-comunidad-valenciana-mariano-rajoy-y-podemos-lideran-la-conversacion-en-cuanto-a-lideres-y-partidos-politicos\/#primaryimage"},"thumbnailUrl":"https:\/\/about.fb.com\/es\/wp-content\/uploads\/sites\/13\/2016\/06\/temas-politicos-valencia-1.png","articleSection":["Uncategorized"],"inLanguage":"es"},{"@type":"WebPage","@id":"https:\/\/about.fb.com\/es\/news\/2016\/06\/la-transparencia-y-regeneracion-politica-primer-tema-de-conversacion-en-facebook-en-la-comunidad-valenciana-mariano-rajoy-y-podemos-lideran-la-conversacion-en-cuanto-a-lideres-y-partidos-politicos\/","url":"https:\/\/about.fb.com\/es\/news\/2016\/06\/la-transparencia-y-regeneracion-politica-primer-tema-de-conversacion-en-facebook-en-la-comunidad-valenciana-mariano-rajoy-y-podemos-lideran-la-conversacion-en-cuanto-a-lideres-y-partidos-politicos\/","name":"La transparencia y regeneraci\u00f3n pol\u00edtica, primer tema de conversaci\u00f3n en Facebook en la Comunidad Valenciana; Mariano Rajoy y Podemos lideran la conversaci\u00f3n en cuanto a l\u00edderes y partidos pol\u00edticos | Informaci\u00f3n sobre Meta","isPartOf":{"@id":"https:\/\/about.fb.com\/es\/#website"},"primaryImageOfPage":{"@id":"https:\/\/about.fb.com\/es\/news\/2016\/06\/la-transparencia-y-regeneracion-politica-primer-tema-de-conversacion-en-facebook-en-la-comunidad-valenciana-mariano-rajoy-y-podemos-lideran-la-conversacion-en-cuanto-a-lideres-y-partidos-politicos\/#primaryimage"},"image":{"@id":"https:\/\/about.fb.com\/es\/news\/2016\/06\/la-transparencia-y-regeneracion-politica-primer-tema-de-conversacion-en-facebook-en-la-comunidad-valenciana-mariano-rajoy-y-podemos-lideran-la-conversacion-en-cuanto-a-lideres-y-partidos-politicos\/#primaryimage"},"thumbnailUrl":"https:\/\/about.fb.com\/es\/wp-content\/uploads\/sites\/13\/2016\/06\/temas-politicos-valencia-1.png","datePublished":"2016-06-09T13:32:02+00:00","dateModified":"2019-11-04T19:20:48+00:00","breadcrumb":{"@id":"https:\/\/about.fb.com\/es\/news\/2016\/06\/la-transparencia-y-regeneracion-politica-primer-tema-de-conversacion-en-facebook-en-la-comunidad-valenciana-mariano-rajoy-y-podemos-lideran-la-conversacion-en-cuanto-a-lideres-y-partidos-politicos\/#breadcrumb"},"inLanguage":"es","potentialAction":[{"@type":"ReadAction","target":["https:\/\/about.fb.com\/es\/news\/2016\/06\/la-transparencia-y-regeneracion-politica-primer-tema-de-conversacion-en-facebook-en-la-comunidad-valenciana-mariano-rajoy-y-podemos-lideran-la-conversacion-en-cuanto-a-lideres-y-partidos-politicos\/"]}],"author":"Informaci\u00f3n sobre Meta"},{"@type":"ImageObject","inLanguage":"es","@id":"https:\/\/about.fb.com\/es\/news\/2016\/06\/la-transparencia-y-regeneracion-politica-primer-tema-de-conversacion-en-facebook-en-la-comunidad-valenciana-mariano-rajoy-y-podemos-lideran-la-conversacion-en-cuanto-a-lideres-y-partidos-politicos\/#primaryimage","url":"https:\/\/about.fb.com\/es\/wp-content\/uploads\/sites\/13\/2016\/06\/temas-politicos-valencia-1.png?fit=960%2C575","contentUrl":"https:\/\/about.fb.com\/es\/wp-content\/uploads\/sites\/13\/2016\/06\/temas-politicos-valencia-1.png?fit=960%2C575","width":960,"height":575},{"@type":"BreadcrumbList","@id":"https:\/\/about.fb.com\/es\/news\/2016\/06\/la-transparencia-y-regeneracion-politica-primer-tema-de-conversacion-en-facebook-en-la-comunidad-valenciana-mariano-rajoy-y-podemos-lideran-la-conversacion-en-cuanto-a-lideres-y-partidos-politicos\/#breadcrumb","itemListElement":[{"@type":"ListItem","position":1,"name":"Home","item":"https:\/\/about.fb.com\/es\/"},{"@type":"ListItem","position":2,"name":"La transparencia y regeneraci\u00f3n pol\u00edtica, primer tema de conversaci\u00f3n en Facebook en la Comunidad Valenciana; Mariano Rajoy y Podemos lideran la conversaci\u00f3n en cuanto a l\u00edderes y partidos pol\u00edticos"}]},{"@type":"WebSite","@id":"https:\/\/about.fb.com\/es\/#website","url":"https:\/\/about.fb.com\/news\/","name":"Informaci\u00f3n sobre Meta","description":"","publisher":{"@id":"https:\/\/about.fb.com\/es\/#organization"},"potentialAction":[{"@type":"SearchAction","target":{"@type":"EntryPoint","urlTemplate":"https:\/\/about.fb.com\/es\/?s={search_term_string}"},"query-input":{"@type":"PropertyValueSpecification","valueRequired":true,"valueName":"search_term_string"}}],"inLanguage":"es","alternateName":["Meta Newsroom","Meta"]},{"@type":"Organization","@id":"https:\/\/about.fb.com\/es\/#organization","name":"Meta","url":"https:\/\/about.fb.com\/es\/","logo":{"@type":"ImageObject","inLanguage":"es","@id":"https:\/\/about.fb.com\/es\/#\/schema\/logo\/image\/","url":"https:\/\/about.fb.com\/es\/wp-content\/uploads\/sites\/13\/2021\/10\/meta-social-16x9-1.jpg?fit=8000%2C4500","contentUrl":"https:\/\/about.fb.com\/es\/wp-content\/uploads\/sites\/13\/2021\/10\/meta-social-16x9-1.jpg?fit=8000%2C4500","width":8000,"height":4500,"caption":"Meta"},"image":{"@id":"https:\/\/about.fb.com\/es\/#\/schema\/logo\/image\/"}}]}},"jetpack_featured_media_url":"","jetpack-related-posts":[],"jetpack_sharing_enabled":true,"amp_enabled":true,"_links":{"self":[{"href":"https:\/\/about.fb.com\/es\/wp-json\/wp\/v2\/posts\/5364","targetHints":{"allow":["GET"]}}],"collection":[{"href":"https:\/\/about.fb.com\/es\/wp-json\/wp\/v2\/posts"}],"about":[{"href":"https:\/\/about.fb.com\/es\/wp-json\/wp\/v2\/types\/post"}],"author":[{"embeddable":true,"href":"https:\/\/about.fb.com\/es\/wp-json\/wp\/v2\/users\/81919965"}],"replies":[{"embeddable":true,"href":"https:\/\/about.fb.com\/es\/wp-json\/wp\/v2\/comments?post=5364"}],"version-history":[{"count":2,"href":"https:\/\/about.fb.com\/es\/wp-json\/wp\/v2\/posts\/5364\/revisions"}],"predecessor-version":[{"id":17439,"href":"https:\/\/about.fb.com\/es\/wp-json\/wp\/v2\/posts\/5364\/revisions\/17439"}],"wp:attachment":[{"href":"https:\/\/about.fb.com\/es\/wp-json\/wp\/v2\/media?parent=5364"}],"wp:term":[{"taxonomy":"category","embeddable":true,"href":"https:\/\/about.fb.com\/es\/wp-json\/wp\/v2\/categories?post=5364"},{"taxonomy":"post_tag","embeddable":true,"href":"https:\/\/about.fb.com\/es\/wp-json\/wp\/v2\/tags?post=5364"}],"curies":[{"name":"wp","href":"https:\/\/api.w.org\/{rel}","templated":true}]}}