{"id":5349,"date":"2016-06-10T11:13:59","date_gmt":"2016-06-10T11:13:59","guid":{"rendered":"http:\/\/es.newsroom.fb.com\/?p=5349"},"modified":"2019-11-04T19:20:35","modified_gmt":"2019-11-04T19:20:35","slug":"facebook-presenta-en-malaga-su-programa-de-apoyo-a-las-pymes","status":"publish","type":"post","link":"https:\/\/about.fb.com\/es\/news\/2016\/06\/facebook-presenta-en-malaga-su-programa-de-apoyo-a-las-pymes\/","title":{"rendered":"Facebook presenta en M\u00e1laga su programa de apoyo a las pymes"},"content":{"rendered":"<ul>\n<li><strong><em>Hoy se ha presentado en M\u00e1laga el programa de apoyo a peque\u00f1as y medianas empresas organizado por Facebook en colaboraci\u00f3n con CEM<\/em><\/strong><\/li>\n<li><strong><em>En M\u00e1laga existen en torno a 56.000 empresas y 106.000 aut\u00f3nomos. Esta iniciativa tiene como objetivo ayudarles en su digitalizaci\u00f3n y optimizar su presencia en dispositivos m\u00f3viles<\/em><\/strong><\/li>\n<\/ul>\n<p><strong>M\u00e1laga, 10 de junio de 2016.-<\/strong> Facebook, como parte de su programa de apoyo a las pymes espa\u00f1olas dentro de su iniciativa <em>Impulsa tu Negocio <\/em>y en colaboraci\u00f3n con CEM, ha presentado hoy en la sede de la organizaci\u00f3n empresarial malague\u00f1a una sesi\u00f3n formativa sobre las oportunidades que ofrece la plataforma para la digitalizaci\u00f3n de los negocios.<\/p>\n<p><img data-recalc-dims=\"1\" loading=\"lazy\" decoding=\"async\" class=\"aligncenter size-large wp-image-5350\" src=\"https:\/\/about.fb.com\/es\/wp-content\/uploads\/sites\/13\/2016\/06\/facebook-y-cem-1-1.jpg?resize=960%2C640\" alt=\"Facebook y CEM 1\" width=\"960\" height=\"640\" \/><\/p>\n<p>&nbsp;<\/p>\n<p>Cada d\u00eda m\u00e1s empresas recurren a Facebook, y por ello, la compa\u00f1\u00eda ofrece un apoyo continuo a las pymes con nuevos programas y herramientas para ayudarles a crecer ypotenciar sus ventas en todo el mundo. A trav\u00e9s de <em>Impulsa tu Negocio<\/em>se realizan diferentes eventos de formaci\u00f3n en Estados Unidos, Asia Pac\u00edfico, Latinoam\u00e9rica, Europa, \u00c1frica y Oriente Medio y Norteam\u00e9rica.M\u00e1s de 50 millones de negocios locales tienen presencia en Facebook a nivel global.<\/p>\n<p>En Espa\u00f1a, Facebook ha desarrollado estos programas de formaci\u00f3n en colaboraci\u00f3n con CEPYME desde enero de 2012, en diferentes ciudades, con el objetivo de proporcionar a las empresas las herramientas necesarias para avanzar en sus estrategias de digitalizaci\u00f3n y alcanzar nuevas audiencias en plataformas m\u00f3viles gracias a Facebook. En este sentido, Facebook ha tenido un impacto econ\u00f3mico total de 4.000 millones de d\u00f3lares y 52.000 puestos de trabajo en Espa\u00f1a seg\u00fan un estudio de Deloitte en 2014.<\/p>\n<p>En M\u00e1laga existen en torno a 56.000 empresas y 106.000 aut\u00f3nomos. Con este taller de trabajo, Facebook ha ofrecido consejos pr\u00e1cticos optimizar su p\u00e1gina en Facebook, encontrar nuevos clientes, fidelizar a los existentes y dirigir tr\u00e1fico tanto a su sitio web como a su tienda f\u00edsica.<\/p>\n<p>Con m\u00e1s de 22 millones de usuarios en Espa\u00f1a y 1.650 millones en todo el mundo, Facebook ofrece un gran potencial que las empresas pueden aprovechar para hacer crecer su negocio y mejorar su ROI (Retorno de la Inversi\u00f3n). Para ello es importante que los empresarios posean un profundo conocimiento de todas las herramientas que Facebook pone a su alcance y este es el principal objetivo de este programa de apoyo a pymes.<\/p>\n<p><img data-recalc-dims=\"1\" loading=\"lazy\" decoding=\"async\" class=\"aligncenter size-large wp-image-5351\" src=\"https:\/\/about.fb.com\/es\/wp-content\/uploads\/sites\/13\/2016\/06\/facebook-y-cem-2-1.jpg?resize=960%2C640\" alt=\"Facebook y CEM 2\" width=\"960\" height=\"640\" \/><\/p>\n<p>Seg\u00fan Natalia Basterrechea, Directora de Asuntos P\u00fablicos de Facebook Espa\u00f1a, <em>\u201cEn nuestro pa\u00eds, el 83% de las personas que utilizan Facebook est\u00e1 conectado a una pyme. Por lo tanto, la plataforma es el lugar perfecto para que las empresas, sea cual sea su tama\u00f1o y localizaci\u00f3n, construyan su presencia y mantengan un contacto real y aut\u00e9ntico con sus audiencias.Facebook ha demostrado tener un impacto muy positivo en la econom\u00eda espa\u00f1ola y est\u00e1 ayudando a generar riqueza y empleo. Con encuentros como el de hoy, queremos acercarnos a las pymes y animarlas a que utilicen Facebook para hacer crecer su negocio\u201d.<\/em><\/p>\n<p>Seg\u00fan Javier Gonz\u00e1lez de Lara y Sarria, Presidente de la Confederaci\u00f3n de Empresarios de M\u00e1laga (CEM) y de Andaluc\u00eda (CEA): <em>\u201c<\/em><em>La tecnolog\u00eda ser\u00e1 el factor disruptivo principal que impulsar\u00e1 la transformaci\u00f3n de nuestras empresas en los pr\u00f3ximos cinco a\u00f1os. <\/em><em>Nuestro reto es convertir este avance tecnol\u00f3gico en una fuente real de creaci\u00f3n de competitividad y empleo; siendo conscientes de que esto no significa cambiar el modelo productivo, sino ampliarlo, hacerlo compatible con esta nueva situaci\u00f3n, innovando y gestionando el cambio\u201d.<\/em><\/p>\n<p>OceanClub Marbella es una de las pymes malague\u00f1as con presencia en Facebook que ha conseguido mejorar su negocio gracias a su actividad en la plataforma. Ana Luc\u00eda Alonso, responsable de M\u00e1rketing, comenta: <em>\u201cUtilizamos Facebook como herramienta informativa y de promoci\u00f3n de nuestras actividades. Somos un club de playa y hemos conseguido posicionarnos como un referente de estilo de vida, lujo y el entretenimiento en la regi\u00f3n gracias a las fotos y v\u00eddeos que publicamos en Facebook. El 40% de las personas que acceden a la secci\u00f3n de reservas en nuestra web, proviene Facebook, lo que impacta positivamente en nuestro negocio\u201d<\/em>.<\/p>\n<p>Para saber m\u00e1s sobre las herramientas que ofrece Facebook a las empresas visita:<\/p>\n<p><a href=\"https:\/\/www.facebook.com\/business\">Facebook para empresas<\/a><\/p>\n","protected":false},"excerpt":{"rendered":"Hoy se ha presentado en M\u00e1laga el programa de apoyo a peque\u00f1as y medianas empresas organizado por Facebook en colaboraci\u00f3n con CEM En M\u00e1laga existen en torno a 56.000 empresas y 106.000 aut\u00f3nomos. Esta iniciativa tiene como objetivo ayudarles en su digitalizaci\u00f3n y optimizar su presencia en dispositivos m\u00f3viles M\u00e1laga, 10 de junio de 2016.- Facebook, como parte de su programa de apoyo a las pymes espa\u00f1olas dentro de su iniciativa Impulsa tu Negocio y en colaboraci\u00f3n con CEM, ha presentado hoy en la sede de la organizaci\u00f3n empresarial malague\u00f1a una sesi\u00f3n formativa sobre las oportunidades que ofrece la plataforma para la digitalizaci\u00f3n de los negocios. &nbsp; Cada d\u00eda m\u00e1s empresas recurren a Facebook, y por ello, la compa\u00f1\u00eda ofrece un apoyo continuo a las pymes con nuevos programas y herramientas para ayudarles a crecer ypotenciar sus ventas en todo el mundo. A trav\u00e9s de Impulsa tu Negociose realizan diferentes eventos de formaci\u00f3n en Estados Unidos, Asia Pac\u00edfico, Latinoam\u00e9rica, Europa, \u00c1frica y Oriente Medio y Norteam\u00e9rica.M\u00e1s de 50 millones de negocios locales tienen presencia en Facebook a nivel global. En Espa\u00f1a, Facebook ha desarrollado estos programas de formaci\u00f3n en colaboraci\u00f3n con CEPYME desde enero de 2012, en diferentes ciudades, con el objetivo de proporcionar a las empresas las herramientas necesarias para avanzar en sus estrategias de digitalizaci\u00f3n y alcanzar nuevas audiencias en plataformas m\u00f3viles gracias a Facebook. En este sentido, Facebook ha tenido un impacto econ\u00f3mico total de 4.000 millones de d\u00f3lares y 52.000 puestos de trabajo en Espa\u00f1a seg\u00fan un estudio de Deloitte en 2014. En M\u00e1laga existen en torno a 56.000 empresas y 106.000 aut\u00f3nomos. Con este taller de trabajo, Facebook ha ofrecido consejos pr\u00e1cticos optimizar su p\u00e1gina en Facebook, encontrar nuevos clientes, fidelizar a los existentes y dirigir tr\u00e1fico tanto a su sitio web como a su tienda f\u00edsica. Con m\u00e1s de 22 millones de usuarios en Espa\u00f1a y 1.650 millones en todo el mundo, Facebook ofrece un gran potencial que las empresas pueden aprovechar para hacer crecer su negocio y mejorar su ROI (Retorno de la Inversi\u00f3n). Para ello es importante que los empresarios posean un profundo conocimiento de todas las herramientas que Facebook pone a su alcance y este es el principal objetivo de este programa de apoyo a pymes. Seg\u00fan Natalia Basterrechea, Directora de Asuntos P\u00fablicos de Facebook Espa\u00f1a, \u201cEn nuestro pa\u00eds, el 83% de las personas que utilizan Facebook est\u00e1 conectado a una pyme. Por lo tanto, la plataforma es el lugar perfecto para que las empresas, sea cual sea su tama\u00f1o y localizaci\u00f3n, construyan su presencia y mantengan un contacto real y aut\u00e9ntico con sus audiencias.Facebook ha demostrado tener un impacto muy positivo en la econom\u00eda espa\u00f1ola y est\u00e1 ayudando a generar riqueza y empleo. Con encuentros como el de hoy, queremos acercarnos a las pymes y animarlas a que utilicen Facebook para hacer crecer su negocio\u201d. Seg\u00fan Javier Gonz\u00e1lez de Lara y Sarria, Presidente de la Confederaci\u00f3n de Empresarios de M\u00e1laga (CEM) y de Andaluc\u00eda (CEA): \u201cLa tecnolog\u00eda ser\u00e1 el factor disruptivo principal que impulsar\u00e1 la transformaci\u00f3n de nuestras empresas en los pr\u00f3ximos cinco a\u00f1os. Nuestro reto es convertir este avance tecnol\u00f3gico en una fuente real de creaci\u00f3n de competitividad y empleo; siendo conscientes de que esto no significa cambiar el modelo productivo, sino ampliarlo, hacerlo compatible con esta nueva situaci\u00f3n, innovando y gestionando el cambio\u201d. OceanClub Marbella es una de las pymes malague\u00f1as con presencia en Facebook que ha conseguido mejorar su negocio gracias a su actividad en la plataforma. Ana Luc\u00eda Alonso, responsable de M\u00e1rketing, comenta: \u201cUtilizamos Facebook como herramienta informativa y de promoci\u00f3n de nuestras actividades. Somos un club de playa y hemos conseguido posicionarnos como un referente de estilo de vida, lujo y el entretenimiento en la regi\u00f3n gracias a las fotos y v\u00eddeos que publicamos en Facebook. El 40% de las personas que acceden a la secci\u00f3n de reservas en nuestra web, proviene Facebook, lo que impacta positivamente en nuestro negocio\u201d. Para saber m\u00e1s sobre las herramientas que ofrece Facebook a las empresas visita: Facebook para empresas","protected":false},"author":81919965,"featured_media":0,"comment_status":"closed","ping_status":"closed","sticky":false,"template":"","format":"standard","meta":{"_jetpack_memberships_contains_paid_content":false,"footnotes":""},"categories":[1],"tags":[],"class_list":["post-5349","post","type-post","status-publish","format-standard","hentry","category-uncategorized"],"yoast_head":"<!-- This site is optimized with the Yoast SEO plugin v27.2 - https:\/\/yoast.com\/product\/yoast-seo-wordpress\/ -->\n<title>Facebook presenta en M\u00e1laga su programa de apoyo a las pymes | Informaci\u00f3n sobre Meta<\/title>\n<meta name=\"robots\" content=\"index, follow, max-snippet:-1, max-image-preview:large, max-video-preview:-1\" \/>\n<link rel=\"canonical\" href=\"https:\/\/about.fb.com\/es\/news\/2016\/06\/facebook-presenta-en-malaga-su-programa-de-apoyo-a-las-pymes\/\" \/>\n<meta property=\"og:locale\" content=\"es_ES\" \/>\n<meta property=\"og:type\" content=\"article\" \/>\n<meta property=\"og:title\" content=\"Facebook presenta en M\u00e1laga su programa de apoyo a las pymes | Informaci\u00f3n sobre Meta\" \/>\n<meta property=\"og:description\" content=\"Hoy se ha presentado en M\u00e1laga el programa de apoyo a peque\u00f1as y medianas empresas organizado por Facebook en colaboraci\u00f3n con CEM En M\u00e1laga existen en torno a 56.000 empresas y 106.000 aut\u00f3nomos. Esta iniciativa tiene como objetivo ayudarles en su digitalizaci\u00f3n y optimizar su presencia en dispositivos m\u00f3viles M\u00e1laga, 10 de junio de 2016.- Facebook, como parte de su programa de apoyo a las pymes espa\u00f1olas dentro de su iniciativa Impulsa tu Negocio y en colaboraci\u00f3n con CEM, ha presentado hoy en la sede de la organizaci\u00f3n empresarial malague\u00f1a una sesi\u00f3n formativa sobre las oportunidades que ofrece la plataforma para la digitalizaci\u00f3n de los negocios. &nbsp; Cada d\u00eda m\u00e1s empresas recurren a Facebook, y por ello, la compa\u00f1\u00eda ofrece un apoyo continuo a las pymes con nuevos programas y herramientas para ayudarles a crecer ypotenciar sus ventas en todo el mundo. A trav\u00e9s de Impulsa tu Negociose realizan diferentes eventos de formaci\u00f3n en Estados Unidos, Asia Pac\u00edfico, Latinoam\u00e9rica, Europa, \u00c1frica y Oriente Medio y Norteam\u00e9rica.M\u00e1s de 50 millones de negocios locales tienen presencia en Facebook a nivel global. En Espa\u00f1a, Facebook ha desarrollado estos programas de formaci\u00f3n en colaboraci\u00f3n con CEPYME desde enero de 2012, en diferentes ciudades, con el objetivo de proporcionar a las empresas las herramientas necesarias para avanzar en sus estrategias de digitalizaci\u00f3n y alcanzar nuevas audiencias en plataformas m\u00f3viles gracias a Facebook. En este sentido, Facebook ha tenido un impacto econ\u00f3mico total de 4.000 millones de d\u00f3lares y 52.000 puestos de trabajo en Espa\u00f1a seg\u00fan un estudio de Deloitte en 2014. En M\u00e1laga existen en torno a 56.000 empresas y 106.000 aut\u00f3nomos. Con este taller de trabajo, Facebook ha ofrecido consejos pr\u00e1cticos optimizar su p\u00e1gina en Facebook, encontrar nuevos clientes, fidelizar a los existentes y dirigir tr\u00e1fico tanto a su sitio web como a su tienda f\u00edsica. Con m\u00e1s de 22 millones de usuarios en Espa\u00f1a y 1.650 millones en todo el mundo, Facebook ofrece un gran potencial que las empresas pueden aprovechar para hacer crecer su negocio y mejorar su ROI (Retorno de la Inversi\u00f3n). Para ello es importante que los empresarios posean un profundo conocimiento de todas las herramientas que Facebook pone a su alcance y este es el principal objetivo de este programa de apoyo a pymes. Seg\u00fan Natalia Basterrechea, Directora de Asuntos P\u00fablicos de Facebook Espa\u00f1a, \u201cEn nuestro pa\u00eds, el 83% de las personas que utilizan Facebook est\u00e1 conectado a una pyme. Por lo tanto, la plataforma es el lugar perfecto para que las empresas, sea cual sea su tama\u00f1o y localizaci\u00f3n, construyan su presencia y mantengan un contacto real y aut\u00e9ntico con sus audiencias.Facebook ha demostrado tener un impacto muy positivo en la econom\u00eda espa\u00f1ola y est\u00e1 ayudando a generar riqueza y empleo. Con encuentros como el de hoy, queremos acercarnos a las pymes y animarlas a que utilicen Facebook para hacer crecer su negocio\u201d. Seg\u00fan Javier Gonz\u00e1lez de Lara y Sarria, Presidente de la Confederaci\u00f3n de Empresarios de M\u00e1laga (CEM) y de Andaluc\u00eda (CEA): \u201cLa tecnolog\u00eda ser\u00e1 el factor disruptivo principal que impulsar\u00e1 la transformaci\u00f3n de nuestras empresas en los pr\u00f3ximos cinco a\u00f1os. Nuestro reto es convertir este avance tecnol\u00f3gico en una fuente real de creaci\u00f3n de competitividad y empleo; siendo conscientes de que esto no significa cambiar el modelo productivo, sino ampliarlo, hacerlo compatible con esta nueva situaci\u00f3n, innovando y gestionando el cambio\u201d. OceanClub Marbella es una de las pymes malague\u00f1as con presencia en Facebook que ha conseguido mejorar su negocio gracias a su actividad en la plataforma. Ana Luc\u00eda Alonso, responsable de M\u00e1rketing, comenta: \u201cUtilizamos Facebook como herramienta informativa y de promoci\u00f3n de nuestras actividades. Somos un club de playa y hemos conseguido posicionarnos como un referente de estilo de vida, lujo y el entretenimiento en la regi\u00f3n gracias a las fotos y v\u00eddeos que publicamos en Facebook. El 40% de las personas que acceden a la secci\u00f3n de reservas en nuestra web, proviene Facebook, lo que impacta positivamente en nuestro negocio\u201d. Para saber m\u00e1s sobre las herramientas que ofrece Facebook a las empresas visita: Facebook para empresas\" \/>\n<meta property=\"og:url\" content=\"https:\/\/about.fb.com\/es\/news\/2016\/06\/facebook-presenta-en-malaga-su-programa-de-apoyo-a-las-pymes\/\" \/>\n<meta property=\"og:site_name\" content=\"Informaci\u00f3n sobre Meta\" \/>\n<meta property=\"article:published_time\" content=\"2016-06-10T11:13:59+00:00\" \/>\n<meta property=\"article:modified_time\" content=\"2019-11-04T19:20:35+00:00\" \/>\n<meta property=\"og:image\" content=\"https:\/\/about.fb.com\/es\/wp-content\/uploads\/sites\/13\/2016\/06\/facebook-y-cem-1-1.jpg\" \/>\n<meta name=\"author\" content=\"text100madrid\" \/>\n<meta name=\"twitter:card\" content=\"summary_large_image\" \/>\n<meta name=\"twitter:label1\" content=\"Written by\" \/>\n\t<meta name=\"twitter:data1\" content=\"Meta\" \/>\n\t<meta name=\"twitter:label2\" content=\"Est. reading time\" \/>\n\t<meta name=\"twitter:data2\" content=\"4 minutos\" \/>\n<script type=\"application\/ld+json\" class=\"yoast-schema-graph\">{\"@context\":\"https:\/\/schema.org\",\"@graph\":[{\"@type\":\"Article\",\"@id\":\"https:\/\/about.fb.com\/es\/news\/2016\/06\/facebook-presenta-en-malaga-su-programa-de-apoyo-a-las-pymes\/#article\",\"isPartOf\":{\"@id\":\"https:\/\/about.fb.com\/es\/news\/2016\/06\/facebook-presenta-en-malaga-su-programa-de-apoyo-a-las-pymes\/\"},\"author\":\"Facebook company\",\"headline\":\"Facebook presenta en M\u00e1laga su programa de apoyo a las pymes\",\"datePublished\":\"2016-06-10T11:13:59+00:00\",\"dateModified\":\"2019-11-04T19:20:35+00:00\",\"mainEntityOfPage\":{\"@id\":\"https:\/\/about.fb.com\/es\/news\/2016\/06\/facebook-presenta-en-malaga-su-programa-de-apoyo-a-las-pymes\/\"},\"wordCount\":741,\"publisher\":{\"@id\":\"https:\/\/about.fb.com\/es\/#organization\"},\"image\":{\"@id\":\"https:\/\/about.fb.com\/es\/news\/2016\/06\/facebook-presenta-en-malaga-su-programa-de-apoyo-a-las-pymes\/#primaryimage\"},\"thumbnailUrl\":\"https:\/\/about.fb.com\/es\/wp-content\/uploads\/sites\/13\/2016\/06\/facebook-y-cem-1-1.jpg\",\"articleSection\":[\"Uncategorized\"],\"inLanguage\":\"es\"},{\"@type\":\"WebPage\",\"@id\":\"https:\/\/about.fb.com\/es\/news\/2016\/06\/facebook-presenta-en-malaga-su-programa-de-apoyo-a-las-pymes\/\",\"url\":\"https:\/\/about.fb.com\/es\/news\/2016\/06\/facebook-presenta-en-malaga-su-programa-de-apoyo-a-las-pymes\/\",\"name\":\"Facebook presenta en M\u00e1laga su programa de apoyo a las pymes | Informaci\u00f3n sobre Meta\",\"isPartOf\":{\"@id\":\"https:\/\/about.fb.com\/es\/#website\"},\"primaryImageOfPage\":{\"@id\":\"https:\/\/about.fb.com\/es\/news\/2016\/06\/facebook-presenta-en-malaga-su-programa-de-apoyo-a-las-pymes\/#primaryimage\"},\"image\":{\"@id\":\"https:\/\/about.fb.com\/es\/news\/2016\/06\/facebook-presenta-en-malaga-su-programa-de-apoyo-a-las-pymes\/#primaryimage\"},\"thumbnailUrl\":\"https:\/\/about.fb.com\/es\/wp-content\/uploads\/sites\/13\/2016\/06\/facebook-y-cem-1-1.jpg\",\"datePublished\":\"2016-06-10T11:13:59+00:00\",\"dateModified\":\"2019-11-04T19:20:35+00:00\",\"breadcrumb\":{\"@id\":\"https:\/\/about.fb.com\/es\/news\/2016\/06\/facebook-presenta-en-malaga-su-programa-de-apoyo-a-las-pymes\/#breadcrumb\"},\"inLanguage\":\"es\",\"potentialAction\":[{\"@type\":\"ReadAction\",\"target\":[\"https:\/\/about.fb.com\/es\/news\/2016\/06\/facebook-presenta-en-malaga-su-programa-de-apoyo-a-las-pymes\/\"]}],\"author\":\"Informaci\u00f3n sobre Meta\"},{\"@type\":\"ImageObject\",\"inLanguage\":\"es\",\"@id\":\"https:\/\/about.fb.com\/es\/news\/2016\/06\/facebook-presenta-en-malaga-su-programa-de-apoyo-a-las-pymes\/#primaryimage\",\"url\":\"https:\/\/about.fb.com\/es\/wp-content\/uploads\/sites\/13\/2016\/06\/facebook-y-cem-1-1.jpg?fit=960%2C640\",\"contentUrl\":\"https:\/\/about.fb.com\/es\/wp-content\/uploads\/sites\/13\/2016\/06\/facebook-y-cem-1-1.jpg?fit=960%2C640\",\"width\":960,\"height\":640},{\"@type\":\"BreadcrumbList\",\"@id\":\"https:\/\/about.fb.com\/es\/news\/2016\/06\/facebook-presenta-en-malaga-su-programa-de-apoyo-a-las-pymes\/#breadcrumb\",\"itemListElement\":[{\"@type\":\"ListItem\",\"position\":1,\"name\":\"Home\",\"item\":\"https:\/\/about.fb.com\/es\/\"},{\"@type\":\"ListItem\",\"position\":2,\"name\":\"Facebook presenta en M\u00e1laga su programa de apoyo a las pymes\"}]},{\"@type\":\"WebSite\",\"@id\":\"https:\/\/about.fb.com\/es\/#website\",\"url\":\"https:\/\/about.fb.com\/news\/\",\"name\":\"Informaci\u00f3n sobre Meta\",\"description\":\"\",\"publisher\":{\"@id\":\"https:\/\/about.fb.com\/es\/#organization\"},\"potentialAction\":[{\"@type\":\"SearchAction\",\"target\":{\"@type\":\"EntryPoint\",\"urlTemplate\":\"https:\/\/about.fb.com\/es\/?s={search_term_string}\"},\"query-input\":{\"@type\":\"PropertyValueSpecification\",\"valueRequired\":true,\"valueName\":\"search_term_string\"}}],\"inLanguage\":\"es\",\"alternateName\":[\"Meta Newsroom\",\"Meta\"]},{\"@type\":\"Organization\",\"@id\":\"https:\/\/about.fb.com\/es\/#organization\",\"name\":\"Meta\",\"url\":\"https:\/\/about.fb.com\/es\/\",\"logo\":{\"@type\":\"ImageObject\",\"inLanguage\":\"es\",\"@id\":\"https:\/\/about.fb.com\/es\/#\/schema\/logo\/image\/\",\"url\":\"https:\/\/about.fb.com\/es\/wp-content\/uploads\/sites\/13\/2021\/10\/meta-social-16x9-1.jpg?fit=8000%2C4500\",\"contentUrl\":\"https:\/\/about.fb.com\/es\/wp-content\/uploads\/sites\/13\/2021\/10\/meta-social-16x9-1.jpg?fit=8000%2C4500\",\"width\":8000,\"height\":4500,\"caption\":\"Meta\"},\"image\":{\"@id\":\"https:\/\/about.fb.com\/es\/#\/schema\/logo\/image\/\"}}]}<\/script>\n<!-- \/ Yoast SEO plugin. -->","yoast_head_json":{"title":"Facebook presenta en M\u00e1laga su programa de apoyo a las pymes | Informaci\u00f3n sobre Meta","robots":{"index":"index","follow":"follow","max-snippet":"max-snippet:-1","max-image-preview":"max-image-preview:large","max-video-preview":"max-video-preview:-1"},"canonical":"https:\/\/about.fb.com\/es\/news\/2016\/06\/facebook-presenta-en-malaga-su-programa-de-apoyo-a-las-pymes\/","og_locale":"es_ES","og_type":"article","og_title":"Facebook presenta en M\u00e1laga su programa de apoyo a las pymes | Informaci\u00f3n sobre Meta","og_description":"Hoy se ha presentado en M\u00e1laga el programa de apoyo a peque\u00f1as y medianas empresas organizado por Facebook en colaboraci\u00f3n con CEM En M\u00e1laga existen en torno a 56.000 empresas y 106.000 aut\u00f3nomos. Esta iniciativa tiene como objetivo ayudarles en su digitalizaci\u00f3n y optimizar su presencia en dispositivos m\u00f3viles M\u00e1laga, 10 de junio de 2016.- Facebook, como parte de su programa de apoyo a las pymes espa\u00f1olas dentro de su iniciativa Impulsa tu Negocio y en colaboraci\u00f3n con CEM, ha presentado hoy en la sede de la organizaci\u00f3n empresarial malague\u00f1a una sesi\u00f3n formativa sobre las oportunidades que ofrece la plataforma para la digitalizaci\u00f3n de los negocios. &nbsp; Cada d\u00eda m\u00e1s empresas recurren a Facebook, y por ello, la compa\u00f1\u00eda ofrece un apoyo continuo a las pymes con nuevos programas y herramientas para ayudarles a crecer ypotenciar sus ventas en todo el mundo. A trav\u00e9s de Impulsa tu Negociose realizan diferentes eventos de formaci\u00f3n en Estados Unidos, Asia Pac\u00edfico, Latinoam\u00e9rica, Europa, \u00c1frica y Oriente Medio y Norteam\u00e9rica.M\u00e1s de 50 millones de negocios locales tienen presencia en Facebook a nivel global. En Espa\u00f1a, Facebook ha desarrollado estos programas de formaci\u00f3n en colaboraci\u00f3n con CEPYME desde enero de 2012, en diferentes ciudades, con el objetivo de proporcionar a las empresas las herramientas necesarias para avanzar en sus estrategias de digitalizaci\u00f3n y alcanzar nuevas audiencias en plataformas m\u00f3viles gracias a Facebook. En este sentido, Facebook ha tenido un impacto econ\u00f3mico total de 4.000 millones de d\u00f3lares y 52.000 puestos de trabajo en Espa\u00f1a seg\u00fan un estudio de Deloitte en 2014. En M\u00e1laga existen en torno a 56.000 empresas y 106.000 aut\u00f3nomos. Con este taller de trabajo, Facebook ha ofrecido consejos pr\u00e1cticos optimizar su p\u00e1gina en Facebook, encontrar nuevos clientes, fidelizar a los existentes y dirigir tr\u00e1fico tanto a su sitio web como a su tienda f\u00edsica. Con m\u00e1s de 22 millones de usuarios en Espa\u00f1a y 1.650 millones en todo el mundo, Facebook ofrece un gran potencial que las empresas pueden aprovechar para hacer crecer su negocio y mejorar su ROI (Retorno de la Inversi\u00f3n). Para ello es importante que los empresarios posean un profundo conocimiento de todas las herramientas que Facebook pone a su alcance y este es el principal objetivo de este programa de apoyo a pymes. Seg\u00fan Natalia Basterrechea, Directora de Asuntos P\u00fablicos de Facebook Espa\u00f1a, \u201cEn nuestro pa\u00eds, el 83% de las personas que utilizan Facebook est\u00e1 conectado a una pyme. Por lo tanto, la plataforma es el lugar perfecto para que las empresas, sea cual sea su tama\u00f1o y localizaci\u00f3n, construyan su presencia y mantengan un contacto real y aut\u00e9ntico con sus audiencias.Facebook ha demostrado tener un impacto muy positivo en la econom\u00eda espa\u00f1ola y est\u00e1 ayudando a generar riqueza y empleo. Con encuentros como el de hoy, queremos acercarnos a las pymes y animarlas a que utilicen Facebook para hacer crecer su negocio\u201d. Seg\u00fan Javier Gonz\u00e1lez de Lara y Sarria, Presidente de la Confederaci\u00f3n de Empresarios de M\u00e1laga (CEM) y de Andaluc\u00eda (CEA): \u201cLa tecnolog\u00eda ser\u00e1 el factor disruptivo principal que impulsar\u00e1 la transformaci\u00f3n de nuestras empresas en los pr\u00f3ximos cinco a\u00f1os. Nuestro reto es convertir este avance tecnol\u00f3gico en una fuente real de creaci\u00f3n de competitividad y empleo; siendo conscientes de que esto no significa cambiar el modelo productivo, sino ampliarlo, hacerlo compatible con esta nueva situaci\u00f3n, innovando y gestionando el cambio\u201d. OceanClub Marbella es una de las pymes malague\u00f1as con presencia en Facebook que ha conseguido mejorar su negocio gracias a su actividad en la plataforma. Ana Luc\u00eda Alonso, responsable de M\u00e1rketing, comenta: \u201cUtilizamos Facebook como herramienta informativa y de promoci\u00f3n de nuestras actividades. Somos un club de playa y hemos conseguido posicionarnos como un referente de estilo de vida, lujo y el entretenimiento en la regi\u00f3n gracias a las fotos y v\u00eddeos que publicamos en Facebook. El 40% de las personas que acceden a la secci\u00f3n de reservas en nuestra web, proviene Facebook, lo que impacta positivamente en nuestro negocio\u201d. Para saber m\u00e1s sobre las herramientas que ofrece Facebook a las empresas visita: Facebook para empresas","og_url":"https:\/\/about.fb.com\/es\/news\/2016\/06\/facebook-presenta-en-malaga-su-programa-de-apoyo-a-las-pymes\/","og_site_name":"Informaci\u00f3n sobre Meta","article_published_time":"2016-06-10T11:13:59+00:00","article_modified_time":"2019-11-04T19:20:35+00:00","og_image":[{"url":"https:\/\/about.fb.com\/es\/wp-content\/uploads\/sites\/13\/2016\/06\/facebook-y-cem-1-1.jpg","type":"","width":"","height":""}],"author":"text100madrid","twitter_card":"summary_large_image","twitter_misc":{"Written by":"Meta","Est. reading time":"4 minutos"},"schema":{"@context":"https:\/\/schema.org","@graph":[{"@type":"Article","@id":"https:\/\/about.fb.com\/es\/news\/2016\/06\/facebook-presenta-en-malaga-su-programa-de-apoyo-a-las-pymes\/#article","isPartOf":{"@id":"https:\/\/about.fb.com\/es\/news\/2016\/06\/facebook-presenta-en-malaga-su-programa-de-apoyo-a-las-pymes\/"},"author":"Facebook company","headline":"Facebook presenta en M\u00e1laga su programa de apoyo a las pymes","datePublished":"2016-06-10T11:13:59+00:00","dateModified":"2019-11-04T19:20:35+00:00","mainEntityOfPage":{"@id":"https:\/\/about.fb.com\/es\/news\/2016\/06\/facebook-presenta-en-malaga-su-programa-de-apoyo-a-las-pymes\/"},"wordCount":741,"publisher":{"@id":"https:\/\/about.fb.com\/es\/#organization"},"image":{"@id":"https:\/\/about.fb.com\/es\/news\/2016\/06\/facebook-presenta-en-malaga-su-programa-de-apoyo-a-las-pymes\/#primaryimage"},"thumbnailUrl":"https:\/\/about.fb.com\/es\/wp-content\/uploads\/sites\/13\/2016\/06\/facebook-y-cem-1-1.jpg","articleSection":["Uncategorized"],"inLanguage":"es"},{"@type":"WebPage","@id":"https:\/\/about.fb.com\/es\/news\/2016\/06\/facebook-presenta-en-malaga-su-programa-de-apoyo-a-las-pymes\/","url":"https:\/\/about.fb.com\/es\/news\/2016\/06\/facebook-presenta-en-malaga-su-programa-de-apoyo-a-las-pymes\/","name":"Facebook presenta en M\u00e1laga su programa de apoyo a las pymes | Informaci\u00f3n sobre Meta","isPartOf":{"@id":"https:\/\/about.fb.com\/es\/#website"},"primaryImageOfPage":{"@id":"https:\/\/about.fb.com\/es\/news\/2016\/06\/facebook-presenta-en-malaga-su-programa-de-apoyo-a-las-pymes\/#primaryimage"},"image":{"@id":"https:\/\/about.fb.com\/es\/news\/2016\/06\/facebook-presenta-en-malaga-su-programa-de-apoyo-a-las-pymes\/#primaryimage"},"thumbnailUrl":"https:\/\/about.fb.com\/es\/wp-content\/uploads\/sites\/13\/2016\/06\/facebook-y-cem-1-1.jpg","datePublished":"2016-06-10T11:13:59+00:00","dateModified":"2019-11-04T19:20:35+00:00","breadcrumb":{"@id":"https:\/\/about.fb.com\/es\/news\/2016\/06\/facebook-presenta-en-malaga-su-programa-de-apoyo-a-las-pymes\/#breadcrumb"},"inLanguage":"es","potentialAction":[{"@type":"ReadAction","target":["https:\/\/about.fb.com\/es\/news\/2016\/06\/facebook-presenta-en-malaga-su-programa-de-apoyo-a-las-pymes\/"]}],"author":"Informaci\u00f3n sobre Meta"},{"@type":"ImageObject","inLanguage":"es","@id":"https:\/\/about.fb.com\/es\/news\/2016\/06\/facebook-presenta-en-malaga-su-programa-de-apoyo-a-las-pymes\/#primaryimage","url":"https:\/\/about.fb.com\/es\/wp-content\/uploads\/sites\/13\/2016\/06\/facebook-y-cem-1-1.jpg?fit=960%2C640","contentUrl":"https:\/\/about.fb.com\/es\/wp-content\/uploads\/sites\/13\/2016\/06\/facebook-y-cem-1-1.jpg?fit=960%2C640","width":960,"height":640},{"@type":"BreadcrumbList","@id":"https:\/\/about.fb.com\/es\/news\/2016\/06\/facebook-presenta-en-malaga-su-programa-de-apoyo-a-las-pymes\/#breadcrumb","itemListElement":[{"@type":"ListItem","position":1,"name":"Home","item":"https:\/\/about.fb.com\/es\/"},{"@type":"ListItem","position":2,"name":"Facebook presenta en M\u00e1laga su programa de apoyo a las pymes"}]},{"@type":"WebSite","@id":"https:\/\/about.fb.com\/es\/#website","url":"https:\/\/about.fb.com\/news\/","name":"Informaci\u00f3n sobre Meta","description":"","publisher":{"@id":"https:\/\/about.fb.com\/es\/#organization"},"potentialAction":[{"@type":"SearchAction","target":{"@type":"EntryPoint","urlTemplate":"https:\/\/about.fb.com\/es\/?s={search_term_string}"},"query-input":{"@type":"PropertyValueSpecification","valueRequired":true,"valueName":"search_term_string"}}],"inLanguage":"es","alternateName":["Meta Newsroom","Meta"]},{"@type":"Organization","@id":"https:\/\/about.fb.com\/es\/#organization","name":"Meta","url":"https:\/\/about.fb.com\/es\/","logo":{"@type":"ImageObject","inLanguage":"es","@id":"https:\/\/about.fb.com\/es\/#\/schema\/logo\/image\/","url":"https:\/\/about.fb.com\/es\/wp-content\/uploads\/sites\/13\/2021\/10\/meta-social-16x9-1.jpg?fit=8000%2C4500","contentUrl":"https:\/\/about.fb.com\/es\/wp-content\/uploads\/sites\/13\/2021\/10\/meta-social-16x9-1.jpg?fit=8000%2C4500","width":8000,"height":4500,"caption":"Meta"},"image":{"@id":"https:\/\/about.fb.com\/es\/#\/schema\/logo\/image\/"}}]}},"jetpack_featured_media_url":"","jetpack-related-posts":[],"jetpack_sharing_enabled":true,"amp_enabled":true,"_links":{"self":[{"href":"https:\/\/about.fb.com\/es\/wp-json\/wp\/v2\/posts\/5349","targetHints":{"allow":["GET"]}}],"collection":[{"href":"https:\/\/about.fb.com\/es\/wp-json\/wp\/v2\/posts"}],"about":[{"href":"https:\/\/about.fb.com\/es\/wp-json\/wp\/v2\/types\/post"}],"author":[{"embeddable":true,"href":"https:\/\/about.fb.com\/es\/wp-json\/wp\/v2\/users\/81919965"}],"replies":[{"embeddable":true,"href":"https:\/\/about.fb.com\/es\/wp-json\/wp\/v2\/comments?post=5349"}],"version-history":[{"count":4,"href":"https:\/\/about.fb.com\/es\/wp-json\/wp\/v2\/posts\/5349\/revisions"}],"predecessor-version":[{"id":17430,"href":"https:\/\/about.fb.com\/es\/wp-json\/wp\/v2\/posts\/5349\/revisions\/17430"}],"wp:attachment":[{"href":"https:\/\/about.fb.com\/es\/wp-json\/wp\/v2\/media?parent=5349"}],"wp:term":[{"taxonomy":"category","embeddable":true,"href":"https:\/\/about.fb.com\/es\/wp-json\/wp\/v2\/categories?post=5349"},{"taxonomy":"post_tag","embeddable":true,"href":"https:\/\/about.fb.com\/es\/wp-json\/wp\/v2\/tags?post=5349"}],"curies":[{"name":"wp","href":"https:\/\/api.w.org\/{rel}","templated":true}]}}