{"id":5262,"date":"2016-02-12T10:27:09","date_gmt":"2016-02-12T10:27:09","guid":{"rendered":"http:\/\/es.newsroom.fb.com\/?p=5262"},"modified":"2020-02-26T21:46:27","modified_gmt":"2020-02-26T21:46:27","slug":"como-se-celebra-san-valentin-en-facebook-e-instagram","status":"publish","type":"post","link":"https:\/\/about.fb.com\/es\/news\/2016\/02\/como-se-celebra-san-valentin-en-facebook-e-instagram\/","title":{"rendered":"\u00bfC\u00f3mo se celebra San Valent\u00edn en Facebook e Instagram?"},"content":{"rendered":"<p>El 14 de Febrero es una fecha que todo el mundo comenta con sus amigos y familiares en Facebook. Adem\u00e1s de felicitar a sus parejas o mostrar im\u00e1genes de los planes y regalos que se hacen (un 30% de las publicaciones), las personas tambi\u00e9n utilizan la plataforma para mostrar su descontento con esta fecha (14%). Curiosamente, son los j\u00f3venes de 18 a 34 a\u00f1os los m\u00e1s cr\u00edticos con San Valent\u00edn, si bien los adultos de m\u00e1s 45 a\u00f1os son los que publican m\u00e1s mensajes de cari\u00f1o a sus parejas.<\/p>\n<p><img data-recalc-dims=\"1\" loading=\"lazy\" decoding=\"async\" class=\"aligncenter size-large wp-image-5263\" src=\"https:\/\/about.fb.com\/es\/wp-content\/uploads\/sites\/13\/2016\/02\/infografia-facebook-1.jpg?resize=248%2C1024\" alt=\"Infografia Facebook\" width=\"248\" height=\"1024\" \/><\/p>\n<p>&nbsp;<\/p>\n<p>De acuerdo con los datos de Facebook en febrero de 2015, cada a\u00f1o se multiplica por seis el volumen de conversaciones sobre San Valent\u00edn. El 65% de las publicaciones son realizadas por las mujeres y un 79% de los contenidos son creados desde el m\u00f3vil. S\u00f3lo un 24% de las conversaciones se registran el 14 de febrero, por lo que es un tema muy comentado antes y despu\u00e9s de esa fecha.<\/p>\n<p>21 millones de personas utilizan Facebook en Espa\u00f1a y la gran mayor\u00eda de ellas tiene pareja. Un 40% de los espa\u00f1oles publica en Facebook que est\u00e1 casado, un 25% confiesa tener una relaci\u00f3n y s\u00f3lo un 5% publica que est\u00e1 comprometido. Los solteros en Facebook suponen un 30% del total de espa\u00f1oles que utiliza la plataforma.<\/p>\n<p>Por \u00faltimo, Instagram tambi\u00e9n es un lugar donde prolifera el amor durante esta \u00e9poca. Los cinco hashtags m\u00e1s usados en nuestro pa\u00eds seg\u00fan las conversaciones en febrero de 2015 son\u00a0<a href=\"https:\/\/www.instagram.com\/explore\/tags\/love\/\">#love<\/a>,\u00a0<a href=\"https:\/\/www.instagram.com\/explore\/tags\/sanvalentin\/\">#sanvalentin<\/a>,\u00a0<a href=\"https:\/\/www.instagram.com\/explore\/tags\/cute\/\">#cute<\/a>,\u00a0<a href=\"https:\/\/www.instagram.com\/explore\/tags\/happy\/\">#happy<\/a>\u00a0y\u00a0<a href=\"https:\/\/www.instagram.com\/explore\/tags\/beautiful\/\">#beautiful<\/a>.<\/p>\n","protected":false},"excerpt":{"rendered":"El 14 de Febrero es una fecha que todo el mundo comenta con sus amigos y familiares en Facebook. Adem\u00e1s de felicitar a sus parejas o mostrar im\u00e1genes de los planes y regalos que se hacen (un 30% de las publicaciones), las personas tambi\u00e9n utilizan la plataforma para mostrar su descontento con esta fecha (14%). Curiosamente, son los j\u00f3venes de 18 a 34 a\u00f1os los m\u00e1s cr\u00edticos con San Valent\u00edn, si bien los adultos de m\u00e1s 45 a\u00f1os son los que publican m\u00e1s mensajes de cari\u00f1o a sus parejas. &nbsp; De acuerdo con los datos de Facebook en febrero de 2015, cada a\u00f1o se multiplica por seis el volumen de conversaciones sobre San Valent\u00edn. El 65% de las publicaciones son realizadas por las mujeres y un 79% de los contenidos son creados desde el m\u00f3vil. S\u00f3lo un 24% de las conversaciones se registran el 14 de febrero, por lo que es un tema muy comentado antes y despu\u00e9s de esa fecha. 21 millones de personas utilizan Facebook en Espa\u00f1a y la gran mayor\u00eda de ellas tiene pareja. Un 40% de los espa\u00f1oles publica en Facebook que est\u00e1 casado, un 25% confiesa tener una relaci\u00f3n y s\u00f3lo un 5% publica que est\u00e1 comprometido. Los solteros en Facebook suponen un 30% del total de espa\u00f1oles que utiliza la plataforma. Por \u00faltimo, Instagram tambi\u00e9n es un lugar donde prolifera el amor durante esta \u00e9poca. Los cinco hashtags m\u00e1s usados en nuestro pa\u00eds seg\u00fan las conversaciones en febrero de 2015 son\u00a0#love,\u00a0#sanvalentin,\u00a0#cute,\u00a0#happy\u00a0y\u00a0#beautiful.","protected":false},"author":81919965,"featured_media":0,"comment_status":"closed","ping_status":"closed","sticky":false,"template":"","format":"standard","meta":{"_jetpack_memberships_contains_paid_content":false,"footnotes":""},"categories":[243901422,1],"tags":[],"class_list":["post-5262","post","type-post","status-publish","format-standard","hentry","category-instagram","category-uncategorized"],"yoast_head":"<!-- This site is optimized with the Yoast SEO plugin v27.2 - https:\/\/yoast.com\/product\/yoast-seo-wordpress\/ -->\n<title>\u00bfC\u00f3mo se celebra San Valent\u00edn en Facebook e Instagram? | Informaci\u00f3n sobre Meta<\/title>\n<meta name=\"robots\" content=\"index, follow, max-snippet:-1, max-image-preview:large, max-video-preview:-1\" \/>\n<link rel=\"canonical\" href=\"https:\/\/about.fb.com\/es\/news\/2016\/02\/como-se-celebra-san-valentin-en-facebook-e-instagram\/\" \/>\n<meta property=\"og:locale\" content=\"es_ES\" \/>\n<meta property=\"og:type\" content=\"article\" \/>\n<meta property=\"og:title\" content=\"\u00bfC\u00f3mo se celebra San Valent\u00edn en Facebook e Instagram? | Informaci\u00f3n sobre Meta\" \/>\n<meta property=\"og:description\" content=\"El 14 de Febrero es una fecha que todo el mundo comenta con sus amigos y familiares en Facebook. Adem\u00e1s de felicitar a sus parejas o mostrar im\u00e1genes de los planes y regalos que se hacen (un 30% de las publicaciones), las personas tambi\u00e9n utilizan la plataforma para mostrar su descontento con esta fecha (14%). Curiosamente, son los j\u00f3venes de 18 a 34 a\u00f1os los m\u00e1s cr\u00edticos con San Valent\u00edn, si bien los adultos de m\u00e1s 45 a\u00f1os son los que publican m\u00e1s mensajes de cari\u00f1o a sus parejas. &nbsp; De acuerdo con los datos de Facebook en febrero de 2015, cada a\u00f1o se multiplica por seis el volumen de conversaciones sobre San Valent\u00edn. El 65% de las publicaciones son realizadas por las mujeres y un 79% de los contenidos son creados desde el m\u00f3vil. S\u00f3lo un 24% de las conversaciones se registran el 14 de febrero, por lo que es un tema muy comentado antes y despu\u00e9s de esa fecha. 21 millones de personas utilizan Facebook en Espa\u00f1a y la gran mayor\u00eda de ellas tiene pareja. Un 40% de los espa\u00f1oles publica en Facebook que est\u00e1 casado, un 25% confiesa tener una relaci\u00f3n y s\u00f3lo un 5% publica que est\u00e1 comprometido. Los solteros en Facebook suponen un 30% del total de espa\u00f1oles que utiliza la plataforma. Por \u00faltimo, Instagram tambi\u00e9n es un lugar donde prolifera el amor durante esta \u00e9poca. Los cinco hashtags m\u00e1s usados en nuestro pa\u00eds seg\u00fan las conversaciones en febrero de 2015 son\u00a0#love,\u00a0#sanvalentin,\u00a0#cute,\u00a0#happy\u00a0y\u00a0#beautiful.\" \/>\n<meta property=\"og:url\" content=\"https:\/\/about.fb.com\/es\/news\/2016\/02\/como-se-celebra-san-valentin-en-facebook-e-instagram\/\" \/>\n<meta property=\"og:site_name\" content=\"Informaci\u00f3n sobre Meta\" \/>\n<meta property=\"article:published_time\" content=\"2016-02-12T10:27:09+00:00\" \/>\n<meta property=\"article:modified_time\" content=\"2020-02-26T21:46:27+00:00\" \/>\n<meta property=\"og:image\" content=\"https:\/\/about.fb.com\/es\/wp-content\/uploads\/sites\/13\/2016\/02\/infografia-facebook-1.jpg\" \/>\n<meta name=\"author\" content=\"text100madrid\" \/>\n<meta name=\"twitter:card\" content=\"summary_large_image\" \/>\n<meta name=\"twitter:label1\" content=\"Written by\" \/>\n\t<meta name=\"twitter:data1\" content=\"Meta\" \/>\n\t<meta name=\"twitter:label2\" content=\"Est. reading time\" \/>\n\t<meta name=\"twitter:data2\" content=\"1 minuto\" \/>\n<script type=\"application\/ld+json\" class=\"yoast-schema-graph\">{\"@context\":\"https:\/\/schema.org\",\"@graph\":[{\"@type\":\"Article\",\"@id\":\"https:\/\/about.fb.com\/es\/news\/2016\/02\/como-se-celebra-san-valentin-en-facebook-e-instagram\/#article\",\"isPartOf\":{\"@id\":\"https:\/\/about.fb.com\/es\/news\/2016\/02\/como-se-celebra-san-valentin-en-facebook-e-instagram\/\"},\"author\":\"Facebook company\",\"headline\":\"\u00bfC\u00f3mo se celebra San Valent\u00edn en Facebook e Instagram?\",\"datePublished\":\"2016-02-12T10:27:09+00:00\",\"dateModified\":\"2020-02-26T21:46:27+00:00\",\"mainEntityOfPage\":{\"@id\":\"https:\/\/about.fb.com\/es\/news\/2016\/02\/como-se-celebra-san-valentin-en-facebook-e-instagram\/\"},\"wordCount\":274,\"publisher\":{\"@id\":\"https:\/\/about.fb.com\/es\/#organization\"},\"image\":{\"@id\":\"https:\/\/about.fb.com\/es\/news\/2016\/02\/como-se-celebra-san-valentin-en-facebook-e-instagram\/#primaryimage\"},\"thumbnailUrl\":\"https:\/\/about.fb.com\/es\/wp-content\/uploads\/sites\/13\/2016\/02\/infografia-facebook-1.jpg\",\"articleSection\":[\"Instagram\",\"Uncategorized\"],\"inLanguage\":\"es\"},{\"@type\":\"WebPage\",\"@id\":\"https:\/\/about.fb.com\/es\/news\/2016\/02\/como-se-celebra-san-valentin-en-facebook-e-instagram\/\",\"url\":\"https:\/\/about.fb.com\/es\/news\/2016\/02\/como-se-celebra-san-valentin-en-facebook-e-instagram\/\",\"name\":\"\u00bfC\u00f3mo se celebra San Valent\u00edn en Facebook e Instagram? | Informaci\u00f3n sobre Meta\",\"isPartOf\":{\"@id\":\"https:\/\/about.fb.com\/es\/#website\"},\"primaryImageOfPage\":{\"@id\":\"https:\/\/about.fb.com\/es\/news\/2016\/02\/como-se-celebra-san-valentin-en-facebook-e-instagram\/#primaryimage\"},\"image\":{\"@id\":\"https:\/\/about.fb.com\/es\/news\/2016\/02\/como-se-celebra-san-valentin-en-facebook-e-instagram\/#primaryimage\"},\"thumbnailUrl\":\"https:\/\/about.fb.com\/es\/wp-content\/uploads\/sites\/13\/2016\/02\/infografia-facebook-1.jpg\",\"datePublished\":\"2016-02-12T10:27:09+00:00\",\"dateModified\":\"2020-02-26T21:46:27+00:00\",\"breadcrumb\":{\"@id\":\"https:\/\/about.fb.com\/es\/news\/2016\/02\/como-se-celebra-san-valentin-en-facebook-e-instagram\/#breadcrumb\"},\"inLanguage\":\"es\",\"potentialAction\":[{\"@type\":\"ReadAction\",\"target\":[\"https:\/\/about.fb.com\/es\/news\/2016\/02\/como-se-celebra-san-valentin-en-facebook-e-instagram\/\"]}],\"author\":\"Informaci\u00f3n sobre Meta\"},{\"@type\":\"ImageObject\",\"inLanguage\":\"es\",\"@id\":\"https:\/\/about.fb.com\/es\/news\/2016\/02\/como-se-celebra-san-valentin-en-facebook-e-instagram\/#primaryimage\",\"url\":\"https:\/\/about.fb.com\/es\/wp-content\/uploads\/sites\/13\/2016\/02\/infografia-facebook-1.jpg?fit=248%2C1024\",\"contentUrl\":\"https:\/\/about.fb.com\/es\/wp-content\/uploads\/sites\/13\/2016\/02\/infografia-facebook-1.jpg?fit=248%2C1024\",\"width\":248,\"height\":1024},{\"@type\":\"BreadcrumbList\",\"@id\":\"https:\/\/about.fb.com\/es\/news\/2016\/02\/como-se-celebra-san-valentin-en-facebook-e-instagram\/#breadcrumb\",\"itemListElement\":[{\"@type\":\"ListItem\",\"position\":1,\"name\":\"Home\",\"item\":\"https:\/\/about.fb.com\/es\/\"},{\"@type\":\"ListItem\",\"position\":2,\"name\":\"\u00bfC\u00f3mo se celebra San Valent\u00edn en Facebook e Instagram?\"}]},{\"@type\":\"WebSite\",\"@id\":\"https:\/\/about.fb.com\/es\/#website\",\"url\":\"https:\/\/about.fb.com\/news\/\",\"name\":\"Informaci\u00f3n sobre Meta\",\"description\":\"\",\"publisher\":{\"@id\":\"https:\/\/about.fb.com\/es\/#organization\"},\"potentialAction\":[{\"@type\":\"SearchAction\",\"target\":{\"@type\":\"EntryPoint\",\"urlTemplate\":\"https:\/\/about.fb.com\/es\/?s={search_term_string}\"},\"query-input\":{\"@type\":\"PropertyValueSpecification\",\"valueRequired\":true,\"valueName\":\"search_term_string\"}}],\"inLanguage\":\"es\",\"alternateName\":[\"Meta Newsroom\",\"Meta\"]},{\"@type\":\"Organization\",\"@id\":\"https:\/\/about.fb.com\/es\/#organization\",\"name\":\"Meta\",\"url\":\"https:\/\/about.fb.com\/es\/\",\"logo\":{\"@type\":\"ImageObject\",\"inLanguage\":\"es\",\"@id\":\"https:\/\/about.fb.com\/es\/#\/schema\/logo\/image\/\",\"url\":\"https:\/\/about.fb.com\/es\/wp-content\/uploads\/sites\/13\/2021\/10\/meta-social-16x9-1.jpg?fit=8000%2C4500\",\"contentUrl\":\"https:\/\/about.fb.com\/es\/wp-content\/uploads\/sites\/13\/2021\/10\/meta-social-16x9-1.jpg?fit=8000%2C4500\",\"width\":8000,\"height\":4500,\"caption\":\"Meta\"},\"image\":{\"@id\":\"https:\/\/about.fb.com\/es\/#\/schema\/logo\/image\/\"}}]}<\/script>\n<!-- \/ Yoast SEO plugin. -->","yoast_head_json":{"title":"\u00bfC\u00f3mo se celebra San Valent\u00edn en Facebook e Instagram? | Informaci\u00f3n sobre Meta","robots":{"index":"index","follow":"follow","max-snippet":"max-snippet:-1","max-image-preview":"max-image-preview:large","max-video-preview":"max-video-preview:-1"},"canonical":"https:\/\/about.fb.com\/es\/news\/2016\/02\/como-se-celebra-san-valentin-en-facebook-e-instagram\/","og_locale":"es_ES","og_type":"article","og_title":"\u00bfC\u00f3mo se celebra San Valent\u00edn en Facebook e Instagram? | Informaci\u00f3n sobre Meta","og_description":"El 14 de Febrero es una fecha que todo el mundo comenta con sus amigos y familiares en Facebook. Adem\u00e1s de felicitar a sus parejas o mostrar im\u00e1genes de los planes y regalos que se hacen (un 30% de las publicaciones), las personas tambi\u00e9n utilizan la plataforma para mostrar su descontento con esta fecha (14%). Curiosamente, son los j\u00f3venes de 18 a 34 a\u00f1os los m\u00e1s cr\u00edticos con San Valent\u00edn, si bien los adultos de m\u00e1s 45 a\u00f1os son los que publican m\u00e1s mensajes de cari\u00f1o a sus parejas. &nbsp; De acuerdo con los datos de Facebook en febrero de 2015, cada a\u00f1o se multiplica por seis el volumen de conversaciones sobre San Valent\u00edn. El 65% de las publicaciones son realizadas por las mujeres y un 79% de los contenidos son creados desde el m\u00f3vil. S\u00f3lo un 24% de las conversaciones se registran el 14 de febrero, por lo que es un tema muy comentado antes y despu\u00e9s de esa fecha. 21 millones de personas utilizan Facebook en Espa\u00f1a y la gran mayor\u00eda de ellas tiene pareja. Un 40% de los espa\u00f1oles publica en Facebook que est\u00e1 casado, un 25% confiesa tener una relaci\u00f3n y s\u00f3lo un 5% publica que est\u00e1 comprometido. Los solteros en Facebook suponen un 30% del total de espa\u00f1oles que utiliza la plataforma. Por \u00faltimo, Instagram tambi\u00e9n es un lugar donde prolifera el amor durante esta \u00e9poca. Los cinco hashtags m\u00e1s usados en nuestro pa\u00eds seg\u00fan las conversaciones en febrero de 2015 son\u00a0#love,\u00a0#sanvalentin,\u00a0#cute,\u00a0#happy\u00a0y\u00a0#beautiful.","og_url":"https:\/\/about.fb.com\/es\/news\/2016\/02\/como-se-celebra-san-valentin-en-facebook-e-instagram\/","og_site_name":"Informaci\u00f3n sobre Meta","article_published_time":"2016-02-12T10:27:09+00:00","article_modified_time":"2020-02-26T21:46:27+00:00","og_image":[{"url":"https:\/\/about.fb.com\/es\/wp-content\/uploads\/sites\/13\/2016\/02\/infografia-facebook-1.jpg","type":"","width":"","height":""}],"author":"text100madrid","twitter_card":"summary_large_image","twitter_misc":{"Written by":"Meta","Est. reading time":"1 minuto"},"schema":{"@context":"https:\/\/schema.org","@graph":[{"@type":"Article","@id":"https:\/\/about.fb.com\/es\/news\/2016\/02\/como-se-celebra-san-valentin-en-facebook-e-instagram\/#article","isPartOf":{"@id":"https:\/\/about.fb.com\/es\/news\/2016\/02\/como-se-celebra-san-valentin-en-facebook-e-instagram\/"},"author":"Facebook company","headline":"\u00bfC\u00f3mo se celebra San Valent\u00edn en Facebook e Instagram?","datePublished":"2016-02-12T10:27:09+00:00","dateModified":"2020-02-26T21:46:27+00:00","mainEntityOfPage":{"@id":"https:\/\/about.fb.com\/es\/news\/2016\/02\/como-se-celebra-san-valentin-en-facebook-e-instagram\/"},"wordCount":274,"publisher":{"@id":"https:\/\/about.fb.com\/es\/#organization"},"image":{"@id":"https:\/\/about.fb.com\/es\/news\/2016\/02\/como-se-celebra-san-valentin-en-facebook-e-instagram\/#primaryimage"},"thumbnailUrl":"https:\/\/about.fb.com\/es\/wp-content\/uploads\/sites\/13\/2016\/02\/infografia-facebook-1.jpg","articleSection":["Instagram","Uncategorized"],"inLanguage":"es"},{"@type":"WebPage","@id":"https:\/\/about.fb.com\/es\/news\/2016\/02\/como-se-celebra-san-valentin-en-facebook-e-instagram\/","url":"https:\/\/about.fb.com\/es\/news\/2016\/02\/como-se-celebra-san-valentin-en-facebook-e-instagram\/","name":"\u00bfC\u00f3mo se celebra San Valent\u00edn en Facebook e Instagram? | Informaci\u00f3n sobre Meta","isPartOf":{"@id":"https:\/\/about.fb.com\/es\/#website"},"primaryImageOfPage":{"@id":"https:\/\/about.fb.com\/es\/news\/2016\/02\/como-se-celebra-san-valentin-en-facebook-e-instagram\/#primaryimage"},"image":{"@id":"https:\/\/about.fb.com\/es\/news\/2016\/02\/como-se-celebra-san-valentin-en-facebook-e-instagram\/#primaryimage"},"thumbnailUrl":"https:\/\/about.fb.com\/es\/wp-content\/uploads\/sites\/13\/2016\/02\/infografia-facebook-1.jpg","datePublished":"2016-02-12T10:27:09+00:00","dateModified":"2020-02-26T21:46:27+00:00","breadcrumb":{"@id":"https:\/\/about.fb.com\/es\/news\/2016\/02\/como-se-celebra-san-valentin-en-facebook-e-instagram\/#breadcrumb"},"inLanguage":"es","potentialAction":[{"@type":"ReadAction","target":["https:\/\/about.fb.com\/es\/news\/2016\/02\/como-se-celebra-san-valentin-en-facebook-e-instagram\/"]}],"author":"Informaci\u00f3n sobre Meta"},{"@type":"ImageObject","inLanguage":"es","@id":"https:\/\/about.fb.com\/es\/news\/2016\/02\/como-se-celebra-san-valentin-en-facebook-e-instagram\/#primaryimage","url":"https:\/\/about.fb.com\/es\/wp-content\/uploads\/sites\/13\/2016\/02\/infografia-facebook-1.jpg?fit=248%2C1024","contentUrl":"https:\/\/about.fb.com\/es\/wp-content\/uploads\/sites\/13\/2016\/02\/infografia-facebook-1.jpg?fit=248%2C1024","width":248,"height":1024},{"@type":"BreadcrumbList","@id":"https:\/\/about.fb.com\/es\/news\/2016\/02\/como-se-celebra-san-valentin-en-facebook-e-instagram\/#breadcrumb","itemListElement":[{"@type":"ListItem","position":1,"name":"Home","item":"https:\/\/about.fb.com\/es\/"},{"@type":"ListItem","position":2,"name":"\u00bfC\u00f3mo se celebra San Valent\u00edn en Facebook e Instagram?"}]},{"@type":"WebSite","@id":"https:\/\/about.fb.com\/es\/#website","url":"https:\/\/about.fb.com\/news\/","name":"Informaci\u00f3n sobre Meta","description":"","publisher":{"@id":"https:\/\/about.fb.com\/es\/#organization"},"potentialAction":[{"@type":"SearchAction","target":{"@type":"EntryPoint","urlTemplate":"https:\/\/about.fb.com\/es\/?s={search_term_string}"},"query-input":{"@type":"PropertyValueSpecification","valueRequired":true,"valueName":"search_term_string"}}],"inLanguage":"es","alternateName":["Meta Newsroom","Meta"]},{"@type":"Organization","@id":"https:\/\/about.fb.com\/es\/#organization","name":"Meta","url":"https:\/\/about.fb.com\/es\/","logo":{"@type":"ImageObject","inLanguage":"es","@id":"https:\/\/about.fb.com\/es\/#\/schema\/logo\/image\/","url":"https:\/\/about.fb.com\/es\/wp-content\/uploads\/sites\/13\/2021\/10\/meta-social-16x9-1.jpg?fit=8000%2C4500","contentUrl":"https:\/\/about.fb.com\/es\/wp-content\/uploads\/sites\/13\/2021\/10\/meta-social-16x9-1.jpg?fit=8000%2C4500","width":8000,"height":4500,"caption":"Meta"},"image":{"@id":"https:\/\/about.fb.com\/es\/#\/schema\/logo\/image\/"}}]}},"jetpack_featured_media_url":"","jetpack-related-posts":[],"jetpack_sharing_enabled":true,"amp_enabled":true,"_links":{"self":[{"href":"https:\/\/about.fb.com\/es\/wp-json\/wp\/v2\/posts\/5262","targetHints":{"allow":["GET"]}}],"collection":[{"href":"https:\/\/about.fb.com\/es\/wp-json\/wp\/v2\/posts"}],"about":[{"href":"https:\/\/about.fb.com\/es\/wp-json\/wp\/v2\/types\/post"}],"author":[{"embeddable":true,"href":"https:\/\/about.fb.com\/es\/wp-json\/wp\/v2\/users\/81919965"}],"replies":[{"embeddable":true,"href":"https:\/\/about.fb.com\/es\/wp-json\/wp\/v2\/comments?post=5262"}],"version-history":[{"count":3,"href":"https:\/\/about.fb.com\/es\/wp-json\/wp\/v2\/posts\/5262\/revisions"}],"predecessor-version":[{"id":17498,"href":"https:\/\/about.fb.com\/es\/wp-json\/wp\/v2\/posts\/5262\/revisions\/17498"}],"wp:attachment":[{"href":"https:\/\/about.fb.com\/es\/wp-json\/wp\/v2\/media?parent=5262"}],"wp:term":[{"taxonomy":"category","embeddable":true,"href":"https:\/\/about.fb.com\/es\/wp-json\/wp\/v2\/categories?post=5262"},{"taxonomy":"post_tag","embeddable":true,"href":"https:\/\/about.fb.com\/es\/wp-json\/wp\/v2\/tags?post=5262"}],"curies":[{"name":"wp","href":"https:\/\/api.w.org\/{rel}","templated":true}]}}