{"id":5139,"date":"2015-09-25T00:00:47","date_gmt":"2015-09-25T00:00:47","guid":{"rendered":"http:\/\/es.newsroom.fb.com\/?p=5139"},"modified":"2019-11-04T19:23:05","modified_gmt":"2019-11-04T19:23:05","slug":"nuevas-oficinas-de-facebook-en-madrid-un-reflejo-de-su-cultura-abierta-con-guinos-locales","status":"publish","type":"post","link":"https:\/\/about.fb.com\/es\/news\/2015\/09\/nuevas-oficinas-de-facebook-en-madrid-un-reflejo-de-su-cultura-abierta-con-guinos-locales\/","title":{"rendered":"Nuevas oficinas de Facebook en Madrid: un reflejo de su cultura abierta con gui\u00f1os locales"},"content":{"rendered":"<p>Facebook acaba de estrenar un nuevo espacio representativo de su visi\u00f3n y su cultura en la capital, el que ser\u00e1 a partir de ahora su oficina de referencia en Espa\u00f1a. Situado en pleno centro de Madrid, en el Paseo de la Castellana, se trata de un espacio abierto que ha sido concebido de la misma manera que Facebook dise\u00f1a sus productos: combinando un dise\u00f1o agradable con una gran funcionalidad.<\/p>\n<p>Creatividad e innovaci\u00f3n, la base de la cultura de Facebook, inspiran la oficina desde su entrada, en la que encontramos una pintura que representa un muro de ladrillo, en referencia al lema de la compa\u00f1\u00eda: <em>Haciendo del mundo un lugar m\u00e1s abierto y conectado, esto s\u00f3lo es el 1%<\/em>. Tambi\u00e9n en la entrada encontramos la primera de las obras que varios artistas urbanos han desarrollado in situ en el espacio.<\/p>\n<p><img data-recalc-dims=\"1\" loading=\"lazy\" decoding=\"async\" class=\"aligncenter size-large wp-image-5140\" src=\"https:\/\/about.fb.com\/es\/wp-content\/uploads\/sites\/13\/2015\/09\/0001-1.jpg?resize=960%2C640\" alt=\"0001\" width=\"960\" height=\"640\" \/><\/p>\n<p>El arte ha sido siempre un elemento importante en el dise\u00f1o de nuevos espacios en Facebook, de ah\u00ed que surgiera el programa <em>Facebook Artist In Residence<\/em> (AIR), una iniciativa que busca artistas con una obra relacionada con los intereses de la compa\u00f1\u00eda: comunidad, conectividad, redes o sistemas, y que muestren una energ\u00eda positiva y un esp\u00edritu hacker. Cada vez que se abre una nueva oficina, se invita a uno de estos artistas locales a colaborar con una instalaci\u00f3n in situ, exclusiva para ese espacio.<\/p>\n<p>La planta baja es un espacio destinado a celebrar actividades en torno a la innovaci\u00f3n, con una gran sala que se puede conectar con la cocina principal. El suelo de hormig\u00f3n homenajea las calles de Madrid, en las que sus ciudadanos pasan gran parte de su tiempo, con \u00e1reas para mantener reuniones informales como si de una terraza madrile\u00f1a se tratara. Adem\u00e1s, sus grandes paredes acristaladas crean la sensaci\u00f3n de estar en un espacio abierto.<\/p>\n<p><img data-recalc-dims=\"1\" loading=\"lazy\" decoding=\"async\" class=\"aligncenter size-large wp-image-5141\" src=\"https:\/\/about.fb.com\/es\/wp-content\/uploads\/sites\/13\/2015\/09\/0013-1.jpg?resize=960%2C619\" alt=\"0013\" width=\"960\" height=\"619\" \/><\/p>\n<p>Una escalera conecta la oficina con la primera planta, que alberga los puestos de trabajo y las salas de reuniones. Es un espacio completamente di\u00e1fano, reflejo de la cultura abierta y transparente de la compa\u00f1\u00eda, y que, adem\u00e1s de la zona de trabajo, incluye un \u00e1rea de ocio y desconexi\u00f3n \u2013 con un sill\u00f3n de masaje y \u00e1rea de videojuegos-, la cocina para empleados y diversos rincones habilitados para mantener reuniones informales. Aqu\u00ed tambi\u00e9n encontramos alg\u00fan gui\u00f1o local, como una mesa de caf\u00e9 dise\u00f1ada a medida para la oficina con azulejos t\u00edpicos de Madrid.<\/p>\n<p>Los nombres de las salas de reuniones han sido seleccionados por los empleados de Facebook Espa\u00f1a y hacen referencia a series de televisi\u00f3n infantiles de su infancia. Mazinger Z, Heidi y Pedro o Espinete y Don Pimp\u00f3n son s\u00f3lo algunos ejemplos. Por \u00faltimo, y como es habitual en todas las oficinas de la compa\u00f1\u00eda, se ha empleado la \u00faltima tecnolog\u00eda de comunicaciones y se ha dise\u00f1ado y construido siguiendo los m\u00e1s estrictos est\u00e1ndares medioambientales.<\/p>\n<p><img data-recalc-dims=\"1\" loading=\"lazy\" decoding=\"async\" class=\"aligncenter size-large wp-image-5142\" src=\"https:\/\/about.fb.com\/es\/wp-content\/uploads\/sites\/13\/2015\/09\/0018-1.jpg?resize=960%2C628\" alt=\"0018\" width=\"960\" height=\"628\" \/><\/p>\n","protected":false},"excerpt":{"rendered":"Facebook acaba de estrenar un nuevo espacio representativo de su visi\u00f3n y su cultura en la capital, el que ser\u00e1 a partir de ahora su oficina de referencia en Espa\u00f1a. Situado en pleno centro de Madrid, en el Paseo de la Castellana, se trata de un espacio abierto que ha sido concebido de la misma manera que Facebook dise\u00f1a sus productos: combinando un dise\u00f1o agradable con una gran funcionalidad. Creatividad e innovaci\u00f3n, la base de la cultura de Facebook, inspiran la oficina desde su entrada, en la que encontramos una pintura que representa un muro de ladrillo, en referencia al lema de la compa\u00f1\u00eda: Haciendo del mundo un lugar m\u00e1s abierto y conectado, esto s\u00f3lo es el 1%. Tambi\u00e9n en la entrada encontramos la primera de las obras que varios artistas urbanos han desarrollado in situ en el espacio. El arte ha sido siempre un elemento importante en el dise\u00f1o de nuevos espacios en Facebook, de ah\u00ed que surgiera el programa Facebook Artist In Residence (AIR), una iniciativa que busca artistas con una obra relacionada con los intereses de la compa\u00f1\u00eda: comunidad, conectividad, redes o sistemas, y que muestren una energ\u00eda positiva y un esp\u00edritu hacker. Cada vez que se abre una nueva oficina, se invita a uno de estos artistas locales a colaborar con una instalaci\u00f3n in situ, exclusiva para ese espacio. La planta baja es un espacio destinado a celebrar actividades en torno a la innovaci\u00f3n, con una gran sala que se puede conectar con la cocina principal. El suelo de hormig\u00f3n homenajea las calles de Madrid, en las que sus ciudadanos pasan gran parte de su tiempo, con \u00e1reas para mantener reuniones informales como si de una terraza madrile\u00f1a se tratara. Adem\u00e1s, sus grandes paredes acristaladas crean la sensaci\u00f3n de estar en un espacio abierto. Una escalera conecta la oficina con la primera planta, que alberga los puestos de trabajo y las salas de reuniones. Es un espacio completamente di\u00e1fano, reflejo de la cultura abierta y transparente de la compa\u00f1\u00eda, y que, adem\u00e1s de la zona de trabajo, incluye un \u00e1rea de ocio y desconexi\u00f3n \u2013 con un sill\u00f3n de masaje y \u00e1rea de videojuegos-, la cocina para empleados y diversos rincones habilitados para mantener reuniones informales. Aqu\u00ed tambi\u00e9n encontramos alg\u00fan gui\u00f1o local, como una mesa de caf\u00e9 dise\u00f1ada a medida para la oficina con azulejos t\u00edpicos de Madrid. Los nombres de las salas de reuniones han sido seleccionados por los empleados de Facebook Espa\u00f1a y hacen referencia a series de televisi\u00f3n infantiles de su infancia. Mazinger Z, Heidi y Pedro o Espinete y Don Pimp\u00f3n son s\u00f3lo algunos ejemplos. Por \u00faltimo, y como es habitual en todas las oficinas de la compa\u00f1\u00eda, se ha empleado la \u00faltima tecnolog\u00eda de comunicaciones y se ha dise\u00f1ado y construido siguiendo los m\u00e1s estrictos est\u00e1ndares medioambientales.","protected":false},"author":81919965,"featured_media":0,"comment_status":"closed","ping_status":"closed","sticky":false,"template":"","format":"standard","meta":{"_jetpack_memberships_contains_paid_content":false,"footnotes":""},"categories":[1],"tags":[],"class_list":["post-5139","post","type-post","status-publish","format-standard","hentry","category-uncategorized"],"yoast_head":"<!-- This site is optimized with the Yoast SEO plugin v27.2 - https:\/\/yoast.com\/product\/yoast-seo-wordpress\/ -->\n<title>Nuevas oficinas de Facebook en Madrid: un reflejo de su cultura abierta con gui\u00f1os locales | Informaci\u00f3n sobre Meta<\/title>\n<meta name=\"robots\" content=\"index, follow, max-snippet:-1, max-image-preview:large, max-video-preview:-1\" \/>\n<link rel=\"canonical\" href=\"https:\/\/about.fb.com\/es\/news\/2015\/09\/nuevas-oficinas-de-facebook-en-madrid-un-reflejo-de-su-cultura-abierta-con-guinos-locales\/\" \/>\n<meta property=\"og:locale\" content=\"es_ES\" \/>\n<meta property=\"og:type\" content=\"article\" \/>\n<meta property=\"og:title\" content=\"Nuevas oficinas de Facebook en Madrid: un reflejo de su cultura abierta con gui\u00f1os locales | Informaci\u00f3n sobre Meta\" \/>\n<meta property=\"og:description\" content=\"Facebook acaba de estrenar un nuevo espacio representativo de su visi\u00f3n y su cultura en la capital, el que ser\u00e1 a partir de ahora su oficina de referencia en Espa\u00f1a. Situado en pleno centro de Madrid, en el Paseo de la Castellana, se trata de un espacio abierto que ha sido concebido de la misma manera que Facebook dise\u00f1a sus productos: combinando un dise\u00f1o agradable con una gran funcionalidad. Creatividad e innovaci\u00f3n, la base de la cultura de Facebook, inspiran la oficina desde su entrada, en la que encontramos una pintura que representa un muro de ladrillo, en referencia al lema de la compa\u00f1\u00eda: Haciendo del mundo un lugar m\u00e1s abierto y conectado, esto s\u00f3lo es el 1%. Tambi\u00e9n en la entrada encontramos la primera de las obras que varios artistas urbanos han desarrollado in situ en el espacio. El arte ha sido siempre un elemento importante en el dise\u00f1o de nuevos espacios en Facebook, de ah\u00ed que surgiera el programa Facebook Artist In Residence (AIR), una iniciativa que busca artistas con una obra relacionada con los intereses de la compa\u00f1\u00eda: comunidad, conectividad, redes o sistemas, y que muestren una energ\u00eda positiva y un esp\u00edritu hacker. Cada vez que se abre una nueva oficina, se invita a uno de estos artistas locales a colaborar con una instalaci\u00f3n in situ, exclusiva para ese espacio. La planta baja es un espacio destinado a celebrar actividades en torno a la innovaci\u00f3n, con una gran sala que se puede conectar con la cocina principal. El suelo de hormig\u00f3n homenajea las calles de Madrid, en las que sus ciudadanos pasan gran parte de su tiempo, con \u00e1reas para mantener reuniones informales como si de una terraza madrile\u00f1a se tratara. Adem\u00e1s, sus grandes paredes acristaladas crean la sensaci\u00f3n de estar en un espacio abierto. Una escalera conecta la oficina con la primera planta, que alberga los puestos de trabajo y las salas de reuniones. Es un espacio completamente di\u00e1fano, reflejo de la cultura abierta y transparente de la compa\u00f1\u00eda, y que, adem\u00e1s de la zona de trabajo, incluye un \u00e1rea de ocio y desconexi\u00f3n \u2013 con un sill\u00f3n de masaje y \u00e1rea de videojuegos-, la cocina para empleados y diversos rincones habilitados para mantener reuniones informales. Aqu\u00ed tambi\u00e9n encontramos alg\u00fan gui\u00f1o local, como una mesa de caf\u00e9 dise\u00f1ada a medida para la oficina con azulejos t\u00edpicos de Madrid. Los nombres de las salas de reuniones han sido seleccionados por los empleados de Facebook Espa\u00f1a y hacen referencia a series de televisi\u00f3n infantiles de su infancia. Mazinger Z, Heidi y Pedro o Espinete y Don Pimp\u00f3n son s\u00f3lo algunos ejemplos. Por \u00faltimo, y como es habitual en todas las oficinas de la compa\u00f1\u00eda, se ha empleado la \u00faltima tecnolog\u00eda de comunicaciones y se ha dise\u00f1ado y construido siguiendo los m\u00e1s estrictos est\u00e1ndares medioambientales.\" \/>\n<meta property=\"og:url\" content=\"https:\/\/about.fb.com\/es\/news\/2015\/09\/nuevas-oficinas-de-facebook-en-madrid-un-reflejo-de-su-cultura-abierta-con-guinos-locales\/\" \/>\n<meta property=\"og:site_name\" content=\"Informaci\u00f3n sobre Meta\" \/>\n<meta property=\"article:published_time\" content=\"2015-09-25T00:00:47+00:00\" \/>\n<meta property=\"article:modified_time\" content=\"2019-11-04T19:23:05+00:00\" \/>\n<meta property=\"og:image\" content=\"https:\/\/about.fb.com\/es\/wp-content\/uploads\/sites\/13\/2015\/09\/0001-1.jpg\" \/>\n<meta name=\"author\" content=\"text100madrid\" \/>\n<meta name=\"twitter:card\" content=\"summary_large_image\" \/>\n<meta name=\"twitter:label1\" content=\"Written by\" \/>\n\t<meta name=\"twitter:data1\" content=\"Meta\" \/>\n\t<meta name=\"twitter:label2\" content=\"Est. reading time\" \/>\n\t<meta name=\"twitter:data2\" content=\"3 minutos\" \/>\n<script type=\"application\/ld+json\" class=\"yoast-schema-graph\">{\"@context\":\"https:\/\/schema.org\",\"@graph\":[{\"@type\":\"Article\",\"@id\":\"https:\/\/about.fb.com\/es\/news\/2015\/09\/nuevas-oficinas-de-facebook-en-madrid-un-reflejo-de-su-cultura-abierta-con-guinos-locales\/#article\",\"isPartOf\":{\"@id\":\"https:\/\/about.fb.com\/es\/news\/2015\/09\/nuevas-oficinas-de-facebook-en-madrid-un-reflejo-de-su-cultura-abierta-con-guinos-locales\/\"},\"author\":\"Facebook company\",\"headline\":\"Nuevas oficinas de Facebook en Madrid: un reflejo de su cultura abierta con gui\u00f1os locales\",\"datePublished\":\"2015-09-25T00:00:47+00:00\",\"dateModified\":\"2019-11-04T19:23:05+00:00\",\"mainEntityOfPage\":{\"@id\":\"https:\/\/about.fb.com\/es\/news\/2015\/09\/nuevas-oficinas-de-facebook-en-madrid-un-reflejo-de-su-cultura-abierta-con-guinos-locales\/\"},\"wordCount\":518,\"publisher\":{\"@id\":\"https:\/\/about.fb.com\/es\/#organization\"},\"image\":{\"@id\":\"https:\/\/about.fb.com\/es\/news\/2015\/09\/nuevas-oficinas-de-facebook-en-madrid-un-reflejo-de-su-cultura-abierta-con-guinos-locales\/#primaryimage\"},\"thumbnailUrl\":\"https:\/\/about.fb.com\/es\/wp-content\/uploads\/sites\/13\/2015\/09\/0001-1.jpg\",\"articleSection\":[\"Uncategorized\"],\"inLanguage\":\"es\"},{\"@type\":\"WebPage\",\"@id\":\"https:\/\/about.fb.com\/es\/news\/2015\/09\/nuevas-oficinas-de-facebook-en-madrid-un-reflejo-de-su-cultura-abierta-con-guinos-locales\/\",\"url\":\"https:\/\/about.fb.com\/es\/news\/2015\/09\/nuevas-oficinas-de-facebook-en-madrid-un-reflejo-de-su-cultura-abierta-con-guinos-locales\/\",\"name\":\"Nuevas oficinas de Facebook en Madrid: un reflejo de su cultura abierta con gui\u00f1os locales | Informaci\u00f3n sobre Meta\",\"isPartOf\":{\"@id\":\"https:\/\/about.fb.com\/es\/#website\"},\"primaryImageOfPage\":{\"@id\":\"https:\/\/about.fb.com\/es\/news\/2015\/09\/nuevas-oficinas-de-facebook-en-madrid-un-reflejo-de-su-cultura-abierta-con-guinos-locales\/#primaryimage\"},\"image\":{\"@id\":\"https:\/\/about.fb.com\/es\/news\/2015\/09\/nuevas-oficinas-de-facebook-en-madrid-un-reflejo-de-su-cultura-abierta-con-guinos-locales\/#primaryimage\"},\"thumbnailUrl\":\"https:\/\/about.fb.com\/es\/wp-content\/uploads\/sites\/13\/2015\/09\/0001-1.jpg\",\"datePublished\":\"2015-09-25T00:00:47+00:00\",\"dateModified\":\"2019-11-04T19:23:05+00:00\",\"breadcrumb\":{\"@id\":\"https:\/\/about.fb.com\/es\/news\/2015\/09\/nuevas-oficinas-de-facebook-en-madrid-un-reflejo-de-su-cultura-abierta-con-guinos-locales\/#breadcrumb\"},\"inLanguage\":\"es\",\"potentialAction\":[{\"@type\":\"ReadAction\",\"target\":[\"https:\/\/about.fb.com\/es\/news\/2015\/09\/nuevas-oficinas-de-facebook-en-madrid-un-reflejo-de-su-cultura-abierta-con-guinos-locales\/\"]}],\"author\":\"Informaci\u00f3n sobre Meta\"},{\"@type\":\"ImageObject\",\"inLanguage\":\"es\",\"@id\":\"https:\/\/about.fb.com\/es\/news\/2015\/09\/nuevas-oficinas-de-facebook-en-madrid-un-reflejo-de-su-cultura-abierta-con-guinos-locales\/#primaryimage\",\"url\":\"https:\/\/about.fb.com\/es\/wp-content\/uploads\/sites\/13\/2015\/09\/0001-1.jpg?fit=960%2C640\",\"contentUrl\":\"https:\/\/about.fb.com\/es\/wp-content\/uploads\/sites\/13\/2015\/09\/0001-1.jpg?fit=960%2C640\",\"width\":960,\"height\":640},{\"@type\":\"BreadcrumbList\",\"@id\":\"https:\/\/about.fb.com\/es\/news\/2015\/09\/nuevas-oficinas-de-facebook-en-madrid-un-reflejo-de-su-cultura-abierta-con-guinos-locales\/#breadcrumb\",\"itemListElement\":[{\"@type\":\"ListItem\",\"position\":1,\"name\":\"Home\",\"item\":\"https:\/\/about.fb.com\/es\/\"},{\"@type\":\"ListItem\",\"position\":2,\"name\":\"Nuevas oficinas de Facebook en Madrid: un reflejo de su cultura abierta con gui\u00f1os locales\"}]},{\"@type\":\"WebSite\",\"@id\":\"https:\/\/about.fb.com\/es\/#website\",\"url\":\"https:\/\/about.fb.com\/news\/\",\"name\":\"Informaci\u00f3n sobre Meta\",\"description\":\"\",\"publisher\":{\"@id\":\"https:\/\/about.fb.com\/es\/#organization\"},\"potentialAction\":[{\"@type\":\"SearchAction\",\"target\":{\"@type\":\"EntryPoint\",\"urlTemplate\":\"https:\/\/about.fb.com\/es\/?s={search_term_string}\"},\"query-input\":{\"@type\":\"PropertyValueSpecification\",\"valueRequired\":true,\"valueName\":\"search_term_string\"}}],\"inLanguage\":\"es\",\"alternateName\":[\"Meta Newsroom\",\"Meta\"]},{\"@type\":\"Organization\",\"@id\":\"https:\/\/about.fb.com\/es\/#organization\",\"name\":\"Meta\",\"url\":\"https:\/\/about.fb.com\/es\/\",\"logo\":{\"@type\":\"ImageObject\",\"inLanguage\":\"es\",\"@id\":\"https:\/\/about.fb.com\/es\/#\/schema\/logo\/image\/\",\"url\":\"https:\/\/about.fb.com\/es\/wp-content\/uploads\/sites\/13\/2021\/10\/meta-social-16x9-1.jpg?fit=8000%2C4500\",\"contentUrl\":\"https:\/\/about.fb.com\/es\/wp-content\/uploads\/sites\/13\/2021\/10\/meta-social-16x9-1.jpg?fit=8000%2C4500\",\"width\":8000,\"height\":4500,\"caption\":\"Meta\"},\"image\":{\"@id\":\"https:\/\/about.fb.com\/es\/#\/schema\/logo\/image\/\"}}]}<\/script>\n<!-- \/ Yoast SEO plugin. -->","yoast_head_json":{"title":"Nuevas oficinas de Facebook en Madrid: un reflejo de su cultura abierta con gui\u00f1os locales | Informaci\u00f3n sobre Meta","robots":{"index":"index","follow":"follow","max-snippet":"max-snippet:-1","max-image-preview":"max-image-preview:large","max-video-preview":"max-video-preview:-1"},"canonical":"https:\/\/about.fb.com\/es\/news\/2015\/09\/nuevas-oficinas-de-facebook-en-madrid-un-reflejo-de-su-cultura-abierta-con-guinos-locales\/","og_locale":"es_ES","og_type":"article","og_title":"Nuevas oficinas de Facebook en Madrid: un reflejo de su cultura abierta con gui\u00f1os locales | Informaci\u00f3n sobre Meta","og_description":"Facebook acaba de estrenar un nuevo espacio representativo de su visi\u00f3n y su cultura en la capital, el que ser\u00e1 a partir de ahora su oficina de referencia en Espa\u00f1a. Situado en pleno centro de Madrid, en el Paseo de la Castellana, se trata de un espacio abierto que ha sido concebido de la misma manera que Facebook dise\u00f1a sus productos: combinando un dise\u00f1o agradable con una gran funcionalidad. Creatividad e innovaci\u00f3n, la base de la cultura de Facebook, inspiran la oficina desde su entrada, en la que encontramos una pintura que representa un muro de ladrillo, en referencia al lema de la compa\u00f1\u00eda: Haciendo del mundo un lugar m\u00e1s abierto y conectado, esto s\u00f3lo es el 1%. Tambi\u00e9n en la entrada encontramos la primera de las obras que varios artistas urbanos han desarrollado in situ en el espacio. El arte ha sido siempre un elemento importante en el dise\u00f1o de nuevos espacios en Facebook, de ah\u00ed que surgiera el programa Facebook Artist In Residence (AIR), una iniciativa que busca artistas con una obra relacionada con los intereses de la compa\u00f1\u00eda: comunidad, conectividad, redes o sistemas, y que muestren una energ\u00eda positiva y un esp\u00edritu hacker. Cada vez que se abre una nueva oficina, se invita a uno de estos artistas locales a colaborar con una instalaci\u00f3n in situ, exclusiva para ese espacio. La planta baja es un espacio destinado a celebrar actividades en torno a la innovaci\u00f3n, con una gran sala que se puede conectar con la cocina principal. El suelo de hormig\u00f3n homenajea las calles de Madrid, en las que sus ciudadanos pasan gran parte de su tiempo, con \u00e1reas para mantener reuniones informales como si de una terraza madrile\u00f1a se tratara. Adem\u00e1s, sus grandes paredes acristaladas crean la sensaci\u00f3n de estar en un espacio abierto. Una escalera conecta la oficina con la primera planta, que alberga los puestos de trabajo y las salas de reuniones. Es un espacio completamente di\u00e1fano, reflejo de la cultura abierta y transparente de la compa\u00f1\u00eda, y que, adem\u00e1s de la zona de trabajo, incluye un \u00e1rea de ocio y desconexi\u00f3n \u2013 con un sill\u00f3n de masaje y \u00e1rea de videojuegos-, la cocina para empleados y diversos rincones habilitados para mantener reuniones informales. Aqu\u00ed tambi\u00e9n encontramos alg\u00fan gui\u00f1o local, como una mesa de caf\u00e9 dise\u00f1ada a medida para la oficina con azulejos t\u00edpicos de Madrid. Los nombres de las salas de reuniones han sido seleccionados por los empleados de Facebook Espa\u00f1a y hacen referencia a series de televisi\u00f3n infantiles de su infancia. Mazinger Z, Heidi y Pedro o Espinete y Don Pimp\u00f3n son s\u00f3lo algunos ejemplos. Por \u00faltimo, y como es habitual en todas las oficinas de la compa\u00f1\u00eda, se ha empleado la \u00faltima tecnolog\u00eda de comunicaciones y se ha dise\u00f1ado y construido siguiendo los m\u00e1s estrictos est\u00e1ndares medioambientales.","og_url":"https:\/\/about.fb.com\/es\/news\/2015\/09\/nuevas-oficinas-de-facebook-en-madrid-un-reflejo-de-su-cultura-abierta-con-guinos-locales\/","og_site_name":"Informaci\u00f3n sobre Meta","article_published_time":"2015-09-25T00:00:47+00:00","article_modified_time":"2019-11-04T19:23:05+00:00","og_image":[{"url":"https:\/\/about.fb.com\/es\/wp-content\/uploads\/sites\/13\/2015\/09\/0001-1.jpg","type":"","width":"","height":""}],"author":"text100madrid","twitter_card":"summary_large_image","twitter_misc":{"Written by":"Meta","Est. reading time":"3 minutos"},"schema":{"@context":"https:\/\/schema.org","@graph":[{"@type":"Article","@id":"https:\/\/about.fb.com\/es\/news\/2015\/09\/nuevas-oficinas-de-facebook-en-madrid-un-reflejo-de-su-cultura-abierta-con-guinos-locales\/#article","isPartOf":{"@id":"https:\/\/about.fb.com\/es\/news\/2015\/09\/nuevas-oficinas-de-facebook-en-madrid-un-reflejo-de-su-cultura-abierta-con-guinos-locales\/"},"author":"Facebook company","headline":"Nuevas oficinas de Facebook en Madrid: un reflejo de su cultura abierta con gui\u00f1os locales","datePublished":"2015-09-25T00:00:47+00:00","dateModified":"2019-11-04T19:23:05+00:00","mainEntityOfPage":{"@id":"https:\/\/about.fb.com\/es\/news\/2015\/09\/nuevas-oficinas-de-facebook-en-madrid-un-reflejo-de-su-cultura-abierta-con-guinos-locales\/"},"wordCount":518,"publisher":{"@id":"https:\/\/about.fb.com\/es\/#organization"},"image":{"@id":"https:\/\/about.fb.com\/es\/news\/2015\/09\/nuevas-oficinas-de-facebook-en-madrid-un-reflejo-de-su-cultura-abierta-con-guinos-locales\/#primaryimage"},"thumbnailUrl":"https:\/\/about.fb.com\/es\/wp-content\/uploads\/sites\/13\/2015\/09\/0001-1.jpg","articleSection":["Uncategorized"],"inLanguage":"es"},{"@type":"WebPage","@id":"https:\/\/about.fb.com\/es\/news\/2015\/09\/nuevas-oficinas-de-facebook-en-madrid-un-reflejo-de-su-cultura-abierta-con-guinos-locales\/","url":"https:\/\/about.fb.com\/es\/news\/2015\/09\/nuevas-oficinas-de-facebook-en-madrid-un-reflejo-de-su-cultura-abierta-con-guinos-locales\/","name":"Nuevas oficinas de Facebook en Madrid: un reflejo de su cultura abierta con gui\u00f1os locales | Informaci\u00f3n sobre Meta","isPartOf":{"@id":"https:\/\/about.fb.com\/es\/#website"},"primaryImageOfPage":{"@id":"https:\/\/about.fb.com\/es\/news\/2015\/09\/nuevas-oficinas-de-facebook-en-madrid-un-reflejo-de-su-cultura-abierta-con-guinos-locales\/#primaryimage"},"image":{"@id":"https:\/\/about.fb.com\/es\/news\/2015\/09\/nuevas-oficinas-de-facebook-en-madrid-un-reflejo-de-su-cultura-abierta-con-guinos-locales\/#primaryimage"},"thumbnailUrl":"https:\/\/about.fb.com\/es\/wp-content\/uploads\/sites\/13\/2015\/09\/0001-1.jpg","datePublished":"2015-09-25T00:00:47+00:00","dateModified":"2019-11-04T19:23:05+00:00","breadcrumb":{"@id":"https:\/\/about.fb.com\/es\/news\/2015\/09\/nuevas-oficinas-de-facebook-en-madrid-un-reflejo-de-su-cultura-abierta-con-guinos-locales\/#breadcrumb"},"inLanguage":"es","potentialAction":[{"@type":"ReadAction","target":["https:\/\/about.fb.com\/es\/news\/2015\/09\/nuevas-oficinas-de-facebook-en-madrid-un-reflejo-de-su-cultura-abierta-con-guinos-locales\/"]}],"author":"Informaci\u00f3n sobre Meta"},{"@type":"ImageObject","inLanguage":"es","@id":"https:\/\/about.fb.com\/es\/news\/2015\/09\/nuevas-oficinas-de-facebook-en-madrid-un-reflejo-de-su-cultura-abierta-con-guinos-locales\/#primaryimage","url":"https:\/\/about.fb.com\/es\/wp-content\/uploads\/sites\/13\/2015\/09\/0001-1.jpg?fit=960%2C640","contentUrl":"https:\/\/about.fb.com\/es\/wp-content\/uploads\/sites\/13\/2015\/09\/0001-1.jpg?fit=960%2C640","width":960,"height":640},{"@type":"BreadcrumbList","@id":"https:\/\/about.fb.com\/es\/news\/2015\/09\/nuevas-oficinas-de-facebook-en-madrid-un-reflejo-de-su-cultura-abierta-con-guinos-locales\/#breadcrumb","itemListElement":[{"@type":"ListItem","position":1,"name":"Home","item":"https:\/\/about.fb.com\/es\/"},{"@type":"ListItem","position":2,"name":"Nuevas oficinas de Facebook en Madrid: un reflejo de su cultura abierta con gui\u00f1os locales"}]},{"@type":"WebSite","@id":"https:\/\/about.fb.com\/es\/#website","url":"https:\/\/about.fb.com\/news\/","name":"Informaci\u00f3n sobre Meta","description":"","publisher":{"@id":"https:\/\/about.fb.com\/es\/#organization"},"potentialAction":[{"@type":"SearchAction","target":{"@type":"EntryPoint","urlTemplate":"https:\/\/about.fb.com\/es\/?s={search_term_string}"},"query-input":{"@type":"PropertyValueSpecification","valueRequired":true,"valueName":"search_term_string"}}],"inLanguage":"es","alternateName":["Meta Newsroom","Meta"]},{"@type":"Organization","@id":"https:\/\/about.fb.com\/es\/#organization","name":"Meta","url":"https:\/\/about.fb.com\/es\/","logo":{"@type":"ImageObject","inLanguage":"es","@id":"https:\/\/about.fb.com\/es\/#\/schema\/logo\/image\/","url":"https:\/\/about.fb.com\/es\/wp-content\/uploads\/sites\/13\/2021\/10\/meta-social-16x9-1.jpg?fit=8000%2C4500","contentUrl":"https:\/\/about.fb.com\/es\/wp-content\/uploads\/sites\/13\/2021\/10\/meta-social-16x9-1.jpg?fit=8000%2C4500","width":8000,"height":4500,"caption":"Meta"},"image":{"@id":"https:\/\/about.fb.com\/es\/#\/schema\/logo\/image\/"}}]}},"jetpack_featured_media_url":"","jetpack-related-posts":[],"jetpack_sharing_enabled":true,"amp_enabled":true,"_links":{"self":[{"href":"https:\/\/about.fb.com\/es\/wp-json\/wp\/v2\/posts\/5139","targetHints":{"allow":["GET"]}}],"collection":[{"href":"https:\/\/about.fb.com\/es\/wp-json\/wp\/v2\/posts"}],"about":[{"href":"https:\/\/about.fb.com\/es\/wp-json\/wp\/v2\/types\/post"}],"author":[{"embeddable":true,"href":"https:\/\/about.fb.com\/es\/wp-json\/wp\/v2\/users\/81919965"}],"replies":[{"embeddable":true,"href":"https:\/\/about.fb.com\/es\/wp-json\/wp\/v2\/comments?post=5139"}],"version-history":[{"count":2,"href":"https:\/\/about.fb.com\/es\/wp-json\/wp\/v2\/posts\/5139\/revisions"}],"predecessor-version":[{"id":17550,"href":"https:\/\/about.fb.com\/es\/wp-json\/wp\/v2\/posts\/5139\/revisions\/17550"}],"wp:attachment":[{"href":"https:\/\/about.fb.com\/es\/wp-json\/wp\/v2\/media?parent=5139"}],"wp:term":[{"taxonomy":"category","embeddable":true,"href":"https:\/\/about.fb.com\/es\/wp-json\/wp\/v2\/categories?post=5139"},{"taxonomy":"post_tag","embeddable":true,"href":"https:\/\/about.fb.com\/es\/wp-json\/wp\/v2\/tags?post=5139"}],"curies":[{"name":"wp","href":"https:\/\/api.w.org\/{rel}","templated":true}]}}