{"id":3266,"date":"2015-06-17T16:51:54","date_gmt":"2015-06-17T16:51:54","guid":{"rendered":"http:\/\/es.newsroom.fb.com\/?p=3266"},"modified":"2019-11-04T19:23:45","modified_gmt":"2019-11-04T19:23:45","slug":"3266","status":"publish","type":"post","link":"https:\/\/about.fb.com\/es\/news\/2015\/06\/3266\/","title":{"rendered":"Facebook Lite, ya disponible en Espa\u00f1a"},"content":{"rendered":"<p><strong>Facebook Lite ya est\u00e1 disponible en Espa\u00f1a<\/strong>. Se trata de una versi\u00f3n de Facebook para Android que utiliza menos datos de navegaci\u00f3n, est\u00e1 dise\u00f1ado para conexiones m\u00e1s lentas y funciona en todos los dispositivos Android.<\/p>\n<p><img data-recalc-dims=\"1\" loading=\"lazy\" decoding=\"async\" class=\"aligncenter  wp-image-3267\" src=\"https:\/\/about.fb.com\/es\/wp-content\/uploads\/sites\/13\/2015\/06\/fblite-ultimas-noticias-1.jpg?resize=354%2C638\" alt=\"FBLite - Ultimas noticias\" width=\"354\" height=\"638\" \/><\/p>\n<p>Facebook Lite ocupa menos de 1MB, se instala y carga r\u00e1pidamente. Incluye secciones como \u00faltimas noticias, actualizaciones de estado, fotos y notificaciones, entre otros.<\/p>\n<p>Facebook inici\u00f3 el lanzamiento de Facebook Lite a principios de Junio y a partir de hoy comienza a estar disponible tambi\u00e9n en varios pa\u00edses de Europa y Latinoam\u00e9rica. Puedes ver m\u00e1s detalles en este <a href=\"http:\/\/newsroom.fb.com\/news\/2015\/06\/announcing-facebook-lite\/\">post<\/a>.<\/p>\n<p><img data-recalc-dims=\"1\" loading=\"lazy\" decoding=\"async\" class=\"aligncenter  wp-image-3268\" src=\"https:\/\/about.fb.com\/es\/wp-content\/uploads\/sites\/13\/2015\/06\/fblite-ultimas-noticias1-1.jpg?resize=330%2C595\" alt=\"FBLite - Ultimas noticias\" width=\"330\" height=\"595\" \/><\/p>\n","protected":false},"excerpt":{"rendered":"Facebook Lite ya est\u00e1 disponible en Espa\u00f1a. Se trata de una versi\u00f3n de Facebook para Android que utiliza menos datos de navegaci\u00f3n, est\u00e1 dise\u00f1ado para conexiones m\u00e1s lentas y funciona en todos los dispositivos Android. Facebook Lite ocupa menos de 1MB, se instala y carga r\u00e1pidamente. Incluye secciones como \u00faltimas noticias, actualizaciones de estado, fotos y notificaciones, entre otros. Facebook inici\u00f3 el lanzamiento de Facebook Lite a principios de Junio y a partir de hoy comienza a estar disponible tambi\u00e9n en varios pa\u00edses de Europa y Latinoam\u00e9rica. Puedes ver m\u00e1s detalles en este post.","protected":false},"author":81919965,"featured_media":0,"comment_status":"closed","ping_status":"closed","sticky":false,"template":"","format":"standard","meta":{"_jetpack_memberships_contains_paid_content":false,"footnotes":""},"categories":[1],"tags":[],"class_list":["post-3266","post","type-post","status-publish","format-standard","hentry","category-uncategorized"],"yoast_head":"<!-- This site is optimized with the Yoast SEO plugin v27.2 - https:\/\/yoast.com\/product\/yoast-seo-wordpress\/ -->\n<title>Facebook Lite, ya disponible en Espa\u00f1a | Informaci\u00f3n sobre Meta<\/title>\n<meta name=\"robots\" content=\"index, follow, max-snippet:-1, max-image-preview:large, max-video-preview:-1\" \/>\n<link rel=\"canonical\" href=\"https:\/\/about.fb.com\/es\/news\/2015\/06\/3266\/\" \/>\n<meta property=\"og:locale\" content=\"es_ES\" \/>\n<meta property=\"og:type\" content=\"article\" \/>\n<meta property=\"og:title\" content=\"Facebook Lite, ya disponible en Espa\u00f1a | Informaci\u00f3n sobre Meta\" \/>\n<meta property=\"og:description\" content=\"Facebook Lite ya est\u00e1 disponible en Espa\u00f1a. Se trata de una versi\u00f3n de Facebook para Android que utiliza menos datos de navegaci\u00f3n, est\u00e1 dise\u00f1ado para conexiones m\u00e1s lentas y funciona en todos los dispositivos Android. Facebook Lite ocupa menos de 1MB, se instala y carga r\u00e1pidamente. Incluye secciones como \u00faltimas noticias, actualizaciones de estado, fotos y notificaciones, entre otros. Facebook inici\u00f3 el lanzamiento de Facebook Lite a principios de Junio y a partir de hoy comienza a estar disponible tambi\u00e9n en varios pa\u00edses de Europa y Latinoam\u00e9rica. Puedes ver m\u00e1s detalles en este post.\" \/>\n<meta property=\"og:url\" content=\"https:\/\/about.fb.com\/es\/news\/2015\/06\/3266\/\" \/>\n<meta property=\"og:site_name\" content=\"Informaci\u00f3n sobre Meta\" \/>\n<meta property=\"article:published_time\" content=\"2015-06-17T16:51:54+00:00\" \/>\n<meta property=\"article:modified_time\" content=\"2019-11-04T19:23:45+00:00\" \/>\n<meta property=\"og:image\" content=\"https:\/\/about.fb.com\/es\/wp-content\/uploads\/sites\/13\/2015\/06\/fblite-ultimas-noticias-1.jpg\" \/>\n<meta name=\"author\" content=\"text100madrid\" \/>\n<meta name=\"twitter:card\" content=\"summary_large_image\" \/>\n<meta name=\"twitter:label1\" content=\"Written by\" \/>\n\t<meta name=\"twitter:data1\" content=\"Meta\" \/>\n\t<meta name=\"twitter:label2\" content=\"Est. reading time\" \/>\n\t<meta name=\"twitter:data2\" content=\"1 minuto\" \/>\n<script type=\"application\/ld+json\" class=\"yoast-schema-graph\">{\"@context\":\"https:\/\/schema.org\",\"@graph\":[{\"@type\":\"Article\",\"@id\":\"https:\/\/about.fb.com\/es\/news\/2015\/06\/3266\/#article\",\"isPartOf\":{\"@id\":\"https:\/\/about.fb.com\/es\/news\/2015\/06\/3266\/\"},\"author\":\"Facebook company\",\"headline\":\"Facebook Lite, ya disponible en Espa\u00f1a\",\"datePublished\":\"2015-06-17T16:51:54+00:00\",\"dateModified\":\"2019-11-04T19:23:45+00:00\",\"mainEntityOfPage\":{\"@id\":\"https:\/\/about.fb.com\/es\/news\/2015\/06\/3266\/\"},\"wordCount\":111,\"publisher\":{\"@id\":\"https:\/\/about.fb.com\/es\/#organization\"},\"image\":{\"@id\":\"https:\/\/about.fb.com\/es\/news\/2015\/06\/3266\/#primaryimage\"},\"thumbnailUrl\":\"https:\/\/about.fb.com\/es\/wp-content\/uploads\/sites\/13\/2015\/06\/fblite-ultimas-noticias-1.jpg\",\"articleSection\":[\"Uncategorized\"],\"inLanguage\":\"es\"},{\"@type\":\"WebPage\",\"@id\":\"https:\/\/about.fb.com\/es\/news\/2015\/06\/3266\/\",\"url\":\"https:\/\/about.fb.com\/es\/news\/2015\/06\/3266\/\",\"name\":\"Facebook Lite, ya disponible en Espa\u00f1a | Informaci\u00f3n sobre Meta\",\"isPartOf\":{\"@id\":\"https:\/\/about.fb.com\/es\/#website\"},\"primaryImageOfPage\":{\"@id\":\"https:\/\/about.fb.com\/es\/news\/2015\/06\/3266\/#primaryimage\"},\"image\":{\"@id\":\"https:\/\/about.fb.com\/es\/news\/2015\/06\/3266\/#primaryimage\"},\"thumbnailUrl\":\"https:\/\/about.fb.com\/es\/wp-content\/uploads\/sites\/13\/2015\/06\/fblite-ultimas-noticias-1.jpg\",\"datePublished\":\"2015-06-17T16:51:54+00:00\",\"dateModified\":\"2019-11-04T19:23:45+00:00\",\"breadcrumb\":{\"@id\":\"https:\/\/about.fb.com\/es\/news\/2015\/06\/3266\/#breadcrumb\"},\"inLanguage\":\"es\",\"potentialAction\":[{\"@type\":\"ReadAction\",\"target\":[\"https:\/\/about.fb.com\/es\/news\/2015\/06\/3266\/\"]}],\"author\":\"Informaci\u00f3n sobre Meta\"},{\"@type\":\"ImageObject\",\"inLanguage\":\"es\",\"@id\":\"https:\/\/about.fb.com\/es\/news\/2015\/06\/3266\/#primaryimage\",\"url\":\"https:\/\/about.fb.com\/es\/wp-content\/uploads\/sites\/13\/2015\/06\/fblite-ultimas-noticias-1.jpg?fit=521%2C939\",\"contentUrl\":\"https:\/\/about.fb.com\/es\/wp-content\/uploads\/sites\/13\/2015\/06\/fblite-ultimas-noticias-1.jpg?fit=521%2C939\",\"width\":521,\"height\":939},{\"@type\":\"BreadcrumbList\",\"@id\":\"https:\/\/about.fb.com\/es\/news\/2015\/06\/3266\/#breadcrumb\",\"itemListElement\":[{\"@type\":\"ListItem\",\"position\":1,\"name\":\"Home\",\"item\":\"https:\/\/about.fb.com\/es\/\"},{\"@type\":\"ListItem\",\"position\":2,\"name\":\"Facebook Lite, ya disponible en Espa\u00f1a\"}]},{\"@type\":\"WebSite\",\"@id\":\"https:\/\/about.fb.com\/es\/#website\",\"url\":\"https:\/\/about.fb.com\/news\/\",\"name\":\"Informaci\u00f3n sobre Meta\",\"description\":\"\",\"publisher\":{\"@id\":\"https:\/\/about.fb.com\/es\/#organization\"},\"potentialAction\":[{\"@type\":\"SearchAction\",\"target\":{\"@type\":\"EntryPoint\",\"urlTemplate\":\"https:\/\/about.fb.com\/es\/?s={search_term_string}\"},\"query-input\":{\"@type\":\"PropertyValueSpecification\",\"valueRequired\":true,\"valueName\":\"search_term_string\"}}],\"inLanguage\":\"es\",\"alternateName\":[\"Meta Newsroom\",\"Meta\"]},{\"@type\":\"Organization\",\"@id\":\"https:\/\/about.fb.com\/es\/#organization\",\"name\":\"Meta\",\"url\":\"https:\/\/about.fb.com\/es\/\",\"logo\":{\"@type\":\"ImageObject\",\"inLanguage\":\"es\",\"@id\":\"https:\/\/about.fb.com\/es\/#\/schema\/logo\/image\/\",\"url\":\"https:\/\/about.fb.com\/es\/wp-content\/uploads\/sites\/13\/2021\/10\/meta-social-16x9-1.jpg?fit=8000%2C4500\",\"contentUrl\":\"https:\/\/about.fb.com\/es\/wp-content\/uploads\/sites\/13\/2021\/10\/meta-social-16x9-1.jpg?fit=8000%2C4500\",\"width\":8000,\"height\":4500,\"caption\":\"Meta\"},\"image\":{\"@id\":\"https:\/\/about.fb.com\/es\/#\/schema\/logo\/image\/\"}}]}<\/script>\n<!-- \/ Yoast SEO plugin. -->","yoast_head_json":{"title":"Facebook Lite, ya disponible en Espa\u00f1a | Informaci\u00f3n sobre Meta","robots":{"index":"index","follow":"follow","max-snippet":"max-snippet:-1","max-image-preview":"max-image-preview:large","max-video-preview":"max-video-preview:-1"},"canonical":"https:\/\/about.fb.com\/es\/news\/2015\/06\/3266\/","og_locale":"es_ES","og_type":"article","og_title":"Facebook Lite, ya disponible en Espa\u00f1a | Informaci\u00f3n sobre Meta","og_description":"Facebook Lite ya est\u00e1 disponible en Espa\u00f1a. Se trata de una versi\u00f3n de Facebook para Android que utiliza menos datos de navegaci\u00f3n, est\u00e1 dise\u00f1ado para conexiones m\u00e1s lentas y funciona en todos los dispositivos Android. Facebook Lite ocupa menos de 1MB, se instala y carga r\u00e1pidamente. Incluye secciones como \u00faltimas noticias, actualizaciones de estado, fotos y notificaciones, entre otros. Facebook inici\u00f3 el lanzamiento de Facebook Lite a principios de Junio y a partir de hoy comienza a estar disponible tambi\u00e9n en varios pa\u00edses de Europa y Latinoam\u00e9rica. Puedes ver m\u00e1s detalles en este post.","og_url":"https:\/\/about.fb.com\/es\/news\/2015\/06\/3266\/","og_site_name":"Informaci\u00f3n sobre Meta","article_published_time":"2015-06-17T16:51:54+00:00","article_modified_time":"2019-11-04T19:23:45+00:00","og_image":[{"url":"https:\/\/about.fb.com\/es\/wp-content\/uploads\/sites\/13\/2015\/06\/fblite-ultimas-noticias-1.jpg","type":"","width":"","height":""}],"author":"text100madrid","twitter_card":"summary_large_image","twitter_misc":{"Written by":"Meta","Est. reading time":"1 minuto"},"schema":{"@context":"https:\/\/schema.org","@graph":[{"@type":"Article","@id":"https:\/\/about.fb.com\/es\/news\/2015\/06\/3266\/#article","isPartOf":{"@id":"https:\/\/about.fb.com\/es\/news\/2015\/06\/3266\/"},"author":"Facebook company","headline":"Facebook Lite, ya disponible en Espa\u00f1a","datePublished":"2015-06-17T16:51:54+00:00","dateModified":"2019-11-04T19:23:45+00:00","mainEntityOfPage":{"@id":"https:\/\/about.fb.com\/es\/news\/2015\/06\/3266\/"},"wordCount":111,"publisher":{"@id":"https:\/\/about.fb.com\/es\/#organization"},"image":{"@id":"https:\/\/about.fb.com\/es\/news\/2015\/06\/3266\/#primaryimage"},"thumbnailUrl":"https:\/\/about.fb.com\/es\/wp-content\/uploads\/sites\/13\/2015\/06\/fblite-ultimas-noticias-1.jpg","articleSection":["Uncategorized"],"inLanguage":"es"},{"@type":"WebPage","@id":"https:\/\/about.fb.com\/es\/news\/2015\/06\/3266\/","url":"https:\/\/about.fb.com\/es\/news\/2015\/06\/3266\/","name":"Facebook Lite, ya disponible en Espa\u00f1a | Informaci\u00f3n sobre Meta","isPartOf":{"@id":"https:\/\/about.fb.com\/es\/#website"},"primaryImageOfPage":{"@id":"https:\/\/about.fb.com\/es\/news\/2015\/06\/3266\/#primaryimage"},"image":{"@id":"https:\/\/about.fb.com\/es\/news\/2015\/06\/3266\/#primaryimage"},"thumbnailUrl":"https:\/\/about.fb.com\/es\/wp-content\/uploads\/sites\/13\/2015\/06\/fblite-ultimas-noticias-1.jpg","datePublished":"2015-06-17T16:51:54+00:00","dateModified":"2019-11-04T19:23:45+00:00","breadcrumb":{"@id":"https:\/\/about.fb.com\/es\/news\/2015\/06\/3266\/#breadcrumb"},"inLanguage":"es","potentialAction":[{"@type":"ReadAction","target":["https:\/\/about.fb.com\/es\/news\/2015\/06\/3266\/"]}],"author":"Informaci\u00f3n sobre Meta"},{"@type":"ImageObject","inLanguage":"es","@id":"https:\/\/about.fb.com\/es\/news\/2015\/06\/3266\/#primaryimage","url":"https:\/\/about.fb.com\/es\/wp-content\/uploads\/sites\/13\/2015\/06\/fblite-ultimas-noticias-1.jpg?fit=521%2C939","contentUrl":"https:\/\/about.fb.com\/es\/wp-content\/uploads\/sites\/13\/2015\/06\/fblite-ultimas-noticias-1.jpg?fit=521%2C939","width":521,"height":939},{"@type":"BreadcrumbList","@id":"https:\/\/about.fb.com\/es\/news\/2015\/06\/3266\/#breadcrumb","itemListElement":[{"@type":"ListItem","position":1,"name":"Home","item":"https:\/\/about.fb.com\/es\/"},{"@type":"ListItem","position":2,"name":"Facebook Lite, ya disponible en Espa\u00f1a"}]},{"@type":"WebSite","@id":"https:\/\/about.fb.com\/es\/#website","url":"https:\/\/about.fb.com\/news\/","name":"Informaci\u00f3n sobre Meta","description":"","publisher":{"@id":"https:\/\/about.fb.com\/es\/#organization"},"potentialAction":[{"@type":"SearchAction","target":{"@type":"EntryPoint","urlTemplate":"https:\/\/about.fb.com\/es\/?s={search_term_string}"},"query-input":{"@type":"PropertyValueSpecification","valueRequired":true,"valueName":"search_term_string"}}],"inLanguage":"es","alternateName":["Meta Newsroom","Meta"]},{"@type":"Organization","@id":"https:\/\/about.fb.com\/es\/#organization","name":"Meta","url":"https:\/\/about.fb.com\/es\/","logo":{"@type":"ImageObject","inLanguage":"es","@id":"https:\/\/about.fb.com\/es\/#\/schema\/logo\/image\/","url":"https:\/\/about.fb.com\/es\/wp-content\/uploads\/sites\/13\/2021\/10\/meta-social-16x9-1.jpg?fit=8000%2C4500","contentUrl":"https:\/\/about.fb.com\/es\/wp-content\/uploads\/sites\/13\/2021\/10\/meta-social-16x9-1.jpg?fit=8000%2C4500","width":8000,"height":4500,"caption":"Meta"},"image":{"@id":"https:\/\/about.fb.com\/es\/#\/schema\/logo\/image\/"}}]}},"jetpack_featured_media_url":"","jetpack-related-posts":[],"jetpack_sharing_enabled":true,"amp_enabled":true,"_links":{"self":[{"href":"https:\/\/about.fb.com\/es\/wp-json\/wp\/v2\/posts\/3266","targetHints":{"allow":["GET"]}}],"collection":[{"href":"https:\/\/about.fb.com\/es\/wp-json\/wp\/v2\/posts"}],"about":[{"href":"https:\/\/about.fb.com\/es\/wp-json\/wp\/v2\/types\/post"}],"author":[{"embeddable":true,"href":"https:\/\/about.fb.com\/es\/wp-json\/wp\/v2\/users\/81919965"}],"replies":[{"embeddable":true,"href":"https:\/\/about.fb.com\/es\/wp-json\/wp\/v2\/comments?post=3266"}],"version-history":[{"count":3,"href":"https:\/\/about.fb.com\/es\/wp-json\/wp\/v2\/posts\/3266\/revisions"}],"predecessor-version":[{"id":17582,"href":"https:\/\/about.fb.com\/es\/wp-json\/wp\/v2\/posts\/3266\/revisions\/17582"}],"wp:attachment":[{"href":"https:\/\/about.fb.com\/es\/wp-json\/wp\/v2\/media?parent=3266"}],"wp:term":[{"taxonomy":"category","embeddable":true,"href":"https:\/\/about.fb.com\/es\/wp-json\/wp\/v2\/categories?post=3266"},{"taxonomy":"post_tag","embeddable":true,"href":"https:\/\/about.fb.com\/es\/wp-json\/wp\/v2\/tags?post=3266"}],"curies":[{"name":"wp","href":"https:\/\/api.w.org\/{rel}","templated":true}]}}