{"id":3259,"date":"2015-06-10T13:51:01","date_gmt":"2015-06-10T13:51:01","guid":{"rendered":"http:\/\/es.newsroom.fb.com\/?p=3259"},"modified":"2019-11-04T19:23:50","modified_gmt":"2019-11-04T19:23:50","slug":"el-storytelling-visual-de-facebook-alrededor-del-mundo","status":"publish","type":"post","link":"https:\/\/about.fb.com\/es\/news\/2015\/06\/el-storytelling-visual-de-facebook-alrededor-del-mundo\/","title":{"rendered":"El storytelling visual de Facebook alrededor del mundo"},"content":{"rendered":"<p><img data-recalc-dims=\"1\" loading=\"lazy\" decoding=\"async\" class=\"aligncenter size-full wp-image-3260\" src=\"https:\/\/about.fb.com\/es\/wp-content\/uploads\/sites\/13\/2015\/06\/imagen-1-1.png?resize=676%2C380\" alt=\"Imagen 1\" width=\"676\" height=\"380\" \/><\/p>\n<p>Cada d\u00eda m\u00e1s y m\u00e1s personas utilizan los dispositivos m\u00f3viles para comunicarse de forma visual, a trav\u00e9s del v\u00eddeo, especialmente en pa\u00edses en v\u00edas de desarrollo. Contar historias en Facebook se ha vuelto m\u00e1s visual para las marcas y las personas en todo el mundo, y por ello, Facebook contin\u00faa invirtiendo en productos como Creative Accelerator.<\/p>\n<p>Facebook lanz\u00f3 el programa Creative Accelerator en <a href=\"https:\/\/www.facebook.com\/business\/news\/storytelling-in-high-growth-countries\">Marzo<\/a>, para ayudar a las marcas a descubrir la fuerza del storytelling en pa\u00edses en v\u00edas de desarrollo, para poder crear grandes historias visuales en el News Feed, independientemente del dispositivo o la velocidad de conexi\u00f3n. Creative Accelerator trabaja con las marcas y sus agencias en pa\u00edses como <strong>India<\/strong>, <strong>Indonesia<\/strong>, <strong>Sud\u00e1frica<\/strong>, <strong>Kenia<\/strong> and <strong>Turqu\u00eda<\/strong>.<\/p>\n<p>A continuaci\u00f3n puedes ver los resultados de las \u00faltimas campa\u00f1as <strong><u>lanzadas a trav\u00e9s de Creative Accelerator<\/u><\/strong> y m\u00e1s detalles sobre las \u00faltimas cifras internacionales sobre v\u00eddeo en este <a href=\"https:\/\/www.facebook.com\/business\/news\/visual-storytelling-around-the-world\">post<strong>.<\/strong><\/a><\/p>\n<ul>\n<li>En Kenia, <strong>Coca-Cola<\/strong> lanz\u00f3 una campa\u00f1a de anuncios con foto para difundir localmente un mensaje de felicidad. En relaci\u00f3n a otras campa\u00f1as similares, aument\u00f3 el recuerdo del anuncio en un 18%.<\/li>\n<\/ul>\n<p><img data-recalc-dims=\"1\" loading=\"lazy\" decoding=\"async\" class=\"aligncenter size-full wp-image-3261\" src=\"https:\/\/about.fb.com\/es\/wp-content\/uploads\/sites\/13\/2015\/06\/coca-cola-1.jpg?resize=676%2C380\" alt=\"Coca Cola\" width=\"676\" height=\"380\" \/><\/p>\n<ul>\n<li>La campa\u00f1a <strong>Nestle<\/strong> Everyday&#8217;s Theatre in a Cup conect\u00f3 con la gente en \u00e1reas rurales y metropolitanas de <strong>India <\/strong>a trav\u00e9s de anuncios en foto o v\u00eddeo, dependiendo del dispositivo de la persona y su velocidad de conexi\u00f3n. En relaci\u00f3n a otras campa\u00f1as similares en la regi\u00f3n, aument\u00f3 el reconocimiento de la marca en un 9% y la intenci\u00f3n de compra en un 5%.<\/li>\n<\/ul>\n<p><img data-recalc-dims=\"1\" loading=\"lazy\" decoding=\"async\" class=\"aligncenter size-full wp-image-3262\" src=\"https:\/\/about.fb.com\/es\/wp-content\/uploads\/sites\/13\/2015\/06\/nestlc3a9-1.gif?resize=676%2C660\" alt=\"Nestl\u00e9\" width=\"676\" height=\"660\" \/><\/p>\n<ul>\n<li><strong>Lifebouy<\/strong> utiliz\u00f3 fotos y v\u00eddeos para mostrar la efectividad de su jab\u00f3n contra los g\u00e9rmenes y contar a las madres de <strong>Indonesia<\/strong> la importancia de lavarse las manos para que su familia estuviera sana. Despu\u00e9s de la campa\u00f1a, un 9.4% m\u00e1s de madres asociaron la marca con la frase \u201cprotege de forma efectiva contra los g\u00e9rmenes\u201d<\/li>\n<\/ul>\n","protected":false},"excerpt":{"rendered":"Cada d\u00eda m\u00e1s y m\u00e1s personas utilizan los dispositivos m\u00f3viles para comunicarse de forma visual, a trav\u00e9s del v\u00eddeo, especialmente en pa\u00edses en v\u00edas de desarrollo. Contar historias en Facebook se ha vuelto m\u00e1s visual para las marcas y las personas en todo el mundo, y por ello, Facebook contin\u00faa invirtiendo en productos como Creative Accelerator. Facebook lanz\u00f3 el programa Creative Accelerator en Marzo, para ayudar a las marcas a descubrir la fuerza del storytelling en pa\u00edses en v\u00edas de desarrollo, para poder crear grandes historias visuales en el News Feed, independientemente del dispositivo o la velocidad de conexi\u00f3n. Creative Accelerator trabaja con las marcas y sus agencias en pa\u00edses como India, Indonesia, Sud\u00e1frica, Kenia and Turqu\u00eda. A continuaci\u00f3n puedes ver los resultados de las \u00faltimas campa\u00f1as lanzadas a trav\u00e9s de Creative Accelerator y m\u00e1s detalles sobre las \u00faltimas cifras internacionales sobre v\u00eddeo en este post. En Kenia, Coca-Cola lanz\u00f3 una campa\u00f1a de anuncios con foto para difundir localmente un mensaje de felicidad. En relaci\u00f3n a otras campa\u00f1as similares, aument\u00f3 el recuerdo del anuncio en un 18%. La campa\u00f1a Nestle Everyday&#8217;s Theatre in a Cup conect\u00f3 con la gente en \u00e1reas rurales y metropolitanas de India a trav\u00e9s de anuncios en foto o v\u00eddeo, dependiendo del dispositivo de la persona y su velocidad de conexi\u00f3n. En relaci\u00f3n a otras campa\u00f1as similares en la regi\u00f3n, aument\u00f3 el reconocimiento de la marca en un 9% y la intenci\u00f3n de compra en un 5%. Lifebouy utiliz\u00f3 fotos y v\u00eddeos para mostrar la efectividad de su jab\u00f3n contra los g\u00e9rmenes y contar a las madres de Indonesia la importancia de lavarse las manos para que su familia estuviera sana. Despu\u00e9s de la campa\u00f1a, un 9.4% m\u00e1s de madres asociaron la marca con la frase \u201cprotege de forma efectiva contra los g\u00e9rmenes\u201d","protected":false},"author":81919965,"featured_media":0,"comment_status":"closed","ping_status":"closed","sticky":false,"template":"","format":"standard","meta":{"_jetpack_memberships_contains_paid_content":false,"footnotes":""},"categories":[1],"tags":[],"class_list":["post-3259","post","type-post","status-publish","format-standard","hentry","category-uncategorized"],"yoast_head":"<!-- This site is optimized with the Yoast SEO plugin v27.2 - https:\/\/yoast.com\/product\/yoast-seo-wordpress\/ -->\n<title>El storytelling visual de Facebook alrededor del mundo | Informaci\u00f3n sobre Meta<\/title>\n<meta name=\"robots\" content=\"index, follow, max-snippet:-1, max-image-preview:large, max-video-preview:-1\" \/>\n<link rel=\"canonical\" href=\"https:\/\/about.fb.com\/es\/news\/2015\/06\/el-storytelling-visual-de-facebook-alrededor-del-mundo\/\" \/>\n<meta property=\"og:locale\" content=\"es_ES\" \/>\n<meta property=\"og:type\" content=\"article\" \/>\n<meta property=\"og:title\" content=\"El storytelling visual de Facebook alrededor del mundo | Informaci\u00f3n sobre Meta\" \/>\n<meta property=\"og:description\" content=\"Cada d\u00eda m\u00e1s y m\u00e1s personas utilizan los dispositivos m\u00f3viles para comunicarse de forma visual, a trav\u00e9s del v\u00eddeo, especialmente en pa\u00edses en v\u00edas de desarrollo. Contar historias en Facebook se ha vuelto m\u00e1s visual para las marcas y las personas en todo el mundo, y por ello, Facebook contin\u00faa invirtiendo en productos como Creative Accelerator. Facebook lanz\u00f3 el programa Creative Accelerator en Marzo, para ayudar a las marcas a descubrir la fuerza del storytelling en pa\u00edses en v\u00edas de desarrollo, para poder crear grandes historias visuales en el News Feed, independientemente del dispositivo o la velocidad de conexi\u00f3n. Creative Accelerator trabaja con las marcas y sus agencias en pa\u00edses como India, Indonesia, Sud\u00e1frica, Kenia and Turqu\u00eda. A continuaci\u00f3n puedes ver los resultados de las \u00faltimas campa\u00f1as lanzadas a trav\u00e9s de Creative Accelerator y m\u00e1s detalles sobre las \u00faltimas cifras internacionales sobre v\u00eddeo en este post. En Kenia, Coca-Cola lanz\u00f3 una campa\u00f1a de anuncios con foto para difundir localmente un mensaje de felicidad. En relaci\u00f3n a otras campa\u00f1as similares, aument\u00f3 el recuerdo del anuncio en un 18%. La campa\u00f1a Nestle Everyday&#8217;s Theatre in a Cup conect\u00f3 con la gente en \u00e1reas rurales y metropolitanas de India a trav\u00e9s de anuncios en foto o v\u00eddeo, dependiendo del dispositivo de la persona y su velocidad de conexi\u00f3n. En relaci\u00f3n a otras campa\u00f1as similares en la regi\u00f3n, aument\u00f3 el reconocimiento de la marca en un 9% y la intenci\u00f3n de compra en un 5%. Lifebouy utiliz\u00f3 fotos y v\u00eddeos para mostrar la efectividad de su jab\u00f3n contra los g\u00e9rmenes y contar a las madres de Indonesia la importancia de lavarse las manos para que su familia estuviera sana. Despu\u00e9s de la campa\u00f1a, un 9.4% m\u00e1s de madres asociaron la marca con la frase \u201cprotege de forma efectiva contra los g\u00e9rmenes\u201d\" \/>\n<meta property=\"og:url\" content=\"https:\/\/about.fb.com\/es\/news\/2015\/06\/el-storytelling-visual-de-facebook-alrededor-del-mundo\/\" \/>\n<meta property=\"og:site_name\" content=\"Informaci\u00f3n sobre Meta\" \/>\n<meta property=\"article:published_time\" content=\"2015-06-10T13:51:01+00:00\" \/>\n<meta property=\"article:modified_time\" content=\"2019-11-04T19:23:50+00:00\" \/>\n<meta property=\"og:image\" content=\"https:\/\/about.fb.com\/es\/wp-content\/uploads\/sites\/13\/2015\/06\/imagen-1-1.png\" \/>\n<meta name=\"author\" content=\"text100madrid\" \/>\n<meta name=\"twitter:card\" content=\"summary_large_image\" \/>\n<meta name=\"twitter:label1\" content=\"Written by\" \/>\n\t<meta name=\"twitter:data1\" content=\"Meta\" \/>\n\t<meta name=\"twitter:label2\" content=\"Est. reading time\" \/>\n\t<meta name=\"twitter:data2\" content=\"2 minutos\" \/>\n<script type=\"application\/ld+json\" class=\"yoast-schema-graph\">{\"@context\":\"https:\/\/schema.org\",\"@graph\":[{\"@type\":\"Article\",\"@id\":\"https:\/\/about.fb.com\/es\/news\/2015\/06\/el-storytelling-visual-de-facebook-alrededor-del-mundo\/#article\",\"isPartOf\":{\"@id\":\"https:\/\/about.fb.com\/es\/news\/2015\/06\/el-storytelling-visual-de-facebook-alrededor-del-mundo\/\"},\"author\":\"Facebook company\",\"headline\":\"El storytelling visual de Facebook alrededor del mundo\",\"datePublished\":\"2015-06-10T13:51:01+00:00\",\"dateModified\":\"2019-11-04T19:23:50+00:00\",\"mainEntityOfPage\":{\"@id\":\"https:\/\/about.fb.com\/es\/news\/2015\/06\/el-storytelling-visual-de-facebook-alrededor-del-mundo\/\"},\"wordCount\":341,\"publisher\":{\"@id\":\"https:\/\/about.fb.com\/es\/#organization\"},\"image\":{\"@id\":\"https:\/\/about.fb.com\/es\/news\/2015\/06\/el-storytelling-visual-de-facebook-alrededor-del-mundo\/#primaryimage\"},\"thumbnailUrl\":\"https:\/\/about.fb.com\/es\/wp-content\/uploads\/sites\/13\/2015\/06\/imagen-1-1.png\",\"articleSection\":[\"Uncategorized\"],\"inLanguage\":\"es\"},{\"@type\":\"WebPage\",\"@id\":\"https:\/\/about.fb.com\/es\/news\/2015\/06\/el-storytelling-visual-de-facebook-alrededor-del-mundo\/\",\"url\":\"https:\/\/about.fb.com\/es\/news\/2015\/06\/el-storytelling-visual-de-facebook-alrededor-del-mundo\/\",\"name\":\"El storytelling visual de Facebook alrededor del mundo | Informaci\u00f3n sobre Meta\",\"isPartOf\":{\"@id\":\"https:\/\/about.fb.com\/es\/#website\"},\"primaryImageOfPage\":{\"@id\":\"https:\/\/about.fb.com\/es\/news\/2015\/06\/el-storytelling-visual-de-facebook-alrededor-del-mundo\/#primaryimage\"},\"image\":{\"@id\":\"https:\/\/about.fb.com\/es\/news\/2015\/06\/el-storytelling-visual-de-facebook-alrededor-del-mundo\/#primaryimage\"},\"thumbnailUrl\":\"https:\/\/about.fb.com\/es\/wp-content\/uploads\/sites\/13\/2015\/06\/imagen-1-1.png\",\"datePublished\":\"2015-06-10T13:51:01+00:00\",\"dateModified\":\"2019-11-04T19:23:50+00:00\",\"breadcrumb\":{\"@id\":\"https:\/\/about.fb.com\/es\/news\/2015\/06\/el-storytelling-visual-de-facebook-alrededor-del-mundo\/#breadcrumb\"},\"inLanguage\":\"es\",\"potentialAction\":[{\"@type\":\"ReadAction\",\"target\":[\"https:\/\/about.fb.com\/es\/news\/2015\/06\/el-storytelling-visual-de-facebook-alrededor-del-mundo\/\"]}],\"author\":\"Informaci\u00f3n sobre Meta\"},{\"@type\":\"ImageObject\",\"inLanguage\":\"es\",\"@id\":\"https:\/\/about.fb.com\/es\/news\/2015\/06\/el-storytelling-visual-de-facebook-alrededor-del-mundo\/#primaryimage\",\"url\":\"https:\/\/about.fb.com\/es\/wp-content\/uploads\/sites\/13\/2015\/06\/imagen-1-1.png?fit=676%2C380\",\"contentUrl\":\"https:\/\/about.fb.com\/es\/wp-content\/uploads\/sites\/13\/2015\/06\/imagen-1-1.png?fit=676%2C380\",\"width\":676,\"height\":380},{\"@type\":\"BreadcrumbList\",\"@id\":\"https:\/\/about.fb.com\/es\/news\/2015\/06\/el-storytelling-visual-de-facebook-alrededor-del-mundo\/#breadcrumb\",\"itemListElement\":[{\"@type\":\"ListItem\",\"position\":1,\"name\":\"Home\",\"item\":\"https:\/\/about.fb.com\/es\/\"},{\"@type\":\"ListItem\",\"position\":2,\"name\":\"El storytelling visual de Facebook alrededor del mundo\"}]},{\"@type\":\"WebSite\",\"@id\":\"https:\/\/about.fb.com\/es\/#website\",\"url\":\"https:\/\/about.fb.com\/news\/\",\"name\":\"Informaci\u00f3n sobre Meta\",\"description\":\"\",\"publisher\":{\"@id\":\"https:\/\/about.fb.com\/es\/#organization\"},\"potentialAction\":[{\"@type\":\"SearchAction\",\"target\":{\"@type\":\"EntryPoint\",\"urlTemplate\":\"https:\/\/about.fb.com\/es\/?s={search_term_string}\"},\"query-input\":{\"@type\":\"PropertyValueSpecification\",\"valueRequired\":true,\"valueName\":\"search_term_string\"}}],\"inLanguage\":\"es\",\"alternateName\":[\"Meta Newsroom\",\"Meta\"]},{\"@type\":\"Organization\",\"@id\":\"https:\/\/about.fb.com\/es\/#organization\",\"name\":\"Meta\",\"url\":\"https:\/\/about.fb.com\/es\/\",\"logo\":{\"@type\":\"ImageObject\",\"inLanguage\":\"es\",\"@id\":\"https:\/\/about.fb.com\/es\/#\/schema\/logo\/image\/\",\"url\":\"https:\/\/about.fb.com\/es\/wp-content\/uploads\/sites\/13\/2021\/10\/meta-social-16x9-1.jpg?fit=8000%2C4500\",\"contentUrl\":\"https:\/\/about.fb.com\/es\/wp-content\/uploads\/sites\/13\/2021\/10\/meta-social-16x9-1.jpg?fit=8000%2C4500\",\"width\":8000,\"height\":4500,\"caption\":\"Meta\"},\"image\":{\"@id\":\"https:\/\/about.fb.com\/es\/#\/schema\/logo\/image\/\"}}]}<\/script>\n<!-- \/ Yoast SEO plugin. -->","yoast_head_json":{"title":"El storytelling visual de Facebook alrededor del mundo | Informaci\u00f3n sobre Meta","robots":{"index":"index","follow":"follow","max-snippet":"max-snippet:-1","max-image-preview":"max-image-preview:large","max-video-preview":"max-video-preview:-1"},"canonical":"https:\/\/about.fb.com\/es\/news\/2015\/06\/el-storytelling-visual-de-facebook-alrededor-del-mundo\/","og_locale":"es_ES","og_type":"article","og_title":"El storytelling visual de Facebook alrededor del mundo | Informaci\u00f3n sobre Meta","og_description":"Cada d\u00eda m\u00e1s y m\u00e1s personas utilizan los dispositivos m\u00f3viles para comunicarse de forma visual, a trav\u00e9s del v\u00eddeo, especialmente en pa\u00edses en v\u00edas de desarrollo. Contar historias en Facebook se ha vuelto m\u00e1s visual para las marcas y las personas en todo el mundo, y por ello, Facebook contin\u00faa invirtiendo en productos como Creative Accelerator. Facebook lanz\u00f3 el programa Creative Accelerator en Marzo, para ayudar a las marcas a descubrir la fuerza del storytelling en pa\u00edses en v\u00edas de desarrollo, para poder crear grandes historias visuales en el News Feed, independientemente del dispositivo o la velocidad de conexi\u00f3n. Creative Accelerator trabaja con las marcas y sus agencias en pa\u00edses como India, Indonesia, Sud\u00e1frica, Kenia and Turqu\u00eda. A continuaci\u00f3n puedes ver los resultados de las \u00faltimas campa\u00f1as lanzadas a trav\u00e9s de Creative Accelerator y m\u00e1s detalles sobre las \u00faltimas cifras internacionales sobre v\u00eddeo en este post. En Kenia, Coca-Cola lanz\u00f3 una campa\u00f1a de anuncios con foto para difundir localmente un mensaje de felicidad. En relaci\u00f3n a otras campa\u00f1as similares, aument\u00f3 el recuerdo del anuncio en un 18%. La campa\u00f1a Nestle Everyday&#8217;s Theatre in a Cup conect\u00f3 con la gente en \u00e1reas rurales y metropolitanas de India a trav\u00e9s de anuncios en foto o v\u00eddeo, dependiendo del dispositivo de la persona y su velocidad de conexi\u00f3n. En relaci\u00f3n a otras campa\u00f1as similares en la regi\u00f3n, aument\u00f3 el reconocimiento de la marca en un 9% y la intenci\u00f3n de compra en un 5%. Lifebouy utiliz\u00f3 fotos y v\u00eddeos para mostrar la efectividad de su jab\u00f3n contra los g\u00e9rmenes y contar a las madres de Indonesia la importancia de lavarse las manos para que su familia estuviera sana. Despu\u00e9s de la campa\u00f1a, un 9.4% m\u00e1s de madres asociaron la marca con la frase \u201cprotege de forma efectiva contra los g\u00e9rmenes\u201d","og_url":"https:\/\/about.fb.com\/es\/news\/2015\/06\/el-storytelling-visual-de-facebook-alrededor-del-mundo\/","og_site_name":"Informaci\u00f3n sobre Meta","article_published_time":"2015-06-10T13:51:01+00:00","article_modified_time":"2019-11-04T19:23:50+00:00","og_image":[{"url":"https:\/\/about.fb.com\/es\/wp-content\/uploads\/sites\/13\/2015\/06\/imagen-1-1.png","type":"","width":"","height":""}],"author":"text100madrid","twitter_card":"summary_large_image","twitter_misc":{"Written by":"Meta","Est. reading time":"2 minutos"},"schema":{"@context":"https:\/\/schema.org","@graph":[{"@type":"Article","@id":"https:\/\/about.fb.com\/es\/news\/2015\/06\/el-storytelling-visual-de-facebook-alrededor-del-mundo\/#article","isPartOf":{"@id":"https:\/\/about.fb.com\/es\/news\/2015\/06\/el-storytelling-visual-de-facebook-alrededor-del-mundo\/"},"author":"Facebook company","headline":"El storytelling visual de Facebook alrededor del mundo","datePublished":"2015-06-10T13:51:01+00:00","dateModified":"2019-11-04T19:23:50+00:00","mainEntityOfPage":{"@id":"https:\/\/about.fb.com\/es\/news\/2015\/06\/el-storytelling-visual-de-facebook-alrededor-del-mundo\/"},"wordCount":341,"publisher":{"@id":"https:\/\/about.fb.com\/es\/#organization"},"image":{"@id":"https:\/\/about.fb.com\/es\/news\/2015\/06\/el-storytelling-visual-de-facebook-alrededor-del-mundo\/#primaryimage"},"thumbnailUrl":"https:\/\/about.fb.com\/es\/wp-content\/uploads\/sites\/13\/2015\/06\/imagen-1-1.png","articleSection":["Uncategorized"],"inLanguage":"es"},{"@type":"WebPage","@id":"https:\/\/about.fb.com\/es\/news\/2015\/06\/el-storytelling-visual-de-facebook-alrededor-del-mundo\/","url":"https:\/\/about.fb.com\/es\/news\/2015\/06\/el-storytelling-visual-de-facebook-alrededor-del-mundo\/","name":"El storytelling visual de Facebook alrededor del mundo | Informaci\u00f3n sobre Meta","isPartOf":{"@id":"https:\/\/about.fb.com\/es\/#website"},"primaryImageOfPage":{"@id":"https:\/\/about.fb.com\/es\/news\/2015\/06\/el-storytelling-visual-de-facebook-alrededor-del-mundo\/#primaryimage"},"image":{"@id":"https:\/\/about.fb.com\/es\/news\/2015\/06\/el-storytelling-visual-de-facebook-alrededor-del-mundo\/#primaryimage"},"thumbnailUrl":"https:\/\/about.fb.com\/es\/wp-content\/uploads\/sites\/13\/2015\/06\/imagen-1-1.png","datePublished":"2015-06-10T13:51:01+00:00","dateModified":"2019-11-04T19:23:50+00:00","breadcrumb":{"@id":"https:\/\/about.fb.com\/es\/news\/2015\/06\/el-storytelling-visual-de-facebook-alrededor-del-mundo\/#breadcrumb"},"inLanguage":"es","potentialAction":[{"@type":"ReadAction","target":["https:\/\/about.fb.com\/es\/news\/2015\/06\/el-storytelling-visual-de-facebook-alrededor-del-mundo\/"]}],"author":"Informaci\u00f3n sobre Meta"},{"@type":"ImageObject","inLanguage":"es","@id":"https:\/\/about.fb.com\/es\/news\/2015\/06\/el-storytelling-visual-de-facebook-alrededor-del-mundo\/#primaryimage","url":"https:\/\/about.fb.com\/es\/wp-content\/uploads\/sites\/13\/2015\/06\/imagen-1-1.png?fit=676%2C380","contentUrl":"https:\/\/about.fb.com\/es\/wp-content\/uploads\/sites\/13\/2015\/06\/imagen-1-1.png?fit=676%2C380","width":676,"height":380},{"@type":"BreadcrumbList","@id":"https:\/\/about.fb.com\/es\/news\/2015\/06\/el-storytelling-visual-de-facebook-alrededor-del-mundo\/#breadcrumb","itemListElement":[{"@type":"ListItem","position":1,"name":"Home","item":"https:\/\/about.fb.com\/es\/"},{"@type":"ListItem","position":2,"name":"El storytelling visual de Facebook alrededor del mundo"}]},{"@type":"WebSite","@id":"https:\/\/about.fb.com\/es\/#website","url":"https:\/\/about.fb.com\/news\/","name":"Informaci\u00f3n sobre Meta","description":"","publisher":{"@id":"https:\/\/about.fb.com\/es\/#organization"},"potentialAction":[{"@type":"SearchAction","target":{"@type":"EntryPoint","urlTemplate":"https:\/\/about.fb.com\/es\/?s={search_term_string}"},"query-input":{"@type":"PropertyValueSpecification","valueRequired":true,"valueName":"search_term_string"}}],"inLanguage":"es","alternateName":["Meta Newsroom","Meta"]},{"@type":"Organization","@id":"https:\/\/about.fb.com\/es\/#organization","name":"Meta","url":"https:\/\/about.fb.com\/es\/","logo":{"@type":"ImageObject","inLanguage":"es","@id":"https:\/\/about.fb.com\/es\/#\/schema\/logo\/image\/","url":"https:\/\/about.fb.com\/es\/wp-content\/uploads\/sites\/13\/2021\/10\/meta-social-16x9-1.jpg?fit=8000%2C4500","contentUrl":"https:\/\/about.fb.com\/es\/wp-content\/uploads\/sites\/13\/2021\/10\/meta-social-16x9-1.jpg?fit=8000%2C4500","width":8000,"height":4500,"caption":"Meta"},"image":{"@id":"https:\/\/about.fb.com\/es\/#\/schema\/logo\/image\/"}}]}},"jetpack_featured_media_url":"","jetpack-related-posts":[],"jetpack_sharing_enabled":true,"amp_enabled":true,"_links":{"self":[{"href":"https:\/\/about.fb.com\/es\/wp-json\/wp\/v2\/posts\/3259","targetHints":{"allow":["GET"]}}],"collection":[{"href":"https:\/\/about.fb.com\/es\/wp-json\/wp\/v2\/posts"}],"about":[{"href":"https:\/\/about.fb.com\/es\/wp-json\/wp\/v2\/types\/post"}],"author":[{"embeddable":true,"href":"https:\/\/about.fb.com\/es\/wp-json\/wp\/v2\/users\/81919965"}],"replies":[{"embeddable":true,"href":"https:\/\/about.fb.com\/es\/wp-json\/wp\/v2\/comments?post=3259"}],"version-history":[{"count":2,"href":"https:\/\/about.fb.com\/es\/wp-json\/wp\/v2\/posts\/3259\/revisions"}],"predecessor-version":[{"id":17586,"href":"https:\/\/about.fb.com\/es\/wp-json\/wp\/v2\/posts\/3259\/revisions\/17586"}],"wp:attachment":[{"href":"https:\/\/about.fb.com\/es\/wp-json\/wp\/v2\/media?parent=3259"}],"wp:term":[{"taxonomy":"category","embeddable":true,"href":"https:\/\/about.fb.com\/es\/wp-json\/wp\/v2\/categories?post=3259"},{"taxonomy":"post_tag","embeddable":true,"href":"https:\/\/about.fb.com\/es\/wp-json\/wp\/v2\/tags?post=3259"}],"curies":[{"name":"wp","href":"https:\/\/api.w.org\/{rel}","templated":true}]}}