{"id":3252,"date":"2015-05-14T10:25:11","date_gmt":"2015-05-14T10:25:11","guid":{"rendered":"http:\/\/es.newsroom.fb.com\/?p=3252"},"modified":"2019-11-04T19:23:52","modified_gmt":"2019-11-04T19:23:52","slug":"jorge-javier-a-sus-fans-en-facebook-salvame-es-tan-impredecible-como-la-vida-de-ahi-que-no-me-aburra","status":"publish","type":"post","link":"https:\/\/about.fb.com\/es\/news\/2015\/05\/jorge-javier-a-sus-fans-en-facebook-salvame-es-tan-impredecible-como-la-vida-de-ahi-que-no-me-aburra\/","title":{"rendered":"Jorge Javier, a sus fans en Facebook: \u201cS\u00e1lvame es tan impredecible como la vida. \u00a1De ah\u00ed que no me aburra!\u201d"},"content":{"rendered":"<p>El presentador de Telecinco se ha mostrado feliz ante su debut teatral como actor: <em>\u201cEstamos ya ensayando y estoy content\u00edsimo, con muchas ganas de compartirlo\u201d<\/em><\/p>\n<p>Jorge Javier V\u00e1zquez ha respondido a sus fans en una sesi\u00f3n de Preguntas y Respuestas a trav\u00e9s de su <a href=\"https:\/\/www.facebook.com\/jorgejaviervazqueztv\">p\u00e1gina oficial<\/a> en Facebook. El presentador de Telecinco ha expresado que el formato diario de S\u00e1lvame no le cansa por el momento: <em>\u201cS\u00e1lvame es tan impredecible como la vida. \u00a1De ah\u00ed que no me aburra! Desde peque\u00f1o quise ser presentador, pero lo ve\u00eda como un sue\u00f1o inalcanzable. Por eso me considero un privilegiado\u201d<\/em>. Ha reconocido que le gustar\u00eda presentar Gran Hermano, pero \u201ccomo Mercedes no hay nadie\u201d y que lo que m\u00e1s le gusta de la profesi\u00f3n es que \u201cnada est\u00e1 escrito\u201d. Tambi\u00e9n ha expresado que es \u201cmuy fan\u201d de Ana Bel\u00e9n y le encantar\u00eda entrevistarla.<\/p>\n<p><img data-recalc-dims=\"1\" loading=\"lazy\" decoding=\"async\" class=\"aligncenter  wp-image-3253\" src=\"https:\/\/about.fb.com\/es\/wp-content\/uploads\/sites\/13\/2015\/05\/jorge-javier-vazquez-1.jpg?resize=521%2C521\" alt=\"Jorge Javier Vazquez\" width=\"521\" height=\"521\" \/><\/p>\n<p>&nbsp;<\/p>\n<p>El presentador ha mostrado su entusiasmo ante su debut teatral como actor en el musical <em>Iba en serio<\/em>, basado en su autobiograf\u00eda <em>La vida iba en serio<\/em>, que estrenar\u00e1 el 4 de septiembre en el teatro Cervantes de M\u00e1laga: <em>\u201cEstamos ya ensayando y estoy content\u00edsimo, con muchas ganas de compartirlo\u201d<\/em>. La obra no impedir\u00e1 que pueda continuar con su labor en S\u00e1lvame, ya que s\u00f3lo har\u00e1 funciones los domingos y lunes, tal y como ha comentado en Facebook. Ha animado a sus seguidores a que vayan a verlo al Teatro, con la gira que recorrer\u00e1 toda Espa\u00f1a a partir de oto\u00f1o.<\/p>\n<p>Algunos de sus fans han aprovechado para preguntarle por una de sus pasiones: los perros. Jorge Javier colabora con la asociaci\u00f3n BaasGalgo y anim\u00f3 a una de sus fans a que tenga uno. <em>\u201cOjal\u00e1 este pa\u00eds tuviera una relaci\u00f3n m\u00e1s madura con los animales\u201d<\/em>, ha respondido a una seguidora que le agradec\u00eda su labor por la defensa de los animales.<\/p>\n<p>El presentador tambi\u00e9n confes\u00f3 que hace \u201cdemasiado\u201d que no se come un capricho dulce como un bollo de chocolate y cu\u00e1l es su plato favorito: \u201c<em>La pasta con bien de queso. O sea, un horror\u201d<\/em>. Y un truco para relajarse: <em>\u201cVer la pel\u00edcula Un lugar en el mundo. Es mano de santo\u201d.<\/em><\/p>\n<p>Puedes ver la sesi\u00f3n completa de Preguntas y Respuestas de Jorge Javier V\u00e1zquez aqu\u00ed: <a href=\"https:\/\/www.facebook.com\/jorgejaviervazqueztv\/posts\/1585658425032357\">https:\/\/www.facebook.com\/jorgejaviervazqueztv\/posts\/1585658425032357<\/a><\/p>\n","protected":false},"excerpt":{"rendered":"El presentador de Telecinco se ha mostrado feliz ante su debut teatral como actor: \u201cEstamos ya ensayando y estoy content\u00edsimo, con muchas ganas de compartirlo\u201d Jorge Javier V\u00e1zquez ha respondido a sus fans en una sesi\u00f3n de Preguntas y Respuestas a trav\u00e9s de su p\u00e1gina oficial en Facebook. El presentador de Telecinco ha expresado que el formato diario de S\u00e1lvame no le cansa por el momento: \u201cS\u00e1lvame es tan impredecible como la vida. \u00a1De ah\u00ed que no me aburra! Desde peque\u00f1o quise ser presentador, pero lo ve\u00eda como un sue\u00f1o inalcanzable. Por eso me considero un privilegiado\u201d. Ha reconocido que le gustar\u00eda presentar Gran Hermano, pero \u201ccomo Mercedes no hay nadie\u201d y que lo que m\u00e1s le gusta de la profesi\u00f3n es que \u201cnada est\u00e1 escrito\u201d. Tambi\u00e9n ha expresado que es \u201cmuy fan\u201d de Ana Bel\u00e9n y le encantar\u00eda entrevistarla. &nbsp; El presentador ha mostrado su entusiasmo ante su debut teatral como actor en el musical Iba en serio, basado en su autobiograf\u00eda La vida iba en serio, que estrenar\u00e1 el 4 de septiembre en el teatro Cervantes de M\u00e1laga: \u201cEstamos ya ensayando y estoy content\u00edsimo, con muchas ganas de compartirlo\u201d. La obra no impedir\u00e1 que pueda continuar con su labor en S\u00e1lvame, ya que s\u00f3lo har\u00e1 funciones los domingos y lunes, tal y como ha comentado en Facebook. Ha animado a sus seguidores a que vayan a verlo al Teatro, con la gira que recorrer\u00e1 toda Espa\u00f1a a partir de oto\u00f1o. Algunos de sus fans han aprovechado para preguntarle por una de sus pasiones: los perros. Jorge Javier colabora con la asociaci\u00f3n BaasGalgo y anim\u00f3 a una de sus fans a que tenga uno. \u201cOjal\u00e1 este pa\u00eds tuviera una relaci\u00f3n m\u00e1s madura con los animales\u201d, ha respondido a una seguidora que le agradec\u00eda su labor por la defensa de los animales. El presentador tambi\u00e9n confes\u00f3 que hace \u201cdemasiado\u201d que no se come un capricho dulce como un bollo de chocolate y cu\u00e1l es su plato favorito: \u201cLa pasta con bien de queso. O sea, un horror\u201d. Y un truco para relajarse: \u201cVer la pel\u00edcula Un lugar en el mundo. Es mano de santo\u201d. Puedes ver la sesi\u00f3n completa de Preguntas y Respuestas de Jorge Javier V\u00e1zquez aqu\u00ed: <a href=\"https:\/\/www.facebook.com\/jorgejaviervazqueztv\/posts\/1585658425032357\" rel=\"nofollow\">https:\/\/www.facebook.com\/jorgejaviervazqueztv\/posts\/1585658425032357<\/a>","protected":false},"author":81919965,"featured_media":0,"comment_status":"closed","ping_status":"closed","sticky":false,"template":"","format":"standard","meta":{"_jetpack_memberships_contains_paid_content":false,"footnotes":""},"categories":[1],"tags":[],"class_list":["post-3252","post","type-post","status-publish","format-standard","hentry","category-uncategorized"],"yoast_head":"<!-- This site is optimized with the Yoast SEO plugin v27.2 - https:\/\/yoast.com\/product\/yoast-seo-wordpress\/ -->\n<title>Jorge Javier, a sus fans en Facebook: \u201cS\u00e1lvame es tan impredecible como la vida. \u00a1De ah\u00ed que no me aburra!\u201d | Informaci\u00f3n sobre Meta<\/title>\n<meta name=\"robots\" content=\"index, follow, max-snippet:-1, max-image-preview:large, max-video-preview:-1\" \/>\n<link rel=\"canonical\" href=\"https:\/\/about.fb.com\/es\/news\/2015\/05\/jorge-javier-a-sus-fans-en-facebook-salvame-es-tan-impredecible-como-la-vida-de-ahi-que-no-me-aburra\/\" \/>\n<meta property=\"og:locale\" content=\"es_ES\" \/>\n<meta property=\"og:type\" content=\"article\" \/>\n<meta property=\"og:title\" content=\"Jorge Javier, a sus fans en Facebook: \u201cS\u00e1lvame es tan impredecible como la vida. \u00a1De ah\u00ed que no me aburra!\u201d | Informaci\u00f3n sobre Meta\" \/>\n<meta property=\"og:description\" content=\"El presentador de Telecinco se ha mostrado feliz ante su debut teatral como actor: \u201cEstamos ya ensayando y estoy content\u00edsimo, con muchas ganas de compartirlo\u201d Jorge Javier V\u00e1zquez ha respondido a sus fans en una sesi\u00f3n de Preguntas y Respuestas a trav\u00e9s de su p\u00e1gina oficial en Facebook. El presentador de Telecinco ha expresado que el formato diario de S\u00e1lvame no le cansa por el momento: \u201cS\u00e1lvame es tan impredecible como la vida. \u00a1De ah\u00ed que no me aburra! Desde peque\u00f1o quise ser presentador, pero lo ve\u00eda como un sue\u00f1o inalcanzable. Por eso me considero un privilegiado\u201d. Ha reconocido que le gustar\u00eda presentar Gran Hermano, pero \u201ccomo Mercedes no hay nadie\u201d y que lo que m\u00e1s le gusta de la profesi\u00f3n es que \u201cnada est\u00e1 escrito\u201d. Tambi\u00e9n ha expresado que es \u201cmuy fan\u201d de Ana Bel\u00e9n y le encantar\u00eda entrevistarla. &nbsp; El presentador ha mostrado su entusiasmo ante su debut teatral como actor en el musical Iba en serio, basado en su autobiograf\u00eda La vida iba en serio, que estrenar\u00e1 el 4 de septiembre en el teatro Cervantes de M\u00e1laga: \u201cEstamos ya ensayando y estoy content\u00edsimo, con muchas ganas de compartirlo\u201d. La obra no impedir\u00e1 que pueda continuar con su labor en S\u00e1lvame, ya que s\u00f3lo har\u00e1 funciones los domingos y lunes, tal y como ha comentado en Facebook. Ha animado a sus seguidores a que vayan a verlo al Teatro, con la gira que recorrer\u00e1 toda Espa\u00f1a a partir de oto\u00f1o. Algunos de sus fans han aprovechado para preguntarle por una de sus pasiones: los perros. Jorge Javier colabora con la asociaci\u00f3n BaasGalgo y anim\u00f3 a una de sus fans a que tenga uno. \u201cOjal\u00e1 este pa\u00eds tuviera una relaci\u00f3n m\u00e1s madura con los animales\u201d, ha respondido a una seguidora que le agradec\u00eda su labor por la defensa de los animales. El presentador tambi\u00e9n confes\u00f3 que hace \u201cdemasiado\u201d que no se come un capricho dulce como un bollo de chocolate y cu\u00e1l es su plato favorito: \u201cLa pasta con bien de queso. O sea, un horror\u201d. Y un truco para relajarse: \u201cVer la pel\u00edcula Un lugar en el mundo. Es mano de santo\u201d. Puedes ver la sesi\u00f3n completa de Preguntas y Respuestas de Jorge Javier V\u00e1zquez aqu\u00ed: https:\/\/www.facebook.com\/jorgejaviervazqueztv\/posts\/1585658425032357\" \/>\n<meta property=\"og:url\" content=\"https:\/\/about.fb.com\/es\/news\/2015\/05\/jorge-javier-a-sus-fans-en-facebook-salvame-es-tan-impredecible-como-la-vida-de-ahi-que-no-me-aburra\/\" \/>\n<meta property=\"og:site_name\" content=\"Informaci\u00f3n sobre Meta\" \/>\n<meta property=\"article:published_time\" content=\"2015-05-14T10:25:11+00:00\" \/>\n<meta property=\"article:modified_time\" content=\"2019-11-04T19:23:52+00:00\" \/>\n<meta property=\"og:image\" content=\"https:\/\/about.fb.com\/es\/wp-content\/uploads\/sites\/13\/2015\/05\/jorge-javier-vazquez-1.jpg\" \/>\n<meta name=\"author\" content=\"text100madrid\" \/>\n<meta name=\"twitter:card\" content=\"summary_large_image\" \/>\n<meta name=\"twitter:label1\" content=\"Written by\" \/>\n\t<meta name=\"twitter:data1\" content=\"Meta\" \/>\n\t<meta name=\"twitter:label2\" content=\"Est. reading time\" \/>\n\t<meta name=\"twitter:data2\" content=\"2 minutos\" \/>\n<script type=\"application\/ld+json\" class=\"yoast-schema-graph\">{\"@context\":\"https:\/\/schema.org\",\"@graph\":[{\"@type\":\"Article\",\"@id\":\"https:\/\/about.fb.com\/es\/news\/2015\/05\/jorge-javier-a-sus-fans-en-facebook-salvame-es-tan-impredecible-como-la-vida-de-ahi-que-no-me-aburra\/#article\",\"isPartOf\":{\"@id\":\"https:\/\/about.fb.com\/es\/news\/2015\/05\/jorge-javier-a-sus-fans-en-facebook-salvame-es-tan-impredecible-como-la-vida-de-ahi-que-no-me-aburra\/\"},\"author\":\"Facebook company\",\"headline\":\"Jorge Javier, a sus fans en Facebook: \u201cS\u00e1lvame es tan impredecible como la vida. \u00a1De ah\u00ed que no me aburra!\u201d\",\"datePublished\":\"2015-05-14T10:25:11+00:00\",\"dateModified\":\"2019-11-04T19:23:52+00:00\",\"mainEntityOfPage\":{\"@id\":\"https:\/\/about.fb.com\/es\/news\/2015\/05\/jorge-javier-a-sus-fans-en-facebook-salvame-es-tan-impredecible-como-la-vida-de-ahi-que-no-me-aburra\/\"},\"wordCount\":427,\"publisher\":{\"@id\":\"https:\/\/about.fb.com\/es\/#organization\"},\"image\":{\"@id\":\"https:\/\/about.fb.com\/es\/news\/2015\/05\/jorge-javier-a-sus-fans-en-facebook-salvame-es-tan-impredecible-como-la-vida-de-ahi-que-no-me-aburra\/#primaryimage\"},\"thumbnailUrl\":\"https:\/\/about.fb.com\/es\/wp-content\/uploads\/sites\/13\/2015\/05\/jorge-javier-vazquez-1.jpg\",\"articleSection\":[\"Uncategorized\"],\"inLanguage\":\"es\"},{\"@type\":\"WebPage\",\"@id\":\"https:\/\/about.fb.com\/es\/news\/2015\/05\/jorge-javier-a-sus-fans-en-facebook-salvame-es-tan-impredecible-como-la-vida-de-ahi-que-no-me-aburra\/\",\"url\":\"https:\/\/about.fb.com\/es\/news\/2015\/05\/jorge-javier-a-sus-fans-en-facebook-salvame-es-tan-impredecible-como-la-vida-de-ahi-que-no-me-aburra\/\",\"name\":\"Jorge Javier, a sus fans en Facebook: \u201cS\u00e1lvame es tan impredecible como la vida. \u00a1De ah\u00ed que no me aburra!\u201d | Informaci\u00f3n sobre Meta\",\"isPartOf\":{\"@id\":\"https:\/\/about.fb.com\/es\/#website\"},\"primaryImageOfPage\":{\"@id\":\"https:\/\/about.fb.com\/es\/news\/2015\/05\/jorge-javier-a-sus-fans-en-facebook-salvame-es-tan-impredecible-como-la-vida-de-ahi-que-no-me-aburra\/#primaryimage\"},\"image\":{\"@id\":\"https:\/\/about.fb.com\/es\/news\/2015\/05\/jorge-javier-a-sus-fans-en-facebook-salvame-es-tan-impredecible-como-la-vida-de-ahi-que-no-me-aburra\/#primaryimage\"},\"thumbnailUrl\":\"https:\/\/about.fb.com\/es\/wp-content\/uploads\/sites\/13\/2015\/05\/jorge-javier-vazquez-1.jpg\",\"datePublished\":\"2015-05-14T10:25:11+00:00\",\"dateModified\":\"2019-11-04T19:23:52+00:00\",\"breadcrumb\":{\"@id\":\"https:\/\/about.fb.com\/es\/news\/2015\/05\/jorge-javier-a-sus-fans-en-facebook-salvame-es-tan-impredecible-como-la-vida-de-ahi-que-no-me-aburra\/#breadcrumb\"},\"inLanguage\":\"es\",\"potentialAction\":[{\"@type\":\"ReadAction\",\"target\":[\"https:\/\/about.fb.com\/es\/news\/2015\/05\/jorge-javier-a-sus-fans-en-facebook-salvame-es-tan-impredecible-como-la-vida-de-ahi-que-no-me-aburra\/\"]}],\"author\":\"Informaci\u00f3n sobre Meta\"},{\"@type\":\"ImageObject\",\"inLanguage\":\"es\",\"@id\":\"https:\/\/about.fb.com\/es\/news\/2015\/05\/jorge-javier-a-sus-fans-en-facebook-salvame-es-tan-impredecible-como-la-vida-de-ahi-que-no-me-aburra\/#primaryimage\",\"url\":\"https:\/\/about.fb.com\/es\/wp-content\/uploads\/sites\/13\/2015\/05\/jorge-javier-vazquez-1.jpg?fit=960%2C960\",\"contentUrl\":\"https:\/\/about.fb.com\/es\/wp-content\/uploads\/sites\/13\/2015\/05\/jorge-javier-vazquez-1.jpg?fit=960%2C960\",\"width\":960,\"height\":960},{\"@type\":\"BreadcrumbList\",\"@id\":\"https:\/\/about.fb.com\/es\/news\/2015\/05\/jorge-javier-a-sus-fans-en-facebook-salvame-es-tan-impredecible-como-la-vida-de-ahi-que-no-me-aburra\/#breadcrumb\",\"itemListElement\":[{\"@type\":\"ListItem\",\"position\":1,\"name\":\"Home\",\"item\":\"https:\/\/about.fb.com\/es\/\"},{\"@type\":\"ListItem\",\"position\":2,\"name\":\"Jorge Javier, a sus fans en Facebook: \u201cS\u00e1lvame es tan impredecible como la vida. \u00a1De ah\u00ed que no me aburra!\u201d\"}]},{\"@type\":\"WebSite\",\"@id\":\"https:\/\/about.fb.com\/es\/#website\",\"url\":\"https:\/\/about.fb.com\/news\/\",\"name\":\"Informaci\u00f3n sobre Meta\",\"description\":\"\",\"publisher\":{\"@id\":\"https:\/\/about.fb.com\/es\/#organization\"},\"potentialAction\":[{\"@type\":\"SearchAction\",\"target\":{\"@type\":\"EntryPoint\",\"urlTemplate\":\"https:\/\/about.fb.com\/es\/?s={search_term_string}\"},\"query-input\":{\"@type\":\"PropertyValueSpecification\",\"valueRequired\":true,\"valueName\":\"search_term_string\"}}],\"inLanguage\":\"es\",\"alternateName\":[\"Meta Newsroom\",\"Meta\"]},{\"@type\":\"Organization\",\"@id\":\"https:\/\/about.fb.com\/es\/#organization\",\"name\":\"Meta\",\"url\":\"https:\/\/about.fb.com\/es\/\",\"logo\":{\"@type\":\"ImageObject\",\"inLanguage\":\"es\",\"@id\":\"https:\/\/about.fb.com\/es\/#\/schema\/logo\/image\/\",\"url\":\"https:\/\/about.fb.com\/es\/wp-content\/uploads\/sites\/13\/2021\/10\/meta-social-16x9-1.jpg?fit=8000%2C4500\",\"contentUrl\":\"https:\/\/about.fb.com\/es\/wp-content\/uploads\/sites\/13\/2021\/10\/meta-social-16x9-1.jpg?fit=8000%2C4500\",\"width\":8000,\"height\":4500,\"caption\":\"Meta\"},\"image\":{\"@id\":\"https:\/\/about.fb.com\/es\/#\/schema\/logo\/image\/\"}}]}<\/script>\n<!-- \/ Yoast SEO plugin. -->","yoast_head_json":{"title":"Jorge Javier, a sus fans en Facebook: \u201cS\u00e1lvame es tan impredecible como la vida. \u00a1De ah\u00ed que no me aburra!\u201d | Informaci\u00f3n sobre Meta","robots":{"index":"index","follow":"follow","max-snippet":"max-snippet:-1","max-image-preview":"max-image-preview:large","max-video-preview":"max-video-preview:-1"},"canonical":"https:\/\/about.fb.com\/es\/news\/2015\/05\/jorge-javier-a-sus-fans-en-facebook-salvame-es-tan-impredecible-como-la-vida-de-ahi-que-no-me-aburra\/","og_locale":"es_ES","og_type":"article","og_title":"Jorge Javier, a sus fans en Facebook: \u201cS\u00e1lvame es tan impredecible como la vida. \u00a1De ah\u00ed que no me aburra!\u201d | Informaci\u00f3n sobre Meta","og_description":"El presentador de Telecinco se ha mostrado feliz ante su debut teatral como actor: \u201cEstamos ya ensayando y estoy content\u00edsimo, con muchas ganas de compartirlo\u201d Jorge Javier V\u00e1zquez ha respondido a sus fans en una sesi\u00f3n de Preguntas y Respuestas a trav\u00e9s de su p\u00e1gina oficial en Facebook. El presentador de Telecinco ha expresado que el formato diario de S\u00e1lvame no le cansa por el momento: \u201cS\u00e1lvame es tan impredecible como la vida. \u00a1De ah\u00ed que no me aburra! Desde peque\u00f1o quise ser presentador, pero lo ve\u00eda como un sue\u00f1o inalcanzable. Por eso me considero un privilegiado\u201d. Ha reconocido que le gustar\u00eda presentar Gran Hermano, pero \u201ccomo Mercedes no hay nadie\u201d y que lo que m\u00e1s le gusta de la profesi\u00f3n es que \u201cnada est\u00e1 escrito\u201d. Tambi\u00e9n ha expresado que es \u201cmuy fan\u201d de Ana Bel\u00e9n y le encantar\u00eda entrevistarla. &nbsp; El presentador ha mostrado su entusiasmo ante su debut teatral como actor en el musical Iba en serio, basado en su autobiograf\u00eda La vida iba en serio, que estrenar\u00e1 el 4 de septiembre en el teatro Cervantes de M\u00e1laga: \u201cEstamos ya ensayando y estoy content\u00edsimo, con muchas ganas de compartirlo\u201d. La obra no impedir\u00e1 que pueda continuar con su labor en S\u00e1lvame, ya que s\u00f3lo har\u00e1 funciones los domingos y lunes, tal y como ha comentado en Facebook. Ha animado a sus seguidores a que vayan a verlo al Teatro, con la gira que recorrer\u00e1 toda Espa\u00f1a a partir de oto\u00f1o. Algunos de sus fans han aprovechado para preguntarle por una de sus pasiones: los perros. Jorge Javier colabora con la asociaci\u00f3n BaasGalgo y anim\u00f3 a una de sus fans a que tenga uno. \u201cOjal\u00e1 este pa\u00eds tuviera una relaci\u00f3n m\u00e1s madura con los animales\u201d, ha respondido a una seguidora que le agradec\u00eda su labor por la defensa de los animales. El presentador tambi\u00e9n confes\u00f3 que hace \u201cdemasiado\u201d que no se come un capricho dulce como un bollo de chocolate y cu\u00e1l es su plato favorito: \u201cLa pasta con bien de queso. O sea, un horror\u201d. Y un truco para relajarse: \u201cVer la pel\u00edcula Un lugar en el mundo. Es mano de santo\u201d. Puedes ver la sesi\u00f3n completa de Preguntas y Respuestas de Jorge Javier V\u00e1zquez aqu\u00ed: https:\/\/www.facebook.com\/jorgejaviervazqueztv\/posts\/1585658425032357","og_url":"https:\/\/about.fb.com\/es\/news\/2015\/05\/jorge-javier-a-sus-fans-en-facebook-salvame-es-tan-impredecible-como-la-vida-de-ahi-que-no-me-aburra\/","og_site_name":"Informaci\u00f3n sobre Meta","article_published_time":"2015-05-14T10:25:11+00:00","article_modified_time":"2019-11-04T19:23:52+00:00","og_image":[{"url":"https:\/\/about.fb.com\/es\/wp-content\/uploads\/sites\/13\/2015\/05\/jorge-javier-vazquez-1.jpg","type":"","width":"","height":""}],"author":"text100madrid","twitter_card":"summary_large_image","twitter_misc":{"Written by":"Meta","Est. reading time":"2 minutos"},"schema":{"@context":"https:\/\/schema.org","@graph":[{"@type":"Article","@id":"https:\/\/about.fb.com\/es\/news\/2015\/05\/jorge-javier-a-sus-fans-en-facebook-salvame-es-tan-impredecible-como-la-vida-de-ahi-que-no-me-aburra\/#article","isPartOf":{"@id":"https:\/\/about.fb.com\/es\/news\/2015\/05\/jorge-javier-a-sus-fans-en-facebook-salvame-es-tan-impredecible-como-la-vida-de-ahi-que-no-me-aburra\/"},"author":"Facebook company","headline":"Jorge Javier, a sus fans en Facebook: \u201cS\u00e1lvame es tan impredecible como la vida. \u00a1De ah\u00ed que no me aburra!\u201d","datePublished":"2015-05-14T10:25:11+00:00","dateModified":"2019-11-04T19:23:52+00:00","mainEntityOfPage":{"@id":"https:\/\/about.fb.com\/es\/news\/2015\/05\/jorge-javier-a-sus-fans-en-facebook-salvame-es-tan-impredecible-como-la-vida-de-ahi-que-no-me-aburra\/"},"wordCount":427,"publisher":{"@id":"https:\/\/about.fb.com\/es\/#organization"},"image":{"@id":"https:\/\/about.fb.com\/es\/news\/2015\/05\/jorge-javier-a-sus-fans-en-facebook-salvame-es-tan-impredecible-como-la-vida-de-ahi-que-no-me-aburra\/#primaryimage"},"thumbnailUrl":"https:\/\/about.fb.com\/es\/wp-content\/uploads\/sites\/13\/2015\/05\/jorge-javier-vazquez-1.jpg","articleSection":["Uncategorized"],"inLanguage":"es"},{"@type":"WebPage","@id":"https:\/\/about.fb.com\/es\/news\/2015\/05\/jorge-javier-a-sus-fans-en-facebook-salvame-es-tan-impredecible-como-la-vida-de-ahi-que-no-me-aburra\/","url":"https:\/\/about.fb.com\/es\/news\/2015\/05\/jorge-javier-a-sus-fans-en-facebook-salvame-es-tan-impredecible-como-la-vida-de-ahi-que-no-me-aburra\/","name":"Jorge Javier, a sus fans en Facebook: \u201cS\u00e1lvame es tan impredecible como la vida. \u00a1De ah\u00ed que no me aburra!\u201d | Informaci\u00f3n sobre Meta","isPartOf":{"@id":"https:\/\/about.fb.com\/es\/#website"},"primaryImageOfPage":{"@id":"https:\/\/about.fb.com\/es\/news\/2015\/05\/jorge-javier-a-sus-fans-en-facebook-salvame-es-tan-impredecible-como-la-vida-de-ahi-que-no-me-aburra\/#primaryimage"},"image":{"@id":"https:\/\/about.fb.com\/es\/news\/2015\/05\/jorge-javier-a-sus-fans-en-facebook-salvame-es-tan-impredecible-como-la-vida-de-ahi-que-no-me-aburra\/#primaryimage"},"thumbnailUrl":"https:\/\/about.fb.com\/es\/wp-content\/uploads\/sites\/13\/2015\/05\/jorge-javier-vazquez-1.jpg","datePublished":"2015-05-14T10:25:11+00:00","dateModified":"2019-11-04T19:23:52+00:00","breadcrumb":{"@id":"https:\/\/about.fb.com\/es\/news\/2015\/05\/jorge-javier-a-sus-fans-en-facebook-salvame-es-tan-impredecible-como-la-vida-de-ahi-que-no-me-aburra\/#breadcrumb"},"inLanguage":"es","potentialAction":[{"@type":"ReadAction","target":["https:\/\/about.fb.com\/es\/news\/2015\/05\/jorge-javier-a-sus-fans-en-facebook-salvame-es-tan-impredecible-como-la-vida-de-ahi-que-no-me-aburra\/"]}],"author":"Informaci\u00f3n sobre Meta"},{"@type":"ImageObject","inLanguage":"es","@id":"https:\/\/about.fb.com\/es\/news\/2015\/05\/jorge-javier-a-sus-fans-en-facebook-salvame-es-tan-impredecible-como-la-vida-de-ahi-que-no-me-aburra\/#primaryimage","url":"https:\/\/about.fb.com\/es\/wp-content\/uploads\/sites\/13\/2015\/05\/jorge-javier-vazquez-1.jpg?fit=960%2C960","contentUrl":"https:\/\/about.fb.com\/es\/wp-content\/uploads\/sites\/13\/2015\/05\/jorge-javier-vazquez-1.jpg?fit=960%2C960","width":960,"height":960},{"@type":"BreadcrumbList","@id":"https:\/\/about.fb.com\/es\/news\/2015\/05\/jorge-javier-a-sus-fans-en-facebook-salvame-es-tan-impredecible-como-la-vida-de-ahi-que-no-me-aburra\/#breadcrumb","itemListElement":[{"@type":"ListItem","position":1,"name":"Home","item":"https:\/\/about.fb.com\/es\/"},{"@type":"ListItem","position":2,"name":"Jorge Javier, a sus fans en Facebook: \u201cS\u00e1lvame es tan impredecible como la vida. \u00a1De ah\u00ed que no me aburra!\u201d"}]},{"@type":"WebSite","@id":"https:\/\/about.fb.com\/es\/#website","url":"https:\/\/about.fb.com\/news\/","name":"Informaci\u00f3n sobre Meta","description":"","publisher":{"@id":"https:\/\/about.fb.com\/es\/#organization"},"potentialAction":[{"@type":"SearchAction","target":{"@type":"EntryPoint","urlTemplate":"https:\/\/about.fb.com\/es\/?s={search_term_string}"},"query-input":{"@type":"PropertyValueSpecification","valueRequired":true,"valueName":"search_term_string"}}],"inLanguage":"es","alternateName":["Meta Newsroom","Meta"]},{"@type":"Organization","@id":"https:\/\/about.fb.com\/es\/#organization","name":"Meta","url":"https:\/\/about.fb.com\/es\/","logo":{"@type":"ImageObject","inLanguage":"es","@id":"https:\/\/about.fb.com\/es\/#\/schema\/logo\/image\/","url":"https:\/\/about.fb.com\/es\/wp-content\/uploads\/sites\/13\/2021\/10\/meta-social-16x9-1.jpg?fit=8000%2C4500","contentUrl":"https:\/\/about.fb.com\/es\/wp-content\/uploads\/sites\/13\/2021\/10\/meta-social-16x9-1.jpg?fit=8000%2C4500","width":8000,"height":4500,"caption":"Meta"},"image":{"@id":"https:\/\/about.fb.com\/es\/#\/schema\/logo\/image\/"}}]}},"jetpack_featured_media_url":"","jetpack-related-posts":[],"jetpack_sharing_enabled":true,"amp_enabled":true,"_links":{"self":[{"href":"https:\/\/about.fb.com\/es\/wp-json\/wp\/v2\/posts\/3252","targetHints":{"allow":["GET"]}}],"collection":[{"href":"https:\/\/about.fb.com\/es\/wp-json\/wp\/v2\/posts"}],"about":[{"href":"https:\/\/about.fb.com\/es\/wp-json\/wp\/v2\/types\/post"}],"author":[{"embeddable":true,"href":"https:\/\/about.fb.com\/es\/wp-json\/wp\/v2\/users\/81919965"}],"replies":[{"embeddable":true,"href":"https:\/\/about.fb.com\/es\/wp-json\/wp\/v2\/comments?post=3252"}],"version-history":[{"count":2,"href":"https:\/\/about.fb.com\/es\/wp-json\/wp\/v2\/posts\/3252\/revisions"}],"predecessor-version":[{"id":17588,"href":"https:\/\/about.fb.com\/es\/wp-json\/wp\/v2\/posts\/3252\/revisions\/17588"}],"wp:attachment":[{"href":"https:\/\/about.fb.com\/es\/wp-json\/wp\/v2\/media?parent=3252"}],"wp:term":[{"taxonomy":"category","embeddable":true,"href":"https:\/\/about.fb.com\/es\/wp-json\/wp\/v2\/categories?post=3252"},{"taxonomy":"post_tag","embeddable":true,"href":"https:\/\/about.fb.com\/es\/wp-json\/wp\/v2\/tags?post=3252"}],"curies":[{"name":"wp","href":"https:\/\/api.w.org\/{rel}","templated":true}]}}