{"id":3235,"date":"2015-04-09T11:25:11","date_gmt":"2015-04-09T11:25:11","guid":{"rendered":"http:\/\/es.newsroom.fb.com\/?p=3235"},"modified":"2015-05-05T11:29:33","modified_gmt":"2015-05-05T11:29:33","slug":"carla-suarez-me-falta-mas-agresividad-y-regularidad-para-llegar-al-top-3","status":"publish","type":"post","link":"https:\/\/about.fb.com\/es\/news\/2015\/04\/carla-suarez-me-falta-mas-agresividad-y-regularidad-para-llegar-al-top-3\/","title":{"rendered":"Carla Su\u00e1rez:  \u201cMe falta m\u00e1s agresividad y regularidad para llegar al Top 3\u201d"},"content":{"rendered":"<p><em>La tenista canaria respondi\u00f3 a sus fans ayer a trav\u00e9s del perfil de Facebook de Mutua\u00a0Madrid Open y habl\u00f3 sobre sus tenistas favoritos, desvel\u00f3 cu\u00e1l ha sido el partido m\u00e1s duro de su carrera y cu\u00e1les son las claves de su \u00e9xito, entre otras cosas<\/em><\/p>\n<p>Carla Su\u00e1rez, que se convirti\u00f3 el pasado lunes en la tercera espa\u00f1ola en llegar al top-10 del ranking WTA y que ayer comunicaba en su\u00a0<a href=\"https:\/\/www.facebook.com\/carlasuarezoficial\/posts\/1562989423979614\">perfil oficial<\/a>\u00a0de Facebook\u00a0que\u00a0no participar\u00e1\u00a0el play-off de Espa\u00f1a y Argentina el pr\u00f3ximo 18 y 19 de abril en Buenos Aires,\u00a0<strong>respondi\u00f3 a las preguntas de sus fans a trav\u00e9s de una sesi\u00f3n de Q&amp;A en<\/strong>\u00a0la cuenta de Facebook del Mutua Madrid Open (<a href=\"http:\/\/www.facebook.com\/mutuamadridopen\">www.facebook.com\/mutuamadridopen<\/a>), que se celebra el pr\u00f3ximo\u00a0mes de mayo.<\/p>\n<p>La tenista confes\u00f3 que siente \u201cuna alegr\u00eda inmensa al estar entre los mejores del mundo\u201d y que el Mutua Madrid Open y Roland Garros son sus torneos\u00a0favoritos:\u00a0<em>\u201cMi sue\u00f1o es ganar Roland Garros, desde peque\u00f1ita siempre he so\u00f1ado ganarlo (\u2026) creo que estoy preparada, pero es un reto muy complicado de conseguir. Ojal\u00e1 lo logre\u201d.<\/em><em>\u00a0<\/em>Carla expres\u00f3 algunos de sus deseos de cara a sus pr\u00f3ximas competiciones:\u00a0<em>\u201c\u00a1Ojal\u00e1 llegue al Top3! Me falta m\u00e1s agresividad y m\u00e1s regularidad (&#8230;) Creo que he mejorado el rev\u00e9s cortado, el saque es importante y ojal\u00e1 pueda seguir mejorando para crecer y progresar\u201d.<\/em><\/p>\n<p>Sus fans le reconocieron que est\u00e1 teniendo muy buenos resultados actualmente y le preguntaron si ten\u00eda que ver con la edad o la presi\u00f3n: \u201c<em>El hecho de tener mejores resultados es fruto de la madurez y la experiencia, pero no tiene que ver con la presi\u00f3n, es un proceso y una evoluci\u00f3n. A veces no es f\u00e1cil dar este paso. Lo importante es haber llegado aqu\u00ed\u201d.<\/em><em>\u00a0<\/em>Carla Su\u00e1rez tambi\u00e9n jugar\u00e1 dobles este a\u00f1o en el Mutua Madrid Open junto a Garbi\u00f1e Muguruza: \u201c<em>El a\u00f1o pasado hicimos final y este a\u00f1o nos encantar\u00eda ganar\u201d<\/em>. Carla record\u00f3 el partido m\u00e1s duro de su carrera: \u00a0<em>\u201cUn partido contra Cornet el a\u00f1o pasado en Indian Wells. Dur\u00f3 casi tres horas y media de partido y sufr\u00ed mucho por el calor que hac\u00eda. Creo que ha sido de los pocos partidos de mi vida en los que he tenido rampas y calambre. Al final perd\u00ed en tres sets. \u00a1Una pena!\u201d<\/em><\/p>\n<p>Su\u00e1rez tambi\u00e9n destac\u00f3 que Justine Henin es su \u00eddolo y que\u00a0su tenista favorito del circuito ATP es Monfils, que se quedaba con \u201cla mentalidad de Sharapova y la garra de Azarenka\u201d y con \u201cel talento de Federer y la ambici\u00f3n de Rafa\u201d. Incluso opin\u00f3 sobre arbitraje:<em>\u00a0<\/em><em>\u201cCuando jugamos entre espa\u00f1olas me gusta que est\u00e9 en la silla F\u00e9lix Torralba, que tambi\u00e9n es espa\u00f1ol y me encanta c\u00f3mo lo hace\u201d. \u00a0<\/em>La tenista canaria empez\u00f3 a competir a los 12 a\u00f1os\u00a0<em>(\u201clo m\u00e1s importante es que [los ni\u00f1os] disfruten jugando y que no se obsesionen con la competici\u00f3n\u201d)<\/em>\u00a0y resumi\u00f3 cu\u00e1les han sido las claves de su \u00e9xito:\u00a0<em>\u201cPara llegar aqu\u00ed he necesitado mucho trabajo, esfuerzo y sacrificio. \u00a1Creo mucho en m\u00ed! Para llegar alto es importante confiar en uno mismo\u201d.\u00a0<\/em>Por \u00faltimo confes\u00f3 detalles personales, como que es fan de Messi, una vez al d\u00eda va al gimnasio o que come pasta blanca con un poco de aceite antes de un gran partido.<\/p>\n<p>Si quieres ver todas las preguntas y respuestas de Carla Su\u00e1rez con sus fans, puedes verlo en este post en\u00a0<a href=\"https:\/\/www.facebook.com\/mutuamadridopen\/posts\/10153287881545739\">Facebook<\/a>.<\/p>\n","protected":false},"excerpt":{"rendered":"La tenista canaria respondi\u00f3 a sus fans ayer a trav\u00e9s del perfil de Facebook de Mutua\u00a0Madrid Open y habl\u00f3 sobre sus tenistas favoritos, desvel\u00f3 cu\u00e1l ha sido el partido m\u00e1s duro de su carrera y cu\u00e1les son las claves de su \u00e9xito, entre otras cosas Carla Su\u00e1rez, que se convirti\u00f3 el pasado lunes en la tercera espa\u00f1ola en llegar al top-10 del ranking WTA y que ayer comunicaba en su\u00a0perfil oficial\u00a0de Facebook\u00a0que\u00a0no participar\u00e1\u00a0el play-off de Espa\u00f1a y Argentina el pr\u00f3ximo 18 y 19 de abril en Buenos Aires,\u00a0respondi\u00f3 a las preguntas de sus fans a trav\u00e9s de una sesi\u00f3n de Q&amp;A en\u00a0la cuenta de Facebook del Mutua Madrid Open (www.facebook.com\/mutuamadridopen), que se celebra el pr\u00f3ximo\u00a0mes de mayo. La tenista confes\u00f3 que siente \u201cuna alegr\u00eda inmensa al estar entre los mejores del mundo\u201d y que el Mutua Madrid Open y Roland Garros son sus torneos\u00a0favoritos:\u00a0\u201cMi sue\u00f1o es ganar Roland Garros, desde peque\u00f1ita siempre he so\u00f1ado ganarlo (\u2026) creo que estoy preparada, pero es un reto muy complicado de conseguir. Ojal\u00e1 lo logre\u201d.\u00a0Carla expres\u00f3 algunos de sus deseos de cara a sus pr\u00f3ximas competiciones:\u00a0\u201c\u00a1Ojal\u00e1 llegue al Top3! Me falta m\u00e1s agresividad y m\u00e1s regularidad (&#8230;) Creo que he mejorado el rev\u00e9s cortado, el saque es importante y ojal\u00e1 pueda seguir mejorando para crecer y progresar\u201d. Sus fans le reconocieron que est\u00e1 teniendo muy buenos resultados actualmente y le preguntaron si ten\u00eda que ver con la edad o la presi\u00f3n: \u201cEl hecho de tener mejores resultados es fruto de la madurez y la experiencia, pero no tiene que ver con la presi\u00f3n, es un proceso y una evoluci\u00f3n. A veces no es f\u00e1cil dar este paso. Lo importante es haber llegado aqu\u00ed\u201d.\u00a0Carla Su\u00e1rez tambi\u00e9n jugar\u00e1 dobles este a\u00f1o en el Mutua Madrid Open junto a Garbi\u00f1e Muguruza: \u201cEl a\u00f1o pasado hicimos final y este a\u00f1o nos encantar\u00eda ganar\u201d. Carla record\u00f3 el partido m\u00e1s duro de su carrera: \u00a0\u201cUn partido contra Cornet el a\u00f1o pasado en Indian Wells. Dur\u00f3 casi tres horas y media de partido y sufr\u00ed mucho por el calor que hac\u00eda. Creo que ha sido de los pocos partidos de mi vida en los que he tenido rampas y calambre. Al final perd\u00ed en tres sets. \u00a1Una pena!\u201d Su\u00e1rez tambi\u00e9n destac\u00f3 que Justine Henin es su \u00eddolo y que\u00a0su tenista favorito del circuito ATP es Monfils, que se quedaba con \u201cla mentalidad de Sharapova y la garra de Azarenka\u201d y con \u201cel talento de Federer y la ambici\u00f3n de Rafa\u201d. Incluso opin\u00f3 sobre arbitraje:\u00a0\u201cCuando jugamos entre espa\u00f1olas me gusta que est\u00e9 en la silla F\u00e9lix Torralba, que tambi\u00e9n es espa\u00f1ol y me encanta c\u00f3mo lo hace\u201d. \u00a0La tenista canaria empez\u00f3 a competir a los 12 a\u00f1os\u00a0(\u201clo m\u00e1s importante es que [los ni\u00f1os] disfruten jugando y que no se obsesionen con la competici\u00f3n\u201d)\u00a0y resumi\u00f3 cu\u00e1les han sido las claves de su \u00e9xito:\u00a0\u201cPara llegar aqu\u00ed he necesitado mucho trabajo, esfuerzo y sacrificio. \u00a1Creo mucho en m\u00ed! Para llegar alto es importante confiar en uno mismo\u201d.\u00a0Por \u00faltimo confes\u00f3 detalles personales, como que es fan de Messi, una vez al d\u00eda va al gimnasio o que come pasta blanca con un poco de aceite antes de un gran partido. Si quieres ver todas las preguntas y respuestas de Carla Su\u00e1rez con sus fans, puedes verlo en este post en\u00a0Facebook.","protected":false},"author":81919965,"featured_media":0,"comment_status":"closed","ping_status":"closed","sticky":false,"template":"","format":"standard","meta":{"_jetpack_memberships_contains_paid_content":false,"footnotes":""},"categories":[1],"tags":[],"class_list":["post-3235","post","type-post","status-publish","format-standard","hentry","category-uncategorized"],"yoast_head":"<!-- This site is optimized with the Yoast SEO plugin v27.2 - https:\/\/yoast.com\/product\/yoast-seo-wordpress\/ -->\n<title>Carla Su\u00e1rez: \u201cMe falta m\u00e1s agresividad y regularidad para llegar al Top 3\u201d | Informaci\u00f3n sobre Meta<\/title>\n<meta name=\"robots\" content=\"index, follow, max-snippet:-1, max-image-preview:large, max-video-preview:-1\" \/>\n<link rel=\"canonical\" href=\"https:\/\/about.fb.com\/es\/news\/2015\/04\/carla-suarez-me-falta-mas-agresividad-y-regularidad-para-llegar-al-top-3\/\" \/>\n<meta property=\"og:locale\" content=\"es_ES\" \/>\n<meta property=\"og:type\" content=\"article\" \/>\n<meta property=\"og:title\" content=\"Carla Su\u00e1rez: \u201cMe falta m\u00e1s agresividad y regularidad para llegar al Top 3\u201d | Informaci\u00f3n sobre Meta\" \/>\n<meta property=\"og:description\" content=\"La tenista canaria respondi\u00f3 a sus fans ayer a trav\u00e9s del perfil de Facebook de Mutua\u00a0Madrid Open y habl\u00f3 sobre sus tenistas favoritos, desvel\u00f3 cu\u00e1l ha sido el partido m\u00e1s duro de su carrera y cu\u00e1les son las claves de su \u00e9xito, entre otras cosas Carla Su\u00e1rez, que se convirti\u00f3 el pasado lunes en la tercera espa\u00f1ola en llegar al top-10 del ranking WTA y que ayer comunicaba en su\u00a0perfil oficial\u00a0de Facebook\u00a0que\u00a0no participar\u00e1\u00a0el play-off de Espa\u00f1a y Argentina el pr\u00f3ximo 18 y 19 de abril en Buenos Aires,\u00a0respondi\u00f3 a las preguntas de sus fans a trav\u00e9s de una sesi\u00f3n de Q&amp;A en\u00a0la cuenta de Facebook del Mutua Madrid Open (www.facebook.com\/mutuamadridopen), que se celebra el pr\u00f3ximo\u00a0mes de mayo. La tenista confes\u00f3 que siente \u201cuna alegr\u00eda inmensa al estar entre los mejores del mundo\u201d y que el Mutua Madrid Open y Roland Garros son sus torneos\u00a0favoritos:\u00a0\u201cMi sue\u00f1o es ganar Roland Garros, desde peque\u00f1ita siempre he so\u00f1ado ganarlo (\u2026) creo que estoy preparada, pero es un reto muy complicado de conseguir. Ojal\u00e1 lo logre\u201d.\u00a0Carla expres\u00f3 algunos de sus deseos de cara a sus pr\u00f3ximas competiciones:\u00a0\u201c\u00a1Ojal\u00e1 llegue al Top3! Me falta m\u00e1s agresividad y m\u00e1s regularidad (&#8230;) Creo que he mejorado el rev\u00e9s cortado, el saque es importante y ojal\u00e1 pueda seguir mejorando para crecer y progresar\u201d. Sus fans le reconocieron que est\u00e1 teniendo muy buenos resultados actualmente y le preguntaron si ten\u00eda que ver con la edad o la presi\u00f3n: \u201cEl hecho de tener mejores resultados es fruto de la madurez y la experiencia, pero no tiene que ver con la presi\u00f3n, es un proceso y una evoluci\u00f3n. A veces no es f\u00e1cil dar este paso. Lo importante es haber llegado aqu\u00ed\u201d.\u00a0Carla Su\u00e1rez tambi\u00e9n jugar\u00e1 dobles este a\u00f1o en el Mutua Madrid Open junto a Garbi\u00f1e Muguruza: \u201cEl a\u00f1o pasado hicimos final y este a\u00f1o nos encantar\u00eda ganar\u201d. Carla record\u00f3 el partido m\u00e1s duro de su carrera: \u00a0\u201cUn partido contra Cornet el a\u00f1o pasado en Indian Wells. Dur\u00f3 casi tres horas y media de partido y sufr\u00ed mucho por el calor que hac\u00eda. Creo que ha sido de los pocos partidos de mi vida en los que he tenido rampas y calambre. Al final perd\u00ed en tres sets. \u00a1Una pena!\u201d Su\u00e1rez tambi\u00e9n destac\u00f3 que Justine Henin es su \u00eddolo y que\u00a0su tenista favorito del circuito ATP es Monfils, que se quedaba con \u201cla mentalidad de Sharapova y la garra de Azarenka\u201d y con \u201cel talento de Federer y la ambici\u00f3n de Rafa\u201d. Incluso opin\u00f3 sobre arbitraje:\u00a0\u201cCuando jugamos entre espa\u00f1olas me gusta que est\u00e9 en la silla F\u00e9lix Torralba, que tambi\u00e9n es espa\u00f1ol y me encanta c\u00f3mo lo hace\u201d. \u00a0La tenista canaria empez\u00f3 a competir a los 12 a\u00f1os\u00a0(\u201clo m\u00e1s importante es que [los ni\u00f1os] disfruten jugando y que no se obsesionen con la competici\u00f3n\u201d)\u00a0y resumi\u00f3 cu\u00e1les han sido las claves de su \u00e9xito:\u00a0\u201cPara llegar aqu\u00ed he necesitado mucho trabajo, esfuerzo y sacrificio. \u00a1Creo mucho en m\u00ed! Para llegar alto es importante confiar en uno mismo\u201d.\u00a0Por \u00faltimo confes\u00f3 detalles personales, como que es fan de Messi, una vez al d\u00eda va al gimnasio o que come pasta blanca con un poco de aceite antes de un gran partido. Si quieres ver todas las preguntas y respuestas de Carla Su\u00e1rez con sus fans, puedes verlo en este post en\u00a0Facebook.\" \/>\n<meta property=\"og:url\" content=\"https:\/\/about.fb.com\/es\/news\/2015\/04\/carla-suarez-me-falta-mas-agresividad-y-regularidad-para-llegar-al-top-3\/\" \/>\n<meta property=\"og:site_name\" content=\"Informaci\u00f3n sobre Meta\" \/>\n<meta property=\"article:published_time\" content=\"2015-04-09T11:25:11+00:00\" \/>\n<meta property=\"article:modified_time\" content=\"2015-05-05T11:29:33+00:00\" \/>\n<meta property=\"og:image\" content=\"https:\/\/about.fb.com\/es\/wp-content\/uploads\/sites\/13\/2021\/10\/meta-social-16x9-1.jpg?resize=1024,576\" \/>\n\t<meta property=\"og:image:width\" content=\"1024\" \/>\n\t<meta property=\"og:image:height\" content=\"576\" \/>\n\t<meta property=\"og:image:type\" content=\"image\/jpeg\" \/>\n<meta name=\"author\" content=\"text100madrid\" \/>\n<meta name=\"twitter:card\" content=\"summary_large_image\" \/>\n<meta name=\"twitter:label1\" content=\"Written by\" \/>\n\t<meta name=\"twitter:data1\" content=\"Meta\" \/>\n\t<meta name=\"twitter:label2\" content=\"Est. reading time\" \/>\n\t<meta name=\"twitter:data2\" content=\"3 minutos\" \/>\n<script type=\"application\/ld+json\" class=\"yoast-schema-graph\">{\"@context\":\"https:\/\/schema.org\",\"@graph\":[{\"@type\":\"Article\",\"@id\":\"https:\/\/about.fb.com\/es\/news\/2015\/04\/carla-suarez-me-falta-mas-agresividad-y-regularidad-para-llegar-al-top-3\/#article\",\"isPartOf\":{\"@id\":\"https:\/\/about.fb.com\/es\/news\/2015\/04\/carla-suarez-me-falta-mas-agresividad-y-regularidad-para-llegar-al-top-3\/\"},\"author\":\"Facebook company\",\"headline\":\"Carla Su\u00e1rez: \u201cMe falta m\u00e1s agresividad y regularidad para llegar al Top 3\u201d\",\"datePublished\":\"2015-04-09T11:25:11+00:00\",\"dateModified\":\"2015-05-05T11:29:33+00:00\",\"mainEntityOfPage\":{\"@id\":\"https:\/\/about.fb.com\/es\/news\/2015\/04\/carla-suarez-me-falta-mas-agresividad-y-regularidad-para-llegar-al-top-3\/\"},\"wordCount\":628,\"publisher\":{\"@id\":\"https:\/\/about.fb.com\/es\/#organization\"},\"articleSection\":[\"Uncategorized\"],\"inLanguage\":\"es\"},{\"@type\":\"WebPage\",\"@id\":\"https:\/\/about.fb.com\/es\/news\/2015\/04\/carla-suarez-me-falta-mas-agresividad-y-regularidad-para-llegar-al-top-3\/\",\"url\":\"https:\/\/about.fb.com\/es\/news\/2015\/04\/carla-suarez-me-falta-mas-agresividad-y-regularidad-para-llegar-al-top-3\/\",\"name\":\"Carla Su\u00e1rez: \u201cMe falta m\u00e1s agresividad y regularidad para llegar al Top 3\u201d | Informaci\u00f3n sobre Meta\",\"isPartOf\":{\"@id\":\"https:\/\/about.fb.com\/es\/#website\"},\"datePublished\":\"2015-04-09T11:25:11+00:00\",\"dateModified\":\"2015-05-05T11:29:33+00:00\",\"breadcrumb\":{\"@id\":\"https:\/\/about.fb.com\/es\/news\/2015\/04\/carla-suarez-me-falta-mas-agresividad-y-regularidad-para-llegar-al-top-3\/#breadcrumb\"},\"inLanguage\":\"es\",\"potentialAction\":[{\"@type\":\"ReadAction\",\"target\":[\"https:\/\/about.fb.com\/es\/news\/2015\/04\/carla-suarez-me-falta-mas-agresividad-y-regularidad-para-llegar-al-top-3\/\"]}],\"author\":\"Informaci\u00f3n sobre Meta\"},{\"@type\":\"BreadcrumbList\",\"@id\":\"https:\/\/about.fb.com\/es\/news\/2015\/04\/carla-suarez-me-falta-mas-agresividad-y-regularidad-para-llegar-al-top-3\/#breadcrumb\",\"itemListElement\":[{\"@type\":\"ListItem\",\"position\":1,\"name\":\"Home\",\"item\":\"https:\/\/about.fb.com\/es\/\"},{\"@type\":\"ListItem\",\"position\":2,\"name\":\"Carla Su\u00e1rez: \u201cMe falta m\u00e1s agresividad y regularidad para llegar al Top 3\u201d\"}]},{\"@type\":\"WebSite\",\"@id\":\"https:\/\/about.fb.com\/es\/#website\",\"url\":\"https:\/\/about.fb.com\/news\/\",\"name\":\"Informaci\u00f3n sobre Meta\",\"description\":\"\",\"publisher\":{\"@id\":\"https:\/\/about.fb.com\/es\/#organization\"},\"potentialAction\":[{\"@type\":\"SearchAction\",\"target\":{\"@type\":\"EntryPoint\",\"urlTemplate\":\"https:\/\/about.fb.com\/es\/?s={search_term_string}\"},\"query-input\":{\"@type\":\"PropertyValueSpecification\",\"valueRequired\":true,\"valueName\":\"search_term_string\"}}],\"inLanguage\":\"es\",\"alternateName\":[\"Meta Newsroom\",\"Meta\"]},{\"@type\":\"Organization\",\"@id\":\"https:\/\/about.fb.com\/es\/#organization\",\"name\":\"Meta\",\"url\":\"https:\/\/about.fb.com\/es\/\",\"logo\":{\"@type\":\"ImageObject\",\"inLanguage\":\"es\",\"@id\":\"https:\/\/about.fb.com\/es\/#\/schema\/logo\/image\/\",\"url\":\"https:\/\/about.fb.com\/es\/wp-content\/uploads\/sites\/13\/2021\/10\/meta-social-16x9-1.jpg?fit=8000%2C4500\",\"contentUrl\":\"https:\/\/about.fb.com\/es\/wp-content\/uploads\/sites\/13\/2021\/10\/meta-social-16x9-1.jpg?fit=8000%2C4500\",\"width\":8000,\"height\":4500,\"caption\":\"Meta\"},\"image\":{\"@id\":\"https:\/\/about.fb.com\/es\/#\/schema\/logo\/image\/\"}}]}<\/script>\n<!-- \/ Yoast SEO plugin. -->","yoast_head_json":{"title":"Carla Su\u00e1rez: \u201cMe falta m\u00e1s agresividad y regularidad para llegar al Top 3\u201d | Informaci\u00f3n sobre Meta","robots":{"index":"index","follow":"follow","max-snippet":"max-snippet:-1","max-image-preview":"max-image-preview:large","max-video-preview":"max-video-preview:-1"},"canonical":"https:\/\/about.fb.com\/es\/news\/2015\/04\/carla-suarez-me-falta-mas-agresividad-y-regularidad-para-llegar-al-top-3\/","og_locale":"es_ES","og_type":"article","og_title":"Carla Su\u00e1rez: \u201cMe falta m\u00e1s agresividad y regularidad para llegar al Top 3\u201d | Informaci\u00f3n sobre Meta","og_description":"La tenista canaria respondi\u00f3 a sus fans ayer a trav\u00e9s del perfil de Facebook de Mutua\u00a0Madrid Open y habl\u00f3 sobre sus tenistas favoritos, desvel\u00f3 cu\u00e1l ha sido el partido m\u00e1s duro de su carrera y cu\u00e1les son las claves de su \u00e9xito, entre otras cosas Carla Su\u00e1rez, que se convirti\u00f3 el pasado lunes en la tercera espa\u00f1ola en llegar al top-10 del ranking WTA y que ayer comunicaba en su\u00a0perfil oficial\u00a0de Facebook\u00a0que\u00a0no participar\u00e1\u00a0el play-off de Espa\u00f1a y Argentina el pr\u00f3ximo 18 y 19 de abril en Buenos Aires,\u00a0respondi\u00f3 a las preguntas de sus fans a trav\u00e9s de una sesi\u00f3n de Q&amp;A en\u00a0la cuenta de Facebook del Mutua Madrid Open (www.facebook.com\/mutuamadridopen), que se celebra el pr\u00f3ximo\u00a0mes de mayo. La tenista confes\u00f3 que siente \u201cuna alegr\u00eda inmensa al estar entre los mejores del mundo\u201d y que el Mutua Madrid Open y Roland Garros son sus torneos\u00a0favoritos:\u00a0\u201cMi sue\u00f1o es ganar Roland Garros, desde peque\u00f1ita siempre he so\u00f1ado ganarlo (\u2026) creo que estoy preparada, pero es un reto muy complicado de conseguir. Ojal\u00e1 lo logre\u201d.\u00a0Carla expres\u00f3 algunos de sus deseos de cara a sus pr\u00f3ximas competiciones:\u00a0\u201c\u00a1Ojal\u00e1 llegue al Top3! Me falta m\u00e1s agresividad y m\u00e1s regularidad (&#8230;) Creo que he mejorado el rev\u00e9s cortado, el saque es importante y ojal\u00e1 pueda seguir mejorando para crecer y progresar\u201d. Sus fans le reconocieron que est\u00e1 teniendo muy buenos resultados actualmente y le preguntaron si ten\u00eda que ver con la edad o la presi\u00f3n: \u201cEl hecho de tener mejores resultados es fruto de la madurez y la experiencia, pero no tiene que ver con la presi\u00f3n, es un proceso y una evoluci\u00f3n. A veces no es f\u00e1cil dar este paso. Lo importante es haber llegado aqu\u00ed\u201d.\u00a0Carla Su\u00e1rez tambi\u00e9n jugar\u00e1 dobles este a\u00f1o en el Mutua Madrid Open junto a Garbi\u00f1e Muguruza: \u201cEl a\u00f1o pasado hicimos final y este a\u00f1o nos encantar\u00eda ganar\u201d. Carla record\u00f3 el partido m\u00e1s duro de su carrera: \u00a0\u201cUn partido contra Cornet el a\u00f1o pasado en Indian Wells. Dur\u00f3 casi tres horas y media de partido y sufr\u00ed mucho por el calor que hac\u00eda. Creo que ha sido de los pocos partidos de mi vida en los que he tenido rampas y calambre. Al final perd\u00ed en tres sets. \u00a1Una pena!\u201d Su\u00e1rez tambi\u00e9n destac\u00f3 que Justine Henin es su \u00eddolo y que\u00a0su tenista favorito del circuito ATP es Monfils, que se quedaba con \u201cla mentalidad de Sharapova y la garra de Azarenka\u201d y con \u201cel talento de Federer y la ambici\u00f3n de Rafa\u201d. Incluso opin\u00f3 sobre arbitraje:\u00a0\u201cCuando jugamos entre espa\u00f1olas me gusta que est\u00e9 en la silla F\u00e9lix Torralba, que tambi\u00e9n es espa\u00f1ol y me encanta c\u00f3mo lo hace\u201d. \u00a0La tenista canaria empez\u00f3 a competir a los 12 a\u00f1os\u00a0(\u201clo m\u00e1s importante es que [los ni\u00f1os] disfruten jugando y que no se obsesionen con la competici\u00f3n\u201d)\u00a0y resumi\u00f3 cu\u00e1les han sido las claves de su \u00e9xito:\u00a0\u201cPara llegar aqu\u00ed he necesitado mucho trabajo, esfuerzo y sacrificio. \u00a1Creo mucho en m\u00ed! Para llegar alto es importante confiar en uno mismo\u201d.\u00a0Por \u00faltimo confes\u00f3 detalles personales, como que es fan de Messi, una vez al d\u00eda va al gimnasio o que come pasta blanca con un poco de aceite antes de un gran partido. Si quieres ver todas las preguntas y respuestas de Carla Su\u00e1rez con sus fans, puedes verlo en este post en\u00a0Facebook.","og_url":"https:\/\/about.fb.com\/es\/news\/2015\/04\/carla-suarez-me-falta-mas-agresividad-y-regularidad-para-llegar-al-top-3\/","og_site_name":"Informaci\u00f3n sobre Meta","article_published_time":"2015-04-09T11:25:11+00:00","article_modified_time":"2015-05-05T11:29:33+00:00","og_image":[{"width":1024,"height":576,"url":"https:\/\/about.fb.com\/es\/wp-content\/uploads\/sites\/13\/2021\/10\/meta-social-16x9-1.jpg?resize=1024,576","type":"image\/jpeg"}],"author":"text100madrid","twitter_card":"summary_large_image","twitter_misc":{"Written by":"Meta","Est. reading time":"3 minutos"},"schema":{"@context":"https:\/\/schema.org","@graph":[{"@type":"Article","@id":"https:\/\/about.fb.com\/es\/news\/2015\/04\/carla-suarez-me-falta-mas-agresividad-y-regularidad-para-llegar-al-top-3\/#article","isPartOf":{"@id":"https:\/\/about.fb.com\/es\/news\/2015\/04\/carla-suarez-me-falta-mas-agresividad-y-regularidad-para-llegar-al-top-3\/"},"author":"Facebook company","headline":"Carla Su\u00e1rez: \u201cMe falta m\u00e1s agresividad y regularidad para llegar al Top 3\u201d","datePublished":"2015-04-09T11:25:11+00:00","dateModified":"2015-05-05T11:29:33+00:00","mainEntityOfPage":{"@id":"https:\/\/about.fb.com\/es\/news\/2015\/04\/carla-suarez-me-falta-mas-agresividad-y-regularidad-para-llegar-al-top-3\/"},"wordCount":628,"publisher":{"@id":"https:\/\/about.fb.com\/es\/#organization"},"articleSection":["Uncategorized"],"inLanguage":"es"},{"@type":"WebPage","@id":"https:\/\/about.fb.com\/es\/news\/2015\/04\/carla-suarez-me-falta-mas-agresividad-y-regularidad-para-llegar-al-top-3\/","url":"https:\/\/about.fb.com\/es\/news\/2015\/04\/carla-suarez-me-falta-mas-agresividad-y-regularidad-para-llegar-al-top-3\/","name":"Carla Su\u00e1rez: \u201cMe falta m\u00e1s agresividad y regularidad para llegar al Top 3\u201d | Informaci\u00f3n sobre Meta","isPartOf":{"@id":"https:\/\/about.fb.com\/es\/#website"},"datePublished":"2015-04-09T11:25:11+00:00","dateModified":"2015-05-05T11:29:33+00:00","breadcrumb":{"@id":"https:\/\/about.fb.com\/es\/news\/2015\/04\/carla-suarez-me-falta-mas-agresividad-y-regularidad-para-llegar-al-top-3\/#breadcrumb"},"inLanguage":"es","potentialAction":[{"@type":"ReadAction","target":["https:\/\/about.fb.com\/es\/news\/2015\/04\/carla-suarez-me-falta-mas-agresividad-y-regularidad-para-llegar-al-top-3\/"]}],"author":"Informaci\u00f3n sobre Meta"},{"@type":"BreadcrumbList","@id":"https:\/\/about.fb.com\/es\/news\/2015\/04\/carla-suarez-me-falta-mas-agresividad-y-regularidad-para-llegar-al-top-3\/#breadcrumb","itemListElement":[{"@type":"ListItem","position":1,"name":"Home","item":"https:\/\/about.fb.com\/es\/"},{"@type":"ListItem","position":2,"name":"Carla Su\u00e1rez: \u201cMe falta m\u00e1s agresividad y regularidad para llegar al Top 3\u201d"}]},{"@type":"WebSite","@id":"https:\/\/about.fb.com\/es\/#website","url":"https:\/\/about.fb.com\/news\/","name":"Informaci\u00f3n sobre Meta","description":"","publisher":{"@id":"https:\/\/about.fb.com\/es\/#organization"},"potentialAction":[{"@type":"SearchAction","target":{"@type":"EntryPoint","urlTemplate":"https:\/\/about.fb.com\/es\/?s={search_term_string}"},"query-input":{"@type":"PropertyValueSpecification","valueRequired":true,"valueName":"search_term_string"}}],"inLanguage":"es","alternateName":["Meta Newsroom","Meta"]},{"@type":"Organization","@id":"https:\/\/about.fb.com\/es\/#organization","name":"Meta","url":"https:\/\/about.fb.com\/es\/","logo":{"@type":"ImageObject","inLanguage":"es","@id":"https:\/\/about.fb.com\/es\/#\/schema\/logo\/image\/","url":"https:\/\/about.fb.com\/es\/wp-content\/uploads\/sites\/13\/2021\/10\/meta-social-16x9-1.jpg?fit=8000%2C4500","contentUrl":"https:\/\/about.fb.com\/es\/wp-content\/uploads\/sites\/13\/2021\/10\/meta-social-16x9-1.jpg?fit=8000%2C4500","width":8000,"height":4500,"caption":"Meta"},"image":{"@id":"https:\/\/about.fb.com\/es\/#\/schema\/logo\/image\/"}}]}},"jetpack_featured_media_url":"","jetpack-related-posts":[],"jetpack_sharing_enabled":true,"amp_enabled":true,"_links":{"self":[{"href":"https:\/\/about.fb.com\/es\/wp-json\/wp\/v2\/posts\/3235","targetHints":{"allow":["GET"]}}],"collection":[{"href":"https:\/\/about.fb.com\/es\/wp-json\/wp\/v2\/posts"}],"about":[{"href":"https:\/\/about.fb.com\/es\/wp-json\/wp\/v2\/types\/post"}],"author":[{"embeddable":true,"href":"https:\/\/about.fb.com\/es\/wp-json\/wp\/v2\/users\/81919965"}],"replies":[{"embeddable":true,"href":"https:\/\/about.fb.com\/es\/wp-json\/wp\/v2\/comments?post=3235"}],"version-history":[{"count":1,"href":"https:\/\/about.fb.com\/es\/wp-json\/wp\/v2\/posts\/3235\/revisions"}],"predecessor-version":[{"id":3236,"href":"https:\/\/about.fb.com\/es\/wp-json\/wp\/v2\/posts\/3235\/revisions\/3236"}],"wp:attachment":[{"href":"https:\/\/about.fb.com\/es\/wp-json\/wp\/v2\/media?parent=3235"}],"wp:term":[{"taxonomy":"category","embeddable":true,"href":"https:\/\/about.fb.com\/es\/wp-json\/wp\/v2\/categories?post=3235"},{"taxonomy":"post_tag","embeddable":true,"href":"https:\/\/about.fb.com\/es\/wp-json\/wp\/v2\/tags?post=3235"}],"curies":[{"name":"wp","href":"https:\/\/api.w.org\/{rel}","templated":true}]}}