{"id":3233,"date":"2015-04-15T11:22:22","date_gmt":"2015-04-15T11:22:22","guid":{"rendered":"http:\/\/es.newsroom.fb.com\/?p=3233"},"modified":"2015-05-05T11:24:46","modified_gmt":"2015-05-05T11:24:46","slug":"auryn-se-sincera-con-sus-fans-en-facebook","status":"publish","type":"post","link":"https:\/\/about.fb.com\/es\/news\/2015\/04\/auryn-se-sincera-con-sus-fans-en-facebook\/","title":{"rendered":"Auryn se sincera con sus fans en Facebook"},"content":{"rendered":"<p>\u2018Circus Avenue Night\u2019, reedici\u00f3n del tercer disco de Auryn \u2018Circus Avenue\u2019, ha salido a la venta en formato CD+DVD con el concierto que ofrecieron el pasado 19 de Diciembre en el Palacio de los Deportes de Madrid. Con motivo de este lanzamiento, el grupo ha realizado una sesi\u00f3n de preguntas y respuestas con sus fans en Facebook. Los <em>Auryners<\/em> pudieron conocer de primera mano qu\u00e9 emoticono define a cada uno o si pr\u00f3ximamente estrenar\u00e1n pel\u00edcula, gracias a las preguntas que hab\u00edan realizado previamente a trav\u00e9s del hashtag #Reedici\u00f3nAuryn.<\/p>\n<div class=\"fb-video\" data-allowfullscreen=\"true\" data-href=\"https:\/\/www.facebook.com\/AurynSpain\/videos\/vb.190139387666041\/986148274731811\/?type=2&#038;theater\" style=\"background-color: #fff; display: inline-block;\"><\/div>\n<p>La boyband espa\u00f1ola coment\u00f3 an\u00e9cdotas en exclusiva, como que David se rompi\u00f3 los pantalones en mitad de un concierto y que suele enfadarse m\u00e1s a menudo, o que Blas es el m\u00e1s rom\u00e1ntico, quien incluso cant\u00f3 <em>a capella<\/em>. Auryn tambi\u00e9n opin\u00f3 sobre la ruptura del grupo One Direction tras la salida de Zayn Malik, si bien confirmaron que no piensan separarse. \u201cAuryn somos nosotros cinco, y si falta uno, no ser\u00e1 igual\u201d, dec\u00eda \u00c1lvaro.<\/p>\n<p>Por \u00faltimo, recordaron c\u00f3mo fue la noche del concierto en el Palacio de los Deportes. \u201cNosotros empezamos en el sal\u00f3n de casa y hemos terminado en el Palacio de los Deportes (\u2026) Gracias a toda la gente que se vino de diferentes ciudades a vernos\u201d, explicaba Dani. \u201cFue impresionante, nos sentimos halagados y orgullosos\u201d, dijo David.<\/p>\n","protected":false},"excerpt":{"rendered":"\u2018Circus Avenue Night\u2019, reedici\u00f3n del tercer disco de Auryn \u2018Circus Avenue\u2019, ha salido a la venta en formato CD+DVD con el concierto que ofrecieron el pasado 19 de Diciembre en el Palacio de los Deportes de Madrid. Con motivo de este lanzamiento, el grupo ha realizado una sesi\u00f3n de preguntas y respuestas con sus fans en Facebook. Los Auryners pudieron conocer de primera mano qu\u00e9 emoticono define a cada uno o si pr\u00f3ximamente estrenar\u00e1n pel\u00edcula, gracias a las preguntas que hab\u00edan realizado previamente a trav\u00e9s del hashtag #Reedici\u00f3nAuryn. La boyband espa\u00f1ola coment\u00f3 an\u00e9cdotas en exclusiva, como que David se rompi\u00f3 los pantalones en mitad de un concierto y que suele enfadarse m\u00e1s a menudo, o que Blas es el m\u00e1s rom\u00e1ntico, quien incluso cant\u00f3 a capella. Auryn tambi\u00e9n opin\u00f3 sobre la ruptura del grupo One Direction tras la salida de Zayn Malik, si bien confirmaron que no piensan separarse. \u201cAuryn somos nosotros cinco, y si falta uno, no ser\u00e1 igual\u201d, dec\u00eda \u00c1lvaro. Por \u00faltimo, recordaron c\u00f3mo fue la noche del concierto en el Palacio de los Deportes. \u201cNosotros empezamos en el sal\u00f3n de casa y hemos terminado en el Palacio de los Deportes (\u2026) Gracias a toda la gente que se vino de diferentes ciudades a vernos\u201d, explicaba Dani. \u201cFue impresionante, nos sentimos halagados y orgullosos\u201d, dijo David.","protected":false},"author":81919965,"featured_media":0,"comment_status":"closed","ping_status":"closed","sticky":false,"template":"","format":"standard","meta":{"_jetpack_memberships_contains_paid_content":false,"footnotes":""},"categories":[1],"tags":[],"class_list":["post-3233","post","type-post","status-publish","format-standard","hentry","category-uncategorized"],"yoast_head":"<!-- This site is optimized with the Yoast SEO plugin v27.2 - https:\/\/yoast.com\/product\/yoast-seo-wordpress\/ -->\n<title>Auryn se sincera con sus fans en Facebook | Informaci\u00f3n sobre Meta<\/title>\n<meta name=\"robots\" content=\"index, follow, max-snippet:-1, max-image-preview:large, max-video-preview:-1\" \/>\n<link rel=\"canonical\" href=\"https:\/\/about.fb.com\/es\/news\/2015\/04\/auryn-se-sincera-con-sus-fans-en-facebook\/\" \/>\n<meta property=\"og:locale\" content=\"es_ES\" \/>\n<meta property=\"og:type\" content=\"article\" \/>\n<meta property=\"og:title\" content=\"Auryn se sincera con sus fans en Facebook | Informaci\u00f3n sobre Meta\" \/>\n<meta property=\"og:description\" content=\"\u2018Circus Avenue Night\u2019, reedici\u00f3n del tercer disco de Auryn \u2018Circus Avenue\u2019, ha salido a la venta en formato CD+DVD con el concierto que ofrecieron el pasado 19 de Diciembre en el Palacio de los Deportes de Madrid. Con motivo de este lanzamiento, el grupo ha realizado una sesi\u00f3n de preguntas y respuestas con sus fans en Facebook. Los Auryners pudieron conocer de primera mano qu\u00e9 emoticono define a cada uno o si pr\u00f3ximamente estrenar\u00e1n pel\u00edcula, gracias a las preguntas que hab\u00edan realizado previamente a trav\u00e9s del hashtag #Reedici\u00f3nAuryn. La boyband espa\u00f1ola coment\u00f3 an\u00e9cdotas en exclusiva, como que David se rompi\u00f3 los pantalones en mitad de un concierto y que suele enfadarse m\u00e1s a menudo, o que Blas es el m\u00e1s rom\u00e1ntico, quien incluso cant\u00f3 a capella. Auryn tambi\u00e9n opin\u00f3 sobre la ruptura del grupo One Direction tras la salida de Zayn Malik, si bien confirmaron que no piensan separarse. \u201cAuryn somos nosotros cinco, y si falta uno, no ser\u00e1 igual\u201d, dec\u00eda \u00c1lvaro. Por \u00faltimo, recordaron c\u00f3mo fue la noche del concierto en el Palacio de los Deportes. \u201cNosotros empezamos en el sal\u00f3n de casa y hemos terminado en el Palacio de los Deportes (\u2026) Gracias a toda la gente que se vino de diferentes ciudades a vernos\u201d, explicaba Dani. \u201cFue impresionante, nos sentimos halagados y orgullosos\u201d, dijo David.\" \/>\n<meta property=\"og:url\" content=\"https:\/\/about.fb.com\/es\/news\/2015\/04\/auryn-se-sincera-con-sus-fans-en-facebook\/\" \/>\n<meta property=\"og:site_name\" content=\"Informaci\u00f3n sobre Meta\" \/>\n<meta property=\"article:published_time\" content=\"2015-04-15T11:22:22+00:00\" \/>\n<meta property=\"article:modified_time\" content=\"2015-05-05T11:24:46+00:00\" \/>\n<meta property=\"og:image\" content=\"https:\/\/about.fb.com\/es\/wp-content\/uploads\/sites\/13\/2021\/10\/meta-social-16x9-1.jpg?resize=1024,576\" \/>\n\t<meta property=\"og:image:width\" content=\"1024\" \/>\n\t<meta property=\"og:image:height\" content=\"576\" \/>\n\t<meta property=\"og:image:type\" content=\"image\/jpeg\" \/>\n<meta name=\"author\" content=\"text100madrid\" \/>\n<meta name=\"twitter:card\" content=\"summary_large_image\" \/>\n<meta name=\"twitter:label1\" content=\"Written by\" \/>\n\t<meta name=\"twitter:data1\" content=\"Meta\" \/>\n\t<meta name=\"twitter:label2\" content=\"Est. reading time\" \/>\n\t<meta name=\"twitter:data2\" content=\"1 minuto\" \/>\n<script type=\"application\/ld+json\" class=\"yoast-schema-graph\">{\"@context\":\"https:\/\/schema.org\",\"@graph\":[{\"@type\":\"Article\",\"@id\":\"https:\/\/about.fb.com\/es\/news\/2015\/04\/auryn-se-sincera-con-sus-fans-en-facebook\/#article\",\"isPartOf\":{\"@id\":\"https:\/\/about.fb.com\/es\/news\/2015\/04\/auryn-se-sincera-con-sus-fans-en-facebook\/\"},\"author\":\"Facebook company\",\"headline\":\"Auryn se sincera con sus fans en Facebook\",\"datePublished\":\"2015-04-15T11:22:22+00:00\",\"dateModified\":\"2015-05-05T11:24:46+00:00\",\"mainEntityOfPage\":{\"@id\":\"https:\/\/about.fb.com\/es\/news\/2015\/04\/auryn-se-sincera-con-sus-fans-en-facebook\/\"},\"wordCount\":252,\"publisher\":{\"@id\":\"https:\/\/about.fb.com\/es\/#organization\"},\"articleSection\":[\"Uncategorized\"],\"inLanguage\":\"es\"},{\"@type\":\"WebPage\",\"@id\":\"https:\/\/about.fb.com\/es\/news\/2015\/04\/auryn-se-sincera-con-sus-fans-en-facebook\/\",\"url\":\"https:\/\/about.fb.com\/es\/news\/2015\/04\/auryn-se-sincera-con-sus-fans-en-facebook\/\",\"name\":\"Auryn se sincera con sus fans en Facebook | Informaci\u00f3n sobre Meta\",\"isPartOf\":{\"@id\":\"https:\/\/about.fb.com\/es\/#website\"},\"datePublished\":\"2015-04-15T11:22:22+00:00\",\"dateModified\":\"2015-05-05T11:24:46+00:00\",\"breadcrumb\":{\"@id\":\"https:\/\/about.fb.com\/es\/news\/2015\/04\/auryn-se-sincera-con-sus-fans-en-facebook\/#breadcrumb\"},\"inLanguage\":\"es\",\"potentialAction\":[{\"@type\":\"ReadAction\",\"target\":[\"https:\/\/about.fb.com\/es\/news\/2015\/04\/auryn-se-sincera-con-sus-fans-en-facebook\/\"]}],\"author\":\"Informaci\u00f3n sobre Meta\"},{\"@type\":\"BreadcrumbList\",\"@id\":\"https:\/\/about.fb.com\/es\/news\/2015\/04\/auryn-se-sincera-con-sus-fans-en-facebook\/#breadcrumb\",\"itemListElement\":[{\"@type\":\"ListItem\",\"position\":1,\"name\":\"Home\",\"item\":\"https:\/\/about.fb.com\/es\/\"},{\"@type\":\"ListItem\",\"position\":2,\"name\":\"Auryn se sincera con sus fans en Facebook\"}]},{\"@type\":\"WebSite\",\"@id\":\"https:\/\/about.fb.com\/es\/#website\",\"url\":\"https:\/\/about.fb.com\/news\/\",\"name\":\"Informaci\u00f3n sobre Meta\",\"description\":\"\",\"publisher\":{\"@id\":\"https:\/\/about.fb.com\/es\/#organization\"},\"potentialAction\":[{\"@type\":\"SearchAction\",\"target\":{\"@type\":\"EntryPoint\",\"urlTemplate\":\"https:\/\/about.fb.com\/es\/?s={search_term_string}\"},\"query-input\":{\"@type\":\"PropertyValueSpecification\",\"valueRequired\":true,\"valueName\":\"search_term_string\"}}],\"inLanguage\":\"es\",\"alternateName\":[\"Meta Newsroom\",\"Meta\"]},{\"@type\":\"Organization\",\"@id\":\"https:\/\/about.fb.com\/es\/#organization\",\"name\":\"Meta\",\"url\":\"https:\/\/about.fb.com\/es\/\",\"logo\":{\"@type\":\"ImageObject\",\"inLanguage\":\"es\",\"@id\":\"https:\/\/about.fb.com\/es\/#\/schema\/logo\/image\/\",\"url\":\"https:\/\/about.fb.com\/es\/wp-content\/uploads\/sites\/13\/2021\/10\/meta-social-16x9-1.jpg?fit=8000%2C4500\",\"contentUrl\":\"https:\/\/about.fb.com\/es\/wp-content\/uploads\/sites\/13\/2021\/10\/meta-social-16x9-1.jpg?fit=8000%2C4500\",\"width\":8000,\"height\":4500,\"caption\":\"Meta\"},\"image\":{\"@id\":\"https:\/\/about.fb.com\/es\/#\/schema\/logo\/image\/\"}}]}<\/script>\n<!-- \/ Yoast SEO plugin. -->","yoast_head_json":{"title":"Auryn se sincera con sus fans en Facebook | Informaci\u00f3n sobre Meta","robots":{"index":"index","follow":"follow","max-snippet":"max-snippet:-1","max-image-preview":"max-image-preview:large","max-video-preview":"max-video-preview:-1"},"canonical":"https:\/\/about.fb.com\/es\/news\/2015\/04\/auryn-se-sincera-con-sus-fans-en-facebook\/","og_locale":"es_ES","og_type":"article","og_title":"Auryn se sincera con sus fans en Facebook | Informaci\u00f3n sobre Meta","og_description":"\u2018Circus Avenue Night\u2019, reedici\u00f3n del tercer disco de Auryn \u2018Circus Avenue\u2019, ha salido a la venta en formato CD+DVD con el concierto que ofrecieron el pasado 19 de Diciembre en el Palacio de los Deportes de Madrid. Con motivo de este lanzamiento, el grupo ha realizado una sesi\u00f3n de preguntas y respuestas con sus fans en Facebook. Los Auryners pudieron conocer de primera mano qu\u00e9 emoticono define a cada uno o si pr\u00f3ximamente estrenar\u00e1n pel\u00edcula, gracias a las preguntas que hab\u00edan realizado previamente a trav\u00e9s del hashtag #Reedici\u00f3nAuryn. La boyband espa\u00f1ola coment\u00f3 an\u00e9cdotas en exclusiva, como que David se rompi\u00f3 los pantalones en mitad de un concierto y que suele enfadarse m\u00e1s a menudo, o que Blas es el m\u00e1s rom\u00e1ntico, quien incluso cant\u00f3 a capella. Auryn tambi\u00e9n opin\u00f3 sobre la ruptura del grupo One Direction tras la salida de Zayn Malik, si bien confirmaron que no piensan separarse. \u201cAuryn somos nosotros cinco, y si falta uno, no ser\u00e1 igual\u201d, dec\u00eda \u00c1lvaro. Por \u00faltimo, recordaron c\u00f3mo fue la noche del concierto en el Palacio de los Deportes. \u201cNosotros empezamos en el sal\u00f3n de casa y hemos terminado en el Palacio de los Deportes (\u2026) Gracias a toda la gente que se vino de diferentes ciudades a vernos\u201d, explicaba Dani. \u201cFue impresionante, nos sentimos halagados y orgullosos\u201d, dijo David.","og_url":"https:\/\/about.fb.com\/es\/news\/2015\/04\/auryn-se-sincera-con-sus-fans-en-facebook\/","og_site_name":"Informaci\u00f3n sobre Meta","article_published_time":"2015-04-15T11:22:22+00:00","article_modified_time":"2015-05-05T11:24:46+00:00","og_image":[{"width":1024,"height":576,"url":"https:\/\/about.fb.com\/es\/wp-content\/uploads\/sites\/13\/2021\/10\/meta-social-16x9-1.jpg?resize=1024,576","type":"image\/jpeg"}],"author":"text100madrid","twitter_card":"summary_large_image","twitter_misc":{"Written by":"Meta","Est. reading time":"1 minuto"},"schema":{"@context":"https:\/\/schema.org","@graph":[{"@type":"Article","@id":"https:\/\/about.fb.com\/es\/news\/2015\/04\/auryn-se-sincera-con-sus-fans-en-facebook\/#article","isPartOf":{"@id":"https:\/\/about.fb.com\/es\/news\/2015\/04\/auryn-se-sincera-con-sus-fans-en-facebook\/"},"author":"Facebook company","headline":"Auryn se sincera con sus fans en Facebook","datePublished":"2015-04-15T11:22:22+00:00","dateModified":"2015-05-05T11:24:46+00:00","mainEntityOfPage":{"@id":"https:\/\/about.fb.com\/es\/news\/2015\/04\/auryn-se-sincera-con-sus-fans-en-facebook\/"},"wordCount":252,"publisher":{"@id":"https:\/\/about.fb.com\/es\/#organization"},"articleSection":["Uncategorized"],"inLanguage":"es"},{"@type":"WebPage","@id":"https:\/\/about.fb.com\/es\/news\/2015\/04\/auryn-se-sincera-con-sus-fans-en-facebook\/","url":"https:\/\/about.fb.com\/es\/news\/2015\/04\/auryn-se-sincera-con-sus-fans-en-facebook\/","name":"Auryn se sincera con sus fans en Facebook | Informaci\u00f3n sobre Meta","isPartOf":{"@id":"https:\/\/about.fb.com\/es\/#website"},"datePublished":"2015-04-15T11:22:22+00:00","dateModified":"2015-05-05T11:24:46+00:00","breadcrumb":{"@id":"https:\/\/about.fb.com\/es\/news\/2015\/04\/auryn-se-sincera-con-sus-fans-en-facebook\/#breadcrumb"},"inLanguage":"es","potentialAction":[{"@type":"ReadAction","target":["https:\/\/about.fb.com\/es\/news\/2015\/04\/auryn-se-sincera-con-sus-fans-en-facebook\/"]}],"author":"Informaci\u00f3n sobre Meta"},{"@type":"BreadcrumbList","@id":"https:\/\/about.fb.com\/es\/news\/2015\/04\/auryn-se-sincera-con-sus-fans-en-facebook\/#breadcrumb","itemListElement":[{"@type":"ListItem","position":1,"name":"Home","item":"https:\/\/about.fb.com\/es\/"},{"@type":"ListItem","position":2,"name":"Auryn se sincera con sus fans en Facebook"}]},{"@type":"WebSite","@id":"https:\/\/about.fb.com\/es\/#website","url":"https:\/\/about.fb.com\/news\/","name":"Informaci\u00f3n sobre Meta","description":"","publisher":{"@id":"https:\/\/about.fb.com\/es\/#organization"},"potentialAction":[{"@type":"SearchAction","target":{"@type":"EntryPoint","urlTemplate":"https:\/\/about.fb.com\/es\/?s={search_term_string}"},"query-input":{"@type":"PropertyValueSpecification","valueRequired":true,"valueName":"search_term_string"}}],"inLanguage":"es","alternateName":["Meta Newsroom","Meta"]},{"@type":"Organization","@id":"https:\/\/about.fb.com\/es\/#organization","name":"Meta","url":"https:\/\/about.fb.com\/es\/","logo":{"@type":"ImageObject","inLanguage":"es","@id":"https:\/\/about.fb.com\/es\/#\/schema\/logo\/image\/","url":"https:\/\/about.fb.com\/es\/wp-content\/uploads\/sites\/13\/2021\/10\/meta-social-16x9-1.jpg?fit=8000%2C4500","contentUrl":"https:\/\/about.fb.com\/es\/wp-content\/uploads\/sites\/13\/2021\/10\/meta-social-16x9-1.jpg?fit=8000%2C4500","width":8000,"height":4500,"caption":"Meta"},"image":{"@id":"https:\/\/about.fb.com\/es\/#\/schema\/logo\/image\/"}}]}},"jetpack_featured_media_url":"","jetpack-related-posts":[],"jetpack_sharing_enabled":true,"amp_enabled":true,"_links":{"self":[{"href":"https:\/\/about.fb.com\/es\/wp-json\/wp\/v2\/posts\/3233","targetHints":{"allow":["GET"]}}],"collection":[{"href":"https:\/\/about.fb.com\/es\/wp-json\/wp\/v2\/posts"}],"about":[{"href":"https:\/\/about.fb.com\/es\/wp-json\/wp\/v2\/types\/post"}],"author":[{"embeddable":true,"href":"https:\/\/about.fb.com\/es\/wp-json\/wp\/v2\/users\/81919965"}],"replies":[{"embeddable":true,"href":"https:\/\/about.fb.com\/es\/wp-json\/wp\/v2\/comments?post=3233"}],"version-history":[{"count":1,"href":"https:\/\/about.fb.com\/es\/wp-json\/wp\/v2\/posts\/3233\/revisions"}],"predecessor-version":[{"id":3234,"href":"https:\/\/about.fb.com\/es\/wp-json\/wp\/v2\/posts\/3233\/revisions\/3234"}],"wp:attachment":[{"href":"https:\/\/about.fb.com\/es\/wp-json\/wp\/v2\/media?parent=3233"}],"wp:term":[{"taxonomy":"category","embeddable":true,"href":"https:\/\/about.fb.com\/es\/wp-json\/wp\/v2\/categories?post=3233"},{"taxonomy":"post_tag","embeddable":true,"href":"https:\/\/about.fb.com\/es\/wp-json\/wp\/v2\/tags?post=3233"}],"curies":[{"name":"wp","href":"https:\/\/api.w.org\/{rel}","templated":true}]}}