{"id":3136,"date":"2014-11-12T23:08:17","date_gmt":"2014-11-12T23:08:17","guid":{"rendered":"http:\/\/es.newsroom.fb.com\/?p=3136"},"modified":"2020-02-26T21:57:24","modified_gmt":"2020-02-26T21:57:24","slug":"presentamos-da-las-gracias","status":"publish","type":"post","link":"https:\/\/about.fb.com\/es\/news\/2014\/11\/presentamos-da-las-gracias\/","title":{"rendered":"Presentamos \u201cDa las gracias\u201d"},"content":{"rendered":"<p><a href=\"https:\/\/www.facebook.com\/JamesCameronEwing?fref=ts&amp;ref=br_tf\"><em>Cameron Ewing<\/em><\/a><em> (responsable de dise\u00f1o) y <\/em><a href=\"https:\/\/www.facebook.com\/nkwiatek?fref=ts\"><em>Nick Kwiatek<\/em><\/a><em> (responsable de ingenier\u00eda)<\/em><\/p>\n<p>Cada d\u00eda, millones de personas usan Facebook para mantenerse en contacto con la gente que m\u00e1s aprecian y seguir sus temas favoritos. La experiencia de Facebook gira en torno a tus amigos, y por eso siempre buscamos nuevas formas de ayudarte a rendirles homenaje.<\/p>\n<p>Hoy presentamos\u00a0<a href=\"https:\/\/www.facebook.com\/thanks\">Da las gracias<\/a>, un producto con el que podr\u00e1s crear v\u00eddeos personalizados dedicados a tus amigos de Facebook.<\/p>\n<p>Si quieres que alguien sepa lo importante que es para ti, comparte un v\u00eddeo de agradecimiento personalizado. Puedes dedicar los v\u00eddeos a quien quieras \u2014un buen amigo, tu pareja, un familiar, un compa\u00f1ero de trabajo o alguien a quien conozcas de toda la vida\u2014 y crear y compartir tantos como quieras.<\/p>\n<p><img data-recalc-dims=\"1\" loading=\"lazy\" decoding=\"async\" class=\"aligncenter size-full wp-image-3137\" src=\"https:\/\/about.fb.com\/es\/wp-content\/uploads\/sites\/13\/2014\/11\/saythanksscreenshot2.jpg?resize=960%2C818\" alt=\"saythanksscreenshot2\" width=\"960\" height=\"818\" \/><\/p>\n<p>El proceso es el siguiente:<\/p>\n<p>Para crear un v\u00eddeo de agradecimiento, visita <a href=\"http:\/\/facebook.com\/thanks\">facebook.com\/thanks<\/a>. Al elegir a un amigo, Facebook te mostrar\u00e1 una vista previa del v\u00eddeo. Puedes cambiar el dise\u00f1o y editar las fotos y publicaciones que representan vuestra amistad.<\/p>\n<p>Cuando te guste el resultado, haz clic en \u201cCompartir\u201d y, si quieres, escribe un mensaje personalizado antes de publicarlo. El v\u00eddeo aparecer\u00e1 en tu biograf\u00eda, y tu amigo tambi\u00e9n lo ver\u00e1 en la suya porque se le etiquetar\u00e1 en la publicaci\u00f3n.<\/p>\n<p>A partir de hoy, \u201cDa las gracias\u201d estar\u00e1 disponible para ordenador y m\u00f3vil en todo el mundo. Tenemos versiones en espa\u00f1ol, ingl\u00e9s, franc\u00e9s, alem\u00e1n, italiano, portugu\u00e9s, indonesio y turco.<\/p>\n","protected":false},"excerpt":{"rendered":"Hoy presentamos Da las gracias, un producto con el que podr\u00e1s crear v\u00eddeos personalizados dedicados a tus amigos de Facebook.","protected":false},"author":60068712,"featured_media":3138,"comment_status":"closed","ping_status":"closed","sticky":false,"template":"","format":"standard","meta":{"_jetpack_memberships_contains_paid_content":false,"footnotes":""},"categories":[243901421,237720135],"tags":[],"class_list":["post-3136","post","type-post","status-publish","format-standard","has-post-thumbnail","hentry","category-facebook-app","category-noticias-de-productos"],"yoast_head":"<!-- This site is optimized with the Yoast SEO plugin v27.2 - https:\/\/yoast.com\/product\/yoast-seo-wordpress\/ -->\n<title>Presentamos \u201cDa las gracias\u201d | Informaci\u00f3n sobre Meta<\/title>\n<meta name=\"robots\" content=\"index, follow, max-snippet:-1, max-image-preview:large, max-video-preview:-1\" \/>\n<link rel=\"canonical\" href=\"https:\/\/about.fb.com\/es\/news\/2014\/11\/presentamos-da-las-gracias\/\" \/>\n<meta property=\"og:locale\" content=\"es_ES\" \/>\n<meta property=\"og:type\" content=\"article\" \/>\n<meta property=\"og:title\" content=\"Presentamos \u201cDa las gracias\u201d | Informaci\u00f3n sobre Meta\" \/>\n<meta property=\"og:description\" content=\"Hoy presentamos Da las gracias, un producto con el que podr\u00e1s crear v\u00eddeos personalizados dedicados a tus amigos de Facebook.\" \/>\n<meta property=\"og:url\" content=\"https:\/\/about.fb.com\/es\/news\/2014\/11\/presentamos-da-las-gracias\/\" \/>\n<meta property=\"og:site_name\" content=\"Informaci\u00f3n sobre Meta\" \/>\n<meta property=\"article:published_time\" content=\"2014-11-12T23:08:17+00:00\" \/>\n<meta property=\"article:modified_time\" content=\"2020-02-26T21:57:24+00:00\" \/>\n<meta property=\"og:image\" content=\"https:\/\/about.fb.com\/es\/wp-content\/uploads\/sites\/13\/2015\/01\/saythanks.png?fit=740%2C499\" \/>\n\t<meta property=\"og:image:width\" content=\"740\" \/>\n\t<meta property=\"og:image:height\" content=\"499\" \/>\n\t<meta property=\"og:image:type\" content=\"image\/png\" \/>\n<meta name=\"twitter:card\" content=\"summary_large_image\" \/>\n<meta name=\"twitter:label1\" content=\"Written by\" \/>\n\t<meta name=\"twitter:data1\" content=\"Meta\" \/>\n\t<meta name=\"twitter:label2\" content=\"Est. reading time\" \/>\n\t<meta name=\"twitter:data2\" content=\"1 minuto\" \/>\n<script type=\"application\/ld+json\" class=\"yoast-schema-graph\">{\"@context\":\"https:\/\/schema.org\",\"@graph\":[{\"@type\":\"Article\",\"@id\":\"https:\/\/about.fb.com\/es\/news\/2014\/11\/presentamos-da-las-gracias\/#article\",\"isPartOf\":{\"@id\":\"https:\/\/about.fb.com\/es\/news\/2014\/11\/presentamos-da-las-gracias\/\"},\"author\":\"Facebook company\",\"headline\":\"Presentamos \u201cDa las gracias\u201d\",\"datePublished\":\"2014-11-12T23:08:17+00:00\",\"dateModified\":\"2020-02-26T21:57:24+00:00\",\"mainEntityOfPage\":{\"@id\":\"https:\/\/about.fb.com\/es\/news\/2014\/11\/presentamos-da-las-gracias\/\"},\"wordCount\":264,\"publisher\":{\"@id\":\"https:\/\/about.fb.com\/es\/#organization\"},\"image\":{\"@id\":\"https:\/\/about.fb.com\/es\/news\/2014\/11\/presentamos-da-las-gracias\/#primaryimage\"},\"thumbnailUrl\":\"https:\/\/about.fb.com\/es\/wp-content\/uploads\/sites\/13\/2015\/01\/saythanks.png?fit=740%2C499\",\"articleSection\":[\"Facebook\",\"Noticias de productos\"],\"inLanguage\":\"es\"},{\"@type\":\"WebPage\",\"@id\":\"https:\/\/about.fb.com\/es\/news\/2014\/11\/presentamos-da-las-gracias\/\",\"url\":\"https:\/\/about.fb.com\/es\/news\/2014\/11\/presentamos-da-las-gracias\/\",\"name\":\"Presentamos \u201cDa las gracias\u201d | Informaci\u00f3n sobre Meta\",\"isPartOf\":{\"@id\":\"https:\/\/about.fb.com\/es\/#website\"},\"primaryImageOfPage\":{\"@id\":\"https:\/\/about.fb.com\/es\/news\/2014\/11\/presentamos-da-las-gracias\/#primaryimage\"},\"image\":{\"@id\":\"https:\/\/about.fb.com\/es\/news\/2014\/11\/presentamos-da-las-gracias\/#primaryimage\"},\"thumbnailUrl\":\"https:\/\/about.fb.com\/es\/wp-content\/uploads\/sites\/13\/2015\/01\/saythanks.png?fit=740%2C499\",\"datePublished\":\"2014-11-12T23:08:17+00:00\",\"dateModified\":\"2020-02-26T21:57:24+00:00\",\"breadcrumb\":{\"@id\":\"https:\/\/about.fb.com\/es\/news\/2014\/11\/presentamos-da-las-gracias\/#breadcrumb\"},\"inLanguage\":\"es\",\"potentialAction\":[{\"@type\":\"ReadAction\",\"target\":[\"https:\/\/about.fb.com\/es\/news\/2014\/11\/presentamos-da-las-gracias\/\"]}],\"author\":\"Informaci\u00f3n sobre Meta\"},{\"@type\":\"ImageObject\",\"inLanguage\":\"es\",\"@id\":\"https:\/\/about.fb.com\/es\/news\/2014\/11\/presentamos-da-las-gracias\/#primaryimage\",\"url\":\"https:\/\/about.fb.com\/es\/wp-content\/uploads\/sites\/13\/2015\/01\/saythanks.png?fit=740%2C499\",\"contentUrl\":\"https:\/\/about.fb.com\/es\/wp-content\/uploads\/sites\/13\/2015\/01\/saythanks.png?fit=740%2C499\",\"width\":740,\"height\":499},{\"@type\":\"BreadcrumbList\",\"@id\":\"https:\/\/about.fb.com\/es\/news\/2014\/11\/presentamos-da-las-gracias\/#breadcrumb\",\"itemListElement\":[{\"@type\":\"ListItem\",\"position\":1,\"name\":\"Home\",\"item\":\"https:\/\/about.fb.com\/es\/\"},{\"@type\":\"ListItem\",\"position\":2,\"name\":\"Presentamos \u201cDa las gracias\u201d\"}]},{\"@type\":\"WebSite\",\"@id\":\"https:\/\/about.fb.com\/es\/#website\",\"url\":\"https:\/\/about.fb.com\/news\/\",\"name\":\"Informaci\u00f3n sobre Meta\",\"description\":\"\",\"publisher\":{\"@id\":\"https:\/\/about.fb.com\/es\/#organization\"},\"potentialAction\":[{\"@type\":\"SearchAction\",\"target\":{\"@type\":\"EntryPoint\",\"urlTemplate\":\"https:\/\/about.fb.com\/es\/?s={search_term_string}\"},\"query-input\":{\"@type\":\"PropertyValueSpecification\",\"valueRequired\":true,\"valueName\":\"search_term_string\"}}],\"inLanguage\":\"es\",\"alternateName\":[\"Meta Newsroom\",\"Meta\"]},{\"@type\":\"Organization\",\"@id\":\"https:\/\/about.fb.com\/es\/#organization\",\"name\":\"Meta\",\"url\":\"https:\/\/about.fb.com\/es\/\",\"logo\":{\"@type\":\"ImageObject\",\"inLanguage\":\"es\",\"@id\":\"https:\/\/about.fb.com\/es\/#\/schema\/logo\/image\/\",\"url\":\"https:\/\/about.fb.com\/es\/wp-content\/uploads\/sites\/13\/2021\/10\/meta-social-16x9-1.jpg?fit=8000%2C4500\",\"contentUrl\":\"https:\/\/about.fb.com\/es\/wp-content\/uploads\/sites\/13\/2021\/10\/meta-social-16x9-1.jpg?fit=8000%2C4500\",\"width\":8000,\"height\":4500,\"caption\":\"Meta\"},\"image\":{\"@id\":\"https:\/\/about.fb.com\/es\/#\/schema\/logo\/image\/\"}}]}<\/script>\n<!-- \/ Yoast SEO plugin. -->","yoast_head_json":{"title":"Presentamos \u201cDa las gracias\u201d | Informaci\u00f3n sobre Meta","robots":{"index":"index","follow":"follow","max-snippet":"max-snippet:-1","max-image-preview":"max-image-preview:large","max-video-preview":"max-video-preview:-1"},"canonical":"https:\/\/about.fb.com\/es\/news\/2014\/11\/presentamos-da-las-gracias\/","og_locale":"es_ES","og_type":"article","og_title":"Presentamos \u201cDa las gracias\u201d | Informaci\u00f3n sobre Meta","og_description":"Hoy presentamos Da las gracias, un producto con el que podr\u00e1s crear v\u00eddeos personalizados dedicados a tus amigos de Facebook.","og_url":"https:\/\/about.fb.com\/es\/news\/2014\/11\/presentamos-da-las-gracias\/","og_site_name":"Informaci\u00f3n sobre Meta","article_published_time":"2014-11-12T23:08:17+00:00","article_modified_time":"2020-02-26T21:57:24+00:00","og_image":[{"url":"https:\/\/about.fb.com\/es\/wp-content\/uploads\/sites\/13\/2015\/01\/saythanks.png?fit=740%2C499","width":740,"height":499,"type":"image\/png"}],"twitter_card":"summary_large_image","twitter_misc":{"Written by":"Meta","Est. reading time":"1 minuto"},"schema":{"@context":"https:\/\/schema.org","@graph":[{"@type":"Article","@id":"https:\/\/about.fb.com\/es\/news\/2014\/11\/presentamos-da-las-gracias\/#article","isPartOf":{"@id":"https:\/\/about.fb.com\/es\/news\/2014\/11\/presentamos-da-las-gracias\/"},"author":"Facebook company","headline":"Presentamos \u201cDa las gracias\u201d","datePublished":"2014-11-12T23:08:17+00:00","dateModified":"2020-02-26T21:57:24+00:00","mainEntityOfPage":{"@id":"https:\/\/about.fb.com\/es\/news\/2014\/11\/presentamos-da-las-gracias\/"},"wordCount":264,"publisher":{"@id":"https:\/\/about.fb.com\/es\/#organization"},"image":{"@id":"https:\/\/about.fb.com\/es\/news\/2014\/11\/presentamos-da-las-gracias\/#primaryimage"},"thumbnailUrl":"https:\/\/about.fb.com\/es\/wp-content\/uploads\/sites\/13\/2015\/01\/saythanks.png?fit=740%2C499","articleSection":["Facebook","Noticias de productos"],"inLanguage":"es"},{"@type":"WebPage","@id":"https:\/\/about.fb.com\/es\/news\/2014\/11\/presentamos-da-las-gracias\/","url":"https:\/\/about.fb.com\/es\/news\/2014\/11\/presentamos-da-las-gracias\/","name":"Presentamos \u201cDa las gracias\u201d | Informaci\u00f3n sobre Meta","isPartOf":{"@id":"https:\/\/about.fb.com\/es\/#website"},"primaryImageOfPage":{"@id":"https:\/\/about.fb.com\/es\/news\/2014\/11\/presentamos-da-las-gracias\/#primaryimage"},"image":{"@id":"https:\/\/about.fb.com\/es\/news\/2014\/11\/presentamos-da-las-gracias\/#primaryimage"},"thumbnailUrl":"https:\/\/about.fb.com\/es\/wp-content\/uploads\/sites\/13\/2015\/01\/saythanks.png?fit=740%2C499","datePublished":"2014-11-12T23:08:17+00:00","dateModified":"2020-02-26T21:57:24+00:00","breadcrumb":{"@id":"https:\/\/about.fb.com\/es\/news\/2014\/11\/presentamos-da-las-gracias\/#breadcrumb"},"inLanguage":"es","potentialAction":[{"@type":"ReadAction","target":["https:\/\/about.fb.com\/es\/news\/2014\/11\/presentamos-da-las-gracias\/"]}],"author":"Informaci\u00f3n sobre Meta"},{"@type":"ImageObject","inLanguage":"es","@id":"https:\/\/about.fb.com\/es\/news\/2014\/11\/presentamos-da-las-gracias\/#primaryimage","url":"https:\/\/about.fb.com\/es\/wp-content\/uploads\/sites\/13\/2015\/01\/saythanks.png?fit=740%2C499","contentUrl":"https:\/\/about.fb.com\/es\/wp-content\/uploads\/sites\/13\/2015\/01\/saythanks.png?fit=740%2C499","width":740,"height":499},{"@type":"BreadcrumbList","@id":"https:\/\/about.fb.com\/es\/news\/2014\/11\/presentamos-da-las-gracias\/#breadcrumb","itemListElement":[{"@type":"ListItem","position":1,"name":"Home","item":"https:\/\/about.fb.com\/es\/"},{"@type":"ListItem","position":2,"name":"Presentamos \u201cDa las gracias\u201d"}]},{"@type":"WebSite","@id":"https:\/\/about.fb.com\/es\/#website","url":"https:\/\/about.fb.com\/news\/","name":"Informaci\u00f3n sobre Meta","description":"","publisher":{"@id":"https:\/\/about.fb.com\/es\/#organization"},"potentialAction":[{"@type":"SearchAction","target":{"@type":"EntryPoint","urlTemplate":"https:\/\/about.fb.com\/es\/?s={search_term_string}"},"query-input":{"@type":"PropertyValueSpecification","valueRequired":true,"valueName":"search_term_string"}}],"inLanguage":"es","alternateName":["Meta Newsroom","Meta"]},{"@type":"Organization","@id":"https:\/\/about.fb.com\/es\/#organization","name":"Meta","url":"https:\/\/about.fb.com\/es\/","logo":{"@type":"ImageObject","inLanguage":"es","@id":"https:\/\/about.fb.com\/es\/#\/schema\/logo\/image\/","url":"https:\/\/about.fb.com\/es\/wp-content\/uploads\/sites\/13\/2021\/10\/meta-social-16x9-1.jpg?fit=8000%2C4500","contentUrl":"https:\/\/about.fb.com\/es\/wp-content\/uploads\/sites\/13\/2021\/10\/meta-social-16x9-1.jpg?fit=8000%2C4500","width":8000,"height":4500,"caption":"Meta"},"image":{"@id":"https:\/\/about.fb.com\/es\/#\/schema\/logo\/image\/"}}]}},"jetpack_featured_media_url":"https:\/\/about.fb.com\/es\/wp-content\/uploads\/sites\/13\/2015\/01\/saythanks.png?fit=740%2C499","jetpack-related-posts":[],"jetpack_sharing_enabled":true,"amp_enabled":true,"_links":{"self":[{"href":"https:\/\/about.fb.com\/es\/wp-json\/wp\/v2\/posts\/3136","targetHints":{"allow":["GET"]}}],"collection":[{"href":"https:\/\/about.fb.com\/es\/wp-json\/wp\/v2\/posts"}],"about":[{"href":"https:\/\/about.fb.com\/es\/wp-json\/wp\/v2\/types\/post"}],"author":[{"embeddable":true,"href":"https:\/\/about.fb.com\/es\/wp-json\/wp\/v2\/users\/60068712"}],"replies":[{"embeddable":true,"href":"https:\/\/about.fb.com\/es\/wp-json\/wp\/v2\/comments?post=3136"}],"version-history":[{"count":2,"href":"https:\/\/about.fb.com\/es\/wp-json\/wp\/v2\/posts\/3136\/revisions"}],"predecessor-version":[{"id":17614,"href":"https:\/\/about.fb.com\/es\/wp-json\/wp\/v2\/posts\/3136\/revisions\/17614"}],"wp:featuredmedia":[{"embeddable":true,"href":"https:\/\/about.fb.com\/es\/wp-json\/wp\/v2\/media\/3138"}],"wp:attachment":[{"href":"https:\/\/about.fb.com\/es\/wp-json\/wp\/v2\/media?parent=3136"}],"wp:term":[{"taxonomy":"category","embeddable":true,"href":"https:\/\/about.fb.com\/es\/wp-json\/wp\/v2\/categories?post=3136"},{"taxonomy":"post_tag","embeddable":true,"href":"https:\/\/about.fb.com\/es\/wp-json\/wp\/v2\/tags?post=3136"}],"curies":[{"name":"wp","href":"https:\/\/api.w.org\/{rel}","templated":true}]}}