{"id":22942,"date":"2025-12-16T17:18:57","date_gmt":"2025-12-16T17:18:57","guid":{"rendered":"https:\/\/about.fb.com\/es\/?p=22942"},"modified":"2025-12-17T15:46:42","modified_gmt":"2025-12-17T15:46:42","slug":"meta-acoge-el-patronato-de-fad-juventud-centrado-en-como-mejorar-la-seguridad-digital-para-la-infancia-adolescencia-y-juventud","status":"publish","type":"post","link":"https:\/\/about.fb.com\/es\/news\/2025\/12\/meta-acoge-el-patronato-de-fad-juventud-centrado-en-como-mejorar-la-seguridad-digital-para-la-infancia-adolescencia-y-juventud\/","title":{"rendered":"Meta acoge el Patronato de Fad Juventud, centrado en c\u00f3mo mejorar la seguridad digital para la infancia, adolescencia y juventud"},"content":{"rendered":"<ul>\n<li style=\"font-weight: 400\"><span style=\"font-weight: 400\">Durante el Patronato, presidido por SM la Reina, Fad Juventud ha presentado su posicionamiento sobre entornos digitales seguros y derechos digitales, subrayando la necesidad de equilibrar protecci\u00f3n y autonom\u00eda para menores de edad.<\/span><\/li>\n<li style=\"font-weight: 400\"><span style=\"font-weight: 400\">Su Majestad la Reina ha estado acompa\u00f1ada por el presidente de Fad Juventud, Jos\u00e9 Ignacio Goirigolzarri; la directora general de Meta para Espa\u00f1a y Portugal, Irene Cano; el resto de patronos de Fad Juventud; y numerosas personas vinculadas al \u00e1mbito digital en Espa\u00f1a.<\/span><\/li>\n<li style=\"font-weight: 400\"><span style=\"font-weight: 400\">Tras la reuni\u00f3n, Su Majestad la Reina ha asistido a un di\u00e1logo sobre los desaf\u00edos y retos de la seguridad digital en el que se han analizado las principales necesidades en materia de protecci\u00f3n de la infancia, adolescencia y juventud.<\/span><\/li>\n<li style=\"font-weight: 400\"><span style=\"font-weight: 400\">El coloquio, moderado por el periodista de Mediaset Carlos Franganillo, ha contado con la participaci\u00f3n de Cristina Guti\u00e9rrez (INCIBE-CERT), Julio Albalad (INTEF) y Carlos Saura (Representaci\u00f3n Permanente de Espa\u00f1a ante la UE).<\/span><\/li>\n<\/ul>\n<p><span style=\"font-weight: 400\">Su Majestad la Reina ha presidido esta ma\u00f1ana la reuni\u00f3n del Patronato de Fad Juventud, celebrado en la sede de Meta en Espa\u00f1a, dedicada a analizar c\u00f3mo garantizar entornos digitales seguros para la infancia, la adolescencia y la juventud, uno de los desaf\u00edos sociales m\u00e1s relevantes de la \u00faltima d\u00e9cada.<\/span><\/p>\n<p><span style=\"font-weight: 400\">Como presidenta de honor de la entidad, Su Majestad ha querido acompa\u00f1ar a Fad Juventud en una sesi\u00f3n centrada en presentar su posicionamiento institucional ante el entorno digital, un marco que aborda la necesidad de reforzar los derechos digitales de los menores de edad, promover su autonom\u00eda progresiva y avanzar hacia un ecosistema digital m\u00e1s seguro y responsable.<\/span><\/p>\n<p><span style=\"font-weight: 400\">En el acto, Su Majestad ha estado acompa\u00f1ada por el presidente de Fad Juventud, Jos\u00e9 Ignacio Goirigolzarri; la directora general de Meta para Espa\u00f1a y Portugal, Irene Cano; y el resto de patronos y patronas de la organizaci\u00f3n.<\/span><\/p>\n<p><span style=\"font-weight: 400\">Para el presidente de Fad Juventud: <\/span><i><span style=\"font-weight: 400\">\u201cSin duda avanzar en entornos digitales m\u00e1s seguros para adolescentes y j\u00f3venes es uno de los grandes retos a los que nos enfrentamos en la actualidad. Desde Fad Juventud queremos contribuir desde la serenidad en el debate; la experiencia de cuatro d\u00e9cadas trabajando por la protecci\u00f3n frente a riesgos sociales de los menores; y la responsabilidad de que es un \u00e1mbito donde debemos actuar de forma prioritaria por la importancia que tiene en la vida de los j\u00f3venes\u201d<\/span><\/i><span style=\"font-weight: 400\">.\u00a0<\/span><\/p>\n<p><span style=\"font-weight: 400\">Por su parte, Irene Cano, directora general de Meta para Espa\u00f1a y Portugal, ha asegurado que <\/span><i><span style=\"font-weight: 400\">\u201cpara Meta, la seguridad y el bienestar digital de los adolescentes es una prioridad, y por eso trabajamos de forma constante con organizaciones como Fad Juventud, con educadores, familias y expertos. Su conocimiento nos ayuda a entender mejor las necesidades reales de los j\u00f3venes y sus familias, y nos permite desarrollar y mejorar nuestras herramientas para ofrecer m\u00e1s protecci\u00f3n a los adolescentes y mayor tranquilidad a los padres\u201d.<\/span><\/i><\/p>\n<p><span style=\"font-weight: 400\">Entre las l\u00edneas principales presentadas en el marco del Patronato, destacan:<\/span><\/p>\n<ul>\n<li style=\"font-weight: 400\"><span style=\"font-weight: 400\">Acompa\u00f1amiento parental: Debe primar un modelo de acompa\u00f1amiento basado en el di\u00e1logo, la progresividad y la coherencia educativa, evitando tanto la sobreprotecci\u00f3n como la ausencia de supervisi\u00f3n.<\/span><\/li>\n<li style=\"font-weight: 400\"><span style=\"font-weight: 400\">Autonom\u00eda progresiva: La autonom\u00eda digital debe construirse de forma gradual, combinando l\u00edmites razonables, alfabetizaci\u00f3n cr\u00edtica y oportunidades reales de pr\u00e1ctica.<\/span><\/li>\n<li style=\"font-weight: 400\"><span style=\"font-weight: 400\">Creadores de contenido: apostamos por ofrecer formaci\u00f3n en producci\u00f3n responsable y \u00e9tica, por promover espacios seguros de participaci\u00f3n y por impulsar normativas que eviten la explotaci\u00f3n comercial o la exposici\u00f3n excesiva de menores de edad.<\/span><\/li>\n<li style=\"font-weight: 400\"><span style=\"font-weight: 400\">Responsabilidad de las plataformas: Las plataformas deben dise\u00f1ar productos espec\u00edficamente pensados para adolescentes: privacidad m\u00e1xima por defecto, reducci\u00f3n de mecanismos adictivos, transparencia algor\u00edtmica y herramientas eficaces de moderaci\u00f3n y denuncia.<\/span><\/li>\n<li style=\"font-weight: 400\"><span style=\"font-weight: 400\">Prohibici\u00f3n de la publicidad personalizada a menores de 18 a\u00f1os: La publicidad basada en perfil dirigido a menores de edad, dada su capacidad para influir en decisiones de consumo, bienestar emocional y percepci\u00f3n corporal.<\/span><\/li>\n<li style=\"font-weight: 400\"><span style=\"font-weight: 400\">Armonizaci\u00f3n legislativa europea: El establecimiento de un marco europeo com\u00fan que garantice est\u00e1ndares equivalentes de protecci\u00f3n digital en todos los Estados miembros.<\/span><\/li>\n<li style=\"font-weight: 400\"><span style=\"font-weight: 400\">Participaci\u00f3n infantil y juvenil: Dar prioridad a la voz de ni\u00f1os, ni\u00f1as y adolescentes en la elaboraci\u00f3n de pol\u00edticas digitales, reconoci\u00e9ndolos como titulares de derechos digitales.<\/span><\/li>\n<li style=\"font-weight: 400\"><span style=\"font-weight: 400\">Ciudadan\u00eda digital: como competencia transversal, integrando conocimientos t\u00e9cnicos con habilidades socioemocionales, tanto desde escuelas como desde entornos familiares.<\/span><\/li>\n<\/ul>\n<p><b>Di\u00e1logo en \u201centornos digitales seguros\u201d\u00a0<\/b><\/p>\n<p><span style=\"font-weight: 400\">Tras el Patronato, Su Majestad la Reina ha asistido a un di\u00e1logo centrado en los principales desaf\u00edos de la seguridad digital para la infancia, adolescencia y juventud, celebrado en la misma sede de Meta y abierto a medios.<\/span><\/p>\n<p><span style=\"font-weight: 400\">La conversaci\u00f3n, moderada por el periodista de Mediaset Carlos Franganillo, ha permitido analizar cuestiones clave como la protecci\u00f3n de datos, la alfabetizaci\u00f3n digital cr\u00edtica, la responsabilidad de las administraciones y las plataformas, y los nuevos retos legislativos europeos.<\/span><\/p>\n<p><span style=\"font-weight: 400\">Han participado en el di\u00e1logo Cristina Guti\u00e9rrez (INCIBE-CERT), Julio Albalad (INTEF) y Carlos Saura (Representaci\u00f3n Permanente de Espa\u00f1a ante la UE).<\/span><\/p>\n<p><span style=\"font-weight: 400\">El encuentro ha reforzado la importancia de avanzar hacia entornos digitales m\u00e1s seguros, justos y protectores, especialmente para quienes transitan la infancia y la adolescencia.<\/span><\/p>\n<p><span style=\"font-weight: 400\">La seguridad de los adolescentes es una prioridad para Meta, que colabora de manera constante con familias, expertos, organizaciones de seguridad y por supuesto, instituciones locales.\u00a0<\/span><\/p>\n<p><span style=\"font-weight: 400\">M\u00e1s informaci\u00f3n sobre las herramientas de seguridad para adolescentes de Meta <\/span><a href=\"https:\/\/about.fb.com\/es\/news\/2025\/12\/meta-reune-a-expertas-en-educacion-digital-para-presentar-10-claves-que-ayuden-a-las-familias-a-acompanar-a-los-adolescentes-en-su-vida-online\/\"><span style=\"font-weight: 400\">aqu\u00ed<\/span><\/a><span style=\"font-weight: 400\">.\u00a0 <\/span><\/p>\n<p>Puedes acceder a fotograf\u00edas del patronato en este <a href=\"https:\/\/drive.google.com\/drive\/folders\/1IeapVNHlwoipcHAWbqxGJOmY0of9doYC\">Link<\/a><\/p>\n","protected":false},"excerpt":{"rendered":"Durante el Patronato, presidido por SM la Reina, Fad Juventud ha presentado su posicionamiento sobre entornos digitales seguros y derechos digitales, subrayando la necesidad de equilibrar protecci\u00f3n y autonom\u00eda para menores de edad","protected":false},"author":81919965,"featured_media":22941,"comment_status":"closed","ping_status":"closed","sticky":false,"template":"","format":"standard","meta":{"_jetpack_memberships_contains_paid_content":false,"footnotes":""},"categories":[243901452],"tags":[],"class_list":["post-22942","post","type-post","status-publish","format-standard","has-post-thumbnail","hentry","category-impacto-social-y-economico"],"yoast_head":"<!-- This site is optimized with the Yoast SEO plugin v27.2 - https:\/\/yoast.com\/product\/yoast-seo-wordpress\/ -->\n<title>Meta acoge el Patronato de Fad Juventud, centrado en c\u00f3mo mejorar la seguridad digital para la infancia, adolescencia y juventud | Informaci\u00f3n sobre Meta<\/title>\n<meta name=\"robots\" content=\"index, follow, max-snippet:-1, max-image-preview:large, max-video-preview:-1\" \/>\n<link rel=\"canonical\" href=\"https:\/\/about.fb.com\/es\/news\/2025\/12\/meta-acoge-el-patronato-de-fad-juventud-centrado-en-como-mejorar-la-seguridad-digital-para-la-infancia-adolescencia-y-juventud\/\" \/>\n<meta property=\"og:locale\" content=\"es_ES\" \/>\n<meta property=\"og:type\" content=\"article\" \/>\n<meta property=\"og:title\" content=\"Meta acoge el Patronato de Fad Juventud, centrado en c\u00f3mo mejorar la seguridad digital para la infancia, adolescencia y juventud | Informaci\u00f3n sobre Meta\" \/>\n<meta property=\"og:description\" content=\"Durante el Patronato, presidido por SM la Reina, Fad Juventud ha presentado su posicionamiento sobre entornos digitales seguros y derechos digitales, subrayando la necesidad de equilibrar protecci\u00f3n y autonom\u00eda para menores de edad\" \/>\n<meta property=\"og:url\" content=\"https:\/\/about.fb.com\/es\/news\/2025\/12\/meta-acoge-el-patronato-de-fad-juventud-centrado-en-como-mejorar-la-seguridad-digital-para-la-infancia-adolescencia-y-juventud\/\" \/>\n<meta property=\"og:site_name\" content=\"Informaci\u00f3n sobre Meta\" \/>\n<meta property=\"article:published_time\" content=\"2025-12-16T17:18:57+00:00\" \/>\n<meta property=\"article:modified_time\" content=\"2025-12-17T15:46:42+00:00\" \/>\n<meta property=\"og:image\" content=\"https:\/\/about.fb.com\/es\/wp-content\/uploads\/sites\/13\/2025\/12\/Patonato-Fad-Juventud_SM-La-Reina-2.jpg?resize=1024,576\" \/>\n\t<meta property=\"og:image:width\" content=\"1024\" \/>\n\t<meta property=\"og:image:height\" content=\"576\" \/>\n\t<meta property=\"og:image:type\" content=\"image\/jpeg\" \/>\n<meta name=\"author\" content=\"text100madrid\" \/>\n<meta name=\"twitter:card\" content=\"summary_large_image\" \/>\n<meta name=\"twitter:label1\" content=\"Written by\" \/>\n\t<meta name=\"twitter:data1\" content=\"Meta\" \/>\n\t<meta name=\"twitter:label2\" content=\"Est. reading time\" \/>\n\t<meta name=\"twitter:data2\" content=\"5 minutos\" \/>\n<script type=\"application\/ld+json\" class=\"yoast-schema-graph\">{\"@context\":\"https:\/\/schema.org\",\"@graph\":[{\"@type\":\"Article\",\"@id\":\"https:\/\/about.fb.com\/es\/news\/2025\/12\/meta-acoge-el-patronato-de-fad-juventud-centrado-en-como-mejorar-la-seguridad-digital-para-la-infancia-adolescencia-y-juventud\/#article\",\"isPartOf\":{\"@id\":\"https:\/\/about.fb.com\/es\/news\/2025\/12\/meta-acoge-el-patronato-de-fad-juventud-centrado-en-como-mejorar-la-seguridad-digital-para-la-infancia-adolescencia-y-juventud\/\"},\"author\":\"Facebook company\",\"headline\":\"Meta acoge el Patronato de Fad Juventud, centrado en c\u00f3mo mejorar la seguridad digital para la infancia, adolescencia y juventud\",\"datePublished\":\"2025-12-16T17:18:57+00:00\",\"dateModified\":\"2025-12-17T15:46:42+00:00\",\"mainEntityOfPage\":{\"@id\":\"https:\/\/about.fb.com\/es\/news\/2025\/12\/meta-acoge-el-patronato-de-fad-juventud-centrado-en-como-mejorar-la-seguridad-digital-para-la-infancia-adolescencia-y-juventud\/\"},\"wordCount\":968,\"publisher\":{\"@id\":\"https:\/\/about.fb.com\/es\/#organization\"},\"image\":{\"@id\":\"https:\/\/about.fb.com\/es\/news\/2025\/12\/meta-acoge-el-patronato-de-fad-juventud-centrado-en-como-mejorar-la-seguridad-digital-para-la-infancia-adolescencia-y-juventud\/#primaryimage\"},\"thumbnailUrl\":\"https:\/\/about.fb.com\/es\/wp-content\/uploads\/sites\/13\/2025\/12\/Patonato-Fad-Juventud_SM-La-Reina-2.jpg?fit=6590%2C3710\",\"articleSection\":[\"Impacto social y econ\u00f3mico\"],\"inLanguage\":\"es\"},{\"@type\":\"WebPage\",\"@id\":\"https:\/\/about.fb.com\/es\/news\/2025\/12\/meta-acoge-el-patronato-de-fad-juventud-centrado-en-como-mejorar-la-seguridad-digital-para-la-infancia-adolescencia-y-juventud\/\",\"url\":\"https:\/\/about.fb.com\/es\/news\/2025\/12\/meta-acoge-el-patronato-de-fad-juventud-centrado-en-como-mejorar-la-seguridad-digital-para-la-infancia-adolescencia-y-juventud\/\",\"name\":\"Meta acoge el Patronato de Fad Juventud, centrado en c\u00f3mo mejorar la seguridad digital para la infancia, adolescencia y juventud | Informaci\u00f3n sobre Meta\",\"isPartOf\":{\"@id\":\"https:\/\/about.fb.com\/es\/#website\"},\"primaryImageOfPage\":{\"@id\":\"https:\/\/about.fb.com\/es\/news\/2025\/12\/meta-acoge-el-patronato-de-fad-juventud-centrado-en-como-mejorar-la-seguridad-digital-para-la-infancia-adolescencia-y-juventud\/#primaryimage\"},\"image\":{\"@id\":\"https:\/\/about.fb.com\/es\/news\/2025\/12\/meta-acoge-el-patronato-de-fad-juventud-centrado-en-como-mejorar-la-seguridad-digital-para-la-infancia-adolescencia-y-juventud\/#primaryimage\"},\"thumbnailUrl\":\"https:\/\/about.fb.com\/es\/wp-content\/uploads\/sites\/13\/2025\/12\/Patonato-Fad-Juventud_SM-La-Reina-2.jpg?fit=6590%2C3710\",\"datePublished\":\"2025-12-16T17:18:57+00:00\",\"dateModified\":\"2025-12-17T15:46:42+00:00\",\"breadcrumb\":{\"@id\":\"https:\/\/about.fb.com\/es\/news\/2025\/12\/meta-acoge-el-patronato-de-fad-juventud-centrado-en-como-mejorar-la-seguridad-digital-para-la-infancia-adolescencia-y-juventud\/#breadcrumb\"},\"inLanguage\":\"es\",\"potentialAction\":[{\"@type\":\"ReadAction\",\"target\":[\"https:\/\/about.fb.com\/es\/news\/2025\/12\/meta-acoge-el-patronato-de-fad-juventud-centrado-en-como-mejorar-la-seguridad-digital-para-la-infancia-adolescencia-y-juventud\/\"]}],\"author\":\"Informaci\u00f3n sobre Meta\"},{\"@type\":\"ImageObject\",\"inLanguage\":\"es\",\"@id\":\"https:\/\/about.fb.com\/es\/news\/2025\/12\/meta-acoge-el-patronato-de-fad-juventud-centrado-en-como-mejorar-la-seguridad-digital-para-la-infancia-adolescencia-y-juventud\/#primaryimage\",\"url\":\"https:\/\/about.fb.com\/es\/wp-content\/uploads\/sites\/13\/2025\/12\/Patonato-Fad-Juventud_SM-La-Reina-2.jpg?fit=6590%2C3710\",\"contentUrl\":\"https:\/\/about.fb.com\/es\/wp-content\/uploads\/sites\/13\/2025\/12\/Patonato-Fad-Juventud_SM-La-Reina-2.jpg?fit=6590%2C3710\",\"width\":6590,\"height\":3710},{\"@type\":\"BreadcrumbList\",\"@id\":\"https:\/\/about.fb.com\/es\/news\/2025\/12\/meta-acoge-el-patronato-de-fad-juventud-centrado-en-como-mejorar-la-seguridad-digital-para-la-infancia-adolescencia-y-juventud\/#breadcrumb\",\"itemListElement\":[{\"@type\":\"ListItem\",\"position\":1,\"name\":\"Home\",\"item\":\"https:\/\/about.fb.com\/es\/\"},{\"@type\":\"ListItem\",\"position\":2,\"name\":\"Meta acoge el Patronato de Fad Juventud, centrado en c\u00f3mo mejorar la seguridad digital para la infancia, adolescencia y juventud\"}]},{\"@type\":\"WebSite\",\"@id\":\"https:\/\/about.fb.com\/es\/#website\",\"url\":\"https:\/\/about.fb.com\/news\/\",\"name\":\"Informaci\u00f3n sobre Meta\",\"description\":\"\",\"publisher\":{\"@id\":\"https:\/\/about.fb.com\/es\/#organization\"},\"potentialAction\":[{\"@type\":\"SearchAction\",\"target\":{\"@type\":\"EntryPoint\",\"urlTemplate\":\"https:\/\/about.fb.com\/es\/?s={search_term_string}\"},\"query-input\":{\"@type\":\"PropertyValueSpecification\",\"valueRequired\":true,\"valueName\":\"search_term_string\"}}],\"inLanguage\":\"es\",\"alternateName\":[\"Meta Newsroom\",\"Meta\"]},{\"@type\":\"Organization\",\"@id\":\"https:\/\/about.fb.com\/es\/#organization\",\"name\":\"Meta\",\"url\":\"https:\/\/about.fb.com\/es\/\",\"logo\":{\"@type\":\"ImageObject\",\"inLanguage\":\"es\",\"@id\":\"https:\/\/about.fb.com\/es\/#\/schema\/logo\/image\/\",\"url\":\"https:\/\/about.fb.com\/es\/wp-content\/uploads\/sites\/13\/2021\/10\/meta-social-16x9-1.jpg?fit=8000%2C4500\",\"contentUrl\":\"https:\/\/about.fb.com\/es\/wp-content\/uploads\/sites\/13\/2021\/10\/meta-social-16x9-1.jpg?fit=8000%2C4500\",\"width\":8000,\"height\":4500,\"caption\":\"Meta\"},\"image\":{\"@id\":\"https:\/\/about.fb.com\/es\/#\/schema\/logo\/image\/\"}}]}<\/script>\n<!-- \/ Yoast SEO plugin. -->","yoast_head_json":{"title":"Meta acoge el Patronato de Fad Juventud, centrado en c\u00f3mo mejorar la seguridad digital para la infancia, adolescencia y juventud | Informaci\u00f3n sobre Meta","robots":{"index":"index","follow":"follow","max-snippet":"max-snippet:-1","max-image-preview":"max-image-preview:large","max-video-preview":"max-video-preview:-1"},"canonical":"https:\/\/about.fb.com\/es\/news\/2025\/12\/meta-acoge-el-patronato-de-fad-juventud-centrado-en-como-mejorar-la-seguridad-digital-para-la-infancia-adolescencia-y-juventud\/","og_locale":"es_ES","og_type":"article","og_title":"Meta acoge el Patronato de Fad Juventud, centrado en c\u00f3mo mejorar la seguridad digital para la infancia, adolescencia y juventud | Informaci\u00f3n sobre Meta","og_description":"Durante el Patronato, presidido por SM la Reina, Fad Juventud ha presentado su posicionamiento sobre entornos digitales seguros y derechos digitales, subrayando la necesidad de equilibrar protecci\u00f3n y autonom\u00eda para menores de edad","og_url":"https:\/\/about.fb.com\/es\/news\/2025\/12\/meta-acoge-el-patronato-de-fad-juventud-centrado-en-como-mejorar-la-seguridad-digital-para-la-infancia-adolescencia-y-juventud\/","og_site_name":"Informaci\u00f3n sobre Meta","article_published_time":"2025-12-16T17:18:57+00:00","article_modified_time":"2025-12-17T15:46:42+00:00","og_image":[{"width":1024,"height":576,"url":"https:\/\/about.fb.com\/es\/wp-content\/uploads\/sites\/13\/2025\/12\/Patonato-Fad-Juventud_SM-La-Reina-2.jpg?resize=1024,576","type":"image\/jpeg"}],"author":"text100madrid","twitter_card":"summary_large_image","twitter_misc":{"Written by":"Meta","Est. reading time":"5 minutos"},"schema":{"@context":"https:\/\/schema.org","@graph":[{"@type":"Article","@id":"https:\/\/about.fb.com\/es\/news\/2025\/12\/meta-acoge-el-patronato-de-fad-juventud-centrado-en-como-mejorar-la-seguridad-digital-para-la-infancia-adolescencia-y-juventud\/#article","isPartOf":{"@id":"https:\/\/about.fb.com\/es\/news\/2025\/12\/meta-acoge-el-patronato-de-fad-juventud-centrado-en-como-mejorar-la-seguridad-digital-para-la-infancia-adolescencia-y-juventud\/"},"author":"Facebook company","headline":"Meta acoge el Patronato de Fad Juventud, centrado en c\u00f3mo mejorar la seguridad digital para la infancia, adolescencia y juventud","datePublished":"2025-12-16T17:18:57+00:00","dateModified":"2025-12-17T15:46:42+00:00","mainEntityOfPage":{"@id":"https:\/\/about.fb.com\/es\/news\/2025\/12\/meta-acoge-el-patronato-de-fad-juventud-centrado-en-como-mejorar-la-seguridad-digital-para-la-infancia-adolescencia-y-juventud\/"},"wordCount":968,"publisher":{"@id":"https:\/\/about.fb.com\/es\/#organization"},"image":{"@id":"https:\/\/about.fb.com\/es\/news\/2025\/12\/meta-acoge-el-patronato-de-fad-juventud-centrado-en-como-mejorar-la-seguridad-digital-para-la-infancia-adolescencia-y-juventud\/#primaryimage"},"thumbnailUrl":"https:\/\/about.fb.com\/es\/wp-content\/uploads\/sites\/13\/2025\/12\/Patonato-Fad-Juventud_SM-La-Reina-2.jpg?fit=6590%2C3710","articleSection":["Impacto social y econ\u00f3mico"],"inLanguage":"es"},{"@type":"WebPage","@id":"https:\/\/about.fb.com\/es\/news\/2025\/12\/meta-acoge-el-patronato-de-fad-juventud-centrado-en-como-mejorar-la-seguridad-digital-para-la-infancia-adolescencia-y-juventud\/","url":"https:\/\/about.fb.com\/es\/news\/2025\/12\/meta-acoge-el-patronato-de-fad-juventud-centrado-en-como-mejorar-la-seguridad-digital-para-la-infancia-adolescencia-y-juventud\/","name":"Meta acoge el Patronato de Fad Juventud, centrado en c\u00f3mo mejorar la seguridad digital para la infancia, adolescencia y juventud | Informaci\u00f3n sobre Meta","isPartOf":{"@id":"https:\/\/about.fb.com\/es\/#website"},"primaryImageOfPage":{"@id":"https:\/\/about.fb.com\/es\/news\/2025\/12\/meta-acoge-el-patronato-de-fad-juventud-centrado-en-como-mejorar-la-seguridad-digital-para-la-infancia-adolescencia-y-juventud\/#primaryimage"},"image":{"@id":"https:\/\/about.fb.com\/es\/news\/2025\/12\/meta-acoge-el-patronato-de-fad-juventud-centrado-en-como-mejorar-la-seguridad-digital-para-la-infancia-adolescencia-y-juventud\/#primaryimage"},"thumbnailUrl":"https:\/\/about.fb.com\/es\/wp-content\/uploads\/sites\/13\/2025\/12\/Patonato-Fad-Juventud_SM-La-Reina-2.jpg?fit=6590%2C3710","datePublished":"2025-12-16T17:18:57+00:00","dateModified":"2025-12-17T15:46:42+00:00","breadcrumb":{"@id":"https:\/\/about.fb.com\/es\/news\/2025\/12\/meta-acoge-el-patronato-de-fad-juventud-centrado-en-como-mejorar-la-seguridad-digital-para-la-infancia-adolescencia-y-juventud\/#breadcrumb"},"inLanguage":"es","potentialAction":[{"@type":"ReadAction","target":["https:\/\/about.fb.com\/es\/news\/2025\/12\/meta-acoge-el-patronato-de-fad-juventud-centrado-en-como-mejorar-la-seguridad-digital-para-la-infancia-adolescencia-y-juventud\/"]}],"author":"Informaci\u00f3n sobre Meta"},{"@type":"ImageObject","inLanguage":"es","@id":"https:\/\/about.fb.com\/es\/news\/2025\/12\/meta-acoge-el-patronato-de-fad-juventud-centrado-en-como-mejorar-la-seguridad-digital-para-la-infancia-adolescencia-y-juventud\/#primaryimage","url":"https:\/\/about.fb.com\/es\/wp-content\/uploads\/sites\/13\/2025\/12\/Patonato-Fad-Juventud_SM-La-Reina-2.jpg?fit=6590%2C3710","contentUrl":"https:\/\/about.fb.com\/es\/wp-content\/uploads\/sites\/13\/2025\/12\/Patonato-Fad-Juventud_SM-La-Reina-2.jpg?fit=6590%2C3710","width":6590,"height":3710},{"@type":"BreadcrumbList","@id":"https:\/\/about.fb.com\/es\/news\/2025\/12\/meta-acoge-el-patronato-de-fad-juventud-centrado-en-como-mejorar-la-seguridad-digital-para-la-infancia-adolescencia-y-juventud\/#breadcrumb","itemListElement":[{"@type":"ListItem","position":1,"name":"Home","item":"https:\/\/about.fb.com\/es\/"},{"@type":"ListItem","position":2,"name":"Meta acoge el Patronato de Fad Juventud, centrado en c\u00f3mo mejorar la seguridad digital para la infancia, adolescencia y juventud"}]},{"@type":"WebSite","@id":"https:\/\/about.fb.com\/es\/#website","url":"https:\/\/about.fb.com\/news\/","name":"Informaci\u00f3n sobre Meta","description":"","publisher":{"@id":"https:\/\/about.fb.com\/es\/#organization"},"potentialAction":[{"@type":"SearchAction","target":{"@type":"EntryPoint","urlTemplate":"https:\/\/about.fb.com\/es\/?s={search_term_string}"},"query-input":{"@type":"PropertyValueSpecification","valueRequired":true,"valueName":"search_term_string"}}],"inLanguage":"es","alternateName":["Meta Newsroom","Meta"]},{"@type":"Organization","@id":"https:\/\/about.fb.com\/es\/#organization","name":"Meta","url":"https:\/\/about.fb.com\/es\/","logo":{"@type":"ImageObject","inLanguage":"es","@id":"https:\/\/about.fb.com\/es\/#\/schema\/logo\/image\/","url":"https:\/\/about.fb.com\/es\/wp-content\/uploads\/sites\/13\/2021\/10\/meta-social-16x9-1.jpg?fit=8000%2C4500","contentUrl":"https:\/\/about.fb.com\/es\/wp-content\/uploads\/sites\/13\/2021\/10\/meta-social-16x9-1.jpg?fit=8000%2C4500","width":8000,"height":4500,"caption":"Meta"},"image":{"@id":"https:\/\/about.fb.com\/es\/#\/schema\/logo\/image\/"}}]}},"jetpack_featured_media_url":"https:\/\/about.fb.com\/es\/wp-content\/uploads\/sites\/13\/2025\/12\/Patonato-Fad-Juventud_SM-La-Reina-2.jpg?fit=6590%2C3710","jetpack-related-posts":[],"jetpack_sharing_enabled":true,"amp_enabled":true,"_links":{"self":[{"href":"https:\/\/about.fb.com\/es\/wp-json\/wp\/v2\/posts\/22942","targetHints":{"allow":["GET"]}}],"collection":[{"href":"https:\/\/about.fb.com\/es\/wp-json\/wp\/v2\/posts"}],"about":[{"href":"https:\/\/about.fb.com\/es\/wp-json\/wp\/v2\/types\/post"}],"author":[{"embeddable":true,"href":"https:\/\/about.fb.com\/es\/wp-json\/wp\/v2\/users\/81919965"}],"replies":[{"embeddable":true,"href":"https:\/\/about.fb.com\/es\/wp-json\/wp\/v2\/comments?post=22942"}],"version-history":[{"count":3,"href":"https:\/\/about.fb.com\/es\/wp-json\/wp\/v2\/posts\/22942\/revisions"}],"predecessor-version":[{"id":22945,"href":"https:\/\/about.fb.com\/es\/wp-json\/wp\/v2\/posts\/22942\/revisions\/22945"}],"wp:featuredmedia":[{"embeddable":true,"href":"https:\/\/about.fb.com\/es\/wp-json\/wp\/v2\/media\/22941"}],"wp:attachment":[{"href":"https:\/\/about.fb.com\/es\/wp-json\/wp\/v2\/media?parent=22942"}],"wp:term":[{"taxonomy":"category","embeddable":true,"href":"https:\/\/about.fb.com\/es\/wp-json\/wp\/v2\/categories?post=22942"},{"taxonomy":"post_tag","embeddable":true,"href":"https:\/\/about.fb.com\/es\/wp-json\/wp\/v2\/tags?post=22942"}],"curies":[{"name":"wp","href":"https:\/\/api.w.org\/{rel}","templated":true}]}}