{"id":22544,"date":"2023-12-12T08:22:36","date_gmt":"2023-12-12T08:22:36","guid":{"rendered":"https:\/\/about.fb.com\/es\/?p=22544"},"modified":"2023-12-12T12:02:08","modified_gmt":"2023-12-12T12:02:08","slug":"telefonica-y-meta-se-alian-para-impulsar-el-acceso-a-la-realidad-virtual-de-las-personas-mayores","status":"publish","type":"post","link":"https:\/\/about.fb.com\/es\/news\/2023\/12\/telefonica-y-meta-se-alian-para-impulsar-el-acceso-a-la-realidad-virtual-de-las-personas-mayores\/","title":{"rendered":"Telef\u00f3nica y Meta se al\u00edan para impulsar el acceso a la realidad virtual de las personas mayores"},"content":{"rendered":"<ul>\n<li>Telef\u00f3nica y Meta buscan fomentar el acceso y la participaci\u00f3n de las personas mayores en el uso de las tecnolog\u00edas inmersivas y de las relacionadas con el desarrollo del metaverso.<\/li>\n<li>A trav\u00e9s del proyecto \u2018<a href=\"https:\/\/www.fundaciontelefonica.com\/voluntarios\/reconectados\/\">RECONECTADOS, la tecnolog\u00eda no tiene edad\u2019<\/a> de Fundaci\u00f3n Telef\u00f3nica se han trabajado contenidos de realidad mixta pensados para personas mayores y accesibles a trav\u00e9s de los dispositivos Meta Quest 3.<\/li>\n<li>Esta iniciativa afianza la alianza entre Telef\u00f3nica y Meta anunciada el a\u00f1o pasado donde se compromet\u00edan a ampliar y explorar la innovaci\u00f3n en conectividad y tecnolog\u00eda en el campo del metaverso.<\/li>\n<\/ul>\n<p>Telef\u00f3nica y Meta se al\u00edan para colaborar e impulsar el acceso a la realidad mixta a las personas mayores a trav\u00e9s del proyecto \u2018<a href=\"https:\/\/www.fundaciontelefonica.com\/voluntarios\/reconectados\/\">RECONECTADOS, la tecnolog\u00eda no tiene edad\u2019<\/a> de Fundaci\u00f3n Telef\u00f3nica. Esta alianza estrat\u00e9gica busca fomentar el acceso y la participaci\u00f3n de las personas mayores a trav\u00e9s de talleres en el uso de las tecnolog\u00edas inmersivas y de metaverso.<\/p>\n<p>La iniciativa busca proporcionar experiencias de realidad mixta accesibles y personalizadas que fomenten la conexi\u00f3n, el entretenimiento y el aprendizaje. En este contexto, Telef\u00f3nica y Meta han trabajado estrechamente para poder ofrecer contenidos de realidad mixta accesibles a trav\u00e9s de los dispositivos Meta Quest 3 que sean f\u00e1ciles de usar y que se adapten a las necesidades de las personas mayores. Para ello se han incorporado funcionalidades de accesibilidad dentro de la experiencia inmersiva de Movistar, como la asistencia e interacci\u00f3n vocal, que mejoran la experiencia de las personas con visibilidad reducida o problemas motores.<\/p>\n<p>Los contenidos de realidad mixta se han seleccionado espec\u00edficamente para estos talleres presenciales pensando en la accesibilidad de las personas mayores. Abarcan competencias digitales desde visitas a obras de arte virtuales, actividades recreativas y de interacci\u00f3n social digital hasta experiencias de desarrollo cognitivo, todo ello disponible en la aplicaci\u00f3n <a href=\"https:\/\/metaverso.telefonica.com\/nuestros-productos#experiencias-inmersivas\">Movistar Experiencia Inmersiva<\/a>, un espacio en el metaverso donde compartir, descubrir, acceder a contenidos audiovisuales in\u00e9ditos, jugar o conocer productos y servicios de Telef\u00f3nica.<\/p>\n<p>Telef\u00f3nica y Meta se han unido en el programa \u2018RECONECTADOS, la tecnolog\u00eda no tiene edad\u2019 de Fundaci\u00f3n Telef\u00f3nica, al estar alineados con su objetivo de que el conocimiento digital es un puente entre la experiencia de las personas mayores y el nuevo entorno tecnol\u00f3gico. RECONECTADOS es un programa integral y gratuito para impulsar las competencias digitales en las personas mayores que consta de formaci\u00f3n online, recursos formativos para su entorno directo y talleres formativos presenciales que se imparten cada jueves en el Espacio Fundaci\u00f3n Telef\u00f3nica de Madrid.<\/p>\n<p><a href=\"https:\/\/about.fb.com\/es\/wp-content\/uploads\/sites\/13\/2023\/12\/telefonica-meta-personas-mayores-3.jpg\"><img data-recalc-dims=\"1\" loading=\"lazy\" decoding=\"async\" class=\"aligncenter size-large wp-image-22548\" src=\"https:\/\/about.fb.com\/es\/wp-content\/uploads\/sites\/13\/2023\/12\/telefonica-meta-personas-mayores-3.jpg?w=960&#038;resize=960%2C540\" alt=\"\" width=\"960\" height=\"540\" srcset=\"https:\/\/about.fb.com\/es\/wp-content\/uploads\/sites\/13\/2023\/12\/telefonica-meta-personas-mayores-3.jpg?w=1920 1920w, https:\/\/about.fb.com\/es\/wp-content\/uploads\/sites\/13\/2023\/12\/telefonica-meta-personas-mayores-3.jpg?w=600 600w, https:\/\/about.fb.com\/es\/wp-content\/uploads\/sites\/13\/2023\/12\/telefonica-meta-personas-mayores-3.jpg?w=300 300w, https:\/\/about.fb.com\/es\/wp-content\/uploads\/sites\/13\/2023\/12\/telefonica-meta-personas-mayores-3.jpg?w=768 768w, https:\/\/about.fb.com\/es\/wp-content\/uploads\/sites\/13\/2023\/12\/telefonica-meta-personas-mayores-3.jpg?w=1024 1024w, https:\/\/about.fb.com\/es\/wp-content\/uploads\/sites\/13\/2023\/12\/telefonica-meta-personas-mayores-3.jpg?w=1536 1536w, https:\/\/about.fb.com\/es\/wp-content\/uploads\/sites\/13\/2023\/12\/telefonica-meta-personas-mayores-3.jpg?w=800 800w\" sizes=\"auto, (max-width: 960px) 100vw, 960px\" \/><\/a><\/p>\n<p>Jose Luis Zimmerman, director de Asuntos P\u00fablicos de Meta, comenta: \u201cNuestro objetivo en Meta es que cualquier persona pueda beneficiarse de las tecnolog\u00edas inmersivas, las cuales abren un sinf\u00edn de posibilidades y permiten una conexi\u00f3n mucho m\u00e1s cercana y \u00fanica con nuestra familia, amigos y con las cosas que nos importan. Por eso estamos encantados de apoyar este proyecto con Telef\u00f3nica, que adem\u00e1s pone el foco en aquellas personas que no est\u00e1n familiarizadas con estas nuevas tecnolog\u00edas, para que sean parte de este futuro que ya est\u00e1 aqu\u00ed y puedan vivir experiencias que de otra forma no ser\u00edan posibles\u201d.<\/p>\n<p>Chema Alonso, Chief Digital Officer de Telef\u00f3nica, afirma: \u201cDesde Telef\u00f3nica siempre hemos estado comprometidos en garantizar el acceso a la tecnolog\u00eda para ofrecer la mejor experiencia a todos los usuarios. Con esta colaboraci\u00f3n, buscamos mantener ese compromiso facilitando a las personas mayores que se sumerjan completamente en la realidad virtual para que se beneficien de todo lo que les puede aportar y no se queden fuera del mundo digital en constante evoluci\u00f3n\u201d.<\/p>\n<p>Con esta colaboraci\u00f3n ambas compa\u00f1\u00edas afianzan la alianza anunciada el a\u00f1o pasado en la que se compromet\u00edan a ampliar y explorar conjuntamente\u00a0nuevas formas para impulsar la innovaci\u00f3n en conectividad y tecnolog\u00eda en el campo del\u00a0metaverso, buscando empoderar a la comunidad de creadores para desbloquear desarrollos de nuevos casos de uso.<\/p>\n","protected":false},"excerpt":{"rendered":"Esta alianza estrat\u00e9gica busca fomentar el acceso y la participaci\u00f3n de las personas mayores a trav\u00e9s del proyecto \u2018RECONECTADOS, la tecnolog\u00eda no tiene edad\u2019.","protected":false},"author":81919965,"featured_media":22545,"comment_status":"closed","ping_status":"closed","sticky":false,"template":"","format":"standard","meta":{"_jetpack_memberships_contains_paid_content":false,"footnotes":""},"categories":[243901452,243901420,30660046],"tags":[],"class_list":["post-22544","post","type-post","status-publish","format-standard","has-post-thumbnail","hentry","category-impacto-social-y-economico","category-meta","category-noticias-de-la-empresa"],"yoast_head":"<!-- This site is optimized with the Yoast SEO plugin v27.2 - https:\/\/yoast.com\/product\/yoast-seo-wordpress\/ -->\n<title>Telef\u00f3nica y Meta se al\u00edan para impulsar el acceso a la realidad virtual de las personas mayores | Informaci\u00f3n sobre Meta<\/title>\n<meta name=\"robots\" content=\"index, follow, max-snippet:-1, max-image-preview:large, max-video-preview:-1\" \/>\n<link rel=\"canonical\" href=\"https:\/\/about.fb.com\/es\/news\/2023\/12\/telefonica-y-meta-se-alian-para-impulsar-el-acceso-a-la-realidad-virtual-de-las-personas-mayores\/\" \/>\n<meta property=\"og:locale\" content=\"es_ES\" \/>\n<meta property=\"og:type\" content=\"article\" \/>\n<meta property=\"og:title\" content=\"Telef\u00f3nica y Meta se al\u00edan para impulsar el acceso a la realidad virtual de las personas mayores | Informaci\u00f3n sobre Meta\" \/>\n<meta property=\"og:description\" content=\"Esta alianza estrat\u00e9gica busca fomentar el acceso y la participaci\u00f3n de las personas mayores a trav\u00e9s del proyecto \u2018RECONECTADOS, la tecnolog\u00eda no tiene edad\u2019.\" \/>\n<meta property=\"og:url\" content=\"https:\/\/about.fb.com\/es\/news\/2023\/12\/telefonica-y-meta-se-alian-para-impulsar-el-acceso-a-la-realidad-virtual-de-las-personas-mayores\/\" \/>\n<meta property=\"og:site_name\" content=\"Informaci\u00f3n sobre Meta\" \/>\n<meta property=\"article:published_time\" content=\"2023-12-12T08:22:36+00:00\" \/>\n<meta property=\"article:modified_time\" content=\"2023-12-12T12:02:08+00:00\" \/>\n<meta property=\"og:image\" content=\"https:\/\/about.fb.com\/es\/wp-content\/uploads\/sites\/13\/2023\/12\/telefonica-meta-personas-mayores-2.jpg?resize=1024,576\" \/>\n\t<meta property=\"og:image:width\" content=\"1024\" \/>\n\t<meta property=\"og:image:height\" content=\"576\" \/>\n\t<meta property=\"og:image:type\" content=\"image\/jpeg\" \/>\n<meta name=\"author\" content=\"text100madrid\" \/>\n<meta name=\"twitter:card\" content=\"summary_large_image\" \/>\n<meta name=\"twitter:label1\" content=\"Written by\" \/>\n\t<meta name=\"twitter:data1\" content=\"Meta\" \/>\n\t<meta name=\"twitter:label2\" content=\"Est. reading time\" \/>\n\t<meta name=\"twitter:data2\" content=\"3 minutos\" \/>\n<script type=\"application\/ld+json\" class=\"yoast-schema-graph\">{\"@context\":\"https:\/\/schema.org\",\"@graph\":[{\"@type\":\"Article\",\"@id\":\"https:\/\/about.fb.com\/es\/news\/2023\/12\/telefonica-y-meta-se-alian-para-impulsar-el-acceso-a-la-realidad-virtual-de-las-personas-mayores\/#article\",\"isPartOf\":{\"@id\":\"https:\/\/about.fb.com\/es\/news\/2023\/12\/telefonica-y-meta-se-alian-para-impulsar-el-acceso-a-la-realidad-virtual-de-las-personas-mayores\/\"},\"author\":\"Facebook company\",\"headline\":\"Telef\u00f3nica y Meta se al\u00edan para impulsar el acceso a la realidad virtual de las personas mayores\",\"datePublished\":\"2023-12-12T08:22:36+00:00\",\"dateModified\":\"2023-12-12T12:02:08+00:00\",\"mainEntityOfPage\":{\"@id\":\"https:\/\/about.fb.com\/es\/news\/2023\/12\/telefonica-y-meta-se-alian-para-impulsar-el-acceso-a-la-realidad-virtual-de-las-personas-mayores\/\"},\"wordCount\":712,\"publisher\":{\"@id\":\"https:\/\/about.fb.com\/es\/#organization\"},\"image\":{\"@id\":\"https:\/\/about.fb.com\/es\/news\/2023\/12\/telefonica-y-meta-se-alian-para-impulsar-el-acceso-a-la-realidad-virtual-de-las-personas-mayores\/#primaryimage\"},\"thumbnailUrl\":\"https:\/\/about.fb.com\/es\/wp-content\/uploads\/sites\/13\/2023\/12\/telefonica-meta-personas-mayores-2.jpg?fit=1920%2C1080\",\"articleSection\":[\"Impacto social y econ\u00f3mico\",\"Meta\",\"Noticias de la empresa\"],\"inLanguage\":\"es\"},{\"@type\":\"WebPage\",\"@id\":\"https:\/\/about.fb.com\/es\/news\/2023\/12\/telefonica-y-meta-se-alian-para-impulsar-el-acceso-a-la-realidad-virtual-de-las-personas-mayores\/\",\"url\":\"https:\/\/about.fb.com\/es\/news\/2023\/12\/telefonica-y-meta-se-alian-para-impulsar-el-acceso-a-la-realidad-virtual-de-las-personas-mayores\/\",\"name\":\"Telef\u00f3nica y Meta se al\u00edan para impulsar el acceso a la realidad virtual de las personas mayores | Informaci\u00f3n sobre Meta\",\"isPartOf\":{\"@id\":\"https:\/\/about.fb.com\/es\/#website\"},\"primaryImageOfPage\":{\"@id\":\"https:\/\/about.fb.com\/es\/news\/2023\/12\/telefonica-y-meta-se-alian-para-impulsar-el-acceso-a-la-realidad-virtual-de-las-personas-mayores\/#primaryimage\"},\"image\":{\"@id\":\"https:\/\/about.fb.com\/es\/news\/2023\/12\/telefonica-y-meta-se-alian-para-impulsar-el-acceso-a-la-realidad-virtual-de-las-personas-mayores\/#primaryimage\"},\"thumbnailUrl\":\"https:\/\/about.fb.com\/es\/wp-content\/uploads\/sites\/13\/2023\/12\/telefonica-meta-personas-mayores-2.jpg?fit=1920%2C1080\",\"datePublished\":\"2023-12-12T08:22:36+00:00\",\"dateModified\":\"2023-12-12T12:02:08+00:00\",\"breadcrumb\":{\"@id\":\"https:\/\/about.fb.com\/es\/news\/2023\/12\/telefonica-y-meta-se-alian-para-impulsar-el-acceso-a-la-realidad-virtual-de-las-personas-mayores\/#breadcrumb\"},\"inLanguage\":\"es\",\"potentialAction\":[{\"@type\":\"ReadAction\",\"target\":[\"https:\/\/about.fb.com\/es\/news\/2023\/12\/telefonica-y-meta-se-alian-para-impulsar-el-acceso-a-la-realidad-virtual-de-las-personas-mayores\/\"]}],\"author\":\"Informaci\u00f3n sobre Meta\"},{\"@type\":\"ImageObject\",\"inLanguage\":\"es\",\"@id\":\"https:\/\/about.fb.com\/es\/news\/2023\/12\/telefonica-y-meta-se-alian-para-impulsar-el-acceso-a-la-realidad-virtual-de-las-personas-mayores\/#primaryimage\",\"url\":\"https:\/\/about.fb.com\/es\/wp-content\/uploads\/sites\/13\/2023\/12\/telefonica-meta-personas-mayores-2.jpg?fit=1920%2C1080\",\"contentUrl\":\"https:\/\/about.fb.com\/es\/wp-content\/uploads\/sites\/13\/2023\/12\/telefonica-meta-personas-mayores-2.jpg?fit=1920%2C1080\",\"width\":1920,\"height\":1080},{\"@type\":\"BreadcrumbList\",\"@id\":\"https:\/\/about.fb.com\/es\/news\/2023\/12\/telefonica-y-meta-se-alian-para-impulsar-el-acceso-a-la-realidad-virtual-de-las-personas-mayores\/#breadcrumb\",\"itemListElement\":[{\"@type\":\"ListItem\",\"position\":1,\"name\":\"Home\",\"item\":\"https:\/\/about.fb.com\/es\/\"},{\"@type\":\"ListItem\",\"position\":2,\"name\":\"Telef\u00f3nica y Meta se al\u00edan para impulsar el acceso a la realidad virtual de las personas mayores\"}]},{\"@type\":\"WebSite\",\"@id\":\"https:\/\/about.fb.com\/es\/#website\",\"url\":\"https:\/\/about.fb.com\/news\/\",\"name\":\"Informaci\u00f3n sobre Meta\",\"description\":\"\",\"publisher\":{\"@id\":\"https:\/\/about.fb.com\/es\/#organization\"},\"potentialAction\":[{\"@type\":\"SearchAction\",\"target\":{\"@type\":\"EntryPoint\",\"urlTemplate\":\"https:\/\/about.fb.com\/es\/?s={search_term_string}\"},\"query-input\":{\"@type\":\"PropertyValueSpecification\",\"valueRequired\":true,\"valueName\":\"search_term_string\"}}],\"inLanguage\":\"es\",\"alternateName\":[\"Meta Newsroom\",\"Meta\"]},{\"@type\":\"Organization\",\"@id\":\"https:\/\/about.fb.com\/es\/#organization\",\"name\":\"Meta\",\"url\":\"https:\/\/about.fb.com\/es\/\",\"logo\":{\"@type\":\"ImageObject\",\"inLanguage\":\"es\",\"@id\":\"https:\/\/about.fb.com\/es\/#\/schema\/logo\/image\/\",\"url\":\"https:\/\/about.fb.com\/es\/wp-content\/uploads\/sites\/13\/2021\/10\/meta-social-16x9-1.jpg?fit=8000%2C4500\",\"contentUrl\":\"https:\/\/about.fb.com\/es\/wp-content\/uploads\/sites\/13\/2021\/10\/meta-social-16x9-1.jpg?fit=8000%2C4500\",\"width\":8000,\"height\":4500,\"caption\":\"Meta\"},\"image\":{\"@id\":\"https:\/\/about.fb.com\/es\/#\/schema\/logo\/image\/\"}}]}<\/script>\n<!-- \/ Yoast SEO plugin. -->","yoast_head_json":{"title":"Telef\u00f3nica y Meta se al\u00edan para impulsar el acceso a la realidad virtual de las personas mayores | Informaci\u00f3n sobre Meta","robots":{"index":"index","follow":"follow","max-snippet":"max-snippet:-1","max-image-preview":"max-image-preview:large","max-video-preview":"max-video-preview:-1"},"canonical":"https:\/\/about.fb.com\/es\/news\/2023\/12\/telefonica-y-meta-se-alian-para-impulsar-el-acceso-a-la-realidad-virtual-de-las-personas-mayores\/","og_locale":"es_ES","og_type":"article","og_title":"Telef\u00f3nica y Meta se al\u00edan para impulsar el acceso a la realidad virtual de las personas mayores | Informaci\u00f3n sobre Meta","og_description":"Esta alianza estrat\u00e9gica busca fomentar el acceso y la participaci\u00f3n de las personas mayores a trav\u00e9s del proyecto \u2018RECONECTADOS, la tecnolog\u00eda no tiene edad\u2019.","og_url":"https:\/\/about.fb.com\/es\/news\/2023\/12\/telefonica-y-meta-se-alian-para-impulsar-el-acceso-a-la-realidad-virtual-de-las-personas-mayores\/","og_site_name":"Informaci\u00f3n sobre Meta","article_published_time":"2023-12-12T08:22:36+00:00","article_modified_time":"2023-12-12T12:02:08+00:00","og_image":[{"width":1024,"height":576,"url":"https:\/\/about.fb.com\/es\/wp-content\/uploads\/sites\/13\/2023\/12\/telefonica-meta-personas-mayores-2.jpg?resize=1024,576","type":"image\/jpeg"}],"author":"text100madrid","twitter_card":"summary_large_image","twitter_misc":{"Written by":"Meta","Est. reading time":"3 minutos"},"schema":{"@context":"https:\/\/schema.org","@graph":[{"@type":"Article","@id":"https:\/\/about.fb.com\/es\/news\/2023\/12\/telefonica-y-meta-se-alian-para-impulsar-el-acceso-a-la-realidad-virtual-de-las-personas-mayores\/#article","isPartOf":{"@id":"https:\/\/about.fb.com\/es\/news\/2023\/12\/telefonica-y-meta-se-alian-para-impulsar-el-acceso-a-la-realidad-virtual-de-las-personas-mayores\/"},"author":"Facebook company","headline":"Telef\u00f3nica y Meta se al\u00edan para impulsar el acceso a la realidad virtual de las personas mayores","datePublished":"2023-12-12T08:22:36+00:00","dateModified":"2023-12-12T12:02:08+00:00","mainEntityOfPage":{"@id":"https:\/\/about.fb.com\/es\/news\/2023\/12\/telefonica-y-meta-se-alian-para-impulsar-el-acceso-a-la-realidad-virtual-de-las-personas-mayores\/"},"wordCount":712,"publisher":{"@id":"https:\/\/about.fb.com\/es\/#organization"},"image":{"@id":"https:\/\/about.fb.com\/es\/news\/2023\/12\/telefonica-y-meta-se-alian-para-impulsar-el-acceso-a-la-realidad-virtual-de-las-personas-mayores\/#primaryimage"},"thumbnailUrl":"https:\/\/about.fb.com\/es\/wp-content\/uploads\/sites\/13\/2023\/12\/telefonica-meta-personas-mayores-2.jpg?fit=1920%2C1080","articleSection":["Impacto social y econ\u00f3mico","Meta","Noticias de la empresa"],"inLanguage":"es"},{"@type":"WebPage","@id":"https:\/\/about.fb.com\/es\/news\/2023\/12\/telefonica-y-meta-se-alian-para-impulsar-el-acceso-a-la-realidad-virtual-de-las-personas-mayores\/","url":"https:\/\/about.fb.com\/es\/news\/2023\/12\/telefonica-y-meta-se-alian-para-impulsar-el-acceso-a-la-realidad-virtual-de-las-personas-mayores\/","name":"Telef\u00f3nica y Meta se al\u00edan para impulsar el acceso a la realidad virtual de las personas mayores | Informaci\u00f3n sobre Meta","isPartOf":{"@id":"https:\/\/about.fb.com\/es\/#website"},"primaryImageOfPage":{"@id":"https:\/\/about.fb.com\/es\/news\/2023\/12\/telefonica-y-meta-se-alian-para-impulsar-el-acceso-a-la-realidad-virtual-de-las-personas-mayores\/#primaryimage"},"image":{"@id":"https:\/\/about.fb.com\/es\/news\/2023\/12\/telefonica-y-meta-se-alian-para-impulsar-el-acceso-a-la-realidad-virtual-de-las-personas-mayores\/#primaryimage"},"thumbnailUrl":"https:\/\/about.fb.com\/es\/wp-content\/uploads\/sites\/13\/2023\/12\/telefonica-meta-personas-mayores-2.jpg?fit=1920%2C1080","datePublished":"2023-12-12T08:22:36+00:00","dateModified":"2023-12-12T12:02:08+00:00","breadcrumb":{"@id":"https:\/\/about.fb.com\/es\/news\/2023\/12\/telefonica-y-meta-se-alian-para-impulsar-el-acceso-a-la-realidad-virtual-de-las-personas-mayores\/#breadcrumb"},"inLanguage":"es","potentialAction":[{"@type":"ReadAction","target":["https:\/\/about.fb.com\/es\/news\/2023\/12\/telefonica-y-meta-se-alian-para-impulsar-el-acceso-a-la-realidad-virtual-de-las-personas-mayores\/"]}],"author":"Informaci\u00f3n sobre Meta"},{"@type":"ImageObject","inLanguage":"es","@id":"https:\/\/about.fb.com\/es\/news\/2023\/12\/telefonica-y-meta-se-alian-para-impulsar-el-acceso-a-la-realidad-virtual-de-las-personas-mayores\/#primaryimage","url":"https:\/\/about.fb.com\/es\/wp-content\/uploads\/sites\/13\/2023\/12\/telefonica-meta-personas-mayores-2.jpg?fit=1920%2C1080","contentUrl":"https:\/\/about.fb.com\/es\/wp-content\/uploads\/sites\/13\/2023\/12\/telefonica-meta-personas-mayores-2.jpg?fit=1920%2C1080","width":1920,"height":1080},{"@type":"BreadcrumbList","@id":"https:\/\/about.fb.com\/es\/news\/2023\/12\/telefonica-y-meta-se-alian-para-impulsar-el-acceso-a-la-realidad-virtual-de-las-personas-mayores\/#breadcrumb","itemListElement":[{"@type":"ListItem","position":1,"name":"Home","item":"https:\/\/about.fb.com\/es\/"},{"@type":"ListItem","position":2,"name":"Telef\u00f3nica y Meta se al\u00edan para impulsar el acceso a la realidad virtual de las personas mayores"}]},{"@type":"WebSite","@id":"https:\/\/about.fb.com\/es\/#website","url":"https:\/\/about.fb.com\/news\/","name":"Informaci\u00f3n sobre Meta","description":"","publisher":{"@id":"https:\/\/about.fb.com\/es\/#organization"},"potentialAction":[{"@type":"SearchAction","target":{"@type":"EntryPoint","urlTemplate":"https:\/\/about.fb.com\/es\/?s={search_term_string}"},"query-input":{"@type":"PropertyValueSpecification","valueRequired":true,"valueName":"search_term_string"}}],"inLanguage":"es","alternateName":["Meta Newsroom","Meta"]},{"@type":"Organization","@id":"https:\/\/about.fb.com\/es\/#organization","name":"Meta","url":"https:\/\/about.fb.com\/es\/","logo":{"@type":"ImageObject","inLanguage":"es","@id":"https:\/\/about.fb.com\/es\/#\/schema\/logo\/image\/","url":"https:\/\/about.fb.com\/es\/wp-content\/uploads\/sites\/13\/2021\/10\/meta-social-16x9-1.jpg?fit=8000%2C4500","contentUrl":"https:\/\/about.fb.com\/es\/wp-content\/uploads\/sites\/13\/2021\/10\/meta-social-16x9-1.jpg?fit=8000%2C4500","width":8000,"height":4500,"caption":"Meta"},"image":{"@id":"https:\/\/about.fb.com\/es\/#\/schema\/logo\/image\/"}}]}},"jetpack_featured_media_url":"https:\/\/about.fb.com\/es\/wp-content\/uploads\/sites\/13\/2023\/12\/telefonica-meta-personas-mayores-2.jpg?fit=1920%2C1080","jetpack-related-posts":[],"jetpack_sharing_enabled":true,"amp_enabled":true,"_links":{"self":[{"href":"https:\/\/about.fb.com\/es\/wp-json\/wp\/v2\/posts\/22544","targetHints":{"allow":["GET"]}}],"collection":[{"href":"https:\/\/about.fb.com\/es\/wp-json\/wp\/v2\/posts"}],"about":[{"href":"https:\/\/about.fb.com\/es\/wp-json\/wp\/v2\/types\/post"}],"author":[{"embeddable":true,"href":"https:\/\/about.fb.com\/es\/wp-json\/wp\/v2\/users\/81919965"}],"replies":[{"embeddable":true,"href":"https:\/\/about.fb.com\/es\/wp-json\/wp\/v2\/comments?post=22544"}],"version-history":[{"count":7,"href":"https:\/\/about.fb.com\/es\/wp-json\/wp\/v2\/posts\/22544\/revisions"}],"predecessor-version":[{"id":22554,"href":"https:\/\/about.fb.com\/es\/wp-json\/wp\/v2\/posts\/22544\/revisions\/22554"}],"wp:featuredmedia":[{"embeddable":true,"href":"https:\/\/about.fb.com\/es\/wp-json\/wp\/v2\/media\/22545"}],"wp:attachment":[{"href":"https:\/\/about.fb.com\/es\/wp-json\/wp\/v2\/media?parent=22544"}],"wp:term":[{"taxonomy":"category","embeddable":true,"href":"https:\/\/about.fb.com\/es\/wp-json\/wp\/v2\/categories?post=22544"},{"taxonomy":"post_tag","embeddable":true,"href":"https:\/\/about.fb.com\/es\/wp-json\/wp\/v2\/tags?post=22544"}],"curies":[{"name":"wp","href":"https:\/\/api.w.org\/{rel}","templated":true}]}}