{"id":22015,"date":"2021-12-16T09:16:43","date_gmt":"2021-12-16T09:16:43","guid":{"rendered":"https:\/\/about.fb.com\/es\/?p=22015"},"modified":"2022-02-14T15:06:24","modified_gmt":"2022-02-14T15:06:24","slug":"el-club-de-creativos-e-instagram-lanzan-collective-creative-una-iniciativa-para-poner-en-valor-la-creatividad-colectiva-entre-marcas-creativos-y-creadores","status":"publish","type":"post","link":"https:\/\/about.fb.com\/es\/news\/2021\/12\/el-club-de-creativos-e-instagram-lanzan-collective-creative-una-iniciativa-para-poner-en-valor-la-creatividad-colectiva-entre-marcas-creativos-y-creadores\/","title":{"rendered":"El Club de Creativos e Instagram lanzan \u201cCollective Creative\u201d"},"content":{"rendered":"<p>El Club de Creativos e Instagram lanzan <em>Collective Creative<\/em>, un contenido que incluye un case studie, recomendaciones y un ciclo de entrevistas sobre una tendencia al alza como es la colaboraci\u00f3n entre creativos y creadores en la comunicaci\u00f3n de marcas. El programa tiene por objetivo mostrar c\u00f3mo las marcas se benefician de esta colaboraci\u00f3n en Instagram, plataforma elegida por el 79% de las marcas para realizar campa\u00f1as con creadores.<\/p>\n<p>El crecimiento de la tendencia se explica con datos extra\u00eddos de estudios como el que revela que el trabajo de los creadores influye a m\u00e1s del 61% de los consumidores de entre 18 y 34 a\u00f1os.<\/p>\n<p><em>Collective Creative<\/em> se centra en casos de \u00e9xito que se han producido en Espa\u00f1a en el \u00faltimo a\u00f1o, que demuestran que cuando se une el conocimiento y las habilidades de los creativos con el talento y la confianza que generan los creadores, la relaci\u00f3n de las marcas con las comunidades se afianza y gana en impacto.<\/p>\n<p>La presentaci\u00f3n de los casos se hace a trav\u00e9s del testimonio de los tres agentes que intervienen en la ecuaci\u00f3n: la marca, el creativo y el creador de contenido. Las entrevistas exploran cada acci\u00f3n para servir de inspiraci\u00f3n y de aprendizaje a toda la comunidad creativa publicitaria. Se trata de conocer cu\u00e1les han podido ser las claves del \u00e9xito, c\u00f3mo se ha producido la colaboraci\u00f3n y c\u00f3mo se ha gestado la acci\u00f3n. Las charlas, que tendr\u00e1n lugar una vez por mes, ser\u00e1n moderadas por profesionales relevantes de la industria publicitaria, conocedores de Instagram.<\/p>\n<p>El primer episodio se dedica a la acci\u00f3n que TwoJeys, la joven marca de joyer\u00eda \u201cmade in Spain\u201d que triunfa en todo el mundo, realiz\u00f3 \u201cBank never wins\u201d, junto con el creador de contenido Marc Forn\u00e9 para presentar su promoci\u00f3n en el Black Friday. Se da la circunstancia de que los dos fundadores de esta marca, Joan Margarit y Biel Juste, son no solo los responsables de la marca sino los directores creativos.\u00a0 En esta ocasi\u00f3n, la charla ha estado moderada por Miguel Olivares, fundador y director creativo ejecutivo de La Despensa.<\/p>\n<p>Las entrevistas se complementar\u00e1n con testimonios de los protagonistas, y con informaciones adicionales sobre los casos de \u00e9xito. Y todo este contenido se alojar\u00e1 en una <a href=\"https:\/\/www.clubdecreativos.com\/collectivecreative\/\">landing<\/a> dentro del site de c de c. En los episodios siguientes participar\u00e1n Cruzcampo, Ikea, entre otros.<\/p>\n<p><a href=\"https:\/\/about.fb.com\/es\/wp-content\/uploads\/sites\/13\/2021\/12\/Collective-creative-II.png\"><img data-recalc-dims=\"1\" loading=\"lazy\" decoding=\"async\" class=\"aligncenter size-large wp-image-22017\" src=\"https:\/\/about.fb.com\/es\/wp-content\/uploads\/sites\/13\/2021\/12\/Collective-creative-II.png?w=890&#038;resize=890%2C389\" alt=\"\" width=\"890\" height=\"389\" srcset=\"https:\/\/about.fb.com\/es\/wp-content\/uploads\/sites\/13\/2021\/12\/Collective-creative-II.png?w=2264 2264w, https:\/\/about.fb.com\/es\/wp-content\/uploads\/sites\/13\/2021\/12\/Collective-creative-II.png?w=600 600w, https:\/\/about.fb.com\/es\/wp-content\/uploads\/sites\/13\/2021\/12\/Collective-creative-II.png?w=300 300w, https:\/\/about.fb.com\/es\/wp-content\/uploads\/sites\/13\/2021\/12\/Collective-creative-II.png?w=768 768w, https:\/\/about.fb.com\/es\/wp-content\/uploads\/sites\/13\/2021\/12\/Collective-creative-II.png?w=1024 1024w, https:\/\/about.fb.com\/es\/wp-content\/uploads\/sites\/13\/2021\/12\/Collective-creative-II.png?w=1536 1536w, https:\/\/about.fb.com\/es\/wp-content\/uploads\/sites\/13\/2021\/12\/Collective-creative-II.png?w=2048 2048w, https:\/\/about.fb.com\/es\/wp-content\/uploads\/sites\/13\/2021\/12\/Collective-creative-II.png?w=1920 1920w, https:\/\/about.fb.com\/es\/wp-content\/uploads\/sites\/13\/2021\/12\/Collective-creative-II.png?w=800 800w\" sizes=\"auto, (max-width: 890px) 100vw, 890px\" \/><\/a><\/p>\n","protected":false},"excerpt":{"rendered":"Una iniciativa para poner en valor la creatividad colectiva entre marcas creativos y creadores.","protected":false},"author":81919965,"featured_media":22016,"comment_status":"closed","ping_status":"closed","sticky":false,"template":"","format":"standard","meta":{"_jetpack_memberships_contains_paid_content":false,"footnotes":""},"categories":[243901452,243901422],"tags":[],"class_list":["post-22015","post","type-post","status-publish","format-standard","has-post-thumbnail","hentry","category-impacto-social-y-economico","category-instagram"],"yoast_head":"<!-- This site is optimized with the Yoast SEO plugin v27.2 - https:\/\/yoast.com\/product\/yoast-seo-wordpress\/ -->\n<title>El Club de Creativos e Instagram lanzan \u201cCollective Creative\u201d | Informaci\u00f3n sobre Meta<\/title>\n<meta name=\"robots\" content=\"index, follow, max-snippet:-1, max-image-preview:large, max-video-preview:-1\" \/>\n<link rel=\"canonical\" href=\"https:\/\/about.fb.com\/es\/news\/2021\/12\/el-club-de-creativos-e-instagram-lanzan-collective-creative-una-iniciativa-para-poner-en-valor-la-creatividad-colectiva-entre-marcas-creativos-y-creadores\/\" \/>\n<meta property=\"og:locale\" content=\"es_ES\" \/>\n<meta property=\"og:type\" content=\"article\" \/>\n<meta property=\"og:title\" content=\"El Club de Creativos e Instagram lanzan \u201cCollective Creative\u201d | Informaci\u00f3n sobre Meta\" \/>\n<meta property=\"og:description\" content=\"Una iniciativa para poner en valor la creatividad colectiva entre marcas creativos y creadores.\" \/>\n<meta property=\"og:url\" content=\"https:\/\/about.fb.com\/es\/news\/2021\/12\/el-club-de-creativos-e-instagram-lanzan-collective-creative-una-iniciativa-para-poner-en-valor-la-creatividad-colectiva-entre-marcas-creativos-y-creadores\/\" \/>\n<meta property=\"og:site_name\" content=\"Informaci\u00f3n sobre Meta\" \/>\n<meta property=\"article:published_time\" content=\"2021-12-16T09:16:43+00:00\" \/>\n<meta property=\"article:modified_time\" content=\"2022-02-14T15:06:24+00:00\" \/>\n<meta property=\"og:image\" content=\"https:\/\/about.fb.com\/es\/wp-content\/uploads\/sites\/13\/2021\/12\/Picture1.gif?fit=960%2C506\" \/>\n\t<meta property=\"og:image:width\" content=\"960\" \/>\n\t<meta property=\"og:image:height\" content=\"506\" \/>\n\t<meta property=\"og:image:type\" content=\"image\/gif\" \/>\n<meta name=\"author\" content=\"text100madrid\" \/>\n<meta name=\"twitter:card\" content=\"summary_large_image\" \/>\n<meta name=\"twitter:label1\" content=\"Written by\" \/>\n\t<meta name=\"twitter:data1\" content=\"Meta\" \/>\n\t<meta name=\"twitter:label2\" content=\"Est. reading time\" \/>\n\t<meta name=\"twitter:data2\" content=\"2 minutos\" \/>\n<script type=\"application\/ld+json\" class=\"yoast-schema-graph\">{\"@context\":\"https:\/\/schema.org\",\"@graph\":[{\"@type\":\"Article\",\"@id\":\"https:\/\/about.fb.com\/es\/news\/2021\/12\/el-club-de-creativos-e-instagram-lanzan-collective-creative-una-iniciativa-para-poner-en-valor-la-creatividad-colectiva-entre-marcas-creativos-y-creadores\/#article\",\"isPartOf\":{\"@id\":\"https:\/\/about.fb.com\/es\/news\/2021\/12\/el-club-de-creativos-e-instagram-lanzan-collective-creative-una-iniciativa-para-poner-en-valor-la-creatividad-colectiva-entre-marcas-creativos-y-creadores\/\"},\"author\":\"Facebook company\",\"headline\":\"El Club de Creativos e Instagram lanzan \u201cCollective Creative\u201d\",\"datePublished\":\"2021-12-16T09:16:43+00:00\",\"dateModified\":\"2022-02-14T15:06:24+00:00\",\"mainEntityOfPage\":{\"@id\":\"https:\/\/about.fb.com\/es\/news\/2021\/12\/el-club-de-creativos-e-instagram-lanzan-collective-creative-una-iniciativa-para-poner-en-valor-la-creatividad-colectiva-entre-marcas-creativos-y-creadores\/\"},\"wordCount\":423,\"publisher\":{\"@id\":\"https:\/\/about.fb.com\/es\/#organization\"},\"image\":{\"@id\":\"https:\/\/about.fb.com\/es\/news\/2021\/12\/el-club-de-creativos-e-instagram-lanzan-collective-creative-una-iniciativa-para-poner-en-valor-la-creatividad-colectiva-entre-marcas-creativos-y-creadores\/#primaryimage\"},\"thumbnailUrl\":\"https:\/\/about.fb.com\/es\/wp-content\/uploads\/sites\/13\/2021\/12\/Picture1.gif?fit=1980%2C1044\",\"articleSection\":[\"Impacto social y econ\u00f3mico\",\"Instagram\"],\"inLanguage\":\"es\"},{\"@type\":\"WebPage\",\"@id\":\"https:\/\/about.fb.com\/es\/news\/2021\/12\/el-club-de-creativos-e-instagram-lanzan-collective-creative-una-iniciativa-para-poner-en-valor-la-creatividad-colectiva-entre-marcas-creativos-y-creadores\/\",\"url\":\"https:\/\/about.fb.com\/es\/news\/2021\/12\/el-club-de-creativos-e-instagram-lanzan-collective-creative-una-iniciativa-para-poner-en-valor-la-creatividad-colectiva-entre-marcas-creativos-y-creadores\/\",\"name\":\"El Club de Creativos e Instagram lanzan \u201cCollective Creative\u201d | Informaci\u00f3n sobre Meta\",\"isPartOf\":{\"@id\":\"https:\/\/about.fb.com\/es\/#website\"},\"primaryImageOfPage\":{\"@id\":\"https:\/\/about.fb.com\/es\/news\/2021\/12\/el-club-de-creativos-e-instagram-lanzan-collective-creative-una-iniciativa-para-poner-en-valor-la-creatividad-colectiva-entre-marcas-creativos-y-creadores\/#primaryimage\"},\"image\":{\"@id\":\"https:\/\/about.fb.com\/es\/news\/2021\/12\/el-club-de-creativos-e-instagram-lanzan-collective-creative-una-iniciativa-para-poner-en-valor-la-creatividad-colectiva-entre-marcas-creativos-y-creadores\/#primaryimage\"},\"thumbnailUrl\":\"https:\/\/about.fb.com\/es\/wp-content\/uploads\/sites\/13\/2021\/12\/Picture1.gif?fit=1980%2C1044\",\"datePublished\":\"2021-12-16T09:16:43+00:00\",\"dateModified\":\"2022-02-14T15:06:24+00:00\",\"breadcrumb\":{\"@id\":\"https:\/\/about.fb.com\/es\/news\/2021\/12\/el-club-de-creativos-e-instagram-lanzan-collective-creative-una-iniciativa-para-poner-en-valor-la-creatividad-colectiva-entre-marcas-creativos-y-creadores\/#breadcrumb\"},\"inLanguage\":\"es\",\"potentialAction\":[{\"@type\":\"ReadAction\",\"target\":[\"https:\/\/about.fb.com\/es\/news\/2021\/12\/el-club-de-creativos-e-instagram-lanzan-collective-creative-una-iniciativa-para-poner-en-valor-la-creatividad-colectiva-entre-marcas-creativos-y-creadores\/\"]}],\"author\":\"Informaci\u00f3n sobre Meta\"},{\"@type\":\"ImageObject\",\"inLanguage\":\"es\",\"@id\":\"https:\/\/about.fb.com\/es\/news\/2021\/12\/el-club-de-creativos-e-instagram-lanzan-collective-creative-una-iniciativa-para-poner-en-valor-la-creatividad-colectiva-entre-marcas-creativos-y-creadores\/#primaryimage\",\"url\":\"https:\/\/about.fb.com\/es\/wp-content\/uploads\/sites\/13\/2021\/12\/Picture1.gif?fit=1980%2C1044\",\"contentUrl\":\"https:\/\/about.fb.com\/es\/wp-content\/uploads\/sites\/13\/2021\/12\/Picture1.gif?fit=1980%2C1044\",\"width\":1980,\"height\":1044},{\"@type\":\"BreadcrumbList\",\"@id\":\"https:\/\/about.fb.com\/es\/news\/2021\/12\/el-club-de-creativos-e-instagram-lanzan-collective-creative-una-iniciativa-para-poner-en-valor-la-creatividad-colectiva-entre-marcas-creativos-y-creadores\/#breadcrumb\",\"itemListElement\":[{\"@type\":\"ListItem\",\"position\":1,\"name\":\"Home\",\"item\":\"https:\/\/about.fb.com\/es\/\"},{\"@type\":\"ListItem\",\"position\":2,\"name\":\"El Club de Creativos e Instagram lanzan \u201cCollective Creative\u201d\"}]},{\"@type\":\"WebSite\",\"@id\":\"https:\/\/about.fb.com\/es\/#website\",\"url\":\"https:\/\/about.fb.com\/news\/\",\"name\":\"Informaci\u00f3n sobre Meta\",\"description\":\"\",\"publisher\":{\"@id\":\"https:\/\/about.fb.com\/es\/#organization\"},\"potentialAction\":[{\"@type\":\"SearchAction\",\"target\":{\"@type\":\"EntryPoint\",\"urlTemplate\":\"https:\/\/about.fb.com\/es\/?s={search_term_string}\"},\"query-input\":{\"@type\":\"PropertyValueSpecification\",\"valueRequired\":true,\"valueName\":\"search_term_string\"}}],\"inLanguage\":\"es\",\"alternateName\":[\"Meta Newsroom\",\"Meta\"]},{\"@type\":\"Organization\",\"@id\":\"https:\/\/about.fb.com\/es\/#organization\",\"name\":\"Meta\",\"url\":\"https:\/\/about.fb.com\/es\/\",\"logo\":{\"@type\":\"ImageObject\",\"inLanguage\":\"es\",\"@id\":\"https:\/\/about.fb.com\/es\/#\/schema\/logo\/image\/\",\"url\":\"https:\/\/about.fb.com\/es\/wp-content\/uploads\/sites\/13\/2021\/10\/meta-social-16x9-1.jpg?fit=8000%2C4500\",\"contentUrl\":\"https:\/\/about.fb.com\/es\/wp-content\/uploads\/sites\/13\/2021\/10\/meta-social-16x9-1.jpg?fit=8000%2C4500\",\"width\":8000,\"height\":4500,\"caption\":\"Meta\"},\"image\":{\"@id\":\"https:\/\/about.fb.com\/es\/#\/schema\/logo\/image\/\"}}]}<\/script>\n<!-- \/ Yoast SEO plugin. -->","yoast_head_json":{"title":"El Club de Creativos e Instagram lanzan \u201cCollective Creative\u201d | Informaci\u00f3n sobre Meta","robots":{"index":"index","follow":"follow","max-snippet":"max-snippet:-1","max-image-preview":"max-image-preview:large","max-video-preview":"max-video-preview:-1"},"canonical":"https:\/\/about.fb.com\/es\/news\/2021\/12\/el-club-de-creativos-e-instagram-lanzan-collective-creative-una-iniciativa-para-poner-en-valor-la-creatividad-colectiva-entre-marcas-creativos-y-creadores\/","og_locale":"es_ES","og_type":"article","og_title":"El Club de Creativos e Instagram lanzan \u201cCollective Creative\u201d | Informaci\u00f3n sobre Meta","og_description":"Una iniciativa para poner en valor la creatividad colectiva entre marcas creativos y creadores.","og_url":"https:\/\/about.fb.com\/es\/news\/2021\/12\/el-club-de-creativos-e-instagram-lanzan-collective-creative-una-iniciativa-para-poner-en-valor-la-creatividad-colectiva-entre-marcas-creativos-y-creadores\/","og_site_name":"Informaci\u00f3n sobre Meta","article_published_time":"2021-12-16T09:16:43+00:00","article_modified_time":"2022-02-14T15:06:24+00:00","og_image":[{"url":"https:\/\/about.fb.com\/es\/wp-content\/uploads\/sites\/13\/2021\/12\/Picture1.gif?fit=960%2C506","width":960,"height":506,"type":"image\/gif"}],"author":"text100madrid","twitter_card":"summary_large_image","twitter_misc":{"Written by":"Meta","Est. reading time":"2 minutos"},"schema":{"@context":"https:\/\/schema.org","@graph":[{"@type":"Article","@id":"https:\/\/about.fb.com\/es\/news\/2021\/12\/el-club-de-creativos-e-instagram-lanzan-collective-creative-una-iniciativa-para-poner-en-valor-la-creatividad-colectiva-entre-marcas-creativos-y-creadores\/#article","isPartOf":{"@id":"https:\/\/about.fb.com\/es\/news\/2021\/12\/el-club-de-creativos-e-instagram-lanzan-collective-creative-una-iniciativa-para-poner-en-valor-la-creatividad-colectiva-entre-marcas-creativos-y-creadores\/"},"author":"Facebook company","headline":"El Club de Creativos e Instagram lanzan \u201cCollective Creative\u201d","datePublished":"2021-12-16T09:16:43+00:00","dateModified":"2022-02-14T15:06:24+00:00","mainEntityOfPage":{"@id":"https:\/\/about.fb.com\/es\/news\/2021\/12\/el-club-de-creativos-e-instagram-lanzan-collective-creative-una-iniciativa-para-poner-en-valor-la-creatividad-colectiva-entre-marcas-creativos-y-creadores\/"},"wordCount":423,"publisher":{"@id":"https:\/\/about.fb.com\/es\/#organization"},"image":{"@id":"https:\/\/about.fb.com\/es\/news\/2021\/12\/el-club-de-creativos-e-instagram-lanzan-collective-creative-una-iniciativa-para-poner-en-valor-la-creatividad-colectiva-entre-marcas-creativos-y-creadores\/#primaryimage"},"thumbnailUrl":"https:\/\/about.fb.com\/es\/wp-content\/uploads\/sites\/13\/2021\/12\/Picture1.gif?fit=1980%2C1044","articleSection":["Impacto social y econ\u00f3mico","Instagram"],"inLanguage":"es"},{"@type":"WebPage","@id":"https:\/\/about.fb.com\/es\/news\/2021\/12\/el-club-de-creativos-e-instagram-lanzan-collective-creative-una-iniciativa-para-poner-en-valor-la-creatividad-colectiva-entre-marcas-creativos-y-creadores\/","url":"https:\/\/about.fb.com\/es\/news\/2021\/12\/el-club-de-creativos-e-instagram-lanzan-collective-creative-una-iniciativa-para-poner-en-valor-la-creatividad-colectiva-entre-marcas-creativos-y-creadores\/","name":"El Club de Creativos e Instagram lanzan \u201cCollective Creative\u201d | Informaci\u00f3n sobre Meta","isPartOf":{"@id":"https:\/\/about.fb.com\/es\/#website"},"primaryImageOfPage":{"@id":"https:\/\/about.fb.com\/es\/news\/2021\/12\/el-club-de-creativos-e-instagram-lanzan-collective-creative-una-iniciativa-para-poner-en-valor-la-creatividad-colectiva-entre-marcas-creativos-y-creadores\/#primaryimage"},"image":{"@id":"https:\/\/about.fb.com\/es\/news\/2021\/12\/el-club-de-creativos-e-instagram-lanzan-collective-creative-una-iniciativa-para-poner-en-valor-la-creatividad-colectiva-entre-marcas-creativos-y-creadores\/#primaryimage"},"thumbnailUrl":"https:\/\/about.fb.com\/es\/wp-content\/uploads\/sites\/13\/2021\/12\/Picture1.gif?fit=1980%2C1044","datePublished":"2021-12-16T09:16:43+00:00","dateModified":"2022-02-14T15:06:24+00:00","breadcrumb":{"@id":"https:\/\/about.fb.com\/es\/news\/2021\/12\/el-club-de-creativos-e-instagram-lanzan-collective-creative-una-iniciativa-para-poner-en-valor-la-creatividad-colectiva-entre-marcas-creativos-y-creadores\/#breadcrumb"},"inLanguage":"es","potentialAction":[{"@type":"ReadAction","target":["https:\/\/about.fb.com\/es\/news\/2021\/12\/el-club-de-creativos-e-instagram-lanzan-collective-creative-una-iniciativa-para-poner-en-valor-la-creatividad-colectiva-entre-marcas-creativos-y-creadores\/"]}],"author":"Informaci\u00f3n sobre Meta"},{"@type":"ImageObject","inLanguage":"es","@id":"https:\/\/about.fb.com\/es\/news\/2021\/12\/el-club-de-creativos-e-instagram-lanzan-collective-creative-una-iniciativa-para-poner-en-valor-la-creatividad-colectiva-entre-marcas-creativos-y-creadores\/#primaryimage","url":"https:\/\/about.fb.com\/es\/wp-content\/uploads\/sites\/13\/2021\/12\/Picture1.gif?fit=1980%2C1044","contentUrl":"https:\/\/about.fb.com\/es\/wp-content\/uploads\/sites\/13\/2021\/12\/Picture1.gif?fit=1980%2C1044","width":1980,"height":1044},{"@type":"BreadcrumbList","@id":"https:\/\/about.fb.com\/es\/news\/2021\/12\/el-club-de-creativos-e-instagram-lanzan-collective-creative-una-iniciativa-para-poner-en-valor-la-creatividad-colectiva-entre-marcas-creativos-y-creadores\/#breadcrumb","itemListElement":[{"@type":"ListItem","position":1,"name":"Home","item":"https:\/\/about.fb.com\/es\/"},{"@type":"ListItem","position":2,"name":"El Club de Creativos e Instagram lanzan \u201cCollective Creative\u201d"}]},{"@type":"WebSite","@id":"https:\/\/about.fb.com\/es\/#website","url":"https:\/\/about.fb.com\/news\/","name":"Informaci\u00f3n sobre Meta","description":"","publisher":{"@id":"https:\/\/about.fb.com\/es\/#organization"},"potentialAction":[{"@type":"SearchAction","target":{"@type":"EntryPoint","urlTemplate":"https:\/\/about.fb.com\/es\/?s={search_term_string}"},"query-input":{"@type":"PropertyValueSpecification","valueRequired":true,"valueName":"search_term_string"}}],"inLanguage":"es","alternateName":["Meta Newsroom","Meta"]},{"@type":"Organization","@id":"https:\/\/about.fb.com\/es\/#organization","name":"Meta","url":"https:\/\/about.fb.com\/es\/","logo":{"@type":"ImageObject","inLanguage":"es","@id":"https:\/\/about.fb.com\/es\/#\/schema\/logo\/image\/","url":"https:\/\/about.fb.com\/es\/wp-content\/uploads\/sites\/13\/2021\/10\/meta-social-16x9-1.jpg?fit=8000%2C4500","contentUrl":"https:\/\/about.fb.com\/es\/wp-content\/uploads\/sites\/13\/2021\/10\/meta-social-16x9-1.jpg?fit=8000%2C4500","width":8000,"height":4500,"caption":"Meta"},"image":{"@id":"https:\/\/about.fb.com\/es\/#\/schema\/logo\/image\/"}}]}},"jetpack_featured_media_url":"https:\/\/about.fb.com\/es\/wp-content\/uploads\/sites\/13\/2021\/12\/Picture1.gif?fit=1980%2C1044","jetpack-related-posts":[],"jetpack_sharing_enabled":true,"amp_enabled":true,"_links":{"self":[{"href":"https:\/\/about.fb.com\/es\/wp-json\/wp\/v2\/posts\/22015","targetHints":{"allow":["GET"]}}],"collection":[{"href":"https:\/\/about.fb.com\/es\/wp-json\/wp\/v2\/posts"}],"about":[{"href":"https:\/\/about.fb.com\/es\/wp-json\/wp\/v2\/types\/post"}],"author":[{"embeddable":true,"href":"https:\/\/about.fb.com\/es\/wp-json\/wp\/v2\/users\/81919965"}],"replies":[{"embeddable":true,"href":"https:\/\/about.fb.com\/es\/wp-json\/wp\/v2\/comments?post=22015"}],"version-history":[{"count":3,"href":"https:\/\/about.fb.com\/es\/wp-json\/wp\/v2\/posts\/22015\/revisions"}],"predecessor-version":[{"id":22039,"href":"https:\/\/about.fb.com\/es\/wp-json\/wp\/v2\/posts\/22015\/revisions\/22039"}],"wp:featuredmedia":[{"embeddable":true,"href":"https:\/\/about.fb.com\/es\/wp-json\/wp\/v2\/media\/22016"}],"wp:attachment":[{"href":"https:\/\/about.fb.com\/es\/wp-json\/wp\/v2\/media?parent=22015"}],"wp:term":[{"taxonomy":"category","embeddable":true,"href":"https:\/\/about.fb.com\/es\/wp-json\/wp\/v2\/categories?post=22015"},{"taxonomy":"post_tag","embeddable":true,"href":"https:\/\/about.fb.com\/es\/wp-json\/wp\/v2\/tags?post=22015"}],"curies":[{"name":"wp","href":"https:\/\/api.w.org\/{rel}","templated":true}]}}