{"id":21958,"date":"2021-10-21T09:55:03","date_gmt":"2021-10-21T09:55:03","guid":{"rendered":"https:\/\/about.fb.com\/es\/?p=21958"},"modified":"2021-10-28T19:54:50","modified_gmt":"2021-10-28T19:54:50","slug":"facebook-lanza-apoyandoanuestracultura-una-iniciativa-para-ayudar-a-las-pymes-culturales-espanolas-en-su-recuperacion-economica","status":"publish","type":"post","link":"https:\/\/about.fb.com\/es\/news\/2021\/10\/facebook-lanza-apoyandoanuestracultura-una-iniciativa-para-ayudar-a-las-pymes-culturales-espanolas-en-su-recuperacion-economica\/","title":{"rendered":"Facebook lanza \u201c#ApoyandoANuestraCultura\u201d, una iniciativa para ayudar a las pymes culturales espa\u00f1olas en su recuperaci\u00f3n econ\u00f3mica"},"content":{"rendered":"<ul>\n<li style=\"font-weight: 400\"><span style=\"font-weight: 400\">La iniciativa, que cuenta con el apoyo de FAETEDA y FECED, incluye un centro de recursos y formaciones gratuitas para que las empresas del mundo de la cultura puedan impulsar su negocio tras una \u00e9poca dif\u00edcil.<\/span><\/li>\n<li style=\"font-weight: 400\"><span style=\"font-weight: 400\">#ApoyandoANuestraCultura ofrece tambi\u00e9n una gu\u00eda con todas las herramientas disponibles en las plataformas digitales para que las empresas puedan amplificar su visibilidad y monetizar contenido.<\/span><\/li>\n<\/ul>\n<p><a href=\"https:\/\/about.fb.com\/es\/wp-content\/uploads\/sites\/13\/2021\/10\/ApoyandoANuestraCultura-\u00b7-Centro-de-formacion-y-recursos.jpg\"><img data-recalc-dims=\"1\" loading=\"lazy\" decoding=\"async\" class=\"aligncenter wp-image-21959 size-large\" src=\"https:\/\/about.fb.com\/es\/wp-content\/uploads\/sites\/13\/2021\/10\/ApoyandoANuestraCultura-\u00b7-Centro-de-formacion-y-recursos.jpg?w=890&#038;resize=890%2C405\" alt=\"\" width=\"890\" height=\"405\" srcset=\"https:\/\/about.fb.com\/es\/wp-content\/uploads\/sites\/13\/2021\/10\/ApoyandoANuestraCultura-\u00b7-Centro-de-formacion-y-recursos.jpg?w=1885 1885w, https:\/\/about.fb.com\/es\/wp-content\/uploads\/sites\/13\/2021\/10\/ApoyandoANuestraCultura-\u00b7-Centro-de-formacion-y-recursos.jpg?w=600 600w, https:\/\/about.fb.com\/es\/wp-content\/uploads\/sites\/13\/2021\/10\/ApoyandoANuestraCultura-\u00b7-Centro-de-formacion-y-recursos.jpg?w=300 300w, https:\/\/about.fb.com\/es\/wp-content\/uploads\/sites\/13\/2021\/10\/ApoyandoANuestraCultura-\u00b7-Centro-de-formacion-y-recursos.jpg?w=768 768w, https:\/\/about.fb.com\/es\/wp-content\/uploads\/sites\/13\/2021\/10\/ApoyandoANuestraCultura-\u00b7-Centro-de-formacion-y-recursos.jpg?w=1024 1024w, https:\/\/about.fb.com\/es\/wp-content\/uploads\/sites\/13\/2021\/10\/ApoyandoANuestraCultura-\u00b7-Centro-de-formacion-y-recursos.jpg?w=1536 1536w, https:\/\/about.fb.com\/es\/wp-content\/uploads\/sites\/13\/2021\/10\/ApoyandoANuestraCultura-\u00b7-Centro-de-formacion-y-recursos.jpg?w=800 800w\" sizes=\"auto, (max-width: 890px) 100vw, 890px\" \/><\/a><\/p>\n<p><span style=\"font-weight: 400\">Facebook anuncia hoy <\/span><a href=\"https:\/\/www.facebook.com\/business\/boost\/apoyandoanuestraspymes\"><span style=\"font-weight: 400\">#ApoyandoANuestraCultura<\/span><\/a><span style=\"font-weight: 400\">, en colaboraci\u00f3n con FAETEDA (Federaci\u00f3n Estatal de Asociaciones de Empresas de Teatro y Danza) y FECED (Federaci\u00f3n Estatal de Compa\u00f1\u00edas y Empresas de Danza). Se trata de una iniciativa que tiene como objetivo contribuir a la recuperaci\u00f3n econ\u00f3mica de los teatros y de las empresas espa\u00f1olas del sector cultural, ayud\u00e1ndoles a acelerar su transformaci\u00f3n digital para adaptar su estrategia de negocio al nuevo escenario socioecon\u00f3mico en el que nos encontramos.<\/span><\/p>\n<p><span style=\"font-weight: 400\">El conjunto de los espacios culturales y esc\u00e9nicos espa\u00f1oles se ha visto especialmente perjudicado durante la pandemia, alcanzando una situaci\u00f3n cr\u00edtica. Nunca antes el sector cultural ha perdido tantos puestos de trabajo en un solo a\u00f1o: <\/span><b>42.100 trabajadores menos en 2020<\/b><span style=\"font-weight: 400\">, seg\u00fan los datos obtenidos de la Encuesta de Poblaci\u00f3n Activa del Instituto Nacional de Estad\u00edstica (INE).<\/span><\/p>\n<p><span style=\"font-weight: 400\">En este momento de recuperaci\u00f3n econ\u00f3mica, son muchas las pymes -especialmente las relacionadas con la cultura- que se enfrentan a desaf\u00edos sin precedentes y que se ven forzadas a acelerar su digitalizaci\u00f3n e incluso a cambiar su estrategia de negocio para hacer frente a las nuevas necesidades de la sociedad. De hecho, un <\/span><b>34% de las pymes espa\u00f1olas en Facebook asegura que en el \u00faltimo mes, al menos el 25% de sus ventas han sido digitales<\/b><span style=\"font-weight: 400\"> seg\u00fan el<\/span> <i><span style=\"font-weight: 400\">\u201cState of Small Business Report 2021\u201d<\/span><\/i><span style=\"font-weight: 400\">.<\/span><\/p>\n<p><span style=\"font-weight: 400\">En este contexto, <\/span><a href=\"https:\/\/www.facebook.com\/business\/boost\/apoyandoanuestraspymes\"><span style=\"font-weight: 400\">#<\/span><b>ApoyandoANuestraCultura<\/b><\/a><span style=\"font-weight: 400\"> pretende ser un centro de ayuda con formaci\u00f3n e informaci\u00f3n para que las peque\u00f1as empresas del mundo de la cultura puedan adoptar r\u00e1pidamente una estrategia digital y as\u00ed potenciar sus negocios.<\/span><\/p>\n<p><span style=\"font-weight: 400\">Adem\u00e1s, en este destino online, los propietarios de empresas culturales podr\u00e1n descargarse la gu\u00eda gratuita \u201c<\/span><a href=\"https:\/\/www.facebook.com\/micro_site\/url\/?click_creative_path%5b0%5d=button&amp;click_from_context_menu=true&amp;country=ES&amp;destination=https%3A%2F%2Fwww.facebook.com%2Fbusiness%2Furl%2F%3Fhref%3D%252Fbusiness%252Ff%252F1002245857009989%253Ffile_name%253DFacebook_Guia%252BCultura_ES%26cmsid%3D264304818121768%26creative%3Dbutton%26creative_detail%3DFacebook_Guia%2BCultura_ES%26create_type%26destination_cms_id%26orig_http_referrer%26search_session_id&amp;event_type=click&amp;last_nav_impression_id=2284IYwSFot0hbZwz&amp;max_percent_page_viewed=67&amp;max_viewport_height_px=577&amp;max_viewport_width_px=1280&amp;orig_request_uri=https%3A%2F%2Fwww.facebook.com%2Fbusiness%2Fboost%2Fapoyandoanuestraspymes&amp;primary_cmsid=264304818121768&amp;primary_content_locale=es_ES&amp;region=emea&amp;scrolled=true&amp;session_id=0GZRGU8sYClKZ8F7O&amp;site=fb4b&amp;extra_data%5bview_type%5d=v3_initial_view&amp;extra_data%5bsite_section%5d=boost&amp;extra_data%5bplacement%5d=%2Fbusiness%2Fboost%2Fapoyandoanuestraspymes&amp;extra_data%5bcreative_detail%5d=Facebook_Guia%20Cultura_ES\"><b>Herramientas de Facebook para la Cultura<\/b><\/a><span style=\"font-weight: 400\">\u201d, en la que encontrar\u00e1n todos los productos disponibles en las distintas plataformas digitales para mejorar su negocio y recuperarse del impacto de la crisis de la COVID-19.\u00a0<\/span><\/p>\n<p><span style=\"font-weight: 400\">Asimismo, estas pymes siguen teniendo a su disposici\u00f3n la <\/span><a href=\"https:\/\/diagnosticodigital.es\/?fbclid=IwAR0PtMGhvJbqoT06TgcnAGCNRIYd-3Gh0BtnJE7IPUG78JNwpDb6eRHSq3s\"><b>herramienta de diagn\u00f3stico digital gratuita<\/b><\/a><span style=\"font-weight: 400\"> que pueden utilizar para hacer una evaluaci\u00f3n de su estrategia digital y recibir un plan de acci\u00f3n personalizado y adaptado a sus necesidades, incluyendo aspectos como la presencia online, la fidelizaci\u00f3n de clientes, las campa\u00f1as publicitarias o la optimizaci\u00f3n de su sitio web para navegar desde distintos dispositivos.<\/span><\/p>\n<p><span style=\"font-weight: 400\">Por su parte, el director de Asuntos P\u00fablicos en Espa\u00f1a y Portugal, Jos\u00e9 Luis Zimmermann, ha afirmado que <\/span><i><span style=\"font-weight: 400\">\u201cEn Facebook tenemos un fuerte compromiso con los peque\u00f1os negocios para ayudarles en su digitalizaci\u00f3n, con una especial atenci\u00f3n a aquellos que m\u00e1s retos han tenido durante la pandemia, como es caso de las pymes dentro del sector cultural. El bienestar de la cultura tiene un impacto clave en el bienestar de la sociedad. Esperamos que nuestro apoyo y nuestras herramientas tecnol\u00f3gicas ayuden a estas pymes a incorporar distintos formatos y experiencias que les ayuden en su recuperaci\u00f3n econ\u00f3mica\u201d.<\/span><\/i><\/p>\n<p><i><span style=\"font-weight: 400\">\u201cDesde FAETEDA creemos que es clave generar sinergias que impulsen el crecimiento del sector esc\u00e9nico y es por eso que nos unimos a Facebook en este proyecto de digitalizaci\u00f3n cultural. La recuperaci\u00f3n econ\u00f3mica del sector la construimos entre todos y es bueno saber que contamos con nuevas plataformas para que las pymes culturales puedan monetizar a\u00fan m\u00e1s su trabajo\u201d <\/span><\/i><span style=\"font-weight: 400\">dijo Jes\u00fas Cimarro, Presidente de FAETEDA.<\/span><\/p>\n<p><i><span style=\"font-weight: 400\">\u201cUno de los objetivos que tenemos en FECED es acercar la danza a los espectadores y creemos que las formaciones en herramientas tecnol\u00f3gicas que lanzamos con Facebook van a permitir que muchas empresas culturales puedan seguir creciendo y llevando su arte a m\u00e1s personas\u201d <\/span><\/i><span style=\"font-weight: 400\">dijo Raquel Madrid, Vicepresidenta y Directora de Comunicaci\u00f3n de FECED.<\/span><\/p>\n<ul>\n<li style=\"font-weight: 400\"><span style=\"font-weight: 400\">Para acceder al centro de recursos y formaci\u00f3n #ApoyandoANuestraCultura <\/span><a href=\"https:\/\/www.facebook.com\/business\/boost\/apoyandoanuestraspymes\"><span style=\"font-weight: 400\">pincha aqu\u00ed<\/span><\/a><span style=\"font-weight: 400\">.<\/span><\/li>\n<li style=\"font-weight: 400\"><span style=\"font-weight: 400\">Para decargarte la gu\u00eda \u201cHerramientas de Facebook para la Cultura\u201d <\/span><a href=\"https:\/\/diagnosticodigital.es\/?fbclid=IwAR0PtMGhvJbqoT06TgcnAGCNRIYd-3Gh0BtnJE7IPUG78JNwpDb6eRHSq3s\"><span style=\"font-weight: 400\">pincha aqu\u00ed<\/span><\/a><span style=\"font-weight: 400\">.<\/span><\/li>\n<li style=\"font-weight: 400\"><span style=\"font-weight: 400\">Para acceder a la herramienta de diagn\u00f3stico gratuita <\/span><a href=\"https:\/\/diagnosticodigital.es\/?fbclid=IwAR0PtMGhvJbqoT06TgcnAGCNRIYd-3Gh0BtnJE7IPUG78JNwpDb6eRHSq3s\"><span style=\"font-weight: 400\">pincha aqu\u00ed<\/span><\/a><span style=\"font-weight: 400\">.<\/span><\/li>\n<\/ul>\n<p><span style=\"font-weight: 400\">Para descargarte imagenes que ilustren la noticia <\/span><a href=\"https:\/\/drive.google.com\/drive\/folders\/1uA0eeKHQhq8jl-dyzSiL02g9H8MxZIY2\"><span style=\"font-weight: 400\">pincha aqu\u00ed<\/span><\/a><span style=\"font-weight: 400\">.<\/span><\/p>\n","protected":false},"excerpt":{"rendered":"Esta iniciativa pretende ser un centro de ayuda con formaci\u00f3n e informaci\u00f3n para que las peque\u00f1as empresas del mundo de la cultura puedan adoptar r\u00e1pidamente una estrategia digital y as\u00ed potenciar sus negocios.","protected":false},"author":81919965,"featured_media":21959,"comment_status":"closed","ping_status":"closed","sticky":false,"template":"","format":"standard","meta":{"_jetpack_memberships_contains_paid_content":false,"footnotes":""},"categories":[243901421,243901452,243901422,243901426],"tags":[],"class_list":["post-21958","post","type-post","status-publish","format-standard","has-post-thumbnail","hentry","category-facebook-app","category-impacto-social-y-economico","category-instagram","category-whatsapp"],"yoast_head":"<!-- This site is optimized with the Yoast SEO plugin v27.2 - https:\/\/yoast.com\/product\/yoast-seo-wordpress\/ -->\n<title>Facebook lanza \u201c#ApoyandoANuestraCultura\u201d, una iniciativa para ayudar a las pymes culturales espa\u00f1olas en su recuperaci\u00f3n econ\u00f3mica | Informaci\u00f3n sobre Meta<\/title>\n<meta name=\"robots\" content=\"index, follow, max-snippet:-1, max-image-preview:large, max-video-preview:-1\" \/>\n<link rel=\"canonical\" href=\"https:\/\/about.fb.com\/es\/news\/2021\/10\/facebook-lanza-apoyandoanuestracultura-una-iniciativa-para-ayudar-a-las-pymes-culturales-espanolas-en-su-recuperacion-economica\/\" \/>\n<meta property=\"og:locale\" content=\"es_ES\" \/>\n<meta property=\"og:type\" content=\"article\" \/>\n<meta property=\"og:title\" content=\"Facebook lanza \u201c#ApoyandoANuestraCultura\u201d, una iniciativa para ayudar a las pymes culturales espa\u00f1olas en su recuperaci\u00f3n econ\u00f3mica | Informaci\u00f3n sobre Meta\" \/>\n<meta property=\"og:description\" content=\"Esta iniciativa pretende ser un centro de ayuda con formaci\u00f3n e informaci\u00f3n para que las peque\u00f1as empresas del mundo de la cultura puedan adoptar r\u00e1pidamente una estrategia digital y as\u00ed potenciar sus negocios.\" \/>\n<meta property=\"og:url\" content=\"https:\/\/about.fb.com\/es\/news\/2021\/10\/facebook-lanza-apoyandoanuestracultura-una-iniciativa-para-ayudar-a-las-pymes-culturales-espanolas-en-su-recuperacion-economica\/\" \/>\n<meta property=\"og:site_name\" content=\"Informaci\u00f3n sobre Meta\" \/>\n<meta property=\"article:published_time\" content=\"2021-10-21T09:55:03+00:00\" \/>\n<meta property=\"article:modified_time\" content=\"2021-10-28T19:54:50+00:00\" \/>\n<meta property=\"og:image\" content=\"https:\/\/about.fb.com\/es\/wp-content\/uploads\/sites\/13\/2021\/10\/ApoyandoANuestraCultura-\u00b7-Centro-de-formacion-y-recursos.jpg?resize=1024,466\" \/>\n\t<meta property=\"og:image:width\" content=\"1024\" \/>\n\t<meta property=\"og:image:height\" content=\"466\" \/>\n\t<meta property=\"og:image:type\" content=\"image\/jpeg\" \/>\n<meta name=\"author\" content=\"text100madrid\" \/>\n<meta name=\"twitter:card\" content=\"summary_large_image\" \/>\n<meta name=\"twitter:label1\" content=\"Written by\" \/>\n\t<meta name=\"twitter:data1\" content=\"Meta\" \/>\n\t<meta name=\"twitter:label2\" content=\"Est. reading time\" \/>\n\t<meta name=\"twitter:data2\" content=\"4 minutos\" \/>\n<script type=\"application\/ld+json\" class=\"yoast-schema-graph\">{\"@context\":\"https:\/\/schema.org\",\"@graph\":[{\"@type\":\"Article\",\"@id\":\"https:\/\/about.fb.com\/es\/news\/2021\/10\/facebook-lanza-apoyandoanuestracultura-una-iniciativa-para-ayudar-a-las-pymes-culturales-espanolas-en-su-recuperacion-economica\/#article\",\"isPartOf\":{\"@id\":\"https:\/\/about.fb.com\/es\/news\/2021\/10\/facebook-lanza-apoyandoanuestracultura-una-iniciativa-para-ayudar-a-las-pymes-culturales-espanolas-en-su-recuperacion-economica\/\"},\"author\":\"Facebook company\",\"headline\":\"Facebook lanza \u201c#ApoyandoANuestraCultura\u201d, una iniciativa para ayudar a las pymes culturales espa\u00f1olas en su recuperaci\u00f3n econ\u00f3mica\",\"datePublished\":\"2021-10-21T09:55:03+00:00\",\"dateModified\":\"2021-10-28T19:54:50+00:00\",\"mainEntityOfPage\":{\"@id\":\"https:\/\/about.fb.com\/es\/news\/2021\/10\/facebook-lanza-apoyandoanuestracultura-una-iniciativa-para-ayudar-a-las-pymes-culturales-espanolas-en-su-recuperacion-economica\/\"},\"wordCount\":757,\"publisher\":{\"@id\":\"https:\/\/about.fb.com\/es\/#organization\"},\"image\":{\"@id\":\"https:\/\/about.fb.com\/es\/news\/2021\/10\/facebook-lanza-apoyandoanuestracultura-una-iniciativa-para-ayudar-a-las-pymes-culturales-espanolas-en-su-recuperacion-economica\/#primaryimage\"},\"thumbnailUrl\":\"https:\/\/about.fb.com\/es\/wp-content\/uploads\/sites\/13\/2021\/10\/ApoyandoANuestraCultura-\u00b7-Centro-de-formacion-y-recursos.jpg?fit=1885%2C857\",\"articleSection\":[\"Facebook\",\"Impacto social y econ\u00f3mico\",\"Instagram\",\"WhatsApp\"],\"inLanguage\":\"es\"},{\"@type\":\"WebPage\",\"@id\":\"https:\/\/about.fb.com\/es\/news\/2021\/10\/facebook-lanza-apoyandoanuestracultura-una-iniciativa-para-ayudar-a-las-pymes-culturales-espanolas-en-su-recuperacion-economica\/\",\"url\":\"https:\/\/about.fb.com\/es\/news\/2021\/10\/facebook-lanza-apoyandoanuestracultura-una-iniciativa-para-ayudar-a-las-pymes-culturales-espanolas-en-su-recuperacion-economica\/\",\"name\":\"Facebook lanza \u201c#ApoyandoANuestraCultura\u201d, una iniciativa para ayudar a las pymes culturales espa\u00f1olas en su recuperaci\u00f3n econ\u00f3mica | Informaci\u00f3n sobre Meta\",\"isPartOf\":{\"@id\":\"https:\/\/about.fb.com\/es\/#website\"},\"primaryImageOfPage\":{\"@id\":\"https:\/\/about.fb.com\/es\/news\/2021\/10\/facebook-lanza-apoyandoanuestracultura-una-iniciativa-para-ayudar-a-las-pymes-culturales-espanolas-en-su-recuperacion-economica\/#primaryimage\"},\"image\":{\"@id\":\"https:\/\/about.fb.com\/es\/news\/2021\/10\/facebook-lanza-apoyandoanuestracultura-una-iniciativa-para-ayudar-a-las-pymes-culturales-espanolas-en-su-recuperacion-economica\/#primaryimage\"},\"thumbnailUrl\":\"https:\/\/about.fb.com\/es\/wp-content\/uploads\/sites\/13\/2021\/10\/ApoyandoANuestraCultura-\u00b7-Centro-de-formacion-y-recursos.jpg?fit=1885%2C857\",\"datePublished\":\"2021-10-21T09:55:03+00:00\",\"dateModified\":\"2021-10-28T19:54:50+00:00\",\"breadcrumb\":{\"@id\":\"https:\/\/about.fb.com\/es\/news\/2021\/10\/facebook-lanza-apoyandoanuestracultura-una-iniciativa-para-ayudar-a-las-pymes-culturales-espanolas-en-su-recuperacion-economica\/#breadcrumb\"},\"inLanguage\":\"es\",\"potentialAction\":[{\"@type\":\"ReadAction\",\"target\":[\"https:\/\/about.fb.com\/es\/news\/2021\/10\/facebook-lanza-apoyandoanuestracultura-una-iniciativa-para-ayudar-a-las-pymes-culturales-espanolas-en-su-recuperacion-economica\/\"]}],\"author\":\"Informaci\u00f3n sobre Meta\"},{\"@type\":\"ImageObject\",\"inLanguage\":\"es\",\"@id\":\"https:\/\/about.fb.com\/es\/news\/2021\/10\/facebook-lanza-apoyandoanuestracultura-una-iniciativa-para-ayudar-a-las-pymes-culturales-espanolas-en-su-recuperacion-economica\/#primaryimage\",\"url\":\"https:\/\/about.fb.com\/es\/wp-content\/uploads\/sites\/13\/2021\/10\/ApoyandoANuestraCultura-\u00b7-Centro-de-formacion-y-recursos.jpg?fit=1885%2C857\",\"contentUrl\":\"https:\/\/about.fb.com\/es\/wp-content\/uploads\/sites\/13\/2021\/10\/ApoyandoANuestraCultura-\u00b7-Centro-de-formacion-y-recursos.jpg?fit=1885%2C857\",\"width\":1885,\"height\":857},{\"@type\":\"BreadcrumbList\",\"@id\":\"https:\/\/about.fb.com\/es\/news\/2021\/10\/facebook-lanza-apoyandoanuestracultura-una-iniciativa-para-ayudar-a-las-pymes-culturales-espanolas-en-su-recuperacion-economica\/#breadcrumb\",\"itemListElement\":[{\"@type\":\"ListItem\",\"position\":1,\"name\":\"Home\",\"item\":\"https:\/\/about.fb.com\/es\/\"},{\"@type\":\"ListItem\",\"position\":2,\"name\":\"Facebook lanza \u201c#ApoyandoANuestraCultura\u201d, una iniciativa para ayudar a las pymes culturales espa\u00f1olas en su recuperaci\u00f3n econ\u00f3mica\"}]},{\"@type\":\"WebSite\",\"@id\":\"https:\/\/about.fb.com\/es\/#website\",\"url\":\"https:\/\/about.fb.com\/news\/\",\"name\":\"Informaci\u00f3n sobre Meta\",\"description\":\"\",\"publisher\":{\"@id\":\"https:\/\/about.fb.com\/es\/#organization\"},\"potentialAction\":[{\"@type\":\"SearchAction\",\"target\":{\"@type\":\"EntryPoint\",\"urlTemplate\":\"https:\/\/about.fb.com\/es\/?s={search_term_string}\"},\"query-input\":{\"@type\":\"PropertyValueSpecification\",\"valueRequired\":true,\"valueName\":\"search_term_string\"}}],\"inLanguage\":\"es\",\"alternateName\":[\"Meta Newsroom\",\"Meta\"]},{\"@type\":\"Organization\",\"@id\":\"https:\/\/about.fb.com\/es\/#organization\",\"name\":\"Meta\",\"url\":\"https:\/\/about.fb.com\/es\/\",\"logo\":{\"@type\":\"ImageObject\",\"inLanguage\":\"es\",\"@id\":\"https:\/\/about.fb.com\/es\/#\/schema\/logo\/image\/\",\"url\":\"https:\/\/about.fb.com\/es\/wp-content\/uploads\/sites\/13\/2021\/10\/meta-social-16x9-1.jpg?fit=8000%2C4500\",\"contentUrl\":\"https:\/\/about.fb.com\/es\/wp-content\/uploads\/sites\/13\/2021\/10\/meta-social-16x9-1.jpg?fit=8000%2C4500\",\"width\":8000,\"height\":4500,\"caption\":\"Meta\"},\"image\":{\"@id\":\"https:\/\/about.fb.com\/es\/#\/schema\/logo\/image\/\"}}]}<\/script>\n<!-- \/ Yoast SEO plugin. -->","yoast_head_json":{"title":"Facebook lanza \u201c#ApoyandoANuestraCultura\u201d, una iniciativa para ayudar a las pymes culturales espa\u00f1olas en su recuperaci\u00f3n econ\u00f3mica | Informaci\u00f3n sobre Meta","robots":{"index":"index","follow":"follow","max-snippet":"max-snippet:-1","max-image-preview":"max-image-preview:large","max-video-preview":"max-video-preview:-1"},"canonical":"https:\/\/about.fb.com\/es\/news\/2021\/10\/facebook-lanza-apoyandoanuestracultura-una-iniciativa-para-ayudar-a-las-pymes-culturales-espanolas-en-su-recuperacion-economica\/","og_locale":"es_ES","og_type":"article","og_title":"Facebook lanza \u201c#ApoyandoANuestraCultura\u201d, una iniciativa para ayudar a las pymes culturales espa\u00f1olas en su recuperaci\u00f3n econ\u00f3mica | Informaci\u00f3n sobre Meta","og_description":"Esta iniciativa pretende ser un centro de ayuda con formaci\u00f3n e informaci\u00f3n para que las peque\u00f1as empresas del mundo de la cultura puedan adoptar r\u00e1pidamente una estrategia digital y as\u00ed potenciar sus negocios.","og_url":"https:\/\/about.fb.com\/es\/news\/2021\/10\/facebook-lanza-apoyandoanuestracultura-una-iniciativa-para-ayudar-a-las-pymes-culturales-espanolas-en-su-recuperacion-economica\/","og_site_name":"Informaci\u00f3n sobre Meta","article_published_time":"2021-10-21T09:55:03+00:00","article_modified_time":"2021-10-28T19:54:50+00:00","og_image":[{"width":1024,"height":466,"url":"https:\/\/about.fb.com\/es\/wp-content\/uploads\/sites\/13\/2021\/10\/ApoyandoANuestraCultura-\u00b7-Centro-de-formacion-y-recursos.jpg?resize=1024,466","type":"image\/jpeg"}],"author":"text100madrid","twitter_card":"summary_large_image","twitter_misc":{"Written by":"Meta","Est. reading time":"4 minutos"},"schema":{"@context":"https:\/\/schema.org","@graph":[{"@type":"Article","@id":"https:\/\/about.fb.com\/es\/news\/2021\/10\/facebook-lanza-apoyandoanuestracultura-una-iniciativa-para-ayudar-a-las-pymes-culturales-espanolas-en-su-recuperacion-economica\/#article","isPartOf":{"@id":"https:\/\/about.fb.com\/es\/news\/2021\/10\/facebook-lanza-apoyandoanuestracultura-una-iniciativa-para-ayudar-a-las-pymes-culturales-espanolas-en-su-recuperacion-economica\/"},"author":"Facebook company","headline":"Facebook lanza \u201c#ApoyandoANuestraCultura\u201d, una iniciativa para ayudar a las pymes culturales espa\u00f1olas en su recuperaci\u00f3n econ\u00f3mica","datePublished":"2021-10-21T09:55:03+00:00","dateModified":"2021-10-28T19:54:50+00:00","mainEntityOfPage":{"@id":"https:\/\/about.fb.com\/es\/news\/2021\/10\/facebook-lanza-apoyandoanuestracultura-una-iniciativa-para-ayudar-a-las-pymes-culturales-espanolas-en-su-recuperacion-economica\/"},"wordCount":757,"publisher":{"@id":"https:\/\/about.fb.com\/es\/#organization"},"image":{"@id":"https:\/\/about.fb.com\/es\/news\/2021\/10\/facebook-lanza-apoyandoanuestracultura-una-iniciativa-para-ayudar-a-las-pymes-culturales-espanolas-en-su-recuperacion-economica\/#primaryimage"},"thumbnailUrl":"https:\/\/about.fb.com\/es\/wp-content\/uploads\/sites\/13\/2021\/10\/ApoyandoANuestraCultura-\u00b7-Centro-de-formacion-y-recursos.jpg?fit=1885%2C857","articleSection":["Facebook","Impacto social y econ\u00f3mico","Instagram","WhatsApp"],"inLanguage":"es"},{"@type":"WebPage","@id":"https:\/\/about.fb.com\/es\/news\/2021\/10\/facebook-lanza-apoyandoanuestracultura-una-iniciativa-para-ayudar-a-las-pymes-culturales-espanolas-en-su-recuperacion-economica\/","url":"https:\/\/about.fb.com\/es\/news\/2021\/10\/facebook-lanza-apoyandoanuestracultura-una-iniciativa-para-ayudar-a-las-pymes-culturales-espanolas-en-su-recuperacion-economica\/","name":"Facebook lanza \u201c#ApoyandoANuestraCultura\u201d, una iniciativa para ayudar a las pymes culturales espa\u00f1olas en su recuperaci\u00f3n econ\u00f3mica | Informaci\u00f3n sobre Meta","isPartOf":{"@id":"https:\/\/about.fb.com\/es\/#website"},"primaryImageOfPage":{"@id":"https:\/\/about.fb.com\/es\/news\/2021\/10\/facebook-lanza-apoyandoanuestracultura-una-iniciativa-para-ayudar-a-las-pymes-culturales-espanolas-en-su-recuperacion-economica\/#primaryimage"},"image":{"@id":"https:\/\/about.fb.com\/es\/news\/2021\/10\/facebook-lanza-apoyandoanuestracultura-una-iniciativa-para-ayudar-a-las-pymes-culturales-espanolas-en-su-recuperacion-economica\/#primaryimage"},"thumbnailUrl":"https:\/\/about.fb.com\/es\/wp-content\/uploads\/sites\/13\/2021\/10\/ApoyandoANuestraCultura-\u00b7-Centro-de-formacion-y-recursos.jpg?fit=1885%2C857","datePublished":"2021-10-21T09:55:03+00:00","dateModified":"2021-10-28T19:54:50+00:00","breadcrumb":{"@id":"https:\/\/about.fb.com\/es\/news\/2021\/10\/facebook-lanza-apoyandoanuestracultura-una-iniciativa-para-ayudar-a-las-pymes-culturales-espanolas-en-su-recuperacion-economica\/#breadcrumb"},"inLanguage":"es","potentialAction":[{"@type":"ReadAction","target":["https:\/\/about.fb.com\/es\/news\/2021\/10\/facebook-lanza-apoyandoanuestracultura-una-iniciativa-para-ayudar-a-las-pymes-culturales-espanolas-en-su-recuperacion-economica\/"]}],"author":"Informaci\u00f3n sobre Meta"},{"@type":"ImageObject","inLanguage":"es","@id":"https:\/\/about.fb.com\/es\/news\/2021\/10\/facebook-lanza-apoyandoanuestracultura-una-iniciativa-para-ayudar-a-las-pymes-culturales-espanolas-en-su-recuperacion-economica\/#primaryimage","url":"https:\/\/about.fb.com\/es\/wp-content\/uploads\/sites\/13\/2021\/10\/ApoyandoANuestraCultura-\u00b7-Centro-de-formacion-y-recursos.jpg?fit=1885%2C857","contentUrl":"https:\/\/about.fb.com\/es\/wp-content\/uploads\/sites\/13\/2021\/10\/ApoyandoANuestraCultura-\u00b7-Centro-de-formacion-y-recursos.jpg?fit=1885%2C857","width":1885,"height":857},{"@type":"BreadcrumbList","@id":"https:\/\/about.fb.com\/es\/news\/2021\/10\/facebook-lanza-apoyandoanuestracultura-una-iniciativa-para-ayudar-a-las-pymes-culturales-espanolas-en-su-recuperacion-economica\/#breadcrumb","itemListElement":[{"@type":"ListItem","position":1,"name":"Home","item":"https:\/\/about.fb.com\/es\/"},{"@type":"ListItem","position":2,"name":"Facebook lanza \u201c#ApoyandoANuestraCultura\u201d, una iniciativa para ayudar a las pymes culturales espa\u00f1olas en su recuperaci\u00f3n econ\u00f3mica"}]},{"@type":"WebSite","@id":"https:\/\/about.fb.com\/es\/#website","url":"https:\/\/about.fb.com\/news\/","name":"Informaci\u00f3n sobre Meta","description":"","publisher":{"@id":"https:\/\/about.fb.com\/es\/#organization"},"potentialAction":[{"@type":"SearchAction","target":{"@type":"EntryPoint","urlTemplate":"https:\/\/about.fb.com\/es\/?s={search_term_string}"},"query-input":{"@type":"PropertyValueSpecification","valueRequired":true,"valueName":"search_term_string"}}],"inLanguage":"es","alternateName":["Meta Newsroom","Meta"]},{"@type":"Organization","@id":"https:\/\/about.fb.com\/es\/#organization","name":"Meta","url":"https:\/\/about.fb.com\/es\/","logo":{"@type":"ImageObject","inLanguage":"es","@id":"https:\/\/about.fb.com\/es\/#\/schema\/logo\/image\/","url":"https:\/\/about.fb.com\/es\/wp-content\/uploads\/sites\/13\/2021\/10\/meta-social-16x9-1.jpg?fit=8000%2C4500","contentUrl":"https:\/\/about.fb.com\/es\/wp-content\/uploads\/sites\/13\/2021\/10\/meta-social-16x9-1.jpg?fit=8000%2C4500","width":8000,"height":4500,"caption":"Meta"},"image":{"@id":"https:\/\/about.fb.com\/es\/#\/schema\/logo\/image\/"}}]}},"jetpack_featured_media_url":"https:\/\/about.fb.com\/es\/wp-content\/uploads\/sites\/13\/2021\/10\/ApoyandoANuestraCultura-\u00b7-Centro-de-formacion-y-recursos.jpg?fit=1885%2C857","jetpack-related-posts":[],"jetpack_sharing_enabled":true,"amp_enabled":true,"_links":{"self":[{"href":"https:\/\/about.fb.com\/es\/wp-json\/wp\/v2\/posts\/21958","targetHints":{"allow":["GET"]}}],"collection":[{"href":"https:\/\/about.fb.com\/es\/wp-json\/wp\/v2\/posts"}],"about":[{"href":"https:\/\/about.fb.com\/es\/wp-json\/wp\/v2\/types\/post"}],"author":[{"embeddable":true,"href":"https:\/\/about.fb.com\/es\/wp-json\/wp\/v2\/users\/81919965"}],"replies":[{"embeddable":true,"href":"https:\/\/about.fb.com\/es\/wp-json\/wp\/v2\/comments?post=21958"}],"version-history":[{"count":6,"href":"https:\/\/about.fb.com\/es\/wp-json\/wp\/v2\/posts\/21958\/revisions"}],"predecessor-version":[{"id":21992,"href":"https:\/\/about.fb.com\/es\/wp-json\/wp\/v2\/posts\/21958\/revisions\/21992"}],"wp:featuredmedia":[{"embeddable":true,"href":"https:\/\/about.fb.com\/es\/wp-json\/wp\/v2\/media\/21959"}],"wp:attachment":[{"href":"https:\/\/about.fb.com\/es\/wp-json\/wp\/v2\/media?parent=21958"}],"wp:term":[{"taxonomy":"category","embeddable":true,"href":"https:\/\/about.fb.com\/es\/wp-json\/wp\/v2\/categories?post=21958"},{"taxonomy":"post_tag","embeddable":true,"href":"https:\/\/about.fb.com\/es\/wp-json\/wp\/v2\/tags?post=21958"}],"curies":[{"name":"wp","href":"https:\/\/api.w.org\/{rel}","templated":true}]}}