{"id":21744,"date":"2021-02-18T08:58:02","date_gmt":"2021-02-18T08:58:02","guid":{"rendered":"https:\/\/about.fb.com\/es\/?p=21744"},"modified":"2021-02-18T12:56:11","modified_gmt":"2021-02-18T12:56:11","slug":"conectamos-a-las-personas-con-informacion-fiable-sobre-el-cambio-climatico","status":"publish","type":"post","link":"https:\/\/about.fb.com\/es\/news\/2021\/02\/conectamos-a-las-personas-con-informacion-fiable-sobre-el-cambio-climatico\/","title":{"rendered":"Conectamos a las personas con informaci\u00f3n fiable sobre el cambio clim\u00e1tico"},"content":{"rendered":"<p><span style=\"font-weight: 400\">El conocimiento es poder, sobre todo cuando se trata de combatir el cambio clim\u00e1tico. Por eso, estamos ampliando y mejorando nuestro Centro de informaci\u00f3n de climatolog\u00eda, y presentando nuevas formas en que las personas pueden descubrirlo.\u00a0<\/span><\/p>\n<p><span style=\"font-weight: 400\">El <a href=\"https:\/\/www.facebook.com\/climatescienceinfo\">Centro de informaci\u00f3n de climatolog\u00eda<\/a>  conecta a los usuarios de Facebook con noticias cient\u00edficas, informaci\u00f3n fiable y recursos pr\u00e1cticos de las principales organizaciones clim\u00e1ticas del mundo. En el centro se incluyen an\u00e1lisis exhaustivos detallados que van m\u00e1s all\u00e1 de los hechos b\u00e1sicos, as\u00ed como formas de implicarse. Se trata de un recurso completo e interesante que cuenta exclusivamente con informaci\u00f3n de expertos, adem\u00e1s de informaci\u00f3n pertinente del lugar en el que vives. <\/span><b>El centro ya est\u00e1 disponible en Alemania, Estados Unidos, Francia y Reino Unido, y a partir de hoy tambi\u00e9n en Arabia Saud\u00ed, B\u00e9lgica, Brasil, Canad\u00e1, Espa\u00f1a, India, Indonesia, Irlanda, M\u00e9xico, Nigeria, Pa\u00edses Bajos, Sud\u00e1frica y Taiw\u00e1n.<\/b><span style=\"font-weight: 400\">\u00a0<\/span><\/p>\n<p><span style=\"font-weight: 400\">Adem\u00e1s de ampliar el centro, tambi\u00e9n lo hemos mejorado. Hemos incorporado una secci\u00f3n en la que se incluyen hechos que desmienten mitos comunes sobre el clima (por ejemplo, que demasiado di\u00f3xido de carbono en la atmosfera da\u00f1a la vida vegetal de la Tierra y que la poblaci\u00f3n de osos polares est\u00e1 disminuyendo como consecuencia del calentamiento global). Para refutar los mitos con hechos actuales y espec\u00edficos, contamos con expertos en comunicaci\u00f3n clim\u00e1tica de la Universidad George Mason, el Yale Program on Climate Change Communication y la Universidad de Cambridge.\u00a0<\/span><\/p>\n<p><a href=\"https:\/\/about.fb.com\/es\/wp-content\/uploads\/sites\/13\/2021\/02\/CSIC-Comms-128_es_ES.jpg\"><img data-recalc-dims=\"1\" loading=\"lazy\" decoding=\"async\" class=\"aligncenter wp-image-21745 size-medium\" src=\"https:\/\/about.fb.com\/es\/wp-content\/uploads\/sites\/13\/2021\/02\/CSIC-Comms-128_es_ES.jpg?w=147&#038;resize=147%2C300\" alt=\"\" width=\"147\" height=\"300\" srcset=\"https:\/\/about.fb.com\/es\/wp-content\/uploads\/sites\/13\/2021\/02\/CSIC-Comms-128_es_ES.jpg?w=3834 3834w, https:\/\/about.fb.com\/es\/wp-content\/uploads\/sites\/13\/2021\/02\/CSIC-Comms-128_es_ES.jpg?w=196 196w, https:\/\/about.fb.com\/es\/wp-content\/uploads\/sites\/13\/2021\/02\/CSIC-Comms-128_es_ES.jpg?w=147 147w, https:\/\/about.fb.com\/es\/wp-content\/uploads\/sites\/13\/2021\/02\/CSIC-Comms-128_es_ES.jpg?w=768 768w, https:\/\/about.fb.com\/es\/wp-content\/uploads\/sites\/13\/2021\/02\/CSIC-Comms-128_es_ES.jpg?w=501 501w, https:\/\/about.fb.com\/es\/wp-content\/uploads\/sites\/13\/2021\/02\/CSIC-Comms-128_es_ES.jpg?w=752 752w, https:\/\/about.fb.com\/es\/wp-content\/uploads\/sites\/13\/2021\/02\/CSIC-Comms-128_es_ES.jpg?w=1003 1003w, https:\/\/about.fb.com\/es\/wp-content\/uploads\/sites\/13\/2021\/02\/CSIC-Comms-128_es_ES.jpg?w=529 529w, https:\/\/about.fb.com\/es\/wp-content\/uploads\/sites\/13\/2021\/02\/CSIC-Comms-128_es_ES.jpg?w=1058 1058w, https:\/\/about.fb.com\/es\/wp-content\/uploads\/sites\/13\/2021\/02\/CSIC-Comms-128_es_ES.jpg?w=294 294w, https:\/\/about.fb.com\/es\/wp-content\/uploads\/sites\/13\/2021\/02\/CSIC-Comms-128_es_ES.jpg?w=1920 1920w, https:\/\/about.fb.com\/es\/wp-content\/uploads\/sites\/13\/2021\/02\/CSIC-Comms-128_es_ES.jpg?w=2880 2880w\" sizes=\"auto, (max-width: 147px) 100vw, 147px\" \/><\/a><\/p>\n<p><span style=\"font-weight: 400\">\u201cRefutar argumentos bas\u00e1ndonos en las pr\u00e1cticas recomendadas de la investigaci\u00f3n sobre comunicaci\u00f3n es un paso importante de cara a combatir la informaci\u00f3n err\u00f3nea en internet, y estoy deseando explorar m\u00e1s soluciones\u201d. Dr. John Cook, Universidad George Mason\u00a0<\/span><\/p>\n<p><span style=\"font-weight: 400\">\u201cLa existencia de informaci\u00f3n err\u00f3nea sobre el cambio clim\u00e1tico es muy anterior a internet, pero se ha amplificado considerablemente en nuestro nuevo mundo digital. Esta nueva secci\u00f3n del Centro de informaci\u00f3n de climatolog\u00eda de Facebook en la que se acaba con los mitos puede ayudar a concienciar sobre el cambio clim\u00e1tico y a que la gente de todo el mundo comprenda lo que es\u201d. Dr. Anthony Leiserowitz, Yale Program on Climate Change Communication\u00a0<\/span><\/p>\n<p><span style=\"font-weight: 400\">\u201cLa difusi\u00f3n de mentiras perjudiciales pone en peligro el nivel de cooperaci\u00f3n internacional necesario para evitar un calentamiento global catastr\u00f3fico. Facebook est\u00e1 en una posici\u00f3n privilegiada desde la que combatir la difusi\u00f3n de informaci\u00f3n err\u00f3nea en internet. Asimismo, la nueva secci\u00f3n clim\u00e1tica que \u201crefuta los mitos\u201d supone un avance importante de cara a desmentir enga\u00f1os peligrosos\u201d. Dr. Sander van der Linden, Universidad de Cambridge\u00a0<\/span><\/p>\n<p><span style=\"font-weight: 400\">Ya estamos dirigiendo a las personas al Centro de informaci\u00f3n de climatolog\u00eda cuando buscan t\u00e9rminos relacionados con la climatolog\u00eda y lo seguiremos haciendo en aquellas ubicaciones en las que est\u00e1 disponible el centro. En los pa\u00edses en los que no lo est\u00e9, enviaremos a los usuarios al <a href=\"https:\/\/www.unep.org\/explore-topics\/climate-change\">Programa de la ONU para el Medio Ambiente<\/a>, una autoridad medioambiental importante a nivel global. <\/span><\/p>\n<p><span style=\"font-weight: 400\">Adem\u00e1s, en las publicaciones sobre el clima en el Reino Unido, hemos empezado a a\u00f1adir etiquetas informativas que dirigen a las personas al centro y ampliaremos esta funci\u00f3n a Francia, Alemania y Estados Unidos en las pr\u00f3ximas semanas. Tal y como menciona Nancy Groves, del Programa de la ONU para el Medio Ambiente: \u201cPara tener un planeta sano, debemos participar todos dondequiera que estemos y, para conseguirlo, es fundamental que las personas tengan acceso a informaci\u00f3n veraz y pertinente. Esperamos seguir trabajando con Facebook en esta nueva iniciativa para acabar con los mitos y ofrecer acceso a la informaci\u00f3n cient\u00edfica m\u00e1s reciente sobre la emergencia clim\u00e1tica\u201d.<\/span><\/p>\n","protected":false},"excerpt":{"rendered":"El centro ya est\u00e1 disponible en Alemania, Estados Unidos, Francia y Reino Unido, y a partir de hoy tambi\u00e9n en Arabia Saud\u00ed, B\u00e9lgica, Brasil, Canad\u00e1, Espa\u00f1a, India, Indonesia, Irlanda, M\u00e9xico, Nigeria, Pa\u00edses Bajos, Sud\u00e1frica y Taiw\u00e1n","protected":false},"author":81919965,"featured_media":0,"comment_status":"closed","ping_status":"closed","sticky":false,"template":"","format":"standard","meta":{"_jetpack_memberships_contains_paid_content":false,"footnotes":""},"categories":[243901421,243901452],"tags":[],"class_list":["post-21744","post","type-post","status-publish","format-standard","hentry","category-facebook-app","category-impacto-social-y-economico"],"yoast_head":"<!-- This site is optimized with the Yoast SEO plugin v27.2 - https:\/\/yoast.com\/product\/yoast-seo-wordpress\/ -->\n<title>Conectamos a las personas con informaci\u00f3n fiable sobre el cambio clim\u00e1tico | Informaci\u00f3n sobre Meta<\/title>\n<meta name=\"robots\" content=\"index, follow, max-snippet:-1, max-image-preview:large, max-video-preview:-1\" \/>\n<link rel=\"canonical\" href=\"https:\/\/about.fb.com\/es\/news\/2021\/02\/conectamos-a-las-personas-con-informacion-fiable-sobre-el-cambio-climatico\/\" \/>\n<meta property=\"og:locale\" content=\"es_ES\" \/>\n<meta property=\"og:type\" content=\"article\" \/>\n<meta property=\"og:title\" content=\"Conectamos a las personas con informaci\u00f3n fiable sobre el cambio clim\u00e1tico | Informaci\u00f3n sobre Meta\" \/>\n<meta property=\"og:description\" content=\"El centro ya est\u00e1 disponible en Alemania, Estados Unidos, Francia y Reino Unido, y a partir de hoy tambi\u00e9n en Arabia Saud\u00ed, B\u00e9lgica, Brasil, Canad\u00e1, Espa\u00f1a, India, Indonesia, Irlanda, M\u00e9xico, Nigeria, Pa\u00edses Bajos, Sud\u00e1frica y Taiw\u00e1n\" \/>\n<meta property=\"og:url\" content=\"https:\/\/about.fb.com\/es\/news\/2021\/02\/conectamos-a-las-personas-con-informacion-fiable-sobre-el-cambio-climatico\/\" \/>\n<meta property=\"og:site_name\" content=\"Informaci\u00f3n sobre Meta\" \/>\n<meta property=\"article:published_time\" content=\"2021-02-18T08:58:02+00:00\" \/>\n<meta property=\"article:modified_time\" content=\"2021-02-18T12:56:11+00:00\" \/>\n<meta property=\"og:image\" content=\"https:\/\/about.fb.com\/es\/wp-content\/uploads\/sites\/13\/2021\/02\/CSIC-Comms-128_es_ES.jpg?w=147\" \/>\n<meta name=\"author\" content=\"text100madrid\" \/>\n<meta name=\"twitter:card\" content=\"summary_large_image\" \/>\n<meta name=\"twitter:label1\" content=\"Written by\" \/>\n\t<meta name=\"twitter:data1\" content=\"Meta\" \/>\n\t<meta name=\"twitter:label2\" content=\"Est. reading time\" \/>\n\t<meta name=\"twitter:data2\" content=\"3 minutos\" \/>\n<script type=\"application\/ld+json\" class=\"yoast-schema-graph\">{\"@context\":\"https:\/\/schema.org\",\"@graph\":[{\"@type\":\"Article\",\"@id\":\"https:\/\/about.fb.com\/es\/news\/2021\/02\/conectamos-a-las-personas-con-informacion-fiable-sobre-el-cambio-climatico\/#article\",\"isPartOf\":{\"@id\":\"https:\/\/about.fb.com\/es\/news\/2021\/02\/conectamos-a-las-personas-con-informacion-fiable-sobre-el-cambio-climatico\/\"},\"author\":\"Facebook company\",\"headline\":\"Conectamos a las personas con informaci\u00f3n fiable sobre el cambio clim\u00e1tico\",\"datePublished\":\"2021-02-18T08:58:02+00:00\",\"dateModified\":\"2021-02-18T12:56:11+00:00\",\"mainEntityOfPage\":{\"@id\":\"https:\/\/about.fb.com\/es\/news\/2021\/02\/conectamos-a-las-personas-con-informacion-fiable-sobre-el-cambio-climatico\/\"},\"wordCount\":658,\"publisher\":{\"@id\":\"https:\/\/about.fb.com\/es\/#organization\"},\"image\":{\"@id\":\"https:\/\/about.fb.com\/es\/news\/2021\/02\/conectamos-a-las-personas-con-informacion-fiable-sobre-el-cambio-climatico\/#primaryimage\"},\"thumbnailUrl\":\"https:\/\/about.fb.com\/es\/wp-content\/uploads\/sites\/13\/2021\/02\/CSIC-Comms-128_es_ES.jpg?w=147\",\"articleSection\":[\"Facebook\",\"Impacto social y econ\u00f3mico\"],\"inLanguage\":\"es\"},{\"@type\":\"WebPage\",\"@id\":\"https:\/\/about.fb.com\/es\/news\/2021\/02\/conectamos-a-las-personas-con-informacion-fiable-sobre-el-cambio-climatico\/\",\"url\":\"https:\/\/about.fb.com\/es\/news\/2021\/02\/conectamos-a-las-personas-con-informacion-fiable-sobre-el-cambio-climatico\/\",\"name\":\"Conectamos a las personas con informaci\u00f3n fiable sobre el cambio clim\u00e1tico | Informaci\u00f3n sobre Meta\",\"isPartOf\":{\"@id\":\"https:\/\/about.fb.com\/es\/#website\"},\"primaryImageOfPage\":{\"@id\":\"https:\/\/about.fb.com\/es\/news\/2021\/02\/conectamos-a-las-personas-con-informacion-fiable-sobre-el-cambio-climatico\/#primaryimage\"},\"image\":{\"@id\":\"https:\/\/about.fb.com\/es\/news\/2021\/02\/conectamos-a-las-personas-con-informacion-fiable-sobre-el-cambio-climatico\/#primaryimage\"},\"thumbnailUrl\":\"https:\/\/about.fb.com\/es\/wp-content\/uploads\/sites\/13\/2021\/02\/CSIC-Comms-128_es_ES.jpg?w=147\",\"datePublished\":\"2021-02-18T08:58:02+00:00\",\"dateModified\":\"2021-02-18T12:56:11+00:00\",\"breadcrumb\":{\"@id\":\"https:\/\/about.fb.com\/es\/news\/2021\/02\/conectamos-a-las-personas-con-informacion-fiable-sobre-el-cambio-climatico\/#breadcrumb\"},\"inLanguage\":\"es\",\"potentialAction\":[{\"@type\":\"ReadAction\",\"target\":[\"https:\/\/about.fb.com\/es\/news\/2021\/02\/conectamos-a-las-personas-con-informacion-fiable-sobre-el-cambio-climatico\/\"]}],\"author\":\"Informaci\u00f3n sobre Meta\"},{\"@type\":\"ImageObject\",\"inLanguage\":\"es\",\"@id\":\"https:\/\/about.fb.com\/es\/news\/2021\/02\/conectamos-a-las-personas-con-informacion-fiable-sobre-el-cambio-climatico\/#primaryimage\",\"url\":\"https:\/\/about.fb.com\/es\/wp-content\/uploads\/sites\/13\/2021\/02\/CSIC-Comms-128_es_ES.jpg?w=147\",\"contentUrl\":\"https:\/\/about.fb.com\/es\/wp-content\/uploads\/sites\/13\/2021\/02\/CSIC-Comms-128_es_ES.jpg?w=147\"},{\"@type\":\"BreadcrumbList\",\"@id\":\"https:\/\/about.fb.com\/es\/news\/2021\/02\/conectamos-a-las-personas-con-informacion-fiable-sobre-el-cambio-climatico\/#breadcrumb\",\"itemListElement\":[{\"@type\":\"ListItem\",\"position\":1,\"name\":\"Home\",\"item\":\"https:\/\/about.fb.com\/es\/\"},{\"@type\":\"ListItem\",\"position\":2,\"name\":\"Conectamos a las personas con informaci\u00f3n fiable sobre el cambio clim\u00e1tico\"}]},{\"@type\":\"WebSite\",\"@id\":\"https:\/\/about.fb.com\/es\/#website\",\"url\":\"https:\/\/about.fb.com\/news\/\",\"name\":\"Informaci\u00f3n sobre Meta\",\"description\":\"\",\"publisher\":{\"@id\":\"https:\/\/about.fb.com\/es\/#organization\"},\"potentialAction\":[{\"@type\":\"SearchAction\",\"target\":{\"@type\":\"EntryPoint\",\"urlTemplate\":\"https:\/\/about.fb.com\/es\/?s={search_term_string}\"},\"query-input\":{\"@type\":\"PropertyValueSpecification\",\"valueRequired\":true,\"valueName\":\"search_term_string\"}}],\"inLanguage\":\"es\",\"alternateName\":[\"Meta Newsroom\",\"Meta\"]},{\"@type\":\"Organization\",\"@id\":\"https:\/\/about.fb.com\/es\/#organization\",\"name\":\"Meta\",\"url\":\"https:\/\/about.fb.com\/es\/\",\"logo\":{\"@type\":\"ImageObject\",\"inLanguage\":\"es\",\"@id\":\"https:\/\/about.fb.com\/es\/#\/schema\/logo\/image\/\",\"url\":\"https:\/\/about.fb.com\/es\/wp-content\/uploads\/sites\/13\/2021\/10\/meta-social-16x9-1.jpg?fit=8000%2C4500\",\"contentUrl\":\"https:\/\/about.fb.com\/es\/wp-content\/uploads\/sites\/13\/2021\/10\/meta-social-16x9-1.jpg?fit=8000%2C4500\",\"width\":8000,\"height\":4500,\"caption\":\"Meta\"},\"image\":{\"@id\":\"https:\/\/about.fb.com\/es\/#\/schema\/logo\/image\/\"}}]}<\/script>\n<!-- \/ Yoast SEO plugin. -->","yoast_head_json":{"title":"Conectamos a las personas con informaci\u00f3n fiable sobre el cambio clim\u00e1tico | Informaci\u00f3n sobre Meta","robots":{"index":"index","follow":"follow","max-snippet":"max-snippet:-1","max-image-preview":"max-image-preview:large","max-video-preview":"max-video-preview:-1"},"canonical":"https:\/\/about.fb.com\/es\/news\/2021\/02\/conectamos-a-las-personas-con-informacion-fiable-sobre-el-cambio-climatico\/","og_locale":"es_ES","og_type":"article","og_title":"Conectamos a las personas con informaci\u00f3n fiable sobre el cambio clim\u00e1tico | Informaci\u00f3n sobre Meta","og_description":"El centro ya est\u00e1 disponible en Alemania, Estados Unidos, Francia y Reino Unido, y a partir de hoy tambi\u00e9n en Arabia Saud\u00ed, B\u00e9lgica, Brasil, Canad\u00e1, Espa\u00f1a, India, Indonesia, Irlanda, M\u00e9xico, Nigeria, Pa\u00edses Bajos, Sud\u00e1frica y Taiw\u00e1n","og_url":"https:\/\/about.fb.com\/es\/news\/2021\/02\/conectamos-a-las-personas-con-informacion-fiable-sobre-el-cambio-climatico\/","og_site_name":"Informaci\u00f3n sobre Meta","article_published_time":"2021-02-18T08:58:02+00:00","article_modified_time":"2021-02-18T12:56:11+00:00","og_image":[{"url":"https:\/\/about.fb.com\/es\/wp-content\/uploads\/sites\/13\/2021\/02\/CSIC-Comms-128_es_ES.jpg?w=147","type":"","width":"","height":""}],"author":"text100madrid","twitter_card":"summary_large_image","twitter_misc":{"Written by":"Meta","Est. reading time":"3 minutos"},"schema":{"@context":"https:\/\/schema.org","@graph":[{"@type":"Article","@id":"https:\/\/about.fb.com\/es\/news\/2021\/02\/conectamos-a-las-personas-con-informacion-fiable-sobre-el-cambio-climatico\/#article","isPartOf":{"@id":"https:\/\/about.fb.com\/es\/news\/2021\/02\/conectamos-a-las-personas-con-informacion-fiable-sobre-el-cambio-climatico\/"},"author":"Facebook company","headline":"Conectamos a las personas con informaci\u00f3n fiable sobre el cambio clim\u00e1tico","datePublished":"2021-02-18T08:58:02+00:00","dateModified":"2021-02-18T12:56:11+00:00","mainEntityOfPage":{"@id":"https:\/\/about.fb.com\/es\/news\/2021\/02\/conectamos-a-las-personas-con-informacion-fiable-sobre-el-cambio-climatico\/"},"wordCount":658,"publisher":{"@id":"https:\/\/about.fb.com\/es\/#organization"},"image":{"@id":"https:\/\/about.fb.com\/es\/news\/2021\/02\/conectamos-a-las-personas-con-informacion-fiable-sobre-el-cambio-climatico\/#primaryimage"},"thumbnailUrl":"https:\/\/about.fb.com\/es\/wp-content\/uploads\/sites\/13\/2021\/02\/CSIC-Comms-128_es_ES.jpg?w=147","articleSection":["Facebook","Impacto social y econ\u00f3mico"],"inLanguage":"es"},{"@type":"WebPage","@id":"https:\/\/about.fb.com\/es\/news\/2021\/02\/conectamos-a-las-personas-con-informacion-fiable-sobre-el-cambio-climatico\/","url":"https:\/\/about.fb.com\/es\/news\/2021\/02\/conectamos-a-las-personas-con-informacion-fiable-sobre-el-cambio-climatico\/","name":"Conectamos a las personas con informaci\u00f3n fiable sobre el cambio clim\u00e1tico | Informaci\u00f3n sobre Meta","isPartOf":{"@id":"https:\/\/about.fb.com\/es\/#website"},"primaryImageOfPage":{"@id":"https:\/\/about.fb.com\/es\/news\/2021\/02\/conectamos-a-las-personas-con-informacion-fiable-sobre-el-cambio-climatico\/#primaryimage"},"image":{"@id":"https:\/\/about.fb.com\/es\/news\/2021\/02\/conectamos-a-las-personas-con-informacion-fiable-sobre-el-cambio-climatico\/#primaryimage"},"thumbnailUrl":"https:\/\/about.fb.com\/es\/wp-content\/uploads\/sites\/13\/2021\/02\/CSIC-Comms-128_es_ES.jpg?w=147","datePublished":"2021-02-18T08:58:02+00:00","dateModified":"2021-02-18T12:56:11+00:00","breadcrumb":{"@id":"https:\/\/about.fb.com\/es\/news\/2021\/02\/conectamos-a-las-personas-con-informacion-fiable-sobre-el-cambio-climatico\/#breadcrumb"},"inLanguage":"es","potentialAction":[{"@type":"ReadAction","target":["https:\/\/about.fb.com\/es\/news\/2021\/02\/conectamos-a-las-personas-con-informacion-fiable-sobre-el-cambio-climatico\/"]}],"author":"Informaci\u00f3n sobre Meta"},{"@type":"ImageObject","inLanguage":"es","@id":"https:\/\/about.fb.com\/es\/news\/2021\/02\/conectamos-a-las-personas-con-informacion-fiable-sobre-el-cambio-climatico\/#primaryimage","url":"https:\/\/about.fb.com\/es\/wp-content\/uploads\/sites\/13\/2021\/02\/CSIC-Comms-128_es_ES.jpg?w=147","contentUrl":"https:\/\/about.fb.com\/es\/wp-content\/uploads\/sites\/13\/2021\/02\/CSIC-Comms-128_es_ES.jpg?w=147"},{"@type":"BreadcrumbList","@id":"https:\/\/about.fb.com\/es\/news\/2021\/02\/conectamos-a-las-personas-con-informacion-fiable-sobre-el-cambio-climatico\/#breadcrumb","itemListElement":[{"@type":"ListItem","position":1,"name":"Home","item":"https:\/\/about.fb.com\/es\/"},{"@type":"ListItem","position":2,"name":"Conectamos a las personas con informaci\u00f3n fiable sobre el cambio clim\u00e1tico"}]},{"@type":"WebSite","@id":"https:\/\/about.fb.com\/es\/#website","url":"https:\/\/about.fb.com\/news\/","name":"Informaci\u00f3n sobre Meta","description":"","publisher":{"@id":"https:\/\/about.fb.com\/es\/#organization"},"potentialAction":[{"@type":"SearchAction","target":{"@type":"EntryPoint","urlTemplate":"https:\/\/about.fb.com\/es\/?s={search_term_string}"},"query-input":{"@type":"PropertyValueSpecification","valueRequired":true,"valueName":"search_term_string"}}],"inLanguage":"es","alternateName":["Meta Newsroom","Meta"]},{"@type":"Organization","@id":"https:\/\/about.fb.com\/es\/#organization","name":"Meta","url":"https:\/\/about.fb.com\/es\/","logo":{"@type":"ImageObject","inLanguage":"es","@id":"https:\/\/about.fb.com\/es\/#\/schema\/logo\/image\/","url":"https:\/\/about.fb.com\/es\/wp-content\/uploads\/sites\/13\/2021\/10\/meta-social-16x9-1.jpg?fit=8000%2C4500","contentUrl":"https:\/\/about.fb.com\/es\/wp-content\/uploads\/sites\/13\/2021\/10\/meta-social-16x9-1.jpg?fit=8000%2C4500","width":8000,"height":4500,"caption":"Meta"},"image":{"@id":"https:\/\/about.fb.com\/es\/#\/schema\/logo\/image\/"}}]}},"jetpack_featured_media_url":"","jetpack-related-posts":[],"jetpack_sharing_enabled":true,"amp_enabled":true,"_links":{"self":[{"href":"https:\/\/about.fb.com\/es\/wp-json\/wp\/v2\/posts\/21744","targetHints":{"allow":["GET"]}}],"collection":[{"href":"https:\/\/about.fb.com\/es\/wp-json\/wp\/v2\/posts"}],"about":[{"href":"https:\/\/about.fb.com\/es\/wp-json\/wp\/v2\/types\/post"}],"author":[{"embeddable":true,"href":"https:\/\/about.fb.com\/es\/wp-json\/wp\/v2\/users\/81919965"}],"replies":[{"embeddable":true,"href":"https:\/\/about.fb.com\/es\/wp-json\/wp\/v2\/comments?post=21744"}],"version-history":[{"count":7,"href":"https:\/\/about.fb.com\/es\/wp-json\/wp\/v2\/posts\/21744\/revisions"}],"predecessor-version":[{"id":21752,"href":"https:\/\/about.fb.com\/es\/wp-json\/wp\/v2\/posts\/21744\/revisions\/21752"}],"wp:attachment":[{"href":"https:\/\/about.fb.com\/es\/wp-json\/wp\/v2\/media?parent=21744"}],"wp:term":[{"taxonomy":"category","embeddable":true,"href":"https:\/\/about.fb.com\/es\/wp-json\/wp\/v2\/categories?post=21744"},{"taxonomy":"post_tag","embeddable":true,"href":"https:\/\/about.fb.com\/es\/wp-json\/wp\/v2\/tags?post=21744"}],"curies":[{"name":"wp","href":"https:\/\/api.w.org\/{rel}","templated":true}]}}