{"id":21597,"date":"2020-09-17T10:09:18","date_gmt":"2020-09-17T10:09:18","guid":{"rendered":"https:\/\/about.fb.com\/es\/?p=21597"},"modified":"2020-09-17T10:10:39","modified_gmt":"2020-09-17T10:10:39","slug":"1-de-cada-3-pymes-espanolas-en-facebook-aseguran-que-mas-del-25-de-sus-ventas-durante-el-ultimo-mes-han-sido-digitales","status":"publish","type":"post","link":"https:\/\/about.fb.com\/es\/news\/2020\/09\/1-de-cada-3-pymes-espanolas-en-facebook-aseguran-que-mas-del-25-de-sus-ventas-durante-el-ultimo-mes-han-sido-digitales\/","title":{"rendered":"1 de cada 3 pymes espa\u00f1olas en Facebook aseguran que m\u00e1s del 25% de sus ventas durante el \u00faltimo mes han sido digitales"},"content":{"rendered":"<p><span style=\"font-weight: 400\">Tras reducirse el n\u00famero de clientes en tiendas y restaurantes durante la pandemia, los peque\u00f1os negocios han tenido que adaptarse a los nuevos h\u00e1bitos de consumo y encontrar la forma de llegar a sus clientes y de vender sus productos v\u00eda online. Las herramientas de Facebook han sido una ayuda para que muchos de esos peque\u00f1os negocios puedan hacer esa transici\u00f3n a lo digital, y la compa\u00f1\u00eda ha invertido grandes esfuerzos en crear nuevos productos -como el reciente Tiendas de Facebook &#8211; para que les sea m\u00e1s f\u00e1cil mostrar y vender sus productos.\u00a0<\/span><\/p>\n<p><span style=\"font-weight: 400\">Hoy Facebook presenta Facebook Business Suite, una nueva interfaz para ayudar a las empresas a ahorrar tiempo y mantenerse al d\u00eda en la gesti\u00f3n de sus p\u00e1ginas o perfiles en nuestras aplicaciones. Les permite publicar en Facebook e Instagram al mismo tiempo y gestionar y recibir mensajes, notificaciones y alertas en un solo sitio. Tambi\u00e9n pueden ver f\u00e1cilmente que est\u00e1 funcionando y que capta la atenci\u00f3n de sus clientes, gracias a los datos obtenidos de Facebook e Instagram.<\/span><\/p>\n<p><img data-recalc-dims=\"1\" loading=\"lazy\" decoding=\"async\" class=\"aligncenter wp-image-21599 size-large\" src=\"https:\/\/about.fb.com\/es\/wp-content\/uploads\/sites\/13\/2020\/09\/Home.png?w=890&#038;resize=890%2C412\" alt=\"\" width=\"890\" height=\"412\" srcset=\"https:\/\/about.fb.com\/es\/wp-content\/uploads\/sites\/13\/2020\/09\/Home.png?w=2348 2348w, https:\/\/about.fb.com\/es\/wp-content\/uploads\/sites\/13\/2020\/09\/Home.png?w=600 600w, https:\/\/about.fb.com\/es\/wp-content\/uploads\/sites\/13\/2020\/09\/Home.png?w=300 300w, https:\/\/about.fb.com\/es\/wp-content\/uploads\/sites\/13\/2020\/09\/Home.png?w=768 768w, https:\/\/about.fb.com\/es\/wp-content\/uploads\/sites\/13\/2020\/09\/Home.png?w=1024 1024w, https:\/\/about.fb.com\/es\/wp-content\/uploads\/sites\/13\/2020\/09\/Home.png?w=1536 1536w, https:\/\/about.fb.com\/es\/wp-content\/uploads\/sites\/13\/2020\/09\/Home.png?w=2048 2048w, https:\/\/about.fb.com\/es\/wp-content\/uploads\/sites\/13\/2020\/09\/Home.png?w=1920 1920w, https:\/\/about.fb.com\/es\/wp-content\/uploads\/sites\/13\/2020\/09\/Home.png?w=800 800w\" sizes=\"auto, (max-width: 890px) 100vw, 890px\" \/><\/p>\n<p><span style=\"font-weight: 400\">Facebook Business Suite se ha creado pensando primero en las peque\u00f1as empresas, pero es una inversi\u00f3n a largo plazo ya que el objetivo es convertirla en la interfaz principal para empresas de todos los tama\u00f1os que utilicen Facebook, Messenger, Instagram y WhatsApp. Est\u00e1 disponible para pymes a nivel global desde hoy y se ir\u00e1n expandiendo a compa\u00f1\u00edas m\u00e1s grandes el a\u00f1o que viene.\u00a0\u00a0<\/span><\/p>\n<p><i><span style=\"font-weight: 400\">\u201cEl momento que vivimos ha forzado a muchas empresas a acelerar su proceso de digitalizaci\u00f3n e incluso cambiar sus modelos de negocio, con el fin de reducir la interacci\u00f3n f\u00edsica y dar respuesta a nuevos h\u00e1bitos de consumo. En este contexto nuestras plataformas pueden ayudar a empresas de todo tipo a integrar r\u00e1pidamente los servicios online, de modo que puedan mantener e incluso reforzar sus negocios en estos tiempos complicados\u201d, <\/span><\/i><span style=\"font-weight: 400\">explica Irene Cano, Directora General de Facebook en Espa\u00f1a y Portugal.<\/span><\/p>\n<p><b>Situaci\u00f3n de las pymes en Espa\u00f1a\u00a0<\/b><\/p>\n<p><span style=\"font-weight: 400\">Facebook tambi\u00e9n presenta hoy los resultados de la tercera oleada -correspondiente al mes de julio- del informe \u201cGlobal State of Small Business\u201d realizado en colaboraci\u00f3n con el Banco Mundial y la OCDE. El objetivo de este estudio es dar voz a los peque\u00f1os negocios de todo el mundo, para entender sus necesidades y los cambios que han sufrido estos \u00faltimos meses con motivo de la pandemia.\u00a0<\/span><\/p>\n<p><span style=\"font-weight: 400\">Estas son las principales conclusiones referentes a la situaci\u00f3n de las pymes en Espa\u00f1a:\u00a0<\/span><\/p>\n<ul>\n<li style=\"font-weight: 400\"><span style=\"font-weight: 400\">Poco a poco las pymes van recuperando sus negocios. En el mes de julio, el 89% de las pymes en Facebook aseguraron que estaban operativas o realizando alguna actividad generadora de ingresos, casi un 20% m\u00e1s que en mayo, donde el porcentaje fue del 70%.\u00a0<\/span><\/li>\n<li style=\"font-weight: 400\"><span style=\"font-weight: 400\">A lo largo de la pandemia, muchas pymes se han apoyado en canales digitales para mantener a flote sus negocios. El 33% de las pymes en Facebook con negocios activos, aseguran que m\u00e1s del 25% de sus ventas durante el \u00faltimo mes, han sido digitales.\u00a0<\/span><\/li>\n<li style=\"font-weight: 400\"><span style=\"font-weight: 400\">La reducci\u00f3n en el n\u00famero de empleados sigue siendo una constante en las pymes, con poca variaci\u00f3n en los \u00faltimos meses. En el mes de julio el 29% de las pymes en Facebook informaron que hab\u00edan reducido el n\u00famero de empleados o trabajadores, versus el 30% en mayo y el 33% en junio.<\/span><\/li>\n<li style=\"font-weight: 400\"><span style=\"font-weight: 400\">Respecto al futuro, el 45% de las pymes consultadas se muestran optimistas respecto al futuro de sus negocios, un porcentaje algo menor respecto a junio (46%) y mayo (47%)<\/span><\/li>\n<\/ul>\n<p><b>Formaci\u00f3n para Pymes y Aut\u00f3nomos en Espa\u00f1a<\/b><\/p>\n<p><span style=\"font-weight: 400\">Adem\u00e1s, como iniciativa local, Zona from Facebook pondr\u00e1 en marcha el <\/span><b>Boost with Facebook Bootcamp<\/b><span style=\"font-weight: 400\">, en colaboraci\u00f3n con GRI. Un programa de Formaci\u00f3n gratuita que tiene como objetivo ayudar a las PYMES y a los Aut\u00f3nomos a impulsar digitalmente su empresa y a explotar todo el potencial de las herramientas de Facebook, Instagram, WhatsApp y Messenger.<\/span><\/p>\n<p><span style=\"font-weight: 400\">El Bootcamp de Boost with Facebook ser\u00e1 \u00edntegramente online y cuenta con un total de 5 m\u00f3dulos gratuitos de una hora cada uno impartidos por nuestros expertos. El aforo de las sesiones ser\u00e1 reducido y tendr\u00e1 un tiempo para que los participantes puedan plantear sus dudas a los formadores. Los interesados podr\u00e1n inscribirse en <\/span><a href=\"https:\/\/bwfbootcamps.com\/\"><span style=\"font-weight: 400\">https:\/\/bwfbootcamps.com\/<\/span><\/a><\/p>\n","protected":false},"excerpt":{"rendered":"Facebook presenta Facebook Business Suite, una nueva interfaz para ayudar a las empresas a ahorrar tiempo y mantenerse al d\u00eda en la gesti\u00f3n de sus p\u00e1ginas o perfiles en nuestras aplicaciones.","protected":false},"author":81919965,"featured_media":21598,"comment_status":"closed","ping_status":"closed","sticky":false,"template":"","format":"standard","meta":{"_jetpack_memberships_contains_paid_content":false,"footnotes":""},"categories":[243901421,243901422,243901420,243901426,243901447],"tags":[],"class_list":["post-21597","post","type-post","status-publish","format-standard","has-post-thumbnail","hentry","category-facebook-app","category-instagram","category-meta","category-whatsapp","category-zona-from-facebook"],"yoast_head":"<!-- This site is optimized with the Yoast SEO plugin v27.2 - https:\/\/yoast.com\/product\/yoast-seo-wordpress\/ -->\n<title>1 de cada 3 pymes espa\u00f1olas en Facebook aseguran que m\u00e1s del 25% de sus ventas durante el \u00faltimo mes han sido digitales | Informaci\u00f3n sobre Meta<\/title>\n<meta name=\"robots\" content=\"index, follow, max-snippet:-1, max-image-preview:large, max-video-preview:-1\" \/>\n<link rel=\"canonical\" href=\"https:\/\/about.fb.com\/es\/news\/2020\/09\/1-de-cada-3-pymes-espanolas-en-facebook-aseguran-que-mas-del-25-de-sus-ventas-durante-el-ultimo-mes-han-sido-digitales\/\" \/>\n<meta property=\"og:locale\" content=\"es_ES\" \/>\n<meta property=\"og:type\" content=\"article\" \/>\n<meta property=\"og:title\" content=\"1 de cada 3 pymes espa\u00f1olas en Facebook aseguran que m\u00e1s del 25% de sus ventas durante el \u00faltimo mes han sido digitales | Informaci\u00f3n sobre Meta\" \/>\n<meta property=\"og:description\" content=\"Facebook presenta Facebook Business Suite, una nueva interfaz para ayudar a las empresas a ahorrar tiempo y mantenerse al d\u00eda en la gesti\u00f3n de sus p\u00e1ginas o perfiles en nuestras aplicaciones.\" \/>\n<meta property=\"og:url\" content=\"https:\/\/about.fb.com\/es\/news\/2020\/09\/1-de-cada-3-pymes-espanolas-en-facebook-aseguran-que-mas-del-25-de-sus-ventas-durante-el-ultimo-mes-han-sido-digitales\/\" \/>\n<meta property=\"og:site_name\" content=\"Informaci\u00f3n sobre Meta\" \/>\n<meta property=\"article:published_time\" content=\"2020-09-17T10:09:18+00:00\" \/>\n<meta property=\"article:modified_time\" content=\"2020-09-17T10:10:39+00:00\" \/>\n<meta property=\"og:image\" content=\"https:\/\/about.fb.com\/es\/wp-content\/uploads\/sites\/13\/2020\/09\/NRP-Launch_of_Facebook_Business_Suite_thumbnail.jpg?resize=1024,768\" \/>\n\t<meta property=\"og:image:width\" content=\"1024\" \/>\n\t<meta property=\"og:image:height\" content=\"768\" \/>\n\t<meta property=\"og:image:type\" content=\"image\/jpeg\" \/>\n<meta name=\"author\" content=\"text100madrid\" \/>\n<meta name=\"twitter:card\" content=\"summary_large_image\" \/>\n<meta name=\"twitter:label1\" content=\"Written by\" \/>\n\t<meta name=\"twitter:data1\" content=\"Meta\" \/>\n\t<meta name=\"twitter:label2\" content=\"Est. reading time\" \/>\n\t<meta name=\"twitter:data2\" content=\"4 minutos\" \/>\n<script type=\"application\/ld+json\" class=\"yoast-schema-graph\">{\"@context\":\"https:\/\/schema.org\",\"@graph\":[{\"@type\":\"Article\",\"@id\":\"https:\/\/about.fb.com\/es\/news\/2020\/09\/1-de-cada-3-pymes-espanolas-en-facebook-aseguran-que-mas-del-25-de-sus-ventas-durante-el-ultimo-mes-han-sido-digitales\/#article\",\"isPartOf\":{\"@id\":\"https:\/\/about.fb.com\/es\/news\/2020\/09\/1-de-cada-3-pymes-espanolas-en-facebook-aseguran-que-mas-del-25-de-sus-ventas-durante-el-ultimo-mes-han-sido-digitales\/\"},\"author\":\"Facebook company\",\"headline\":\"1 de cada 3 pymes espa\u00f1olas en Facebook aseguran que m\u00e1s del 25% de sus ventas durante el \u00faltimo mes han sido digitales\",\"datePublished\":\"2020-09-17T10:09:18+00:00\",\"dateModified\":\"2020-09-17T10:10:39+00:00\",\"mainEntityOfPage\":{\"@id\":\"https:\/\/about.fb.com\/es\/news\/2020\/09\/1-de-cada-3-pymes-espanolas-en-facebook-aseguran-que-mas-del-25-de-sus-ventas-durante-el-ultimo-mes-han-sido-digitales\/\"},\"wordCount\":754,\"publisher\":{\"@id\":\"https:\/\/about.fb.com\/es\/#organization\"},\"image\":{\"@id\":\"https:\/\/about.fb.com\/es\/news\/2020\/09\/1-de-cada-3-pymes-espanolas-en-facebook-aseguran-que-mas-del-25-de-sus-ventas-durante-el-ultimo-mes-han-sido-digitales\/#primaryimage\"},\"thumbnailUrl\":\"https:\/\/about.fb.com\/es\/wp-content\/uploads\/sites\/13\/2020\/09\/NRP-Launch_of_Facebook_Business_Suite_thumbnail.jpg?fit=1440%2C1080\",\"articleSection\":[\"Facebook\",\"Instagram\",\"Meta\",\"WhatsApp\",\"Zona from Facebook\"],\"inLanguage\":\"es\"},{\"@type\":\"WebPage\",\"@id\":\"https:\/\/about.fb.com\/es\/news\/2020\/09\/1-de-cada-3-pymes-espanolas-en-facebook-aseguran-que-mas-del-25-de-sus-ventas-durante-el-ultimo-mes-han-sido-digitales\/\",\"url\":\"https:\/\/about.fb.com\/es\/news\/2020\/09\/1-de-cada-3-pymes-espanolas-en-facebook-aseguran-que-mas-del-25-de-sus-ventas-durante-el-ultimo-mes-han-sido-digitales\/\",\"name\":\"1 de cada 3 pymes espa\u00f1olas en Facebook aseguran que m\u00e1s del 25% de sus ventas durante el \u00faltimo mes han sido digitales | Informaci\u00f3n sobre Meta\",\"isPartOf\":{\"@id\":\"https:\/\/about.fb.com\/es\/#website\"},\"primaryImageOfPage\":{\"@id\":\"https:\/\/about.fb.com\/es\/news\/2020\/09\/1-de-cada-3-pymes-espanolas-en-facebook-aseguran-que-mas-del-25-de-sus-ventas-durante-el-ultimo-mes-han-sido-digitales\/#primaryimage\"},\"image\":{\"@id\":\"https:\/\/about.fb.com\/es\/news\/2020\/09\/1-de-cada-3-pymes-espanolas-en-facebook-aseguran-que-mas-del-25-de-sus-ventas-durante-el-ultimo-mes-han-sido-digitales\/#primaryimage\"},\"thumbnailUrl\":\"https:\/\/about.fb.com\/es\/wp-content\/uploads\/sites\/13\/2020\/09\/NRP-Launch_of_Facebook_Business_Suite_thumbnail.jpg?fit=1440%2C1080\",\"datePublished\":\"2020-09-17T10:09:18+00:00\",\"dateModified\":\"2020-09-17T10:10:39+00:00\",\"breadcrumb\":{\"@id\":\"https:\/\/about.fb.com\/es\/news\/2020\/09\/1-de-cada-3-pymes-espanolas-en-facebook-aseguran-que-mas-del-25-de-sus-ventas-durante-el-ultimo-mes-han-sido-digitales\/#breadcrumb\"},\"inLanguage\":\"es\",\"potentialAction\":[{\"@type\":\"ReadAction\",\"target\":[\"https:\/\/about.fb.com\/es\/news\/2020\/09\/1-de-cada-3-pymes-espanolas-en-facebook-aseguran-que-mas-del-25-de-sus-ventas-durante-el-ultimo-mes-han-sido-digitales\/\"]}],\"author\":\"Informaci\u00f3n sobre Meta\"},{\"@type\":\"ImageObject\",\"inLanguage\":\"es\",\"@id\":\"https:\/\/about.fb.com\/es\/news\/2020\/09\/1-de-cada-3-pymes-espanolas-en-facebook-aseguran-que-mas-del-25-de-sus-ventas-durante-el-ultimo-mes-han-sido-digitales\/#primaryimage\",\"url\":\"https:\/\/about.fb.com\/es\/wp-content\/uploads\/sites\/13\/2020\/09\/NRP-Launch_of_Facebook_Business_Suite_thumbnail.jpg?fit=1440%2C1080\",\"contentUrl\":\"https:\/\/about.fb.com\/es\/wp-content\/uploads\/sites\/13\/2020\/09\/NRP-Launch_of_Facebook_Business_Suite_thumbnail.jpg?fit=1440%2C1080\",\"width\":1440,\"height\":1080},{\"@type\":\"BreadcrumbList\",\"@id\":\"https:\/\/about.fb.com\/es\/news\/2020\/09\/1-de-cada-3-pymes-espanolas-en-facebook-aseguran-que-mas-del-25-de-sus-ventas-durante-el-ultimo-mes-han-sido-digitales\/#breadcrumb\",\"itemListElement\":[{\"@type\":\"ListItem\",\"position\":1,\"name\":\"Home\",\"item\":\"https:\/\/about.fb.com\/es\/\"},{\"@type\":\"ListItem\",\"position\":2,\"name\":\"1 de cada 3 pymes espa\u00f1olas en Facebook aseguran que m\u00e1s del 25% de sus ventas durante el \u00faltimo mes han sido digitales\"}]},{\"@type\":\"WebSite\",\"@id\":\"https:\/\/about.fb.com\/es\/#website\",\"url\":\"https:\/\/about.fb.com\/news\/\",\"name\":\"Informaci\u00f3n sobre Meta\",\"description\":\"\",\"publisher\":{\"@id\":\"https:\/\/about.fb.com\/es\/#organization\"},\"potentialAction\":[{\"@type\":\"SearchAction\",\"target\":{\"@type\":\"EntryPoint\",\"urlTemplate\":\"https:\/\/about.fb.com\/es\/?s={search_term_string}\"},\"query-input\":{\"@type\":\"PropertyValueSpecification\",\"valueRequired\":true,\"valueName\":\"search_term_string\"}}],\"inLanguage\":\"es\",\"alternateName\":[\"Meta Newsroom\",\"Meta\"]},{\"@type\":\"Organization\",\"@id\":\"https:\/\/about.fb.com\/es\/#organization\",\"name\":\"Meta\",\"url\":\"https:\/\/about.fb.com\/es\/\",\"logo\":{\"@type\":\"ImageObject\",\"inLanguage\":\"es\",\"@id\":\"https:\/\/about.fb.com\/es\/#\/schema\/logo\/image\/\",\"url\":\"https:\/\/about.fb.com\/es\/wp-content\/uploads\/sites\/13\/2021\/10\/meta-social-16x9-1.jpg?fit=8000%2C4500\",\"contentUrl\":\"https:\/\/about.fb.com\/es\/wp-content\/uploads\/sites\/13\/2021\/10\/meta-social-16x9-1.jpg?fit=8000%2C4500\",\"width\":8000,\"height\":4500,\"caption\":\"Meta\"},\"image\":{\"@id\":\"https:\/\/about.fb.com\/es\/#\/schema\/logo\/image\/\"}}]}<\/script>\n<!-- \/ Yoast SEO plugin. -->","yoast_head_json":{"title":"1 de cada 3 pymes espa\u00f1olas en Facebook aseguran que m\u00e1s del 25% de sus ventas durante el \u00faltimo mes han sido digitales | Informaci\u00f3n sobre Meta","robots":{"index":"index","follow":"follow","max-snippet":"max-snippet:-1","max-image-preview":"max-image-preview:large","max-video-preview":"max-video-preview:-1"},"canonical":"https:\/\/about.fb.com\/es\/news\/2020\/09\/1-de-cada-3-pymes-espanolas-en-facebook-aseguran-que-mas-del-25-de-sus-ventas-durante-el-ultimo-mes-han-sido-digitales\/","og_locale":"es_ES","og_type":"article","og_title":"1 de cada 3 pymes espa\u00f1olas en Facebook aseguran que m\u00e1s del 25% de sus ventas durante el \u00faltimo mes han sido digitales | Informaci\u00f3n sobre Meta","og_description":"Facebook presenta Facebook Business Suite, una nueva interfaz para ayudar a las empresas a ahorrar tiempo y mantenerse al d\u00eda en la gesti\u00f3n de sus p\u00e1ginas o perfiles en nuestras aplicaciones.","og_url":"https:\/\/about.fb.com\/es\/news\/2020\/09\/1-de-cada-3-pymes-espanolas-en-facebook-aseguran-que-mas-del-25-de-sus-ventas-durante-el-ultimo-mes-han-sido-digitales\/","og_site_name":"Informaci\u00f3n sobre Meta","article_published_time":"2020-09-17T10:09:18+00:00","article_modified_time":"2020-09-17T10:10:39+00:00","og_image":[{"width":1024,"height":768,"url":"https:\/\/about.fb.com\/es\/wp-content\/uploads\/sites\/13\/2020\/09\/NRP-Launch_of_Facebook_Business_Suite_thumbnail.jpg?resize=1024,768","type":"image\/jpeg"}],"author":"text100madrid","twitter_card":"summary_large_image","twitter_misc":{"Written by":"Meta","Est. reading time":"4 minutos"},"schema":{"@context":"https:\/\/schema.org","@graph":[{"@type":"Article","@id":"https:\/\/about.fb.com\/es\/news\/2020\/09\/1-de-cada-3-pymes-espanolas-en-facebook-aseguran-que-mas-del-25-de-sus-ventas-durante-el-ultimo-mes-han-sido-digitales\/#article","isPartOf":{"@id":"https:\/\/about.fb.com\/es\/news\/2020\/09\/1-de-cada-3-pymes-espanolas-en-facebook-aseguran-que-mas-del-25-de-sus-ventas-durante-el-ultimo-mes-han-sido-digitales\/"},"author":"Facebook company","headline":"1 de cada 3 pymes espa\u00f1olas en Facebook aseguran que m\u00e1s del 25% de sus ventas durante el \u00faltimo mes han sido digitales","datePublished":"2020-09-17T10:09:18+00:00","dateModified":"2020-09-17T10:10:39+00:00","mainEntityOfPage":{"@id":"https:\/\/about.fb.com\/es\/news\/2020\/09\/1-de-cada-3-pymes-espanolas-en-facebook-aseguran-que-mas-del-25-de-sus-ventas-durante-el-ultimo-mes-han-sido-digitales\/"},"wordCount":754,"publisher":{"@id":"https:\/\/about.fb.com\/es\/#organization"},"image":{"@id":"https:\/\/about.fb.com\/es\/news\/2020\/09\/1-de-cada-3-pymes-espanolas-en-facebook-aseguran-que-mas-del-25-de-sus-ventas-durante-el-ultimo-mes-han-sido-digitales\/#primaryimage"},"thumbnailUrl":"https:\/\/about.fb.com\/es\/wp-content\/uploads\/sites\/13\/2020\/09\/NRP-Launch_of_Facebook_Business_Suite_thumbnail.jpg?fit=1440%2C1080","articleSection":["Facebook","Instagram","Meta","WhatsApp","Zona from Facebook"],"inLanguage":"es"},{"@type":"WebPage","@id":"https:\/\/about.fb.com\/es\/news\/2020\/09\/1-de-cada-3-pymes-espanolas-en-facebook-aseguran-que-mas-del-25-de-sus-ventas-durante-el-ultimo-mes-han-sido-digitales\/","url":"https:\/\/about.fb.com\/es\/news\/2020\/09\/1-de-cada-3-pymes-espanolas-en-facebook-aseguran-que-mas-del-25-de-sus-ventas-durante-el-ultimo-mes-han-sido-digitales\/","name":"1 de cada 3 pymes espa\u00f1olas en Facebook aseguran que m\u00e1s del 25% de sus ventas durante el \u00faltimo mes han sido digitales | Informaci\u00f3n sobre Meta","isPartOf":{"@id":"https:\/\/about.fb.com\/es\/#website"},"primaryImageOfPage":{"@id":"https:\/\/about.fb.com\/es\/news\/2020\/09\/1-de-cada-3-pymes-espanolas-en-facebook-aseguran-que-mas-del-25-de-sus-ventas-durante-el-ultimo-mes-han-sido-digitales\/#primaryimage"},"image":{"@id":"https:\/\/about.fb.com\/es\/news\/2020\/09\/1-de-cada-3-pymes-espanolas-en-facebook-aseguran-que-mas-del-25-de-sus-ventas-durante-el-ultimo-mes-han-sido-digitales\/#primaryimage"},"thumbnailUrl":"https:\/\/about.fb.com\/es\/wp-content\/uploads\/sites\/13\/2020\/09\/NRP-Launch_of_Facebook_Business_Suite_thumbnail.jpg?fit=1440%2C1080","datePublished":"2020-09-17T10:09:18+00:00","dateModified":"2020-09-17T10:10:39+00:00","breadcrumb":{"@id":"https:\/\/about.fb.com\/es\/news\/2020\/09\/1-de-cada-3-pymes-espanolas-en-facebook-aseguran-que-mas-del-25-de-sus-ventas-durante-el-ultimo-mes-han-sido-digitales\/#breadcrumb"},"inLanguage":"es","potentialAction":[{"@type":"ReadAction","target":["https:\/\/about.fb.com\/es\/news\/2020\/09\/1-de-cada-3-pymes-espanolas-en-facebook-aseguran-que-mas-del-25-de-sus-ventas-durante-el-ultimo-mes-han-sido-digitales\/"]}],"author":"Informaci\u00f3n sobre Meta"},{"@type":"ImageObject","inLanguage":"es","@id":"https:\/\/about.fb.com\/es\/news\/2020\/09\/1-de-cada-3-pymes-espanolas-en-facebook-aseguran-que-mas-del-25-de-sus-ventas-durante-el-ultimo-mes-han-sido-digitales\/#primaryimage","url":"https:\/\/about.fb.com\/es\/wp-content\/uploads\/sites\/13\/2020\/09\/NRP-Launch_of_Facebook_Business_Suite_thumbnail.jpg?fit=1440%2C1080","contentUrl":"https:\/\/about.fb.com\/es\/wp-content\/uploads\/sites\/13\/2020\/09\/NRP-Launch_of_Facebook_Business_Suite_thumbnail.jpg?fit=1440%2C1080","width":1440,"height":1080},{"@type":"BreadcrumbList","@id":"https:\/\/about.fb.com\/es\/news\/2020\/09\/1-de-cada-3-pymes-espanolas-en-facebook-aseguran-que-mas-del-25-de-sus-ventas-durante-el-ultimo-mes-han-sido-digitales\/#breadcrumb","itemListElement":[{"@type":"ListItem","position":1,"name":"Home","item":"https:\/\/about.fb.com\/es\/"},{"@type":"ListItem","position":2,"name":"1 de cada 3 pymes espa\u00f1olas en Facebook aseguran que m\u00e1s del 25% de sus ventas durante el \u00faltimo mes han sido digitales"}]},{"@type":"WebSite","@id":"https:\/\/about.fb.com\/es\/#website","url":"https:\/\/about.fb.com\/news\/","name":"Informaci\u00f3n sobre Meta","description":"","publisher":{"@id":"https:\/\/about.fb.com\/es\/#organization"},"potentialAction":[{"@type":"SearchAction","target":{"@type":"EntryPoint","urlTemplate":"https:\/\/about.fb.com\/es\/?s={search_term_string}"},"query-input":{"@type":"PropertyValueSpecification","valueRequired":true,"valueName":"search_term_string"}}],"inLanguage":"es","alternateName":["Meta Newsroom","Meta"]},{"@type":"Organization","@id":"https:\/\/about.fb.com\/es\/#organization","name":"Meta","url":"https:\/\/about.fb.com\/es\/","logo":{"@type":"ImageObject","inLanguage":"es","@id":"https:\/\/about.fb.com\/es\/#\/schema\/logo\/image\/","url":"https:\/\/about.fb.com\/es\/wp-content\/uploads\/sites\/13\/2021\/10\/meta-social-16x9-1.jpg?fit=8000%2C4500","contentUrl":"https:\/\/about.fb.com\/es\/wp-content\/uploads\/sites\/13\/2021\/10\/meta-social-16x9-1.jpg?fit=8000%2C4500","width":8000,"height":4500,"caption":"Meta"},"image":{"@id":"https:\/\/about.fb.com\/es\/#\/schema\/logo\/image\/"}}]}},"jetpack_featured_media_url":"https:\/\/about.fb.com\/es\/wp-content\/uploads\/sites\/13\/2020\/09\/NRP-Launch_of_Facebook_Business_Suite_thumbnail.jpg?fit=1440%2C1080","jetpack-related-posts":[],"jetpack_sharing_enabled":true,"amp_enabled":true,"_links":{"self":[{"href":"https:\/\/about.fb.com\/es\/wp-json\/wp\/v2\/posts\/21597","targetHints":{"allow":["GET"]}}],"collection":[{"href":"https:\/\/about.fb.com\/es\/wp-json\/wp\/v2\/posts"}],"about":[{"href":"https:\/\/about.fb.com\/es\/wp-json\/wp\/v2\/types\/post"}],"author":[{"embeddable":true,"href":"https:\/\/about.fb.com\/es\/wp-json\/wp\/v2\/users\/81919965"}],"replies":[{"embeddable":true,"href":"https:\/\/about.fb.com\/es\/wp-json\/wp\/v2\/comments?post=21597"}],"version-history":[{"count":2,"href":"https:\/\/about.fb.com\/es\/wp-json\/wp\/v2\/posts\/21597\/revisions"}],"predecessor-version":[{"id":21601,"href":"https:\/\/about.fb.com\/es\/wp-json\/wp\/v2\/posts\/21597\/revisions\/21601"}],"wp:featuredmedia":[{"embeddable":true,"href":"https:\/\/about.fb.com\/es\/wp-json\/wp\/v2\/media\/21598"}],"wp:attachment":[{"href":"https:\/\/about.fb.com\/es\/wp-json\/wp\/v2\/media?parent=21597"}],"wp:term":[{"taxonomy":"category","embeddable":true,"href":"https:\/\/about.fb.com\/es\/wp-json\/wp\/v2\/categories?post=21597"},{"taxonomy":"post_tag","embeddable":true,"href":"https:\/\/about.fb.com\/es\/wp-json\/wp\/v2\/tags?post=21597"}],"curies":[{"name":"wp","href":"https:\/\/api.w.org\/{rel}","templated":true}]}}