{"id":21365,"date":"2020-05-27T09:08:23","date_gmt":"2020-05-27T09:08:23","guid":{"rendered":"https:\/\/about.fb.com\/es\/?p=21365"},"modified":"2020-09-10T10:51:25","modified_gmt":"2020-09-10T10:51:25","slug":"aplausoconectado-el-reto-en-facebook-e-instagram-para-apoyar-a-los-mas-afectados-por-la-crisis-del-covid-19","status":"publish","type":"post","link":"https:\/\/about.fb.com\/es\/news\/2020\/05\/aplausoconectado-el-reto-en-facebook-e-instagram-para-apoyar-a-los-mas-afectados-por-la-crisis-del-covid-19\/","title":{"rendered":"#AplausoConectado, el reto en Facebook e Instagram para apoyar a los m\u00e1s afectados por la crisis del COVID-19"},"content":{"rendered":"<ul>\n<li><strong>Esta campa\u00f1a solidaria apoya las causas que Cruz Roja a trav\u00e9s del Plan Cruz Roja RESPONDE y Save the Children tienen activas con motivo del Coronavirus<\/strong><\/li>\n<li><strong>#AplausoConectado pretende mantener el esp\u00edritu de los aplausos desde los balcones para ayudar a los que m\u00e1s lo necesitan <\/strong><\/li>\n<\/ul>\n<p>Estas \u00faltimas semanas hemos visto muchos gestos solidarios entre la ciudadan\u00eda para superar esta dif\u00edcil situaci\u00f3n, entre ellos el aplauso que cada d\u00eda ha unido a millones de personas desde sus balcones.<\/p>\n<p>La comunidad de Facebook e Instagram ha servido tambi\u00e9n como un punto de encuentro y apoyo para conectar esa ayuda con los que m\u00e1s la necesitan, y es por eso que presentamos #AplausoConectado, un reto que se inspira en el homenaje a los trabajadores sanitarios y de primera necesidad y que pretende mantener ese esp\u00edritu, invitando a que las personas conviertan su aplauso en un gesto solidario con los que m\u00e1s lo siguen necesitando en este momento.<\/p>\n<p>Esta campa\u00f1a solidaria apoya las causas que Cruz Roja y Save the Children tienen activas con motivo del coronavirus, a trav\u00e9s de las herramientas de donaci\u00f3n de Facebook e Instagram. Para participar basta escribir en una mano la causa que se quiere apoyar, y en la otra, a qu\u00e9 amigos invitamos a continuar el reto. Una donaci\u00f3n de cinco euros y cinco amigos que contin\u00faen la cadena para que entre todos ayudemos a las dos organizaciones a cumplir sus objetivos.<\/p>\n<p>En el caso de Cruz Roja, la recaudaci\u00f3n de fondos es para el <a href=\"https:\/\/www.facebook.com\/donate\/259190671802607\/\">Plan Cruz Roja RESPONDE<\/a>, un plan concreto de actuaci\u00f3n y respuesta integral lanzado en marzo para responder a la situaci\u00f3n generada por la pandemia. Tras su ampliaci\u00f3n en mayo, en total el plan Cruz Roja RESPONDE tendr\u00e1 una duraci\u00f3n de 9 meses y durante ese periodo se espera atender a m\u00e1s de 2.400.000 personas vulnerables, movilizando a m\u00e1s de 48.000 personas voluntarias, 18.000 de ellas de nueva incorporaci\u00f3n, que materializar\u00e1n las respuestas previstas en todo el territorio a trav\u00e9s de m\u00e1s de 1.400 puntos de atenci\u00f3n y tambi\u00e9n de forma telem\u00e1tica y\/o telef\u00f3nica. En el caso de Save The Children, se trata del <a href=\"https:\/\/www.facebook.com\/donate\/150770526158130\/\">programa de emergencia \u00abA tu lado\u00bb<\/a> creado espec\u00edficamente para atender a los ni\u00f1os y ni\u00f1as m\u00e1s vulnerables en estos momentos y darles el acceso a una alimentaci\u00f3n b\u00e1sica, a una atenci\u00f3n psicol\u00f3gica y la posibilidad de seguir con su educaci\u00f3n.<\/p>\n<p><img data-recalc-dims=\"1\" loading=\"lazy\" decoding=\"async\" class=\"aligncenter wp-image-21362 size-thumbnail\" src=\"https:\/\/about.fb.com\/es\/wp-content\/uploads\/sites\/13\/2020\/05\/Logo_AplausoConectado-alta.png?w=600&#038;resize=600%2C294\" alt=\"\" width=\"600\" height=\"294\" \/><\/p>\n<p>En palabras de Lola Ba\u00f1os, directora de comunicaci\u00f3n de Facebook en Espa\u00f1a, \u201cvemos que nuestra comunidad est\u00e1 conectando a las personas en estos tiempos dif\u00edciles y est\u00e1 usando Facebook e Instagram para apoyar causas significativas. Queremos unirnos a una de estas iniciativas a trav\u00e9s de nuestras herramientas de donaci\u00f3n, para seguir contribuyendo a causas fundamentales, como las que est\u00e1n desarrollando Cruz Roja y Save the Children.\u201d<\/p>\n<p>\u201cLos ni\u00f1os y ni\u00f1as son uno de los grupos de vulnerabilidad a los que esta crisis sanitaria ha azotado con m\u00e1s fuerza. Desde Save the Children vemos fundamental poder visibilizar esta situaci\u00f3n y recaudar suficientes fondos para asegurarnos de que las condiciones de la infancia se mantengan en unos m\u00ednimos respetables\u201d, comenta Laura P\u00e9rez Picarzo, directora de Comunicaci\u00f3n y Fundraising de Save the Children.<\/p>\n<p>\u201cPor nuestra experiencia, en Cruz Roja sabemos que, en situaciones extraordinarias como la que estamos viviendo, es imprescindible la colaboraci\u00f3n y contribuci\u00f3n de todos y todas. La pandemia del COVID-19 est\u00e1 dejando una situaci\u00f3n de vulnerabilidad en todos los \u00e1mbitos de la sociedad que requiere una intervenci\u00f3n integral, as\u00ed como saber articularla con eficacia y eficiencia para que llegue lo m\u00e1s r\u00e1pido, de la mejor manera, y al mayor n\u00famero de personas posible, sin discriminaci\u00f3n alguna. Por eso agradecemos enormemente a los que se unen al Plan Cruz Roja RESPONDE, un plan que es de todos y todas, para juntos lograr superar esta crisis\u201c, a\u00f1ade Javier Senent, presidente de Cruz Roja Espa\u00f1ola.<\/p>\n","protected":false},"excerpt":{"rendered":"Hoy, presentamos #AplausoConectado, un reto que se inspira en el homenaje a los trabajadores sanitarios y de primera necesidad y que pretende mantener ese esp\u00edritu. Esta campa\u00f1a solidaria apoya las causas que Cruz Roja y Save the Children tienen activas con motivo del coronavirus, a trav\u00e9s de las herramientas de donaci\u00f3n de Facebook e Instagram.","protected":false},"author":81919965,"featured_media":0,"comment_status":"closed","ping_status":"closed","sticky":false,"template":"","format":"standard","meta":{"_jetpack_memberships_contains_paid_content":false,"footnotes":""},"categories":[243901421,243901452,243901422],"tags":[],"class_list":["post-21365","post","type-post","status-publish","format-standard","hentry","category-facebook-app","category-impacto-social-y-economico","category-instagram"],"yoast_head":"<!-- This site is optimized with the Yoast SEO plugin v27.2 - https:\/\/yoast.com\/product\/yoast-seo-wordpress\/ -->\n<title>#AplausoConectado, el reto en Facebook e Instagram para apoyar a los m\u00e1s afectados por la crisis del COVID-19 | Informaci\u00f3n sobre Meta<\/title>\n<meta name=\"robots\" content=\"index, follow, max-snippet:-1, max-image-preview:large, max-video-preview:-1\" \/>\n<link rel=\"canonical\" href=\"https:\/\/about.fb.com\/es\/news\/2020\/05\/aplausoconectado-el-reto-en-facebook-e-instagram-para-apoyar-a-los-mas-afectados-por-la-crisis-del-covid-19\/\" \/>\n<meta property=\"og:locale\" content=\"es_ES\" \/>\n<meta property=\"og:type\" content=\"article\" \/>\n<meta property=\"og:title\" content=\"#AplausoConectado, el reto en Facebook e Instagram para apoyar a los m\u00e1s afectados por la crisis del COVID-19 | Informaci\u00f3n sobre Meta\" \/>\n<meta property=\"og:description\" content=\"Hoy, presentamos #AplausoConectado, un reto que se inspira en el homenaje a los trabajadores sanitarios y de primera necesidad y que pretende mantener ese esp\u00edritu. Esta campa\u00f1a solidaria apoya las causas que Cruz Roja y Save the Children tienen activas con motivo del coronavirus, a trav\u00e9s de las herramientas de donaci\u00f3n de Facebook e Instagram.\" \/>\n<meta property=\"og:url\" content=\"https:\/\/about.fb.com\/es\/news\/2020\/05\/aplausoconectado-el-reto-en-facebook-e-instagram-para-apoyar-a-los-mas-afectados-por-la-crisis-del-covid-19\/\" \/>\n<meta property=\"og:site_name\" content=\"Informaci\u00f3n sobre Meta\" \/>\n<meta property=\"article:published_time\" content=\"2020-05-27T09:08:23+00:00\" \/>\n<meta property=\"article:modified_time\" content=\"2020-09-10T10:51:25+00:00\" \/>\n<meta property=\"og:image\" content=\"https:\/\/about.fb.com\/es\/wp-content\/uploads\/sites\/13\/2020\/05\/Logo_AplausoConectado-alta.png?w=600\" \/>\n<meta name=\"author\" content=\"text100madrid\" \/>\n<meta name=\"twitter:card\" content=\"summary_large_image\" \/>\n<meta name=\"twitter:label1\" content=\"Written by\" \/>\n\t<meta name=\"twitter:data1\" content=\"Meta\" \/>\n\t<meta name=\"twitter:label2\" content=\"Est. reading time\" \/>\n\t<meta name=\"twitter:data2\" content=\"3 minutos\" \/>\n<script type=\"application\/ld+json\" class=\"yoast-schema-graph\">{\"@context\":\"https:\/\/schema.org\",\"@graph\":[{\"@type\":\"Article\",\"@id\":\"https:\/\/about.fb.com\/es\/news\/2020\/05\/aplausoconectado-el-reto-en-facebook-e-instagram-para-apoyar-a-los-mas-afectados-por-la-crisis-del-covid-19\/#article\",\"isPartOf\":{\"@id\":\"https:\/\/about.fb.com\/es\/news\/2020\/05\/aplausoconectado-el-reto-en-facebook-e-instagram-para-apoyar-a-los-mas-afectados-por-la-crisis-del-covid-19\/\"},\"author\":\"Facebook company\",\"headline\":\"#AplausoConectado, el reto en Facebook e Instagram para apoyar a los m\u00e1s afectados por la crisis del COVID-19\",\"datePublished\":\"2020-05-27T09:08:23+00:00\",\"dateModified\":\"2020-09-10T10:51:25+00:00\",\"mainEntityOfPage\":{\"@id\":\"https:\/\/about.fb.com\/es\/news\/2020\/05\/aplausoconectado-el-reto-en-facebook-e-instagram-para-apoyar-a-los-mas-afectados-por-la-crisis-del-covid-19\/\"},\"wordCount\":712,\"publisher\":{\"@id\":\"https:\/\/about.fb.com\/es\/#organization\"},\"image\":{\"@id\":\"https:\/\/about.fb.com\/es\/news\/2020\/05\/aplausoconectado-el-reto-en-facebook-e-instagram-para-apoyar-a-los-mas-afectados-por-la-crisis-del-covid-19\/#primaryimage\"},\"thumbnailUrl\":\"https:\/\/about.fb.com\/es\/wp-content\/uploads\/sites\/13\/2020\/05\/Logo_AplausoConectado-alta.png?w=600\",\"articleSection\":[\"Facebook\",\"Impacto social y econ\u00f3mico\",\"Instagram\"],\"inLanguage\":\"es\"},{\"@type\":\"WebPage\",\"@id\":\"https:\/\/about.fb.com\/es\/news\/2020\/05\/aplausoconectado-el-reto-en-facebook-e-instagram-para-apoyar-a-los-mas-afectados-por-la-crisis-del-covid-19\/\",\"url\":\"https:\/\/about.fb.com\/es\/news\/2020\/05\/aplausoconectado-el-reto-en-facebook-e-instagram-para-apoyar-a-los-mas-afectados-por-la-crisis-del-covid-19\/\",\"name\":\"#AplausoConectado, el reto en Facebook e Instagram para apoyar a los m\u00e1s afectados por la crisis del COVID-19 | Informaci\u00f3n sobre Meta\",\"isPartOf\":{\"@id\":\"https:\/\/about.fb.com\/es\/#website\"},\"primaryImageOfPage\":{\"@id\":\"https:\/\/about.fb.com\/es\/news\/2020\/05\/aplausoconectado-el-reto-en-facebook-e-instagram-para-apoyar-a-los-mas-afectados-por-la-crisis-del-covid-19\/#primaryimage\"},\"image\":{\"@id\":\"https:\/\/about.fb.com\/es\/news\/2020\/05\/aplausoconectado-el-reto-en-facebook-e-instagram-para-apoyar-a-los-mas-afectados-por-la-crisis-del-covid-19\/#primaryimage\"},\"thumbnailUrl\":\"https:\/\/about.fb.com\/es\/wp-content\/uploads\/sites\/13\/2020\/05\/Logo_AplausoConectado-alta.png?w=600\",\"datePublished\":\"2020-05-27T09:08:23+00:00\",\"dateModified\":\"2020-09-10T10:51:25+00:00\",\"breadcrumb\":{\"@id\":\"https:\/\/about.fb.com\/es\/news\/2020\/05\/aplausoconectado-el-reto-en-facebook-e-instagram-para-apoyar-a-los-mas-afectados-por-la-crisis-del-covid-19\/#breadcrumb\"},\"inLanguage\":\"es\",\"potentialAction\":[{\"@type\":\"ReadAction\",\"target\":[\"https:\/\/about.fb.com\/es\/news\/2020\/05\/aplausoconectado-el-reto-en-facebook-e-instagram-para-apoyar-a-los-mas-afectados-por-la-crisis-del-covid-19\/\"]}],\"author\":\"Informaci\u00f3n sobre Meta\"},{\"@type\":\"ImageObject\",\"inLanguage\":\"es\",\"@id\":\"https:\/\/about.fb.com\/es\/news\/2020\/05\/aplausoconectado-el-reto-en-facebook-e-instagram-para-apoyar-a-los-mas-afectados-por-la-crisis-del-covid-19\/#primaryimage\",\"url\":\"https:\/\/about.fb.com\/es\/wp-content\/uploads\/sites\/13\/2020\/05\/Logo_AplausoConectado-alta.png?w=600\",\"contentUrl\":\"https:\/\/about.fb.com\/es\/wp-content\/uploads\/sites\/13\/2020\/05\/Logo_AplausoConectado-alta.png?w=600\"},{\"@type\":\"BreadcrumbList\",\"@id\":\"https:\/\/about.fb.com\/es\/news\/2020\/05\/aplausoconectado-el-reto-en-facebook-e-instagram-para-apoyar-a-los-mas-afectados-por-la-crisis-del-covid-19\/#breadcrumb\",\"itemListElement\":[{\"@type\":\"ListItem\",\"position\":1,\"name\":\"Home\",\"item\":\"https:\/\/about.fb.com\/es\/\"},{\"@type\":\"ListItem\",\"position\":2,\"name\":\"#AplausoConectado, el reto en Facebook e Instagram para apoyar a los m\u00e1s afectados por la crisis del COVID-19\"}]},{\"@type\":\"WebSite\",\"@id\":\"https:\/\/about.fb.com\/es\/#website\",\"url\":\"https:\/\/about.fb.com\/news\/\",\"name\":\"Informaci\u00f3n sobre Meta\",\"description\":\"\",\"publisher\":{\"@id\":\"https:\/\/about.fb.com\/es\/#organization\"},\"potentialAction\":[{\"@type\":\"SearchAction\",\"target\":{\"@type\":\"EntryPoint\",\"urlTemplate\":\"https:\/\/about.fb.com\/es\/?s={search_term_string}\"},\"query-input\":{\"@type\":\"PropertyValueSpecification\",\"valueRequired\":true,\"valueName\":\"search_term_string\"}}],\"inLanguage\":\"es\",\"alternateName\":[\"Meta Newsroom\",\"Meta\"]},{\"@type\":\"Organization\",\"@id\":\"https:\/\/about.fb.com\/es\/#organization\",\"name\":\"Meta\",\"url\":\"https:\/\/about.fb.com\/es\/\",\"logo\":{\"@type\":\"ImageObject\",\"inLanguage\":\"es\",\"@id\":\"https:\/\/about.fb.com\/es\/#\/schema\/logo\/image\/\",\"url\":\"https:\/\/about.fb.com\/es\/wp-content\/uploads\/sites\/13\/2021\/10\/meta-social-16x9-1.jpg?fit=8000%2C4500\",\"contentUrl\":\"https:\/\/about.fb.com\/es\/wp-content\/uploads\/sites\/13\/2021\/10\/meta-social-16x9-1.jpg?fit=8000%2C4500\",\"width\":8000,\"height\":4500,\"caption\":\"Meta\"},\"image\":{\"@id\":\"https:\/\/about.fb.com\/es\/#\/schema\/logo\/image\/\"}}]}<\/script>\n<!-- \/ Yoast SEO plugin. -->","yoast_head_json":{"title":"#AplausoConectado, el reto en Facebook e Instagram para apoyar a los m\u00e1s afectados por la crisis del COVID-19 | Informaci\u00f3n sobre Meta","robots":{"index":"index","follow":"follow","max-snippet":"max-snippet:-1","max-image-preview":"max-image-preview:large","max-video-preview":"max-video-preview:-1"},"canonical":"https:\/\/about.fb.com\/es\/news\/2020\/05\/aplausoconectado-el-reto-en-facebook-e-instagram-para-apoyar-a-los-mas-afectados-por-la-crisis-del-covid-19\/","og_locale":"es_ES","og_type":"article","og_title":"#AplausoConectado, el reto en Facebook e Instagram para apoyar a los m\u00e1s afectados por la crisis del COVID-19 | Informaci\u00f3n sobre Meta","og_description":"Hoy, presentamos #AplausoConectado, un reto que se inspira en el homenaje a los trabajadores sanitarios y de primera necesidad y que pretende mantener ese esp\u00edritu. Esta campa\u00f1a solidaria apoya las causas que Cruz Roja y Save the Children tienen activas con motivo del coronavirus, a trav\u00e9s de las herramientas de donaci\u00f3n de Facebook e Instagram.","og_url":"https:\/\/about.fb.com\/es\/news\/2020\/05\/aplausoconectado-el-reto-en-facebook-e-instagram-para-apoyar-a-los-mas-afectados-por-la-crisis-del-covid-19\/","og_site_name":"Informaci\u00f3n sobre Meta","article_published_time":"2020-05-27T09:08:23+00:00","article_modified_time":"2020-09-10T10:51:25+00:00","og_image":[{"url":"https:\/\/about.fb.com\/es\/wp-content\/uploads\/sites\/13\/2020\/05\/Logo_AplausoConectado-alta.png?w=600","type":"","width":"","height":""}],"author":"text100madrid","twitter_card":"summary_large_image","twitter_misc":{"Written by":"Meta","Est. reading time":"3 minutos"},"schema":{"@context":"https:\/\/schema.org","@graph":[{"@type":"Article","@id":"https:\/\/about.fb.com\/es\/news\/2020\/05\/aplausoconectado-el-reto-en-facebook-e-instagram-para-apoyar-a-los-mas-afectados-por-la-crisis-del-covid-19\/#article","isPartOf":{"@id":"https:\/\/about.fb.com\/es\/news\/2020\/05\/aplausoconectado-el-reto-en-facebook-e-instagram-para-apoyar-a-los-mas-afectados-por-la-crisis-del-covid-19\/"},"author":"Facebook company","headline":"#AplausoConectado, el reto en Facebook e Instagram para apoyar a los m\u00e1s afectados por la crisis del COVID-19","datePublished":"2020-05-27T09:08:23+00:00","dateModified":"2020-09-10T10:51:25+00:00","mainEntityOfPage":{"@id":"https:\/\/about.fb.com\/es\/news\/2020\/05\/aplausoconectado-el-reto-en-facebook-e-instagram-para-apoyar-a-los-mas-afectados-por-la-crisis-del-covid-19\/"},"wordCount":712,"publisher":{"@id":"https:\/\/about.fb.com\/es\/#organization"},"image":{"@id":"https:\/\/about.fb.com\/es\/news\/2020\/05\/aplausoconectado-el-reto-en-facebook-e-instagram-para-apoyar-a-los-mas-afectados-por-la-crisis-del-covid-19\/#primaryimage"},"thumbnailUrl":"https:\/\/about.fb.com\/es\/wp-content\/uploads\/sites\/13\/2020\/05\/Logo_AplausoConectado-alta.png?w=600","articleSection":["Facebook","Impacto social y econ\u00f3mico","Instagram"],"inLanguage":"es"},{"@type":"WebPage","@id":"https:\/\/about.fb.com\/es\/news\/2020\/05\/aplausoconectado-el-reto-en-facebook-e-instagram-para-apoyar-a-los-mas-afectados-por-la-crisis-del-covid-19\/","url":"https:\/\/about.fb.com\/es\/news\/2020\/05\/aplausoconectado-el-reto-en-facebook-e-instagram-para-apoyar-a-los-mas-afectados-por-la-crisis-del-covid-19\/","name":"#AplausoConectado, el reto en Facebook e Instagram para apoyar a los m\u00e1s afectados por la crisis del COVID-19 | Informaci\u00f3n sobre Meta","isPartOf":{"@id":"https:\/\/about.fb.com\/es\/#website"},"primaryImageOfPage":{"@id":"https:\/\/about.fb.com\/es\/news\/2020\/05\/aplausoconectado-el-reto-en-facebook-e-instagram-para-apoyar-a-los-mas-afectados-por-la-crisis-del-covid-19\/#primaryimage"},"image":{"@id":"https:\/\/about.fb.com\/es\/news\/2020\/05\/aplausoconectado-el-reto-en-facebook-e-instagram-para-apoyar-a-los-mas-afectados-por-la-crisis-del-covid-19\/#primaryimage"},"thumbnailUrl":"https:\/\/about.fb.com\/es\/wp-content\/uploads\/sites\/13\/2020\/05\/Logo_AplausoConectado-alta.png?w=600","datePublished":"2020-05-27T09:08:23+00:00","dateModified":"2020-09-10T10:51:25+00:00","breadcrumb":{"@id":"https:\/\/about.fb.com\/es\/news\/2020\/05\/aplausoconectado-el-reto-en-facebook-e-instagram-para-apoyar-a-los-mas-afectados-por-la-crisis-del-covid-19\/#breadcrumb"},"inLanguage":"es","potentialAction":[{"@type":"ReadAction","target":["https:\/\/about.fb.com\/es\/news\/2020\/05\/aplausoconectado-el-reto-en-facebook-e-instagram-para-apoyar-a-los-mas-afectados-por-la-crisis-del-covid-19\/"]}],"author":"Informaci\u00f3n sobre Meta"},{"@type":"ImageObject","inLanguage":"es","@id":"https:\/\/about.fb.com\/es\/news\/2020\/05\/aplausoconectado-el-reto-en-facebook-e-instagram-para-apoyar-a-los-mas-afectados-por-la-crisis-del-covid-19\/#primaryimage","url":"https:\/\/about.fb.com\/es\/wp-content\/uploads\/sites\/13\/2020\/05\/Logo_AplausoConectado-alta.png?w=600","contentUrl":"https:\/\/about.fb.com\/es\/wp-content\/uploads\/sites\/13\/2020\/05\/Logo_AplausoConectado-alta.png?w=600"},{"@type":"BreadcrumbList","@id":"https:\/\/about.fb.com\/es\/news\/2020\/05\/aplausoconectado-el-reto-en-facebook-e-instagram-para-apoyar-a-los-mas-afectados-por-la-crisis-del-covid-19\/#breadcrumb","itemListElement":[{"@type":"ListItem","position":1,"name":"Home","item":"https:\/\/about.fb.com\/es\/"},{"@type":"ListItem","position":2,"name":"#AplausoConectado, el reto en Facebook e Instagram para apoyar a los m\u00e1s afectados por la crisis del COVID-19"}]},{"@type":"WebSite","@id":"https:\/\/about.fb.com\/es\/#website","url":"https:\/\/about.fb.com\/news\/","name":"Informaci\u00f3n sobre Meta","description":"","publisher":{"@id":"https:\/\/about.fb.com\/es\/#organization"},"potentialAction":[{"@type":"SearchAction","target":{"@type":"EntryPoint","urlTemplate":"https:\/\/about.fb.com\/es\/?s={search_term_string}"},"query-input":{"@type":"PropertyValueSpecification","valueRequired":true,"valueName":"search_term_string"}}],"inLanguage":"es","alternateName":["Meta Newsroom","Meta"]},{"@type":"Organization","@id":"https:\/\/about.fb.com\/es\/#organization","name":"Meta","url":"https:\/\/about.fb.com\/es\/","logo":{"@type":"ImageObject","inLanguage":"es","@id":"https:\/\/about.fb.com\/es\/#\/schema\/logo\/image\/","url":"https:\/\/about.fb.com\/es\/wp-content\/uploads\/sites\/13\/2021\/10\/meta-social-16x9-1.jpg?fit=8000%2C4500","contentUrl":"https:\/\/about.fb.com\/es\/wp-content\/uploads\/sites\/13\/2021\/10\/meta-social-16x9-1.jpg?fit=8000%2C4500","width":8000,"height":4500,"caption":"Meta"},"image":{"@id":"https:\/\/about.fb.com\/es\/#\/schema\/logo\/image\/"}}]}},"jetpack_featured_media_url":"","jetpack-related-posts":[],"jetpack_sharing_enabled":true,"amp_enabled":true,"_links":{"self":[{"href":"https:\/\/about.fb.com\/es\/wp-json\/wp\/v2\/posts\/21365","targetHints":{"allow":["GET"]}}],"collection":[{"href":"https:\/\/about.fb.com\/es\/wp-json\/wp\/v2\/posts"}],"about":[{"href":"https:\/\/about.fb.com\/es\/wp-json\/wp\/v2\/types\/post"}],"author":[{"embeddable":true,"href":"https:\/\/about.fb.com\/es\/wp-json\/wp\/v2\/users\/81919965"}],"replies":[{"embeddable":true,"href":"https:\/\/about.fb.com\/es\/wp-json\/wp\/v2\/comments?post=21365"}],"version-history":[{"count":10,"href":"https:\/\/about.fb.com\/es\/wp-json\/wp\/v2\/posts\/21365\/revisions"}],"predecessor-version":[{"id":21375,"href":"https:\/\/about.fb.com\/es\/wp-json\/wp\/v2\/posts\/21365\/revisions\/21375"}],"wp:attachment":[{"href":"https:\/\/about.fb.com\/es\/wp-json\/wp\/v2\/media?parent=21365"}],"wp:term":[{"taxonomy":"category","embeddable":true,"href":"https:\/\/about.fb.com\/es\/wp-json\/wp\/v2\/categories?post=21365"},{"taxonomy":"post_tag","embeddable":true,"href":"https:\/\/about.fb.com\/es\/wp-json\/wp\/v2\/tags?post=21365"}],"curies":[{"name":"wp","href":"https:\/\/api.w.org\/{rel}","templated":true}]}}