{"id":21236,"date":"2020-03-25T12:27:39","date_gmt":"2020-03-25T12:27:39","guid":{"rendered":"https:\/\/about.fb.com\/es\/?p=21236"},"modified":"2020-09-10T10:54:26","modified_gmt":"2020-09-10T10:54:26","slug":"combatiendo-la-desinformacion-sobre-el-covid-19-a-traves-de-nuestras-apps","status":"publish","type":"post","link":"https:\/\/about.fb.com\/es\/news\/2020\/03\/combatiendo-la-desinformacion-sobre-el-covid-19-a-traves-de-nuestras-apps\/","title":{"rendered":"Combatiendo la desinformaci\u00f3n sobre COVID-19 a trav\u00e9s de nuestras apps"},"content":{"rendered":"<p><em>Por Nick Clegg, VP of Global Affairs and Communications<\/em><\/p>\n<p>Desde que la Organizaci\u00f3n Mundial de la Salud (OMS) declar\u00f3 el COVID-19 como una emergencia de salud p\u00fablica mundial, hemos estado trabajando para conectar a la gente con informaci\u00f3n precisa y tomando medidas agresivas para evitar la difusi\u00f3n de informaci\u00f3n err\u00f3nea y contenido da\u00f1ino. Hoy compartimos una actualizaci\u00f3n sobre estos esfuerzos a trav\u00e9s de nuestras diferentes plataformas.<\/p>\n<p><strong>Conectar a las personas con informaci\u00f3n fiable <\/strong><\/p>\n<p><strong>En Facebook e Instagram: <\/strong>En enero, comenzamos a mostrar pop-ups did\u00e1cticos en la parte superior de la secci\u00f3n de Noticias, que conectan a las personas con la informaci\u00f3n de la OMS, los CDC y las autoridades sanitarias regionales. Esto se ha hecho tanto en pa\u00edses con contagios de coronavirus notificados de persona a persona, y en todos los pa\u00edses cuando la gente busa informaci\u00f3n general relacionada con el COVID-19. Tambi\u00e9n mostramos pop-ups similares en la parte superior del Feed de Instagram, en los pa\u00edses m\u00e1s afectados y cuando alguien pincha un hashtag relacionado con COVID-19.<\/p>\n<p>La semana pasada lanzamos el Centro de Informaci\u00f3n sobre el COVID-19, que ahora figura en la parte superior de la secci\u00f3n de Noticias de Facebook en varios pa\u00edses e incluye actualizaciones en tiempo real de las autoridades sanitarias nacionales y organizaciones mundiales, como la OMS. El Centro de Informaci\u00f3n sobre el COVID-19 estar\u00e1 disponible pronto a nivel global.<\/p>\n<p>A trav\u00e9s de estos esfuerzos en Facebook e Instagram, hemos dirigido a m\u00e1s de 1.000 millones de personas a los recursos proporcionados por las autoridades sanitarias, incluida la OMS &#8211; m\u00e1s de 100 millones de los cuales hicieron clic para obtener m\u00e1s informaci\u00f3n.<\/p>\n<p>Tambi\u00e9n estamos proporcionando a la OMS todos los anuncios gratuitos que necesiten y ofreciendo millones en cr\u00e9ditos de publicidad a otras autoridades sanitarias, para que puedan llegar a las personas con sus mensajes en el momento oportuno.<\/p>\n<p><strong>En WhatsApp: <\/strong>La gente puede registrarse se para recibir la <a href=\"https:\/\/bit.ly\/who-covid-19-whatsapp\">Alerta Sanitaria de la OMS<\/a> por WhatsApp, un informe diario con las \u00faltimas cifras de los casos de COVID-19. Tambi\u00e9n incluye consejos sobre c\u00f3mo prevenir la propagaci\u00f3n de la enfermedad, as\u00ed como respuestas a las preguntas m\u00e1s frecuentes que la gente puede enviar f\u00e1cilmente a sus amigos y familiares. Tambi\u00e9n estamos trabajando directamente con los ministerios de sanidad de Reino Unido, India, Indonesia, Singapur, Israel, Sud\u00e1frica y otros pa\u00edses para proporcionar actualizaciones sanitarias similares, espec\u00edficas para esas naciones. En la \u00faltima semana, estas organizaciones han enviado m\u00e1s de 100 millones de mensajes a las personas que usan WhatsApp. Adem\u00e1s, hemos donado 1 mill\u00f3n de d\u00f3lares a la Red Internacional de Verificaci\u00f3n de Contenidos (<em>International Fact-Checking Network<\/em>), para ampliar la presencia de las <a href=\"https:\/\/faq.whatsapp.com\/126787958113983\">organizaciones de verificaci\u00f3n de datos en WhatsApp<\/a>, de forma que las personas puedan enviar los rumores que encuentren directamente a los verificadores. Puedes obtener m\u00e1s informaci\u00f3n en <a href=\"https:\/\/www.whatsapp.com\/coronavirus\">whatsapp.com\/coronavirus<\/a>.<\/p>\n<p><strong>En Messenger<\/strong>: Estamos conectando a las organizaciones gubernamentales de salud y las agencias de salud de las Naciones Unidas con nuestros <a href=\"https:\/\/messengernews.fb.com\/2020\/03\/23\/messenger-partners-with-developers-to-provide-government-health-organizations-with-free-services-to-respond-to-coronavirus-pandemic\/\">socios desarrolladores<\/a> que pueden ayudarles a utilizar Messenger de la manera m\u00e1s eficaz para compartir informaci\u00f3n oportuna con las personas y agilizar sus respuestas a las preguntas m\u00e1s frecuentes. Agencias como <a href=\"https:\/\/www.messenger.com\/t\/ureportglobal\">UNICEF<\/a>, el <a href=\"https:\/\/www.facebook.com\/messages\/t\/msalnacion\">Ministerio de Salud de Argentina<\/a> y el <a href=\"http:\/\/m.me\/NHSRCOfficial\">Ministerio de Servicios de Salud Nacional, Regulaciones y Coordinaci\u00f3n de Pakist\u00e1n<\/a> ya est\u00e1n usando Messenger para asegurarse de que la gente tenga la \u00faltima informaci\u00f3n sobre COVID-19.<\/p>\n<p><strong>Limitar la propagaci\u00f3n de los bulos y la desinformaci\u00f3n de COVID-19 <\/strong><\/p>\n<p><strong>En Facebook e Instagram: <\/strong>Eliminamos la desinformaci\u00f3n relacionada con COVID-19 que podr\u00eda contribuir a un da\u00f1o f\u00edsico inminente. Hemos eliminado la desinformaci\u00f3n perjudicial desde 2018, incluida informaci\u00f3n falsa sobre el sarampi\u00f3n en Samoa, donde podr\u00eda haber fomentado un brote, as\u00ed como rumores sobre la vacuna contra la poliomielitis en Pakist\u00e1n, donde hab\u00eda riesgo de causar da\u00f1os al personal sanitario. Desde enero, hemos aplicado esta pol\u00edtica a la desinformaci\u00f3n sobre COVID-19 para eliminar las publicaciones que hacen afirmaciones falsas sobre curas, tratamientos, la disponibilidad de servicios esenciales o la ubicaci\u00f3n y gravedad del brote. Las afirmaciones que eliminamos se actualizan regularmente, bas\u00e1ndonos en los consejos de la OMS y otras autoridades sanitarias. Por ejemplo, recientemente hemos empezado a eliminar afirmaciones que dec\u00edan que el distanciamiento f\u00edsico no ayuda a prevenir la propagaci\u00f3n del coronavirus. Tambi\u00e9n hemos prohibido los anuncios y listas de productos comerciales que garantizan una cura o evitan que la gente la contraiga el COVID-19.<\/p>\n<p>En cuanto a las afirmaciones que no implican directamente en da\u00f1os f\u00edsicos, como las teor\u00edas de conspiraci\u00f3n sobre el origen del virus, seguimos trabajando con nuestra red de m\u00e1s de 55 socios de verificaci\u00f3n de contenidos que cubren m\u00e1s de 45 idiomas para desacreditar estas afirmaciones. Para apoyar la labor de la comunidad mundial de verificadores de contenidos en relaci\u00f3n con COVID-19, nos asociamos con la Red Internacional de Verificaci\u00f3n de Contenidos para poner en marcha un <a href=\"https:\/\/www.facebook.com\/journalismproject\/coronavirus-grants-fact-checking\">programa de subvenci\u00f3n de 1 mill\u00f3n de d\u00f3lares<\/a> para ayudarles a aumentar su capacidad durante este periodo de tiempo.<\/p>\n<p>Una vez que una publicaci\u00f3n es calificada como falsa por un verificador de contenido, reducimos su distribuci\u00f3n para que lo vean menos personas y le a\u00f1adimos etiquetas de advertencia y notificaciones a las personas que lo siguen viendo, intentan compartirlo o ya lo han hecho. Esto ayuda a dar m\u00e1s contexto cuando estos bulos aparecen en cualquier otro sitio online, llegan por SMS o incluso fuera de internet en conversaciones con amigos y familiares. <a href=\"https:\/\/about.instagram.com\/blog\/announcements\/coronavirus-keeping-people-safe-informed-and-supported-on-instagram\">En Instagram<\/a>, eliminamos las cuentas de COVID-19 de las recomendaciones y estamos trabajando para eliminar algunos contenidos relacionados con COVID-19 de Explore, a menos que sean publicados por una organizaci\u00f3n de salud cre\u00edble.<\/p>\n<p><strong>En WhatsApp y Messenger:<\/strong> Hemos construido etiquetas claras para avisar a la gente cuando reciben un mensaje reenviado, o un mensaje en cadena, de forma que sepan cu\u00e1ndo est\u00e1n recibiendo algo que no ha sido escrito por sus contactos inmediatos. Tambi\u00e9n hemos establecido un l\u00edmite en el n\u00famero de veces que se pueden reenviar mensajes en WhatsApp para reducir la propagaci\u00f3n de los mensajes virales y utilizamos aprendizaje autom\u00e1tico avanzado (<em>advance machine learning<\/em>) para identificar y prohibir las cuentas involucradas en mensajer\u00eda masiva. Del mismo modo, pronto comenzaremos a probar l\u00edmites m\u00e1s estrictos en Messenger para controlar el n\u00famero de chats a los que alguien puede reenviar un mensaje de una sola vez.<\/p>\n<p>Se trata de una crisis en constante evoluci\u00f3n, por lo que a medida que las autoridades sanitarias mundiales publiquen nuevas directrices y advertencias sobre COVID-19, seguiremos trabajando con ellos para garantizar que la gente tenga acceso a informaci\u00f3n precisa y autorizada en todas nuestras aplicaciones.<\/p>\n","protected":false},"excerpt":{"rendered":"Desde que la Organizaci\u00f3n Mundial de la Salud declar\u00f3 el COVID-19 como una emergencia de salud p\u00fablica mundial, hemos estado trabajando para conectar a las personas con informaci\u00f3n fiable y evitar que la desinformaci\u00f3n y el contenido da\u00f1ino se propaguen.","protected":false},"author":81919965,"featured_media":21231,"comment_status":"closed","ping_status":"closed","sticky":false,"template":"","format":"standard","meta":{"_jetpack_memberships_contains_paid_content":false,"footnotes":""},"categories":[243901452,243901453,243901420],"tags":[],"class_list":["post-21236","post","type-post","status-publish","format-standard","has-post-thumbnail","hentry","category-impacto-social-y-economico","category-integridad","category-meta"],"yoast_head":"<!-- This site is optimized with the Yoast SEO plugin v27.2 - https:\/\/yoast.com\/product\/yoast-seo-wordpress\/ -->\n<title>Combatiendo la desinformaci\u00f3n sobre COVID-19 a trav\u00e9s de nuestras apps | Informaci\u00f3n sobre Meta<\/title>\n<meta name=\"robots\" content=\"index, follow, max-snippet:-1, max-image-preview:large, max-video-preview:-1\" \/>\n<link rel=\"canonical\" href=\"https:\/\/about.fb.com\/es\/news\/2020\/03\/combatiendo-la-desinformacion-sobre-el-covid-19-a-traves-de-nuestras-apps\/\" \/>\n<meta property=\"og:locale\" content=\"es_ES\" \/>\n<meta property=\"og:type\" content=\"article\" \/>\n<meta property=\"og:title\" content=\"Combatiendo la desinformaci\u00f3n sobre COVID-19 a trav\u00e9s de nuestras apps | Informaci\u00f3n sobre Meta\" \/>\n<meta property=\"og:description\" content=\"Desde que la Organizaci\u00f3n Mundial de la Salud declar\u00f3 el COVID-19 como una emergencia de salud p\u00fablica mundial, hemos estado trabajando para conectar a las personas con informaci\u00f3n fiable y evitar que la desinformaci\u00f3n y el contenido da\u00f1ino se propaguen.\" \/>\n<meta property=\"og:url\" content=\"https:\/\/about.fb.com\/es\/news\/2020\/03\/combatiendo-la-desinformacion-sobre-el-covid-19-a-traves-de-nuestras-apps\/\" \/>\n<meta property=\"og:site_name\" content=\"Informaci\u00f3n sobre Meta\" \/>\n<meta property=\"article:published_time\" content=\"2020-03-25T12:27:39+00:00\" \/>\n<meta property=\"article:modified_time\" content=\"2020-09-10T10:54:26+00:00\" \/>\n<meta property=\"og:image\" content=\"https:\/\/about.fb.com\/es\/wp-content\/uploads\/sites\/13\/2020\/03\/fb-apps.png?resize=1024,567\" \/>\n\t<meta property=\"og:image:width\" content=\"1024\" \/>\n\t<meta property=\"og:image:height\" content=\"567\" \/>\n\t<meta property=\"og:image:type\" content=\"image\/png\" \/>\n<meta name=\"author\" content=\"text100madrid\" \/>\n<meta name=\"twitter:card\" content=\"summary_large_image\" \/>\n<meta name=\"twitter:label1\" content=\"Written by\" \/>\n\t<meta name=\"twitter:data1\" content=\"Meta\" \/>\n\t<meta name=\"twitter:label2\" content=\"Est. reading time\" \/>\n\t<meta name=\"twitter:data2\" content=\"6 minutos\" \/>\n<script type=\"application\/ld+json\" class=\"yoast-schema-graph\">{\"@context\":\"https:\/\/schema.org\",\"@graph\":[{\"@type\":\"Article\",\"@id\":\"https:\/\/about.fb.com\/es\/news\/2020\/03\/combatiendo-la-desinformacion-sobre-el-covid-19-a-traves-de-nuestras-apps\/#article\",\"isPartOf\":{\"@id\":\"https:\/\/about.fb.com\/es\/news\/2020\/03\/combatiendo-la-desinformacion-sobre-el-covid-19-a-traves-de-nuestras-apps\/\"},\"author\":\"Facebook company\",\"headline\":\"Combatiendo la desinformaci\u00f3n sobre COVID-19 a trav\u00e9s de nuestras apps\",\"datePublished\":\"2020-03-25T12:27:39+00:00\",\"dateModified\":\"2020-09-10T10:54:26+00:00\",\"mainEntityOfPage\":{\"@id\":\"https:\/\/about.fb.com\/es\/news\/2020\/03\/combatiendo-la-desinformacion-sobre-el-covid-19-a-traves-de-nuestras-apps\/\"},\"wordCount\":1194,\"publisher\":{\"@id\":\"https:\/\/about.fb.com\/es\/#organization\"},\"image\":{\"@id\":\"https:\/\/about.fb.com\/es\/news\/2020\/03\/combatiendo-la-desinformacion-sobre-el-covid-19-a-traves-de-nuestras-apps\/#primaryimage\"},\"thumbnailUrl\":\"https:\/\/about.fb.com\/es\/wp-content\/uploads\/sites\/13\/2020\/03\/fb-apps.png?fit=2560%2C1417\",\"articleSection\":[\"Impacto social y econ\u00f3mico\",\"Integridad\",\"Meta\"],\"inLanguage\":\"es\"},{\"@type\":\"WebPage\",\"@id\":\"https:\/\/about.fb.com\/es\/news\/2020\/03\/combatiendo-la-desinformacion-sobre-el-covid-19-a-traves-de-nuestras-apps\/\",\"url\":\"https:\/\/about.fb.com\/es\/news\/2020\/03\/combatiendo-la-desinformacion-sobre-el-covid-19-a-traves-de-nuestras-apps\/\",\"name\":\"Combatiendo la desinformaci\u00f3n sobre COVID-19 a trav\u00e9s de nuestras apps | Informaci\u00f3n sobre Meta\",\"isPartOf\":{\"@id\":\"https:\/\/about.fb.com\/es\/#website\"},\"primaryImageOfPage\":{\"@id\":\"https:\/\/about.fb.com\/es\/news\/2020\/03\/combatiendo-la-desinformacion-sobre-el-covid-19-a-traves-de-nuestras-apps\/#primaryimage\"},\"image\":{\"@id\":\"https:\/\/about.fb.com\/es\/news\/2020\/03\/combatiendo-la-desinformacion-sobre-el-covid-19-a-traves-de-nuestras-apps\/#primaryimage\"},\"thumbnailUrl\":\"https:\/\/about.fb.com\/es\/wp-content\/uploads\/sites\/13\/2020\/03\/fb-apps.png?fit=2560%2C1417\",\"datePublished\":\"2020-03-25T12:27:39+00:00\",\"dateModified\":\"2020-09-10T10:54:26+00:00\",\"breadcrumb\":{\"@id\":\"https:\/\/about.fb.com\/es\/news\/2020\/03\/combatiendo-la-desinformacion-sobre-el-covid-19-a-traves-de-nuestras-apps\/#breadcrumb\"},\"inLanguage\":\"es\",\"potentialAction\":[{\"@type\":\"ReadAction\",\"target\":[\"https:\/\/about.fb.com\/es\/news\/2020\/03\/combatiendo-la-desinformacion-sobre-el-covid-19-a-traves-de-nuestras-apps\/\"]}],\"author\":\"Informaci\u00f3n sobre Meta\"},{\"@type\":\"ImageObject\",\"inLanguage\":\"es\",\"@id\":\"https:\/\/about.fb.com\/es\/news\/2020\/03\/combatiendo-la-desinformacion-sobre-el-covid-19-a-traves-de-nuestras-apps\/#primaryimage\",\"url\":\"https:\/\/about.fb.com\/es\/wp-content\/uploads\/sites\/13\/2020\/03\/fb-apps.png?fit=2560%2C1417\",\"contentUrl\":\"https:\/\/about.fb.com\/es\/wp-content\/uploads\/sites\/13\/2020\/03\/fb-apps.png?fit=2560%2C1417\",\"width\":2560,\"height\":1417},{\"@type\":\"BreadcrumbList\",\"@id\":\"https:\/\/about.fb.com\/es\/news\/2020\/03\/combatiendo-la-desinformacion-sobre-el-covid-19-a-traves-de-nuestras-apps\/#breadcrumb\",\"itemListElement\":[{\"@type\":\"ListItem\",\"position\":1,\"name\":\"Home\",\"item\":\"https:\/\/about.fb.com\/es\/\"},{\"@type\":\"ListItem\",\"position\":2,\"name\":\"Combatiendo la desinformaci\u00f3n sobre COVID-19 a trav\u00e9s de nuestras apps\"}]},{\"@type\":\"WebSite\",\"@id\":\"https:\/\/about.fb.com\/es\/#website\",\"url\":\"https:\/\/about.fb.com\/news\/\",\"name\":\"Informaci\u00f3n sobre Meta\",\"description\":\"\",\"publisher\":{\"@id\":\"https:\/\/about.fb.com\/es\/#organization\"},\"potentialAction\":[{\"@type\":\"SearchAction\",\"target\":{\"@type\":\"EntryPoint\",\"urlTemplate\":\"https:\/\/about.fb.com\/es\/?s={search_term_string}\"},\"query-input\":{\"@type\":\"PropertyValueSpecification\",\"valueRequired\":true,\"valueName\":\"search_term_string\"}}],\"inLanguage\":\"es\",\"alternateName\":[\"Meta Newsroom\",\"Meta\"]},{\"@type\":\"Organization\",\"@id\":\"https:\/\/about.fb.com\/es\/#organization\",\"name\":\"Meta\",\"url\":\"https:\/\/about.fb.com\/es\/\",\"logo\":{\"@type\":\"ImageObject\",\"inLanguage\":\"es\",\"@id\":\"https:\/\/about.fb.com\/es\/#\/schema\/logo\/image\/\",\"url\":\"https:\/\/about.fb.com\/es\/wp-content\/uploads\/sites\/13\/2021\/10\/meta-social-16x9-1.jpg?fit=8000%2C4500\",\"contentUrl\":\"https:\/\/about.fb.com\/es\/wp-content\/uploads\/sites\/13\/2021\/10\/meta-social-16x9-1.jpg?fit=8000%2C4500\",\"width\":8000,\"height\":4500,\"caption\":\"Meta\"},\"image\":{\"@id\":\"https:\/\/about.fb.com\/es\/#\/schema\/logo\/image\/\"}}]}<\/script>\n<!-- \/ Yoast SEO plugin. -->","yoast_head_json":{"title":"Combatiendo la desinformaci\u00f3n sobre COVID-19 a trav\u00e9s de nuestras apps | Informaci\u00f3n sobre Meta","robots":{"index":"index","follow":"follow","max-snippet":"max-snippet:-1","max-image-preview":"max-image-preview:large","max-video-preview":"max-video-preview:-1"},"canonical":"https:\/\/about.fb.com\/es\/news\/2020\/03\/combatiendo-la-desinformacion-sobre-el-covid-19-a-traves-de-nuestras-apps\/","og_locale":"es_ES","og_type":"article","og_title":"Combatiendo la desinformaci\u00f3n sobre COVID-19 a trav\u00e9s de nuestras apps | Informaci\u00f3n sobre Meta","og_description":"Desde que la Organizaci\u00f3n Mundial de la Salud declar\u00f3 el COVID-19 como una emergencia de salud p\u00fablica mundial, hemos estado trabajando para conectar a las personas con informaci\u00f3n fiable y evitar que la desinformaci\u00f3n y el contenido da\u00f1ino se propaguen.","og_url":"https:\/\/about.fb.com\/es\/news\/2020\/03\/combatiendo-la-desinformacion-sobre-el-covid-19-a-traves-de-nuestras-apps\/","og_site_name":"Informaci\u00f3n sobre Meta","article_published_time":"2020-03-25T12:27:39+00:00","article_modified_time":"2020-09-10T10:54:26+00:00","og_image":[{"width":1024,"height":567,"url":"https:\/\/about.fb.com\/es\/wp-content\/uploads\/sites\/13\/2020\/03\/fb-apps.png?resize=1024,567","type":"image\/png"}],"author":"text100madrid","twitter_card":"summary_large_image","twitter_misc":{"Written by":"Meta","Est. reading time":"6 minutos"},"schema":{"@context":"https:\/\/schema.org","@graph":[{"@type":"Article","@id":"https:\/\/about.fb.com\/es\/news\/2020\/03\/combatiendo-la-desinformacion-sobre-el-covid-19-a-traves-de-nuestras-apps\/#article","isPartOf":{"@id":"https:\/\/about.fb.com\/es\/news\/2020\/03\/combatiendo-la-desinformacion-sobre-el-covid-19-a-traves-de-nuestras-apps\/"},"author":"Facebook company","headline":"Combatiendo la desinformaci\u00f3n sobre COVID-19 a trav\u00e9s de nuestras apps","datePublished":"2020-03-25T12:27:39+00:00","dateModified":"2020-09-10T10:54:26+00:00","mainEntityOfPage":{"@id":"https:\/\/about.fb.com\/es\/news\/2020\/03\/combatiendo-la-desinformacion-sobre-el-covid-19-a-traves-de-nuestras-apps\/"},"wordCount":1194,"publisher":{"@id":"https:\/\/about.fb.com\/es\/#organization"},"image":{"@id":"https:\/\/about.fb.com\/es\/news\/2020\/03\/combatiendo-la-desinformacion-sobre-el-covid-19-a-traves-de-nuestras-apps\/#primaryimage"},"thumbnailUrl":"https:\/\/about.fb.com\/es\/wp-content\/uploads\/sites\/13\/2020\/03\/fb-apps.png?fit=2560%2C1417","articleSection":["Impacto social y econ\u00f3mico","Integridad","Meta"],"inLanguage":"es"},{"@type":"WebPage","@id":"https:\/\/about.fb.com\/es\/news\/2020\/03\/combatiendo-la-desinformacion-sobre-el-covid-19-a-traves-de-nuestras-apps\/","url":"https:\/\/about.fb.com\/es\/news\/2020\/03\/combatiendo-la-desinformacion-sobre-el-covid-19-a-traves-de-nuestras-apps\/","name":"Combatiendo la desinformaci\u00f3n sobre COVID-19 a trav\u00e9s de nuestras apps | Informaci\u00f3n sobre Meta","isPartOf":{"@id":"https:\/\/about.fb.com\/es\/#website"},"primaryImageOfPage":{"@id":"https:\/\/about.fb.com\/es\/news\/2020\/03\/combatiendo-la-desinformacion-sobre-el-covid-19-a-traves-de-nuestras-apps\/#primaryimage"},"image":{"@id":"https:\/\/about.fb.com\/es\/news\/2020\/03\/combatiendo-la-desinformacion-sobre-el-covid-19-a-traves-de-nuestras-apps\/#primaryimage"},"thumbnailUrl":"https:\/\/about.fb.com\/es\/wp-content\/uploads\/sites\/13\/2020\/03\/fb-apps.png?fit=2560%2C1417","datePublished":"2020-03-25T12:27:39+00:00","dateModified":"2020-09-10T10:54:26+00:00","breadcrumb":{"@id":"https:\/\/about.fb.com\/es\/news\/2020\/03\/combatiendo-la-desinformacion-sobre-el-covid-19-a-traves-de-nuestras-apps\/#breadcrumb"},"inLanguage":"es","potentialAction":[{"@type":"ReadAction","target":["https:\/\/about.fb.com\/es\/news\/2020\/03\/combatiendo-la-desinformacion-sobre-el-covid-19-a-traves-de-nuestras-apps\/"]}],"author":"Informaci\u00f3n sobre Meta"},{"@type":"ImageObject","inLanguage":"es","@id":"https:\/\/about.fb.com\/es\/news\/2020\/03\/combatiendo-la-desinformacion-sobre-el-covid-19-a-traves-de-nuestras-apps\/#primaryimage","url":"https:\/\/about.fb.com\/es\/wp-content\/uploads\/sites\/13\/2020\/03\/fb-apps.png?fit=2560%2C1417","contentUrl":"https:\/\/about.fb.com\/es\/wp-content\/uploads\/sites\/13\/2020\/03\/fb-apps.png?fit=2560%2C1417","width":2560,"height":1417},{"@type":"BreadcrumbList","@id":"https:\/\/about.fb.com\/es\/news\/2020\/03\/combatiendo-la-desinformacion-sobre-el-covid-19-a-traves-de-nuestras-apps\/#breadcrumb","itemListElement":[{"@type":"ListItem","position":1,"name":"Home","item":"https:\/\/about.fb.com\/es\/"},{"@type":"ListItem","position":2,"name":"Combatiendo la desinformaci\u00f3n sobre COVID-19 a trav\u00e9s de nuestras apps"}]},{"@type":"WebSite","@id":"https:\/\/about.fb.com\/es\/#website","url":"https:\/\/about.fb.com\/news\/","name":"Informaci\u00f3n sobre Meta","description":"","publisher":{"@id":"https:\/\/about.fb.com\/es\/#organization"},"potentialAction":[{"@type":"SearchAction","target":{"@type":"EntryPoint","urlTemplate":"https:\/\/about.fb.com\/es\/?s={search_term_string}"},"query-input":{"@type":"PropertyValueSpecification","valueRequired":true,"valueName":"search_term_string"}}],"inLanguage":"es","alternateName":["Meta Newsroom","Meta"]},{"@type":"Organization","@id":"https:\/\/about.fb.com\/es\/#organization","name":"Meta","url":"https:\/\/about.fb.com\/es\/","logo":{"@type":"ImageObject","inLanguage":"es","@id":"https:\/\/about.fb.com\/es\/#\/schema\/logo\/image\/","url":"https:\/\/about.fb.com\/es\/wp-content\/uploads\/sites\/13\/2021\/10\/meta-social-16x9-1.jpg?fit=8000%2C4500","contentUrl":"https:\/\/about.fb.com\/es\/wp-content\/uploads\/sites\/13\/2021\/10\/meta-social-16x9-1.jpg?fit=8000%2C4500","width":8000,"height":4500,"caption":"Meta"},"image":{"@id":"https:\/\/about.fb.com\/es\/#\/schema\/logo\/image\/"}}]}},"jetpack_featured_media_url":"https:\/\/about.fb.com\/es\/wp-content\/uploads\/sites\/13\/2020\/03\/fb-apps.png?fit=2560%2C1417","jetpack-related-posts":[],"jetpack_sharing_enabled":true,"amp_enabled":true,"_links":{"self":[{"href":"https:\/\/about.fb.com\/es\/wp-json\/wp\/v2\/posts\/21236","targetHints":{"allow":["GET"]}}],"collection":[{"href":"https:\/\/about.fb.com\/es\/wp-json\/wp\/v2\/posts"}],"about":[{"href":"https:\/\/about.fb.com\/es\/wp-json\/wp\/v2\/types\/post"}],"author":[{"embeddable":true,"href":"https:\/\/about.fb.com\/es\/wp-json\/wp\/v2\/users\/81919965"}],"replies":[{"embeddable":true,"href":"https:\/\/about.fb.com\/es\/wp-json\/wp\/v2\/comments?post=21236"}],"version-history":[{"count":8,"href":"https:\/\/about.fb.com\/es\/wp-json\/wp\/v2\/posts\/21236\/revisions"}],"predecessor-version":[{"id":21280,"href":"https:\/\/about.fb.com\/es\/wp-json\/wp\/v2\/posts\/21236\/revisions\/21280"}],"wp:featuredmedia":[{"embeddable":true,"href":"https:\/\/about.fb.com\/es\/wp-json\/wp\/v2\/media\/21231"}],"wp:attachment":[{"href":"https:\/\/about.fb.com\/es\/wp-json\/wp\/v2\/media?parent=21236"}],"wp:term":[{"taxonomy":"category","embeddable":true,"href":"https:\/\/about.fb.com\/es\/wp-json\/wp\/v2\/categories?post=21236"},{"taxonomy":"post_tag","embeddable":true,"href":"https:\/\/about.fb.com\/es\/wp-json\/wp\/v2\/tags?post=21236"}],"curies":[{"name":"wp","href":"https:\/\/api.w.org\/{rel}","templated":true}]}}