{"id":21069,"date":"2019-12-03T19:50:52","date_gmt":"2019-12-03T19:50:52","guid":{"rendered":"https:\/\/about.fb.com\/es\/?p=17667"},"modified":"2020-03-11T15:23:18","modified_gmt":"2020-03-11T15:23:18","slug":"zona-from-facebook-forma-a-mas-de-30-000-personas-en-su-primer-ano","status":"publish","type":"post","link":"https:\/\/about.fb.com\/es\/news\/2019\/12\/zona-from-facebook-forma-a-mas-de-30-000-personas-en-su-primer-ano\/","title":{"rendered":"Zona from Facebook forma a m\u00e1s de 30.000 personas en su primer a\u00f1o"},"content":{"rendered":"<ul>\n<li><strong>Facebook cre\u00f3 Zona from Facebook en noviembre de 2018 con el objetivo de promover la sociedad y econom\u00eda digitales en Espa\u00f1a a trav\u00e9s de la formaci\u00f3n y del debate<\/strong><\/li>\n<li><strong>Las actividades de Zona from Facebook han llegado a m\u00e1s de 30.000 personas y se han celebrado m\u00e1s de 800 talleres presenciales. <\/strong><\/li>\n<\/ul>\n<p>M\u00e1s de 30.000 personas en toda Espa\u00f1a han seguido las actividades de <a href=\"https:\/\/zona.fb.com\/\">Zona from Facebook<\/a>\u00a0durante su primer a\u00f1o. Adem\u00e1s, gracias a esta iniciativa puesta en marcha por Facebook y orientada a impulsar la sociedad y econom\u00eda digitales se han realizado m\u00e1s de 800 talleres en toda Espa\u00f1a. El espacio ha albergado tambi\u00e9n encuentros y debates sobre los retos y oportunidades que plantean las nuevas tecnolog\u00edas.<\/p>\n<p>Zona from Facebook se cre\u00f3 en noviembre de 2018 como un espacio ubicado en Madrid dedicado a la formaci\u00f3n, el debate y la generaci\u00f3n de ideas, pero con vocaci\u00f3n nacional.\u00a0 En colaboraci\u00f3n con numerosas organizaciones educativas y sociales, Zona from Facebook ha desarrollado programas en torno a tres pilares estrat\u00e9gicos: sociedad digital, econom\u00eda digital, y apoyo a las mujeres desde diferentes \u00e1mbitos (Women 360).<\/p>\n<p>\u201c<em>Ha sido un a\u00f1o de trabajo muy intenso en torno a tres \u00e1reas: ayudar a fomentar el tejido empresarial y la empleabilidad, acompa\u00f1ar un uso seguro de internet especialmente entre los j\u00f3venes, y empoderar a las mujeres desde m\u00faltiples \u00e1ngulos. El balance es claramente positivo, ya que han participado m\u00e1s de 30.000 personas en nuestras actividades y hemos celebrado m\u00e1s de 800 talleres<\/em>. <em>Tambi\u00e9n hemos explorado aquellos retos y oportunidades que plantean las nuevas tecnolog\u00edas y en los que estamos trabajando junto con otras organizaciones\u201d<\/em>, se\u00f1ala Natalia Basterrechea, Directora de Asuntos P\u00fablicos de Facebook para Espa\u00f1a y Portugal.<\/p>\n<p><img data-recalc-dims=\"1\" loading=\"lazy\" decoding=\"async\" class=\"aligncenter size-large wp-image-17687\" src=\"https:\/\/about.fb.com\/es\/wp-content\/uploads\/sites\/9\/2019\/12\/DSC_6150-1.jpg?w=960&#038;resize=960%2C639\" alt=\"\" width=\"960\" height=\"639\" \/><\/p>\n<p>De este modo, se han formado cerca de 15.000 j\u00f3venes gracias a programas como GeneraZion, orientado al uso seguro de Internet. Por su parte, iniciativas como el programa transversal Women 360 que engloba m\u00faltiples proyectos como She Means Business o Extraordinarias han permitido la formaci\u00f3n de m\u00e1s de 10.000 mujeres. Asimismo, programas como Aprende con Facebook han mejorado la capacitaci\u00f3n de m\u00e1s de 3.000 pymes y emprendedores.<\/p>\n<p>Impulsar la innovaci\u00f3n en la econom\u00eda y sociedad digitales a trav\u00e9s de la formaci\u00f3n y el debate es uno de los principales objetivos de Zona from Facebook, por eso, entre los temas tratados en sus programas y actividades durante su primer a\u00f1o han sido: marketing digital, aplicaciones m\u00f3viles, anal\u00edtica de datos, inteligencia artificial, alfabetizaci\u00f3n digital, innovaci\u00f3n y <em>design thinking<\/em>.<\/p>\n<p>Por otra parte, de los 800 talleres presenciales organizados por Zona from Facebook junto con sus socios, las comunidades aut\u00f3nomas en las que la actividad ha sido m\u00e1s intensa en este primer a\u00f1o han sido: Andaluc\u00eda, Catalu\u00f1a, Galicia, Madrid y Pa\u00eds Vasco.<\/p>\n<p>Zona from Facebook representa el compromiso de Facebook con la sociedad espa\u00f1ola y es uno de los espacios de encuentro para las personas abiertos en Europa por Facebook en los \u00faltimos a\u00f1os de cara a alcanzar el objetivo dado a conocer en 2018 de formar a 1 mill\u00f3n de personas para afrontar los retos de la sociedad digital.<\/p>\n<p>Zona from Facebook continuar\u00e1 trabajando en programas y actividades que respondan a las necesidades de los espa\u00f1oles en la era digital.<\/p>\n<p><img data-recalc-dims=\"1\" loading=\"lazy\" decoding=\"async\" class=\"aligncenter size-large wp-image-17685\" src=\"https:\/\/about.fb.com\/es\/wp-content\/uploads\/sites\/9\/2019\/12\/DSC_6034-1.jpg?w=960&#038;resize=960%2C639\" alt=\"\" width=\"960\" height=\"639\" \/><\/p>\n","protected":false},"excerpt":{"rendered":"Facebook cre\u00f3 Zona from Facebook con el objetivo de promover la sociedad y econom\u00eda digitales en Espa\u00f1a a trav\u00e9s de la formaci\u00f3n y del debate.","protected":false},"author":81919965,"featured_media":21149,"comment_status":"closed","ping_status":"closed","sticky":false,"template":"","format":"standard","meta":{"_jetpack_memberships_contains_paid_content":false,"footnotes":""},"categories":[243901452,243901420,243901447],"tags":[],"class_list":["post-21069","post","type-post","status-publish","format-standard","has-post-thumbnail","hentry","category-impacto-social-y-economico","category-meta","category-zona-from-facebook"],"yoast_head":"<!-- This site is optimized with the Yoast SEO plugin v27.2 - https:\/\/yoast.com\/product\/yoast-seo-wordpress\/ -->\n<title>Zona from Facebook forma a m\u00e1s de 30.000 personas en su primer a\u00f1o | Informaci\u00f3n sobre Meta<\/title>\n<meta name=\"robots\" content=\"index, follow, max-snippet:-1, max-image-preview:large, max-video-preview:-1\" \/>\n<link rel=\"canonical\" href=\"https:\/\/about.fb.com\/es\/news\/2019\/12\/zona-from-facebook-forma-a-mas-de-30-000-personas-en-su-primer-ano\/\" \/>\n<meta property=\"og:locale\" content=\"es_ES\" \/>\n<meta property=\"og:type\" content=\"article\" \/>\n<meta property=\"og:title\" content=\"Zona from Facebook forma a m\u00e1s de 30.000 personas en su primer a\u00f1o | Informaci\u00f3n sobre Meta\" \/>\n<meta property=\"og:description\" content=\"Facebook cre\u00f3 Zona from Facebook con el objetivo de promover la sociedad y econom\u00eda digitales en Espa\u00f1a a trav\u00e9s de la formaci\u00f3n y del debate.\" \/>\n<meta property=\"og:url\" content=\"https:\/\/about.fb.com\/es\/news\/2019\/12\/zona-from-facebook-forma-a-mas-de-30-000-personas-en-su-primer-ano\/\" \/>\n<meta property=\"og:site_name\" content=\"Informaci\u00f3n sobre Meta\" \/>\n<meta property=\"article:published_time\" content=\"2019-12-03T19:50:52+00:00\" \/>\n<meta property=\"article:modified_time\" content=\"2020-03-11T15:23:18+00:00\" \/>\n<meta property=\"og:image\" content=\"https:\/\/about.fb.com\/es\/wp-content\/uploads\/sites\/13\/2019\/12\/DSC_6206-1.jpg?fit=890%2C592\" \/>\n\t<meta property=\"og:image:width\" content=\"890\" \/>\n\t<meta property=\"og:image:height\" content=\"592\" \/>\n\t<meta property=\"og:image:type\" content=\"image\/jpeg\" \/>\n<meta name=\"author\" content=\"text100madrid\" \/>\n<meta name=\"twitter:card\" content=\"summary_large_image\" \/>\n<meta name=\"twitter:label1\" content=\"Written by\" \/>\n\t<meta name=\"twitter:data1\" content=\"Meta\" \/>\n\t<meta name=\"twitter:label2\" content=\"Est. reading time\" \/>\n\t<meta name=\"twitter:data2\" content=\"3 minutos\" \/>\n<script type=\"application\/ld+json\" class=\"yoast-schema-graph\">{\"@context\":\"https:\/\/schema.org\",\"@graph\":[{\"@type\":\"Article\",\"@id\":\"https:\/\/about.fb.com\/es\/news\/2019\/12\/zona-from-facebook-forma-a-mas-de-30-000-personas-en-su-primer-ano\/#article\",\"isPartOf\":{\"@id\":\"https:\/\/about.fb.com\/es\/news\/2019\/12\/zona-from-facebook-forma-a-mas-de-30-000-personas-en-su-primer-ano\/\"},\"author\":\"Facebook company\",\"headline\":\"Zona from Facebook forma a m\u00e1s de 30.000 personas en su primer a\u00f1o\",\"datePublished\":\"2019-12-03T19:50:52+00:00\",\"dateModified\":\"2020-03-11T15:23:18+00:00\",\"mainEntityOfPage\":{\"@id\":\"https:\/\/about.fb.com\/es\/news\/2019\/12\/zona-from-facebook-forma-a-mas-de-30-000-personas-en-su-primer-ano\/\"},\"wordCount\":581,\"publisher\":{\"@id\":\"https:\/\/about.fb.com\/es\/#organization\"},\"image\":{\"@id\":\"https:\/\/about.fb.com\/es\/news\/2019\/12\/zona-from-facebook-forma-a-mas-de-30-000-personas-en-su-primer-ano\/#primaryimage\"},\"thumbnailUrl\":\"https:\/\/about.fb.com\/es\/wp-content\/uploads\/sites\/13\/2019\/12\/DSC_6206-1.jpg?fit=890%2C592\",\"articleSection\":[\"Impacto social y econ\u00f3mico\",\"Meta\",\"Zona from Facebook\"],\"inLanguage\":\"es\"},{\"@type\":\"WebPage\",\"@id\":\"https:\/\/about.fb.com\/es\/news\/2019\/12\/zona-from-facebook-forma-a-mas-de-30-000-personas-en-su-primer-ano\/\",\"url\":\"https:\/\/about.fb.com\/es\/news\/2019\/12\/zona-from-facebook-forma-a-mas-de-30-000-personas-en-su-primer-ano\/\",\"name\":\"Zona from Facebook forma a m\u00e1s de 30.000 personas en su primer a\u00f1o | Informaci\u00f3n sobre Meta\",\"isPartOf\":{\"@id\":\"https:\/\/about.fb.com\/es\/#website\"},\"primaryImageOfPage\":{\"@id\":\"https:\/\/about.fb.com\/es\/news\/2019\/12\/zona-from-facebook-forma-a-mas-de-30-000-personas-en-su-primer-ano\/#primaryimage\"},\"image\":{\"@id\":\"https:\/\/about.fb.com\/es\/news\/2019\/12\/zona-from-facebook-forma-a-mas-de-30-000-personas-en-su-primer-ano\/#primaryimage\"},\"thumbnailUrl\":\"https:\/\/about.fb.com\/es\/wp-content\/uploads\/sites\/13\/2019\/12\/DSC_6206-1.jpg?fit=890%2C592\",\"datePublished\":\"2019-12-03T19:50:52+00:00\",\"dateModified\":\"2020-03-11T15:23:18+00:00\",\"breadcrumb\":{\"@id\":\"https:\/\/about.fb.com\/es\/news\/2019\/12\/zona-from-facebook-forma-a-mas-de-30-000-personas-en-su-primer-ano\/#breadcrumb\"},\"inLanguage\":\"es\",\"potentialAction\":[{\"@type\":\"ReadAction\",\"target\":[\"https:\/\/about.fb.com\/es\/news\/2019\/12\/zona-from-facebook-forma-a-mas-de-30-000-personas-en-su-primer-ano\/\"]}],\"author\":\"Informaci\u00f3n sobre Meta\"},{\"@type\":\"ImageObject\",\"inLanguage\":\"es\",\"@id\":\"https:\/\/about.fb.com\/es\/news\/2019\/12\/zona-from-facebook-forma-a-mas-de-30-000-personas-en-su-primer-ano\/#primaryimage\",\"url\":\"https:\/\/about.fb.com\/es\/wp-content\/uploads\/sites\/13\/2019\/12\/DSC_6206-1.jpg?fit=890%2C592\",\"contentUrl\":\"https:\/\/about.fb.com\/es\/wp-content\/uploads\/sites\/13\/2019\/12\/DSC_6206-1.jpg?fit=890%2C592\",\"width\":890,\"height\":592},{\"@type\":\"BreadcrumbList\",\"@id\":\"https:\/\/about.fb.com\/es\/news\/2019\/12\/zona-from-facebook-forma-a-mas-de-30-000-personas-en-su-primer-ano\/#breadcrumb\",\"itemListElement\":[{\"@type\":\"ListItem\",\"position\":1,\"name\":\"Home\",\"item\":\"https:\/\/about.fb.com\/es\/\"},{\"@type\":\"ListItem\",\"position\":2,\"name\":\"Zona from Facebook forma a m\u00e1s de 30.000 personas en su primer a\u00f1o\"}]},{\"@type\":\"WebSite\",\"@id\":\"https:\/\/about.fb.com\/es\/#website\",\"url\":\"https:\/\/about.fb.com\/news\/\",\"name\":\"Informaci\u00f3n sobre Meta\",\"description\":\"\",\"publisher\":{\"@id\":\"https:\/\/about.fb.com\/es\/#organization\"},\"potentialAction\":[{\"@type\":\"SearchAction\",\"target\":{\"@type\":\"EntryPoint\",\"urlTemplate\":\"https:\/\/about.fb.com\/es\/?s={search_term_string}\"},\"query-input\":{\"@type\":\"PropertyValueSpecification\",\"valueRequired\":true,\"valueName\":\"search_term_string\"}}],\"inLanguage\":\"es\",\"alternateName\":[\"Meta Newsroom\",\"Meta\"]},{\"@type\":\"Organization\",\"@id\":\"https:\/\/about.fb.com\/es\/#organization\",\"name\":\"Meta\",\"url\":\"https:\/\/about.fb.com\/es\/\",\"logo\":{\"@type\":\"ImageObject\",\"inLanguage\":\"es\",\"@id\":\"https:\/\/about.fb.com\/es\/#\/schema\/logo\/image\/\",\"url\":\"https:\/\/about.fb.com\/es\/wp-content\/uploads\/sites\/13\/2021\/10\/meta-social-16x9-1.jpg?fit=8000%2C4500\",\"contentUrl\":\"https:\/\/about.fb.com\/es\/wp-content\/uploads\/sites\/13\/2021\/10\/meta-social-16x9-1.jpg?fit=8000%2C4500\",\"width\":8000,\"height\":4500,\"caption\":\"Meta\"},\"image\":{\"@id\":\"https:\/\/about.fb.com\/es\/#\/schema\/logo\/image\/\"}}]}<\/script>\n<!-- \/ Yoast SEO plugin. -->","yoast_head_json":{"title":"Zona from Facebook forma a m\u00e1s de 30.000 personas en su primer a\u00f1o | Informaci\u00f3n sobre Meta","robots":{"index":"index","follow":"follow","max-snippet":"max-snippet:-1","max-image-preview":"max-image-preview:large","max-video-preview":"max-video-preview:-1"},"canonical":"https:\/\/about.fb.com\/es\/news\/2019\/12\/zona-from-facebook-forma-a-mas-de-30-000-personas-en-su-primer-ano\/","og_locale":"es_ES","og_type":"article","og_title":"Zona from Facebook forma a m\u00e1s de 30.000 personas en su primer a\u00f1o | Informaci\u00f3n sobre Meta","og_description":"Facebook cre\u00f3 Zona from Facebook con el objetivo de promover la sociedad y econom\u00eda digitales en Espa\u00f1a a trav\u00e9s de la formaci\u00f3n y del debate.","og_url":"https:\/\/about.fb.com\/es\/news\/2019\/12\/zona-from-facebook-forma-a-mas-de-30-000-personas-en-su-primer-ano\/","og_site_name":"Informaci\u00f3n sobre Meta","article_published_time":"2019-12-03T19:50:52+00:00","article_modified_time":"2020-03-11T15:23:18+00:00","og_image":[{"url":"https:\/\/about.fb.com\/es\/wp-content\/uploads\/sites\/13\/2019\/12\/DSC_6206-1.jpg?fit=890%2C592","width":890,"height":592,"type":"image\/jpeg"}],"author":"text100madrid","twitter_card":"summary_large_image","twitter_misc":{"Written by":"Meta","Est. reading time":"3 minutos"},"schema":{"@context":"https:\/\/schema.org","@graph":[{"@type":"Article","@id":"https:\/\/about.fb.com\/es\/news\/2019\/12\/zona-from-facebook-forma-a-mas-de-30-000-personas-en-su-primer-ano\/#article","isPartOf":{"@id":"https:\/\/about.fb.com\/es\/news\/2019\/12\/zona-from-facebook-forma-a-mas-de-30-000-personas-en-su-primer-ano\/"},"author":"Facebook company","headline":"Zona from Facebook forma a m\u00e1s de 30.000 personas en su primer a\u00f1o","datePublished":"2019-12-03T19:50:52+00:00","dateModified":"2020-03-11T15:23:18+00:00","mainEntityOfPage":{"@id":"https:\/\/about.fb.com\/es\/news\/2019\/12\/zona-from-facebook-forma-a-mas-de-30-000-personas-en-su-primer-ano\/"},"wordCount":581,"publisher":{"@id":"https:\/\/about.fb.com\/es\/#organization"},"image":{"@id":"https:\/\/about.fb.com\/es\/news\/2019\/12\/zona-from-facebook-forma-a-mas-de-30-000-personas-en-su-primer-ano\/#primaryimage"},"thumbnailUrl":"https:\/\/about.fb.com\/es\/wp-content\/uploads\/sites\/13\/2019\/12\/DSC_6206-1.jpg?fit=890%2C592","articleSection":["Impacto social y econ\u00f3mico","Meta","Zona from Facebook"],"inLanguage":"es"},{"@type":"WebPage","@id":"https:\/\/about.fb.com\/es\/news\/2019\/12\/zona-from-facebook-forma-a-mas-de-30-000-personas-en-su-primer-ano\/","url":"https:\/\/about.fb.com\/es\/news\/2019\/12\/zona-from-facebook-forma-a-mas-de-30-000-personas-en-su-primer-ano\/","name":"Zona from Facebook forma a m\u00e1s de 30.000 personas en su primer a\u00f1o | Informaci\u00f3n sobre Meta","isPartOf":{"@id":"https:\/\/about.fb.com\/es\/#website"},"primaryImageOfPage":{"@id":"https:\/\/about.fb.com\/es\/news\/2019\/12\/zona-from-facebook-forma-a-mas-de-30-000-personas-en-su-primer-ano\/#primaryimage"},"image":{"@id":"https:\/\/about.fb.com\/es\/news\/2019\/12\/zona-from-facebook-forma-a-mas-de-30-000-personas-en-su-primer-ano\/#primaryimage"},"thumbnailUrl":"https:\/\/about.fb.com\/es\/wp-content\/uploads\/sites\/13\/2019\/12\/DSC_6206-1.jpg?fit=890%2C592","datePublished":"2019-12-03T19:50:52+00:00","dateModified":"2020-03-11T15:23:18+00:00","breadcrumb":{"@id":"https:\/\/about.fb.com\/es\/news\/2019\/12\/zona-from-facebook-forma-a-mas-de-30-000-personas-en-su-primer-ano\/#breadcrumb"},"inLanguage":"es","potentialAction":[{"@type":"ReadAction","target":["https:\/\/about.fb.com\/es\/news\/2019\/12\/zona-from-facebook-forma-a-mas-de-30-000-personas-en-su-primer-ano\/"]}],"author":"Informaci\u00f3n sobre Meta"},{"@type":"ImageObject","inLanguage":"es","@id":"https:\/\/about.fb.com\/es\/news\/2019\/12\/zona-from-facebook-forma-a-mas-de-30-000-personas-en-su-primer-ano\/#primaryimage","url":"https:\/\/about.fb.com\/es\/wp-content\/uploads\/sites\/13\/2019\/12\/DSC_6206-1.jpg?fit=890%2C592","contentUrl":"https:\/\/about.fb.com\/es\/wp-content\/uploads\/sites\/13\/2019\/12\/DSC_6206-1.jpg?fit=890%2C592","width":890,"height":592},{"@type":"BreadcrumbList","@id":"https:\/\/about.fb.com\/es\/news\/2019\/12\/zona-from-facebook-forma-a-mas-de-30-000-personas-en-su-primer-ano\/#breadcrumb","itemListElement":[{"@type":"ListItem","position":1,"name":"Home","item":"https:\/\/about.fb.com\/es\/"},{"@type":"ListItem","position":2,"name":"Zona from Facebook forma a m\u00e1s de 30.000 personas en su primer a\u00f1o"}]},{"@type":"WebSite","@id":"https:\/\/about.fb.com\/es\/#website","url":"https:\/\/about.fb.com\/news\/","name":"Informaci\u00f3n sobre Meta","description":"","publisher":{"@id":"https:\/\/about.fb.com\/es\/#organization"},"potentialAction":[{"@type":"SearchAction","target":{"@type":"EntryPoint","urlTemplate":"https:\/\/about.fb.com\/es\/?s={search_term_string}"},"query-input":{"@type":"PropertyValueSpecification","valueRequired":true,"valueName":"search_term_string"}}],"inLanguage":"es","alternateName":["Meta Newsroom","Meta"]},{"@type":"Organization","@id":"https:\/\/about.fb.com\/es\/#organization","name":"Meta","url":"https:\/\/about.fb.com\/es\/","logo":{"@type":"ImageObject","inLanguage":"es","@id":"https:\/\/about.fb.com\/es\/#\/schema\/logo\/image\/","url":"https:\/\/about.fb.com\/es\/wp-content\/uploads\/sites\/13\/2021\/10\/meta-social-16x9-1.jpg?fit=8000%2C4500","contentUrl":"https:\/\/about.fb.com\/es\/wp-content\/uploads\/sites\/13\/2021\/10\/meta-social-16x9-1.jpg?fit=8000%2C4500","width":8000,"height":4500,"caption":"Meta"},"image":{"@id":"https:\/\/about.fb.com\/es\/#\/schema\/logo\/image\/"}}]}},"jetpack_featured_media_url":"https:\/\/about.fb.com\/es\/wp-content\/uploads\/sites\/13\/2019\/12\/DSC_6206-1.jpg?fit=890%2C592","jetpack-related-posts":[],"jetpack_sharing_enabled":true,"amp_enabled":true,"_links":{"self":[{"href":"https:\/\/about.fb.com\/es\/wp-json\/wp\/v2\/posts\/21069","targetHints":{"allow":["GET"]}}],"collection":[{"href":"https:\/\/about.fb.com\/es\/wp-json\/wp\/v2\/posts"}],"about":[{"href":"https:\/\/about.fb.com\/es\/wp-json\/wp\/v2\/types\/post"}],"author":[{"embeddable":true,"href":"https:\/\/about.fb.com\/es\/wp-json\/wp\/v2\/users\/81919965"}],"replies":[{"embeddable":true,"href":"https:\/\/about.fb.com\/es\/wp-json\/wp\/v2\/comments?post=21069"}],"version-history":[{"count":2,"href":"https:\/\/about.fb.com\/es\/wp-json\/wp\/v2\/posts\/21069\/revisions"}],"predecessor-version":[{"id":21199,"href":"https:\/\/about.fb.com\/es\/wp-json\/wp\/v2\/posts\/21069\/revisions\/21199"}],"wp:featuredmedia":[{"embeddable":true,"href":"https:\/\/about.fb.com\/es\/wp-json\/wp\/v2\/media\/21149"}],"wp:attachment":[{"href":"https:\/\/about.fb.com\/es\/wp-json\/wp\/v2\/media?parent=21069"}],"wp:term":[{"taxonomy":"category","embeddable":true,"href":"https:\/\/about.fb.com\/es\/wp-json\/wp\/v2\/categories?post=21069"},{"taxonomy":"post_tag","embeddable":true,"href":"https:\/\/about.fb.com\/es\/wp-json\/wp\/v2\/tags?post=21069"}],"curies":[{"name":"wp","href":"https:\/\/api.w.org\/{rel}","templated":true}]}}