{"id":9983,"date":"2018-11-28T11:09:58","date_gmt":"2018-11-28T10:09:58","guid":{"rendered":"http:\/\/de.newsroom.fb.com\/?p=9983"},"modified":"2018-11-28T11:09:58","modified_gmt":"2018-11-28T10:09:58","slug":"wirfeiernbayern","status":"publish","type":"post","link":"https:\/\/about.fb.com\/de\/news\/2018\/11\/wirfeiernbayern\/","title":{"rendered":"#wirfeiernbayern"},"content":{"rendered":"<p><b>Das 100-j<\/b><b>\u00e4<\/b><b>hrige Jubil<\/b><b>\u00e4<\/b><b>um des Freistaats Bayern nehmen wir zum Anlass, um <\/b><b>Gemeinschaft<\/b><b> <\/b><b>und Vielfalt der Menschen im Freistaat zu feiern. In Kooperation mit BR24, dem digitalen Informationsangebot des Bayerischen Rundfunks, wurden daf\u00fcr f<\/b><b>\u00fc<\/b><b>nf besondere Facebook-Gruppen in 360-Grad-Videos in den Mittelpunkt gestellt. Die Videos zeigen den Charme<\/b><b> Bayerns sowie<\/b><b> Herausforderungen des<\/b><b> Alltags<\/b><b>.<\/b><\/p>\n<p>Die Gruppen \u201e<a href=\"https:\/\/www.facebook.com\/groups\/670648722945243\/\">Bayerische Feuerwehren<\/a>\u201c, \u201e<a href=\"https:\/\/www.facebook.com\/groups\/kletterninfranken\/\">Klettern in Franken<\/a>\u201c, M\u00fctter in \u201e<a href=\"https:\/\/www.facebook.com\/groups\/1528863977406958\/\">Bayerische Mamis<\/a>\u201c, Trachtler aus der Gruppe \u201e<a href=\"https:\/\/www.facebook.com\/groups\/HirschlederneundDirndlgwand\/\">Hirschlederne &amp; Dirndlgewand<\/a>\u201c und \u201e<a href=\"https:\/\/www.facebook.com\/groups\/708491422844524\/\">Schatzsucher Bayern<\/a>\u201c stehen beispielhaft f\u00fcr die vielen kleinen und gro\u00dfen Online-Communities, in denen Menschen rund um gemeinsame Interessen und Hobbies zusammenkommen. BR24 hat die Geschichten dieser Gemeinschaften in 360-Grad-Videos festgehalten und zeigt diese im Web, in der BR24 App und auf Facebook der \u00d6ffentlichkeit. Rund 4,8 Millionen Menschen in ganz Deutschland wurden bereits mit den spannenden, ausgefallenen, aber auch r\u00fchrenden Geschichten erreicht.<\/p>\n<p><b>Ausstellung in Berlin<\/b><br \/>\nIm Auftrag von Facebook hat die M\u00fcnchner Fotografin Laura Zalenga die Geschichten dieser f\u00fcnf Gemeinschaften auch in 2D festgehalten. Sie zeigt in ihren Bildern, wie Menschen, die sich durch eine gemeinsame Leidenschaft online kennenlernen, offline zusammenkommen. Die Fotos und Videos sind ab dem 28. November als Teil einer <a href=\"https:\/\/www.facebook.com\/events\/712333209147735\/\">zweiw\u00f6chigen multimedialen Ausstellung im Berliner Sony Center<\/a> der \u00d6ffentlichkeit zug\u00e4nglich. Mit dieser multimedialen Ausstellung wollen wir dieses zivile Engagement w\u00fcrdigen. Ihren Auftakt fand die Ausstellung am Montag, den 26. November, mit einem Galerieempfang im Herzen Deutschlands \u2014 dem Reichstagsgeb\u00e4ude. Geladen waren G\u00e4ste aus Gesellschaft, Wirtschaft und Politik, die von den Gruppen-Administratoren mit auf eine virtuelle Reise nach Bayern genommen wurden.<\/p>\n<p><b>Gemeinschaft und Vielfalt im Freistaat<\/b><\/p>\n<p><a href=\"https:\/\/www.facebook.com\/groups\/670648722945243\/\"><b>Bayerische Feuerwehren<\/b><\/a> (7.195 Mitglieder) &#8211; Die Arbeit einer freiwilligen Feuerwehr ist spannend und vielf\u00e4ltig. Ein \u00dcbungseinsatz der Freiwilligen Feuerwehr Aresing zeigt anschaulich, was einen dort alles erwarten kann. Mitglieder dieser und vieler weiterer Werks-, Berufs- oder freiwillige Feuerwehren aus Bayern treffen sich in der Facebook-Gruppe \u201cBayerische Feuerwehren\u201d, um Informationen und Erfahrungen auszutauschen und Kontakte zu kn\u00fcpfen. Viele Mitglieder kennen sich pers\u00f6nlich, haben zusammen \u00dcbungen gemeistert, bei Eins\u00e4tzen Hilfe geleistet und gemeinsam Menschen gerettet.<\/p>\n<div class=\"fb-video\" data-allowfullscreen=\"true\" data-href=\"https:\/\/www.facebook.com\/video.php?v=1935690176511053\" style=\"background-color: #fff; display: inline-block;\"><\/div>\n<p><b><a href=\"https:\/\/www.facebook.com\/groups\/1528863977406958\/\">Bayerische Mamis<\/a><\/b> (6.078 Mitglieder)<b> &#8211; <\/b>Als frisch gebackene Mutter hat man viele Fragen und Sorgen. Um mit diesen nicht alleine dazustehen, hat Nicole Bielke die Facebook-Gruppe \u201cBayerische Mamis\u201d gegr\u00fcndet. Sie dient als Anlaufstelle f\u00fcr Mamas und werdende M\u00fctter aus Bayern. Hier k\u00f6nnen sich die Frauen austauschen, andere M\u00fctter aus ihrer Umgebung kennenlernen und sich zu gemeinsamen Ausfl\u00fcgen mit den Kindern verabreden. Im Video lernt man Nicole und ihre Gruppe kennen und kann mehr \u00fcber ihren Alltag erfahren.<\/p>\n<div class=\"fb-video\" data-allowfullscreen=\"true\" data-href=\"https:\/\/www.facebook.com\/video.php?v=1897210717043615\" style=\"background-color: #fff; display: inline-block;\"><\/div>\n<p><a href=\"https:\/\/www.facebook.com\/groups\/kletterninfranken\/\"><b>Klettern in Franken<\/b><\/a> (3.485 Mitglieder) &#8211; In der Fr\u00e4nkischen Schweiz liegt eine der schwierigsten Kletterrouten Europas, die \u201cAction Directe\u201d. Im Video wurden drei Mitglieder der Facebook-Gruppe \u201cKlettern in Franken\u201d bei ihrem Aufstieg begleitet. Die Route ist eine von vielen, \u00fcber die sich die Kletterer in ihrer Gruppe austauschen. Sie suchen gemeinsam nach neuen Herausforderungen, tauschen wertvolle Tipps aus und verabreden sich regelm\u00e4\u00dfig zu Klettertouren in der Fr\u00e4nkischen und Hersbrucker Schweiz.<\/p>\n<div class=\"fb-video\" data-allowfullscreen=\"true\" data-href=\"https:\/\/www.facebook.com\/video.php?v=1948887425416597\" style=\"background-color: #fff; display: inline-block;\"><\/div>\n<p><b><a href=\"https:\/\/www.facebook.com\/groups\/HirschlederneundDirndlgwand\/\">Hirschlederne &amp; Dirndlgewand<\/a><\/b> (4.159 Mitglieder) &#8211; Einen Wiesnbesuch mit 125 Trachtlern der Facebook-Gruppe \u201cHirschlederne &amp; Dirndlgewand\u201d kann man man in diesem Video miterleben und aus erster Hand erfahren, was die traditionelle bayerische Tracht ausmacht. Die Mitglieder der Gruppe treffen sich regelm\u00e4\u00dfig, um das bayerische Brauchtum auch au\u00dferhalb von Trachtenvereinen zu pflegen. Die Mitglieder haben zum Ziel, die Liebe f\u00fcr die landestypische Kleidung am Leben zu erhalten und den Gegensatz von Tradition und Moderne aufzuheben.<\/p>\n<div class=\"fb-video\" data-allowfullscreen=\"true\" data-href=\"https:\/\/www.facebook.com\/video.php?v=343749176388211\" style=\"background-color: #fff; display: inline-block;\"><\/div>\n<p><a href=\"https:\/\/www.facebook.com\/groups\/708491422844524\/\"><b>Schatzsucher Bayern<\/b><\/a> (2.290 Mitglieder) &#8211; Die Mitglieder dieser Gruppe verabreden sich regelm\u00e4\u00dfig, um mit Metalldetektoren auf organisierte Schatzsuchen zu gehen. Entweder in kleinen Gruppen oder auch in gro\u00dfer Runde mit bis zu 250 Teilnehmern. Wie so eine Schatzsuche aussehen und was man so finden kann, zeigt dieses Video. In ihrer Gruppe tauschen sich die Hobby-Schatzsucher \u00fcber Entdeckungstouren aus, zeigen ihre Funde und sprechen \u00fcber die beste Ausr\u00fcstung.<\/p>\n<div class=\"fb-video\" data-allowfullscreen=\"true\" data-href=\"https:\/\/www.facebook.com\/video.php?v=361544134412888\" style=\"background-color: #fff; display: inline-block;\"><\/div>\n","protected":false},"excerpt":{"rendered":"Das 100-j\u00e4hrige Jubil\u00e4um des Freistaats Bayern nehmen wir zum Anlass, um Gemeinschaft und Vielfalt der Menschen im Freistaat zu feiern. In Kooperation mit BR24, dem digitalen Informationsangebot des Bayerischen Rundfunks, wurden daf\u00fcr f\u00fcnf besondere Facebook-Gruppen in 360-Grad-Videos in den Mittelpunkt gestellt. Die Videos zeigen den Charme Bayerns sowie Herausforderungen des Alltags. Die Gruppen \u201eBayerische Feuerwehren\u201c, \u201eKlettern in Franken\u201c, M\u00fctter in \u201eBayerische Mamis\u201c, Trachtler aus der Gruppe \u201eHirschlederne &amp; Dirndlgewand\u201c und \u201eSchatzsucher Bayern\u201c stehen beispielhaft f\u00fcr die vielen kleinen und gro\u00dfen Online-Communities, in denen Menschen rund um gemeinsame Interessen und Hobbies zusammenkommen. BR24 hat die Geschichten dieser Gemeinschaften in 360-Grad-Videos festgehalten und zeigt diese im Web, in der BR24 App und auf Facebook der \u00d6ffentlichkeit. Rund 4,8 Millionen Menschen in ganz Deutschland wurden bereits mit den spannenden, ausgefallenen, aber auch r\u00fchrenden Geschichten erreicht. Ausstellung in Berlin Im Auftrag von Facebook hat die M\u00fcnchner Fotografin Laura Zalenga die Geschichten dieser f\u00fcnf Gemeinschaften auch in 2D festgehalten. Sie zeigt in ihren Bildern, wie Menschen, die sich durch eine gemeinsame Leidenschaft online kennenlernen, offline zusammenkommen. Die Fotos und Videos sind ab dem 28. November als Teil einer zweiw\u00f6chigen multimedialen Ausstellung im Berliner Sony Center der \u00d6ffentlichkeit zug\u00e4nglich. Mit dieser multimedialen Ausstellung wollen wir dieses zivile Engagement w\u00fcrdigen. Ihren Auftakt fand die Ausstellung am Montag, den 26. November, mit einem Galerieempfang im Herzen Deutschlands \u2014 dem Reichstagsgeb\u00e4ude. Geladen waren G\u00e4ste aus Gesellschaft, Wirtschaft und Politik, die von den Gruppen-Administratoren mit auf eine virtuelle Reise nach Bayern genommen wurden. Gemeinschaft und Vielfalt im Freistaat Bayerische Feuerwehren (7.195 Mitglieder) &#8211; Die Arbeit einer freiwilligen Feuerwehr ist spannend und vielf\u00e4ltig. Ein \u00dcbungseinsatz der Freiwilligen Feuerwehr Aresing zeigt anschaulich, was einen dort alles erwarten kann. Mitglieder dieser und vieler weiterer Werks-, Berufs- oder freiwillige Feuerwehren aus Bayern treffen sich in der Facebook-Gruppe \u201cBayerische Feuerwehren\u201d, um Informationen und Erfahrungen auszutauschen und Kontakte zu kn\u00fcpfen. Viele Mitglieder kennen sich pers\u00f6nlich, haben zusammen \u00dcbungen gemeistert, bei Eins\u00e4tzen Hilfe geleistet und gemeinsam Menschen gerettet. Bayerische Mamis (6.078 Mitglieder) &#8211; Als frisch gebackene Mutter hat man viele Fragen und Sorgen. Um mit diesen nicht alleine dazustehen, hat Nicole Bielke die Facebook-Gruppe \u201cBayerische Mamis\u201d gegr\u00fcndet. Sie dient als Anlaufstelle f\u00fcr Mamas und werdende M\u00fctter aus Bayern. Hier k\u00f6nnen sich die Frauen austauschen, andere M\u00fctter aus ihrer Umgebung kennenlernen und sich zu gemeinsamen Ausfl\u00fcgen mit den Kindern verabreden. Im Video lernt man Nicole und ihre Gruppe kennen und kann mehr \u00fcber ihren Alltag erfahren. Klettern in Franken (3.485 Mitglieder) &#8211; In der Fr\u00e4nkischen Schweiz liegt eine der schwierigsten Kletterrouten Europas, die \u201cAction Directe\u201d. Im Video wurden drei Mitglieder der Facebook-Gruppe \u201cKlettern in Franken\u201d bei ihrem Aufstieg begleitet. Die Route ist eine von vielen, \u00fcber die sich die Kletterer in ihrer Gruppe austauschen. Sie suchen gemeinsam nach neuen Herausforderungen, tauschen wertvolle Tipps aus und verabreden sich regelm\u00e4\u00dfig zu Klettertouren in der Fr\u00e4nkischen und Hersbrucker Schweiz. Hirschlederne &amp; Dirndlgewand (4.159 Mitglieder) &#8211; Einen Wiesnbesuch mit 125 Trachtlern der Facebook-Gruppe \u201cHirschlederne &amp; Dirndlgewand\u201d kann man man in diesem Video miterleben und aus erster Hand erfahren, was die traditionelle bayerische Tracht ausmacht. Die Mitglieder der Gruppe treffen sich regelm\u00e4\u00dfig, um das bayerische Brauchtum auch au\u00dferhalb von Trachtenvereinen zu pflegen. Die Mitglieder haben zum Ziel, die Liebe f\u00fcr die landestypische Kleidung am Leben zu erhalten und den Gegensatz von Tradition und Moderne aufzuheben. Schatzsucher Bayern (2.290 Mitglieder) &#8211; Die Mitglieder dieser Gruppe verabreden sich regelm\u00e4\u00dfig, um mit Metalldetektoren auf organisierte Schatzsuchen zu gehen. Entweder in kleinen Gruppen oder auch in gro\u00dfer Runde mit bis zu 250 Teilnehmern. Wie so eine Schatzsuche aussehen und was man so finden kann, zeigt dieses Video. In ihrer Gruppe tauschen sich die Hobby-Schatzsucher \u00fcber Entdeckungstouren aus, zeigen ihre Funde und sprechen \u00fcber die beste Ausr\u00fcstung.","protected":false},"author":116770500,"featured_media":9999,"comment_status":"closed","ping_status":"closed","sticky":false,"template":"","format":"standard","meta":{"_jetpack_memberships_contains_paid_content":false,"footnotes":""},"categories":[555973269,7350,671998],"tags":[],"class_list":["post-9983","post","type-post","status-publish","format-standard","has-post-thumbnail","hentry","category-gruppen","category-veranstaltungen","category-vielfalt"],"yoast_head":"<!-- This site is optimized with the Yoast SEO plugin v27.2 - https:\/\/yoast.com\/product\/yoast-seo-wordpress\/ -->\n<title>#wirfeiernbayern | \u00dcber Meta<\/title>\n<meta name=\"robots\" content=\"index, follow, max-snippet:-1, max-image-preview:large, max-video-preview:-1\" \/>\n<link rel=\"canonical\" href=\"https:\/\/about.fb.com\/de\/news\/2018\/11\/wirfeiernbayern\/\" \/>\n<meta property=\"og:locale\" content=\"de_DE\" \/>\n<meta property=\"og:type\" content=\"article\" \/>\n<meta property=\"og:title\" content=\"#wirfeiernbayern | \u00dcber Meta\" \/>\n<meta property=\"og:description\" content=\"Das 100-j\u00e4hrige Jubil\u00e4um des Freistaats Bayern nehmen wir zum Anlass, um Gemeinschaft und Vielfalt der Menschen im Freistaat zu feiern. In Kooperation mit BR24, dem digitalen Informationsangebot des Bayerischen Rundfunks, wurden daf\u00fcr f\u00fcnf besondere Facebook-Gruppen in 360-Grad-Videos in den Mittelpunkt gestellt. Die Videos zeigen den Charme Bayerns sowie Herausforderungen des Alltags. Die Gruppen \u201eBayerische Feuerwehren\u201c, \u201eKlettern in Franken\u201c, M\u00fctter in \u201eBayerische Mamis\u201c, Trachtler aus der Gruppe \u201eHirschlederne &amp; Dirndlgewand\u201c und \u201eSchatzsucher Bayern\u201c stehen beispielhaft f\u00fcr die vielen kleinen und gro\u00dfen Online-Communities, in denen Menschen rund um gemeinsame Interessen und Hobbies zusammenkommen. BR24 hat die Geschichten dieser Gemeinschaften in 360-Grad-Videos festgehalten und zeigt diese im Web, in der BR24 App und auf Facebook der \u00d6ffentlichkeit. Rund 4,8 Millionen Menschen in ganz Deutschland wurden bereits mit den spannenden, ausgefallenen, aber auch r\u00fchrenden Geschichten erreicht. Ausstellung in Berlin Im Auftrag von Facebook hat die M\u00fcnchner Fotografin Laura Zalenga die Geschichten dieser f\u00fcnf Gemeinschaften auch in 2D festgehalten. Sie zeigt in ihren Bildern, wie Menschen, die sich durch eine gemeinsame Leidenschaft online kennenlernen, offline zusammenkommen. Die Fotos und Videos sind ab dem 28. November als Teil einer zweiw\u00f6chigen multimedialen Ausstellung im Berliner Sony Center der \u00d6ffentlichkeit zug\u00e4nglich. Mit dieser multimedialen Ausstellung wollen wir dieses zivile Engagement w\u00fcrdigen. Ihren Auftakt fand die Ausstellung am Montag, den 26. November, mit einem Galerieempfang im Herzen Deutschlands \u2014 dem Reichstagsgeb\u00e4ude. Geladen waren G\u00e4ste aus Gesellschaft, Wirtschaft und Politik, die von den Gruppen-Administratoren mit auf eine virtuelle Reise nach Bayern genommen wurden. Gemeinschaft und Vielfalt im Freistaat Bayerische Feuerwehren (7.195 Mitglieder) &#8211; Die Arbeit einer freiwilligen Feuerwehr ist spannend und vielf\u00e4ltig. Ein \u00dcbungseinsatz der Freiwilligen Feuerwehr Aresing zeigt anschaulich, was einen dort alles erwarten kann. Mitglieder dieser und vieler weiterer Werks-, Berufs- oder freiwillige Feuerwehren aus Bayern treffen sich in der Facebook-Gruppe \u201cBayerische Feuerwehren\u201d, um Informationen und Erfahrungen auszutauschen und Kontakte zu kn\u00fcpfen. Viele Mitglieder kennen sich pers\u00f6nlich, haben zusammen \u00dcbungen gemeistert, bei Eins\u00e4tzen Hilfe geleistet und gemeinsam Menschen gerettet. Bayerische Mamis (6.078 Mitglieder) &#8211; Als frisch gebackene Mutter hat man viele Fragen und Sorgen. Um mit diesen nicht alleine dazustehen, hat Nicole Bielke die Facebook-Gruppe \u201cBayerische Mamis\u201d gegr\u00fcndet. Sie dient als Anlaufstelle f\u00fcr Mamas und werdende M\u00fctter aus Bayern. Hier k\u00f6nnen sich die Frauen austauschen, andere M\u00fctter aus ihrer Umgebung kennenlernen und sich zu gemeinsamen Ausfl\u00fcgen mit den Kindern verabreden. Im Video lernt man Nicole und ihre Gruppe kennen und kann mehr \u00fcber ihren Alltag erfahren. Klettern in Franken (3.485 Mitglieder) &#8211; In der Fr\u00e4nkischen Schweiz liegt eine der schwierigsten Kletterrouten Europas, die \u201cAction Directe\u201d. Im Video wurden drei Mitglieder der Facebook-Gruppe \u201cKlettern in Franken\u201d bei ihrem Aufstieg begleitet. Die Route ist eine von vielen, \u00fcber die sich die Kletterer in ihrer Gruppe austauschen. Sie suchen gemeinsam nach neuen Herausforderungen, tauschen wertvolle Tipps aus und verabreden sich regelm\u00e4\u00dfig zu Klettertouren in der Fr\u00e4nkischen und Hersbrucker Schweiz. Hirschlederne &amp; Dirndlgewand (4.159 Mitglieder) &#8211; Einen Wiesnbesuch mit 125 Trachtlern der Facebook-Gruppe \u201cHirschlederne &amp; Dirndlgewand\u201d kann man man in diesem Video miterleben und aus erster Hand erfahren, was die traditionelle bayerische Tracht ausmacht. Die Mitglieder der Gruppe treffen sich regelm\u00e4\u00dfig, um das bayerische Brauchtum auch au\u00dferhalb von Trachtenvereinen zu pflegen. Die Mitglieder haben zum Ziel, die Liebe f\u00fcr die landestypische Kleidung am Leben zu erhalten und den Gegensatz von Tradition und Moderne aufzuheben. Schatzsucher Bayern (2.290 Mitglieder) &#8211; Die Mitglieder dieser Gruppe verabreden sich regelm\u00e4\u00dfig, um mit Metalldetektoren auf organisierte Schatzsuchen zu gehen. Entweder in kleinen Gruppen oder auch in gro\u00dfer Runde mit bis zu 250 Teilnehmern. Wie so eine Schatzsuche aussehen und was man so finden kann, zeigt dieses Video. In ihrer Gruppe tauschen sich die Hobby-Schatzsucher \u00fcber Entdeckungstouren aus, zeigen ihre Funde und sprechen \u00fcber die beste Ausr\u00fcstung.\" \/>\n<meta property=\"og:url\" content=\"https:\/\/about.fb.com\/de\/news\/2018\/11\/wirfeiernbayern\/\" \/>\n<meta property=\"og:site_name\" content=\"\u00dcber Meta\" \/>\n<meta property=\"article:published_time\" content=\"2018-11-28T10:09:58+00:00\" \/>\n<meta property=\"og:image\" content=\"https:\/\/about.fb.com\/de\/wp-content\/uploads\/sites\/10\/2018\/11\/community_galerie_100_jahre_freistaat_bayern_kl.png?resize=1024,555\" \/>\n\t<meta property=\"og:image:width\" content=\"1024\" \/>\n\t<meta property=\"og:image:height\" content=\"555\" \/>\n\t<meta property=\"og:image:type\" content=\"image\/png\" \/>\n<meta name=\"author\" content=\"segmentafacebook\" \/>\n<meta name=\"twitter:card\" content=\"summary_large_image\" \/>\n<meta name=\"twitter:label1\" content=\"Written by\" \/>\n\t<meta name=\"twitter:data1\" content=\"Meta\" \/>\n\t<meta name=\"twitter:label2\" content=\"Est. reading time\" \/>\n\t<meta name=\"twitter:data2\" content=\"3 Minuten\" \/>\n<script type=\"application\/ld+json\" class=\"yoast-schema-graph\">{\"@context\":\"https:\/\/schema.org\",\"@graph\":[{\"@type\":\"Article\",\"@id\":\"https:\/\/about.fb.com\/de\/news\/2018\/11\/wirfeiernbayern\/#article\",\"isPartOf\":{\"@id\":\"https:\/\/about.fb.com\/de\/news\/2018\/11\/wirfeiernbayern\/\"},\"author\":\"Facebook company\",\"headline\":\"#wirfeiernbayern\",\"datePublished\":\"2018-11-28T10:09:58+00:00\",\"mainEntityOfPage\":{\"@id\":\"https:\/\/about.fb.com\/de\/news\/2018\/11\/wirfeiernbayern\/\"},\"wordCount\":668,\"publisher\":{\"@id\":\"https:\/\/about.fb.com\/de\/#organization\"},\"image\":{\"@id\":\"https:\/\/about.fb.com\/de\/news\/2018\/11\/wirfeiernbayern\/#primaryimage\"},\"thumbnailUrl\":\"https:\/\/about.fb.com\/de\/wp-content\/uploads\/sites\/10\/2018\/11\/community_galerie_100_jahre_freistaat_bayern_kl.png?fit=1046%2C567\",\"articleSection\":[\"Gruppen\",\"Veranstaltungen\",\"Vielfalt\"],\"inLanguage\":\"de-DE\"},{\"@type\":\"WebPage\",\"@id\":\"https:\/\/about.fb.com\/de\/news\/2018\/11\/wirfeiernbayern\/\",\"url\":\"https:\/\/about.fb.com\/de\/news\/2018\/11\/wirfeiernbayern\/\",\"name\":\"#wirfeiernbayern | \u00dcber Meta\",\"isPartOf\":{\"@id\":\"https:\/\/about.fb.com\/de\/#website\"},\"primaryImageOfPage\":{\"@id\":\"https:\/\/about.fb.com\/de\/news\/2018\/11\/wirfeiernbayern\/#primaryimage\"},\"image\":{\"@id\":\"https:\/\/about.fb.com\/de\/news\/2018\/11\/wirfeiernbayern\/#primaryimage\"},\"thumbnailUrl\":\"https:\/\/about.fb.com\/de\/wp-content\/uploads\/sites\/10\/2018\/11\/community_galerie_100_jahre_freistaat_bayern_kl.png?fit=1046%2C567\",\"datePublished\":\"2018-11-28T10:09:58+00:00\",\"breadcrumb\":{\"@id\":\"https:\/\/about.fb.com\/de\/news\/2018\/11\/wirfeiernbayern\/#breadcrumb\"},\"inLanguage\":\"de-DE\",\"potentialAction\":[{\"@type\":\"ReadAction\",\"target\":[\"https:\/\/about.fb.com\/de\/news\/2018\/11\/wirfeiernbayern\/\"]}],\"author\":\"\u00dcber Meta\"},{\"@type\":\"ImageObject\",\"inLanguage\":\"de-DE\",\"@id\":\"https:\/\/about.fb.com\/de\/news\/2018\/11\/wirfeiernbayern\/#primaryimage\",\"url\":\"https:\/\/about.fb.com\/de\/wp-content\/uploads\/sites\/10\/2018\/11\/community_galerie_100_jahre_freistaat_bayern_kl.png?fit=1046%2C567\",\"contentUrl\":\"https:\/\/about.fb.com\/de\/wp-content\/uploads\/sites\/10\/2018\/11\/community_galerie_100_jahre_freistaat_bayern_kl.png?fit=1046%2C567\",\"width\":1046,\"height\":567},{\"@type\":\"BreadcrumbList\",\"@id\":\"https:\/\/about.fb.com\/de\/news\/2018\/11\/wirfeiernbayern\/#breadcrumb\",\"itemListElement\":[{\"@type\":\"ListItem\",\"position\":1,\"name\":\"Home\",\"item\":\"https:\/\/about.fb.com\/de\/\"},{\"@type\":\"ListItem\",\"position\":2,\"name\":\"#wirfeiernbayern\"}]},{\"@type\":\"WebSite\",\"@id\":\"https:\/\/about.fb.com\/de\/#website\",\"url\":\"https:\/\/about.fb.com\/news\/\",\"name\":\"\u00dcber Meta\",\"description\":\"\",\"publisher\":{\"@id\":\"https:\/\/about.fb.com\/de\/#organization\"},\"potentialAction\":[{\"@type\":\"SearchAction\",\"target\":{\"@type\":\"EntryPoint\",\"urlTemplate\":\"https:\/\/about.fb.com\/de\/?s={search_term_string}\"},\"query-input\":{\"@type\":\"PropertyValueSpecification\",\"valueRequired\":true,\"valueName\":\"search_term_string\"}}],\"inLanguage\":\"de-DE\",\"alternateName\":[\"Meta Newsroom\",\"Meta\"]},{\"@type\":\"Organization\",\"@id\":\"https:\/\/about.fb.com\/de\/#organization\",\"name\":\"Meta\",\"url\":\"https:\/\/about.fb.com\/de\/\",\"logo\":{\"@type\":\"ImageObject\",\"inLanguage\":\"de-DE\",\"@id\":\"https:\/\/about.fb.com\/de\/#\/schema\/logo\/image\/\",\"url\":\"https:\/\/about.fb.com\/de\/wp-content\/uploads\/sites\/10\/2021\/10\/meta-social-16x9-1.jpg?fit=8000%2C4500\",\"contentUrl\":\"https:\/\/about.fb.com\/de\/wp-content\/uploads\/sites\/10\/2021\/10\/meta-social-16x9-1.jpg?fit=8000%2C4500\",\"width\":8000,\"height\":4500,\"caption\":\"Meta\"},\"image\":{\"@id\":\"https:\/\/about.fb.com\/de\/#\/schema\/logo\/image\/\"}}]}<\/script>\n<!-- \/ Yoast SEO plugin. -->","yoast_head_json":{"title":"#wirfeiernbayern | \u00dcber Meta","robots":{"index":"index","follow":"follow","max-snippet":"max-snippet:-1","max-image-preview":"max-image-preview:large","max-video-preview":"max-video-preview:-1"},"canonical":"https:\/\/about.fb.com\/de\/news\/2018\/11\/wirfeiernbayern\/","og_locale":"de_DE","og_type":"article","og_title":"#wirfeiernbayern | \u00dcber Meta","og_description":"Das 100-j\u00e4hrige Jubil\u00e4um des Freistaats Bayern nehmen wir zum Anlass, um Gemeinschaft und Vielfalt der Menschen im Freistaat zu feiern. In Kooperation mit BR24, dem digitalen Informationsangebot des Bayerischen Rundfunks, wurden daf\u00fcr f\u00fcnf besondere Facebook-Gruppen in 360-Grad-Videos in den Mittelpunkt gestellt. Die Videos zeigen den Charme Bayerns sowie Herausforderungen des Alltags. Die Gruppen \u201eBayerische Feuerwehren\u201c, \u201eKlettern in Franken\u201c, M\u00fctter in \u201eBayerische Mamis\u201c, Trachtler aus der Gruppe \u201eHirschlederne &amp; Dirndlgewand\u201c und \u201eSchatzsucher Bayern\u201c stehen beispielhaft f\u00fcr die vielen kleinen und gro\u00dfen Online-Communities, in denen Menschen rund um gemeinsame Interessen und Hobbies zusammenkommen. BR24 hat die Geschichten dieser Gemeinschaften in 360-Grad-Videos festgehalten und zeigt diese im Web, in der BR24 App und auf Facebook der \u00d6ffentlichkeit. Rund 4,8 Millionen Menschen in ganz Deutschland wurden bereits mit den spannenden, ausgefallenen, aber auch r\u00fchrenden Geschichten erreicht. Ausstellung in Berlin Im Auftrag von Facebook hat die M\u00fcnchner Fotografin Laura Zalenga die Geschichten dieser f\u00fcnf Gemeinschaften auch in 2D festgehalten. Sie zeigt in ihren Bildern, wie Menschen, die sich durch eine gemeinsame Leidenschaft online kennenlernen, offline zusammenkommen. Die Fotos und Videos sind ab dem 28. November als Teil einer zweiw\u00f6chigen multimedialen Ausstellung im Berliner Sony Center der \u00d6ffentlichkeit zug\u00e4nglich. Mit dieser multimedialen Ausstellung wollen wir dieses zivile Engagement w\u00fcrdigen. Ihren Auftakt fand die Ausstellung am Montag, den 26. November, mit einem Galerieempfang im Herzen Deutschlands \u2014 dem Reichstagsgeb\u00e4ude. Geladen waren G\u00e4ste aus Gesellschaft, Wirtschaft und Politik, die von den Gruppen-Administratoren mit auf eine virtuelle Reise nach Bayern genommen wurden. Gemeinschaft und Vielfalt im Freistaat Bayerische Feuerwehren (7.195 Mitglieder) &#8211; Die Arbeit einer freiwilligen Feuerwehr ist spannend und vielf\u00e4ltig. Ein \u00dcbungseinsatz der Freiwilligen Feuerwehr Aresing zeigt anschaulich, was einen dort alles erwarten kann. Mitglieder dieser und vieler weiterer Werks-, Berufs- oder freiwillige Feuerwehren aus Bayern treffen sich in der Facebook-Gruppe \u201cBayerische Feuerwehren\u201d, um Informationen und Erfahrungen auszutauschen und Kontakte zu kn\u00fcpfen. Viele Mitglieder kennen sich pers\u00f6nlich, haben zusammen \u00dcbungen gemeistert, bei Eins\u00e4tzen Hilfe geleistet und gemeinsam Menschen gerettet. Bayerische Mamis (6.078 Mitglieder) &#8211; Als frisch gebackene Mutter hat man viele Fragen und Sorgen. Um mit diesen nicht alleine dazustehen, hat Nicole Bielke die Facebook-Gruppe \u201cBayerische Mamis\u201d gegr\u00fcndet. Sie dient als Anlaufstelle f\u00fcr Mamas und werdende M\u00fctter aus Bayern. Hier k\u00f6nnen sich die Frauen austauschen, andere M\u00fctter aus ihrer Umgebung kennenlernen und sich zu gemeinsamen Ausfl\u00fcgen mit den Kindern verabreden. Im Video lernt man Nicole und ihre Gruppe kennen und kann mehr \u00fcber ihren Alltag erfahren. Klettern in Franken (3.485 Mitglieder) &#8211; In der Fr\u00e4nkischen Schweiz liegt eine der schwierigsten Kletterrouten Europas, die \u201cAction Directe\u201d. Im Video wurden drei Mitglieder der Facebook-Gruppe \u201cKlettern in Franken\u201d bei ihrem Aufstieg begleitet. Die Route ist eine von vielen, \u00fcber die sich die Kletterer in ihrer Gruppe austauschen. Sie suchen gemeinsam nach neuen Herausforderungen, tauschen wertvolle Tipps aus und verabreden sich regelm\u00e4\u00dfig zu Klettertouren in der Fr\u00e4nkischen und Hersbrucker Schweiz. Hirschlederne &amp; Dirndlgewand (4.159 Mitglieder) &#8211; Einen Wiesnbesuch mit 125 Trachtlern der Facebook-Gruppe \u201cHirschlederne &amp; Dirndlgewand\u201d kann man man in diesem Video miterleben und aus erster Hand erfahren, was die traditionelle bayerische Tracht ausmacht. Die Mitglieder der Gruppe treffen sich regelm\u00e4\u00dfig, um das bayerische Brauchtum auch au\u00dferhalb von Trachtenvereinen zu pflegen. Die Mitglieder haben zum Ziel, die Liebe f\u00fcr die landestypische Kleidung am Leben zu erhalten und den Gegensatz von Tradition und Moderne aufzuheben. Schatzsucher Bayern (2.290 Mitglieder) &#8211; Die Mitglieder dieser Gruppe verabreden sich regelm\u00e4\u00dfig, um mit Metalldetektoren auf organisierte Schatzsuchen zu gehen. Entweder in kleinen Gruppen oder auch in gro\u00dfer Runde mit bis zu 250 Teilnehmern. Wie so eine Schatzsuche aussehen und was man so finden kann, zeigt dieses Video. In ihrer Gruppe tauschen sich die Hobby-Schatzsucher \u00fcber Entdeckungstouren aus, zeigen ihre Funde und sprechen \u00fcber die beste Ausr\u00fcstung.","og_url":"https:\/\/about.fb.com\/de\/news\/2018\/11\/wirfeiernbayern\/","og_site_name":"\u00dcber Meta","article_published_time":"2018-11-28T10:09:58+00:00","og_image":[{"width":1024,"height":555,"url":"https:\/\/about.fb.com\/de\/wp-content\/uploads\/sites\/10\/2018\/11\/community_galerie_100_jahre_freistaat_bayern_kl.png?resize=1024,555","type":"image\/png"}],"author":"segmentafacebook","twitter_card":"summary_large_image","twitter_misc":{"Written by":"Meta","Est. reading time":"3 Minuten"},"schema":{"@context":"https:\/\/schema.org","@graph":[{"@type":"Article","@id":"https:\/\/about.fb.com\/de\/news\/2018\/11\/wirfeiernbayern\/#article","isPartOf":{"@id":"https:\/\/about.fb.com\/de\/news\/2018\/11\/wirfeiernbayern\/"},"author":"Facebook company","headline":"#wirfeiernbayern","datePublished":"2018-11-28T10:09:58+00:00","mainEntityOfPage":{"@id":"https:\/\/about.fb.com\/de\/news\/2018\/11\/wirfeiernbayern\/"},"wordCount":668,"publisher":{"@id":"https:\/\/about.fb.com\/de\/#organization"},"image":{"@id":"https:\/\/about.fb.com\/de\/news\/2018\/11\/wirfeiernbayern\/#primaryimage"},"thumbnailUrl":"https:\/\/about.fb.com\/de\/wp-content\/uploads\/sites\/10\/2018\/11\/community_galerie_100_jahre_freistaat_bayern_kl.png?fit=1046%2C567","articleSection":["Gruppen","Veranstaltungen","Vielfalt"],"inLanguage":"de-DE"},{"@type":"WebPage","@id":"https:\/\/about.fb.com\/de\/news\/2018\/11\/wirfeiernbayern\/","url":"https:\/\/about.fb.com\/de\/news\/2018\/11\/wirfeiernbayern\/","name":"#wirfeiernbayern | \u00dcber Meta","isPartOf":{"@id":"https:\/\/about.fb.com\/de\/#website"},"primaryImageOfPage":{"@id":"https:\/\/about.fb.com\/de\/news\/2018\/11\/wirfeiernbayern\/#primaryimage"},"image":{"@id":"https:\/\/about.fb.com\/de\/news\/2018\/11\/wirfeiernbayern\/#primaryimage"},"thumbnailUrl":"https:\/\/about.fb.com\/de\/wp-content\/uploads\/sites\/10\/2018\/11\/community_galerie_100_jahre_freistaat_bayern_kl.png?fit=1046%2C567","datePublished":"2018-11-28T10:09:58+00:00","breadcrumb":{"@id":"https:\/\/about.fb.com\/de\/news\/2018\/11\/wirfeiernbayern\/#breadcrumb"},"inLanguage":"de-DE","potentialAction":[{"@type":"ReadAction","target":["https:\/\/about.fb.com\/de\/news\/2018\/11\/wirfeiernbayern\/"]}],"author":"\u00dcber Meta"},{"@type":"ImageObject","inLanguage":"de-DE","@id":"https:\/\/about.fb.com\/de\/news\/2018\/11\/wirfeiernbayern\/#primaryimage","url":"https:\/\/about.fb.com\/de\/wp-content\/uploads\/sites\/10\/2018\/11\/community_galerie_100_jahre_freistaat_bayern_kl.png?fit=1046%2C567","contentUrl":"https:\/\/about.fb.com\/de\/wp-content\/uploads\/sites\/10\/2018\/11\/community_galerie_100_jahre_freistaat_bayern_kl.png?fit=1046%2C567","width":1046,"height":567},{"@type":"BreadcrumbList","@id":"https:\/\/about.fb.com\/de\/news\/2018\/11\/wirfeiernbayern\/#breadcrumb","itemListElement":[{"@type":"ListItem","position":1,"name":"Home","item":"https:\/\/about.fb.com\/de\/"},{"@type":"ListItem","position":2,"name":"#wirfeiernbayern"}]},{"@type":"WebSite","@id":"https:\/\/about.fb.com\/de\/#website","url":"https:\/\/about.fb.com\/news\/","name":"\u00dcber Meta","description":"","publisher":{"@id":"https:\/\/about.fb.com\/de\/#organization"},"potentialAction":[{"@type":"SearchAction","target":{"@type":"EntryPoint","urlTemplate":"https:\/\/about.fb.com\/de\/?s={search_term_string}"},"query-input":{"@type":"PropertyValueSpecification","valueRequired":true,"valueName":"search_term_string"}}],"inLanguage":"de-DE","alternateName":["Meta Newsroom","Meta"]},{"@type":"Organization","@id":"https:\/\/about.fb.com\/de\/#organization","name":"Meta","url":"https:\/\/about.fb.com\/de\/","logo":{"@type":"ImageObject","inLanguage":"de-DE","@id":"https:\/\/about.fb.com\/de\/#\/schema\/logo\/image\/","url":"https:\/\/about.fb.com\/de\/wp-content\/uploads\/sites\/10\/2021\/10\/meta-social-16x9-1.jpg?fit=8000%2C4500","contentUrl":"https:\/\/about.fb.com\/de\/wp-content\/uploads\/sites\/10\/2021\/10\/meta-social-16x9-1.jpg?fit=8000%2C4500","width":8000,"height":4500,"caption":"Meta"},"image":{"@id":"https:\/\/about.fb.com\/de\/#\/schema\/logo\/image\/"}}]}},"jetpack_featured_media_url":"https:\/\/about.fb.com\/de\/wp-content\/uploads\/sites\/10\/2018\/11\/community_galerie_100_jahre_freistaat_bayern_kl.png?fit=1046%2C567","jetpack-related-posts":[],"jetpack_sharing_enabled":true,"amp_enabled":true,"_links":{"self":[{"href":"https:\/\/about.fb.com\/de\/wp-json\/wp\/v2\/posts\/9983","targetHints":{"allow":["GET"]}}],"collection":[{"href":"https:\/\/about.fb.com\/de\/wp-json\/wp\/v2\/posts"}],"about":[{"href":"https:\/\/about.fb.com\/de\/wp-json\/wp\/v2\/types\/post"}],"author":[{"embeddable":true,"href":"https:\/\/about.fb.com\/de\/wp-json\/wp\/v2\/users\/116770500"}],"replies":[{"embeddable":true,"href":"https:\/\/about.fb.com\/de\/wp-json\/wp\/v2\/comments?post=9983"}],"version-history":[{"count":0,"href":"https:\/\/about.fb.com\/de\/wp-json\/wp\/v2\/posts\/9983\/revisions"}],"wp:featuredmedia":[{"embeddable":true,"href":"https:\/\/about.fb.com\/de\/wp-json\/wp\/v2\/media\/9999"}],"wp:attachment":[{"href":"https:\/\/about.fb.com\/de\/wp-json\/wp\/v2\/media?parent=9983"}],"wp:term":[{"taxonomy":"category","embeddable":true,"href":"https:\/\/about.fb.com\/de\/wp-json\/wp\/v2\/categories?post=9983"},{"taxonomy":"post_tag","embeddable":true,"href":"https:\/\/about.fb.com\/de\/wp-json\/wp\/v2\/tags?post=9983"}],"curies":[{"name":"wp","href":"https:\/\/api.w.org\/{rel}","templated":true}]}}