{"id":9780,"date":"2018-09-18T12:54:54","date_gmt":"2018-09-18T11:54:54","guid":{"rendered":"http:\/\/de.newsroom.fb.com\/?p=9780"},"modified":"2018-09-18T12:54:54","modified_gmt":"2018-09-18T11:54:54","slug":"austauschen-vernetzen-freundschaften-schliessen-10-jahre-facebook-auf-deutsch","status":"publish","type":"post","link":"https:\/\/about.fb.com\/de\/news\/2018\/09\/austauschen-vernetzen-freundschaften-schliessen-10-jahre-facebook-auf-deutsch\/","title":{"rendered":"Austauschen, Vernetzen, Freundschaften schlie\u00dfen: 10 Jahre Facebook auf Deutsch"},"content":{"rendered":"<p>Seit zehn Jahren gibt es Facebook in deutscher Sprache \u2013 zehn Jahre, in denen wertvolle Communities entstanden sind und die Plattform viele Ver\u00e4nderungen durchlaufen hat. In Deutschland sind heute mehr als 32 Millionen Menschen monatlich auf Facebook aktiv, vernetzen sich mit anderen, tauschen sich aus und gehen gemeinsamen Interessen oder Ideen nach. Anfang September haben wir dieses Jubil\u00e4um bereits mit zahlreichen Community Leadern in Berlin gefeiert. Von den ersten Schritten Facebooks in Deutschland, bis hin zu aktuellen Neuigkeiten, blicken wir heute zur\u00fcck auf eine ereignisreiche Zeit.<\/p>\n<p><b>Hallo, Deutschland! <\/b><br \/>\nSo viel wird \u00fcber Sprache vermittelt \u2013 Tradition, Kultur, unterschiedliche Perspektiven und Meinungen. Um diese zusammenzubringen, mussten wir eine M\u00f6glichkeit finden, Facebook in alle Sprachen dieser Welt zu \u00fcbersetzen. Dass es Facebook seit 2008 auf Deutsch gibt, ist nicht etwa der Verdienst von professionellen \u00dcbersetzern. Es ist vor allem ein Verdienst der Community: Mehr als 2.000 deutsche Facebook-Nutzer machten \u00dcbersetzungsvorschl\u00e4ge und gaben Bewertungen f\u00fcr \u00dcbersetzungen ab. Sobald genug Menschen f\u00fcr eine \u00dcbersetzung gestimmt hatten, wurde sie final best\u00e4tigt. \u00dcbrigens war Spanisch die erste Sprache, auf der Facebook neben Englisch verf\u00fcgbar war. Heute k\u00f6nnen wir Facebook nicht nur auf Deutsch, sondern auch in jeder offiziell auf der Welt gesprochenen Sprache anbieten.<\/p>\n<p>Nachdem sich Facebook auf Deutsch in den ersten Jahren stark entwickelte und wir viel positive Resonanz aus der Community erhielten, kamen auch die ersten Facebook-Mitarbeiter nach Deutschland. Im Februar 2010 er\u00f6ffnete Sheryl Sandberg das erste B\u00fcro in Hamburg, 2016 kam ein zweites in Berlin dazu.<\/p>\n<p>Eine Auswahl sch\u00f6ner Momente und Neuigkeiten auf Facebook aus den letzten zehn Jahren:<\/p>\n\n    \n    <div \n        id=\"gallery-9781,9782,9783,9784,9785,9786,9787,9788,9789,9790,9791-1-slideshow\" \n        class=\"jetpack-slideshow-window jetpack-slideshow jetpack-slideshow-black\" \n        data-trans=\"fade\" \n        data-autostart=\"true\" \n        data-gallery=\"[{&quot;src&quot;:&quot;https:\\\/\\\/about.fb.com\\\/de\\\/wp-content\\\/uploads\\\/sites\\\/10\\\/2018\\\/09\\\/bildschirmfoto-2018-09-18-um-12-08-34.png?fit=462%2C652&quot;,&quot;id&quot;:&quot;9781&quot;,&quot;title&quot;:&quot;Bildschirmfoto 2018-09-18 um 12.08.34&quot;,&quot;alt&quot;:&quot;&quot;,&quot;caption&quot;:&quot;&quot;,&quot;itemprop&quot;:&quot;image&quot;},{&quot;src&quot;:&quot;https:\\\/\\\/about.fb.com\\\/de\\\/wp-content\\\/uploads\\\/sites\\\/10\\\/2018\\\/09\\\/bildschirmfoto-2018-09-18-um-12-08-55.png?fit=460%2C649&quot;,&quot;id&quot;:&quot;9782&quot;,&quot;title&quot;:&quot;Bildschirmfoto 2018-09-18 um 12.08.55&quot;,&quot;alt&quot;:&quot;&quot;,&quot;caption&quot;:&quot;&quot;,&quot;itemprop&quot;:&quot;image&quot;},{&quot;src&quot;:&quot;https:\\\/\\\/about.fb.com\\\/de\\\/wp-content\\\/uploads\\\/sites\\\/10\\\/2018\\\/09\\\/bildschirmfoto-2018-09-18-um-12-09-10.png?fit=462%2C654&quot;,&quot;id&quot;:&quot;9783&quot;,&quot;title&quot;:&quot;Bildschirmfoto 2018-09-18 um 12.09.10&quot;,&quot;alt&quot;:&quot;&quot;,&quot;caption&quot;:&quot;&quot;,&quot;itemprop&quot;:&quot;image&quot;},{&quot;src&quot;:&quot;https:\\\/\\\/about.fb.com\\\/de\\\/wp-content\\\/uploads\\\/sites\\\/10\\\/2018\\\/09\\\/bildschirmfoto-2018-09-18-um-12-09-23.png?fit=462%2C653&quot;,&quot;id&quot;:&quot;9784&quot;,&quot;title&quot;:&quot;Bildschirmfoto 2018-09-18 um 12.09.23&quot;,&quot;alt&quot;:&quot;&quot;,&quot;caption&quot;:&quot;&quot;,&quot;itemprop&quot;:&quot;image&quot;},{&quot;src&quot;:&quot;https:\\\/\\\/about.fb.com\\\/de\\\/wp-content\\\/uploads\\\/sites\\\/10\\\/2018\\\/09\\\/bildschirmfoto-2018-09-18-um-12-09-33.png?fit=461%2C652&quot;,&quot;id&quot;:&quot;9785&quot;,&quot;title&quot;:&quot;Bildschirmfoto 2018-09-18 um 12.09.33&quot;,&quot;alt&quot;:&quot;&quot;,&quot;caption&quot;:&quot;&quot;,&quot;itemprop&quot;:&quot;image&quot;},{&quot;src&quot;:&quot;https:\\\/\\\/about.fb.com\\\/de\\\/wp-content\\\/uploads\\\/sites\\\/10\\\/2018\\\/09\\\/bildschirmfoto-2018-09-18-um-12-09-51.png?fit=462%2C651&quot;,&quot;id&quot;:&quot;9786&quot;,&quot;title&quot;:&quot;Bildschirmfoto 2018-09-18 um 12.09.51&quot;,&quot;alt&quot;:&quot;&quot;,&quot;caption&quot;:&quot;&quot;,&quot;itemprop&quot;:&quot;image&quot;},{&quot;src&quot;:&quot;https:\\\/\\\/about.fb.com\\\/de\\\/wp-content\\\/uploads\\\/sites\\\/10\\\/2018\\\/09\\\/bildschirmfoto-2018-09-18-um-12-10-06.png?fit=460%2C651&quot;,&quot;id&quot;:&quot;9787&quot;,&quot;title&quot;:&quot;Bildschirmfoto 2018-09-18 um 12.10.06&quot;,&quot;alt&quot;:&quot;&quot;,&quot;caption&quot;:&quot;&quot;,&quot;itemprop&quot;:&quot;image&quot;},{&quot;src&quot;:&quot;https:\\\/\\\/about.fb.com\\\/de\\\/wp-content\\\/uploads\\\/sites\\\/10\\\/2018\\\/09\\\/bildschirmfoto-2018-09-18-um-12-10-18.png?fit=462%2C651&quot;,&quot;id&quot;:&quot;9788&quot;,&quot;title&quot;:&quot;Bildschirmfoto 2018-09-18 um 12.10.18&quot;,&quot;alt&quot;:&quot;&quot;,&quot;caption&quot;:&quot;&quot;,&quot;itemprop&quot;:&quot;image&quot;},{&quot;src&quot;:&quot;https:\\\/\\\/about.fb.com\\\/de\\\/wp-content\\\/uploads\\\/sites\\\/10\\\/2018\\\/09\\\/bildschirmfoto-2018-09-18-um-12-10-33.png?fit=463%2C654&quot;,&quot;id&quot;:&quot;9789&quot;,&quot;title&quot;:&quot;Bildschirmfoto 2018-09-18 um 12.10.33&quot;,&quot;alt&quot;:&quot;&quot;,&quot;caption&quot;:&quot;&quot;,&quot;itemprop&quot;:&quot;image&quot;},{&quot;src&quot;:&quot;https:\\\/\\\/about.fb.com\\\/de\\\/wp-content\\\/uploads\\\/sites\\\/10\\\/2018\\\/09\\\/bildschirmfoto-2018-09-18-um-12-10-51.png?fit=463%2C654&quot;,&quot;id&quot;:&quot;9790&quot;,&quot;title&quot;:&quot;Bildschirmfoto 2018-09-18 um 12.10.51&quot;,&quot;alt&quot;:&quot;&quot;,&quot;caption&quot;:&quot;&quot;,&quot;itemprop&quot;:&quot;image&quot;},{&quot;src&quot;:&quot;https:\\\/\\\/about.fb.com\\\/de\\\/wp-content\\\/uploads\\\/sites\\\/10\\\/2018\\\/09\\\/bildschirmfoto-2018-09-18-um-12-11-12.png?fit=462%2C654&quot;,&quot;id&quot;:&quot;9791&quot;,&quot;title&quot;:&quot;Bildschirmfoto 2018-09-18 um 12.11.12&quot;,&quot;alt&quot;:&quot;&quot;,&quot;caption&quot;:&quot;&quot;,&quot;itemprop&quot;:&quot;image&quot;}]\" \n        itemscope \n        itemtype=\"https:\/\/schema.org\/ImageGallery\">\n    <\/div>\n\n    <script type=\"text\/javascript\">\n    if (typeof jetpackSlideshowSettings === 'undefined') {\n        window.jetpackSlideshowSettings = {\n            spinner: 'https:\/\/about.fb.com\/de\/wp-content\/mu-plugins\/jetpack\/modules\/shortcodes\/img\/slideshow-loader.gif',\n            speed: '4000',\n            label_prev: 'Previous Slide',\n            label_stop: 'Pause Slideshow',\n            label_next: 'Next Slide'\n        };\n    }\n\n    jQuery(document).ready(function($) {\n        $('.jetpack-slideshow-noscript').remove();\n        var container = $('#gallery-9781,9782,9783,9784,9785,9786,9787,9788,9789,9790,9791-1-slideshow');\n        if (!container.data('processed')) {\n            var slideshow = new JetpackSlideshow(\n                container,\n                container.data('trans'),\n                container.data('autostart')\n            );\n            slideshow.images = container.data('gallery');\n            slideshow.init();\n            container.data('processed', true);\n        }\n    });\n    <\/script>\n\n    \n<p><b>Eine starke Community<\/b><br \/>\nMartin Ott, Managing Director Central Europe bei Facebook, freut sich \u00fcber die Entwicklung von Facebook in Deutschland: \u201cWir hatten in den letzten zehn Jahren viele sch\u00f6ne Momente und haben nat\u00fcrlich auch viel dazugelernt. Wir konnten sehen, wof\u00fcr sich Menschen begeistern und wie sie Facebook nutzen, um miteinander in Kontakt zu treten. In zehn Jahren sind so viele wertvolle Gemeinschaften auf Facebook entstanden, in denen sich Menschen austauschen, unterst\u00fctzen und miteinander verbinden\u201d.<\/p>\n<p>So wurde auch die Gruppe \u201e<a href=\"https:\/\/www.facebook.com\/groups\/125689014450727\/about\/\">Seniorinnen \/ Senioren und alle Menschen mit Interesse am Thema \u201aAlter\u2019<\/a>\u201c gegr\u00fcndet, in der Themen rund ums Altern geteilt und diskutiert werden. Oder das <a href=\"https:\/\/www.facebook.com\/devugees\/?hc_ref=ARRjWPlxzypt4HTg4XYtuVgbdNejsZp5OIEI-tIZHDi_2loXLzi_2csXFTwbhhvtbXQ&amp;__xts__[0]=68.ARDWfLj0E8xiXfzgCKMw3woSuPqrHwvNMLDqj9oWdfXRpfnFYzEPfT8b23W_gp7YiFzJ7BnjcGHcFLEnyo1mMD5XUOF3mOzTaZRMyhV8_aFl7BeMQPbvkaWY4Gn7qExd2sLbLP0&amp;__tn__=kC-R\">Digital Career Institute for Refugees<\/a>\u00a0\u2013 eine Organisation, die das Programm \u201eDevugees\u201c durchf\u00fchrt, um Fl\u00fcchtlinge auf den deutschen Arbeitsmarkt vorzubereiten. Die Gruppe <a href=\"https:\/\/www.facebook.com\/groups\/Neue.Freunde.LG\/?ref=group_header\">Neue Freunde in und um L\u00fcneburg gesucht<\/a> wiederum widmet sich Menschen, die neu in L\u00fcneburg sind oder neue Menschen aus der Umgebung kennen lernen m\u00f6chten. In allen Lebensbereichen finden sich Communities, in denen sich Menschen austauschen.<\/p>\n<p>Um Menschen auch offline zu vernetzen und die Gemeinschaften auf Facebook aktiv zu unterst\u00fctzen, haben wir 2018 in London den ersten Facebook Communities Summit in Europa veranstaltet. Auch 16 Gruppen-Admins aus Deutschland und \u00d6sterreich waren dabei. Darauf aufbauend haben wir das <a href=\"https:\/\/about-fb-preprod.go-vip.net\/de\/2018\/02\/facebook-kuendigt-neue-investitionen-fuer-community-leader-an\/\">Facebook Community Leadership Program<\/a> bekanntgegeben \u2013\u00a0eine globale Initiative, die Menschen dabei unterst\u00fctzt, Communities aufzubauen. Unter anderem werden im Zuge dessen bis zu 10 Millionen Dollar F\u00f6rdermittel direkt an die Menschen gehen, die Communities gr\u00fcnden und leiten.<\/p>\n<p>Wir bedanken uns bei allen f\u00fcr zehn ereignisreiche Jahre mit Facebook in deutscher Sprache und die sch\u00f6nen Momente, die wir gemeinsam mit der Community erleben durften und freuen uns auf den weiteren Weg, der in Deutschland vor uns liegt. Facebook auf Deutsch? Gef\u00e4llt uns! #10yearsfbde<\/p>\n<hr \/>\n<p><strong>Weitere Fakten und Zahlen<\/strong>, wie Facebook Menschen hilft, sich zu verschiedenen Themen zu vernetzen:<\/p>\n<ul>\n<li><b>29. November 2013<\/b>: Der FC Bayern M\u00fcnchen hat als erster deutscher Fu\u00dfballverein 10 Millionen Fans.<\/li>\n<li><b>Juni 2014: <\/b>Fu\u00dfball-WM 2014: Vom 12. Juni bis zum 13. Juli beteiligten sich 350 Millionen Menschen an der Unterhaltung auf Facebook, wodurch 3 Milliarden Interaktionen (Beitr\u00e4ge, Kommentare und \u201eGef\u00e4llt mir\u201c-Angaben) bez\u00fcglich der WM generiert wurden. 88 Millionen Menschen erzeugten zum Finale zwischen Deutschland und Argentinien 280 Millionen Interaktionen. Damit ist das Spiel die beliebteste Einzelsportveranstaltung mit den meisten Unterhaltungen in der Geschichte von Facebook.<\/li>\n<li><b>September 2014<\/b>: Allein in Deutschland haben \u00fcber 20 Millionen Menschen mehr als 387 Millionen Verbindungen mit kleinen und mittleren Unternehmen \u2013 das sind 77 Prozent der in Deutschland aktiven Menschen!<\/li>\n<li><b>Februar 2015<\/b>: Wie unsere Geschichten zeigen, \u00fcberwinden Freundschaften Hindernisse und Distanzen. Rechnet man die Entfernungen von allen Freundschaften auf Facebook zusammen, ergibt das 73 Trillionen Kilometer! Das ist knapp die Entfernung zum n\u00e4chstgelegenen Stern und zur\u00fcck. Diese Strecke reicht aus, um die Erde 1,8 Millionen Mal zu umrunden.<\/li>\n<li><b>April 2016<\/b>: In der Facebook-Gruppe \u201eSyrisches Haus in Deutschland\u201c teilen \u00fcber 170.000 Mitglieder tagt\u00e4glich Informationen und Tipps f\u00fcr das Leben in Deutschland.<\/li>\n<li><b>Juli 2016<\/b>: 4,2 Millionen Menschen kommen auf Facebook zusammen, um mobil und am Computer die Live-Berichterstattung von N24 zum schrecklichen Amoklauf in M\u00fcnchen zu verfolgen. Der Amoklauf in M\u00fcnchen ist auch der erste Fall, bei dem in Deutschland das Crisis Response Tool aktiviert wird.<\/li>\n<li><b>M\u00e4rz 2017<\/b>: Der Internationaler Frauentag ist auf Facebook das meistdiskutierte Ereignis im Jahr 2017 \u00fcberhaupt. Menschen auf der ganzen Welt diskutierten, teilten oder posteten rund um diesen Anlass am 8. M\u00e4rz. Insgesamt gab es doppelt so viele Beitr\u00e4ge zu diesem Thema als im Jahr zuvor.<\/li>\n<li><b>August 2018<\/b>: Auf Facebook haben sich \u00fcber 2,5 Millionen Menschen in Deutschland \u00fcber das Thema Hitze ausgetauscht. Der H\u00f6hepunkt der Kommentare dazu war am 26. Juli 2018, der gleichzeitig der bislang hei\u00dfeste Tag des Jahres im Lande war. An diesem Tag haben 450.000 deutsche Nutzer \u00fcber 870.000 Interaktionen (Beitr\u00e4ge, Kommentare und Reaktionen) mit Hitze-bezogenen Inhalten auf Facebook geteilt.<\/li>\n<\/ul>\n","protected":false},"excerpt":{"rendered":"Seit zehn Jahren gibt es Facebook in deutscher Sprache \u2013 zehn Jahre, in denen wertvolle Communities entstanden sind und die Plattform viele Ver\u00e4nderungen durchlaufen hat. In Deutschland sind heute mehr als 32 Millionen Menschen monatlich auf Facebook aktiv, vernetzen sich mit anderen, tauschen sich aus und gehen gemeinsamen Interessen oder Ideen nach. Anfang September haben wir dieses Jubil\u00e4um bereits mit zahlreichen Community Leadern in Berlin gefeiert. Von den ersten Schritten Facebooks in Deutschland, bis hin zu aktuellen Neuigkeiten, blicken wir heute zur\u00fcck auf eine ereignisreiche Zeit. Hallo, Deutschland! So viel wird \u00fcber Sprache vermittelt \u2013 Tradition, Kultur, unterschiedliche Perspektiven und Meinungen. Um diese zusammenzubringen, mussten wir eine M\u00f6glichkeit finden, Facebook in alle Sprachen dieser Welt zu \u00fcbersetzen. Dass es Facebook seit 2008 auf Deutsch gibt, ist nicht etwa der Verdienst von professionellen \u00dcbersetzern. Es ist vor allem ein Verdienst der Community: Mehr als 2.000 deutsche Facebook-Nutzer machten \u00dcbersetzungsvorschl\u00e4ge und gaben Bewertungen f\u00fcr \u00dcbersetzungen ab. Sobald genug Menschen f\u00fcr eine \u00dcbersetzung gestimmt hatten, wurde sie final best\u00e4tigt. \u00dcbrigens war Spanisch die erste Sprache, auf der Facebook neben Englisch verf\u00fcgbar war. Heute k\u00f6nnen wir Facebook nicht nur auf Deutsch, sondern auch in jeder offiziell auf der Welt gesprochenen Sprache anbieten. Nachdem sich Facebook auf Deutsch in den ersten Jahren stark entwickelte und wir viel positive Resonanz aus der Community erhielten, kamen auch die ersten Facebook-Mitarbeiter nach Deutschland. Im Februar 2010 er\u00f6ffnete Sheryl Sandberg das erste B\u00fcro in Hamburg, 2016 kam ein zweites in Berlin dazu. Eine Auswahl sch\u00f6ner Momente und Neuigkeiten auf Facebook aus den letzten zehn Jahren: Eine starke Community Martin Ott, Managing Director Central Europe bei Facebook, freut sich \u00fcber die Entwicklung von Facebook in Deutschland: \u201cWir hatten in den letzten zehn Jahren viele sch\u00f6ne Momente und haben nat\u00fcrlich auch viel dazugelernt. Wir konnten sehen, wof\u00fcr sich Menschen begeistern und wie sie Facebook nutzen, um miteinander in Kontakt zu treten. In zehn Jahren sind so viele wertvolle Gemeinschaften auf Facebook entstanden, in denen sich Menschen austauschen, unterst\u00fctzen und miteinander verbinden\u201d. So wurde auch die Gruppe \u201eSeniorinnen \/ Senioren und alle Menschen mit Interesse am Thema \u201aAlter\u2019\u201c gegr\u00fcndet, in der Themen rund ums Altern geteilt und diskutiert werden. Oder das Digital Career Institute for Refugees\u00a0\u2013 eine Organisation, die das Programm \u201eDevugees\u201c durchf\u00fchrt, um Fl\u00fcchtlinge auf den deutschen Arbeitsmarkt vorzubereiten. Die Gruppe Neue Freunde in und um L\u00fcneburg gesucht wiederum widmet sich Menschen, die neu in L\u00fcneburg sind oder neue Menschen aus der Umgebung kennen lernen m\u00f6chten. In allen Lebensbereichen finden sich Communities, in denen sich Menschen austauschen. Um Menschen auch offline zu vernetzen und die Gemeinschaften auf Facebook aktiv zu unterst\u00fctzen, haben wir 2018 in London den ersten Facebook Communities Summit in Europa veranstaltet. Auch 16 Gruppen-Admins aus Deutschland und \u00d6sterreich waren dabei. Darauf aufbauend haben wir das Facebook Community Leadership Program bekanntgegeben \u2013\u00a0eine globale Initiative, die Menschen dabei unterst\u00fctzt, Communities aufzubauen. Unter anderem werden im Zuge dessen bis zu 10 Millionen Dollar F\u00f6rdermittel direkt an die Menschen gehen, die Communities gr\u00fcnden und leiten. Wir bedanken uns bei allen f\u00fcr zehn ereignisreiche Jahre mit Facebook in deutscher Sprache und die sch\u00f6nen Momente, die wir gemeinsam mit der Community erleben durften und freuen uns auf den weiteren Weg, der in Deutschland vor uns liegt. Facebook auf Deutsch? Gef\u00e4llt uns! #10yearsfbde Weitere Fakten und Zahlen, wie Facebook Menschen hilft, sich zu verschiedenen Themen zu vernetzen: 29. November 2013: Der FC Bayern M\u00fcnchen hat als erster deutscher Fu\u00dfballverein 10 Millionen Fans. Juni 2014: Fu\u00dfball-WM 2014: Vom 12. Juni bis zum 13. Juli beteiligten sich 350 Millionen Menschen an der Unterhaltung auf Facebook, wodurch 3 Milliarden Interaktionen (Beitr\u00e4ge, Kommentare und \u201eGef\u00e4llt mir\u201c-Angaben) bez\u00fcglich der WM generiert wurden. 88 Millionen Menschen erzeugten zum Finale zwischen Deutschland und Argentinien 280 Millionen Interaktionen. Damit ist das Spiel die beliebteste Einzelsportveranstaltung mit den meisten Unterhaltungen in der Geschichte von Facebook. September 2014: Allein in Deutschland haben \u00fcber 20 Millionen Menschen mehr als 387 Millionen Verbindungen mit kleinen und mittleren Unternehmen \u2013 das sind 77 Prozent der in Deutschland aktiven Menschen! Februar 2015: Wie unsere Geschichten zeigen, \u00fcberwinden Freundschaften Hindernisse und Distanzen. Rechnet man die Entfernungen von allen Freundschaften auf Facebook zusammen, ergibt das 73 Trillionen Kilometer! Das ist knapp die Entfernung zum n\u00e4chstgelegenen Stern und zur\u00fcck. Diese Strecke reicht aus, um die Erde 1,8 Millionen Mal zu umrunden. April 2016: In der Facebook-Gruppe \u201eSyrisches Haus in Deutschland\u201c teilen \u00fcber 170.000 Mitglieder tagt\u00e4glich Informationen und Tipps f\u00fcr das Leben in Deutschland. Juli 2016: 4,2 Millionen Menschen kommen auf Facebook zusammen, um mobil und am Computer die Live-Berichterstattung von N24 zum schrecklichen Amoklauf in M\u00fcnchen zu verfolgen. Der Amoklauf in M\u00fcnchen ist auch der erste Fall, bei dem in Deutschland das Crisis Response Tool aktiviert wird. M\u00e4rz 2017: Der Internationaler Frauentag ist auf Facebook das meistdiskutierte Ereignis im Jahr 2017 \u00fcberhaupt. Menschen auf der ganzen Welt diskutierten, teilten oder posteten rund um diesen Anlass am 8. M\u00e4rz. Insgesamt gab es doppelt so viele Beitr\u00e4ge zu diesem Thema als im Jahr zuvor. August 2018: Auf Facebook haben sich \u00fcber 2,5 Millionen Menschen in Deutschland \u00fcber das Thema Hitze ausgetauscht. Der H\u00f6hepunkt der Kommentare dazu war am 26. Juli 2018, der gleichzeitig der bislang hei\u00dfeste Tag des Jahres im Lande war. An diesem Tag haben 450.000 deutsche Nutzer \u00fcber 870.000 Interaktionen (Beitr\u00e4ge, Kommentare und Reaktionen) mit Hitze-bezogenen Inhalten auf Facebook geteilt.","protected":false},"author":116717058,"featured_media":9796,"comment_status":"closed","ping_status":"closed","sticky":false,"template":"","format":"standard","meta":{"_jetpack_memberships_contains_paid_content":false,"footnotes":""},"categories":[555973269,1,30697048],"tags":[],"class_list":["post-9780","post","type-post","status-publish","format-standard","has-post-thumbnail","hentry","category-gruppen","category-uncategorized","category-unternehmensmeldungen"],"yoast_head":"<!-- This site is optimized with the Yoast SEO plugin v27.2 - https:\/\/yoast.com\/product\/yoast-seo-wordpress\/ -->\n<title>Austauschen, Vernetzen, Freundschaften schlie\u00dfen: 10 Jahre Facebook auf Deutsch | \u00dcber Meta<\/title>\n<meta name=\"robots\" content=\"index, follow, max-snippet:-1, max-image-preview:large, max-video-preview:-1\" \/>\n<link rel=\"canonical\" href=\"https:\/\/about.fb.com\/de\/news\/2018\/09\/austauschen-vernetzen-freundschaften-schliessen-10-jahre-facebook-auf-deutsch\/\" \/>\n<meta property=\"og:locale\" content=\"de_DE\" \/>\n<meta property=\"og:type\" content=\"article\" \/>\n<meta property=\"og:title\" content=\"Austauschen, Vernetzen, Freundschaften schlie\u00dfen: 10 Jahre Facebook auf Deutsch | \u00dcber Meta\" \/>\n<meta property=\"og:description\" content=\"Seit zehn Jahren gibt es Facebook in deutscher Sprache \u2013 zehn Jahre, in denen wertvolle Communities entstanden sind und die Plattform viele Ver\u00e4nderungen durchlaufen hat. In Deutschland sind heute mehr als 32 Millionen Menschen monatlich auf Facebook aktiv, vernetzen sich mit anderen, tauschen sich aus und gehen gemeinsamen Interessen oder Ideen nach. Anfang September haben wir dieses Jubil\u00e4um bereits mit zahlreichen Community Leadern in Berlin gefeiert. Von den ersten Schritten Facebooks in Deutschland, bis hin zu aktuellen Neuigkeiten, blicken wir heute zur\u00fcck auf eine ereignisreiche Zeit. Hallo, Deutschland! So viel wird \u00fcber Sprache vermittelt \u2013 Tradition, Kultur, unterschiedliche Perspektiven und Meinungen. Um diese zusammenzubringen, mussten wir eine M\u00f6glichkeit finden, Facebook in alle Sprachen dieser Welt zu \u00fcbersetzen. Dass es Facebook seit 2008 auf Deutsch gibt, ist nicht etwa der Verdienst von professionellen \u00dcbersetzern. Es ist vor allem ein Verdienst der Community: Mehr als 2.000 deutsche Facebook-Nutzer machten \u00dcbersetzungsvorschl\u00e4ge und gaben Bewertungen f\u00fcr \u00dcbersetzungen ab. Sobald genug Menschen f\u00fcr eine \u00dcbersetzung gestimmt hatten, wurde sie final best\u00e4tigt. \u00dcbrigens war Spanisch die erste Sprache, auf der Facebook neben Englisch verf\u00fcgbar war. Heute k\u00f6nnen wir Facebook nicht nur auf Deutsch, sondern auch in jeder offiziell auf der Welt gesprochenen Sprache anbieten. Nachdem sich Facebook auf Deutsch in den ersten Jahren stark entwickelte und wir viel positive Resonanz aus der Community erhielten, kamen auch die ersten Facebook-Mitarbeiter nach Deutschland. Im Februar 2010 er\u00f6ffnete Sheryl Sandberg das erste B\u00fcro in Hamburg, 2016 kam ein zweites in Berlin dazu. Eine Auswahl sch\u00f6ner Momente und Neuigkeiten auf Facebook aus den letzten zehn Jahren: Eine starke Community Martin Ott, Managing Director Central Europe bei Facebook, freut sich \u00fcber die Entwicklung von Facebook in Deutschland: \u201cWir hatten in den letzten zehn Jahren viele sch\u00f6ne Momente und haben nat\u00fcrlich auch viel dazugelernt. Wir konnten sehen, wof\u00fcr sich Menschen begeistern und wie sie Facebook nutzen, um miteinander in Kontakt zu treten. In zehn Jahren sind so viele wertvolle Gemeinschaften auf Facebook entstanden, in denen sich Menschen austauschen, unterst\u00fctzen und miteinander verbinden\u201d. So wurde auch die Gruppe \u201eSeniorinnen \/ Senioren und alle Menschen mit Interesse am Thema \u201aAlter\u2019\u201c gegr\u00fcndet, in der Themen rund ums Altern geteilt und diskutiert werden. Oder das Digital Career Institute for Refugees\u00a0\u2013 eine Organisation, die das Programm \u201eDevugees\u201c durchf\u00fchrt, um Fl\u00fcchtlinge auf den deutschen Arbeitsmarkt vorzubereiten. Die Gruppe Neue Freunde in und um L\u00fcneburg gesucht wiederum widmet sich Menschen, die neu in L\u00fcneburg sind oder neue Menschen aus der Umgebung kennen lernen m\u00f6chten. In allen Lebensbereichen finden sich Communities, in denen sich Menschen austauschen. Um Menschen auch offline zu vernetzen und die Gemeinschaften auf Facebook aktiv zu unterst\u00fctzen, haben wir 2018 in London den ersten Facebook Communities Summit in Europa veranstaltet. Auch 16 Gruppen-Admins aus Deutschland und \u00d6sterreich waren dabei. Darauf aufbauend haben wir das Facebook Community Leadership Program bekanntgegeben \u2013\u00a0eine globale Initiative, die Menschen dabei unterst\u00fctzt, Communities aufzubauen. Unter anderem werden im Zuge dessen bis zu 10 Millionen Dollar F\u00f6rdermittel direkt an die Menschen gehen, die Communities gr\u00fcnden und leiten. Wir bedanken uns bei allen f\u00fcr zehn ereignisreiche Jahre mit Facebook in deutscher Sprache und die sch\u00f6nen Momente, die wir gemeinsam mit der Community erleben durften und freuen uns auf den weiteren Weg, der in Deutschland vor uns liegt. Facebook auf Deutsch? Gef\u00e4llt uns! #10yearsfbde Weitere Fakten und Zahlen, wie Facebook Menschen hilft, sich zu verschiedenen Themen zu vernetzen: 29. November 2013: Der FC Bayern M\u00fcnchen hat als erster deutscher Fu\u00dfballverein 10 Millionen Fans. Juni 2014: Fu\u00dfball-WM 2014: Vom 12. Juni bis zum 13. Juli beteiligten sich 350 Millionen Menschen an der Unterhaltung auf Facebook, wodurch 3 Milliarden Interaktionen (Beitr\u00e4ge, Kommentare und \u201eGef\u00e4llt mir\u201c-Angaben) bez\u00fcglich der WM generiert wurden. 88 Millionen Menschen erzeugten zum Finale zwischen Deutschland und Argentinien 280 Millionen Interaktionen. Damit ist das Spiel die beliebteste Einzelsportveranstaltung mit den meisten Unterhaltungen in der Geschichte von Facebook. September 2014: Allein in Deutschland haben \u00fcber 20 Millionen Menschen mehr als 387 Millionen Verbindungen mit kleinen und mittleren Unternehmen \u2013 das sind 77 Prozent der in Deutschland aktiven Menschen! Februar 2015: Wie unsere Geschichten zeigen, \u00fcberwinden Freundschaften Hindernisse und Distanzen. Rechnet man die Entfernungen von allen Freundschaften auf Facebook zusammen, ergibt das 73 Trillionen Kilometer! Das ist knapp die Entfernung zum n\u00e4chstgelegenen Stern und zur\u00fcck. Diese Strecke reicht aus, um die Erde 1,8 Millionen Mal zu umrunden. April 2016: In der Facebook-Gruppe \u201eSyrisches Haus in Deutschland\u201c teilen \u00fcber 170.000 Mitglieder tagt\u00e4glich Informationen und Tipps f\u00fcr das Leben in Deutschland. Juli 2016: 4,2 Millionen Menschen kommen auf Facebook zusammen, um mobil und am Computer die Live-Berichterstattung von N24 zum schrecklichen Amoklauf in M\u00fcnchen zu verfolgen. Der Amoklauf in M\u00fcnchen ist auch der erste Fall, bei dem in Deutschland das Crisis Response Tool aktiviert wird. M\u00e4rz 2017: Der Internationaler Frauentag ist auf Facebook das meistdiskutierte Ereignis im Jahr 2017 \u00fcberhaupt. Menschen auf der ganzen Welt diskutierten, teilten oder posteten rund um diesen Anlass am 8. M\u00e4rz. Insgesamt gab es doppelt so viele Beitr\u00e4ge zu diesem Thema als im Jahr zuvor. August 2018: Auf Facebook haben sich \u00fcber 2,5 Millionen Menschen in Deutschland \u00fcber das Thema Hitze ausgetauscht. Der H\u00f6hepunkt der Kommentare dazu war am 26. Juli 2018, der gleichzeitig der bislang hei\u00dfeste Tag des Jahres im Lande war. An diesem Tag haben 450.000 deutsche Nutzer \u00fcber 870.000 Interaktionen (Beitr\u00e4ge, Kommentare und Reaktionen) mit Hitze-bezogenen Inhalten auf Facebook geteilt.\" \/>\n<meta property=\"og:url\" content=\"https:\/\/about.fb.com\/de\/news\/2018\/09\/austauschen-vernetzen-freundschaften-schliessen-10-jahre-facebook-auf-deutsch\/\" \/>\n<meta property=\"og:site_name\" content=\"\u00dcber Meta\" \/>\n<meta property=\"article:published_time\" content=\"2018-09-18T11:54:54+00:00\" \/>\n<meta property=\"og:image\" content=\"https:\/\/about.fb.com\/de\/wp-content\/uploads\/sites\/10\/2018\/09\/lars_huebner_fotograf_9484.jpg?resize=1024,683\" \/>\n\t<meta property=\"og:image:width\" content=\"1024\" \/>\n\t<meta property=\"og:image:height\" content=\"683\" \/>\n\t<meta property=\"og:image:type\" content=\"image\/jpeg\" \/>\n<meta name=\"author\" content=\"sobbesegmentade\" \/>\n<meta name=\"twitter:card\" content=\"summary_large_image\" \/>\n<meta name=\"twitter:label1\" content=\"Written by\" \/>\n\t<meta name=\"twitter:data1\" content=\"Meta\" \/>\n\t<meta name=\"twitter:label2\" content=\"Est. reading time\" \/>\n\t<meta name=\"twitter:data2\" content=\"4 Minuten\" \/>\n<script type=\"application\/ld+json\" class=\"yoast-schema-graph\">{\"@context\":\"https:\/\/schema.org\",\"@graph\":[{\"@type\":\"Article\",\"@id\":\"https:\/\/about.fb.com\/de\/news\/2018\/09\/austauschen-vernetzen-freundschaften-schliessen-10-jahre-facebook-auf-deutsch\/#article\",\"isPartOf\":{\"@id\":\"https:\/\/about.fb.com\/de\/news\/2018\/09\/austauschen-vernetzen-freundschaften-schliessen-10-jahre-facebook-auf-deutsch\/\"},\"author\":\"Facebook company\",\"headline\":\"Austauschen, Vernetzen, Freundschaften schlie\u00dfen: 10 Jahre Facebook auf Deutsch\",\"datePublished\":\"2018-09-18T11:54:54+00:00\",\"mainEntityOfPage\":{\"@id\":\"https:\/\/about.fb.com\/de\/news\/2018\/09\/austauschen-vernetzen-freundschaften-schliessen-10-jahre-facebook-auf-deutsch\/\"},\"wordCount\":899,\"publisher\":{\"@id\":\"https:\/\/about.fb.com\/de\/#organization\"},\"image\":{\"@id\":\"https:\/\/about.fb.com\/de\/news\/2018\/09\/austauschen-vernetzen-freundschaften-schliessen-10-jahre-facebook-auf-deutsch\/#primaryimage\"},\"thumbnailUrl\":\"https:\/\/about.fb.com\/de\/wp-content\/uploads\/sites\/10\/2018\/09\/lars_huebner_fotograf_9484.jpg?fit=5500%2C3671\",\"articleSection\":[\"Gruppen\",\"Uncategorized\",\"Unternehmensmeldungen\"],\"inLanguage\":\"de-DE\"},{\"@type\":\"WebPage\",\"@id\":\"https:\/\/about.fb.com\/de\/news\/2018\/09\/austauschen-vernetzen-freundschaften-schliessen-10-jahre-facebook-auf-deutsch\/\",\"url\":\"https:\/\/about.fb.com\/de\/news\/2018\/09\/austauschen-vernetzen-freundschaften-schliessen-10-jahre-facebook-auf-deutsch\/\",\"name\":\"Austauschen, Vernetzen, Freundschaften schlie\u00dfen: 10 Jahre Facebook auf Deutsch | \u00dcber Meta\",\"isPartOf\":{\"@id\":\"https:\/\/about.fb.com\/de\/#website\"},\"primaryImageOfPage\":{\"@id\":\"https:\/\/about.fb.com\/de\/news\/2018\/09\/austauschen-vernetzen-freundschaften-schliessen-10-jahre-facebook-auf-deutsch\/#primaryimage\"},\"image\":{\"@id\":\"https:\/\/about.fb.com\/de\/news\/2018\/09\/austauschen-vernetzen-freundschaften-schliessen-10-jahre-facebook-auf-deutsch\/#primaryimage\"},\"thumbnailUrl\":\"https:\/\/about.fb.com\/de\/wp-content\/uploads\/sites\/10\/2018\/09\/lars_huebner_fotograf_9484.jpg?fit=5500%2C3671\",\"datePublished\":\"2018-09-18T11:54:54+00:00\",\"breadcrumb\":{\"@id\":\"https:\/\/about.fb.com\/de\/news\/2018\/09\/austauschen-vernetzen-freundschaften-schliessen-10-jahre-facebook-auf-deutsch\/#breadcrumb\"},\"inLanguage\":\"de-DE\",\"potentialAction\":[{\"@type\":\"ReadAction\",\"target\":[\"https:\/\/about.fb.com\/de\/news\/2018\/09\/austauschen-vernetzen-freundschaften-schliessen-10-jahre-facebook-auf-deutsch\/\"]}],\"author\":\"\u00dcber Meta\"},{\"@type\":\"ImageObject\",\"inLanguage\":\"de-DE\",\"@id\":\"https:\/\/about.fb.com\/de\/news\/2018\/09\/austauschen-vernetzen-freundschaften-schliessen-10-jahre-facebook-auf-deutsch\/#primaryimage\",\"url\":\"https:\/\/about.fb.com\/de\/wp-content\/uploads\/sites\/10\/2018\/09\/lars_huebner_fotograf_9484.jpg?fit=5500%2C3671\",\"contentUrl\":\"https:\/\/about.fb.com\/de\/wp-content\/uploads\/sites\/10\/2018\/09\/lars_huebner_fotograf_9484.jpg?fit=5500%2C3671\",\"width\":5500,\"height\":3671},{\"@type\":\"BreadcrumbList\",\"@id\":\"https:\/\/about.fb.com\/de\/news\/2018\/09\/austauschen-vernetzen-freundschaften-schliessen-10-jahre-facebook-auf-deutsch\/#breadcrumb\",\"itemListElement\":[{\"@type\":\"ListItem\",\"position\":1,\"name\":\"Home\",\"item\":\"https:\/\/about.fb.com\/de\/\"},{\"@type\":\"ListItem\",\"position\":2,\"name\":\"Austauschen, Vernetzen, Freundschaften schlie\u00dfen: 10 Jahre Facebook auf Deutsch\"}]},{\"@type\":\"WebSite\",\"@id\":\"https:\/\/about.fb.com\/de\/#website\",\"url\":\"https:\/\/about.fb.com\/news\/\",\"name\":\"\u00dcber Meta\",\"description\":\"\",\"publisher\":{\"@id\":\"https:\/\/about.fb.com\/de\/#organization\"},\"potentialAction\":[{\"@type\":\"SearchAction\",\"target\":{\"@type\":\"EntryPoint\",\"urlTemplate\":\"https:\/\/about.fb.com\/de\/?s={search_term_string}\"},\"query-input\":{\"@type\":\"PropertyValueSpecification\",\"valueRequired\":true,\"valueName\":\"search_term_string\"}}],\"inLanguage\":\"de-DE\",\"alternateName\":[\"Meta Newsroom\",\"Meta\"]},{\"@type\":\"Organization\",\"@id\":\"https:\/\/about.fb.com\/de\/#organization\",\"name\":\"Meta\",\"url\":\"https:\/\/about.fb.com\/de\/\",\"logo\":{\"@type\":\"ImageObject\",\"inLanguage\":\"de-DE\",\"@id\":\"https:\/\/about.fb.com\/de\/#\/schema\/logo\/image\/\",\"url\":\"https:\/\/about.fb.com\/de\/wp-content\/uploads\/sites\/10\/2021\/10\/meta-social-16x9-1.jpg?fit=8000%2C4500\",\"contentUrl\":\"https:\/\/about.fb.com\/de\/wp-content\/uploads\/sites\/10\/2021\/10\/meta-social-16x9-1.jpg?fit=8000%2C4500\",\"width\":8000,\"height\":4500,\"caption\":\"Meta\"},\"image\":{\"@id\":\"https:\/\/about.fb.com\/de\/#\/schema\/logo\/image\/\"}}]}<\/script>\n<!-- \/ Yoast SEO plugin. -->","yoast_head_json":{"title":"Austauschen, Vernetzen, Freundschaften schlie\u00dfen: 10 Jahre Facebook auf Deutsch | \u00dcber Meta","robots":{"index":"index","follow":"follow","max-snippet":"max-snippet:-1","max-image-preview":"max-image-preview:large","max-video-preview":"max-video-preview:-1"},"canonical":"https:\/\/about.fb.com\/de\/news\/2018\/09\/austauschen-vernetzen-freundschaften-schliessen-10-jahre-facebook-auf-deutsch\/","og_locale":"de_DE","og_type":"article","og_title":"Austauschen, Vernetzen, Freundschaften schlie\u00dfen: 10 Jahre Facebook auf Deutsch | \u00dcber Meta","og_description":"Seit zehn Jahren gibt es Facebook in deutscher Sprache \u2013 zehn Jahre, in denen wertvolle Communities entstanden sind und die Plattform viele Ver\u00e4nderungen durchlaufen hat. In Deutschland sind heute mehr als 32 Millionen Menschen monatlich auf Facebook aktiv, vernetzen sich mit anderen, tauschen sich aus und gehen gemeinsamen Interessen oder Ideen nach. Anfang September haben wir dieses Jubil\u00e4um bereits mit zahlreichen Community Leadern in Berlin gefeiert. Von den ersten Schritten Facebooks in Deutschland, bis hin zu aktuellen Neuigkeiten, blicken wir heute zur\u00fcck auf eine ereignisreiche Zeit. Hallo, Deutschland! So viel wird \u00fcber Sprache vermittelt \u2013 Tradition, Kultur, unterschiedliche Perspektiven und Meinungen. Um diese zusammenzubringen, mussten wir eine M\u00f6glichkeit finden, Facebook in alle Sprachen dieser Welt zu \u00fcbersetzen. Dass es Facebook seit 2008 auf Deutsch gibt, ist nicht etwa der Verdienst von professionellen \u00dcbersetzern. Es ist vor allem ein Verdienst der Community: Mehr als 2.000 deutsche Facebook-Nutzer machten \u00dcbersetzungsvorschl\u00e4ge und gaben Bewertungen f\u00fcr \u00dcbersetzungen ab. Sobald genug Menschen f\u00fcr eine \u00dcbersetzung gestimmt hatten, wurde sie final best\u00e4tigt. \u00dcbrigens war Spanisch die erste Sprache, auf der Facebook neben Englisch verf\u00fcgbar war. Heute k\u00f6nnen wir Facebook nicht nur auf Deutsch, sondern auch in jeder offiziell auf der Welt gesprochenen Sprache anbieten. Nachdem sich Facebook auf Deutsch in den ersten Jahren stark entwickelte und wir viel positive Resonanz aus der Community erhielten, kamen auch die ersten Facebook-Mitarbeiter nach Deutschland. Im Februar 2010 er\u00f6ffnete Sheryl Sandberg das erste B\u00fcro in Hamburg, 2016 kam ein zweites in Berlin dazu. Eine Auswahl sch\u00f6ner Momente und Neuigkeiten auf Facebook aus den letzten zehn Jahren: Eine starke Community Martin Ott, Managing Director Central Europe bei Facebook, freut sich \u00fcber die Entwicklung von Facebook in Deutschland: \u201cWir hatten in den letzten zehn Jahren viele sch\u00f6ne Momente und haben nat\u00fcrlich auch viel dazugelernt. Wir konnten sehen, wof\u00fcr sich Menschen begeistern und wie sie Facebook nutzen, um miteinander in Kontakt zu treten. In zehn Jahren sind so viele wertvolle Gemeinschaften auf Facebook entstanden, in denen sich Menschen austauschen, unterst\u00fctzen und miteinander verbinden\u201d. So wurde auch die Gruppe \u201eSeniorinnen \/ Senioren und alle Menschen mit Interesse am Thema \u201aAlter\u2019\u201c gegr\u00fcndet, in der Themen rund ums Altern geteilt und diskutiert werden. Oder das Digital Career Institute for Refugees\u00a0\u2013 eine Organisation, die das Programm \u201eDevugees\u201c durchf\u00fchrt, um Fl\u00fcchtlinge auf den deutschen Arbeitsmarkt vorzubereiten. Die Gruppe Neue Freunde in und um L\u00fcneburg gesucht wiederum widmet sich Menschen, die neu in L\u00fcneburg sind oder neue Menschen aus der Umgebung kennen lernen m\u00f6chten. In allen Lebensbereichen finden sich Communities, in denen sich Menschen austauschen. Um Menschen auch offline zu vernetzen und die Gemeinschaften auf Facebook aktiv zu unterst\u00fctzen, haben wir 2018 in London den ersten Facebook Communities Summit in Europa veranstaltet. Auch 16 Gruppen-Admins aus Deutschland und \u00d6sterreich waren dabei. Darauf aufbauend haben wir das Facebook Community Leadership Program bekanntgegeben \u2013\u00a0eine globale Initiative, die Menschen dabei unterst\u00fctzt, Communities aufzubauen. Unter anderem werden im Zuge dessen bis zu 10 Millionen Dollar F\u00f6rdermittel direkt an die Menschen gehen, die Communities gr\u00fcnden und leiten. Wir bedanken uns bei allen f\u00fcr zehn ereignisreiche Jahre mit Facebook in deutscher Sprache und die sch\u00f6nen Momente, die wir gemeinsam mit der Community erleben durften und freuen uns auf den weiteren Weg, der in Deutschland vor uns liegt. Facebook auf Deutsch? Gef\u00e4llt uns! #10yearsfbde Weitere Fakten und Zahlen, wie Facebook Menschen hilft, sich zu verschiedenen Themen zu vernetzen: 29. November 2013: Der FC Bayern M\u00fcnchen hat als erster deutscher Fu\u00dfballverein 10 Millionen Fans. Juni 2014: Fu\u00dfball-WM 2014: Vom 12. Juni bis zum 13. Juli beteiligten sich 350 Millionen Menschen an der Unterhaltung auf Facebook, wodurch 3 Milliarden Interaktionen (Beitr\u00e4ge, Kommentare und \u201eGef\u00e4llt mir\u201c-Angaben) bez\u00fcglich der WM generiert wurden. 88 Millionen Menschen erzeugten zum Finale zwischen Deutschland und Argentinien 280 Millionen Interaktionen. Damit ist das Spiel die beliebteste Einzelsportveranstaltung mit den meisten Unterhaltungen in der Geschichte von Facebook. September 2014: Allein in Deutschland haben \u00fcber 20 Millionen Menschen mehr als 387 Millionen Verbindungen mit kleinen und mittleren Unternehmen \u2013 das sind 77 Prozent der in Deutschland aktiven Menschen! Februar 2015: Wie unsere Geschichten zeigen, \u00fcberwinden Freundschaften Hindernisse und Distanzen. Rechnet man die Entfernungen von allen Freundschaften auf Facebook zusammen, ergibt das 73 Trillionen Kilometer! Das ist knapp die Entfernung zum n\u00e4chstgelegenen Stern und zur\u00fcck. Diese Strecke reicht aus, um die Erde 1,8 Millionen Mal zu umrunden. April 2016: In der Facebook-Gruppe \u201eSyrisches Haus in Deutschland\u201c teilen \u00fcber 170.000 Mitglieder tagt\u00e4glich Informationen und Tipps f\u00fcr das Leben in Deutschland. Juli 2016: 4,2 Millionen Menschen kommen auf Facebook zusammen, um mobil und am Computer die Live-Berichterstattung von N24 zum schrecklichen Amoklauf in M\u00fcnchen zu verfolgen. Der Amoklauf in M\u00fcnchen ist auch der erste Fall, bei dem in Deutschland das Crisis Response Tool aktiviert wird. M\u00e4rz 2017: Der Internationaler Frauentag ist auf Facebook das meistdiskutierte Ereignis im Jahr 2017 \u00fcberhaupt. Menschen auf der ganzen Welt diskutierten, teilten oder posteten rund um diesen Anlass am 8. M\u00e4rz. Insgesamt gab es doppelt so viele Beitr\u00e4ge zu diesem Thema als im Jahr zuvor. August 2018: Auf Facebook haben sich \u00fcber 2,5 Millionen Menschen in Deutschland \u00fcber das Thema Hitze ausgetauscht. Der H\u00f6hepunkt der Kommentare dazu war am 26. Juli 2018, der gleichzeitig der bislang hei\u00dfeste Tag des Jahres im Lande war. An diesem Tag haben 450.000 deutsche Nutzer \u00fcber 870.000 Interaktionen (Beitr\u00e4ge, Kommentare und Reaktionen) mit Hitze-bezogenen Inhalten auf Facebook geteilt.","og_url":"https:\/\/about.fb.com\/de\/news\/2018\/09\/austauschen-vernetzen-freundschaften-schliessen-10-jahre-facebook-auf-deutsch\/","og_site_name":"\u00dcber Meta","article_published_time":"2018-09-18T11:54:54+00:00","og_image":[{"width":1024,"height":683,"url":"https:\/\/about.fb.com\/de\/wp-content\/uploads\/sites\/10\/2018\/09\/lars_huebner_fotograf_9484.jpg?resize=1024,683","type":"image\/jpeg"}],"author":"sobbesegmentade","twitter_card":"summary_large_image","twitter_misc":{"Written by":"Meta","Est. reading time":"4 Minuten"},"schema":{"@context":"https:\/\/schema.org","@graph":[{"@type":"Article","@id":"https:\/\/about.fb.com\/de\/news\/2018\/09\/austauschen-vernetzen-freundschaften-schliessen-10-jahre-facebook-auf-deutsch\/#article","isPartOf":{"@id":"https:\/\/about.fb.com\/de\/news\/2018\/09\/austauschen-vernetzen-freundschaften-schliessen-10-jahre-facebook-auf-deutsch\/"},"author":"Facebook company","headline":"Austauschen, Vernetzen, Freundschaften schlie\u00dfen: 10 Jahre Facebook auf Deutsch","datePublished":"2018-09-18T11:54:54+00:00","mainEntityOfPage":{"@id":"https:\/\/about.fb.com\/de\/news\/2018\/09\/austauschen-vernetzen-freundschaften-schliessen-10-jahre-facebook-auf-deutsch\/"},"wordCount":899,"publisher":{"@id":"https:\/\/about.fb.com\/de\/#organization"},"image":{"@id":"https:\/\/about.fb.com\/de\/news\/2018\/09\/austauschen-vernetzen-freundschaften-schliessen-10-jahre-facebook-auf-deutsch\/#primaryimage"},"thumbnailUrl":"https:\/\/about.fb.com\/de\/wp-content\/uploads\/sites\/10\/2018\/09\/lars_huebner_fotograf_9484.jpg?fit=5500%2C3671","articleSection":["Gruppen","Uncategorized","Unternehmensmeldungen"],"inLanguage":"de-DE"},{"@type":"WebPage","@id":"https:\/\/about.fb.com\/de\/news\/2018\/09\/austauschen-vernetzen-freundschaften-schliessen-10-jahre-facebook-auf-deutsch\/","url":"https:\/\/about.fb.com\/de\/news\/2018\/09\/austauschen-vernetzen-freundschaften-schliessen-10-jahre-facebook-auf-deutsch\/","name":"Austauschen, Vernetzen, Freundschaften schlie\u00dfen: 10 Jahre Facebook auf Deutsch | \u00dcber Meta","isPartOf":{"@id":"https:\/\/about.fb.com\/de\/#website"},"primaryImageOfPage":{"@id":"https:\/\/about.fb.com\/de\/news\/2018\/09\/austauschen-vernetzen-freundschaften-schliessen-10-jahre-facebook-auf-deutsch\/#primaryimage"},"image":{"@id":"https:\/\/about.fb.com\/de\/news\/2018\/09\/austauschen-vernetzen-freundschaften-schliessen-10-jahre-facebook-auf-deutsch\/#primaryimage"},"thumbnailUrl":"https:\/\/about.fb.com\/de\/wp-content\/uploads\/sites\/10\/2018\/09\/lars_huebner_fotograf_9484.jpg?fit=5500%2C3671","datePublished":"2018-09-18T11:54:54+00:00","breadcrumb":{"@id":"https:\/\/about.fb.com\/de\/news\/2018\/09\/austauschen-vernetzen-freundschaften-schliessen-10-jahre-facebook-auf-deutsch\/#breadcrumb"},"inLanguage":"de-DE","potentialAction":[{"@type":"ReadAction","target":["https:\/\/about.fb.com\/de\/news\/2018\/09\/austauschen-vernetzen-freundschaften-schliessen-10-jahre-facebook-auf-deutsch\/"]}],"author":"\u00dcber Meta"},{"@type":"ImageObject","inLanguage":"de-DE","@id":"https:\/\/about.fb.com\/de\/news\/2018\/09\/austauschen-vernetzen-freundschaften-schliessen-10-jahre-facebook-auf-deutsch\/#primaryimage","url":"https:\/\/about.fb.com\/de\/wp-content\/uploads\/sites\/10\/2018\/09\/lars_huebner_fotograf_9484.jpg?fit=5500%2C3671","contentUrl":"https:\/\/about.fb.com\/de\/wp-content\/uploads\/sites\/10\/2018\/09\/lars_huebner_fotograf_9484.jpg?fit=5500%2C3671","width":5500,"height":3671},{"@type":"BreadcrumbList","@id":"https:\/\/about.fb.com\/de\/news\/2018\/09\/austauschen-vernetzen-freundschaften-schliessen-10-jahre-facebook-auf-deutsch\/#breadcrumb","itemListElement":[{"@type":"ListItem","position":1,"name":"Home","item":"https:\/\/about.fb.com\/de\/"},{"@type":"ListItem","position":2,"name":"Austauschen, Vernetzen, Freundschaften schlie\u00dfen: 10 Jahre Facebook auf Deutsch"}]},{"@type":"WebSite","@id":"https:\/\/about.fb.com\/de\/#website","url":"https:\/\/about.fb.com\/news\/","name":"\u00dcber Meta","description":"","publisher":{"@id":"https:\/\/about.fb.com\/de\/#organization"},"potentialAction":[{"@type":"SearchAction","target":{"@type":"EntryPoint","urlTemplate":"https:\/\/about.fb.com\/de\/?s={search_term_string}"},"query-input":{"@type":"PropertyValueSpecification","valueRequired":true,"valueName":"search_term_string"}}],"inLanguage":"de-DE","alternateName":["Meta Newsroom","Meta"]},{"@type":"Organization","@id":"https:\/\/about.fb.com\/de\/#organization","name":"Meta","url":"https:\/\/about.fb.com\/de\/","logo":{"@type":"ImageObject","inLanguage":"de-DE","@id":"https:\/\/about.fb.com\/de\/#\/schema\/logo\/image\/","url":"https:\/\/about.fb.com\/de\/wp-content\/uploads\/sites\/10\/2021\/10\/meta-social-16x9-1.jpg?fit=8000%2C4500","contentUrl":"https:\/\/about.fb.com\/de\/wp-content\/uploads\/sites\/10\/2021\/10\/meta-social-16x9-1.jpg?fit=8000%2C4500","width":8000,"height":4500,"caption":"Meta"},"image":{"@id":"https:\/\/about.fb.com\/de\/#\/schema\/logo\/image\/"}}]}},"jetpack_featured_media_url":"https:\/\/about.fb.com\/de\/wp-content\/uploads\/sites\/10\/2018\/09\/lars_huebner_fotograf_9484.jpg?fit=5500%2C3671","jetpack-related-posts":[],"jetpack_sharing_enabled":true,"amp_enabled":true,"_links":{"self":[{"href":"https:\/\/about.fb.com\/de\/wp-json\/wp\/v2\/posts\/9780","targetHints":{"allow":["GET"]}}],"collection":[{"href":"https:\/\/about.fb.com\/de\/wp-json\/wp\/v2\/posts"}],"about":[{"href":"https:\/\/about.fb.com\/de\/wp-json\/wp\/v2\/types\/post"}],"author":[{"embeddable":true,"href":"https:\/\/about.fb.com\/de\/wp-json\/wp\/v2\/users\/116717058"}],"replies":[{"embeddable":true,"href":"https:\/\/about.fb.com\/de\/wp-json\/wp\/v2\/comments?post=9780"}],"version-history":[{"count":0,"href":"https:\/\/about.fb.com\/de\/wp-json\/wp\/v2\/posts\/9780\/revisions"}],"wp:featuredmedia":[{"embeddable":true,"href":"https:\/\/about.fb.com\/de\/wp-json\/wp\/v2\/media\/9796"}],"wp:attachment":[{"href":"https:\/\/about.fb.com\/de\/wp-json\/wp\/v2\/media?parent=9780"}],"wp:term":[{"taxonomy":"category","embeddable":true,"href":"https:\/\/about.fb.com\/de\/wp-json\/wp\/v2\/categories?post=9780"},{"taxonomy":"post_tag","embeddable":true,"href":"https:\/\/about.fb.com\/de\/wp-json\/wp\/v2\/tags?post=9780"}],"curies":[{"name":"wp","href":"https:\/\/api.w.org\/{rel}","templated":true}]}}