{"id":9430,"date":"2018-06-12T09:01:14","date_gmt":"2018-06-12T08:01:14","guid":{"rendered":"http:\/\/de.newsroom.fb.com\/?p=9430"},"modified":"2018-06-12T09:01:14","modified_gmt":"2018-06-12T08:01:14","slug":"all-deine-facebook-erinnerungen-sind-jetzt-an-einem-ort","status":"publish","type":"post","link":"https:\/\/about.fb.com\/de\/news\/2018\/06\/all-deine-facebook-erinnerungen-sind-jetzt-an-einem-ort\/","title":{"rendered":"All deine Facebook-Erinnerungen sind jetzt an einem Ort"},"content":{"rendered":"<p><i>Von <a href=\"https:\/\/www.facebook.com\/oren.hod.90\">Oren Hod<\/a>, Product Manager<\/i><\/p>\n<p>Facebook verk\u00fcndet heute die Einf\u00fchrung der neuen Rubrik \u201cErinnerungen\u201d. Unter diesem Reiter werden die Momente, die zuvor unter &#8218;<a href=\"https:\/\/about-fb-preprod.go-vip.net\/de\/2015\/03\/an-diesem-tag-eine-neue-art-auf-fotos-und-erinnerungen-auf-facebook-zuruckzublicken\/\">An diesem Tag<\/a>&#8218; zu finden waren, sowie weitere R\u00fcckblicke und Erinnerungen in Zukunft an einem Ort \u00fcbersichtlich geb\u00fcndelt. So kann man sich besondere Momente noch einfacher ins Ged\u00e4chtnis rufen oder sie mit Freunden und Verwandten teilen. <a href=\"https:\/\/blog.prototypr.io\/facebook-memories-the-research-behind-the-products-that-connect-you-with-your-past-f9a1d8a49a43\">Studien<\/a> zeigen, dass diese Art der Besch\u00e4ftigung einen positiven Einfluss auf die Stimmung und das allgemeine Wohlbefinden haben kann. Bisher nutzen schon mehr als 90 Millionen Menschen t\u00e4glich die Funktion &#8218;An diesem Tag&#8216;.<\/p>\n<p><img data-recalc-dims=\"1\" loading=\"lazy\" decoding=\"async\" class=\"aligncenter size-large wp-image-9431\" src=\"https:\/\/about-fb-preprod.go-vip.net\/de\/wp-content\/uploads\/sites\/4\/2018\/06\/memories-product-flow-1.png?resize=960%2C648\" alt=\"\" width=\"960\" height=\"648\" \/><\/p>\n<p>Die neue Erinnerungs-Seite fasst folgende Funktionen zusammen:<\/p>\n<ul>\n<li><b>An diesem Tag: <\/b>Wie gewohnt kann man hier auf besondere Momente zur\u00fcckzublicken, die auf Facebook mit Freunden und Familie geteilt wurden.<\/li>\n<li><b>Freundschaften feiern: <\/b>Hier erh\u00e4lt man wie bisher eine \u00dcbersicht \u00fcber die Freundschaften, die man an diesem Tag in der Vergangenheit auf Facebook gekn\u00fcpft hat.<\/li>\n<li><b>Saisonale und monatliche R\u00fcckblicke: <\/b>Dieser Abschnitt enth\u00e4lt Zusammenfassungen von Erinnerungen in Form von Beitr\u00e4gen und kurzen Videos.<\/li>\n<li><b>Erinnerungen, die du vielleicht verpasst hast: <\/b>Hier findet man Beitr\u00e4ge, die man in der letzten Woche verpasst haben k\u00f6nnte, wenn man die eigene Erinnerungs-Seite nicht besucht hat.<\/li>\n<\/ul>\n<p>Erinnerungen sind etwas zutiefst pers\u00f6nliches \u2013 und nicht alle Erinnerungen sind positiv. Wir sind daher dankbar f\u00fcr all das Feedback, das die Menschen innerhalb der letzten drei Jahre mit uns geteilt haben. Uns ist es sehr wichtig, die Erinnerungs-Funktionen so zu gestalten, dass sie die Erfahrungen jedes Einzelnen respektieren und leicht zug\u00e4ngliche Einstellungsm\u00f6glichkeiten bieten.<\/p>\n<p>Wenn man sich seine Erinnerungs-Seite ansehen m\u00f6chte, kann man sie \u00fcber das Lesezeichen auf der linken Seite des News Feeds erreichen. Alternativ kann die Erinnerungs-Seite jederzeit \u00fcber <a href=\"http:\/\/facebook.com\/memories\">facebook.com\/memories<\/a> aufgerufen werden, \u00fcber die entsprechenden Benachrichtigungen und Beitr\u00e4ge, die im News Feed angezeigt werden, oder \u00fcber die mobile App.<\/p>\n","protected":false},"excerpt":{"rendered":"Von Oren Hod, Product Manager Facebook verk\u00fcndet heute die Einf\u00fchrung der neuen Rubrik \u201cErinnerungen\u201d. Unter diesem Reiter werden die Momente, die zuvor unter &#8218;An diesem Tag&#8218; zu finden waren, sowie weitere R\u00fcckblicke und Erinnerungen in Zukunft an einem Ort \u00fcbersichtlich geb\u00fcndelt. So kann man sich besondere Momente noch einfacher ins Ged\u00e4chtnis rufen oder sie mit Freunden und Verwandten teilen. Studien zeigen, dass diese Art der Besch\u00e4ftigung einen positiven Einfluss auf die Stimmung und das allgemeine Wohlbefinden haben kann. Bisher nutzen schon mehr als 90 Millionen Menschen t\u00e4glich die Funktion &#8218;An diesem Tag&#8216;. Die neue Erinnerungs-Seite fasst folgende Funktionen zusammen: An diesem Tag: Wie gewohnt kann man hier auf besondere Momente zur\u00fcckzublicken, die auf Facebook mit Freunden und Familie geteilt wurden. Freundschaften feiern: Hier erh\u00e4lt man wie bisher eine \u00dcbersicht \u00fcber die Freundschaften, die man an diesem Tag in der Vergangenheit auf Facebook gekn\u00fcpft hat. Saisonale und monatliche R\u00fcckblicke: Dieser Abschnitt enth\u00e4lt Zusammenfassungen von Erinnerungen in Form von Beitr\u00e4gen und kurzen Videos. Erinnerungen, die du vielleicht verpasst hast: Hier findet man Beitr\u00e4ge, die man in der letzten Woche verpasst haben k\u00f6nnte, wenn man die eigene Erinnerungs-Seite nicht besucht hat. Erinnerungen sind etwas zutiefst pers\u00f6nliches \u2013 und nicht alle Erinnerungen sind positiv. Wir sind daher dankbar f\u00fcr all das Feedback, das die Menschen innerhalb der letzten drei Jahre mit uns geteilt haben. Uns ist es sehr wichtig, die Erinnerungs-Funktionen so zu gestalten, dass sie die Erfahrungen jedes Einzelnen respektieren und leicht zug\u00e4ngliche Einstellungsm\u00f6glichkeiten bieten. Wenn man sich seine Erinnerungs-Seite ansehen m\u00f6chte, kann man sie \u00fcber das Lesezeichen auf der linken Seite des News Feeds erreichen. Alternativ kann die Erinnerungs-Seite jederzeit \u00fcber facebook.com\/memories aufgerufen werden, \u00fcber die entsprechenden Benachrichtigungen und Beitr\u00e4ge, die im News Feed angezeigt werden, oder \u00fcber die mobile App.","protected":false},"author":116770500,"featured_media":0,"comment_status":"closed","ping_status":"closed","sticky":false,"template":"","format":"standard","meta":{"_jetpack_memberships_contains_paid_content":false,"footnotes":""},"categories":[243889734],"tags":[],"class_list":["post-9430","post","type-post","status-publish","format-standard","hentry","category-produktnachrichten"],"yoast_head":"<!-- This site is optimized with the Yoast SEO plugin v27.2 - https:\/\/yoast.com\/product\/yoast-seo-wordpress\/ -->\n<title>All deine Facebook-Erinnerungen sind jetzt an einem Ort | \u00dcber Meta<\/title>\n<meta name=\"robots\" content=\"index, follow, max-snippet:-1, max-image-preview:large, max-video-preview:-1\" \/>\n<link rel=\"canonical\" href=\"https:\/\/about.fb.com\/de\/news\/2018\/06\/all-deine-facebook-erinnerungen-sind-jetzt-an-einem-ort\/\" \/>\n<meta property=\"og:locale\" content=\"de_DE\" \/>\n<meta property=\"og:type\" content=\"article\" \/>\n<meta property=\"og:title\" content=\"All deine Facebook-Erinnerungen sind jetzt an einem Ort | \u00dcber Meta\" \/>\n<meta property=\"og:description\" content=\"Von Oren Hod, Product Manager Facebook verk\u00fcndet heute die Einf\u00fchrung der neuen Rubrik \u201cErinnerungen\u201d. Unter diesem Reiter werden die Momente, die zuvor unter &#8218;An diesem Tag&#8218; zu finden waren, sowie weitere R\u00fcckblicke und Erinnerungen in Zukunft an einem Ort \u00fcbersichtlich geb\u00fcndelt. So kann man sich besondere Momente noch einfacher ins Ged\u00e4chtnis rufen oder sie mit Freunden und Verwandten teilen. Studien zeigen, dass diese Art der Besch\u00e4ftigung einen positiven Einfluss auf die Stimmung und das allgemeine Wohlbefinden haben kann. Bisher nutzen schon mehr als 90 Millionen Menschen t\u00e4glich die Funktion &#8218;An diesem Tag&#8216;. Die neue Erinnerungs-Seite fasst folgende Funktionen zusammen: An diesem Tag: Wie gewohnt kann man hier auf besondere Momente zur\u00fcckzublicken, die auf Facebook mit Freunden und Familie geteilt wurden. Freundschaften feiern: Hier erh\u00e4lt man wie bisher eine \u00dcbersicht \u00fcber die Freundschaften, die man an diesem Tag in der Vergangenheit auf Facebook gekn\u00fcpft hat. Saisonale und monatliche R\u00fcckblicke: Dieser Abschnitt enth\u00e4lt Zusammenfassungen von Erinnerungen in Form von Beitr\u00e4gen und kurzen Videos. Erinnerungen, die du vielleicht verpasst hast: Hier findet man Beitr\u00e4ge, die man in der letzten Woche verpasst haben k\u00f6nnte, wenn man die eigene Erinnerungs-Seite nicht besucht hat. Erinnerungen sind etwas zutiefst pers\u00f6nliches \u2013 und nicht alle Erinnerungen sind positiv. Wir sind daher dankbar f\u00fcr all das Feedback, das die Menschen innerhalb der letzten drei Jahre mit uns geteilt haben. Uns ist es sehr wichtig, die Erinnerungs-Funktionen so zu gestalten, dass sie die Erfahrungen jedes Einzelnen respektieren und leicht zug\u00e4ngliche Einstellungsm\u00f6glichkeiten bieten. Wenn man sich seine Erinnerungs-Seite ansehen m\u00f6chte, kann man sie \u00fcber das Lesezeichen auf der linken Seite des News Feeds erreichen. Alternativ kann die Erinnerungs-Seite jederzeit \u00fcber facebook.com\/memories aufgerufen werden, \u00fcber die entsprechenden Benachrichtigungen und Beitr\u00e4ge, die im News Feed angezeigt werden, oder \u00fcber die mobile App.\" \/>\n<meta property=\"og:url\" content=\"https:\/\/about.fb.com\/de\/news\/2018\/06\/all-deine-facebook-erinnerungen-sind-jetzt-an-einem-ort\/\" \/>\n<meta property=\"og:site_name\" content=\"\u00dcber Meta\" \/>\n<meta property=\"article:published_time\" content=\"2018-06-12T08:01:14+00:00\" \/>\n<meta property=\"og:image\" content=\"https:\/\/about-fb-preprod.go-vip.net\/de\/wp-content\/uploads\/sites\/4\/2018\/06\/memories-product-flow-1.png\" \/>\n<meta name=\"author\" content=\"segmentafacebook\" \/>\n<meta name=\"twitter:card\" content=\"summary_large_image\" \/>\n<meta name=\"twitter:label1\" content=\"Written by\" \/>\n\t<meta name=\"twitter:data1\" content=\"Meta\" \/>\n\t<meta name=\"twitter:label2\" content=\"Est. reading time\" \/>\n\t<meta name=\"twitter:data2\" content=\"2 Minuten\" \/>\n<script type=\"application\/ld+json\" class=\"yoast-schema-graph\">{\"@context\":\"https:\/\/schema.org\",\"@graph\":[{\"@type\":\"Article\",\"@id\":\"https:\/\/about.fb.com\/de\/news\/2018\/06\/all-deine-facebook-erinnerungen-sind-jetzt-an-einem-ort\/#article\",\"isPartOf\":{\"@id\":\"https:\/\/about.fb.com\/de\/news\/2018\/06\/all-deine-facebook-erinnerungen-sind-jetzt-an-einem-ort\/\"},\"author\":\"Facebook company\",\"headline\":\"All deine Facebook-Erinnerungen sind jetzt an einem Ort\",\"datePublished\":\"2018-06-12T08:01:14+00:00\",\"mainEntityOfPage\":{\"@id\":\"https:\/\/about.fb.com\/de\/news\/2018\/06\/all-deine-facebook-erinnerungen-sind-jetzt-an-einem-ort\/\"},\"wordCount\":318,\"publisher\":{\"@id\":\"https:\/\/about.fb.com\/de\/#organization\"},\"image\":{\"@id\":\"https:\/\/about.fb.com\/de\/news\/2018\/06\/all-deine-facebook-erinnerungen-sind-jetzt-an-einem-ort\/#primaryimage\"},\"thumbnailUrl\":\"https:\/\/about-fb-preprod.go-vip.net\/de\/wp-content\/uploads\/sites\/4\/2018\/06\/memories-product-flow-1.png\",\"articleSection\":[\"Produktnachrichten\"],\"inLanguage\":\"de-DE\"},{\"@type\":\"WebPage\",\"@id\":\"https:\/\/about.fb.com\/de\/news\/2018\/06\/all-deine-facebook-erinnerungen-sind-jetzt-an-einem-ort\/\",\"url\":\"https:\/\/about.fb.com\/de\/news\/2018\/06\/all-deine-facebook-erinnerungen-sind-jetzt-an-einem-ort\/\",\"name\":\"All deine Facebook-Erinnerungen sind jetzt an einem Ort | \u00dcber Meta\",\"isPartOf\":{\"@id\":\"https:\/\/about.fb.com\/de\/#website\"},\"primaryImageOfPage\":{\"@id\":\"https:\/\/about.fb.com\/de\/news\/2018\/06\/all-deine-facebook-erinnerungen-sind-jetzt-an-einem-ort\/#primaryimage\"},\"image\":{\"@id\":\"https:\/\/about.fb.com\/de\/news\/2018\/06\/all-deine-facebook-erinnerungen-sind-jetzt-an-einem-ort\/#primaryimage\"},\"thumbnailUrl\":\"https:\/\/about-fb-preprod.go-vip.net\/de\/wp-content\/uploads\/sites\/4\/2018\/06\/memories-product-flow-1.png\",\"datePublished\":\"2018-06-12T08:01:14+00:00\",\"breadcrumb\":{\"@id\":\"https:\/\/about.fb.com\/de\/news\/2018\/06\/all-deine-facebook-erinnerungen-sind-jetzt-an-einem-ort\/#breadcrumb\"},\"inLanguage\":\"de-DE\",\"potentialAction\":[{\"@type\":\"ReadAction\",\"target\":[\"https:\/\/about.fb.com\/de\/news\/2018\/06\/all-deine-facebook-erinnerungen-sind-jetzt-an-einem-ort\/\"]}],\"author\":\"\u00dcber Meta\"},{\"@type\":\"ImageObject\",\"inLanguage\":\"de-DE\",\"@id\":\"https:\/\/about.fb.com\/de\/news\/2018\/06\/all-deine-facebook-erinnerungen-sind-jetzt-an-einem-ort\/#primaryimage\",\"url\":\"https:\/\/about-fb-preprod.go-vip.net\/de\/wp-content\/uploads\/sites\/4\/2018\/06\/memories-product-flow-1.png\",\"contentUrl\":\"https:\/\/about-fb-preprod.go-vip.net\/de\/wp-content\/uploads\/sites\/4\/2018\/06\/memories-product-flow-1.png\"},{\"@type\":\"BreadcrumbList\",\"@id\":\"https:\/\/about.fb.com\/de\/news\/2018\/06\/all-deine-facebook-erinnerungen-sind-jetzt-an-einem-ort\/#breadcrumb\",\"itemListElement\":[{\"@type\":\"ListItem\",\"position\":1,\"name\":\"Home\",\"item\":\"https:\/\/about.fb.com\/de\/\"},{\"@type\":\"ListItem\",\"position\":2,\"name\":\"All deine Facebook-Erinnerungen sind jetzt an einem Ort\"}]},{\"@type\":\"WebSite\",\"@id\":\"https:\/\/about.fb.com\/de\/#website\",\"url\":\"https:\/\/about.fb.com\/news\/\",\"name\":\"\u00dcber Meta\",\"description\":\"\",\"publisher\":{\"@id\":\"https:\/\/about.fb.com\/de\/#organization\"},\"potentialAction\":[{\"@type\":\"SearchAction\",\"target\":{\"@type\":\"EntryPoint\",\"urlTemplate\":\"https:\/\/about.fb.com\/de\/?s={search_term_string}\"},\"query-input\":{\"@type\":\"PropertyValueSpecification\",\"valueRequired\":true,\"valueName\":\"search_term_string\"}}],\"inLanguage\":\"de-DE\",\"alternateName\":[\"Meta Newsroom\",\"Meta\"]},{\"@type\":\"Organization\",\"@id\":\"https:\/\/about.fb.com\/de\/#organization\",\"name\":\"Meta\",\"url\":\"https:\/\/about.fb.com\/de\/\",\"logo\":{\"@type\":\"ImageObject\",\"inLanguage\":\"de-DE\",\"@id\":\"https:\/\/about.fb.com\/de\/#\/schema\/logo\/image\/\",\"url\":\"https:\/\/about.fb.com\/de\/wp-content\/uploads\/sites\/10\/2021\/10\/meta-social-16x9-1.jpg?fit=8000%2C4500\",\"contentUrl\":\"https:\/\/about.fb.com\/de\/wp-content\/uploads\/sites\/10\/2021\/10\/meta-social-16x9-1.jpg?fit=8000%2C4500\",\"width\":8000,\"height\":4500,\"caption\":\"Meta\"},\"image\":{\"@id\":\"https:\/\/about.fb.com\/de\/#\/schema\/logo\/image\/\"}}]}<\/script>\n<!-- \/ Yoast SEO plugin. -->","yoast_head_json":{"title":"All deine Facebook-Erinnerungen sind jetzt an einem Ort | \u00dcber Meta","robots":{"index":"index","follow":"follow","max-snippet":"max-snippet:-1","max-image-preview":"max-image-preview:large","max-video-preview":"max-video-preview:-1"},"canonical":"https:\/\/about.fb.com\/de\/news\/2018\/06\/all-deine-facebook-erinnerungen-sind-jetzt-an-einem-ort\/","og_locale":"de_DE","og_type":"article","og_title":"All deine Facebook-Erinnerungen sind jetzt an einem Ort | \u00dcber Meta","og_description":"Von Oren Hod, Product Manager Facebook verk\u00fcndet heute die Einf\u00fchrung der neuen Rubrik \u201cErinnerungen\u201d. Unter diesem Reiter werden die Momente, die zuvor unter &#8218;An diesem Tag&#8218; zu finden waren, sowie weitere R\u00fcckblicke und Erinnerungen in Zukunft an einem Ort \u00fcbersichtlich geb\u00fcndelt. So kann man sich besondere Momente noch einfacher ins Ged\u00e4chtnis rufen oder sie mit Freunden und Verwandten teilen. Studien zeigen, dass diese Art der Besch\u00e4ftigung einen positiven Einfluss auf die Stimmung und das allgemeine Wohlbefinden haben kann. Bisher nutzen schon mehr als 90 Millionen Menschen t\u00e4glich die Funktion &#8218;An diesem Tag&#8216;. Die neue Erinnerungs-Seite fasst folgende Funktionen zusammen: An diesem Tag: Wie gewohnt kann man hier auf besondere Momente zur\u00fcckzublicken, die auf Facebook mit Freunden und Familie geteilt wurden. Freundschaften feiern: Hier erh\u00e4lt man wie bisher eine \u00dcbersicht \u00fcber die Freundschaften, die man an diesem Tag in der Vergangenheit auf Facebook gekn\u00fcpft hat. Saisonale und monatliche R\u00fcckblicke: Dieser Abschnitt enth\u00e4lt Zusammenfassungen von Erinnerungen in Form von Beitr\u00e4gen und kurzen Videos. Erinnerungen, die du vielleicht verpasst hast: Hier findet man Beitr\u00e4ge, die man in der letzten Woche verpasst haben k\u00f6nnte, wenn man die eigene Erinnerungs-Seite nicht besucht hat. Erinnerungen sind etwas zutiefst pers\u00f6nliches \u2013 und nicht alle Erinnerungen sind positiv. Wir sind daher dankbar f\u00fcr all das Feedback, das die Menschen innerhalb der letzten drei Jahre mit uns geteilt haben. Uns ist es sehr wichtig, die Erinnerungs-Funktionen so zu gestalten, dass sie die Erfahrungen jedes Einzelnen respektieren und leicht zug\u00e4ngliche Einstellungsm\u00f6glichkeiten bieten. Wenn man sich seine Erinnerungs-Seite ansehen m\u00f6chte, kann man sie \u00fcber das Lesezeichen auf der linken Seite des News Feeds erreichen. Alternativ kann die Erinnerungs-Seite jederzeit \u00fcber facebook.com\/memories aufgerufen werden, \u00fcber die entsprechenden Benachrichtigungen und Beitr\u00e4ge, die im News Feed angezeigt werden, oder \u00fcber die mobile App.","og_url":"https:\/\/about.fb.com\/de\/news\/2018\/06\/all-deine-facebook-erinnerungen-sind-jetzt-an-einem-ort\/","og_site_name":"\u00dcber Meta","article_published_time":"2018-06-12T08:01:14+00:00","og_image":[{"url":"https:\/\/about-fb-preprod.go-vip.net\/de\/wp-content\/uploads\/sites\/4\/2018\/06\/memories-product-flow-1.png","type":"","width":"","height":""}],"author":"segmentafacebook","twitter_card":"summary_large_image","twitter_misc":{"Written by":"Meta","Est. reading time":"2 Minuten"},"schema":{"@context":"https:\/\/schema.org","@graph":[{"@type":"Article","@id":"https:\/\/about.fb.com\/de\/news\/2018\/06\/all-deine-facebook-erinnerungen-sind-jetzt-an-einem-ort\/#article","isPartOf":{"@id":"https:\/\/about.fb.com\/de\/news\/2018\/06\/all-deine-facebook-erinnerungen-sind-jetzt-an-einem-ort\/"},"author":"Facebook company","headline":"All deine Facebook-Erinnerungen sind jetzt an einem Ort","datePublished":"2018-06-12T08:01:14+00:00","mainEntityOfPage":{"@id":"https:\/\/about.fb.com\/de\/news\/2018\/06\/all-deine-facebook-erinnerungen-sind-jetzt-an-einem-ort\/"},"wordCount":318,"publisher":{"@id":"https:\/\/about.fb.com\/de\/#organization"},"image":{"@id":"https:\/\/about.fb.com\/de\/news\/2018\/06\/all-deine-facebook-erinnerungen-sind-jetzt-an-einem-ort\/#primaryimage"},"thumbnailUrl":"https:\/\/about-fb-preprod.go-vip.net\/de\/wp-content\/uploads\/sites\/4\/2018\/06\/memories-product-flow-1.png","articleSection":["Produktnachrichten"],"inLanguage":"de-DE"},{"@type":"WebPage","@id":"https:\/\/about.fb.com\/de\/news\/2018\/06\/all-deine-facebook-erinnerungen-sind-jetzt-an-einem-ort\/","url":"https:\/\/about.fb.com\/de\/news\/2018\/06\/all-deine-facebook-erinnerungen-sind-jetzt-an-einem-ort\/","name":"All deine Facebook-Erinnerungen sind jetzt an einem Ort | \u00dcber Meta","isPartOf":{"@id":"https:\/\/about.fb.com\/de\/#website"},"primaryImageOfPage":{"@id":"https:\/\/about.fb.com\/de\/news\/2018\/06\/all-deine-facebook-erinnerungen-sind-jetzt-an-einem-ort\/#primaryimage"},"image":{"@id":"https:\/\/about.fb.com\/de\/news\/2018\/06\/all-deine-facebook-erinnerungen-sind-jetzt-an-einem-ort\/#primaryimage"},"thumbnailUrl":"https:\/\/about-fb-preprod.go-vip.net\/de\/wp-content\/uploads\/sites\/4\/2018\/06\/memories-product-flow-1.png","datePublished":"2018-06-12T08:01:14+00:00","breadcrumb":{"@id":"https:\/\/about.fb.com\/de\/news\/2018\/06\/all-deine-facebook-erinnerungen-sind-jetzt-an-einem-ort\/#breadcrumb"},"inLanguage":"de-DE","potentialAction":[{"@type":"ReadAction","target":["https:\/\/about.fb.com\/de\/news\/2018\/06\/all-deine-facebook-erinnerungen-sind-jetzt-an-einem-ort\/"]}],"author":"\u00dcber Meta"},{"@type":"ImageObject","inLanguage":"de-DE","@id":"https:\/\/about.fb.com\/de\/news\/2018\/06\/all-deine-facebook-erinnerungen-sind-jetzt-an-einem-ort\/#primaryimage","url":"https:\/\/about-fb-preprod.go-vip.net\/de\/wp-content\/uploads\/sites\/4\/2018\/06\/memories-product-flow-1.png","contentUrl":"https:\/\/about-fb-preprod.go-vip.net\/de\/wp-content\/uploads\/sites\/4\/2018\/06\/memories-product-flow-1.png"},{"@type":"BreadcrumbList","@id":"https:\/\/about.fb.com\/de\/news\/2018\/06\/all-deine-facebook-erinnerungen-sind-jetzt-an-einem-ort\/#breadcrumb","itemListElement":[{"@type":"ListItem","position":1,"name":"Home","item":"https:\/\/about.fb.com\/de\/"},{"@type":"ListItem","position":2,"name":"All deine Facebook-Erinnerungen sind jetzt an einem Ort"}]},{"@type":"WebSite","@id":"https:\/\/about.fb.com\/de\/#website","url":"https:\/\/about.fb.com\/news\/","name":"\u00dcber Meta","description":"","publisher":{"@id":"https:\/\/about.fb.com\/de\/#organization"},"potentialAction":[{"@type":"SearchAction","target":{"@type":"EntryPoint","urlTemplate":"https:\/\/about.fb.com\/de\/?s={search_term_string}"},"query-input":{"@type":"PropertyValueSpecification","valueRequired":true,"valueName":"search_term_string"}}],"inLanguage":"de-DE","alternateName":["Meta Newsroom","Meta"]},{"@type":"Organization","@id":"https:\/\/about.fb.com\/de\/#organization","name":"Meta","url":"https:\/\/about.fb.com\/de\/","logo":{"@type":"ImageObject","inLanguage":"de-DE","@id":"https:\/\/about.fb.com\/de\/#\/schema\/logo\/image\/","url":"https:\/\/about.fb.com\/de\/wp-content\/uploads\/sites\/10\/2021\/10\/meta-social-16x9-1.jpg?fit=8000%2C4500","contentUrl":"https:\/\/about.fb.com\/de\/wp-content\/uploads\/sites\/10\/2021\/10\/meta-social-16x9-1.jpg?fit=8000%2C4500","width":8000,"height":4500,"caption":"Meta"},"image":{"@id":"https:\/\/about.fb.com\/de\/#\/schema\/logo\/image\/"}}]}},"jetpack_featured_media_url":"","jetpack-related-posts":[],"jetpack_sharing_enabled":true,"amp_enabled":true,"_links":{"self":[{"href":"https:\/\/about.fb.com\/de\/wp-json\/wp\/v2\/posts\/9430","targetHints":{"allow":["GET"]}}],"collection":[{"href":"https:\/\/about.fb.com\/de\/wp-json\/wp\/v2\/posts"}],"about":[{"href":"https:\/\/about.fb.com\/de\/wp-json\/wp\/v2\/types\/post"}],"author":[{"embeddable":true,"href":"https:\/\/about.fb.com\/de\/wp-json\/wp\/v2\/users\/116770500"}],"replies":[{"embeddable":true,"href":"https:\/\/about.fb.com\/de\/wp-json\/wp\/v2\/comments?post=9430"}],"version-history":[{"count":0,"href":"https:\/\/about.fb.com\/de\/wp-json\/wp\/v2\/posts\/9430\/revisions"}],"wp:attachment":[{"href":"https:\/\/about.fb.com\/de\/wp-json\/wp\/v2\/media?parent=9430"}],"wp:term":[{"taxonomy":"category","embeddable":true,"href":"https:\/\/about.fb.com\/de\/wp-json\/wp\/v2\/categories?post=9430"},{"taxonomy":"post_tag","embeddable":true,"href":"https:\/\/about.fb.com\/de\/wp-json\/wp\/v2\/tags?post=9430"}],"curies":[{"name":"wp","href":"https:\/\/api.w.org\/{rel}","templated":true}]}}