{"id":9406,"date":"2018-06-06T12:47:09","date_gmt":"2018-06-06T11:47:09","guid":{"rendered":"http:\/\/de.newsroom.fb.com\/?p=9406"},"modified":"2018-06-06T12:47:09","modified_gmt":"2018-06-06T11:47:09","slug":"digital-durchstarten-facebooks-digitalisierungsinitiative-kommt-nach-berlin","status":"publish","type":"post","link":"https:\/\/about.fb.com\/de\/news\/2018\/06\/digital-durchstarten-facebooks-digitalisierungsinitiative-kommt-nach-berlin\/","title":{"rendered":"Digital Durchstarten: Facebooks Digitalisierungsinitiative kommt nach Berlin"},"content":{"rendered":"<p><b>Nach dem erfolgreichen Auftakt der Initiative \u201cDigital Durchstarten\u201d in der Essener Zeche Zollverein im vergangenen Mai, setzt Facebook seine Veranstaltungsreihe zur Vermittlung von Digitalkompetenz vom 28. bis 30. Juni im Postbahnhof Berlin fort. Die drei Tage haben unterschiedliche Fokusthemen und richten sich an gemeinn\u00fctzige Organisationen, Unternehmen und alle interessierten Berlinerinnen und Berliner.<\/b><\/p>\n<p>W\u00e4hrend drei Tagen bietet Facebook gemeinsam mit Partnerorganisationen, wie der IHK Berlin, dem Hasso-Plattner-Institut, dem Bundesverband Deutsche Startups, dem Handelsverband Berlin-Brandenburg e.V., HABA Digitalwerkstatt, Eduheroes und der Initiative DigiBitS, Workshops, eine interaktive Ausstellung und Diskussionsrunden zu den verschiedensten Themen an \u2013 von Design Thinking Workshops f\u00fcr Unternehmer \u00fcber Programmiertrainings f\u00fcr Sch\u00fcler bis hin zu Medienkompetenz f\u00fcr Eltern und Kinder.<\/p>\n<p>Digital Durchstarten ist Teil des im Januar von Facebook COO Sheryl Sandberg angek\u00fcndigten, europaweiten Programms, mit dem bis 2020 insgesamt eine Million Menschen und Unternehmen aus der EU geschult werden sollen. Ziel der Initiative ist es, nachhaltig digitale Kompetenzen an drei Zielgruppen zu vermitteln: Unternehmen, gemeinn\u00fctzige Unternehmen und interessierte Privatpersonen. So soll das Wachstum lokaler Unternehmen unterst\u00fctzt werden und Privatpersonen, wie Jobsuchende, Sch\u00fcler und Eltern, erhalten wichtige Hilfestellungen zum Einsatz digitaler Technologien im Alltag.<\/p>\n<p>Das vielf\u00e4ltige Programm von \u201cDigital Durchstarten\u201d startet am 28. Juni im Postbahnhof Berlin. W\u00e4hrend sich der erste Tag und die am Abend stattfindende Verleihung der \u201c<a href=\"https:\/\/www.smart-hero-award.de\/\">Smart Hero Awards<\/a>\u201d an gemeinn\u00fctzige Organisationen und Vereine richtet, steht das Programm am 29. Juni f\u00fcr Unternehmen jeder Gr\u00f6\u00dfe offen. Am dritten Tag, Samstag der 30. Juni, sind dann alle interessierten Berlinerinnen und Berliner eingeladen, die sich f\u00fcr digitale Themen interessieren, vorbeizuschauen.<\/p>\n<blockquote><p><i>\u201eDie Umstellung auf digitale Technologien stellt viele Unternehmen im Handel vor Herausforderungen. Uns ist es deshalb wichtig, den Unternehmen die Chancen, die aus der Digitalisierung entstehen, aufzuzeigen. Das Projekt \u201aDigital Durchstarten\u2018 setzt genau da an und darum freuen wir uns, diese Initiative unterst\u00fctzen zu k\u00f6nnen.\u201c<\/i> <b>&#8211; Nils Busch-Petersen, Hauptgesch\u00e4ftsf\u00fchrer des Handelsverbands Berlin-Brandenburg e.V.<\/b><\/p><\/blockquote>\n<p><img data-recalc-dims=\"1\" loading=\"lazy\" decoding=\"async\" class=\"aligncenter size-large wp-image-9309\" src=\"https:\/\/about-fb-preprod.go-vip.net\/de\/wp-content\/uploads\/sites\/4\/2018\/06\/fb_dd_essen_szw_0099.jpg?resize=960%2C641\" alt=\"\" width=\"960\" height=\"641\" \/><\/p>\n<p><b>Digitale \u201cFitness\u201d wird auch als Einstellungskriterium immer wichtiger<\/b><br \/>\nDie hohe Bedeutung von Trainings zu digitalen Technologien wird auch durch eine aktuelle Morning Consult Studie (Mai 2018) unter Berliner Unternehmen belegt. Diese zeigt, dass es f\u00fcr 69 % der befragten Unternehmen mit Facebook-Pr\u00e4senz sehr wichtig ist, dass neue Mitarbeiter digital fit sind. In Bezug auf Facebook gaben 54 % der befragten Unternehmen an, dass ihnen die Plattform zu mehr Gesch\u00e4ftswachstum verholfen hat.<\/p>\n<blockquote><p><i>\u201cWenn mehr Menschen wissen, wie sie digitale Technologien bestm\u00f6glich nutzen k\u00f6nnen, schafft das fairere Bedingungen im Alltag und im Beruf. Mit Digital Durchstarten wollen wir gemeinsam mit unseren Partnern genau hier ansetzen und Menschen sowie kleine und mittelst\u00e4ndische Unternehmen fit f\u00fcr ihre digitale Zukunft machen.\u201d <\/i>&#8211; <b>Martin Ott, Managing Director Central Europe<\/b><\/p><\/blockquote>\n<p>Interessierte k\u00f6nnen sich <b>\u00fcber diesen Link f\u00fcr die kostenlose Veranstaltung in Berlin anmelden<\/b>: <a href=\"https:\/\/www.facebook.com\/business\/m\/digitaldurchstarten\/berlin\">https:\/\/www.facebook.com\/business\/m\/digitaldurchstarten\/berlin<\/a><\/p>\n<ul>\n<li><b>Tag 1 &#8211; NGO-Tag &amp; Smart Hero Award:<\/b> Workshops f\u00fcr Vereine und gemeinn\u00fctzige Organisationen (nur auf Einladung)<\/li>\n<li><b>Tag 2 &#8211; Fokus Unternehmen:<\/b> Trainings zu Online Marketing und digitalen Strategien<\/li>\n<li><b>Tag 3 &#8211; Fokus Community:<\/b> Trainings f\u00fcr Organisationen, Vereine, Eltern und Sch\u00fcler (bspw. Grundlagen des Programmierens, Einsatz von Facebook Gruppen, Medienkompetenz)<\/li>\n<\/ul>\n<p>&nbsp;<\/p>\n","protected":false},"excerpt":{"rendered":"Nach dem erfolgreichen Auftakt der Initiative \u201cDigital Durchstarten\u201d in der Essener Zeche Zollverein im vergangenen Mai, setzt Facebook seine Veranstaltungsreihe zur Vermittlung von Digitalkompetenz vom 28. bis 30. Juni im Postbahnhof Berlin fort. Die drei Tage haben unterschiedliche Fokusthemen und richten sich an gemeinn\u00fctzige Organisationen, Unternehmen und alle interessierten Berlinerinnen und Berliner. W\u00e4hrend drei Tagen bietet Facebook gemeinsam mit Partnerorganisationen, wie der IHK Berlin, dem Hasso-Plattner-Institut, dem Bundesverband Deutsche Startups, dem Handelsverband Berlin-Brandenburg e.V., HABA Digitalwerkstatt, Eduheroes und der Initiative DigiBitS, Workshops, eine interaktive Ausstellung und Diskussionsrunden zu den verschiedensten Themen an \u2013 von Design Thinking Workshops f\u00fcr Unternehmer \u00fcber Programmiertrainings f\u00fcr Sch\u00fcler bis hin zu Medienkompetenz f\u00fcr Eltern und Kinder. Digital Durchstarten ist Teil des im Januar von Facebook COO Sheryl Sandberg angek\u00fcndigten, europaweiten Programms, mit dem bis 2020 insgesamt eine Million Menschen und Unternehmen aus der EU geschult werden sollen. Ziel der Initiative ist es, nachhaltig digitale Kompetenzen an drei Zielgruppen zu vermitteln: Unternehmen, gemeinn\u00fctzige Unternehmen und interessierte Privatpersonen. So soll das Wachstum lokaler Unternehmen unterst\u00fctzt werden und Privatpersonen, wie Jobsuchende, Sch\u00fcler und Eltern, erhalten wichtige Hilfestellungen zum Einsatz digitaler Technologien im Alltag. Das vielf\u00e4ltige Programm von \u201cDigital Durchstarten\u201d startet am 28. Juni im Postbahnhof Berlin. W\u00e4hrend sich der erste Tag und die am Abend stattfindende Verleihung der \u201cSmart Hero Awards\u201d an gemeinn\u00fctzige Organisationen und Vereine richtet, steht das Programm am 29. Juni f\u00fcr Unternehmen jeder Gr\u00f6\u00dfe offen. Am dritten Tag, Samstag der 30. Juni, sind dann alle interessierten Berlinerinnen und Berliner eingeladen, die sich f\u00fcr digitale Themen interessieren, vorbeizuschauen. \u201eDie Umstellung auf digitale Technologien stellt viele Unternehmen im Handel vor Herausforderungen. Uns ist es deshalb wichtig, den Unternehmen die Chancen, die aus der Digitalisierung entstehen, aufzuzeigen. Das Projekt \u201aDigital Durchstarten\u2018 setzt genau da an und darum freuen wir uns, diese Initiative unterst\u00fctzen zu k\u00f6nnen.\u201c &#8211; Nils Busch-Petersen, Hauptgesch\u00e4ftsf\u00fchrer des Handelsverbands Berlin-Brandenburg e.V. Digitale \u201cFitness\u201d wird auch als Einstellungskriterium immer wichtiger Die hohe Bedeutung von Trainings zu digitalen Technologien wird auch durch eine aktuelle Morning Consult Studie (Mai 2018) unter Berliner Unternehmen belegt. Diese zeigt, dass es f\u00fcr 69 % der befragten Unternehmen mit Facebook-Pr\u00e4senz sehr wichtig ist, dass neue Mitarbeiter digital fit sind. In Bezug auf Facebook gaben 54 % der befragten Unternehmen an, dass ihnen die Plattform zu mehr Gesch\u00e4ftswachstum verholfen hat. \u201cWenn mehr Menschen wissen, wie sie digitale Technologien bestm\u00f6glich nutzen k\u00f6nnen, schafft das fairere Bedingungen im Alltag und im Beruf. Mit Digital Durchstarten wollen wir gemeinsam mit unseren Partnern genau hier ansetzen und Menschen sowie kleine und mittelst\u00e4ndische Unternehmen fit f\u00fcr ihre digitale Zukunft machen.\u201d &#8211; Martin Ott, Managing Director Central Europe Interessierte k\u00f6nnen sich \u00fcber diesen Link f\u00fcr die kostenlose Veranstaltung in Berlin anmelden: <a href=\"https:\/\/www.facebook.com\/business\/m\/digitaldurchstarten\/berlin\" rel=\"nofollow\">https:\/\/www.facebook.com\/business\/m\/digitaldurchstarten\/berlin<\/a> Tag 1 &#8211; NGO-Tag &amp; Smart Hero Award: Workshops f\u00fcr Vereine und gemeinn\u00fctzige Organisationen (nur auf Einladung) Tag 2 &#8211; Fokus Unternehmen: Trainings zu Online Marketing und digitalen Strategien Tag 3 &#8211; Fokus Community: Trainings f\u00fcr Organisationen, Vereine, Eltern und Sch\u00fcler (bspw. Grundlagen des Programmierens, Einsatz von Facebook Gruppen, Medienkompetenz) &nbsp;","protected":false},"author":116770500,"featured_media":9167,"comment_status":"closed","ping_status":"closed","sticky":false,"template":"","format":"standard","meta":{"_jetpack_memberships_contains_paid_content":false,"footnotes":""},"categories":[555973257,7350],"tags":[],"class_list":["post-9406","post","type-post","status-publish","format-standard","has-post-thumbnail","hentry","category-mittelstand","category-veranstaltungen"],"yoast_head":"<!-- This site is optimized with the Yoast SEO plugin v27.2 - https:\/\/yoast.com\/product\/yoast-seo-wordpress\/ -->\n<title>Digital Durchstarten: Facebooks Digitalisierungsinitiative kommt nach Berlin | \u00dcber Meta<\/title>\n<meta name=\"robots\" content=\"index, follow, max-snippet:-1, max-image-preview:large, max-video-preview:-1\" \/>\n<link rel=\"canonical\" href=\"https:\/\/about.fb.com\/de\/news\/2018\/06\/digital-durchstarten-facebooks-digitalisierungsinitiative-kommt-nach-berlin\/\" \/>\n<meta property=\"og:locale\" content=\"de_DE\" \/>\n<meta property=\"og:type\" content=\"article\" \/>\n<meta property=\"og:title\" content=\"Digital Durchstarten: Facebooks Digitalisierungsinitiative kommt nach Berlin | \u00dcber Meta\" \/>\n<meta property=\"og:description\" content=\"Nach dem erfolgreichen Auftakt der Initiative \u201cDigital Durchstarten\u201d in der Essener Zeche Zollverein im vergangenen Mai, setzt Facebook seine Veranstaltungsreihe zur Vermittlung von Digitalkompetenz vom 28. bis 30. Juni im Postbahnhof Berlin fort. Die drei Tage haben unterschiedliche Fokusthemen und richten sich an gemeinn\u00fctzige Organisationen, Unternehmen und alle interessierten Berlinerinnen und Berliner. W\u00e4hrend drei Tagen bietet Facebook gemeinsam mit Partnerorganisationen, wie der IHK Berlin, dem Hasso-Plattner-Institut, dem Bundesverband Deutsche Startups, dem Handelsverband Berlin-Brandenburg e.V., HABA Digitalwerkstatt, Eduheroes und der Initiative DigiBitS, Workshops, eine interaktive Ausstellung und Diskussionsrunden zu den verschiedensten Themen an \u2013 von Design Thinking Workshops f\u00fcr Unternehmer \u00fcber Programmiertrainings f\u00fcr Sch\u00fcler bis hin zu Medienkompetenz f\u00fcr Eltern und Kinder. Digital Durchstarten ist Teil des im Januar von Facebook COO Sheryl Sandberg angek\u00fcndigten, europaweiten Programms, mit dem bis 2020 insgesamt eine Million Menschen und Unternehmen aus der EU geschult werden sollen. Ziel der Initiative ist es, nachhaltig digitale Kompetenzen an drei Zielgruppen zu vermitteln: Unternehmen, gemeinn\u00fctzige Unternehmen und interessierte Privatpersonen. So soll das Wachstum lokaler Unternehmen unterst\u00fctzt werden und Privatpersonen, wie Jobsuchende, Sch\u00fcler und Eltern, erhalten wichtige Hilfestellungen zum Einsatz digitaler Technologien im Alltag. Das vielf\u00e4ltige Programm von \u201cDigital Durchstarten\u201d startet am 28. Juni im Postbahnhof Berlin. W\u00e4hrend sich der erste Tag und die am Abend stattfindende Verleihung der \u201cSmart Hero Awards\u201d an gemeinn\u00fctzige Organisationen und Vereine richtet, steht das Programm am 29. Juni f\u00fcr Unternehmen jeder Gr\u00f6\u00dfe offen. Am dritten Tag, Samstag der 30. Juni, sind dann alle interessierten Berlinerinnen und Berliner eingeladen, die sich f\u00fcr digitale Themen interessieren, vorbeizuschauen. \u201eDie Umstellung auf digitale Technologien stellt viele Unternehmen im Handel vor Herausforderungen. Uns ist es deshalb wichtig, den Unternehmen die Chancen, die aus der Digitalisierung entstehen, aufzuzeigen. Das Projekt \u201aDigital Durchstarten\u2018 setzt genau da an und darum freuen wir uns, diese Initiative unterst\u00fctzen zu k\u00f6nnen.\u201c &#8211; Nils Busch-Petersen, Hauptgesch\u00e4ftsf\u00fchrer des Handelsverbands Berlin-Brandenburg e.V. Digitale \u201cFitness\u201d wird auch als Einstellungskriterium immer wichtiger Die hohe Bedeutung von Trainings zu digitalen Technologien wird auch durch eine aktuelle Morning Consult Studie (Mai 2018) unter Berliner Unternehmen belegt. Diese zeigt, dass es f\u00fcr 69 % der befragten Unternehmen mit Facebook-Pr\u00e4senz sehr wichtig ist, dass neue Mitarbeiter digital fit sind. In Bezug auf Facebook gaben 54 % der befragten Unternehmen an, dass ihnen die Plattform zu mehr Gesch\u00e4ftswachstum verholfen hat. \u201cWenn mehr Menschen wissen, wie sie digitale Technologien bestm\u00f6glich nutzen k\u00f6nnen, schafft das fairere Bedingungen im Alltag und im Beruf. Mit Digital Durchstarten wollen wir gemeinsam mit unseren Partnern genau hier ansetzen und Menschen sowie kleine und mittelst\u00e4ndische Unternehmen fit f\u00fcr ihre digitale Zukunft machen.\u201d &#8211; Martin Ott, Managing Director Central Europe Interessierte k\u00f6nnen sich \u00fcber diesen Link f\u00fcr die kostenlose Veranstaltung in Berlin anmelden: https:\/\/www.facebook.com\/business\/m\/digitaldurchstarten\/berlin Tag 1 &#8211; NGO-Tag &amp; Smart Hero Award: Workshops f\u00fcr Vereine und gemeinn\u00fctzige Organisationen (nur auf Einladung) Tag 2 &#8211; Fokus Unternehmen: Trainings zu Online Marketing und digitalen Strategien Tag 3 &#8211; Fokus Community: Trainings f\u00fcr Organisationen, Vereine, Eltern und Sch\u00fcler (bspw. Grundlagen des Programmierens, Einsatz von Facebook Gruppen, Medienkompetenz) &nbsp;\" \/>\n<meta property=\"og:url\" content=\"https:\/\/about.fb.com\/de\/news\/2018\/06\/digital-durchstarten-facebooks-digitalisierungsinitiative-kommt-nach-berlin\/\" \/>\n<meta property=\"og:site_name\" content=\"\u00dcber Meta\" \/>\n<meta property=\"article:published_time\" content=\"2018-06-06T11:47:09+00:00\" \/>\n<meta property=\"og:image\" content=\"https:\/\/about.fb.com\/de\/wp-content\/uploads\/sites\/10\/2018\/04\/9c205d96-e233-4ae2-a0a2-e0c1aecd948e-e1524575385461.png?resize=1024,710\" \/>\n\t<meta property=\"og:image:width\" content=\"1024\" \/>\n\t<meta property=\"og:image:height\" content=\"710\" \/>\n\t<meta property=\"og:image:type\" content=\"image\/png\" \/>\n<meta name=\"author\" content=\"segmentafacebook\" \/>\n<meta name=\"twitter:card\" content=\"summary_large_image\" \/>\n<meta name=\"twitter:label1\" content=\"Written by\" \/>\n\t<meta name=\"twitter:data1\" content=\"Meta\" \/>\n\t<meta name=\"twitter:label2\" content=\"Est. reading time\" \/>\n\t<meta name=\"twitter:data2\" content=\"3 Minuten\" \/>\n<script type=\"application\/ld+json\" class=\"yoast-schema-graph\">{\"@context\":\"https:\/\/schema.org\",\"@graph\":[{\"@type\":\"Article\",\"@id\":\"https:\/\/about.fb.com\/de\/news\/2018\/06\/digital-durchstarten-facebooks-digitalisierungsinitiative-kommt-nach-berlin\/#article\",\"isPartOf\":{\"@id\":\"https:\/\/about.fb.com\/de\/news\/2018\/06\/digital-durchstarten-facebooks-digitalisierungsinitiative-kommt-nach-berlin\/\"},\"author\":\"Facebook company\",\"headline\":\"Digital Durchstarten: Facebooks Digitalisierungsinitiative kommt nach Berlin\",\"datePublished\":\"2018-06-06T11:47:09+00:00\",\"mainEntityOfPage\":{\"@id\":\"https:\/\/about.fb.com\/de\/news\/2018\/06\/digital-durchstarten-facebooks-digitalisierungsinitiative-kommt-nach-berlin\/\"},\"wordCount\":527,\"publisher\":{\"@id\":\"https:\/\/about.fb.com\/de\/#organization\"},\"image\":{\"@id\":\"https:\/\/about.fb.com\/de\/news\/2018\/06\/digital-durchstarten-facebooks-digitalisierungsinitiative-kommt-nach-berlin\/#primaryimage\"},\"thumbnailUrl\":\"https:\/\/about.fb.com\/de\/wp-content\/uploads\/sites\/10\/2018\/04\/9c205d96-e233-4ae2-a0a2-e0c1aecd948e-e1524575385461.png?fit=2031%2C1408\",\"articleSection\":[\"Mittelstand\",\"Veranstaltungen\"],\"inLanguage\":\"de-DE\"},{\"@type\":\"WebPage\",\"@id\":\"https:\/\/about.fb.com\/de\/news\/2018\/06\/digital-durchstarten-facebooks-digitalisierungsinitiative-kommt-nach-berlin\/\",\"url\":\"https:\/\/about.fb.com\/de\/news\/2018\/06\/digital-durchstarten-facebooks-digitalisierungsinitiative-kommt-nach-berlin\/\",\"name\":\"Digital Durchstarten: Facebooks Digitalisierungsinitiative kommt nach Berlin | \u00dcber Meta\",\"isPartOf\":{\"@id\":\"https:\/\/about.fb.com\/de\/#website\"},\"primaryImageOfPage\":{\"@id\":\"https:\/\/about.fb.com\/de\/news\/2018\/06\/digital-durchstarten-facebooks-digitalisierungsinitiative-kommt-nach-berlin\/#primaryimage\"},\"image\":{\"@id\":\"https:\/\/about.fb.com\/de\/news\/2018\/06\/digital-durchstarten-facebooks-digitalisierungsinitiative-kommt-nach-berlin\/#primaryimage\"},\"thumbnailUrl\":\"https:\/\/about.fb.com\/de\/wp-content\/uploads\/sites\/10\/2018\/04\/9c205d96-e233-4ae2-a0a2-e0c1aecd948e-e1524575385461.png?fit=2031%2C1408\",\"datePublished\":\"2018-06-06T11:47:09+00:00\",\"breadcrumb\":{\"@id\":\"https:\/\/about.fb.com\/de\/news\/2018\/06\/digital-durchstarten-facebooks-digitalisierungsinitiative-kommt-nach-berlin\/#breadcrumb\"},\"inLanguage\":\"de-DE\",\"potentialAction\":[{\"@type\":\"ReadAction\",\"target\":[\"https:\/\/about.fb.com\/de\/news\/2018\/06\/digital-durchstarten-facebooks-digitalisierungsinitiative-kommt-nach-berlin\/\"]}],\"author\":\"\u00dcber Meta\"},{\"@type\":\"ImageObject\",\"inLanguage\":\"de-DE\",\"@id\":\"https:\/\/about.fb.com\/de\/news\/2018\/06\/digital-durchstarten-facebooks-digitalisierungsinitiative-kommt-nach-berlin\/#primaryimage\",\"url\":\"https:\/\/about.fb.com\/de\/wp-content\/uploads\/sites\/10\/2018\/04\/9c205d96-e233-4ae2-a0a2-e0c1aecd948e-e1524575385461.png?fit=2031%2C1408\",\"contentUrl\":\"https:\/\/about.fb.com\/de\/wp-content\/uploads\/sites\/10\/2018\/04\/9c205d96-e233-4ae2-a0a2-e0c1aecd948e-e1524575385461.png?fit=2031%2C1408\",\"width\":2031,\"height\":1408},{\"@type\":\"BreadcrumbList\",\"@id\":\"https:\/\/about.fb.com\/de\/news\/2018\/06\/digital-durchstarten-facebooks-digitalisierungsinitiative-kommt-nach-berlin\/#breadcrumb\",\"itemListElement\":[{\"@type\":\"ListItem\",\"position\":1,\"name\":\"Home\",\"item\":\"https:\/\/about.fb.com\/de\/\"},{\"@type\":\"ListItem\",\"position\":2,\"name\":\"Digital Durchstarten: Facebooks Digitalisierungsinitiative kommt nach Berlin\"}]},{\"@type\":\"WebSite\",\"@id\":\"https:\/\/about.fb.com\/de\/#website\",\"url\":\"https:\/\/about.fb.com\/news\/\",\"name\":\"\u00dcber Meta\",\"description\":\"\",\"publisher\":{\"@id\":\"https:\/\/about.fb.com\/de\/#organization\"},\"potentialAction\":[{\"@type\":\"SearchAction\",\"target\":{\"@type\":\"EntryPoint\",\"urlTemplate\":\"https:\/\/about.fb.com\/de\/?s={search_term_string}\"},\"query-input\":{\"@type\":\"PropertyValueSpecification\",\"valueRequired\":true,\"valueName\":\"search_term_string\"}}],\"inLanguage\":\"de-DE\",\"alternateName\":[\"Meta Newsroom\",\"Meta\"]},{\"@type\":\"Organization\",\"@id\":\"https:\/\/about.fb.com\/de\/#organization\",\"name\":\"Meta\",\"url\":\"https:\/\/about.fb.com\/de\/\",\"logo\":{\"@type\":\"ImageObject\",\"inLanguage\":\"de-DE\",\"@id\":\"https:\/\/about.fb.com\/de\/#\/schema\/logo\/image\/\",\"url\":\"https:\/\/about.fb.com\/de\/wp-content\/uploads\/sites\/10\/2021\/10\/meta-social-16x9-1.jpg?fit=8000%2C4500\",\"contentUrl\":\"https:\/\/about.fb.com\/de\/wp-content\/uploads\/sites\/10\/2021\/10\/meta-social-16x9-1.jpg?fit=8000%2C4500\",\"width\":8000,\"height\":4500,\"caption\":\"Meta\"},\"image\":{\"@id\":\"https:\/\/about.fb.com\/de\/#\/schema\/logo\/image\/\"}}]}<\/script>\n<!-- \/ Yoast SEO plugin. -->","yoast_head_json":{"title":"Digital Durchstarten: Facebooks Digitalisierungsinitiative kommt nach Berlin | \u00dcber Meta","robots":{"index":"index","follow":"follow","max-snippet":"max-snippet:-1","max-image-preview":"max-image-preview:large","max-video-preview":"max-video-preview:-1"},"canonical":"https:\/\/about.fb.com\/de\/news\/2018\/06\/digital-durchstarten-facebooks-digitalisierungsinitiative-kommt-nach-berlin\/","og_locale":"de_DE","og_type":"article","og_title":"Digital Durchstarten: Facebooks Digitalisierungsinitiative kommt nach Berlin | \u00dcber Meta","og_description":"Nach dem erfolgreichen Auftakt der Initiative \u201cDigital Durchstarten\u201d in der Essener Zeche Zollverein im vergangenen Mai, setzt Facebook seine Veranstaltungsreihe zur Vermittlung von Digitalkompetenz vom 28. bis 30. Juni im Postbahnhof Berlin fort. Die drei Tage haben unterschiedliche Fokusthemen und richten sich an gemeinn\u00fctzige Organisationen, Unternehmen und alle interessierten Berlinerinnen und Berliner. W\u00e4hrend drei Tagen bietet Facebook gemeinsam mit Partnerorganisationen, wie der IHK Berlin, dem Hasso-Plattner-Institut, dem Bundesverband Deutsche Startups, dem Handelsverband Berlin-Brandenburg e.V., HABA Digitalwerkstatt, Eduheroes und der Initiative DigiBitS, Workshops, eine interaktive Ausstellung und Diskussionsrunden zu den verschiedensten Themen an \u2013 von Design Thinking Workshops f\u00fcr Unternehmer \u00fcber Programmiertrainings f\u00fcr Sch\u00fcler bis hin zu Medienkompetenz f\u00fcr Eltern und Kinder. Digital Durchstarten ist Teil des im Januar von Facebook COO Sheryl Sandberg angek\u00fcndigten, europaweiten Programms, mit dem bis 2020 insgesamt eine Million Menschen und Unternehmen aus der EU geschult werden sollen. Ziel der Initiative ist es, nachhaltig digitale Kompetenzen an drei Zielgruppen zu vermitteln: Unternehmen, gemeinn\u00fctzige Unternehmen und interessierte Privatpersonen. So soll das Wachstum lokaler Unternehmen unterst\u00fctzt werden und Privatpersonen, wie Jobsuchende, Sch\u00fcler und Eltern, erhalten wichtige Hilfestellungen zum Einsatz digitaler Technologien im Alltag. Das vielf\u00e4ltige Programm von \u201cDigital Durchstarten\u201d startet am 28. Juni im Postbahnhof Berlin. W\u00e4hrend sich der erste Tag und die am Abend stattfindende Verleihung der \u201cSmart Hero Awards\u201d an gemeinn\u00fctzige Organisationen und Vereine richtet, steht das Programm am 29. Juni f\u00fcr Unternehmen jeder Gr\u00f6\u00dfe offen. Am dritten Tag, Samstag der 30. Juni, sind dann alle interessierten Berlinerinnen und Berliner eingeladen, die sich f\u00fcr digitale Themen interessieren, vorbeizuschauen. \u201eDie Umstellung auf digitale Technologien stellt viele Unternehmen im Handel vor Herausforderungen. Uns ist es deshalb wichtig, den Unternehmen die Chancen, die aus der Digitalisierung entstehen, aufzuzeigen. Das Projekt \u201aDigital Durchstarten\u2018 setzt genau da an und darum freuen wir uns, diese Initiative unterst\u00fctzen zu k\u00f6nnen.\u201c &#8211; Nils Busch-Petersen, Hauptgesch\u00e4ftsf\u00fchrer des Handelsverbands Berlin-Brandenburg e.V. Digitale \u201cFitness\u201d wird auch als Einstellungskriterium immer wichtiger Die hohe Bedeutung von Trainings zu digitalen Technologien wird auch durch eine aktuelle Morning Consult Studie (Mai 2018) unter Berliner Unternehmen belegt. Diese zeigt, dass es f\u00fcr 69 % der befragten Unternehmen mit Facebook-Pr\u00e4senz sehr wichtig ist, dass neue Mitarbeiter digital fit sind. In Bezug auf Facebook gaben 54 % der befragten Unternehmen an, dass ihnen die Plattform zu mehr Gesch\u00e4ftswachstum verholfen hat. \u201cWenn mehr Menschen wissen, wie sie digitale Technologien bestm\u00f6glich nutzen k\u00f6nnen, schafft das fairere Bedingungen im Alltag und im Beruf. Mit Digital Durchstarten wollen wir gemeinsam mit unseren Partnern genau hier ansetzen und Menschen sowie kleine und mittelst\u00e4ndische Unternehmen fit f\u00fcr ihre digitale Zukunft machen.\u201d &#8211; Martin Ott, Managing Director Central Europe Interessierte k\u00f6nnen sich \u00fcber diesen Link f\u00fcr die kostenlose Veranstaltung in Berlin anmelden: https:\/\/www.facebook.com\/business\/m\/digitaldurchstarten\/berlin Tag 1 &#8211; NGO-Tag &amp; Smart Hero Award: Workshops f\u00fcr Vereine und gemeinn\u00fctzige Organisationen (nur auf Einladung) Tag 2 &#8211; Fokus Unternehmen: Trainings zu Online Marketing und digitalen Strategien Tag 3 &#8211; Fokus Community: Trainings f\u00fcr Organisationen, Vereine, Eltern und Sch\u00fcler (bspw. Grundlagen des Programmierens, Einsatz von Facebook Gruppen, Medienkompetenz) &nbsp;","og_url":"https:\/\/about.fb.com\/de\/news\/2018\/06\/digital-durchstarten-facebooks-digitalisierungsinitiative-kommt-nach-berlin\/","og_site_name":"\u00dcber Meta","article_published_time":"2018-06-06T11:47:09+00:00","og_image":[{"width":1024,"height":710,"url":"https:\/\/about.fb.com\/de\/wp-content\/uploads\/sites\/10\/2018\/04\/9c205d96-e233-4ae2-a0a2-e0c1aecd948e-e1524575385461.png?resize=1024,710","type":"image\/png"}],"author":"segmentafacebook","twitter_card":"summary_large_image","twitter_misc":{"Written by":"Meta","Est. reading time":"3 Minuten"},"schema":{"@context":"https:\/\/schema.org","@graph":[{"@type":"Article","@id":"https:\/\/about.fb.com\/de\/news\/2018\/06\/digital-durchstarten-facebooks-digitalisierungsinitiative-kommt-nach-berlin\/#article","isPartOf":{"@id":"https:\/\/about.fb.com\/de\/news\/2018\/06\/digital-durchstarten-facebooks-digitalisierungsinitiative-kommt-nach-berlin\/"},"author":"Facebook company","headline":"Digital Durchstarten: Facebooks Digitalisierungsinitiative kommt nach Berlin","datePublished":"2018-06-06T11:47:09+00:00","mainEntityOfPage":{"@id":"https:\/\/about.fb.com\/de\/news\/2018\/06\/digital-durchstarten-facebooks-digitalisierungsinitiative-kommt-nach-berlin\/"},"wordCount":527,"publisher":{"@id":"https:\/\/about.fb.com\/de\/#organization"},"image":{"@id":"https:\/\/about.fb.com\/de\/news\/2018\/06\/digital-durchstarten-facebooks-digitalisierungsinitiative-kommt-nach-berlin\/#primaryimage"},"thumbnailUrl":"https:\/\/about.fb.com\/de\/wp-content\/uploads\/sites\/10\/2018\/04\/9c205d96-e233-4ae2-a0a2-e0c1aecd948e-e1524575385461.png?fit=2031%2C1408","articleSection":["Mittelstand","Veranstaltungen"],"inLanguage":"de-DE"},{"@type":"WebPage","@id":"https:\/\/about.fb.com\/de\/news\/2018\/06\/digital-durchstarten-facebooks-digitalisierungsinitiative-kommt-nach-berlin\/","url":"https:\/\/about.fb.com\/de\/news\/2018\/06\/digital-durchstarten-facebooks-digitalisierungsinitiative-kommt-nach-berlin\/","name":"Digital Durchstarten: Facebooks Digitalisierungsinitiative kommt nach Berlin | \u00dcber Meta","isPartOf":{"@id":"https:\/\/about.fb.com\/de\/#website"},"primaryImageOfPage":{"@id":"https:\/\/about.fb.com\/de\/news\/2018\/06\/digital-durchstarten-facebooks-digitalisierungsinitiative-kommt-nach-berlin\/#primaryimage"},"image":{"@id":"https:\/\/about.fb.com\/de\/news\/2018\/06\/digital-durchstarten-facebooks-digitalisierungsinitiative-kommt-nach-berlin\/#primaryimage"},"thumbnailUrl":"https:\/\/about.fb.com\/de\/wp-content\/uploads\/sites\/10\/2018\/04\/9c205d96-e233-4ae2-a0a2-e0c1aecd948e-e1524575385461.png?fit=2031%2C1408","datePublished":"2018-06-06T11:47:09+00:00","breadcrumb":{"@id":"https:\/\/about.fb.com\/de\/news\/2018\/06\/digital-durchstarten-facebooks-digitalisierungsinitiative-kommt-nach-berlin\/#breadcrumb"},"inLanguage":"de-DE","potentialAction":[{"@type":"ReadAction","target":["https:\/\/about.fb.com\/de\/news\/2018\/06\/digital-durchstarten-facebooks-digitalisierungsinitiative-kommt-nach-berlin\/"]}],"author":"\u00dcber Meta"},{"@type":"ImageObject","inLanguage":"de-DE","@id":"https:\/\/about.fb.com\/de\/news\/2018\/06\/digital-durchstarten-facebooks-digitalisierungsinitiative-kommt-nach-berlin\/#primaryimage","url":"https:\/\/about.fb.com\/de\/wp-content\/uploads\/sites\/10\/2018\/04\/9c205d96-e233-4ae2-a0a2-e0c1aecd948e-e1524575385461.png?fit=2031%2C1408","contentUrl":"https:\/\/about.fb.com\/de\/wp-content\/uploads\/sites\/10\/2018\/04\/9c205d96-e233-4ae2-a0a2-e0c1aecd948e-e1524575385461.png?fit=2031%2C1408","width":2031,"height":1408},{"@type":"BreadcrumbList","@id":"https:\/\/about.fb.com\/de\/news\/2018\/06\/digital-durchstarten-facebooks-digitalisierungsinitiative-kommt-nach-berlin\/#breadcrumb","itemListElement":[{"@type":"ListItem","position":1,"name":"Home","item":"https:\/\/about.fb.com\/de\/"},{"@type":"ListItem","position":2,"name":"Digital Durchstarten: Facebooks Digitalisierungsinitiative kommt nach Berlin"}]},{"@type":"WebSite","@id":"https:\/\/about.fb.com\/de\/#website","url":"https:\/\/about.fb.com\/news\/","name":"\u00dcber Meta","description":"","publisher":{"@id":"https:\/\/about.fb.com\/de\/#organization"},"potentialAction":[{"@type":"SearchAction","target":{"@type":"EntryPoint","urlTemplate":"https:\/\/about.fb.com\/de\/?s={search_term_string}"},"query-input":{"@type":"PropertyValueSpecification","valueRequired":true,"valueName":"search_term_string"}}],"inLanguage":"de-DE","alternateName":["Meta Newsroom","Meta"]},{"@type":"Organization","@id":"https:\/\/about.fb.com\/de\/#organization","name":"Meta","url":"https:\/\/about.fb.com\/de\/","logo":{"@type":"ImageObject","inLanguage":"de-DE","@id":"https:\/\/about.fb.com\/de\/#\/schema\/logo\/image\/","url":"https:\/\/about.fb.com\/de\/wp-content\/uploads\/sites\/10\/2021\/10\/meta-social-16x9-1.jpg?fit=8000%2C4500","contentUrl":"https:\/\/about.fb.com\/de\/wp-content\/uploads\/sites\/10\/2021\/10\/meta-social-16x9-1.jpg?fit=8000%2C4500","width":8000,"height":4500,"caption":"Meta"},"image":{"@id":"https:\/\/about.fb.com\/de\/#\/schema\/logo\/image\/"}}]}},"jetpack_featured_media_url":"https:\/\/about.fb.com\/de\/wp-content\/uploads\/sites\/10\/2018\/04\/9c205d96-e233-4ae2-a0a2-e0c1aecd948e-e1524575385461.png?fit=2031%2C1408","jetpack-related-posts":[],"jetpack_sharing_enabled":true,"amp_enabled":true,"_links":{"self":[{"href":"https:\/\/about.fb.com\/de\/wp-json\/wp\/v2\/posts\/9406","targetHints":{"allow":["GET"]}}],"collection":[{"href":"https:\/\/about.fb.com\/de\/wp-json\/wp\/v2\/posts"}],"about":[{"href":"https:\/\/about.fb.com\/de\/wp-json\/wp\/v2\/types\/post"}],"author":[{"embeddable":true,"href":"https:\/\/about.fb.com\/de\/wp-json\/wp\/v2\/users\/116770500"}],"replies":[{"embeddable":true,"href":"https:\/\/about.fb.com\/de\/wp-json\/wp\/v2\/comments?post=9406"}],"version-history":[{"count":0,"href":"https:\/\/about.fb.com\/de\/wp-json\/wp\/v2\/posts\/9406\/revisions"}],"wp:featuredmedia":[{"embeddable":true,"href":"https:\/\/about.fb.com\/de\/wp-json\/wp\/v2\/media\/9167"}],"wp:attachment":[{"href":"https:\/\/about.fb.com\/de\/wp-json\/wp\/v2\/media?parent=9406"}],"wp:term":[{"taxonomy":"category","embeddable":true,"href":"https:\/\/about.fb.com\/de\/wp-json\/wp\/v2\/categories?post=9406"},{"taxonomy":"post_tag","embeddable":true,"href":"https:\/\/about.fb.com\/de\/wp-json\/wp\/v2\/tags?post=9406"}],"curies":[{"name":"wp","href":"https:\/\/api.w.org\/{rel}","templated":true}]}}