{"id":9294,"date":"2018-05-16T11:36:31","date_gmt":"2018-05-16T10:36:31","guid":{"rendered":"http:\/\/de.newsroom.fb.com\/?p=9294"},"modified":"2018-05-16T11:36:31","modified_gmt":"2018-05-16T10:36:31","slug":"digital-durchstarten-facebook-macht-zusammen-mit-partnerorganisationen-das-ruhrgebiet-digital-fit","status":"publish","type":"post","link":"https:\/\/about.fb.com\/de\/news\/2018\/05\/digital-durchstarten-facebook-macht-zusammen-mit-partnerorganisationen-das-ruhrgebiet-digital-fit\/","title":{"rendered":"Digital Durchstarten: Facebook macht zusammen mit Partnerorganisationen das Ruhrgebiet digital fit"},"content":{"rendered":"<p>Von links nach rechts: Thomas Kufen, Oberb\u00fcrgermeister der Stadt Essen, Xochilt Balzola-Widmann, KMU-Direktorin f\u00fcr die Region EMEA bei Facebook, und Dr. Michael Littger, Gesch\u00e4ftsf\u00fchrer &#8222;Deutschland sicher im Netz e.V.&#8220;<\/p>\n<ul>\n<li><b>Heute startet die erste europ\u00e4ische Veranstaltung der Digitalisierungsinitiative von Facebook in Essen<\/b><\/li>\n<li><b>Facebook unterst\u00fctzt das Projekt DigiBits \u2013 Digitale Bildung trifft Schule \u2013 mit 100 Materialboxen f\u00fcr Schulen im Ruhrgebiet <\/b><\/li>\n<li><b>Facebooks Digital Skills Hub \u201cLernen mit Facebook\u201d startet heute <\/b><\/li>\n<\/ul>\n<p>Vom 16. bis 18. Mai l\u00e4dt Facebook Unternehmen, Vereine, Sch\u00fcler, Jobsuchende und weitere Interessierte aus dem Ruhrgebiet zur Veranstaltung Digital Durchstarten in die Grand Hall Zollverein in Essen ein. Die Veranstaltung wurde heute durch den Oberb\u00fcrgermeister der Stadt Essen, Thomas Kufen, sowie Xochilt Balzola-Widmann, KMU-Direktorin f\u00fcr die Region EMEA bei Facebook, er\u00f6ffnet. In seiner Ansprache dankte Thomas Kufen Facebook daf\u00fcr, mit der Veranstaltung eine Plattform zum Austausch f\u00fcr Unternehmen, Vereine und alle weiteren interessierten Menschen aus dem Ruhrgebiet geschaffen zu haben. F\u00fcr das dreit\u00e4gige Event kooperiert Facebook mit vielen lokalen und nationalen Partnern, wie dem T\u00dcV Nord Bildung oder der Industrie- und Handelskammer Essen, um digitale Kompetenzen an unterschiedliche Zielgruppen zu vermitteln.<\/p>\n<p>Die Veranstaltung ist die erste dieser Art au\u00dferhalb der USA. Zugleich ist sie auch der Auftakt eines im Januar [<a href=\"https:\/\/about-fb-preprod.go-vip.net\/de\/2018\/01\/facebook-hilft-bei-der-jobsuche-im-digitalen-zeitalter\/\">https:\/\/about-fb-preprod.go-vip.net\/de\/2018\/01\/facebook-hilft-bei-der-jobsuche-im-digitalen-zeitalter\/<\/a>] von Facebook COO Sheryl Sandberg angek\u00fcndigten, europaweiten Programms, mit dem bis 2020 insgesamt eine Million Menschen und Unternehmen aus der EU geschult werden sollen. Es folgen weitere Veranstaltungen in Berlin (Juni), Frankfurt (August) und M\u00fcnchen (Oktober).<\/p>\n<p><img data-recalc-dims=\"1\" loading=\"lazy\" decoding=\"async\" class=\"aligncenter size-large wp-image-9303\" src=\"https:\/\/about-fb-preprod.go-vip.net\/de\/wp-content\/uploads\/sites\/4\/2018\/05\/fb_dd_essen_szw_0134-1.jpg?resize=960%2C641\" alt=\"\" width=\"960\" height=\"641\" \/><\/p>\n<p><b>Facebook unterst\u00fctzt Projekt f\u00fcr mehr digitale Kompetenz an Schulen<\/b><br \/>\nUm die Region auch \u00fcber die Veranstaltung in Essen hinaus nachhaltig zu unterst\u00fctzen, finanziert Facebook 100 DigiBitS-Materialboxen f\u00fcr Schulen in Essen und Umgebung. DigiBitS ist ein Bildungsangebot der Initiative Deutschland sicher im Netz e.V., mit dem Lehrkr\u00e4fte bei der F\u00f6rderung von Medienkompetenz und digitalem Wissen unterst\u00fctzt werden. Das Herzst\u00fcck der Initiative sind die speziell auf die Bed\u00fcrfnisse von Sch\u00fclern angepassten DigiBitS-Materialboxen, die unter anderem Unterrichtsmaterialien, App-Empfehlungen und Checklisten \u2013 jeweils sortiert nach Fachbereichen und Klassenstufen \u2013 enthalten. Am heutigen ersten Tag der Veranstaltung in Essen wird DigiBitS ab 14 Uhr einen Workshop zu der Integration von Medienbildung in den Schulalltag halten.<\/p>\n<p><b>Neue Online-Trainingangebote f\u00fcr Mittelst\u00e4ndler und Start-ups<\/b><br \/>\nAuch bei der F\u00f6rderung von kleinen und mittelst\u00e4ndischen Unternehmen und Start-ups setzt Facebook auf langfristige Unterst\u00fctzung und hat daher heute den Start von <i>Lernen mit Facebook<\/i> bekanntgegeben, zwei neuen Online-Trainingsreihen. Die erste Trainingsreihe vermittelt Digitalkompetenz an Mittelst\u00e4ndler und NGOs \u2013 vom Pr\u00e4sentieren der eigenen Marke in sozialen Medien, \u00fcber das Erstellen ansprechender Inhalte bis hin zum Online-Recruiting neuer Mitarbeiter. Die zweite Trainingsreihe richtet sich speziell an Start-ups und Gr\u00fcnder und enth\u00e4lt Themen wie die Finanzierung eines Unternehmens, Entwicklung eines Produkts und dem Aufbau eines Teams.<br \/>\n<i>Lernen mit Facebook<\/i> ist \u00fcber diesen Link zu erreichen: <a href=\"https:\/\/lernen.fb.com\/de\">https:\/\/lernen.fb.com\/de<\/a><\/p>\n<p><b>Weitere Partner und ihre Workshopangebote in Essen<\/b><br \/>\nDa digitale Kompetenz \u00fcber den Einsatz von Social Media f\u00fcr Unternehmen hinausgeht, kooperiert Facebook bei der Veranstaltung in Essen noch mit vielen weiteren Partnerorganisationen, die eine Reihe von Workshops anbieten werden. Hier eine Auswahl:<\/p>\n<ul>\n<li>Das<b> Hasso-Plattner-Institut<\/b> bietet Studieng\u00e4nge zu \u201cDigital Engineering\u201d und \u201cDesign Thinking\u201d an und wird in Essen erkl\u00e4ren, wie man als junger Unternehmer digitales Storytelling f\u00fcr das eigene Unternehmen nutzen kann.<\/li>\n<li>Der<b> T\u00dcV NORD<\/b> bietet seinen Mitarbeitern die M\u00f6glichkeit, mit Hilfe zertifizierter Weiterbildungen ihre berufliche Zukunft zu gestalten. Durch die Kooperation mit Facebook bietet sich auch f\u00fcr die Besucher in Essen die Chance, mehr \u00fcber die Jobsuche auf Social-Media-Plattformen und den Einfluss des eigenen Social-Media-Auftritts w\u00e4hrend der Bewerbungsphase zu erfahren.<\/li>\n<li>Das<b> Devugees<\/b>&#8211;<b>Programm<\/b> ist Teil des Digital Career Institute und hat zum Ziel, interessierte Gefl\u00fcchtete f\u00fcr Jobs in der Digitalwirtschaft zu qualifizieren. Am Freitag, 18. Mai, erkl\u00e4rt ein Experte des Programms, wie digitale Bildungsprogramme die gesellschaftliche Integration von Gefl\u00fcchteten f\u00f6rdern k\u00f6nnen.<\/li>\n<\/ul>\n<p><img data-recalc-dims=\"1\" loading=\"lazy\" decoding=\"async\" class=\"aligncenter size-large wp-image-9309\" src=\"https:\/\/about-fb-preprod.go-vip.net\/de\/wp-content\/uploads\/sites\/4\/2018\/05\/fb_dd_essen_szw_0099-1.jpg?resize=960%2C641\" alt=\"\" width=\"960\" height=\"641\" \/><\/p>\n<p><strong>Morning Consult Studie &#8211; Auf Facebook aktiv zu sein, hilft Unternehmen aus NRW<\/strong><br \/>\nIm Rahmen einer aktuellen Morning Consult Studie wurde abgefragt, welche Bedeutung Facebook speziell f\u00fcr kleine und mittelst\u00e4ndische Unternehmen in Nordrhein-Westfalen hat. Dabei sagten 58%, dass sie durch Facebook neue Kunden auf ihre Produkte und Dienstleistungen aufmerksam machen konnten. 46% betonten, dass Facebook hilfreich dabei sei, auch ausl\u00e4ndische M\u00e4rkte zu erschlie\u00dfen. Und 47% der Unternehmen aus NRW gaben an, dass ihre Aktivit\u00e4ten auf Facebook f\u00f6rderlich f\u00fcr die eigenen Ums\u00e4tze seien.<\/p>\n<p>Interessierte k\u00f6nnen sich auf dem <a href=\"https:\/\/www.facebook.com\/business\/m\/digitaldurchstarten\">Digital Durchstarten Hub<\/a> informieren und <b>\u00fcber diesen Link weiterhin f\u00fcr die kostenlose Veranstaltung in Essen anmelden<\/b>: <a href=\"https:\/\/www.facebook.com\/business\/m\/digitaldurchstarten\/essen\">https:\/\/www.facebook.com\/business\/m\/digitaldurchstarten\/essen<\/a><\/p>\n<p>Bildmaterial zum Download: <a href=\"https:\/\/files.segmenta.de\/_kNGREw89cYUZwR\">Digital Durchstarten in Essen<\/a><\/p>\n","protected":false},"excerpt":{"rendered":"Von links nach rechts: Thomas Kufen, Oberb\u00fcrgermeister der Stadt Essen, Xochilt Balzola-Widmann, KMU-Direktorin f\u00fcr die Region EMEA bei Facebook, und Dr. Michael Littger, Gesch\u00e4ftsf\u00fchrer &#8222;Deutschland sicher im Netz e.V.&#8220; Heute startet die erste europ\u00e4ische Veranstaltung der Digitalisierungsinitiative von Facebook in Essen Facebook unterst\u00fctzt das Projekt DigiBits \u2013 Digitale Bildung trifft Schule \u2013 mit 100 Materialboxen f\u00fcr Schulen im Ruhrgebiet Facebooks Digital Skills Hub \u201cLernen mit Facebook\u201d startet heute Vom 16. bis 18. Mai l\u00e4dt Facebook Unternehmen, Vereine, Sch\u00fcler, Jobsuchende und weitere Interessierte aus dem Ruhrgebiet zur Veranstaltung Digital Durchstarten in die Grand Hall Zollverein in Essen ein. Die Veranstaltung wurde heute durch den Oberb\u00fcrgermeister der Stadt Essen, Thomas Kufen, sowie Xochilt Balzola-Widmann, KMU-Direktorin f\u00fcr die Region EMEA bei Facebook, er\u00f6ffnet. In seiner Ansprache dankte Thomas Kufen Facebook daf\u00fcr, mit der Veranstaltung eine Plattform zum Austausch f\u00fcr Unternehmen, Vereine und alle weiteren interessierten Menschen aus dem Ruhrgebiet geschaffen zu haben. F\u00fcr das dreit\u00e4gige Event kooperiert Facebook mit vielen lokalen und nationalen Partnern, wie dem T\u00dcV Nord Bildung oder der Industrie- und Handelskammer Essen, um digitale Kompetenzen an unterschiedliche Zielgruppen zu vermitteln. Die Veranstaltung ist die erste dieser Art au\u00dferhalb der USA. Zugleich ist sie auch der Auftakt eines im Januar [https:\/\/about-fb-preprod.go-vip.net\/de\/2018\/01\/facebook-hilft-bei-der-jobsuche-im-digitalen-zeitalter\/] von Facebook COO Sheryl Sandberg angek\u00fcndigten, europaweiten Programms, mit dem bis 2020 insgesamt eine Million Menschen und Unternehmen aus der EU geschult werden sollen. Es folgen weitere Veranstaltungen in Berlin (Juni), Frankfurt (August) und M\u00fcnchen (Oktober). Facebook unterst\u00fctzt Projekt f\u00fcr mehr digitale Kompetenz an Schulen Um die Region auch \u00fcber die Veranstaltung in Essen hinaus nachhaltig zu unterst\u00fctzen, finanziert Facebook 100 DigiBitS-Materialboxen f\u00fcr Schulen in Essen und Umgebung. DigiBitS ist ein Bildungsangebot der Initiative Deutschland sicher im Netz e.V., mit dem Lehrkr\u00e4fte bei der F\u00f6rderung von Medienkompetenz und digitalem Wissen unterst\u00fctzt werden. Das Herzst\u00fcck der Initiative sind die speziell auf die Bed\u00fcrfnisse von Sch\u00fclern angepassten DigiBitS-Materialboxen, die unter anderem Unterrichtsmaterialien, App-Empfehlungen und Checklisten \u2013 jeweils sortiert nach Fachbereichen und Klassenstufen \u2013 enthalten. Am heutigen ersten Tag der Veranstaltung in Essen wird DigiBitS ab 14 Uhr einen Workshop zu der Integration von Medienbildung in den Schulalltag halten. Neue Online-Trainingangebote f\u00fcr Mittelst\u00e4ndler und Start-ups Auch bei der F\u00f6rderung von kleinen und mittelst\u00e4ndischen Unternehmen und Start-ups setzt Facebook auf langfristige Unterst\u00fctzung und hat daher heute den Start von Lernen mit Facebook bekanntgegeben, zwei neuen Online-Trainingsreihen. Die erste Trainingsreihe vermittelt Digitalkompetenz an Mittelst\u00e4ndler und NGOs \u2013 vom Pr\u00e4sentieren der eigenen Marke in sozialen Medien, \u00fcber das Erstellen ansprechender Inhalte bis hin zum Online-Recruiting neuer Mitarbeiter. Die zweite Trainingsreihe richtet sich speziell an Start-ups und Gr\u00fcnder und enth\u00e4lt Themen wie die Finanzierung eines Unternehmens, Entwicklung eines Produkts und dem Aufbau eines Teams. Lernen mit Facebook ist \u00fcber diesen Link zu erreichen: <a href=\"https:\/\/lernen.fb.com\/de\" rel=\"nofollow\">https:\/\/lernen.fb.com\/de<\/a> Weitere Partner und ihre Workshopangebote in Essen Da digitale Kompetenz \u00fcber den Einsatz von Social Media f\u00fcr Unternehmen hinausgeht, kooperiert Facebook bei der Veranstaltung in Essen noch mit vielen weiteren Partnerorganisationen, die eine Reihe von Workshops anbieten werden. Hier eine Auswahl: Das Hasso-Plattner-Institut bietet Studieng\u00e4nge zu \u201cDigital Engineering\u201d und \u201cDesign Thinking\u201d an und wird in Essen erkl\u00e4ren, wie man als junger Unternehmer digitales Storytelling f\u00fcr das eigene Unternehmen nutzen kann. Der T\u00dcV NORD bietet seinen Mitarbeitern die M\u00f6glichkeit, mit Hilfe zertifizierter Weiterbildungen ihre berufliche Zukunft zu gestalten. Durch die Kooperation mit Facebook bietet sich auch f\u00fcr die Besucher in Essen die Chance, mehr \u00fcber die Jobsuche auf Social-Media-Plattformen und den Einfluss des eigenen Social-Media-Auftritts w\u00e4hrend der Bewerbungsphase zu erfahren. Das Devugees&#8211;Programm ist Teil des Digital Career Institute und hat zum Ziel, interessierte Gefl\u00fcchtete f\u00fcr Jobs in der Digitalwirtschaft zu qualifizieren. Am Freitag, 18. Mai, erkl\u00e4rt ein Experte des Programms, wie digitale Bildungsprogramme die gesellschaftliche Integration von Gefl\u00fcchteten f\u00f6rdern k\u00f6nnen. Morning Consult Studie &#8211; Auf Facebook aktiv zu sein, hilft Unternehmen aus NRW Im Rahmen einer aktuellen Morning Consult Studie wurde abgefragt, welche Bedeutung Facebook speziell f\u00fcr kleine und mittelst\u00e4ndische Unternehmen in Nordrhein-Westfalen hat. Dabei sagten 58%, dass sie durch Facebook neue Kunden auf ihre Produkte und Dienstleistungen aufmerksam machen konnten. 46% betonten, dass Facebook hilfreich dabei sei, auch ausl\u00e4ndische M\u00e4rkte zu erschlie\u00dfen. Und 47% der Unternehmen aus NRW gaben an, dass ihre Aktivit\u00e4ten auf Facebook f\u00f6rderlich f\u00fcr die eigenen Ums\u00e4tze seien. Interessierte k\u00f6nnen sich auf dem Digital Durchstarten Hub informieren und \u00fcber diesen Link weiterhin f\u00fcr die kostenlose Veranstaltung in Essen anmelden: <a href=\"https:\/\/www.facebook.com\/business\/m\/digitaldurchstarten\/essen\" rel=\"nofollow\">https:\/\/www.facebook.com\/business\/m\/digitaldurchstarten\/essen<\/a> Bildmaterial zum Download: Digital Durchstarten in Essen","protected":false},"author":116717058,"featured_media":9301,"comment_status":"closed","ping_status":"closed","sticky":false,"template":"","format":"standard","meta":{"_jetpack_memberships_contains_paid_content":false,"footnotes":""},"categories":[555973257,30697048,7350],"tags":[555973273,389306057,555973275,555973274],"class_list":["post-9294","post","type-post","status-publish","format-standard","has-post-thumbnail","hentry","category-mittelstand","category-unternehmensmeldungen","category-veranstaltungen","tag-digital-durchstarten","tag-digitalisierung","tag-kmu","tag-smb"],"yoast_head":"<!-- This site is optimized with the Yoast SEO plugin v27.2 - https:\/\/yoast.com\/product\/yoast-seo-wordpress\/ -->\n<title>Digital Durchstarten: Facebook macht zusammen mit Partnerorganisationen das Ruhrgebiet digital fit | \u00dcber Meta<\/title>\n<meta name=\"robots\" content=\"index, follow, max-snippet:-1, max-image-preview:large, max-video-preview:-1\" \/>\n<link rel=\"canonical\" href=\"https:\/\/about.fb.com\/de\/news\/2018\/05\/digital-durchstarten-facebook-macht-zusammen-mit-partnerorganisationen-das-ruhrgebiet-digital-fit\/\" \/>\n<meta property=\"og:locale\" content=\"de_DE\" \/>\n<meta property=\"og:type\" content=\"article\" \/>\n<meta property=\"og:title\" content=\"Digital Durchstarten: Facebook macht zusammen mit Partnerorganisationen das Ruhrgebiet digital fit | \u00dcber Meta\" \/>\n<meta property=\"og:description\" content=\"Von links nach rechts: Thomas Kufen, Oberb\u00fcrgermeister der Stadt Essen, Xochilt Balzola-Widmann, KMU-Direktorin f\u00fcr die Region EMEA bei Facebook, und Dr. Michael Littger, Gesch\u00e4ftsf\u00fchrer &#8222;Deutschland sicher im Netz e.V.&#8220; Heute startet die erste europ\u00e4ische Veranstaltung der Digitalisierungsinitiative von Facebook in Essen Facebook unterst\u00fctzt das Projekt DigiBits \u2013 Digitale Bildung trifft Schule \u2013 mit 100 Materialboxen f\u00fcr Schulen im Ruhrgebiet Facebooks Digital Skills Hub \u201cLernen mit Facebook\u201d startet heute Vom 16. bis 18. Mai l\u00e4dt Facebook Unternehmen, Vereine, Sch\u00fcler, Jobsuchende und weitere Interessierte aus dem Ruhrgebiet zur Veranstaltung Digital Durchstarten in die Grand Hall Zollverein in Essen ein. Die Veranstaltung wurde heute durch den Oberb\u00fcrgermeister der Stadt Essen, Thomas Kufen, sowie Xochilt Balzola-Widmann, KMU-Direktorin f\u00fcr die Region EMEA bei Facebook, er\u00f6ffnet. In seiner Ansprache dankte Thomas Kufen Facebook daf\u00fcr, mit der Veranstaltung eine Plattform zum Austausch f\u00fcr Unternehmen, Vereine und alle weiteren interessierten Menschen aus dem Ruhrgebiet geschaffen zu haben. F\u00fcr das dreit\u00e4gige Event kooperiert Facebook mit vielen lokalen und nationalen Partnern, wie dem T\u00dcV Nord Bildung oder der Industrie- und Handelskammer Essen, um digitale Kompetenzen an unterschiedliche Zielgruppen zu vermitteln. Die Veranstaltung ist die erste dieser Art au\u00dferhalb der USA. Zugleich ist sie auch der Auftakt eines im Januar [https:\/\/about-fb-preprod.go-vip.net\/de\/2018\/01\/facebook-hilft-bei-der-jobsuche-im-digitalen-zeitalter\/] von Facebook COO Sheryl Sandberg angek\u00fcndigten, europaweiten Programms, mit dem bis 2020 insgesamt eine Million Menschen und Unternehmen aus der EU geschult werden sollen. Es folgen weitere Veranstaltungen in Berlin (Juni), Frankfurt (August) und M\u00fcnchen (Oktober). Facebook unterst\u00fctzt Projekt f\u00fcr mehr digitale Kompetenz an Schulen Um die Region auch \u00fcber die Veranstaltung in Essen hinaus nachhaltig zu unterst\u00fctzen, finanziert Facebook 100 DigiBitS-Materialboxen f\u00fcr Schulen in Essen und Umgebung. DigiBitS ist ein Bildungsangebot der Initiative Deutschland sicher im Netz e.V., mit dem Lehrkr\u00e4fte bei der F\u00f6rderung von Medienkompetenz und digitalem Wissen unterst\u00fctzt werden. Das Herzst\u00fcck der Initiative sind die speziell auf die Bed\u00fcrfnisse von Sch\u00fclern angepassten DigiBitS-Materialboxen, die unter anderem Unterrichtsmaterialien, App-Empfehlungen und Checklisten \u2013 jeweils sortiert nach Fachbereichen und Klassenstufen \u2013 enthalten. Am heutigen ersten Tag der Veranstaltung in Essen wird DigiBitS ab 14 Uhr einen Workshop zu der Integration von Medienbildung in den Schulalltag halten. Neue Online-Trainingangebote f\u00fcr Mittelst\u00e4ndler und Start-ups Auch bei der F\u00f6rderung von kleinen und mittelst\u00e4ndischen Unternehmen und Start-ups setzt Facebook auf langfristige Unterst\u00fctzung und hat daher heute den Start von Lernen mit Facebook bekanntgegeben, zwei neuen Online-Trainingsreihen. Die erste Trainingsreihe vermittelt Digitalkompetenz an Mittelst\u00e4ndler und NGOs \u2013 vom Pr\u00e4sentieren der eigenen Marke in sozialen Medien, \u00fcber das Erstellen ansprechender Inhalte bis hin zum Online-Recruiting neuer Mitarbeiter. Die zweite Trainingsreihe richtet sich speziell an Start-ups und Gr\u00fcnder und enth\u00e4lt Themen wie die Finanzierung eines Unternehmens, Entwicklung eines Produkts und dem Aufbau eines Teams. Lernen mit Facebook ist \u00fcber diesen Link zu erreichen: https:\/\/lernen.fb.com\/de Weitere Partner und ihre Workshopangebote in Essen Da digitale Kompetenz \u00fcber den Einsatz von Social Media f\u00fcr Unternehmen hinausgeht, kooperiert Facebook bei der Veranstaltung in Essen noch mit vielen weiteren Partnerorganisationen, die eine Reihe von Workshops anbieten werden. Hier eine Auswahl: Das Hasso-Plattner-Institut bietet Studieng\u00e4nge zu \u201cDigital Engineering\u201d und \u201cDesign Thinking\u201d an und wird in Essen erkl\u00e4ren, wie man als junger Unternehmer digitales Storytelling f\u00fcr das eigene Unternehmen nutzen kann. Der T\u00dcV NORD bietet seinen Mitarbeitern die M\u00f6glichkeit, mit Hilfe zertifizierter Weiterbildungen ihre berufliche Zukunft zu gestalten. Durch die Kooperation mit Facebook bietet sich auch f\u00fcr die Besucher in Essen die Chance, mehr \u00fcber die Jobsuche auf Social-Media-Plattformen und den Einfluss des eigenen Social-Media-Auftritts w\u00e4hrend der Bewerbungsphase zu erfahren. Das Devugees&#8211;Programm ist Teil des Digital Career Institute und hat zum Ziel, interessierte Gefl\u00fcchtete f\u00fcr Jobs in der Digitalwirtschaft zu qualifizieren. Am Freitag, 18. Mai, erkl\u00e4rt ein Experte des Programms, wie digitale Bildungsprogramme die gesellschaftliche Integration von Gefl\u00fcchteten f\u00f6rdern k\u00f6nnen. Morning Consult Studie &#8211; Auf Facebook aktiv zu sein, hilft Unternehmen aus NRW Im Rahmen einer aktuellen Morning Consult Studie wurde abgefragt, welche Bedeutung Facebook speziell f\u00fcr kleine und mittelst\u00e4ndische Unternehmen in Nordrhein-Westfalen hat. Dabei sagten 58%, dass sie durch Facebook neue Kunden auf ihre Produkte und Dienstleistungen aufmerksam machen konnten. 46% betonten, dass Facebook hilfreich dabei sei, auch ausl\u00e4ndische M\u00e4rkte zu erschlie\u00dfen. Und 47% der Unternehmen aus NRW gaben an, dass ihre Aktivit\u00e4ten auf Facebook f\u00f6rderlich f\u00fcr die eigenen Ums\u00e4tze seien. Interessierte k\u00f6nnen sich auf dem Digital Durchstarten Hub informieren und \u00fcber diesen Link weiterhin f\u00fcr die kostenlose Veranstaltung in Essen anmelden: https:\/\/www.facebook.com\/business\/m\/digitaldurchstarten\/essen Bildmaterial zum Download: Digital Durchstarten in Essen\" \/>\n<meta property=\"og:url\" content=\"https:\/\/about.fb.com\/de\/news\/2018\/05\/digital-durchstarten-facebook-macht-zusammen-mit-partnerorganisationen-das-ruhrgebiet-digital-fit\/\" \/>\n<meta property=\"og:site_name\" content=\"\u00dcber Meta\" \/>\n<meta property=\"article:published_time\" content=\"2018-05-16T10:36:31+00:00\" \/>\n<meta property=\"og:image\" content=\"https:\/\/about.fb.com\/de\/wp-content\/uploads\/sites\/10\/2018\/05\/fb_dd_essen_szw_0069.jpg?resize=1024,684\" \/>\n\t<meta property=\"og:image:width\" content=\"1024\" \/>\n\t<meta property=\"og:image:height\" content=\"684\" \/>\n\t<meta property=\"og:image:type\" content=\"image\/jpeg\" \/>\n<meta name=\"author\" content=\"sobbesegmentade\" \/>\n<meta name=\"twitter:card\" content=\"summary_large_image\" \/>\n<meta name=\"twitter:label1\" content=\"Written by\" \/>\n\t<meta name=\"twitter:data1\" content=\"Meta\" \/>\n\t<meta name=\"twitter:label2\" content=\"Est. reading time\" \/>\n\t<meta name=\"twitter:data2\" content=\"4 Minuten\" \/>\n<script type=\"application\/ld+json\" class=\"yoast-schema-graph\">{\"@context\":\"https:\/\/schema.org\",\"@graph\":[{\"@type\":\"Article\",\"@id\":\"https:\/\/about.fb.com\/de\/news\/2018\/05\/digital-durchstarten-facebook-macht-zusammen-mit-partnerorganisationen-das-ruhrgebiet-digital-fit\/#article\",\"isPartOf\":{\"@id\":\"https:\/\/about.fb.com\/de\/news\/2018\/05\/digital-durchstarten-facebook-macht-zusammen-mit-partnerorganisationen-das-ruhrgebiet-digital-fit\/\"},\"author\":\"Facebook company\",\"headline\":\"Digital Durchstarten: Facebook macht zusammen mit Partnerorganisationen das Ruhrgebiet digital fit\",\"datePublished\":\"2018-05-16T10:36:31+00:00\",\"mainEntityOfPage\":{\"@id\":\"https:\/\/about.fb.com\/de\/news\/2018\/05\/digital-durchstarten-facebook-macht-zusammen-mit-partnerorganisationen-das-ruhrgebiet-digital-fit\/\"},\"wordCount\":795,\"publisher\":{\"@id\":\"https:\/\/about.fb.com\/de\/#organization\"},\"image\":{\"@id\":\"https:\/\/about.fb.com\/de\/news\/2018\/05\/digital-durchstarten-facebook-macht-zusammen-mit-partnerorganisationen-das-ruhrgebiet-digital-fit\/#primaryimage\"},\"thumbnailUrl\":\"https:\/\/about.fb.com\/de\/wp-content\/uploads\/sites\/10\/2018\/05\/fb_dd_essen_szw_0069.jpg?fit=2000%2C1335\",\"keywords\":[\"Digital Durchstarten\",\"Digitalisierung\",\"KMU\",\"SMB\"],\"articleSection\":[\"Mittelstand\",\"Unternehmensmeldungen\",\"Veranstaltungen\"],\"inLanguage\":\"de-DE\"},{\"@type\":\"WebPage\",\"@id\":\"https:\/\/about.fb.com\/de\/news\/2018\/05\/digital-durchstarten-facebook-macht-zusammen-mit-partnerorganisationen-das-ruhrgebiet-digital-fit\/\",\"url\":\"https:\/\/about.fb.com\/de\/news\/2018\/05\/digital-durchstarten-facebook-macht-zusammen-mit-partnerorganisationen-das-ruhrgebiet-digital-fit\/\",\"name\":\"Digital Durchstarten: Facebook macht zusammen mit Partnerorganisationen das Ruhrgebiet digital fit | \u00dcber Meta\",\"isPartOf\":{\"@id\":\"https:\/\/about.fb.com\/de\/#website\"},\"primaryImageOfPage\":{\"@id\":\"https:\/\/about.fb.com\/de\/news\/2018\/05\/digital-durchstarten-facebook-macht-zusammen-mit-partnerorganisationen-das-ruhrgebiet-digital-fit\/#primaryimage\"},\"image\":{\"@id\":\"https:\/\/about.fb.com\/de\/news\/2018\/05\/digital-durchstarten-facebook-macht-zusammen-mit-partnerorganisationen-das-ruhrgebiet-digital-fit\/#primaryimage\"},\"thumbnailUrl\":\"https:\/\/about.fb.com\/de\/wp-content\/uploads\/sites\/10\/2018\/05\/fb_dd_essen_szw_0069.jpg?fit=2000%2C1335\",\"datePublished\":\"2018-05-16T10:36:31+00:00\",\"breadcrumb\":{\"@id\":\"https:\/\/about.fb.com\/de\/news\/2018\/05\/digital-durchstarten-facebook-macht-zusammen-mit-partnerorganisationen-das-ruhrgebiet-digital-fit\/#breadcrumb\"},\"inLanguage\":\"de-DE\",\"potentialAction\":[{\"@type\":\"ReadAction\",\"target\":[\"https:\/\/about.fb.com\/de\/news\/2018\/05\/digital-durchstarten-facebook-macht-zusammen-mit-partnerorganisationen-das-ruhrgebiet-digital-fit\/\"]}],\"author\":\"\u00dcber Meta\"},{\"@type\":\"ImageObject\",\"inLanguage\":\"de-DE\",\"@id\":\"https:\/\/about.fb.com\/de\/news\/2018\/05\/digital-durchstarten-facebook-macht-zusammen-mit-partnerorganisationen-das-ruhrgebiet-digital-fit\/#primaryimage\",\"url\":\"https:\/\/about.fb.com\/de\/wp-content\/uploads\/sites\/10\/2018\/05\/fb_dd_essen_szw_0069.jpg?fit=2000%2C1335\",\"contentUrl\":\"https:\/\/about.fb.com\/de\/wp-content\/uploads\/sites\/10\/2018\/05\/fb_dd_essen_szw_0069.jpg?fit=2000%2C1335\",\"width\":2000,\"height\":1335,\"caption\":\"Von links nach rechts: Thomas Kufen, OB Essen, Xochilt Balzola-Widmann, Facebook, Dr. Michael Littger, GF Deutschland sicher im Netz e.V.\"},{\"@type\":\"BreadcrumbList\",\"@id\":\"https:\/\/about.fb.com\/de\/news\/2018\/05\/digital-durchstarten-facebook-macht-zusammen-mit-partnerorganisationen-das-ruhrgebiet-digital-fit\/#breadcrumb\",\"itemListElement\":[{\"@type\":\"ListItem\",\"position\":1,\"name\":\"Home\",\"item\":\"https:\/\/about.fb.com\/de\/\"},{\"@type\":\"ListItem\",\"position\":2,\"name\":\"Digital Durchstarten: Facebook macht zusammen mit Partnerorganisationen das Ruhrgebiet digital fit\"}]},{\"@type\":\"WebSite\",\"@id\":\"https:\/\/about.fb.com\/de\/#website\",\"url\":\"https:\/\/about.fb.com\/news\/\",\"name\":\"\u00dcber Meta\",\"description\":\"\",\"publisher\":{\"@id\":\"https:\/\/about.fb.com\/de\/#organization\"},\"potentialAction\":[{\"@type\":\"SearchAction\",\"target\":{\"@type\":\"EntryPoint\",\"urlTemplate\":\"https:\/\/about.fb.com\/de\/?s={search_term_string}\"},\"query-input\":{\"@type\":\"PropertyValueSpecification\",\"valueRequired\":true,\"valueName\":\"search_term_string\"}}],\"inLanguage\":\"de-DE\",\"alternateName\":[\"Meta Newsroom\",\"Meta\"]},{\"@type\":\"Organization\",\"@id\":\"https:\/\/about.fb.com\/de\/#organization\",\"name\":\"Meta\",\"url\":\"https:\/\/about.fb.com\/de\/\",\"logo\":{\"@type\":\"ImageObject\",\"inLanguage\":\"de-DE\",\"@id\":\"https:\/\/about.fb.com\/de\/#\/schema\/logo\/image\/\",\"url\":\"https:\/\/about.fb.com\/de\/wp-content\/uploads\/sites\/10\/2021\/10\/meta-social-16x9-1.jpg?fit=8000%2C4500\",\"contentUrl\":\"https:\/\/about.fb.com\/de\/wp-content\/uploads\/sites\/10\/2021\/10\/meta-social-16x9-1.jpg?fit=8000%2C4500\",\"width\":8000,\"height\":4500,\"caption\":\"Meta\"},\"image\":{\"@id\":\"https:\/\/about.fb.com\/de\/#\/schema\/logo\/image\/\"}}]}<\/script>\n<!-- \/ Yoast SEO plugin. -->","yoast_head_json":{"title":"Digital Durchstarten: Facebook macht zusammen mit Partnerorganisationen das Ruhrgebiet digital fit | \u00dcber Meta","robots":{"index":"index","follow":"follow","max-snippet":"max-snippet:-1","max-image-preview":"max-image-preview:large","max-video-preview":"max-video-preview:-1"},"canonical":"https:\/\/about.fb.com\/de\/news\/2018\/05\/digital-durchstarten-facebook-macht-zusammen-mit-partnerorganisationen-das-ruhrgebiet-digital-fit\/","og_locale":"de_DE","og_type":"article","og_title":"Digital Durchstarten: Facebook macht zusammen mit Partnerorganisationen das Ruhrgebiet digital fit | \u00dcber Meta","og_description":"Von links nach rechts: Thomas Kufen, Oberb\u00fcrgermeister der Stadt Essen, Xochilt Balzola-Widmann, KMU-Direktorin f\u00fcr die Region EMEA bei Facebook, und Dr. Michael Littger, Gesch\u00e4ftsf\u00fchrer &#8222;Deutschland sicher im Netz e.V.&#8220; Heute startet die erste europ\u00e4ische Veranstaltung der Digitalisierungsinitiative von Facebook in Essen Facebook unterst\u00fctzt das Projekt DigiBits \u2013 Digitale Bildung trifft Schule \u2013 mit 100 Materialboxen f\u00fcr Schulen im Ruhrgebiet Facebooks Digital Skills Hub \u201cLernen mit Facebook\u201d startet heute Vom 16. bis 18. Mai l\u00e4dt Facebook Unternehmen, Vereine, Sch\u00fcler, Jobsuchende und weitere Interessierte aus dem Ruhrgebiet zur Veranstaltung Digital Durchstarten in die Grand Hall Zollverein in Essen ein. Die Veranstaltung wurde heute durch den Oberb\u00fcrgermeister der Stadt Essen, Thomas Kufen, sowie Xochilt Balzola-Widmann, KMU-Direktorin f\u00fcr die Region EMEA bei Facebook, er\u00f6ffnet. In seiner Ansprache dankte Thomas Kufen Facebook daf\u00fcr, mit der Veranstaltung eine Plattform zum Austausch f\u00fcr Unternehmen, Vereine und alle weiteren interessierten Menschen aus dem Ruhrgebiet geschaffen zu haben. F\u00fcr das dreit\u00e4gige Event kooperiert Facebook mit vielen lokalen und nationalen Partnern, wie dem T\u00dcV Nord Bildung oder der Industrie- und Handelskammer Essen, um digitale Kompetenzen an unterschiedliche Zielgruppen zu vermitteln. Die Veranstaltung ist die erste dieser Art au\u00dferhalb der USA. Zugleich ist sie auch der Auftakt eines im Januar [https:\/\/about-fb-preprod.go-vip.net\/de\/2018\/01\/facebook-hilft-bei-der-jobsuche-im-digitalen-zeitalter\/] von Facebook COO Sheryl Sandberg angek\u00fcndigten, europaweiten Programms, mit dem bis 2020 insgesamt eine Million Menschen und Unternehmen aus der EU geschult werden sollen. Es folgen weitere Veranstaltungen in Berlin (Juni), Frankfurt (August) und M\u00fcnchen (Oktober). Facebook unterst\u00fctzt Projekt f\u00fcr mehr digitale Kompetenz an Schulen Um die Region auch \u00fcber die Veranstaltung in Essen hinaus nachhaltig zu unterst\u00fctzen, finanziert Facebook 100 DigiBitS-Materialboxen f\u00fcr Schulen in Essen und Umgebung. DigiBitS ist ein Bildungsangebot der Initiative Deutschland sicher im Netz e.V., mit dem Lehrkr\u00e4fte bei der F\u00f6rderung von Medienkompetenz und digitalem Wissen unterst\u00fctzt werden. Das Herzst\u00fcck der Initiative sind die speziell auf die Bed\u00fcrfnisse von Sch\u00fclern angepassten DigiBitS-Materialboxen, die unter anderem Unterrichtsmaterialien, App-Empfehlungen und Checklisten \u2013 jeweils sortiert nach Fachbereichen und Klassenstufen \u2013 enthalten. Am heutigen ersten Tag der Veranstaltung in Essen wird DigiBitS ab 14 Uhr einen Workshop zu der Integration von Medienbildung in den Schulalltag halten. Neue Online-Trainingangebote f\u00fcr Mittelst\u00e4ndler und Start-ups Auch bei der F\u00f6rderung von kleinen und mittelst\u00e4ndischen Unternehmen und Start-ups setzt Facebook auf langfristige Unterst\u00fctzung und hat daher heute den Start von Lernen mit Facebook bekanntgegeben, zwei neuen Online-Trainingsreihen. Die erste Trainingsreihe vermittelt Digitalkompetenz an Mittelst\u00e4ndler und NGOs \u2013 vom Pr\u00e4sentieren der eigenen Marke in sozialen Medien, \u00fcber das Erstellen ansprechender Inhalte bis hin zum Online-Recruiting neuer Mitarbeiter. Die zweite Trainingsreihe richtet sich speziell an Start-ups und Gr\u00fcnder und enth\u00e4lt Themen wie die Finanzierung eines Unternehmens, Entwicklung eines Produkts und dem Aufbau eines Teams. Lernen mit Facebook ist \u00fcber diesen Link zu erreichen: https:\/\/lernen.fb.com\/de Weitere Partner und ihre Workshopangebote in Essen Da digitale Kompetenz \u00fcber den Einsatz von Social Media f\u00fcr Unternehmen hinausgeht, kooperiert Facebook bei der Veranstaltung in Essen noch mit vielen weiteren Partnerorganisationen, die eine Reihe von Workshops anbieten werden. Hier eine Auswahl: Das Hasso-Plattner-Institut bietet Studieng\u00e4nge zu \u201cDigital Engineering\u201d und \u201cDesign Thinking\u201d an und wird in Essen erkl\u00e4ren, wie man als junger Unternehmer digitales Storytelling f\u00fcr das eigene Unternehmen nutzen kann. Der T\u00dcV NORD bietet seinen Mitarbeitern die M\u00f6glichkeit, mit Hilfe zertifizierter Weiterbildungen ihre berufliche Zukunft zu gestalten. Durch die Kooperation mit Facebook bietet sich auch f\u00fcr die Besucher in Essen die Chance, mehr \u00fcber die Jobsuche auf Social-Media-Plattformen und den Einfluss des eigenen Social-Media-Auftritts w\u00e4hrend der Bewerbungsphase zu erfahren. Das Devugees&#8211;Programm ist Teil des Digital Career Institute und hat zum Ziel, interessierte Gefl\u00fcchtete f\u00fcr Jobs in der Digitalwirtschaft zu qualifizieren. Am Freitag, 18. Mai, erkl\u00e4rt ein Experte des Programms, wie digitale Bildungsprogramme die gesellschaftliche Integration von Gefl\u00fcchteten f\u00f6rdern k\u00f6nnen. Morning Consult Studie &#8211; Auf Facebook aktiv zu sein, hilft Unternehmen aus NRW Im Rahmen einer aktuellen Morning Consult Studie wurde abgefragt, welche Bedeutung Facebook speziell f\u00fcr kleine und mittelst\u00e4ndische Unternehmen in Nordrhein-Westfalen hat. Dabei sagten 58%, dass sie durch Facebook neue Kunden auf ihre Produkte und Dienstleistungen aufmerksam machen konnten. 46% betonten, dass Facebook hilfreich dabei sei, auch ausl\u00e4ndische M\u00e4rkte zu erschlie\u00dfen. Und 47% der Unternehmen aus NRW gaben an, dass ihre Aktivit\u00e4ten auf Facebook f\u00f6rderlich f\u00fcr die eigenen Ums\u00e4tze seien. Interessierte k\u00f6nnen sich auf dem Digital Durchstarten Hub informieren und \u00fcber diesen Link weiterhin f\u00fcr die kostenlose Veranstaltung in Essen anmelden: https:\/\/www.facebook.com\/business\/m\/digitaldurchstarten\/essen Bildmaterial zum Download: Digital Durchstarten in Essen","og_url":"https:\/\/about.fb.com\/de\/news\/2018\/05\/digital-durchstarten-facebook-macht-zusammen-mit-partnerorganisationen-das-ruhrgebiet-digital-fit\/","og_site_name":"\u00dcber Meta","article_published_time":"2018-05-16T10:36:31+00:00","og_image":[{"width":1024,"height":684,"url":"https:\/\/about.fb.com\/de\/wp-content\/uploads\/sites\/10\/2018\/05\/fb_dd_essen_szw_0069.jpg?resize=1024,684","type":"image\/jpeg"}],"author":"sobbesegmentade","twitter_card":"summary_large_image","twitter_misc":{"Written by":"Meta","Est. reading time":"4 Minuten"},"schema":{"@context":"https:\/\/schema.org","@graph":[{"@type":"Article","@id":"https:\/\/about.fb.com\/de\/news\/2018\/05\/digital-durchstarten-facebook-macht-zusammen-mit-partnerorganisationen-das-ruhrgebiet-digital-fit\/#article","isPartOf":{"@id":"https:\/\/about.fb.com\/de\/news\/2018\/05\/digital-durchstarten-facebook-macht-zusammen-mit-partnerorganisationen-das-ruhrgebiet-digital-fit\/"},"author":"Facebook company","headline":"Digital Durchstarten: Facebook macht zusammen mit Partnerorganisationen das Ruhrgebiet digital fit","datePublished":"2018-05-16T10:36:31+00:00","mainEntityOfPage":{"@id":"https:\/\/about.fb.com\/de\/news\/2018\/05\/digital-durchstarten-facebook-macht-zusammen-mit-partnerorganisationen-das-ruhrgebiet-digital-fit\/"},"wordCount":795,"publisher":{"@id":"https:\/\/about.fb.com\/de\/#organization"},"image":{"@id":"https:\/\/about.fb.com\/de\/news\/2018\/05\/digital-durchstarten-facebook-macht-zusammen-mit-partnerorganisationen-das-ruhrgebiet-digital-fit\/#primaryimage"},"thumbnailUrl":"https:\/\/about.fb.com\/de\/wp-content\/uploads\/sites\/10\/2018\/05\/fb_dd_essen_szw_0069.jpg?fit=2000%2C1335","keywords":["Digital Durchstarten","Digitalisierung","KMU","SMB"],"articleSection":["Mittelstand","Unternehmensmeldungen","Veranstaltungen"],"inLanguage":"de-DE"},{"@type":"WebPage","@id":"https:\/\/about.fb.com\/de\/news\/2018\/05\/digital-durchstarten-facebook-macht-zusammen-mit-partnerorganisationen-das-ruhrgebiet-digital-fit\/","url":"https:\/\/about.fb.com\/de\/news\/2018\/05\/digital-durchstarten-facebook-macht-zusammen-mit-partnerorganisationen-das-ruhrgebiet-digital-fit\/","name":"Digital Durchstarten: Facebook macht zusammen mit Partnerorganisationen das Ruhrgebiet digital fit | \u00dcber Meta","isPartOf":{"@id":"https:\/\/about.fb.com\/de\/#website"},"primaryImageOfPage":{"@id":"https:\/\/about.fb.com\/de\/news\/2018\/05\/digital-durchstarten-facebook-macht-zusammen-mit-partnerorganisationen-das-ruhrgebiet-digital-fit\/#primaryimage"},"image":{"@id":"https:\/\/about.fb.com\/de\/news\/2018\/05\/digital-durchstarten-facebook-macht-zusammen-mit-partnerorganisationen-das-ruhrgebiet-digital-fit\/#primaryimage"},"thumbnailUrl":"https:\/\/about.fb.com\/de\/wp-content\/uploads\/sites\/10\/2018\/05\/fb_dd_essen_szw_0069.jpg?fit=2000%2C1335","datePublished":"2018-05-16T10:36:31+00:00","breadcrumb":{"@id":"https:\/\/about.fb.com\/de\/news\/2018\/05\/digital-durchstarten-facebook-macht-zusammen-mit-partnerorganisationen-das-ruhrgebiet-digital-fit\/#breadcrumb"},"inLanguage":"de-DE","potentialAction":[{"@type":"ReadAction","target":["https:\/\/about.fb.com\/de\/news\/2018\/05\/digital-durchstarten-facebook-macht-zusammen-mit-partnerorganisationen-das-ruhrgebiet-digital-fit\/"]}],"author":"\u00dcber Meta"},{"@type":"ImageObject","inLanguage":"de-DE","@id":"https:\/\/about.fb.com\/de\/news\/2018\/05\/digital-durchstarten-facebook-macht-zusammen-mit-partnerorganisationen-das-ruhrgebiet-digital-fit\/#primaryimage","url":"https:\/\/about.fb.com\/de\/wp-content\/uploads\/sites\/10\/2018\/05\/fb_dd_essen_szw_0069.jpg?fit=2000%2C1335","contentUrl":"https:\/\/about.fb.com\/de\/wp-content\/uploads\/sites\/10\/2018\/05\/fb_dd_essen_szw_0069.jpg?fit=2000%2C1335","width":2000,"height":1335,"caption":"Von links nach rechts: Thomas Kufen, OB Essen, Xochilt Balzola-Widmann, Facebook, Dr. Michael Littger, GF Deutschland sicher im Netz e.V."},{"@type":"BreadcrumbList","@id":"https:\/\/about.fb.com\/de\/news\/2018\/05\/digital-durchstarten-facebook-macht-zusammen-mit-partnerorganisationen-das-ruhrgebiet-digital-fit\/#breadcrumb","itemListElement":[{"@type":"ListItem","position":1,"name":"Home","item":"https:\/\/about.fb.com\/de\/"},{"@type":"ListItem","position":2,"name":"Digital Durchstarten: Facebook macht zusammen mit Partnerorganisationen das Ruhrgebiet digital fit"}]},{"@type":"WebSite","@id":"https:\/\/about.fb.com\/de\/#website","url":"https:\/\/about.fb.com\/news\/","name":"\u00dcber Meta","description":"","publisher":{"@id":"https:\/\/about.fb.com\/de\/#organization"},"potentialAction":[{"@type":"SearchAction","target":{"@type":"EntryPoint","urlTemplate":"https:\/\/about.fb.com\/de\/?s={search_term_string}"},"query-input":{"@type":"PropertyValueSpecification","valueRequired":true,"valueName":"search_term_string"}}],"inLanguage":"de-DE","alternateName":["Meta Newsroom","Meta"]},{"@type":"Organization","@id":"https:\/\/about.fb.com\/de\/#organization","name":"Meta","url":"https:\/\/about.fb.com\/de\/","logo":{"@type":"ImageObject","inLanguage":"de-DE","@id":"https:\/\/about.fb.com\/de\/#\/schema\/logo\/image\/","url":"https:\/\/about.fb.com\/de\/wp-content\/uploads\/sites\/10\/2021\/10\/meta-social-16x9-1.jpg?fit=8000%2C4500","contentUrl":"https:\/\/about.fb.com\/de\/wp-content\/uploads\/sites\/10\/2021\/10\/meta-social-16x9-1.jpg?fit=8000%2C4500","width":8000,"height":4500,"caption":"Meta"},"image":{"@id":"https:\/\/about.fb.com\/de\/#\/schema\/logo\/image\/"}}]}},"jetpack_featured_media_url":"https:\/\/about.fb.com\/de\/wp-content\/uploads\/sites\/10\/2018\/05\/fb_dd_essen_szw_0069.jpg?fit=2000%2C1335","jetpack-related-posts":[],"jetpack_sharing_enabled":true,"amp_enabled":true,"_links":{"self":[{"href":"https:\/\/about.fb.com\/de\/wp-json\/wp\/v2\/posts\/9294","targetHints":{"allow":["GET"]}}],"collection":[{"href":"https:\/\/about.fb.com\/de\/wp-json\/wp\/v2\/posts"}],"about":[{"href":"https:\/\/about.fb.com\/de\/wp-json\/wp\/v2\/types\/post"}],"author":[{"embeddable":true,"href":"https:\/\/about.fb.com\/de\/wp-json\/wp\/v2\/users\/116717058"}],"replies":[{"embeddable":true,"href":"https:\/\/about.fb.com\/de\/wp-json\/wp\/v2\/comments?post=9294"}],"version-history":[{"count":0,"href":"https:\/\/about.fb.com\/de\/wp-json\/wp\/v2\/posts\/9294\/revisions"}],"wp:featuredmedia":[{"embeddable":true,"href":"https:\/\/about.fb.com\/de\/wp-json\/wp\/v2\/media\/9301"}],"wp:attachment":[{"href":"https:\/\/about.fb.com\/de\/wp-json\/wp\/v2\/media?parent=9294"}],"wp:term":[{"taxonomy":"category","embeddable":true,"href":"https:\/\/about.fb.com\/de\/wp-json\/wp\/v2\/categories?post=9294"},{"taxonomy":"post_tag","embeddable":true,"href":"https:\/\/about.fb.com\/de\/wp-json\/wp\/v2\/tags?post=9294"}],"curies":[{"name":"wp","href":"https:\/\/api.w.org\/{rel}","templated":true}]}}