{"id":9060,"date":"2018-02-04T15:00:38","date_gmt":"2018-02-04T14:00:38","guid":{"rendered":"http:\/\/de.newsroom.fb.com\/?p=9060"},"modified":"2018-02-04T15:00:38","modified_gmt":"2018-02-04T14:00:38","slug":"den-friends-day-mit-den-engsten-freunden-feiern","status":"publish","type":"post","link":"https:\/\/about.fb.com\/de\/news\/2018\/02\/den-friends-day-mit-den-engsten-freunden-feiern\/","title":{"rendered":"Den Friends Day mit den engsten Freunden feiern"},"content":{"rendered":"<p><i>Von <a href=\"https:\/\/www.facebook.com\/mnowak\">Mike Nowak<\/a>, Product Director, Goodwill<\/i><\/p>\n<p>Der beste Freund oder die beste Freundin kann jemand sein, der oder die einem in jeder Situation den R\u00fccken freih\u00e4lt. Jemand, der nie einen Geburtstag vergisst, oder jemand, der immer die richtigen Worte findet. Doch selten nehmen wir uns Zeit, die Freundschaften, die uns pr\u00e4gen, auch geb\u00fchrend zu feiern.<\/p>\n<p>Anl\u00e4sslich des heutigen Friends Days m\u00f6chten wir eine einfache M\u00f6glichkeit bieten, Dankbarkeit f\u00fcr Freundschaften und Freunde auszudr\u00fccken. Im News Feed wird dazu eine Nachricht eingeblendet, die zu einem personalisierten und gestaltbaren Friends Award f\u00fchrt, den man dann mit den besten Freunden teilen kann.<\/p>\n<p><img data-recalc-dims=\"1\" loading=\"lazy\" decoding=\"async\" class=\"aligncenter wp-image-9061\" src=\"https:\/\/about-fb-preprod.go-vip.net\/de\/wp-content\/uploads\/sites\/4\/2018\/02\/product-experience-1.png?resize=645%2C423\" alt=\"\" width=\"645\" height=\"423\" \/><br \/>\nAu\u00dferdem widmen sich drei neue Kamerafilter ebenfalls dem Thema Freundschaft:<br \/>\n<img data-recalc-dims=\"1\" loading=\"lazy\" decoding=\"async\" class=\"aligncenter wp-image-9062\" src=\"https:\/\/about-fb-preprod.go-vip.net\/de\/wp-content\/uploads\/sites\/4\/2018\/02\/camera-filter-1.png?resize=645%2C423\" alt=\"\" width=\"645\" height=\"423\" \/><\/p>\n<p>Facebook feiert den Friends Day mit einer Reihe von Kurzfilmen, die f\u00fcnf bemerkenswerte Freundschaften aus der ganzen Welt beleuchten. Zum Beispiel die Freundschaft von Chris und Ann, die seit \u00fcber f\u00fcnfunddrei\u00dfig Jahren jeden Samstagmorgen zusammen joggen gehen und gemeinsam den Tod von Chris&#8216; Ehemann \u00fcberstanden haben. Oder Brian und Lori, die als Flugbegleiter zusammen die Welt bereisen.<\/p>\n<p>Von Anfang an ging es bei Facebook darum, mit seinen Freunden in Kontakt zu treten. Deshalb freuen wir uns, dass auf Facebook jeden Tag mehr als 750 Millionen neue Freundschaften entstehen. Wir w\u00fcnschen allen viel Spa\u00df dabei, ihre Freundschaften zu feiern.<\/p>\n<p>Die Friends Awards und alle Filme zum Friends Day sind unter <a href=\"http:\/\/facebook.com\/friendsday\">facebook.com\/friendsday<\/a> zu finden.<\/p>\n","protected":false},"excerpt":{"rendered":"Von Mike Nowak, Product Director, Goodwill Der beste Freund oder die beste Freundin kann jemand sein, der oder die einem in jeder Situation den R\u00fccken freih\u00e4lt. Jemand, der nie einen Geburtstag vergisst, oder jemand, der immer die richtigen Worte findet. Doch selten nehmen wir uns Zeit, die Freundschaften, die uns pr\u00e4gen, auch geb\u00fchrend zu feiern. Anl\u00e4sslich des heutigen Friends Days m\u00f6chten wir eine einfache M\u00f6glichkeit bieten, Dankbarkeit f\u00fcr Freundschaften und Freunde auszudr\u00fccken. Im News Feed wird dazu eine Nachricht eingeblendet, die zu einem personalisierten und gestaltbaren Friends Award f\u00fchrt, den man dann mit den besten Freunden teilen kann. Au\u00dferdem widmen sich drei neue Kamerafilter ebenfalls dem Thema Freundschaft: Facebook feiert den Friends Day mit einer Reihe von Kurzfilmen, die f\u00fcnf bemerkenswerte Freundschaften aus der ganzen Welt beleuchten. Zum Beispiel die Freundschaft von Chris und Ann, die seit \u00fcber f\u00fcnfunddrei\u00dfig Jahren jeden Samstagmorgen zusammen joggen gehen und gemeinsam den Tod von Chris&#8216; Ehemann \u00fcberstanden haben. Oder Brian und Lori, die als Flugbegleiter zusammen die Welt bereisen. Von Anfang an ging es bei Facebook darum, mit seinen Freunden in Kontakt zu treten. Deshalb freuen wir uns, dass auf Facebook jeden Tag mehr als 750 Millionen neue Freundschaften entstehen. Wir w\u00fcnschen allen viel Spa\u00df dabei, ihre Freundschaften zu feiern. Die Friends Awards und alle Filme zum Friends Day sind unter facebook.com\/friendsday zu finden.","protected":false},"author":116770500,"featured_media":9064,"comment_status":"closed","ping_status":"closed","sticky":false,"template":"","format":"standard","meta":{"_jetpack_memberships_contains_paid_content":false,"footnotes":""},"categories":[243889734],"tags":[],"class_list":["post-9060","post","type-post","status-publish","format-standard","has-post-thumbnail","hentry","category-produktnachrichten"],"yoast_head":"<!-- This site is optimized with the Yoast SEO plugin v27.2 - https:\/\/yoast.com\/product\/yoast-seo-wordpress\/ -->\n<title>Den Friends Day mit den engsten Freunden feiern | \u00dcber Meta<\/title>\n<meta name=\"robots\" content=\"index, follow, max-snippet:-1, max-image-preview:large, max-video-preview:-1\" \/>\n<link rel=\"canonical\" href=\"https:\/\/about.fb.com\/de\/news\/2018\/02\/den-friends-day-mit-den-engsten-freunden-feiern\/\" \/>\n<meta property=\"og:locale\" content=\"de_DE\" \/>\n<meta property=\"og:type\" content=\"article\" \/>\n<meta property=\"og:title\" content=\"Den Friends Day mit den engsten Freunden feiern | \u00dcber Meta\" \/>\n<meta property=\"og:description\" content=\"Von Mike Nowak, Product Director, Goodwill Der beste Freund oder die beste Freundin kann jemand sein, der oder die einem in jeder Situation den R\u00fccken freih\u00e4lt. Jemand, der nie einen Geburtstag vergisst, oder jemand, der immer die richtigen Worte findet. Doch selten nehmen wir uns Zeit, die Freundschaften, die uns pr\u00e4gen, auch geb\u00fchrend zu feiern. Anl\u00e4sslich des heutigen Friends Days m\u00f6chten wir eine einfache M\u00f6glichkeit bieten, Dankbarkeit f\u00fcr Freundschaften und Freunde auszudr\u00fccken. Im News Feed wird dazu eine Nachricht eingeblendet, die zu einem personalisierten und gestaltbaren Friends Award f\u00fchrt, den man dann mit den besten Freunden teilen kann. Au\u00dferdem widmen sich drei neue Kamerafilter ebenfalls dem Thema Freundschaft: Facebook feiert den Friends Day mit einer Reihe von Kurzfilmen, die f\u00fcnf bemerkenswerte Freundschaften aus der ganzen Welt beleuchten. Zum Beispiel die Freundschaft von Chris und Ann, die seit \u00fcber f\u00fcnfunddrei\u00dfig Jahren jeden Samstagmorgen zusammen joggen gehen und gemeinsam den Tod von Chris&#8216; Ehemann \u00fcberstanden haben. Oder Brian und Lori, die als Flugbegleiter zusammen die Welt bereisen. Von Anfang an ging es bei Facebook darum, mit seinen Freunden in Kontakt zu treten. Deshalb freuen wir uns, dass auf Facebook jeden Tag mehr als 750 Millionen neue Freundschaften entstehen. Wir w\u00fcnschen allen viel Spa\u00df dabei, ihre Freundschaften zu feiern. Die Friends Awards und alle Filme zum Friends Day sind unter facebook.com\/friendsday zu finden.\" \/>\n<meta property=\"og:url\" content=\"https:\/\/about.fb.com\/de\/news\/2018\/02\/den-friends-day-mit-den-engsten-freunden-feiern\/\" \/>\n<meta property=\"og:site_name\" content=\"\u00dcber Meta\" \/>\n<meta property=\"article:published_time\" content=\"2018-02-04T14:00:38+00:00\" \/>\n<meta property=\"og:image\" content=\"https:\/\/about.fb.com\/de\/wp-content\/uploads\/sites\/10\/2018\/02\/image-2.png?fit=740%2C499\" \/>\n\t<meta property=\"og:image:width\" content=\"740\" \/>\n\t<meta property=\"og:image:height\" content=\"499\" \/>\n\t<meta property=\"og:image:type\" content=\"image\/png\" \/>\n<meta name=\"author\" content=\"segmentafacebook\" \/>\n<meta name=\"twitter:card\" content=\"summary_large_image\" \/>\n<meta name=\"twitter:label1\" content=\"Written by\" \/>\n\t<meta name=\"twitter:data1\" content=\"Meta\" \/>\n\t<meta name=\"twitter:label2\" content=\"Est. reading time\" \/>\n\t<meta name=\"twitter:data2\" content=\"1 Minute\" \/>\n<script type=\"application\/ld+json\" class=\"yoast-schema-graph\">{\"@context\":\"https:\/\/schema.org\",\"@graph\":[{\"@type\":\"Article\",\"@id\":\"https:\/\/about.fb.com\/de\/news\/2018\/02\/den-friends-day-mit-den-engsten-freunden-feiern\/#article\",\"isPartOf\":{\"@id\":\"https:\/\/about.fb.com\/de\/news\/2018\/02\/den-friends-day-mit-den-engsten-freunden-feiern\/\"},\"author\":\"Facebook company\",\"headline\":\"Den Friends Day mit den engsten Freunden feiern\",\"datePublished\":\"2018-02-04T14:00:38+00:00\",\"mainEntityOfPage\":{\"@id\":\"https:\/\/about.fb.com\/de\/news\/2018\/02\/den-friends-day-mit-den-engsten-freunden-feiern\/\"},\"wordCount\":244,\"publisher\":{\"@id\":\"https:\/\/about.fb.com\/de\/#organization\"},\"image\":{\"@id\":\"https:\/\/about.fb.com\/de\/news\/2018\/02\/den-friends-day-mit-den-engsten-freunden-feiern\/#primaryimage\"},\"thumbnailUrl\":\"https:\/\/about.fb.com\/de\/wp-content\/uploads\/sites\/10\/2018\/02\/image-2.png?fit=740%2C499\",\"articleSection\":[\"Produktnachrichten\"],\"inLanguage\":\"de-DE\"},{\"@type\":\"WebPage\",\"@id\":\"https:\/\/about.fb.com\/de\/news\/2018\/02\/den-friends-day-mit-den-engsten-freunden-feiern\/\",\"url\":\"https:\/\/about.fb.com\/de\/news\/2018\/02\/den-friends-day-mit-den-engsten-freunden-feiern\/\",\"name\":\"Den Friends Day mit den engsten Freunden feiern | \u00dcber Meta\",\"isPartOf\":{\"@id\":\"https:\/\/about.fb.com\/de\/#website\"},\"primaryImageOfPage\":{\"@id\":\"https:\/\/about.fb.com\/de\/news\/2018\/02\/den-friends-day-mit-den-engsten-freunden-feiern\/#primaryimage\"},\"image\":{\"@id\":\"https:\/\/about.fb.com\/de\/news\/2018\/02\/den-friends-day-mit-den-engsten-freunden-feiern\/#primaryimage\"},\"thumbnailUrl\":\"https:\/\/about.fb.com\/de\/wp-content\/uploads\/sites\/10\/2018\/02\/image-2.png?fit=740%2C499\",\"datePublished\":\"2018-02-04T14:00:38+00:00\",\"breadcrumb\":{\"@id\":\"https:\/\/about.fb.com\/de\/news\/2018\/02\/den-friends-day-mit-den-engsten-freunden-feiern\/#breadcrumb\"},\"inLanguage\":\"de-DE\",\"potentialAction\":[{\"@type\":\"ReadAction\",\"target\":[\"https:\/\/about.fb.com\/de\/news\/2018\/02\/den-friends-day-mit-den-engsten-freunden-feiern\/\"]}],\"author\":\"\u00dcber Meta\"},{\"@type\":\"ImageObject\",\"inLanguage\":\"de-DE\",\"@id\":\"https:\/\/about.fb.com\/de\/news\/2018\/02\/den-friends-day-mit-den-engsten-freunden-feiern\/#primaryimage\",\"url\":\"https:\/\/about.fb.com\/de\/wp-content\/uploads\/sites\/10\/2018\/02\/image-2.png?fit=740%2C499\",\"contentUrl\":\"https:\/\/about.fb.com\/de\/wp-content\/uploads\/sites\/10\/2018\/02\/image-2.png?fit=740%2C499\",\"width\":740,\"height\":499},{\"@type\":\"BreadcrumbList\",\"@id\":\"https:\/\/about.fb.com\/de\/news\/2018\/02\/den-friends-day-mit-den-engsten-freunden-feiern\/#breadcrumb\",\"itemListElement\":[{\"@type\":\"ListItem\",\"position\":1,\"name\":\"Home\",\"item\":\"https:\/\/about.fb.com\/de\/\"},{\"@type\":\"ListItem\",\"position\":2,\"name\":\"Den Friends Day mit den engsten Freunden feiern\"}]},{\"@type\":\"WebSite\",\"@id\":\"https:\/\/about.fb.com\/de\/#website\",\"url\":\"https:\/\/about.fb.com\/news\/\",\"name\":\"\u00dcber Meta\",\"description\":\"\",\"publisher\":{\"@id\":\"https:\/\/about.fb.com\/de\/#organization\"},\"potentialAction\":[{\"@type\":\"SearchAction\",\"target\":{\"@type\":\"EntryPoint\",\"urlTemplate\":\"https:\/\/about.fb.com\/de\/?s={search_term_string}\"},\"query-input\":{\"@type\":\"PropertyValueSpecification\",\"valueRequired\":true,\"valueName\":\"search_term_string\"}}],\"inLanguage\":\"de-DE\",\"alternateName\":[\"Meta Newsroom\",\"Meta\"]},{\"@type\":\"Organization\",\"@id\":\"https:\/\/about.fb.com\/de\/#organization\",\"name\":\"Meta\",\"url\":\"https:\/\/about.fb.com\/de\/\",\"logo\":{\"@type\":\"ImageObject\",\"inLanguage\":\"de-DE\",\"@id\":\"https:\/\/about.fb.com\/de\/#\/schema\/logo\/image\/\",\"url\":\"https:\/\/about.fb.com\/de\/wp-content\/uploads\/sites\/10\/2021\/10\/meta-social-16x9-1.jpg?fit=8000%2C4500\",\"contentUrl\":\"https:\/\/about.fb.com\/de\/wp-content\/uploads\/sites\/10\/2021\/10\/meta-social-16x9-1.jpg?fit=8000%2C4500\",\"width\":8000,\"height\":4500,\"caption\":\"Meta\"},\"image\":{\"@id\":\"https:\/\/about.fb.com\/de\/#\/schema\/logo\/image\/\"}}]}<\/script>\n<!-- \/ Yoast SEO plugin. -->","yoast_head_json":{"title":"Den Friends Day mit den engsten Freunden feiern | \u00dcber Meta","robots":{"index":"index","follow":"follow","max-snippet":"max-snippet:-1","max-image-preview":"max-image-preview:large","max-video-preview":"max-video-preview:-1"},"canonical":"https:\/\/about.fb.com\/de\/news\/2018\/02\/den-friends-day-mit-den-engsten-freunden-feiern\/","og_locale":"de_DE","og_type":"article","og_title":"Den Friends Day mit den engsten Freunden feiern | \u00dcber Meta","og_description":"Von Mike Nowak, Product Director, Goodwill Der beste Freund oder die beste Freundin kann jemand sein, der oder die einem in jeder Situation den R\u00fccken freih\u00e4lt. Jemand, der nie einen Geburtstag vergisst, oder jemand, der immer die richtigen Worte findet. Doch selten nehmen wir uns Zeit, die Freundschaften, die uns pr\u00e4gen, auch geb\u00fchrend zu feiern. Anl\u00e4sslich des heutigen Friends Days m\u00f6chten wir eine einfache M\u00f6glichkeit bieten, Dankbarkeit f\u00fcr Freundschaften und Freunde auszudr\u00fccken. Im News Feed wird dazu eine Nachricht eingeblendet, die zu einem personalisierten und gestaltbaren Friends Award f\u00fchrt, den man dann mit den besten Freunden teilen kann. Au\u00dferdem widmen sich drei neue Kamerafilter ebenfalls dem Thema Freundschaft: Facebook feiert den Friends Day mit einer Reihe von Kurzfilmen, die f\u00fcnf bemerkenswerte Freundschaften aus der ganzen Welt beleuchten. Zum Beispiel die Freundschaft von Chris und Ann, die seit \u00fcber f\u00fcnfunddrei\u00dfig Jahren jeden Samstagmorgen zusammen joggen gehen und gemeinsam den Tod von Chris&#8216; Ehemann \u00fcberstanden haben. Oder Brian und Lori, die als Flugbegleiter zusammen die Welt bereisen. Von Anfang an ging es bei Facebook darum, mit seinen Freunden in Kontakt zu treten. Deshalb freuen wir uns, dass auf Facebook jeden Tag mehr als 750 Millionen neue Freundschaften entstehen. Wir w\u00fcnschen allen viel Spa\u00df dabei, ihre Freundschaften zu feiern. Die Friends Awards und alle Filme zum Friends Day sind unter facebook.com\/friendsday zu finden.","og_url":"https:\/\/about.fb.com\/de\/news\/2018\/02\/den-friends-day-mit-den-engsten-freunden-feiern\/","og_site_name":"\u00dcber Meta","article_published_time":"2018-02-04T14:00:38+00:00","og_image":[{"url":"https:\/\/about.fb.com\/de\/wp-content\/uploads\/sites\/10\/2018\/02\/image-2.png?fit=740%2C499","width":740,"height":499,"type":"image\/png"}],"author":"segmentafacebook","twitter_card":"summary_large_image","twitter_misc":{"Written by":"Meta","Est. reading time":"1 Minute"},"schema":{"@context":"https:\/\/schema.org","@graph":[{"@type":"Article","@id":"https:\/\/about.fb.com\/de\/news\/2018\/02\/den-friends-day-mit-den-engsten-freunden-feiern\/#article","isPartOf":{"@id":"https:\/\/about.fb.com\/de\/news\/2018\/02\/den-friends-day-mit-den-engsten-freunden-feiern\/"},"author":"Facebook company","headline":"Den Friends Day mit den engsten Freunden feiern","datePublished":"2018-02-04T14:00:38+00:00","mainEntityOfPage":{"@id":"https:\/\/about.fb.com\/de\/news\/2018\/02\/den-friends-day-mit-den-engsten-freunden-feiern\/"},"wordCount":244,"publisher":{"@id":"https:\/\/about.fb.com\/de\/#organization"},"image":{"@id":"https:\/\/about.fb.com\/de\/news\/2018\/02\/den-friends-day-mit-den-engsten-freunden-feiern\/#primaryimage"},"thumbnailUrl":"https:\/\/about.fb.com\/de\/wp-content\/uploads\/sites\/10\/2018\/02\/image-2.png?fit=740%2C499","articleSection":["Produktnachrichten"],"inLanguage":"de-DE"},{"@type":"WebPage","@id":"https:\/\/about.fb.com\/de\/news\/2018\/02\/den-friends-day-mit-den-engsten-freunden-feiern\/","url":"https:\/\/about.fb.com\/de\/news\/2018\/02\/den-friends-day-mit-den-engsten-freunden-feiern\/","name":"Den Friends Day mit den engsten Freunden feiern | \u00dcber Meta","isPartOf":{"@id":"https:\/\/about.fb.com\/de\/#website"},"primaryImageOfPage":{"@id":"https:\/\/about.fb.com\/de\/news\/2018\/02\/den-friends-day-mit-den-engsten-freunden-feiern\/#primaryimage"},"image":{"@id":"https:\/\/about.fb.com\/de\/news\/2018\/02\/den-friends-day-mit-den-engsten-freunden-feiern\/#primaryimage"},"thumbnailUrl":"https:\/\/about.fb.com\/de\/wp-content\/uploads\/sites\/10\/2018\/02\/image-2.png?fit=740%2C499","datePublished":"2018-02-04T14:00:38+00:00","breadcrumb":{"@id":"https:\/\/about.fb.com\/de\/news\/2018\/02\/den-friends-day-mit-den-engsten-freunden-feiern\/#breadcrumb"},"inLanguage":"de-DE","potentialAction":[{"@type":"ReadAction","target":["https:\/\/about.fb.com\/de\/news\/2018\/02\/den-friends-day-mit-den-engsten-freunden-feiern\/"]}],"author":"\u00dcber Meta"},{"@type":"ImageObject","inLanguage":"de-DE","@id":"https:\/\/about.fb.com\/de\/news\/2018\/02\/den-friends-day-mit-den-engsten-freunden-feiern\/#primaryimage","url":"https:\/\/about.fb.com\/de\/wp-content\/uploads\/sites\/10\/2018\/02\/image-2.png?fit=740%2C499","contentUrl":"https:\/\/about.fb.com\/de\/wp-content\/uploads\/sites\/10\/2018\/02\/image-2.png?fit=740%2C499","width":740,"height":499},{"@type":"BreadcrumbList","@id":"https:\/\/about.fb.com\/de\/news\/2018\/02\/den-friends-day-mit-den-engsten-freunden-feiern\/#breadcrumb","itemListElement":[{"@type":"ListItem","position":1,"name":"Home","item":"https:\/\/about.fb.com\/de\/"},{"@type":"ListItem","position":2,"name":"Den Friends Day mit den engsten Freunden feiern"}]},{"@type":"WebSite","@id":"https:\/\/about.fb.com\/de\/#website","url":"https:\/\/about.fb.com\/news\/","name":"\u00dcber Meta","description":"","publisher":{"@id":"https:\/\/about.fb.com\/de\/#organization"},"potentialAction":[{"@type":"SearchAction","target":{"@type":"EntryPoint","urlTemplate":"https:\/\/about.fb.com\/de\/?s={search_term_string}"},"query-input":{"@type":"PropertyValueSpecification","valueRequired":true,"valueName":"search_term_string"}}],"inLanguage":"de-DE","alternateName":["Meta Newsroom","Meta"]},{"@type":"Organization","@id":"https:\/\/about.fb.com\/de\/#organization","name":"Meta","url":"https:\/\/about.fb.com\/de\/","logo":{"@type":"ImageObject","inLanguage":"de-DE","@id":"https:\/\/about.fb.com\/de\/#\/schema\/logo\/image\/","url":"https:\/\/about.fb.com\/de\/wp-content\/uploads\/sites\/10\/2021\/10\/meta-social-16x9-1.jpg?fit=8000%2C4500","contentUrl":"https:\/\/about.fb.com\/de\/wp-content\/uploads\/sites\/10\/2021\/10\/meta-social-16x9-1.jpg?fit=8000%2C4500","width":8000,"height":4500,"caption":"Meta"},"image":{"@id":"https:\/\/about.fb.com\/de\/#\/schema\/logo\/image\/"}}]}},"jetpack_featured_media_url":"https:\/\/about.fb.com\/de\/wp-content\/uploads\/sites\/10\/2018\/02\/image-2.png?fit=740%2C499","jetpack-related-posts":[],"jetpack_sharing_enabled":true,"amp_enabled":true,"_links":{"self":[{"href":"https:\/\/about.fb.com\/de\/wp-json\/wp\/v2\/posts\/9060","targetHints":{"allow":["GET"]}}],"collection":[{"href":"https:\/\/about.fb.com\/de\/wp-json\/wp\/v2\/posts"}],"about":[{"href":"https:\/\/about.fb.com\/de\/wp-json\/wp\/v2\/types\/post"}],"author":[{"embeddable":true,"href":"https:\/\/about.fb.com\/de\/wp-json\/wp\/v2\/users\/116770500"}],"replies":[{"embeddable":true,"href":"https:\/\/about.fb.com\/de\/wp-json\/wp\/v2\/comments?post=9060"}],"version-history":[{"count":0,"href":"https:\/\/about.fb.com\/de\/wp-json\/wp\/v2\/posts\/9060\/revisions"}],"wp:featuredmedia":[{"embeddable":true,"href":"https:\/\/about.fb.com\/de\/wp-json\/wp\/v2\/media\/9064"}],"wp:attachment":[{"href":"https:\/\/about.fb.com\/de\/wp-json\/wp\/v2\/media?parent=9060"}],"wp:term":[{"taxonomy":"category","embeddable":true,"href":"https:\/\/about.fb.com\/de\/wp-json\/wp\/v2\/categories?post=9060"},{"taxonomy":"post_tag","embeddable":true,"href":"https:\/\/about.fb.com\/de\/wp-json\/wp\/v2\/tags?post=9060"}],"curies":[{"name":"wp","href":"https:\/\/api.w.org\/{rel}","templated":true}]}}