{"id":8677,"date":"2017-09-22T16:02:56","date_gmt":"2017-09-22T15:02:56","guid":{"rendered":"http:\/\/de.newsroom.fb.com\/?p=8677"},"modified":"2017-09-22T16:02:56","modified_gmt":"2017-09-22T15:02:56","slug":"zweite_analyse_bundestagswahl","status":"publish","type":"post","link":"https:\/\/about.fb.com\/de\/news\/2017\/09\/zweite_analyse_bundestagswahl\/","title":{"rendered":"Zweite Analyse zur Bundestagswahl 2017: Unterhaltungen auf Facebook"},"content":{"rendered":"<p>Facebook erm\u00f6glicht Menschen auf der ganzen Welt den Austausch zu unterschiedlichsten Themen. F\u00fcr die anstehenden Bundestagswahlen haben wir einige Informationen \u00fcber wahlbezogene Unterhaltungen auf Facebook zusammengestellt.<\/p>\n<p>Um die Daten f\u00fcr diese Grafik zu erstellen, haben wir Beitr\u00e4ge, Kommentare, Shares, Likes und Reactions auf Facebook im Zusammenhang mit der bevorstehenden Bundestagswahl betrachtet. Wir identifizieren diese Beitr\u00e4ge und Interaktionen anhand von Stichw\u00f6rtern und Kombinationen von Schl\u00fcsselw\u00f6rtern, die mit der Diskussion \u00fcber die Wahl verbunden sind, sowie Beitr\u00e4ge von Spitzenkandidaten und Parteien. S\u00e4mtliche Informationen sind aggregierte, depersonalisierte und anonyme Daten. Die Daten reichen vom 15. August bis zum 20. September 2017. Wir werten nur organische Unterhaltungen aus Deutschland aus, wir analysieren z.B. keine bezahlten Anzeigen.<\/p>\n<p>Eine \u00e4hnliche Analyse hatten wir bereits f\u00fcr den Zeitraum vom\u00a01. Juni bis zum 25. August 2017 durchgef\u00fchrt. Die Ergebnisse finden Sie <a href=\"https:\/\/about-fb-preprod.go-vip.net\/de\/2017\/09\/bundestagswahl-2017\/\">hier<\/a>.<\/p>\n<p><img data-recalc-dims=\"1\" loading=\"lazy\" decoding=\"async\" class=\"aligncenter size-full wp-image-8678\" src=\"https:\/\/about-fb-preprod.go-vip.net\/de\/wp-content\/uploads\/sites\/4\/2017\/09\/bundestagswahlen-2017-analyse-2-1.jpg?resize=960%2C4695\" alt=\"\" width=\"960\" height=\"4695\" \/><\/p>\n","protected":false},"excerpt":{"rendered":"Facebook erm\u00f6glicht Menschen auf der ganzen Welt den Austausch zu unterschiedlichsten Themen. F\u00fcr die anstehenden Bundestagswahlen haben wir einige Informationen \u00fcber wahlbezogene Unterhaltungen auf Facebook zusammengestellt. Um die Daten f\u00fcr diese Grafik zu erstellen, haben wir Beitr\u00e4ge, Kommentare, Shares, Likes und Reactions auf Facebook im Zusammenhang mit der bevorstehenden Bundestagswahl betrachtet. Wir identifizieren diese Beitr\u00e4ge und Interaktionen anhand von Stichw\u00f6rtern und Kombinationen von Schl\u00fcsselw\u00f6rtern, die mit der Diskussion \u00fcber die Wahl verbunden sind, sowie Beitr\u00e4ge von Spitzenkandidaten und Parteien. S\u00e4mtliche Informationen sind aggregierte, depersonalisierte und anonyme Daten. Die Daten reichen vom 15. August bis zum 20. September 2017. Wir werten nur organische Unterhaltungen aus Deutschland aus, wir analysieren z.B. keine bezahlten Anzeigen. Eine \u00e4hnliche Analyse hatten wir bereits f\u00fcr den Zeitraum vom\u00a01. Juni bis zum 25. August 2017 durchgef\u00fchrt. Die Ergebnisse finden Sie hier.","protected":false},"author":119732082,"featured_media":0,"comment_status":"closed","ping_status":"closed","sticky":false,"template":"","format":"standard","meta":{"_jetpack_memberships_contains_paid_content":false,"footnotes":""},"categories":[555973268,30697048],"tags":[],"class_list":["post-8677","post","type-post","status-publish","format-standard","hentry","category-bundestagswahl","category-unternehmensmeldungen"],"yoast_head":"<!-- This site is optimized with the Yoast SEO plugin v27.2 - https:\/\/yoast.com\/product\/yoast-seo-wordpress\/ -->\n<title>Zweite Analyse zur Bundestagswahl 2017: Unterhaltungen auf Facebook | \u00dcber Meta<\/title>\n<meta name=\"robots\" content=\"index, follow, max-snippet:-1, max-image-preview:large, max-video-preview:-1\" \/>\n<link rel=\"canonical\" href=\"https:\/\/about.fb.com\/de\/news\/2017\/09\/zweite_analyse_bundestagswahl\/\" \/>\n<meta property=\"og:locale\" content=\"de_DE\" \/>\n<meta property=\"og:type\" content=\"article\" \/>\n<meta property=\"og:title\" content=\"Zweite Analyse zur Bundestagswahl 2017: Unterhaltungen auf Facebook | \u00dcber Meta\" \/>\n<meta property=\"og:description\" content=\"Facebook erm\u00f6glicht Menschen auf der ganzen Welt den Austausch zu unterschiedlichsten Themen. F\u00fcr die anstehenden Bundestagswahlen haben wir einige Informationen \u00fcber wahlbezogene Unterhaltungen auf Facebook zusammengestellt. Um die Daten f\u00fcr diese Grafik zu erstellen, haben wir Beitr\u00e4ge, Kommentare, Shares, Likes und Reactions auf Facebook im Zusammenhang mit der bevorstehenden Bundestagswahl betrachtet. Wir identifizieren diese Beitr\u00e4ge und Interaktionen anhand von Stichw\u00f6rtern und Kombinationen von Schl\u00fcsselw\u00f6rtern, die mit der Diskussion \u00fcber die Wahl verbunden sind, sowie Beitr\u00e4ge von Spitzenkandidaten und Parteien. S\u00e4mtliche Informationen sind aggregierte, depersonalisierte und anonyme Daten. Die Daten reichen vom 15. August bis zum 20. September 2017. Wir werten nur organische Unterhaltungen aus Deutschland aus, wir analysieren z.B. keine bezahlten Anzeigen. Eine \u00e4hnliche Analyse hatten wir bereits f\u00fcr den Zeitraum vom\u00a01. Juni bis zum 25. August 2017 durchgef\u00fchrt. Die Ergebnisse finden Sie hier.\" \/>\n<meta property=\"og:url\" content=\"https:\/\/about.fb.com\/de\/news\/2017\/09\/zweite_analyse_bundestagswahl\/\" \/>\n<meta property=\"og:site_name\" content=\"\u00dcber Meta\" \/>\n<meta property=\"article:published_time\" content=\"2017-09-22T15:02:56+00:00\" \/>\n<meta property=\"og:image\" content=\"https:\/\/about-fb-preprod.go-vip.net\/de\/wp-content\/uploads\/sites\/4\/2017\/09\/bundestagswahlen-2017-analyse-2-1.jpg\" \/>\n<meta name=\"author\" content=\"apcoworldwide\" \/>\n<meta name=\"twitter:card\" content=\"summary_large_image\" \/>\n<meta name=\"twitter:label1\" content=\"Written by\" \/>\n\t<meta name=\"twitter:data1\" content=\"Meta\" \/>\n\t<meta name=\"twitter:label2\" content=\"Est. reading time\" \/>\n\t<meta name=\"twitter:data2\" content=\"1 Minute\" \/>\n<script type=\"application\/ld+json\" class=\"yoast-schema-graph\">{\"@context\":\"https:\/\/schema.org\",\"@graph\":[{\"@type\":\"Article\",\"@id\":\"https:\/\/about.fb.com\/de\/news\/2017\/09\/zweite_analyse_bundestagswahl\/#article\",\"isPartOf\":{\"@id\":\"https:\/\/about.fb.com\/de\/news\/2017\/09\/zweite_analyse_bundestagswahl\/\"},\"author\":\"Facebook company\",\"headline\":\"Zweite Analyse zur Bundestagswahl 2017: Unterhaltungen auf Facebook\",\"datePublished\":\"2017-09-22T15:02:56+00:00\",\"mainEntityOfPage\":{\"@id\":\"https:\/\/about.fb.com\/de\/news\/2017\/09\/zweite_analyse_bundestagswahl\/\"},\"wordCount\":149,\"publisher\":{\"@id\":\"https:\/\/about.fb.com\/de\/#organization\"},\"image\":{\"@id\":\"https:\/\/about.fb.com\/de\/news\/2017\/09\/zweite_analyse_bundestagswahl\/#primaryimage\"},\"thumbnailUrl\":\"https:\/\/about-fb-preprod.go-vip.net\/de\/wp-content\/uploads\/sites\/4\/2017\/09\/bundestagswahlen-2017-analyse-2-1.jpg\",\"articleSection\":[\"Bundestagswahl\",\"Unternehmensmeldungen\"],\"inLanguage\":\"de-DE\"},{\"@type\":\"WebPage\",\"@id\":\"https:\/\/about.fb.com\/de\/news\/2017\/09\/zweite_analyse_bundestagswahl\/\",\"url\":\"https:\/\/about.fb.com\/de\/news\/2017\/09\/zweite_analyse_bundestagswahl\/\",\"name\":\"Zweite Analyse zur Bundestagswahl 2017: Unterhaltungen auf Facebook | \u00dcber Meta\",\"isPartOf\":{\"@id\":\"https:\/\/about.fb.com\/de\/#website\"},\"primaryImageOfPage\":{\"@id\":\"https:\/\/about.fb.com\/de\/news\/2017\/09\/zweite_analyse_bundestagswahl\/#primaryimage\"},\"image\":{\"@id\":\"https:\/\/about.fb.com\/de\/news\/2017\/09\/zweite_analyse_bundestagswahl\/#primaryimage\"},\"thumbnailUrl\":\"https:\/\/about-fb-preprod.go-vip.net\/de\/wp-content\/uploads\/sites\/4\/2017\/09\/bundestagswahlen-2017-analyse-2-1.jpg\",\"datePublished\":\"2017-09-22T15:02:56+00:00\",\"breadcrumb\":{\"@id\":\"https:\/\/about.fb.com\/de\/news\/2017\/09\/zweite_analyse_bundestagswahl\/#breadcrumb\"},\"inLanguage\":\"de-DE\",\"potentialAction\":[{\"@type\":\"ReadAction\",\"target\":[\"https:\/\/about.fb.com\/de\/news\/2017\/09\/zweite_analyse_bundestagswahl\/\"]}],\"author\":\"\u00dcber Meta\"},{\"@type\":\"ImageObject\",\"inLanguage\":\"de-DE\",\"@id\":\"https:\/\/about.fb.com\/de\/news\/2017\/09\/zweite_analyse_bundestagswahl\/#primaryimage\",\"url\":\"https:\/\/about-fb-preprod.go-vip.net\/de\/wp-content\/uploads\/sites\/4\/2017\/09\/bundestagswahlen-2017-analyse-2-1.jpg\",\"contentUrl\":\"https:\/\/about-fb-preprod.go-vip.net\/de\/wp-content\/uploads\/sites\/4\/2017\/09\/bundestagswahlen-2017-analyse-2-1.jpg\"},{\"@type\":\"BreadcrumbList\",\"@id\":\"https:\/\/about.fb.com\/de\/news\/2017\/09\/zweite_analyse_bundestagswahl\/#breadcrumb\",\"itemListElement\":[{\"@type\":\"ListItem\",\"position\":1,\"name\":\"Home\",\"item\":\"https:\/\/about.fb.com\/de\/\"},{\"@type\":\"ListItem\",\"position\":2,\"name\":\"Zweite Analyse zur Bundestagswahl 2017: Unterhaltungen auf Facebook\"}]},{\"@type\":\"WebSite\",\"@id\":\"https:\/\/about.fb.com\/de\/#website\",\"url\":\"https:\/\/about.fb.com\/news\/\",\"name\":\"\u00dcber Meta\",\"description\":\"\",\"publisher\":{\"@id\":\"https:\/\/about.fb.com\/de\/#organization\"},\"potentialAction\":[{\"@type\":\"SearchAction\",\"target\":{\"@type\":\"EntryPoint\",\"urlTemplate\":\"https:\/\/about.fb.com\/de\/?s={search_term_string}\"},\"query-input\":{\"@type\":\"PropertyValueSpecification\",\"valueRequired\":true,\"valueName\":\"search_term_string\"}}],\"inLanguage\":\"de-DE\",\"alternateName\":[\"Meta Newsroom\",\"Meta\"]},{\"@type\":\"Organization\",\"@id\":\"https:\/\/about.fb.com\/de\/#organization\",\"name\":\"Meta\",\"url\":\"https:\/\/about.fb.com\/de\/\",\"logo\":{\"@type\":\"ImageObject\",\"inLanguage\":\"de-DE\",\"@id\":\"https:\/\/about.fb.com\/de\/#\/schema\/logo\/image\/\",\"url\":\"https:\/\/about.fb.com\/de\/wp-content\/uploads\/sites\/10\/2021\/10\/meta-social-16x9-1.jpg?fit=8000%2C4500\",\"contentUrl\":\"https:\/\/about.fb.com\/de\/wp-content\/uploads\/sites\/10\/2021\/10\/meta-social-16x9-1.jpg?fit=8000%2C4500\",\"width\":8000,\"height\":4500,\"caption\":\"Meta\"},\"image\":{\"@id\":\"https:\/\/about.fb.com\/de\/#\/schema\/logo\/image\/\"}}]}<\/script>\n<!-- \/ Yoast SEO plugin. -->","yoast_head_json":{"title":"Zweite Analyse zur Bundestagswahl 2017: Unterhaltungen auf Facebook | \u00dcber Meta","robots":{"index":"index","follow":"follow","max-snippet":"max-snippet:-1","max-image-preview":"max-image-preview:large","max-video-preview":"max-video-preview:-1"},"canonical":"https:\/\/about.fb.com\/de\/news\/2017\/09\/zweite_analyse_bundestagswahl\/","og_locale":"de_DE","og_type":"article","og_title":"Zweite Analyse zur Bundestagswahl 2017: Unterhaltungen auf Facebook | \u00dcber Meta","og_description":"Facebook erm\u00f6glicht Menschen auf der ganzen Welt den Austausch zu unterschiedlichsten Themen. F\u00fcr die anstehenden Bundestagswahlen haben wir einige Informationen \u00fcber wahlbezogene Unterhaltungen auf Facebook zusammengestellt. Um die Daten f\u00fcr diese Grafik zu erstellen, haben wir Beitr\u00e4ge, Kommentare, Shares, Likes und Reactions auf Facebook im Zusammenhang mit der bevorstehenden Bundestagswahl betrachtet. Wir identifizieren diese Beitr\u00e4ge und Interaktionen anhand von Stichw\u00f6rtern und Kombinationen von Schl\u00fcsselw\u00f6rtern, die mit der Diskussion \u00fcber die Wahl verbunden sind, sowie Beitr\u00e4ge von Spitzenkandidaten und Parteien. S\u00e4mtliche Informationen sind aggregierte, depersonalisierte und anonyme Daten. Die Daten reichen vom 15. August bis zum 20. September 2017. Wir werten nur organische Unterhaltungen aus Deutschland aus, wir analysieren z.B. keine bezahlten Anzeigen. Eine \u00e4hnliche Analyse hatten wir bereits f\u00fcr den Zeitraum vom\u00a01. Juni bis zum 25. August 2017 durchgef\u00fchrt. Die Ergebnisse finden Sie hier.","og_url":"https:\/\/about.fb.com\/de\/news\/2017\/09\/zweite_analyse_bundestagswahl\/","og_site_name":"\u00dcber Meta","article_published_time":"2017-09-22T15:02:56+00:00","og_image":[{"url":"https:\/\/about-fb-preprod.go-vip.net\/de\/wp-content\/uploads\/sites\/4\/2017\/09\/bundestagswahlen-2017-analyse-2-1.jpg","type":"","width":"","height":""}],"author":"apcoworldwide","twitter_card":"summary_large_image","twitter_misc":{"Written by":"Meta","Est. reading time":"1 Minute"},"schema":{"@context":"https:\/\/schema.org","@graph":[{"@type":"Article","@id":"https:\/\/about.fb.com\/de\/news\/2017\/09\/zweite_analyse_bundestagswahl\/#article","isPartOf":{"@id":"https:\/\/about.fb.com\/de\/news\/2017\/09\/zweite_analyse_bundestagswahl\/"},"author":"Facebook company","headline":"Zweite Analyse zur Bundestagswahl 2017: Unterhaltungen auf Facebook","datePublished":"2017-09-22T15:02:56+00:00","mainEntityOfPage":{"@id":"https:\/\/about.fb.com\/de\/news\/2017\/09\/zweite_analyse_bundestagswahl\/"},"wordCount":149,"publisher":{"@id":"https:\/\/about.fb.com\/de\/#organization"},"image":{"@id":"https:\/\/about.fb.com\/de\/news\/2017\/09\/zweite_analyse_bundestagswahl\/#primaryimage"},"thumbnailUrl":"https:\/\/about-fb-preprod.go-vip.net\/de\/wp-content\/uploads\/sites\/4\/2017\/09\/bundestagswahlen-2017-analyse-2-1.jpg","articleSection":["Bundestagswahl","Unternehmensmeldungen"],"inLanguage":"de-DE"},{"@type":"WebPage","@id":"https:\/\/about.fb.com\/de\/news\/2017\/09\/zweite_analyse_bundestagswahl\/","url":"https:\/\/about.fb.com\/de\/news\/2017\/09\/zweite_analyse_bundestagswahl\/","name":"Zweite Analyse zur Bundestagswahl 2017: Unterhaltungen auf Facebook | \u00dcber Meta","isPartOf":{"@id":"https:\/\/about.fb.com\/de\/#website"},"primaryImageOfPage":{"@id":"https:\/\/about.fb.com\/de\/news\/2017\/09\/zweite_analyse_bundestagswahl\/#primaryimage"},"image":{"@id":"https:\/\/about.fb.com\/de\/news\/2017\/09\/zweite_analyse_bundestagswahl\/#primaryimage"},"thumbnailUrl":"https:\/\/about-fb-preprod.go-vip.net\/de\/wp-content\/uploads\/sites\/4\/2017\/09\/bundestagswahlen-2017-analyse-2-1.jpg","datePublished":"2017-09-22T15:02:56+00:00","breadcrumb":{"@id":"https:\/\/about.fb.com\/de\/news\/2017\/09\/zweite_analyse_bundestagswahl\/#breadcrumb"},"inLanguage":"de-DE","potentialAction":[{"@type":"ReadAction","target":["https:\/\/about.fb.com\/de\/news\/2017\/09\/zweite_analyse_bundestagswahl\/"]}],"author":"\u00dcber Meta"},{"@type":"ImageObject","inLanguage":"de-DE","@id":"https:\/\/about.fb.com\/de\/news\/2017\/09\/zweite_analyse_bundestagswahl\/#primaryimage","url":"https:\/\/about-fb-preprod.go-vip.net\/de\/wp-content\/uploads\/sites\/4\/2017\/09\/bundestagswahlen-2017-analyse-2-1.jpg","contentUrl":"https:\/\/about-fb-preprod.go-vip.net\/de\/wp-content\/uploads\/sites\/4\/2017\/09\/bundestagswahlen-2017-analyse-2-1.jpg"},{"@type":"BreadcrumbList","@id":"https:\/\/about.fb.com\/de\/news\/2017\/09\/zweite_analyse_bundestagswahl\/#breadcrumb","itemListElement":[{"@type":"ListItem","position":1,"name":"Home","item":"https:\/\/about.fb.com\/de\/"},{"@type":"ListItem","position":2,"name":"Zweite Analyse zur Bundestagswahl 2017: Unterhaltungen auf Facebook"}]},{"@type":"WebSite","@id":"https:\/\/about.fb.com\/de\/#website","url":"https:\/\/about.fb.com\/news\/","name":"\u00dcber Meta","description":"","publisher":{"@id":"https:\/\/about.fb.com\/de\/#organization"},"potentialAction":[{"@type":"SearchAction","target":{"@type":"EntryPoint","urlTemplate":"https:\/\/about.fb.com\/de\/?s={search_term_string}"},"query-input":{"@type":"PropertyValueSpecification","valueRequired":true,"valueName":"search_term_string"}}],"inLanguage":"de-DE","alternateName":["Meta Newsroom","Meta"]},{"@type":"Organization","@id":"https:\/\/about.fb.com\/de\/#organization","name":"Meta","url":"https:\/\/about.fb.com\/de\/","logo":{"@type":"ImageObject","inLanguage":"de-DE","@id":"https:\/\/about.fb.com\/de\/#\/schema\/logo\/image\/","url":"https:\/\/about.fb.com\/de\/wp-content\/uploads\/sites\/10\/2021\/10\/meta-social-16x9-1.jpg?fit=8000%2C4500","contentUrl":"https:\/\/about.fb.com\/de\/wp-content\/uploads\/sites\/10\/2021\/10\/meta-social-16x9-1.jpg?fit=8000%2C4500","width":8000,"height":4500,"caption":"Meta"},"image":{"@id":"https:\/\/about.fb.com\/de\/#\/schema\/logo\/image\/"}}]}},"jetpack_featured_media_url":"","jetpack-related-posts":[],"jetpack_sharing_enabled":true,"amp_enabled":true,"_links":{"self":[{"href":"https:\/\/about.fb.com\/de\/wp-json\/wp\/v2\/posts\/8677","targetHints":{"allow":["GET"]}}],"collection":[{"href":"https:\/\/about.fb.com\/de\/wp-json\/wp\/v2\/posts"}],"about":[{"href":"https:\/\/about.fb.com\/de\/wp-json\/wp\/v2\/types\/post"}],"author":[{"embeddable":true,"href":"https:\/\/about.fb.com\/de\/wp-json\/wp\/v2\/users\/119732082"}],"replies":[{"embeddable":true,"href":"https:\/\/about.fb.com\/de\/wp-json\/wp\/v2\/comments?post=8677"}],"version-history":[{"count":0,"href":"https:\/\/about.fb.com\/de\/wp-json\/wp\/v2\/posts\/8677\/revisions"}],"wp:attachment":[{"href":"https:\/\/about.fb.com\/de\/wp-json\/wp\/v2\/media?parent=8677"}],"wp:term":[{"taxonomy":"category","embeddable":true,"href":"https:\/\/about.fb.com\/de\/wp-json\/wp\/v2\/categories?post=8677"},{"taxonomy":"post_tag","embeddable":true,"href":"https:\/\/about.fb.com\/de\/wp-json\/wp\/v2\/tags?post=8677"}],"curies":[{"name":"wp","href":"https:\/\/api.w.org\/{rel}","templated":true}]}}