{"id":8117,"date":"2017-01-18T13:06:13","date_gmt":"2017-01-18T12:06:13","guid":{"rendered":"http:\/\/de.newsroom.fb.com\/?p=8117"},"modified":"2017-01-18T13:06:13","modified_gmt":"2017-01-18T12:06:13","slug":"eroeffnung-des-digitalen-lernzentrums-in-berlin","status":"publish","type":"post","link":"https:\/\/about.fb.com\/de\/news\/2017\/01\/eroeffnung-des-digitalen-lernzentrums-in-berlin\/","title":{"rendered":"Er\u00f6ffnung des Digitalen Lernzentrums in Berlin"},"content":{"rendered":"<p class=\"p1\"><span class=\"s1\">Am Montag er\u00f6ffnete Sheryl Sandberg, COO von Facebook, das <a href=\"https:\/\/www.facebook.com\/digitaleslernzentrumberlin\">Digitale Lernzentrum<\/a> in Berlin. Direkt am Potsdamer Platz gelegen, soll das Lernzentrum k\u00fcnftig ein Ort sein, an dem digitale Kompetenzen an jene vermittelt werden, die sonst keinen direkten Zugang \u00a0zu solchen Angeboten haben. Neben Programmierunterricht steht die Vermittlung von Medienkompetenz im Fokus. Das Projekt wurde von Facebook ins Leben gerufen und als erste Partner konnten die R<a href=\"https:\/\/www.facebook.com\/redischool\/?fref=ts\">eDI School of Digital Integration<\/a>, die <a href=\"https:\/\/www.facebook.com\/habadigitalwerkstatt\/?fref=ts\">HABA Digitalwerkstatt,<\/a> der Verein <a href=\"https:\/\/www.facebook.com\/wegeausdereinsamkeit\/?fref=ts\">Wege aus der Einsamkeit e.V.<\/a> sowie das Projekt \u201eReporterfabrik\u201d von <a href=\"https:\/\/www.facebook.com\/correctiv.org\/?fref=ts\">Correctiv<\/a>\u00a0und <a href=\"https:\/\/www.facebook.com\/reporterforum\/\">Reporterforum<\/a> gewonnen werden.<\/span><\/p>\n<p class=\"p1\"><span class=\"s1\">\u201eWir glauben, dass Technologie Menschen zusammenbringen und einige der dr\u00e4ngendsten gesellschaftlichen Herausforderungen l\u00f6sen kann\u201c, sagte Sheryl Sandberg in ihrer Er\u00f6ffnungsrede. \u201eAus diesem Grund haben wir das\u00a0 Digitale Lernzentrum gegr\u00fcndet, ein Ort, an dem Menschen digitale Kompetenzen unterrichten und lernen k\u00f6nnen\u201c, so Sandberg weiter.<\/span><\/p>\n<p class=\"p1\"><span class=\"s1\">Lokale Initiativen aus dem Raum Berlin k\u00f6nnen in den von Facebook bereitgestellten R\u00e4umlichkeiten Workshops f\u00fcr B\u00fcrgerinnen und B\u00fcrger gestalten, die sonst kaum Zugang zu solchen Angeboten haben \u2013\u00a0wie beispielsweise Gefl\u00fcchtete, Kinder oder \u00e4ltere Menschen. Programmiersprachen k\u00f6nnen erlernt werden, aber auch der richtige Umgang mit digitalen Medien sowie die reflektierte Nutzung von Medieninhalten. Auch dem Anschein nach simple F\u00e4higkeiten, wie die Bedienung eines Smartphones, sollen vermittelt werden.<\/span><\/p>\n<p class=\"p1\"><span class=\"s1\"><img data-recalc-dims=\"1\" loading=\"lazy\" decoding=\"async\" class=\"alignnone size-full wp-image-8130\" src=\"https:\/\/about-fb-preprod.go-vip.net\/de\/wp-content\/uploads\/sites\/4\/2017\/01\/rf_fb_lernzentrum_opening-39-1.jpg?resize=960%2C640\" alt=\"rf_fb_lernzentrum_opening-39\" width=\"960\" height=\"640\" \/><\/span><\/p>\n<p class=\"p1\"><span class=\"s1\">Sandberg betonte in diesem Zusammenhang: \u201eBildung ist alles \u2013 und die soziale Integration ist eine der wichtigsten Herausforderungen, mit denen wir konfrontiert sind.\u201c Auch Anne Kj\u00e6r Riechert, Mitgr\u00fcnderin und Gesch\u00e4ftsf\u00fchrerin der <i>ReDI School of Digital Integration<\/i>,\u00a0sieht die Chancen, die das Lernzentrum bietet: \u201eIch bin stolz, dass wir von Anfang an Teil dieses Projektes sein k\u00f6nnen, um Menschen zusammenzubringen und ich bin dankbar, dass wir endlich geeignete R\u00e4umlichkeiten unter einem Dach f\u00fcr unsere Workshops haben.\u201c<\/span><\/p>\n<p class=\"p1\"><span class=\"s1\">\u201eDas Digitale Lernzentrum bietet Lerninhalte, die auf die Lebensrealit\u00e4t und die Herausforderungen der Zukunft abgestimmt sind\u201d, sagte Verena Pausder, Gesch\u00e4ftsf\u00fchrerin der HABA Digitalwerkstatt.\u00a0David Schraven, Gesch\u00e4ftsf\u00fchrer von\u00a0Correctiv, dem ersten non-profit Recherchezentrum in Deutschland, f\u00fcgt hinzu: \u201eWir sind froh, das Lernzentrum als einen von mehreren Orten f\u00fcr unsere Kurse nutzen zu k\u00f6nnen.&#8220;<\/span><\/p>\n<p class=\"p1\"><span class=\"s1\">Gemeinsames Ziel der vier Partnerorganisationen und Facebook ist es, Menschen zu vernetzen, Medienkompetenz zu f\u00f6rdern und somit soziale und wirtschaftliche Perspektiven zu er\u00f6ffnen. Denn nur wer \u00fcber diese digitalen Kompetenzen verf\u00fcgt, kann die Gesellschaft von heute und morgen mitgestalten.<\/span><\/p>\n<p class=\"p1\"><img data-recalc-dims=\"1\" loading=\"lazy\" decoding=\"async\" class=\"alignnone size-full wp-image-8133\" src=\"https:\/\/about-fb-preprod.go-vip.net\/de\/wp-content\/uploads\/sites\/4\/2017\/01\/rf_fb_lernzentrum_opening-15-1.jpg?resize=960%2C640\" alt=\"rf_fb_lernzentrum_opening-15\" width=\"960\" height=\"640\" \/><\/p>\n","protected":false},"excerpt":{"rendered":"Am Montag er\u00f6ffnete Sheryl Sandberg, COO von Facebook, das Digitale Lernzentrum in Berlin. Direkt am Potsdamer Platz gelegen, soll das Lernzentrum k\u00fcnftig ein Ort sein, an dem digitale Kompetenzen an jene vermittelt werden, die sonst keinen direkten Zugang \u00a0zu solchen Angeboten haben. Neben Programmierunterricht steht die Vermittlung von Medienkompetenz im Fokus. Das Projekt wurde von Facebook ins Leben gerufen und als erste Partner konnten die ReDI School of Digital Integration, die HABA Digitalwerkstatt, der Verein Wege aus der Einsamkeit e.V. sowie das Projekt \u201eReporterfabrik\u201d von Correctiv\u00a0und Reporterforum gewonnen werden. \u201eWir glauben, dass Technologie Menschen zusammenbringen und einige der dr\u00e4ngendsten gesellschaftlichen Herausforderungen l\u00f6sen kann\u201c, sagte Sheryl Sandberg in ihrer Er\u00f6ffnungsrede. \u201eAus diesem Grund haben wir das\u00a0 Digitale Lernzentrum gegr\u00fcndet, ein Ort, an dem Menschen digitale Kompetenzen unterrichten und lernen k\u00f6nnen\u201c, so Sandberg weiter. Lokale Initiativen aus dem Raum Berlin k\u00f6nnen in den von Facebook bereitgestellten R\u00e4umlichkeiten Workshops f\u00fcr B\u00fcrgerinnen und B\u00fcrger gestalten, die sonst kaum Zugang zu solchen Angeboten haben \u2013\u00a0wie beispielsweise Gefl\u00fcchtete, Kinder oder \u00e4ltere Menschen. Programmiersprachen k\u00f6nnen erlernt werden, aber auch der richtige Umgang mit digitalen Medien sowie die reflektierte Nutzung von Medieninhalten. Auch dem Anschein nach simple F\u00e4higkeiten, wie die Bedienung eines Smartphones, sollen vermittelt werden. Sandberg betonte in diesem Zusammenhang: \u201eBildung ist alles \u2013 und die soziale Integration ist eine der wichtigsten Herausforderungen, mit denen wir konfrontiert sind.\u201c Auch Anne Kj\u00e6r Riechert, Mitgr\u00fcnderin und Gesch\u00e4ftsf\u00fchrerin der ReDI School of Digital Integration,\u00a0sieht die Chancen, die das Lernzentrum bietet: \u201eIch bin stolz, dass wir von Anfang an Teil dieses Projektes sein k\u00f6nnen, um Menschen zusammenzubringen und ich bin dankbar, dass wir endlich geeignete R\u00e4umlichkeiten unter einem Dach f\u00fcr unsere Workshops haben.\u201c \u201eDas Digitale Lernzentrum bietet Lerninhalte, die auf die Lebensrealit\u00e4t und die Herausforderungen der Zukunft abgestimmt sind\u201d, sagte Verena Pausder, Gesch\u00e4ftsf\u00fchrerin der HABA Digitalwerkstatt.\u00a0David Schraven, Gesch\u00e4ftsf\u00fchrer von\u00a0Correctiv, dem ersten non-profit Recherchezentrum in Deutschland, f\u00fcgt hinzu: \u201eWir sind froh, das Lernzentrum als einen von mehreren Orten f\u00fcr unsere Kurse nutzen zu k\u00f6nnen.&#8220; Gemeinsames Ziel der vier Partnerorganisationen und Facebook ist es, Menschen zu vernetzen, Medienkompetenz zu f\u00f6rdern und somit soziale und wirtschaftliche Perspektiven zu er\u00f6ffnen. Denn nur wer \u00fcber diese digitalen Kompetenzen verf\u00fcgt, kann die Gesellschaft von heute und morgen mitgestalten.","protected":false},"author":75217639,"featured_media":8124,"comment_status":"closed","ping_status":"closed","sticky":false,"template":"","format":"standard","meta":{"_jetpack_memberships_contains_paid_content":false,"footnotes":""},"categories":[555973256],"tags":[],"class_list":["post-8117","post","type-post","status-publish","format-standard","has-post-thumbnail","hentry","category-digitales-lernzentrum"],"yoast_head":"<!-- This site is optimized with the Yoast SEO plugin v27.2 - https:\/\/yoast.com\/product\/yoast-seo-wordpress\/ -->\n<title>Er\u00f6ffnung des Digitalen Lernzentrums in Berlin | \u00dcber Meta<\/title>\n<meta name=\"robots\" content=\"index, follow, max-snippet:-1, max-image-preview:large, max-video-preview:-1\" \/>\n<link rel=\"canonical\" href=\"https:\/\/about.fb.com\/de\/news\/2017\/01\/eroeffnung-des-digitalen-lernzentrums-in-berlin\/\" \/>\n<meta property=\"og:locale\" content=\"de_DE\" \/>\n<meta property=\"og:type\" content=\"article\" \/>\n<meta property=\"og:title\" content=\"Er\u00f6ffnung des Digitalen Lernzentrums in Berlin | \u00dcber Meta\" \/>\n<meta property=\"og:description\" content=\"Am Montag er\u00f6ffnete Sheryl Sandberg, COO von Facebook, das Digitale Lernzentrum in Berlin. Direkt am Potsdamer Platz gelegen, soll das Lernzentrum k\u00fcnftig ein Ort sein, an dem digitale Kompetenzen an jene vermittelt werden, die sonst keinen direkten Zugang \u00a0zu solchen Angeboten haben. Neben Programmierunterricht steht die Vermittlung von Medienkompetenz im Fokus. Das Projekt wurde von Facebook ins Leben gerufen und als erste Partner konnten die ReDI School of Digital Integration, die HABA Digitalwerkstatt, der Verein Wege aus der Einsamkeit e.V. sowie das Projekt \u201eReporterfabrik\u201d von Correctiv\u00a0und Reporterforum gewonnen werden. \u201eWir glauben, dass Technologie Menschen zusammenbringen und einige der dr\u00e4ngendsten gesellschaftlichen Herausforderungen l\u00f6sen kann\u201c, sagte Sheryl Sandberg in ihrer Er\u00f6ffnungsrede. \u201eAus diesem Grund haben wir das\u00a0 Digitale Lernzentrum gegr\u00fcndet, ein Ort, an dem Menschen digitale Kompetenzen unterrichten und lernen k\u00f6nnen\u201c, so Sandberg weiter. Lokale Initiativen aus dem Raum Berlin k\u00f6nnen in den von Facebook bereitgestellten R\u00e4umlichkeiten Workshops f\u00fcr B\u00fcrgerinnen und B\u00fcrger gestalten, die sonst kaum Zugang zu solchen Angeboten haben \u2013\u00a0wie beispielsweise Gefl\u00fcchtete, Kinder oder \u00e4ltere Menschen. Programmiersprachen k\u00f6nnen erlernt werden, aber auch der richtige Umgang mit digitalen Medien sowie die reflektierte Nutzung von Medieninhalten. Auch dem Anschein nach simple F\u00e4higkeiten, wie die Bedienung eines Smartphones, sollen vermittelt werden. Sandberg betonte in diesem Zusammenhang: \u201eBildung ist alles \u2013 und die soziale Integration ist eine der wichtigsten Herausforderungen, mit denen wir konfrontiert sind.\u201c Auch Anne Kj\u00e6r Riechert, Mitgr\u00fcnderin und Gesch\u00e4ftsf\u00fchrerin der ReDI School of Digital Integration,\u00a0sieht die Chancen, die das Lernzentrum bietet: \u201eIch bin stolz, dass wir von Anfang an Teil dieses Projektes sein k\u00f6nnen, um Menschen zusammenzubringen und ich bin dankbar, dass wir endlich geeignete R\u00e4umlichkeiten unter einem Dach f\u00fcr unsere Workshops haben.\u201c \u201eDas Digitale Lernzentrum bietet Lerninhalte, die auf die Lebensrealit\u00e4t und die Herausforderungen der Zukunft abgestimmt sind\u201d, sagte Verena Pausder, Gesch\u00e4ftsf\u00fchrerin der HABA Digitalwerkstatt.\u00a0David Schraven, Gesch\u00e4ftsf\u00fchrer von\u00a0Correctiv, dem ersten non-profit Recherchezentrum in Deutschland, f\u00fcgt hinzu: \u201eWir sind froh, das Lernzentrum als einen von mehreren Orten f\u00fcr unsere Kurse nutzen zu k\u00f6nnen.&#8220; Gemeinsames Ziel der vier Partnerorganisationen und Facebook ist es, Menschen zu vernetzen, Medienkompetenz zu f\u00f6rdern und somit soziale und wirtschaftliche Perspektiven zu er\u00f6ffnen. Denn nur wer \u00fcber diese digitalen Kompetenzen verf\u00fcgt, kann die Gesellschaft von heute und morgen mitgestalten.\" \/>\n<meta property=\"og:url\" content=\"https:\/\/about.fb.com\/de\/news\/2017\/01\/eroeffnung-des-digitalen-lernzentrums-in-berlin\/\" \/>\n<meta property=\"og:site_name\" content=\"\u00dcber Meta\" \/>\n<meta property=\"article:published_time\" content=\"2017-01-18T12:06:13+00:00\" \/>\n<meta property=\"og:image\" content=\"https:\/\/about.fb.com\/de\/wp-content\/uploads\/sites\/10\/2017\/01\/rf_fb_lernzentrum_opening-17.jpg?resize=1024,683\" \/>\n\t<meta property=\"og:image:width\" content=\"1024\" \/>\n\t<meta property=\"og:image:height\" content=\"683\" \/>\n\t<meta property=\"og:image:type\" content=\"image\/jpeg\" \/>\n<meta name=\"twitter:card\" content=\"summary_large_image\" \/>\n<meta name=\"twitter:label1\" content=\"Written by\" \/>\n\t<meta name=\"twitter:data1\" content=\"Meta\" \/>\n\t<meta name=\"twitter:label2\" content=\"Est. reading time\" \/>\n\t<meta name=\"twitter:data2\" content=\"2 Minuten\" \/>\n<script type=\"application\/ld+json\" class=\"yoast-schema-graph\">{\"@context\":\"https:\/\/schema.org\",\"@graph\":[{\"@type\":\"Article\",\"@id\":\"https:\/\/about.fb.com\/de\/news\/2017\/01\/eroeffnung-des-digitalen-lernzentrums-in-berlin\/#article\",\"isPartOf\":{\"@id\":\"https:\/\/about.fb.com\/de\/news\/2017\/01\/eroeffnung-des-digitalen-lernzentrums-in-berlin\/\"},\"author\":\"Facebook company\",\"headline\":\"Er\u00f6ffnung des Digitalen Lernzentrums in Berlin\",\"datePublished\":\"2017-01-18T12:06:13+00:00\",\"mainEntityOfPage\":{\"@id\":\"https:\/\/about.fb.com\/de\/news\/2017\/01\/eroeffnung-des-digitalen-lernzentrums-in-berlin\/\"},\"wordCount\":405,\"publisher\":{\"@id\":\"https:\/\/about.fb.com\/de\/#organization\"},\"image\":{\"@id\":\"https:\/\/about.fb.com\/de\/news\/2017\/01\/eroeffnung-des-digitalen-lernzentrums-in-berlin\/#primaryimage\"},\"thumbnailUrl\":\"https:\/\/about.fb.com\/de\/wp-content\/uploads\/sites\/10\/2017\/01\/rf_fb_lernzentrum_opening-17.jpg?fit=4896%2C3264\",\"articleSection\":[\"Digitales Lernzentrum\"],\"inLanguage\":\"de-DE\"},{\"@type\":\"WebPage\",\"@id\":\"https:\/\/about.fb.com\/de\/news\/2017\/01\/eroeffnung-des-digitalen-lernzentrums-in-berlin\/\",\"url\":\"https:\/\/about.fb.com\/de\/news\/2017\/01\/eroeffnung-des-digitalen-lernzentrums-in-berlin\/\",\"name\":\"Er\u00f6ffnung des Digitalen Lernzentrums in Berlin | \u00dcber Meta\",\"isPartOf\":{\"@id\":\"https:\/\/about.fb.com\/de\/#website\"},\"primaryImageOfPage\":{\"@id\":\"https:\/\/about.fb.com\/de\/news\/2017\/01\/eroeffnung-des-digitalen-lernzentrums-in-berlin\/#primaryimage\"},\"image\":{\"@id\":\"https:\/\/about.fb.com\/de\/news\/2017\/01\/eroeffnung-des-digitalen-lernzentrums-in-berlin\/#primaryimage\"},\"thumbnailUrl\":\"https:\/\/about.fb.com\/de\/wp-content\/uploads\/sites\/10\/2017\/01\/rf_fb_lernzentrum_opening-17.jpg?fit=4896%2C3264\",\"datePublished\":\"2017-01-18T12:06:13+00:00\",\"breadcrumb\":{\"@id\":\"https:\/\/about.fb.com\/de\/news\/2017\/01\/eroeffnung-des-digitalen-lernzentrums-in-berlin\/#breadcrumb\"},\"inLanguage\":\"de-DE\",\"potentialAction\":[{\"@type\":\"ReadAction\",\"target\":[\"https:\/\/about.fb.com\/de\/news\/2017\/01\/eroeffnung-des-digitalen-lernzentrums-in-berlin\/\"]}],\"author\":\"\u00dcber Meta\"},{\"@type\":\"ImageObject\",\"inLanguage\":\"de-DE\",\"@id\":\"https:\/\/about.fb.com\/de\/news\/2017\/01\/eroeffnung-des-digitalen-lernzentrums-in-berlin\/#primaryimage\",\"url\":\"https:\/\/about.fb.com\/de\/wp-content\/uploads\/sites\/10\/2017\/01\/rf_fb_lernzentrum_opening-17.jpg?fit=4896%2C3264\",\"contentUrl\":\"https:\/\/about.fb.com\/de\/wp-content\/uploads\/sites\/10\/2017\/01\/rf_fb_lernzentrum_opening-17.jpg?fit=4896%2C3264\",\"width\":4896,\"height\":3264},{\"@type\":\"BreadcrumbList\",\"@id\":\"https:\/\/about.fb.com\/de\/news\/2017\/01\/eroeffnung-des-digitalen-lernzentrums-in-berlin\/#breadcrumb\",\"itemListElement\":[{\"@type\":\"ListItem\",\"position\":1,\"name\":\"Home\",\"item\":\"https:\/\/about.fb.com\/de\/\"},{\"@type\":\"ListItem\",\"position\":2,\"name\":\"Er\u00f6ffnung des Digitalen Lernzentrums in Berlin\"}]},{\"@type\":\"WebSite\",\"@id\":\"https:\/\/about.fb.com\/de\/#website\",\"url\":\"https:\/\/about.fb.com\/news\/\",\"name\":\"\u00dcber Meta\",\"description\":\"\",\"publisher\":{\"@id\":\"https:\/\/about.fb.com\/de\/#organization\"},\"potentialAction\":[{\"@type\":\"SearchAction\",\"target\":{\"@type\":\"EntryPoint\",\"urlTemplate\":\"https:\/\/about.fb.com\/de\/?s={search_term_string}\"},\"query-input\":{\"@type\":\"PropertyValueSpecification\",\"valueRequired\":true,\"valueName\":\"search_term_string\"}}],\"inLanguage\":\"de-DE\",\"alternateName\":[\"Meta Newsroom\",\"Meta\"]},{\"@type\":\"Organization\",\"@id\":\"https:\/\/about.fb.com\/de\/#organization\",\"name\":\"Meta\",\"url\":\"https:\/\/about.fb.com\/de\/\",\"logo\":{\"@type\":\"ImageObject\",\"inLanguage\":\"de-DE\",\"@id\":\"https:\/\/about.fb.com\/de\/#\/schema\/logo\/image\/\",\"url\":\"https:\/\/about.fb.com\/de\/wp-content\/uploads\/sites\/10\/2021\/10\/meta-social-16x9-1.jpg?fit=8000%2C4500\",\"contentUrl\":\"https:\/\/about.fb.com\/de\/wp-content\/uploads\/sites\/10\/2021\/10\/meta-social-16x9-1.jpg?fit=8000%2C4500\",\"width\":8000,\"height\":4500,\"caption\":\"Meta\"},\"image\":{\"@id\":\"https:\/\/about.fb.com\/de\/#\/schema\/logo\/image\/\"}}]}<\/script>\n<!-- \/ Yoast SEO plugin. -->","yoast_head_json":{"title":"Er\u00f6ffnung des Digitalen Lernzentrums in Berlin | \u00dcber Meta","robots":{"index":"index","follow":"follow","max-snippet":"max-snippet:-1","max-image-preview":"max-image-preview:large","max-video-preview":"max-video-preview:-1"},"canonical":"https:\/\/about.fb.com\/de\/news\/2017\/01\/eroeffnung-des-digitalen-lernzentrums-in-berlin\/","og_locale":"de_DE","og_type":"article","og_title":"Er\u00f6ffnung des Digitalen Lernzentrums in Berlin | \u00dcber Meta","og_description":"Am Montag er\u00f6ffnete Sheryl Sandberg, COO von Facebook, das Digitale Lernzentrum in Berlin. Direkt am Potsdamer Platz gelegen, soll das Lernzentrum k\u00fcnftig ein Ort sein, an dem digitale Kompetenzen an jene vermittelt werden, die sonst keinen direkten Zugang \u00a0zu solchen Angeboten haben. Neben Programmierunterricht steht die Vermittlung von Medienkompetenz im Fokus. Das Projekt wurde von Facebook ins Leben gerufen und als erste Partner konnten die ReDI School of Digital Integration, die HABA Digitalwerkstatt, der Verein Wege aus der Einsamkeit e.V. sowie das Projekt \u201eReporterfabrik\u201d von Correctiv\u00a0und Reporterforum gewonnen werden. \u201eWir glauben, dass Technologie Menschen zusammenbringen und einige der dr\u00e4ngendsten gesellschaftlichen Herausforderungen l\u00f6sen kann\u201c, sagte Sheryl Sandberg in ihrer Er\u00f6ffnungsrede. \u201eAus diesem Grund haben wir das\u00a0 Digitale Lernzentrum gegr\u00fcndet, ein Ort, an dem Menschen digitale Kompetenzen unterrichten und lernen k\u00f6nnen\u201c, so Sandberg weiter. Lokale Initiativen aus dem Raum Berlin k\u00f6nnen in den von Facebook bereitgestellten R\u00e4umlichkeiten Workshops f\u00fcr B\u00fcrgerinnen und B\u00fcrger gestalten, die sonst kaum Zugang zu solchen Angeboten haben \u2013\u00a0wie beispielsweise Gefl\u00fcchtete, Kinder oder \u00e4ltere Menschen. Programmiersprachen k\u00f6nnen erlernt werden, aber auch der richtige Umgang mit digitalen Medien sowie die reflektierte Nutzung von Medieninhalten. Auch dem Anschein nach simple F\u00e4higkeiten, wie die Bedienung eines Smartphones, sollen vermittelt werden. Sandberg betonte in diesem Zusammenhang: \u201eBildung ist alles \u2013 und die soziale Integration ist eine der wichtigsten Herausforderungen, mit denen wir konfrontiert sind.\u201c Auch Anne Kj\u00e6r Riechert, Mitgr\u00fcnderin und Gesch\u00e4ftsf\u00fchrerin der ReDI School of Digital Integration,\u00a0sieht die Chancen, die das Lernzentrum bietet: \u201eIch bin stolz, dass wir von Anfang an Teil dieses Projektes sein k\u00f6nnen, um Menschen zusammenzubringen und ich bin dankbar, dass wir endlich geeignete R\u00e4umlichkeiten unter einem Dach f\u00fcr unsere Workshops haben.\u201c \u201eDas Digitale Lernzentrum bietet Lerninhalte, die auf die Lebensrealit\u00e4t und die Herausforderungen der Zukunft abgestimmt sind\u201d, sagte Verena Pausder, Gesch\u00e4ftsf\u00fchrerin der HABA Digitalwerkstatt.\u00a0David Schraven, Gesch\u00e4ftsf\u00fchrer von\u00a0Correctiv, dem ersten non-profit Recherchezentrum in Deutschland, f\u00fcgt hinzu: \u201eWir sind froh, das Lernzentrum als einen von mehreren Orten f\u00fcr unsere Kurse nutzen zu k\u00f6nnen.&#8220; Gemeinsames Ziel der vier Partnerorganisationen und Facebook ist es, Menschen zu vernetzen, Medienkompetenz zu f\u00f6rdern und somit soziale und wirtschaftliche Perspektiven zu er\u00f6ffnen. Denn nur wer \u00fcber diese digitalen Kompetenzen verf\u00fcgt, kann die Gesellschaft von heute und morgen mitgestalten.","og_url":"https:\/\/about.fb.com\/de\/news\/2017\/01\/eroeffnung-des-digitalen-lernzentrums-in-berlin\/","og_site_name":"\u00dcber Meta","article_published_time":"2017-01-18T12:06:13+00:00","og_image":[{"width":1024,"height":683,"url":"https:\/\/about.fb.com\/de\/wp-content\/uploads\/sites\/10\/2017\/01\/rf_fb_lernzentrum_opening-17.jpg?resize=1024,683","type":"image\/jpeg"}],"twitter_card":"summary_large_image","twitter_misc":{"Written by":"Meta","Est. reading time":"2 Minuten"},"schema":{"@context":"https:\/\/schema.org","@graph":[{"@type":"Article","@id":"https:\/\/about.fb.com\/de\/news\/2017\/01\/eroeffnung-des-digitalen-lernzentrums-in-berlin\/#article","isPartOf":{"@id":"https:\/\/about.fb.com\/de\/news\/2017\/01\/eroeffnung-des-digitalen-lernzentrums-in-berlin\/"},"author":"Facebook company","headline":"Er\u00f6ffnung des Digitalen Lernzentrums in Berlin","datePublished":"2017-01-18T12:06:13+00:00","mainEntityOfPage":{"@id":"https:\/\/about.fb.com\/de\/news\/2017\/01\/eroeffnung-des-digitalen-lernzentrums-in-berlin\/"},"wordCount":405,"publisher":{"@id":"https:\/\/about.fb.com\/de\/#organization"},"image":{"@id":"https:\/\/about.fb.com\/de\/news\/2017\/01\/eroeffnung-des-digitalen-lernzentrums-in-berlin\/#primaryimage"},"thumbnailUrl":"https:\/\/about.fb.com\/de\/wp-content\/uploads\/sites\/10\/2017\/01\/rf_fb_lernzentrum_opening-17.jpg?fit=4896%2C3264","articleSection":["Digitales Lernzentrum"],"inLanguage":"de-DE"},{"@type":"WebPage","@id":"https:\/\/about.fb.com\/de\/news\/2017\/01\/eroeffnung-des-digitalen-lernzentrums-in-berlin\/","url":"https:\/\/about.fb.com\/de\/news\/2017\/01\/eroeffnung-des-digitalen-lernzentrums-in-berlin\/","name":"Er\u00f6ffnung des Digitalen Lernzentrums in Berlin | \u00dcber Meta","isPartOf":{"@id":"https:\/\/about.fb.com\/de\/#website"},"primaryImageOfPage":{"@id":"https:\/\/about.fb.com\/de\/news\/2017\/01\/eroeffnung-des-digitalen-lernzentrums-in-berlin\/#primaryimage"},"image":{"@id":"https:\/\/about.fb.com\/de\/news\/2017\/01\/eroeffnung-des-digitalen-lernzentrums-in-berlin\/#primaryimage"},"thumbnailUrl":"https:\/\/about.fb.com\/de\/wp-content\/uploads\/sites\/10\/2017\/01\/rf_fb_lernzentrum_opening-17.jpg?fit=4896%2C3264","datePublished":"2017-01-18T12:06:13+00:00","breadcrumb":{"@id":"https:\/\/about.fb.com\/de\/news\/2017\/01\/eroeffnung-des-digitalen-lernzentrums-in-berlin\/#breadcrumb"},"inLanguage":"de-DE","potentialAction":[{"@type":"ReadAction","target":["https:\/\/about.fb.com\/de\/news\/2017\/01\/eroeffnung-des-digitalen-lernzentrums-in-berlin\/"]}],"author":"\u00dcber Meta"},{"@type":"ImageObject","inLanguage":"de-DE","@id":"https:\/\/about.fb.com\/de\/news\/2017\/01\/eroeffnung-des-digitalen-lernzentrums-in-berlin\/#primaryimage","url":"https:\/\/about.fb.com\/de\/wp-content\/uploads\/sites\/10\/2017\/01\/rf_fb_lernzentrum_opening-17.jpg?fit=4896%2C3264","contentUrl":"https:\/\/about.fb.com\/de\/wp-content\/uploads\/sites\/10\/2017\/01\/rf_fb_lernzentrum_opening-17.jpg?fit=4896%2C3264","width":4896,"height":3264},{"@type":"BreadcrumbList","@id":"https:\/\/about.fb.com\/de\/news\/2017\/01\/eroeffnung-des-digitalen-lernzentrums-in-berlin\/#breadcrumb","itemListElement":[{"@type":"ListItem","position":1,"name":"Home","item":"https:\/\/about.fb.com\/de\/"},{"@type":"ListItem","position":2,"name":"Er\u00f6ffnung des Digitalen Lernzentrums in Berlin"}]},{"@type":"WebSite","@id":"https:\/\/about.fb.com\/de\/#website","url":"https:\/\/about.fb.com\/news\/","name":"\u00dcber Meta","description":"","publisher":{"@id":"https:\/\/about.fb.com\/de\/#organization"},"potentialAction":[{"@type":"SearchAction","target":{"@type":"EntryPoint","urlTemplate":"https:\/\/about.fb.com\/de\/?s={search_term_string}"},"query-input":{"@type":"PropertyValueSpecification","valueRequired":true,"valueName":"search_term_string"}}],"inLanguage":"de-DE","alternateName":["Meta Newsroom","Meta"]},{"@type":"Organization","@id":"https:\/\/about.fb.com\/de\/#organization","name":"Meta","url":"https:\/\/about.fb.com\/de\/","logo":{"@type":"ImageObject","inLanguage":"de-DE","@id":"https:\/\/about.fb.com\/de\/#\/schema\/logo\/image\/","url":"https:\/\/about.fb.com\/de\/wp-content\/uploads\/sites\/10\/2021\/10\/meta-social-16x9-1.jpg?fit=8000%2C4500","contentUrl":"https:\/\/about.fb.com\/de\/wp-content\/uploads\/sites\/10\/2021\/10\/meta-social-16x9-1.jpg?fit=8000%2C4500","width":8000,"height":4500,"caption":"Meta"},"image":{"@id":"https:\/\/about.fb.com\/de\/#\/schema\/logo\/image\/"}}]}},"jetpack_featured_media_url":"https:\/\/about.fb.com\/de\/wp-content\/uploads\/sites\/10\/2017\/01\/rf_fb_lernzentrum_opening-17.jpg?fit=4896%2C3264","jetpack-related-posts":[],"jetpack_sharing_enabled":true,"amp_enabled":true,"_links":{"self":[{"href":"https:\/\/about.fb.com\/de\/wp-json\/wp\/v2\/posts\/8117","targetHints":{"allow":["GET"]}}],"collection":[{"href":"https:\/\/about.fb.com\/de\/wp-json\/wp\/v2\/posts"}],"about":[{"href":"https:\/\/about.fb.com\/de\/wp-json\/wp\/v2\/types\/post"}],"author":[{"embeddable":true,"href":"https:\/\/about.fb.com\/de\/wp-json\/wp\/v2\/users\/75217639"}],"replies":[{"embeddable":true,"href":"https:\/\/about.fb.com\/de\/wp-json\/wp\/v2\/comments?post=8117"}],"version-history":[{"count":0,"href":"https:\/\/about.fb.com\/de\/wp-json\/wp\/v2\/posts\/8117\/revisions"}],"wp:featuredmedia":[{"embeddable":true,"href":"https:\/\/about.fb.com\/de\/wp-json\/wp\/v2\/media\/8124"}],"wp:attachment":[{"href":"https:\/\/about.fb.com\/de\/wp-json\/wp\/v2\/media?parent=8117"}],"wp:term":[{"taxonomy":"category","embeddable":true,"href":"https:\/\/about.fb.com\/de\/wp-json\/wp\/v2\/categories?post=8117"},{"taxonomy":"post_tag","embeddable":true,"href":"https:\/\/about.fb.com\/de\/wp-json\/wp\/v2\/tags?post=8117"}],"curies":[{"name":"wp","href":"https:\/\/api.w.org\/{rel}","templated":true}]}}