{"id":5406,"date":"2016-06-14T13:49:33","date_gmt":"2016-06-14T13:49:33","guid":{"rendered":"http:\/\/de.newsroom.fb.com\/?p=5406"},"modified":"2016-06-14T13:49:33","modified_gmt":"2016-06-14T13:49:33","slug":"facebook-erweitert-hilfe-bei-suizidgefahr","status":"publish","type":"post","link":"https:\/\/about.fb.com\/de\/news\/2016\/06\/facebook-erweitert-hilfe-bei-suizidgefahr\/","title":{"rendered":"Facebook erweitert Hilfe bei Suizidgefahr"},"content":{"rendered":"<p>Heute aktualisieren wir weltweit die Ressourcen f\u00fcr Menschen mit Selbstverletzungs- und Suizidgedanken, sowie die Unterst\u00fctzung, die wir ihren besorgten Freunden und Familienmitgliedern bieten. Diese Tools wurden in Zusammenarbeit mit Gesundheitsorganisationen und mit Unterst\u00fctzung von Personen, die selbst Erfahrung mit Selbstverletzungs- und Suizidgedanken haben, entwickelt. Zusammen mit Forefront, Lifeline und Safe.org hatten wir sie zun\u00e4chst in den USA vorgestellt. Heute f\u00fchren wir diese Funktionen zusammen mit lokalen Partnern in allen auf Facebook verf\u00fcgbaren Sprachen weltweit ein.<\/p>\n<p>Wenn jemand auf Facebook einen Beitrag teilt, der dich in Sorge um dessen Zustand versetzt, kannst du ihn mithilfe der neuen Tools entweder direkt kontaktieren oder den Post an uns melden. Unsere Teams bearbeiten die eingehenden Meldungen weltweit rund um die Uhr. Sie priorisieren die Meldungen, geben den schwerwiegendsten wie zum Beispiel Selbstverletzung Vorrang und bieten den Betroffenen dann entsprechend Hilfe und Ressourcen an.<\/p>\n<p>Ab heute erhalten Menschen, die besorgniserregende Inhalte teilen, zus\u00e4tzliche Optionen:<\/p>\n<p><img data-recalc-dims=\"1\" loading=\"lazy\" decoding=\"async\" class=\"aligncenter size-full wp-image-5407\" src=\"https:\/\/about-fb-preprod.go-vip.net\/de\/wp-content\/uploads\/sites\/4\/2016\/06\/auswahl-hilfemc3b6glichkeiten-1.jpg?resize=960%2C729\" alt=\"Auswahl Hilfem\u00f6glichkeiten\" width=\"960\" height=\"729\" \/><\/p>\n<p>Sie k\u00f6nnen nun ausw\u00e4hlen,ob sie einen Freund kontaktieren, sich an eine Hilfe-Hotline wenden oder Tipps erhalten wollen.<\/p>\n<p><img data-recalc-dims=\"1\" loading=\"lazy\" decoding=\"async\" class=\"aligncenter size-full wp-image-5408\" src=\"https:\/\/about-fb-preprod.go-vip.net\/de\/wp-content\/uploads\/sites\/4\/2016\/06\/auswahl-kontaktmc3b6glichkeiten-1.jpg?resize=460%2C367\" alt=\"Auswahl Kontaktm\u00f6glichkeiten\" width=\"460\" height=\"367\" \/><\/p>\n<p>Wenn du jemanden kennst, der gerade in einer pers\u00f6nlichen Krise steckt, ist es wichtig, sofort den \u00f6rtlichen Notruf zu w\u00e4hlen. Informationen dazu, wie du dir selbst oder einem Freund helfen kannst, findest du <a href=\"https:\/\/www.facebook.com\/help\/594991777257121\/\">hier<\/a> in unserem Hilfebereich.<\/p>\n<p><em>Antigone Davis, Global Head of Safety und Vanessa Callison-Burch, Product Manager<\/em><\/p>\n<p><span class=\"st\"><em>\u00a0<\/em><\/span><\/p>\n","protected":false},"excerpt":{"rendered":"Heute aktualisieren wir weltweit die Ressourcen f\u00fcr Menschen mit Selbstverletzungs- und Suizidgedanken, sowie die Unterst\u00fctzung, die wir ihren besorgten Freunden und Familienmitgliedern bieten. Diese Tools wurden in Zusammenarbeit mit Gesundheitsorganisationen und mit Unterst\u00fctzung von Personen, die selbst Erfahrung mit Selbstverletzungs- und Suizidgedanken haben, entwickelt. Zusammen mit Forefront, Lifeline und Safe.org hatten wir sie zun\u00e4chst in den USA vorgestellt. Heute f\u00fchren wir diese Funktionen zusammen mit lokalen Partnern in allen auf Facebook verf\u00fcgbaren Sprachen weltweit ein. Wenn jemand auf Facebook einen Beitrag teilt, der dich in Sorge um dessen Zustand versetzt, kannst du ihn mithilfe der neuen Tools entweder direkt kontaktieren oder den Post an uns melden. Unsere Teams bearbeiten die eingehenden Meldungen weltweit rund um die Uhr. Sie priorisieren die Meldungen, geben den schwerwiegendsten wie zum Beispiel Selbstverletzung Vorrang und bieten den Betroffenen dann entsprechend Hilfe und Ressourcen an. Ab heute erhalten Menschen, die besorgniserregende Inhalte teilen, zus\u00e4tzliche Optionen: Sie k\u00f6nnen nun ausw\u00e4hlen,ob sie einen Freund kontaktieren, sich an eine Hilfe-Hotline wenden oder Tipps erhalten wollen. Wenn du jemanden kennst, der gerade in einer pers\u00f6nlichen Krise steckt, ist es wichtig, sofort den \u00f6rtlichen Notruf zu w\u00e4hlen. Informationen dazu, wie du dir selbst oder einem Freund helfen kannst, findest du hier in unserem Hilfebereich. Antigone Davis, Global Head of Safety und Vanessa Callison-Burch, Product Manager \u00a0","protected":false},"author":75217639,"featured_media":0,"comment_status":"closed","ping_status":"closed","sticky":false,"template":"","format":"standard","meta":{"_jetpack_memberships_contains_paid_content":false,"footnotes":""},"categories":[243889734,30697048],"tags":[],"class_list":["post-5406","post","type-post","status-publish","format-standard","hentry","category-produktnachrichten","category-unternehmensmeldungen"],"yoast_head":"<!-- This site is optimized with the Yoast SEO plugin v27.2 - https:\/\/yoast.com\/product\/yoast-seo-wordpress\/ -->\n<title>Facebook erweitert Hilfe bei Suizidgefahr | \u00dcber Meta<\/title>\n<meta name=\"robots\" content=\"index, follow, max-snippet:-1, max-image-preview:large, max-video-preview:-1\" \/>\n<link rel=\"canonical\" href=\"https:\/\/about.fb.com\/de\/news\/2016\/06\/facebook-erweitert-hilfe-bei-suizidgefahr\/\" \/>\n<meta property=\"og:locale\" content=\"de_DE\" \/>\n<meta property=\"og:type\" content=\"article\" \/>\n<meta property=\"og:title\" content=\"Facebook erweitert Hilfe bei Suizidgefahr | \u00dcber Meta\" \/>\n<meta property=\"og:description\" content=\"Heute aktualisieren wir weltweit die Ressourcen f\u00fcr Menschen mit Selbstverletzungs- und Suizidgedanken, sowie die Unterst\u00fctzung, die wir ihren besorgten Freunden und Familienmitgliedern bieten. Diese Tools wurden in Zusammenarbeit mit Gesundheitsorganisationen und mit Unterst\u00fctzung von Personen, die selbst Erfahrung mit Selbstverletzungs- und Suizidgedanken haben, entwickelt. Zusammen mit Forefront, Lifeline und Safe.org hatten wir sie zun\u00e4chst in den USA vorgestellt. Heute f\u00fchren wir diese Funktionen zusammen mit lokalen Partnern in allen auf Facebook verf\u00fcgbaren Sprachen weltweit ein. Wenn jemand auf Facebook einen Beitrag teilt, der dich in Sorge um dessen Zustand versetzt, kannst du ihn mithilfe der neuen Tools entweder direkt kontaktieren oder den Post an uns melden. Unsere Teams bearbeiten die eingehenden Meldungen weltweit rund um die Uhr. Sie priorisieren die Meldungen, geben den schwerwiegendsten wie zum Beispiel Selbstverletzung Vorrang und bieten den Betroffenen dann entsprechend Hilfe und Ressourcen an. Ab heute erhalten Menschen, die besorgniserregende Inhalte teilen, zus\u00e4tzliche Optionen: Sie k\u00f6nnen nun ausw\u00e4hlen,ob sie einen Freund kontaktieren, sich an eine Hilfe-Hotline wenden oder Tipps erhalten wollen. Wenn du jemanden kennst, der gerade in einer pers\u00f6nlichen Krise steckt, ist es wichtig, sofort den \u00f6rtlichen Notruf zu w\u00e4hlen. Informationen dazu, wie du dir selbst oder einem Freund helfen kannst, findest du hier in unserem Hilfebereich. Antigone Davis, Global Head of Safety und Vanessa Callison-Burch, Product Manager \u00a0\" \/>\n<meta property=\"og:url\" content=\"https:\/\/about.fb.com\/de\/news\/2016\/06\/facebook-erweitert-hilfe-bei-suizidgefahr\/\" \/>\n<meta property=\"og:site_name\" content=\"\u00dcber Meta\" \/>\n<meta property=\"article:published_time\" content=\"2016-06-14T13:49:33+00:00\" \/>\n<meta property=\"og:image\" content=\"https:\/\/about-fb-preprod.go-vip.net\/de\/wp-content\/uploads\/sites\/4\/2016\/06\/auswahl-hilfemc3b6glichkeiten-1.jpg\" \/>\n<meta name=\"twitter:card\" content=\"summary_large_image\" \/>\n<meta name=\"twitter:label1\" content=\"Written by\" \/>\n\t<meta name=\"twitter:data1\" content=\"Meta\" \/>\n\t<meta name=\"twitter:label2\" content=\"Est. reading time\" \/>\n\t<meta name=\"twitter:data2\" content=\"1 Minute\" \/>\n<script type=\"application\/ld+json\" class=\"yoast-schema-graph\">{\"@context\":\"https:\/\/schema.org\",\"@graph\":[{\"@type\":\"Article\",\"@id\":\"https:\/\/about.fb.com\/de\/news\/2016\/06\/facebook-erweitert-hilfe-bei-suizidgefahr\/#article\",\"isPartOf\":{\"@id\":\"https:\/\/about.fb.com\/de\/news\/2016\/06\/facebook-erweitert-hilfe-bei-suizidgefahr\/\"},\"author\":\"Facebook company\",\"headline\":\"Facebook erweitert Hilfe bei Suizidgefahr\",\"datePublished\":\"2016-06-14T13:49:33+00:00\",\"mainEntityOfPage\":{\"@id\":\"https:\/\/about.fb.com\/de\/news\/2016\/06\/facebook-erweitert-hilfe-bei-suizidgefahr\/\"},\"wordCount\":232,\"publisher\":{\"@id\":\"https:\/\/about.fb.com\/de\/#organization\"},\"image\":{\"@id\":\"https:\/\/about.fb.com\/de\/news\/2016\/06\/facebook-erweitert-hilfe-bei-suizidgefahr\/#primaryimage\"},\"thumbnailUrl\":\"https:\/\/about-fb-preprod.go-vip.net\/de\/wp-content\/uploads\/sites\/4\/2016\/06\/auswahl-hilfemc3b6glichkeiten-1.jpg\",\"articleSection\":[\"Produktnachrichten\",\"Unternehmensmeldungen\"],\"inLanguage\":\"de-DE\"},{\"@type\":\"WebPage\",\"@id\":\"https:\/\/about.fb.com\/de\/news\/2016\/06\/facebook-erweitert-hilfe-bei-suizidgefahr\/\",\"url\":\"https:\/\/about.fb.com\/de\/news\/2016\/06\/facebook-erweitert-hilfe-bei-suizidgefahr\/\",\"name\":\"Facebook erweitert Hilfe bei Suizidgefahr | \u00dcber Meta\",\"isPartOf\":{\"@id\":\"https:\/\/about.fb.com\/de\/#website\"},\"primaryImageOfPage\":{\"@id\":\"https:\/\/about.fb.com\/de\/news\/2016\/06\/facebook-erweitert-hilfe-bei-suizidgefahr\/#primaryimage\"},\"image\":{\"@id\":\"https:\/\/about.fb.com\/de\/news\/2016\/06\/facebook-erweitert-hilfe-bei-suizidgefahr\/#primaryimage\"},\"thumbnailUrl\":\"https:\/\/about-fb-preprod.go-vip.net\/de\/wp-content\/uploads\/sites\/4\/2016\/06\/auswahl-hilfemc3b6glichkeiten-1.jpg\",\"datePublished\":\"2016-06-14T13:49:33+00:00\",\"breadcrumb\":{\"@id\":\"https:\/\/about.fb.com\/de\/news\/2016\/06\/facebook-erweitert-hilfe-bei-suizidgefahr\/#breadcrumb\"},\"inLanguage\":\"de-DE\",\"potentialAction\":[{\"@type\":\"ReadAction\",\"target\":[\"https:\/\/about.fb.com\/de\/news\/2016\/06\/facebook-erweitert-hilfe-bei-suizidgefahr\/\"]}],\"author\":\"\u00dcber Meta\"},{\"@type\":\"ImageObject\",\"inLanguage\":\"de-DE\",\"@id\":\"https:\/\/about.fb.com\/de\/news\/2016\/06\/facebook-erweitert-hilfe-bei-suizidgefahr\/#primaryimage\",\"url\":\"https:\/\/about-fb-preprod.go-vip.net\/de\/wp-content\/uploads\/sites\/4\/2016\/06\/auswahl-hilfemc3b6glichkeiten-1.jpg\",\"contentUrl\":\"https:\/\/about-fb-preprod.go-vip.net\/de\/wp-content\/uploads\/sites\/4\/2016\/06\/auswahl-hilfemc3b6glichkeiten-1.jpg\"},{\"@type\":\"BreadcrumbList\",\"@id\":\"https:\/\/about.fb.com\/de\/news\/2016\/06\/facebook-erweitert-hilfe-bei-suizidgefahr\/#breadcrumb\",\"itemListElement\":[{\"@type\":\"ListItem\",\"position\":1,\"name\":\"Home\",\"item\":\"https:\/\/about.fb.com\/de\/\"},{\"@type\":\"ListItem\",\"position\":2,\"name\":\"Facebook erweitert Hilfe bei Suizidgefahr\"}]},{\"@type\":\"WebSite\",\"@id\":\"https:\/\/about.fb.com\/de\/#website\",\"url\":\"https:\/\/about.fb.com\/news\/\",\"name\":\"\u00dcber Meta\",\"description\":\"\",\"publisher\":{\"@id\":\"https:\/\/about.fb.com\/de\/#organization\"},\"potentialAction\":[{\"@type\":\"SearchAction\",\"target\":{\"@type\":\"EntryPoint\",\"urlTemplate\":\"https:\/\/about.fb.com\/de\/?s={search_term_string}\"},\"query-input\":{\"@type\":\"PropertyValueSpecification\",\"valueRequired\":true,\"valueName\":\"search_term_string\"}}],\"inLanguage\":\"de-DE\",\"alternateName\":[\"Meta Newsroom\",\"Meta\"]},{\"@type\":\"Organization\",\"@id\":\"https:\/\/about.fb.com\/de\/#organization\",\"name\":\"Meta\",\"url\":\"https:\/\/about.fb.com\/de\/\",\"logo\":{\"@type\":\"ImageObject\",\"inLanguage\":\"de-DE\",\"@id\":\"https:\/\/about.fb.com\/de\/#\/schema\/logo\/image\/\",\"url\":\"https:\/\/about.fb.com\/de\/wp-content\/uploads\/sites\/10\/2021\/10\/meta-social-16x9-1.jpg?fit=8000%2C4500\",\"contentUrl\":\"https:\/\/about.fb.com\/de\/wp-content\/uploads\/sites\/10\/2021\/10\/meta-social-16x9-1.jpg?fit=8000%2C4500\",\"width\":8000,\"height\":4500,\"caption\":\"Meta\"},\"image\":{\"@id\":\"https:\/\/about.fb.com\/de\/#\/schema\/logo\/image\/\"}}]}<\/script>\n<!-- \/ Yoast SEO plugin. -->","yoast_head_json":{"title":"Facebook erweitert Hilfe bei Suizidgefahr | \u00dcber Meta","robots":{"index":"index","follow":"follow","max-snippet":"max-snippet:-1","max-image-preview":"max-image-preview:large","max-video-preview":"max-video-preview:-1"},"canonical":"https:\/\/about.fb.com\/de\/news\/2016\/06\/facebook-erweitert-hilfe-bei-suizidgefahr\/","og_locale":"de_DE","og_type":"article","og_title":"Facebook erweitert Hilfe bei Suizidgefahr | \u00dcber Meta","og_description":"Heute aktualisieren wir weltweit die Ressourcen f\u00fcr Menschen mit Selbstverletzungs- und Suizidgedanken, sowie die Unterst\u00fctzung, die wir ihren besorgten Freunden und Familienmitgliedern bieten. Diese Tools wurden in Zusammenarbeit mit Gesundheitsorganisationen und mit Unterst\u00fctzung von Personen, die selbst Erfahrung mit Selbstverletzungs- und Suizidgedanken haben, entwickelt. Zusammen mit Forefront, Lifeline und Safe.org hatten wir sie zun\u00e4chst in den USA vorgestellt. Heute f\u00fchren wir diese Funktionen zusammen mit lokalen Partnern in allen auf Facebook verf\u00fcgbaren Sprachen weltweit ein. Wenn jemand auf Facebook einen Beitrag teilt, der dich in Sorge um dessen Zustand versetzt, kannst du ihn mithilfe der neuen Tools entweder direkt kontaktieren oder den Post an uns melden. Unsere Teams bearbeiten die eingehenden Meldungen weltweit rund um die Uhr. Sie priorisieren die Meldungen, geben den schwerwiegendsten wie zum Beispiel Selbstverletzung Vorrang und bieten den Betroffenen dann entsprechend Hilfe und Ressourcen an. Ab heute erhalten Menschen, die besorgniserregende Inhalte teilen, zus\u00e4tzliche Optionen: Sie k\u00f6nnen nun ausw\u00e4hlen,ob sie einen Freund kontaktieren, sich an eine Hilfe-Hotline wenden oder Tipps erhalten wollen. Wenn du jemanden kennst, der gerade in einer pers\u00f6nlichen Krise steckt, ist es wichtig, sofort den \u00f6rtlichen Notruf zu w\u00e4hlen. Informationen dazu, wie du dir selbst oder einem Freund helfen kannst, findest du hier in unserem Hilfebereich. Antigone Davis, Global Head of Safety und Vanessa Callison-Burch, Product Manager \u00a0","og_url":"https:\/\/about.fb.com\/de\/news\/2016\/06\/facebook-erweitert-hilfe-bei-suizidgefahr\/","og_site_name":"\u00dcber Meta","article_published_time":"2016-06-14T13:49:33+00:00","og_image":[{"url":"https:\/\/about-fb-preprod.go-vip.net\/de\/wp-content\/uploads\/sites\/4\/2016\/06\/auswahl-hilfemc3b6glichkeiten-1.jpg","type":"","width":"","height":""}],"twitter_card":"summary_large_image","twitter_misc":{"Written by":"Meta","Est. reading time":"1 Minute"},"schema":{"@context":"https:\/\/schema.org","@graph":[{"@type":"Article","@id":"https:\/\/about.fb.com\/de\/news\/2016\/06\/facebook-erweitert-hilfe-bei-suizidgefahr\/#article","isPartOf":{"@id":"https:\/\/about.fb.com\/de\/news\/2016\/06\/facebook-erweitert-hilfe-bei-suizidgefahr\/"},"author":"Facebook company","headline":"Facebook erweitert Hilfe bei Suizidgefahr","datePublished":"2016-06-14T13:49:33+00:00","mainEntityOfPage":{"@id":"https:\/\/about.fb.com\/de\/news\/2016\/06\/facebook-erweitert-hilfe-bei-suizidgefahr\/"},"wordCount":232,"publisher":{"@id":"https:\/\/about.fb.com\/de\/#organization"},"image":{"@id":"https:\/\/about.fb.com\/de\/news\/2016\/06\/facebook-erweitert-hilfe-bei-suizidgefahr\/#primaryimage"},"thumbnailUrl":"https:\/\/about-fb-preprod.go-vip.net\/de\/wp-content\/uploads\/sites\/4\/2016\/06\/auswahl-hilfemc3b6glichkeiten-1.jpg","articleSection":["Produktnachrichten","Unternehmensmeldungen"],"inLanguage":"de-DE"},{"@type":"WebPage","@id":"https:\/\/about.fb.com\/de\/news\/2016\/06\/facebook-erweitert-hilfe-bei-suizidgefahr\/","url":"https:\/\/about.fb.com\/de\/news\/2016\/06\/facebook-erweitert-hilfe-bei-suizidgefahr\/","name":"Facebook erweitert Hilfe bei Suizidgefahr | \u00dcber Meta","isPartOf":{"@id":"https:\/\/about.fb.com\/de\/#website"},"primaryImageOfPage":{"@id":"https:\/\/about.fb.com\/de\/news\/2016\/06\/facebook-erweitert-hilfe-bei-suizidgefahr\/#primaryimage"},"image":{"@id":"https:\/\/about.fb.com\/de\/news\/2016\/06\/facebook-erweitert-hilfe-bei-suizidgefahr\/#primaryimage"},"thumbnailUrl":"https:\/\/about-fb-preprod.go-vip.net\/de\/wp-content\/uploads\/sites\/4\/2016\/06\/auswahl-hilfemc3b6glichkeiten-1.jpg","datePublished":"2016-06-14T13:49:33+00:00","breadcrumb":{"@id":"https:\/\/about.fb.com\/de\/news\/2016\/06\/facebook-erweitert-hilfe-bei-suizidgefahr\/#breadcrumb"},"inLanguage":"de-DE","potentialAction":[{"@type":"ReadAction","target":["https:\/\/about.fb.com\/de\/news\/2016\/06\/facebook-erweitert-hilfe-bei-suizidgefahr\/"]}],"author":"\u00dcber Meta"},{"@type":"ImageObject","inLanguage":"de-DE","@id":"https:\/\/about.fb.com\/de\/news\/2016\/06\/facebook-erweitert-hilfe-bei-suizidgefahr\/#primaryimage","url":"https:\/\/about-fb-preprod.go-vip.net\/de\/wp-content\/uploads\/sites\/4\/2016\/06\/auswahl-hilfemc3b6glichkeiten-1.jpg","contentUrl":"https:\/\/about-fb-preprod.go-vip.net\/de\/wp-content\/uploads\/sites\/4\/2016\/06\/auswahl-hilfemc3b6glichkeiten-1.jpg"},{"@type":"BreadcrumbList","@id":"https:\/\/about.fb.com\/de\/news\/2016\/06\/facebook-erweitert-hilfe-bei-suizidgefahr\/#breadcrumb","itemListElement":[{"@type":"ListItem","position":1,"name":"Home","item":"https:\/\/about.fb.com\/de\/"},{"@type":"ListItem","position":2,"name":"Facebook erweitert Hilfe bei Suizidgefahr"}]},{"@type":"WebSite","@id":"https:\/\/about.fb.com\/de\/#website","url":"https:\/\/about.fb.com\/news\/","name":"\u00dcber Meta","description":"","publisher":{"@id":"https:\/\/about.fb.com\/de\/#organization"},"potentialAction":[{"@type":"SearchAction","target":{"@type":"EntryPoint","urlTemplate":"https:\/\/about.fb.com\/de\/?s={search_term_string}"},"query-input":{"@type":"PropertyValueSpecification","valueRequired":true,"valueName":"search_term_string"}}],"inLanguage":"de-DE","alternateName":["Meta Newsroom","Meta"]},{"@type":"Organization","@id":"https:\/\/about.fb.com\/de\/#organization","name":"Meta","url":"https:\/\/about.fb.com\/de\/","logo":{"@type":"ImageObject","inLanguage":"de-DE","@id":"https:\/\/about.fb.com\/de\/#\/schema\/logo\/image\/","url":"https:\/\/about.fb.com\/de\/wp-content\/uploads\/sites\/10\/2021\/10\/meta-social-16x9-1.jpg?fit=8000%2C4500","contentUrl":"https:\/\/about.fb.com\/de\/wp-content\/uploads\/sites\/10\/2021\/10\/meta-social-16x9-1.jpg?fit=8000%2C4500","width":8000,"height":4500,"caption":"Meta"},"image":{"@id":"https:\/\/about.fb.com\/de\/#\/schema\/logo\/image\/"}}]}},"jetpack_featured_media_url":"","jetpack-related-posts":[],"jetpack_sharing_enabled":true,"amp_enabled":true,"_links":{"self":[{"href":"https:\/\/about.fb.com\/de\/wp-json\/wp\/v2\/posts\/5406","targetHints":{"allow":["GET"]}}],"collection":[{"href":"https:\/\/about.fb.com\/de\/wp-json\/wp\/v2\/posts"}],"about":[{"href":"https:\/\/about.fb.com\/de\/wp-json\/wp\/v2\/types\/post"}],"author":[{"embeddable":true,"href":"https:\/\/about.fb.com\/de\/wp-json\/wp\/v2\/users\/75217639"}],"replies":[{"embeddable":true,"href":"https:\/\/about.fb.com\/de\/wp-json\/wp\/v2\/comments?post=5406"}],"version-history":[{"count":0,"href":"https:\/\/about.fb.com\/de\/wp-json\/wp\/v2\/posts\/5406\/revisions"}],"wp:attachment":[{"href":"https:\/\/about.fb.com\/de\/wp-json\/wp\/v2\/media?parent=5406"}],"wp:term":[{"taxonomy":"category","embeddable":true,"href":"https:\/\/about.fb.com\/de\/wp-json\/wp\/v2\/categories?post=5406"},{"taxonomy":"post_tag","embeddable":true,"href":"https:\/\/about.fb.com\/de\/wp-json\/wp\/v2\/tags?post=5406"}],"curies":[{"name":"wp","href":"https:\/\/api.w.org\/{rel}","templated":true}]}}