{"id":3287,"date":"2015-03-24T18:05:01","date_gmt":"2015-03-24T18:05:01","guid":{"rendered":"http:\/\/de.newsroom.fb.com\/?p=3287"},"modified":"2015-03-24T18:05:01","modified_gmt":"2015-03-24T18:05:01","slug":"an-diesem-tag-eine-neue-art-auf-fotos-und-erinnerungen-auf-facebook-zuruckzublicken","status":"publish","type":"post","link":"https:\/\/about.fb.com\/de\/news\/2015\/03\/an-diesem-tag-eine-neue-art-auf-fotos-und-erinnerungen-auf-facebook-zuruckzublicken\/","title":{"rendered":"\u201eAn diesem Tag\u201c: Eine neue Art, auf Fotos und Erinnerungen auf Facebook zur\u00fcckzublicken"},"content":{"rendered":"<p><em>Von <\/em><a href=\"https:\/\/www.facebook.com\/jonathangheller?fref=ts&amp;ref=br_tf\"><em>Jonathan Gheller<\/em><\/a><em>, Produktmanager<\/em><\/p>\n<p>Alte Bilder anschauen und dabei in Erinnerungen schwelgen &#8211; wer macht das nicht gern? Mit \u201eAn diesem Tag\u201c bietet Facebook nun die M\u00f6glichkeit, auf besondere Momente zur\u00fcckzublicken, die auf Facebook mit Freunden und der Familie geteilt wurden.<\/p>\n<p>Dies k\u00f6nnen eigens geteilte Inhalte sowie Beitr\u00e4ge, in denen Du markiert wurdest, sein. Nur Du selbst kannst Deine pers\u00f6nliche \u201eAn diesem Tag\u201c-Seite sehen.<\/p>\n<p>Mit \u201eAn diesem Tag\u201c sehen Menschen, passend zu jedem Tag, Inhalte aus der Vergangenheit. Das k\u00f6nnen geteilte Status-Updates und Fotos, aber auch Beitr\u00e4ge von Freunden und andere Dinge, in denen Du markiert wurdest, sein. Diese k\u00f6nnen ein Jahr, zwei Jahre oder noch \u00e4lter sein. Nur Du wirst diese Inhalte sehen k\u00f6nnen \u2013 es sei denn, Du teilst sie mit Deinen Freunden. Beim Teilen werden die urspr\u00fcnglich getroffenen Privatsph\u00e4re-Einstellungen beibehalten, k\u00f6nnen aber auch nachtr\u00e4glich ge\u00e4ndert werden.<\/p>\n<p><img data-recalc-dims=\"1\" loading=\"lazy\" decoding=\"async\" class=\"aligncenter size-large wp-image-3288\" src=\"https:\/\/about-fb-preprod.go-vip.net\/de\/wp-content\/uploads\/sites\/4\/2015\/03\/onthisday1_screenshot-1.png?resize=660%2C526\" alt=\"OnThisDay1_Screenshot\" width=\"660\" height=\"526\" \/><\/p>\n<p>Wenn Du Deine \u201eAn diesem Tag\u201c-Seite anzeigen m\u00f6chtest, kannst Du sie \u00fcber das Lesezeichen auf der linken Seite des News Feeds erreichen. Alternativ kannst Du auch nach \u201eAn diesem Tag\u201c suchen oder <a title=\"An diesem Tag\" href=\"http:\/\/facebook.com\/onthisday\">facebook.com\/onthisday<\/a> besuchen. Au\u00dferdem kann eine Meldung im pers\u00f6nlichen News Feed erscheinen.<\/p>\n<p>Auf der Seite k\u00f6nnen Benachrichtigungen abonniert werden, sodass Du \u00fcber Erinnerungen informiert wirst, auf die Du zur\u00fcckblicken kannst. Es ist zus\u00e4tzlich m\u00f6glich, Beitr\u00e4ge zu bearbeiten, zu l\u00f6schen oder mit Freunden zu teilen.<\/p>\n<p>\u201eAn diesem Tag\u201c wird in den n\u00e4chsten Tagen weltweit Menschen zur Verf\u00fcgung stehen, sowohl auf Desktop als auch auf mobilen Endger\u00e4ten. Mehr Informationen findest Du im <a title=\"Hilfebereich\" href=\"https:\/\/www.facebook.com\/help\/439014052921484\" target=\"_blank\" rel=\"noopener noreferrer\">Hilfebereich<\/a>.<\/p>\n<p><img data-recalc-dims=\"1\" loading=\"lazy\" decoding=\"async\" class=\"aligncenter size-large wp-image-3289\" src=\"https:\/\/about-fb-preprod.go-vip.net\/de\/wp-content\/uploads\/sites\/4\/2015\/03\/onthisday2_screenshot-1.png?resize=660%2C541\" alt=\"OnThisDay2_Screenshot\" width=\"660\" height=\"541\" \/><\/p>\n","protected":false},"excerpt":{"rendered":"Von Jonathan Gheller, Produktmanager Alte Bilder anschauen und dabei in Erinnerungen schwelgen &#8211; wer macht das nicht gern? Mit \u201eAn diesem Tag\u201c bietet Facebook nun die M\u00f6glichkeit, auf besondere Momente zur\u00fcckzublicken, die auf Facebook mit Freunden und der Familie geteilt wurden. Dies k\u00f6nnen eigens geteilte Inhalte sowie Beitr\u00e4ge, in denen Du markiert wurdest, sein. Nur Du selbst kannst Deine pers\u00f6nliche \u201eAn diesem Tag\u201c-Seite sehen. Mit \u201eAn diesem Tag\u201c sehen Menschen, passend zu jedem Tag, Inhalte aus der Vergangenheit. Das k\u00f6nnen geteilte Status-Updates und Fotos, aber auch Beitr\u00e4ge von Freunden und andere Dinge, in denen Du markiert wurdest, sein. Diese k\u00f6nnen ein Jahr, zwei Jahre oder noch \u00e4lter sein. Nur Du wirst diese Inhalte sehen k\u00f6nnen \u2013 es sei denn, Du teilst sie mit Deinen Freunden. Beim Teilen werden die urspr\u00fcnglich getroffenen Privatsph\u00e4re-Einstellungen beibehalten, k\u00f6nnen aber auch nachtr\u00e4glich ge\u00e4ndert werden. Wenn Du Deine \u201eAn diesem Tag\u201c-Seite anzeigen m\u00f6chtest, kannst Du sie \u00fcber das Lesezeichen auf der linken Seite des News Feeds erreichen. Alternativ kannst Du auch nach \u201eAn diesem Tag\u201c suchen oder facebook.com\/onthisday besuchen. Au\u00dferdem kann eine Meldung im pers\u00f6nlichen News Feed erscheinen. Auf der Seite k\u00f6nnen Benachrichtigungen abonniert werden, sodass Du \u00fcber Erinnerungen informiert wirst, auf die Du zur\u00fcckblicken kannst. Es ist zus\u00e4tzlich m\u00f6glich, Beitr\u00e4ge zu bearbeiten, zu l\u00f6schen oder mit Freunden zu teilen. \u201eAn diesem Tag\u201c wird in den n\u00e4chsten Tagen weltweit Menschen zur Verf\u00fcgung stehen, sowohl auf Desktop als auch auf mobilen Endger\u00e4ten. Mehr Informationen findest Du im Hilfebereich.","protected":false},"author":75217639,"featured_media":0,"comment_status":"closed","ping_status":"closed","sticky":false,"template":"","format":"standard","meta":{"_jetpack_memberships_contains_paid_content":false,"footnotes":""},"categories":[243889734],"tags":[],"class_list":["post-3287","post","type-post","status-publish","format-standard","hentry","category-produktnachrichten"],"yoast_head":"<!-- This site is optimized with the Yoast SEO plugin v27.2 - https:\/\/yoast.com\/product\/yoast-seo-wordpress\/ -->\n<title>\u201eAn diesem Tag\u201c: Eine neue Art, auf Fotos und Erinnerungen auf Facebook zur\u00fcckzublicken | \u00dcber Meta<\/title>\n<meta name=\"robots\" content=\"index, follow, max-snippet:-1, max-image-preview:large, max-video-preview:-1\" \/>\n<link rel=\"canonical\" href=\"https:\/\/about.fb.com\/de\/news\/2015\/03\/an-diesem-tag-eine-neue-art-auf-fotos-und-erinnerungen-auf-facebook-zuruckzublicken\/\" \/>\n<meta property=\"og:locale\" content=\"de_DE\" \/>\n<meta property=\"og:type\" content=\"article\" \/>\n<meta property=\"og:title\" content=\"\u201eAn diesem Tag\u201c: Eine neue Art, auf Fotos und Erinnerungen auf Facebook zur\u00fcckzublicken | \u00dcber Meta\" \/>\n<meta property=\"og:description\" content=\"Von Jonathan Gheller, Produktmanager Alte Bilder anschauen und dabei in Erinnerungen schwelgen &#8211; wer macht das nicht gern? Mit \u201eAn diesem Tag\u201c bietet Facebook nun die M\u00f6glichkeit, auf besondere Momente zur\u00fcckzublicken, die auf Facebook mit Freunden und der Familie geteilt wurden. Dies k\u00f6nnen eigens geteilte Inhalte sowie Beitr\u00e4ge, in denen Du markiert wurdest, sein. Nur Du selbst kannst Deine pers\u00f6nliche \u201eAn diesem Tag\u201c-Seite sehen. Mit \u201eAn diesem Tag\u201c sehen Menschen, passend zu jedem Tag, Inhalte aus der Vergangenheit. Das k\u00f6nnen geteilte Status-Updates und Fotos, aber auch Beitr\u00e4ge von Freunden und andere Dinge, in denen Du markiert wurdest, sein. Diese k\u00f6nnen ein Jahr, zwei Jahre oder noch \u00e4lter sein. Nur Du wirst diese Inhalte sehen k\u00f6nnen \u2013 es sei denn, Du teilst sie mit Deinen Freunden. Beim Teilen werden die urspr\u00fcnglich getroffenen Privatsph\u00e4re-Einstellungen beibehalten, k\u00f6nnen aber auch nachtr\u00e4glich ge\u00e4ndert werden. Wenn Du Deine \u201eAn diesem Tag\u201c-Seite anzeigen m\u00f6chtest, kannst Du sie \u00fcber das Lesezeichen auf der linken Seite des News Feeds erreichen. Alternativ kannst Du auch nach \u201eAn diesem Tag\u201c suchen oder facebook.com\/onthisday besuchen. Au\u00dferdem kann eine Meldung im pers\u00f6nlichen News Feed erscheinen. Auf der Seite k\u00f6nnen Benachrichtigungen abonniert werden, sodass Du \u00fcber Erinnerungen informiert wirst, auf die Du zur\u00fcckblicken kannst. Es ist zus\u00e4tzlich m\u00f6glich, Beitr\u00e4ge zu bearbeiten, zu l\u00f6schen oder mit Freunden zu teilen. \u201eAn diesem Tag\u201c wird in den n\u00e4chsten Tagen weltweit Menschen zur Verf\u00fcgung stehen, sowohl auf Desktop als auch auf mobilen Endger\u00e4ten. Mehr Informationen findest Du im Hilfebereich.\" \/>\n<meta property=\"og:url\" content=\"https:\/\/about.fb.com\/de\/news\/2015\/03\/an-diesem-tag-eine-neue-art-auf-fotos-und-erinnerungen-auf-facebook-zuruckzublicken\/\" \/>\n<meta property=\"og:site_name\" content=\"\u00dcber Meta\" \/>\n<meta property=\"article:published_time\" content=\"2015-03-24T18:05:01+00:00\" \/>\n<meta property=\"og:image\" content=\"https:\/\/about-fb-preprod.go-vip.net\/de\/wp-content\/uploads\/sites\/4\/2015\/03\/onthisday1_screenshot-1.png\" \/>\n<meta name=\"twitter:card\" content=\"summary_large_image\" \/>\n<meta name=\"twitter:label1\" content=\"Written by\" \/>\n\t<meta name=\"twitter:data1\" content=\"Meta\" \/>\n\t<meta name=\"twitter:label2\" content=\"Est. reading time\" \/>\n\t<meta name=\"twitter:data2\" content=\"1 Minute\" \/>\n<script type=\"application\/ld+json\" class=\"yoast-schema-graph\">{\"@context\":\"https:\/\/schema.org\",\"@graph\":[{\"@type\":\"Article\",\"@id\":\"https:\/\/about.fb.com\/de\/news\/2015\/03\/an-diesem-tag-eine-neue-art-auf-fotos-und-erinnerungen-auf-facebook-zuruckzublicken\/#article\",\"isPartOf\":{\"@id\":\"https:\/\/about.fb.com\/de\/news\/2015\/03\/an-diesem-tag-eine-neue-art-auf-fotos-und-erinnerungen-auf-facebook-zuruckzublicken\/\"},\"author\":\"Facebook company\",\"headline\":\"\u201eAn diesem Tag\u201c: Eine neue Art, auf Fotos und Erinnerungen auf Facebook zur\u00fcckzublicken\",\"datePublished\":\"2015-03-24T18:05:01+00:00\",\"mainEntityOfPage\":{\"@id\":\"https:\/\/about.fb.com\/de\/news\/2015\/03\/an-diesem-tag-eine-neue-art-auf-fotos-und-erinnerungen-auf-facebook-zuruckzublicken\/\"},\"wordCount\":284,\"publisher\":{\"@id\":\"https:\/\/about.fb.com\/de\/#organization\"},\"image\":{\"@id\":\"https:\/\/about.fb.com\/de\/news\/2015\/03\/an-diesem-tag-eine-neue-art-auf-fotos-und-erinnerungen-auf-facebook-zuruckzublicken\/#primaryimage\"},\"thumbnailUrl\":\"https:\/\/about-fb-preprod.go-vip.net\/de\/wp-content\/uploads\/sites\/4\/2015\/03\/onthisday1_screenshot-1.png\",\"articleSection\":[\"Produktnachrichten\"],\"inLanguage\":\"de-DE\"},{\"@type\":\"WebPage\",\"@id\":\"https:\/\/about.fb.com\/de\/news\/2015\/03\/an-diesem-tag-eine-neue-art-auf-fotos-und-erinnerungen-auf-facebook-zuruckzublicken\/\",\"url\":\"https:\/\/about.fb.com\/de\/news\/2015\/03\/an-diesem-tag-eine-neue-art-auf-fotos-und-erinnerungen-auf-facebook-zuruckzublicken\/\",\"name\":\"\u201eAn diesem Tag\u201c: Eine neue Art, auf Fotos und Erinnerungen auf Facebook zur\u00fcckzublicken | \u00dcber Meta\",\"isPartOf\":{\"@id\":\"https:\/\/about.fb.com\/de\/#website\"},\"primaryImageOfPage\":{\"@id\":\"https:\/\/about.fb.com\/de\/news\/2015\/03\/an-diesem-tag-eine-neue-art-auf-fotos-und-erinnerungen-auf-facebook-zuruckzublicken\/#primaryimage\"},\"image\":{\"@id\":\"https:\/\/about.fb.com\/de\/news\/2015\/03\/an-diesem-tag-eine-neue-art-auf-fotos-und-erinnerungen-auf-facebook-zuruckzublicken\/#primaryimage\"},\"thumbnailUrl\":\"https:\/\/about-fb-preprod.go-vip.net\/de\/wp-content\/uploads\/sites\/4\/2015\/03\/onthisday1_screenshot-1.png\",\"datePublished\":\"2015-03-24T18:05:01+00:00\",\"breadcrumb\":{\"@id\":\"https:\/\/about.fb.com\/de\/news\/2015\/03\/an-diesem-tag-eine-neue-art-auf-fotos-und-erinnerungen-auf-facebook-zuruckzublicken\/#breadcrumb\"},\"inLanguage\":\"de-DE\",\"potentialAction\":[{\"@type\":\"ReadAction\",\"target\":[\"https:\/\/about.fb.com\/de\/news\/2015\/03\/an-diesem-tag-eine-neue-art-auf-fotos-und-erinnerungen-auf-facebook-zuruckzublicken\/\"]}],\"author\":\"\u00dcber Meta\"},{\"@type\":\"ImageObject\",\"inLanguage\":\"de-DE\",\"@id\":\"https:\/\/about.fb.com\/de\/news\/2015\/03\/an-diesem-tag-eine-neue-art-auf-fotos-und-erinnerungen-auf-facebook-zuruckzublicken\/#primaryimage\",\"url\":\"https:\/\/about-fb-preprod.go-vip.net\/de\/wp-content\/uploads\/sites\/4\/2015\/03\/onthisday1_screenshot-1.png\",\"contentUrl\":\"https:\/\/about-fb-preprod.go-vip.net\/de\/wp-content\/uploads\/sites\/4\/2015\/03\/onthisday1_screenshot-1.png\"},{\"@type\":\"BreadcrumbList\",\"@id\":\"https:\/\/about.fb.com\/de\/news\/2015\/03\/an-diesem-tag-eine-neue-art-auf-fotos-und-erinnerungen-auf-facebook-zuruckzublicken\/#breadcrumb\",\"itemListElement\":[{\"@type\":\"ListItem\",\"position\":1,\"name\":\"Home\",\"item\":\"https:\/\/about.fb.com\/de\/\"},{\"@type\":\"ListItem\",\"position\":2,\"name\":\"\u201eAn diesem Tag\u201c: Eine neue Art, auf Fotos und Erinnerungen auf Facebook zur\u00fcckzublicken\"}]},{\"@type\":\"WebSite\",\"@id\":\"https:\/\/about.fb.com\/de\/#website\",\"url\":\"https:\/\/about.fb.com\/news\/\",\"name\":\"\u00dcber Meta\",\"description\":\"\",\"publisher\":{\"@id\":\"https:\/\/about.fb.com\/de\/#organization\"},\"potentialAction\":[{\"@type\":\"SearchAction\",\"target\":{\"@type\":\"EntryPoint\",\"urlTemplate\":\"https:\/\/about.fb.com\/de\/?s={search_term_string}\"},\"query-input\":{\"@type\":\"PropertyValueSpecification\",\"valueRequired\":true,\"valueName\":\"search_term_string\"}}],\"inLanguage\":\"de-DE\",\"alternateName\":[\"Meta Newsroom\",\"Meta\"]},{\"@type\":\"Organization\",\"@id\":\"https:\/\/about.fb.com\/de\/#organization\",\"name\":\"Meta\",\"url\":\"https:\/\/about.fb.com\/de\/\",\"logo\":{\"@type\":\"ImageObject\",\"inLanguage\":\"de-DE\",\"@id\":\"https:\/\/about.fb.com\/de\/#\/schema\/logo\/image\/\",\"url\":\"https:\/\/about.fb.com\/de\/wp-content\/uploads\/sites\/10\/2021\/10\/meta-social-16x9-1.jpg?fit=8000%2C4500\",\"contentUrl\":\"https:\/\/about.fb.com\/de\/wp-content\/uploads\/sites\/10\/2021\/10\/meta-social-16x9-1.jpg?fit=8000%2C4500\",\"width\":8000,\"height\":4500,\"caption\":\"Meta\"},\"image\":{\"@id\":\"https:\/\/about.fb.com\/de\/#\/schema\/logo\/image\/\"}}]}<\/script>\n<!-- \/ Yoast SEO plugin. -->","yoast_head_json":{"title":"\u201eAn diesem Tag\u201c: Eine neue Art, auf Fotos und Erinnerungen auf Facebook zur\u00fcckzublicken | \u00dcber Meta","robots":{"index":"index","follow":"follow","max-snippet":"max-snippet:-1","max-image-preview":"max-image-preview:large","max-video-preview":"max-video-preview:-1"},"canonical":"https:\/\/about.fb.com\/de\/news\/2015\/03\/an-diesem-tag-eine-neue-art-auf-fotos-und-erinnerungen-auf-facebook-zuruckzublicken\/","og_locale":"de_DE","og_type":"article","og_title":"\u201eAn diesem Tag\u201c: Eine neue Art, auf Fotos und Erinnerungen auf Facebook zur\u00fcckzublicken | \u00dcber Meta","og_description":"Von Jonathan Gheller, Produktmanager Alte Bilder anschauen und dabei in Erinnerungen schwelgen &#8211; wer macht das nicht gern? Mit \u201eAn diesem Tag\u201c bietet Facebook nun die M\u00f6glichkeit, auf besondere Momente zur\u00fcckzublicken, die auf Facebook mit Freunden und der Familie geteilt wurden. Dies k\u00f6nnen eigens geteilte Inhalte sowie Beitr\u00e4ge, in denen Du markiert wurdest, sein. Nur Du selbst kannst Deine pers\u00f6nliche \u201eAn diesem Tag\u201c-Seite sehen. Mit \u201eAn diesem Tag\u201c sehen Menschen, passend zu jedem Tag, Inhalte aus der Vergangenheit. Das k\u00f6nnen geteilte Status-Updates und Fotos, aber auch Beitr\u00e4ge von Freunden und andere Dinge, in denen Du markiert wurdest, sein. Diese k\u00f6nnen ein Jahr, zwei Jahre oder noch \u00e4lter sein. Nur Du wirst diese Inhalte sehen k\u00f6nnen \u2013 es sei denn, Du teilst sie mit Deinen Freunden. Beim Teilen werden die urspr\u00fcnglich getroffenen Privatsph\u00e4re-Einstellungen beibehalten, k\u00f6nnen aber auch nachtr\u00e4glich ge\u00e4ndert werden. Wenn Du Deine \u201eAn diesem Tag\u201c-Seite anzeigen m\u00f6chtest, kannst Du sie \u00fcber das Lesezeichen auf der linken Seite des News Feeds erreichen. Alternativ kannst Du auch nach \u201eAn diesem Tag\u201c suchen oder facebook.com\/onthisday besuchen. Au\u00dferdem kann eine Meldung im pers\u00f6nlichen News Feed erscheinen. Auf der Seite k\u00f6nnen Benachrichtigungen abonniert werden, sodass Du \u00fcber Erinnerungen informiert wirst, auf die Du zur\u00fcckblicken kannst. Es ist zus\u00e4tzlich m\u00f6glich, Beitr\u00e4ge zu bearbeiten, zu l\u00f6schen oder mit Freunden zu teilen. \u201eAn diesem Tag\u201c wird in den n\u00e4chsten Tagen weltweit Menschen zur Verf\u00fcgung stehen, sowohl auf Desktop als auch auf mobilen Endger\u00e4ten. Mehr Informationen findest Du im Hilfebereich.","og_url":"https:\/\/about.fb.com\/de\/news\/2015\/03\/an-diesem-tag-eine-neue-art-auf-fotos-und-erinnerungen-auf-facebook-zuruckzublicken\/","og_site_name":"\u00dcber Meta","article_published_time":"2015-03-24T18:05:01+00:00","og_image":[{"url":"https:\/\/about-fb-preprod.go-vip.net\/de\/wp-content\/uploads\/sites\/4\/2015\/03\/onthisday1_screenshot-1.png","type":"","width":"","height":""}],"twitter_card":"summary_large_image","twitter_misc":{"Written by":"Meta","Est. reading time":"1 Minute"},"schema":{"@context":"https:\/\/schema.org","@graph":[{"@type":"Article","@id":"https:\/\/about.fb.com\/de\/news\/2015\/03\/an-diesem-tag-eine-neue-art-auf-fotos-und-erinnerungen-auf-facebook-zuruckzublicken\/#article","isPartOf":{"@id":"https:\/\/about.fb.com\/de\/news\/2015\/03\/an-diesem-tag-eine-neue-art-auf-fotos-und-erinnerungen-auf-facebook-zuruckzublicken\/"},"author":"Facebook company","headline":"\u201eAn diesem Tag\u201c: Eine neue Art, auf Fotos und Erinnerungen auf Facebook zur\u00fcckzublicken","datePublished":"2015-03-24T18:05:01+00:00","mainEntityOfPage":{"@id":"https:\/\/about.fb.com\/de\/news\/2015\/03\/an-diesem-tag-eine-neue-art-auf-fotos-und-erinnerungen-auf-facebook-zuruckzublicken\/"},"wordCount":284,"publisher":{"@id":"https:\/\/about.fb.com\/de\/#organization"},"image":{"@id":"https:\/\/about.fb.com\/de\/news\/2015\/03\/an-diesem-tag-eine-neue-art-auf-fotos-und-erinnerungen-auf-facebook-zuruckzublicken\/#primaryimage"},"thumbnailUrl":"https:\/\/about-fb-preprod.go-vip.net\/de\/wp-content\/uploads\/sites\/4\/2015\/03\/onthisday1_screenshot-1.png","articleSection":["Produktnachrichten"],"inLanguage":"de-DE"},{"@type":"WebPage","@id":"https:\/\/about.fb.com\/de\/news\/2015\/03\/an-diesem-tag-eine-neue-art-auf-fotos-und-erinnerungen-auf-facebook-zuruckzublicken\/","url":"https:\/\/about.fb.com\/de\/news\/2015\/03\/an-diesem-tag-eine-neue-art-auf-fotos-und-erinnerungen-auf-facebook-zuruckzublicken\/","name":"\u201eAn diesem Tag\u201c: Eine neue Art, auf Fotos und Erinnerungen auf Facebook zur\u00fcckzublicken | \u00dcber Meta","isPartOf":{"@id":"https:\/\/about.fb.com\/de\/#website"},"primaryImageOfPage":{"@id":"https:\/\/about.fb.com\/de\/news\/2015\/03\/an-diesem-tag-eine-neue-art-auf-fotos-und-erinnerungen-auf-facebook-zuruckzublicken\/#primaryimage"},"image":{"@id":"https:\/\/about.fb.com\/de\/news\/2015\/03\/an-diesem-tag-eine-neue-art-auf-fotos-und-erinnerungen-auf-facebook-zuruckzublicken\/#primaryimage"},"thumbnailUrl":"https:\/\/about-fb-preprod.go-vip.net\/de\/wp-content\/uploads\/sites\/4\/2015\/03\/onthisday1_screenshot-1.png","datePublished":"2015-03-24T18:05:01+00:00","breadcrumb":{"@id":"https:\/\/about.fb.com\/de\/news\/2015\/03\/an-diesem-tag-eine-neue-art-auf-fotos-und-erinnerungen-auf-facebook-zuruckzublicken\/#breadcrumb"},"inLanguage":"de-DE","potentialAction":[{"@type":"ReadAction","target":["https:\/\/about.fb.com\/de\/news\/2015\/03\/an-diesem-tag-eine-neue-art-auf-fotos-und-erinnerungen-auf-facebook-zuruckzublicken\/"]}],"author":"\u00dcber Meta"},{"@type":"ImageObject","inLanguage":"de-DE","@id":"https:\/\/about.fb.com\/de\/news\/2015\/03\/an-diesem-tag-eine-neue-art-auf-fotos-und-erinnerungen-auf-facebook-zuruckzublicken\/#primaryimage","url":"https:\/\/about-fb-preprod.go-vip.net\/de\/wp-content\/uploads\/sites\/4\/2015\/03\/onthisday1_screenshot-1.png","contentUrl":"https:\/\/about-fb-preprod.go-vip.net\/de\/wp-content\/uploads\/sites\/4\/2015\/03\/onthisday1_screenshot-1.png"},{"@type":"BreadcrumbList","@id":"https:\/\/about.fb.com\/de\/news\/2015\/03\/an-diesem-tag-eine-neue-art-auf-fotos-und-erinnerungen-auf-facebook-zuruckzublicken\/#breadcrumb","itemListElement":[{"@type":"ListItem","position":1,"name":"Home","item":"https:\/\/about.fb.com\/de\/"},{"@type":"ListItem","position":2,"name":"\u201eAn diesem Tag\u201c: Eine neue Art, auf Fotos und Erinnerungen auf Facebook zur\u00fcckzublicken"}]},{"@type":"WebSite","@id":"https:\/\/about.fb.com\/de\/#website","url":"https:\/\/about.fb.com\/news\/","name":"\u00dcber Meta","description":"","publisher":{"@id":"https:\/\/about.fb.com\/de\/#organization"},"potentialAction":[{"@type":"SearchAction","target":{"@type":"EntryPoint","urlTemplate":"https:\/\/about.fb.com\/de\/?s={search_term_string}"},"query-input":{"@type":"PropertyValueSpecification","valueRequired":true,"valueName":"search_term_string"}}],"inLanguage":"de-DE","alternateName":["Meta Newsroom","Meta"]},{"@type":"Organization","@id":"https:\/\/about.fb.com\/de\/#organization","name":"Meta","url":"https:\/\/about.fb.com\/de\/","logo":{"@type":"ImageObject","inLanguage":"de-DE","@id":"https:\/\/about.fb.com\/de\/#\/schema\/logo\/image\/","url":"https:\/\/about.fb.com\/de\/wp-content\/uploads\/sites\/10\/2021\/10\/meta-social-16x9-1.jpg?fit=8000%2C4500","contentUrl":"https:\/\/about.fb.com\/de\/wp-content\/uploads\/sites\/10\/2021\/10\/meta-social-16x9-1.jpg?fit=8000%2C4500","width":8000,"height":4500,"caption":"Meta"},"image":{"@id":"https:\/\/about.fb.com\/de\/#\/schema\/logo\/image\/"}}]}},"jetpack_featured_media_url":"","jetpack-related-posts":[],"jetpack_sharing_enabled":true,"amp_enabled":true,"_links":{"self":[{"href":"https:\/\/about.fb.com\/de\/wp-json\/wp\/v2\/posts\/3287","targetHints":{"allow":["GET"]}}],"collection":[{"href":"https:\/\/about.fb.com\/de\/wp-json\/wp\/v2\/posts"}],"about":[{"href":"https:\/\/about.fb.com\/de\/wp-json\/wp\/v2\/types\/post"}],"author":[{"embeddable":true,"href":"https:\/\/about.fb.com\/de\/wp-json\/wp\/v2\/users\/75217639"}],"replies":[{"embeddable":true,"href":"https:\/\/about.fb.com\/de\/wp-json\/wp\/v2\/comments?post=3287"}],"version-history":[{"count":1,"href":"https:\/\/about.fb.com\/de\/wp-json\/wp\/v2\/posts\/3287\/revisions"}],"predecessor-version":[{"id":3298,"href":"https:\/\/about.fb.com\/de\/wp-json\/wp\/v2\/posts\/3287\/revisions\/3298"}],"wp:attachment":[{"href":"https:\/\/about.fb.com\/de\/wp-json\/wp\/v2\/media?parent=3287"}],"wp:term":[{"taxonomy":"category","embeddable":true,"href":"https:\/\/about.fb.com\/de\/wp-json\/wp\/v2\/categories?post=3287"},{"taxonomy":"post_tag","embeddable":true,"href":"https:\/\/about.fb.com\/de\/wp-json\/wp\/v2\/tags?post=3287"}],"curies":[{"name":"wp","href":"https:\/\/api.w.org\/{rel}","templated":true}]}}