{"id":3257,"date":"2015-02-16T12:16:36","date_gmt":"2015-02-16T12:16:36","guid":{"rendered":"http:\/\/de.newsroom.fb.com\/?p=3257"},"modified":"2015-02-16T12:16:36","modified_gmt":"2015-02-16T12:16:36","slug":"personalmeldung-marianne-doelz","status":"publish","type":"post","link":"https:\/\/about.fb.com\/de\/news\/2015\/02\/personalmeldung-marianne-doelz\/","title":{"rendered":"Marianne D\u00f6lz ist neue Country Director D-A-CH bei Facebook"},"content":{"rendered":"<p><strong>Wir freuen uns sehr, heute mitteilen zu k\u00f6nnen, dass Marianne D\u00f6lz ab Februar 2015 die Leitung von <a title=\"Facebook Hamburg\" href=\"https:\/\/www.facebook.com\/pages\/Facebook-Hamburg\/123155981169116\" target=\"_blank\" rel=\"noopener noreferrer\">Facebook<\/a> in Deutschland, \u00d6sterreich und der Schweiz \u00fcbernehmen wird. Als Country Director D-A-CH tritt sie damit die Nachfolge von F. Scott Woods an, der sich auf eigenen Wunsch neuen Aufgaben innerhalb von Facebook widmen wird. Marianne D\u00f6lz wird an Martin Ott, Managing Director Northern, Central and Eastern Europe bei Facebook, berichten.<\/strong><\/p>\n<p>\u201eScott hat seit 2009 die Entwicklung von Facebook im deutschsprachigen Raum ma\u00dfgeblich mitbestimmt. Dank seiner hervorragenden Arbeit haben wir heute ein starkes Team in Hamburg, Berlin und Dublin, eine enorme Marktpr\u00e4senz und hervorragende Beziehungen mit Kunden, Agenturen und Partnern. Es ist Scott als charismatischem Vordenker zu verdanken, dass Facebook in der Region angekommen und in Hamburg heimisch geworden ist. Wir freuen uns, mit Marianne eine herausragende und im Markt viel gesch\u00e4tzte Nachfolgerin gefunden zu haben.\u201c \u2013 <a title=\"Martin Ott\" href=\"https:\/\/www.facebook.com\/martinott11\" target=\"_blank\" rel=\"noopener noreferrer\">Martin Ott<\/a>.<\/p>\n<p>\u201eDie letzten f\u00fcnfeinhalb Jahre waren sicherlich die bewegtesten, aber auch erf\u00fclltesten\u00a0 meiner bisherigen Laufbahn. Ich bin stolz auf das Team und das, was wir in dieser Zeit zusammen aufgebaut haben. Umso mehr freue ich mich nun, neue Aufgaben innerhalb der wachsenden Markenfamilie von Facebook anzugehen.&#8220;\u00a0\u2013 <a title=\"F. Scott Woods\" href=\"https:\/\/www.facebook.com\/fsw\" target=\"_blank\" rel=\"noopener noreferrer\">F. Scott Woods<\/a>.<\/p>\n<p>Marianne D\u00f6lz, 47, hat in den mehr als 25 Jahren ihrer Karriere die Anf\u00e4nge des Privatfernsehens genauso miterlebt wie die nachhaltigen Ver\u00e4nderungen \u00a0des Medienmarktes durch die Digitalisierung. Nach dem Start ihrer Karriere auf Agenturseite, wo sie als Media-Expertin internationale Blue Chips wie Unilever, Allianz oder adidas betreute, wurde sie mit nur 29 Jahren Gesch\u00e4ftsf\u00fchrerin der Hamburger Mediaagentur Initiative Media. Im Jahr 2006 wurde sie CEO von Initiative Deutschland und Mitglied des EMEA Boards von Initiative Media. Nach 22 Jahren auf Agenturseite wechselte sie zur Verlagsgruppe Handelsblatt, bei der sie als Gesch\u00e4ftsf\u00fchrerin die Werbevermarktungs-Tochter iq media marketing leitete und sich f\u00fcr Vertriebs- und Produktmarketing von Handelsblatt und WirtschaftsWoche verantwortlich zeichnete.<\/p>\n<p>Die erfahrene Medienmanagerin war in zahlreichen Jurys der Kommunikationswirtschaft vertreten, darunter Cannes Lions (2006) und GWA EFFIE (2007 und 2008). Dar\u00fcber hinaus wurde sie selbst mehrfach ausgezeichnet, darunter \u201aDie 100 Top Frauen der Wirtschaft\u2019 (2010, Handelsblatt) und \u201aTop 100 Manager\u2019 (2010, 2013, werben &amp; verkaufen).<\/p>\n<p>Nach vielen Jahren in gro\u00dfen Unternehmen beteiligte sich Marianne D\u00f6lz mit weiteren Partnern an der Hamburger Start-up Motorradschmiede Liberta Motorcycles, um neue Erfahrungen zu sammeln.<\/p>\n<p>\u201eDie Leitung von Facebook im deutschsprachigen Raum ist eine Aufgabe, die mich packt und auf die ich mich wahnsinnig freue.\u201c\u00a0\u2013 <a title=\"Marianne D\u00f6lz\" href=\"https:\/\/www.facebook.com\/marianne.doelz\" target=\"_blank\" rel=\"noopener noreferrer\">Marianne D\u00f6lz<\/a><\/p>\n","protected":false},"excerpt":{"rendered":"Wir freuen uns sehr, heute mitteilen zu k\u00f6nnen, dass Marianne D\u00f6lz ab Februar 2015 die Leitung von Facebook in Deutschland, \u00d6sterreich und der Schweiz \u00fcbernehmen wird. Als Country Director D-A-CH tritt sie damit die Nachfolge von F. Scott Woods an, der sich auf eigenen Wunsch neuen Aufgaben innerhalb von Facebook widmen wird. Marianne D\u00f6lz wird an Martin Ott, Managing Director Northern, Central and Eastern Europe bei Facebook, berichten. \u201eScott hat seit 2009 die Entwicklung von Facebook im deutschsprachigen Raum ma\u00dfgeblich mitbestimmt. Dank seiner hervorragenden Arbeit haben wir heute ein starkes Team in Hamburg, Berlin und Dublin, eine enorme Marktpr\u00e4senz und hervorragende Beziehungen mit Kunden, Agenturen und Partnern. Es ist Scott als charismatischem Vordenker zu verdanken, dass Facebook in der Region angekommen und in Hamburg heimisch geworden ist. Wir freuen uns, mit Marianne eine herausragende und im Markt viel gesch\u00e4tzte Nachfolgerin gefunden zu haben.\u201c \u2013 Martin Ott. \u201eDie letzten f\u00fcnfeinhalb Jahre waren sicherlich die bewegtesten, aber auch erf\u00fclltesten\u00a0 meiner bisherigen Laufbahn. Ich bin stolz auf das Team und das, was wir in dieser Zeit zusammen aufgebaut haben. Umso mehr freue ich mich nun, neue Aufgaben innerhalb der wachsenden Markenfamilie von Facebook anzugehen.&#8220;\u00a0\u2013 F. Scott Woods. Marianne D\u00f6lz, 47, hat in den mehr als 25 Jahren ihrer Karriere die Anf\u00e4nge des Privatfernsehens genauso miterlebt wie die nachhaltigen Ver\u00e4nderungen \u00a0des Medienmarktes durch die Digitalisierung. Nach dem Start ihrer Karriere auf Agenturseite, wo sie als Media-Expertin internationale Blue Chips wie Unilever, Allianz oder adidas betreute, wurde sie mit nur 29 Jahren Gesch\u00e4ftsf\u00fchrerin der Hamburger Mediaagentur Initiative Media. Im Jahr 2006 wurde sie CEO von Initiative Deutschland und Mitglied des EMEA Boards von Initiative Media. Nach 22 Jahren auf Agenturseite wechselte sie zur Verlagsgruppe Handelsblatt, bei der sie als Gesch\u00e4ftsf\u00fchrerin die Werbevermarktungs-Tochter iq media marketing leitete und sich f\u00fcr Vertriebs- und Produktmarketing von Handelsblatt und WirtschaftsWoche verantwortlich zeichnete. Die erfahrene Medienmanagerin war in zahlreichen Jurys der Kommunikationswirtschaft vertreten, darunter Cannes Lions (2006) und GWA EFFIE (2007 und 2008). Dar\u00fcber hinaus wurde sie selbst mehrfach ausgezeichnet, darunter \u201aDie 100 Top Frauen der Wirtschaft\u2019 (2010, Handelsblatt) und \u201aTop 100 Manager\u2019 (2010, 2013, werben &amp; verkaufen). Nach vielen Jahren in gro\u00dfen Unternehmen beteiligte sich Marianne D\u00f6lz mit weiteren Partnern an der Hamburger Start-up Motorradschmiede Liberta Motorcycles, um neue Erfahrungen zu sammeln. \u201eDie Leitung von Facebook im deutschsprachigen Raum ist eine Aufgabe, die mich packt und auf die ich mich wahnsinnig freue.\u201c\u00a0\u2013 Marianne D\u00f6lz","protected":false},"author":75217639,"featured_media":3258,"comment_status":"closed","ping_status":"closed","sticky":false,"template":"","format":"standard","meta":{"_jetpack_memberships_contains_paid_content":false,"footnotes":""},"categories":[30697048],"tags":[38537436,33194222,55372858],"class_list":["post-3257","post","type-post","status-publish","format-standard","has-post-thumbnail","hentry","category-unternehmensmeldungen","tag-f-scott-woods","tag-marianne-dolz","tag-personalmeldung"],"yoast_head":"<!-- This site is optimized with the Yoast SEO plugin v27.2 - https:\/\/yoast.com\/product\/yoast-seo-wordpress\/ -->\n<title>Marianne D\u00f6lz ist neue Country Director D-A-CH bei Facebook | \u00dcber Meta<\/title>\n<meta name=\"robots\" content=\"index, follow, max-snippet:-1, max-image-preview:large, max-video-preview:-1\" \/>\n<link rel=\"canonical\" href=\"https:\/\/about.fb.com\/de\/news\/2015\/02\/personalmeldung-marianne-doelz\/\" \/>\n<meta property=\"og:locale\" content=\"de_DE\" \/>\n<meta property=\"og:type\" content=\"article\" \/>\n<meta property=\"og:title\" content=\"Marianne D\u00f6lz ist neue Country Director D-A-CH bei Facebook | \u00dcber Meta\" \/>\n<meta property=\"og:description\" content=\"Wir freuen uns sehr, heute mitteilen zu k\u00f6nnen, dass Marianne D\u00f6lz ab Februar 2015 die Leitung von Facebook in Deutschland, \u00d6sterreich und der Schweiz \u00fcbernehmen wird. Als Country Director D-A-CH tritt sie damit die Nachfolge von F. Scott Woods an, der sich auf eigenen Wunsch neuen Aufgaben innerhalb von Facebook widmen wird. Marianne D\u00f6lz wird an Martin Ott, Managing Director Northern, Central and Eastern Europe bei Facebook, berichten. \u201eScott hat seit 2009 die Entwicklung von Facebook im deutschsprachigen Raum ma\u00dfgeblich mitbestimmt. Dank seiner hervorragenden Arbeit haben wir heute ein starkes Team in Hamburg, Berlin und Dublin, eine enorme Marktpr\u00e4senz und hervorragende Beziehungen mit Kunden, Agenturen und Partnern. Es ist Scott als charismatischem Vordenker zu verdanken, dass Facebook in der Region angekommen und in Hamburg heimisch geworden ist. Wir freuen uns, mit Marianne eine herausragende und im Markt viel gesch\u00e4tzte Nachfolgerin gefunden zu haben.\u201c \u2013 Martin Ott. \u201eDie letzten f\u00fcnfeinhalb Jahre waren sicherlich die bewegtesten, aber auch erf\u00fclltesten\u00a0 meiner bisherigen Laufbahn. Ich bin stolz auf das Team und das, was wir in dieser Zeit zusammen aufgebaut haben. Umso mehr freue ich mich nun, neue Aufgaben innerhalb der wachsenden Markenfamilie von Facebook anzugehen.&#8220;\u00a0\u2013 F. Scott Woods. Marianne D\u00f6lz, 47, hat in den mehr als 25 Jahren ihrer Karriere die Anf\u00e4nge des Privatfernsehens genauso miterlebt wie die nachhaltigen Ver\u00e4nderungen \u00a0des Medienmarktes durch die Digitalisierung. Nach dem Start ihrer Karriere auf Agenturseite, wo sie als Media-Expertin internationale Blue Chips wie Unilever, Allianz oder adidas betreute, wurde sie mit nur 29 Jahren Gesch\u00e4ftsf\u00fchrerin der Hamburger Mediaagentur Initiative Media. Im Jahr 2006 wurde sie CEO von Initiative Deutschland und Mitglied des EMEA Boards von Initiative Media. Nach 22 Jahren auf Agenturseite wechselte sie zur Verlagsgruppe Handelsblatt, bei der sie als Gesch\u00e4ftsf\u00fchrerin die Werbevermarktungs-Tochter iq media marketing leitete und sich f\u00fcr Vertriebs- und Produktmarketing von Handelsblatt und WirtschaftsWoche verantwortlich zeichnete. Die erfahrene Medienmanagerin war in zahlreichen Jurys der Kommunikationswirtschaft vertreten, darunter Cannes Lions (2006) und GWA EFFIE (2007 und 2008). Dar\u00fcber hinaus wurde sie selbst mehrfach ausgezeichnet, darunter \u201aDie 100 Top Frauen der Wirtschaft\u2019 (2010, Handelsblatt) und \u201aTop 100 Manager\u2019 (2010, 2013, werben &amp; verkaufen). Nach vielen Jahren in gro\u00dfen Unternehmen beteiligte sich Marianne D\u00f6lz mit weiteren Partnern an der Hamburger Start-up Motorradschmiede Liberta Motorcycles, um neue Erfahrungen zu sammeln. \u201eDie Leitung von Facebook im deutschsprachigen Raum ist eine Aufgabe, die mich packt und auf die ich mich wahnsinnig freue.\u201c\u00a0\u2013 Marianne D\u00f6lz\" \/>\n<meta property=\"og:url\" content=\"https:\/\/about.fb.com\/de\/news\/2015\/02\/personalmeldung-marianne-doelz\/\" \/>\n<meta property=\"og:site_name\" content=\"\u00dcber Meta\" \/>\n<meta property=\"article:published_time\" content=\"2015-02-16T12:16:36+00:00\" \/>\n<meta property=\"og:image\" content=\"https:\/\/about.fb.com\/de\/wp-content\/uploads\/sites\/10\/2015\/02\/marianne_portrait_0179.jpg?resize=1024,683\" \/>\n\t<meta property=\"og:image:width\" content=\"1024\" \/>\n\t<meta property=\"og:image:height\" content=\"683\" \/>\n\t<meta property=\"og:image:type\" content=\"image\/jpeg\" \/>\n<meta name=\"twitter:card\" content=\"summary_large_image\" \/>\n<meta name=\"twitter:label1\" content=\"Written by\" \/>\n\t<meta name=\"twitter:data1\" content=\"Meta\" \/>\n\t<meta name=\"twitter:label2\" content=\"Est. reading time\" \/>\n\t<meta name=\"twitter:data2\" content=\"2 Minuten\" \/>\n<script type=\"application\/ld+json\" class=\"yoast-schema-graph\">{\"@context\":\"https:\/\/schema.org\",\"@graph\":[{\"@type\":\"Article\",\"@id\":\"https:\/\/about.fb.com\/de\/news\/2015\/02\/personalmeldung-marianne-doelz\/#article\",\"isPartOf\":{\"@id\":\"https:\/\/about.fb.com\/de\/news\/2015\/02\/personalmeldung-marianne-doelz\/\"},\"author\":\"Facebook company\",\"headline\":\"Marianne D\u00f6lz ist neue Country Director D-A-CH bei Facebook\",\"datePublished\":\"2015-02-16T12:16:36+00:00\",\"mainEntityOfPage\":{\"@id\":\"https:\/\/about.fb.com\/de\/news\/2015\/02\/personalmeldung-marianne-doelz\/\"},\"wordCount\":409,\"publisher\":{\"@id\":\"https:\/\/about.fb.com\/de\/#organization\"},\"image\":{\"@id\":\"https:\/\/about.fb.com\/de\/news\/2015\/02\/personalmeldung-marianne-doelz\/#primaryimage\"},\"thumbnailUrl\":\"https:\/\/about.fb.com\/de\/wp-content\/uploads\/sites\/10\/2015\/02\/marianne_portrait_0179.jpg?fit=1417%2C945\",\"keywords\":[\"F. Scott Woods\",\"Marianne D\u00f6lz\",\"Personalmeldung\"],\"articleSection\":[\"Unternehmensmeldungen\"],\"inLanguage\":\"de-DE\"},{\"@type\":\"WebPage\",\"@id\":\"https:\/\/about.fb.com\/de\/news\/2015\/02\/personalmeldung-marianne-doelz\/\",\"url\":\"https:\/\/about.fb.com\/de\/news\/2015\/02\/personalmeldung-marianne-doelz\/\",\"name\":\"Marianne D\u00f6lz ist neue Country Director D-A-CH bei Facebook | \u00dcber Meta\",\"isPartOf\":{\"@id\":\"https:\/\/about.fb.com\/de\/#website\"},\"primaryImageOfPage\":{\"@id\":\"https:\/\/about.fb.com\/de\/news\/2015\/02\/personalmeldung-marianne-doelz\/#primaryimage\"},\"image\":{\"@id\":\"https:\/\/about.fb.com\/de\/news\/2015\/02\/personalmeldung-marianne-doelz\/#primaryimage\"},\"thumbnailUrl\":\"https:\/\/about.fb.com\/de\/wp-content\/uploads\/sites\/10\/2015\/02\/marianne_portrait_0179.jpg?fit=1417%2C945\",\"datePublished\":\"2015-02-16T12:16:36+00:00\",\"breadcrumb\":{\"@id\":\"https:\/\/about.fb.com\/de\/news\/2015\/02\/personalmeldung-marianne-doelz\/#breadcrumb\"},\"inLanguage\":\"de-DE\",\"potentialAction\":[{\"@type\":\"ReadAction\",\"target\":[\"https:\/\/about.fb.com\/de\/news\/2015\/02\/personalmeldung-marianne-doelz\/\"]}],\"author\":\"\u00dcber Meta\"},{\"@type\":\"ImageObject\",\"inLanguage\":\"de-DE\",\"@id\":\"https:\/\/about.fb.com\/de\/news\/2015\/02\/personalmeldung-marianne-doelz\/#primaryimage\",\"url\":\"https:\/\/about.fb.com\/de\/wp-content\/uploads\/sites\/10\/2015\/02\/marianne_portrait_0179.jpg?fit=1417%2C945\",\"contentUrl\":\"https:\/\/about.fb.com\/de\/wp-content\/uploads\/sites\/10\/2015\/02\/marianne_portrait_0179.jpg?fit=1417%2C945\",\"width\":1417,\"height\":945},{\"@type\":\"BreadcrumbList\",\"@id\":\"https:\/\/about.fb.com\/de\/news\/2015\/02\/personalmeldung-marianne-doelz\/#breadcrumb\",\"itemListElement\":[{\"@type\":\"ListItem\",\"position\":1,\"name\":\"Home\",\"item\":\"https:\/\/about.fb.com\/de\/\"},{\"@type\":\"ListItem\",\"position\":2,\"name\":\"Marianne D\u00f6lz ist neue Country Director D-A-CH bei Facebook\"}]},{\"@type\":\"WebSite\",\"@id\":\"https:\/\/about.fb.com\/de\/#website\",\"url\":\"https:\/\/about.fb.com\/news\/\",\"name\":\"\u00dcber Meta\",\"description\":\"\",\"publisher\":{\"@id\":\"https:\/\/about.fb.com\/de\/#organization\"},\"potentialAction\":[{\"@type\":\"SearchAction\",\"target\":{\"@type\":\"EntryPoint\",\"urlTemplate\":\"https:\/\/about.fb.com\/de\/?s={search_term_string}\"},\"query-input\":{\"@type\":\"PropertyValueSpecification\",\"valueRequired\":true,\"valueName\":\"search_term_string\"}}],\"inLanguage\":\"de-DE\",\"alternateName\":[\"Meta Newsroom\",\"Meta\"]},{\"@type\":\"Organization\",\"@id\":\"https:\/\/about.fb.com\/de\/#organization\",\"name\":\"Meta\",\"url\":\"https:\/\/about.fb.com\/de\/\",\"logo\":{\"@type\":\"ImageObject\",\"inLanguage\":\"de-DE\",\"@id\":\"https:\/\/about.fb.com\/de\/#\/schema\/logo\/image\/\",\"url\":\"https:\/\/about.fb.com\/de\/wp-content\/uploads\/sites\/10\/2021\/10\/meta-social-16x9-1.jpg?fit=8000%2C4500\",\"contentUrl\":\"https:\/\/about.fb.com\/de\/wp-content\/uploads\/sites\/10\/2021\/10\/meta-social-16x9-1.jpg?fit=8000%2C4500\",\"width\":8000,\"height\":4500,\"caption\":\"Meta\"},\"image\":{\"@id\":\"https:\/\/about.fb.com\/de\/#\/schema\/logo\/image\/\"}}]}<\/script>\n<!-- \/ Yoast SEO plugin. -->","yoast_head_json":{"title":"Marianne D\u00f6lz ist neue Country Director D-A-CH bei Facebook | \u00dcber Meta","robots":{"index":"index","follow":"follow","max-snippet":"max-snippet:-1","max-image-preview":"max-image-preview:large","max-video-preview":"max-video-preview:-1"},"canonical":"https:\/\/about.fb.com\/de\/news\/2015\/02\/personalmeldung-marianne-doelz\/","og_locale":"de_DE","og_type":"article","og_title":"Marianne D\u00f6lz ist neue Country Director D-A-CH bei Facebook | \u00dcber Meta","og_description":"Wir freuen uns sehr, heute mitteilen zu k\u00f6nnen, dass Marianne D\u00f6lz ab Februar 2015 die Leitung von Facebook in Deutschland, \u00d6sterreich und der Schweiz \u00fcbernehmen wird. Als Country Director D-A-CH tritt sie damit die Nachfolge von F. Scott Woods an, der sich auf eigenen Wunsch neuen Aufgaben innerhalb von Facebook widmen wird. Marianne D\u00f6lz wird an Martin Ott, Managing Director Northern, Central and Eastern Europe bei Facebook, berichten. \u201eScott hat seit 2009 die Entwicklung von Facebook im deutschsprachigen Raum ma\u00dfgeblich mitbestimmt. Dank seiner hervorragenden Arbeit haben wir heute ein starkes Team in Hamburg, Berlin und Dublin, eine enorme Marktpr\u00e4senz und hervorragende Beziehungen mit Kunden, Agenturen und Partnern. Es ist Scott als charismatischem Vordenker zu verdanken, dass Facebook in der Region angekommen und in Hamburg heimisch geworden ist. Wir freuen uns, mit Marianne eine herausragende und im Markt viel gesch\u00e4tzte Nachfolgerin gefunden zu haben.\u201c \u2013 Martin Ott. \u201eDie letzten f\u00fcnfeinhalb Jahre waren sicherlich die bewegtesten, aber auch erf\u00fclltesten\u00a0 meiner bisherigen Laufbahn. Ich bin stolz auf das Team und das, was wir in dieser Zeit zusammen aufgebaut haben. Umso mehr freue ich mich nun, neue Aufgaben innerhalb der wachsenden Markenfamilie von Facebook anzugehen.&#8220;\u00a0\u2013 F. Scott Woods. Marianne D\u00f6lz, 47, hat in den mehr als 25 Jahren ihrer Karriere die Anf\u00e4nge des Privatfernsehens genauso miterlebt wie die nachhaltigen Ver\u00e4nderungen \u00a0des Medienmarktes durch die Digitalisierung. Nach dem Start ihrer Karriere auf Agenturseite, wo sie als Media-Expertin internationale Blue Chips wie Unilever, Allianz oder adidas betreute, wurde sie mit nur 29 Jahren Gesch\u00e4ftsf\u00fchrerin der Hamburger Mediaagentur Initiative Media. Im Jahr 2006 wurde sie CEO von Initiative Deutschland und Mitglied des EMEA Boards von Initiative Media. Nach 22 Jahren auf Agenturseite wechselte sie zur Verlagsgruppe Handelsblatt, bei der sie als Gesch\u00e4ftsf\u00fchrerin die Werbevermarktungs-Tochter iq media marketing leitete und sich f\u00fcr Vertriebs- und Produktmarketing von Handelsblatt und WirtschaftsWoche verantwortlich zeichnete. Die erfahrene Medienmanagerin war in zahlreichen Jurys der Kommunikationswirtschaft vertreten, darunter Cannes Lions (2006) und GWA EFFIE (2007 und 2008). Dar\u00fcber hinaus wurde sie selbst mehrfach ausgezeichnet, darunter \u201aDie 100 Top Frauen der Wirtschaft\u2019 (2010, Handelsblatt) und \u201aTop 100 Manager\u2019 (2010, 2013, werben &amp; verkaufen). Nach vielen Jahren in gro\u00dfen Unternehmen beteiligte sich Marianne D\u00f6lz mit weiteren Partnern an der Hamburger Start-up Motorradschmiede Liberta Motorcycles, um neue Erfahrungen zu sammeln. \u201eDie Leitung von Facebook im deutschsprachigen Raum ist eine Aufgabe, die mich packt und auf die ich mich wahnsinnig freue.\u201c\u00a0\u2013 Marianne D\u00f6lz","og_url":"https:\/\/about.fb.com\/de\/news\/2015\/02\/personalmeldung-marianne-doelz\/","og_site_name":"\u00dcber Meta","article_published_time":"2015-02-16T12:16:36+00:00","og_image":[{"width":1024,"height":683,"url":"https:\/\/about.fb.com\/de\/wp-content\/uploads\/sites\/10\/2015\/02\/marianne_portrait_0179.jpg?resize=1024,683","type":"image\/jpeg"}],"twitter_card":"summary_large_image","twitter_misc":{"Written by":"Meta","Est. reading time":"2 Minuten"},"schema":{"@context":"https:\/\/schema.org","@graph":[{"@type":"Article","@id":"https:\/\/about.fb.com\/de\/news\/2015\/02\/personalmeldung-marianne-doelz\/#article","isPartOf":{"@id":"https:\/\/about.fb.com\/de\/news\/2015\/02\/personalmeldung-marianne-doelz\/"},"author":"Facebook company","headline":"Marianne D\u00f6lz ist neue Country Director D-A-CH bei Facebook","datePublished":"2015-02-16T12:16:36+00:00","mainEntityOfPage":{"@id":"https:\/\/about.fb.com\/de\/news\/2015\/02\/personalmeldung-marianne-doelz\/"},"wordCount":409,"publisher":{"@id":"https:\/\/about.fb.com\/de\/#organization"},"image":{"@id":"https:\/\/about.fb.com\/de\/news\/2015\/02\/personalmeldung-marianne-doelz\/#primaryimage"},"thumbnailUrl":"https:\/\/about.fb.com\/de\/wp-content\/uploads\/sites\/10\/2015\/02\/marianne_portrait_0179.jpg?fit=1417%2C945","keywords":["F. Scott Woods","Marianne D\u00f6lz","Personalmeldung"],"articleSection":["Unternehmensmeldungen"],"inLanguage":"de-DE"},{"@type":"WebPage","@id":"https:\/\/about.fb.com\/de\/news\/2015\/02\/personalmeldung-marianne-doelz\/","url":"https:\/\/about.fb.com\/de\/news\/2015\/02\/personalmeldung-marianne-doelz\/","name":"Marianne D\u00f6lz ist neue Country Director D-A-CH bei Facebook | \u00dcber Meta","isPartOf":{"@id":"https:\/\/about.fb.com\/de\/#website"},"primaryImageOfPage":{"@id":"https:\/\/about.fb.com\/de\/news\/2015\/02\/personalmeldung-marianne-doelz\/#primaryimage"},"image":{"@id":"https:\/\/about.fb.com\/de\/news\/2015\/02\/personalmeldung-marianne-doelz\/#primaryimage"},"thumbnailUrl":"https:\/\/about.fb.com\/de\/wp-content\/uploads\/sites\/10\/2015\/02\/marianne_portrait_0179.jpg?fit=1417%2C945","datePublished":"2015-02-16T12:16:36+00:00","breadcrumb":{"@id":"https:\/\/about.fb.com\/de\/news\/2015\/02\/personalmeldung-marianne-doelz\/#breadcrumb"},"inLanguage":"de-DE","potentialAction":[{"@type":"ReadAction","target":["https:\/\/about.fb.com\/de\/news\/2015\/02\/personalmeldung-marianne-doelz\/"]}],"author":"\u00dcber Meta"},{"@type":"ImageObject","inLanguage":"de-DE","@id":"https:\/\/about.fb.com\/de\/news\/2015\/02\/personalmeldung-marianne-doelz\/#primaryimage","url":"https:\/\/about.fb.com\/de\/wp-content\/uploads\/sites\/10\/2015\/02\/marianne_portrait_0179.jpg?fit=1417%2C945","contentUrl":"https:\/\/about.fb.com\/de\/wp-content\/uploads\/sites\/10\/2015\/02\/marianne_portrait_0179.jpg?fit=1417%2C945","width":1417,"height":945},{"@type":"BreadcrumbList","@id":"https:\/\/about.fb.com\/de\/news\/2015\/02\/personalmeldung-marianne-doelz\/#breadcrumb","itemListElement":[{"@type":"ListItem","position":1,"name":"Home","item":"https:\/\/about.fb.com\/de\/"},{"@type":"ListItem","position":2,"name":"Marianne D\u00f6lz ist neue Country Director D-A-CH bei Facebook"}]},{"@type":"WebSite","@id":"https:\/\/about.fb.com\/de\/#website","url":"https:\/\/about.fb.com\/news\/","name":"\u00dcber Meta","description":"","publisher":{"@id":"https:\/\/about.fb.com\/de\/#organization"},"potentialAction":[{"@type":"SearchAction","target":{"@type":"EntryPoint","urlTemplate":"https:\/\/about.fb.com\/de\/?s={search_term_string}"},"query-input":{"@type":"PropertyValueSpecification","valueRequired":true,"valueName":"search_term_string"}}],"inLanguage":"de-DE","alternateName":["Meta Newsroom","Meta"]},{"@type":"Organization","@id":"https:\/\/about.fb.com\/de\/#organization","name":"Meta","url":"https:\/\/about.fb.com\/de\/","logo":{"@type":"ImageObject","inLanguage":"de-DE","@id":"https:\/\/about.fb.com\/de\/#\/schema\/logo\/image\/","url":"https:\/\/about.fb.com\/de\/wp-content\/uploads\/sites\/10\/2021\/10\/meta-social-16x9-1.jpg?fit=8000%2C4500","contentUrl":"https:\/\/about.fb.com\/de\/wp-content\/uploads\/sites\/10\/2021\/10\/meta-social-16x9-1.jpg?fit=8000%2C4500","width":8000,"height":4500,"caption":"Meta"},"image":{"@id":"https:\/\/about.fb.com\/de\/#\/schema\/logo\/image\/"}}]}},"jetpack_featured_media_url":"https:\/\/about.fb.com\/de\/wp-content\/uploads\/sites\/10\/2015\/02\/marianne_portrait_0179.jpg?fit=1417%2C945","jetpack-related-posts":[],"jetpack_sharing_enabled":true,"amp_enabled":true,"_links":{"self":[{"href":"https:\/\/about.fb.com\/de\/wp-json\/wp\/v2\/posts\/3257","targetHints":{"allow":["GET"]}}],"collection":[{"href":"https:\/\/about.fb.com\/de\/wp-json\/wp\/v2\/posts"}],"about":[{"href":"https:\/\/about.fb.com\/de\/wp-json\/wp\/v2\/types\/post"}],"author":[{"embeddable":true,"href":"https:\/\/about.fb.com\/de\/wp-json\/wp\/v2\/users\/75217639"}],"replies":[{"embeddable":true,"href":"https:\/\/about.fb.com\/de\/wp-json\/wp\/v2\/comments?post=3257"}],"version-history":[{"count":1,"href":"https:\/\/about.fb.com\/de\/wp-json\/wp\/v2\/posts\/3257\/revisions"}],"predecessor-version":[{"id":3265,"href":"https:\/\/about.fb.com\/de\/wp-json\/wp\/v2\/posts\/3257\/revisions\/3265"}],"wp:featuredmedia":[{"embeddable":true,"href":"https:\/\/about.fb.com\/de\/wp-json\/wp\/v2\/media\/3258"}],"wp:attachment":[{"href":"https:\/\/about.fb.com\/de\/wp-json\/wp\/v2\/media?parent=3257"}],"wp:term":[{"taxonomy":"category","embeddable":true,"href":"https:\/\/about.fb.com\/de\/wp-json\/wp\/v2\/categories?post=3257"},{"taxonomy":"post_tag","embeddable":true,"href":"https:\/\/about.fb.com\/de\/wp-json\/wp\/v2\/tags?post=3257"}],"curies":[{"name":"wp","href":"https:\/\/api.w.org\/{rel}","templated":true}]}}