{"id":27624,"date":"2022-11-17T09:30:11","date_gmt":"2022-11-17T08:30:11","guid":{"rendered":"https:\/\/about.fb.com\/de\/?p=27624"},"modified":"2022-11-24T12:12:46","modified_gmt":"2022-11-24T11:12:46","slug":"net-new-der-meta-podcast-folge-6-zum-potential-von-videoformaten","status":"publish","type":"post","link":"https:\/\/about.fb.com\/de\/news\/2022\/11\/net-new-der-meta-podcast-folge-6-zum-potential-von-videoformaten\/","title":{"rendered":"&#8222;Net New &#8211; der Meta Podcast&#8220;: Folge 6 zum Potential von Videoformaten"},"content":{"rendered":"<p><iframe title=\"Spotify Embed: #6 Video - das Potential von Videoformaten auf Social-Media-Plattformen\" style=\"border-radius: 12px\" width=\"100%\" height=\"152\" frameborder=\"0\" allowfullscreen allow=\"autoplay; clipboard-write; encrypted-media; fullscreen; picture-in-picture\" loading=\"lazy\" src=\"https:\/\/open.spotify.com\/embed\/episode\/2MVrmtXUn9ph3IGZacFkVY?si=83951fcfc8fc4d37&#038;utm_source=oembed\"><\/iframe><\/p>\n<h6>Der Podcast ist auch auf <a href=\"https:\/\/netnew.podigee.io\/12-das-potential-von-videoformaten-auf-social-media-plattformen\">Podigee<\/a> und <a href=\"https:\/\/podcasts.apple.com\/de\/podcast\/6-video-das-potential-von-videoformaten-auf-social\/id1638093887?i=1000586515780\">Apple Podcasts<\/a> verf\u00fcgbar.<\/h6>\n<p><span style=\"font-weight: 400\">\u201cNet New &#8211; der Meta Podcast\u201d besch\u00e4ftigt sich damit, was sich in den vergangenen Jahren im Internet getan hat und wo die Reise noch hingeht. Moderiert wird der Podcast von Creatorin und Schauspielerin <\/span><a href=\"https:\/\/www.instagram.com\/janariva\/\"><span style=\"font-weight: 400\">Jana Riva<\/span><\/a><span style=\"font-weight: 400\">. Alle zwei Wochen spricht sie mit Expert*innen und liefert spannende Einblicke in ein aktuelles Thema, darunter das Metaversum, die Post-Cookie-\u00c4ra und die Revolution des Shoppings. Eine Folge dauert etwa 30 Minuten.<\/span><\/p>\n<p><span style=\"font-weight: 400\">In den Wochen zwischen den Folgen werden vertiefende Deep Dives ver\u00f6ffentlicht. F\u00fcr alle, die sich noch intensiver mit dem jeweiligen Thema besch\u00e4ftigen m\u00f6chten.<\/span><\/p>\n<p><strong>Folge 6: Video &#8211; das Potential von Videoformaten auf Social-Media-Plattformen<\/strong><\/p>\n<p>Den Einsatzm\u00f6glichkeiten von Videomaterialien im digitalen Raum sind kaum mehr Grenzen gesetzt. Egal ob durch kurze Clips, Updates aus dem Alltag oder l\u00e4ngeren Inhalten mit vielen Infos: Das Medium ist darauf pr\u00e4destiniert, Humor, Wissen und gleichzeitig spannende Geschichten zu transportieren. Doch wie kam es eigentlich dazu, dass sich Video-Content als DAS Go-To-Medium etabliert hat? Jana Riva nimmt uns in dieser sechsten Folge \u201eNet New &#8211; Der Meta Podcast\u201d mit auf eine Reise durch die Evolution des Video-Contents im Internet.<\/p>\n<p>Der technische Fortschritt hat dazu beigetragen, dass sich das gesamte Nutzungsverhalten der Menschen im Internet angepasst hat. Was fr\u00fcher durch die geringen technischen Mittel und digitalen Infrastrukturen nur in Form von Blogeintr\u00e4gen und Fotos m\u00f6glich war, hat mittlerweile einen exponentiellen Entwicklungssprung nach vorne gemacht. Innovationen wie Videoplattformen und mobile Endger\u00e4te haben dazu beigetragen, neue Gegebenheiten zu etablieren. Mit Datenhighways, die riesige Mengen an Informationen innerhalb von Bruchteilen von Sekunden um die Welt schicken, ist eine fl\u00e4chendeckende und vor allem fl\u00fcssige Internetnutzung m\u00f6glich. Die Einsatzm\u00f6glichkeiten reichen dabei von den verschiedensten Inhalten durch Content Creator bis hin zu gro\u00df angelegten Marketingkampagnen, deren Grenzen nur noch durch die eigene Kreativit\u00e4t gesetzt werden.<\/p>\n<p>Warum das Video als Medium mittlerweile der wichtigste Weg ist, um Geschichten zu erz\u00e4hlen, was es braucht, damit die Message in Videos auch richtig ankommt und wieso der Hype um jegliche Art von Videoinhalten noch lange nicht vorbei ist, erkl\u00e4ren die Expert:innen aus Wirtschaft und Forschung in dieser sechsten Folge \u201eNet New &#8211; Der Meta Podcast\u201d. Mit dabei: Prisca Jansche, Felix M. Berndt, Tim Hendrik Walter, Jin Choi und Mathilde Burnecki.<\/p>\n<p><img data-recalc-dims=\"1\" loading=\"lazy\" decoding=\"async\" class=\"aligncenter size-large wp-image-27627\" src=\"https:\/\/about.fb.com\/de\/wp-content\/uploads\/sites\/10\/2022\/11\/NetNew_neu.jpeg?w=890&#038;resize=890%2C890\" alt=\"\" width=\"890\" height=\"890\" srcset=\"https:\/\/about.fb.com\/de\/wp-content\/uploads\/sites\/10\/2022\/11\/NetNew_neu.jpeg?w=1400 1400w, https:\/\/about.fb.com\/de\/wp-content\/uploads\/sites\/10\/2022\/11\/NetNew_neu.jpeg?w=400 400w, https:\/\/about.fb.com\/de\/wp-content\/uploads\/sites\/10\/2022\/11\/NetNew_neu.jpeg?w=300 300w, https:\/\/about.fb.com\/de\/wp-content\/uploads\/sites\/10\/2022\/11\/NetNew_neu.jpeg?w=768 768w, https:\/\/about.fb.com\/de\/wp-content\/uploads\/sites\/10\/2022\/11\/NetNew_neu.jpeg?w=1024 1024w, https:\/\/about.fb.com\/de\/wp-content\/uploads\/sites\/10\/2022\/11\/NetNew_neu.jpeg?w=220 220w, https:\/\/about.fb.com\/de\/wp-content\/uploads\/sites\/10\/2022\/11\/NetNew_neu.jpeg?w=1080 1080w, https:\/\/about.fb.com\/de\/wp-content\/uploads\/sites\/10\/2022\/11\/NetNew_neu.jpeg?w=600 600w\" sizes=\"auto, (max-width: 890px) 100vw, 890px\" \/><\/p>\n<p>Im begleitenden Deep Dive erkl\u00e4rt Prisca Jansche, warum genau Video Content so ein wichtiger Teil in der Werbestrategie auf sozialen Netzwerken ist und zeigt anhand einer Case Study, wie eine erfolgreiche Videokampagne aussehen kann. Prisca ist Head of Media and Digital bei Eckes-Granini und befasst sich tagt\u00e4glich mit Fragen rund um die Thematik von Videoinhalten f\u00fcr Werbezwecke. Welchen Stellenwert hat Bewegtbild im Werbeumfeld von Social-Media-Plattformen? Wie erreiche ich die Aufmerksamkeit des Kunden, ohne dabei st\u00f6rend zu wirken? Und wie schaffe ich es, meine Message richtig zu platzieren, um den gew\u00fcnschten Thumb-Stopping-Moment zu erreichen? All das und vieles mehr in dieser Folge.<\/p>\n<p><iframe title=\"Spotify Embed: Deep Dive Video: Was macht eine erfolgreiche Video-Werbekampagne aus? - mit Prisca Jansche\" style=\"border-radius: 12px\" width=\"100%\" height=\"152\" frameborder=\"0\" allowfullscreen allow=\"autoplay; clipboard-write; encrypted-media; fullscreen; picture-in-picture\" loading=\"lazy\" src=\"https:\/\/open.spotify.com\/embed\/episode\/2P7YbsTBf8yrX4gM5IQ6Af?si=e4405ac7587245cf&#038;utm_source=oembed\"><\/iframe><\/p>\n","protected":false},"excerpt":{"rendered":"Der Podcast ist auch auf Podigee und Apple Podcasts verf\u00fcgbar. \u201cNet New &#8211; der Meta Podcast\u201d besch\u00e4ftigt sich damit, was sich in den vergangenen Jahren im Internet getan hat und wo die Reise noch hingeht. Moderiert wird der Podcast von Creatorin und Schauspielerin Jana Riva. Alle zwei Wochen spricht sie mit Expert*innen und liefert spannende Einblicke in ein aktuelles Thema, darunter das Metaversum, die Post-Cookie-\u00c4ra und die Revolution des Shoppings. Eine Folge dauert etwa 30 Minuten. In den Wochen zwischen den Folgen werden vertiefende Deep Dives ver\u00f6ffentlicht. F\u00fcr alle, die sich noch intensiver mit dem jeweiligen Thema besch\u00e4ftigen m\u00f6chten. Folge 6: Video &#8211; das Potential von Videoformaten auf Social-Media-Plattformen Den Einsatzm\u00f6glichkeiten von Videomaterialien im digitalen Raum sind kaum mehr Grenzen gesetzt. Egal ob durch kurze Clips, Updates aus dem Alltag oder l\u00e4ngeren Inhalten mit vielen Infos: Das Medium ist darauf pr\u00e4destiniert, Humor, Wissen und gleichzeitig spannende Geschichten zu transportieren. Doch wie kam es eigentlich dazu, dass sich Video-Content als DAS Go-To-Medium etabliert hat? Jana Riva nimmt uns in dieser sechsten Folge \u201eNet New &#8211; Der Meta Podcast\u201d mit auf eine Reise durch die Evolution des Video-Contents im Internet. Der technische Fortschritt hat dazu beigetragen, dass sich das gesamte Nutzungsverhalten der Menschen im Internet angepasst hat. Was fr\u00fcher durch die geringen technischen Mittel und digitalen Infrastrukturen nur in Form von Blogeintr\u00e4gen und Fotos m\u00f6glich war, hat mittlerweile einen exponentiellen Entwicklungssprung nach vorne gemacht. Innovationen wie Videoplattformen und mobile Endger\u00e4te haben dazu beigetragen, neue Gegebenheiten zu etablieren. Mit Datenhighways, die riesige Mengen an Informationen innerhalb von Bruchteilen von Sekunden um die Welt schicken, ist eine fl\u00e4chendeckende und vor allem fl\u00fcssige Internetnutzung m\u00f6glich. Die Einsatzm\u00f6glichkeiten reichen dabei von den verschiedensten Inhalten durch Content Creator bis hin zu gro\u00df angelegten Marketingkampagnen, deren Grenzen nur noch durch die eigene Kreativit\u00e4t gesetzt werden. Warum das Video als Medium mittlerweile der wichtigste Weg ist, um Geschichten zu erz\u00e4hlen, was es braucht, damit die Message in Videos auch richtig ankommt und wieso der Hype um jegliche Art von Videoinhalten noch lange nicht vorbei ist, erkl\u00e4ren die Expert:innen aus Wirtschaft und Forschung in dieser sechsten Folge \u201eNet New &#8211; Der Meta Podcast\u201d. Mit dabei: Prisca Jansche, Felix M. Berndt, Tim Hendrik Walter, Jin Choi und Mathilde Burnecki. Im begleitenden Deep Dive erkl\u00e4rt Prisca Jansche, warum genau Video Content so ein wichtiger Teil in der Werbestrategie auf sozialen Netzwerken ist und zeigt anhand einer Case Study, wie eine erfolgreiche Videokampagne aussehen kann. Prisca ist Head of Media and Digital bei Eckes-Granini und befasst sich tagt\u00e4glich mit Fragen rund um die Thematik von Videoinhalten f\u00fcr Werbezwecke. Welchen Stellenwert hat Bewegtbild im Werbeumfeld von Social-Media-Plattformen? Wie erreiche ich die Aufmerksamkeit des Kunden, ohne dabei st\u00f6rend zu wirken? Und wie schaffe ich es, meine Message richtig zu platzieren, um den gew\u00fcnschten Thumb-Stopping-Moment zu erreichen? All das und vieles mehr in dieser Folge.","protected":false},"author":116770500,"featured_media":27627,"comment_status":"closed","ping_status":"closed","sticky":false,"template":"","format":"standard","meta":{"_jetpack_memberships_contains_paid_content":false,"footnotes":""},"categories":[555973667,555973609,555973477,555973441,518,555973324],"tags":[],"class_list":["post-27624","post","type-post","status-publish","format-standard","has-post-thumbnail","hentry","category-innovation","category-kreativitaet","category-technologies","category-technology-and-innovation","category-trends","category-video"],"yoast_head":"<!-- This site is optimized with the Yoast SEO plugin v27.2 - https:\/\/yoast.com\/product\/yoast-seo-wordpress\/ -->\n<title>&quot;Net New - der Meta Podcast&quot;: Folge 6 zum Potential von Videoformaten | \u00dcber Meta<\/title>\n<meta name=\"robots\" content=\"index, follow, max-snippet:-1, max-image-preview:large, max-video-preview:-1\" \/>\n<link rel=\"canonical\" href=\"https:\/\/about.fb.com\/de\/news\/2022\/11\/net-new-der-meta-podcast-folge-6-zum-potential-von-videoformaten\/\" \/>\n<meta property=\"og:locale\" content=\"de_DE\" \/>\n<meta property=\"og:type\" content=\"article\" \/>\n<meta property=\"og:title\" content=\"&quot;Net New - der Meta Podcast&quot;: Folge 6 zum Potential von Videoformaten | \u00dcber Meta\" \/>\n<meta property=\"og:description\" content=\"Der Podcast ist auch auf Podigee und Apple Podcasts verf\u00fcgbar. \u201cNet New &#8211; der Meta Podcast\u201d besch\u00e4ftigt sich damit, was sich in den vergangenen Jahren im Internet getan hat und wo die Reise noch hingeht. Moderiert wird der Podcast von Creatorin und Schauspielerin Jana Riva. Alle zwei Wochen spricht sie mit Expert*innen und liefert spannende Einblicke in ein aktuelles Thema, darunter das Metaversum, die Post-Cookie-\u00c4ra und die Revolution des Shoppings. Eine Folge dauert etwa 30 Minuten. In den Wochen zwischen den Folgen werden vertiefende Deep Dives ver\u00f6ffentlicht. F\u00fcr alle, die sich noch intensiver mit dem jeweiligen Thema besch\u00e4ftigen m\u00f6chten. Folge 6: Video &#8211; das Potential von Videoformaten auf Social-Media-Plattformen Den Einsatzm\u00f6glichkeiten von Videomaterialien im digitalen Raum sind kaum mehr Grenzen gesetzt. Egal ob durch kurze Clips, Updates aus dem Alltag oder l\u00e4ngeren Inhalten mit vielen Infos: Das Medium ist darauf pr\u00e4destiniert, Humor, Wissen und gleichzeitig spannende Geschichten zu transportieren. Doch wie kam es eigentlich dazu, dass sich Video-Content als DAS Go-To-Medium etabliert hat? Jana Riva nimmt uns in dieser sechsten Folge \u201eNet New &#8211; Der Meta Podcast\u201d mit auf eine Reise durch die Evolution des Video-Contents im Internet. Der technische Fortschritt hat dazu beigetragen, dass sich das gesamte Nutzungsverhalten der Menschen im Internet angepasst hat. Was fr\u00fcher durch die geringen technischen Mittel und digitalen Infrastrukturen nur in Form von Blogeintr\u00e4gen und Fotos m\u00f6glich war, hat mittlerweile einen exponentiellen Entwicklungssprung nach vorne gemacht. Innovationen wie Videoplattformen und mobile Endger\u00e4te haben dazu beigetragen, neue Gegebenheiten zu etablieren. Mit Datenhighways, die riesige Mengen an Informationen innerhalb von Bruchteilen von Sekunden um die Welt schicken, ist eine fl\u00e4chendeckende und vor allem fl\u00fcssige Internetnutzung m\u00f6glich. Die Einsatzm\u00f6glichkeiten reichen dabei von den verschiedensten Inhalten durch Content Creator bis hin zu gro\u00df angelegten Marketingkampagnen, deren Grenzen nur noch durch die eigene Kreativit\u00e4t gesetzt werden. Warum das Video als Medium mittlerweile der wichtigste Weg ist, um Geschichten zu erz\u00e4hlen, was es braucht, damit die Message in Videos auch richtig ankommt und wieso der Hype um jegliche Art von Videoinhalten noch lange nicht vorbei ist, erkl\u00e4ren die Expert:innen aus Wirtschaft und Forschung in dieser sechsten Folge \u201eNet New &#8211; Der Meta Podcast\u201d. Mit dabei: Prisca Jansche, Felix M. Berndt, Tim Hendrik Walter, Jin Choi und Mathilde Burnecki. Im begleitenden Deep Dive erkl\u00e4rt Prisca Jansche, warum genau Video Content so ein wichtiger Teil in der Werbestrategie auf sozialen Netzwerken ist und zeigt anhand einer Case Study, wie eine erfolgreiche Videokampagne aussehen kann. Prisca ist Head of Media and Digital bei Eckes-Granini und befasst sich tagt\u00e4glich mit Fragen rund um die Thematik von Videoinhalten f\u00fcr Werbezwecke. Welchen Stellenwert hat Bewegtbild im Werbeumfeld von Social-Media-Plattformen? Wie erreiche ich die Aufmerksamkeit des Kunden, ohne dabei st\u00f6rend zu wirken? Und wie schaffe ich es, meine Message richtig zu platzieren, um den gew\u00fcnschten Thumb-Stopping-Moment zu erreichen? All das und vieles mehr in dieser Folge.\" \/>\n<meta property=\"og:url\" content=\"https:\/\/about.fb.com\/de\/news\/2022\/11\/net-new-der-meta-podcast-folge-6-zum-potential-von-videoformaten\/\" \/>\n<meta property=\"og:site_name\" content=\"\u00dcber Meta\" \/>\n<meta property=\"article:published_time\" content=\"2022-11-17T08:30:11+00:00\" \/>\n<meta property=\"article:modified_time\" content=\"2022-11-24T11:12:46+00:00\" \/>\n<meta property=\"og:image\" content=\"https:\/\/about.fb.com\/de\/wp-content\/uploads\/sites\/10\/2022\/11\/NetNew_neu.jpeg?resize=1024,1024\" \/>\n\t<meta property=\"og:image:width\" content=\"1024\" \/>\n\t<meta property=\"og:image:height\" content=\"1024\" \/>\n\t<meta property=\"og:image:type\" content=\"image\/jpeg\" \/>\n<meta name=\"author\" content=\"segmentafacebook\" \/>\n<meta name=\"twitter:card\" content=\"summary_large_image\" \/>\n<meta name=\"twitter:label1\" content=\"Written by\" \/>\n\t<meta name=\"twitter:data1\" content=\"Meta\" \/>\n\t<meta name=\"twitter:label2\" content=\"Est. reading time\" \/>\n\t<meta name=\"twitter:data2\" content=\"3 Minuten\" \/>\n<script type=\"application\/ld+json\" class=\"yoast-schema-graph\">{\"@context\":\"https:\/\/schema.org\",\"@graph\":[{\"@type\":\"Article\",\"@id\":\"https:\/\/about.fb.com\/de\/news\/2022\/11\/net-new-der-meta-podcast-folge-6-zum-potential-von-videoformaten\/#article\",\"isPartOf\":{\"@id\":\"https:\/\/about.fb.com\/de\/news\/2022\/11\/net-new-der-meta-podcast-folge-6-zum-potential-von-videoformaten\/\"},\"author\":\"Facebook company\",\"headline\":\"&#8222;Net New &#8211; der Meta Podcast&#8220;: Folge 6 zum Potential von Videoformaten\",\"datePublished\":\"2022-11-17T08:30:11+00:00\",\"dateModified\":\"2022-11-24T11:12:46+00:00\",\"mainEntityOfPage\":{\"@id\":\"https:\/\/about.fb.com\/de\/news\/2022\/11\/net-new-der-meta-podcast-folge-6-zum-potential-von-videoformaten\/\"},\"wordCount\":537,\"publisher\":{\"@id\":\"https:\/\/about.fb.com\/de\/#organization\"},\"image\":{\"@id\":\"https:\/\/about.fb.com\/de\/news\/2022\/11\/net-new-der-meta-podcast-folge-6-zum-potential-von-videoformaten\/#primaryimage\"},\"thumbnailUrl\":\"https:\/\/about.fb.com\/de\/wp-content\/uploads\/sites\/10\/2022\/11\/NetNew_neu.jpeg?fit=1400%2C1400\",\"articleSection\":[\"Innovation\",\"Kreativit\u00e4t\",\"Technologies\",\"Technology and Innovation\",\"Trends\",\"Video\"],\"inLanguage\":\"de-DE\"},{\"@type\":\"WebPage\",\"@id\":\"https:\/\/about.fb.com\/de\/news\/2022\/11\/net-new-der-meta-podcast-folge-6-zum-potential-von-videoformaten\/\",\"url\":\"https:\/\/about.fb.com\/de\/news\/2022\/11\/net-new-der-meta-podcast-folge-6-zum-potential-von-videoformaten\/\",\"name\":\"\\\"Net New - der Meta Podcast\\\": Folge 6 zum Potential von Videoformaten | \u00dcber Meta\",\"isPartOf\":{\"@id\":\"https:\/\/about.fb.com\/de\/#website\"},\"primaryImageOfPage\":{\"@id\":\"https:\/\/about.fb.com\/de\/news\/2022\/11\/net-new-der-meta-podcast-folge-6-zum-potential-von-videoformaten\/#primaryimage\"},\"image\":{\"@id\":\"https:\/\/about.fb.com\/de\/news\/2022\/11\/net-new-der-meta-podcast-folge-6-zum-potential-von-videoformaten\/#primaryimage\"},\"thumbnailUrl\":\"https:\/\/about.fb.com\/de\/wp-content\/uploads\/sites\/10\/2022\/11\/NetNew_neu.jpeg?fit=1400%2C1400\",\"datePublished\":\"2022-11-17T08:30:11+00:00\",\"dateModified\":\"2022-11-24T11:12:46+00:00\",\"breadcrumb\":{\"@id\":\"https:\/\/about.fb.com\/de\/news\/2022\/11\/net-new-der-meta-podcast-folge-6-zum-potential-von-videoformaten\/#breadcrumb\"},\"inLanguage\":\"de-DE\",\"potentialAction\":[{\"@type\":\"ReadAction\",\"target\":[\"https:\/\/about.fb.com\/de\/news\/2022\/11\/net-new-der-meta-podcast-folge-6-zum-potential-von-videoformaten\/\"]}],\"author\":\"\u00dcber Meta\"},{\"@type\":\"ImageObject\",\"inLanguage\":\"de-DE\",\"@id\":\"https:\/\/about.fb.com\/de\/news\/2022\/11\/net-new-der-meta-podcast-folge-6-zum-potential-von-videoformaten\/#primaryimage\",\"url\":\"https:\/\/about.fb.com\/de\/wp-content\/uploads\/sites\/10\/2022\/11\/NetNew_neu.jpeg?fit=1400%2C1400\",\"contentUrl\":\"https:\/\/about.fb.com\/de\/wp-content\/uploads\/sites\/10\/2022\/11\/NetNew_neu.jpeg?fit=1400%2C1400\",\"width\":1400,\"height\":1400},{\"@type\":\"BreadcrumbList\",\"@id\":\"https:\/\/about.fb.com\/de\/news\/2022\/11\/net-new-der-meta-podcast-folge-6-zum-potential-von-videoformaten\/#breadcrumb\",\"itemListElement\":[{\"@type\":\"ListItem\",\"position\":1,\"name\":\"Home\",\"item\":\"https:\/\/about.fb.com\/de\/\"},{\"@type\":\"ListItem\",\"position\":2,\"name\":\"&#8222;Net New &#8211; der Meta Podcast&#8220;: Folge 6 zum Potential von Videoformaten\"}]},{\"@type\":\"WebSite\",\"@id\":\"https:\/\/about.fb.com\/de\/#website\",\"url\":\"https:\/\/about.fb.com\/news\/\",\"name\":\"\u00dcber Meta\",\"description\":\"\",\"publisher\":{\"@id\":\"https:\/\/about.fb.com\/de\/#organization\"},\"potentialAction\":[{\"@type\":\"SearchAction\",\"target\":{\"@type\":\"EntryPoint\",\"urlTemplate\":\"https:\/\/about.fb.com\/de\/?s={search_term_string}\"},\"query-input\":{\"@type\":\"PropertyValueSpecification\",\"valueRequired\":true,\"valueName\":\"search_term_string\"}}],\"inLanguage\":\"de-DE\",\"alternateName\":[\"Meta Newsroom\",\"Meta\"]},{\"@type\":\"Organization\",\"@id\":\"https:\/\/about.fb.com\/de\/#organization\",\"name\":\"Meta\",\"url\":\"https:\/\/about.fb.com\/de\/\",\"logo\":{\"@type\":\"ImageObject\",\"inLanguage\":\"de-DE\",\"@id\":\"https:\/\/about.fb.com\/de\/#\/schema\/logo\/image\/\",\"url\":\"https:\/\/about.fb.com\/de\/wp-content\/uploads\/sites\/10\/2021\/10\/meta-social-16x9-1.jpg?fit=8000%2C4500\",\"contentUrl\":\"https:\/\/about.fb.com\/de\/wp-content\/uploads\/sites\/10\/2021\/10\/meta-social-16x9-1.jpg?fit=8000%2C4500\",\"width\":8000,\"height\":4500,\"caption\":\"Meta\"},\"image\":{\"@id\":\"https:\/\/about.fb.com\/de\/#\/schema\/logo\/image\/\"}}]}<\/script>\n<!-- \/ Yoast SEO plugin. -->","yoast_head_json":{"title":"\"Net New - der Meta Podcast\": Folge 6 zum Potential von Videoformaten | \u00dcber Meta","robots":{"index":"index","follow":"follow","max-snippet":"max-snippet:-1","max-image-preview":"max-image-preview:large","max-video-preview":"max-video-preview:-1"},"canonical":"https:\/\/about.fb.com\/de\/news\/2022\/11\/net-new-der-meta-podcast-folge-6-zum-potential-von-videoformaten\/","og_locale":"de_DE","og_type":"article","og_title":"\"Net New - der Meta Podcast\": Folge 6 zum Potential von Videoformaten | \u00dcber Meta","og_description":"Der Podcast ist auch auf Podigee und Apple Podcasts verf\u00fcgbar. \u201cNet New &#8211; der Meta Podcast\u201d besch\u00e4ftigt sich damit, was sich in den vergangenen Jahren im Internet getan hat und wo die Reise noch hingeht. Moderiert wird der Podcast von Creatorin und Schauspielerin Jana Riva. Alle zwei Wochen spricht sie mit Expert*innen und liefert spannende Einblicke in ein aktuelles Thema, darunter das Metaversum, die Post-Cookie-\u00c4ra und die Revolution des Shoppings. Eine Folge dauert etwa 30 Minuten. In den Wochen zwischen den Folgen werden vertiefende Deep Dives ver\u00f6ffentlicht. F\u00fcr alle, die sich noch intensiver mit dem jeweiligen Thema besch\u00e4ftigen m\u00f6chten. Folge 6: Video &#8211; das Potential von Videoformaten auf Social-Media-Plattformen Den Einsatzm\u00f6glichkeiten von Videomaterialien im digitalen Raum sind kaum mehr Grenzen gesetzt. Egal ob durch kurze Clips, Updates aus dem Alltag oder l\u00e4ngeren Inhalten mit vielen Infos: Das Medium ist darauf pr\u00e4destiniert, Humor, Wissen und gleichzeitig spannende Geschichten zu transportieren. Doch wie kam es eigentlich dazu, dass sich Video-Content als DAS Go-To-Medium etabliert hat? Jana Riva nimmt uns in dieser sechsten Folge \u201eNet New &#8211; Der Meta Podcast\u201d mit auf eine Reise durch die Evolution des Video-Contents im Internet. Der technische Fortschritt hat dazu beigetragen, dass sich das gesamte Nutzungsverhalten der Menschen im Internet angepasst hat. Was fr\u00fcher durch die geringen technischen Mittel und digitalen Infrastrukturen nur in Form von Blogeintr\u00e4gen und Fotos m\u00f6glich war, hat mittlerweile einen exponentiellen Entwicklungssprung nach vorne gemacht. Innovationen wie Videoplattformen und mobile Endger\u00e4te haben dazu beigetragen, neue Gegebenheiten zu etablieren. Mit Datenhighways, die riesige Mengen an Informationen innerhalb von Bruchteilen von Sekunden um die Welt schicken, ist eine fl\u00e4chendeckende und vor allem fl\u00fcssige Internetnutzung m\u00f6glich. Die Einsatzm\u00f6glichkeiten reichen dabei von den verschiedensten Inhalten durch Content Creator bis hin zu gro\u00df angelegten Marketingkampagnen, deren Grenzen nur noch durch die eigene Kreativit\u00e4t gesetzt werden. Warum das Video als Medium mittlerweile der wichtigste Weg ist, um Geschichten zu erz\u00e4hlen, was es braucht, damit die Message in Videos auch richtig ankommt und wieso der Hype um jegliche Art von Videoinhalten noch lange nicht vorbei ist, erkl\u00e4ren die Expert:innen aus Wirtschaft und Forschung in dieser sechsten Folge \u201eNet New &#8211; Der Meta Podcast\u201d. Mit dabei: Prisca Jansche, Felix M. Berndt, Tim Hendrik Walter, Jin Choi und Mathilde Burnecki. Im begleitenden Deep Dive erkl\u00e4rt Prisca Jansche, warum genau Video Content so ein wichtiger Teil in der Werbestrategie auf sozialen Netzwerken ist und zeigt anhand einer Case Study, wie eine erfolgreiche Videokampagne aussehen kann. Prisca ist Head of Media and Digital bei Eckes-Granini und befasst sich tagt\u00e4glich mit Fragen rund um die Thematik von Videoinhalten f\u00fcr Werbezwecke. Welchen Stellenwert hat Bewegtbild im Werbeumfeld von Social-Media-Plattformen? Wie erreiche ich die Aufmerksamkeit des Kunden, ohne dabei st\u00f6rend zu wirken? Und wie schaffe ich es, meine Message richtig zu platzieren, um den gew\u00fcnschten Thumb-Stopping-Moment zu erreichen? All das und vieles mehr in dieser Folge.","og_url":"https:\/\/about.fb.com\/de\/news\/2022\/11\/net-new-der-meta-podcast-folge-6-zum-potential-von-videoformaten\/","og_site_name":"\u00dcber Meta","article_published_time":"2022-11-17T08:30:11+00:00","article_modified_time":"2022-11-24T11:12:46+00:00","og_image":[{"width":1024,"height":1024,"url":"https:\/\/about.fb.com\/de\/wp-content\/uploads\/sites\/10\/2022\/11\/NetNew_neu.jpeg?resize=1024,1024","type":"image\/jpeg"}],"author":"segmentafacebook","twitter_card":"summary_large_image","twitter_misc":{"Written by":"Meta","Est. reading time":"3 Minuten"},"schema":{"@context":"https:\/\/schema.org","@graph":[{"@type":"Article","@id":"https:\/\/about.fb.com\/de\/news\/2022\/11\/net-new-der-meta-podcast-folge-6-zum-potential-von-videoformaten\/#article","isPartOf":{"@id":"https:\/\/about.fb.com\/de\/news\/2022\/11\/net-new-der-meta-podcast-folge-6-zum-potential-von-videoformaten\/"},"author":"Facebook company","headline":"&#8222;Net New &#8211; der Meta Podcast&#8220;: Folge 6 zum Potential von Videoformaten","datePublished":"2022-11-17T08:30:11+00:00","dateModified":"2022-11-24T11:12:46+00:00","mainEntityOfPage":{"@id":"https:\/\/about.fb.com\/de\/news\/2022\/11\/net-new-der-meta-podcast-folge-6-zum-potential-von-videoformaten\/"},"wordCount":537,"publisher":{"@id":"https:\/\/about.fb.com\/de\/#organization"},"image":{"@id":"https:\/\/about.fb.com\/de\/news\/2022\/11\/net-new-der-meta-podcast-folge-6-zum-potential-von-videoformaten\/#primaryimage"},"thumbnailUrl":"https:\/\/about.fb.com\/de\/wp-content\/uploads\/sites\/10\/2022\/11\/NetNew_neu.jpeg?fit=1400%2C1400","articleSection":["Innovation","Kreativit\u00e4t","Technologies","Technology and Innovation","Trends","Video"],"inLanguage":"de-DE"},{"@type":"WebPage","@id":"https:\/\/about.fb.com\/de\/news\/2022\/11\/net-new-der-meta-podcast-folge-6-zum-potential-von-videoformaten\/","url":"https:\/\/about.fb.com\/de\/news\/2022\/11\/net-new-der-meta-podcast-folge-6-zum-potential-von-videoformaten\/","name":"\"Net New - der Meta Podcast\": Folge 6 zum Potential von Videoformaten | \u00dcber Meta","isPartOf":{"@id":"https:\/\/about.fb.com\/de\/#website"},"primaryImageOfPage":{"@id":"https:\/\/about.fb.com\/de\/news\/2022\/11\/net-new-der-meta-podcast-folge-6-zum-potential-von-videoformaten\/#primaryimage"},"image":{"@id":"https:\/\/about.fb.com\/de\/news\/2022\/11\/net-new-der-meta-podcast-folge-6-zum-potential-von-videoformaten\/#primaryimage"},"thumbnailUrl":"https:\/\/about.fb.com\/de\/wp-content\/uploads\/sites\/10\/2022\/11\/NetNew_neu.jpeg?fit=1400%2C1400","datePublished":"2022-11-17T08:30:11+00:00","dateModified":"2022-11-24T11:12:46+00:00","breadcrumb":{"@id":"https:\/\/about.fb.com\/de\/news\/2022\/11\/net-new-der-meta-podcast-folge-6-zum-potential-von-videoformaten\/#breadcrumb"},"inLanguage":"de-DE","potentialAction":[{"@type":"ReadAction","target":["https:\/\/about.fb.com\/de\/news\/2022\/11\/net-new-der-meta-podcast-folge-6-zum-potential-von-videoformaten\/"]}],"author":"\u00dcber Meta"},{"@type":"ImageObject","inLanguage":"de-DE","@id":"https:\/\/about.fb.com\/de\/news\/2022\/11\/net-new-der-meta-podcast-folge-6-zum-potential-von-videoformaten\/#primaryimage","url":"https:\/\/about.fb.com\/de\/wp-content\/uploads\/sites\/10\/2022\/11\/NetNew_neu.jpeg?fit=1400%2C1400","contentUrl":"https:\/\/about.fb.com\/de\/wp-content\/uploads\/sites\/10\/2022\/11\/NetNew_neu.jpeg?fit=1400%2C1400","width":1400,"height":1400},{"@type":"BreadcrumbList","@id":"https:\/\/about.fb.com\/de\/news\/2022\/11\/net-new-der-meta-podcast-folge-6-zum-potential-von-videoformaten\/#breadcrumb","itemListElement":[{"@type":"ListItem","position":1,"name":"Home","item":"https:\/\/about.fb.com\/de\/"},{"@type":"ListItem","position":2,"name":"&#8222;Net New &#8211; der Meta Podcast&#8220;: Folge 6 zum Potential von Videoformaten"}]},{"@type":"WebSite","@id":"https:\/\/about.fb.com\/de\/#website","url":"https:\/\/about.fb.com\/news\/","name":"\u00dcber Meta","description":"","publisher":{"@id":"https:\/\/about.fb.com\/de\/#organization"},"potentialAction":[{"@type":"SearchAction","target":{"@type":"EntryPoint","urlTemplate":"https:\/\/about.fb.com\/de\/?s={search_term_string}"},"query-input":{"@type":"PropertyValueSpecification","valueRequired":true,"valueName":"search_term_string"}}],"inLanguage":"de-DE","alternateName":["Meta Newsroom","Meta"]},{"@type":"Organization","@id":"https:\/\/about.fb.com\/de\/#organization","name":"Meta","url":"https:\/\/about.fb.com\/de\/","logo":{"@type":"ImageObject","inLanguage":"de-DE","@id":"https:\/\/about.fb.com\/de\/#\/schema\/logo\/image\/","url":"https:\/\/about.fb.com\/de\/wp-content\/uploads\/sites\/10\/2021\/10\/meta-social-16x9-1.jpg?fit=8000%2C4500","contentUrl":"https:\/\/about.fb.com\/de\/wp-content\/uploads\/sites\/10\/2021\/10\/meta-social-16x9-1.jpg?fit=8000%2C4500","width":8000,"height":4500,"caption":"Meta"},"image":{"@id":"https:\/\/about.fb.com\/de\/#\/schema\/logo\/image\/"}}]}},"jetpack_featured_media_url":"https:\/\/about.fb.com\/de\/wp-content\/uploads\/sites\/10\/2022\/11\/NetNew_neu.jpeg?fit=1400%2C1400","jetpack-related-posts":[],"jetpack_sharing_enabled":true,"amp_enabled":true,"_links":{"self":[{"href":"https:\/\/about.fb.com\/de\/wp-json\/wp\/v2\/posts\/27624","targetHints":{"allow":["GET"]}}],"collection":[{"href":"https:\/\/about.fb.com\/de\/wp-json\/wp\/v2\/posts"}],"about":[{"href":"https:\/\/about.fb.com\/de\/wp-json\/wp\/v2\/types\/post"}],"author":[{"embeddable":true,"href":"https:\/\/about.fb.com\/de\/wp-json\/wp\/v2\/users\/116770500"}],"replies":[{"embeddable":true,"href":"https:\/\/about.fb.com\/de\/wp-json\/wp\/v2\/comments?post=27624"}],"version-history":[{"count":4,"href":"https:\/\/about.fb.com\/de\/wp-json\/wp\/v2\/posts\/27624\/revisions"}],"predecessor-version":[{"id":27630,"href":"https:\/\/about.fb.com\/de\/wp-json\/wp\/v2\/posts\/27624\/revisions\/27630"}],"wp:featuredmedia":[{"embeddable":true,"href":"https:\/\/about.fb.com\/de\/wp-json\/wp\/v2\/media\/27627"}],"wp:attachment":[{"href":"https:\/\/about.fb.com\/de\/wp-json\/wp\/v2\/media?parent=27624"}],"wp:term":[{"taxonomy":"category","embeddable":true,"href":"https:\/\/about.fb.com\/de\/wp-json\/wp\/v2\/categories?post=27624"},{"taxonomy":"post_tag","embeddable":true,"href":"https:\/\/about.fb.com\/de\/wp-json\/wp\/v2\/tags?post=27624"}],"curies":[{"name":"wp","href":"https:\/\/api.w.org\/{rel}","templated":true}]}}