{"id":27309,"date":"2022-08-11T07:28:01","date_gmt":"2022-08-11T06:28:01","guid":{"rendered":"https:\/\/about.fb.com\/de\/?p=27309"},"modified":"2022-08-18T09:23:19","modified_gmt":"2022-08-18T08:23:19","slug":"net-new-der-meta-podcast-klaert-ab-11-august-2022-fragen-rund-ums-internet","status":"publish","type":"post","link":"https:\/\/about.fb.com\/de\/news\/2022\/08\/net-new-der-meta-podcast-klaert-ab-11-august-2022-fragen-rund-ums-internet\/","title":{"rendered":"\u201cNet New &#8211; der Meta Podcast\u201d kl\u00e4rt ab 11. August 2022 Fragen rund ums Internet"},"content":{"rendered":"<p><iframe title=\"Spotify Embed: #1 Metaversum - die Zukunft des Internets\" style=\"border-radius: 12px\" width=\"100%\" height=\"152\" frameborder=\"0\" allowfullscreen allow=\"autoplay; clipboard-write; encrypted-media; fullscreen; picture-in-picture\" loading=\"lazy\" src=\"https:\/\/open.spotify.com\/embed\/episode\/5mi1TrKfvwKveCjA8Y8Vw4?utm_source=oembed\"><\/iframe><\/p>\n<h6>Der Podcast ist auch auf <a href=\"https:\/\/netnew.podigee.io\/2-1-metaversum-die-zukunft-des-internets\">Podigee<\/a> und <a href=\"https:\/\/podcasts.apple.com\/de\/podcast\/1-metaversum-die-zukunft-des-internets\/id1638093887?i=1000575719088\">Apple Podcasts<\/a> verf\u00fcgbar.<\/h6>\n<p><span style=\"font-weight: 400\">Am 11. August 2022 startet der neue Podcast von Meta. \u201cNet New &#8211; der Meta Podcast\u201d besch\u00e4ftigt sich damit, was sich in den vergangenen Jahren im Internet getan hat und wo die Reise noch hingeht. Moderiert wird der Podcast von Creatorin und Schauspielerin <\/span><a href=\"https:\/\/www.instagram.com\/janariva\/\"><span style=\"font-weight: 400\">Jana Riva<\/span><\/a><span style=\"font-weight: 400\">. Alle zwei Wochen spricht sie mit Expert*innen und liefert spannende Einblicke in ein aktuelles Thema, darunter das Metaversum, die Post-Cookie-\u00c4ra und die Revolution des Shoppings. Eine Folge dauert etwa 30 Minuten.<\/span><\/p>\n<p><span style=\"font-weight: 400\">In den Wochen zwischen den Folgen werden vertiefende Deep Dives ver\u00f6ffentlicht. F\u00fcr alle, die sich noch intensiver mit dem jeweiligen Thema besch\u00e4ftigen m\u00f6chten.<\/span><\/p>\n<p><b>Folge 1: Metaversum &#8211; die Zukunft des Internets<br \/>\n<\/b><span style=\"font-weight: 400\">In der ersten Folge geht es um das Metaversum. Expert*innen aus Wirtschaft und Forschung erkl\u00e4ren, was heutige VR\/AR Experiences noch vom Metaversum trennt, warum es das Metaversum noch nicht gibt und woran man ein \u201eechtes\u201c Metaversum \u00fcberhaupt erkennen kann. Gespr\u00e4chspartner*innen in der ersten Folge sind der Wirtschaftswissenschaftler Prof. Dr. Thorsten Henning-Thurau, die Informatikerin Johanna Pirker, der Kulturmanager Moritz van D\u00fclmen sowie Constanze Osei (Head of Society &amp; Innovation Policy DACH) und Peer Woerpel (Creative Agency Partner) von Meta.<\/span><\/p>\n<p><img data-recalc-dims=\"1\" loading=\"lazy\" decoding=\"async\" class=\"aligncenter wp-image-27324 size-large\" src=\"https:\/\/about.fb.com\/de\/wp-content\/uploads\/sites\/10\/2022\/08\/NetNew_Final_Linkedin.png?w=890&#038;resize=890%2C466\" alt=\"\" width=\"890\" height=\"466\" srcset=\"https:\/\/about.fb.com\/de\/wp-content\/uploads\/sites\/10\/2022\/08\/NetNew_Final_Linkedin.png?w=1080 1080w, https:\/\/about.fb.com\/de\/wp-content\/uploads\/sites\/10\/2022\/08\/NetNew_Final_Linkedin.png?w=600 600w, https:\/\/about.fb.com\/de\/wp-content\/uploads\/sites\/10\/2022\/08\/NetNew_Final_Linkedin.png?w=300 300w, https:\/\/about.fb.com\/de\/wp-content\/uploads\/sites\/10\/2022\/08\/NetNew_Final_Linkedin.png?w=768 768w, https:\/\/about.fb.com\/de\/wp-content\/uploads\/sites\/10\/2022\/08\/NetNew_Final_Linkedin.png?w=1024 1024w, https:\/\/about.fb.com\/de\/wp-content\/uploads\/sites\/10\/2022\/08\/NetNew_Final_Linkedin.png?w=800 800w\" sizes=\"auto, (max-width: 890px) 100vw, 890px\" \/><\/p>\n<p><span style=\"font-weight: 400\">Im zugeh\u00f6rigen Deep Dive spricht Jana Riva mit Constanze Osei dazu, wem das Metaversum geh\u00f6rt und wie man auf Fragen antwortet, die eigentlich noch gar nicht gestellt werden k\u00f6nnen.\u00a0<\/span><\/p>\n<p><iframe title=\"Spotify Embed: Deep Dive Metaversum:\u00a0Wie\u00a0sieht\u00a0das\u00a0Internet der Zukunft aus? - mit Constanze Osei\" style=\"border-radius: 12px\" width=\"100%\" height=\"152\" frameborder=\"0\" allowfullscreen allow=\"autoplay; clipboard-write; encrypted-media; fullscreen; picture-in-picture\" loading=\"lazy\" src=\"https:\/\/open.spotify.com\/embed\/episode\/5ym4s6DYNBIrr1v2ezDE8i?utm_source=oembed\"><\/iframe><\/p>\n","protected":false},"excerpt":{"rendered":"Der Podcast ist auch auf Podigee und Apple Podcasts verf\u00fcgbar. Am 11. August 2022 startet der neue Podcast von Meta. \u201cNet New &#8211; der Meta Podcast\u201d besch\u00e4ftigt sich damit, was sich in den vergangenen Jahren im Internet getan hat und wo die Reise noch hingeht. Moderiert wird der Podcast von Creatorin und Schauspielerin Jana Riva. Alle zwei Wochen spricht sie mit Expert*innen und liefert spannende Einblicke in ein aktuelles Thema, darunter das Metaversum, die Post-Cookie-\u00c4ra und die Revolution des Shoppings. Eine Folge dauert etwa 30 Minuten. In den Wochen zwischen den Folgen werden vertiefende Deep Dives ver\u00f6ffentlicht. F\u00fcr alle, die sich noch intensiver mit dem jeweiligen Thema besch\u00e4ftigen m\u00f6chten. Folge 1: Metaversum &#8211; die Zukunft des Internets In der ersten Folge geht es um das Metaversum. Expert*innen aus Wirtschaft und Forschung erkl\u00e4ren, was heutige VR\/AR Experiences noch vom Metaversum trennt, warum es das Metaversum noch nicht gibt und woran man ein \u201eechtes\u201c Metaversum \u00fcberhaupt erkennen kann. Gespr\u00e4chspartner*innen in der ersten Folge sind der Wirtschaftswissenschaftler Prof. Dr. Thorsten Henning-Thurau, die Informatikerin Johanna Pirker, der Kulturmanager Moritz van D\u00fclmen sowie Constanze Osei (Head of Society &amp; Innovation Policy DACH) und Peer Woerpel (Creative Agency Partner) von Meta. Im zugeh\u00f6rigen Deep Dive spricht Jana Riva mit Constanze Osei dazu, wem das Metaversum geh\u00f6rt und wie man auf Fragen antwortet, die eigentlich noch gar nicht gestellt werden k\u00f6nnen.\u00a0","protected":false},"author":116770500,"featured_media":0,"comment_status":"closed","ping_status":"closed","sticky":false,"template":"","format":"standard","meta":{"_jetpack_memberships_contains_paid_content":false,"footnotes":""},"categories":[555973609,555973442,555973477,555973441,555973668],"tags":[555973652,555973587],"class_list":["post-27309","post","type-post","status-publish","format-standard","hentry","category-kreativitaet","category-meta","category-technologies","category-technology-and-innovation","category-virtual-reality","tag-metaversum","tag-podcast"],"yoast_head":"<!-- This site is optimized with the Yoast SEO plugin v27.2 - https:\/\/yoast.com\/product\/yoast-seo-wordpress\/ -->\n<title>\u201cNet New - der Meta Podcast\u201d kl\u00e4rt ab 11. August 2022 Fragen rund ums Internet | \u00dcber Meta<\/title>\n<meta name=\"robots\" content=\"index, follow, max-snippet:-1, max-image-preview:large, max-video-preview:-1\" \/>\n<link rel=\"canonical\" href=\"https:\/\/about.fb.com\/de\/news\/2022\/08\/net-new-der-meta-podcast-klaert-ab-11-august-2022-fragen-rund-ums-internet\/\" \/>\n<meta property=\"og:locale\" content=\"de_DE\" \/>\n<meta property=\"og:type\" content=\"article\" \/>\n<meta property=\"og:title\" content=\"\u201cNet New - der Meta Podcast\u201d kl\u00e4rt ab 11. August 2022 Fragen rund ums Internet | \u00dcber Meta\" \/>\n<meta property=\"og:description\" content=\"Der Podcast ist auch auf Podigee und Apple Podcasts verf\u00fcgbar. Am 11. August 2022 startet der neue Podcast von Meta. \u201cNet New &#8211; der Meta Podcast\u201d besch\u00e4ftigt sich damit, was sich in den vergangenen Jahren im Internet getan hat und wo die Reise noch hingeht. Moderiert wird der Podcast von Creatorin und Schauspielerin Jana Riva. Alle zwei Wochen spricht sie mit Expert*innen und liefert spannende Einblicke in ein aktuelles Thema, darunter das Metaversum, die Post-Cookie-\u00c4ra und die Revolution des Shoppings. Eine Folge dauert etwa 30 Minuten. In den Wochen zwischen den Folgen werden vertiefende Deep Dives ver\u00f6ffentlicht. F\u00fcr alle, die sich noch intensiver mit dem jeweiligen Thema besch\u00e4ftigen m\u00f6chten. Folge 1: Metaversum &#8211; die Zukunft des Internets In der ersten Folge geht es um das Metaversum. Expert*innen aus Wirtschaft und Forschung erkl\u00e4ren, was heutige VR\/AR Experiences noch vom Metaversum trennt, warum es das Metaversum noch nicht gibt und woran man ein \u201eechtes\u201c Metaversum \u00fcberhaupt erkennen kann. Gespr\u00e4chspartner*innen in der ersten Folge sind der Wirtschaftswissenschaftler Prof. Dr. Thorsten Henning-Thurau, die Informatikerin Johanna Pirker, der Kulturmanager Moritz van D\u00fclmen sowie Constanze Osei (Head of Society &amp; Innovation Policy DACH) und Peer Woerpel (Creative Agency Partner) von Meta. Im zugeh\u00f6rigen Deep Dive spricht Jana Riva mit Constanze Osei dazu, wem das Metaversum geh\u00f6rt und wie man auf Fragen antwortet, die eigentlich noch gar nicht gestellt werden k\u00f6nnen.\u00a0\" \/>\n<meta property=\"og:url\" content=\"https:\/\/about.fb.com\/de\/news\/2022\/08\/net-new-der-meta-podcast-klaert-ab-11-august-2022-fragen-rund-ums-internet\/\" \/>\n<meta property=\"og:site_name\" content=\"\u00dcber Meta\" \/>\n<meta property=\"article:published_time\" content=\"2022-08-11T06:28:01+00:00\" \/>\n<meta property=\"article:modified_time\" content=\"2022-08-18T08:23:19+00:00\" \/>\n<meta property=\"og:image\" content=\"https:\/\/about.fb.com\/de\/wp-content\/uploads\/sites\/10\/2022\/08\/NetNew_Final_Linkedin.png?w=890\" \/>\n<meta name=\"author\" content=\"segmentafacebook\" \/>\n<meta name=\"twitter:card\" content=\"summary_large_image\" \/>\n<meta name=\"twitter:label1\" content=\"Written by\" \/>\n\t<meta name=\"twitter:data1\" content=\"Meta\" \/>\n\t<meta name=\"twitter:label2\" content=\"Est. reading time\" \/>\n\t<meta name=\"twitter:data2\" content=\"2 Minuten\" \/>\n<script type=\"application\/ld+json\" class=\"yoast-schema-graph\">{\"@context\":\"https:\/\/schema.org\",\"@graph\":[{\"@type\":\"Article\",\"@id\":\"https:\/\/about.fb.com\/de\/news\/2022\/08\/net-new-der-meta-podcast-klaert-ab-11-august-2022-fragen-rund-ums-internet\/#article\",\"isPartOf\":{\"@id\":\"https:\/\/about.fb.com\/de\/news\/2022\/08\/net-new-der-meta-podcast-klaert-ab-11-august-2022-fragen-rund-ums-internet\/\"},\"author\":\"Facebook company\",\"headline\":\"\u201cNet New &#8211; der Meta Podcast\u201d kl\u00e4rt ab 11. August 2022 Fragen rund ums Internet\",\"datePublished\":\"2022-08-11T06:28:01+00:00\",\"dateModified\":\"2022-08-18T08:23:19+00:00\",\"mainEntityOfPage\":{\"@id\":\"https:\/\/about.fb.com\/de\/news\/2022\/08\/net-new-der-meta-podcast-klaert-ab-11-august-2022-fragen-rund-ums-internet\/\"},\"wordCount\":275,\"publisher\":{\"@id\":\"https:\/\/about.fb.com\/de\/#organization\"},\"image\":{\"@id\":\"https:\/\/about.fb.com\/de\/news\/2022\/08\/net-new-der-meta-podcast-klaert-ab-11-august-2022-fragen-rund-ums-internet\/#primaryimage\"},\"thumbnailUrl\":\"https:\/\/about.fb.com\/de\/wp-content\/uploads\/sites\/10\/2022\/08\/NetNew_Final_Linkedin.png?w=890\",\"keywords\":[\"Metaversum\",\"Podcast\"],\"articleSection\":[\"Kreativit\u00e4t\",\"Meta\",\"Technologies\",\"Technology and Innovation\",\"Virtual Reality\"],\"inLanguage\":\"de-DE\"},{\"@type\":\"WebPage\",\"@id\":\"https:\/\/about.fb.com\/de\/news\/2022\/08\/net-new-der-meta-podcast-klaert-ab-11-august-2022-fragen-rund-ums-internet\/\",\"url\":\"https:\/\/about.fb.com\/de\/news\/2022\/08\/net-new-der-meta-podcast-klaert-ab-11-august-2022-fragen-rund-ums-internet\/\",\"name\":\"\u201cNet New - der Meta Podcast\u201d kl\u00e4rt ab 11. August 2022 Fragen rund ums Internet | \u00dcber Meta\",\"isPartOf\":{\"@id\":\"https:\/\/about.fb.com\/de\/#website\"},\"primaryImageOfPage\":{\"@id\":\"https:\/\/about.fb.com\/de\/news\/2022\/08\/net-new-der-meta-podcast-klaert-ab-11-august-2022-fragen-rund-ums-internet\/#primaryimage\"},\"image\":{\"@id\":\"https:\/\/about.fb.com\/de\/news\/2022\/08\/net-new-der-meta-podcast-klaert-ab-11-august-2022-fragen-rund-ums-internet\/#primaryimage\"},\"thumbnailUrl\":\"https:\/\/about.fb.com\/de\/wp-content\/uploads\/sites\/10\/2022\/08\/NetNew_Final_Linkedin.png?w=890\",\"datePublished\":\"2022-08-11T06:28:01+00:00\",\"dateModified\":\"2022-08-18T08:23:19+00:00\",\"breadcrumb\":{\"@id\":\"https:\/\/about.fb.com\/de\/news\/2022\/08\/net-new-der-meta-podcast-klaert-ab-11-august-2022-fragen-rund-ums-internet\/#breadcrumb\"},\"inLanguage\":\"de-DE\",\"potentialAction\":[{\"@type\":\"ReadAction\",\"target\":[\"https:\/\/about.fb.com\/de\/news\/2022\/08\/net-new-der-meta-podcast-klaert-ab-11-august-2022-fragen-rund-ums-internet\/\"]}],\"author\":\"\u00dcber Meta\"},{\"@type\":\"ImageObject\",\"inLanguage\":\"de-DE\",\"@id\":\"https:\/\/about.fb.com\/de\/news\/2022\/08\/net-new-der-meta-podcast-klaert-ab-11-august-2022-fragen-rund-ums-internet\/#primaryimage\",\"url\":\"https:\/\/about.fb.com\/de\/wp-content\/uploads\/sites\/10\/2022\/08\/NetNew_Final_Linkedin.png?w=890\",\"contentUrl\":\"https:\/\/about.fb.com\/de\/wp-content\/uploads\/sites\/10\/2022\/08\/NetNew_Final_Linkedin.png?w=890\"},{\"@type\":\"BreadcrumbList\",\"@id\":\"https:\/\/about.fb.com\/de\/news\/2022\/08\/net-new-der-meta-podcast-klaert-ab-11-august-2022-fragen-rund-ums-internet\/#breadcrumb\",\"itemListElement\":[{\"@type\":\"ListItem\",\"position\":1,\"name\":\"Home\",\"item\":\"https:\/\/about.fb.com\/de\/\"},{\"@type\":\"ListItem\",\"position\":2,\"name\":\"\u201cNet New &#8211; der Meta Podcast\u201d kl\u00e4rt ab 11. August 2022 Fragen rund ums Internet\"}]},{\"@type\":\"WebSite\",\"@id\":\"https:\/\/about.fb.com\/de\/#website\",\"url\":\"https:\/\/about.fb.com\/news\/\",\"name\":\"\u00dcber Meta\",\"description\":\"\",\"publisher\":{\"@id\":\"https:\/\/about.fb.com\/de\/#organization\"},\"potentialAction\":[{\"@type\":\"SearchAction\",\"target\":{\"@type\":\"EntryPoint\",\"urlTemplate\":\"https:\/\/about.fb.com\/de\/?s={search_term_string}\"},\"query-input\":{\"@type\":\"PropertyValueSpecification\",\"valueRequired\":true,\"valueName\":\"search_term_string\"}}],\"inLanguage\":\"de-DE\",\"alternateName\":[\"Meta Newsroom\",\"Meta\"]},{\"@type\":\"Organization\",\"@id\":\"https:\/\/about.fb.com\/de\/#organization\",\"name\":\"Meta\",\"url\":\"https:\/\/about.fb.com\/de\/\",\"logo\":{\"@type\":\"ImageObject\",\"inLanguage\":\"de-DE\",\"@id\":\"https:\/\/about.fb.com\/de\/#\/schema\/logo\/image\/\",\"url\":\"https:\/\/about.fb.com\/de\/wp-content\/uploads\/sites\/10\/2021\/10\/meta-social-16x9-1.jpg?fit=8000%2C4500\",\"contentUrl\":\"https:\/\/about.fb.com\/de\/wp-content\/uploads\/sites\/10\/2021\/10\/meta-social-16x9-1.jpg?fit=8000%2C4500\",\"width\":8000,\"height\":4500,\"caption\":\"Meta\"},\"image\":{\"@id\":\"https:\/\/about.fb.com\/de\/#\/schema\/logo\/image\/\"}}]}<\/script>\n<!-- \/ Yoast SEO plugin. -->","yoast_head_json":{"title":"\u201cNet New - der Meta Podcast\u201d kl\u00e4rt ab 11. August 2022 Fragen rund ums Internet | \u00dcber Meta","robots":{"index":"index","follow":"follow","max-snippet":"max-snippet:-1","max-image-preview":"max-image-preview:large","max-video-preview":"max-video-preview:-1"},"canonical":"https:\/\/about.fb.com\/de\/news\/2022\/08\/net-new-der-meta-podcast-klaert-ab-11-august-2022-fragen-rund-ums-internet\/","og_locale":"de_DE","og_type":"article","og_title":"\u201cNet New - der Meta Podcast\u201d kl\u00e4rt ab 11. August 2022 Fragen rund ums Internet | \u00dcber Meta","og_description":"Der Podcast ist auch auf Podigee und Apple Podcasts verf\u00fcgbar. Am 11. August 2022 startet der neue Podcast von Meta. \u201cNet New &#8211; der Meta Podcast\u201d besch\u00e4ftigt sich damit, was sich in den vergangenen Jahren im Internet getan hat und wo die Reise noch hingeht. Moderiert wird der Podcast von Creatorin und Schauspielerin Jana Riva. Alle zwei Wochen spricht sie mit Expert*innen und liefert spannende Einblicke in ein aktuelles Thema, darunter das Metaversum, die Post-Cookie-\u00c4ra und die Revolution des Shoppings. Eine Folge dauert etwa 30 Minuten. In den Wochen zwischen den Folgen werden vertiefende Deep Dives ver\u00f6ffentlicht. F\u00fcr alle, die sich noch intensiver mit dem jeweiligen Thema besch\u00e4ftigen m\u00f6chten. Folge 1: Metaversum &#8211; die Zukunft des Internets In der ersten Folge geht es um das Metaversum. Expert*innen aus Wirtschaft und Forschung erkl\u00e4ren, was heutige VR\/AR Experiences noch vom Metaversum trennt, warum es das Metaversum noch nicht gibt und woran man ein \u201eechtes\u201c Metaversum \u00fcberhaupt erkennen kann. Gespr\u00e4chspartner*innen in der ersten Folge sind der Wirtschaftswissenschaftler Prof. Dr. Thorsten Henning-Thurau, die Informatikerin Johanna Pirker, der Kulturmanager Moritz van D\u00fclmen sowie Constanze Osei (Head of Society &amp; Innovation Policy DACH) und Peer Woerpel (Creative Agency Partner) von Meta. Im zugeh\u00f6rigen Deep Dive spricht Jana Riva mit Constanze Osei dazu, wem das Metaversum geh\u00f6rt und wie man auf Fragen antwortet, die eigentlich noch gar nicht gestellt werden k\u00f6nnen.\u00a0","og_url":"https:\/\/about.fb.com\/de\/news\/2022\/08\/net-new-der-meta-podcast-klaert-ab-11-august-2022-fragen-rund-ums-internet\/","og_site_name":"\u00dcber Meta","article_published_time":"2022-08-11T06:28:01+00:00","article_modified_time":"2022-08-18T08:23:19+00:00","og_image":[{"url":"https:\/\/about.fb.com\/de\/wp-content\/uploads\/sites\/10\/2022\/08\/NetNew_Final_Linkedin.png?w=890","type":"","width":"","height":""}],"author":"segmentafacebook","twitter_card":"summary_large_image","twitter_misc":{"Written by":"Meta","Est. reading time":"2 Minuten"},"schema":{"@context":"https:\/\/schema.org","@graph":[{"@type":"Article","@id":"https:\/\/about.fb.com\/de\/news\/2022\/08\/net-new-der-meta-podcast-klaert-ab-11-august-2022-fragen-rund-ums-internet\/#article","isPartOf":{"@id":"https:\/\/about.fb.com\/de\/news\/2022\/08\/net-new-der-meta-podcast-klaert-ab-11-august-2022-fragen-rund-ums-internet\/"},"author":"Facebook company","headline":"\u201cNet New &#8211; der Meta Podcast\u201d kl\u00e4rt ab 11. August 2022 Fragen rund ums Internet","datePublished":"2022-08-11T06:28:01+00:00","dateModified":"2022-08-18T08:23:19+00:00","mainEntityOfPage":{"@id":"https:\/\/about.fb.com\/de\/news\/2022\/08\/net-new-der-meta-podcast-klaert-ab-11-august-2022-fragen-rund-ums-internet\/"},"wordCount":275,"publisher":{"@id":"https:\/\/about.fb.com\/de\/#organization"},"image":{"@id":"https:\/\/about.fb.com\/de\/news\/2022\/08\/net-new-der-meta-podcast-klaert-ab-11-august-2022-fragen-rund-ums-internet\/#primaryimage"},"thumbnailUrl":"https:\/\/about.fb.com\/de\/wp-content\/uploads\/sites\/10\/2022\/08\/NetNew_Final_Linkedin.png?w=890","keywords":["Metaversum","Podcast"],"articleSection":["Kreativit\u00e4t","Meta","Technologies","Technology and Innovation","Virtual Reality"],"inLanguage":"de-DE"},{"@type":"WebPage","@id":"https:\/\/about.fb.com\/de\/news\/2022\/08\/net-new-der-meta-podcast-klaert-ab-11-august-2022-fragen-rund-ums-internet\/","url":"https:\/\/about.fb.com\/de\/news\/2022\/08\/net-new-der-meta-podcast-klaert-ab-11-august-2022-fragen-rund-ums-internet\/","name":"\u201cNet New - der Meta Podcast\u201d kl\u00e4rt ab 11. August 2022 Fragen rund ums Internet | \u00dcber Meta","isPartOf":{"@id":"https:\/\/about.fb.com\/de\/#website"},"primaryImageOfPage":{"@id":"https:\/\/about.fb.com\/de\/news\/2022\/08\/net-new-der-meta-podcast-klaert-ab-11-august-2022-fragen-rund-ums-internet\/#primaryimage"},"image":{"@id":"https:\/\/about.fb.com\/de\/news\/2022\/08\/net-new-der-meta-podcast-klaert-ab-11-august-2022-fragen-rund-ums-internet\/#primaryimage"},"thumbnailUrl":"https:\/\/about.fb.com\/de\/wp-content\/uploads\/sites\/10\/2022\/08\/NetNew_Final_Linkedin.png?w=890","datePublished":"2022-08-11T06:28:01+00:00","dateModified":"2022-08-18T08:23:19+00:00","breadcrumb":{"@id":"https:\/\/about.fb.com\/de\/news\/2022\/08\/net-new-der-meta-podcast-klaert-ab-11-august-2022-fragen-rund-ums-internet\/#breadcrumb"},"inLanguage":"de-DE","potentialAction":[{"@type":"ReadAction","target":["https:\/\/about.fb.com\/de\/news\/2022\/08\/net-new-der-meta-podcast-klaert-ab-11-august-2022-fragen-rund-ums-internet\/"]}],"author":"\u00dcber Meta"},{"@type":"ImageObject","inLanguage":"de-DE","@id":"https:\/\/about.fb.com\/de\/news\/2022\/08\/net-new-der-meta-podcast-klaert-ab-11-august-2022-fragen-rund-ums-internet\/#primaryimage","url":"https:\/\/about.fb.com\/de\/wp-content\/uploads\/sites\/10\/2022\/08\/NetNew_Final_Linkedin.png?w=890","contentUrl":"https:\/\/about.fb.com\/de\/wp-content\/uploads\/sites\/10\/2022\/08\/NetNew_Final_Linkedin.png?w=890"},{"@type":"BreadcrumbList","@id":"https:\/\/about.fb.com\/de\/news\/2022\/08\/net-new-der-meta-podcast-klaert-ab-11-august-2022-fragen-rund-ums-internet\/#breadcrumb","itemListElement":[{"@type":"ListItem","position":1,"name":"Home","item":"https:\/\/about.fb.com\/de\/"},{"@type":"ListItem","position":2,"name":"\u201cNet New &#8211; der Meta Podcast\u201d kl\u00e4rt ab 11. August 2022 Fragen rund ums Internet"}]},{"@type":"WebSite","@id":"https:\/\/about.fb.com\/de\/#website","url":"https:\/\/about.fb.com\/news\/","name":"\u00dcber Meta","description":"","publisher":{"@id":"https:\/\/about.fb.com\/de\/#organization"},"potentialAction":[{"@type":"SearchAction","target":{"@type":"EntryPoint","urlTemplate":"https:\/\/about.fb.com\/de\/?s={search_term_string}"},"query-input":{"@type":"PropertyValueSpecification","valueRequired":true,"valueName":"search_term_string"}}],"inLanguage":"de-DE","alternateName":["Meta Newsroom","Meta"]},{"@type":"Organization","@id":"https:\/\/about.fb.com\/de\/#organization","name":"Meta","url":"https:\/\/about.fb.com\/de\/","logo":{"@type":"ImageObject","inLanguage":"de-DE","@id":"https:\/\/about.fb.com\/de\/#\/schema\/logo\/image\/","url":"https:\/\/about.fb.com\/de\/wp-content\/uploads\/sites\/10\/2021\/10\/meta-social-16x9-1.jpg?fit=8000%2C4500","contentUrl":"https:\/\/about.fb.com\/de\/wp-content\/uploads\/sites\/10\/2021\/10\/meta-social-16x9-1.jpg?fit=8000%2C4500","width":8000,"height":4500,"caption":"Meta"},"image":{"@id":"https:\/\/about.fb.com\/de\/#\/schema\/logo\/image\/"}}]}},"jetpack_featured_media_url":"","jetpack-related-posts":[],"jetpack_sharing_enabled":true,"amp_enabled":true,"_links":{"self":[{"href":"https:\/\/about.fb.com\/de\/wp-json\/wp\/v2\/posts\/27309","targetHints":{"allow":["GET"]}}],"collection":[{"href":"https:\/\/about.fb.com\/de\/wp-json\/wp\/v2\/posts"}],"about":[{"href":"https:\/\/about.fb.com\/de\/wp-json\/wp\/v2\/types\/post"}],"author":[{"embeddable":true,"href":"https:\/\/about.fb.com\/de\/wp-json\/wp\/v2\/users\/116770500"}],"replies":[{"embeddable":true,"href":"https:\/\/about.fb.com\/de\/wp-json\/wp\/v2\/comments?post=27309"}],"version-history":[{"count":10,"href":"https:\/\/about.fb.com\/de\/wp-json\/wp\/v2\/posts\/27309\/revisions"}],"predecessor-version":[{"id":27327,"href":"https:\/\/about.fb.com\/de\/wp-json\/wp\/v2\/posts\/27309\/revisions\/27327"}],"wp:attachment":[{"href":"https:\/\/about.fb.com\/de\/wp-json\/wp\/v2\/media?parent=27309"}],"wp:term":[{"taxonomy":"category","embeddable":true,"href":"https:\/\/about.fb.com\/de\/wp-json\/wp\/v2\/categories?post=27309"},{"taxonomy":"post_tag","embeddable":true,"href":"https:\/\/about.fb.com\/de\/wp-json\/wp\/v2\/tags?post=27309"}],"curies":[{"name":"wp","href":"https:\/\/api.w.org\/{rel}","templated":true}]}}