{"id":27102,"date":"2021-01-19T18:44:13","date_gmt":"2021-01-19T17:44:13","guid":{"rendered":"https:\/\/about.fb.com\/de\/?p=27102"},"modified":"2022-04-01T22:33:39","modified_gmt":"2022-04-01T21:33:39","slug":"open-house-hassrede","status":"publish","type":"post","link":"https:\/\/about.fb.com\/de\/news\/2021\/01\/open-house-hassrede\/","title":{"rendered":"Open House | Umgang mit Hassrede"},"content":{"rendered":"<p><img data-recalc-dims=\"1\" loading=\"lazy\" decoding=\"async\" class=\"aligncenter size-large wp-image-27060\" src=\"https:\/\/about.fb.com\/de\/wp-content\/uploads\/sites\/10\/2022\/03\/OH.png?w=769&#038;resize=769%2C301\" alt=\"\" width=\"769\" height=\"301\" srcset=\"https:\/\/about.fb.com\/de\/wp-content\/uploads\/sites\/10\/2022\/03\/OH.png?w=769 769w, https:\/\/about.fb.com\/de\/wp-content\/uploads\/sites\/10\/2022\/03\/OH.png?w=600 600w, https:\/\/about.fb.com\/de\/wp-content\/uploads\/sites\/10\/2022\/03\/OH.png?w=300 300w\" sizes=\"auto, (max-width: 769px) 100vw, 769px\" \/><\/p>\n<p><span style=\"font-weight: 400\">Anfeindungen und Hass sind seit Jahren Bestandteil \u00f6ffentlicher Debatten; dabei sind Frauen besonders stark betroffen. Johannes Baldauf, Public Policy Manager bei Facebook diskutier mit Sawsan Chebli, Bevollm\u00e4chtigte des Landes Berlin beim Bund und Staatssekret\u00e4rin f\u00fcr B\u00fcrgerschaftliches Engagement und Internationales in der Berliner Senatskanzlei,<\/span> <span style=\"font-weight: 400\">welche Verantwortung bei Plattformbetreibern liegt, welche L\u00f6sungsans\u00e4tze in Gesellschaft und Politik notwendig sind und wie Betroffene besser gesch\u00fctzt werden und sich wehren k\u00f6nnen.<\/span><\/p>\n<div class=\"fb-video\" data-allowfullscreen=\"true\" data-href=\"https:\/\/www.facebook.com\/metapolitikgesellschaft\/videos\/417680339319929\/\" style=\"background-color: #fff; display: inline-block;\"><\/div>\n","protected":false},"excerpt":{"rendered":"Anfeindungen und Hass sind seit Jahren Bestandteil \u00f6ffentlicher Debatten; dabei sind Frauen besonders stark betroffen. Johannes Baldauf, Public Policy Manager bei Facebook diskutier mit Sawsan Chebli, Bevollm\u00e4chtigte des Landes Berlin beim Bund und Staatssekret\u00e4rin f\u00fcr B\u00fcrgerschaftliches Engagement und Internationales in der Berliner Senatskanzlei, welche Verantwortung bei Plattformbetreibern liegt, welche L\u00f6sungsans\u00e4tze in Gesellschaft und Politik notwendig sind und wie Betroffene besser gesch\u00fctzt werden und sich wehren k\u00f6nnen.","protected":false},"author":116743763,"featured_media":0,"comment_status":"closed","ping_status":"closed","sticky":false,"template":"","format":"standard","meta":{"_jetpack_memberships_contains_paid_content":false,"footnotes":""},"categories":[555973479,235301,389306059,555973480,555973260,555973442,555973532,555973484],"tags":[555973379,555973686,555973657,555973658,555973523,555973577],"class_list":["post-27102","post","type-post","status-publish","format-standard","hentry","category-facebook-app","category-falschmeldungen","category-hassrede","category-instagram","category-messenger","category-meta","category-social-good","category-whatsapp","tag-hassrede","tag-open-house","tag-sicherheit","tag-sicherheit-fuer-frauen","tag-transparenzbericht","tag-verantwortung"],"yoast_head":"<!-- This site is optimized with the Yoast SEO plugin v27.2 - https:\/\/yoast.com\/product\/yoast-seo-wordpress\/ -->\n<title>Open House | Umgang mit Hassrede | \u00dcber Meta<\/title>\n<meta name=\"robots\" content=\"index, follow, max-snippet:-1, max-image-preview:large, max-video-preview:-1\" \/>\n<link rel=\"canonical\" href=\"https:\/\/about.fb.com\/de\/news\/2021\/01\/open-house-hassrede\/\" \/>\n<meta property=\"og:locale\" content=\"de_DE\" \/>\n<meta property=\"og:type\" content=\"article\" \/>\n<meta property=\"og:title\" content=\"Open House | Umgang mit Hassrede | \u00dcber Meta\" \/>\n<meta property=\"og:description\" content=\"Anfeindungen und Hass sind seit Jahren Bestandteil \u00f6ffentlicher Debatten; dabei sind Frauen besonders stark betroffen. Johannes Baldauf, Public Policy Manager bei Facebook diskutier mit Sawsan Chebli, Bevollm\u00e4chtigte des Landes Berlin beim Bund und Staatssekret\u00e4rin f\u00fcr B\u00fcrgerschaftliches Engagement und Internationales in der Berliner Senatskanzlei, welche Verantwortung bei Plattformbetreibern liegt, welche L\u00f6sungsans\u00e4tze in Gesellschaft und Politik notwendig sind und wie Betroffene besser gesch\u00fctzt werden und sich wehren k\u00f6nnen.\" \/>\n<meta property=\"og:url\" content=\"https:\/\/about.fb.com\/de\/news\/2021\/01\/open-house-hassrede\/\" \/>\n<meta property=\"og:site_name\" content=\"\u00dcber Meta\" \/>\n<meta property=\"article:published_time\" content=\"2021-01-19T17:44:13+00:00\" \/>\n<meta property=\"article:modified_time\" content=\"2022-04-01T21:33:39+00:00\" \/>\n<meta property=\"og:image\" content=\"https:\/\/about.fb.com\/de\/wp-content\/uploads\/sites\/10\/2022\/03\/OH.png?w=769\" \/>\n<meta name=\"author\" content=\"Trilligent\" \/>\n<meta name=\"twitter:card\" content=\"summary_large_image\" \/>\n<meta name=\"twitter:label1\" content=\"Written by\" \/>\n\t<meta name=\"twitter:data1\" content=\"Meta\" \/>\n\t<meta name=\"twitter:label2\" content=\"Est. reading time\" \/>\n\t<meta name=\"twitter:data2\" content=\"1 Minute\" \/>\n<script type=\"application\/ld+json\" class=\"yoast-schema-graph\">{\"@context\":\"https:\/\/schema.org\",\"@graph\":[{\"@type\":\"Article\",\"@id\":\"https:\/\/about.fb.com\/de\/news\/2021\/01\/open-house-hassrede\/#article\",\"isPartOf\":{\"@id\":\"https:\/\/about.fb.com\/de\/news\/2021\/01\/open-house-hassrede\/\"},\"author\":\"Facebook company\",\"headline\":\"Open House | Umgang mit Hassrede\",\"datePublished\":\"2021-01-19T17:44:13+00:00\",\"dateModified\":\"2022-04-01T21:33:39+00:00\",\"mainEntityOfPage\":{\"@id\":\"https:\/\/about.fb.com\/de\/news\/2021\/01\/open-house-hassrede\/\"},\"wordCount\":85,\"publisher\":{\"@id\":\"https:\/\/about.fb.com\/de\/#organization\"},\"image\":{\"@id\":\"https:\/\/about.fb.com\/de\/news\/2021\/01\/open-house-hassrede\/#primaryimage\"},\"thumbnailUrl\":\"https:\/\/about.fb.com\/de\/wp-content\/uploads\/sites\/10\/2022\/03\/OH.png?w=769\",\"keywords\":[\"Hassrede\",\"Open House\",\"sicherheit\",\"sicherheit f\u00fcr frauen\",\"Transparenzbericht\",\"Verantwortung\"],\"articleSection\":[\"Facebook\",\"Falschmeldungen\",\"Hassrede\",\"Instagram\",\"Messenger\",\"Meta\",\"Social Good\",\"WhatsApp\"],\"inLanguage\":\"de-DE\"},{\"@type\":\"WebPage\",\"@id\":\"https:\/\/about.fb.com\/de\/news\/2021\/01\/open-house-hassrede\/\",\"url\":\"https:\/\/about.fb.com\/de\/news\/2021\/01\/open-house-hassrede\/\",\"name\":\"Open House | Umgang mit Hassrede | \u00dcber Meta\",\"isPartOf\":{\"@id\":\"https:\/\/about.fb.com\/de\/#website\"},\"primaryImageOfPage\":{\"@id\":\"https:\/\/about.fb.com\/de\/news\/2021\/01\/open-house-hassrede\/#primaryimage\"},\"image\":{\"@id\":\"https:\/\/about.fb.com\/de\/news\/2021\/01\/open-house-hassrede\/#primaryimage\"},\"thumbnailUrl\":\"https:\/\/about.fb.com\/de\/wp-content\/uploads\/sites\/10\/2022\/03\/OH.png?w=769\",\"datePublished\":\"2021-01-19T17:44:13+00:00\",\"dateModified\":\"2022-04-01T21:33:39+00:00\",\"breadcrumb\":{\"@id\":\"https:\/\/about.fb.com\/de\/news\/2021\/01\/open-house-hassrede\/#breadcrumb\"},\"inLanguage\":\"de-DE\",\"potentialAction\":[{\"@type\":\"ReadAction\",\"target\":[\"https:\/\/about.fb.com\/de\/news\/2021\/01\/open-house-hassrede\/\"]}],\"author\":\"\u00dcber Meta\"},{\"@type\":\"ImageObject\",\"inLanguage\":\"de-DE\",\"@id\":\"https:\/\/about.fb.com\/de\/news\/2021\/01\/open-house-hassrede\/#primaryimage\",\"url\":\"https:\/\/about.fb.com\/de\/wp-content\/uploads\/sites\/10\/2022\/03\/OH.png?w=769\",\"contentUrl\":\"https:\/\/about.fb.com\/de\/wp-content\/uploads\/sites\/10\/2022\/03\/OH.png?w=769\"},{\"@type\":\"BreadcrumbList\",\"@id\":\"https:\/\/about.fb.com\/de\/news\/2021\/01\/open-house-hassrede\/#breadcrumb\",\"itemListElement\":[{\"@type\":\"ListItem\",\"position\":1,\"name\":\"Home\",\"item\":\"https:\/\/about.fb.com\/de\/\"},{\"@type\":\"ListItem\",\"position\":2,\"name\":\"Open House | Umgang mit Hassrede\"}]},{\"@type\":\"WebSite\",\"@id\":\"https:\/\/about.fb.com\/de\/#website\",\"url\":\"https:\/\/about.fb.com\/news\/\",\"name\":\"\u00dcber Meta\",\"description\":\"\",\"publisher\":{\"@id\":\"https:\/\/about.fb.com\/de\/#organization\"},\"potentialAction\":[{\"@type\":\"SearchAction\",\"target\":{\"@type\":\"EntryPoint\",\"urlTemplate\":\"https:\/\/about.fb.com\/de\/?s={search_term_string}\"},\"query-input\":{\"@type\":\"PropertyValueSpecification\",\"valueRequired\":true,\"valueName\":\"search_term_string\"}}],\"inLanguage\":\"de-DE\",\"alternateName\":[\"Meta Newsroom\",\"Meta\"]},{\"@type\":\"Organization\",\"@id\":\"https:\/\/about.fb.com\/de\/#organization\",\"name\":\"Meta\",\"url\":\"https:\/\/about.fb.com\/de\/\",\"logo\":{\"@type\":\"ImageObject\",\"inLanguage\":\"de-DE\",\"@id\":\"https:\/\/about.fb.com\/de\/#\/schema\/logo\/image\/\",\"url\":\"https:\/\/about.fb.com\/de\/wp-content\/uploads\/sites\/10\/2021\/10\/meta-social-16x9-1.jpg?fit=8000%2C4500\",\"contentUrl\":\"https:\/\/about.fb.com\/de\/wp-content\/uploads\/sites\/10\/2021\/10\/meta-social-16x9-1.jpg?fit=8000%2C4500\",\"width\":8000,\"height\":4500,\"caption\":\"Meta\"},\"image\":{\"@id\":\"https:\/\/about.fb.com\/de\/#\/schema\/logo\/image\/\"}}]}<\/script>\n<!-- \/ Yoast SEO plugin. -->","yoast_head_json":{"title":"Open House | Umgang mit Hassrede | \u00dcber Meta","robots":{"index":"index","follow":"follow","max-snippet":"max-snippet:-1","max-image-preview":"max-image-preview:large","max-video-preview":"max-video-preview:-1"},"canonical":"https:\/\/about.fb.com\/de\/news\/2021\/01\/open-house-hassrede\/","og_locale":"de_DE","og_type":"article","og_title":"Open House | Umgang mit Hassrede | \u00dcber Meta","og_description":"Anfeindungen und Hass sind seit Jahren Bestandteil \u00f6ffentlicher Debatten; dabei sind Frauen besonders stark betroffen. Johannes Baldauf, Public Policy Manager bei Facebook diskutier mit Sawsan Chebli, Bevollm\u00e4chtigte des Landes Berlin beim Bund und Staatssekret\u00e4rin f\u00fcr B\u00fcrgerschaftliches Engagement und Internationales in der Berliner Senatskanzlei, welche Verantwortung bei Plattformbetreibern liegt, welche L\u00f6sungsans\u00e4tze in Gesellschaft und Politik notwendig sind und wie Betroffene besser gesch\u00fctzt werden und sich wehren k\u00f6nnen.","og_url":"https:\/\/about.fb.com\/de\/news\/2021\/01\/open-house-hassrede\/","og_site_name":"\u00dcber Meta","article_published_time":"2021-01-19T17:44:13+00:00","article_modified_time":"2022-04-01T21:33:39+00:00","og_image":[{"url":"https:\/\/about.fb.com\/de\/wp-content\/uploads\/sites\/10\/2022\/03\/OH.png?w=769","type":"","width":"","height":""}],"author":"Trilligent","twitter_card":"summary_large_image","twitter_misc":{"Written by":"Meta","Est. reading time":"1 Minute"},"schema":{"@context":"https:\/\/schema.org","@graph":[{"@type":"Article","@id":"https:\/\/about.fb.com\/de\/news\/2021\/01\/open-house-hassrede\/#article","isPartOf":{"@id":"https:\/\/about.fb.com\/de\/news\/2021\/01\/open-house-hassrede\/"},"author":"Facebook company","headline":"Open House | Umgang mit Hassrede","datePublished":"2021-01-19T17:44:13+00:00","dateModified":"2022-04-01T21:33:39+00:00","mainEntityOfPage":{"@id":"https:\/\/about.fb.com\/de\/news\/2021\/01\/open-house-hassrede\/"},"wordCount":85,"publisher":{"@id":"https:\/\/about.fb.com\/de\/#organization"},"image":{"@id":"https:\/\/about.fb.com\/de\/news\/2021\/01\/open-house-hassrede\/#primaryimage"},"thumbnailUrl":"https:\/\/about.fb.com\/de\/wp-content\/uploads\/sites\/10\/2022\/03\/OH.png?w=769","keywords":["Hassrede","Open House","sicherheit","sicherheit f\u00fcr frauen","Transparenzbericht","Verantwortung"],"articleSection":["Facebook","Falschmeldungen","Hassrede","Instagram","Messenger","Meta","Social Good","WhatsApp"],"inLanguage":"de-DE"},{"@type":"WebPage","@id":"https:\/\/about.fb.com\/de\/news\/2021\/01\/open-house-hassrede\/","url":"https:\/\/about.fb.com\/de\/news\/2021\/01\/open-house-hassrede\/","name":"Open House | Umgang mit Hassrede | \u00dcber Meta","isPartOf":{"@id":"https:\/\/about.fb.com\/de\/#website"},"primaryImageOfPage":{"@id":"https:\/\/about.fb.com\/de\/news\/2021\/01\/open-house-hassrede\/#primaryimage"},"image":{"@id":"https:\/\/about.fb.com\/de\/news\/2021\/01\/open-house-hassrede\/#primaryimage"},"thumbnailUrl":"https:\/\/about.fb.com\/de\/wp-content\/uploads\/sites\/10\/2022\/03\/OH.png?w=769","datePublished":"2021-01-19T17:44:13+00:00","dateModified":"2022-04-01T21:33:39+00:00","breadcrumb":{"@id":"https:\/\/about.fb.com\/de\/news\/2021\/01\/open-house-hassrede\/#breadcrumb"},"inLanguage":"de-DE","potentialAction":[{"@type":"ReadAction","target":["https:\/\/about.fb.com\/de\/news\/2021\/01\/open-house-hassrede\/"]}],"author":"\u00dcber Meta"},{"@type":"ImageObject","inLanguage":"de-DE","@id":"https:\/\/about.fb.com\/de\/news\/2021\/01\/open-house-hassrede\/#primaryimage","url":"https:\/\/about.fb.com\/de\/wp-content\/uploads\/sites\/10\/2022\/03\/OH.png?w=769","contentUrl":"https:\/\/about.fb.com\/de\/wp-content\/uploads\/sites\/10\/2022\/03\/OH.png?w=769"},{"@type":"BreadcrumbList","@id":"https:\/\/about.fb.com\/de\/news\/2021\/01\/open-house-hassrede\/#breadcrumb","itemListElement":[{"@type":"ListItem","position":1,"name":"Home","item":"https:\/\/about.fb.com\/de\/"},{"@type":"ListItem","position":2,"name":"Open House | Umgang mit Hassrede"}]},{"@type":"WebSite","@id":"https:\/\/about.fb.com\/de\/#website","url":"https:\/\/about.fb.com\/news\/","name":"\u00dcber Meta","description":"","publisher":{"@id":"https:\/\/about.fb.com\/de\/#organization"},"potentialAction":[{"@type":"SearchAction","target":{"@type":"EntryPoint","urlTemplate":"https:\/\/about.fb.com\/de\/?s={search_term_string}"},"query-input":{"@type":"PropertyValueSpecification","valueRequired":true,"valueName":"search_term_string"}}],"inLanguage":"de-DE","alternateName":["Meta Newsroom","Meta"]},{"@type":"Organization","@id":"https:\/\/about.fb.com\/de\/#organization","name":"Meta","url":"https:\/\/about.fb.com\/de\/","logo":{"@type":"ImageObject","inLanguage":"de-DE","@id":"https:\/\/about.fb.com\/de\/#\/schema\/logo\/image\/","url":"https:\/\/about.fb.com\/de\/wp-content\/uploads\/sites\/10\/2021\/10\/meta-social-16x9-1.jpg?fit=8000%2C4500","contentUrl":"https:\/\/about.fb.com\/de\/wp-content\/uploads\/sites\/10\/2021\/10\/meta-social-16x9-1.jpg?fit=8000%2C4500","width":8000,"height":4500,"caption":"Meta"},"image":{"@id":"https:\/\/about.fb.com\/de\/#\/schema\/logo\/image\/"}}]}},"jetpack_featured_media_url":"","jetpack-related-posts":[],"jetpack_sharing_enabled":true,"amp_enabled":true,"_links":{"self":[{"href":"https:\/\/about.fb.com\/de\/wp-json\/wp\/v2\/posts\/27102","targetHints":{"allow":["GET"]}}],"collection":[{"href":"https:\/\/about.fb.com\/de\/wp-json\/wp\/v2\/posts"}],"about":[{"href":"https:\/\/about.fb.com\/de\/wp-json\/wp\/v2\/types\/post"}],"author":[{"embeddable":true,"href":"https:\/\/about.fb.com\/de\/wp-json\/wp\/v2\/users\/116743763"}],"replies":[{"embeddable":true,"href":"https:\/\/about.fb.com\/de\/wp-json\/wp\/v2\/comments?post=27102"}],"version-history":[{"count":2,"href":"https:\/\/about.fb.com\/de\/wp-json\/wp\/v2\/posts\/27102\/revisions"}],"predecessor-version":[{"id":27104,"href":"https:\/\/about.fb.com\/de\/wp-json\/wp\/v2\/posts\/27102\/revisions\/27104"}],"wp:attachment":[{"href":"https:\/\/about.fb.com\/de\/wp-json\/wp\/v2\/media?parent=27102"}],"wp:term":[{"taxonomy":"category","embeddable":true,"href":"https:\/\/about.fb.com\/de\/wp-json\/wp\/v2\/categories?post=27102"},{"taxonomy":"post_tag","embeddable":true,"href":"https:\/\/about.fb.com\/de\/wp-json\/wp\/v2\/tags?post=27102"}],"curies":[{"name":"wp","href":"https:\/\/api.w.org\/{rel}","templated":true}]}}