{"id":26718,"date":"2021-10-07T11:18:11","date_gmt":"2021-10-07T10:18:11","guid":{"rendered":"https:\/\/about.fb.com\/de\/?p=26718"},"modified":"2021-12-13T13:46:43","modified_gmt":"2021-12-13T12:46:43","slug":"podcast-das-briefing-9-klimawandel","status":"publish","type":"post","link":"https:\/\/about.fb.com\/de\/news\/2021\/10\/podcast-das-briefing-9-klimawandel\/","title":{"rendered":"Podcast &#8222;Das Facebook Briefing&#8220; | Gemeinsam gegen den Klimawandel: Wie soziale Medien helfen, den Klimawandel zu bek\u00e4mpfen"},"content":{"rendered":"<p><iframe title=\"Spotify Embed: Das Briefing #9 \u2013 Gemeinsam gegen den Klimawandel: Wie soziale Medien helfen, den Klimawandel zu bek\u00e4mpfen\" style=\"border-radius: 12px\" width=\"100%\" height=\"152\" frameborder=\"0\" allowfullscreen allow=\"autoplay; clipboard-write; encrypted-media; fullscreen; picture-in-picture\" loading=\"lazy\" src=\"https:\/\/open.spotify.com\/embed\/episode\/0wTyoQUZbdkjkStrs6dzNu?si=3BOPhgS1SgWveGNjhcX9fg&#038;amp%3Bdl_branch=1&#038;utm_source=oembed\"><\/iframe><\/p>\n<h6>Der Podcast ist auch auf <a href=\"https:\/\/facebook.podigee.io\/105-das-briefing-9-gemeinsam-gegen-den-klimawandel-wie-soziale-medien-helfen-den-klimawandel-zu-bekampfen\">Podigee<\/a> und <a href=\"https:\/\/podcasts.apple.com\/us\/podcast\/das-briefing-9-gemeinsam-gegen-den-klimawandel-wie\/id1375590140?i=1000537790102\">Apple Podcasts<\/a> verf\u00fcgbar.<\/h6>\n<p><strong><em>Dr. Laura Spengler, Fachgebietsleiterin f\u00fcr nachhaltige Konsumstrukturen im Umweltbundesamt, und Eva-Maria Kirschsieper, Public Policy Director Sustainability, EMEA bei Meta, sprechen \u00fcber nachhaltiges Handeln von Konsument*innen und Unternehmen.<\/em><\/strong><\/p>\n<p><span style=\"font-weight: 400\">In dieser Episode von \u201eDas Facebook Briefing\u201c diskutiert Gastgeber Hendrik Wieduwilt mit Laura Spengler, Leiterin des Fachgebiets \u201e\u00dcbergreifende Aspekte des produktbezogenen Umweltschutzes, Nachhaltige Konsumstrukturen, Innovationsprogramm\u201c im Umweltbundesamt (UBA) und Eva-Maria-Kirschsieper, Policy Director f\u00fcr Nachhaltigkeit in der EMEA Region bei Meta \u00fcber Klimaschutz und nachhaltigen Konsum. Dabei geht es insbesondere um Fragen nach der Verantwortung f\u00fcr nachhaltiges Handeln und wie jede einzelne Person dazu beitragen kann, die weltweiten CO2-Emissionen zu reduzieren. Was k\u00f6nnen soziale Medien au\u00dferdem tun, um das Thema Nachhaltigkeit st\u00e4rker in den gesellschaftlichen Fokus zu r\u00fccken?\u00a0<\/span><\/p>\n<p><span style=\"font-weight: 400\">Klimaaktivist*innen wie Greta Thunberg kritisieren, dass beim Thema Umweltschutz zu h\u00e4ufig nur Phrasen im Vordergrund stehen. Die konkreten Taten lassen da meist auf sich warten. W\u00e4hrend f\u00fcr Verbraucher*innen auf der ganzen Welt gilt, ihren pers\u00f6nlichen Konsum nachhaltiger zu gestalten, m\u00fcssen auch Internetunternehmen wie Meta Verantwortung f\u00fcr umweltbewusstes Handeln \u00fcbernehmen. Daher arbeitet Meta nicht nur mit anderen Unternehmen zusammen, um in Zukunft CO2-neutral zu wirtschaften, sondern bek\u00e4mpft auf den eigenen Plattformen mit Hilfe von Faktencheckern und zielgerichteten Informationsangeboten Falschinformationen rund um den Klimawandel.<\/span><\/p>\n<p>&nbsp;<\/p>\n<p><img data-recalc-dims=\"1\" loading=\"lazy\" decoding=\"async\" class=\"size-full wp-image-26748 aligncenter\" src=\"https:\/\/about.fb.com\/de\/wp-content\/uploads\/sites\/10\/2021\/10\/Politik_Kommunikation-HEADLINER-LANDSCAPE_Meta_Briefing_660x300-1.png?resize=660%2C300\" alt=\"\" width=\"660\" height=\"300\" srcset=\"https:\/\/about.fb.com\/de\/wp-content\/uploads\/sites\/10\/2021\/10\/Politik_Kommunikation-HEADLINER-LANDSCAPE_Meta_Briefing_660x300-1.png?w=660 660w, https:\/\/about.fb.com\/de\/wp-content\/uploads\/sites\/10\/2021\/10\/Politik_Kommunikation-HEADLINER-LANDSCAPE_Meta_Briefing_660x300-1.png?w=600 600w, https:\/\/about.fb.com\/de\/wp-content\/uploads\/sites\/10\/2021\/10\/Politik_Kommunikation-HEADLINER-LANDSCAPE_Meta_Briefing_660x300-1.png?w=300 300w\" sizes=\"auto, (max-width: 660px) 100vw, 660px\" \/><\/p>\n<p>&nbsp;<\/p>\n<p><strong>\u00dcber die G\u00e4ste<\/strong><\/p>\n<p><span style=\"font-weight: 400\"><strong>Dr. Laura Spengler<\/strong> ist Umwelt- und promovierte Politikwissenschaftlerin. Nach langj\u00e4hriger T\u00e4tigkeit bei dem Umweltberatungsunternehmen \u00d6kopol in Hamburg arbeitet sie seit 2019 als Expertin im UBA zu Nachhaltigkeitsinitiativen, die alle Verbraucher*innen f\u00fcr mehr Klimaschutz umsetzen k\u00f6nnen.<\/span><\/p>\n<p><span style=\"font-weight: 400\"><strong>Eva-Maria Kirschsieper<\/strong> ist seit 2021 Metas Policy Director f\u00fcr Nachhaltigkeit in der EMEA Region. Davor leitete sie f\u00fcr zehn Jahre Metas Policy-Team in Deutschland. Ab 2019 trieb sie insbesondere die Nachhaltigkeitsma\u00dfnahmen bei Meta aktiv voran und und setzte bereits wichtige Impulse in diesem Bereich. Eva-Maria ist unter anderem Mitglied der Leaders for Climate Action und Futurewoman.<\/span><\/p>\n<p><span style=\"font-weight: 400\">Weitere Infos dazu, was Meta f\u00fcr Klimaschutz und Nachhaltigkeit tut, findet ihr hier: <\/span><a href=\"https:\/\/sustainability.fb.com\/\"><span style=\"font-weight: 400\">https:\/\/sustainability.fb.com\/<\/span><\/a><span style=\"font-weight: 400\">\u00a0<\/span><\/p>\n","protected":false},"excerpt":{"rendered":"Der Podcast ist auch auf Podigee und Apple Podcasts verf\u00fcgbar. Dr. Laura Spengler, Fachgebietsleiterin f\u00fcr nachhaltige Konsumstrukturen im Umweltbundesamt, und Eva-Maria Kirschsieper, Public Policy Director Sustainability, EMEA bei Meta, sprechen \u00fcber nachhaltiges Handeln von Konsument*innen und Unternehmen. In dieser Episode von \u201eDas Facebook Briefing\u201c diskutiert Gastgeber Hendrik Wieduwilt mit Laura Spengler, Leiterin des Fachgebiets \u201e\u00dcbergreifende Aspekte des produktbezogenen Umweltschutzes, Nachhaltige Konsumstrukturen, Innovationsprogramm\u201c im Umweltbundesamt (UBA) und Eva-Maria-Kirschsieper, Policy Director f\u00fcr Nachhaltigkeit in der EMEA Region bei Meta \u00fcber Klimaschutz und nachhaltigen Konsum. Dabei geht es insbesondere um Fragen nach der Verantwortung f\u00fcr nachhaltiges Handeln und wie jede einzelne Person dazu beitragen kann, die weltweiten CO2-Emissionen zu reduzieren. Was k\u00f6nnen soziale Medien au\u00dferdem tun, um das Thema Nachhaltigkeit st\u00e4rker in den gesellschaftlichen Fokus zu r\u00fccken?\u00a0 Klimaaktivist*innen wie Greta Thunberg kritisieren, dass beim Thema Umweltschutz zu h\u00e4ufig nur Phrasen im Vordergrund stehen. Die konkreten Taten lassen da meist auf sich warten. W\u00e4hrend f\u00fcr Verbraucher*innen auf der ganzen Welt gilt, ihren pers\u00f6nlichen Konsum nachhaltiger zu gestalten, m\u00fcssen auch Internetunternehmen wie Meta Verantwortung f\u00fcr umweltbewusstes Handeln \u00fcbernehmen. Daher arbeitet Meta nicht nur mit anderen Unternehmen zusammen, um in Zukunft CO2-neutral zu wirtschaften, sondern bek\u00e4mpft auf den eigenen Plattformen mit Hilfe von Faktencheckern und zielgerichteten Informationsangeboten Falschinformationen rund um den Klimawandel. &nbsp; &nbsp; \u00dcber die G\u00e4ste Dr. Laura Spengler ist Umwelt- und promovierte Politikwissenschaftlerin. Nach langj\u00e4hriger T\u00e4tigkeit bei dem Umweltberatungsunternehmen \u00d6kopol in Hamburg arbeitet sie seit 2019 als Expertin im UBA zu Nachhaltigkeitsinitiativen, die alle Verbraucher*innen f\u00fcr mehr Klimaschutz umsetzen k\u00f6nnen. Eva-Maria Kirschsieper ist seit 2021 Metas Policy Director f\u00fcr Nachhaltigkeit in der EMEA Region. Davor leitete sie f\u00fcr zehn Jahre Metas Policy-Team in Deutschland. Ab 2019 trieb sie insbesondere die Nachhaltigkeitsma\u00dfnahmen bei Meta aktiv voran und und setzte bereits wichtige Impulse in diesem Bereich. Eva-Maria ist unter anderem Mitglied der Leaders for Climate Action und Futurewoman. Weitere Infos dazu, was Meta f\u00fcr Klimaschutz und Nachhaltigkeit tut, findet ihr hier: <a href=\"https:\/\/sustainability.fb.com\/\u00a0\" rel=\"nofollow\">https:\/\/sustainability.fb.com\/\u00a0<\/a>","protected":false},"author":116743763,"featured_media":0,"comment_status":"closed","ping_status":"closed","sticky":false,"template":"","format":"standard","meta":{"_jetpack_memberships_contains_paid_content":false,"footnotes":""},"categories":[555973662,555973532],"tags":[555973589,555973655,81819,555973647,555973633,555973538,555973587,555973575],"class_list":["post-26718","post","type-post","status-publish","format-standard","hentry","category-nachhaltigkeit","category-social-good","tag-das-facebook-briefing","tag-gemeinsamnachhaltig","tag-facebook","tag-instagram","tag-klimaziele-nachhaltigkeit","tag-nachhaltigkeit","tag-podcast","tag-umwelt"],"yoast_head":"<!-- This site is optimized with the Yoast SEO plugin v27.2 - https:\/\/yoast.com\/product\/yoast-seo-wordpress\/ -->\n<title>Podcast &quot;Das Facebook Briefing&quot; | Gemeinsam gegen den Klimawandel: Wie soziale Medien helfen, den Klimawandel zu bek\u00e4mpfen | \u00dcber Meta<\/title>\n<meta name=\"robots\" content=\"index, follow, max-snippet:-1, max-image-preview:large, max-video-preview:-1\" \/>\n<link rel=\"canonical\" href=\"https:\/\/about.fb.com\/de\/news\/2021\/10\/podcast-das-briefing-9-klimawandel\/\" \/>\n<meta property=\"og:locale\" content=\"de_DE\" \/>\n<meta property=\"og:type\" content=\"article\" \/>\n<meta property=\"og:title\" content=\"Podcast &quot;Das Facebook Briefing&quot; | Gemeinsam gegen den Klimawandel: Wie soziale Medien helfen, den Klimawandel zu bek\u00e4mpfen | \u00dcber Meta\" \/>\n<meta property=\"og:description\" content=\"Der Podcast ist auch auf Podigee und Apple Podcasts verf\u00fcgbar. Dr. Laura Spengler, Fachgebietsleiterin f\u00fcr nachhaltige Konsumstrukturen im Umweltbundesamt, und Eva-Maria Kirschsieper, Public Policy Director Sustainability, EMEA bei Meta, sprechen \u00fcber nachhaltiges Handeln von Konsument*innen und Unternehmen. In dieser Episode von \u201eDas Facebook Briefing\u201c diskutiert Gastgeber Hendrik Wieduwilt mit Laura Spengler, Leiterin des Fachgebiets \u201e\u00dcbergreifende Aspekte des produktbezogenen Umweltschutzes, Nachhaltige Konsumstrukturen, Innovationsprogramm\u201c im Umweltbundesamt (UBA) und Eva-Maria-Kirschsieper, Policy Director f\u00fcr Nachhaltigkeit in der EMEA Region bei Meta \u00fcber Klimaschutz und nachhaltigen Konsum. Dabei geht es insbesondere um Fragen nach der Verantwortung f\u00fcr nachhaltiges Handeln und wie jede einzelne Person dazu beitragen kann, die weltweiten CO2-Emissionen zu reduzieren. Was k\u00f6nnen soziale Medien au\u00dferdem tun, um das Thema Nachhaltigkeit st\u00e4rker in den gesellschaftlichen Fokus zu r\u00fccken?\u00a0 Klimaaktivist*innen wie Greta Thunberg kritisieren, dass beim Thema Umweltschutz zu h\u00e4ufig nur Phrasen im Vordergrund stehen. Die konkreten Taten lassen da meist auf sich warten. W\u00e4hrend f\u00fcr Verbraucher*innen auf der ganzen Welt gilt, ihren pers\u00f6nlichen Konsum nachhaltiger zu gestalten, m\u00fcssen auch Internetunternehmen wie Meta Verantwortung f\u00fcr umweltbewusstes Handeln \u00fcbernehmen. Daher arbeitet Meta nicht nur mit anderen Unternehmen zusammen, um in Zukunft CO2-neutral zu wirtschaften, sondern bek\u00e4mpft auf den eigenen Plattformen mit Hilfe von Faktencheckern und zielgerichteten Informationsangeboten Falschinformationen rund um den Klimawandel. &nbsp; &nbsp; \u00dcber die G\u00e4ste Dr. Laura Spengler ist Umwelt- und promovierte Politikwissenschaftlerin. Nach langj\u00e4hriger T\u00e4tigkeit bei dem Umweltberatungsunternehmen \u00d6kopol in Hamburg arbeitet sie seit 2019 als Expertin im UBA zu Nachhaltigkeitsinitiativen, die alle Verbraucher*innen f\u00fcr mehr Klimaschutz umsetzen k\u00f6nnen. Eva-Maria Kirschsieper ist seit 2021 Metas Policy Director f\u00fcr Nachhaltigkeit in der EMEA Region. Davor leitete sie f\u00fcr zehn Jahre Metas Policy-Team in Deutschland. Ab 2019 trieb sie insbesondere die Nachhaltigkeitsma\u00dfnahmen bei Meta aktiv voran und und setzte bereits wichtige Impulse in diesem Bereich. Eva-Maria ist unter anderem Mitglied der Leaders for Climate Action und Futurewoman. Weitere Infos dazu, was Meta f\u00fcr Klimaschutz und Nachhaltigkeit tut, findet ihr hier: https:\/\/sustainability.fb.com\/\u00a0\" \/>\n<meta property=\"og:url\" content=\"https:\/\/about.fb.com\/de\/news\/2021\/10\/podcast-das-briefing-9-klimawandel\/\" \/>\n<meta property=\"og:site_name\" content=\"\u00dcber Meta\" \/>\n<meta property=\"article:published_time\" content=\"2021-10-07T10:18:11+00:00\" \/>\n<meta property=\"article:modified_time\" content=\"2021-12-13T12:46:43+00:00\" \/>\n<meta property=\"og:image\" content=\"https:\/\/about.fb.com\/de\/wp-content\/uploads\/sites\/10\/2021\/10\/Politik_Kommunikation-HEADLINER-LANDSCAPE_Meta_Briefing_660x300-1.png\" \/>\n<meta name=\"author\" content=\"Trilligent\" \/>\n<meta name=\"twitter:card\" content=\"summary_large_image\" \/>\n<meta name=\"twitter:label1\" content=\"Written by\" \/>\n\t<meta name=\"twitter:data1\" content=\"Meta\" \/>\n\t<meta name=\"twitter:label2\" content=\"Est. reading time\" \/>\n\t<meta name=\"twitter:data2\" content=\"2 Minuten\" \/>\n<script type=\"application\/ld+json\" class=\"yoast-schema-graph\">{\"@context\":\"https:\/\/schema.org\",\"@graph\":[{\"@type\":\"Article\",\"@id\":\"https:\/\/about.fb.com\/de\/news\/2021\/10\/podcast-das-briefing-9-klimawandel\/#article\",\"isPartOf\":{\"@id\":\"https:\/\/about.fb.com\/de\/news\/2021\/10\/podcast-das-briefing-9-klimawandel\/\"},\"author\":\"Facebook company\",\"headline\":\"Podcast &#8222;Das Facebook Briefing&#8220; | Gemeinsam gegen den Klimawandel: Wie soziale Medien helfen, den Klimawandel zu bek\u00e4mpfen\",\"datePublished\":\"2021-10-07T10:18:11+00:00\",\"dateModified\":\"2021-12-13T12:46:43+00:00\",\"mainEntityOfPage\":{\"@id\":\"https:\/\/about.fb.com\/de\/news\/2021\/10\/podcast-das-briefing-9-klimawandel\/\"},\"wordCount\":378,\"publisher\":{\"@id\":\"https:\/\/about.fb.com\/de\/#organization\"},\"image\":{\"@id\":\"https:\/\/about.fb.com\/de\/news\/2021\/10\/podcast-das-briefing-9-klimawandel\/#primaryimage\"},\"thumbnailUrl\":\"https:\/\/about.fb.com\/de\/wp-content\/uploads\/sites\/10\/2021\/10\/Politik_Kommunikation-HEADLINER-LANDSCAPE_Meta_Briefing_660x300-1.png\",\"keywords\":[\"\\\"Das Facebook Briefing\\\"\",\"#gemeinsamnachhaltig\",\"Facebook\",\"Instagram\",\"Klimaziele Nachhaltigkeit\",\"Nachhaltigkeit\",\"Podcast\",\"Umwelt\"],\"articleSection\":[\"Nachhaltigkeit\",\"Social Good\"],\"inLanguage\":\"de-DE\"},{\"@type\":\"WebPage\",\"@id\":\"https:\/\/about.fb.com\/de\/news\/2021\/10\/podcast-das-briefing-9-klimawandel\/\",\"url\":\"https:\/\/about.fb.com\/de\/news\/2021\/10\/podcast-das-briefing-9-klimawandel\/\",\"name\":\"Podcast \\\"Das Facebook Briefing\\\" | Gemeinsam gegen den Klimawandel: Wie soziale Medien helfen, den Klimawandel zu bek\u00e4mpfen | \u00dcber Meta\",\"isPartOf\":{\"@id\":\"https:\/\/about.fb.com\/de\/#website\"},\"primaryImageOfPage\":{\"@id\":\"https:\/\/about.fb.com\/de\/news\/2021\/10\/podcast-das-briefing-9-klimawandel\/#primaryimage\"},\"image\":{\"@id\":\"https:\/\/about.fb.com\/de\/news\/2021\/10\/podcast-das-briefing-9-klimawandel\/#primaryimage\"},\"thumbnailUrl\":\"https:\/\/about.fb.com\/de\/wp-content\/uploads\/sites\/10\/2021\/10\/Politik_Kommunikation-HEADLINER-LANDSCAPE_Meta_Briefing_660x300-1.png\",\"datePublished\":\"2021-10-07T10:18:11+00:00\",\"dateModified\":\"2021-12-13T12:46:43+00:00\",\"breadcrumb\":{\"@id\":\"https:\/\/about.fb.com\/de\/news\/2021\/10\/podcast-das-briefing-9-klimawandel\/#breadcrumb\"},\"inLanguage\":\"de-DE\",\"potentialAction\":[{\"@type\":\"ReadAction\",\"target\":[\"https:\/\/about.fb.com\/de\/news\/2021\/10\/podcast-das-briefing-9-klimawandel\/\"]}],\"author\":\"\u00dcber Meta\"},{\"@type\":\"ImageObject\",\"inLanguage\":\"de-DE\",\"@id\":\"https:\/\/about.fb.com\/de\/news\/2021\/10\/podcast-das-briefing-9-klimawandel\/#primaryimage\",\"url\":\"https:\/\/about.fb.com\/de\/wp-content\/uploads\/sites\/10\/2021\/10\/Politik_Kommunikation-HEADLINER-LANDSCAPE_Meta_Briefing_660x300-1.png?fit=660%2C300\",\"contentUrl\":\"https:\/\/about.fb.com\/de\/wp-content\/uploads\/sites\/10\/2021\/10\/Politik_Kommunikation-HEADLINER-LANDSCAPE_Meta_Briefing_660x300-1.png?fit=660%2C300\",\"width\":660,\"height\":300},{\"@type\":\"BreadcrumbList\",\"@id\":\"https:\/\/about.fb.com\/de\/news\/2021\/10\/podcast-das-briefing-9-klimawandel\/#breadcrumb\",\"itemListElement\":[{\"@type\":\"ListItem\",\"position\":1,\"name\":\"Home\",\"item\":\"https:\/\/about.fb.com\/de\/\"},{\"@type\":\"ListItem\",\"position\":2,\"name\":\"Podcast &#8222;Das Facebook Briefing&#8220; | Gemeinsam gegen den Klimawandel: Wie soziale Medien helfen, den Klimawandel zu bek\u00e4mpfen\"}]},{\"@type\":\"WebSite\",\"@id\":\"https:\/\/about.fb.com\/de\/#website\",\"url\":\"https:\/\/about.fb.com\/news\/\",\"name\":\"\u00dcber Meta\",\"description\":\"\",\"publisher\":{\"@id\":\"https:\/\/about.fb.com\/de\/#organization\"},\"potentialAction\":[{\"@type\":\"SearchAction\",\"target\":{\"@type\":\"EntryPoint\",\"urlTemplate\":\"https:\/\/about.fb.com\/de\/?s={search_term_string}\"},\"query-input\":{\"@type\":\"PropertyValueSpecification\",\"valueRequired\":true,\"valueName\":\"search_term_string\"}}],\"inLanguage\":\"de-DE\",\"alternateName\":[\"Meta Newsroom\",\"Meta\"]},{\"@type\":\"Organization\",\"@id\":\"https:\/\/about.fb.com\/de\/#organization\",\"name\":\"Meta\",\"url\":\"https:\/\/about.fb.com\/de\/\",\"logo\":{\"@type\":\"ImageObject\",\"inLanguage\":\"de-DE\",\"@id\":\"https:\/\/about.fb.com\/de\/#\/schema\/logo\/image\/\",\"url\":\"https:\/\/about.fb.com\/de\/wp-content\/uploads\/sites\/10\/2021\/10\/meta-social-16x9-1.jpg?fit=8000%2C4500\",\"contentUrl\":\"https:\/\/about.fb.com\/de\/wp-content\/uploads\/sites\/10\/2021\/10\/meta-social-16x9-1.jpg?fit=8000%2C4500\",\"width\":8000,\"height\":4500,\"caption\":\"Meta\"},\"image\":{\"@id\":\"https:\/\/about.fb.com\/de\/#\/schema\/logo\/image\/\"}}]}<\/script>\n<!-- \/ Yoast SEO plugin. -->","yoast_head_json":{"title":"Podcast \"Das Facebook Briefing\" | Gemeinsam gegen den Klimawandel: Wie soziale Medien helfen, den Klimawandel zu bek\u00e4mpfen | \u00dcber Meta","robots":{"index":"index","follow":"follow","max-snippet":"max-snippet:-1","max-image-preview":"max-image-preview:large","max-video-preview":"max-video-preview:-1"},"canonical":"https:\/\/about.fb.com\/de\/news\/2021\/10\/podcast-das-briefing-9-klimawandel\/","og_locale":"de_DE","og_type":"article","og_title":"Podcast \"Das Facebook Briefing\" | Gemeinsam gegen den Klimawandel: Wie soziale Medien helfen, den Klimawandel zu bek\u00e4mpfen | \u00dcber Meta","og_description":"Der Podcast ist auch auf Podigee und Apple Podcasts verf\u00fcgbar. Dr. Laura Spengler, Fachgebietsleiterin f\u00fcr nachhaltige Konsumstrukturen im Umweltbundesamt, und Eva-Maria Kirschsieper, Public Policy Director Sustainability, EMEA bei Meta, sprechen \u00fcber nachhaltiges Handeln von Konsument*innen und Unternehmen. In dieser Episode von \u201eDas Facebook Briefing\u201c diskutiert Gastgeber Hendrik Wieduwilt mit Laura Spengler, Leiterin des Fachgebiets \u201e\u00dcbergreifende Aspekte des produktbezogenen Umweltschutzes, Nachhaltige Konsumstrukturen, Innovationsprogramm\u201c im Umweltbundesamt (UBA) und Eva-Maria-Kirschsieper, Policy Director f\u00fcr Nachhaltigkeit in der EMEA Region bei Meta \u00fcber Klimaschutz und nachhaltigen Konsum. Dabei geht es insbesondere um Fragen nach der Verantwortung f\u00fcr nachhaltiges Handeln und wie jede einzelne Person dazu beitragen kann, die weltweiten CO2-Emissionen zu reduzieren. Was k\u00f6nnen soziale Medien au\u00dferdem tun, um das Thema Nachhaltigkeit st\u00e4rker in den gesellschaftlichen Fokus zu r\u00fccken?\u00a0 Klimaaktivist*innen wie Greta Thunberg kritisieren, dass beim Thema Umweltschutz zu h\u00e4ufig nur Phrasen im Vordergrund stehen. Die konkreten Taten lassen da meist auf sich warten. W\u00e4hrend f\u00fcr Verbraucher*innen auf der ganzen Welt gilt, ihren pers\u00f6nlichen Konsum nachhaltiger zu gestalten, m\u00fcssen auch Internetunternehmen wie Meta Verantwortung f\u00fcr umweltbewusstes Handeln \u00fcbernehmen. Daher arbeitet Meta nicht nur mit anderen Unternehmen zusammen, um in Zukunft CO2-neutral zu wirtschaften, sondern bek\u00e4mpft auf den eigenen Plattformen mit Hilfe von Faktencheckern und zielgerichteten Informationsangeboten Falschinformationen rund um den Klimawandel. &nbsp; &nbsp; \u00dcber die G\u00e4ste Dr. Laura Spengler ist Umwelt- und promovierte Politikwissenschaftlerin. Nach langj\u00e4hriger T\u00e4tigkeit bei dem Umweltberatungsunternehmen \u00d6kopol in Hamburg arbeitet sie seit 2019 als Expertin im UBA zu Nachhaltigkeitsinitiativen, die alle Verbraucher*innen f\u00fcr mehr Klimaschutz umsetzen k\u00f6nnen. Eva-Maria Kirschsieper ist seit 2021 Metas Policy Director f\u00fcr Nachhaltigkeit in der EMEA Region. Davor leitete sie f\u00fcr zehn Jahre Metas Policy-Team in Deutschland. Ab 2019 trieb sie insbesondere die Nachhaltigkeitsma\u00dfnahmen bei Meta aktiv voran und und setzte bereits wichtige Impulse in diesem Bereich. Eva-Maria ist unter anderem Mitglied der Leaders for Climate Action und Futurewoman. Weitere Infos dazu, was Meta f\u00fcr Klimaschutz und Nachhaltigkeit tut, findet ihr hier: https:\/\/sustainability.fb.com\/\u00a0","og_url":"https:\/\/about.fb.com\/de\/news\/2021\/10\/podcast-das-briefing-9-klimawandel\/","og_site_name":"\u00dcber Meta","article_published_time":"2021-10-07T10:18:11+00:00","article_modified_time":"2021-12-13T12:46:43+00:00","og_image":[{"url":"https:\/\/about.fb.com\/de\/wp-content\/uploads\/sites\/10\/2021\/10\/Politik_Kommunikation-HEADLINER-LANDSCAPE_Meta_Briefing_660x300-1.png","type":"","width":"","height":""}],"author":"Trilligent","twitter_card":"summary_large_image","twitter_misc":{"Written by":"Meta","Est. reading time":"2 Minuten"},"schema":{"@context":"https:\/\/schema.org","@graph":[{"@type":"Article","@id":"https:\/\/about.fb.com\/de\/news\/2021\/10\/podcast-das-briefing-9-klimawandel\/#article","isPartOf":{"@id":"https:\/\/about.fb.com\/de\/news\/2021\/10\/podcast-das-briefing-9-klimawandel\/"},"author":"Facebook company","headline":"Podcast &#8222;Das Facebook Briefing&#8220; | Gemeinsam gegen den Klimawandel: Wie soziale Medien helfen, den Klimawandel zu bek\u00e4mpfen","datePublished":"2021-10-07T10:18:11+00:00","dateModified":"2021-12-13T12:46:43+00:00","mainEntityOfPage":{"@id":"https:\/\/about.fb.com\/de\/news\/2021\/10\/podcast-das-briefing-9-klimawandel\/"},"wordCount":378,"publisher":{"@id":"https:\/\/about.fb.com\/de\/#organization"},"image":{"@id":"https:\/\/about.fb.com\/de\/news\/2021\/10\/podcast-das-briefing-9-klimawandel\/#primaryimage"},"thumbnailUrl":"https:\/\/about.fb.com\/de\/wp-content\/uploads\/sites\/10\/2021\/10\/Politik_Kommunikation-HEADLINER-LANDSCAPE_Meta_Briefing_660x300-1.png","keywords":["\"Das Facebook Briefing\"","#gemeinsamnachhaltig","Facebook","Instagram","Klimaziele Nachhaltigkeit","Nachhaltigkeit","Podcast","Umwelt"],"articleSection":["Nachhaltigkeit","Social Good"],"inLanguage":"de-DE"},{"@type":"WebPage","@id":"https:\/\/about.fb.com\/de\/news\/2021\/10\/podcast-das-briefing-9-klimawandel\/","url":"https:\/\/about.fb.com\/de\/news\/2021\/10\/podcast-das-briefing-9-klimawandel\/","name":"Podcast \"Das Facebook Briefing\" | Gemeinsam gegen den Klimawandel: Wie soziale Medien helfen, den Klimawandel zu bek\u00e4mpfen | \u00dcber Meta","isPartOf":{"@id":"https:\/\/about.fb.com\/de\/#website"},"primaryImageOfPage":{"@id":"https:\/\/about.fb.com\/de\/news\/2021\/10\/podcast-das-briefing-9-klimawandel\/#primaryimage"},"image":{"@id":"https:\/\/about.fb.com\/de\/news\/2021\/10\/podcast-das-briefing-9-klimawandel\/#primaryimage"},"thumbnailUrl":"https:\/\/about.fb.com\/de\/wp-content\/uploads\/sites\/10\/2021\/10\/Politik_Kommunikation-HEADLINER-LANDSCAPE_Meta_Briefing_660x300-1.png","datePublished":"2021-10-07T10:18:11+00:00","dateModified":"2021-12-13T12:46:43+00:00","breadcrumb":{"@id":"https:\/\/about.fb.com\/de\/news\/2021\/10\/podcast-das-briefing-9-klimawandel\/#breadcrumb"},"inLanguage":"de-DE","potentialAction":[{"@type":"ReadAction","target":["https:\/\/about.fb.com\/de\/news\/2021\/10\/podcast-das-briefing-9-klimawandel\/"]}],"author":"\u00dcber Meta"},{"@type":"ImageObject","inLanguage":"de-DE","@id":"https:\/\/about.fb.com\/de\/news\/2021\/10\/podcast-das-briefing-9-klimawandel\/#primaryimage","url":"https:\/\/about.fb.com\/de\/wp-content\/uploads\/sites\/10\/2021\/10\/Politik_Kommunikation-HEADLINER-LANDSCAPE_Meta_Briefing_660x300-1.png?fit=660%2C300","contentUrl":"https:\/\/about.fb.com\/de\/wp-content\/uploads\/sites\/10\/2021\/10\/Politik_Kommunikation-HEADLINER-LANDSCAPE_Meta_Briefing_660x300-1.png?fit=660%2C300","width":660,"height":300},{"@type":"BreadcrumbList","@id":"https:\/\/about.fb.com\/de\/news\/2021\/10\/podcast-das-briefing-9-klimawandel\/#breadcrumb","itemListElement":[{"@type":"ListItem","position":1,"name":"Home","item":"https:\/\/about.fb.com\/de\/"},{"@type":"ListItem","position":2,"name":"Podcast &#8222;Das Facebook Briefing&#8220; | Gemeinsam gegen den Klimawandel: Wie soziale Medien helfen, den Klimawandel zu bek\u00e4mpfen"}]},{"@type":"WebSite","@id":"https:\/\/about.fb.com\/de\/#website","url":"https:\/\/about.fb.com\/news\/","name":"\u00dcber Meta","description":"","publisher":{"@id":"https:\/\/about.fb.com\/de\/#organization"},"potentialAction":[{"@type":"SearchAction","target":{"@type":"EntryPoint","urlTemplate":"https:\/\/about.fb.com\/de\/?s={search_term_string}"},"query-input":{"@type":"PropertyValueSpecification","valueRequired":true,"valueName":"search_term_string"}}],"inLanguage":"de-DE","alternateName":["Meta Newsroom","Meta"]},{"@type":"Organization","@id":"https:\/\/about.fb.com\/de\/#organization","name":"Meta","url":"https:\/\/about.fb.com\/de\/","logo":{"@type":"ImageObject","inLanguage":"de-DE","@id":"https:\/\/about.fb.com\/de\/#\/schema\/logo\/image\/","url":"https:\/\/about.fb.com\/de\/wp-content\/uploads\/sites\/10\/2021\/10\/meta-social-16x9-1.jpg?fit=8000%2C4500","contentUrl":"https:\/\/about.fb.com\/de\/wp-content\/uploads\/sites\/10\/2021\/10\/meta-social-16x9-1.jpg?fit=8000%2C4500","width":8000,"height":4500,"caption":"Meta"},"image":{"@id":"https:\/\/about.fb.com\/de\/#\/schema\/logo\/image\/"}}]}},"jetpack_featured_media_url":"","jetpack-related-posts":[],"jetpack_sharing_enabled":true,"amp_enabled":true,"_links":{"self":[{"href":"https:\/\/about.fb.com\/de\/wp-json\/wp\/v2\/posts\/26718","targetHints":{"allow":["GET"]}}],"collection":[{"href":"https:\/\/about.fb.com\/de\/wp-json\/wp\/v2\/posts"}],"about":[{"href":"https:\/\/about.fb.com\/de\/wp-json\/wp\/v2\/types\/post"}],"author":[{"embeddable":true,"href":"https:\/\/about.fb.com\/de\/wp-json\/wp\/v2\/users\/116743763"}],"replies":[{"embeddable":true,"href":"https:\/\/about.fb.com\/de\/wp-json\/wp\/v2\/comments?post=26718"}],"version-history":[{"count":12,"href":"https:\/\/about.fb.com\/de\/wp-json\/wp\/v2\/posts\/26718\/revisions"}],"predecessor-version":[{"id":26721,"href":"https:\/\/about.fb.com\/de\/wp-json\/wp\/v2\/posts\/26718\/revisions\/26721"}],"wp:attachment":[{"href":"https:\/\/about.fb.com\/de\/wp-json\/wp\/v2\/media?parent=26718"}],"wp:term":[{"taxonomy":"category","embeddable":true,"href":"https:\/\/about.fb.com\/de\/wp-json\/wp\/v2\/categories?post=26718"},{"taxonomy":"post_tag","embeddable":true,"href":"https:\/\/about.fb.com\/de\/wp-json\/wp\/v2\/tags?post=26718"}],"curies":[{"name":"wp","href":"https:\/\/api.w.org\/{rel}","templated":true}]}}