{"id":26361,"date":"2021-09-09T16:51:15","date_gmt":"2021-09-09T15:51:15","guid":{"rendered":"https:\/\/about.fb.com\/de\/?p=26361"},"modified":"2021-09-09T17:48:50","modified_gmt":"2021-09-09T16:48:50","slug":"ay-ban-und-facebook-stellen-die-erste-generation-einer-smarten-brille-vor-ray-ban-stories","status":"publish","type":"post","link":"https:\/\/about.fb.com\/de\/news\/2021\/09\/ay-ban-und-facebook-stellen-die-erste-generation-einer-smarten-brille-vor-ray-ban-stories\/","title":{"rendered":"Ray-Ban und Facebook stellen die erste Generation einer smarten Brille vor: Ray-Ban Stories"},"content":{"rendered":"<p><span style=\"font-weight: 400\">Wir freuen uns, den Produktstart von Ray-Ban Stories bekannt zu geben: Eine smarte Brille, mit der du auf authentische Weise Fotos und Videos aufnehmen, deine Abenteuer teilen, Musik h\u00f6ren und sogar Anrufe entgegennehmen kannst. Es war noch nie so stylisch und einfach, sich mit Freunden, der Familie und deiner direkten Umgebung auszutauschen.\u00a0<\/span><\/p>\n<p><span style=\"font-weight: 400\">Die smarte Brille ist ab 299 US-Dollar und in 20 Modellvarianten erh\u00e4ltlich und kann <\/span><a href=\"https:\/\/www.ray-ban.com\/usa\"><span style=\"font-weight: 400\">online <\/span><\/a><span style=\"font-weight: 400\">und in ausgew\u00e4hlten Gesch\u00e4ften in den USA sowie in Australien, Kanada, Irland, Italien und Gro\u00dfbritannien erworben werden.\u00a0<\/span><\/p>\n<div style=\"width: 960px;\" class=\"wp-video\"><video class=\"wp-video-shortcode\" id=\"video-26361-1\" width=\"960\" height=\"960\" preload=\"metadata\" controls=\"controls\"><source type=\"video\/mp4\" src=\"https:\/\/about.fb.com\/de\/wp-content\/uploads\/sites\/10\/2021\/09\/RBSTORIES_20210907_LAUNCHEVENT_INSTAGRAM_1080X1080_30SEC_CUTDOWN_H264.mp4?_=1\" \/><a href=\"https:\/\/about.fb.com\/de\/wp-content\/uploads\/sites\/10\/2021\/09\/RBSTORIES_20210907_LAUNCHEVENT_INSTAGRAM_1080X1080_30SEC_CUTDOWN_H264.mp4\">https:\/\/about.fb.com\/de\/wp-content\/uploads\/sites\/10\/2021\/09\/RBSTORIES_20210907_LAUNCHEVENT_INSTAGRAM_1080X1080_30SEC_CUTDOWN_H264.mp4<\/a><\/video><\/div>\n<p><span style=\"font-weight: 400\">Von allt\u00e4glichen Aktivit\u00e4ten wie Fahrradfahren bis hin zu Highlights wie dem Live-Konzert deiner Lieblingsband \u2013 mit den beiden integrierten 5-MP-Kameras von Ray-Ban Stories kannst du besondere Momente aus einer einzigartigen Ich-Perspektive spontan festhalten. Zeige der Welt, wie du sie siehst, indem du Fotos und bis zu 30-sek\u00fcndige Videos per Aufnahmetaste oder freih\u00e4ndig \u00fcber die Sprachbefehle des Facebook-Assistenten machst. Eine Aufnahme-LED leuchtet auf, damit Personen in der N\u00e4he wissen, dass du gerade ein Foto oder Video aufnimmst. Die integrierten formsch\u00f6nen, offenen Ohrh\u00f6rer und das Ray-Ban Stories-Audiosystem mit drei Mikrofonen garantieren eine hervorragende Sprach- und Ton\u00fcbertragung bei Anrufen und Videos. Beamforming-Technologie und ein Algorithmus zur Unterdr\u00fcckung von Hintergrundger\u00e4uschen sorgen f\u00fcr ein ausgereiftes Anruferlebnis, wie du es von High-End-Kopfh\u00f6rern kennst.<\/span><b><\/b><\/p>\n<p><span style=\"font-weight: 400\">Ray-Ban Stories ist mit der neuen Facebook View-App verbunden, <\/span>sodass du deine Bilder, Geschichten und Erinnerungen nahtlos mit Freunden und Social-Media Followern teilen kannst. Mit der Facebook View-App f\u00fcr <a href=\"https:\/\/apps.apple.com\/us\/app\/facebook-view\/id1558240027\">iOS<\/a>\u00a0 und <a href=\"https:\/\/play.google.com\/store\/apps\/details?id=com.facebook.stella\">Android<\/a>\u00a0 ist es kinderleicht, per Smart-Brille aufgenommene Inhalte zu importieren, zu bearbeiten und an Apps auf deinem Smartphone zu \u00fcbertragen, darunter Facebook, Instagram, WhatsApp, Messenger, Twitter, TikTok, Snapchat und viele mehr. Du kannst die Inhalte auch im Album auf deinem Handy speichern und von dort aus bearbeiten und teilen. Und mit den neuen, exklusiven Fotofiltern und -effekten, die in Facebook View integriert sind, kannst du coole Inhalte erstellen, um deinen Posts das gewisse Etwas zu verleihen.<\/p>\n<p><img data-recalc-dims=\"1\" loading=\"lazy\" decoding=\"async\" class=\"alignleft wp-image-26393 size-large\" src=\"https:\/\/about.fb.com\/de\/wp-content\/uploads\/sites\/10\/2021\/09\/Jeff-Carvalho-Photo9-1.jpg?w=890&#038;resize=890%2C668\" alt=\"\" width=\"890\" height=\"668\" srcset=\"https:\/\/about.fb.com\/de\/wp-content\/uploads\/sites\/10\/2021\/09\/Jeff-Carvalho-Photo9-1.jpg?w=2592 2592w, https:\/\/about.fb.com\/de\/wp-content\/uploads\/sites\/10\/2021\/09\/Jeff-Carvalho-Photo9-1.jpg?w=533 533w, https:\/\/about.fb.com\/de\/wp-content\/uploads\/sites\/10\/2021\/09\/Jeff-Carvalho-Photo9-1.jpg?w=300 300w, https:\/\/about.fb.com\/de\/wp-content\/uploads\/sites\/10\/2021\/09\/Jeff-Carvalho-Photo9-1.jpg?w=768 768w, https:\/\/about.fb.com\/de\/wp-content\/uploads\/sites\/10\/2021\/09\/Jeff-Carvalho-Photo9-1.jpg?w=1024 1024w, https:\/\/about.fb.com\/de\/wp-content\/uploads\/sites\/10\/2021\/09\/Jeff-Carvalho-Photo9-1.jpg?w=1536 1536w, https:\/\/about.fb.com\/de\/wp-content\/uploads\/sites\/10\/2021\/09\/Jeff-Carvalho-Photo9-1.jpg?w=2048 2048w, https:\/\/about.fb.com\/de\/wp-content\/uploads\/sites\/10\/2021\/09\/Jeff-Carvalho-Photo9-1.jpg?w=1440 1440w, https:\/\/about.fb.com\/de\/wp-content\/uploads\/sites\/10\/2021\/09\/Jeff-Carvalho-Photo9-1.jpg?w=800 800w, https:\/\/about.fb.com\/de\/wp-content\/uploads\/sites\/10\/2021\/09\/Jeff-Carvalho-Photo9-1.jpg?w=1920 1920w\" sizes=\"auto, (max-width: 890px) 100vw, 890px\" \/> <img data-recalc-dims=\"1\" loading=\"lazy\" decoding=\"async\" class=\"alignleft wp-image-26392 size-large\" src=\"https:\/\/about.fb.com\/de\/wp-content\/uploads\/sites\/10\/2021\/09\/Pete-Halvorsen-Photo2-1.jpg?w=576&#038;resize=576%2C1024\" alt=\"\" width=\"576\" height=\"1024\" srcset=\"https:\/\/about.fb.com\/de\/wp-content\/uploads\/sites\/10\/2021\/09\/Pete-Halvorsen-Photo2-1.jpg?w=1093 1093w, https:\/\/about.fb.com\/de\/wp-content\/uploads\/sites\/10\/2021\/09\/Pete-Halvorsen-Photo2-1.jpg?w=225 225w, https:\/\/about.fb.com\/de\/wp-content\/uploads\/sites\/10\/2021\/09\/Pete-Halvorsen-Photo2-1.jpg?w=169 169w, https:\/\/about.fb.com\/de\/wp-content\/uploads\/sites\/10\/2021\/09\/Pete-Halvorsen-Photo2-1.jpg?w=768 768w, https:\/\/about.fb.com\/de\/wp-content\/uploads\/sites\/10\/2021\/09\/Pete-Halvorsen-Photo2-1.jpg?w=576 576w, https:\/\/about.fb.com\/de\/wp-content\/uploads\/sites\/10\/2021\/09\/Pete-Halvorsen-Photo2-1.jpg?w=864 864w, https:\/\/about.fb.com\/de\/wp-content\/uploads\/sites\/10\/2021\/09\/Pete-Halvorsen-Photo2-1.jpg?w=607 607w, https:\/\/about.fb.com\/de\/wp-content\/uploads\/sites\/10\/2021\/09\/Pete-Halvorsen-Photo2-1.jpg?w=337 337w\" sizes=\"auto, (max-width: 576px) 100vw, 576px\" \/> <img data-recalc-dims=\"1\" loading=\"lazy\" decoding=\"async\" class=\"alignleft size-full wp-image-26391\" src=\"https:\/\/about.fb.com\/de\/wp-content\/uploads\/sites\/10\/2021\/09\/Jacques-Slade-Photo3-1.jpg?resize=890%2C668\" alt=\"\" width=\"890\" height=\"668\" srcset=\"https:\/\/about.fb.com\/de\/wp-content\/uploads\/sites\/10\/2021\/09\/Jacques-Slade-Photo3-1.jpg?w=2592 2592w, https:\/\/about.fb.com\/de\/wp-content\/uploads\/sites\/10\/2021\/09\/Jacques-Slade-Photo3-1.jpg?w=533 533w, https:\/\/about.fb.com\/de\/wp-content\/uploads\/sites\/10\/2021\/09\/Jacques-Slade-Photo3-1.jpg?w=300 300w, https:\/\/about.fb.com\/de\/wp-content\/uploads\/sites\/10\/2021\/09\/Jacques-Slade-Photo3-1.jpg?w=768 768w, https:\/\/about.fb.com\/de\/wp-content\/uploads\/sites\/10\/2021\/09\/Jacques-Slade-Photo3-1.jpg?w=1024 1024w, https:\/\/about.fb.com\/de\/wp-content\/uploads\/sites\/10\/2021\/09\/Jacques-Slade-Photo3-1.jpg?w=1536 1536w, https:\/\/about.fb.com\/de\/wp-content\/uploads\/sites\/10\/2021\/09\/Jacques-Slade-Photo3-1.jpg?w=2048 2048w, https:\/\/about.fb.com\/de\/wp-content\/uploads\/sites\/10\/2021\/09\/Jacques-Slade-Photo3-1.jpg?w=1440 1440w, https:\/\/about.fb.com\/de\/wp-content\/uploads\/sites\/10\/2021\/09\/Jacques-Slade-Photo3-1.jpg?w=800 800w, https:\/\/about.fb.com\/de\/wp-content\/uploads\/sites\/10\/2021\/09\/Jacques-Slade-Photo3-1.jpg?w=1920 1920w\" sizes=\"auto, (max-width: 890px) 100vw, 890px\" \/><\/p>\n<p>&nbsp;<\/p>\n<p><span style=\"font-weight: 400\">Ray-Ban Stories gibt es in 20 Ausf\u00fchrungen, darunter die ikonischen Ray-Ban Modelle Wayfarer\/Wayfarer Large, Round und Meteor. Es stehen f\u00fcnf Farben und mehrere Arten von Brillengl\u00e4sern zur Auswahl, darunter klar, get\u00f6nt, selbstt\u00f6nend und Korrektionsgl\u00e4ser, sodass du die Brille ganz individuell an deinen Stil anpassen kannst.<\/span><\/p>\n<p><img data-recalc-dims=\"1\" loading=\"lazy\" decoding=\"async\" class=\"alignleft size-full wp-image-26386\" src=\"https:\/\/about.fb.com\/de\/wp-content\/uploads\/sites\/10\/2021\/09\/RAY-BAN-STORIES-WAYFARER-PACKAGING-KIT_2.jpg?resize=890%2C667\" alt=\"\" width=\"890\" height=\"667\" srcset=\"https:\/\/about.fb.com\/de\/wp-content\/uploads\/sites\/10\/2021\/09\/RAY-BAN-STORIES-WAYFARER-PACKAGING-KIT_2.jpg?w=8280 8280w, https:\/\/about.fb.com\/de\/wp-content\/uploads\/sites\/10\/2021\/09\/RAY-BAN-STORIES-WAYFARER-PACKAGING-KIT_2.jpg?w=534 534w, https:\/\/about.fb.com\/de\/wp-content\/uploads\/sites\/10\/2021\/09\/RAY-BAN-STORIES-WAYFARER-PACKAGING-KIT_2.jpg?w=300 300w, https:\/\/about.fb.com\/de\/wp-content\/uploads\/sites\/10\/2021\/09\/RAY-BAN-STORIES-WAYFARER-PACKAGING-KIT_2.jpg?w=768 768w, https:\/\/about.fb.com\/de\/wp-content\/uploads\/sites\/10\/2021\/09\/RAY-BAN-STORIES-WAYFARER-PACKAGING-KIT_2.jpg?w=1024 1024w, https:\/\/about.fb.com\/de\/wp-content\/uploads\/sites\/10\/2021\/09\/RAY-BAN-STORIES-WAYFARER-PACKAGING-KIT_2.jpg?w=1536 1536w, https:\/\/about.fb.com\/de\/wp-content\/uploads\/sites\/10\/2021\/09\/RAY-BAN-STORIES-WAYFARER-PACKAGING-KIT_2.jpg?w=2048 2048w, https:\/\/about.fb.com\/de\/wp-content\/uploads\/sites\/10\/2021\/09\/RAY-BAN-STORIES-WAYFARER-PACKAGING-KIT_2.jpg?w=1440 1440w, https:\/\/about.fb.com\/de\/wp-content\/uploads\/sites\/10\/2021\/09\/RAY-BAN-STORIES-WAYFARER-PACKAGING-KIT_2.jpg?w=800 800w, https:\/\/about.fb.com\/de\/wp-content\/uploads\/sites\/10\/2021\/09\/RAY-BAN-STORIES-WAYFARER-PACKAGING-KIT_2.jpg?w=1920 1920w, https:\/\/about.fb.com\/de\/wp-content\/uploads\/sites\/10\/2021\/09\/RAY-BAN-STORIES-WAYFARER-PACKAGING-KIT_2.jpg?w=2880 2880w\" sizes=\"auto, (max-width: 890px) 100vw, 890px\" \/><\/p>\n<p><span style=\"font-weight: 400\">Als Ganztagesbrille muss die Ray-Ban Stories-Smart-Brille bereit sein, wenn du es bist. Deshalb wird sie mit einem speziell entwickelten, tragbaren Ladeetui geliefert, das deine Brille unterwegs bequem aufl\u00e4dt und vor Sch\u00e4den sch\u00fctzt. Mit einem vollst\u00e4ndig aufgeladenen Etui kannst du die Brille zus\u00e4tzlich zum aktuellen Ladestand ganze drei Tage lang verwenden.<\/span><\/p>\n<p><b>Kleiner Formfaktor, gro\u00dfe Design-Herausforderungen<\/b><\/p>\n<p><span style=\"font-weight: 400\">Bei der Entwicklung der Ray-Ban Stories-Smart-Brille ging es vor allem um Miniaturisierung. Ray-Bans Muttergesellschaft<\/span><a href=\"https:\/\/www.essilorluxottica.com\/\"> <span style=\"font-weight: 400\">EssilorLuxottica<\/span><\/a><span style=\"font-weight: 400\"> und Facebook haben von der Idee bis zum endg\u00fcltigen Design zusammengearbeitet, um intelligente Technologie nahtlos in eine ikonische Form zu integrieren \u2013 eine gro\u00dfe Herausforderung. Es galt, s\u00e4mtliche Komponenten so umzugestalten, dass alles \u2013 zwei Kameras, mehrere Mikro-Lautsprecher, ein Audio-Array mit drei Mikrofonen, ein optimierter Snapdragon\u00ae-Prozessor, ein kapazitives Touchpad, ein Akku und vieles mehr \u2013 auf kleinstem Raum und mit m\u00f6glichst geringem Gewicht untergebracht werden konnte. Dabei war der Formfaktor ausschlaggebend f\u00fcr viele Entscheidungen, von der Lautsprecherarchitektur bis hin zur Auswahl der Kamera.<\/span><\/p>\n<p><span style=\"font-weight: 400\">Eine hohe Audioqualit\u00e4t zu erreichen, war dabei keine Selbstverst\u00e4ndlichkeit.: Wir haben auf ein<\/span><a href=\"https:\/\/de.wikipedia.org\/wiki\/Bassreflex-Geh%C3%A4use\"> <span style=\"font-weight: 400\">Bassreflex-System<\/span><\/a><span style=\"font-weight: 400\"> zur\u00fcckgegriffen und standen anfangs vor der Herausforderung, die Lautsprecher\u00f6ffnungen in dem geringen Platz unterzubringen, den das Brillengestell bietet. Schlussendlich lag die L\u00f6sung in der Kombination hochwertiger Hardware und Software und \u201eein wenig\u201c Geduld .<\/span><\/p>\n<p><span style=\"font-weight: 400\">Auch unsere 5-MP-Kameras bieten im Vergleich zu vielen leistungsf\u00e4higeren Kameras hervorragende Medienerlebnisse, da wir viel Arbeit in die Verarbeitungspipeline investiert haben. Die mit Ray-Ban Stories aufgenommenen Fotos und Videos eignen sich perfekt zum Teilen in deiner Lieblings-App. Bei der Medienerfassung haben wir Wert darauf gelegt, dass sie vielen Bewegungen standh\u00e4lt \u2013 vom Schwenken deines Kopfes w\u00e4hrend der Aufnahme bis hin zu schnellen Bewegungen, zum Beispiel auf dem Skateboard. Zu den von uns erzielten Optimierungen im Bereich der computergest\u00fctzten Fotografie geh\u00f6ren HDR und Low-Light-Fusion, Videostabilisierung und Rauschreduzierung. Au\u00dferdem haben wir mit Hilfe maschineller Lerntechnologien die Farbtonwiedergabe von Fotos und Videos verbessert, damit sie so authentisch wirken wie im Moment der Aufnahme.<\/span><\/p>\n<p><span style=\"font-weight: 400\">Die Markteinf\u00fchrung von drei Modellen mit unterschiedlichen Farben, Materialien und Ausf\u00fchrungen f\u00fcr unsere erste Produktgeneration betrachten wir als gro\u00dfe Leistung. Schon fr\u00fch im Entwicklungsprozess haben wir uns dar\u00fcber Gedanken gemacht, wo der Ladeanschluss angebracht werden sollte. Unsere L\u00f6sung: Die B\u00fcgelscharniere dienen als freiliegende L\u00e4ufe zum Andocken an das Ladeetui. Hierzu mussten wir f\u00fcr jedes Modell 20<\/span><a href=\"https:\/\/en.wikipedia.org\/wiki\/Engineering_validation_test\"> <span style=\"font-weight: 400\">technische Validierungstests<\/span><\/a><span style=\"font-weight: 400\"> (EVTs) durchf\u00fchren. Letztendlich ist es uns gelungen, die Brillenb\u00fcgel f\u00fcr alle Produkte zu standardisieren und unsere internen Komponenten so zu gestalten, dass sie in die unterschiedlichen Modelle passen.<\/span><\/p>\n<p><span style=\"font-weight: 400\">Nach zahlreichen Design-Iterationen, monatelanger Planung und der internationalen Zusammenarbeit zwischen den Teams von Facebook und EssilorLuxottica (und das mitten w\u00e4hrend einer Pandemie) sind wir nun am Ziel: Die Ray-Ban Stories-Smart-Brille wiegt nur etwa f\u00fcnf Gramm mehr als das urspr\u00fcngliche Wayfarer-Design \u2013 das entspricht in etwa dem Gewicht eines Teel\u00f6ffels Salz.<\/span><\/p>\n<p><span style=\"font-weight: 400\">Und die n\u00e4chste Etappe dieser aufregenden Reise ist bereits in Planung. Wir werden dich<\/span> <span style=\"font-weight: 400\">\u00fcber regelm\u00e4\u00dfige Software-Updates informieren, die der fortlaufenden Verbesserung der Benutzererfahrung dienen.<\/span><\/p>\n<p><b>Datenschutz by Design<\/b><\/p>\n<p><span style=\"font-weight: 400\">Wir tragen eine gro\u00dfe Verantwortung f\u00fcr die Sicherheit und Privatsph\u00e4re unserer Nutzer*innen und Menschen. Das gilt hier insbesondere auch f\u00fcr die Menschen im Umfeld der Brillentr\u00e4ger*innen. Aus diesem Grund haben wir Datenschutz- und Sicherheitsfunktionen direkt von Beginn an im Design der Brille ber\u00fccksichtigt und integriert.\u00a0<\/span><\/p>\n<p><span style=\"font-weight: 400\">So gibt es beispielsweise Hardware-Schutzvorrichtungen wie einen Netzschalter zum Ausschalten der Kameras und des Mikrofons sowie die bereits erw\u00e4hnte fest mit der Kamera verbundene Aufnahme-LED, die Personen in der N\u00e4he mit einem wei\u00dfen Licht \u00fcber die aktive Aufnahme von Fotos oder Videos informiert.<\/span><\/p>\n<p><span style=\"font-weight: 400\">Mit den Steuerelementen in der Facebook View-App kannst du deine Nutzererfahrung individuell anpassen. So kannst du beispielsweise deine pers\u00f6nlichen Einstellungen f\u00fcr den Import von Fotos und Videos festlegen und bestimmen, wann und wo Inhalte geteilt werden, die du mit der Brille festgehalten hast. Die M\u00f6glichkeit, eigene Einstellungen vorzunehmen und die Verwendung von Inhalten zu kontrollieren, war den Teilnehmenden unserer Umfrage zum Thema Wearable Technology und Datenschutz besonders wichtig.<\/span><\/p>\n<p><span style=\"font-weight: 400\">Die Ray-Ban Stories-Smart-Brille sammelt nur notwendige Daten von dir, die f\u00fcr die einwandfreie Funktion der Brille erforderlich sind, so z. B. den Akkustatus, um dich auf einen niedrigen Ladestand aufmerksam zu machen. Deine E-Mail-Adresse und das Kennwort f\u00fcr den Facebook-Login werden ben\u00f6tigt, um deine Identit\u00e4t zu verifizieren, wenn du dich bei der Facebook View-App anmeldest, und die Brille muss au\u00dferdem auf deine WiFi-Verbindung zugreifen. Es bleibt dir \u00fcberlassen, ob du zus\u00e4tzliche Daten teilen m\u00f6chtest \u2013 z. B. die Anzahl der von dir gemachten Fotos oder wie viel Zeit du mit der Aufnahme von Videos verbringst. Diese Informationen helfen uns dabei, das Produkt weiterzuentwickeln, zu verbessern und zu personalisieren. Die entsprechende Einstellung kannst du jederzeit \u00e4ndern.<\/span><\/p>\n<p><img data-recalc-dims=\"1\" loading=\"lazy\" decoding=\"async\" class=\"alignleft size-full wp-image-26381\" src=\"https:\/\/about.fb.com\/de\/wp-content\/uploads\/sites\/10\/2021\/09\/Android-Group-Screens.png?resize=890%2C501\" alt=\"\" width=\"890\" height=\"501\" srcset=\"https:\/\/about.fb.com\/de\/wp-content\/uploads\/sites\/10\/2021\/09\/Android-Group-Screens.png?w=1920 1920w, https:\/\/about.fb.com\/de\/wp-content\/uploads\/sites\/10\/2021\/09\/Android-Group-Screens.png?w=600 600w, https:\/\/about.fb.com\/de\/wp-content\/uploads\/sites\/10\/2021\/09\/Android-Group-Screens.png?w=300 300w, https:\/\/about.fb.com\/de\/wp-content\/uploads\/sites\/10\/2021\/09\/Android-Group-Screens.png?w=768 768w, https:\/\/about.fb.com\/de\/wp-content\/uploads\/sites\/10\/2021\/09\/Android-Group-Screens.png?w=1024 1024w, https:\/\/about.fb.com\/de\/wp-content\/uploads\/sites\/10\/2021\/09\/Android-Group-Screens.png?w=1536 1536w, https:\/\/about.fb.com\/de\/wp-content\/uploads\/sites\/10\/2021\/09\/Android-Group-Screens.png?w=800 800w\" sizes=\"auto, (max-width: 890px) 100vw, 890px\" \/><\/p>\n<p><span style=\"font-weight: 400\">Die Verwendung des Facebook-Assistenten f\u00fcr die sprachgesteuerte Nutzung der Brille ist komplett optional. Du kannst dir die Aufzeichnungen deiner Sprachbefehle anzeigen lassen und l\u00f6schen, und du kannst die Sprachaufzeichnung und\/oder den Facebook-Assistenten in den Einstellungen jederzeit deaktivieren.<\/span><\/p>\n<p><span style=\"font-weight: 400\">Die Ray-Ban Stories-Smart-Brille und die Facebook View-App sind werbefrei, also wird dir keine Werbung angezeigt, w\u00e4hrend du die Brille oder die App verwendest. Au\u00dferdem nutzen wir keine deiner Fotos oder Videos f\u00fcr personalisierte Werbung. Wenn du Inhalte in eine andere App einstellst, gelten die Nutzungsbedingungen dieser App.<\/span><\/p>\n<p><span style=\"font-weight: 400\">Als zus\u00e4tzliche Sicherheitsma\u00dfnahme werden Fotos und Videos auf der Smart-Brille verschl\u00fcsselt. Falls du deine Ray-Ban Stories-Brille verlierst und jemand versucht, sie mit einem neuen Smartphone und Facebook-Konto zu koppeln, werden alle Daten und Medien, die sich noch auf der Brille befinden, automatisch gel\u00f6scht.<\/span><\/p>\n<p><b>Verantwortungsvolle Innovation<\/b><\/p>\n<p><span style=\"font-weight: 400\">Es reicht jedoch nicht aus, Ger\u00e4te mit Datenschutzfunktionen und Steuerungsm\u00f6glichkeiten auszustatten. Es ist uns wichtig, die Menschen dar\u00fcber aufzukl\u00e4ren, wie sie die Ray-Ban Stories-Smart-Brille sicher und verantwortungsbewusst nutzen \u2013 sowohl zu ihrem eigenen Schutz als auch zum Schutz der Privatsph\u00e4re der Menschen in ihrem Umfeld. Wir haben Richtlinien ausgearbeitet, welche die angemessene (und unangemessene) Nutzung der Brille darlegen. Einige davon werden direkt in der App w\u00e4hrend der Installation angezeigt. Die vollst\u00e4ndigen Richtlinien finden sich online auf unserer<\/span><a href=\"https:\/\/l.workplace.com\/l.php?u=https%3A%2F%2Fabout.facebook.com%2Freality-labs%2Fray-ban-stories%2Fprivacy&amp;h=AT2ty_37qTn9o6BdwV3nttlYbCCeCvqUKcobbuqNy88AzCKEj9UxjAytPJcZLapUX0b1QUlMNZjIgZplgfId9M3mjD3Oh-m4osoG0q59p57Oi3MQJ95MBIjhasZdSNeNq1lz-0kqeTWkJQ1jA64Okg\"> <span style=\"font-weight: 400\">dedizierten Datenschutz-Microsite f\u00fcr Ray-Ban Stories<\/span><\/a><span style=\"font-weight: 400\">. Unter anderem appellieren wir an Nutzer*innen, den Wunsch von Personen unbedingt zu respektieren, wenn<\/span> <span style=\"font-weight: 400\">diese darum bitten, eine Aufnahme zu beenden weil sie nicht Teil eines Fotos oder Videos sein m\u00f6chten, keine Fotos und Videos beim Autofahren aufzunehmen und die Brille in privaten Bereichen wie Kirchen, Arztpraxen oder Umkleider\u00e4umen auszuschalten.<\/span><\/p>\n<p><span style=\"font-weight: 400\">Smarte Brillen halten zunehmend Einzug in den Alltag und sind gleichzeitig ein neuer Formfaktor. Damit werfen Smart-Wearables eine Reihe neuer regulatorischer und gesellschaftspolitische Fragen hinsichtlich Datenschutz und ihrer Akzeptanz in der Gesellschaft auf. Aus diesem Grund betreiben wir<\/span><a href=\"https:\/\/about.facebook.com\/realitylabs\/responsible-innovation-principles\/\"> <span style=\"font-weight: 400\">verantwortungsbewusste Innovation<\/span><\/a><span style=\"font-weight: 400\"> und haben uns auf internationaler Ebene mit Experten aus den Bereichen Wissenschaft, Datenschutz, Sicherheit sowie mit B\u00fcrgerrechtler*innen ausgetauscht, unter anderem mit dem Future of Privacy Forum, dem National Network to End Domestic Violence, der National Consumers League, der LGBT Technology Partnership sowie der Information Technology and Innovation Foundation. Diesen Dialog wollen wir auch lokal fortf\u00fchren und Regeln verantwortungsbewusst mitgestalten.\u00a0<\/span><\/p>\n<p><b>Der Weg zur AR-Brille<\/b><\/p>\n<p><span style=\"font-weight: 400\">Wir bei Facebook Reality Labs verfolgen das Ziel, Tools zu entwickeln, mit denen sich Menschen jederzeit und \u00fcberall verbunden f\u00fchlen k\u00f6nnen. Wir betrachten die virtuelle und erweiterte Realit\u00e4t als die n\u00e4chste Ausbaustufe unserer vernetzten Welt, in der der Mensch im Mittelpunkt steht. Analog zu den heutigen Computern und Smartphones wird Augmented Reality (AR) den Alltag erleichtern und den Austausch mit anderen \u00fcber gro\u00dfe Entfernungen hinweg erm\u00f6glichen. Hier wird die virtuelle Pr\u00e4senz uns das Gef\u00fchl vermitteln, direkt bei einer anderen Person zu sein, egal wo auf der Welt sie sich gerade befindet.<\/span><\/p>\n<p><span style=\"font-weight: 400\">EssilorLuxottica teilt diese Vision. Die Markteinf\u00fchrung der ersten Generation der Ray-Ban Stories-Smart-Brille zeigt, wie wir k\u00fcnftig Ger\u00e4te einsetzen k\u00f6nnen, die unser t\u00e4gliches Leben bereichern, anstatt davon abzulenken.<\/span><\/p>\n<p><span style=\"font-weight: 400\">Die Ray-Ban Stories-Smart-Brille ist das erste Produkt, das aus unserer<\/span><a href=\"https:\/\/www.essilorluxottica.com\/sites\/default\/files\/documents\/2020-09\/PR-EN-FB-EL-SmartGlasses.pdf\"> <span style=\"font-weight: 400\">mehrj\u00e4hrigen Partnerschaft<\/span><\/a><span style=\"font-weight: 400\"> mit EssilorLuxottica hervorgeht. Gemeinsam machen wir uns f\u00fcr innovative Technologie und modische Eleganz stark und erm\u00f6glichen es den Menschen, noch enger und intensiver mit Freunden und Familie in Kontakt zu bleiben. Unter<\/span><a href=\"https:\/\/www.ray-ban.com\/usa\/ray-ban-stories\"> <span style=\"font-weight: 400\">https:\/\/www.ray-ban.com\/usa\/ray-ban-stories<\/span><\/a><span style=\"font-weight: 400\"> erf\u00e4hrst du mehr.<\/span><\/p>\n","protected":false},"excerpt":{"rendered":"Wir freuen uns, den Produktstart von Ray-Ban Stories bekannt zu geben: Eine smarte Brille, mit der du auf authentische Weise Fotos und Videos aufnehmen, deine Abenteuer teilen, Musik h\u00f6ren und sogar Anrufe entgegennehmen kannst. Es war noch nie so stylisch und einfach, sich mit Freunden, der Familie und deiner direkten Umgebung auszutauschen.\u00a0 Die smarte Brille ist ab 299 US-Dollar und in 20 Modellvarianten erh\u00e4ltlich und kann online und in ausgew\u00e4hlten Gesch\u00e4ften in den USA sowie in Australien, Kanada, Irland, Italien und Gro\u00dfbritannien erworben werden.\u00a0 Von allt\u00e4glichen Aktivit\u00e4ten wie Fahrradfahren bis hin zu Highlights wie dem Live-Konzert deiner Lieblingsband \u2013 mit den beiden integrierten 5-MP-Kameras von Ray-Ban Stories kannst du besondere Momente aus einer einzigartigen Ich-Perspektive spontan festhalten. Zeige der Welt, wie du sie siehst, indem du Fotos und bis zu 30-sek\u00fcndige Videos per Aufnahmetaste oder freih\u00e4ndig \u00fcber die Sprachbefehle des Facebook-Assistenten machst. Eine Aufnahme-LED leuchtet auf, damit Personen in der N\u00e4he wissen, dass du gerade ein Foto oder Video aufnimmst. Die integrierten formsch\u00f6nen, offenen Ohrh\u00f6rer und das Ray-Ban Stories-Audiosystem mit drei Mikrofonen garantieren eine hervorragende Sprach- und Ton\u00fcbertragung bei Anrufen und Videos. Beamforming-Technologie und ein Algorithmus zur Unterdr\u00fcckung von Hintergrundger\u00e4uschen sorgen f\u00fcr ein ausgereiftes Anruferlebnis, wie du es von High-End-Kopfh\u00f6rern kennst. Ray-Ban Stories ist mit der neuen Facebook View-App verbunden, sodass du deine Bilder, Geschichten und Erinnerungen nahtlos mit Freunden und Social-Media Followern teilen kannst. Mit der Facebook View-App f\u00fcr iOS\u00a0 und Android\u00a0 ist es kinderleicht, per Smart-Brille aufgenommene Inhalte zu importieren, zu bearbeiten und an Apps auf deinem Smartphone zu \u00fcbertragen, darunter Facebook, Instagram, WhatsApp, Messenger, Twitter, TikTok, Snapchat und viele mehr. Du kannst die Inhalte auch im Album auf deinem Handy speichern und von dort aus bearbeiten und teilen. Und mit den neuen, exklusiven Fotofiltern und -effekten, die in Facebook View integriert sind, kannst du coole Inhalte erstellen, um deinen Posts das gewisse Etwas zu verleihen. &nbsp; Ray-Ban Stories gibt es in 20 Ausf\u00fchrungen, darunter die ikonischen Ray-Ban Modelle Wayfarer\/Wayfarer Large, Round und Meteor. Es stehen f\u00fcnf Farben und mehrere Arten von Brillengl\u00e4sern zur Auswahl, darunter klar, get\u00f6nt, selbstt\u00f6nend und Korrektionsgl\u00e4ser, sodass du die Brille ganz individuell an deinen Stil anpassen kannst. Als Ganztagesbrille muss die Ray-Ban Stories-Smart-Brille bereit sein, wenn du es bist. Deshalb wird sie mit einem speziell entwickelten, tragbaren Ladeetui geliefert, das deine Brille unterwegs bequem aufl\u00e4dt und vor Sch\u00e4den sch\u00fctzt. Mit einem vollst\u00e4ndig aufgeladenen Etui kannst du die Brille zus\u00e4tzlich zum aktuellen Ladestand ganze drei Tage lang verwenden. Kleiner Formfaktor, gro\u00dfe Design-Herausforderungen Bei der Entwicklung der Ray-Ban Stories-Smart-Brille ging es vor allem um Miniaturisierung. Ray-Bans Muttergesellschaft EssilorLuxottica und Facebook haben von der Idee bis zum endg\u00fcltigen Design zusammengearbeitet, um intelligente Technologie nahtlos in eine ikonische Form zu integrieren \u2013 eine gro\u00dfe Herausforderung. Es galt, s\u00e4mtliche Komponenten so umzugestalten, dass alles \u2013 zwei Kameras, mehrere Mikro-Lautsprecher, ein Audio-Array mit drei Mikrofonen, ein optimierter Snapdragon\u00ae-Prozessor, ein kapazitives Touchpad, ein Akku und vieles mehr \u2013 auf kleinstem Raum und mit m\u00f6glichst geringem Gewicht untergebracht werden konnte. Dabei war der Formfaktor ausschlaggebend f\u00fcr viele Entscheidungen, von der Lautsprecherarchitektur bis hin zur Auswahl der Kamera. Eine hohe Audioqualit\u00e4t zu erreichen, war dabei keine Selbstverst\u00e4ndlichkeit.: Wir haben auf ein Bassreflex-System zur\u00fcckgegriffen und standen anfangs vor der Herausforderung, die Lautsprecher\u00f6ffnungen in dem geringen Platz unterzubringen, den das Brillengestell bietet. Schlussendlich lag die L\u00f6sung in der Kombination hochwertiger Hardware und Software und \u201eein wenig\u201c Geduld . Auch unsere 5-MP-Kameras bieten im Vergleich zu vielen leistungsf\u00e4higeren Kameras hervorragende Medienerlebnisse, da wir viel Arbeit in die Verarbeitungspipeline investiert haben. Die mit Ray-Ban Stories aufgenommenen Fotos und Videos eignen sich perfekt zum Teilen in deiner Lieblings-App. Bei der Medienerfassung haben wir Wert darauf gelegt, dass sie vielen Bewegungen standh\u00e4lt \u2013 vom Schwenken deines Kopfes w\u00e4hrend der Aufnahme bis hin zu schnellen Bewegungen, zum Beispiel auf dem Skateboard. Zu den von uns erzielten Optimierungen im Bereich der computergest\u00fctzten Fotografie geh\u00f6ren HDR und Low-Light-Fusion, Videostabilisierung und Rauschreduzierung. Au\u00dferdem haben wir mit Hilfe maschineller Lerntechnologien die Farbtonwiedergabe von Fotos und Videos verbessert, damit sie so authentisch wirken wie im Moment der Aufnahme. Die Markteinf\u00fchrung von drei Modellen mit unterschiedlichen Farben, Materialien und Ausf\u00fchrungen f\u00fcr unsere erste Produktgeneration betrachten wir als gro\u00dfe Leistung. Schon fr\u00fch im Entwicklungsprozess haben wir uns dar\u00fcber Gedanken gemacht, wo der Ladeanschluss angebracht werden sollte. Unsere L\u00f6sung: Die B\u00fcgelscharniere dienen als freiliegende L\u00e4ufe zum Andocken an das Ladeetui. Hierzu mussten wir f\u00fcr jedes Modell 20 technische Validierungstests (EVTs) durchf\u00fchren. Letztendlich ist es uns gelungen, die Brillenb\u00fcgel f\u00fcr alle Produkte zu standardisieren und unsere internen Komponenten so zu gestalten, dass sie in die unterschiedlichen Modelle passen. Nach zahlreichen Design-Iterationen, monatelanger Planung und der internationalen Zusammenarbeit zwischen den Teams von Facebook und EssilorLuxottica (und das mitten w\u00e4hrend einer Pandemie) sind wir nun am Ziel: Die Ray-Ban Stories-Smart-Brille wiegt nur etwa f\u00fcnf Gramm mehr als das urspr\u00fcngliche Wayfarer-Design \u2013 das entspricht in etwa dem Gewicht eines Teel\u00f6ffels Salz. Und die n\u00e4chste Etappe dieser aufregenden Reise ist bereits in Planung. Wir werden dich \u00fcber regelm\u00e4\u00dfige Software-Updates informieren, die der fortlaufenden Verbesserung der Benutzererfahrung dienen. Datenschutz by Design Wir tragen eine gro\u00dfe Verantwortung f\u00fcr die Sicherheit und Privatsph\u00e4re unserer Nutzer*innen und Menschen. Das gilt hier insbesondere auch f\u00fcr die Menschen im Umfeld der Brillentr\u00e4ger*innen. Aus diesem Grund haben wir Datenschutz- und Sicherheitsfunktionen direkt von Beginn an im Design der Brille ber\u00fccksichtigt und integriert.\u00a0 So gibt es beispielsweise Hardware-Schutzvorrichtungen wie einen Netzschalter zum Ausschalten der Kameras und des Mikrofons sowie die bereits erw\u00e4hnte fest mit der Kamera verbundene Aufnahme-LED, die Personen in der N\u00e4he mit einem wei\u00dfen Licht \u00fcber die aktive Aufnahme von Fotos oder Videos informiert. Mit den Steuerelementen in der Facebook View-App kannst du deine Nutzererfahrung individuell anpassen. So kannst du beispielsweise deine pers\u00f6nlichen Einstellungen f\u00fcr den Import von Fotos und Videos festlegen und bestimmen, wann und wo Inhalte geteilt werden, die du mit der Brille festgehalten hast. Die M\u00f6glichkeit, eigene Einstellungen vorzunehmen und die Verwendung von Inhalten zu kontrollieren, war den Teilnehmenden unserer Umfrage zum Thema Wearable Technology und Datenschutz besonders wichtig. Die Ray-Ban Stories-Smart-Brille sammelt nur notwendige Daten von dir, die f\u00fcr die einwandfreie Funktion der Brille erforderlich sind, so z. B. den Akkustatus, um dich auf einen niedrigen Ladestand aufmerksam zu machen. Deine E-Mail-Adresse und das Kennwort f\u00fcr den Facebook-Login werden ben\u00f6tigt, um deine Identit\u00e4t zu verifizieren, wenn du dich bei der Facebook View-App anmeldest, und die Brille muss au\u00dferdem auf deine WiFi-Verbindung zugreifen. Es bleibt dir \u00fcberlassen, ob du zus\u00e4tzliche Daten teilen m\u00f6chtest \u2013 z. B. die Anzahl der von dir gemachten Fotos oder wie viel Zeit du mit der Aufnahme von Videos verbringst. Diese Informationen helfen uns dabei, das Produkt weiterzuentwickeln, zu verbessern und zu personalisieren. Die entsprechende Einstellung kannst du jederzeit \u00e4ndern. Die Verwendung des Facebook-Assistenten f\u00fcr die sprachgesteuerte Nutzung der Brille ist komplett optional. Du kannst dir die Aufzeichnungen deiner Sprachbefehle anzeigen lassen und l\u00f6schen, und du kannst die Sprachaufzeichnung und\/oder den Facebook-Assistenten in den Einstellungen jederzeit deaktivieren. Die Ray-Ban Stories-Smart-Brille und die Facebook View-App sind werbefrei, also wird dir keine Werbung angezeigt, w\u00e4hrend du die Brille oder die App verwendest. Au\u00dferdem nutzen wir keine deiner Fotos oder Videos f\u00fcr personalisierte Werbung. Wenn du Inhalte in eine andere App einstellst, gelten die Nutzungsbedingungen dieser App. Als zus\u00e4tzliche Sicherheitsma\u00dfnahme werden Fotos und Videos auf der Smart-Brille verschl\u00fcsselt. Falls du deine Ray-Ban Stories-Brille verlierst und jemand versucht, sie mit einem neuen Smartphone und Facebook-Konto zu koppeln, werden alle Daten und Medien, die sich noch auf der Brille befinden, automatisch gel\u00f6scht. Verantwortungsvolle Innovation Es reicht jedoch nicht aus, Ger\u00e4te mit Datenschutzfunktionen und Steuerungsm\u00f6glichkeiten auszustatten. Es ist uns wichtig, die Menschen dar\u00fcber aufzukl\u00e4ren, wie sie die Ray-Ban Stories-Smart-Brille sicher und verantwortungsbewusst nutzen \u2013 sowohl zu ihrem eigenen Schutz als auch zum Schutz der Privatsph\u00e4re der Menschen in ihrem Umfeld. Wir haben Richtlinien ausgearbeitet, welche die angemessene (und unangemessene) Nutzung der Brille darlegen. Einige davon werden direkt in der App w\u00e4hrend der Installation angezeigt. Die vollst\u00e4ndigen Richtlinien finden sich online auf unserer dedizierten Datenschutz-Microsite f\u00fcr Ray-Ban Stories. Unter anderem appellieren wir an Nutzer*innen, den Wunsch von Personen unbedingt zu respektieren, wenn diese darum bitten, eine Aufnahme zu beenden weil sie nicht Teil eines Fotos oder Videos sein m\u00f6chten, keine Fotos und Videos beim Autofahren aufzunehmen und die Brille in privaten Bereichen wie Kirchen, Arztpraxen oder Umkleider\u00e4umen auszuschalten. Smarte Brillen halten zunehmend Einzug in den Alltag und sind gleichzeitig ein neuer Formfaktor. Damit werfen Smart-Wearables eine Reihe neuer regulatorischer und gesellschaftspolitische Fragen hinsichtlich Datenschutz und ihrer Akzeptanz in der Gesellschaft auf. Aus diesem Grund betreiben wir verantwortungsbewusste Innovation und haben uns auf internationaler Ebene mit Experten aus den Bereichen Wissenschaft, Datenschutz, Sicherheit sowie mit B\u00fcrgerrechtler*innen ausgetauscht, unter anderem mit dem Future of Privacy Forum, dem National Network to End Domestic Violence, der National Consumers League, der LGBT Technology Partnership sowie der Information Technology and Innovation Foundation. Diesen Dialog wollen wir auch lokal fortf\u00fchren und Regeln verantwortungsbewusst mitgestalten.\u00a0 Der Weg zur AR-Brille Wir bei Facebook Reality Labs verfolgen das Ziel, Tools zu entwickeln, mit denen sich Menschen jederzeit und \u00fcberall verbunden f\u00fchlen k\u00f6nnen. Wir betrachten die virtuelle und erweiterte Realit\u00e4t als die n\u00e4chste Ausbaustufe unserer vernetzten Welt, in der der Mensch im Mittelpunkt steht. Analog zu den heutigen Computern und Smartphones wird Augmented Reality (AR) den Alltag erleichtern und den Austausch mit anderen \u00fcber gro\u00dfe Entfernungen hinweg erm\u00f6glichen. Hier wird die virtuelle Pr\u00e4senz uns das Gef\u00fchl vermitteln, direkt bei einer anderen Person zu sein, egal wo auf der Welt sie sich gerade befindet. EssilorLuxottica teilt diese Vision. Die Markteinf\u00fchrung der ersten Generation der Ray-Ban Stories-Smart-Brille zeigt, wie wir k\u00fcnftig Ger\u00e4te einsetzen k\u00f6nnen, die unser t\u00e4gliches Leben bereichern, anstatt davon abzulenken. Die Ray-Ban Stories-Smart-Brille ist das erste Produkt, das aus unserer mehrj\u00e4hrigen Partnerschaft mit EssilorLuxottica hervorgeht. Gemeinsam machen wir uns f\u00fcr innovative Technologie und modische Eleganz stark und erm\u00f6glichen es den Menschen, noch enger und intensiver mit Freunden und Familie in Kontakt zu bleiben. Unter <a href=\"https:\/\/www.ray-ban.com\/usa\/ray-ban-stories\" rel=\"nofollow\">https:\/\/www.ray-ban.com\/usa\/ray-ban-stories<\/a> erf\u00e4hrst du mehr.","protected":false},"author":116743763,"featured_media":26373,"comment_status":"closed","ping_status":"closed","sticky":false,"template":"","format":"standard","meta":{"_jetpack_memberships_contains_paid_content":false,"footnotes":""},"categories":[1],"tags":[555973638,555973637,555973639,555973393],"class_list":["post-26361","post","type-post","status-publish","format-standard","has-post-thumbnail","hentry","category-uncategorized","tag-ar","tag-innovation","tag-ray-ban","tag-smart"],"yoast_head":"<!-- This site is optimized with the Yoast SEO plugin v27.2 - https:\/\/yoast.com\/product\/yoast-seo-wordpress\/ -->\n<title>Ray-Ban und Facebook stellen die erste Generation einer smarten Brille vor: Ray-Ban Stories | \u00dcber Meta<\/title>\n<meta name=\"robots\" content=\"index, follow, max-snippet:-1, max-image-preview:large, max-video-preview:-1\" \/>\n<link rel=\"canonical\" href=\"https:\/\/about.fb.com\/de\/news\/2021\/09\/ay-ban-und-facebook-stellen-die-erste-generation-einer-smarten-brille-vor-ray-ban-stories\/\" \/>\n<meta property=\"og:locale\" content=\"de_DE\" \/>\n<meta property=\"og:type\" content=\"article\" \/>\n<meta property=\"og:title\" content=\"Ray-Ban und Facebook stellen die erste Generation einer smarten Brille vor: Ray-Ban Stories | \u00dcber Meta\" \/>\n<meta property=\"og:description\" content=\"Wir freuen uns, den Produktstart von Ray-Ban Stories bekannt zu geben: Eine smarte Brille, mit der du auf authentische Weise Fotos und Videos aufnehmen, deine Abenteuer teilen, Musik h\u00f6ren und sogar Anrufe entgegennehmen kannst. Es war noch nie so stylisch und einfach, sich mit Freunden, der Familie und deiner direkten Umgebung auszutauschen.\u00a0 Die smarte Brille ist ab 299 US-Dollar und in 20 Modellvarianten erh\u00e4ltlich und kann online und in ausgew\u00e4hlten Gesch\u00e4ften in den USA sowie in Australien, Kanada, Irland, Italien und Gro\u00dfbritannien erworben werden.\u00a0 Von allt\u00e4glichen Aktivit\u00e4ten wie Fahrradfahren bis hin zu Highlights wie dem Live-Konzert deiner Lieblingsband \u2013 mit den beiden integrierten 5-MP-Kameras von Ray-Ban Stories kannst du besondere Momente aus einer einzigartigen Ich-Perspektive spontan festhalten. Zeige der Welt, wie du sie siehst, indem du Fotos und bis zu 30-sek\u00fcndige Videos per Aufnahmetaste oder freih\u00e4ndig \u00fcber die Sprachbefehle des Facebook-Assistenten machst. Eine Aufnahme-LED leuchtet auf, damit Personen in der N\u00e4he wissen, dass du gerade ein Foto oder Video aufnimmst. Die integrierten formsch\u00f6nen, offenen Ohrh\u00f6rer und das Ray-Ban Stories-Audiosystem mit drei Mikrofonen garantieren eine hervorragende Sprach- und Ton\u00fcbertragung bei Anrufen und Videos. Beamforming-Technologie und ein Algorithmus zur Unterdr\u00fcckung von Hintergrundger\u00e4uschen sorgen f\u00fcr ein ausgereiftes Anruferlebnis, wie du es von High-End-Kopfh\u00f6rern kennst. Ray-Ban Stories ist mit der neuen Facebook View-App verbunden, sodass du deine Bilder, Geschichten und Erinnerungen nahtlos mit Freunden und Social-Media Followern teilen kannst. Mit der Facebook View-App f\u00fcr iOS\u00a0 und Android\u00a0 ist es kinderleicht, per Smart-Brille aufgenommene Inhalte zu importieren, zu bearbeiten und an Apps auf deinem Smartphone zu \u00fcbertragen, darunter Facebook, Instagram, WhatsApp, Messenger, Twitter, TikTok, Snapchat und viele mehr. Du kannst die Inhalte auch im Album auf deinem Handy speichern und von dort aus bearbeiten und teilen. Und mit den neuen, exklusiven Fotofiltern und -effekten, die in Facebook View integriert sind, kannst du coole Inhalte erstellen, um deinen Posts das gewisse Etwas zu verleihen. &nbsp; Ray-Ban Stories gibt es in 20 Ausf\u00fchrungen, darunter die ikonischen Ray-Ban Modelle Wayfarer\/Wayfarer Large, Round und Meteor. Es stehen f\u00fcnf Farben und mehrere Arten von Brillengl\u00e4sern zur Auswahl, darunter klar, get\u00f6nt, selbstt\u00f6nend und Korrektionsgl\u00e4ser, sodass du die Brille ganz individuell an deinen Stil anpassen kannst. Als Ganztagesbrille muss die Ray-Ban Stories-Smart-Brille bereit sein, wenn du es bist. Deshalb wird sie mit einem speziell entwickelten, tragbaren Ladeetui geliefert, das deine Brille unterwegs bequem aufl\u00e4dt und vor Sch\u00e4den sch\u00fctzt. Mit einem vollst\u00e4ndig aufgeladenen Etui kannst du die Brille zus\u00e4tzlich zum aktuellen Ladestand ganze drei Tage lang verwenden. Kleiner Formfaktor, gro\u00dfe Design-Herausforderungen Bei der Entwicklung der Ray-Ban Stories-Smart-Brille ging es vor allem um Miniaturisierung. Ray-Bans Muttergesellschaft EssilorLuxottica und Facebook haben von der Idee bis zum endg\u00fcltigen Design zusammengearbeitet, um intelligente Technologie nahtlos in eine ikonische Form zu integrieren \u2013 eine gro\u00dfe Herausforderung. Es galt, s\u00e4mtliche Komponenten so umzugestalten, dass alles \u2013 zwei Kameras, mehrere Mikro-Lautsprecher, ein Audio-Array mit drei Mikrofonen, ein optimierter Snapdragon\u00ae-Prozessor, ein kapazitives Touchpad, ein Akku und vieles mehr \u2013 auf kleinstem Raum und mit m\u00f6glichst geringem Gewicht untergebracht werden konnte. Dabei war der Formfaktor ausschlaggebend f\u00fcr viele Entscheidungen, von der Lautsprecherarchitektur bis hin zur Auswahl der Kamera. Eine hohe Audioqualit\u00e4t zu erreichen, war dabei keine Selbstverst\u00e4ndlichkeit.: Wir haben auf ein Bassreflex-System zur\u00fcckgegriffen und standen anfangs vor der Herausforderung, die Lautsprecher\u00f6ffnungen in dem geringen Platz unterzubringen, den das Brillengestell bietet. Schlussendlich lag die L\u00f6sung in der Kombination hochwertiger Hardware und Software und \u201eein wenig\u201c Geduld . Auch unsere 5-MP-Kameras bieten im Vergleich zu vielen leistungsf\u00e4higeren Kameras hervorragende Medienerlebnisse, da wir viel Arbeit in die Verarbeitungspipeline investiert haben. Die mit Ray-Ban Stories aufgenommenen Fotos und Videos eignen sich perfekt zum Teilen in deiner Lieblings-App. Bei der Medienerfassung haben wir Wert darauf gelegt, dass sie vielen Bewegungen standh\u00e4lt \u2013 vom Schwenken deines Kopfes w\u00e4hrend der Aufnahme bis hin zu schnellen Bewegungen, zum Beispiel auf dem Skateboard. Zu den von uns erzielten Optimierungen im Bereich der computergest\u00fctzten Fotografie geh\u00f6ren HDR und Low-Light-Fusion, Videostabilisierung und Rauschreduzierung. Au\u00dferdem haben wir mit Hilfe maschineller Lerntechnologien die Farbtonwiedergabe von Fotos und Videos verbessert, damit sie so authentisch wirken wie im Moment der Aufnahme. Die Markteinf\u00fchrung von drei Modellen mit unterschiedlichen Farben, Materialien und Ausf\u00fchrungen f\u00fcr unsere erste Produktgeneration betrachten wir als gro\u00dfe Leistung. Schon fr\u00fch im Entwicklungsprozess haben wir uns dar\u00fcber Gedanken gemacht, wo der Ladeanschluss angebracht werden sollte. Unsere L\u00f6sung: Die B\u00fcgelscharniere dienen als freiliegende L\u00e4ufe zum Andocken an das Ladeetui. Hierzu mussten wir f\u00fcr jedes Modell 20 technische Validierungstests (EVTs) durchf\u00fchren. Letztendlich ist es uns gelungen, die Brillenb\u00fcgel f\u00fcr alle Produkte zu standardisieren und unsere internen Komponenten so zu gestalten, dass sie in die unterschiedlichen Modelle passen. Nach zahlreichen Design-Iterationen, monatelanger Planung und der internationalen Zusammenarbeit zwischen den Teams von Facebook und EssilorLuxottica (und das mitten w\u00e4hrend einer Pandemie) sind wir nun am Ziel: Die Ray-Ban Stories-Smart-Brille wiegt nur etwa f\u00fcnf Gramm mehr als das urspr\u00fcngliche Wayfarer-Design \u2013 das entspricht in etwa dem Gewicht eines Teel\u00f6ffels Salz. Und die n\u00e4chste Etappe dieser aufregenden Reise ist bereits in Planung. Wir werden dich \u00fcber regelm\u00e4\u00dfige Software-Updates informieren, die der fortlaufenden Verbesserung der Benutzererfahrung dienen. Datenschutz by Design Wir tragen eine gro\u00dfe Verantwortung f\u00fcr die Sicherheit und Privatsph\u00e4re unserer Nutzer*innen und Menschen. Das gilt hier insbesondere auch f\u00fcr die Menschen im Umfeld der Brillentr\u00e4ger*innen. Aus diesem Grund haben wir Datenschutz- und Sicherheitsfunktionen direkt von Beginn an im Design der Brille ber\u00fccksichtigt und integriert.\u00a0 So gibt es beispielsweise Hardware-Schutzvorrichtungen wie einen Netzschalter zum Ausschalten der Kameras und des Mikrofons sowie die bereits erw\u00e4hnte fest mit der Kamera verbundene Aufnahme-LED, die Personen in der N\u00e4he mit einem wei\u00dfen Licht \u00fcber die aktive Aufnahme von Fotos oder Videos informiert. Mit den Steuerelementen in der Facebook View-App kannst du deine Nutzererfahrung individuell anpassen. So kannst du beispielsweise deine pers\u00f6nlichen Einstellungen f\u00fcr den Import von Fotos und Videos festlegen und bestimmen, wann und wo Inhalte geteilt werden, die du mit der Brille festgehalten hast. Die M\u00f6glichkeit, eigene Einstellungen vorzunehmen und die Verwendung von Inhalten zu kontrollieren, war den Teilnehmenden unserer Umfrage zum Thema Wearable Technology und Datenschutz besonders wichtig. Die Ray-Ban Stories-Smart-Brille sammelt nur notwendige Daten von dir, die f\u00fcr die einwandfreie Funktion der Brille erforderlich sind, so z. B. den Akkustatus, um dich auf einen niedrigen Ladestand aufmerksam zu machen. Deine E-Mail-Adresse und das Kennwort f\u00fcr den Facebook-Login werden ben\u00f6tigt, um deine Identit\u00e4t zu verifizieren, wenn du dich bei der Facebook View-App anmeldest, und die Brille muss au\u00dferdem auf deine WiFi-Verbindung zugreifen. Es bleibt dir \u00fcberlassen, ob du zus\u00e4tzliche Daten teilen m\u00f6chtest \u2013 z. B. die Anzahl der von dir gemachten Fotos oder wie viel Zeit du mit der Aufnahme von Videos verbringst. Diese Informationen helfen uns dabei, das Produkt weiterzuentwickeln, zu verbessern und zu personalisieren. Die entsprechende Einstellung kannst du jederzeit \u00e4ndern. Die Verwendung des Facebook-Assistenten f\u00fcr die sprachgesteuerte Nutzung der Brille ist komplett optional. Du kannst dir die Aufzeichnungen deiner Sprachbefehle anzeigen lassen und l\u00f6schen, und du kannst die Sprachaufzeichnung und\/oder den Facebook-Assistenten in den Einstellungen jederzeit deaktivieren. Die Ray-Ban Stories-Smart-Brille und die Facebook View-App sind werbefrei, also wird dir keine Werbung angezeigt, w\u00e4hrend du die Brille oder die App verwendest. Au\u00dferdem nutzen wir keine deiner Fotos oder Videos f\u00fcr personalisierte Werbung. Wenn du Inhalte in eine andere App einstellst, gelten die Nutzungsbedingungen dieser App. Als zus\u00e4tzliche Sicherheitsma\u00dfnahme werden Fotos und Videos auf der Smart-Brille verschl\u00fcsselt. Falls du deine Ray-Ban Stories-Brille verlierst und jemand versucht, sie mit einem neuen Smartphone und Facebook-Konto zu koppeln, werden alle Daten und Medien, die sich noch auf der Brille befinden, automatisch gel\u00f6scht. Verantwortungsvolle Innovation Es reicht jedoch nicht aus, Ger\u00e4te mit Datenschutzfunktionen und Steuerungsm\u00f6glichkeiten auszustatten. Es ist uns wichtig, die Menschen dar\u00fcber aufzukl\u00e4ren, wie sie die Ray-Ban Stories-Smart-Brille sicher und verantwortungsbewusst nutzen \u2013 sowohl zu ihrem eigenen Schutz als auch zum Schutz der Privatsph\u00e4re der Menschen in ihrem Umfeld. Wir haben Richtlinien ausgearbeitet, welche die angemessene (und unangemessene) Nutzung der Brille darlegen. Einige davon werden direkt in der App w\u00e4hrend der Installation angezeigt. Die vollst\u00e4ndigen Richtlinien finden sich online auf unserer dedizierten Datenschutz-Microsite f\u00fcr Ray-Ban Stories. Unter anderem appellieren wir an Nutzer*innen, den Wunsch von Personen unbedingt zu respektieren, wenn diese darum bitten, eine Aufnahme zu beenden weil sie nicht Teil eines Fotos oder Videos sein m\u00f6chten, keine Fotos und Videos beim Autofahren aufzunehmen und die Brille in privaten Bereichen wie Kirchen, Arztpraxen oder Umkleider\u00e4umen auszuschalten. Smarte Brillen halten zunehmend Einzug in den Alltag und sind gleichzeitig ein neuer Formfaktor. Damit werfen Smart-Wearables eine Reihe neuer regulatorischer und gesellschaftspolitische Fragen hinsichtlich Datenschutz und ihrer Akzeptanz in der Gesellschaft auf. Aus diesem Grund betreiben wir verantwortungsbewusste Innovation und haben uns auf internationaler Ebene mit Experten aus den Bereichen Wissenschaft, Datenschutz, Sicherheit sowie mit B\u00fcrgerrechtler*innen ausgetauscht, unter anderem mit dem Future of Privacy Forum, dem National Network to End Domestic Violence, der National Consumers League, der LGBT Technology Partnership sowie der Information Technology and Innovation Foundation. Diesen Dialog wollen wir auch lokal fortf\u00fchren und Regeln verantwortungsbewusst mitgestalten.\u00a0 Der Weg zur AR-Brille Wir bei Facebook Reality Labs verfolgen das Ziel, Tools zu entwickeln, mit denen sich Menschen jederzeit und \u00fcberall verbunden f\u00fchlen k\u00f6nnen. Wir betrachten die virtuelle und erweiterte Realit\u00e4t als die n\u00e4chste Ausbaustufe unserer vernetzten Welt, in der der Mensch im Mittelpunkt steht. Analog zu den heutigen Computern und Smartphones wird Augmented Reality (AR) den Alltag erleichtern und den Austausch mit anderen \u00fcber gro\u00dfe Entfernungen hinweg erm\u00f6glichen. Hier wird die virtuelle Pr\u00e4senz uns das Gef\u00fchl vermitteln, direkt bei einer anderen Person zu sein, egal wo auf der Welt sie sich gerade befindet. EssilorLuxottica teilt diese Vision. Die Markteinf\u00fchrung der ersten Generation der Ray-Ban Stories-Smart-Brille zeigt, wie wir k\u00fcnftig Ger\u00e4te einsetzen k\u00f6nnen, die unser t\u00e4gliches Leben bereichern, anstatt davon abzulenken. Die Ray-Ban Stories-Smart-Brille ist das erste Produkt, das aus unserer mehrj\u00e4hrigen Partnerschaft mit EssilorLuxottica hervorgeht. Gemeinsam machen wir uns f\u00fcr innovative Technologie und modische Eleganz stark und erm\u00f6glichen es den Menschen, noch enger und intensiver mit Freunden und Familie in Kontakt zu bleiben. Unter https:\/\/www.ray-ban.com\/usa\/ray-ban-stories erf\u00e4hrst du mehr.\" \/>\n<meta property=\"og:url\" content=\"https:\/\/about.fb.com\/de\/news\/2021\/09\/ay-ban-und-facebook-stellen-die-erste-generation-einer-smarten-brille-vor-ray-ban-stories\/\" \/>\n<meta property=\"og:site_name\" content=\"\u00dcber Meta\" \/>\n<meta property=\"article:published_time\" content=\"2021-09-09T15:51:15+00:00\" \/>\n<meta property=\"article:modified_time\" content=\"2021-09-09T16:48:50+00:00\" \/>\n<meta property=\"og:image\" content=\"https:\/\/about.fb.com\/de\/wp-content\/uploads\/sites\/10\/2021\/09\/Ray-Ban-Stories-Lifestyle3-1.jpg?resize=1024,576\" \/>\n\t<meta property=\"og:image:width\" content=\"1024\" \/>\n\t<meta property=\"og:image:height\" content=\"576\" \/>\n\t<meta property=\"og:image:type\" content=\"image\/jpeg\" \/>\n<meta name=\"author\" content=\"Trilligent\" \/>\n<meta name=\"twitter:card\" content=\"summary_large_image\" \/>\n<meta name=\"twitter:label1\" content=\"Written by\" \/>\n\t<meta name=\"twitter:data1\" content=\"Meta\" \/>\n\t<meta name=\"twitter:label2\" content=\"Est. reading time\" \/>\n\t<meta name=\"twitter:data2\" content=\"9 Minuten\" \/>\n<script type=\"application\/ld+json\" class=\"yoast-schema-graph\">{\"@context\":\"https:\/\/schema.org\",\"@graph\":[{\"@type\":\"Article\",\"@id\":\"https:\/\/about.fb.com\/de\/news\/2021\/09\/ay-ban-und-facebook-stellen-die-erste-generation-einer-smarten-brille-vor-ray-ban-stories\/#article\",\"isPartOf\":{\"@id\":\"https:\/\/about.fb.com\/de\/news\/2021\/09\/ay-ban-und-facebook-stellen-die-erste-generation-einer-smarten-brille-vor-ray-ban-stories\/\"},\"author\":\"Facebook company\",\"headline\":\"Ray-Ban und Facebook stellen die erste Generation einer smarten Brille vor: Ray-Ban Stories\",\"datePublished\":\"2021-09-09T15:51:15+00:00\",\"dateModified\":\"2021-09-09T16:48:50+00:00\",\"mainEntityOfPage\":{\"@id\":\"https:\/\/about.fb.com\/de\/news\/2021\/09\/ay-ban-und-facebook-stellen-die-erste-generation-einer-smarten-brille-vor-ray-ban-stories\/\"},\"wordCount\":1784,\"publisher\":{\"@id\":\"https:\/\/about.fb.com\/de\/#organization\"},\"image\":{\"@id\":\"https:\/\/about.fb.com\/de\/news\/2021\/09\/ay-ban-und-facebook-stellen-die-erste-generation-einer-smarten-brille-vor-ray-ban-stories\/#primaryimage\"},\"thumbnailUrl\":\"https:\/\/about.fb.com\/de\/wp-content\/uploads\/sites\/10\/2021\/09\/Ray-Ban-Stories-Lifestyle3-1.jpg?fit=1920%2C1080\",\"keywords\":[\"AR\",\"Innovation\",\"Ray Ban\",\"Smart\"],\"articleSection\":[\"Uncategorized\"],\"inLanguage\":\"de-DE\"},{\"@type\":\"WebPage\",\"@id\":\"https:\/\/about.fb.com\/de\/news\/2021\/09\/ay-ban-und-facebook-stellen-die-erste-generation-einer-smarten-brille-vor-ray-ban-stories\/\",\"url\":\"https:\/\/about.fb.com\/de\/news\/2021\/09\/ay-ban-und-facebook-stellen-die-erste-generation-einer-smarten-brille-vor-ray-ban-stories\/\",\"name\":\"Ray-Ban und Facebook stellen die erste Generation einer smarten Brille vor: Ray-Ban Stories | \u00dcber Meta\",\"isPartOf\":{\"@id\":\"https:\/\/about.fb.com\/de\/#website\"},\"primaryImageOfPage\":{\"@id\":\"https:\/\/about.fb.com\/de\/news\/2021\/09\/ay-ban-und-facebook-stellen-die-erste-generation-einer-smarten-brille-vor-ray-ban-stories\/#primaryimage\"},\"image\":{\"@id\":\"https:\/\/about.fb.com\/de\/news\/2021\/09\/ay-ban-und-facebook-stellen-die-erste-generation-einer-smarten-brille-vor-ray-ban-stories\/#primaryimage\"},\"thumbnailUrl\":\"https:\/\/about.fb.com\/de\/wp-content\/uploads\/sites\/10\/2021\/09\/Ray-Ban-Stories-Lifestyle3-1.jpg?fit=1920%2C1080\",\"datePublished\":\"2021-09-09T15:51:15+00:00\",\"dateModified\":\"2021-09-09T16:48:50+00:00\",\"breadcrumb\":{\"@id\":\"https:\/\/about.fb.com\/de\/news\/2021\/09\/ay-ban-und-facebook-stellen-die-erste-generation-einer-smarten-brille-vor-ray-ban-stories\/#breadcrumb\"},\"inLanguage\":\"de-DE\",\"potentialAction\":[{\"@type\":\"ReadAction\",\"target\":[\"https:\/\/about.fb.com\/de\/news\/2021\/09\/ay-ban-und-facebook-stellen-die-erste-generation-einer-smarten-brille-vor-ray-ban-stories\/\"]}],\"author\":\"\u00dcber Meta\"},{\"@type\":\"ImageObject\",\"inLanguage\":\"de-DE\",\"@id\":\"https:\/\/about.fb.com\/de\/news\/2021\/09\/ay-ban-und-facebook-stellen-die-erste-generation-einer-smarten-brille-vor-ray-ban-stories\/#primaryimage\",\"url\":\"https:\/\/about.fb.com\/de\/wp-content\/uploads\/sites\/10\/2021\/09\/Ray-Ban-Stories-Lifestyle3-1.jpg?fit=1920%2C1080\",\"contentUrl\":\"https:\/\/about.fb.com\/de\/wp-content\/uploads\/sites\/10\/2021\/09\/Ray-Ban-Stories-Lifestyle3-1.jpg?fit=1920%2C1080\",\"width\":1920,\"height\":1080},{\"@type\":\"BreadcrumbList\",\"@id\":\"https:\/\/about.fb.com\/de\/news\/2021\/09\/ay-ban-und-facebook-stellen-die-erste-generation-einer-smarten-brille-vor-ray-ban-stories\/#breadcrumb\",\"itemListElement\":[{\"@type\":\"ListItem\",\"position\":1,\"name\":\"Home\",\"item\":\"https:\/\/about.fb.com\/de\/\"},{\"@type\":\"ListItem\",\"position\":2,\"name\":\"Ray-Ban und Facebook stellen die erste Generation einer smarten Brille vor: Ray-Ban Stories\"}]},{\"@type\":\"WebSite\",\"@id\":\"https:\/\/about.fb.com\/de\/#website\",\"url\":\"https:\/\/about.fb.com\/news\/\",\"name\":\"\u00dcber Meta\",\"description\":\"\",\"publisher\":{\"@id\":\"https:\/\/about.fb.com\/de\/#organization\"},\"potentialAction\":[{\"@type\":\"SearchAction\",\"target\":{\"@type\":\"EntryPoint\",\"urlTemplate\":\"https:\/\/about.fb.com\/de\/?s={search_term_string}\"},\"query-input\":{\"@type\":\"PropertyValueSpecification\",\"valueRequired\":true,\"valueName\":\"search_term_string\"}}],\"inLanguage\":\"de-DE\",\"alternateName\":[\"Meta Newsroom\",\"Meta\"]},{\"@type\":\"Organization\",\"@id\":\"https:\/\/about.fb.com\/de\/#organization\",\"name\":\"Meta\",\"url\":\"https:\/\/about.fb.com\/de\/\",\"logo\":{\"@type\":\"ImageObject\",\"inLanguage\":\"de-DE\",\"@id\":\"https:\/\/about.fb.com\/de\/#\/schema\/logo\/image\/\",\"url\":\"https:\/\/about.fb.com\/de\/wp-content\/uploads\/sites\/10\/2021\/10\/meta-social-16x9-1.jpg?fit=8000%2C4500\",\"contentUrl\":\"https:\/\/about.fb.com\/de\/wp-content\/uploads\/sites\/10\/2021\/10\/meta-social-16x9-1.jpg?fit=8000%2C4500\",\"width\":8000,\"height\":4500,\"caption\":\"Meta\"},\"image\":{\"@id\":\"https:\/\/about.fb.com\/de\/#\/schema\/logo\/image\/\"}}]}<\/script>\n<!-- \/ Yoast SEO plugin. -->","yoast_head_json":{"title":"Ray-Ban und Facebook stellen die erste Generation einer smarten Brille vor: Ray-Ban Stories | \u00dcber Meta","robots":{"index":"index","follow":"follow","max-snippet":"max-snippet:-1","max-image-preview":"max-image-preview:large","max-video-preview":"max-video-preview:-1"},"canonical":"https:\/\/about.fb.com\/de\/news\/2021\/09\/ay-ban-und-facebook-stellen-die-erste-generation-einer-smarten-brille-vor-ray-ban-stories\/","og_locale":"de_DE","og_type":"article","og_title":"Ray-Ban und Facebook stellen die erste Generation einer smarten Brille vor: Ray-Ban Stories | \u00dcber Meta","og_description":"Wir freuen uns, den Produktstart von Ray-Ban Stories bekannt zu geben: Eine smarte Brille, mit der du auf authentische Weise Fotos und Videos aufnehmen, deine Abenteuer teilen, Musik h\u00f6ren und sogar Anrufe entgegennehmen kannst. Es war noch nie so stylisch und einfach, sich mit Freunden, der Familie und deiner direkten Umgebung auszutauschen.\u00a0 Die smarte Brille ist ab 299 US-Dollar und in 20 Modellvarianten erh\u00e4ltlich und kann online und in ausgew\u00e4hlten Gesch\u00e4ften in den USA sowie in Australien, Kanada, Irland, Italien und Gro\u00dfbritannien erworben werden.\u00a0 Von allt\u00e4glichen Aktivit\u00e4ten wie Fahrradfahren bis hin zu Highlights wie dem Live-Konzert deiner Lieblingsband \u2013 mit den beiden integrierten 5-MP-Kameras von Ray-Ban Stories kannst du besondere Momente aus einer einzigartigen Ich-Perspektive spontan festhalten. Zeige der Welt, wie du sie siehst, indem du Fotos und bis zu 30-sek\u00fcndige Videos per Aufnahmetaste oder freih\u00e4ndig \u00fcber die Sprachbefehle des Facebook-Assistenten machst. Eine Aufnahme-LED leuchtet auf, damit Personen in der N\u00e4he wissen, dass du gerade ein Foto oder Video aufnimmst. Die integrierten formsch\u00f6nen, offenen Ohrh\u00f6rer und das Ray-Ban Stories-Audiosystem mit drei Mikrofonen garantieren eine hervorragende Sprach- und Ton\u00fcbertragung bei Anrufen und Videos. Beamforming-Technologie und ein Algorithmus zur Unterdr\u00fcckung von Hintergrundger\u00e4uschen sorgen f\u00fcr ein ausgereiftes Anruferlebnis, wie du es von High-End-Kopfh\u00f6rern kennst. Ray-Ban Stories ist mit der neuen Facebook View-App verbunden, sodass du deine Bilder, Geschichten und Erinnerungen nahtlos mit Freunden und Social-Media Followern teilen kannst. Mit der Facebook View-App f\u00fcr iOS\u00a0 und Android\u00a0 ist es kinderleicht, per Smart-Brille aufgenommene Inhalte zu importieren, zu bearbeiten und an Apps auf deinem Smartphone zu \u00fcbertragen, darunter Facebook, Instagram, WhatsApp, Messenger, Twitter, TikTok, Snapchat und viele mehr. Du kannst die Inhalte auch im Album auf deinem Handy speichern und von dort aus bearbeiten und teilen. Und mit den neuen, exklusiven Fotofiltern und -effekten, die in Facebook View integriert sind, kannst du coole Inhalte erstellen, um deinen Posts das gewisse Etwas zu verleihen. &nbsp; Ray-Ban Stories gibt es in 20 Ausf\u00fchrungen, darunter die ikonischen Ray-Ban Modelle Wayfarer\/Wayfarer Large, Round und Meteor. Es stehen f\u00fcnf Farben und mehrere Arten von Brillengl\u00e4sern zur Auswahl, darunter klar, get\u00f6nt, selbstt\u00f6nend und Korrektionsgl\u00e4ser, sodass du die Brille ganz individuell an deinen Stil anpassen kannst. Als Ganztagesbrille muss die Ray-Ban Stories-Smart-Brille bereit sein, wenn du es bist. Deshalb wird sie mit einem speziell entwickelten, tragbaren Ladeetui geliefert, das deine Brille unterwegs bequem aufl\u00e4dt und vor Sch\u00e4den sch\u00fctzt. Mit einem vollst\u00e4ndig aufgeladenen Etui kannst du die Brille zus\u00e4tzlich zum aktuellen Ladestand ganze drei Tage lang verwenden. Kleiner Formfaktor, gro\u00dfe Design-Herausforderungen Bei der Entwicklung der Ray-Ban Stories-Smart-Brille ging es vor allem um Miniaturisierung. Ray-Bans Muttergesellschaft EssilorLuxottica und Facebook haben von der Idee bis zum endg\u00fcltigen Design zusammengearbeitet, um intelligente Technologie nahtlos in eine ikonische Form zu integrieren \u2013 eine gro\u00dfe Herausforderung. Es galt, s\u00e4mtliche Komponenten so umzugestalten, dass alles \u2013 zwei Kameras, mehrere Mikro-Lautsprecher, ein Audio-Array mit drei Mikrofonen, ein optimierter Snapdragon\u00ae-Prozessor, ein kapazitives Touchpad, ein Akku und vieles mehr \u2013 auf kleinstem Raum und mit m\u00f6glichst geringem Gewicht untergebracht werden konnte. Dabei war der Formfaktor ausschlaggebend f\u00fcr viele Entscheidungen, von der Lautsprecherarchitektur bis hin zur Auswahl der Kamera. Eine hohe Audioqualit\u00e4t zu erreichen, war dabei keine Selbstverst\u00e4ndlichkeit.: Wir haben auf ein Bassreflex-System zur\u00fcckgegriffen und standen anfangs vor der Herausforderung, die Lautsprecher\u00f6ffnungen in dem geringen Platz unterzubringen, den das Brillengestell bietet. Schlussendlich lag die L\u00f6sung in der Kombination hochwertiger Hardware und Software und \u201eein wenig\u201c Geduld . Auch unsere 5-MP-Kameras bieten im Vergleich zu vielen leistungsf\u00e4higeren Kameras hervorragende Medienerlebnisse, da wir viel Arbeit in die Verarbeitungspipeline investiert haben. Die mit Ray-Ban Stories aufgenommenen Fotos und Videos eignen sich perfekt zum Teilen in deiner Lieblings-App. Bei der Medienerfassung haben wir Wert darauf gelegt, dass sie vielen Bewegungen standh\u00e4lt \u2013 vom Schwenken deines Kopfes w\u00e4hrend der Aufnahme bis hin zu schnellen Bewegungen, zum Beispiel auf dem Skateboard. Zu den von uns erzielten Optimierungen im Bereich der computergest\u00fctzten Fotografie geh\u00f6ren HDR und Low-Light-Fusion, Videostabilisierung und Rauschreduzierung. Au\u00dferdem haben wir mit Hilfe maschineller Lerntechnologien die Farbtonwiedergabe von Fotos und Videos verbessert, damit sie so authentisch wirken wie im Moment der Aufnahme. Die Markteinf\u00fchrung von drei Modellen mit unterschiedlichen Farben, Materialien und Ausf\u00fchrungen f\u00fcr unsere erste Produktgeneration betrachten wir als gro\u00dfe Leistung. Schon fr\u00fch im Entwicklungsprozess haben wir uns dar\u00fcber Gedanken gemacht, wo der Ladeanschluss angebracht werden sollte. Unsere L\u00f6sung: Die B\u00fcgelscharniere dienen als freiliegende L\u00e4ufe zum Andocken an das Ladeetui. Hierzu mussten wir f\u00fcr jedes Modell 20 technische Validierungstests (EVTs) durchf\u00fchren. Letztendlich ist es uns gelungen, die Brillenb\u00fcgel f\u00fcr alle Produkte zu standardisieren und unsere internen Komponenten so zu gestalten, dass sie in die unterschiedlichen Modelle passen. Nach zahlreichen Design-Iterationen, monatelanger Planung und der internationalen Zusammenarbeit zwischen den Teams von Facebook und EssilorLuxottica (und das mitten w\u00e4hrend einer Pandemie) sind wir nun am Ziel: Die Ray-Ban Stories-Smart-Brille wiegt nur etwa f\u00fcnf Gramm mehr als das urspr\u00fcngliche Wayfarer-Design \u2013 das entspricht in etwa dem Gewicht eines Teel\u00f6ffels Salz. Und die n\u00e4chste Etappe dieser aufregenden Reise ist bereits in Planung. Wir werden dich \u00fcber regelm\u00e4\u00dfige Software-Updates informieren, die der fortlaufenden Verbesserung der Benutzererfahrung dienen. Datenschutz by Design Wir tragen eine gro\u00dfe Verantwortung f\u00fcr die Sicherheit und Privatsph\u00e4re unserer Nutzer*innen und Menschen. Das gilt hier insbesondere auch f\u00fcr die Menschen im Umfeld der Brillentr\u00e4ger*innen. Aus diesem Grund haben wir Datenschutz- und Sicherheitsfunktionen direkt von Beginn an im Design der Brille ber\u00fccksichtigt und integriert.\u00a0 So gibt es beispielsweise Hardware-Schutzvorrichtungen wie einen Netzschalter zum Ausschalten der Kameras und des Mikrofons sowie die bereits erw\u00e4hnte fest mit der Kamera verbundene Aufnahme-LED, die Personen in der N\u00e4he mit einem wei\u00dfen Licht \u00fcber die aktive Aufnahme von Fotos oder Videos informiert. Mit den Steuerelementen in der Facebook View-App kannst du deine Nutzererfahrung individuell anpassen. So kannst du beispielsweise deine pers\u00f6nlichen Einstellungen f\u00fcr den Import von Fotos und Videos festlegen und bestimmen, wann und wo Inhalte geteilt werden, die du mit der Brille festgehalten hast. Die M\u00f6glichkeit, eigene Einstellungen vorzunehmen und die Verwendung von Inhalten zu kontrollieren, war den Teilnehmenden unserer Umfrage zum Thema Wearable Technology und Datenschutz besonders wichtig. Die Ray-Ban Stories-Smart-Brille sammelt nur notwendige Daten von dir, die f\u00fcr die einwandfreie Funktion der Brille erforderlich sind, so z. B. den Akkustatus, um dich auf einen niedrigen Ladestand aufmerksam zu machen. Deine E-Mail-Adresse und das Kennwort f\u00fcr den Facebook-Login werden ben\u00f6tigt, um deine Identit\u00e4t zu verifizieren, wenn du dich bei der Facebook View-App anmeldest, und die Brille muss au\u00dferdem auf deine WiFi-Verbindung zugreifen. Es bleibt dir \u00fcberlassen, ob du zus\u00e4tzliche Daten teilen m\u00f6chtest \u2013 z. B. die Anzahl der von dir gemachten Fotos oder wie viel Zeit du mit der Aufnahme von Videos verbringst. Diese Informationen helfen uns dabei, das Produkt weiterzuentwickeln, zu verbessern und zu personalisieren. Die entsprechende Einstellung kannst du jederzeit \u00e4ndern. Die Verwendung des Facebook-Assistenten f\u00fcr die sprachgesteuerte Nutzung der Brille ist komplett optional. Du kannst dir die Aufzeichnungen deiner Sprachbefehle anzeigen lassen und l\u00f6schen, und du kannst die Sprachaufzeichnung und\/oder den Facebook-Assistenten in den Einstellungen jederzeit deaktivieren. Die Ray-Ban Stories-Smart-Brille und die Facebook View-App sind werbefrei, also wird dir keine Werbung angezeigt, w\u00e4hrend du die Brille oder die App verwendest. Au\u00dferdem nutzen wir keine deiner Fotos oder Videos f\u00fcr personalisierte Werbung. Wenn du Inhalte in eine andere App einstellst, gelten die Nutzungsbedingungen dieser App. Als zus\u00e4tzliche Sicherheitsma\u00dfnahme werden Fotos und Videos auf der Smart-Brille verschl\u00fcsselt. Falls du deine Ray-Ban Stories-Brille verlierst und jemand versucht, sie mit einem neuen Smartphone und Facebook-Konto zu koppeln, werden alle Daten und Medien, die sich noch auf der Brille befinden, automatisch gel\u00f6scht. Verantwortungsvolle Innovation Es reicht jedoch nicht aus, Ger\u00e4te mit Datenschutzfunktionen und Steuerungsm\u00f6glichkeiten auszustatten. Es ist uns wichtig, die Menschen dar\u00fcber aufzukl\u00e4ren, wie sie die Ray-Ban Stories-Smart-Brille sicher und verantwortungsbewusst nutzen \u2013 sowohl zu ihrem eigenen Schutz als auch zum Schutz der Privatsph\u00e4re der Menschen in ihrem Umfeld. Wir haben Richtlinien ausgearbeitet, welche die angemessene (und unangemessene) Nutzung der Brille darlegen. Einige davon werden direkt in der App w\u00e4hrend der Installation angezeigt. Die vollst\u00e4ndigen Richtlinien finden sich online auf unserer dedizierten Datenschutz-Microsite f\u00fcr Ray-Ban Stories. Unter anderem appellieren wir an Nutzer*innen, den Wunsch von Personen unbedingt zu respektieren, wenn diese darum bitten, eine Aufnahme zu beenden weil sie nicht Teil eines Fotos oder Videos sein m\u00f6chten, keine Fotos und Videos beim Autofahren aufzunehmen und die Brille in privaten Bereichen wie Kirchen, Arztpraxen oder Umkleider\u00e4umen auszuschalten. Smarte Brillen halten zunehmend Einzug in den Alltag und sind gleichzeitig ein neuer Formfaktor. Damit werfen Smart-Wearables eine Reihe neuer regulatorischer und gesellschaftspolitische Fragen hinsichtlich Datenschutz und ihrer Akzeptanz in der Gesellschaft auf. Aus diesem Grund betreiben wir verantwortungsbewusste Innovation und haben uns auf internationaler Ebene mit Experten aus den Bereichen Wissenschaft, Datenschutz, Sicherheit sowie mit B\u00fcrgerrechtler*innen ausgetauscht, unter anderem mit dem Future of Privacy Forum, dem National Network to End Domestic Violence, der National Consumers League, der LGBT Technology Partnership sowie der Information Technology and Innovation Foundation. Diesen Dialog wollen wir auch lokal fortf\u00fchren und Regeln verantwortungsbewusst mitgestalten.\u00a0 Der Weg zur AR-Brille Wir bei Facebook Reality Labs verfolgen das Ziel, Tools zu entwickeln, mit denen sich Menschen jederzeit und \u00fcberall verbunden f\u00fchlen k\u00f6nnen. Wir betrachten die virtuelle und erweiterte Realit\u00e4t als die n\u00e4chste Ausbaustufe unserer vernetzten Welt, in der der Mensch im Mittelpunkt steht. Analog zu den heutigen Computern und Smartphones wird Augmented Reality (AR) den Alltag erleichtern und den Austausch mit anderen \u00fcber gro\u00dfe Entfernungen hinweg erm\u00f6glichen. Hier wird die virtuelle Pr\u00e4senz uns das Gef\u00fchl vermitteln, direkt bei einer anderen Person zu sein, egal wo auf der Welt sie sich gerade befindet. EssilorLuxottica teilt diese Vision. Die Markteinf\u00fchrung der ersten Generation der Ray-Ban Stories-Smart-Brille zeigt, wie wir k\u00fcnftig Ger\u00e4te einsetzen k\u00f6nnen, die unser t\u00e4gliches Leben bereichern, anstatt davon abzulenken. Die Ray-Ban Stories-Smart-Brille ist das erste Produkt, das aus unserer mehrj\u00e4hrigen Partnerschaft mit EssilorLuxottica hervorgeht. Gemeinsam machen wir uns f\u00fcr innovative Technologie und modische Eleganz stark und erm\u00f6glichen es den Menschen, noch enger und intensiver mit Freunden und Familie in Kontakt zu bleiben. Unter https:\/\/www.ray-ban.com\/usa\/ray-ban-stories erf\u00e4hrst du mehr.","og_url":"https:\/\/about.fb.com\/de\/news\/2021\/09\/ay-ban-und-facebook-stellen-die-erste-generation-einer-smarten-brille-vor-ray-ban-stories\/","og_site_name":"\u00dcber Meta","article_published_time":"2021-09-09T15:51:15+00:00","article_modified_time":"2021-09-09T16:48:50+00:00","og_image":[{"width":1024,"height":576,"url":"https:\/\/about.fb.com\/de\/wp-content\/uploads\/sites\/10\/2021\/09\/Ray-Ban-Stories-Lifestyle3-1.jpg?resize=1024,576","type":"image\/jpeg"}],"author":"Trilligent","twitter_card":"summary_large_image","twitter_misc":{"Written by":"Meta","Est. reading time":"9 Minuten"},"schema":{"@context":"https:\/\/schema.org","@graph":[{"@type":"Article","@id":"https:\/\/about.fb.com\/de\/news\/2021\/09\/ay-ban-und-facebook-stellen-die-erste-generation-einer-smarten-brille-vor-ray-ban-stories\/#article","isPartOf":{"@id":"https:\/\/about.fb.com\/de\/news\/2021\/09\/ay-ban-und-facebook-stellen-die-erste-generation-einer-smarten-brille-vor-ray-ban-stories\/"},"author":"Facebook company","headline":"Ray-Ban und Facebook stellen die erste Generation einer smarten Brille vor: Ray-Ban Stories","datePublished":"2021-09-09T15:51:15+00:00","dateModified":"2021-09-09T16:48:50+00:00","mainEntityOfPage":{"@id":"https:\/\/about.fb.com\/de\/news\/2021\/09\/ay-ban-und-facebook-stellen-die-erste-generation-einer-smarten-brille-vor-ray-ban-stories\/"},"wordCount":1784,"publisher":{"@id":"https:\/\/about.fb.com\/de\/#organization"},"image":{"@id":"https:\/\/about.fb.com\/de\/news\/2021\/09\/ay-ban-und-facebook-stellen-die-erste-generation-einer-smarten-brille-vor-ray-ban-stories\/#primaryimage"},"thumbnailUrl":"https:\/\/about.fb.com\/de\/wp-content\/uploads\/sites\/10\/2021\/09\/Ray-Ban-Stories-Lifestyle3-1.jpg?fit=1920%2C1080","keywords":["AR","Innovation","Ray Ban","Smart"],"articleSection":["Uncategorized"],"inLanguage":"de-DE"},{"@type":"WebPage","@id":"https:\/\/about.fb.com\/de\/news\/2021\/09\/ay-ban-und-facebook-stellen-die-erste-generation-einer-smarten-brille-vor-ray-ban-stories\/","url":"https:\/\/about.fb.com\/de\/news\/2021\/09\/ay-ban-und-facebook-stellen-die-erste-generation-einer-smarten-brille-vor-ray-ban-stories\/","name":"Ray-Ban und Facebook stellen die erste Generation einer smarten Brille vor: Ray-Ban Stories | \u00dcber Meta","isPartOf":{"@id":"https:\/\/about.fb.com\/de\/#website"},"primaryImageOfPage":{"@id":"https:\/\/about.fb.com\/de\/news\/2021\/09\/ay-ban-und-facebook-stellen-die-erste-generation-einer-smarten-brille-vor-ray-ban-stories\/#primaryimage"},"image":{"@id":"https:\/\/about.fb.com\/de\/news\/2021\/09\/ay-ban-und-facebook-stellen-die-erste-generation-einer-smarten-brille-vor-ray-ban-stories\/#primaryimage"},"thumbnailUrl":"https:\/\/about.fb.com\/de\/wp-content\/uploads\/sites\/10\/2021\/09\/Ray-Ban-Stories-Lifestyle3-1.jpg?fit=1920%2C1080","datePublished":"2021-09-09T15:51:15+00:00","dateModified":"2021-09-09T16:48:50+00:00","breadcrumb":{"@id":"https:\/\/about.fb.com\/de\/news\/2021\/09\/ay-ban-und-facebook-stellen-die-erste-generation-einer-smarten-brille-vor-ray-ban-stories\/#breadcrumb"},"inLanguage":"de-DE","potentialAction":[{"@type":"ReadAction","target":["https:\/\/about.fb.com\/de\/news\/2021\/09\/ay-ban-und-facebook-stellen-die-erste-generation-einer-smarten-brille-vor-ray-ban-stories\/"]}],"author":"\u00dcber Meta"},{"@type":"ImageObject","inLanguage":"de-DE","@id":"https:\/\/about.fb.com\/de\/news\/2021\/09\/ay-ban-und-facebook-stellen-die-erste-generation-einer-smarten-brille-vor-ray-ban-stories\/#primaryimage","url":"https:\/\/about.fb.com\/de\/wp-content\/uploads\/sites\/10\/2021\/09\/Ray-Ban-Stories-Lifestyle3-1.jpg?fit=1920%2C1080","contentUrl":"https:\/\/about.fb.com\/de\/wp-content\/uploads\/sites\/10\/2021\/09\/Ray-Ban-Stories-Lifestyle3-1.jpg?fit=1920%2C1080","width":1920,"height":1080},{"@type":"BreadcrumbList","@id":"https:\/\/about.fb.com\/de\/news\/2021\/09\/ay-ban-und-facebook-stellen-die-erste-generation-einer-smarten-brille-vor-ray-ban-stories\/#breadcrumb","itemListElement":[{"@type":"ListItem","position":1,"name":"Home","item":"https:\/\/about.fb.com\/de\/"},{"@type":"ListItem","position":2,"name":"Ray-Ban und Facebook stellen die erste Generation einer smarten Brille vor: Ray-Ban Stories"}]},{"@type":"WebSite","@id":"https:\/\/about.fb.com\/de\/#website","url":"https:\/\/about.fb.com\/news\/","name":"\u00dcber Meta","description":"","publisher":{"@id":"https:\/\/about.fb.com\/de\/#organization"},"potentialAction":[{"@type":"SearchAction","target":{"@type":"EntryPoint","urlTemplate":"https:\/\/about.fb.com\/de\/?s={search_term_string}"},"query-input":{"@type":"PropertyValueSpecification","valueRequired":true,"valueName":"search_term_string"}}],"inLanguage":"de-DE","alternateName":["Meta Newsroom","Meta"]},{"@type":"Organization","@id":"https:\/\/about.fb.com\/de\/#organization","name":"Meta","url":"https:\/\/about.fb.com\/de\/","logo":{"@type":"ImageObject","inLanguage":"de-DE","@id":"https:\/\/about.fb.com\/de\/#\/schema\/logo\/image\/","url":"https:\/\/about.fb.com\/de\/wp-content\/uploads\/sites\/10\/2021\/10\/meta-social-16x9-1.jpg?fit=8000%2C4500","contentUrl":"https:\/\/about.fb.com\/de\/wp-content\/uploads\/sites\/10\/2021\/10\/meta-social-16x9-1.jpg?fit=8000%2C4500","width":8000,"height":4500,"caption":"Meta"},"image":{"@id":"https:\/\/about.fb.com\/de\/#\/schema\/logo\/image\/"}}]}},"jetpack_featured_media_url":"https:\/\/about.fb.com\/de\/wp-content\/uploads\/sites\/10\/2021\/09\/Ray-Ban-Stories-Lifestyle3-1.jpg?fit=1920%2C1080","jetpack-related-posts":[],"jetpack_sharing_enabled":true,"amp_enabled":true,"_links":{"self":[{"href":"https:\/\/about.fb.com\/de\/wp-json\/wp\/v2\/posts\/26361","targetHints":{"allow":["GET"]}}],"collection":[{"href":"https:\/\/about.fb.com\/de\/wp-json\/wp\/v2\/posts"}],"about":[{"href":"https:\/\/about.fb.com\/de\/wp-json\/wp\/v2\/types\/post"}],"author":[{"embeddable":true,"href":"https:\/\/about.fb.com\/de\/wp-json\/wp\/v2\/users\/116743763"}],"replies":[{"embeddable":true,"href":"https:\/\/about.fb.com\/de\/wp-json\/wp\/v2\/comments?post=26361"}],"version-history":[{"count":13,"href":"https:\/\/about.fb.com\/de\/wp-json\/wp\/v2\/posts\/26361\/revisions"}],"predecessor-version":[{"id":26405,"href":"https:\/\/about.fb.com\/de\/wp-json\/wp\/v2\/posts\/26361\/revisions\/26405"}],"wp:featuredmedia":[{"embeddable":true,"href":"https:\/\/about.fb.com\/de\/wp-json\/wp\/v2\/media\/26373"}],"wp:attachment":[{"href":"https:\/\/about.fb.com\/de\/wp-json\/wp\/v2\/media?parent=26361"}],"wp:term":[{"taxonomy":"category","embeddable":true,"href":"https:\/\/about.fb.com\/de\/wp-json\/wp\/v2\/categories?post=26361"},{"taxonomy":"post_tag","embeddable":true,"href":"https:\/\/about.fb.com\/de\/wp-json\/wp\/v2\/tags?post=26361"}],"curies":[{"name":"wp","href":"https:\/\/api.w.org\/{rel}","templated":true}]}}