{"id":26028,"date":"2021-06-11T10:33:08","date_gmt":"2021-06-11T09:33:08","guid":{"rendered":"https:\/\/about.fb.com\/de\/?p=26028"},"modified":"2021-06-29T11:11:32","modified_gmt":"2021-06-29T10:11:32","slug":"fussball-europameisterschaft-auf-facebook-und-instagram-erleben","status":"publish","type":"post","link":"https:\/\/about.fb.com\/de\/news\/2021\/06\/fussball-europameisterschaft-auf-facebook-und-instagram-erleben\/","title":{"rendered":"Wie wir die Fu\u00dfball-Europameisterschaft auf Facebook und Instagram erleben k\u00f6nnen"},"content":{"rendered":"<p><b>Fu\u00dfballfans feiern ihre Mannschaften, Spieler und die einzigartigen Momente online<br \/>\n<\/b><\/p>\n<p><span style=\"font-weight: 400\">Heute\u00a0 beginnt die Fu\u00dfball-Europameisterschaft, die Fans weltweit den Sommer \u00fcber mit Spannung verfolgen werden. Da durch Covid-19 die Anzahl der Menschen in den Stadien begrenzt ist, werden sich Fans auf der ganzen Welt mehr denn je auf Facebook und Instagram vernetzen, um sich \u00fcber das einmonatige Sportereignis auszutauschen.<\/span><\/p>\n<p><span style=\"font-weight: 400\">Mit mehr als 470 Millionen Fans auf Facebook und mehr als 290 Millionen auf Instagram ist Facebook Inc. das gr\u00f6\u00dfte Fu\u00dfballstadion der Welt und bietet der globalen Fan-Gemeinschaft somit einen der besten Orte, um ihre Leidenschaft f\u00fcr Sport mit anderen zu teilen.\u00a0<\/span><\/p>\n<p><span style=\"font-weight: 400\">Auf Instagram sind einige der meistgefolgten Athleten, die bei der Europameisterschaft spielen:<\/span><\/p>\n<ul>\n<li style=\"font-weight: 400\"><a href=\"https:\/\/www.instagram.com\/cristiano\/\"><span style=\"font-weight: 400\">Cristiano Ronaldo<\/span> <\/a><span style=\"font-weight: 400\">(296 Mio.)<\/span><\/li>\n<li style=\"font-weight: 400\"><a href=\"https:\/\/www.instagram.com\/k.mbappe\/?hl=en\"><span style=\"font-weight: 400\">Kylian Mbappe\u0301<\/span><\/a> <span style=\"font-weight: 400\">(51,7 Mio.)<\/span><\/li>\n<li style=\"font-weight: 400\"><a href=\"https:\/\/www.instagram.com\/paulpogba\/\"><span style=\"font-weight: 400\">Paul Labile Pogba<\/span><\/a> <span style=\"font-weight: 400\">(44,6 Mio.)<\/span><\/li>\n<li style=\"font-weight: 400\"><a href=\"https:\/\/www.instagram.com\/garethbale11\/?hl=en\"><span style=\"font-weight: 400\">Gareth Bale<\/span><\/a> <span style=\"font-weight: 400\">(43,8 Mio.)<\/span><\/li>\n<li style=\"font-weight: 400\"><a href=\"https:\/\/www.instagram.com\/karimbenzema\/\"><span style=\"font-weight: 400\">Karim Benzema<\/span><\/a> <span style=\"font-weight: 400\">(39,4 Mio.)<\/span><\/li>\n<\/ul>\n<p><span style=\"font-weight: 400\">F\u00fcr die passende Unterst\u00fctzung haben wir bei Instagram einen <\/span><a href=\"https:\/\/www.instagram.com\/ar\/126378626254759\/\"><span style=\"font-weight: 400\">neuen AR-Filter <\/span><\/a><span style=\"font-weight: 400\">in Partnerschaft mit <\/span><a href=\"https:\/\/www.instagram.com\/arnopartissimo\/\"><span style=\"font-weight: 400\">Arno Partissimo<\/span><\/a> <span style=\"font-weight: 400\">eingef\u00fchrt. Damit k\u00f6nnen die Fans vor, w\u00e4hrend und nach einem Spiel ihre Verbundenheit mit ihrer Lieblingsmannschaft zeigen. Jedes teilnehmende L\u00e4nderteam hat seinen individuell anpassbaren Filter, mit eigenen Farben und Flaggen, die Fans mit ihren Freund*innen teilen k\u00f6nnen.<\/span><\/p>\n<p><img data-recalc-dims=\"1\" loading=\"lazy\" decoding=\"async\" class=\"wp-image-26029 alignleft\" src=\"https:\/\/about.fb.com\/de\/wp-content\/uploads\/sites\/10\/2021\/06\/PRESS-2-FINAL-MENU.jpg?w=682&#038;resize=207%2C311\" alt=\"\" width=\"207\" height=\"311\" srcset=\"https:\/\/about.fb.com\/de\/wp-content\/uploads\/sites\/10\/2021\/06\/PRESS-2-FINAL-MENU.jpg?w=1125 1125w, https:\/\/about.fb.com\/de\/wp-content\/uploads\/sites\/10\/2021\/06\/PRESS-2-FINAL-MENU.jpg?w=267 267w, https:\/\/about.fb.com\/de\/wp-content\/uploads\/sites\/10\/2021\/06\/PRESS-2-FINAL-MENU.jpg?w=200 200w, https:\/\/about.fb.com\/de\/wp-content\/uploads\/sites\/10\/2021\/06\/PRESS-2-FINAL-MENU.jpg?w=768 768w, https:\/\/about.fb.com\/de\/wp-content\/uploads\/sites\/10\/2021\/06\/PRESS-2-FINAL-MENU.jpg?w=682 682w, https:\/\/about.fb.com\/de\/wp-content\/uploads\/sites\/10\/2021\/06\/PRESS-2-FINAL-MENU.jpg?w=1024 1024w, https:\/\/about.fb.com\/de\/wp-content\/uploads\/sites\/10\/2021\/06\/PRESS-2-FINAL-MENU.jpg?w=720 720w, https:\/\/about.fb.com\/de\/wp-content\/uploads\/sites\/10\/2021\/06\/PRESS-2-FINAL-MENU.jpg?w=400 400w\" sizes=\"auto, (max-width: 207px) 100vw, 207px\" \/><\/p>\n<p><span style=\"font-weight: 400\">F\u00fcr die passende Unterst\u00fctzung haben wir bei Instagram einen <\/span><a href=\"https:\/\/www.instagram.com\/ar\/126378626254759\/\"><span style=\"font-weight: 400\">neuen AR-Filter <\/span><\/a><span style=\"font-weight: 400\">in Partnerschaft mit <\/span><a href=\"https:\/\/www.instagram.com\/arnopartissimo\/\"><span style=\"font-weight: 400\">Arno Partissimo<\/span><\/a> <span style=\"font-weight: 400\">eingef\u00fchrt. Damit k\u00f6nnen die Fans vor, w\u00e4hrend und nach einem Spiel ihre Verbundenheit mit ihrer Lieblingsmannschaft zeigen. Jedes teilnehmende L\u00e4nderteam hat seinen individuell anpassbaren Filter, mit eigenen Farben und Flaggen, die Fans mit ihren Freund*innen teilen k\u00f6nnen.<\/span><\/p>\n<p>&nbsp;<\/p>\n<p><span style=\"font-weight: 400\">So findet man Filter auf Instagram:<\/span><\/p>\n<ol>\n<li style=\"font-weight: 400\"><span style=\"font-weight: 400\">Oben rechts des Bildschirms auf den Plus-Button klicken, um eine Story oder Reels zu erstellen.<\/span><\/li>\n<li style=\"font-weight: 400\"><span style=\"font-weight: 400\">Unten nach rechts wischen, bis die Lupe erscheint, und auf &#8222;Effekte erkunden&#8220; klicken.<\/span><\/li>\n<li style=\"font-weight: 400\"><span style=\"font-weight: 400\">In den Suchbereich &#8222;Fu\u00dfballmannschaften&#8220; schreiben und die von &#8222;Arno&#8220; entworfene Option w\u00e4hlen.\u00a0<\/span><\/li>\n<li style=\"font-weight: 400\"><span style=\"font-weight: 400\">Dieser Filter kann auch in Instagram-Reels verwendet werden. Dazu einfach ein Reel erstellen, auf das Symbol &#8222;Effekte&#8220; klicken und nach dem Filter suchen.<\/span><\/li>\n<\/ol>\n","protected":false},"excerpt":{"rendered":"Fu\u00dfballfans feiern ihre Mannschaften, Spieler und die einzigartigen Momente online Heute\u00a0 beginnt die Fu\u00dfball-Europameisterschaft, die Fans weltweit den Sommer \u00fcber mit Spannung verfolgen werden. Da durch Covid-19 die Anzahl der Menschen in den Stadien begrenzt ist, werden sich Fans auf der ganzen Welt mehr denn je auf Facebook und Instagram vernetzen, um sich \u00fcber das einmonatige Sportereignis auszutauschen. Mit mehr als 470 Millionen Fans auf Facebook und mehr als 290 Millionen auf Instagram ist Facebook Inc. das gr\u00f6\u00dfte Fu\u00dfballstadion der Welt und bietet der globalen Fan-Gemeinschaft somit einen der besten Orte, um ihre Leidenschaft f\u00fcr Sport mit anderen zu teilen.\u00a0 Auf Instagram sind einige der meistgefolgten Athleten, die bei der Europameisterschaft spielen: Cristiano Ronaldo (296 Mio.) Kylian Mbappe\u0301 (51,7 Mio.) Paul Labile Pogba (44,6 Mio.) Gareth Bale (43,8 Mio.) Karim Benzema (39,4 Mio.) F\u00fcr die passende Unterst\u00fctzung haben wir bei Instagram einen neuen AR-Filter in Partnerschaft mit Arno Partissimo eingef\u00fchrt. Damit k\u00f6nnen die Fans vor, w\u00e4hrend und nach einem Spiel ihre Verbundenheit mit ihrer Lieblingsmannschaft zeigen. Jedes teilnehmende L\u00e4nderteam hat seinen individuell anpassbaren Filter, mit eigenen Farben und Flaggen, die Fans mit ihren Freund*innen teilen k\u00f6nnen. F\u00fcr die passende Unterst\u00fctzung haben wir bei Instagram einen neuen AR-Filter in Partnerschaft mit Arno Partissimo eingef\u00fchrt. Damit k\u00f6nnen die Fans vor, w\u00e4hrend und nach einem Spiel ihre Verbundenheit mit ihrer Lieblingsmannschaft zeigen. Jedes teilnehmende L\u00e4nderteam hat seinen individuell anpassbaren Filter, mit eigenen Farben und Flaggen, die Fans mit ihren Freund*innen teilen k\u00f6nnen. &nbsp; So findet man Filter auf Instagram: Oben rechts des Bildschirms auf den Plus-Button klicken, um eine Story oder Reels zu erstellen. Unten nach rechts wischen, bis die Lupe erscheint, und auf &#8222;Effekte erkunden&#8220; klicken. In den Suchbereich &#8222;Fu\u00dfballmannschaften&#8220; schreiben und die von &#8222;Arno&#8220; entworfene Option w\u00e4hlen.\u00a0 Dieser Filter kann auch in Instagram-Reels verwendet werden. Dazu einfach ein Reel erstellen, auf das Symbol &#8222;Effekte&#8220; klicken und nach dem Filter suchen.","protected":false},"author":164097135,"featured_media":0,"comment_status":"closed","ping_status":"closed","sticky":false,"template":"","format":"standard","meta":{"_jetpack_memberships_contains_paid_content":false,"footnotes":""},"categories":[555973517,555973284,555973480,555973394,555973300,555973442],"tags":[555973617,555973618,555973616,555973612],"class_list":["post-26028","post","type-post","status-publish","format-standard","hentry","category-aktivitaten-auserhalb-von-facebook","category-inside-feed","category-instagram","category-kampagne","category-mache-facebook-zu-deinem-facebook","category-meta","tag-em","tag-europameisterschaft","tag-fussball","tag-sport"],"yoast_head":"<!-- This site is optimized with the Yoast SEO plugin v27.2 - https:\/\/yoast.com\/product\/yoast-seo-wordpress\/ -->\n<title>Wie wir die Fu\u00dfball-Europameisterschaft auf Facebook und Instagram erleben k\u00f6nnen | \u00dcber Meta<\/title>\n<meta name=\"robots\" content=\"index, follow, max-snippet:-1, max-image-preview:large, max-video-preview:-1\" \/>\n<link rel=\"canonical\" href=\"https:\/\/about.fb.com\/de\/news\/2021\/06\/fussball-europameisterschaft-auf-facebook-und-instagram-erleben\/\" \/>\n<meta property=\"og:locale\" content=\"de_DE\" \/>\n<meta property=\"og:type\" content=\"article\" \/>\n<meta property=\"og:title\" content=\"Wie wir die Fu\u00dfball-Europameisterschaft auf Facebook und Instagram erleben k\u00f6nnen | \u00dcber Meta\" \/>\n<meta property=\"og:description\" content=\"Fu\u00dfballfans feiern ihre Mannschaften, Spieler und die einzigartigen Momente online Heute\u00a0 beginnt die Fu\u00dfball-Europameisterschaft, die Fans weltweit den Sommer \u00fcber mit Spannung verfolgen werden. Da durch Covid-19 die Anzahl der Menschen in den Stadien begrenzt ist, werden sich Fans auf der ganzen Welt mehr denn je auf Facebook und Instagram vernetzen, um sich \u00fcber das einmonatige Sportereignis auszutauschen. Mit mehr als 470 Millionen Fans auf Facebook und mehr als 290 Millionen auf Instagram ist Facebook Inc. das gr\u00f6\u00dfte Fu\u00dfballstadion der Welt und bietet der globalen Fan-Gemeinschaft somit einen der besten Orte, um ihre Leidenschaft f\u00fcr Sport mit anderen zu teilen.\u00a0 Auf Instagram sind einige der meistgefolgten Athleten, die bei der Europameisterschaft spielen: Cristiano Ronaldo (296 Mio.) Kylian Mbappe\u0301 (51,7 Mio.) Paul Labile Pogba (44,6 Mio.) Gareth Bale (43,8 Mio.) Karim Benzema (39,4 Mio.) F\u00fcr die passende Unterst\u00fctzung haben wir bei Instagram einen neuen AR-Filter in Partnerschaft mit Arno Partissimo eingef\u00fchrt. Damit k\u00f6nnen die Fans vor, w\u00e4hrend und nach einem Spiel ihre Verbundenheit mit ihrer Lieblingsmannschaft zeigen. Jedes teilnehmende L\u00e4nderteam hat seinen individuell anpassbaren Filter, mit eigenen Farben und Flaggen, die Fans mit ihren Freund*innen teilen k\u00f6nnen. F\u00fcr die passende Unterst\u00fctzung haben wir bei Instagram einen neuen AR-Filter in Partnerschaft mit Arno Partissimo eingef\u00fchrt. Damit k\u00f6nnen die Fans vor, w\u00e4hrend und nach einem Spiel ihre Verbundenheit mit ihrer Lieblingsmannschaft zeigen. Jedes teilnehmende L\u00e4nderteam hat seinen individuell anpassbaren Filter, mit eigenen Farben und Flaggen, die Fans mit ihren Freund*innen teilen k\u00f6nnen. &nbsp; So findet man Filter auf Instagram: Oben rechts des Bildschirms auf den Plus-Button klicken, um eine Story oder Reels zu erstellen. Unten nach rechts wischen, bis die Lupe erscheint, und auf &#8222;Effekte erkunden&#8220; klicken. In den Suchbereich &#8222;Fu\u00dfballmannschaften&#8220; schreiben und die von &#8222;Arno&#8220; entworfene Option w\u00e4hlen.\u00a0 Dieser Filter kann auch in Instagram-Reels verwendet werden. Dazu einfach ein Reel erstellen, auf das Symbol &#8222;Effekte&#8220; klicken und nach dem Filter suchen.\" \/>\n<meta property=\"og:url\" content=\"https:\/\/about.fb.com\/de\/news\/2021\/06\/fussball-europameisterschaft-auf-facebook-und-instagram-erleben\/\" \/>\n<meta property=\"og:site_name\" content=\"\u00dcber Meta\" \/>\n<meta property=\"article:published_time\" content=\"2021-06-11T09:33:08+00:00\" \/>\n<meta property=\"article:modified_time\" content=\"2021-06-29T10:11:32+00:00\" \/>\n<meta property=\"og:image\" content=\"https:\/\/about.fb.com\/de\/wp-content\/uploads\/sites\/10\/2021\/06\/PRESS-2-FINAL-MENU.jpg?w=682\" \/>\n<meta name=\"author\" content=\"fischerappelt\" \/>\n<meta name=\"twitter:card\" content=\"summary_large_image\" \/>\n<meta name=\"twitter:label1\" content=\"Written by\" \/>\n\t<meta name=\"twitter:data1\" content=\"Meta\" \/>\n\t<meta name=\"twitter:label2\" content=\"Est. reading time\" \/>\n\t<meta name=\"twitter:data2\" content=\"2 Minuten\" \/>\n<script type=\"application\/ld+json\" class=\"yoast-schema-graph\">{\"@context\":\"https:\/\/schema.org\",\"@graph\":[{\"@type\":\"Article\",\"@id\":\"https:\/\/about.fb.com\/de\/news\/2021\/06\/fussball-europameisterschaft-auf-facebook-und-instagram-erleben\/#article\",\"isPartOf\":{\"@id\":\"https:\/\/about.fb.com\/de\/news\/2021\/06\/fussball-europameisterschaft-auf-facebook-und-instagram-erleben\/\"},\"author\":\"Facebook company\",\"headline\":\"Wie wir die Fu\u00dfball-Europameisterschaft auf Facebook und Instagram erleben k\u00f6nnen\",\"datePublished\":\"2021-06-11T09:33:08+00:00\",\"dateModified\":\"2021-06-29T10:11:32+00:00\",\"mainEntityOfPage\":{\"@id\":\"https:\/\/about.fb.com\/de\/news\/2021\/06\/fussball-europameisterschaft-auf-facebook-und-instagram-erleben\/\"},\"wordCount\":337,\"publisher\":{\"@id\":\"https:\/\/about.fb.com\/de\/#organization\"},\"image\":{\"@id\":\"https:\/\/about.fb.com\/de\/news\/2021\/06\/fussball-europameisterschaft-auf-facebook-und-instagram-erleben\/#primaryimage\"},\"thumbnailUrl\":\"https:\/\/about.fb.com\/de\/wp-content\/uploads\/sites\/10\/2021\/06\/PRESS-2-FINAL-MENU.jpg?w=682\",\"keywords\":[\"EM\",\"Europameisterschaft\",\"Fu\u00dfball\",\"Sport\"],\"articleSection\":[\"Aktivit\u00e4ten au\u00dferhalb von Facebook\",\"Inside Feed\",\"Instagram\",\"Kampagne\",\"Mache Facebook zu deinem Facebook\",\"Meta\"],\"inLanguage\":\"de-DE\"},{\"@type\":\"WebPage\",\"@id\":\"https:\/\/about.fb.com\/de\/news\/2021\/06\/fussball-europameisterschaft-auf-facebook-und-instagram-erleben\/\",\"url\":\"https:\/\/about.fb.com\/de\/news\/2021\/06\/fussball-europameisterschaft-auf-facebook-und-instagram-erleben\/\",\"name\":\"Wie wir die Fu\u00dfball-Europameisterschaft auf Facebook und Instagram erleben k\u00f6nnen | \u00dcber Meta\",\"isPartOf\":{\"@id\":\"https:\/\/about.fb.com\/de\/#website\"},\"primaryImageOfPage\":{\"@id\":\"https:\/\/about.fb.com\/de\/news\/2021\/06\/fussball-europameisterschaft-auf-facebook-und-instagram-erleben\/#primaryimage\"},\"image\":{\"@id\":\"https:\/\/about.fb.com\/de\/news\/2021\/06\/fussball-europameisterschaft-auf-facebook-und-instagram-erleben\/#primaryimage\"},\"thumbnailUrl\":\"https:\/\/about.fb.com\/de\/wp-content\/uploads\/sites\/10\/2021\/06\/PRESS-2-FINAL-MENU.jpg?w=682\",\"datePublished\":\"2021-06-11T09:33:08+00:00\",\"dateModified\":\"2021-06-29T10:11:32+00:00\",\"breadcrumb\":{\"@id\":\"https:\/\/about.fb.com\/de\/news\/2021\/06\/fussball-europameisterschaft-auf-facebook-und-instagram-erleben\/#breadcrumb\"},\"inLanguage\":\"de-DE\",\"potentialAction\":[{\"@type\":\"ReadAction\",\"target\":[\"https:\/\/about.fb.com\/de\/news\/2021\/06\/fussball-europameisterschaft-auf-facebook-und-instagram-erleben\/\"]}],\"author\":\"\u00dcber Meta\"},{\"@type\":\"ImageObject\",\"inLanguage\":\"de-DE\",\"@id\":\"https:\/\/about.fb.com\/de\/news\/2021\/06\/fussball-europameisterschaft-auf-facebook-und-instagram-erleben\/#primaryimage\",\"url\":\"https:\/\/about.fb.com\/de\/wp-content\/uploads\/sites\/10\/2021\/06\/PRESS-2-FINAL-MENU.jpg?w=682\",\"contentUrl\":\"https:\/\/about.fb.com\/de\/wp-content\/uploads\/sites\/10\/2021\/06\/PRESS-2-FINAL-MENU.jpg?w=682\"},{\"@type\":\"BreadcrumbList\",\"@id\":\"https:\/\/about.fb.com\/de\/news\/2021\/06\/fussball-europameisterschaft-auf-facebook-und-instagram-erleben\/#breadcrumb\",\"itemListElement\":[{\"@type\":\"ListItem\",\"position\":1,\"name\":\"Home\",\"item\":\"https:\/\/about.fb.com\/de\/\"},{\"@type\":\"ListItem\",\"position\":2,\"name\":\"Wie wir die Fu\u00dfball-Europameisterschaft auf Facebook und Instagram erleben k\u00f6nnen\"}]},{\"@type\":\"WebSite\",\"@id\":\"https:\/\/about.fb.com\/de\/#website\",\"url\":\"https:\/\/about.fb.com\/news\/\",\"name\":\"\u00dcber Meta\",\"description\":\"\",\"publisher\":{\"@id\":\"https:\/\/about.fb.com\/de\/#organization\"},\"potentialAction\":[{\"@type\":\"SearchAction\",\"target\":{\"@type\":\"EntryPoint\",\"urlTemplate\":\"https:\/\/about.fb.com\/de\/?s={search_term_string}\"},\"query-input\":{\"@type\":\"PropertyValueSpecification\",\"valueRequired\":true,\"valueName\":\"search_term_string\"}}],\"inLanguage\":\"de-DE\",\"alternateName\":[\"Meta Newsroom\",\"Meta\"]},{\"@type\":\"Organization\",\"@id\":\"https:\/\/about.fb.com\/de\/#organization\",\"name\":\"Meta\",\"url\":\"https:\/\/about.fb.com\/de\/\",\"logo\":{\"@type\":\"ImageObject\",\"inLanguage\":\"de-DE\",\"@id\":\"https:\/\/about.fb.com\/de\/#\/schema\/logo\/image\/\",\"url\":\"https:\/\/about.fb.com\/de\/wp-content\/uploads\/sites\/10\/2021\/10\/meta-social-16x9-1.jpg?fit=8000%2C4500\",\"contentUrl\":\"https:\/\/about.fb.com\/de\/wp-content\/uploads\/sites\/10\/2021\/10\/meta-social-16x9-1.jpg?fit=8000%2C4500\",\"width\":8000,\"height\":4500,\"caption\":\"Meta\"},\"image\":{\"@id\":\"https:\/\/about.fb.com\/de\/#\/schema\/logo\/image\/\"}}]}<\/script>\n<!-- \/ Yoast SEO plugin. -->","yoast_head_json":{"title":"Wie wir die Fu\u00dfball-Europameisterschaft auf Facebook und Instagram erleben k\u00f6nnen | \u00dcber Meta","robots":{"index":"index","follow":"follow","max-snippet":"max-snippet:-1","max-image-preview":"max-image-preview:large","max-video-preview":"max-video-preview:-1"},"canonical":"https:\/\/about.fb.com\/de\/news\/2021\/06\/fussball-europameisterschaft-auf-facebook-und-instagram-erleben\/","og_locale":"de_DE","og_type":"article","og_title":"Wie wir die Fu\u00dfball-Europameisterschaft auf Facebook und Instagram erleben k\u00f6nnen | \u00dcber Meta","og_description":"Fu\u00dfballfans feiern ihre Mannschaften, Spieler und die einzigartigen Momente online Heute\u00a0 beginnt die Fu\u00dfball-Europameisterschaft, die Fans weltweit den Sommer \u00fcber mit Spannung verfolgen werden. Da durch Covid-19 die Anzahl der Menschen in den Stadien begrenzt ist, werden sich Fans auf der ganzen Welt mehr denn je auf Facebook und Instagram vernetzen, um sich \u00fcber das einmonatige Sportereignis auszutauschen. Mit mehr als 470 Millionen Fans auf Facebook und mehr als 290 Millionen auf Instagram ist Facebook Inc. das gr\u00f6\u00dfte Fu\u00dfballstadion der Welt und bietet der globalen Fan-Gemeinschaft somit einen der besten Orte, um ihre Leidenschaft f\u00fcr Sport mit anderen zu teilen.\u00a0 Auf Instagram sind einige der meistgefolgten Athleten, die bei der Europameisterschaft spielen: Cristiano Ronaldo (296 Mio.) Kylian Mbappe\u0301 (51,7 Mio.) Paul Labile Pogba (44,6 Mio.) Gareth Bale (43,8 Mio.) Karim Benzema (39,4 Mio.) F\u00fcr die passende Unterst\u00fctzung haben wir bei Instagram einen neuen AR-Filter in Partnerschaft mit Arno Partissimo eingef\u00fchrt. Damit k\u00f6nnen die Fans vor, w\u00e4hrend und nach einem Spiel ihre Verbundenheit mit ihrer Lieblingsmannschaft zeigen. Jedes teilnehmende L\u00e4nderteam hat seinen individuell anpassbaren Filter, mit eigenen Farben und Flaggen, die Fans mit ihren Freund*innen teilen k\u00f6nnen. F\u00fcr die passende Unterst\u00fctzung haben wir bei Instagram einen neuen AR-Filter in Partnerschaft mit Arno Partissimo eingef\u00fchrt. Damit k\u00f6nnen die Fans vor, w\u00e4hrend und nach einem Spiel ihre Verbundenheit mit ihrer Lieblingsmannschaft zeigen. Jedes teilnehmende L\u00e4nderteam hat seinen individuell anpassbaren Filter, mit eigenen Farben und Flaggen, die Fans mit ihren Freund*innen teilen k\u00f6nnen. &nbsp; So findet man Filter auf Instagram: Oben rechts des Bildschirms auf den Plus-Button klicken, um eine Story oder Reels zu erstellen. Unten nach rechts wischen, bis die Lupe erscheint, und auf &#8222;Effekte erkunden&#8220; klicken. In den Suchbereich &#8222;Fu\u00dfballmannschaften&#8220; schreiben und die von &#8222;Arno&#8220; entworfene Option w\u00e4hlen.\u00a0 Dieser Filter kann auch in Instagram-Reels verwendet werden. Dazu einfach ein Reel erstellen, auf das Symbol &#8222;Effekte&#8220; klicken und nach dem Filter suchen.","og_url":"https:\/\/about.fb.com\/de\/news\/2021\/06\/fussball-europameisterschaft-auf-facebook-und-instagram-erleben\/","og_site_name":"\u00dcber Meta","article_published_time":"2021-06-11T09:33:08+00:00","article_modified_time":"2021-06-29T10:11:32+00:00","og_image":[{"url":"https:\/\/about.fb.com\/de\/wp-content\/uploads\/sites\/10\/2021\/06\/PRESS-2-FINAL-MENU.jpg?w=682","type":"","width":"","height":""}],"author":"fischerappelt","twitter_card":"summary_large_image","twitter_misc":{"Written by":"Meta","Est. reading time":"2 Minuten"},"schema":{"@context":"https:\/\/schema.org","@graph":[{"@type":"Article","@id":"https:\/\/about.fb.com\/de\/news\/2021\/06\/fussball-europameisterschaft-auf-facebook-und-instagram-erleben\/#article","isPartOf":{"@id":"https:\/\/about.fb.com\/de\/news\/2021\/06\/fussball-europameisterschaft-auf-facebook-und-instagram-erleben\/"},"author":"Facebook company","headline":"Wie wir die Fu\u00dfball-Europameisterschaft auf Facebook und Instagram erleben k\u00f6nnen","datePublished":"2021-06-11T09:33:08+00:00","dateModified":"2021-06-29T10:11:32+00:00","mainEntityOfPage":{"@id":"https:\/\/about.fb.com\/de\/news\/2021\/06\/fussball-europameisterschaft-auf-facebook-und-instagram-erleben\/"},"wordCount":337,"publisher":{"@id":"https:\/\/about.fb.com\/de\/#organization"},"image":{"@id":"https:\/\/about.fb.com\/de\/news\/2021\/06\/fussball-europameisterschaft-auf-facebook-und-instagram-erleben\/#primaryimage"},"thumbnailUrl":"https:\/\/about.fb.com\/de\/wp-content\/uploads\/sites\/10\/2021\/06\/PRESS-2-FINAL-MENU.jpg?w=682","keywords":["EM","Europameisterschaft","Fu\u00dfball","Sport"],"articleSection":["Aktivit\u00e4ten au\u00dferhalb von Facebook","Inside Feed","Instagram","Kampagne","Mache Facebook zu deinem Facebook","Meta"],"inLanguage":"de-DE"},{"@type":"WebPage","@id":"https:\/\/about.fb.com\/de\/news\/2021\/06\/fussball-europameisterschaft-auf-facebook-und-instagram-erleben\/","url":"https:\/\/about.fb.com\/de\/news\/2021\/06\/fussball-europameisterschaft-auf-facebook-und-instagram-erleben\/","name":"Wie wir die Fu\u00dfball-Europameisterschaft auf Facebook und Instagram erleben k\u00f6nnen | \u00dcber Meta","isPartOf":{"@id":"https:\/\/about.fb.com\/de\/#website"},"primaryImageOfPage":{"@id":"https:\/\/about.fb.com\/de\/news\/2021\/06\/fussball-europameisterschaft-auf-facebook-und-instagram-erleben\/#primaryimage"},"image":{"@id":"https:\/\/about.fb.com\/de\/news\/2021\/06\/fussball-europameisterschaft-auf-facebook-und-instagram-erleben\/#primaryimage"},"thumbnailUrl":"https:\/\/about.fb.com\/de\/wp-content\/uploads\/sites\/10\/2021\/06\/PRESS-2-FINAL-MENU.jpg?w=682","datePublished":"2021-06-11T09:33:08+00:00","dateModified":"2021-06-29T10:11:32+00:00","breadcrumb":{"@id":"https:\/\/about.fb.com\/de\/news\/2021\/06\/fussball-europameisterschaft-auf-facebook-und-instagram-erleben\/#breadcrumb"},"inLanguage":"de-DE","potentialAction":[{"@type":"ReadAction","target":["https:\/\/about.fb.com\/de\/news\/2021\/06\/fussball-europameisterschaft-auf-facebook-und-instagram-erleben\/"]}],"author":"\u00dcber Meta"},{"@type":"ImageObject","inLanguage":"de-DE","@id":"https:\/\/about.fb.com\/de\/news\/2021\/06\/fussball-europameisterschaft-auf-facebook-und-instagram-erleben\/#primaryimage","url":"https:\/\/about.fb.com\/de\/wp-content\/uploads\/sites\/10\/2021\/06\/PRESS-2-FINAL-MENU.jpg?w=682","contentUrl":"https:\/\/about.fb.com\/de\/wp-content\/uploads\/sites\/10\/2021\/06\/PRESS-2-FINAL-MENU.jpg?w=682"},{"@type":"BreadcrumbList","@id":"https:\/\/about.fb.com\/de\/news\/2021\/06\/fussball-europameisterschaft-auf-facebook-und-instagram-erleben\/#breadcrumb","itemListElement":[{"@type":"ListItem","position":1,"name":"Home","item":"https:\/\/about.fb.com\/de\/"},{"@type":"ListItem","position":2,"name":"Wie wir die Fu\u00dfball-Europameisterschaft auf Facebook und Instagram erleben k\u00f6nnen"}]},{"@type":"WebSite","@id":"https:\/\/about.fb.com\/de\/#website","url":"https:\/\/about.fb.com\/news\/","name":"\u00dcber Meta","description":"","publisher":{"@id":"https:\/\/about.fb.com\/de\/#organization"},"potentialAction":[{"@type":"SearchAction","target":{"@type":"EntryPoint","urlTemplate":"https:\/\/about.fb.com\/de\/?s={search_term_string}"},"query-input":{"@type":"PropertyValueSpecification","valueRequired":true,"valueName":"search_term_string"}}],"inLanguage":"de-DE","alternateName":["Meta Newsroom","Meta"]},{"@type":"Organization","@id":"https:\/\/about.fb.com\/de\/#organization","name":"Meta","url":"https:\/\/about.fb.com\/de\/","logo":{"@type":"ImageObject","inLanguage":"de-DE","@id":"https:\/\/about.fb.com\/de\/#\/schema\/logo\/image\/","url":"https:\/\/about.fb.com\/de\/wp-content\/uploads\/sites\/10\/2021\/10\/meta-social-16x9-1.jpg?fit=8000%2C4500","contentUrl":"https:\/\/about.fb.com\/de\/wp-content\/uploads\/sites\/10\/2021\/10\/meta-social-16x9-1.jpg?fit=8000%2C4500","width":8000,"height":4500,"caption":"Meta"},"image":{"@id":"https:\/\/about.fb.com\/de\/#\/schema\/logo\/image\/"}}]}},"jetpack_featured_media_url":"","jetpack-related-posts":[],"jetpack_sharing_enabled":true,"amp_enabled":true,"_links":{"self":[{"href":"https:\/\/about.fb.com\/de\/wp-json\/wp\/v2\/posts\/26028","targetHints":{"allow":["GET"]}}],"collection":[{"href":"https:\/\/about.fb.com\/de\/wp-json\/wp\/v2\/posts"}],"about":[{"href":"https:\/\/about.fb.com\/de\/wp-json\/wp\/v2\/types\/post"}],"author":[{"embeddable":true,"href":"https:\/\/about.fb.com\/de\/wp-json\/wp\/v2\/users\/164097135"}],"replies":[{"embeddable":true,"href":"https:\/\/about.fb.com\/de\/wp-json\/wp\/v2\/comments?post=26028"}],"version-history":[{"count":7,"href":"https:\/\/about.fb.com\/de\/wp-json\/wp\/v2\/posts\/26028\/revisions"}],"predecessor-version":[{"id":26039,"href":"https:\/\/about.fb.com\/de\/wp-json\/wp\/v2\/posts\/26028\/revisions\/26039"}],"wp:attachment":[{"href":"https:\/\/about.fb.com\/de\/wp-json\/wp\/v2\/media?parent=26028"}],"wp:term":[{"taxonomy":"category","embeddable":true,"href":"https:\/\/about.fb.com\/de\/wp-json\/wp\/v2\/categories?post=26028"},{"taxonomy":"post_tag","embeddable":true,"href":"https:\/\/about.fb.com\/de\/wp-json\/wp\/v2\/tags?post=26028"}],"curies":[{"name":"wp","href":"https:\/\/api.w.org\/{rel}","templated":true}]}}