{"id":25695,"date":"2021-03-02T11:39:28","date_gmt":"2021-03-02T10:39:28","guid":{"rendered":"https:\/\/about.fb.com\/de\/?p=25695"},"modified":"2021-03-02T11:39:28","modified_gmt":"2021-03-02T10:39:28","slug":"weltfrauentag","status":"publish","type":"post","link":"https:\/\/about.fb.com\/de\/news\/2021\/03\/weltfrauentag\/","title":{"rendered":"Weltfrauentag: Wie Frauen Facebook nutzen, um Gutes zu tun"},"content":{"rendered":"<p><span style=\"font-weight: 400\">Female Business-Networks, Elterngruppen, Fundraising: Besonders Frauen nutzen Social Media, um Gutes zu tun, positiven Wandel voran zu treiben und sich zu vernetzen. <\/span><span style=\"font-weight: 400\">Einige dieser Frauen wollen wir anl\u00e4sslich des Weltfrauentags vorstellen.\u00a0<\/span><\/p>\n<p><span style=\"font-weight: 400\">Trotz Gender-Pay-Gap: <\/span><span style=\"font-weight: 400\">64% aller Fundraisings auf Facebook in Deutschland werden von Frauen initiiert, insgesamt sind sie f\u00fcr 57% des Spendenvolumens verantwortlich. <\/span><span style=\"font-weight: 400\">Auch in anderen Bereichen nutzen Frauen Social Media, um einen positiven Beitrag zu leisten. 65% aller Elterngruppen wurden in Deutschland von Frauen gegr\u00fcndet, die sich vor allem w\u00e4hrend der Corona-Pandemie gro\u00dfer Beliebtheit erfreuen. In den Gruppen tauschen sich Eltern vor allem \u00fcber Homeschooling, Freizeitbesch\u00e4ftigung mit Kindern und Erziehung aus.<\/span><\/p>\n<p><span style=\"font-weight: 400\">Beliebte Elterngruppen sind beispielsweise die Gruppen <\/span><a href=\"https:\/\/www.facebook.com\/groups\/1835428903354025\"><span style=\"font-weight: 400\">&#8222;Echte Mamas&#8220;<\/span><\/a><span style=\"font-weight: 400\"> oder\u00a0 <\/span><a href=\"https:\/\/www.facebook.com\/groups\/familienabenteurer\"><span style=\"font-weight: 400\">&#8222;Abenteuer Familie &#8211; Leben mit Kindern&#8220;<\/span><\/a><span style=\"font-weight: 400\">, die letztes Jahr auch den Smart Hero Award gewonnen haben.\u00a0<\/span><\/p>\n<p><span style=\"font-weight: 400\">Ein wachsender Bereich, in dem sich Frauen in Gruppen vernetzen, sind <\/span><b>Female Business <\/b><span style=\"font-weight: 400\">Gruppen. In der <\/span><span style=\"font-weight: 400\">&#8222;<\/span><a href=\"https:\/\/www.facebook.com\/groups\/frau.erfolgreich.selbststaendig\"><span style=\"font-weight: 400\">\ud83d\udcaa she-preneur Community (f\u00fcr selbstst\u00e4ndige Frauen)&#8220;<\/span><\/a> <span style=\"font-weight: 400\">von she-preneur Gr\u00fcnderin und Business-Strategin Tanja Lenke unterst\u00fctzen sich selbst\u00e4ndige Frauen gegenseitig bei ihren Unternehmungen<\/span><span style=\"font-weight: 400\">. <\/span><span style=\"font-weight: 400\">\u201eIch sehe immer wieder, dass selbstst\u00e4ndige Frauen allein vor sich hin arbeiten und sich viel zu wenig zutrauen. Mal abgesehen davon, dass viele tolle Business-Ideen nicht das Licht der Welt erblicken, ist es nicht einfach, allein voranzukommen und die Komfortzone immer wieder zu erweitern, um das eigene Business weiterzuentwickeln. In meiner Gruppe inspirieren und motivieren wir uns deshalb gegenseitig, tauschen uns t\u00e4glich zu solchen und anderen relevanten Themen aus und machen anderen Frauen Mut.&#8220;\u00a0\u00a0<\/span><\/p>\n<p><span style=\"font-weight: 400\">Ein andere beliebte Gruppe ist &#8222;<\/span><a href=\"https:\/\/www.facebook.com\/groups\/1637672186489545\"><span style=\"font-weight: 400\">Madame Moneypenny &#8211; Finanzielle Unabh\u00e4ngigkeit f\u00fcr Frauen&#8220;<\/span><\/a><span style=\"font-weight: 400\"> von Natascha Wegelin, die mittlerweile \u00fcber 100.000 Mitglieder z\u00e4hlt.\u00a0<\/span><\/p>\n<p><a href=\"https:\/\/www.facebook.com\/groups\/1210598292454767\"><span style=\"font-weight: 400\">&#8222;African Nurses\/Pfleger in Deutschland&#8220;<\/span><\/a><span style=\"font-weight: 400\"> wurde von Rose Komarek gegr\u00fcndet. Die 32-J\u00e4hrige kam 2008 aus ihrem Heimatland Kenia nach Deutschland und arbeitet heute als Pflegerin in einem Krankenhaus. Es war nicht einfach f\u00fcr sie, eine Ausbildung zu bekommen: Sie erhielt viele Absagen, doch konnte dann alle Pr\u00fcfungen erfolgreich abschlie\u00dfen und schon vor dem Ausbildungsende einen Arbeitsvertrag unterschreiben.\u00a0<\/span><span style=\"font-weight: 400\">&#8222;Ich habe mich gefragt, wie ich helfen kann&#8220;, begr\u00fcndet sie ihre Entscheidung vor 2 Jahren, eine Gruppe zu gr\u00fcnden. Zu dieser Zeit kannte sie 4 Pfleger*innen mit afrikanischen Wurzeln, heute ist sie mit 1800 Menschen in ihrer Gruppe vernetzt.\u00a0<\/span><span style=\"font-weight: 400\">&#8222;Wir haben so viele positive Geschichten kreieren k\u00f6nnen \u2013 wir konnten viele Menschen ermutigen, sich um einen Ausbildungsplatz zu bem\u00fchen, viele die sich sonst nicht getraut h\u00e4tten es zu versuchen. Zusammen kann man H\u00fcrden \u00fcberwinden \u2013 wir haben Jobs vermittelt, bei Pr\u00fcfungen geholfen, unterst\u00fctzen bei dem Weg, ein Pflege-Business zu gr\u00fcnden. Das w\u00e4re alles nicht m\u00f6glich ohne unsere Facebook Gruppe.&#8220;\u00a0<\/span><\/p>\n<p><span style=\"font-weight: 400\">Insgesamt sind 26 Millionen Menschen in Deutschland monatlich in Gruppen aktiv.<\/span><\/p>\n<p><span style=\"font-weight: 400\">Auf <\/span><a href=\"https:\/\/www.facebook.com\/facebookappDeutschland\"><span style=\"font-weight: 400\">unserer Facebook Seite<\/span><\/a><span style=\"font-weight: 400\"> stellen wir am 8. M\u00e4rz weitere Frauen vor, die zu unserer hilfsbereiten, ermutigenden Gemeinschaft beitragen.<\/span><\/p>\n","protected":false},"excerpt":{"rendered":"Female Business-Networks, Elterngruppen, Fundraising: Besonders Frauen nutzen Social Media, um Gutes zu tun, positiven Wandel voran zu treiben und sich zu vernetzen. Einige dieser Frauen wollen wir anl\u00e4sslich des Weltfrauentags vorstellen.\u00a0 Trotz Gender-Pay-Gap: 64% aller Fundraisings auf Facebook in Deutschland werden von Frauen initiiert, insgesamt sind sie f\u00fcr 57% des Spendenvolumens verantwortlich. Auch in anderen Bereichen nutzen Frauen Social Media, um einen positiven Beitrag zu leisten. 65% aller Elterngruppen wurden in Deutschland von Frauen gegr\u00fcndet, die sich vor allem w\u00e4hrend der Corona-Pandemie gro\u00dfer Beliebtheit erfreuen. In den Gruppen tauschen sich Eltern vor allem \u00fcber Homeschooling, Freizeitbesch\u00e4ftigung mit Kindern und Erziehung aus. Beliebte Elterngruppen sind beispielsweise die Gruppen &#8222;Echte Mamas&#8220; oder\u00a0 &#8222;Abenteuer Familie &#8211; Leben mit Kindern&#8220;, die letztes Jahr auch den Smart Hero Award gewonnen haben.\u00a0 Ein wachsender Bereich, in dem sich Frauen in Gruppen vernetzen, sind Female Business Gruppen. In der &#8222;\ud83d\udcaa she-preneur Community (f\u00fcr selbstst\u00e4ndige Frauen)&#8220; von she-preneur Gr\u00fcnderin und Business-Strategin Tanja Lenke unterst\u00fctzen sich selbst\u00e4ndige Frauen gegenseitig bei ihren Unternehmungen. \u201eIch sehe immer wieder, dass selbstst\u00e4ndige Frauen allein vor sich hin arbeiten und sich viel zu wenig zutrauen. Mal abgesehen davon, dass viele tolle Business-Ideen nicht das Licht der Welt erblicken, ist es nicht einfach, allein voranzukommen und die Komfortzone immer wieder zu erweitern, um das eigene Business weiterzuentwickeln. In meiner Gruppe inspirieren und motivieren wir uns deshalb gegenseitig, tauschen uns t\u00e4glich zu solchen und anderen relevanten Themen aus und machen anderen Frauen Mut.&#8220;\u00a0\u00a0 Ein andere beliebte Gruppe ist &#8222;Madame Moneypenny &#8211; Finanzielle Unabh\u00e4ngigkeit f\u00fcr Frauen&#8220; von Natascha Wegelin, die mittlerweile \u00fcber 100.000 Mitglieder z\u00e4hlt.\u00a0 &#8222;African Nurses\/Pfleger in Deutschland&#8220; wurde von Rose Komarek gegr\u00fcndet. Die 32-J\u00e4hrige kam 2008 aus ihrem Heimatland Kenia nach Deutschland und arbeitet heute als Pflegerin in einem Krankenhaus. Es war nicht einfach f\u00fcr sie, eine Ausbildung zu bekommen: Sie erhielt viele Absagen, doch konnte dann alle Pr\u00fcfungen erfolgreich abschlie\u00dfen und schon vor dem Ausbildungsende einen Arbeitsvertrag unterschreiben.\u00a0&#8222;Ich habe mich gefragt, wie ich helfen kann&#8220;, begr\u00fcndet sie ihre Entscheidung vor 2 Jahren, eine Gruppe zu gr\u00fcnden. Zu dieser Zeit kannte sie 4 Pfleger*innen mit afrikanischen Wurzeln, heute ist sie mit 1800 Menschen in ihrer Gruppe vernetzt.\u00a0&#8222;Wir haben so viele positive Geschichten kreieren k\u00f6nnen \u2013 wir konnten viele Menschen ermutigen, sich um einen Ausbildungsplatz zu bem\u00fchen, viele die sich sonst nicht getraut h\u00e4tten es zu versuchen. Zusammen kann man H\u00fcrden \u00fcberwinden \u2013 wir haben Jobs vermittelt, bei Pr\u00fcfungen geholfen, unterst\u00fctzen bei dem Weg, ein Pflege-Business zu gr\u00fcnden. Das w\u00e4re alles nicht m\u00f6glich ohne unsere Facebook Gruppe.&#8220;\u00a0 Insgesamt sind 26 Millionen Menschen in Deutschland monatlich in Gruppen aktiv. Auf unserer Facebook Seite stellen wir am 8. M\u00e4rz weitere Frauen vor, die zu unserer hilfsbereiten, ermutigenden Gemeinschaft beitragen.","protected":false},"author":164097135,"featured_media":25697,"comment_status":"closed","ping_status":"closed","sticky":false,"template":"","format":"standard","meta":{"_jetpack_memberships_contains_paid_content":false,"footnotes":""},"categories":[555973479,555973269,555973300,555973395,555973442,555973532,555973390],"tags":[555973601],"class_list":["post-25695","post","type-post","status-publish","format-standard","has-post-thumbnail","hentry","category-facebook-app","category-gruppen","category-mache-facebook-zu-deinem-facebook","category-mehr-gemeinsam","category-meta","category-social-good","category-spenden","tag-weltfrauentag"],"yoast_head":"<!-- This site is optimized with the Yoast SEO plugin v27.2 - https:\/\/yoast.com\/product\/yoast-seo-wordpress\/ -->\n<title>Weltfrauentag: Wie Frauen Facebook nutzen, um Gutes zu tun | \u00dcber Meta<\/title>\n<meta name=\"robots\" content=\"index, follow, max-snippet:-1, max-image-preview:large, max-video-preview:-1\" \/>\n<link rel=\"canonical\" href=\"https:\/\/about.fb.com\/de\/news\/2021\/03\/weltfrauentag\/\" \/>\n<meta property=\"og:locale\" content=\"de_DE\" \/>\n<meta property=\"og:type\" content=\"article\" \/>\n<meta property=\"og:title\" content=\"Weltfrauentag: Wie Frauen Facebook nutzen, um Gutes zu tun | \u00dcber Meta\" \/>\n<meta property=\"og:description\" content=\"Female Business-Networks, Elterngruppen, Fundraising: Besonders Frauen nutzen Social Media, um Gutes zu tun, positiven Wandel voran zu treiben und sich zu vernetzen. Einige dieser Frauen wollen wir anl\u00e4sslich des Weltfrauentags vorstellen.\u00a0 Trotz Gender-Pay-Gap: 64% aller Fundraisings auf Facebook in Deutschland werden von Frauen initiiert, insgesamt sind sie f\u00fcr 57% des Spendenvolumens verantwortlich. Auch in anderen Bereichen nutzen Frauen Social Media, um einen positiven Beitrag zu leisten. 65% aller Elterngruppen wurden in Deutschland von Frauen gegr\u00fcndet, die sich vor allem w\u00e4hrend der Corona-Pandemie gro\u00dfer Beliebtheit erfreuen. In den Gruppen tauschen sich Eltern vor allem \u00fcber Homeschooling, Freizeitbesch\u00e4ftigung mit Kindern und Erziehung aus. Beliebte Elterngruppen sind beispielsweise die Gruppen &#8222;Echte Mamas&#8220; oder\u00a0 &#8222;Abenteuer Familie &#8211; Leben mit Kindern&#8220;, die letztes Jahr auch den Smart Hero Award gewonnen haben.\u00a0 Ein wachsender Bereich, in dem sich Frauen in Gruppen vernetzen, sind Female Business Gruppen. In der &#8222;\ud83d\udcaa she-preneur Community (f\u00fcr selbstst\u00e4ndige Frauen)&#8220; von she-preneur Gr\u00fcnderin und Business-Strategin Tanja Lenke unterst\u00fctzen sich selbst\u00e4ndige Frauen gegenseitig bei ihren Unternehmungen. \u201eIch sehe immer wieder, dass selbstst\u00e4ndige Frauen allein vor sich hin arbeiten und sich viel zu wenig zutrauen. Mal abgesehen davon, dass viele tolle Business-Ideen nicht das Licht der Welt erblicken, ist es nicht einfach, allein voranzukommen und die Komfortzone immer wieder zu erweitern, um das eigene Business weiterzuentwickeln. In meiner Gruppe inspirieren und motivieren wir uns deshalb gegenseitig, tauschen uns t\u00e4glich zu solchen und anderen relevanten Themen aus und machen anderen Frauen Mut.&#8220;\u00a0\u00a0 Ein andere beliebte Gruppe ist &#8222;Madame Moneypenny &#8211; Finanzielle Unabh\u00e4ngigkeit f\u00fcr Frauen&#8220; von Natascha Wegelin, die mittlerweile \u00fcber 100.000 Mitglieder z\u00e4hlt.\u00a0 &#8222;African Nurses\/Pfleger in Deutschland&#8220; wurde von Rose Komarek gegr\u00fcndet. Die 32-J\u00e4hrige kam 2008 aus ihrem Heimatland Kenia nach Deutschland und arbeitet heute als Pflegerin in einem Krankenhaus. Es war nicht einfach f\u00fcr sie, eine Ausbildung zu bekommen: Sie erhielt viele Absagen, doch konnte dann alle Pr\u00fcfungen erfolgreich abschlie\u00dfen und schon vor dem Ausbildungsende einen Arbeitsvertrag unterschreiben.\u00a0&#8222;Ich habe mich gefragt, wie ich helfen kann&#8220;, begr\u00fcndet sie ihre Entscheidung vor 2 Jahren, eine Gruppe zu gr\u00fcnden. Zu dieser Zeit kannte sie 4 Pfleger*innen mit afrikanischen Wurzeln, heute ist sie mit 1800 Menschen in ihrer Gruppe vernetzt.\u00a0&#8222;Wir haben so viele positive Geschichten kreieren k\u00f6nnen \u2013 wir konnten viele Menschen ermutigen, sich um einen Ausbildungsplatz zu bem\u00fchen, viele die sich sonst nicht getraut h\u00e4tten es zu versuchen. Zusammen kann man H\u00fcrden \u00fcberwinden \u2013 wir haben Jobs vermittelt, bei Pr\u00fcfungen geholfen, unterst\u00fctzen bei dem Weg, ein Pflege-Business zu gr\u00fcnden. Das w\u00e4re alles nicht m\u00f6glich ohne unsere Facebook Gruppe.&#8220;\u00a0 Insgesamt sind 26 Millionen Menschen in Deutschland monatlich in Gruppen aktiv. Auf unserer Facebook Seite stellen wir am 8. M\u00e4rz weitere Frauen vor, die zu unserer hilfsbereiten, ermutigenden Gemeinschaft beitragen.\" \/>\n<meta property=\"og:url\" content=\"https:\/\/about.fb.com\/de\/news\/2021\/03\/weltfrauentag\/\" \/>\n<meta property=\"og:site_name\" content=\"\u00dcber Meta\" \/>\n<meta property=\"article:published_time\" content=\"2021-03-02T10:39:28+00:00\" \/>\n<meta property=\"og:image\" content=\"https:\/\/about.fb.com\/de\/wp-content\/uploads\/sites\/10\/2021\/03\/Header_FB-1.jpg?resize=1024,576\" \/>\n\t<meta property=\"og:image:width\" content=\"1024\" \/>\n\t<meta property=\"og:image:height\" content=\"576\" \/>\n\t<meta property=\"og:image:type\" content=\"image\/jpeg\" \/>\n<meta name=\"author\" content=\"fischerappelt\" \/>\n<meta name=\"twitter:card\" content=\"summary_large_image\" \/>\n<meta name=\"twitter:label1\" content=\"Written by\" \/>\n\t<meta name=\"twitter:data1\" content=\"Meta\" \/>\n\t<meta name=\"twitter:label2\" content=\"Est. reading time\" \/>\n\t<meta name=\"twitter:data2\" content=\"2 Minuten\" \/>\n<script type=\"application\/ld+json\" class=\"yoast-schema-graph\">{\"@context\":\"https:\/\/schema.org\",\"@graph\":[{\"@type\":\"Article\",\"@id\":\"https:\/\/about.fb.com\/de\/news\/2021\/03\/weltfrauentag\/#article\",\"isPartOf\":{\"@id\":\"https:\/\/about.fb.com\/de\/news\/2021\/03\/weltfrauentag\/\"},\"author\":\"Facebook company\",\"headline\":\"Weltfrauentag: Wie Frauen Facebook nutzen, um Gutes zu tun\",\"datePublished\":\"2021-03-02T10:39:28+00:00\",\"mainEntityOfPage\":{\"@id\":\"https:\/\/about.fb.com\/de\/news\/2021\/03\/weltfrauentag\/\"},\"wordCount\":474,\"publisher\":{\"@id\":\"https:\/\/about.fb.com\/de\/#organization\"},\"image\":{\"@id\":\"https:\/\/about.fb.com\/de\/news\/2021\/03\/weltfrauentag\/#primaryimage\"},\"thumbnailUrl\":\"https:\/\/about.fb.com\/de\/wp-content\/uploads\/sites\/10\/2021\/03\/Header_FB-1.jpg?fit=4000%2C2250\",\"keywords\":[\"Weltfrauentag\"],\"articleSection\":[\"Facebook\",\"Gruppen\",\"Mache Facebook zu deinem Facebook\",\"Mehr gemeinsam\",\"Meta\",\"Social Good\",\"Spenden\"],\"inLanguage\":\"de-DE\"},{\"@type\":\"WebPage\",\"@id\":\"https:\/\/about.fb.com\/de\/news\/2021\/03\/weltfrauentag\/\",\"url\":\"https:\/\/about.fb.com\/de\/news\/2021\/03\/weltfrauentag\/\",\"name\":\"Weltfrauentag: Wie Frauen Facebook nutzen, um Gutes zu tun | \u00dcber Meta\",\"isPartOf\":{\"@id\":\"https:\/\/about.fb.com\/de\/#website\"},\"primaryImageOfPage\":{\"@id\":\"https:\/\/about.fb.com\/de\/news\/2021\/03\/weltfrauentag\/#primaryimage\"},\"image\":{\"@id\":\"https:\/\/about.fb.com\/de\/news\/2021\/03\/weltfrauentag\/#primaryimage\"},\"thumbnailUrl\":\"https:\/\/about.fb.com\/de\/wp-content\/uploads\/sites\/10\/2021\/03\/Header_FB-1.jpg?fit=4000%2C2250\",\"datePublished\":\"2021-03-02T10:39:28+00:00\",\"breadcrumb\":{\"@id\":\"https:\/\/about.fb.com\/de\/news\/2021\/03\/weltfrauentag\/#breadcrumb\"},\"inLanguage\":\"de-DE\",\"potentialAction\":[{\"@type\":\"ReadAction\",\"target\":[\"https:\/\/about.fb.com\/de\/news\/2021\/03\/weltfrauentag\/\"]}],\"author\":\"\u00dcber Meta\"},{\"@type\":\"ImageObject\",\"inLanguage\":\"de-DE\",\"@id\":\"https:\/\/about.fb.com\/de\/news\/2021\/03\/weltfrauentag\/#primaryimage\",\"url\":\"https:\/\/about.fb.com\/de\/wp-content\/uploads\/sites\/10\/2021\/03\/Header_FB-1.jpg?fit=4000%2C2250\",\"contentUrl\":\"https:\/\/about.fb.com\/de\/wp-content\/uploads\/sites\/10\/2021\/03\/Header_FB-1.jpg?fit=4000%2C2250\",\"width\":4000,\"height\":2250},{\"@type\":\"BreadcrumbList\",\"@id\":\"https:\/\/about.fb.com\/de\/news\/2021\/03\/weltfrauentag\/#breadcrumb\",\"itemListElement\":[{\"@type\":\"ListItem\",\"position\":1,\"name\":\"Home\",\"item\":\"https:\/\/about.fb.com\/de\/\"},{\"@type\":\"ListItem\",\"position\":2,\"name\":\"Weltfrauentag: Wie Frauen Facebook nutzen, um Gutes zu tun\"}]},{\"@type\":\"WebSite\",\"@id\":\"https:\/\/about.fb.com\/de\/#website\",\"url\":\"https:\/\/about.fb.com\/news\/\",\"name\":\"\u00dcber Meta\",\"description\":\"\",\"publisher\":{\"@id\":\"https:\/\/about.fb.com\/de\/#organization\"},\"potentialAction\":[{\"@type\":\"SearchAction\",\"target\":{\"@type\":\"EntryPoint\",\"urlTemplate\":\"https:\/\/about.fb.com\/de\/?s={search_term_string}\"},\"query-input\":{\"@type\":\"PropertyValueSpecification\",\"valueRequired\":true,\"valueName\":\"search_term_string\"}}],\"inLanguage\":\"de-DE\",\"alternateName\":[\"Meta Newsroom\",\"Meta\"]},{\"@type\":\"Organization\",\"@id\":\"https:\/\/about.fb.com\/de\/#organization\",\"name\":\"Meta\",\"url\":\"https:\/\/about.fb.com\/de\/\",\"logo\":{\"@type\":\"ImageObject\",\"inLanguage\":\"de-DE\",\"@id\":\"https:\/\/about.fb.com\/de\/#\/schema\/logo\/image\/\",\"url\":\"https:\/\/about.fb.com\/de\/wp-content\/uploads\/sites\/10\/2021\/10\/meta-social-16x9-1.jpg?fit=8000%2C4500\",\"contentUrl\":\"https:\/\/about.fb.com\/de\/wp-content\/uploads\/sites\/10\/2021\/10\/meta-social-16x9-1.jpg?fit=8000%2C4500\",\"width\":8000,\"height\":4500,\"caption\":\"Meta\"},\"image\":{\"@id\":\"https:\/\/about.fb.com\/de\/#\/schema\/logo\/image\/\"}}]}<\/script>\n<!-- \/ Yoast SEO plugin. -->","yoast_head_json":{"title":"Weltfrauentag: Wie Frauen Facebook nutzen, um Gutes zu tun | \u00dcber Meta","robots":{"index":"index","follow":"follow","max-snippet":"max-snippet:-1","max-image-preview":"max-image-preview:large","max-video-preview":"max-video-preview:-1"},"canonical":"https:\/\/about.fb.com\/de\/news\/2021\/03\/weltfrauentag\/","og_locale":"de_DE","og_type":"article","og_title":"Weltfrauentag: Wie Frauen Facebook nutzen, um Gutes zu tun | \u00dcber Meta","og_description":"Female Business-Networks, Elterngruppen, Fundraising: Besonders Frauen nutzen Social Media, um Gutes zu tun, positiven Wandel voran zu treiben und sich zu vernetzen. Einige dieser Frauen wollen wir anl\u00e4sslich des Weltfrauentags vorstellen.\u00a0 Trotz Gender-Pay-Gap: 64% aller Fundraisings auf Facebook in Deutschland werden von Frauen initiiert, insgesamt sind sie f\u00fcr 57% des Spendenvolumens verantwortlich. Auch in anderen Bereichen nutzen Frauen Social Media, um einen positiven Beitrag zu leisten. 65% aller Elterngruppen wurden in Deutschland von Frauen gegr\u00fcndet, die sich vor allem w\u00e4hrend der Corona-Pandemie gro\u00dfer Beliebtheit erfreuen. In den Gruppen tauschen sich Eltern vor allem \u00fcber Homeschooling, Freizeitbesch\u00e4ftigung mit Kindern und Erziehung aus. Beliebte Elterngruppen sind beispielsweise die Gruppen &#8222;Echte Mamas&#8220; oder\u00a0 &#8222;Abenteuer Familie &#8211; Leben mit Kindern&#8220;, die letztes Jahr auch den Smart Hero Award gewonnen haben.\u00a0 Ein wachsender Bereich, in dem sich Frauen in Gruppen vernetzen, sind Female Business Gruppen. In der &#8222;\ud83d\udcaa she-preneur Community (f\u00fcr selbstst\u00e4ndige Frauen)&#8220; von she-preneur Gr\u00fcnderin und Business-Strategin Tanja Lenke unterst\u00fctzen sich selbst\u00e4ndige Frauen gegenseitig bei ihren Unternehmungen. \u201eIch sehe immer wieder, dass selbstst\u00e4ndige Frauen allein vor sich hin arbeiten und sich viel zu wenig zutrauen. Mal abgesehen davon, dass viele tolle Business-Ideen nicht das Licht der Welt erblicken, ist es nicht einfach, allein voranzukommen und die Komfortzone immer wieder zu erweitern, um das eigene Business weiterzuentwickeln. In meiner Gruppe inspirieren und motivieren wir uns deshalb gegenseitig, tauschen uns t\u00e4glich zu solchen und anderen relevanten Themen aus und machen anderen Frauen Mut.&#8220;\u00a0\u00a0 Ein andere beliebte Gruppe ist &#8222;Madame Moneypenny &#8211; Finanzielle Unabh\u00e4ngigkeit f\u00fcr Frauen&#8220; von Natascha Wegelin, die mittlerweile \u00fcber 100.000 Mitglieder z\u00e4hlt.\u00a0 &#8222;African Nurses\/Pfleger in Deutschland&#8220; wurde von Rose Komarek gegr\u00fcndet. Die 32-J\u00e4hrige kam 2008 aus ihrem Heimatland Kenia nach Deutschland und arbeitet heute als Pflegerin in einem Krankenhaus. Es war nicht einfach f\u00fcr sie, eine Ausbildung zu bekommen: Sie erhielt viele Absagen, doch konnte dann alle Pr\u00fcfungen erfolgreich abschlie\u00dfen und schon vor dem Ausbildungsende einen Arbeitsvertrag unterschreiben.\u00a0&#8222;Ich habe mich gefragt, wie ich helfen kann&#8220;, begr\u00fcndet sie ihre Entscheidung vor 2 Jahren, eine Gruppe zu gr\u00fcnden. Zu dieser Zeit kannte sie 4 Pfleger*innen mit afrikanischen Wurzeln, heute ist sie mit 1800 Menschen in ihrer Gruppe vernetzt.\u00a0&#8222;Wir haben so viele positive Geschichten kreieren k\u00f6nnen \u2013 wir konnten viele Menschen ermutigen, sich um einen Ausbildungsplatz zu bem\u00fchen, viele die sich sonst nicht getraut h\u00e4tten es zu versuchen. Zusammen kann man H\u00fcrden \u00fcberwinden \u2013 wir haben Jobs vermittelt, bei Pr\u00fcfungen geholfen, unterst\u00fctzen bei dem Weg, ein Pflege-Business zu gr\u00fcnden. Das w\u00e4re alles nicht m\u00f6glich ohne unsere Facebook Gruppe.&#8220;\u00a0 Insgesamt sind 26 Millionen Menschen in Deutschland monatlich in Gruppen aktiv. Auf unserer Facebook Seite stellen wir am 8. M\u00e4rz weitere Frauen vor, die zu unserer hilfsbereiten, ermutigenden Gemeinschaft beitragen.","og_url":"https:\/\/about.fb.com\/de\/news\/2021\/03\/weltfrauentag\/","og_site_name":"\u00dcber Meta","article_published_time":"2021-03-02T10:39:28+00:00","og_image":[{"width":1024,"height":576,"url":"https:\/\/about.fb.com\/de\/wp-content\/uploads\/sites\/10\/2021\/03\/Header_FB-1.jpg?resize=1024,576","type":"image\/jpeg"}],"author":"fischerappelt","twitter_card":"summary_large_image","twitter_misc":{"Written by":"Meta","Est. reading time":"2 Minuten"},"schema":{"@context":"https:\/\/schema.org","@graph":[{"@type":"Article","@id":"https:\/\/about.fb.com\/de\/news\/2021\/03\/weltfrauentag\/#article","isPartOf":{"@id":"https:\/\/about.fb.com\/de\/news\/2021\/03\/weltfrauentag\/"},"author":"Facebook company","headline":"Weltfrauentag: Wie Frauen Facebook nutzen, um Gutes zu tun","datePublished":"2021-03-02T10:39:28+00:00","mainEntityOfPage":{"@id":"https:\/\/about.fb.com\/de\/news\/2021\/03\/weltfrauentag\/"},"wordCount":474,"publisher":{"@id":"https:\/\/about.fb.com\/de\/#organization"},"image":{"@id":"https:\/\/about.fb.com\/de\/news\/2021\/03\/weltfrauentag\/#primaryimage"},"thumbnailUrl":"https:\/\/about.fb.com\/de\/wp-content\/uploads\/sites\/10\/2021\/03\/Header_FB-1.jpg?fit=4000%2C2250","keywords":["Weltfrauentag"],"articleSection":["Facebook","Gruppen","Mache Facebook zu deinem Facebook","Mehr gemeinsam","Meta","Social Good","Spenden"],"inLanguage":"de-DE"},{"@type":"WebPage","@id":"https:\/\/about.fb.com\/de\/news\/2021\/03\/weltfrauentag\/","url":"https:\/\/about.fb.com\/de\/news\/2021\/03\/weltfrauentag\/","name":"Weltfrauentag: Wie Frauen Facebook nutzen, um Gutes zu tun | \u00dcber Meta","isPartOf":{"@id":"https:\/\/about.fb.com\/de\/#website"},"primaryImageOfPage":{"@id":"https:\/\/about.fb.com\/de\/news\/2021\/03\/weltfrauentag\/#primaryimage"},"image":{"@id":"https:\/\/about.fb.com\/de\/news\/2021\/03\/weltfrauentag\/#primaryimage"},"thumbnailUrl":"https:\/\/about.fb.com\/de\/wp-content\/uploads\/sites\/10\/2021\/03\/Header_FB-1.jpg?fit=4000%2C2250","datePublished":"2021-03-02T10:39:28+00:00","breadcrumb":{"@id":"https:\/\/about.fb.com\/de\/news\/2021\/03\/weltfrauentag\/#breadcrumb"},"inLanguage":"de-DE","potentialAction":[{"@type":"ReadAction","target":["https:\/\/about.fb.com\/de\/news\/2021\/03\/weltfrauentag\/"]}],"author":"\u00dcber Meta"},{"@type":"ImageObject","inLanguage":"de-DE","@id":"https:\/\/about.fb.com\/de\/news\/2021\/03\/weltfrauentag\/#primaryimage","url":"https:\/\/about.fb.com\/de\/wp-content\/uploads\/sites\/10\/2021\/03\/Header_FB-1.jpg?fit=4000%2C2250","contentUrl":"https:\/\/about.fb.com\/de\/wp-content\/uploads\/sites\/10\/2021\/03\/Header_FB-1.jpg?fit=4000%2C2250","width":4000,"height":2250},{"@type":"BreadcrumbList","@id":"https:\/\/about.fb.com\/de\/news\/2021\/03\/weltfrauentag\/#breadcrumb","itemListElement":[{"@type":"ListItem","position":1,"name":"Home","item":"https:\/\/about.fb.com\/de\/"},{"@type":"ListItem","position":2,"name":"Weltfrauentag: Wie Frauen Facebook nutzen, um Gutes zu tun"}]},{"@type":"WebSite","@id":"https:\/\/about.fb.com\/de\/#website","url":"https:\/\/about.fb.com\/news\/","name":"\u00dcber Meta","description":"","publisher":{"@id":"https:\/\/about.fb.com\/de\/#organization"},"potentialAction":[{"@type":"SearchAction","target":{"@type":"EntryPoint","urlTemplate":"https:\/\/about.fb.com\/de\/?s={search_term_string}"},"query-input":{"@type":"PropertyValueSpecification","valueRequired":true,"valueName":"search_term_string"}}],"inLanguage":"de-DE","alternateName":["Meta Newsroom","Meta"]},{"@type":"Organization","@id":"https:\/\/about.fb.com\/de\/#organization","name":"Meta","url":"https:\/\/about.fb.com\/de\/","logo":{"@type":"ImageObject","inLanguage":"de-DE","@id":"https:\/\/about.fb.com\/de\/#\/schema\/logo\/image\/","url":"https:\/\/about.fb.com\/de\/wp-content\/uploads\/sites\/10\/2021\/10\/meta-social-16x9-1.jpg?fit=8000%2C4500","contentUrl":"https:\/\/about.fb.com\/de\/wp-content\/uploads\/sites\/10\/2021\/10\/meta-social-16x9-1.jpg?fit=8000%2C4500","width":8000,"height":4500,"caption":"Meta"},"image":{"@id":"https:\/\/about.fb.com\/de\/#\/schema\/logo\/image\/"}}]}},"jetpack_featured_media_url":"https:\/\/about.fb.com\/de\/wp-content\/uploads\/sites\/10\/2021\/03\/Header_FB-1.jpg?fit=4000%2C2250","jetpack-related-posts":[],"jetpack_sharing_enabled":true,"amp_enabled":true,"_links":{"self":[{"href":"https:\/\/about.fb.com\/de\/wp-json\/wp\/v2\/posts\/25695","targetHints":{"allow":["GET"]}}],"collection":[{"href":"https:\/\/about.fb.com\/de\/wp-json\/wp\/v2\/posts"}],"about":[{"href":"https:\/\/about.fb.com\/de\/wp-json\/wp\/v2\/types\/post"}],"author":[{"embeddable":true,"href":"https:\/\/about.fb.com\/de\/wp-json\/wp\/v2\/users\/164097135"}],"replies":[{"embeddable":true,"href":"https:\/\/about.fb.com\/de\/wp-json\/wp\/v2\/comments?post=25695"}],"version-history":[{"count":2,"href":"https:\/\/about.fb.com\/de\/wp-json\/wp\/v2\/posts\/25695\/revisions"}],"predecessor-version":[{"id":25698,"href":"https:\/\/about.fb.com\/de\/wp-json\/wp\/v2\/posts\/25695\/revisions\/25698"}],"wp:featuredmedia":[{"embeddable":true,"href":"https:\/\/about.fb.com\/de\/wp-json\/wp\/v2\/media\/25697"}],"wp:attachment":[{"href":"https:\/\/about.fb.com\/de\/wp-json\/wp\/v2\/media?parent=25695"}],"wp:term":[{"taxonomy":"category","embeddable":true,"href":"https:\/\/about.fb.com\/de\/wp-json\/wp\/v2\/categories?post=25695"},{"taxonomy":"post_tag","embeddable":true,"href":"https:\/\/about.fb.com\/de\/wp-json\/wp\/v2\/tags?post=25695"}],"curies":[{"name":"wp","href":"https:\/\/api.w.org\/{rel}","templated":true}]}}