{"id":25633,"date":"2021-02-11T14:08:56","date_gmt":"2021-02-11T13:08:56","guid":{"rendered":"https:\/\/about.fb.com\/de\/?p=25633"},"modified":"2021-06-04T08:11:18","modified_gmt":"2021-06-04T07:11:18","slug":"registrierung-fuer-journalisten-jetzt-auch-in-deutschland","status":"publish","type":"post","link":"https:\/\/about.fb.com\/de\/news\/2021\/02\/registrierung-fuer-journalisten-jetzt-auch-in-deutschland\/","title":{"rendered":"Registrierung f\u00fcr Journalist*innen &#8211; jetzt auch in Deutschland"},"content":{"rendered":"<p><span style=\"font-weight: 400\">Der Journalismus ist ein fundamentaler Bestandteil unserer demokratischen, offenen Gesellschaft. Journalist*innen informieren uns, ordnen ein, hinterfragen kritisch &#8211; und tragen damit entscheidend zur Meinungsbildung bei. Gleichzeitig sind sie gerade aufgrund dieser T\u00e4tigkeit h\u00e4ufig Bedrohungen ausgesetzt, nicht nur in der realen Welt, sondern auch online.\u00a0<\/span><\/p>\n<p><span style=\"font-weight: 400\">Wir m\u00f6chten dazu beitragen, Journalist*innen online besser zu sch\u00fctzen. Deswegen haben wir im vergangenen Jahr in einigen L\u00e4ndern die M\u00f6glichkeit eingef\u00fchrt, dass Journalist*innen sich mit ihrem privaten Facebook-Profil <\/span><a href=\"https:\/\/l.facebook.com\/l.php?u=https%3A%2F%2Fwww.fb.me%2FJournalistRegistration%3Ffbclid%3DIwAR160wo4nirveAX076pj4ZKC9GNkSvAuc-cTnpAXom7jfLIwNRwoF2PdIeE&amp;h=AT2ewiNPP566tPSKr-UN7vJUBjprpRYfB1t_FsQRrX9Oh1b9rvzihUwwHxFNAnSxBBrFuFCxnDRguR5pbmFiBK5IA3atsaIVjiNsuYXvgar5hcdntUKt7Rh_bfZUpzVvNp-VYzcP11hocVtSXR4\" target=\"_blank\" rel=\"noopener\"><span style=\"font-weight: 400\">registrieren<\/span><\/a><span style=\"font-weight: 400\"> k\u00f6nnen, wenn sie f\u00fcr eine Nachrichtenorganisation arbeiten, die <\/span><a href=\"https:\/\/www.facebook.com\/business\/help\/316333835842972\" target=\"_blank\" rel=\"noopener\"><span style=\"font-weight: 400\">als Nachrichtenseite auf Facebook registriert ist<\/span><\/a><span style=\"font-weight: 400\">. Damit erhalten sie Zugriff auf verst\u00e4rkte Sicherheitsfunktionen, die ihre Informationen und Online-Pr\u00e4senz auf Facebook gegen Bel\u00e4stigung und potenzielle Hacking-Angriffe sch\u00fctzen.\u00a0<\/span><\/p>\n<p><span style=\"font-weight: 400\">Ab sofort ist die Registrierung f\u00fcr Journalist*innen auch in Deutschland m\u00f6glich, sowohl f\u00fcr festangestellte als auch f\u00fcr freiberufliche Journalist*innen. Insgesamt wurde die Registrierung auf 12 europ\u00e4ische L\u00e4nder ausgeweitet sowie um weitere Funktionen erg\u00e4nzt: Registrierte Journalist*innen k\u00f6nnen diese Sicherheitsfunktionen zus\u00e4tzlich zu ihrem Facebook-Profil auch f\u00fcr ihr Instagram-Konto freischalten. Sollten sie daf\u00fcr berechtigt sein, erhalten sie zudem einen Zugang zur<\/span><a href=\"https:\/\/www.crowdtangle.com\/\" target=\"_blank\" rel=\"noopener\"><span style=\"font-weight: 400\"> CrowdTangle<\/span><\/a><span style=\"font-weight: 400\">-Suche und haben die M\u00f6glichkeit, ein blaues Verifizierungsabzeichen f\u00fcr ihr Facebook-Konto zu beantragen.\u00a0<\/span><\/p>\n<p><b>Anforderungen<\/b><\/p>\n<p><span style=\"font-weight: 400\">Die Registrierung ist freiwillig. Journalist*innen k\u00f6nnen sich registrieren, wenn sie bestimmte Kriterien erf\u00fcllen. Mehr zu den Anforderungen und den L\u00e4ndern, in denen wir diese Registrierung anbieten, finden Sie auf der <a href=\"https:\/\/www.facebook.com\/journalismproject\/journalist-registration-facebook\" target=\"_blank\" rel=\"noopener\">Website des Facebook Journalism Projects<\/a><\/span><span style=\"font-weight: 400\">.\u00a0<\/span><\/p>\n<p><span style=\"font-weight: 400\">Die Registrierung ist ein erster Schritt, um Journalist*innen auf unseren Plattformen st\u00e4rker zu unterst\u00fctzen. K\u00fcnftig werden wir registrierten Journalist*innen zus\u00e4tzliche Vorteile, Tools und Funktionen zur Verf\u00fcgung stellen. Wir arbeiten weiterhin mit Nachrichtenorganisationen, Forschern und der Branche zusammen, um unser Angebot kontinuierlich weiterzuentwickeln.\u00a0<\/span><\/p>\n","protected":false},"excerpt":{"rendered":"Der Journalismus ist ein fundamentaler Bestandteil unserer demokratischen, offenen Gesellschaft. Journalist*innen informieren uns, ordnen ein, hinterfragen kritisch &#8211; und tragen damit entscheidend zur Meinungsbildung bei. Gleichzeitig sind sie gerade aufgrund dieser T\u00e4tigkeit h\u00e4ufig Bedrohungen ausgesetzt, nicht nur in der realen Welt, sondern auch online.\u00a0 Wir m\u00f6chten dazu beitragen, Journalist*innen online besser zu sch\u00fctzen. Deswegen haben wir im vergangenen Jahr in einigen L\u00e4ndern die M\u00f6glichkeit eingef\u00fchrt, dass Journalist*innen sich mit ihrem privaten Facebook-Profil registrieren k\u00f6nnen, wenn sie f\u00fcr eine Nachrichtenorganisation arbeiten, die als Nachrichtenseite auf Facebook registriert ist. Damit erhalten sie Zugriff auf verst\u00e4rkte Sicherheitsfunktionen, die ihre Informationen und Online-Pr\u00e4senz auf Facebook gegen Bel\u00e4stigung und potenzielle Hacking-Angriffe sch\u00fctzen.\u00a0 Ab sofort ist die Registrierung f\u00fcr Journalist*innen auch in Deutschland m\u00f6glich, sowohl f\u00fcr festangestellte als auch f\u00fcr freiberufliche Journalist*innen. Insgesamt wurde die Registrierung auf 12 europ\u00e4ische L\u00e4nder ausgeweitet sowie um weitere Funktionen erg\u00e4nzt: Registrierte Journalist*innen k\u00f6nnen diese Sicherheitsfunktionen zus\u00e4tzlich zu ihrem Facebook-Profil auch f\u00fcr ihr Instagram-Konto freischalten. Sollten sie daf\u00fcr berechtigt sein, erhalten sie zudem einen Zugang zur CrowdTangle-Suche und haben die M\u00f6glichkeit, ein blaues Verifizierungsabzeichen f\u00fcr ihr Facebook-Konto zu beantragen.\u00a0 Anforderungen Die Registrierung ist freiwillig. Journalist*innen k\u00f6nnen sich registrieren, wenn sie bestimmte Kriterien erf\u00fcllen. Mehr zu den Anforderungen und den L\u00e4ndern, in denen wir diese Registrierung anbieten, finden Sie auf der Website des Facebook Journalism Projects.\u00a0 Die Registrierung ist ein erster Schritt, um Journalist*innen auf unseren Plattformen st\u00e4rker zu unterst\u00fctzen. K\u00fcnftig werden wir registrierten Journalist*innen zus\u00e4tzliche Vorteile, Tools und Funktionen zur Verf\u00fcgung stellen. Wir arbeiten weiterhin mit Nachrichtenorganisationen, Forschern und der Branche zusammen, um unser Angebot kontinuierlich weiterzuentwickeln.\u00a0","protected":false},"author":116743763,"featured_media":25634,"comment_status":"closed","ping_status":"closed","sticky":false,"template":"","format":"standard","meta":{"_jetpack_memberships_contains_paid_content":false,"footnotes":""},"categories":[555973479,555973611,555973480,555973442,243889734,555973258],"tags":[],"class_list":["post-25633","post","type-post","status-publish","format-standard","has-post-thumbnail","hentry","category-facebook-app","category-urheberschutz","category-instagram","category-meta","category-produktnachrichten","category-sicherheit-und-privatsphaere"],"yoast_head":"<!-- This site is optimized with the Yoast SEO plugin v27.2 - https:\/\/yoast.com\/product\/yoast-seo-wordpress\/ -->\n<title>Registrierung f\u00fcr Journalist*innen - jetzt auch in Deutschland | \u00dcber Meta<\/title>\n<meta name=\"robots\" content=\"index, follow, max-snippet:-1, max-image-preview:large, max-video-preview:-1\" \/>\n<link rel=\"canonical\" href=\"https:\/\/about.fb.com\/de\/news\/2021\/02\/registrierung-fuer-journalisten-jetzt-auch-in-deutschland\/\" \/>\n<meta property=\"og:locale\" content=\"de_DE\" \/>\n<meta property=\"og:type\" content=\"article\" \/>\n<meta property=\"og:title\" content=\"Registrierung f\u00fcr Journalist*innen - jetzt auch in Deutschland | \u00dcber Meta\" \/>\n<meta property=\"og:description\" content=\"Der Journalismus ist ein fundamentaler Bestandteil unserer demokratischen, offenen Gesellschaft. Journalist*innen informieren uns, ordnen ein, hinterfragen kritisch &#8211; und tragen damit entscheidend zur Meinungsbildung bei. Gleichzeitig sind sie gerade aufgrund dieser T\u00e4tigkeit h\u00e4ufig Bedrohungen ausgesetzt, nicht nur in der realen Welt, sondern auch online.\u00a0 Wir m\u00f6chten dazu beitragen, Journalist*innen online besser zu sch\u00fctzen. Deswegen haben wir im vergangenen Jahr in einigen L\u00e4ndern die M\u00f6glichkeit eingef\u00fchrt, dass Journalist*innen sich mit ihrem privaten Facebook-Profil registrieren k\u00f6nnen, wenn sie f\u00fcr eine Nachrichtenorganisation arbeiten, die als Nachrichtenseite auf Facebook registriert ist. Damit erhalten sie Zugriff auf verst\u00e4rkte Sicherheitsfunktionen, die ihre Informationen und Online-Pr\u00e4senz auf Facebook gegen Bel\u00e4stigung und potenzielle Hacking-Angriffe sch\u00fctzen.\u00a0 Ab sofort ist die Registrierung f\u00fcr Journalist*innen auch in Deutschland m\u00f6glich, sowohl f\u00fcr festangestellte als auch f\u00fcr freiberufliche Journalist*innen. Insgesamt wurde die Registrierung auf 12 europ\u00e4ische L\u00e4nder ausgeweitet sowie um weitere Funktionen erg\u00e4nzt: Registrierte Journalist*innen k\u00f6nnen diese Sicherheitsfunktionen zus\u00e4tzlich zu ihrem Facebook-Profil auch f\u00fcr ihr Instagram-Konto freischalten. Sollten sie daf\u00fcr berechtigt sein, erhalten sie zudem einen Zugang zur CrowdTangle-Suche und haben die M\u00f6glichkeit, ein blaues Verifizierungsabzeichen f\u00fcr ihr Facebook-Konto zu beantragen.\u00a0 Anforderungen Die Registrierung ist freiwillig. Journalist*innen k\u00f6nnen sich registrieren, wenn sie bestimmte Kriterien erf\u00fcllen. Mehr zu den Anforderungen und den L\u00e4ndern, in denen wir diese Registrierung anbieten, finden Sie auf der Website des Facebook Journalism Projects.\u00a0 Die Registrierung ist ein erster Schritt, um Journalist*innen auf unseren Plattformen st\u00e4rker zu unterst\u00fctzen. K\u00fcnftig werden wir registrierten Journalist*innen zus\u00e4tzliche Vorteile, Tools und Funktionen zur Verf\u00fcgung stellen. Wir arbeiten weiterhin mit Nachrichtenorganisationen, Forschern und der Branche zusammen, um unser Angebot kontinuierlich weiterzuentwickeln.\u00a0\" \/>\n<meta property=\"og:url\" content=\"https:\/\/about.fb.com\/de\/news\/2021\/02\/registrierung-fuer-journalisten-jetzt-auch-in-deutschland\/\" \/>\n<meta property=\"og:site_name\" content=\"\u00dcber Meta\" \/>\n<meta property=\"article:published_time\" content=\"2021-02-11T13:08:56+00:00\" \/>\n<meta property=\"article:modified_time\" content=\"2021-06-04T07:11:18+00:00\" \/>\n<meta property=\"og:image\" content=\"https:\/\/about.fb.com\/de\/wp-content\/uploads\/sites\/10\/2021\/02\/Woman-Smartphone.jpg?resize=1024,585\" \/>\n\t<meta property=\"og:image:width\" content=\"1024\" \/>\n\t<meta property=\"og:image:height\" content=\"585\" \/>\n\t<meta property=\"og:image:type\" content=\"image\/jpeg\" \/>\n<meta name=\"author\" content=\"Trilligent\" \/>\n<meta name=\"twitter:card\" content=\"summary_large_image\" \/>\n<meta name=\"twitter:label1\" content=\"Written by\" \/>\n\t<meta name=\"twitter:data1\" content=\"Meta\" \/>\n\t<meta name=\"twitter:label2\" content=\"Est. reading time\" \/>\n\t<meta name=\"twitter:data2\" content=\"2 Minuten\" \/>\n<script type=\"application\/ld+json\" class=\"yoast-schema-graph\">{\"@context\":\"https:\/\/schema.org\",\"@graph\":[{\"@type\":\"Article\",\"@id\":\"https:\/\/about.fb.com\/de\/news\/2021\/02\/registrierung-fuer-journalisten-jetzt-auch-in-deutschland\/#article\",\"isPartOf\":{\"@id\":\"https:\/\/about.fb.com\/de\/news\/2021\/02\/registrierung-fuer-journalisten-jetzt-auch-in-deutschland\/\"},\"author\":\"Facebook company\",\"headline\":\"Registrierung f\u00fcr Journalist*innen &#8211; jetzt auch in Deutschland\",\"datePublished\":\"2021-02-11T13:08:56+00:00\",\"dateModified\":\"2021-06-04T07:11:18+00:00\",\"mainEntityOfPage\":{\"@id\":\"https:\/\/about.fb.com\/de\/news\/2021\/02\/registrierung-fuer-journalisten-jetzt-auch-in-deutschland\/\"},\"wordCount\":309,\"publisher\":{\"@id\":\"https:\/\/about.fb.com\/de\/#organization\"},\"image\":{\"@id\":\"https:\/\/about.fb.com\/de\/news\/2021\/02\/registrierung-fuer-journalisten-jetzt-auch-in-deutschland\/#primaryimage\"},\"thumbnailUrl\":\"https:\/\/about.fb.com\/de\/wp-content\/uploads\/sites\/10\/2021\/02\/Woman-Smartphone.jpg?fit=1890%2C1080\",\"articleSection\":[\"Facebook\",\"Facebook unterst\u00fctzt die Verlags- und Kreativbranche\",\"Instagram\",\"Meta\",\"Produktnachrichten\",\"Sicherheit und Privatsph\u00e4re\"],\"inLanguage\":\"de-DE\"},{\"@type\":\"WebPage\",\"@id\":\"https:\/\/about.fb.com\/de\/news\/2021\/02\/registrierung-fuer-journalisten-jetzt-auch-in-deutschland\/\",\"url\":\"https:\/\/about.fb.com\/de\/news\/2021\/02\/registrierung-fuer-journalisten-jetzt-auch-in-deutschland\/\",\"name\":\"Registrierung f\u00fcr Journalist*innen - jetzt auch in Deutschland | \u00dcber Meta\",\"isPartOf\":{\"@id\":\"https:\/\/about.fb.com\/de\/#website\"},\"primaryImageOfPage\":{\"@id\":\"https:\/\/about.fb.com\/de\/news\/2021\/02\/registrierung-fuer-journalisten-jetzt-auch-in-deutschland\/#primaryimage\"},\"image\":{\"@id\":\"https:\/\/about.fb.com\/de\/news\/2021\/02\/registrierung-fuer-journalisten-jetzt-auch-in-deutschland\/#primaryimage\"},\"thumbnailUrl\":\"https:\/\/about.fb.com\/de\/wp-content\/uploads\/sites\/10\/2021\/02\/Woman-Smartphone.jpg?fit=1890%2C1080\",\"datePublished\":\"2021-02-11T13:08:56+00:00\",\"dateModified\":\"2021-06-04T07:11:18+00:00\",\"breadcrumb\":{\"@id\":\"https:\/\/about.fb.com\/de\/news\/2021\/02\/registrierung-fuer-journalisten-jetzt-auch-in-deutschland\/#breadcrumb\"},\"inLanguage\":\"de-DE\",\"potentialAction\":[{\"@type\":\"ReadAction\",\"target\":[\"https:\/\/about.fb.com\/de\/news\/2021\/02\/registrierung-fuer-journalisten-jetzt-auch-in-deutschland\/\"]}],\"author\":\"\u00dcber Meta\"},{\"@type\":\"ImageObject\",\"inLanguage\":\"de-DE\",\"@id\":\"https:\/\/about.fb.com\/de\/news\/2021\/02\/registrierung-fuer-journalisten-jetzt-auch-in-deutschland\/#primaryimage\",\"url\":\"https:\/\/about.fb.com\/de\/wp-content\/uploads\/sites\/10\/2021\/02\/Woman-Smartphone.jpg?fit=1890%2C1080\",\"contentUrl\":\"https:\/\/about.fb.com\/de\/wp-content\/uploads\/sites\/10\/2021\/02\/Woman-Smartphone.jpg?fit=1890%2C1080\",\"width\":1890,\"height\":1080},{\"@type\":\"BreadcrumbList\",\"@id\":\"https:\/\/about.fb.com\/de\/news\/2021\/02\/registrierung-fuer-journalisten-jetzt-auch-in-deutschland\/#breadcrumb\",\"itemListElement\":[{\"@type\":\"ListItem\",\"position\":1,\"name\":\"Home\",\"item\":\"https:\/\/about.fb.com\/de\/\"},{\"@type\":\"ListItem\",\"position\":2,\"name\":\"Registrierung f\u00fcr Journalist*innen &#8211; jetzt auch in Deutschland\"}]},{\"@type\":\"WebSite\",\"@id\":\"https:\/\/about.fb.com\/de\/#website\",\"url\":\"https:\/\/about.fb.com\/news\/\",\"name\":\"\u00dcber Meta\",\"description\":\"\",\"publisher\":{\"@id\":\"https:\/\/about.fb.com\/de\/#organization\"},\"potentialAction\":[{\"@type\":\"SearchAction\",\"target\":{\"@type\":\"EntryPoint\",\"urlTemplate\":\"https:\/\/about.fb.com\/de\/?s={search_term_string}\"},\"query-input\":{\"@type\":\"PropertyValueSpecification\",\"valueRequired\":true,\"valueName\":\"search_term_string\"}}],\"inLanguage\":\"de-DE\",\"alternateName\":[\"Meta Newsroom\",\"Meta\"]},{\"@type\":\"Organization\",\"@id\":\"https:\/\/about.fb.com\/de\/#organization\",\"name\":\"Meta\",\"url\":\"https:\/\/about.fb.com\/de\/\",\"logo\":{\"@type\":\"ImageObject\",\"inLanguage\":\"de-DE\",\"@id\":\"https:\/\/about.fb.com\/de\/#\/schema\/logo\/image\/\",\"url\":\"https:\/\/about.fb.com\/de\/wp-content\/uploads\/sites\/10\/2021\/10\/meta-social-16x9-1.jpg?fit=8000%2C4500\",\"contentUrl\":\"https:\/\/about.fb.com\/de\/wp-content\/uploads\/sites\/10\/2021\/10\/meta-social-16x9-1.jpg?fit=8000%2C4500\",\"width\":8000,\"height\":4500,\"caption\":\"Meta\"},\"image\":{\"@id\":\"https:\/\/about.fb.com\/de\/#\/schema\/logo\/image\/\"}}]}<\/script>\n<!-- \/ Yoast SEO plugin. -->","yoast_head_json":{"title":"Registrierung f\u00fcr Journalist*innen - jetzt auch in Deutschland | \u00dcber Meta","robots":{"index":"index","follow":"follow","max-snippet":"max-snippet:-1","max-image-preview":"max-image-preview:large","max-video-preview":"max-video-preview:-1"},"canonical":"https:\/\/about.fb.com\/de\/news\/2021\/02\/registrierung-fuer-journalisten-jetzt-auch-in-deutschland\/","og_locale":"de_DE","og_type":"article","og_title":"Registrierung f\u00fcr Journalist*innen - jetzt auch in Deutschland | \u00dcber Meta","og_description":"Der Journalismus ist ein fundamentaler Bestandteil unserer demokratischen, offenen Gesellschaft. Journalist*innen informieren uns, ordnen ein, hinterfragen kritisch &#8211; und tragen damit entscheidend zur Meinungsbildung bei. Gleichzeitig sind sie gerade aufgrund dieser T\u00e4tigkeit h\u00e4ufig Bedrohungen ausgesetzt, nicht nur in der realen Welt, sondern auch online.\u00a0 Wir m\u00f6chten dazu beitragen, Journalist*innen online besser zu sch\u00fctzen. Deswegen haben wir im vergangenen Jahr in einigen L\u00e4ndern die M\u00f6glichkeit eingef\u00fchrt, dass Journalist*innen sich mit ihrem privaten Facebook-Profil registrieren k\u00f6nnen, wenn sie f\u00fcr eine Nachrichtenorganisation arbeiten, die als Nachrichtenseite auf Facebook registriert ist. Damit erhalten sie Zugriff auf verst\u00e4rkte Sicherheitsfunktionen, die ihre Informationen und Online-Pr\u00e4senz auf Facebook gegen Bel\u00e4stigung und potenzielle Hacking-Angriffe sch\u00fctzen.\u00a0 Ab sofort ist die Registrierung f\u00fcr Journalist*innen auch in Deutschland m\u00f6glich, sowohl f\u00fcr festangestellte als auch f\u00fcr freiberufliche Journalist*innen. Insgesamt wurde die Registrierung auf 12 europ\u00e4ische L\u00e4nder ausgeweitet sowie um weitere Funktionen erg\u00e4nzt: Registrierte Journalist*innen k\u00f6nnen diese Sicherheitsfunktionen zus\u00e4tzlich zu ihrem Facebook-Profil auch f\u00fcr ihr Instagram-Konto freischalten. Sollten sie daf\u00fcr berechtigt sein, erhalten sie zudem einen Zugang zur CrowdTangle-Suche und haben die M\u00f6glichkeit, ein blaues Verifizierungsabzeichen f\u00fcr ihr Facebook-Konto zu beantragen.\u00a0 Anforderungen Die Registrierung ist freiwillig. Journalist*innen k\u00f6nnen sich registrieren, wenn sie bestimmte Kriterien erf\u00fcllen. Mehr zu den Anforderungen und den L\u00e4ndern, in denen wir diese Registrierung anbieten, finden Sie auf der Website des Facebook Journalism Projects.\u00a0 Die Registrierung ist ein erster Schritt, um Journalist*innen auf unseren Plattformen st\u00e4rker zu unterst\u00fctzen. K\u00fcnftig werden wir registrierten Journalist*innen zus\u00e4tzliche Vorteile, Tools und Funktionen zur Verf\u00fcgung stellen. Wir arbeiten weiterhin mit Nachrichtenorganisationen, Forschern und der Branche zusammen, um unser Angebot kontinuierlich weiterzuentwickeln.\u00a0","og_url":"https:\/\/about.fb.com\/de\/news\/2021\/02\/registrierung-fuer-journalisten-jetzt-auch-in-deutschland\/","og_site_name":"\u00dcber Meta","article_published_time":"2021-02-11T13:08:56+00:00","article_modified_time":"2021-06-04T07:11:18+00:00","og_image":[{"width":1024,"height":585,"url":"https:\/\/about.fb.com\/de\/wp-content\/uploads\/sites\/10\/2021\/02\/Woman-Smartphone.jpg?resize=1024,585","type":"image\/jpeg"}],"author":"Trilligent","twitter_card":"summary_large_image","twitter_misc":{"Written by":"Meta","Est. reading time":"2 Minuten"},"schema":{"@context":"https:\/\/schema.org","@graph":[{"@type":"Article","@id":"https:\/\/about.fb.com\/de\/news\/2021\/02\/registrierung-fuer-journalisten-jetzt-auch-in-deutschland\/#article","isPartOf":{"@id":"https:\/\/about.fb.com\/de\/news\/2021\/02\/registrierung-fuer-journalisten-jetzt-auch-in-deutschland\/"},"author":"Facebook company","headline":"Registrierung f\u00fcr Journalist*innen &#8211; jetzt auch in Deutschland","datePublished":"2021-02-11T13:08:56+00:00","dateModified":"2021-06-04T07:11:18+00:00","mainEntityOfPage":{"@id":"https:\/\/about.fb.com\/de\/news\/2021\/02\/registrierung-fuer-journalisten-jetzt-auch-in-deutschland\/"},"wordCount":309,"publisher":{"@id":"https:\/\/about.fb.com\/de\/#organization"},"image":{"@id":"https:\/\/about.fb.com\/de\/news\/2021\/02\/registrierung-fuer-journalisten-jetzt-auch-in-deutschland\/#primaryimage"},"thumbnailUrl":"https:\/\/about.fb.com\/de\/wp-content\/uploads\/sites\/10\/2021\/02\/Woman-Smartphone.jpg?fit=1890%2C1080","articleSection":["Facebook","Facebook unterst\u00fctzt die Verlags- und Kreativbranche","Instagram","Meta","Produktnachrichten","Sicherheit und Privatsph\u00e4re"],"inLanguage":"de-DE"},{"@type":"WebPage","@id":"https:\/\/about.fb.com\/de\/news\/2021\/02\/registrierung-fuer-journalisten-jetzt-auch-in-deutschland\/","url":"https:\/\/about.fb.com\/de\/news\/2021\/02\/registrierung-fuer-journalisten-jetzt-auch-in-deutschland\/","name":"Registrierung f\u00fcr Journalist*innen - jetzt auch in Deutschland | \u00dcber Meta","isPartOf":{"@id":"https:\/\/about.fb.com\/de\/#website"},"primaryImageOfPage":{"@id":"https:\/\/about.fb.com\/de\/news\/2021\/02\/registrierung-fuer-journalisten-jetzt-auch-in-deutschland\/#primaryimage"},"image":{"@id":"https:\/\/about.fb.com\/de\/news\/2021\/02\/registrierung-fuer-journalisten-jetzt-auch-in-deutschland\/#primaryimage"},"thumbnailUrl":"https:\/\/about.fb.com\/de\/wp-content\/uploads\/sites\/10\/2021\/02\/Woman-Smartphone.jpg?fit=1890%2C1080","datePublished":"2021-02-11T13:08:56+00:00","dateModified":"2021-06-04T07:11:18+00:00","breadcrumb":{"@id":"https:\/\/about.fb.com\/de\/news\/2021\/02\/registrierung-fuer-journalisten-jetzt-auch-in-deutschland\/#breadcrumb"},"inLanguage":"de-DE","potentialAction":[{"@type":"ReadAction","target":["https:\/\/about.fb.com\/de\/news\/2021\/02\/registrierung-fuer-journalisten-jetzt-auch-in-deutschland\/"]}],"author":"\u00dcber Meta"},{"@type":"ImageObject","inLanguage":"de-DE","@id":"https:\/\/about.fb.com\/de\/news\/2021\/02\/registrierung-fuer-journalisten-jetzt-auch-in-deutschland\/#primaryimage","url":"https:\/\/about.fb.com\/de\/wp-content\/uploads\/sites\/10\/2021\/02\/Woman-Smartphone.jpg?fit=1890%2C1080","contentUrl":"https:\/\/about.fb.com\/de\/wp-content\/uploads\/sites\/10\/2021\/02\/Woman-Smartphone.jpg?fit=1890%2C1080","width":1890,"height":1080},{"@type":"BreadcrumbList","@id":"https:\/\/about.fb.com\/de\/news\/2021\/02\/registrierung-fuer-journalisten-jetzt-auch-in-deutschland\/#breadcrumb","itemListElement":[{"@type":"ListItem","position":1,"name":"Home","item":"https:\/\/about.fb.com\/de\/"},{"@type":"ListItem","position":2,"name":"Registrierung f\u00fcr Journalist*innen &#8211; jetzt auch in Deutschland"}]},{"@type":"WebSite","@id":"https:\/\/about.fb.com\/de\/#website","url":"https:\/\/about.fb.com\/news\/","name":"\u00dcber Meta","description":"","publisher":{"@id":"https:\/\/about.fb.com\/de\/#organization"},"potentialAction":[{"@type":"SearchAction","target":{"@type":"EntryPoint","urlTemplate":"https:\/\/about.fb.com\/de\/?s={search_term_string}"},"query-input":{"@type":"PropertyValueSpecification","valueRequired":true,"valueName":"search_term_string"}}],"inLanguage":"de-DE","alternateName":["Meta Newsroom","Meta"]},{"@type":"Organization","@id":"https:\/\/about.fb.com\/de\/#organization","name":"Meta","url":"https:\/\/about.fb.com\/de\/","logo":{"@type":"ImageObject","inLanguage":"de-DE","@id":"https:\/\/about.fb.com\/de\/#\/schema\/logo\/image\/","url":"https:\/\/about.fb.com\/de\/wp-content\/uploads\/sites\/10\/2021\/10\/meta-social-16x9-1.jpg?fit=8000%2C4500","contentUrl":"https:\/\/about.fb.com\/de\/wp-content\/uploads\/sites\/10\/2021\/10\/meta-social-16x9-1.jpg?fit=8000%2C4500","width":8000,"height":4500,"caption":"Meta"},"image":{"@id":"https:\/\/about.fb.com\/de\/#\/schema\/logo\/image\/"}}]}},"jetpack_featured_media_url":"https:\/\/about.fb.com\/de\/wp-content\/uploads\/sites\/10\/2021\/02\/Woman-Smartphone.jpg?fit=1890%2C1080","jetpack-related-posts":[],"jetpack_sharing_enabled":true,"amp_enabled":true,"_links":{"self":[{"href":"https:\/\/about.fb.com\/de\/wp-json\/wp\/v2\/posts\/25633","targetHints":{"allow":["GET"]}}],"collection":[{"href":"https:\/\/about.fb.com\/de\/wp-json\/wp\/v2\/posts"}],"about":[{"href":"https:\/\/about.fb.com\/de\/wp-json\/wp\/v2\/types\/post"}],"author":[{"embeddable":true,"href":"https:\/\/about.fb.com\/de\/wp-json\/wp\/v2\/users\/116743763"}],"replies":[{"embeddable":true,"href":"https:\/\/about.fb.com\/de\/wp-json\/wp\/v2\/comments?post=25633"}],"version-history":[{"count":6,"href":"https:\/\/about.fb.com\/de\/wp-json\/wp\/v2\/posts\/25633\/revisions"}],"predecessor-version":[{"id":25649,"href":"https:\/\/about.fb.com\/de\/wp-json\/wp\/v2\/posts\/25633\/revisions\/25649"}],"wp:featuredmedia":[{"embeddable":true,"href":"https:\/\/about.fb.com\/de\/wp-json\/wp\/v2\/media\/25634"}],"wp:attachment":[{"href":"https:\/\/about.fb.com\/de\/wp-json\/wp\/v2\/media?parent=25633"}],"wp:term":[{"taxonomy":"category","embeddable":true,"href":"https:\/\/about.fb.com\/de\/wp-json\/wp\/v2\/categories?post=25633"},{"taxonomy":"post_tag","embeddable":true,"href":"https:\/\/about.fb.com\/de\/wp-json\/wp\/v2\/tags?post=25633"}],"curies":[{"name":"wp","href":"https:\/\/api.w.org\/{rel}","templated":true}]}}