{"id":25408,"date":"2020-10-02T09:59:50","date_gmt":"2020-10-02T08:59:50","guid":{"rendered":"https:\/\/about.fb.com\/de\/?p=25408"},"modified":"2020-11-02T10:13:47","modified_gmt":"2020-11-02T09:13:47","slug":"10-jahre-facebook-gruppen-neue-features-und-tools-fuer-gruppen-und-administratoren","status":"publish","type":"post","link":"https:\/\/about.fb.com\/de\/news\/2020\/10\/10-jahre-facebook-gruppen-neue-features-und-tools-fuer-gruppen-und-administratoren\/","title":{"rendered":"10 Jahre Facebook-Gruppen: Neue Features und Tools f\u00fcr Gruppen und Administratoren"},"content":{"rendered":"<p><span style=\"font-weight: 400\">Am 1. Oktober fand der gro\u00dfe Facebook Community Summit (FCS) mit einer digitalen, \u00f6ffentlichen Live-Veranstaltung statt. Wir feiern damit ein bedeutendes Jubil\u00e4um: 10 Jahre Facebook-Gruppen! Zu diesem Anlass werden wichtige Updates und neue Funktionen vorgestellt, die das beliebte Tool ausbauen und st\u00e4rken. Mehr als 25 Millionen in Deutschland lebende Menschen sind zur Zeit Mitglied einer Facebook Gruppe.<\/span><\/p>\n<p><span style=\"font-weight: 400\">Die Facebook-Gruppen feiern ihr zehnj\u00e4hriges Bestehen. Und damit in Zeiten, in denen die digitale Kommunikation noch einmal enorm an Bedeutung gewonnen hat. Weil wir pandemiebedingt auf physischen Abstand gehen mussten, ist der Austausch in Online-Communities f\u00fcr viele zum sozialen Rettungsanker geworden \u2013 auch \u00fcber den Lockdown hinaus. Die Zahlen sprechen f\u00fcr sich: Mehrere Dutzend Millionen aktiver Gruppen sind \u00fcber Facebook miteinander verbunden. 1,8 Milliarden Menschen nutzen jeden Monat Gruppen. Sie tauschen sich \u00fcber ihre Interessen aus, teilen ihr Wissen, sorgen f\u00fcr <\/span><span style=\"font-weight: 400\">Unterhaltung und bleiben miteinander in Kontakt.<\/span><\/p>\n<p><b>Neue Tools f\u00fcr Administratoren<\/b><\/p>\n<p><span style=\"font-weight: 400\">Auf dem Summit f\u00fchrt Facebook jetzt neue Interaktions-, Entdeckungs- und Verwaltungstools ein. Mit den Aktualisierungen wollen wir den Gruppen helfen, weiter zu wachsen und sich besser und sicherer zu vernetzen.\u00a0<\/span><\/p>\n<p><span style=\"font-weight: 400\">Das Herzst\u00fcck einer jeden Gruppe ist der Administrator. Auch er bekommt neue Tools an die Hand, um seine Community sicher zu verwalten. Mehr als 70 Millionen Admins und Moderatoren sind derzeit aktiv. Auf sie sind viele der Innovationen zugeschnitten:\u00a0<\/span><\/p>\n<ul>\n<li style=\"font-weight: 400\"><b>Admin Assist<\/b><span style=\"font-weight: 400\">: Das neue Verwaltungstool erleichtert es, Beitr\u00e4ge in Gruppen zu moderieren. Administratoren k\u00f6nnen spezifische Kriterien zur Teilnahm festlegen und k\u00f6nnen die Inhalte, die ver\u00f6ffentlicht werden, ausw\u00e4hlen.<\/span><\/li>\n<li style=\"font-weight: 400\"><b>Brand Collabs Manager:<\/b><span style=\"font-weight: 400\"> Der Manager f\u00fcr \u00f6ffentliche Gruppen hilft Admins bei der Monetarisierung und dient als Verbindung zu Marken und Partnern, die ihre Produkte und Dienstleistungen promoten wollen.\u00a0<\/span><\/li>\n<li style=\"font-weight: 400\"><b>New Topics:<\/b><span style=\"font-weight: 400\"> Inhalte k\u00f6nnen durch Hashtags nach Themen organisiert und oben in der Gruppe angepinnt werden, um sie f\u00fcr alle hervorzuheben.\u00a0<\/span><\/li>\n<li style=\"font-weight: 400\"><b>Community Management Zertifikat:<\/b><span style=\"font-weight: 400\"><span style=\"font-weight: 400\"> In Online-Kursen mit Lehrplan und Pr\u00fcfung lernen Administratoren, wie Gemeinschaften aufgebaut, erweitert und unterst\u00fctzt werden k\u00f6nnen.<\/span><\/span><\/li>\n<\/ul>\n<p><img data-recalc-dims=\"1\" loading=\"lazy\" decoding=\"async\" class=\"aligncenter wp-image-25411\" src=\"https:\/\/about.fb.com\/de\/wp-content\/uploads\/sites\/10\/2020\/10\/Admin_Assist.png?w=890&#038;resize=466%2C279\" alt=\"\" width=\"466\" height=\"279\" srcset=\"https:\/\/about.fb.com\/de\/wp-content\/uploads\/sites\/10\/2020\/10\/Admin_Assist.png?w=3352 3352w, https:\/\/about.fb.com\/de\/wp-content\/uploads\/sites\/10\/2020\/10\/Admin_Assist.png?w=600 600w, https:\/\/about.fb.com\/de\/wp-content\/uploads\/sites\/10\/2020\/10\/Admin_Assist.png?w=300 300w, https:\/\/about.fb.com\/de\/wp-content\/uploads\/sites\/10\/2020\/10\/Admin_Assist.png?w=768 768w, https:\/\/about.fb.com\/de\/wp-content\/uploads\/sites\/10\/2020\/10\/Admin_Assist.png?w=1024 1024w, https:\/\/about.fb.com\/de\/wp-content\/uploads\/sites\/10\/2020\/10\/Admin_Assist.png?w=1536 1536w, https:\/\/about.fb.com\/de\/wp-content\/uploads\/sites\/10\/2020\/10\/Admin_Assist.png?w=2048 2048w, https:\/\/about.fb.com\/de\/wp-content\/uploads\/sites\/10\/2020\/10\/Admin_Assist.png?w=1805 1805w, https:\/\/about.fb.com\/de\/wp-content\/uploads\/sites\/10\/2020\/10\/Admin_Assist.png?w=800 800w, https:\/\/about.fb.com\/de\/wp-content\/uploads\/sites\/10\/2020\/10\/Admin_Assist.png?w=1920 1920w, https:\/\/about.fb.com\/de\/wp-content\/uploads\/sites\/10\/2020\/10\/Admin_Assist.png?w=2880 2880w\" sizes=\"auto, (max-width: 466px) 100vw, 466px\" \/><\/p>\n<p><b><br \/>\nEine Gruppe ist so lebendig wie das Engagement ihrer Mitglieder<\/b><\/p>\n<p><span style=\"font-weight: 400\">Gemeinschaften leben durch regen Austausch und Gespr\u00e4che. Facebook verbessert deshalb auch die Chat-Bedingungen und erm\u00f6glicht den Gruppenmitgliedern, untereinander Echtzeit-Diskussionen zu f\u00fchren. Neue Post-Formate bieten ihnen dar\u00fcber hinaus mehr visuelle Ausdrucksm\u00f6glichkeiten:\u00a0<\/span><\/p>\n<ul>\n<li style=\"font-weight: 400\"><b>Q&amp;As<\/b><span style=\"font-weight: 400\"> ist ein solches Tool, mit dem Admins Frage-Antwort-Sessions leiten k\u00f6nnen. Wenn Fragen aus der Gruppe eintreffen, werden sie in einem Kartenstapel dargestellt, den jeder lesen und damit interagieren kann.\u00a0<\/span><\/li>\n<li style=\"font-weight: 400\"><b>Prompts<\/b><span style=\"font-weight: 400\">: Mit diesem neuen Feature k\u00f6nnen Mitglieder Fotos zu bestimmten Themen austauschen.\u00a0<\/span><\/li>\n<li style=\"font-weight: 400\"><b>Chats<\/b><span style=\"font-weight: 400\"> ist eine neue M\u00f6glichkeit, Echtzeit-Konversationen in einer Gruppe zu starten und beizutreten.<\/span><\/li>\n<li style=\"font-weight: 400\"><b>Profilanpassung<\/b><span style=\"font-weight: 400\">: Au\u00dferdem l\u00e4sst sich nun das eigene Profil der jeweiligen Gruppe anpassen. Das benutzerdefinierte Profilfoto stellt genau die Informationen zur Verf\u00fcgung, die thematisch f\u00fcr eine Gruppe relevant sind.<\/span><\/li>\n<\/ul>\n<div id='gallery-1' class='gallery galleryid-25408 gallery-columns-4 gallery-size-medium'><figure class='gallery-item'>\n\t\t\t<div class='gallery-icon portrait'>\n\t\t\t\t<img data-recalc-dims=\"1\" loading=\"lazy\" decoding=\"async\" width=\"146\" height=\"300\" src=\"https:\/\/about.fb.com\/de\/wp-content\/uploads\/sites\/10\/2020\/10\/QA.png?fit=146%2C300&#038;resize=146%2C300\" class=\"attachment-medium size-medium\" alt=\"\" srcset=\"https:\/\/about.fb.com\/de\/wp-content\/uploads\/sites\/10\/2020\/10\/QA.png?w=850 850w, https:\/\/about.fb.com\/de\/wp-content\/uploads\/sites\/10\/2020\/10\/QA.png?w=195 195w, https:\/\/about.fb.com\/de\/wp-content\/uploads\/sites\/10\/2020\/10\/QA.png?w=146 146w, https:\/\/about.fb.com\/de\/wp-content\/uploads\/sites\/10\/2020\/10\/QA.png?w=768 768w, https:\/\/about.fb.com\/de\/wp-content\/uploads\/sites\/10\/2020\/10\/QA.png?w=498 498w, https:\/\/about.fb.com\/de\/wp-content\/uploads\/sites\/10\/2020\/10\/QA.png?w=747 747w, https:\/\/about.fb.com\/de\/wp-content\/uploads\/sites\/10\/2020\/10\/QA.png?w=525 525w, https:\/\/about.fb.com\/de\/wp-content\/uploads\/sites\/10\/2020\/10\/QA.png?w=292 292w\" sizes=\"auto, (max-width: 146px) 100vw, 146px\" \/>\n\t\t\t<\/div><\/figure><figure class='gallery-item'>\n\t\t\t<div class='gallery-icon portrait'>\n\t\t\t\t<img data-recalc-dims=\"1\" loading=\"lazy\" decoding=\"async\" width=\"146\" height=\"300\" src=\"https:\/\/about.fb.com\/de\/wp-content\/uploads\/sites\/10\/2020\/10\/Prompts.png?fit=146%2C300&#038;resize=146%2C300\" class=\"attachment-medium size-medium\" alt=\"\" srcset=\"https:\/\/about.fb.com\/de\/wp-content\/uploads\/sites\/10\/2020\/10\/Prompts.png?w=850 850w, https:\/\/about.fb.com\/de\/wp-content\/uploads\/sites\/10\/2020\/10\/Prompts.png?w=195 195w, https:\/\/about.fb.com\/de\/wp-content\/uploads\/sites\/10\/2020\/10\/Prompts.png?w=146 146w, https:\/\/about.fb.com\/de\/wp-content\/uploads\/sites\/10\/2020\/10\/Prompts.png?w=768 768w, https:\/\/about.fb.com\/de\/wp-content\/uploads\/sites\/10\/2020\/10\/Prompts.png?w=498 498w, https:\/\/about.fb.com\/de\/wp-content\/uploads\/sites\/10\/2020\/10\/Prompts.png?w=747 747w, https:\/\/about.fb.com\/de\/wp-content\/uploads\/sites\/10\/2020\/10\/Prompts.png?w=525 525w, https:\/\/about.fb.com\/de\/wp-content\/uploads\/sites\/10\/2020\/10\/Prompts.png?w=292 292w\" sizes=\"auto, (max-width: 146px) 100vw, 146px\" \/>\n\t\t\t<\/div><\/figure><figure class='gallery-item'>\n\t\t\t<div class='gallery-icon portrait'>\n\t\t\t\t<img data-recalc-dims=\"1\" loading=\"lazy\" decoding=\"async\" width=\"146\" height=\"300\" src=\"https:\/\/about.fb.com\/de\/wp-content\/uploads\/sites\/10\/2020\/10\/Chats.png?fit=146%2C300&#038;resize=146%2C300\" class=\"attachment-medium size-medium\" alt=\"\" srcset=\"https:\/\/about.fb.com\/de\/wp-content\/uploads\/sites\/10\/2020\/10\/Chats.png?w=850 850w, https:\/\/about.fb.com\/de\/wp-content\/uploads\/sites\/10\/2020\/10\/Chats.png?w=195 195w, https:\/\/about.fb.com\/de\/wp-content\/uploads\/sites\/10\/2020\/10\/Chats.png?w=146 146w, https:\/\/about.fb.com\/de\/wp-content\/uploads\/sites\/10\/2020\/10\/Chats.png?w=768 768w, https:\/\/about.fb.com\/de\/wp-content\/uploads\/sites\/10\/2020\/10\/Chats.png?w=498 498w, https:\/\/about.fb.com\/de\/wp-content\/uploads\/sites\/10\/2020\/10\/Chats.png?w=747 747w, https:\/\/about.fb.com\/de\/wp-content\/uploads\/sites\/10\/2020\/10\/Chats.png?w=525 525w, https:\/\/about.fb.com\/de\/wp-content\/uploads\/sites\/10\/2020\/10\/Chats.png?w=292 292w\" sizes=\"auto, (max-width: 146px) 100vw, 146px\" \/>\n\t\t\t<\/div><\/figure><figure class='gallery-item'>\n\t\t\t<div class='gallery-icon portrait'>\n\t\t\t\t<img data-recalc-dims=\"1\" loading=\"lazy\" decoding=\"async\" width=\"146\" height=\"300\" src=\"https:\/\/about.fb.com\/de\/wp-content\/uploads\/sites\/10\/2020\/10\/Profilbild.png?fit=146%2C300&#038;resize=146%2C300\" class=\"attachment-medium size-medium\" alt=\"\" srcset=\"https:\/\/about.fb.com\/de\/wp-content\/uploads\/sites\/10\/2020\/10\/Profilbild.png?w=848 848w, https:\/\/about.fb.com\/de\/wp-content\/uploads\/sites\/10\/2020\/10\/Profilbild.png?w=194 194w, https:\/\/about.fb.com\/de\/wp-content\/uploads\/sites\/10\/2020\/10\/Profilbild.png?w=146 146w, https:\/\/about.fb.com\/de\/wp-content\/uploads\/sites\/10\/2020\/10\/Profilbild.png?w=768 768w, https:\/\/about.fb.com\/de\/wp-content\/uploads\/sites\/10\/2020\/10\/Profilbild.png?w=497 497w, https:\/\/about.fb.com\/de\/wp-content\/uploads\/sites\/10\/2020\/10\/Profilbild.png?w=745 745w, https:\/\/about.fb.com\/de\/wp-content\/uploads\/sites\/10\/2020\/10\/Profilbild.png?w=524 524w, https:\/\/about.fb.com\/de\/wp-content\/uploads\/sites\/10\/2020\/10\/Profilbild.png?w=291 291w\" sizes=\"auto, (max-width: 146px) 100vw, 146px\" \/>\n\t\t\t<\/div><\/figure>\n\t\t<\/div>\n\n<p><b>Kennenlernen, austauschen, Horizont erweitern<\/b><\/p>\n<p><span style=\"font-weight: 400\">Dar\u00fcber hinaus testen wir neue Wege, wie Menschen Gespr\u00e4che in \u00f6ffentlichen Gruppen sowohl auf als auch au\u00dferhalb von Facebook f\u00fchren k\u00f6nnen. Neue Tools helfen dabei, Gruppen zu finden, an denen User interessiert sind. Wer durch den News Feed scrollt und auf ein Thema st\u00f6\u00dft, das er gerne weiterverfolgen m\u00f6chte, kann jetzt direkten Zugang zu Gespr\u00e4chen finden, die aktuell auf Facebook dazu stattfinden. Auf diese Weise lassen sich neue Themen und beliebte Gruppengespr\u00e4che entdecken.<\/span><\/p>\n<div id='gallery-2' class='gallery galleryid-25408 gallery-columns-3 gallery-size-medium'><figure class='gallery-item'>\n\t\t\t<div class='gallery-icon portrait'>\n\t\t\t\t<img data-recalc-dims=\"1\" loading=\"lazy\" decoding=\"async\" width=\"146\" height=\"300\" src=\"https:\/\/about.fb.com\/de\/wp-content\/uploads\/sites\/10\/2020\/10\/GroupTab.png?fit=146%2C300&#038;resize=146%2C300\" class=\"attachment-medium size-medium\" alt=\"\" srcset=\"https:\/\/about.fb.com\/de\/wp-content\/uploads\/sites\/10\/2020\/10\/GroupTab.png?w=850 850w, https:\/\/about.fb.com\/de\/wp-content\/uploads\/sites\/10\/2020\/10\/GroupTab.png?w=194 194w, https:\/\/about.fb.com\/de\/wp-content\/uploads\/sites\/10\/2020\/10\/GroupTab.png?w=146 146w, https:\/\/about.fb.com\/de\/wp-content\/uploads\/sites\/10\/2020\/10\/GroupTab.png?w=768 768w, https:\/\/about.fb.com\/de\/wp-content\/uploads\/sites\/10\/2020\/10\/GroupTab.png?w=497 497w, https:\/\/about.fb.com\/de\/wp-content\/uploads\/sites\/10\/2020\/10\/GroupTab.png?w=746 746w, https:\/\/about.fb.com\/de\/wp-content\/uploads\/sites\/10\/2020\/10\/GroupTab.png?w=525 525w, https:\/\/about.fb.com\/de\/wp-content\/uploads\/sites\/10\/2020\/10\/GroupTab.png?w=291 291w\" sizes=\"auto, (max-width: 146px) 100vw, 146px\" \/>\n\t\t\t<\/div><\/figure><figure class='gallery-item'>\n\t\t\t<div class='gallery-icon portrait'>\n\t\t\t\t<img data-recalc-dims=\"1\" loading=\"lazy\" decoding=\"async\" width=\"145\" height=\"300\" src=\"https:\/\/about.fb.com\/de\/wp-content\/uploads\/sites\/10\/2020\/10\/RelatedDiscussion.png?fit=145%2C300&#038;resize=145%2C300\" class=\"attachment-medium size-medium\" alt=\"\" srcset=\"https:\/\/about.fb.com\/de\/wp-content\/uploads\/sites\/10\/2020\/10\/RelatedDiscussion.png?w=848 848w, https:\/\/about.fb.com\/de\/wp-content\/uploads\/sites\/10\/2020\/10\/RelatedDiscussion.png?w=194 194w, https:\/\/about.fb.com\/de\/wp-content\/uploads\/sites\/10\/2020\/10\/RelatedDiscussion.png?w=145 145w, https:\/\/about.fb.com\/de\/wp-content\/uploads\/sites\/10\/2020\/10\/RelatedDiscussion.png?w=768 768w, https:\/\/about.fb.com\/de\/wp-content\/uploads\/sites\/10\/2020\/10\/RelatedDiscussion.png?w=496 496w, https:\/\/about.fb.com\/de\/wp-content\/uploads\/sites\/10\/2020\/10\/RelatedDiscussion.png?w=744 744w, https:\/\/about.fb.com\/de\/wp-content\/uploads\/sites\/10\/2020\/10\/RelatedDiscussion.png?w=523 523w, https:\/\/about.fb.com\/de\/wp-content\/uploads\/sites\/10\/2020\/10\/RelatedDiscussion.png?w=291 291w\" sizes=\"auto, (max-width: 145px) 100vw, 145px\" \/>\n\t\t\t<\/div><\/figure><figure class='gallery-item'>\n\t\t\t<div class='gallery-icon portrait'>\n\t\t\t\t<img data-recalc-dims=\"1\" loading=\"lazy\" decoding=\"async\" width=\"146\" height=\"300\" src=\"https:\/\/about.fb.com\/de\/wp-content\/uploads\/sites\/10\/2020\/10\/PopularNow.png?fit=146%2C300&#038;resize=146%2C300\" class=\"attachment-medium size-medium\" alt=\"\" srcset=\"https:\/\/about.fb.com\/de\/wp-content\/uploads\/sites\/10\/2020\/10\/PopularNow.png?w=850 850w, https:\/\/about.fb.com\/de\/wp-content\/uploads\/sites\/10\/2020\/10\/PopularNow.png?w=194 194w, https:\/\/about.fb.com\/de\/wp-content\/uploads\/sites\/10\/2020\/10\/PopularNow.png?w=146 146w, https:\/\/about.fb.com\/de\/wp-content\/uploads\/sites\/10\/2020\/10\/PopularNow.png?w=768 768w, https:\/\/about.fb.com\/de\/wp-content\/uploads\/sites\/10\/2020\/10\/PopularNow.png?w=497 497w, https:\/\/about.fb.com\/de\/wp-content\/uploads\/sites\/10\/2020\/10\/PopularNow.png?w=746 746w, https:\/\/about.fb.com\/de\/wp-content\/uploads\/sites\/10\/2020\/10\/PopularNow.png?w=525 525w, https:\/\/about.fb.com\/de\/wp-content\/uploads\/sites\/10\/2020\/10\/PopularNow.png?w=291 291w\" sizes=\"auto, (max-width: 146px) 100vw, 146px\" \/>\n\t\t\t<\/div><\/figure>\n\t\t<\/div>\n\n<p><b>Von gr\u00fcn bis gesund \u2013 spannende G\u00e4ste auf dem Summit<\/b><\/p>\n<p><span style=\"font-weight: 400\">Welche Gr\u00f6\u00dfe und Bedeutung Facebook-Gruppen bei der Vernetzung von Menschen spielen k\u00f6nnen, f\u00fchren zwei Beispiele auf dem Facebook Community Summit eindrucksvoll vor. Da ist zum einen Torsten Br\u00e4mer, Admin der Gruppe \u201e<a href=\"https:\/\/www.facebook.com\/groups\/Hobbygaertner\"><span lang=\"DE-AT\">Wir sind Garten<\/span><\/a>\u201c. Er hat mit seiner Passion f\u00fcrs Pflanzen, S\u00e4en und Ernten \u00fcber 250.000 Menschen begeistert. In seiner Community tauschen tausende Hobby- und Profig\u00e4rtner regelm\u00e4\u00dfig Best-Practice-Beispiele aus, stellen Fragen und geben Tipps. Dar\u00fcber hinaus verwaltet Torsten Br\u00e4mer in seiner Gruppe Partnerschaften, \u00fcber die kleine und mittlere Unternehmen ihre lokal hergestellten Produkte anbieten k\u00f6nnen.<\/span><\/p>\n<p><span style=\"font-weight: 400\">Au\u00dferdem berichten J\u00fcrgen und Paddy Schmidtlein \u00fcber den Erfolg ihrer Gruppe \u201e<a href=\"https:\/\/www.facebook.com\/groups\/zoeliakie.austausch\">Z\u00f6liakie Austausch &#8211; glutenfrei und gut<\/a>\u201c, die f\u00fcr viele Menschen zur wichtigen Anlaufstelle geworden ist. Paddy lebt mit einer Gluten-Intoleranz und teilt in der Gruppe seit Jahren hilfreiche Tipps, wie man ein gesundes glutenfreies Leben f\u00fchren kann. Sie sagt: \u201eUnsere Facebook-Gruppe ist best\u00e4ndig gewachsen. Es ist enorm wichtig f\u00fcr uns, Sorgen zu teilen und Antworten geben zu k\u00f6nnen. Und das Gef\u00fchl zu haben, nicht allein zu sein. Dieser besondere Zusammenhalt spiegelt unser Gruppenmotto perfekt wider: #wearemany.\u201c<\/span><\/p>\n<p>&nbsp;<\/p>\n","protected":false},"excerpt":{"rendered":"Am 1. Oktober fand der gro\u00dfe Facebook Community Summit (FCS) mit einer digitalen, \u00f6ffentlichen Live-Veranstaltung statt. Wir feiern damit ein bedeutendes Jubil\u00e4um: 10 Jahre Facebook-Gruppen! Zu diesem Anlass werden wichtige Updates und neue Funktionen vorgestellt, die das beliebte Tool ausbauen und st\u00e4rken. Mehr als 25 Millionen in Deutschland lebende Menschen sind zur Zeit Mitglied einer Facebook Gruppe. Die Facebook-Gruppen feiern ihr zehnj\u00e4hriges Bestehen. Und damit in Zeiten, in denen die digitale Kommunikation noch einmal enorm an Bedeutung gewonnen hat. Weil wir pandemiebedingt auf physischen Abstand gehen mussten, ist der Austausch in Online-Communities f\u00fcr viele zum sozialen Rettungsanker geworden \u2013 auch \u00fcber den Lockdown hinaus. Die Zahlen sprechen f\u00fcr sich: Mehrere Dutzend Millionen aktiver Gruppen sind \u00fcber Facebook miteinander verbunden. 1,8 Milliarden Menschen nutzen jeden Monat Gruppen. Sie tauschen sich \u00fcber ihre Interessen aus, teilen ihr Wissen, sorgen f\u00fcr Unterhaltung und bleiben miteinander in Kontakt. Neue Tools f\u00fcr Administratoren Auf dem Summit f\u00fchrt Facebook jetzt neue Interaktions-, Entdeckungs- und Verwaltungstools ein. Mit den Aktualisierungen wollen wir den Gruppen helfen, weiter zu wachsen und sich besser und sicherer zu vernetzen.\u00a0 Das Herzst\u00fcck einer jeden Gruppe ist der Administrator. Auch er bekommt neue Tools an die Hand, um seine Community sicher zu verwalten. Mehr als 70 Millionen Admins und Moderatoren sind derzeit aktiv. Auf sie sind viele der Innovationen zugeschnitten:\u00a0 Admin Assist: Das neue Verwaltungstool erleichtert es, Beitr\u00e4ge in Gruppen zu moderieren. Administratoren k\u00f6nnen spezifische Kriterien zur Teilnahm festlegen und k\u00f6nnen die Inhalte, die ver\u00f6ffentlicht werden, ausw\u00e4hlen. Brand Collabs Manager: Der Manager f\u00fcr \u00f6ffentliche Gruppen hilft Admins bei der Monetarisierung und dient als Verbindung zu Marken und Partnern, die ihre Produkte und Dienstleistungen promoten wollen.\u00a0 New Topics: Inhalte k\u00f6nnen durch Hashtags nach Themen organisiert und oben in der Gruppe angepinnt werden, um sie f\u00fcr alle hervorzuheben.\u00a0 Community Management Zertifikat: In Online-Kursen mit Lehrplan und Pr\u00fcfung lernen Administratoren, wie Gemeinschaften aufgebaut, erweitert und unterst\u00fctzt werden k\u00f6nnen. Eine Gruppe ist so lebendig wie das Engagement ihrer Mitglieder Gemeinschaften leben durch regen Austausch und Gespr\u00e4che. Facebook verbessert deshalb auch die Chat-Bedingungen und erm\u00f6glicht den Gruppenmitgliedern, untereinander Echtzeit-Diskussionen zu f\u00fchren. Neue Post-Formate bieten ihnen dar\u00fcber hinaus mehr visuelle Ausdrucksm\u00f6glichkeiten:\u00a0 Q&amp;As ist ein solches Tool, mit dem Admins Frage-Antwort-Sessions leiten k\u00f6nnen. Wenn Fragen aus der Gruppe eintreffen, werden sie in einem Kartenstapel dargestellt, den jeder lesen und damit interagieren kann.\u00a0 Prompts: Mit diesem neuen Feature k\u00f6nnen Mitglieder Fotos zu bestimmten Themen austauschen.\u00a0 Chats ist eine neue M\u00f6glichkeit, Echtzeit-Konversationen in einer Gruppe zu starten und beizutreten. Profilanpassung: Au\u00dferdem l\u00e4sst sich nun das eigene Profil der jeweiligen Gruppe anpassen. Das benutzerdefinierte Profilfoto stellt genau die Informationen zur Verf\u00fcgung, die thematisch f\u00fcr eine Gruppe relevant sind. Kennenlernen, austauschen, Horizont erweitern Dar\u00fcber hinaus testen wir neue Wege, wie Menschen Gespr\u00e4che in \u00f6ffentlichen Gruppen sowohl auf als auch au\u00dferhalb von Facebook f\u00fchren k\u00f6nnen. Neue Tools helfen dabei, Gruppen zu finden, an denen User interessiert sind. Wer durch den News Feed scrollt und auf ein Thema st\u00f6\u00dft, das er gerne weiterverfolgen m\u00f6chte, kann jetzt direkten Zugang zu Gespr\u00e4chen finden, die aktuell auf Facebook dazu stattfinden. Auf diese Weise lassen sich neue Themen und beliebte Gruppengespr\u00e4che entdecken. Von gr\u00fcn bis gesund \u2013 spannende G\u00e4ste auf dem Summit Welche Gr\u00f6\u00dfe und Bedeutung Facebook-Gruppen bei der Vernetzung von Menschen spielen k\u00f6nnen, f\u00fchren zwei Beispiele auf dem Facebook Community Summit eindrucksvoll vor. Da ist zum einen Torsten Br\u00e4mer, Admin der Gruppe \u201eWir sind Garten\u201c. Er hat mit seiner Passion f\u00fcrs Pflanzen, S\u00e4en und Ernten \u00fcber 250.000 Menschen begeistert. In seiner Community tauschen tausende Hobby- und Profig\u00e4rtner regelm\u00e4\u00dfig Best-Practice-Beispiele aus, stellen Fragen und geben Tipps. Dar\u00fcber hinaus verwaltet Torsten Br\u00e4mer in seiner Gruppe Partnerschaften, \u00fcber die kleine und mittlere Unternehmen ihre lokal hergestellten Produkte anbieten k\u00f6nnen. Au\u00dferdem berichten J\u00fcrgen und Paddy Schmidtlein \u00fcber den Erfolg ihrer Gruppe \u201eZ\u00f6liakie Austausch &#8211; glutenfrei und gut\u201c, die f\u00fcr viele Menschen zur wichtigen Anlaufstelle geworden ist. Paddy lebt mit einer Gluten-Intoleranz und teilt in der Gruppe seit Jahren hilfreiche Tipps, wie man ein gesundes glutenfreies Leben f\u00fchren kann. Sie sagt: \u201eUnsere Facebook-Gruppe ist best\u00e4ndig gewachsen. Es ist enorm wichtig f\u00fcr uns, Sorgen zu teilen und Antworten geben zu k\u00f6nnen. Und das Gef\u00fchl zu haben, nicht allein zu sein. Dieser besondere Zusammenhalt spiegelt unser Gruppenmotto perfekt wider: #wearemany.\u201c &nbsp;","protected":false},"author":164097135,"featured_media":25409,"comment_status":"closed","ping_status":"closed","sticky":false,"template":"","format":"standard","meta":{"_jetpack_memberships_contains_paid_content":false,"footnotes":""},"categories":[555973479,555973269,555973284,555973300,555973395,555973260,555973442,243889724,555973301,243889734,555973477,555973441],"tags":[555973583],"class_list":["post-25408","post","type-post","status-publish","format-standard","has-post-thumbnail","hentry","category-facebook-app","category-gruppen","category-inside-feed","category-mache-facebook-zu-deinem-facebook","category-mehr-gemeinsam","category-messenger","category-meta","category-news-feed-aktualisierungen","category-news-produkte","category-produktnachrichten","category-technologies","category-technology-and-innovation","tag-community-summit"],"yoast_head":"<!-- This site is optimized with the Yoast SEO plugin v27.2 - https:\/\/yoast.com\/product\/yoast-seo-wordpress\/ -->\n<title>10 Jahre Facebook-Gruppen: Neue Features und Tools f\u00fcr Gruppen und Administratoren | \u00dcber Meta<\/title>\n<meta name=\"robots\" content=\"index, follow, max-snippet:-1, max-image-preview:large, max-video-preview:-1\" \/>\n<link rel=\"canonical\" href=\"https:\/\/about.fb.com\/de\/news\/2020\/10\/10-jahre-facebook-gruppen-neue-features-und-tools-fuer-gruppen-und-administratoren\/\" \/>\n<meta property=\"og:locale\" content=\"de_DE\" \/>\n<meta property=\"og:type\" content=\"article\" \/>\n<meta property=\"og:title\" content=\"10 Jahre Facebook-Gruppen: Neue Features und Tools f\u00fcr Gruppen und Administratoren | \u00dcber Meta\" \/>\n<meta property=\"og:description\" content=\"Am 1. Oktober fand der gro\u00dfe Facebook Community Summit (FCS) mit einer digitalen, \u00f6ffentlichen Live-Veranstaltung statt. Wir feiern damit ein bedeutendes Jubil\u00e4um: 10 Jahre Facebook-Gruppen! Zu diesem Anlass werden wichtige Updates und neue Funktionen vorgestellt, die das beliebte Tool ausbauen und st\u00e4rken. Mehr als 25 Millionen in Deutschland lebende Menschen sind zur Zeit Mitglied einer Facebook Gruppe. Die Facebook-Gruppen feiern ihr zehnj\u00e4hriges Bestehen. Und damit in Zeiten, in denen die digitale Kommunikation noch einmal enorm an Bedeutung gewonnen hat. Weil wir pandemiebedingt auf physischen Abstand gehen mussten, ist der Austausch in Online-Communities f\u00fcr viele zum sozialen Rettungsanker geworden \u2013 auch \u00fcber den Lockdown hinaus. Die Zahlen sprechen f\u00fcr sich: Mehrere Dutzend Millionen aktiver Gruppen sind \u00fcber Facebook miteinander verbunden. 1,8 Milliarden Menschen nutzen jeden Monat Gruppen. Sie tauschen sich \u00fcber ihre Interessen aus, teilen ihr Wissen, sorgen f\u00fcr Unterhaltung und bleiben miteinander in Kontakt. Neue Tools f\u00fcr Administratoren Auf dem Summit f\u00fchrt Facebook jetzt neue Interaktions-, Entdeckungs- und Verwaltungstools ein. Mit den Aktualisierungen wollen wir den Gruppen helfen, weiter zu wachsen und sich besser und sicherer zu vernetzen.\u00a0 Das Herzst\u00fcck einer jeden Gruppe ist der Administrator. Auch er bekommt neue Tools an die Hand, um seine Community sicher zu verwalten. Mehr als 70 Millionen Admins und Moderatoren sind derzeit aktiv. Auf sie sind viele der Innovationen zugeschnitten:\u00a0 Admin Assist: Das neue Verwaltungstool erleichtert es, Beitr\u00e4ge in Gruppen zu moderieren. Administratoren k\u00f6nnen spezifische Kriterien zur Teilnahm festlegen und k\u00f6nnen die Inhalte, die ver\u00f6ffentlicht werden, ausw\u00e4hlen. Brand Collabs Manager: Der Manager f\u00fcr \u00f6ffentliche Gruppen hilft Admins bei der Monetarisierung und dient als Verbindung zu Marken und Partnern, die ihre Produkte und Dienstleistungen promoten wollen.\u00a0 New Topics: Inhalte k\u00f6nnen durch Hashtags nach Themen organisiert und oben in der Gruppe angepinnt werden, um sie f\u00fcr alle hervorzuheben.\u00a0 Community Management Zertifikat: In Online-Kursen mit Lehrplan und Pr\u00fcfung lernen Administratoren, wie Gemeinschaften aufgebaut, erweitert und unterst\u00fctzt werden k\u00f6nnen. Eine Gruppe ist so lebendig wie das Engagement ihrer Mitglieder Gemeinschaften leben durch regen Austausch und Gespr\u00e4che. Facebook verbessert deshalb auch die Chat-Bedingungen und erm\u00f6glicht den Gruppenmitgliedern, untereinander Echtzeit-Diskussionen zu f\u00fchren. Neue Post-Formate bieten ihnen dar\u00fcber hinaus mehr visuelle Ausdrucksm\u00f6glichkeiten:\u00a0 Q&amp;As ist ein solches Tool, mit dem Admins Frage-Antwort-Sessions leiten k\u00f6nnen. Wenn Fragen aus der Gruppe eintreffen, werden sie in einem Kartenstapel dargestellt, den jeder lesen und damit interagieren kann.\u00a0 Prompts: Mit diesem neuen Feature k\u00f6nnen Mitglieder Fotos zu bestimmten Themen austauschen.\u00a0 Chats ist eine neue M\u00f6glichkeit, Echtzeit-Konversationen in einer Gruppe zu starten und beizutreten. Profilanpassung: Au\u00dferdem l\u00e4sst sich nun das eigene Profil der jeweiligen Gruppe anpassen. Das benutzerdefinierte Profilfoto stellt genau die Informationen zur Verf\u00fcgung, die thematisch f\u00fcr eine Gruppe relevant sind. Kennenlernen, austauschen, Horizont erweitern Dar\u00fcber hinaus testen wir neue Wege, wie Menschen Gespr\u00e4che in \u00f6ffentlichen Gruppen sowohl auf als auch au\u00dferhalb von Facebook f\u00fchren k\u00f6nnen. Neue Tools helfen dabei, Gruppen zu finden, an denen User interessiert sind. Wer durch den News Feed scrollt und auf ein Thema st\u00f6\u00dft, das er gerne weiterverfolgen m\u00f6chte, kann jetzt direkten Zugang zu Gespr\u00e4chen finden, die aktuell auf Facebook dazu stattfinden. Auf diese Weise lassen sich neue Themen und beliebte Gruppengespr\u00e4che entdecken. Von gr\u00fcn bis gesund \u2013 spannende G\u00e4ste auf dem Summit Welche Gr\u00f6\u00dfe und Bedeutung Facebook-Gruppen bei der Vernetzung von Menschen spielen k\u00f6nnen, f\u00fchren zwei Beispiele auf dem Facebook Community Summit eindrucksvoll vor. Da ist zum einen Torsten Br\u00e4mer, Admin der Gruppe \u201eWir sind Garten\u201c. Er hat mit seiner Passion f\u00fcrs Pflanzen, S\u00e4en und Ernten \u00fcber 250.000 Menschen begeistert. In seiner Community tauschen tausende Hobby- und Profig\u00e4rtner regelm\u00e4\u00dfig Best-Practice-Beispiele aus, stellen Fragen und geben Tipps. Dar\u00fcber hinaus verwaltet Torsten Br\u00e4mer in seiner Gruppe Partnerschaften, \u00fcber die kleine und mittlere Unternehmen ihre lokal hergestellten Produkte anbieten k\u00f6nnen. Au\u00dferdem berichten J\u00fcrgen und Paddy Schmidtlein \u00fcber den Erfolg ihrer Gruppe \u201eZ\u00f6liakie Austausch &#8211; glutenfrei und gut\u201c, die f\u00fcr viele Menschen zur wichtigen Anlaufstelle geworden ist. Paddy lebt mit einer Gluten-Intoleranz und teilt in der Gruppe seit Jahren hilfreiche Tipps, wie man ein gesundes glutenfreies Leben f\u00fchren kann. Sie sagt: \u201eUnsere Facebook-Gruppe ist best\u00e4ndig gewachsen. Es ist enorm wichtig f\u00fcr uns, Sorgen zu teilen und Antworten geben zu k\u00f6nnen. Und das Gef\u00fchl zu haben, nicht allein zu sein. Dieser besondere Zusammenhalt spiegelt unser Gruppenmotto perfekt wider: #wearemany.\u201c &nbsp;\" \/>\n<meta property=\"og:url\" content=\"https:\/\/about.fb.com\/de\/news\/2020\/10\/10-jahre-facebook-gruppen-neue-features-und-tools-fuer-gruppen-und-administratoren\/\" \/>\n<meta property=\"og:site_name\" content=\"\u00dcber Meta\" \/>\n<meta property=\"article:published_time\" content=\"2020-10-02T08:59:50+00:00\" \/>\n<meta property=\"article:modified_time\" content=\"2020-11-02T09:13:47+00:00\" \/>\n<meta property=\"og:image\" content=\"https:\/\/about.fb.com\/de\/wp-content\/uploads\/sites\/10\/2020\/10\/Brand-Collabs-Manager.png?resize=1024,623\" \/>\n\t<meta property=\"og:image:width\" content=\"1024\" \/>\n\t<meta property=\"og:image:height\" content=\"623\" \/>\n\t<meta property=\"og:image:type\" content=\"image\/png\" \/>\n<meta name=\"author\" content=\"fischerappelt\" \/>\n<meta name=\"twitter:card\" content=\"summary_large_image\" \/>\n<meta name=\"twitter:label1\" content=\"Written by\" \/>\n\t<meta name=\"twitter:data1\" content=\"Meta\" \/>\n\t<meta name=\"twitter:label2\" content=\"Est. reading time\" \/>\n\t<meta name=\"twitter:data2\" content=\"4 Minuten\" \/>\n<script type=\"application\/ld+json\" class=\"yoast-schema-graph\">{\"@context\":\"https:\/\/schema.org\",\"@graph\":[{\"@type\":\"Article\",\"@id\":\"https:\/\/about.fb.com\/de\/news\/2020\/10\/10-jahre-facebook-gruppen-neue-features-und-tools-fuer-gruppen-und-administratoren\/#article\",\"isPartOf\":{\"@id\":\"https:\/\/about.fb.com\/de\/news\/2020\/10\/10-jahre-facebook-gruppen-neue-features-und-tools-fuer-gruppen-und-administratoren\/\"},\"author\":\"Facebook company\",\"headline\":\"10 Jahre Facebook-Gruppen: Neue Features und Tools f\u00fcr Gruppen und Administratoren\",\"datePublished\":\"2020-10-02T08:59:50+00:00\",\"dateModified\":\"2020-11-02T09:13:47+00:00\",\"mainEntityOfPage\":{\"@id\":\"https:\/\/about.fb.com\/de\/news\/2020\/10\/10-jahre-facebook-gruppen-neue-features-und-tools-fuer-gruppen-und-administratoren\/\"},\"wordCount\":777,\"publisher\":{\"@id\":\"https:\/\/about.fb.com\/de\/#organization\"},\"image\":{\"@id\":\"https:\/\/about.fb.com\/de\/news\/2020\/10\/10-jahre-facebook-gruppen-neue-features-und-tools-fuer-gruppen-und-administratoren\/#primaryimage\"},\"thumbnailUrl\":\"https:\/\/about.fb.com\/de\/wp-content\/uploads\/sites\/10\/2020\/10\/Brand-Collabs-Manager.png?fit=4136%2C2516\",\"keywords\":[\"Community Summit\"],\"articleSection\":[\"Facebook\",\"Gruppen\",\"Inside Feed\",\"Mache Facebook zu deinem Facebook\",\"Mehr gemeinsam\",\"Messenger\",\"Meta\",\"News Feed Aktualisierungen\",\"News Produkte\",\"Produktnachrichten\",\"Technologies\",\"Technology and Innovation\"],\"inLanguage\":\"de-DE\"},{\"@type\":\"WebPage\",\"@id\":\"https:\/\/about.fb.com\/de\/news\/2020\/10\/10-jahre-facebook-gruppen-neue-features-und-tools-fuer-gruppen-und-administratoren\/\",\"url\":\"https:\/\/about.fb.com\/de\/news\/2020\/10\/10-jahre-facebook-gruppen-neue-features-und-tools-fuer-gruppen-und-administratoren\/\",\"name\":\"10 Jahre Facebook-Gruppen: Neue Features und Tools f\u00fcr Gruppen und Administratoren | \u00dcber Meta\",\"isPartOf\":{\"@id\":\"https:\/\/about.fb.com\/de\/#website\"},\"primaryImageOfPage\":{\"@id\":\"https:\/\/about.fb.com\/de\/news\/2020\/10\/10-jahre-facebook-gruppen-neue-features-und-tools-fuer-gruppen-und-administratoren\/#primaryimage\"},\"image\":{\"@id\":\"https:\/\/about.fb.com\/de\/news\/2020\/10\/10-jahre-facebook-gruppen-neue-features-und-tools-fuer-gruppen-und-administratoren\/#primaryimage\"},\"thumbnailUrl\":\"https:\/\/about.fb.com\/de\/wp-content\/uploads\/sites\/10\/2020\/10\/Brand-Collabs-Manager.png?fit=4136%2C2516\",\"datePublished\":\"2020-10-02T08:59:50+00:00\",\"dateModified\":\"2020-11-02T09:13:47+00:00\",\"breadcrumb\":{\"@id\":\"https:\/\/about.fb.com\/de\/news\/2020\/10\/10-jahre-facebook-gruppen-neue-features-und-tools-fuer-gruppen-und-administratoren\/#breadcrumb\"},\"inLanguage\":\"de-DE\",\"potentialAction\":[{\"@type\":\"ReadAction\",\"target\":[\"https:\/\/about.fb.com\/de\/news\/2020\/10\/10-jahre-facebook-gruppen-neue-features-und-tools-fuer-gruppen-und-administratoren\/\"]}],\"author\":\"\u00dcber Meta\"},{\"@type\":\"ImageObject\",\"inLanguage\":\"de-DE\",\"@id\":\"https:\/\/about.fb.com\/de\/news\/2020\/10\/10-jahre-facebook-gruppen-neue-features-und-tools-fuer-gruppen-und-administratoren\/#primaryimage\",\"url\":\"https:\/\/about.fb.com\/de\/wp-content\/uploads\/sites\/10\/2020\/10\/Brand-Collabs-Manager.png?fit=4136%2C2516\",\"contentUrl\":\"https:\/\/about.fb.com\/de\/wp-content\/uploads\/sites\/10\/2020\/10\/Brand-Collabs-Manager.png?fit=4136%2C2516\",\"width\":4136,\"height\":2516},{\"@type\":\"BreadcrumbList\",\"@id\":\"https:\/\/about.fb.com\/de\/news\/2020\/10\/10-jahre-facebook-gruppen-neue-features-und-tools-fuer-gruppen-und-administratoren\/#breadcrumb\",\"itemListElement\":[{\"@type\":\"ListItem\",\"position\":1,\"name\":\"Home\",\"item\":\"https:\/\/about.fb.com\/de\/\"},{\"@type\":\"ListItem\",\"position\":2,\"name\":\"10 Jahre Facebook-Gruppen: Neue Features und Tools f\u00fcr Gruppen und Administratoren\"}]},{\"@type\":\"WebSite\",\"@id\":\"https:\/\/about.fb.com\/de\/#website\",\"url\":\"https:\/\/about.fb.com\/news\/\",\"name\":\"\u00dcber Meta\",\"description\":\"\",\"publisher\":{\"@id\":\"https:\/\/about.fb.com\/de\/#organization\"},\"potentialAction\":[{\"@type\":\"SearchAction\",\"target\":{\"@type\":\"EntryPoint\",\"urlTemplate\":\"https:\/\/about.fb.com\/de\/?s={search_term_string}\"},\"query-input\":{\"@type\":\"PropertyValueSpecification\",\"valueRequired\":true,\"valueName\":\"search_term_string\"}}],\"inLanguage\":\"de-DE\",\"alternateName\":[\"Meta Newsroom\",\"Meta\"]},{\"@type\":\"Organization\",\"@id\":\"https:\/\/about.fb.com\/de\/#organization\",\"name\":\"Meta\",\"url\":\"https:\/\/about.fb.com\/de\/\",\"logo\":{\"@type\":\"ImageObject\",\"inLanguage\":\"de-DE\",\"@id\":\"https:\/\/about.fb.com\/de\/#\/schema\/logo\/image\/\",\"url\":\"https:\/\/about.fb.com\/de\/wp-content\/uploads\/sites\/10\/2021\/10\/meta-social-16x9-1.jpg?fit=8000%2C4500\",\"contentUrl\":\"https:\/\/about.fb.com\/de\/wp-content\/uploads\/sites\/10\/2021\/10\/meta-social-16x9-1.jpg?fit=8000%2C4500\",\"width\":8000,\"height\":4500,\"caption\":\"Meta\"},\"image\":{\"@id\":\"https:\/\/about.fb.com\/de\/#\/schema\/logo\/image\/\"}}]}<\/script>\n<!-- \/ Yoast SEO plugin. -->","yoast_head_json":{"title":"10 Jahre Facebook-Gruppen: Neue Features und Tools f\u00fcr Gruppen und Administratoren | \u00dcber Meta","robots":{"index":"index","follow":"follow","max-snippet":"max-snippet:-1","max-image-preview":"max-image-preview:large","max-video-preview":"max-video-preview:-1"},"canonical":"https:\/\/about.fb.com\/de\/news\/2020\/10\/10-jahre-facebook-gruppen-neue-features-und-tools-fuer-gruppen-und-administratoren\/","og_locale":"de_DE","og_type":"article","og_title":"10 Jahre Facebook-Gruppen: Neue Features und Tools f\u00fcr Gruppen und Administratoren | \u00dcber Meta","og_description":"Am 1. Oktober fand der gro\u00dfe Facebook Community Summit (FCS) mit einer digitalen, \u00f6ffentlichen Live-Veranstaltung statt. Wir feiern damit ein bedeutendes Jubil\u00e4um: 10 Jahre Facebook-Gruppen! Zu diesem Anlass werden wichtige Updates und neue Funktionen vorgestellt, die das beliebte Tool ausbauen und st\u00e4rken. Mehr als 25 Millionen in Deutschland lebende Menschen sind zur Zeit Mitglied einer Facebook Gruppe. Die Facebook-Gruppen feiern ihr zehnj\u00e4hriges Bestehen. Und damit in Zeiten, in denen die digitale Kommunikation noch einmal enorm an Bedeutung gewonnen hat. Weil wir pandemiebedingt auf physischen Abstand gehen mussten, ist der Austausch in Online-Communities f\u00fcr viele zum sozialen Rettungsanker geworden \u2013 auch \u00fcber den Lockdown hinaus. Die Zahlen sprechen f\u00fcr sich: Mehrere Dutzend Millionen aktiver Gruppen sind \u00fcber Facebook miteinander verbunden. 1,8 Milliarden Menschen nutzen jeden Monat Gruppen. Sie tauschen sich \u00fcber ihre Interessen aus, teilen ihr Wissen, sorgen f\u00fcr Unterhaltung und bleiben miteinander in Kontakt. Neue Tools f\u00fcr Administratoren Auf dem Summit f\u00fchrt Facebook jetzt neue Interaktions-, Entdeckungs- und Verwaltungstools ein. Mit den Aktualisierungen wollen wir den Gruppen helfen, weiter zu wachsen und sich besser und sicherer zu vernetzen.\u00a0 Das Herzst\u00fcck einer jeden Gruppe ist der Administrator. Auch er bekommt neue Tools an die Hand, um seine Community sicher zu verwalten. Mehr als 70 Millionen Admins und Moderatoren sind derzeit aktiv. Auf sie sind viele der Innovationen zugeschnitten:\u00a0 Admin Assist: Das neue Verwaltungstool erleichtert es, Beitr\u00e4ge in Gruppen zu moderieren. Administratoren k\u00f6nnen spezifische Kriterien zur Teilnahm festlegen und k\u00f6nnen die Inhalte, die ver\u00f6ffentlicht werden, ausw\u00e4hlen. Brand Collabs Manager: Der Manager f\u00fcr \u00f6ffentliche Gruppen hilft Admins bei der Monetarisierung und dient als Verbindung zu Marken und Partnern, die ihre Produkte und Dienstleistungen promoten wollen.\u00a0 New Topics: Inhalte k\u00f6nnen durch Hashtags nach Themen organisiert und oben in der Gruppe angepinnt werden, um sie f\u00fcr alle hervorzuheben.\u00a0 Community Management Zertifikat: In Online-Kursen mit Lehrplan und Pr\u00fcfung lernen Administratoren, wie Gemeinschaften aufgebaut, erweitert und unterst\u00fctzt werden k\u00f6nnen. Eine Gruppe ist so lebendig wie das Engagement ihrer Mitglieder Gemeinschaften leben durch regen Austausch und Gespr\u00e4che. Facebook verbessert deshalb auch die Chat-Bedingungen und erm\u00f6glicht den Gruppenmitgliedern, untereinander Echtzeit-Diskussionen zu f\u00fchren. Neue Post-Formate bieten ihnen dar\u00fcber hinaus mehr visuelle Ausdrucksm\u00f6glichkeiten:\u00a0 Q&amp;As ist ein solches Tool, mit dem Admins Frage-Antwort-Sessions leiten k\u00f6nnen. Wenn Fragen aus der Gruppe eintreffen, werden sie in einem Kartenstapel dargestellt, den jeder lesen und damit interagieren kann.\u00a0 Prompts: Mit diesem neuen Feature k\u00f6nnen Mitglieder Fotos zu bestimmten Themen austauschen.\u00a0 Chats ist eine neue M\u00f6glichkeit, Echtzeit-Konversationen in einer Gruppe zu starten und beizutreten. Profilanpassung: Au\u00dferdem l\u00e4sst sich nun das eigene Profil der jeweiligen Gruppe anpassen. Das benutzerdefinierte Profilfoto stellt genau die Informationen zur Verf\u00fcgung, die thematisch f\u00fcr eine Gruppe relevant sind. Kennenlernen, austauschen, Horizont erweitern Dar\u00fcber hinaus testen wir neue Wege, wie Menschen Gespr\u00e4che in \u00f6ffentlichen Gruppen sowohl auf als auch au\u00dferhalb von Facebook f\u00fchren k\u00f6nnen. Neue Tools helfen dabei, Gruppen zu finden, an denen User interessiert sind. Wer durch den News Feed scrollt und auf ein Thema st\u00f6\u00dft, das er gerne weiterverfolgen m\u00f6chte, kann jetzt direkten Zugang zu Gespr\u00e4chen finden, die aktuell auf Facebook dazu stattfinden. Auf diese Weise lassen sich neue Themen und beliebte Gruppengespr\u00e4che entdecken. Von gr\u00fcn bis gesund \u2013 spannende G\u00e4ste auf dem Summit Welche Gr\u00f6\u00dfe und Bedeutung Facebook-Gruppen bei der Vernetzung von Menschen spielen k\u00f6nnen, f\u00fchren zwei Beispiele auf dem Facebook Community Summit eindrucksvoll vor. Da ist zum einen Torsten Br\u00e4mer, Admin der Gruppe \u201eWir sind Garten\u201c. Er hat mit seiner Passion f\u00fcrs Pflanzen, S\u00e4en und Ernten \u00fcber 250.000 Menschen begeistert. In seiner Community tauschen tausende Hobby- und Profig\u00e4rtner regelm\u00e4\u00dfig Best-Practice-Beispiele aus, stellen Fragen und geben Tipps. Dar\u00fcber hinaus verwaltet Torsten Br\u00e4mer in seiner Gruppe Partnerschaften, \u00fcber die kleine und mittlere Unternehmen ihre lokal hergestellten Produkte anbieten k\u00f6nnen. Au\u00dferdem berichten J\u00fcrgen und Paddy Schmidtlein \u00fcber den Erfolg ihrer Gruppe \u201eZ\u00f6liakie Austausch &#8211; glutenfrei und gut\u201c, die f\u00fcr viele Menschen zur wichtigen Anlaufstelle geworden ist. Paddy lebt mit einer Gluten-Intoleranz und teilt in der Gruppe seit Jahren hilfreiche Tipps, wie man ein gesundes glutenfreies Leben f\u00fchren kann. Sie sagt: \u201eUnsere Facebook-Gruppe ist best\u00e4ndig gewachsen. Es ist enorm wichtig f\u00fcr uns, Sorgen zu teilen und Antworten geben zu k\u00f6nnen. Und das Gef\u00fchl zu haben, nicht allein zu sein. Dieser besondere Zusammenhalt spiegelt unser Gruppenmotto perfekt wider: #wearemany.\u201c &nbsp;","og_url":"https:\/\/about.fb.com\/de\/news\/2020\/10\/10-jahre-facebook-gruppen-neue-features-und-tools-fuer-gruppen-und-administratoren\/","og_site_name":"\u00dcber Meta","article_published_time":"2020-10-02T08:59:50+00:00","article_modified_time":"2020-11-02T09:13:47+00:00","og_image":[{"width":1024,"height":623,"url":"https:\/\/about.fb.com\/de\/wp-content\/uploads\/sites\/10\/2020\/10\/Brand-Collabs-Manager.png?resize=1024,623","type":"image\/png"}],"author":"fischerappelt","twitter_card":"summary_large_image","twitter_misc":{"Written by":"Meta","Est. reading time":"4 Minuten"},"schema":{"@context":"https:\/\/schema.org","@graph":[{"@type":"Article","@id":"https:\/\/about.fb.com\/de\/news\/2020\/10\/10-jahre-facebook-gruppen-neue-features-und-tools-fuer-gruppen-und-administratoren\/#article","isPartOf":{"@id":"https:\/\/about.fb.com\/de\/news\/2020\/10\/10-jahre-facebook-gruppen-neue-features-und-tools-fuer-gruppen-und-administratoren\/"},"author":"Facebook company","headline":"10 Jahre Facebook-Gruppen: Neue Features und Tools f\u00fcr Gruppen und Administratoren","datePublished":"2020-10-02T08:59:50+00:00","dateModified":"2020-11-02T09:13:47+00:00","mainEntityOfPage":{"@id":"https:\/\/about.fb.com\/de\/news\/2020\/10\/10-jahre-facebook-gruppen-neue-features-und-tools-fuer-gruppen-und-administratoren\/"},"wordCount":777,"publisher":{"@id":"https:\/\/about.fb.com\/de\/#organization"},"image":{"@id":"https:\/\/about.fb.com\/de\/news\/2020\/10\/10-jahre-facebook-gruppen-neue-features-und-tools-fuer-gruppen-und-administratoren\/#primaryimage"},"thumbnailUrl":"https:\/\/about.fb.com\/de\/wp-content\/uploads\/sites\/10\/2020\/10\/Brand-Collabs-Manager.png?fit=4136%2C2516","keywords":["Community Summit"],"articleSection":["Facebook","Gruppen","Inside Feed","Mache Facebook zu deinem Facebook","Mehr gemeinsam","Messenger","Meta","News Feed Aktualisierungen","News Produkte","Produktnachrichten","Technologies","Technology and Innovation"],"inLanguage":"de-DE"},{"@type":"WebPage","@id":"https:\/\/about.fb.com\/de\/news\/2020\/10\/10-jahre-facebook-gruppen-neue-features-und-tools-fuer-gruppen-und-administratoren\/","url":"https:\/\/about.fb.com\/de\/news\/2020\/10\/10-jahre-facebook-gruppen-neue-features-und-tools-fuer-gruppen-und-administratoren\/","name":"10 Jahre Facebook-Gruppen: Neue Features und Tools f\u00fcr Gruppen und Administratoren | \u00dcber Meta","isPartOf":{"@id":"https:\/\/about.fb.com\/de\/#website"},"primaryImageOfPage":{"@id":"https:\/\/about.fb.com\/de\/news\/2020\/10\/10-jahre-facebook-gruppen-neue-features-und-tools-fuer-gruppen-und-administratoren\/#primaryimage"},"image":{"@id":"https:\/\/about.fb.com\/de\/news\/2020\/10\/10-jahre-facebook-gruppen-neue-features-und-tools-fuer-gruppen-und-administratoren\/#primaryimage"},"thumbnailUrl":"https:\/\/about.fb.com\/de\/wp-content\/uploads\/sites\/10\/2020\/10\/Brand-Collabs-Manager.png?fit=4136%2C2516","datePublished":"2020-10-02T08:59:50+00:00","dateModified":"2020-11-02T09:13:47+00:00","breadcrumb":{"@id":"https:\/\/about.fb.com\/de\/news\/2020\/10\/10-jahre-facebook-gruppen-neue-features-und-tools-fuer-gruppen-und-administratoren\/#breadcrumb"},"inLanguage":"de-DE","potentialAction":[{"@type":"ReadAction","target":["https:\/\/about.fb.com\/de\/news\/2020\/10\/10-jahre-facebook-gruppen-neue-features-und-tools-fuer-gruppen-und-administratoren\/"]}],"author":"\u00dcber Meta"},{"@type":"ImageObject","inLanguage":"de-DE","@id":"https:\/\/about.fb.com\/de\/news\/2020\/10\/10-jahre-facebook-gruppen-neue-features-und-tools-fuer-gruppen-und-administratoren\/#primaryimage","url":"https:\/\/about.fb.com\/de\/wp-content\/uploads\/sites\/10\/2020\/10\/Brand-Collabs-Manager.png?fit=4136%2C2516","contentUrl":"https:\/\/about.fb.com\/de\/wp-content\/uploads\/sites\/10\/2020\/10\/Brand-Collabs-Manager.png?fit=4136%2C2516","width":4136,"height":2516},{"@type":"BreadcrumbList","@id":"https:\/\/about.fb.com\/de\/news\/2020\/10\/10-jahre-facebook-gruppen-neue-features-und-tools-fuer-gruppen-und-administratoren\/#breadcrumb","itemListElement":[{"@type":"ListItem","position":1,"name":"Home","item":"https:\/\/about.fb.com\/de\/"},{"@type":"ListItem","position":2,"name":"10 Jahre Facebook-Gruppen: Neue Features und Tools f\u00fcr Gruppen und Administratoren"}]},{"@type":"WebSite","@id":"https:\/\/about.fb.com\/de\/#website","url":"https:\/\/about.fb.com\/news\/","name":"\u00dcber Meta","description":"","publisher":{"@id":"https:\/\/about.fb.com\/de\/#organization"},"potentialAction":[{"@type":"SearchAction","target":{"@type":"EntryPoint","urlTemplate":"https:\/\/about.fb.com\/de\/?s={search_term_string}"},"query-input":{"@type":"PropertyValueSpecification","valueRequired":true,"valueName":"search_term_string"}}],"inLanguage":"de-DE","alternateName":["Meta Newsroom","Meta"]},{"@type":"Organization","@id":"https:\/\/about.fb.com\/de\/#organization","name":"Meta","url":"https:\/\/about.fb.com\/de\/","logo":{"@type":"ImageObject","inLanguage":"de-DE","@id":"https:\/\/about.fb.com\/de\/#\/schema\/logo\/image\/","url":"https:\/\/about.fb.com\/de\/wp-content\/uploads\/sites\/10\/2021\/10\/meta-social-16x9-1.jpg?fit=8000%2C4500","contentUrl":"https:\/\/about.fb.com\/de\/wp-content\/uploads\/sites\/10\/2021\/10\/meta-social-16x9-1.jpg?fit=8000%2C4500","width":8000,"height":4500,"caption":"Meta"},"image":{"@id":"https:\/\/about.fb.com\/de\/#\/schema\/logo\/image\/"}}]}},"jetpack_featured_media_url":"https:\/\/about.fb.com\/de\/wp-content\/uploads\/sites\/10\/2020\/10\/Brand-Collabs-Manager.png?fit=4136%2C2516","jetpack-related-posts":[],"jetpack_sharing_enabled":true,"amp_enabled":true,"_links":{"self":[{"href":"https:\/\/about.fb.com\/de\/wp-json\/wp\/v2\/posts\/25408","targetHints":{"allow":["GET"]}}],"collection":[{"href":"https:\/\/about.fb.com\/de\/wp-json\/wp\/v2\/posts"}],"about":[{"href":"https:\/\/about.fb.com\/de\/wp-json\/wp\/v2\/types\/post"}],"author":[{"embeddable":true,"href":"https:\/\/about.fb.com\/de\/wp-json\/wp\/v2\/users\/164097135"}],"replies":[{"embeddable":true,"href":"https:\/\/about.fb.com\/de\/wp-json\/wp\/v2\/comments?post=25408"}],"version-history":[{"count":18,"href":"https:\/\/about.fb.com\/de\/wp-json\/wp\/v2\/posts\/25408\/revisions"}],"predecessor-version":[{"id":25433,"href":"https:\/\/about.fb.com\/de\/wp-json\/wp\/v2\/posts\/25408\/revisions\/25433"}],"wp:featuredmedia":[{"embeddable":true,"href":"https:\/\/about.fb.com\/de\/wp-json\/wp\/v2\/media\/25409"}],"wp:attachment":[{"href":"https:\/\/about.fb.com\/de\/wp-json\/wp\/v2\/media?parent=25408"}],"wp:term":[{"taxonomy":"category","embeddable":true,"href":"https:\/\/about.fb.com\/de\/wp-json\/wp\/v2\/categories?post=25408"},{"taxonomy":"post_tag","embeddable":true,"href":"https:\/\/about.fb.com\/de\/wp-json\/wp\/v2\/tags?post=25408"}],"curies":[{"name":"wp","href":"https:\/\/api.w.org\/{rel}","templated":true}]}}