{"id":25300,"date":"2020-09-07T09:00:46","date_gmt":"2020-09-07T08:00:46","guid":{"rendered":"https:\/\/about.fb.com\/de\/?p=25300"},"modified":"2020-09-15T05:57:23","modified_gmt":"2020-09-15T04:57:23","slug":"facebook-weitet-faktenprueferprogramm-aus-afp-wird-partner-in-deutschland-oesterreich-und-der-schweiz","status":"publish","type":"post","link":"https:\/\/about.fb.com\/de\/news\/2020\/09\/facebook-weitet-faktenprueferprogramm-aus-afp-wird-partner-in-deutschland-oesterreich-und-der-schweiz\/","title":{"rendered":"Facebook weitet Faktenpr\u00fcferprogramm aus: AFP wird Partner in Deutschland, \u00d6sterreich und der Schweiz"},"content":{"rendered":"<p><span style=\"font-weight: 400\">Weltweit arbeitet Facebook mit mehr als 70 unabh\u00e4ngigen Faktenpr\u00fcfern zusammen, die \u00fcber 50 Sprachen abdecken &#8211; darunter Nachrichtenagenturen, Medienunternehmen und gemeinn\u00fctzige Organisationen. Nun st\u00e4rken wir unser Faktenpr\u00fcferprogramm in der DACH-Region mit einem neuen Partner: die Nachrichtenagentur Agence France-Presse (AFP), die bereits seit 2017 Teil des Faktenpr\u00fcferprogramms und Facebooks gr\u00f6\u00dfter weltweit t\u00e4tiger Partner ist, \u00fcberpr\u00fcft ab sofort auch Inhalte aus Deutschland, \u00d6sterreich und der Schweiz.<\/span><\/p>\n<blockquote><p><span style=\"font-weight: 400\">\u201cDer Beginn unserer Faktenpr\u00fcfung im deutschsprachigen Raum ist ein weiterer wichtiger Meilenstein auf dem Weg, die Aktivit\u00e4ten der AFP im Bereich der digitalen Verifizierung von Fakten international weiterzuentwickeln. Unsere spezialisierten Faktenpr\u00fcfer werden sich dabei nicht nur auf das bestehende Netzwerk der AFP-Faktenpr\u00fcfer rund um den Globus verlassen, sondern auch auf die Expertise von Dutzenden von Reportern, die in Deutschland f\u00fcr die AFP t\u00e4tig sind.\u201d &#8211; <\/span><b>Yacine Le Forestier, Head of AFP Germany.<\/b><\/p><\/blockquote>\n<p><span style=\"font-weight: 400\">In Deutschland ist AFP damit der dritte Partner, der t\u00e4tig ist, um fragw\u00fcrdige Nachrichten, Bilder und Videos auf Facebook und Instagram auf ihren Wahrheitsgehalt zu \u00fcberpr\u00fcfen und im Zweifelsfall mit einem Warnhinweis zu versehen. Die Kooperation mit der Deutsche Presse-Agentur GmbH (dpa) besteht seit M\u00e4rz 2019, das Rechercheb\u00fcro <\/span><span style=\"font-weight: 400\">Co<\/span><span style=\"font-weight: 400\">rrectiv pr\u00fcft seit Januar 2017 Falschmeldungen auf Facebook. Im Mai 2020 hat Facebook zudem die Zusammenarbeit mit der dpa auf \u00d6sterreich und die Schweiz ausgeweitet. F\u00fcr den deutschsprachigen Raum baut AFP ein eigenes Faktencheck-Team mit lokalen und mehrsprachigen Journalisten in Berlin auf.<\/span><\/p>\n<blockquote><p><span style=\"font-weight: 400\">\u201cFalschinformationen zu bek\u00e4mpfen und die Sicherheit auf unseren Plattformen zu gew\u00e4hrleisten hat f\u00fcr uns h\u00f6chste Priorit\u00e4t. Als mehrsprachige Nachrichtenagentur war Agence France-Presse einer unserer ersten unabh\u00e4ngigen Partner f\u00fcr die Faktenpr\u00fcfung seit Start des Programms im Jahr 2016. Wir freuen uns daher, mit AFP einen weiteren starken Partner f\u00fcr den deutschsprachigen Raum zu haben, der durch sein umfangreiches Netzwerk und lokales Wissen einen echten Mehrwert bringt.\u201d &#8211; <\/span><b>Sophie Eyears, Partner Solutions Manager, EMEA News, Media Partnerships bei Facebook<\/b><span style=\"font-weight: 400\">.<\/span><\/p><\/blockquote>\n<p><b>Verbreitung von Falschinformationen eind\u00e4mmen<\/b><\/p>\n<p><span style=\"font-weight: 400\">Die Zusammenarbeit mit unabh\u00e4ngigen, externen Faktenpr\u00fcfern ist ein Schwerpunkt in Facebooks dreistufiger Strategie \u201cEntfernen, Reduzieren, Informieren\u201d zur Bek\u00e4mpfung von Falschmeldungen auf unseren Plattformen. Sobald ein Beitrag von einem Faktenpr\u00fcfer als falsch eingestuft wird, wird der Post mit einem entsprechenden Label gekennzeichnet und seine Reichweite auf Facebook und Instagram eingeschr\u00e4nkt. Zudem zeigen wir den Menschen verl\u00e4ssliche Informationen zu dem Thema an. So k\u00f6nnen sie selbst besser entscheiden, ob eine Quelle oder eine Nachricht als vertrauensw\u00fcrdig erachtet werden kann. Personen, die diese Inhalte bereits geteilt haben oder dies beabsichtigen benachrichtigen wir und machen sie darauf aufmerksam, dass sie auf ihren Wahrheitsgehalt \u00fcberpr\u00fcft worden sind.<\/span><\/p>\n<p><span style=\"font-weight: 400\">Allein von April bis Juni haben wir zum Beispiel Falschmeldung-Warnungen zu rund 98 Millionen Beitr\u00e4gen auf Facebook im Zusammenhang mit COVID-19 angezeigt. Aufgrund der Warnhinweise haben sich Nutzer in etwa 95 Prozent der F\u00e4lle den urspr\u00fcnglich ausgew\u00e4hlten Inhalt letztlich nicht anzeigen lassen.<\/span><\/p>\n<p><b>Ein globales Netzwerk von mehr als 70 Partnern\u00a0<\/b><\/p>\n<p><span style=\"font-weight: 400\">Alle Programmteilnehmer sind durch das unabh\u00e4ngige <\/span><a href=\"https:\/\/www.poynter.org\/ifcn\/\"><span style=\"font-weight: 400\">International Fact-Checking Network<\/span><\/a><span style=\"font-weight: 400\"> (IFCN) zertifiziert. In den vergangenen Monaten haben wir dieses Programm um zus\u00e4tzliche Partner und Sprachen erweitert, darunter Reuters in Gro\u00dfbritannien, AFP und dpa in den Benelux-L\u00e4ndern sowie MyGoPen in Thailand.\u00a0<\/span><\/p>\n<p><span style=\"font-weight: 400\">Angesichts der Vielzahl an Inhalten sind der manuellen \u00dcberpr\u00fcfung von Beitr\u00e4gen durch Faktenpr\u00fcfer Grenzen gesetzt. Deshalb nutzen wir Erkenntnisse aus der Zusammenarbeit auch f\u00fcr die Verbesserung unserer automatisierten Systeme. Mithilfe von Machine Learning k\u00f6nnen Muster so besser erkannt und die Verbreitung von Falschmeldungen nachhaltig eingeschr\u00e4nkt werden.<\/span><\/p>\n","protected":false},"excerpt":{"rendered":"Weltweit arbeitet Facebook mit mehr als 70 unabh\u00e4ngigen Faktenpr\u00fcfern zusammen, die \u00fcber 50 Sprachen abdecken &#8211; darunter Nachrichtenagenturen, Medienunternehmen und gemeinn\u00fctzige Organisationen. Nun st\u00e4rken wir unser Faktenpr\u00fcferprogramm in der DACH-Region mit einem neuen Partner: die Nachrichtenagentur Agence France-Presse (AFP), die bereits seit 2017 Teil des Faktenpr\u00fcferprogramms und Facebooks gr\u00f6\u00dfter weltweit t\u00e4tiger Partner ist, \u00fcberpr\u00fcft ab sofort auch Inhalte aus Deutschland, \u00d6sterreich und der Schweiz. \u201cDer Beginn unserer Faktenpr\u00fcfung im deutschsprachigen Raum ist ein weiterer wichtiger Meilenstein auf dem Weg, die Aktivit\u00e4ten der AFP im Bereich der digitalen Verifizierung von Fakten international weiterzuentwickeln. Unsere spezialisierten Faktenpr\u00fcfer werden sich dabei nicht nur auf das bestehende Netzwerk der AFP-Faktenpr\u00fcfer rund um den Globus verlassen, sondern auch auf die Expertise von Dutzenden von Reportern, die in Deutschland f\u00fcr die AFP t\u00e4tig sind.\u201d &#8211; Yacine Le Forestier, Head of AFP Germany. In Deutschland ist AFP damit der dritte Partner, der t\u00e4tig ist, um fragw\u00fcrdige Nachrichten, Bilder und Videos auf Facebook und Instagram auf ihren Wahrheitsgehalt zu \u00fcberpr\u00fcfen und im Zweifelsfall mit einem Warnhinweis zu versehen. Die Kooperation mit der Deutsche Presse-Agentur GmbH (dpa) besteht seit M\u00e4rz 2019, das Rechercheb\u00fcro Correctiv pr\u00fcft seit Januar 2017 Falschmeldungen auf Facebook. Im Mai 2020 hat Facebook zudem die Zusammenarbeit mit der dpa auf \u00d6sterreich und die Schweiz ausgeweitet. F\u00fcr den deutschsprachigen Raum baut AFP ein eigenes Faktencheck-Team mit lokalen und mehrsprachigen Journalisten in Berlin auf. \u201cFalschinformationen zu bek\u00e4mpfen und die Sicherheit auf unseren Plattformen zu gew\u00e4hrleisten hat f\u00fcr uns h\u00f6chste Priorit\u00e4t. Als mehrsprachige Nachrichtenagentur war Agence France-Presse einer unserer ersten unabh\u00e4ngigen Partner f\u00fcr die Faktenpr\u00fcfung seit Start des Programms im Jahr 2016. Wir freuen uns daher, mit AFP einen weiteren starken Partner f\u00fcr den deutschsprachigen Raum zu haben, der durch sein umfangreiches Netzwerk und lokales Wissen einen echten Mehrwert bringt.\u201d &#8211; Sophie Eyears, Partner Solutions Manager, EMEA News, Media Partnerships bei Facebook. Verbreitung von Falschinformationen eind\u00e4mmen Die Zusammenarbeit mit unabh\u00e4ngigen, externen Faktenpr\u00fcfern ist ein Schwerpunkt in Facebooks dreistufiger Strategie \u201cEntfernen, Reduzieren, Informieren\u201d zur Bek\u00e4mpfung von Falschmeldungen auf unseren Plattformen. Sobald ein Beitrag von einem Faktenpr\u00fcfer als falsch eingestuft wird, wird der Post mit einem entsprechenden Label gekennzeichnet und seine Reichweite auf Facebook und Instagram eingeschr\u00e4nkt. Zudem zeigen wir den Menschen verl\u00e4ssliche Informationen zu dem Thema an. So k\u00f6nnen sie selbst besser entscheiden, ob eine Quelle oder eine Nachricht als vertrauensw\u00fcrdig erachtet werden kann. Personen, die diese Inhalte bereits geteilt haben oder dies beabsichtigen benachrichtigen wir und machen sie darauf aufmerksam, dass sie auf ihren Wahrheitsgehalt \u00fcberpr\u00fcft worden sind. Allein von April bis Juni haben wir zum Beispiel Falschmeldung-Warnungen zu rund 98 Millionen Beitr\u00e4gen auf Facebook im Zusammenhang mit COVID-19 angezeigt. Aufgrund der Warnhinweise haben sich Nutzer in etwa 95 Prozent der F\u00e4lle den urspr\u00fcnglich ausgew\u00e4hlten Inhalt letztlich nicht anzeigen lassen. Ein globales Netzwerk von mehr als 70 Partnern\u00a0 Alle Programmteilnehmer sind durch das unabh\u00e4ngige International Fact-Checking Network (IFCN) zertifiziert. In den vergangenen Monaten haben wir dieses Programm um zus\u00e4tzliche Partner und Sprachen erweitert, darunter Reuters in Gro\u00dfbritannien, AFP und dpa in den Benelux-L\u00e4ndern sowie MyGoPen in Thailand.\u00a0 Angesichts der Vielzahl an Inhalten sind der manuellen \u00dcberpr\u00fcfung von Beitr\u00e4gen durch Faktenpr\u00fcfer Grenzen gesetzt. Deshalb nutzen wir Erkenntnisse aus der Zusammenarbeit auch f\u00fcr die Verbesserung unserer automatisierten Systeme. Mithilfe von Machine Learning k\u00f6nnen Muster so besser erkannt und die Verbreitung von Falschmeldungen nachhaltig eingeschr\u00e4nkt werden.","protected":false},"author":116743763,"featured_media":25301,"comment_status":"closed","ping_status":"closed","sticky":false,"template":"","format":"standard","meta":{"_jetpack_memberships_contains_paid_content":false,"footnotes":""},"categories":[235301,555973266,555973442],"tags":[555973567,555973569,555973568,555973330,555973288,555973287],"class_list":["post-25300","post","type-post","status-publish","format-standard","has-post-thumbnail","hentry","category-falschmeldungen","category-medienpartnerschaften","category-meta","tag-afp","tag-correctiv","tag-dpa","tag-fake-news","tag-faktenpruefer","tag-falschnachrichten"],"yoast_head":"<!-- This site is optimized with the Yoast SEO plugin v27.2 - https:\/\/yoast.com\/product\/yoast-seo-wordpress\/ -->\n<title>Facebook weitet Faktenpr\u00fcferprogramm aus: AFP wird Partner in Deutschland, \u00d6sterreich und der Schweiz | \u00dcber Meta<\/title>\n<meta name=\"robots\" content=\"index, follow, max-snippet:-1, max-image-preview:large, max-video-preview:-1\" \/>\n<link rel=\"canonical\" href=\"https:\/\/about.fb.com\/de\/news\/2020\/09\/facebook-weitet-faktenprueferprogramm-aus-afp-wird-partner-in-deutschland-oesterreich-und-der-schweiz\/\" \/>\n<meta property=\"og:locale\" content=\"de_DE\" \/>\n<meta property=\"og:type\" content=\"article\" \/>\n<meta property=\"og:title\" content=\"Facebook weitet Faktenpr\u00fcferprogramm aus: AFP wird Partner in Deutschland, \u00d6sterreich und der Schweiz | \u00dcber Meta\" \/>\n<meta property=\"og:description\" content=\"Weltweit arbeitet Facebook mit mehr als 70 unabh\u00e4ngigen Faktenpr\u00fcfern zusammen, die \u00fcber 50 Sprachen abdecken &#8211; darunter Nachrichtenagenturen, Medienunternehmen und gemeinn\u00fctzige Organisationen. Nun st\u00e4rken wir unser Faktenpr\u00fcferprogramm in der DACH-Region mit einem neuen Partner: die Nachrichtenagentur Agence France-Presse (AFP), die bereits seit 2017 Teil des Faktenpr\u00fcferprogramms und Facebooks gr\u00f6\u00dfter weltweit t\u00e4tiger Partner ist, \u00fcberpr\u00fcft ab sofort auch Inhalte aus Deutschland, \u00d6sterreich und der Schweiz. \u201cDer Beginn unserer Faktenpr\u00fcfung im deutschsprachigen Raum ist ein weiterer wichtiger Meilenstein auf dem Weg, die Aktivit\u00e4ten der AFP im Bereich der digitalen Verifizierung von Fakten international weiterzuentwickeln. Unsere spezialisierten Faktenpr\u00fcfer werden sich dabei nicht nur auf das bestehende Netzwerk der AFP-Faktenpr\u00fcfer rund um den Globus verlassen, sondern auch auf die Expertise von Dutzenden von Reportern, die in Deutschland f\u00fcr die AFP t\u00e4tig sind.\u201d &#8211; Yacine Le Forestier, Head of AFP Germany. In Deutschland ist AFP damit der dritte Partner, der t\u00e4tig ist, um fragw\u00fcrdige Nachrichten, Bilder und Videos auf Facebook und Instagram auf ihren Wahrheitsgehalt zu \u00fcberpr\u00fcfen und im Zweifelsfall mit einem Warnhinweis zu versehen. Die Kooperation mit der Deutsche Presse-Agentur GmbH (dpa) besteht seit M\u00e4rz 2019, das Rechercheb\u00fcro Correctiv pr\u00fcft seit Januar 2017 Falschmeldungen auf Facebook. Im Mai 2020 hat Facebook zudem die Zusammenarbeit mit der dpa auf \u00d6sterreich und die Schweiz ausgeweitet. F\u00fcr den deutschsprachigen Raum baut AFP ein eigenes Faktencheck-Team mit lokalen und mehrsprachigen Journalisten in Berlin auf. \u201cFalschinformationen zu bek\u00e4mpfen und die Sicherheit auf unseren Plattformen zu gew\u00e4hrleisten hat f\u00fcr uns h\u00f6chste Priorit\u00e4t. Als mehrsprachige Nachrichtenagentur war Agence France-Presse einer unserer ersten unabh\u00e4ngigen Partner f\u00fcr die Faktenpr\u00fcfung seit Start des Programms im Jahr 2016. Wir freuen uns daher, mit AFP einen weiteren starken Partner f\u00fcr den deutschsprachigen Raum zu haben, der durch sein umfangreiches Netzwerk und lokales Wissen einen echten Mehrwert bringt.\u201d &#8211; Sophie Eyears, Partner Solutions Manager, EMEA News, Media Partnerships bei Facebook. Verbreitung von Falschinformationen eind\u00e4mmen Die Zusammenarbeit mit unabh\u00e4ngigen, externen Faktenpr\u00fcfern ist ein Schwerpunkt in Facebooks dreistufiger Strategie \u201cEntfernen, Reduzieren, Informieren\u201d zur Bek\u00e4mpfung von Falschmeldungen auf unseren Plattformen. Sobald ein Beitrag von einem Faktenpr\u00fcfer als falsch eingestuft wird, wird der Post mit einem entsprechenden Label gekennzeichnet und seine Reichweite auf Facebook und Instagram eingeschr\u00e4nkt. Zudem zeigen wir den Menschen verl\u00e4ssliche Informationen zu dem Thema an. So k\u00f6nnen sie selbst besser entscheiden, ob eine Quelle oder eine Nachricht als vertrauensw\u00fcrdig erachtet werden kann. Personen, die diese Inhalte bereits geteilt haben oder dies beabsichtigen benachrichtigen wir und machen sie darauf aufmerksam, dass sie auf ihren Wahrheitsgehalt \u00fcberpr\u00fcft worden sind. Allein von April bis Juni haben wir zum Beispiel Falschmeldung-Warnungen zu rund 98 Millionen Beitr\u00e4gen auf Facebook im Zusammenhang mit COVID-19 angezeigt. Aufgrund der Warnhinweise haben sich Nutzer in etwa 95 Prozent der F\u00e4lle den urspr\u00fcnglich ausgew\u00e4hlten Inhalt letztlich nicht anzeigen lassen. Ein globales Netzwerk von mehr als 70 Partnern\u00a0 Alle Programmteilnehmer sind durch das unabh\u00e4ngige International Fact-Checking Network (IFCN) zertifiziert. In den vergangenen Monaten haben wir dieses Programm um zus\u00e4tzliche Partner und Sprachen erweitert, darunter Reuters in Gro\u00dfbritannien, AFP und dpa in den Benelux-L\u00e4ndern sowie MyGoPen in Thailand.\u00a0 Angesichts der Vielzahl an Inhalten sind der manuellen \u00dcberpr\u00fcfung von Beitr\u00e4gen durch Faktenpr\u00fcfer Grenzen gesetzt. Deshalb nutzen wir Erkenntnisse aus der Zusammenarbeit auch f\u00fcr die Verbesserung unserer automatisierten Systeme. Mithilfe von Machine Learning k\u00f6nnen Muster so besser erkannt und die Verbreitung von Falschmeldungen nachhaltig eingeschr\u00e4nkt werden.\" \/>\n<meta property=\"og:url\" content=\"https:\/\/about.fb.com\/de\/news\/2020\/09\/facebook-weitet-faktenprueferprogramm-aus-afp-wird-partner-in-deutschland-oesterreich-und-der-schweiz\/\" \/>\n<meta property=\"og:site_name\" content=\"\u00dcber Meta\" \/>\n<meta property=\"article:published_time\" content=\"2020-09-07T08:00:46+00:00\" \/>\n<meta property=\"article:modified_time\" content=\"2020-09-15T04:57:23+00:00\" \/>\n<meta property=\"og:image\" content=\"https:\/\/about.fb.com\/de\/wp-content\/uploads\/sites\/10\/2020\/09\/Woman-Smartphone.jpg?resize=1024,585\" \/>\n\t<meta property=\"og:image:width\" content=\"1024\" \/>\n\t<meta property=\"og:image:height\" content=\"585\" \/>\n\t<meta property=\"og:image:type\" content=\"image\/jpeg\" \/>\n<meta name=\"author\" content=\"Trilligent\" \/>\n<meta name=\"twitter:card\" content=\"summary_large_image\" \/>\n<meta name=\"twitter:label1\" content=\"Written by\" \/>\n\t<meta name=\"twitter:data1\" content=\"Meta\" \/>\n\t<meta name=\"twitter:label2\" content=\"Est. reading time\" \/>\n\t<meta name=\"twitter:data2\" content=\"3 Minuten\" \/>\n<script type=\"application\/ld+json\" class=\"yoast-schema-graph\">{\"@context\":\"https:\/\/schema.org\",\"@graph\":[{\"@type\":\"Article\",\"@id\":\"https:\/\/about.fb.com\/de\/news\/2020\/09\/facebook-weitet-faktenprueferprogramm-aus-afp-wird-partner-in-deutschland-oesterreich-und-der-schweiz\/#article\",\"isPartOf\":{\"@id\":\"https:\/\/about.fb.com\/de\/news\/2020\/09\/facebook-weitet-faktenprueferprogramm-aus-afp-wird-partner-in-deutschland-oesterreich-und-der-schweiz\/\"},\"author\":\"Facebook company\",\"headline\":\"Facebook weitet Faktenpr\u00fcferprogramm aus: AFP wird Partner in Deutschland, \u00d6sterreich und der Schweiz\",\"datePublished\":\"2020-09-07T08:00:46+00:00\",\"dateModified\":\"2020-09-15T04:57:23+00:00\",\"mainEntityOfPage\":{\"@id\":\"https:\/\/about.fb.com\/de\/news\/2020\/09\/facebook-weitet-faktenprueferprogramm-aus-afp-wird-partner-in-deutschland-oesterreich-und-der-schweiz\/\"},\"wordCount\":604,\"publisher\":{\"@id\":\"https:\/\/about.fb.com\/de\/#organization\"},\"image\":{\"@id\":\"https:\/\/about.fb.com\/de\/news\/2020\/09\/facebook-weitet-faktenprueferprogramm-aus-afp-wird-partner-in-deutschland-oesterreich-und-der-schweiz\/#primaryimage\"},\"thumbnailUrl\":\"https:\/\/about.fb.com\/de\/wp-content\/uploads\/sites\/10\/2020\/09\/Woman-Smartphone.jpg?fit=2000%2C1143\",\"keywords\":[\"AFP\",\"Correctiv\",\"DPA\",\"Fake News\",\"Faktenpr\u00fcfer\",\"Falschnachrichten\"],\"articleSection\":[\"Falschmeldungen\",\"Medienpartnerschaften\",\"Meta\"],\"inLanguage\":\"de-DE\"},{\"@type\":\"WebPage\",\"@id\":\"https:\/\/about.fb.com\/de\/news\/2020\/09\/facebook-weitet-faktenprueferprogramm-aus-afp-wird-partner-in-deutschland-oesterreich-und-der-schweiz\/\",\"url\":\"https:\/\/about.fb.com\/de\/news\/2020\/09\/facebook-weitet-faktenprueferprogramm-aus-afp-wird-partner-in-deutschland-oesterreich-und-der-schweiz\/\",\"name\":\"Facebook weitet Faktenpr\u00fcferprogramm aus: AFP wird Partner in Deutschland, \u00d6sterreich und der Schweiz | \u00dcber Meta\",\"isPartOf\":{\"@id\":\"https:\/\/about.fb.com\/de\/#website\"},\"primaryImageOfPage\":{\"@id\":\"https:\/\/about.fb.com\/de\/news\/2020\/09\/facebook-weitet-faktenprueferprogramm-aus-afp-wird-partner-in-deutschland-oesterreich-und-der-schweiz\/#primaryimage\"},\"image\":{\"@id\":\"https:\/\/about.fb.com\/de\/news\/2020\/09\/facebook-weitet-faktenprueferprogramm-aus-afp-wird-partner-in-deutschland-oesterreich-und-der-schweiz\/#primaryimage\"},\"thumbnailUrl\":\"https:\/\/about.fb.com\/de\/wp-content\/uploads\/sites\/10\/2020\/09\/Woman-Smartphone.jpg?fit=2000%2C1143\",\"datePublished\":\"2020-09-07T08:00:46+00:00\",\"dateModified\":\"2020-09-15T04:57:23+00:00\",\"breadcrumb\":{\"@id\":\"https:\/\/about.fb.com\/de\/news\/2020\/09\/facebook-weitet-faktenprueferprogramm-aus-afp-wird-partner-in-deutschland-oesterreich-und-der-schweiz\/#breadcrumb\"},\"inLanguage\":\"de-DE\",\"potentialAction\":[{\"@type\":\"ReadAction\",\"target\":[\"https:\/\/about.fb.com\/de\/news\/2020\/09\/facebook-weitet-faktenprueferprogramm-aus-afp-wird-partner-in-deutschland-oesterreich-und-der-schweiz\/\"]}],\"author\":\"\u00dcber Meta\"},{\"@type\":\"ImageObject\",\"inLanguage\":\"de-DE\",\"@id\":\"https:\/\/about.fb.com\/de\/news\/2020\/09\/facebook-weitet-faktenprueferprogramm-aus-afp-wird-partner-in-deutschland-oesterreich-und-der-schweiz\/#primaryimage\",\"url\":\"https:\/\/about.fb.com\/de\/wp-content\/uploads\/sites\/10\/2020\/09\/Woman-Smartphone.jpg?fit=2000%2C1143\",\"contentUrl\":\"https:\/\/about.fb.com\/de\/wp-content\/uploads\/sites\/10\/2020\/09\/Woman-Smartphone.jpg?fit=2000%2C1143\",\"width\":2000,\"height\":1143},{\"@type\":\"BreadcrumbList\",\"@id\":\"https:\/\/about.fb.com\/de\/news\/2020\/09\/facebook-weitet-faktenprueferprogramm-aus-afp-wird-partner-in-deutschland-oesterreich-und-der-schweiz\/#breadcrumb\",\"itemListElement\":[{\"@type\":\"ListItem\",\"position\":1,\"name\":\"Home\",\"item\":\"https:\/\/about.fb.com\/de\/\"},{\"@type\":\"ListItem\",\"position\":2,\"name\":\"Facebook weitet Faktenpr\u00fcferprogramm aus: AFP wird Partner in Deutschland, \u00d6sterreich und der Schweiz\"}]},{\"@type\":\"WebSite\",\"@id\":\"https:\/\/about.fb.com\/de\/#website\",\"url\":\"https:\/\/about.fb.com\/news\/\",\"name\":\"\u00dcber Meta\",\"description\":\"\",\"publisher\":{\"@id\":\"https:\/\/about.fb.com\/de\/#organization\"},\"potentialAction\":[{\"@type\":\"SearchAction\",\"target\":{\"@type\":\"EntryPoint\",\"urlTemplate\":\"https:\/\/about.fb.com\/de\/?s={search_term_string}\"},\"query-input\":{\"@type\":\"PropertyValueSpecification\",\"valueRequired\":true,\"valueName\":\"search_term_string\"}}],\"inLanguage\":\"de-DE\",\"alternateName\":[\"Meta Newsroom\",\"Meta\"]},{\"@type\":\"Organization\",\"@id\":\"https:\/\/about.fb.com\/de\/#organization\",\"name\":\"Meta\",\"url\":\"https:\/\/about.fb.com\/de\/\",\"logo\":{\"@type\":\"ImageObject\",\"inLanguage\":\"de-DE\",\"@id\":\"https:\/\/about.fb.com\/de\/#\/schema\/logo\/image\/\",\"url\":\"https:\/\/about.fb.com\/de\/wp-content\/uploads\/sites\/10\/2021\/10\/meta-social-16x9-1.jpg?fit=8000%2C4500\",\"contentUrl\":\"https:\/\/about.fb.com\/de\/wp-content\/uploads\/sites\/10\/2021\/10\/meta-social-16x9-1.jpg?fit=8000%2C4500\",\"width\":8000,\"height\":4500,\"caption\":\"Meta\"},\"image\":{\"@id\":\"https:\/\/about.fb.com\/de\/#\/schema\/logo\/image\/\"}}]}<\/script>\n<!-- \/ Yoast SEO plugin. -->","yoast_head_json":{"title":"Facebook weitet Faktenpr\u00fcferprogramm aus: AFP wird Partner in Deutschland, \u00d6sterreich und der Schweiz | \u00dcber Meta","robots":{"index":"index","follow":"follow","max-snippet":"max-snippet:-1","max-image-preview":"max-image-preview:large","max-video-preview":"max-video-preview:-1"},"canonical":"https:\/\/about.fb.com\/de\/news\/2020\/09\/facebook-weitet-faktenprueferprogramm-aus-afp-wird-partner-in-deutschland-oesterreich-und-der-schweiz\/","og_locale":"de_DE","og_type":"article","og_title":"Facebook weitet Faktenpr\u00fcferprogramm aus: AFP wird Partner in Deutschland, \u00d6sterreich und der Schweiz | \u00dcber Meta","og_description":"Weltweit arbeitet Facebook mit mehr als 70 unabh\u00e4ngigen Faktenpr\u00fcfern zusammen, die \u00fcber 50 Sprachen abdecken &#8211; darunter Nachrichtenagenturen, Medienunternehmen und gemeinn\u00fctzige Organisationen. Nun st\u00e4rken wir unser Faktenpr\u00fcferprogramm in der DACH-Region mit einem neuen Partner: die Nachrichtenagentur Agence France-Presse (AFP), die bereits seit 2017 Teil des Faktenpr\u00fcferprogramms und Facebooks gr\u00f6\u00dfter weltweit t\u00e4tiger Partner ist, \u00fcberpr\u00fcft ab sofort auch Inhalte aus Deutschland, \u00d6sterreich und der Schweiz. \u201cDer Beginn unserer Faktenpr\u00fcfung im deutschsprachigen Raum ist ein weiterer wichtiger Meilenstein auf dem Weg, die Aktivit\u00e4ten der AFP im Bereich der digitalen Verifizierung von Fakten international weiterzuentwickeln. Unsere spezialisierten Faktenpr\u00fcfer werden sich dabei nicht nur auf das bestehende Netzwerk der AFP-Faktenpr\u00fcfer rund um den Globus verlassen, sondern auch auf die Expertise von Dutzenden von Reportern, die in Deutschland f\u00fcr die AFP t\u00e4tig sind.\u201d &#8211; Yacine Le Forestier, Head of AFP Germany. In Deutschland ist AFP damit der dritte Partner, der t\u00e4tig ist, um fragw\u00fcrdige Nachrichten, Bilder und Videos auf Facebook und Instagram auf ihren Wahrheitsgehalt zu \u00fcberpr\u00fcfen und im Zweifelsfall mit einem Warnhinweis zu versehen. Die Kooperation mit der Deutsche Presse-Agentur GmbH (dpa) besteht seit M\u00e4rz 2019, das Rechercheb\u00fcro Correctiv pr\u00fcft seit Januar 2017 Falschmeldungen auf Facebook. Im Mai 2020 hat Facebook zudem die Zusammenarbeit mit der dpa auf \u00d6sterreich und die Schweiz ausgeweitet. F\u00fcr den deutschsprachigen Raum baut AFP ein eigenes Faktencheck-Team mit lokalen und mehrsprachigen Journalisten in Berlin auf. \u201cFalschinformationen zu bek\u00e4mpfen und die Sicherheit auf unseren Plattformen zu gew\u00e4hrleisten hat f\u00fcr uns h\u00f6chste Priorit\u00e4t. Als mehrsprachige Nachrichtenagentur war Agence France-Presse einer unserer ersten unabh\u00e4ngigen Partner f\u00fcr die Faktenpr\u00fcfung seit Start des Programms im Jahr 2016. Wir freuen uns daher, mit AFP einen weiteren starken Partner f\u00fcr den deutschsprachigen Raum zu haben, der durch sein umfangreiches Netzwerk und lokales Wissen einen echten Mehrwert bringt.\u201d &#8211; Sophie Eyears, Partner Solutions Manager, EMEA News, Media Partnerships bei Facebook. Verbreitung von Falschinformationen eind\u00e4mmen Die Zusammenarbeit mit unabh\u00e4ngigen, externen Faktenpr\u00fcfern ist ein Schwerpunkt in Facebooks dreistufiger Strategie \u201cEntfernen, Reduzieren, Informieren\u201d zur Bek\u00e4mpfung von Falschmeldungen auf unseren Plattformen. Sobald ein Beitrag von einem Faktenpr\u00fcfer als falsch eingestuft wird, wird der Post mit einem entsprechenden Label gekennzeichnet und seine Reichweite auf Facebook und Instagram eingeschr\u00e4nkt. Zudem zeigen wir den Menschen verl\u00e4ssliche Informationen zu dem Thema an. So k\u00f6nnen sie selbst besser entscheiden, ob eine Quelle oder eine Nachricht als vertrauensw\u00fcrdig erachtet werden kann. Personen, die diese Inhalte bereits geteilt haben oder dies beabsichtigen benachrichtigen wir und machen sie darauf aufmerksam, dass sie auf ihren Wahrheitsgehalt \u00fcberpr\u00fcft worden sind. Allein von April bis Juni haben wir zum Beispiel Falschmeldung-Warnungen zu rund 98 Millionen Beitr\u00e4gen auf Facebook im Zusammenhang mit COVID-19 angezeigt. Aufgrund der Warnhinweise haben sich Nutzer in etwa 95 Prozent der F\u00e4lle den urspr\u00fcnglich ausgew\u00e4hlten Inhalt letztlich nicht anzeigen lassen. Ein globales Netzwerk von mehr als 70 Partnern\u00a0 Alle Programmteilnehmer sind durch das unabh\u00e4ngige International Fact-Checking Network (IFCN) zertifiziert. In den vergangenen Monaten haben wir dieses Programm um zus\u00e4tzliche Partner und Sprachen erweitert, darunter Reuters in Gro\u00dfbritannien, AFP und dpa in den Benelux-L\u00e4ndern sowie MyGoPen in Thailand.\u00a0 Angesichts der Vielzahl an Inhalten sind der manuellen \u00dcberpr\u00fcfung von Beitr\u00e4gen durch Faktenpr\u00fcfer Grenzen gesetzt. Deshalb nutzen wir Erkenntnisse aus der Zusammenarbeit auch f\u00fcr die Verbesserung unserer automatisierten Systeme. Mithilfe von Machine Learning k\u00f6nnen Muster so besser erkannt und die Verbreitung von Falschmeldungen nachhaltig eingeschr\u00e4nkt werden.","og_url":"https:\/\/about.fb.com\/de\/news\/2020\/09\/facebook-weitet-faktenprueferprogramm-aus-afp-wird-partner-in-deutschland-oesterreich-und-der-schweiz\/","og_site_name":"\u00dcber Meta","article_published_time":"2020-09-07T08:00:46+00:00","article_modified_time":"2020-09-15T04:57:23+00:00","og_image":[{"width":1024,"height":585,"url":"https:\/\/about.fb.com\/de\/wp-content\/uploads\/sites\/10\/2020\/09\/Woman-Smartphone.jpg?resize=1024,585","type":"image\/jpeg"}],"author":"Trilligent","twitter_card":"summary_large_image","twitter_misc":{"Written by":"Meta","Est. reading time":"3 Minuten"},"schema":{"@context":"https:\/\/schema.org","@graph":[{"@type":"Article","@id":"https:\/\/about.fb.com\/de\/news\/2020\/09\/facebook-weitet-faktenprueferprogramm-aus-afp-wird-partner-in-deutschland-oesterreich-und-der-schweiz\/#article","isPartOf":{"@id":"https:\/\/about.fb.com\/de\/news\/2020\/09\/facebook-weitet-faktenprueferprogramm-aus-afp-wird-partner-in-deutschland-oesterreich-und-der-schweiz\/"},"author":"Facebook company","headline":"Facebook weitet Faktenpr\u00fcferprogramm aus: AFP wird Partner in Deutschland, \u00d6sterreich und der Schweiz","datePublished":"2020-09-07T08:00:46+00:00","dateModified":"2020-09-15T04:57:23+00:00","mainEntityOfPage":{"@id":"https:\/\/about.fb.com\/de\/news\/2020\/09\/facebook-weitet-faktenprueferprogramm-aus-afp-wird-partner-in-deutschland-oesterreich-und-der-schweiz\/"},"wordCount":604,"publisher":{"@id":"https:\/\/about.fb.com\/de\/#organization"},"image":{"@id":"https:\/\/about.fb.com\/de\/news\/2020\/09\/facebook-weitet-faktenprueferprogramm-aus-afp-wird-partner-in-deutschland-oesterreich-und-der-schweiz\/#primaryimage"},"thumbnailUrl":"https:\/\/about.fb.com\/de\/wp-content\/uploads\/sites\/10\/2020\/09\/Woman-Smartphone.jpg?fit=2000%2C1143","keywords":["AFP","Correctiv","DPA","Fake News","Faktenpr\u00fcfer","Falschnachrichten"],"articleSection":["Falschmeldungen","Medienpartnerschaften","Meta"],"inLanguage":"de-DE"},{"@type":"WebPage","@id":"https:\/\/about.fb.com\/de\/news\/2020\/09\/facebook-weitet-faktenprueferprogramm-aus-afp-wird-partner-in-deutschland-oesterreich-und-der-schweiz\/","url":"https:\/\/about.fb.com\/de\/news\/2020\/09\/facebook-weitet-faktenprueferprogramm-aus-afp-wird-partner-in-deutschland-oesterreich-und-der-schweiz\/","name":"Facebook weitet Faktenpr\u00fcferprogramm aus: AFP wird Partner in Deutschland, \u00d6sterreich und der Schweiz | \u00dcber Meta","isPartOf":{"@id":"https:\/\/about.fb.com\/de\/#website"},"primaryImageOfPage":{"@id":"https:\/\/about.fb.com\/de\/news\/2020\/09\/facebook-weitet-faktenprueferprogramm-aus-afp-wird-partner-in-deutschland-oesterreich-und-der-schweiz\/#primaryimage"},"image":{"@id":"https:\/\/about.fb.com\/de\/news\/2020\/09\/facebook-weitet-faktenprueferprogramm-aus-afp-wird-partner-in-deutschland-oesterreich-und-der-schweiz\/#primaryimage"},"thumbnailUrl":"https:\/\/about.fb.com\/de\/wp-content\/uploads\/sites\/10\/2020\/09\/Woman-Smartphone.jpg?fit=2000%2C1143","datePublished":"2020-09-07T08:00:46+00:00","dateModified":"2020-09-15T04:57:23+00:00","breadcrumb":{"@id":"https:\/\/about.fb.com\/de\/news\/2020\/09\/facebook-weitet-faktenprueferprogramm-aus-afp-wird-partner-in-deutschland-oesterreich-und-der-schweiz\/#breadcrumb"},"inLanguage":"de-DE","potentialAction":[{"@type":"ReadAction","target":["https:\/\/about.fb.com\/de\/news\/2020\/09\/facebook-weitet-faktenprueferprogramm-aus-afp-wird-partner-in-deutschland-oesterreich-und-der-schweiz\/"]}],"author":"\u00dcber Meta"},{"@type":"ImageObject","inLanguage":"de-DE","@id":"https:\/\/about.fb.com\/de\/news\/2020\/09\/facebook-weitet-faktenprueferprogramm-aus-afp-wird-partner-in-deutschland-oesterreich-und-der-schweiz\/#primaryimage","url":"https:\/\/about.fb.com\/de\/wp-content\/uploads\/sites\/10\/2020\/09\/Woman-Smartphone.jpg?fit=2000%2C1143","contentUrl":"https:\/\/about.fb.com\/de\/wp-content\/uploads\/sites\/10\/2020\/09\/Woman-Smartphone.jpg?fit=2000%2C1143","width":2000,"height":1143},{"@type":"BreadcrumbList","@id":"https:\/\/about.fb.com\/de\/news\/2020\/09\/facebook-weitet-faktenprueferprogramm-aus-afp-wird-partner-in-deutschland-oesterreich-und-der-schweiz\/#breadcrumb","itemListElement":[{"@type":"ListItem","position":1,"name":"Home","item":"https:\/\/about.fb.com\/de\/"},{"@type":"ListItem","position":2,"name":"Facebook weitet Faktenpr\u00fcferprogramm aus: AFP wird Partner in Deutschland, \u00d6sterreich und der Schweiz"}]},{"@type":"WebSite","@id":"https:\/\/about.fb.com\/de\/#website","url":"https:\/\/about.fb.com\/news\/","name":"\u00dcber Meta","description":"","publisher":{"@id":"https:\/\/about.fb.com\/de\/#organization"},"potentialAction":[{"@type":"SearchAction","target":{"@type":"EntryPoint","urlTemplate":"https:\/\/about.fb.com\/de\/?s={search_term_string}"},"query-input":{"@type":"PropertyValueSpecification","valueRequired":true,"valueName":"search_term_string"}}],"inLanguage":"de-DE","alternateName":["Meta Newsroom","Meta"]},{"@type":"Organization","@id":"https:\/\/about.fb.com\/de\/#organization","name":"Meta","url":"https:\/\/about.fb.com\/de\/","logo":{"@type":"ImageObject","inLanguage":"de-DE","@id":"https:\/\/about.fb.com\/de\/#\/schema\/logo\/image\/","url":"https:\/\/about.fb.com\/de\/wp-content\/uploads\/sites\/10\/2021\/10\/meta-social-16x9-1.jpg?fit=8000%2C4500","contentUrl":"https:\/\/about.fb.com\/de\/wp-content\/uploads\/sites\/10\/2021\/10\/meta-social-16x9-1.jpg?fit=8000%2C4500","width":8000,"height":4500,"caption":"Meta"},"image":{"@id":"https:\/\/about.fb.com\/de\/#\/schema\/logo\/image\/"}}]}},"jetpack_featured_media_url":"https:\/\/about.fb.com\/de\/wp-content\/uploads\/sites\/10\/2020\/09\/Woman-Smartphone.jpg?fit=2000%2C1143","jetpack-related-posts":[],"jetpack_sharing_enabled":true,"amp_enabled":true,"_links":{"self":[{"href":"https:\/\/about.fb.com\/de\/wp-json\/wp\/v2\/posts\/25300","targetHints":{"allow":["GET"]}}],"collection":[{"href":"https:\/\/about.fb.com\/de\/wp-json\/wp\/v2\/posts"}],"about":[{"href":"https:\/\/about.fb.com\/de\/wp-json\/wp\/v2\/types\/post"}],"author":[{"embeddable":true,"href":"https:\/\/about.fb.com\/de\/wp-json\/wp\/v2\/users\/116743763"}],"replies":[{"embeddable":true,"href":"https:\/\/about.fb.com\/de\/wp-json\/wp\/v2\/comments?post=25300"}],"version-history":[{"count":3,"href":"https:\/\/about.fb.com\/de\/wp-json\/wp\/v2\/posts\/25300\/revisions"}],"predecessor-version":[{"id":25304,"href":"https:\/\/about.fb.com\/de\/wp-json\/wp\/v2\/posts\/25300\/revisions\/25304"}],"wp:featuredmedia":[{"embeddable":true,"href":"https:\/\/about.fb.com\/de\/wp-json\/wp\/v2\/media\/25301"}],"wp:attachment":[{"href":"https:\/\/about.fb.com\/de\/wp-json\/wp\/v2\/media?parent=25300"}],"wp:term":[{"taxonomy":"category","embeddable":true,"href":"https:\/\/about.fb.com\/de\/wp-json\/wp\/v2\/categories?post=25300"},{"taxonomy":"post_tag","embeddable":true,"href":"https:\/\/about.fb.com\/de\/wp-json\/wp\/v2\/tags?post=25300"}],"curies":[{"name":"wp","href":"https:\/\/api.w.org\/{rel}","templated":true}]}}