{"id":24969,"date":"2020-04-23T17:52:50","date_gmt":"2020-04-23T16:52:50","guid":{"rendered":"https:\/\/about.fb.com\/de\/?p=24969"},"modified":"2020-04-28T18:02:28","modified_gmt":"2020-04-28T17:02:28","slug":"endgueltige-ftc-vereinbarung-bedeutet-staerkere-verantwortlichkeit-im-datenschutz","status":"publish","type":"post","link":"https:\/\/about.fb.com\/de\/news\/2020\/04\/endgueltige-ftc-vereinbarung-bedeutet-staerkere-verantwortlichkeit-im-datenschutz\/","title":{"rendered":"Endg\u00fcltige FTC-Vereinbarung bedeutet st\u00e4rkere Verantwortlichkeit im Datenschutz"},"content":{"rendered":"<p><span style=\"font-weight: 400\">Am vergangenen Donnerstag hat ein US-Bundesgericht offiziell die Vereinbarung genehmigt, die wir im Juli letzten Jahres mit der amerikanischen Verbraucherschutzbeh\u00f6rde (Federal Trade Commission, FTC) getroffen haben. Damit sind die Untersuchungen der FTC abgeschlossen, die im Zuge der Geschehnisse rund um Cambridge Analytica 2018 eingeleitet worden sind.\u00a0<\/span><\/p>\n<p><span style=\"font-weight: 400\">Wie bereits im vergangenen Jahr angek\u00fcndigt, haben wir uns bereit erkl\u00e4rt, unsere Herangehensweise an den Schutz der Privatsph\u00e4re unserer Nutzer grunds\u00e4tzlich zu \u00fcberarbeiten und ein Bu\u00dfgeld in H\u00f6he von 5 Milliarden US-Dollar zu akzeptieren.\u00a0<\/span><\/p>\n<p><span style=\"font-weight: 400\">In meiner Funktion als Chief Privacy Officer for Product habe ich mich verpflichtet, Facebook dabei zu unterst\u00fctzen, wichtige \u00c4nderungen mit Blick auf die Umsetzung von Datenschutzvorgaben vorzunehmen, . Ein Gro\u00dfteil der Ma\u00dfnahmen, die unter der Vereinbarung anstehen, wurde bereits eingeleitet.\u00a0<\/span><\/p>\n<p><b>Eine neues Niveau an Verantwortlichkeit<\/b><\/p>\n<p><span style=\"font-weight: 400\">Im Zuge der Vereinbarung hat Facebook bereits grundlegende \u00c4nderungen vorgenommen. So geht die Art und Weise, wie wir nun die Privatsph\u00e4re der Nutzer sch\u00fctzen, weit \u00fcber alle fr\u00fcheren Ma\u00dfnahmen hinaus. Wir haben unsere Arbeitsweise, die Entwicklung neuer Produkte und Technologien sowie unseren Umgang mit Nutzerdaten grundlegend \u00fcberdacht. Vor allem jedoch schafft die Vereinbarung ein neues Niveau an Verantwortlichkeit und stellt sicher, dass sich jeder einzelne Mitarbeiter bei Facebook f\u00fcr das Thema Datenschutz verantwortlich f\u00fchlt.\u00a0\u00a0\u00a0\u00a0<\/span><\/p>\n<p><span style=\"font-weight: 400\">Nun da die Vereinbarung offiziell genehmigt ist, wird unsere Gesch\u00e4ftsf\u00fchrung, einschlie\u00dflich unseres CEO, der FTC viertelj\u00e4hrlich die Einhaltung der Auflagen bescheinigen. Dar\u00fcber hinaus richten wir ein neues Datenschutz-Gremium in unserem Board of Directors ein und werden mit einem externen, unabh\u00e4ngigen Pr\u00fcfer zusammenarbeiten, der diesem Gremium regelm\u00e4\u00dfig und direkt Bericht zur Einhaltung unseres Datenschutzprogramms erstatten wird.<\/span><\/p>\n<p><img data-recalc-dims=\"1\" loading=\"lazy\" decoding=\"async\" class=\"aligncenter size-large wp-image-24970\" src=\"https:\/\/about.fb.com\/de\/wp-content\/uploads\/sites\/10\/2020\/04\/dgsdgsdg.png?w=890&#038;resize=890%2C890\" alt=\"\" width=\"890\" height=\"890\" srcset=\"https:\/\/about.fb.com\/de\/wp-content\/uploads\/sites\/10\/2020\/04\/dgsdgsdg.png?w=2200 2200w, https:\/\/about.fb.com\/de\/wp-content\/uploads\/sites\/10\/2020\/04\/dgsdgsdg.png?w=400 400w, https:\/\/about.fb.com\/de\/wp-content\/uploads\/sites\/10\/2020\/04\/dgsdgsdg.png?w=300 300w, https:\/\/about.fb.com\/de\/wp-content\/uploads\/sites\/10\/2020\/04\/dgsdgsdg.png?w=768 768w, https:\/\/about.fb.com\/de\/wp-content\/uploads\/sites\/10\/2020\/04\/dgsdgsdg.png?w=1024 1024w, https:\/\/about.fb.com\/de\/wp-content\/uploads\/sites\/10\/2020\/04\/dgsdgsdg.png?w=1536 1536w, https:\/\/about.fb.com\/de\/wp-content\/uploads\/sites\/10\/2020\/04\/dgsdgsdg.png?w=2048 2048w, https:\/\/about.fb.com\/de\/wp-content\/uploads\/sites\/10\/2020\/04\/dgsdgsdg.png?w=220 220w, https:\/\/about.fb.com\/de\/wp-content\/uploads\/sites\/10\/2020\/04\/dgsdgsdg.png?w=1080 1080w, https:\/\/about.fb.com\/de\/wp-content\/uploads\/sites\/10\/2020\/04\/dgsdgsdg.png?w=600 600w, https:\/\/about.fb.com\/de\/wp-content\/uploads\/sites\/10\/2020\/04\/dgsdgsdg.png?w=1920 1920w\" sizes=\"auto, (max-width: 890px) 100vw, 890px\" \/><\/p>\n<p><b>Erzielte Fortschritte\u00a0<\/b><\/p>\n<p><span style=\"font-weight: 400\">Zwar liegt noch viel Arbeit vor uns, jedoch haben wir bereits jetzt unsere unternehmensweiten Datenschutzprozesse wesentlich verbessert. Unser Privatsph\u00e4re-Check wurde aktualisiert und leitet Nutzer nun durch einige der wichtigsten Privatsph\u00e4re-Einstellungen auf Facebook. Zudem haben wir Nutzer weltweit daran erinnert, ihre Privatsph\u00e4re-Einstellungen zu pr\u00fcfen. Das Tool \u201eAktivit\u00e4ten au\u00dferhalb von Facebook\u201c wurde vollst\u00e4ndig ausgerollt: Nutzer k\u00f6nnen jetzt sehen, welche Informationen Unternehmen mit uns teilen, und diese falls gew\u00fcnscht aus ihrem Konto entfernen. Erste Einzelheiten zu unserer Datenschutzmethodologie und zu den Schutzmechanismen, die wir in unsere Produkte integriert haben, wurden bereits in der Serie \u201ePrivacy Matters\u201c ver\u00f6ffentlicht, zum Beispiel zu Facebook Pay.<\/span><\/p>\n<p><span style=\"font-weight: 400\">Uns ist klar, dass der Einsatz f\u00fcr die Privatsph\u00e4re unserer Nutzer eine kontinuierliche Verantwortung darstellt, der wir uns jeden Tag stellen m\u00fcssen.\u00a0<\/span><\/p>\n<p><b>Datenschutz wird zur Verantwortung jedes Einzelnen bei Facebook\u00a0<\/b><\/p>\n<p><span style=\"font-weight: 400\">Wir haben eine Reihe unserer erfahrensten F\u00fchrungskr\u00e4fte damit beauftragt, die FTC-Vereinbarung unternehmensweit umzusetzen.\u00a0<\/span><\/p>\n<ul>\n<li style=\"font-weight: 400\"><b>Erin Egan<\/b><span style=\"font-weight: 400\">, unsere Chief Privacy Officer for Public Policy, stellt sicher, dass das Feedback von Regierungen und Experten weltweit in unsere Richtlinien und Praktiken einflie\u00dft.\u00a0<\/span><\/li>\n<li style=\"font-weight: 400\"><b>Vladimir Fedorov<\/b><span style=\"font-weight: 400\">, VP of Engineering, leitet das Team, das f\u00fcr Datenschutz bei Produkten und Infrastruktur und somit f\u00fcr alle relevanten \u00c4nderungen an Produkten, Tooling und Infrastruktur verantwortlich ist.\u00a0<\/span><\/li>\n<li style=\"font-weight: 400\"><b>Delfina Eberly<\/b><span style=\"font-weight: 400\">, VP of Infrastructure, leitet das Managementteam unseres Datenschutzprogramms, das Design, Implementierung und Tests in diesem Bereich vorantreibt.<\/span><\/li>\n<li style=\"font-weight: 400\"><span style=\"font-weight: 400\">Zudem vergr\u00f6\u00dfern wir unsere Rechtsabteilung weiter, um unsere fortlaufende Datenschutzarbeit bestm\u00f6glich zu unterst\u00fctzen.<\/span><\/li>\n<\/ul>\n<p><span style=\"font-weight: 400\">Wir haben Dutzende von technischen und nicht-technischen Teams gebildet, die sich ausschlie\u00dflich mit dem Thema Datenschutz besch\u00e4ftigen. Wir blicken jetzt in allen Unternehmensbereichen wesentlich kritischer auf die Nutzung von Daten. Das bedeutet: ab dem Moment, in dem Nutzer neue Informationen mit uns teilen, analysieren wir, wie diese erfasst, genutzt, gespeichert und letztendlich gel\u00f6scht werden. \u00dcber ein Risikobewertungsverfahren stellen wir sicher, dass die Daten ordnungsgem\u00e4\u00df verwendet werden. Dar\u00fcber hinaus pr\u00fcfen wir eingehend, wie wir die Daten im gesamten Unternehmen nutzen, sch\u00e4tzen potentielle Risiken ein und ergreifen entsprechende Schutzma\u00dfnahmen. Aktuell arbeiten Tausende unserer Mitarbeiter an diesen datenschutzbezogenen Projekten \u2013 und wir stellen weiter ein.<\/span><\/p>\n<p><span style=\"font-weight: 400\">Die FTC-Vereinbarung hat uns einen wichtigen Impuls gegeben, um unsere Unternehmenskultur zu \u00fcberarbeiten. Wir haben den Onboarding-Prozess angepasst, den jeder neue Facebook-Mitarbeiter durchlaufen muss. Dieses stellt nun sicher, dass alle Mitarbeiter ihre Rolle im Unternehmen aus der Datenschutzperspektive betrachten, dass sie bei der Produktentwicklung von Beginn an den Datenschutz ber\u00fccksichtigen, und dass sie potenzielle Datenschutzrisiken proaktiv identifizieren und angehen. Alle neuen und bestehenden Mitarbeiter sind verpflichtet, eine j\u00e4hrliche Datenschutzschulung zu absolvieren.\u00a0<\/span><\/p>\n<p><b>Eine Orientierungshilfe f\u00fcr mehr Verantwortlichkeit in der gesamten Branche<\/b><\/p>\n<p><span style=\"font-weight: 400\">Die jetzt genehmigte Vereinbarung geht \u00fcber alle Anforderungen nach US-amerikanischem Gesetz hinaus. Wir sind der Auffassung, dass sie als Orientierungshilfe f\u00fcr eine umfassendere Datenschutzregulierung dienen kann \u2013 wie dies in anderen Teilen der Welt bereits geschehen ist. Wir hoffen, dass diese Vereinbarung zu weiteren Fortschritten bei der Erarbeitung einheitlicher Gesetze in den USA und weltweit f\u00fchren wird.\u00a0<\/span><\/p>\n<p><span style=\"font-weight: 400\">Unser Ziel ist es, die Privatsph\u00e4re unserer Nutzer zu sch\u00fctzen. Genau das erwarten die Menschen, die unsere Produkte nutzen. Und wir werden weiter hart daran arbeiten, diesen Erwartungen gerecht zu werden.<\/span><\/p>\n","protected":false},"excerpt":{"rendered":"Am vergangenen Donnerstag hat ein US-Bundesgericht offiziell die Vereinbarung genehmigt, die wir im Juli letzten Jahres mit der amerikanischen Verbraucherschutzbeh\u00f6rde (Federal Trade Commission, FTC) getroffen haben. Damit sind die Untersuchungen der FTC abgeschlossen, die im Zuge der Geschehnisse rund um Cambridge Analytica 2018 eingeleitet worden sind.\u00a0 Wie bereits im vergangenen Jahr angek\u00fcndigt, haben wir uns bereit erkl\u00e4rt, unsere Herangehensweise an den Schutz der Privatsph\u00e4re unserer Nutzer grunds\u00e4tzlich zu \u00fcberarbeiten und ein Bu\u00dfgeld in H\u00f6he von 5 Milliarden US-Dollar zu akzeptieren.\u00a0 In meiner Funktion als Chief Privacy Officer for Product habe ich mich verpflichtet, Facebook dabei zu unterst\u00fctzen, wichtige \u00c4nderungen mit Blick auf die Umsetzung von Datenschutzvorgaben vorzunehmen, . Ein Gro\u00dfteil der Ma\u00dfnahmen, die unter der Vereinbarung anstehen, wurde bereits eingeleitet.\u00a0 Eine neues Niveau an Verantwortlichkeit Im Zuge der Vereinbarung hat Facebook bereits grundlegende \u00c4nderungen vorgenommen. So geht die Art und Weise, wie wir nun die Privatsph\u00e4re der Nutzer sch\u00fctzen, weit \u00fcber alle fr\u00fcheren Ma\u00dfnahmen hinaus. Wir haben unsere Arbeitsweise, die Entwicklung neuer Produkte und Technologien sowie unseren Umgang mit Nutzerdaten grundlegend \u00fcberdacht. Vor allem jedoch schafft die Vereinbarung ein neues Niveau an Verantwortlichkeit und stellt sicher, dass sich jeder einzelne Mitarbeiter bei Facebook f\u00fcr das Thema Datenschutz verantwortlich f\u00fchlt.\u00a0\u00a0\u00a0\u00a0 Nun da die Vereinbarung offiziell genehmigt ist, wird unsere Gesch\u00e4ftsf\u00fchrung, einschlie\u00dflich unseres CEO, der FTC viertelj\u00e4hrlich die Einhaltung der Auflagen bescheinigen. Dar\u00fcber hinaus richten wir ein neues Datenschutz-Gremium in unserem Board of Directors ein und werden mit einem externen, unabh\u00e4ngigen Pr\u00fcfer zusammenarbeiten, der diesem Gremium regelm\u00e4\u00dfig und direkt Bericht zur Einhaltung unseres Datenschutzprogramms erstatten wird. Erzielte Fortschritte\u00a0 Zwar liegt noch viel Arbeit vor uns, jedoch haben wir bereits jetzt unsere unternehmensweiten Datenschutzprozesse wesentlich verbessert. Unser Privatsph\u00e4re-Check wurde aktualisiert und leitet Nutzer nun durch einige der wichtigsten Privatsph\u00e4re-Einstellungen auf Facebook. Zudem haben wir Nutzer weltweit daran erinnert, ihre Privatsph\u00e4re-Einstellungen zu pr\u00fcfen. Das Tool \u201eAktivit\u00e4ten au\u00dferhalb von Facebook\u201c wurde vollst\u00e4ndig ausgerollt: Nutzer k\u00f6nnen jetzt sehen, welche Informationen Unternehmen mit uns teilen, und diese falls gew\u00fcnscht aus ihrem Konto entfernen. Erste Einzelheiten zu unserer Datenschutzmethodologie und zu den Schutzmechanismen, die wir in unsere Produkte integriert haben, wurden bereits in der Serie \u201ePrivacy Matters\u201c ver\u00f6ffentlicht, zum Beispiel zu Facebook Pay. Uns ist klar, dass der Einsatz f\u00fcr die Privatsph\u00e4re unserer Nutzer eine kontinuierliche Verantwortung darstellt, der wir uns jeden Tag stellen m\u00fcssen.\u00a0 Datenschutz wird zur Verantwortung jedes Einzelnen bei Facebook\u00a0 Wir haben eine Reihe unserer erfahrensten F\u00fchrungskr\u00e4fte damit beauftragt, die FTC-Vereinbarung unternehmensweit umzusetzen.\u00a0 Erin Egan, unsere Chief Privacy Officer for Public Policy, stellt sicher, dass das Feedback von Regierungen und Experten weltweit in unsere Richtlinien und Praktiken einflie\u00dft.\u00a0 Vladimir Fedorov, VP of Engineering, leitet das Team, das f\u00fcr Datenschutz bei Produkten und Infrastruktur und somit f\u00fcr alle relevanten \u00c4nderungen an Produkten, Tooling und Infrastruktur verantwortlich ist.\u00a0 Delfina Eberly, VP of Infrastructure, leitet das Managementteam unseres Datenschutzprogramms, das Design, Implementierung und Tests in diesem Bereich vorantreibt. Zudem vergr\u00f6\u00dfern wir unsere Rechtsabteilung weiter, um unsere fortlaufende Datenschutzarbeit bestm\u00f6glich zu unterst\u00fctzen. Wir haben Dutzende von technischen und nicht-technischen Teams gebildet, die sich ausschlie\u00dflich mit dem Thema Datenschutz besch\u00e4ftigen. Wir blicken jetzt in allen Unternehmensbereichen wesentlich kritischer auf die Nutzung von Daten. Das bedeutet: ab dem Moment, in dem Nutzer neue Informationen mit uns teilen, analysieren wir, wie diese erfasst, genutzt, gespeichert und letztendlich gel\u00f6scht werden. \u00dcber ein Risikobewertungsverfahren stellen wir sicher, dass die Daten ordnungsgem\u00e4\u00df verwendet werden. Dar\u00fcber hinaus pr\u00fcfen wir eingehend, wie wir die Daten im gesamten Unternehmen nutzen, sch\u00e4tzen potentielle Risiken ein und ergreifen entsprechende Schutzma\u00dfnahmen. Aktuell arbeiten Tausende unserer Mitarbeiter an diesen datenschutzbezogenen Projekten \u2013 und wir stellen weiter ein. Die FTC-Vereinbarung hat uns einen wichtigen Impuls gegeben, um unsere Unternehmenskultur zu \u00fcberarbeiten. Wir haben den Onboarding-Prozess angepasst, den jeder neue Facebook-Mitarbeiter durchlaufen muss. Dieses stellt nun sicher, dass alle Mitarbeiter ihre Rolle im Unternehmen aus der Datenschutzperspektive betrachten, dass sie bei der Produktentwicklung von Beginn an den Datenschutz ber\u00fccksichtigen, und dass sie potenzielle Datenschutzrisiken proaktiv identifizieren und angehen. Alle neuen und bestehenden Mitarbeiter sind verpflichtet, eine j\u00e4hrliche Datenschutzschulung zu absolvieren.\u00a0 Eine Orientierungshilfe f\u00fcr mehr Verantwortlichkeit in der gesamten Branche Die jetzt genehmigte Vereinbarung geht \u00fcber alle Anforderungen nach US-amerikanischem Gesetz hinaus. Wir sind der Auffassung, dass sie als Orientierungshilfe f\u00fcr eine umfassendere Datenschutzregulierung dienen kann \u2013 wie dies in anderen Teilen der Welt bereits geschehen ist. Wir hoffen, dass diese Vereinbarung zu weiteren Fortschritten bei der Erarbeitung einheitlicher Gesetze in den USA und weltweit f\u00fchren wird.\u00a0 Unser Ziel ist es, die Privatsph\u00e4re unserer Nutzer zu sch\u00fctzen. Genau das erwarten die Menschen, die unsere Produkte nutzen. Und wir werden weiter hart daran arbeiten, diesen Erwartungen gerecht zu werden.","protected":false},"author":116743763,"featured_media":24971,"comment_status":"closed","ping_status":"closed","sticky":false,"template":"","format":"standard","meta":{"_jetpack_memberships_contains_paid_content":false,"footnotes":""},"categories":[555973442,555973258,30697048],"tags":[],"class_list":["post-24969","post","type-post","status-publish","format-standard","has-post-thumbnail","hentry","category-meta","category-sicherheit-und-privatsphaere","category-unternehmensmeldungen"],"yoast_head":"<!-- This site is optimized with the Yoast SEO plugin v27.2 - https:\/\/yoast.com\/product\/yoast-seo-wordpress\/ -->\n<title>Endg\u00fcltige FTC-Vereinbarung bedeutet st\u00e4rkere Verantwortlichkeit im Datenschutz | \u00dcber Meta<\/title>\n<meta name=\"robots\" content=\"index, follow, max-snippet:-1, max-image-preview:large, max-video-preview:-1\" \/>\n<link rel=\"canonical\" href=\"https:\/\/about.fb.com\/de\/news\/2020\/04\/endgueltige-ftc-vereinbarung-bedeutet-staerkere-verantwortlichkeit-im-datenschutz\/\" \/>\n<meta property=\"og:locale\" content=\"de_DE\" \/>\n<meta property=\"og:type\" content=\"article\" \/>\n<meta property=\"og:title\" content=\"Endg\u00fcltige FTC-Vereinbarung bedeutet st\u00e4rkere Verantwortlichkeit im Datenschutz | \u00dcber Meta\" \/>\n<meta property=\"og:description\" content=\"Am vergangenen Donnerstag hat ein US-Bundesgericht offiziell die Vereinbarung genehmigt, die wir im Juli letzten Jahres mit der amerikanischen Verbraucherschutzbeh\u00f6rde (Federal Trade Commission, FTC) getroffen haben. Damit sind die Untersuchungen der FTC abgeschlossen, die im Zuge der Geschehnisse rund um Cambridge Analytica 2018 eingeleitet worden sind.\u00a0 Wie bereits im vergangenen Jahr angek\u00fcndigt, haben wir uns bereit erkl\u00e4rt, unsere Herangehensweise an den Schutz der Privatsph\u00e4re unserer Nutzer grunds\u00e4tzlich zu \u00fcberarbeiten und ein Bu\u00dfgeld in H\u00f6he von 5 Milliarden US-Dollar zu akzeptieren.\u00a0 In meiner Funktion als Chief Privacy Officer for Product habe ich mich verpflichtet, Facebook dabei zu unterst\u00fctzen, wichtige \u00c4nderungen mit Blick auf die Umsetzung von Datenschutzvorgaben vorzunehmen, . Ein Gro\u00dfteil der Ma\u00dfnahmen, die unter der Vereinbarung anstehen, wurde bereits eingeleitet.\u00a0 Eine neues Niveau an Verantwortlichkeit Im Zuge der Vereinbarung hat Facebook bereits grundlegende \u00c4nderungen vorgenommen. So geht die Art und Weise, wie wir nun die Privatsph\u00e4re der Nutzer sch\u00fctzen, weit \u00fcber alle fr\u00fcheren Ma\u00dfnahmen hinaus. Wir haben unsere Arbeitsweise, die Entwicklung neuer Produkte und Technologien sowie unseren Umgang mit Nutzerdaten grundlegend \u00fcberdacht. Vor allem jedoch schafft die Vereinbarung ein neues Niveau an Verantwortlichkeit und stellt sicher, dass sich jeder einzelne Mitarbeiter bei Facebook f\u00fcr das Thema Datenschutz verantwortlich f\u00fchlt.\u00a0\u00a0\u00a0\u00a0 Nun da die Vereinbarung offiziell genehmigt ist, wird unsere Gesch\u00e4ftsf\u00fchrung, einschlie\u00dflich unseres CEO, der FTC viertelj\u00e4hrlich die Einhaltung der Auflagen bescheinigen. Dar\u00fcber hinaus richten wir ein neues Datenschutz-Gremium in unserem Board of Directors ein und werden mit einem externen, unabh\u00e4ngigen Pr\u00fcfer zusammenarbeiten, der diesem Gremium regelm\u00e4\u00dfig und direkt Bericht zur Einhaltung unseres Datenschutzprogramms erstatten wird. Erzielte Fortschritte\u00a0 Zwar liegt noch viel Arbeit vor uns, jedoch haben wir bereits jetzt unsere unternehmensweiten Datenschutzprozesse wesentlich verbessert. Unser Privatsph\u00e4re-Check wurde aktualisiert und leitet Nutzer nun durch einige der wichtigsten Privatsph\u00e4re-Einstellungen auf Facebook. Zudem haben wir Nutzer weltweit daran erinnert, ihre Privatsph\u00e4re-Einstellungen zu pr\u00fcfen. Das Tool \u201eAktivit\u00e4ten au\u00dferhalb von Facebook\u201c wurde vollst\u00e4ndig ausgerollt: Nutzer k\u00f6nnen jetzt sehen, welche Informationen Unternehmen mit uns teilen, und diese falls gew\u00fcnscht aus ihrem Konto entfernen. Erste Einzelheiten zu unserer Datenschutzmethodologie und zu den Schutzmechanismen, die wir in unsere Produkte integriert haben, wurden bereits in der Serie \u201ePrivacy Matters\u201c ver\u00f6ffentlicht, zum Beispiel zu Facebook Pay. Uns ist klar, dass der Einsatz f\u00fcr die Privatsph\u00e4re unserer Nutzer eine kontinuierliche Verantwortung darstellt, der wir uns jeden Tag stellen m\u00fcssen.\u00a0 Datenschutz wird zur Verantwortung jedes Einzelnen bei Facebook\u00a0 Wir haben eine Reihe unserer erfahrensten F\u00fchrungskr\u00e4fte damit beauftragt, die FTC-Vereinbarung unternehmensweit umzusetzen.\u00a0 Erin Egan, unsere Chief Privacy Officer for Public Policy, stellt sicher, dass das Feedback von Regierungen und Experten weltweit in unsere Richtlinien und Praktiken einflie\u00dft.\u00a0 Vladimir Fedorov, VP of Engineering, leitet das Team, das f\u00fcr Datenschutz bei Produkten und Infrastruktur und somit f\u00fcr alle relevanten \u00c4nderungen an Produkten, Tooling und Infrastruktur verantwortlich ist.\u00a0 Delfina Eberly, VP of Infrastructure, leitet das Managementteam unseres Datenschutzprogramms, das Design, Implementierung und Tests in diesem Bereich vorantreibt. Zudem vergr\u00f6\u00dfern wir unsere Rechtsabteilung weiter, um unsere fortlaufende Datenschutzarbeit bestm\u00f6glich zu unterst\u00fctzen. Wir haben Dutzende von technischen und nicht-technischen Teams gebildet, die sich ausschlie\u00dflich mit dem Thema Datenschutz besch\u00e4ftigen. Wir blicken jetzt in allen Unternehmensbereichen wesentlich kritischer auf die Nutzung von Daten. Das bedeutet: ab dem Moment, in dem Nutzer neue Informationen mit uns teilen, analysieren wir, wie diese erfasst, genutzt, gespeichert und letztendlich gel\u00f6scht werden. \u00dcber ein Risikobewertungsverfahren stellen wir sicher, dass die Daten ordnungsgem\u00e4\u00df verwendet werden. Dar\u00fcber hinaus pr\u00fcfen wir eingehend, wie wir die Daten im gesamten Unternehmen nutzen, sch\u00e4tzen potentielle Risiken ein und ergreifen entsprechende Schutzma\u00dfnahmen. Aktuell arbeiten Tausende unserer Mitarbeiter an diesen datenschutzbezogenen Projekten \u2013 und wir stellen weiter ein. Die FTC-Vereinbarung hat uns einen wichtigen Impuls gegeben, um unsere Unternehmenskultur zu \u00fcberarbeiten. Wir haben den Onboarding-Prozess angepasst, den jeder neue Facebook-Mitarbeiter durchlaufen muss. Dieses stellt nun sicher, dass alle Mitarbeiter ihre Rolle im Unternehmen aus der Datenschutzperspektive betrachten, dass sie bei der Produktentwicklung von Beginn an den Datenschutz ber\u00fccksichtigen, und dass sie potenzielle Datenschutzrisiken proaktiv identifizieren und angehen. Alle neuen und bestehenden Mitarbeiter sind verpflichtet, eine j\u00e4hrliche Datenschutzschulung zu absolvieren.\u00a0 Eine Orientierungshilfe f\u00fcr mehr Verantwortlichkeit in der gesamten Branche Die jetzt genehmigte Vereinbarung geht \u00fcber alle Anforderungen nach US-amerikanischem Gesetz hinaus. Wir sind der Auffassung, dass sie als Orientierungshilfe f\u00fcr eine umfassendere Datenschutzregulierung dienen kann \u2013 wie dies in anderen Teilen der Welt bereits geschehen ist. Wir hoffen, dass diese Vereinbarung zu weiteren Fortschritten bei der Erarbeitung einheitlicher Gesetze in den USA und weltweit f\u00fchren wird.\u00a0 Unser Ziel ist es, die Privatsph\u00e4re unserer Nutzer zu sch\u00fctzen. Genau das erwarten die Menschen, die unsere Produkte nutzen. Und wir werden weiter hart daran arbeiten, diesen Erwartungen gerecht zu werden.\" \/>\n<meta property=\"og:url\" content=\"https:\/\/about.fb.com\/de\/news\/2020\/04\/endgueltige-ftc-vereinbarung-bedeutet-staerkere-verantwortlichkeit-im-datenschutz\/\" \/>\n<meta property=\"og:site_name\" content=\"\u00dcber Meta\" \/>\n<meta property=\"article:published_time\" content=\"2020-04-23T16:52:50+00:00\" \/>\n<meta property=\"article:modified_time\" content=\"2020-04-28T17:02:28+00:00\" \/>\n<meta property=\"og:image\" content=\"https:\/\/about.fb.com\/de\/wp-content\/uploads\/sites\/10\/2020\/04\/FTC-Final.png?resize=1024,768\" \/>\n\t<meta property=\"og:image:width\" content=\"1024\" \/>\n\t<meta property=\"og:image:height\" content=\"768\" \/>\n\t<meta property=\"og:image:type\" content=\"image\/png\" \/>\n<meta name=\"author\" content=\"Trilligent\" \/>\n<meta name=\"twitter:card\" content=\"summary_large_image\" \/>\n<meta name=\"twitter:label1\" content=\"Written by\" \/>\n\t<meta name=\"twitter:data1\" content=\"Meta\" \/>\n\t<meta name=\"twitter:label2\" content=\"Est. reading time\" \/>\n\t<meta name=\"twitter:data2\" content=\"4 Minuten\" \/>\n<script type=\"application\/ld+json\" class=\"yoast-schema-graph\">{\"@context\":\"https:\/\/schema.org\",\"@graph\":[{\"@type\":\"Article\",\"@id\":\"https:\/\/about.fb.com\/de\/news\/2020\/04\/endgueltige-ftc-vereinbarung-bedeutet-staerkere-verantwortlichkeit-im-datenschutz\/#article\",\"isPartOf\":{\"@id\":\"https:\/\/about.fb.com\/de\/news\/2020\/04\/endgueltige-ftc-vereinbarung-bedeutet-staerkere-verantwortlichkeit-im-datenschutz\/\"},\"author\":\"Facebook company\",\"headline\":\"Endg\u00fcltige FTC-Vereinbarung bedeutet st\u00e4rkere Verantwortlichkeit im Datenschutz\",\"datePublished\":\"2020-04-23T16:52:50+00:00\",\"dateModified\":\"2020-04-28T17:02:28+00:00\",\"mainEntityOfPage\":{\"@id\":\"https:\/\/about.fb.com\/de\/news\/2020\/04\/endgueltige-ftc-vereinbarung-bedeutet-staerkere-verantwortlichkeit-im-datenschutz\/\"},\"wordCount\":816,\"publisher\":{\"@id\":\"https:\/\/about.fb.com\/de\/#organization\"},\"image\":{\"@id\":\"https:\/\/about.fb.com\/de\/news\/2020\/04\/endgueltige-ftc-vereinbarung-bedeutet-staerkere-verantwortlichkeit-im-datenschutz\/#primaryimage\"},\"thumbnailUrl\":\"https:\/\/about.fb.com\/de\/wp-content\/uploads\/sites\/10\/2020\/04\/FTC-Final.png?fit=1780%2C1335\",\"articleSection\":[\"Meta\",\"Sicherheit und Privatsph\u00e4re\",\"Unternehmensmeldungen\"],\"inLanguage\":\"de-DE\"},{\"@type\":\"WebPage\",\"@id\":\"https:\/\/about.fb.com\/de\/news\/2020\/04\/endgueltige-ftc-vereinbarung-bedeutet-staerkere-verantwortlichkeit-im-datenschutz\/\",\"url\":\"https:\/\/about.fb.com\/de\/news\/2020\/04\/endgueltige-ftc-vereinbarung-bedeutet-staerkere-verantwortlichkeit-im-datenschutz\/\",\"name\":\"Endg\u00fcltige FTC-Vereinbarung bedeutet st\u00e4rkere Verantwortlichkeit im Datenschutz | \u00dcber Meta\",\"isPartOf\":{\"@id\":\"https:\/\/about.fb.com\/de\/#website\"},\"primaryImageOfPage\":{\"@id\":\"https:\/\/about.fb.com\/de\/news\/2020\/04\/endgueltige-ftc-vereinbarung-bedeutet-staerkere-verantwortlichkeit-im-datenschutz\/#primaryimage\"},\"image\":{\"@id\":\"https:\/\/about.fb.com\/de\/news\/2020\/04\/endgueltige-ftc-vereinbarung-bedeutet-staerkere-verantwortlichkeit-im-datenschutz\/#primaryimage\"},\"thumbnailUrl\":\"https:\/\/about.fb.com\/de\/wp-content\/uploads\/sites\/10\/2020\/04\/FTC-Final.png?fit=1780%2C1335\",\"datePublished\":\"2020-04-23T16:52:50+00:00\",\"dateModified\":\"2020-04-28T17:02:28+00:00\",\"breadcrumb\":{\"@id\":\"https:\/\/about.fb.com\/de\/news\/2020\/04\/endgueltige-ftc-vereinbarung-bedeutet-staerkere-verantwortlichkeit-im-datenschutz\/#breadcrumb\"},\"inLanguage\":\"de-DE\",\"potentialAction\":[{\"@type\":\"ReadAction\",\"target\":[\"https:\/\/about.fb.com\/de\/news\/2020\/04\/endgueltige-ftc-vereinbarung-bedeutet-staerkere-verantwortlichkeit-im-datenschutz\/\"]}],\"author\":\"\u00dcber Meta\"},{\"@type\":\"ImageObject\",\"inLanguage\":\"de-DE\",\"@id\":\"https:\/\/about.fb.com\/de\/news\/2020\/04\/endgueltige-ftc-vereinbarung-bedeutet-staerkere-verantwortlichkeit-im-datenschutz\/#primaryimage\",\"url\":\"https:\/\/about.fb.com\/de\/wp-content\/uploads\/sites\/10\/2020\/04\/FTC-Final.png?fit=1780%2C1335\",\"contentUrl\":\"https:\/\/about.fb.com\/de\/wp-content\/uploads\/sites\/10\/2020\/04\/FTC-Final.png?fit=1780%2C1335\",\"width\":1780,\"height\":1335},{\"@type\":\"BreadcrumbList\",\"@id\":\"https:\/\/about.fb.com\/de\/news\/2020\/04\/endgueltige-ftc-vereinbarung-bedeutet-staerkere-verantwortlichkeit-im-datenschutz\/#breadcrumb\",\"itemListElement\":[{\"@type\":\"ListItem\",\"position\":1,\"name\":\"Home\",\"item\":\"https:\/\/about.fb.com\/de\/\"},{\"@type\":\"ListItem\",\"position\":2,\"name\":\"Endg\u00fcltige FTC-Vereinbarung bedeutet st\u00e4rkere Verantwortlichkeit im Datenschutz\"}]},{\"@type\":\"WebSite\",\"@id\":\"https:\/\/about.fb.com\/de\/#website\",\"url\":\"https:\/\/about.fb.com\/news\/\",\"name\":\"\u00dcber Meta\",\"description\":\"\",\"publisher\":{\"@id\":\"https:\/\/about.fb.com\/de\/#organization\"},\"potentialAction\":[{\"@type\":\"SearchAction\",\"target\":{\"@type\":\"EntryPoint\",\"urlTemplate\":\"https:\/\/about.fb.com\/de\/?s={search_term_string}\"},\"query-input\":{\"@type\":\"PropertyValueSpecification\",\"valueRequired\":true,\"valueName\":\"search_term_string\"}}],\"inLanguage\":\"de-DE\",\"alternateName\":[\"Meta Newsroom\",\"Meta\"]},{\"@type\":\"Organization\",\"@id\":\"https:\/\/about.fb.com\/de\/#organization\",\"name\":\"Meta\",\"url\":\"https:\/\/about.fb.com\/de\/\",\"logo\":{\"@type\":\"ImageObject\",\"inLanguage\":\"de-DE\",\"@id\":\"https:\/\/about.fb.com\/de\/#\/schema\/logo\/image\/\",\"url\":\"https:\/\/about.fb.com\/de\/wp-content\/uploads\/sites\/10\/2021\/10\/meta-social-16x9-1.jpg?fit=8000%2C4500\",\"contentUrl\":\"https:\/\/about.fb.com\/de\/wp-content\/uploads\/sites\/10\/2021\/10\/meta-social-16x9-1.jpg?fit=8000%2C4500\",\"width\":8000,\"height\":4500,\"caption\":\"Meta\"},\"image\":{\"@id\":\"https:\/\/about.fb.com\/de\/#\/schema\/logo\/image\/\"}}]}<\/script>\n<!-- \/ Yoast SEO plugin. -->","yoast_head_json":{"title":"Endg\u00fcltige FTC-Vereinbarung bedeutet st\u00e4rkere Verantwortlichkeit im Datenschutz | \u00dcber Meta","robots":{"index":"index","follow":"follow","max-snippet":"max-snippet:-1","max-image-preview":"max-image-preview:large","max-video-preview":"max-video-preview:-1"},"canonical":"https:\/\/about.fb.com\/de\/news\/2020\/04\/endgueltige-ftc-vereinbarung-bedeutet-staerkere-verantwortlichkeit-im-datenschutz\/","og_locale":"de_DE","og_type":"article","og_title":"Endg\u00fcltige FTC-Vereinbarung bedeutet st\u00e4rkere Verantwortlichkeit im Datenschutz | \u00dcber Meta","og_description":"Am vergangenen Donnerstag hat ein US-Bundesgericht offiziell die Vereinbarung genehmigt, die wir im Juli letzten Jahres mit der amerikanischen Verbraucherschutzbeh\u00f6rde (Federal Trade Commission, FTC) getroffen haben. Damit sind die Untersuchungen der FTC abgeschlossen, die im Zuge der Geschehnisse rund um Cambridge Analytica 2018 eingeleitet worden sind.\u00a0 Wie bereits im vergangenen Jahr angek\u00fcndigt, haben wir uns bereit erkl\u00e4rt, unsere Herangehensweise an den Schutz der Privatsph\u00e4re unserer Nutzer grunds\u00e4tzlich zu \u00fcberarbeiten und ein Bu\u00dfgeld in H\u00f6he von 5 Milliarden US-Dollar zu akzeptieren.\u00a0 In meiner Funktion als Chief Privacy Officer for Product habe ich mich verpflichtet, Facebook dabei zu unterst\u00fctzen, wichtige \u00c4nderungen mit Blick auf die Umsetzung von Datenschutzvorgaben vorzunehmen, . Ein Gro\u00dfteil der Ma\u00dfnahmen, die unter der Vereinbarung anstehen, wurde bereits eingeleitet.\u00a0 Eine neues Niveau an Verantwortlichkeit Im Zuge der Vereinbarung hat Facebook bereits grundlegende \u00c4nderungen vorgenommen. So geht die Art und Weise, wie wir nun die Privatsph\u00e4re der Nutzer sch\u00fctzen, weit \u00fcber alle fr\u00fcheren Ma\u00dfnahmen hinaus. Wir haben unsere Arbeitsweise, die Entwicklung neuer Produkte und Technologien sowie unseren Umgang mit Nutzerdaten grundlegend \u00fcberdacht. Vor allem jedoch schafft die Vereinbarung ein neues Niveau an Verantwortlichkeit und stellt sicher, dass sich jeder einzelne Mitarbeiter bei Facebook f\u00fcr das Thema Datenschutz verantwortlich f\u00fchlt.\u00a0\u00a0\u00a0\u00a0 Nun da die Vereinbarung offiziell genehmigt ist, wird unsere Gesch\u00e4ftsf\u00fchrung, einschlie\u00dflich unseres CEO, der FTC viertelj\u00e4hrlich die Einhaltung der Auflagen bescheinigen. Dar\u00fcber hinaus richten wir ein neues Datenschutz-Gremium in unserem Board of Directors ein und werden mit einem externen, unabh\u00e4ngigen Pr\u00fcfer zusammenarbeiten, der diesem Gremium regelm\u00e4\u00dfig und direkt Bericht zur Einhaltung unseres Datenschutzprogramms erstatten wird. Erzielte Fortschritte\u00a0 Zwar liegt noch viel Arbeit vor uns, jedoch haben wir bereits jetzt unsere unternehmensweiten Datenschutzprozesse wesentlich verbessert. Unser Privatsph\u00e4re-Check wurde aktualisiert und leitet Nutzer nun durch einige der wichtigsten Privatsph\u00e4re-Einstellungen auf Facebook. Zudem haben wir Nutzer weltweit daran erinnert, ihre Privatsph\u00e4re-Einstellungen zu pr\u00fcfen. Das Tool \u201eAktivit\u00e4ten au\u00dferhalb von Facebook\u201c wurde vollst\u00e4ndig ausgerollt: Nutzer k\u00f6nnen jetzt sehen, welche Informationen Unternehmen mit uns teilen, und diese falls gew\u00fcnscht aus ihrem Konto entfernen. Erste Einzelheiten zu unserer Datenschutzmethodologie und zu den Schutzmechanismen, die wir in unsere Produkte integriert haben, wurden bereits in der Serie \u201ePrivacy Matters\u201c ver\u00f6ffentlicht, zum Beispiel zu Facebook Pay. Uns ist klar, dass der Einsatz f\u00fcr die Privatsph\u00e4re unserer Nutzer eine kontinuierliche Verantwortung darstellt, der wir uns jeden Tag stellen m\u00fcssen.\u00a0 Datenschutz wird zur Verantwortung jedes Einzelnen bei Facebook\u00a0 Wir haben eine Reihe unserer erfahrensten F\u00fchrungskr\u00e4fte damit beauftragt, die FTC-Vereinbarung unternehmensweit umzusetzen.\u00a0 Erin Egan, unsere Chief Privacy Officer for Public Policy, stellt sicher, dass das Feedback von Regierungen und Experten weltweit in unsere Richtlinien und Praktiken einflie\u00dft.\u00a0 Vladimir Fedorov, VP of Engineering, leitet das Team, das f\u00fcr Datenschutz bei Produkten und Infrastruktur und somit f\u00fcr alle relevanten \u00c4nderungen an Produkten, Tooling und Infrastruktur verantwortlich ist.\u00a0 Delfina Eberly, VP of Infrastructure, leitet das Managementteam unseres Datenschutzprogramms, das Design, Implementierung und Tests in diesem Bereich vorantreibt. Zudem vergr\u00f6\u00dfern wir unsere Rechtsabteilung weiter, um unsere fortlaufende Datenschutzarbeit bestm\u00f6glich zu unterst\u00fctzen. Wir haben Dutzende von technischen und nicht-technischen Teams gebildet, die sich ausschlie\u00dflich mit dem Thema Datenschutz besch\u00e4ftigen. Wir blicken jetzt in allen Unternehmensbereichen wesentlich kritischer auf die Nutzung von Daten. Das bedeutet: ab dem Moment, in dem Nutzer neue Informationen mit uns teilen, analysieren wir, wie diese erfasst, genutzt, gespeichert und letztendlich gel\u00f6scht werden. \u00dcber ein Risikobewertungsverfahren stellen wir sicher, dass die Daten ordnungsgem\u00e4\u00df verwendet werden. Dar\u00fcber hinaus pr\u00fcfen wir eingehend, wie wir die Daten im gesamten Unternehmen nutzen, sch\u00e4tzen potentielle Risiken ein und ergreifen entsprechende Schutzma\u00dfnahmen. Aktuell arbeiten Tausende unserer Mitarbeiter an diesen datenschutzbezogenen Projekten \u2013 und wir stellen weiter ein. Die FTC-Vereinbarung hat uns einen wichtigen Impuls gegeben, um unsere Unternehmenskultur zu \u00fcberarbeiten. Wir haben den Onboarding-Prozess angepasst, den jeder neue Facebook-Mitarbeiter durchlaufen muss. Dieses stellt nun sicher, dass alle Mitarbeiter ihre Rolle im Unternehmen aus der Datenschutzperspektive betrachten, dass sie bei der Produktentwicklung von Beginn an den Datenschutz ber\u00fccksichtigen, und dass sie potenzielle Datenschutzrisiken proaktiv identifizieren und angehen. Alle neuen und bestehenden Mitarbeiter sind verpflichtet, eine j\u00e4hrliche Datenschutzschulung zu absolvieren.\u00a0 Eine Orientierungshilfe f\u00fcr mehr Verantwortlichkeit in der gesamten Branche Die jetzt genehmigte Vereinbarung geht \u00fcber alle Anforderungen nach US-amerikanischem Gesetz hinaus. Wir sind der Auffassung, dass sie als Orientierungshilfe f\u00fcr eine umfassendere Datenschutzregulierung dienen kann \u2013 wie dies in anderen Teilen der Welt bereits geschehen ist. Wir hoffen, dass diese Vereinbarung zu weiteren Fortschritten bei der Erarbeitung einheitlicher Gesetze in den USA und weltweit f\u00fchren wird.\u00a0 Unser Ziel ist es, die Privatsph\u00e4re unserer Nutzer zu sch\u00fctzen. Genau das erwarten die Menschen, die unsere Produkte nutzen. Und wir werden weiter hart daran arbeiten, diesen Erwartungen gerecht zu werden.","og_url":"https:\/\/about.fb.com\/de\/news\/2020\/04\/endgueltige-ftc-vereinbarung-bedeutet-staerkere-verantwortlichkeit-im-datenschutz\/","og_site_name":"\u00dcber Meta","article_published_time":"2020-04-23T16:52:50+00:00","article_modified_time":"2020-04-28T17:02:28+00:00","og_image":[{"width":1024,"height":768,"url":"https:\/\/about.fb.com\/de\/wp-content\/uploads\/sites\/10\/2020\/04\/FTC-Final.png?resize=1024,768","type":"image\/png"}],"author":"Trilligent","twitter_card":"summary_large_image","twitter_misc":{"Written by":"Meta","Est. reading time":"4 Minuten"},"schema":{"@context":"https:\/\/schema.org","@graph":[{"@type":"Article","@id":"https:\/\/about.fb.com\/de\/news\/2020\/04\/endgueltige-ftc-vereinbarung-bedeutet-staerkere-verantwortlichkeit-im-datenschutz\/#article","isPartOf":{"@id":"https:\/\/about.fb.com\/de\/news\/2020\/04\/endgueltige-ftc-vereinbarung-bedeutet-staerkere-verantwortlichkeit-im-datenschutz\/"},"author":"Facebook company","headline":"Endg\u00fcltige FTC-Vereinbarung bedeutet st\u00e4rkere Verantwortlichkeit im Datenschutz","datePublished":"2020-04-23T16:52:50+00:00","dateModified":"2020-04-28T17:02:28+00:00","mainEntityOfPage":{"@id":"https:\/\/about.fb.com\/de\/news\/2020\/04\/endgueltige-ftc-vereinbarung-bedeutet-staerkere-verantwortlichkeit-im-datenschutz\/"},"wordCount":816,"publisher":{"@id":"https:\/\/about.fb.com\/de\/#organization"},"image":{"@id":"https:\/\/about.fb.com\/de\/news\/2020\/04\/endgueltige-ftc-vereinbarung-bedeutet-staerkere-verantwortlichkeit-im-datenschutz\/#primaryimage"},"thumbnailUrl":"https:\/\/about.fb.com\/de\/wp-content\/uploads\/sites\/10\/2020\/04\/FTC-Final.png?fit=1780%2C1335","articleSection":["Meta","Sicherheit und Privatsph\u00e4re","Unternehmensmeldungen"],"inLanguage":"de-DE"},{"@type":"WebPage","@id":"https:\/\/about.fb.com\/de\/news\/2020\/04\/endgueltige-ftc-vereinbarung-bedeutet-staerkere-verantwortlichkeit-im-datenschutz\/","url":"https:\/\/about.fb.com\/de\/news\/2020\/04\/endgueltige-ftc-vereinbarung-bedeutet-staerkere-verantwortlichkeit-im-datenschutz\/","name":"Endg\u00fcltige FTC-Vereinbarung bedeutet st\u00e4rkere Verantwortlichkeit im Datenschutz | \u00dcber Meta","isPartOf":{"@id":"https:\/\/about.fb.com\/de\/#website"},"primaryImageOfPage":{"@id":"https:\/\/about.fb.com\/de\/news\/2020\/04\/endgueltige-ftc-vereinbarung-bedeutet-staerkere-verantwortlichkeit-im-datenschutz\/#primaryimage"},"image":{"@id":"https:\/\/about.fb.com\/de\/news\/2020\/04\/endgueltige-ftc-vereinbarung-bedeutet-staerkere-verantwortlichkeit-im-datenschutz\/#primaryimage"},"thumbnailUrl":"https:\/\/about.fb.com\/de\/wp-content\/uploads\/sites\/10\/2020\/04\/FTC-Final.png?fit=1780%2C1335","datePublished":"2020-04-23T16:52:50+00:00","dateModified":"2020-04-28T17:02:28+00:00","breadcrumb":{"@id":"https:\/\/about.fb.com\/de\/news\/2020\/04\/endgueltige-ftc-vereinbarung-bedeutet-staerkere-verantwortlichkeit-im-datenschutz\/#breadcrumb"},"inLanguage":"de-DE","potentialAction":[{"@type":"ReadAction","target":["https:\/\/about.fb.com\/de\/news\/2020\/04\/endgueltige-ftc-vereinbarung-bedeutet-staerkere-verantwortlichkeit-im-datenschutz\/"]}],"author":"\u00dcber Meta"},{"@type":"ImageObject","inLanguage":"de-DE","@id":"https:\/\/about.fb.com\/de\/news\/2020\/04\/endgueltige-ftc-vereinbarung-bedeutet-staerkere-verantwortlichkeit-im-datenschutz\/#primaryimage","url":"https:\/\/about.fb.com\/de\/wp-content\/uploads\/sites\/10\/2020\/04\/FTC-Final.png?fit=1780%2C1335","contentUrl":"https:\/\/about.fb.com\/de\/wp-content\/uploads\/sites\/10\/2020\/04\/FTC-Final.png?fit=1780%2C1335","width":1780,"height":1335},{"@type":"BreadcrumbList","@id":"https:\/\/about.fb.com\/de\/news\/2020\/04\/endgueltige-ftc-vereinbarung-bedeutet-staerkere-verantwortlichkeit-im-datenschutz\/#breadcrumb","itemListElement":[{"@type":"ListItem","position":1,"name":"Home","item":"https:\/\/about.fb.com\/de\/"},{"@type":"ListItem","position":2,"name":"Endg\u00fcltige FTC-Vereinbarung bedeutet st\u00e4rkere Verantwortlichkeit im Datenschutz"}]},{"@type":"WebSite","@id":"https:\/\/about.fb.com\/de\/#website","url":"https:\/\/about.fb.com\/news\/","name":"\u00dcber Meta","description":"","publisher":{"@id":"https:\/\/about.fb.com\/de\/#organization"},"potentialAction":[{"@type":"SearchAction","target":{"@type":"EntryPoint","urlTemplate":"https:\/\/about.fb.com\/de\/?s={search_term_string}"},"query-input":{"@type":"PropertyValueSpecification","valueRequired":true,"valueName":"search_term_string"}}],"inLanguage":"de-DE","alternateName":["Meta Newsroom","Meta"]},{"@type":"Organization","@id":"https:\/\/about.fb.com\/de\/#organization","name":"Meta","url":"https:\/\/about.fb.com\/de\/","logo":{"@type":"ImageObject","inLanguage":"de-DE","@id":"https:\/\/about.fb.com\/de\/#\/schema\/logo\/image\/","url":"https:\/\/about.fb.com\/de\/wp-content\/uploads\/sites\/10\/2021\/10\/meta-social-16x9-1.jpg?fit=8000%2C4500","contentUrl":"https:\/\/about.fb.com\/de\/wp-content\/uploads\/sites\/10\/2021\/10\/meta-social-16x9-1.jpg?fit=8000%2C4500","width":8000,"height":4500,"caption":"Meta"},"image":{"@id":"https:\/\/about.fb.com\/de\/#\/schema\/logo\/image\/"}}]}},"jetpack_featured_media_url":"https:\/\/about.fb.com\/de\/wp-content\/uploads\/sites\/10\/2020\/04\/FTC-Final.png?fit=1780%2C1335","jetpack-related-posts":[],"jetpack_sharing_enabled":true,"amp_enabled":true,"_links":{"self":[{"href":"https:\/\/about.fb.com\/de\/wp-json\/wp\/v2\/posts\/24969","targetHints":{"allow":["GET"]}}],"collection":[{"href":"https:\/\/about.fb.com\/de\/wp-json\/wp\/v2\/posts"}],"about":[{"href":"https:\/\/about.fb.com\/de\/wp-json\/wp\/v2\/types\/post"}],"author":[{"embeddable":true,"href":"https:\/\/about.fb.com\/de\/wp-json\/wp\/v2\/users\/116743763"}],"replies":[{"embeddable":true,"href":"https:\/\/about.fb.com\/de\/wp-json\/wp\/v2\/comments?post=24969"}],"version-history":[{"count":1,"href":"https:\/\/about.fb.com\/de\/wp-json\/wp\/v2\/posts\/24969\/revisions"}],"predecessor-version":[{"id":24972,"href":"https:\/\/about.fb.com\/de\/wp-json\/wp\/v2\/posts\/24969\/revisions\/24972"}],"wp:featuredmedia":[{"embeddable":true,"href":"https:\/\/about.fb.com\/de\/wp-json\/wp\/v2\/media\/24971"}],"wp:attachment":[{"href":"https:\/\/about.fb.com\/de\/wp-json\/wp\/v2\/media?parent=24969"}],"wp:term":[{"taxonomy":"category","embeddable":true,"href":"https:\/\/about.fb.com\/de\/wp-json\/wp\/v2\/categories?post=24969"},{"taxonomy":"post_tag","embeddable":true,"href":"https:\/\/about.fb.com\/de\/wp-json\/wp\/v2\/tags?post=24969"}],"curies":[{"name":"wp","href":"https:\/\/api.w.org\/{rel}","templated":true}]}}